{"id":436734,"date":"2025-02-27T05:56:46","date_gmt":"2025-02-27T04:56:46","guid":{"rendered":"https:\/\/www.radiopiu.net\/wordpress\/?p=436734"},"modified":"2025-02-27T06:04:51","modified_gmt":"2025-02-27T05:04:51","slug":"dillo-a-radio-piu-parcheggi-a-valcozzena-disagi-persistenti-per-lavoratori-e-residenti","status":"publish","type":"post","link":"https:\/\/www.radiopiu.net\/wordpress\/dillo-a-radio-piu-parcheggi-a-valcozzena-disagi-persistenti-per-lavoratori-e-residenti\/","title":{"rendered":"DILLO A RADIO PIU&#8217; &#8230; Parcheggi a Valcozzena: disagi persistenti per lavoratori e residenti"},"content":{"rendered":"<p>**<\/p>\n<p><strong><img loading=\"lazy\" decoding=\"async\" class=\"alignleft\" src=\"https:\/\/www.radiopiu.net\/wordpress\/wp-content\/uploads\/2024\/03\/LUXOTTICA-PARC.jpg\" width=\"163\" height=\"122\" \/>REDAZIONE<\/strong> Il problema dei parcheggi in localit\u00e0 Valcozzena \u00e8 quotidiano, anche al sabato, da tempo. Sono in fase di realizzazione i nuovi parcheggi che sicuramente aiuteranno. Intanto i problemi si sommano, l&#8217;altro ieri la protesta degli imprenditori delle attivit\u00e0 produttive Non Luxottica della zona, auto parcheggiate ovunque anche ostruendo passi carrabili. Oggi la lettera pervenuta a RADIOPIU e ne approfittiamo anche per riproporvi in audio EL BAL DEL FIOR di Giuliana Da Ronch, senza dubbio un messaggio di riflessione dal Giappone, spunti per affrontare le sfide attuali. (MM)<\/p>\n<div class=\"absolute h-[60px]\">\n<div class=\"flex items-center gap-0.5 text-sm font-medium\"><\/div>\n<\/div>\n<p data-start=\"0\" data-end=\"75\"><span style=\"color: #ff0000;\"><strong>LA LETTERA PERVENUTA A RADIOPIU&#8230;<\/strong><\/span><\/p>\n<p data-start=\"0\" data-end=\"75\"><strong data-start=\"0\" data-end=\"12\">Oggetto:<\/strong> Regolamentazione della sosta e tutela dei lavoratori ad Agordo<\/p>\n<p data-start=\"77\" data-end=\"110\">Gentile Amministrazione Comunale,<\/p>\n<p data-start=\"112\" data-end=\"555\">desideriamo portare alla vostra attenzione la situazione che si \u00e8 venuta a creare nella zona industriale di Agordo, dove numerosi lavoratori hanno ricevuto sanzioni per la sosta dei propri veicoli. Comprendiamo l\u2019importanza di regolamentare il traffico e garantire il rispetto delle norme, ma riteniamo necessario trovare un equilibrio tra l\u2019esigenza di ordine e la tutela di chi ogni giorno contribuisce al benessere economico del territorio.<\/p>\n<p data-start=\"557\" data-end=\"976\">Nella nostra area opera una delle aziende pi\u00f9 grandi d\u2019Italia, e molti lavoratori si trovano a dover affrontare difficolt\u00e0 legate alla carenza di parcheggi adeguati nelle vicinanze. Riteniamo che sia fondamentale considerare soluzioni alternative, affinch\u00e9 il rispetto delle regole non diventi un ostacolo per chi lavora.<\/p>\n<p data-start=\"978\" data-end=\"1247\">Inoltre, auspichiamo che l\u2019attenzione delle istituzioni sia rivolta anche ad altre criticit\u00e0 del territorio, come la sicurezza nelle aree pubbliche e la riqualificazione degli spazi urbani, cos\u00ec da rendere Agordo un luogo sempre pi\u00f9 vivibile per cittadini e lavoratori.<\/p>\n<p data-start=\"1249\" data-end=\"1454\">Siamo certi che l\u2019amministrazione vorr\u00e0 considerare con attenzione queste riflessioni e confidiamo in un dialogo costruttivo per trovare soluzioni che possano conciliare le diverse esigenze della comunit\u00e0.<\/p>\n<p data-start=\"1456\" data-end=\"1515\">In attesa di un vostro riscontro, porgiamo cordiali saluti.<\/p>\n<p data-start=\"1456\" data-end=\"1515\"><span style=\"color: #ff0000;\"><strong>L&#8217;AUDIO DEL GIORNO, DA EL BAL DEL FIOR, DI GIULIANA DA RONCH<br \/>\n<\/strong><\/span><\/p>\n<audio class=\"wp-audio-shortcode\" id=\"audio-436734-1\" preload=\"none\" style=\"width: 100%;\" controls=\"controls\"><source type=\"audio\/mpeg\" src=\"https:\/\/www.radiopiu.net\/wordpress\/wp-content\/uploads\/2025\/02\/GME-3.mp3?_=1\" \/><a href=\"https:\/\/www.radiopiu.net\/wordpress\/wp-content\/uploads\/2025\/02\/GME-3.mp3\">https:\/\/www.radiopiu.net\/wordpress\/wp-content\/uploads\/2025\/02\/GME-3.mp3<\/a><\/audio>\n<p data-start=\"1456\" data-end=\"1515\">\n<p>::::<\/p>\n","protected":false},"excerpt":{"rendered":"<p>** REDAZIONE Il problema dei parcheggi in localit\u00e0 Valcozzena \u00e8 quotidiano, anche al sabato, da tempo. Sono in fase di realizzazione i nuovi parcheggi che sicuramente aiuteranno. Intanto i problemi si sommano, l&#8217;altro ieri la protesta degli imprenditori delle attivit\u00e0 produttive Non Luxottica della zona, auto parcheggiate ovunque anche ostruendo passi carrabili. Oggi la lettera&hellip;<\/p>\n","protected":false},"author":4,"featured_media":380380,"comment_status":"closed","ping_status":"closed","sticky":false,"template":"","format":"standard","meta":{"_monsterinsights_skip_tracking":false,"_monsterinsights_sitenote_active":false,"_monsterinsights_sitenote_note":"","_monsterinsights_sitenote_category":0,"footnotes":""},"categories":[51,49],"tags":[],"class_list":["post-436734","post","type-post","status-publish","format-standard","has-post-thumbnail","hentry","category-evidenza-top","category-news-18","category-51","category-49","description-off"],"img_url":"https:\/\/www.radiopiu.net\/wordpress\/wp-content\/uploads\/2024\/03\/LUXOTTICA-PARC.jpg","_links":{"self":[{"href":"https:\/\/www.radiopiu.net\/wordpress\/wp-json\/wp\/v2\/posts\/436734","targetHints":{"allow":["GET"]}}],"collection":[{"href":"https:\/\/www.radiopiu.net\/wordpress\/wp-json\/wp\/v2\/posts"}],"about":[{"href":"https:\/\/www.radiopiu.net\/wordpress\/wp-json\/wp\/v2\/types\/post"}],"author":[{"embeddable":true,"href":"https:\/\/www.radiopiu.net\/wordpress\/wp-json\/wp\/v2\/users\/4"}],"replies":[{"embeddable":true,"href":"https:\/\/www.radiopiu.net\/wordpress\/wp-json\/wp\/v2\/comments?post=436734"}],"version-history":[{"count":1,"href":"https:\/\/www.radiopiu.net\/wordpress\/wp-json\/wp\/v2\/posts\/436734\/revisions"}],"predecessor-version":[{"id":436735,"href":"https:\/\/www.radiopiu.net\/wordpress\/wp-json\/wp\/v2\/posts\/436734\/revisions\/436735"}],"wp:featuredmedia":[{"embeddable":true,"href":"https:\/\/www.radiopiu.net\/wordpress\/wp-json\/wp\/v2\/media\/380380"}],"wp:attachment":[{"href":"https:\/\/www.radiopiu.net\/wordpress\/wp-json\/wp\/v2\/media?parent=436734"}],"wp:term":[{"taxonomy":"category","embeddable":true,"href":"https:\/\/www.radiopiu.net\/wordpress\/wp-json\/wp\/v2\/categories?post=436734"},{"taxonomy":"post_tag","embeddable":true,"href":"https:\/\/www.radiopiu.net\/wordpress\/wp-json\/wp\/v2\/tags?post=436734"}],"curies":[{"name":"wp","href":"https:\/\/api.w.org\/{rel}","templated":true}]}}