{"id":436768,"date":"2025-02-26T15:36:08","date_gmt":"2025-02-26T14:36:08","guid":{"rendered":"https:\/\/www.radiopiu.net\/wordpress\/?p=436768"},"modified":"2025-02-26T15:36:08","modified_gmt":"2025-02-26T14:36:08","slug":"soccorso-alpino-a-marzo-si-terra-a-cortina-il-58-corso-nazionale-unita-cinofile-da-valanga-del-cnsas","status":"publish","type":"post","link":"https:\/\/www.radiopiu.net\/wordpress\/soccorso-alpino-a-marzo-si-terra-a-cortina-il-58-corso-nazionale-unita-cinofile-da-valanga-del-cnsas\/","title":{"rendered":"SOCCORSO ALPINO: A MARZO SI TERR\u00c0 A CORTINA IL 58\u00b0 CORSO NAZIONALE UNITA&#8217; CINOFILE DA VALANGA DEL CNSAS"},"content":{"rendered":"<p>*******<\/p>\n<p>&nbsp;<\/p>\n<p><strong>BELLUNO <\/strong>Per la prima volta, in 58 anni di attivit\u00e0, il Corso nazionale unit\u00e0 cinofile da valanga del Corpo nazionale soccorso alpino e speleologico si terr\u00e0 sulle montagne del Veneto, ospitato a Cortina d\u2019Ampezzo da sabato 22 a marted\u00ec 25 marzo. Per l\u2019occasione arriveranno dall\u2019intero arco alpino e da diverse regioni italiane i binomi, conduttore e cane, che, seguiti dagli istruttori, parteciperanno alle verifiche di accesso ai brevetti operativi. Tre le classi esaminate: classe A, binomi sulle cui capacit\u00e0 operative si concentrano gli istruttori, che comprende la classe Puppy, con i cuccioli alla prima esperienza di addestramento; classe B, dove il lavoro si sviluppa sull&#8217;interazione del binomio cane &#8211; conduttore rapportato agli scenari operativi; classe BE che comprende i cani abilitati a turnare nelle basi di elisoccorso. Se le condizioni di innevamento lo consentiranno, il luogo scelto per l\u2019allestimento dei campi di prova sar\u00e0 il Col Gallina, altrimenti i campi verranno preparati a Ra Valles. Con l\u2019ausilio della Scuola regionale unit\u00e0 cinofile e del Soccorso alpino di Cortina saranno predisposti gli scenari, nei quali si muoveranno i binomi impegnati nelle dimostrazioni pratiche di soccorso in valanga. Abbiamo il piacere di invitare gli organi di stampa ad assistere all\u2019ultima giornata di attivit\u00e0, marted\u00ec 25, per cui vi faremo avere in seguito le informazioni relative al programma. \u201cSiamo felici di poter ospitare per la prima volta questo evento cos\u00ec importante \u2013 sottolinea il presidente del Soccorso alpino e speleologico Veneto Giuseppe Zandegiacomo Sampogna \u2013 la ricerca dei dispersi in valanga richiede alta specializzazione. Diventa fondamentale il rapporto di reciproca fiducia tra cane e conduttore, che non si limita agli orari di esercitazione e addestramento, ma \u00e8 profondo e quotidiano. Il nostro auspicio \u00e8 che questa manifestazione crei interesse e alimenti l\u2019attenzione di persone che vogliano intraprendere l\u2019iter per diventare unit\u00e0 cinofila. Un\u2019attivit\u00e0 impegnativa e al tempo stesso di grande soddisfazione\u201d\u00a0 Tra gli artefici dell\u2019istituzione della Scuola nazionale unit\u00e0 cinofile da valanga, spiccano Josef Hurton e Fritz Reinstadler<strong>. <\/strong>Prigioniero in un campo di concentramento, poi profugo a Roma e quindi studente di teologia, don Josef arriva dalla Val Pusteria a Solda nel 1960, per sostituire l\u2019allora parroco, don Gottfried Leiter, che aveva perso la vita travolto da una slavina. Don Josef, giovane prete di origine slovacche, nel 1963 entra poi a far parte del Soccorso alpino. Capo della locale Stazione dal 1970 al 2000, \u00e8 a sua volta conduttore di 5 cani da valanga nei lunghi decenni di attivit\u00e0. Don Joseph \u00e8 mancato il 10 ottobre del 2023 all&#8217;et\u00e0 di 95 anni. Dopo che il 29 gennaio del 1960 l\u2019enorme valanga scesa dalle falde dell\u2019Ortles lo aveva trascinato via mentre stava tornando verso casa, il corpo di don Gottfried era stato cercato senza tregua per giorni, purtroppo invano. Il 20 aprile di quell\u2019anno Fritz Reinstadler, allora capostazione e guida alpina, sta lavorando nelle vicinanze della valanga, ma viene distratto dai movimenti di Mohrele, il suo piccolo meticcio, che si allontana, poi torna quando \u00e8 richiamato, per ripartire nuovamente e fermarsi sempre nello stesso punto di accumulo della slavina. Sar\u00e0 proprio in quel punto che i successivi sondaggi individueranno, sepolto sotto mezzo metro di neve, il corpo di don Gottfried. Il fiuto di Mohrele era riuscito dove i tanti sforzi dei volontari non ce l\u2019avevano fatta. Dall\u2019intuizione del grande potenziale dei cani da impegnare nelle ricerche, nascer\u00e0 di conseguenza la Scuola nazionale unit\u00e0 cinofile da valanga. Nel 1966 prender\u00e0 avvio il primo corso nazionale.<\/p>\n\n\t\t\t<style type='text\/css'>\n\t\t\t\t#gallery-1 {\n\t\t\t\t\tmargin: auto;\n\t\t\t\t}\n\t\t\t\t#gallery-1 .gallery-item {\n\t\t\t\t\tfloat: left;\n\t\t\t\t\tmargin-top: 10px;\n\t\t\t\t\ttext-align: center;\n\t\t\t\t\twidth: 25%;\n\t\t\t\t}\n\t\t\t\t#gallery-1 img {\n\t\t\t\t\tborder: 2px solid #cfcfcf;\n\t\t\t\t}\n\t\t\t\t#gallery-1 .gallery-caption {\n\t\t\t\t\tmargin-left: 0;\n\t\t\t\t}\n\t\t\t\t\/* see gallery_shortcode() in wp-includes\/media.php *\/\n\t\t\t<\/style>\n\t\t<div id='gallery-1' class='dt-gallery-container gallery galleryid-436768 gallery-columns-4 gallery-size-thumbnail'><dl class='gallery-item'>\n\t\t\t\t<dt class='gallery-icon landscape'>\n\t\t\t\t\t<a class=\"rollover rollover-zoom dt-pswp-item\" title=\"IMG-20250226-WA0011\" data-dt-img-description=\"\" data-large_image_width=\"782\" data-large_image_height=\"428\"href='https:\/\/www.radiopiu.net\/wordpress\/wp-content\/uploads\/2025\/02\/IMG-20250226-WA0011.jpg'><img loading=\"lazy\" decoding=\"async\" width=\"150\" height=\"150\" src=\"https:\/\/www.radiopiu.net\/wordpress\/wp-content\/uploads\/2025\/02\/IMG-20250226-WA0011-150x150.jpg\" class=\"attachment-thumbnail size-thumbnail\" alt=\"\" \/><\/a>\n\t\t\t\t<\/dt><\/dl><dl class='gallery-item'>\n\t\t\t\t<dt class='gallery-icon landscape'>\n\t\t\t\t\t<a class=\"rollover rollover-zoom dt-pswp-item\" title=\"IMG-20250226-WA0007\" data-dt-img-description=\"\" data-large_image_width=\"1363\" data-large_image_height=\"900\"href='https:\/\/www.radiopiu.net\/wordpress\/wp-content\/uploads\/2025\/02\/IMG-20250226-WA0007.jpg'><img loading=\"lazy\" decoding=\"async\" width=\"150\" height=\"150\" src=\"https:\/\/www.radiopiu.net\/wordpress\/wp-content\/uploads\/2025\/02\/IMG-20250226-WA0007-150x150.jpg\" class=\"attachment-thumbnail size-thumbnail\" alt=\"\" \/><\/a>\n\t\t\t\t<\/dt><\/dl><dl class='gallery-item'>\n\t\t\t\t<dt class='gallery-icon portrait'>\n\t\t\t\t\t<a class=\"rollover rollover-zoom dt-pswp-item\" title=\"IMG-20250226-WA0008\" data-dt-img-description=\"\" data-large_image_width=\"1070\" data-large_image_height=\"1160\"href='https:\/\/www.radiopiu.net\/wordpress\/wp-content\/uploads\/2025\/02\/IMG-20250226-WA0008.jpg'><img loading=\"lazy\" decoding=\"async\" width=\"150\" height=\"150\" src=\"https:\/\/www.radiopiu.net\/wordpress\/wp-content\/uploads\/2025\/02\/IMG-20250226-WA0008-150x150.jpg\" class=\"attachment-thumbnail size-thumbnail\" alt=\"\" \/><\/a>\n\t\t\t\t<\/dt><\/dl><dl class='gallery-item'>\n\t\t\t\t<dt class='gallery-icon landscape'>\n\t\t\t\t\t<a class=\"rollover rollover-zoom dt-pswp-item\" title=\"IMG-20250226-WA0010\" data-dt-img-description=\"\" data-large_image_width=\"1162\" data-large_image_height=\"916\"href='https:\/\/www.radiopiu.net\/wordpress\/wp-content\/uploads\/2025\/02\/IMG-20250226-WA0010.jpg'><img loading=\"lazy\" decoding=\"async\" width=\"150\" height=\"150\" src=\"https:\/\/www.radiopiu.net\/wordpress\/wp-content\/uploads\/2025\/02\/IMG-20250226-WA0010-150x150.jpg\" class=\"attachment-thumbnail size-thumbnail\" alt=\"\" \/><\/a>\n\t\t\t\t<\/dt><\/dl><br style=\"clear: both\" \/><dl class='gallery-item'>\n\t\t\t\t<dt class='gallery-icon landscape'>\n\t\t\t\t\t<a class=\"rollover rollover-zoom dt-pswp-item\" title=\"IMG-20250226-WA0012\" data-dt-img-description=\"\" data-large_image_width=\"1138\" data-large_image_height=\"900\"href='https:\/\/www.radiopiu.net\/wordpress\/wp-content\/uploads\/2025\/02\/IMG-20250226-WA0012.jpg'><img loading=\"lazy\" decoding=\"async\" width=\"150\" height=\"150\" src=\"https:\/\/www.radiopiu.net\/wordpress\/wp-content\/uploads\/2025\/02\/IMG-20250226-WA0012-150x150.jpg\" class=\"attachment-thumbnail size-thumbnail\" alt=\"\" \/><\/a>\n\t\t\t\t<\/dt><\/dl><dl class='gallery-item'>\n\t\t\t\t<dt class='gallery-icon landscape'>\n\t\t\t\t\t<a class=\"rollover rollover-zoom dt-pswp-item\" title=\"IMG-20250226-WA0006\" data-dt-img-description=\"\" data-large_image_width=\"1212\" data-large_image_height=\"900\"href='https:\/\/www.radiopiu.net\/wordpress\/wp-content\/uploads\/2025\/02\/IMG-20250226-WA0006.jpg'><img loading=\"lazy\" decoding=\"async\" width=\"150\" height=\"150\" src=\"https:\/\/www.radiopiu.net\/wordpress\/wp-content\/uploads\/2025\/02\/IMG-20250226-WA0006-150x150.jpg\" class=\"attachment-thumbnail size-thumbnail\" alt=\"\" \/><\/a>\n\t\t\t\t<\/dt><\/dl><dl class='gallery-item'>\n\t\t\t\t<dt class='gallery-icon landscape'>\n\t\t\t\t\t<a class=\"rollover rollover-zoom dt-pswp-item\" title=\"IMG-20250226-WA0009\" data-dt-img-description=\"\" data-large_image_width=\"1024\" data-large_image_height=\"682\"href='https:\/\/www.radiopiu.net\/wordpress\/wp-content\/uploads\/2025\/02\/IMG-20250226-WA0009.jpg'><img loading=\"lazy\" decoding=\"async\" width=\"150\" height=\"150\" src=\"https:\/\/www.radiopiu.net\/wordpress\/wp-content\/uploads\/2025\/02\/IMG-20250226-WA0009-150x150.jpg\" class=\"attachment-thumbnail size-thumbnail\" alt=\"\" \/><\/a>\n\t\t\t\t<\/dt><\/dl>\n\t\t\t\t<br style='clear: both' \/>\n\t\t\t<\/div>\n\n<p>&nbsp;<\/p>\n<p>&nbsp;<\/p>\n<p>&nbsp;<\/p>\n<p>*********<\/p>\n","protected":false},"excerpt":{"rendered":"<p>******* &nbsp; BELLUNO Per la prima volta, in 58 anni di attivit\u00e0, il Corso nazionale unit\u00e0 cinofile da valanga del Corpo nazionale soccorso alpino e speleologico si terr\u00e0 sulle montagne del Veneto, ospitato a Cortina d\u2019Ampezzo da sabato 22 a marted\u00ec 25 marzo. Per l\u2019occasione arriveranno dall\u2019intero arco alpino e da diverse regioni italiane i&hellip;<\/p>\n","protected":false},"author":4,"featured_media":436775,"comment_status":"closed","ping_status":"closed","sticky":false,"template":"","format":"standard","meta":{"_monsterinsights_skip_tracking":false,"_monsterinsights_sitenote_active":false,"_monsterinsights_sitenote_note":"","_monsterinsights_sitenote_category":0,"footnotes":""},"categories":[49],"tags":[],"class_list":["post-436768","post","type-post","status-publish","format-standard","has-post-thumbnail","hentry","category-news-18","category-49","description-off"],"img_url":"https:\/\/www.radiopiu.net\/wordpress\/wp-content\/uploads\/2025\/02\/IMG-20250226-WA0009.jpg","_links":{"self":[{"href":"https:\/\/www.radiopiu.net\/wordpress\/wp-json\/wp\/v2\/posts\/436768","targetHints":{"allow":["GET"]}}],"collection":[{"href":"https:\/\/www.radiopiu.net\/wordpress\/wp-json\/wp\/v2\/posts"}],"about":[{"href":"https:\/\/www.radiopiu.net\/wordpress\/wp-json\/wp\/v2\/types\/post"}],"author":[{"embeddable":true,"href":"https:\/\/www.radiopiu.net\/wordpress\/wp-json\/wp\/v2\/users\/4"}],"replies":[{"embeddable":true,"href":"https:\/\/www.radiopiu.net\/wordpress\/wp-json\/wp\/v2\/comments?post=436768"}],"version-history":[{"count":1,"href":"https:\/\/www.radiopiu.net\/wordpress\/wp-json\/wp\/v2\/posts\/436768\/revisions"}],"predecessor-version":[{"id":436776,"href":"https:\/\/www.radiopiu.net\/wordpress\/wp-json\/wp\/v2\/posts\/436768\/revisions\/436776"}],"wp:featuredmedia":[{"embeddable":true,"href":"https:\/\/www.radiopiu.net\/wordpress\/wp-json\/wp\/v2\/media\/436775"}],"wp:attachment":[{"href":"https:\/\/www.radiopiu.net\/wordpress\/wp-json\/wp\/v2\/media?parent=436768"}],"wp:term":[{"taxonomy":"category","embeddable":true,"href":"https:\/\/www.radiopiu.net\/wordpress\/wp-json\/wp\/v2\/categories?post=436768"},{"taxonomy":"post_tag","embeddable":true,"href":"https:\/\/www.radiopiu.net\/wordpress\/wp-json\/wp\/v2\/tags?post=436768"}],"curies":[{"name":"wp","href":"https:\/\/api.w.org\/{rel}","templated":true}]}}