{"id":436798,"date":"2025-02-27T05:54:37","date_gmt":"2025-02-27T04:54:37","guid":{"rendered":"https:\/\/www.radiopiu.net\/wordpress\/?p=436798"},"modified":"2025-02-27T06:05:21","modified_gmt":"2025-02-27T05:05:21","slug":"galleria-comelico-incontro-in-prefettura-sul-piano-dei-lavori","status":"publish","type":"post","link":"https:\/\/www.radiopiu.net\/wordpress\/galleria-comelico-incontro-in-prefettura-sul-piano-dei-lavori\/","title":{"rendered":"GALLERIA COMELICO: INCONTRO IN PREFETTURA SUL PIANO DEI LAVORI. CHIUSURA PER TRE GIORNI"},"content":{"rendered":"<p>******<\/p>\n<p>&nbsp;<\/p>\n<p><strong><a class=\"dt-pswp-item\" href=\"https:\/\/www.radiopiu.net\/wordpress\/wp-content\/uploads\/2021\/02\/galleria-comelico.jpg\" data-dt-img-description=\"\" data-large_image_width=\"500\" data-large_image_height=\"594\"><img loading=\"lazy\" decoding=\"async\" class=\" wp-image-192243 alignleft\" src=\"https:\/\/www.radiopiu.net\/wordpress\/wp-content\/uploads\/2021\/02\/galleria-comelico-253x300.jpg\" alt=\"\" width=\"173\" height=\"205\" srcset=\"https:\/\/www.radiopiu.net\/wordpress\/wp-content\/uploads\/2021\/02\/galleria-comelico-253x300.jpg 253w, https:\/\/www.radiopiu.net\/wordpress\/wp-content\/uploads\/2021\/02\/galleria-comelico.jpg 500w\" sizes=\"auto, (max-width: 173px) 100vw, 173px\" \/><\/a>BELLUNO <\/strong>Anas (Gruppo FS Italiane) ha partecipato oggi all\u2019incontro, promosso dal Prefetto di Belluno, Antonello Roccoberton, in merito ai lavori di manutenzione programmata in corso della galleria \u201cComelico\u201d, lungo la strada statale 52 \u201cCarnica\u201d, tra Auronzo e Santo Stefano di Cadore (BL), alla presenza dei\u00a0Sindaci\u00a0di\u00a0Auronzo\u200b di Cadore,\u00a0Calalzo di Cadore Comelico Superiore, Danta di Cadore, San Nicol\u00f2 Comelico, San Pietro di Cadore e Santo Stefano di Cadore e da tutti gli enti preposti alla sicurezza e al soccorso tecnico urgente. Durante la riunione si \u00e8 parlato dei lavori in corso presso la galleria \u2018Comelico\u2019 avviati il 2 settembre dello scorso anno, che procedono nel rispetto del cronoprogramma e che, in questa prima macrofase vengono svolti con la sola chiusura notturna del tunnel, dalle ore 22:00 alle 6:00 del mattino successivo da luned\u00ec al venerd\u00ec. In questa fase dei lavori si rende necessario avviare le lavorazioni di rimozione di un soppalco, fissato alla calotta, contenente la strumentazione tecnologica posta all\u2019interno della galleria. Tali attivit\u00e0 per poter essere eseguite in sicurezza dovranno essere svolte in totale assenza di traffico e senza interruzioni, pertanto \u00e8 necessario programmare la chiusura temporanea totale al traffico per tre giorni consecutivi, inizialmente programmati da venerd\u00ec 28 febbraio a domenica 2 marzo. Come convenuto nel corso della riunione, al fine di creare il minor disagio ai flussi di traffico attesi per gli eventi locali programmati durante il prossimo week-end, \u00e8 stato concordato con i Sindaci del territorio di eseguire suddette attivit\u00e0 il week-end successivo. Pertanto, la chiusura temporanea della galleria Comelico, sia in orario diurno che notturno, sar\u00e0 attiva da venerd\u00ec 7 a domenica 9 marzo. Nel dettaglio dalle ore 22:00 di gioved\u00ec 6 marzo alle ore 6 del mattino successivo la galleria sar\u00e0 aperta al transito ai soli mezzi di soccorso ed emergenza e dalle ore 6:00 di venerd\u00ec 7 la galleria sar\u00e0 chiusa completamente al transito fino alla prima mattina di luned\u00ec. A partire dalle ore 6:00 del 10 marzo si riaprir\u00e0 la galleria al transito, attuando la cantierizzazione fino ad ora effettuata: transito sempre consentito in orario diurno e chiusura notturna dalle ore 22:00 alle ore 6:00 nelle notti dal luned\u00ec al venerd\u00ec incluse. Durante queste tre giornate oltre alle attivit\u00e0 di demolizione sopra descritte, si proseguir\u00e0 anche con le altre lavorazioni all\u2019interno della galleria in modo da trarre il maggior vantaggio possibile dalla chiusura totale al traffico temporanea. A ridosso della chiusura temporanea si dar\u00e0 ampia comunicazione all\u2019utenza delle modifiche e dei percorsi alternativi predisposti sia per i mezzi leggeri che per i mezzi pesanti.<\/p>\n<blockquote><p>L\u2019intervento in galleria \u2018Comelico\u2019, per un investimento complessivo di circa 100 milioni di euro, riguarda sia il consolidamento strutturale dell\u2019opera che l\u2019ammodernamento degli impianti tecnologici e di sicurezza. In particolare, per la parte strutturale saranno realizzati il consolidamento della volta, il nuovo rivestimento definitivo di tutta l\u2019infrastruttura e l\u2019arco rovescio per circa un chilometro di tracciato. Per la parte impiantistica sar\u00e0 eseguito il rifacimento degli impianti di ventilazione, illuminazione, videosorveglianza, SOS e antincendio secondo gli standard pi\u00f9 recenti. Inoltre, sar\u00e0 realizzato un nuovo sistema di raccolta delle acque di piattaforma per il drenaggio dei liquidi infiammabili e tossici in caso di sversamento.<\/p><\/blockquote>\n<p>&nbsp;<\/p>\n<p>&nbsp;<\/p>\n<p>**********<\/p>\n","protected":false},"excerpt":{"rendered":"<p>****** &nbsp; BELLUNO Anas (Gruppo FS Italiane) ha partecipato oggi all\u2019incontro, promosso dal Prefetto di Belluno, Antonello Roccoberton, in merito ai lavori di manutenzione programmata in corso della galleria \u201cComelico\u201d, lungo la strada statale 52 \u201cCarnica\u201d, tra Auronzo e Santo Stefano di Cadore (BL), alla presenza dei\u00a0Sindaci\u00a0di\u00a0Auronzo\u200b di Cadore,\u00a0Calalzo di Cadore Comelico Superiore, Danta di&hellip;<\/p>\n","protected":false},"author":4,"featured_media":192243,"comment_status":"closed","ping_status":"closed","sticky":false,"template":"","format":"standard","meta":{"_monsterinsights_skip_tracking":false,"_monsterinsights_sitenote_active":false,"_monsterinsights_sitenote_note":"","_monsterinsights_sitenote_category":0,"footnotes":""},"categories":[51,49],"tags":[],"class_list":["post-436798","post","type-post","status-publish","format-standard","has-post-thumbnail","hentry","category-evidenza-top","category-news-18","category-51","category-49","description-off"],"img_url":"https:\/\/www.radiopiu.net\/wordpress\/wp-content\/uploads\/2021\/02\/galleria-comelico.jpg","_links":{"self":[{"href":"https:\/\/www.radiopiu.net\/wordpress\/wp-json\/wp\/v2\/posts\/436798","targetHints":{"allow":["GET"]}}],"collection":[{"href":"https:\/\/www.radiopiu.net\/wordpress\/wp-json\/wp\/v2\/posts"}],"about":[{"href":"https:\/\/www.radiopiu.net\/wordpress\/wp-json\/wp\/v2\/types\/post"}],"author":[{"embeddable":true,"href":"https:\/\/www.radiopiu.net\/wordpress\/wp-json\/wp\/v2\/users\/4"}],"replies":[{"embeddable":true,"href":"https:\/\/www.radiopiu.net\/wordpress\/wp-json\/wp\/v2\/comments?post=436798"}],"version-history":[{"count":4,"href":"https:\/\/www.radiopiu.net\/wordpress\/wp-json\/wp\/v2\/posts\/436798\/revisions"}],"predecessor-version":[{"id":436843,"href":"https:\/\/www.radiopiu.net\/wordpress\/wp-json\/wp\/v2\/posts\/436798\/revisions\/436843"}],"wp:featuredmedia":[{"embeddable":true,"href":"https:\/\/www.radiopiu.net\/wordpress\/wp-json\/wp\/v2\/media\/192243"}],"wp:attachment":[{"href":"https:\/\/www.radiopiu.net\/wordpress\/wp-json\/wp\/v2\/media?parent=436798"}],"wp:term":[{"taxonomy":"category","embeddable":true,"href":"https:\/\/www.radiopiu.net\/wordpress\/wp-json\/wp\/v2\/categories?post=436798"},{"taxonomy":"post_tag","embeddable":true,"href":"https:\/\/www.radiopiu.net\/wordpress\/wp-json\/wp\/v2\/tags?post=436798"}],"curies":[{"name":"wp","href":"https:\/\/api.w.org\/{rel}","templated":true}]}}