{"id":436865,"date":"2025-02-28T06:00:44","date_gmt":"2025-02-28T05:00:44","guid":{"rendered":"https:\/\/www.radiopiu.net\/wordpress\/?p=436865"},"modified":"2025-02-28T09:01:20","modified_gmt":"2025-02-28T08:01:20","slug":"giornale-radiopiu-28-febbraio-2025-direttore-mirko-mezzacasada-41-anni-25-giugno-1983-25-giugno-2024","status":"publish","type":"post","link":"https:\/\/www.radiopiu.net\/wordpress\/giornale-radiopiu-28-febbraio-2025-direttore-mirko-mezzacasada-41-anni-25-giugno-1983-25-giugno-2024\/","title":{"rendered":"GIORNALE RADIOPIU 28 FEBBRAIO 2025 DIRETTORE MIRKO MEZZACASA\u2026DA 41 ANNI 25 GIUGNO 1983-25 GIUGNO 2024"},"content":{"rendered":"<p>********<\/p>\n<p>&nbsp;<\/p>\n<p><em><span style=\"color: #ff0000;\"><a class=\"dt-pswp-item\" href=\"https:\/\/www.radiopiu.net\/wordpress\/wp-content\/uploads\/2024\/10\/Senza-nome-8.png\" data-dt-img-description=\"\" data-large_image_width=\"343\" data-large_image_height=\"303\"><img loading=\"lazy\" decoding=\"async\" class=\"wp-image-412130 alignleft\" src=\"https:\/\/www.radiopiu.net\/wordpress\/wp-content\/uploads\/2024\/10\/Senza-nome-8-300x265.png\" alt=\"\" width=\"105\" height=\"93\" srcset=\"https:\/\/www.radiopiu.net\/wordpress\/wp-content\/uploads\/2024\/10\/Senza-nome-8-300x265.png 300w, https:\/\/www.radiopiu.net\/wordpress\/wp-content\/uploads\/2024\/10\/Senza-nome-8.png 343w\" sizes=\"auto, (max-width: 105px) 100vw, 105px\" \/><\/a><\/span><\/em><strong><em><span style=\"color: #ff0000;\"> LA\u00a0 APP PER IOS-IPHONE di Nicola Vettorello<\/span><\/em><\/strong><\/p>\n<p><strong><span style=\"color: #0000ff;\"><a style=\"color: #0000ff;\" href=\"https:\/\/apps.apple.com\/it\/app\/radio-pi%C3%B9-emittente-agordina\/id1515939845\">https:\/\/apps.apple.com\/it\/app\/radio-pi%C3%B9-emittente-agordina\/id1515939845<\/a><\/span><\/strong><\/p>\n<p><strong><em style=\"color: #ff0000;\">LA\u00a0 APP RADIO\u00a0 PER ANDROID di Nicola Vettorello<\/em><\/strong><\/p>\n<p><strong><span style=\"color: #0000ff;\"><a style=\"color: #0000ff;\" href=\"https:\/\/play.google.com\/store\/apps\/details?id=net.radiopiu.iniko\" target=\"_blank\" rel=\"noopener noreferrer\">https:\/\/<\/a><a style=\"color: #0000ff;\" href=\"https:\/\/play.google.com\/store\/apps\/details?id=net.radiopiu.iniko\" target=\"_blank\" rel=\"noopener noreferrer\">play.google.com\/store\/apps\/details?id=net.radiopiu.iniko\u00a0\u00a0\u00a0\u00a0<\/a><\/span><\/strong><\/p>\n<p>&nbsp;<\/p>\n<h1 style=\"text-align: center;\"><strong>DALL&#8217;ARGENTINA&#8230; PIERALDO VIGNAZIA &#8220;VIP&#8221;\u00a0<\/strong><\/h1>\n<p>&nbsp;<\/p>\n<p><a class=\"dt-pswp-item\" href=\"https:\/\/www.radiopiu.net\/wordpress\/wp-content\/uploads\/2025\/02\/2ceb7b8d-3e7e-4214-84b0-6d13c6ce18ee.jpg\" data-dt-img-description=\"\" data-large_image_width=\"591\" data-large_image_height=\"591\"><img loading=\"lazy\" decoding=\"async\" class=\"size-medium wp-image-437072 aligncenter\" src=\"https:\/\/www.radiopiu.net\/wordpress\/wp-content\/uploads\/2025\/02\/2ceb7b8d-3e7e-4214-84b0-6d13c6ce18ee-300x300.jpg\" alt=\"\" width=\"300\" height=\"300\" srcset=\"https:\/\/www.radiopiu.net\/wordpress\/wp-content\/uploads\/2025\/02\/2ceb7b8d-3e7e-4214-84b0-6d13c6ce18ee-300x300.jpg 300w, https:\/\/www.radiopiu.net\/wordpress\/wp-content\/uploads\/2025\/02\/2ceb7b8d-3e7e-4214-84b0-6d13c6ce18ee-150x150.jpg 150w, https:\/\/www.radiopiu.net\/wordpress\/wp-content\/uploads\/2025\/02\/2ceb7b8d-3e7e-4214-84b0-6d13c6ce18ee.jpg 591w\" sizes=\"auto, (max-width: 300px) 100vw, 300px\" \/><\/a><\/p>\n<blockquote>\n<h3 style=\"text-align: center;\">E LA FOTO DI TIZIANO DE COL, LA VALLE_PASSO DURAN<\/h3>\n<h3 style=\"text-align: center;\"><a class=\"dt-pswp-item\" href=\"https:\/\/www.radiopiu.net\/wordpress\/wp-content\/uploads\/2025\/02\/b063b5b4-8592-4b2a-97c1-6a0381d6e811.jpg\" data-dt-img-description=\"\" data-large_image_width=\"2000\" data-large_image_height=\"1500\"><img loading=\"lazy\" decoding=\"async\" class=\"size-medium wp-image-437073 aligncenter\" src=\"https:\/\/www.radiopiu.net\/wordpress\/wp-content\/uploads\/2025\/02\/b063b5b4-8592-4b2a-97c1-6a0381d6e811-300x225.jpg\" alt=\"\" width=\"300\" height=\"225\" srcset=\"https:\/\/www.radiopiu.net\/wordpress\/wp-content\/uploads\/2025\/02\/b063b5b4-8592-4b2a-97c1-6a0381d6e811-300x225.jpg 300w, https:\/\/www.radiopiu.net\/wordpress\/wp-content\/uploads\/2025\/02\/b063b5b4-8592-4b2a-97c1-6a0381d6e811-1024x768.jpg 1024w, https:\/\/www.radiopiu.net\/wordpress\/wp-content\/uploads\/2025\/02\/b063b5b4-8592-4b2a-97c1-6a0381d6e811-768x576.jpg 768w, https:\/\/www.radiopiu.net\/wordpress\/wp-content\/uploads\/2025\/02\/b063b5b4-8592-4b2a-97c1-6a0381d6e811-1536x1152.jpg 1536w, https:\/\/www.radiopiu.net\/wordpress\/wp-content\/uploads\/2025\/02\/b063b5b4-8592-4b2a-97c1-6a0381d6e811.jpg 2000w\" sizes=\"auto, (max-width: 300px) 100vw, 300px\" \/><\/a><\/h3>\n<\/blockquote>\n<p>&nbsp;<\/p>\n<hr \/>\n<p>&nbsp;<\/p>\n<p><span style=\"color: #ff0000;\"><strong>OGGI ALLA RADIO:\u00a0\u00a0<\/strong><\/span><\/p>\n<p><strong><span style=\"color: #ff0000;\"><a class=\"dt-pswp-item\" href=\"https:\/\/www.radiopiu.net\/wordpress\/wp-content\/uploads\/2025\/02\/Senza-nome-91.png\" data-dt-img-description=\"\" data-large_image_width=\"516\" data-large_image_height=\"730\"><img loading=\"lazy\" decoding=\"async\" class=\"size-medium wp-image-437080 alignleft\" src=\"https:\/\/www.radiopiu.net\/wordpress\/wp-content\/uploads\/2025\/02\/Senza-nome-91-212x300.png\" alt=\"\" width=\"212\" height=\"300\" srcset=\"https:\/\/www.radiopiu.net\/wordpress\/wp-content\/uploads\/2025\/02\/Senza-nome-91-212x300.png 212w, https:\/\/www.radiopiu.net\/wordpress\/wp-content\/uploads\/2025\/02\/Senza-nome-91.png 516w\" sizes=\"auto, (max-width: 212px) 100vw, 212px\" \/><\/a><\/span>rassegna stampa nazionale,<\/strong> ogni giorno alle 5 e alle 6 del mattino. giornali locali 7 rassegna stampa flash, 8 rassegna stampa, gr flash alle 10 e alle 11, principale 12.30. Informazione pomeriggio ogni ora fino alle 20, in coda ai notiziari nazionali. Giornale radio nazionale: ogni ora dalle 4 del mattino, alle 20 della sera. Alle 19 le anticipazioni dal TG di Antenna 3 di Tiziana Bolognani.<\/p>\n<p>&nbsp;<\/p>\n<p><span style=\"color: #0000ff;\"><strong>OGGI ALLE<\/strong>\u00a0<\/span> \u00a0<strong>9.00 premier le novit\u00e0 musicali di marco gaz e alle 9.40 la musica anni ottanta di monica fontanive<\/strong>\u00a0<strong>10.10<\/strong>\u00a0 MUSLA, LE NOVE IN LADIN IL MARTEDI E VENERDI ALLA RADIO\u00a0 oggi con Anna da Falcade <strong>10.30 E 1900\u00a0 <\/strong>\u00a0<b>12.30 <\/b>GIORNALE RADIO, EDIZIONE PRINCIPALE<b> 13.20 <\/b>COLLAGE OPERAZIONE NOSTALGIA DI LORIS SCUSSEL <strong>14.00<\/strong> music abc don Athos\u00a0 e Marina, a seguire alle <strong>15.10<\/strong> week end marina c&#8217;e&#8217; <strong>16.45<\/strong> LE HIT DI TUTTI I TEMPI CON MIRCO BENCIVENNI <strong>19.00<\/strong> LE ANTICIPAZIONI DAL TG DI ANTENNA 3, CON TIZIANA BOLOGNANI<\/p>\n<p><strong><span style=\"color: #ff0000;\">DOMANI DALLE 10 SUI CANALI SOCIAL DIRETTA DA CANALE D&#8217;AGORDO, IL RICORDO DI BATTISTA COSTANTINI, OGGI SUL CORRIERE DELLE ALPI UNA PAGINA DEDICATA, A CURA DI STEFANO VIETINA (foto)<\/span><\/strong><\/p>\n<p>&nbsp;<\/p>\n<p>&nbsp;<\/p>\n<p>&nbsp;<\/p>\n<hr \/>\n<p>&nbsp;<\/p>\n<p>&nbsp;<\/p>\n<div class=\"x11i5rnm xat24cr x1mh8g0r x1vvkbs xtlvy1s x126k92a\">\n<div dir=\"auto\">\n<div dir=\"auto\">\n<p><strong><a class=\"dt-pswp-item\" href=\"https:\/\/www.radiopiu.net\/wordpress\/wp-content\/uploads\/2024\/02\/2d44e751-d8a8-461b-8e22-d8e4e853b032.jpg\" data-dt-img-description=\"\" data-large_image_width=\"1600\" data-large_image_height=\"1200\"><img loading=\"lazy\" decoding=\"async\" class=\"wp-image-373307 alignleft\" src=\"https:\/\/www.radiopiu.net\/wordpress\/wp-content\/uploads\/2024\/02\/2d44e751-d8a8-461b-8e22-d8e4e853b032-300x225.jpg\" alt=\"\" width=\"105\" height=\"79\" srcset=\"https:\/\/www.radiopiu.net\/wordpress\/wp-content\/uploads\/2024\/02\/2d44e751-d8a8-461b-8e22-d8e4e853b032-300x225.jpg 300w, https:\/\/www.radiopiu.net\/wordpress\/wp-content\/uploads\/2024\/02\/2d44e751-d8a8-461b-8e22-d8e4e853b032-1024x768.jpg 1024w, https:\/\/www.radiopiu.net\/wordpress\/wp-content\/uploads\/2024\/02\/2d44e751-d8a8-461b-8e22-d8e4e853b032-768x576.jpg 768w, https:\/\/www.radiopiu.net\/wordpress\/wp-content\/uploads\/2024\/02\/2d44e751-d8a8-461b-8e22-d8e4e853b032-1536x1152.jpg 1536w, https:\/\/www.radiopiu.net\/wordpress\/wp-content\/uploads\/2024\/02\/2d44e751-d8a8-461b-8e22-d8e4e853b032.jpg 1600w\" sizes=\"auto, (max-width: 105px) 100vw, 105px\" \/><\/a>EL BAL DEL FIOR, DI GIULIANA DA RONCH, 28 FEBBRAIO<\/strong><strong> 2025<\/strong><\/p>\n<p>&nbsp;<\/p>\n<audio class=\"wp-audio-shortcode\" id=\"audio-436865-1\" preload=\"none\" style=\"width: 100%;\" controls=\"controls\"><source type=\"audio\/mpeg\" src=\"https:\/\/www.radiopiu.net\/wordpress\/wp-content\/uploads\/2025\/02\/GVE-3.mp3?_=1\" \/><a href=\"https:\/\/www.radiopiu.net\/wordpress\/wp-content\/uploads\/2025\/02\/GVE-3.mp3\">https:\/\/www.radiopiu.net\/wordpress\/wp-content\/uploads\/2025\/02\/GVE-3.mp3<\/a><\/audio>\n<p>&nbsp;<\/p>\n<hr \/>\n<p>&nbsp;<\/p>\n<p>&nbsp;<\/p>\n<\/div>\n<\/div>\n<\/div>\n<div class=\"x11i5rnm xat24cr x1mh8g0r x1vvkbs xtlvy1s x126k92a\">\n<blockquote>\n<h1><strong><a class=\"dt-pswp-item\" href=\"https:\/\/www.radiopiu.net\/wordpress\/wp-content\/uploads\/2024\/10\/629301fd-708d-4f53-95c2-d28cbefd500f.jpg\" data-dt-img-description=\"\" data-large_image_width=\"1600\" data-large_image_height=\"1322\"><img loading=\"lazy\" decoding=\"async\" class=\"wp-image-413782 alignright\" src=\"https:\/\/www.radiopiu.net\/wordpress\/wp-content\/uploads\/2024\/10\/629301fd-708d-4f53-95c2-d28cbefd500f-300x248.jpg\" alt=\"\" width=\"106\" height=\"88\" srcset=\"https:\/\/www.radiopiu.net\/wordpress\/wp-content\/uploads\/2024\/10\/629301fd-708d-4f53-95c2-d28cbefd500f-300x248.jpg 300w, https:\/\/www.radiopiu.net\/wordpress\/wp-content\/uploads\/2024\/10\/629301fd-708d-4f53-95c2-d28cbefd500f-1024x846.jpg 1024w, https:\/\/www.radiopiu.net\/wordpress\/wp-content\/uploads\/2024\/10\/629301fd-708d-4f53-95c2-d28cbefd500f-768x635.jpg 768w, https:\/\/www.radiopiu.net\/wordpress\/wp-content\/uploads\/2024\/10\/629301fd-708d-4f53-95c2-d28cbefd500f-1536x1269.jpg 1536w, https:\/\/www.radiopiu.net\/wordpress\/wp-content\/uploads\/2024\/10\/629301fd-708d-4f53-95c2-d28cbefd500f.jpg 1600w\" sizes=\"auto, (max-width: 106px) 100vw, 106px\" \/><\/a><\/strong><\/h1>\n<h1><strong><a class=\"dt-pswp-item\" href=\"https:\/\/www.radiopiu.net\/wordpress\/wp-content\/uploads\/2024\/11\/th-18.jpg\" data-dt-img-description=\"\" data-large_image_width=\"156\" data-large_image_height=\"180\"><img loading=\"lazy\" decoding=\"async\" class=\"size-full wp-image-421611 alignleft\" src=\"https:\/\/www.radiopiu.net\/wordpress\/wp-content\/uploads\/2024\/11\/th-18.jpg\" alt=\"\" width=\"156\" height=\"180\" \/><\/a><\/strong><\/h1>\n<h1><strong>N di parom &#8211; L Almanach de la nosta jent<\/strong><\/h1>\n<\/blockquote>\n<p>&nbsp;<\/p>\n<p>Le voci: Davide Conedera, Agordo, Michela Dell&#8217;Osbel, La Valle Agordina Simone Ganz, Falcade Veronica Lezuo, Colle Santa Lucia. La voce nella sigla \u00e8 di Giorgia Taio<\/p>\n<p><strong>LA PUNTATA DI OGGI, 28 FEBBRAIO 2025<\/strong><\/p>\n<p>&nbsp;<\/p>\n<audio class=\"wp-audio-shortcode\" id=\"audio-436865-2\" preload=\"none\" style=\"width: 100%;\" controls=\"controls\"><source type=\"audio\/mpeg\" src=\"https:\/\/www.radiopiu.net\/wordpress\/wp-content\/uploads\/2025\/02\/AL5-3.mp3?_=2\" \/><a href=\"https:\/\/www.radiopiu.net\/wordpress\/wp-content\/uploads\/2025\/02\/AL5-3.mp3\">https:\/\/www.radiopiu.net\/wordpress\/wp-content\/uploads\/2025\/02\/AL5-3.mp3<\/a><\/audio>\n<p>&nbsp;<\/p>\n<p>&nbsp;<\/p>\n<\/div>\n<div class=\"x11i5rnm xat24cr x1mh8g0r x1vvkbs xtlvy1s x126k92a\">\n<div dir=\"auto\">\n<hr \/>\n<\/div>\n<\/div>\n<blockquote>\n<blockquote>\n<h1><span style=\"color: #ff0000;\">\u00a0<\/span><\/h1>\n<h1><span style=\"color: #ff0000;\">I podcast informativi del mattino &#8211; audio &#8211;\u00a0\u00a0<\/span><\/h1>\n<\/blockquote>\n<p><strong><a class=\"dt-pswp-item\" href=\"https:\/\/www.radiopiu.net\/wordpress\/wp-content\/uploads\/2024\/11\/6.jpg\" data-dt-img-description=\"\" data-large_image_width=\"177\" data-large_image_height=\"180\"><img loading=\"lazy\" decoding=\"async\" class=\"size-full wp-image-417911 alignleft\" src=\"https:\/\/www.radiopiu.net\/wordpress\/wp-content\/uploads\/2024\/11\/6.jpg\" alt=\"\" width=\"177\" height=\"180\" \/><\/a>LA RASSEGNA STAMPA NAZIONALE ALLA RADIO, OGNI GIORNO ALLE 5 E ALLE 6 DEL MATTINO <span style=\"color: #0000ff;\">viene pubblicata alle 6.00 <span style=\"color: #ff0000;\">DIRETTA RADIO\u00a0 \u00a0\u00a0<\/span><\/span><\/strong><\/p><\/blockquote>\n<p>&nbsp;<\/p>\n<p><strong>NOTIZIE DELLA NOTTE<\/strong><\/p>\n<p><strong>Media,<\/strong> &#8216;Trump non \u00e8 nella lista dei contatti di Epstein&#8217; <strong>Trump<\/strong> vol\u00f2 sull&#8217;aereo di Epstein nel 1994 con la figlia Tiffany <strong>Servizio<\/strong> con &#8216;figlio Hamas&#8217; narratore, la Bbc si scusa <strong>Corea Nord<\/strong>, simulato lancio missile da crociera strategico <strong>Messico<\/strong>, &#8216;azioni coordinate con gli Usa contro il narcotraffico&#8217;<br \/>\n<strong>Trump<\/strong>, &#8216;ho molto rispetto per Zelensky&#8217; <strong>Starmer,<\/strong> &#8216;in Ucraina serve una pace che non premi l&#8217;aggressore&#8217;<br \/>\n<strong>Trump,<\/strong> &#8216;tregua in Ucraina o arriva presto o non ci sar\u00e0&#8217;<\/p>\n<h2>AUDIO dalle 6 del mattino<\/h2>\n<audio class=\"wp-audio-shortcode\" id=\"audio-436865-3\" preload=\"none\" style=\"width: 100%;\" controls=\"controls\"><source type=\"audio\/mpeg\" src=\"https:\/\/www.radiopiu.net\/wordpress\/wp-content\/uploads\/2025\/02\/GIORNALEDELLESEI-21.mp3?_=3\" \/><a href=\"https:\/\/www.radiopiu.net\/wordpress\/wp-content\/uploads\/2025\/02\/GIORNALEDELLESEI-21.mp3\">https:\/\/www.radiopiu.net\/wordpress\/wp-content\/uploads\/2025\/02\/GIORNALEDELLESEI-21.mp3<\/a><\/audio>\n<p>&nbsp;<\/p>\n<p>&nbsp;<\/p>\n<hr \/>\n<p>&nbsp;<\/p>\n<h1 style=\"text-align: center;\"><span style=\"color: #ff0000;\"><a class=\"dt-pswp-item\" href=\"https:\/\/www.radiopiu.net\/wordpress\/wp-content\/uploads\/2024\/11\/7.jpg\" data-dt-img-description=\"\" data-large_image_width=\"180\" data-large_image_height=\"180\"><img loading=\"lazy\" decoding=\"async\" class=\"size-full wp-image-417912 alignleft\" src=\"https:\/\/www.radiopiu.net\/wordpress\/wp-content\/uploads\/2024\/11\/7.jpg\" alt=\"\" width=\"180\" height=\"180\" srcset=\"https:\/\/www.radiopiu.net\/wordpress\/wp-content\/uploads\/2024\/11\/7.jpg 180w, https:\/\/www.radiopiu.net\/wordpress\/wp-content\/uploads\/2024\/11\/7-150x150.jpg 150w\" sizes=\"auto, (max-width: 180px) 100vw, 180px\" \/><\/a>I podcast informativi del mattino &#8211; audio &#8211;\u00a0<\/span><\/h1>\n<p><strong>OGNI GIORNO ALLE SETTE DEL MATTINO, LA RASSEGNA STAMPA LOCALE FLASH&#8230; PER CHI VA IN FRETTA. I TITOLI DAI GIORNALI E DAL SITO WWW.RADIOPIU.NET <span style=\"color: #0000ff;\">viene pubblicato alle 7.00<\/span> <span style=\"color: #ff0000;\">DIRETTA RADIO\u00a0<\/span><\/strong><\/p>\n<p><em><span style=\"color: #ff0000;\">per chi va in fretta&#8230; tante notizie in pochi minuti. L&#8217;informazione locale alla radio, ogni ora dalle 7 del mattino alle 19 della sera.<\/span><\/em><\/p>\n<h1>AUDIO dalle 7 del mattino<\/h1>\n<p>&nbsp;<\/p>\n<p>&nbsp;<\/p>\n<hr \/>\n<p>&nbsp;<\/p>\n<h1><\/h1>\n<h1 style=\"text-align: center;\"><span style=\"color: #ff0000;\"><a class=\"dt-pswp-item\" href=\"https:\/\/www.radiopiu.net\/wordpress\/wp-content\/uploads\/2024\/11\/th.jpg\" data-dt-img-description=\"\" data-large_image_width=\"148\" data-large_image_height=\"179\"><img loading=\"lazy\" decoding=\"async\" class=\"size-full wp-image-417913 alignleft\" src=\"https:\/\/www.radiopiu.net\/wordpress\/wp-content\/uploads\/2024\/11\/th.jpg\" alt=\"\" width=\"148\" height=\"179\" \/><\/a>I podcast informativi del mattino &#8211; audio &#8211;\u00a0<\/span><\/h1>\n<blockquote><p><strong>GIORNALE RADIO NAZIONALE, EDIZIONE DELLE SETTE <span style=\"color: #0000ff;\">viene pubblicato alle 7.05 <span style=\"color: #ff0000;\">DIRETTA RADIO\u00a0<\/span><\/span><\/strong><\/p><\/blockquote>\n<p><strong>il giornale radionazionale e&#8217; in onda ogni ora, dalle sette del mattino alle venti della sera\u00a0 \u00a0<\/strong><\/p>\n<p><a class=\"dt-pswp-item\" href=\"https:\/\/www.radiopiu.net\/wordpress\/wp-content\/uploads\/2025\/02\/download-7.jpg\" data-dt-img-description=\"\" data-large_image_width=\"211\" data-large_image_height=\"239\"><img loading=\"lazy\" decoding=\"async\" class=\"wp-image-435553 alignleft\" src=\"https:\/\/www.radiopiu.net\/wordpress\/wp-content\/uploads\/2025\/02\/download-7.jpg\" alt=\"\" width=\"120\" height=\"136\" \/><\/a>\u00a0<strong>TORINO<\/strong> Morto durante un esorcismo islamico, i parenti a processo L&#8217;accusa \u00e8 omicidio.\u00a0 <strong>CHIAVARI<\/strong> Spara tre colpi al vicino di casa e si barrica in casa Il ferito \u00e8 in gravi condizioni<br \/>\n<strong>ROMA<\/strong> Picchiata dal marito lo accoltella, l&#8217;uomo \u00e8 grave Da anni vittima di maltrattamenti, al vaglio la posizione della donna <strong>AQUILA<\/strong> Aggredita da un pitbull, muore dopo 8 mesi. Era ricoverata in ospedale per un nuovo intervento chirurgico <strong>MILANO<\/strong> Uomo avvistato con un fucile in stazione Centrale a Milano. Allarme dai passanti, in corso ricerche della Polizia<br \/>\n<strong>NAPOLI<\/strong> Recordman dei furti, venti in 72 ore. Uomo identificato dopo numerose denunce<\/p>\n<p><a class=\"dt-pswp-item\" href=\"https:\/\/www.radiopiu.net\/wordpress\/wp-content\/uploads\/2025\/02\/download-3.jpg\" data-dt-img-description=\"\" data-large_image_width=\"223\" data-large_image_height=\"226\"><img loading=\"lazy\" decoding=\"async\" class=\"size-full wp-image-434732 alignleft\" src=\"https:\/\/www.radiopiu.net\/wordpress\/wp-content\/uploads\/2025\/02\/download-3.jpg\" alt=\"\" width=\"223\" height=\"226\" \/><\/a><strong><span style=\"color: #0000ff;\">DAL VENETO<\/span><br \/>\nTREVISO<\/strong> Spar\u00f2 al genero alla schiena, arrestato dopo quattro giorni di fuga. Trovato dai carabinieri nei pressi di un cimitero <strong>VENEZIA<\/strong> Carnevale, a Venezia \u00e8 il giorno del Taglio della testa del Toro. Ricostruisce disputa tra la Serenissima e Aquileia <strong>VICENZA<\/strong> Assalto a martellate a due supermercati di Vicenza. Telecamere riprendono un uomo, oltre 30 vetrate danneggiate <strong>ROVIGO<\/strong> Lavoratori &#8216;in nero&#8217; in un club per scambisti a Rovigo. Operazione della Gdf smaschera una attivit\u00e0 commerciale <strong>VICENZA<\/strong> Badante killer, interdittiva a due farmacisti. Indagine dopo morte sospetta di anziani da parte falsa badante <strong>VENEZIA<\/strong> Evasione fiscale per 1,7 milioni di euro in vendita e-commerce. Accertamento finanzieri di Venezia in azienda vendita cucine <strong>BELLUNO<\/strong> Milano-Cortina: Saldini, dal 24 marzo preomologazione pista bob. Saranno ospiti 30 atleti per i test, oggi primo ghiacciamento <strong>BELLUNO<\/strong> Nuova spolverata di neve sul Veneto, fino a 40 centimetri. Le nevicate pi\u00f9 intense sulle Prealpi Bellunesi<\/p>\n<h2><span style=\"color: #ff0000;\"><span style=\"color: #0000ff;\">ULTIM&#8217;ORA<\/span> <span style=\"color: #000000;\">AUDIO dalle sette del mattino, ogni ora alla radio EDIZIONE DELLE SETTE<\/span><\/span><\/h2>\n<p>&nbsp;<\/p>\n<p>&nbsp;<\/p>\n<hr \/>\n<p>&nbsp;<\/p>\n<p>&nbsp;<\/p>\n<h1><span style=\"color: #ff0000;\"><a class=\"dt-pswp-item\" href=\"https:\/\/www.radiopiu.net\/wordpress\/wp-content\/uploads\/2024\/11\/8.jpg\" data-dt-img-description=\"\" data-large_image_width=\"180\" data-large_image_height=\"180\"><img loading=\"lazy\" decoding=\"async\" class=\"size-full wp-image-417910 alignleft\" src=\"https:\/\/www.radiopiu.net\/wordpress\/wp-content\/uploads\/2024\/11\/8.jpg\" alt=\"\" width=\"180\" height=\"180\" srcset=\"https:\/\/www.radiopiu.net\/wordpress\/wp-content\/uploads\/2024\/11\/8.jpg 180w, https:\/\/www.radiopiu.net\/wordpress\/wp-content\/uploads\/2024\/11\/8-150x150.jpg 150w\" sizes=\"auto, (max-width: 180px) 100vw, 180px\" \/><\/a>I podcast informativi del mattino &#8211; video &#8211;\u00a0<\/span><\/h1>\n<h2 style=\"text-align: left;\"><strong>RASSEGNA STAMPA LOCALE, ORE OTTO<\/strong><\/h2>\n<h2><strong> <span style=\"color: #0000ff;\">viene\u00a0 <\/span><\/strong><strong><span style=\"color: #0000ff;\">pubblicata alle 8.05 <span style=\"color: #ff0000;\">DIRETTA RADIO\u00a0 \u00a0<\/span><\/span><\/strong><strong>DI MIRKO MEZZACASA<\/strong><\/h2>\n<h2><span style=\"color: #ff0000;\"><strong>\u00a0<\/strong><\/span><\/h2>\n<h2><span style=\"color: #ff0000;\"><strong>\u00a0<\/strong><\/span><span style=\"color: #ff0000;\"><strong>VIDEO\u00a0 \u00a0in diretta AGGIORNAMENTO\u00a0 dalle 8 del mattino\u00a0<\/strong><\/span><\/h2>\n<h2><\/h2>\n\n\t\t\t<style type='text\/css'>\n\t\t\t\t#gallery-1 {\n\t\t\t\t\tmargin: auto;\n\t\t\t\t}\n\t\t\t\t#gallery-1 .gallery-item {\n\t\t\t\t\tfloat: left;\n\t\t\t\t\tmargin-top: 10px;\n\t\t\t\t\ttext-align: center;\n\t\t\t\t\twidth: 50%;\n\t\t\t\t}\n\t\t\t\t#gallery-1 img {\n\t\t\t\t\tborder: 2px solid #cfcfcf;\n\t\t\t\t}\n\t\t\t\t#gallery-1 .gallery-caption {\n\t\t\t\t\tmargin-left: 0;\n\t\t\t\t}\n\t\t\t\t\/* see gallery_shortcode() in wp-includes\/media.php *\/\n\t\t\t<\/style>\n\t\t<div id='gallery-1' class='dt-gallery-container gallery galleryid-436865 gallery-columns-2 gallery-size-medium'><dl class='gallery-item'>\n\t\t\t\t<dt class='gallery-icon landscape'>\n\t\t\t\t\t<a class=\"rollover rollover-zoom dt-pswp-item\" title=\"coop1\" data-dt-img-description=\"\" data-large_image_width=\"617\" data-large_image_height=\"300\"href='https:\/\/www.radiopiu.net\/wordpress\/wp-content\/uploads\/2025\/02\/coop1-23.png'><img loading=\"lazy\" decoding=\"async\" width=\"300\" height=\"146\" src=\"https:\/\/www.radiopiu.net\/wordpress\/wp-content\/uploads\/2025\/02\/coop1-23-300x146.png\" class=\"attachment-medium size-medium\" alt=\"\" srcset=\"https:\/\/www.radiopiu.net\/wordpress\/wp-content\/uploads\/2025\/02\/coop1-23-300x146.png 300w, https:\/\/www.radiopiu.net\/wordpress\/wp-content\/uploads\/2025\/02\/coop1-23.png 617w\" sizes=\"auto, (max-width: 300px) 100vw, 300px\" \/><\/a>\n\t\t\t\t<\/dt><\/dl><dl class='gallery-item'>\n\t\t\t\t<dt class='gallery-icon landscape'>\n\t\t\t\t\t<a class=\"rollover rollover-zoom dt-pswp-item\" title=\"SeSnza nome\" data-dt-img-description=\"\" data-large_image_width=\"537\" data-large_image_height=\"273\"href='https:\/\/www.radiopiu.net\/wordpress\/wp-content\/uploads\/2025\/02\/SeSnza-nome-1.png'><img loading=\"lazy\" decoding=\"async\" width=\"300\" height=\"153\" src=\"https:\/\/www.radiopiu.net\/wordpress\/wp-content\/uploads\/2025\/02\/SeSnza-nome-1-300x153.png\" class=\"attachment-medium size-medium\" alt=\"\" srcset=\"https:\/\/www.radiopiu.net\/wordpress\/wp-content\/uploads\/2025\/02\/SeSnza-nome-1-300x153.png 300w, https:\/\/www.radiopiu.net\/wordpress\/wp-content\/uploads\/2025\/02\/SeSnza-nome-1.png 537w\" sizes=\"auto, (max-width: 300px) 100vw, 300px\" \/><\/a>\n\t\t\t\t<\/dt><\/dl><br style=\"clear: both\" \/>\n\t\t\t<\/div>\n\n<p>&nbsp;<\/p>\n<p><iframe loading=\"lazy\" style=\"border: none; overflow: hidden;\" src=\"https:\/\/www.facebook.com\/plugins\/video.php?height=314&amp;href=https%3A%2F%2Fwww.facebook.com%2Fradiopiu%2Fvideos%2F1582530115761505%2F&amp;show_text=false&amp;width=560&amp;t=0\" width=\"560\" height=\"314\" frameborder=\"0\" scrolling=\"no\" allowfullscreen=\"allowfullscreen\"><\/iframe><\/p>\n<p>&nbsp;<\/p>\n<hr \/>\n<p>&nbsp;<\/p>\n<p>&nbsp;<\/p>\n<p>&nbsp;<\/p>\n<p><strong><a class=\"dt-pswp-item\" href=\"https:\/\/www.radiopiu.net\/wordpress\/wp-content\/uploads\/2023\/12\/ANTENNA.png\" data-dt-img-description=\"\" data-large_image_width=\"300\" data-large_image_height=\"166\"><img loading=\"lazy\" decoding=\"async\" class=\"wp-image-366306 alignright\" src=\"https:\/\/www.radiopiu.net\/wordpress\/wp-content\/uploads\/2023\/12\/ANTENNA.png\" alt=\"\" width=\"101\" height=\"56\" \/><\/a><a class=\"dt-pswp-item\" href=\"https:\/\/www.radiopiu.net\/wordpress\/wp-content\/uploads\/2024\/11\/th-17.jpg\" data-dt-img-description=\"\" data-large_image_width=\"224\" data-large_image_height=\"180\"><img loading=\"lazy\" decoding=\"async\" class=\" wp-image-421610 alignleft\" src=\"https:\/\/www.radiopiu.net\/wordpress\/wp-content\/uploads\/2024\/11\/th-17.jpg\" alt=\"\" width=\"167\" height=\"134\" \/><\/a>ogni sera alle 19 le anticipazioni alla radio, quello che poi seguirete nel TELEGIORNALE BELLUNESE\u00a0 in onda alle 19.30 sul CANALE 10 del digitale terrestre.\u00a0\u00a0<\/strong><\/p>\n<p><b>\u00a0\u00a0<\/b><\/p>\n<p><span style=\"color: #ff0000;\"><strong>LE ANTICIPAZIONI DI TIZIANA BOLOGNANI<\/strong><\/span><\/p>\n<audio class=\"wp-audio-shortcode\" id=\"audio-436865-4\" preload=\"none\" style=\"width: 100%;\" controls=\"controls\"><source type=\"audio\/mpeg\" src=\"https:\/\/www.radiopiu.net\/wordpress\/wp-content\/uploads\/2025\/02\/ANTENNA3-19.mp3?_=4\" \/><a href=\"https:\/\/www.radiopiu.net\/wordpress\/wp-content\/uploads\/2025\/02\/ANTENNA3-19.mp3\">https:\/\/www.radiopiu.net\/wordpress\/wp-content\/uploads\/2025\/02\/ANTENNA3-19.mp3<\/a><\/audio>\n<p>&nbsp;<\/p>\n<p>&nbsp;<\/p>\n<p>&nbsp;<\/p>\n<hr \/>\n<p>&nbsp;<\/p>\n<blockquote>\n<h1>Incidente mortale a Gus: la conducente patteggia<\/h1>\n<\/blockquote>\n<blockquote><p><em><strong><a class=\"dt-pswp-item\" href=\"https:\/\/www.radiopiu.net\/wordpress\/wp-content\/uploads\/2023\/12\/Senza-nome-57.png\" data-dt-img-description=\"\" data-large_image_width=\"248\" data-large_image_height=\"227\"><img loading=\"lazy\" decoding=\"async\" class=\" wp-image-366506 alignleft\" src=\"https:\/\/www.radiopiu.net\/wordpress\/wp-content\/uploads\/2023\/12\/Senza-nome-57.png\" alt=\"\" width=\"161\" height=\"147\" \/><\/a><\/strong>L\u2019incidente \u00e8 avvenuto verso le 21 di sabato 16 dicembre all\u2019altezza del bar \u201cOltre\u201d<\/em><\/p><\/blockquote>\n<div class=\"flex max-w-full flex-col flex-grow\">\n<div class=\"min-h-8 text-message relative flex w-full flex-col items-end gap-2 whitespace-normal break-words text-start [.text-message+&amp;]:mt-5\" dir=\"auto\" data-message-author-role=\"assistant\" data-message-id=\"90a1095b-4633-423a-aa67-8e77963a1317\" data-message-model-slug=\"gpt-4o\">\n<div class=\"flex w-full flex-col gap-1 empty:hidden first:pt-[3px]\">\n<div class=\"markdown prose w-full break-words dark:prose-invert dark\">\n<div class=\"flex max-w-full flex-col flex-grow\">\n<div class=\"min-h-8 text-message relative flex w-full flex-col items-end gap-2 whitespace-normal break-words text-start [.text-message+&amp;]:mt-5\" dir=\"auto\" data-message-author-role=\"assistant\" data-message-id=\"90a1095b-4633-423a-aa67-8e77963a1317\" data-message-model-slug=\"gpt-4o\">\n<div class=\"flex w-full flex-col gap-1 empty:hidden first:pt-[3px]\">\n<div class=\"markdown prose w-full break-words dark:prose-invert dark\">\n<p data-start=\"641\" data-end=\"1252\" data-is-last-node=\"\" data-is-only-node=\"\"><strong>BELLUNO<\/strong> Maurizio Dall\u2019Asen, 59 anni, residente a Villa di Villa, \u00e8 morto dopo essere stato investito da una Jeep Renegade sulla provinciale 1 \u201cdella sinistra Piave\u201d nel dicembre 2023. Alla guida c&#8217;era una donna vicentina di\u00a0 62\u00a0 anni, che procedeva in direzione Feltre con il marito come passeggero. Il Gip di Belluno, Elisabetta Scolozzi, ha accolto il patteggiamento: cinque mesi e dieci giorni di reclusione (pena sospesa) e sei mesi di sospensione della patente. La decisione \u00e8 arrivata a seguito dell&#8217;accordo tra accusa e difesa. I familiari della vittima si sono affidati a Giesse Risarcimento Danni. <em>\u201cAbbiamo ottenuto per i familiari di Maurizio, in via stragiudiziale, il risarcimento dei danni subiti ancor prima della conclusione del processo penale\u201d,<\/em> commenta Gennaro Pisacane responsabile della sede bellunese di Giesse.<\/p>\n<\/div>\n<\/div>\n<\/div>\n<\/div>\n<\/div>\n<\/div>\n<\/div>\n<\/div>\n<div class=\"mb-2 flex gap-3 empty:hidden -ml-2\">\n<div class=\"items-center justify-start rounded-xl p-1 flex\">\n<div class=\"flex items-center\"><\/div>\n<\/div>\n<\/div>\n<p>&nbsp;<\/p>\n<p>&nbsp;<\/p>\n<hr \/>\n<p>&nbsp;<\/p>\n<blockquote>\n<h3>INCIDENTI IN PISTA E SULLE STRADE. QUATTRO INTERVENTI DEL SUEM<\/h3>\n<\/blockquote>\n<p><strong><a class=\"dt-pswp-item\" href=\"https:\/\/www.radiopiu.net\/wordpress\/wp-content\/uploads\/2025\/01\/WhatsApp-Image-2025-01-16-at-13.19.20.jpeg\" data-dt-img-description=\"\" data-large_image_width=\"2048\" data-large_image_height=\"1152\"><img loading=\"lazy\" decoding=\"async\" class=\" wp-image-430064 alignleft\" src=\"https:\/\/www.radiopiu.net\/wordpress\/wp-content\/uploads\/2025\/01\/WhatsApp-Image-2025-01-16-at-13.19.20-300x169.jpeg\" alt=\"\" width=\"192\" height=\"108\" srcset=\"https:\/\/www.radiopiu.net\/wordpress\/wp-content\/uploads\/2025\/01\/WhatsApp-Image-2025-01-16-at-13.19.20-300x169.jpeg 300w, https:\/\/www.radiopiu.net\/wordpress\/wp-content\/uploads\/2025\/01\/WhatsApp-Image-2025-01-16-at-13.19.20-1024x576.jpeg 1024w, https:\/\/www.radiopiu.net\/wordpress\/wp-content\/uploads\/2025\/01\/WhatsApp-Image-2025-01-16-at-13.19.20-768x432.jpeg 768w, https:\/\/www.radiopiu.net\/wordpress\/wp-content\/uploads\/2025\/01\/WhatsApp-Image-2025-01-16-at-13.19.20-1536x864.jpeg 1536w, https:\/\/www.radiopiu.net\/wordpress\/wp-content\/uploads\/2025\/01\/WhatsApp-Image-2025-01-16-at-13.19.20.jpeg 2048w\" sizes=\"auto, (max-width: 192px) 100vw, 192px\" \/><\/a>REDAZIONE <\/strong>Il Servizio di Urgenza ed Emergenza Medica (SUEM) 118 ha effettuato diversi interventi in provincia di Belluno e nelle zone montane circostanti, rispondendo a situazioni di emergenza legate ad incidenti stradali, traumi in pista e soccorsi alpini. Uno degli interventi pi\u00f9 rilevanti \u00e8 avvenuto alle 10 a Pecol di Zoldo Alto, dove un minore ha riportato un trauma cranico. Le condizioni del giovane hanno richiesto l&#8217;intervento dell&#8217;elisoccorso &#8220;Falco&#8221;, che lo ha trasportato d&#8217;urgenza all&#8217;ospedale di Belluno. Poco dopo, alle 11:22, il SUEM \u00e8 stato attivato per un incidente stradale a Feltre, che ha coinvolto un uomo di 64 anni, residente a Belluno. Sul posto sono intervenuti un&#8217;ambulanza e l&#8217;elisoccorso &#8220;Falco&#8221;, con trasporto immediato presso l&#8217;ospedale di Treviso. La giornata \u00e8 proseguita con altri interventi sulle piste da sci, tra cui un incidente a Porta Vescovo alle 12:20 e un soccorso a Cortina alle 13:56 per un gruppo di scialpinisti, tra cui un cittadino francese. Anche in questi casi, sono stati utilizzati mezzi di elisoccorso per garantire il trasporto sicuro dei feriti.<\/p>\n<p>&nbsp;<\/p>\n<p>&nbsp;<\/p>\n<blockquote>\n<h3 data-start=\"0\" data-end=\"73\"><img loading=\"lazy\" decoding=\"async\" class=\"alignleft\" src=\"https:\/\/www.radiopiu.net\/wordpress\/wp-content\/uploads\/2025\/02\/Senza-nome-90.png\" width=\"371\" height=\"186\" \/>Scooter contro furgoncino a Feltre: 64enne elitrasportato a Treviso<\/h3>\n<\/blockquote>\n<p data-start=\"75\" data-end=\"550\" data-is-last-node=\"\" data-is-only-node=\"\"><strong>FELTRE<\/strong> Un uomo di 64 anni \u00e8 rimasto gravemente ferito in un incidente tra il suo scooter e un furgoncino in via dell\u2019Industria a Feltre. La conducente del furgone potrebbe essere stata abbagliata dal sole. Il motociclista, con una grave ferita alla gamba, \u00e8 stato elitrasportato a Treviso. Polizia locale, vigili del fuoco e sanitari sono intervenuti sul posto. Negli stessi minuti, i vigili del fuoco hanno spento un principio d\u2019incendio in un cassonetto alla stazione ferroviaria.<\/p>\n<p data-start=\"75\" data-end=\"550\" data-is-last-node=\"\" data-is-only-node=\"\">\n<hr \/>\n<p>&nbsp;<\/p>\n<blockquote>\n<h3>SOCCORSA SCIALPINISTA SULLA CRESTA BIANCA<\/h3>\n<\/blockquote>\n<p><strong><a class=\"dt-pswp-item\" href=\"https:\/\/www.radiopiu.net\/wordpress\/wp-content\/uploads\/2022\/04\/soccorso-alpino-1024x602-1.jpg\" data-dt-img-description=\"\" data-large_image_width=\"1024\" data-large_image_height=\"602\"><img loading=\"lazy\" decoding=\"async\" class=\" wp-image-270917 alignleft\" src=\"https:\/\/www.radiopiu.net\/wordpress\/wp-content\/uploads\/2022\/04\/soccorso-alpino-1024x602-1-300x176.jpg\" alt=\"\" width=\"222\" height=\"130\" srcset=\"https:\/\/www.radiopiu.net\/wordpress\/wp-content\/uploads\/2022\/04\/soccorso-alpino-1024x602-1-300x176.jpg 300w, https:\/\/www.radiopiu.net\/wordpress\/wp-content\/uploads\/2022\/04\/soccorso-alpino-1024x602-1-768x452.jpg 768w, https:\/\/www.radiopiu.net\/wordpress\/wp-content\/uploads\/2022\/04\/soccorso-alpino-1024x602-1.jpg 1024w\" sizes=\"auto, (max-width: 222px) 100vw, 222px\" \/><\/a>CORTINA<\/strong> Attorno alle 14 di ieri l&#8217;elicottero del Suem di Pieve di Cadore \u00e8 decollato in direzione della Cresta Bianca, a seguito della chiamata di uno scialpinista francese, che chiedeva aiuto per una sua connazionale quarantenne caduta sciando. La donna, che faceva parte di un gruppo di sei persone, aveva iniziato la discesa e si trovava poco sotto le creste, a circa 2.800 metri di quota, quando si \u00e8 fatta male a una gamba e non \u00e8 pi\u00f9 stata in grado di muoversi. Individuati dall&#8217;equipaggio dalle coordinate, sul posto \u00e8 stato verticellato il tecnico di elisoccorso del Soccorso alpino per una prima verifica, seguito poi dall&#8217;equipe medica. Poich\u00e9 l&#8217;infortunata lamentava forte dolore, le sono state prestate le prime cure ed \u00e8 stata poi imbarellata. L&#8217;elicottero, atterrato in attesa non distante, si \u00e8 nuovamente alzato in volo e ha issato a bordo la barella e i soccorritori per poi dirigersi all&#8217;ospedale di Belluno. I compagni della sciatrice sono rientrati autonomamente.<\/p>\n<p>&nbsp;<\/p>\n<p>&nbsp;<\/p>\n<hr \/>\n<p>&nbsp;<\/p>\n<blockquote>\n<h3>MALORE A SANTO STEFANO DI CADORE<\/h3>\n<\/blockquote>\n<p><strong>SANTO STEFANO DI CADORE <\/strong>La centrale del Suem 118 \u00e8 stata allertata ieri alle 18:17 per un malore a Santo Stefano di Cadore. Protagonista un 26enne del posto che non si era sentito bene. Subito \u00e8 stato inviato l&#8217;elicottero Falco che ha portato il paziente all&#8217;ospedale di Pieve di Cadore in condizioni non preoccupanti.<\/p>\n<p>&nbsp;<\/p>\n<p>&nbsp;<\/p>\n<hr \/>\n<p>&nbsp;<\/p>\n<p>&nbsp;<\/p>\n<blockquote>\n<h3 data-start=\"0\" data-end=\"66\"><a class=\"dt-pswp-item\" href=\"https:\/\/www.radiopiu.net\/wordpress\/wp-content\/uploads\/2023\/11\/vigili-fuoco-8.jpg\" data-dt-img-description=\"\" data-large_image_width=\"1600\" data-large_image_height=\"1106\"><img loading=\"lazy\" decoding=\"async\" class=\"wp-image-363298 alignleft\" src=\"https:\/\/www.radiopiu.net\/wordpress\/wp-content\/uploads\/2023\/11\/vigili-fuoco-8-300x207.jpg\" alt=\"\" width=\"149\" height=\"103\" srcset=\"https:\/\/www.radiopiu.net\/wordpress\/wp-content\/uploads\/2023\/11\/vigili-fuoco-8-300x207.jpg 300w, https:\/\/www.radiopiu.net\/wordpress\/wp-content\/uploads\/2023\/11\/vigili-fuoco-8-1024x708.jpg 1024w, https:\/\/www.radiopiu.net\/wordpress\/wp-content\/uploads\/2023\/11\/vigili-fuoco-8-768x531.jpg 768w, https:\/\/www.radiopiu.net\/wordpress\/wp-content\/uploads\/2023\/11\/vigili-fuoco-8-1536x1062.jpg 1536w, https:\/\/www.radiopiu.net\/wordpress\/wp-content\/uploads\/2023\/11\/vigili-fuoco-8.jpg 1600w\" sizes=\"auto, (max-width: 149px) 100vw, 149px\" \/><\/a>Borgo Valbelluna, stufetta in fiamme: paura ma nessun ferito<\/h3>\n<\/blockquote>\n<p data-start=\"68\" data-end=\"359\" data-is-last-node=\"\" data-is-only-node=\"\">Un incendio causato dal surriscaldamento di una stufetta ha riempito di fumo un\u2019abitazione a Zelant di Borgo Valbelluna. La proprietaria, spaventata, \u00e8 stata visitata in ospedale ma senza sintomi di intossicazione. I vigili del fuoco hanno domato le fiamme e bonificato l\u2019area per sicurezza.<\/p>\n<p>&nbsp;<\/p>\n<p>&nbsp;<\/p>\n<hr \/>\n<p>&nbsp;<\/p>\n<blockquote>\n<h2>Acceso l&#8217;impianto di refrigerazione della pista di bob, slittino e skeleton di Cortina d&#8217;Ampezzo<\/h2>\n<\/blockquote>\n<p data-start=\"104\" data-end=\"457\"><a class=\"dt-pswp-item\" href=\"https:\/\/www.radiopiu.net\/wordpress\/wp-content\/uploads\/2025\/02\/b1d06fac-a321-46b4-8029-ce3ffb9bf063.jpg\" data-dt-img-description=\"\" data-large_image_width=\"1600\" data-large_image_height=\"897\"><img loading=\"lazy\" decoding=\"async\" class=\"size-medium wp-image-436954 alignleft\" src=\"https:\/\/www.radiopiu.net\/wordpress\/wp-content\/uploads\/2025\/02\/b1d06fac-a321-46b4-8029-ce3ffb9bf063-300x168.jpg\" alt=\"\" width=\"300\" height=\"168\" srcset=\"https:\/\/www.radiopiu.net\/wordpress\/wp-content\/uploads\/2025\/02\/b1d06fac-a321-46b4-8029-ce3ffb9bf063-300x168.jpg 300w, https:\/\/www.radiopiu.net\/wordpress\/wp-content\/uploads\/2025\/02\/b1d06fac-a321-46b4-8029-ce3ffb9bf063-1024x574.jpg 1024w, https:\/\/www.radiopiu.net\/wordpress\/wp-content\/uploads\/2025\/02\/b1d06fac-a321-46b4-8029-ce3ffb9bf063-768x431.jpg 768w, https:\/\/www.radiopiu.net\/wordpress\/wp-content\/uploads\/2025\/02\/b1d06fac-a321-46b4-8029-ce3ffb9bf063-1536x861.jpg 1536w, https:\/\/www.radiopiu.net\/wordpress\/wp-content\/uploads\/2025\/02\/b1d06fac-a321-46b4-8029-ce3ffb9bf063.jpg 1600w\" sizes=\"auto, (max-width: 300px) 100vw, 300px\" \/><\/a>A Cortina d\u2019Ampezzo \u00e8 stato acceso l\u2019impianto di refrigerazione della pista di bob, slittino e skeleton, segnando un passo importante verso la riapertura dell\u2019iconico tracciato. La struttura, che ospiter\u00e0 le gare delle Olimpiadi Invernali di Milano-Cortina 2026, \u00e8 ora operativa per i test tecnici, necessari a verificarne l\u2019efficienza e la sicurezza.<\/p>\n<p data-start=\"842\" data-end=\"1186\">Il progetto ha visto il coinvolgimento di tecnici specializzati e ingegneri del settore, con l\u2019obiettivo di offrire agli atleti una pista performante e sicura. La riapertura della storica pista di Cortina non solo celebra la tradizione sportiva della localit\u00e0, ma rilancia anche il suo ruolo nel panorama internazionale degli sport invernali.<\/p>\n<p data-start=\"1188\" data-end=\"1312\" data-is-last-node=\"\" data-is-only-node=\"\">Nei prossimi mesi, l\u2019impianto sar\u00e0 sottoposto a ulteriori test e collaudi, in vista delle competizioni previste per il 2026<\/p>\n<p><strong>PER LE TRE RADIO BARBARA PAOLAZZI<\/strong><\/p>\n<audio class=\"wp-audio-shortcode\" id=\"audio-436865-5\" preload=\"none\" style=\"width: 100%;\" controls=\"controls\"><source type=\"audio\/mpeg\" src=\"https:\/\/www.radiopiu.net\/wordpress\/wp-content\/uploads\/2025\/02\/barbara-servizio.mp3?_=5\" \/><a href=\"https:\/\/www.radiopiu.net\/wordpress\/wp-content\/uploads\/2025\/02\/barbara-servizio.mp3\">https:\/\/www.radiopiu.net\/wordpress\/wp-content\/uploads\/2025\/02\/barbara-servizio.mp3<\/a><\/audio>\n<p>&nbsp;<\/p>\n<p><strong>INGEGNER TITTON, DIRETTORE DEI LAVORI<\/strong><\/p>\n<audio class=\"wp-audio-shortcode\" id=\"audio-436865-6\" preload=\"none\" style=\"width: 100%;\" controls=\"controls\"><source type=\"audio\/mpeg\" src=\"https:\/\/www.radiopiu.net\/wordpress\/wp-content\/uploads\/2025\/02\/ing-titton.mp3?_=6\" \/><a href=\"https:\/\/www.radiopiu.net\/wordpress\/wp-content\/uploads\/2025\/02\/ing-titton.mp3\">https:\/\/www.radiopiu.net\/wordpress\/wp-content\/uploads\/2025\/02\/ing-titton.mp3<\/a><\/audio>\n<p>&nbsp;<\/p>\n<p><strong>L&#8217;ACCENSIONE<\/strong><\/p>\n<div style=\"width: 848px;\" class=\"wp-video\"><video class=\"wp-video-shortcode\" id=\"video-436865-1\" width=\"848\" height=\"480\" preload=\"metadata\" controls=\"controls\"><source type=\"video\/mp4\" src=\"https:\/\/www.radiopiu.net\/wordpress\/wp-content\/uploads\/2025\/02\/WhatsApp-Video-2025-02-27-at-16.11.48.mp4?_=1\" \/><a href=\"https:\/\/www.radiopiu.net\/wordpress\/wp-content\/uploads\/2025\/02\/WhatsApp-Video-2025-02-27-at-16.11.48.mp4\">https:\/\/www.radiopiu.net\/wordpress\/wp-content\/uploads\/2025\/02\/WhatsApp-Video-2025-02-27-at-16.11.48.mp4<\/a><\/video><\/div>\n<p>&nbsp;<\/p>\n<p>&nbsp;<\/p>\n<hr \/>\n<p>&nbsp;<\/p>\n<p>&nbsp;<\/p>\n<blockquote>\n<h3 data-start=\"0\" data-end=\"66\"><strong data-start=\"0\" data-end=\"66\">Cane con la Leishmania a Limana: Allerta per la Salute Animale<\/strong><\/h3>\n<\/blockquote>\n<h3 data-start=\"0\" data-end=\"66\"><img loading=\"lazy\" decoding=\"async\" class=\"alignleft\" src=\"https:\/\/www.radiopiu.net\/wordpress\/wp-content\/uploads\/2025\/02\/48b0b820-16ed-4c27-a207-94d52b5f749f-300x300.webp\" width=\"134\" height=\"134\" \/><\/h3>\n<p><strong>LIMANA<\/strong><\/p>\n<p>Nel comune di Limana, un cane sintomatico\u00a0 testato positivo alla Leishmania, come confermato dall\u2019Ulss 1 Dolomiti. Anche un cane convivente, asintomatico, mostra un basso titolo anticorpale.<\/p>\n<p>Il veterinario Leonardo Pancera ha diffuso la comunicazione per informare i proprietari e attivare misure di profilassi. La leishmaniosi, malattia parassitaria zoonotica, non si trasmette direttamente all\u2019uomo. Le autorit\u00e0 raccomandano massima attenzione preventiva.<\/p>\n<p>&nbsp;<\/p>\n<p>&nbsp;<\/p>\n<hr \/>\n<p>&nbsp;<\/p>\n<blockquote>\n<h3 data-start=\"0\" data-end=\"88\">Veneto pi\u00f9 competitivo con nuovi investimenti: via libera alla legge regionale 248<\/h3>\n<\/blockquote>\n<p data-start=\"90\" data-end=\"492\"><strong><a href=\"https:\/\/www.radiopiu.net\/wordpress\/wp-content\/uploads\/2025\/02\/85a61eab-7f57-4498-be29-8897c46326c7.webp\"><img loading=\"lazy\" decoding=\"async\" class=\"wp-image-436968 alignleft\" src=\"https:\/\/www.radiopiu.net\/wordpress\/wp-content\/uploads\/2025\/02\/85a61eab-7f57-4498-be29-8897c46326c7-300x300.webp\" alt=\"\" width=\"146\" height=\"146\" srcset=\"https:\/\/www.radiopiu.net\/wordpress\/wp-content\/uploads\/2025\/02\/85a61eab-7f57-4498-be29-8897c46326c7-300x300.webp 300w, https:\/\/www.radiopiu.net\/wordpress\/wp-content\/uploads\/2025\/02\/85a61eab-7f57-4498-be29-8897c46326c7-150x150.webp 150w, https:\/\/www.radiopiu.net\/wordpress\/wp-content\/uploads\/2025\/02\/85a61eab-7f57-4498-be29-8897c46326c7-768x768.webp 768w, https:\/\/www.radiopiu.net\/wordpress\/wp-content\/uploads\/2025\/02\/85a61eab-7f57-4498-be29-8897c46326c7.webp 1024w\" sizes=\"auto, (max-width: 146px) 100vw, 146px\" \/><\/a>BELLUNO<\/strong><\/p>\n<p data-start=\"90\" data-end=\"492\">Lorraine Berton, presidente di Confindustria Belluno Dolomiti, esprime soddisfazione per l\u2019approvazione del Progetto di Legge Regionale n. 248, che mira ad attrarre investimenti in Veneto, rafforzando l\u2019eccellenza del Made in Italy. La normativa introduce agevolazioni fiscali, tra cui la riduzione dell\u2019IRAP per cinque anni, il recupero di siti industriali dismessi e la semplificazione burocratica.<\/p>\n<p data-start=\"494\" data-end=\"925\" data-is-last-node=\"\" data-is-only-node=\"\">Con un finanziamento di 47 milioni di euro, la legge punta anche a potenziare formazione e innovazione, coinvolgendo Universit\u00e0 e centri di ricerca. Berton sottolinea l\u2019importanza di creare un ecosistema favorevole alle imprese, valorizzando la sinergia tra aziende e istituzioni. L\u2019obiettivo \u00e8 rendere il Veneto un polo attrattivo per investimenti nazionali e internazionali, anche in vista delle Olimpiadi di Milano-Cortina 2026.<\/p>\n<p>&nbsp;<\/p>\n<p>&nbsp;<\/p>\n<hr \/>\n<p>&nbsp;<\/p>\n<blockquote>\n<h2><b><span style=\"color: #0073aa;\"><span style=\"background-color: #d5d5d5;\">\u00a0<\/span><\/span>Boscaini\u00a0 Presidente di Confindustria Veneto<\/b><\/h2>\n<\/blockquote>\n<p><strong><a class=\"dt-pswp-item\" href=\"https:\/\/www.radiopiu.net\/wordpress\/wp-content\/uploads\/2025\/02\/Senza-nome-88.png\" data-dt-img-description=\"\" data-large_image_width=\"151\" data-large_image_height=\"128\"><img loading=\"lazy\" decoding=\"async\" class=\"size-full wp-image-436969 alignleft\" src=\"https:\/\/www.radiopiu.net\/wordpress\/wp-content\/uploads\/2025\/02\/Senza-nome-88.png\" alt=\"\" width=\"151\" height=\"128\" \/><\/a>BELLUNO_TREVISO<\/strong> Il Presidente della Camera di Commercio, Assocamerestero, Mario Pozza, si congratula con Raffaele Boscaini per la nomina a Presidente di Confindustria Veneto. La sua visione imprenditoriale rappresenta una guida preziosa per le sfide del territorio. Il sistema camerale, insieme a Venicepromex, si impegna a collaborare per favorire l\u2019internazionalizzazione e sostenere la competitivit\u00e0 delle imprese venete. Confindustria Veneto e le istituzioni condividono l\u2019obiettivo di promuovere lo sviluppo economico, puntando su export, investimenti e valorizzazione del made in Italy con il sostegno di Assocamerestero.<\/p>\n<p>&nbsp;<\/p>\n<p>&nbsp;<\/p>\n<hr \/>\n<p>&nbsp;<\/p>\n<blockquote>\n<h1>Accusato di due violenze sessuali: chiesto il rinvio a giudizio<\/h1>\n<\/blockquote>\n<p><strong><img loading=\"lazy\" decoding=\"async\" class=\"alignleft\" src=\"https:\/\/www.radiopiu.net\/wordpress\/wp-content\/uploads\/2022\/06\/TRIBUNALE-2.jpg\" width=\"334\" height=\"251\" \/>OGGI LA GIUDIZIARIA<\/strong><\/p>\n<p><strong>DAL CORRIERE DELLE ALPI<\/strong><\/p>\n<p><strong>SINTESI, GIGI SOSSO<\/strong><\/p>\n<p>&nbsp;<\/p>\n<p><strong>FELTRE<\/strong> Un cittadino maghrebino, detenuto a Baldenich, \u00e8 accusato di due violenze sessuali: una su una quattordicenne e un\u2019altra su una donna adulta. Il giudice ha rinviato l\u2019udienza per mancanza di traduzione in arabo. I genitori della minore si costituiranno parte civile. Nel pomeriggio si \u00e8 svolto l\u2019incidente probatorio per il secondo caso.<\/p>\n<p>&nbsp;<\/p>\n<p>&nbsp;<\/p>\n<div class=\"flex max-w-full flex-col flex-grow\">\n<div class=\"min-h-8 text-message relative flex w-full flex-col items-end gap-2 whitespace-normal break-words text-start [.text-message+&amp;]:mt-5\" dir=\"auto\" data-message-author-role=\"assistant\" data-message-id=\"c200eae8-fca5-49e6-b8ee-515825f7901b\" data-message-model-slug=\"gpt-4o\">\n<div class=\"flex w-full flex-col gap-1 empty:hidden first:pt-[3px]\">\n<div class=\"markdown prose w-full break-words dark:prose-invert dark\">\n<blockquote>\n<h3 data-start=\"0\" data-end=\"66\">Maltrattamenti in coppia a Feltre: attesa la decisione del giudice<\/h3>\n<\/blockquote>\n<\/div>\n<\/div>\n<\/div>\n<\/div>\n<p><strong>FELTRE<\/strong> Una coppia di Feltre coinvolta in un caso di maltrattamenti e lesioni. L\u2019uomo \u00e8 gi\u00e0 a processo con braccialetto elettronico, mentre per la donna \u00e8 stata chiesta l\u2019archiviazione, contro cui la controparte ha presentato opposizione. Il giudice deve decidere se archiviare, approfondire le indagini o procedere con l\u2019accusa.<\/p>\n<div class=\"mb-2 flex gap-3 empty:hidden -ml-2\">\n<div class=\"items-center justify-start rounded-xl p-1 flex\">\n<div class=\"flex items-center\">\n<div class=\"flex max-w-full flex-col flex-grow\">\n<div class=\"min-h-8 text-message relative flex w-full flex-col items-end gap-2 whitespace-normal break-words text-start [.text-message+&amp;]:mt-5\" dir=\"auto\" data-message-author-role=\"assistant\" data-message-id=\"41bd97e0-9b1d-49da-b4a8-54405819c9d0\" data-message-model-slug=\"gpt-4o\">\n<div class=\"flex w-full flex-col gap-1 empty:hidden first:pt-[3px]\">\n<div class=\"markdown prose w-full break-words dark:prose-invert dark\">\n<blockquote>\n<h3 data-start=\"0\" data-end=\"66\">Schernisce carabinieri e sanitari, poi sparisce: L.W. irreperibile<\/h3>\n<\/blockquote>\n<\/div>\n<\/div>\n<\/div>\n<\/div>\n<\/div>\n<\/div>\n<\/div>\n<div class=\"flex max-w-full flex-col flex-grow\">\n<div class=\"min-h-8 text-message relative flex w-full flex-col items-end gap-2 whitespace-normal break-words text-start [.text-message+&amp;]:mt-5\" dir=\"auto\" data-message-author-role=\"assistant\" data-message-id=\"b7a37c6d-b953-426b-b38f-6e90674277d9\" data-message-model-slug=\"gpt-4o\">\n<div class=\"flex w-full flex-col gap-1 empty:hidden first:pt-[3px]\">\n<div class=\"markdown prose w-full break-words dark:prose-invert dark\">\n<p data-start=\"0\" data-end=\"350\" data-is-last-node=\"\" data-is-only-node=\"\"><strong>AGORDO\u00a0<\/strong> L.W. \u00e8 accusato di interruzione di pubblico servizio, diffamazione aggravata e atti persecutori contro un carabiniere di Agordo. Ha schernito forze dell\u2019ordine e sanitari con palloncini e schiamazzi, postando tutto sui social. Irreperibile, il giudice ha dovuto restituire gli atti al PM per nuove ricerche. La vittima vuole costituirsi parte civile. Il problema \u00e8 che L.W. non si trova pi\u00f9: \u00e8 irreperibile e il giudice per le udienze preliminari<\/p>\n<\/div>\n<\/div>\n<\/div>\n<\/div>\n<div class=\"mb-2 flex gap-3 empty:hidden -ml-2\">\n<div class=\"items-center justify-start rounded-xl p-1 z-10 -mt-1 bg-token-main-surface-primary screen-arch:mt-1 md:absolute flex\">\n<blockquote>\n<h3 class=\"flex items-center pb-0\">Fumogeni durante la partita: daspo in arrivo dal questore<\/h3>\n<\/blockquote>\n<div class=\"flex items-center pb-0\"><strong>FELTRE<\/strong>\u00a0 Daspo inarrivo per qualche tifoso del Mestre Calcio.\u00a0 Domenica, allo stadio Zugni Tauro il tifo organizzato arancionero ha acceso dei fumogeni e agli agenti della Digos di Belluno\u00a0 non poteva sfuggire. In corso le indagini per individuare i tifosi che non potranno assistere ad altre manifestazioni sportive.<\/div>\n<div><\/div>\n<div>\n<blockquote>\n<h3 data-start=\"0\" data-end=\"76\">Ponte nelle Alpi, viola il divieto di accesso ai bar: patteggia 4 mesi<\/h3>\n<\/blockquote>\n<p data-start=\"78\" data-end=\"327\" data-is-last-node=\"\" data-is-only-node=\"\"><strong>PONTE NELLE ALPI\u00a0<\/strong> sottoposto a divieto di accesso ai locali di Ponte nelle Alpi e Belluno, \u00e8 stato sorpreso in un bar di Polpet. Difeso dagli avvocati Gasperin e Azzalini, ha patteggiato quattro mesi di pena sospesa davanti al giudice Luca Berletti.<\/p>\n<div class=\"flex max-w-full flex-col flex-grow\">\n<div class=\"min-h-8 text-message relative flex w-full flex-col items-end gap-2 whitespace-normal break-words text-start [.text-message+&amp;]:mt-5\" dir=\"auto\" data-message-author-role=\"assistant\" data-message-id=\"2f4c3d9d-9fc9-408f-b6d3-70fb77d57473\" data-message-model-slug=\"gpt-4o-mini\">\n<div class=\"flex w-full flex-col gap-1 empty:hidden first:pt-[3px]\">\n<div class=\"markdown prose w-full break-words dark:prose-invert dark\">\n<blockquote>\n<p data-start=\"0\" data-end=\"70\" data-is-last-node=\"\" data-is-only-node=\"\"><strong data-start=\"0\" data-end=\"70\" data-is-last-node=\"\" data-is-only-node=\"\">Risarcimento Danni: Udienza a Porte Chiuse al Tribunale di Belluno<\/strong><\/p>\n<\/blockquote>\n<\/div>\n<\/div>\n<\/div>\n<\/div>\n<\/div>\n<p data-start=\"78\" data-end=\"327\" data-is-last-node=\"\" data-is-only-node=\"\"><strong>SAN VITO DI CADORE<\/strong> Ieri, al Tribunale di Belluno, si \u00e8 tenuta un&#8217;udienza a porte chiuse per la richiesta di risarcimento danni del Comune di San Vito di Cadore, che chiede 144.526,44 euro a venticinque membri del Comitato No Variante Anas. La decisione del giudice Margiotta sar\u00e0 comunicata entro il 29 marzo.<\/p>\n<p data-start=\"78\" data-end=\"327\" data-is-last-node=\"\" data-is-only-node=\"\">\n<\/div>\n<\/div>\n<p>&nbsp;<\/p>\n<p>&nbsp;<\/p>\n<hr \/>\n<p>&nbsp;<\/p>\n<blockquote>\n<h1>L&#8217;ultimo giorno di servizio per Germano Dell&#8217;Antone: 39 anni di dedizione<\/h1>\n<\/blockquote>\n<p><strong><a class=\"dt-pswp-item\" href=\"https:\/\/www.radiopiu.net\/wordpress\/wp-content\/uploads\/2025\/02\/a5eb29a1-bbd4-43a6-8fd0-30f2b4e15c7a-1.jpg\" data-dt-img-description=\"\" data-large_image_width=\"1600\" data-large_image_height=\"1200\"><img loading=\"lazy\" decoding=\"async\" class=\"size-medium wp-image-436973 alignleft\" src=\"https:\/\/www.radiopiu.net\/wordpress\/wp-content\/uploads\/2025\/02\/a5eb29a1-bbd4-43a6-8fd0-30f2b4e15c7a-1-300x225.jpg\" alt=\"\" width=\"300\" height=\"225\" srcset=\"https:\/\/www.radiopiu.net\/wordpress\/wp-content\/uploads\/2025\/02\/a5eb29a1-bbd4-43a6-8fd0-30f2b4e15c7a-1-300x225.jpg 300w, https:\/\/www.radiopiu.net\/wordpress\/wp-content\/uploads\/2025\/02\/a5eb29a1-bbd4-43a6-8fd0-30f2b4e15c7a-1-1024x768.jpg 1024w, https:\/\/www.radiopiu.net\/wordpress\/wp-content\/uploads\/2025\/02\/a5eb29a1-bbd4-43a6-8fd0-30f2b4e15c7a-1-768x576.jpg 768w, https:\/\/www.radiopiu.net\/wordpress\/wp-content\/uploads\/2025\/02\/a5eb29a1-bbd4-43a6-8fd0-30f2b4e15c7a-1-1536x1152.jpg 1536w, https:\/\/www.radiopiu.net\/wordpress\/wp-content\/uploads\/2025\/02\/a5eb29a1-bbd4-43a6-8fd0-30f2b4e15c7a-1.jpg 1600w\" sizes=\"auto, (max-width: 300px) 100vw, 300px\" \/><\/a>ROCCA PIETORE<\/strong><\/p>\n<p data-start=\"83\" data-end=\"472\">Ieri si \u00e8 celebrato l\u2019ultimo giorno di servizio del Responsabile dell\u2019area economica finanziaria comunale, Germano Dell&#8217;Antone, che dopo 39 anni di onorato impegno va in meritata quiescenza. Durante questi anni, Germano ha dimostrato una passione autentica per il lavoro in Comune, trasformando ogni serata trascorsa in ufficio e ogni problema risolto in un atto di servizio per la comunit\u00e0.<\/p>\n<p data-start=\"474\" data-end=\"869\">Fin dal suo insediamento, ho potuto constatare in Germano una figura appassionata e dedita, un professionista la cui esperienza si \u00e8 rivelata fondamentale per affrontare le sfide quotidiane. Il suo contributo \u00e8 stato prezioso non solo per me, ma per l\u2019intero Ente, dimostrando che lavorare in Comune \u00e8 molto pi\u00f9 di un semplice impiego: \u00e8 una vera e propria vocazione al servizio dei cittadini.<\/p>\n<p data-start=\"871\" data-end=\"1057\">A nome di tutta la comunit\u00e0, auguro a Germano un futuro ricco di nuovi impegni e soddisfazioni. Grazie di cuore per questi 39 anni di dedizione e passione.<br data-start=\"1026\" data-end=\"1029\" \/>Gramarz\u00e8 de cuor, Germano!<\/p>\n<p data-start=\"1059\" data-end=\"1088\" data-is-last-node=\"\" data-is-only-node=\"\"><em data-start=\"1059\" data-end=\"1088\" data-is-last-node=\"\">L Capocomun, Valerio Davare<\/em><\/p>\n<p>&nbsp;<\/p>\n<hr \/>\n<p>&nbsp;<\/p>\n<p>&nbsp;<\/p>\n<p data-start=\"0\" data-end=\"187\"><a class=\"dt-pswp-item\" href=\"https:\/\/www.radiopiu.net\/wordpress\/wp-content\/uploads\/2021\/07\/f4c337a3-ac9c-493f-80be-951c4d412476.jpg\" data-dt-img-description=\"\" data-large_image_width=\"1080\" data-large_image_height=\"763\"><img loading=\"lazy\" decoding=\"async\" class=\"wp-image-222505 alignleft\" src=\"https:\/\/www.radiopiu.net\/wordpress\/wp-content\/uploads\/2021\/07\/f4c337a3-ac9c-493f-80be-951c4d412476-300x212.jpg\" alt=\"\" width=\"202\" height=\"143\" srcset=\"https:\/\/www.radiopiu.net\/wordpress\/wp-content\/uploads\/2021\/07\/f4c337a3-ac9c-493f-80be-951c4d412476-300x212.jpg 300w, https:\/\/www.radiopiu.net\/wordpress\/wp-content\/uploads\/2021\/07\/f4c337a3-ac9c-493f-80be-951c4d412476-1024x723.jpg 1024w, https:\/\/www.radiopiu.net\/wordpress\/wp-content\/uploads\/2021\/07\/f4c337a3-ac9c-493f-80be-951c4d412476-768x543.jpg 768w, https:\/\/www.radiopiu.net\/wordpress\/wp-content\/uploads\/2021\/07\/f4c337a3-ac9c-493f-80be-951c4d412476.jpg 1080w\" sizes=\"auto, (max-width: 202px) 100vw, 202px\" \/><\/a><strong>GUARDIA DI FINANZA: CONCORSO, PER TITOLI ED ESAMI, PER L\u2019AMMISSIONE DI N. 1.198 ALLIEVI MARESCIALLI AL 97\u00b0 CORSO PRESSO LA SCUOLA ISPETTORI E SOVRINTENDENTI \u2013 ANNO ACCADEMICO 2025\/2026.<\/strong><\/p>\n<p data-start=\"189\" data-end=\"370\" data-is-last-node=\"\" data-is-only-node=\"\">La selezione, aperta ai cittadini italiani tra 17 e 26 anni, prevede 1.108 posti ordinari e 90 di mare. Domande online entro il 26 marzo 2025. Tutti i dettagli sul portale dedicato. <a href=\"https:\/\/concorsi.gdf.gov.it\/index.aspx\"><span style=\"color: #0000ff;\">https:\/\/concorsi.gdf.gov.it<\/span><\/a><\/p>\n<p>&nbsp;<\/p>\n<p>&nbsp;<\/p>\n<p>&nbsp;<\/p>\n<hr \/>\n<p>&nbsp;<\/p>\n<blockquote>\n<h2>le votazioni per il rinnovo delle RSU alla Hydro Extrusion di Feltre<\/h2>\n<\/blockquote>\n<p data-start=\"107\" data-end=\"432\"><img loading=\"lazy\" decoding=\"async\" class=\"alignleft\" src=\"https:\/\/www.radiopiu.net\/wordpress\/wp-content\/uploads\/2025\/02\/FIOM-CGIL-hp1.jpg\" width=\"309\" height=\"232\" \/>La recente tornata elettorale ha visto la Fiom Cgil confermarsi maggioranza, eleggendo due delegati su tre, mentre un seggio \u00e8 passato alla Fim Cisl. Per la prima volta nella lunga storia dell\u2019azienda, la cui rappresentanza sindacale risale all\u2019immediato dopoguerra, viene eletta una donna come rappresentante dei lavoratori.<\/p>\n<p data-start=\"434\" data-end=\"871\">&#8220;In questo contesto &#8211; dice la <em data-start=\"1281\" data-end=\"1295\" data-is-last-node=\"\">Fiom Belluno &#8211;\u00a0<\/em> si esprimono i pi\u00f9 sinceri ringraziamenti e gli auguri di buon lavoro a Sara e Stefano, i nuovi delegati che guideranno le istanze sindacali. Un riconoscimento particolare va a De Carli Damiano, il quale, per ben 17 anni, ha ricoperto con passione e competenza il ruolo di delegato, proteggendo in modo esclusivo gli interessi delle lavoratrici e dei lavoratori in una realt\u00e0 caratterizzata da numerose problematiche. Questa elezione non solo segna un importante passo avanti per la rappresentanza interna, ma testimonia anche l\u2019impegno costante della Fiom di Belluno nel garantire una tutela efficace e inclusiva nel mondo del lavoro. La partecipazione attiva e la professionalit\u00e0 dei delegati sono elementi fondamentali per affrontare le sfide quotidiane e per promuovere un ambiente lavorativo sempre pi\u00f9 equo e dinamico&#8221;.<\/p>\n<p>&nbsp;<\/p>\n<hr \/>\n<p>&nbsp;<\/p>\n<blockquote>\n<h2>VITA SCOLASTICA DA SPORTIVI<\/h2>\n<\/blockquote>\n<p><strong>BORGO VALBELLUNA<\/strong><\/p>\n<p><strong>di Cristiana Dal To\u00e8<\/strong><\/p>\n<p align=\"JUSTIFY\"><span style=\"font-size: medium;\"><img decoding=\"async\" class=\"alignleft\" src=\"https:\/\/www.radiopiu.net\/wordpress\/wp-content\/uploads\/2025\/02\/studenti-alla-campestre-1.jpg\" \/><\/span><\/p>\n<div class=\"flex max-w-full flex-col flex-grow\">\n<div class=\"min-h-8 text-message relative flex w-full flex-col items-end gap-2 whitespace-normal break-words text-start [.text-message+&amp;]:mt-5\" dir=\"auto\" data-message-author-role=\"assistant\" data-message-id=\"8c82281c-3ffa-40ff-9734-cdf7ca7efa81\" data-message-model-slug=\"o3-mini\">\n<div class=\"flex w-full flex-col gap-1 empty:hidden first:pt-[3px]\">\n<div class=\"markdown prose w-full break-words dark:prose-invert dark\">\n<p data-start=\"57\" data-end=\"997\" data-is-last-node=\"\" data-is-only-node=\"\">L\u2019Istituto Comprensivo di Mel conferma il suo impegno verso lo sport come strumento formativo e di aggregazione. Dopo l\u2019evento promozionale del 18 ottobre 2024 a La Lora, organizzato con l\u2019ASD La Piave 2000 e partecipato da circa 250 studenti, si \u00e8 svolta la fase provinciale dei campionati studenteschi a Belluno il 27 febbraio 2025.<\/p>\n<p data-start=\"57\" data-end=\"997\" data-is-last-node=\"\" data-is-only-node=\"\">Sedici atleti, suddivisi nelle categorie Ragazze e Cadette, hanno gareggiato sotto un sole sorprendente. I risultati hanno visto uno sesto posto per le ragazze e un nono per i ragazzi della prima media, mentre nelle Cadette l\u2019ottavo posto femminile e il dodicesimo maschile. Inoltre, la staffetta integrata ha regalato un secondo posto grazie a una coppia di studenti. Parallelamente, il torneo di basket 3&#215;3 ha premiato il secondo classificato. Queste iniziative rafforzano il valore dello sport nella formazione e nella coesione della comunit\u00e0 studentesca. Garantiscono crescita e spirito collaborativo.<\/p>\n<\/div>\n<\/div>\n<\/div>\n<\/div>\n<p>&nbsp;<\/p>\n<p>&nbsp;<\/p>\n<p>&nbsp;<\/p>\n<p>&nbsp;<\/p>\n<hr \/>\n<p>&nbsp;<\/p>\n<blockquote>\n<h3>MERCOLEDI 5 MARZO IL PRIMO APPUNTAMENTO DI &#8220;A SCUOLA DI OLIMPIADI&#8221; AL TEATRO DINO BUZZATI<\/h3>\n<\/blockquote>\n<p><strong><a class=\"dt-pswp-item\" href=\"https:\/\/www.radiopiu.net\/wordpress\/wp-content\/uploads\/2025\/02\/4cbda5ad-8cfe-4868-b8d1-2590bdd59470.jpg\" data-dt-img-description=\"\" data-large_image_width=\"1142\" data-large_image_height=\"1600\"><img loading=\"lazy\" decoding=\"async\" class=\" wp-image-436985 alignleft\" src=\"https:\/\/www.radiopiu.net\/wordpress\/wp-content\/uploads\/2025\/02\/4cbda5ad-8cfe-4868-b8d1-2590bdd59470-214x300.jpg\" alt=\"\" width=\"126\" height=\"177\" srcset=\"https:\/\/www.radiopiu.net\/wordpress\/wp-content\/uploads\/2025\/02\/4cbda5ad-8cfe-4868-b8d1-2590bdd59470-214x300.jpg 214w, https:\/\/www.radiopiu.net\/wordpress\/wp-content\/uploads\/2025\/02\/4cbda5ad-8cfe-4868-b8d1-2590bdd59470-731x1024.jpg 731w, https:\/\/www.radiopiu.net\/wordpress\/wp-content\/uploads\/2025\/02\/4cbda5ad-8cfe-4868-b8d1-2590bdd59470-768x1076.jpg 768w, https:\/\/www.radiopiu.net\/wordpress\/wp-content\/uploads\/2025\/02\/4cbda5ad-8cfe-4868-b8d1-2590bdd59470-1096x1536.jpg 1096w, https:\/\/www.radiopiu.net\/wordpress\/wp-content\/uploads\/2025\/02\/4cbda5ad-8cfe-4868-b8d1-2590bdd59470.jpg 1142w\" sizes=\"auto, (max-width: 126px) 100vw, 126px\" \/><\/a>BELLUNO<\/strong> Entra nel vivo il progetto \u201cA scuola di Olimpiadi\u201d, promosso dal Comune di Belluno con il coinvolgimento di tre istituti superiori del capoluogo. Primo appuntamento pubblico, mercoled\u00ec 5 marzo con una serata tutta in musica.<\/p>\n<p><strong>DI DANIELE DALVIT<\/strong><\/p>\n<audio class=\"wp-audio-shortcode\" id=\"audio-436865-7\" preload=\"none\" style=\"width: 100%;\" controls=\"controls\"><source type=\"audio\/mpeg\" src=\"https:\/\/www.radiopiu.net\/wordpress\/wp-content\/uploads\/2025\/02\/Servizio-Olimpiadi-in-musica-Belluno.mp3?_=7\" \/><a href=\"https:\/\/www.radiopiu.net\/wordpress\/wp-content\/uploads\/2025\/02\/Servizio-Olimpiadi-in-musica-Belluno.mp3\">https:\/\/www.radiopiu.net\/wordpress\/wp-content\/uploads\/2025\/02\/Servizio-Olimpiadi-in-musica-Belluno.mp3<\/a><\/audio>\n<p>&nbsp;<\/p>\n<hr \/>\n<p>&nbsp;<\/p>\n<blockquote>\n<h3>NICOLE, DOTTORESSA IN GRAFICA CON 110 E LODE<\/h3>\n<\/blockquote>\n<p><strong><a class=\"dt-pswp-item\" href=\"https:\/\/www.radiopiu.net\/wordpress\/wp-content\/uploads\/2025\/02\/Laurea-Nicole-scaled.jpg\" data-dt-img-description=\"\" data-large_image_width=\"1920\" data-large_image_height=\"2560\"><img loading=\"lazy\" decoding=\"async\" class=\" wp-image-437051 alignleft\" src=\"https:\/\/www.radiopiu.net\/wordpress\/wp-content\/uploads\/2025\/02\/Laurea-Nicole-225x300.jpg\" alt=\"\" width=\"149\" height=\"199\" srcset=\"https:\/\/www.radiopiu.net\/wordpress\/wp-content\/uploads\/2025\/02\/Laurea-Nicole-225x300.jpg 225w, https:\/\/www.radiopiu.net\/wordpress\/wp-content\/uploads\/2025\/02\/Laurea-Nicole-768x1024.jpg 768w, https:\/\/www.radiopiu.net\/wordpress\/wp-content\/uploads\/2025\/02\/Laurea-Nicole-1152x1536.jpg 1152w, https:\/\/www.radiopiu.net\/wordpress\/wp-content\/uploads\/2025\/02\/Laurea-Nicole-1536x2048.jpg 1536w, https:\/\/www.radiopiu.net\/wordpress\/wp-content\/uploads\/2025\/02\/Laurea-Nicole-scaled.jpg 1920w\" sizes=\"auto, (max-width: 149px) 100vw, 149px\" \/><\/a><\/strong><\/p>\n<p><strong>FALCADE\u00a0<\/strong><\/p>\n<p data-start=\"17\" data-end=\"416\">Nicole Zasso, dottoressa Zasso, laureata con 110 e lode in Grafica presso l\u2019Accademia di Belle Arti SantaGiulia di Brescia il 26 febbraio 2025. Nicole ha presentato una tesi intitolata \u201cViaggiario: la comunicazione turistica, il prodotto editoriale e la nascita di una guida esperienziale\u201d, che evidenzia la sua capacit\u00e0 di coniugare creativit\u00e0 e analisi critica nel mondo della comunicazione turistica. &#8220;Siamo estremamente orgogliosi del suo brillante percorso e del successo ottenuto con impegno e passione &#8211; dicono i nonni Rodolfo e Silvana &#8211;<\/p>\n<p data-start=\"626\" data-end=\"832\"><em data-start=\"626\" data-end=\"832\">&#8220;Carissima Nicole, il tuo talento e la tua determinazione ci rendono fieri ogni giorno. Che questo traguardo sia solo l&#8217;inizio di una splendida carriera. Con amore e orgoglio, i nonni, Rodolfo e Silvana.&#8221;<\/em><\/p>\n<p>&nbsp;<\/p>\n<p>&nbsp;<\/p>\n<hr \/>\n<p>&nbsp;<\/p>\n<blockquote>\n<h2 data-start=\"0\" data-end=\"45\"><strong data-start=\"0\" data-end=\"45\">Neve di Carnevale: Previsioni e Sicurezza<\/strong><\/h2>\n<\/blockquote>\n<p data-start=\"47\" data-end=\"304\" data-is-last-node=\"\" data-is-only-node=\"\">Durante la settimana di Carnevale, la neve \u00e8 tornata. Misurazioni rivelano fino a 40 cm di neve fresca in altitudine, con fiocchi aggiuntivi previsti. Le stazioni sciistiche godono di panorami ideali, ma il rischio valanghe impone cautela per il fuoripista.<\/p>\n<blockquote class=\"wp-embedded-content\" data-secret=\"HLAoaEJCYb\"><p><a href=\"https:\/\/www.radiopiu.net\/wordpress\/dolomiti-neve-d\/\">DOLOMITI NEVE AL SUOLO<\/a><\/p><\/blockquote>\n<p><iframe loading=\"lazy\" class=\"wp-embedded-content\" sandbox=\"allow-scripts\" security=\"restricted\" style=\"position: absolute; visibility: hidden;\" title=\"&#8220;DOLOMITI NEVE AL SUOLO&#8221; &#8212; Radio Pi\u00f9\" src=\"https:\/\/www.radiopiu.net\/wordpress\/dolomiti-neve-d\/embed\/#?secret=OD79RoG5b6#?secret=HLAoaEJCYb\" data-secret=\"HLAoaEJCYb\" width=\"600\" height=\"338\" frameborder=\"0\" marginwidth=\"0\" marginheight=\"0\" scrolling=\"no\"><\/iframe><\/p>\n<p>&nbsp;<\/p>\n<hr \/>\n<p>&nbsp;<\/p>\n<blockquote>\n<h3>LIBERI NEL CORPO A BELLUNO<\/h3>\n<\/blockquote>\n<p><strong>BELLUNO<\/strong> LIBeRI nel corpo ha animato Belluno per quattro giorni con eventi culturali che hanno coinvolto un pubblico di tutte le et\u00e0. La rassegna ha celebrato il ritorno della Biblioteca Civica a Palazzo Crepadona, trasformandola in un luogo di scambio e condivisione. Gli incontri hanno registrato il tutto esaurito, dal teatro al cinema, dalle visite guidate allo yoga. Successo per la cena in biblioteca con lo chef Alessio De Bona e per l&#8217;evento finale con Liberamente Circo. Grande partecipazione anche agli incontri con Maura Gancitano, Cristian Ceresoli e alla proiezione de <em data-start=\"573\" data-end=\"600\">La scomparsa di mia madre<\/em>. Al Cinema Italia, il film muto <em data-start=\"633\" data-end=\"654\">Steamboat Bill, Jr.<\/em> \u00e8 stato musicato dal vivo da Paolo Fornasier, ottenendo un&#8217;ovazione dal pubblico.<\/p>\n<p>&nbsp;<\/p>\n<p>&nbsp;<\/p>\n<hr \/>\n<p>&nbsp;<\/p>\n<blockquote>\n<h3>GIORNATA MONDIALE DEL RENE: L&#8217;INCONTRO CON L&#8217;ULSS 1 DOLOMITI<\/h3>\n<\/blockquote>\n<p><strong><a class=\"dt-pswp-item\" href=\"https:\/\/www.radiopiu.net\/wordpress\/wp-content\/uploads\/2025\/02\/RENE.jpg\" data-dt-img-description=\"\" data-large_image_width=\"940\" data-large_image_height=\"550\"><img loading=\"lazy\" decoding=\"async\" class=\" wp-image-436595 alignleft\" src=\"https:\/\/www.radiopiu.net\/wordpress\/wp-content\/uploads\/2025\/02\/RENE-300x176.jpg\" alt=\"\" width=\"179\" height=\"105\" srcset=\"https:\/\/www.radiopiu.net\/wordpress\/wp-content\/uploads\/2025\/02\/RENE-300x176.jpg 300w, https:\/\/www.radiopiu.net\/wordpress\/wp-content\/uploads\/2025\/02\/RENE-768x449.jpg 768w, https:\/\/www.radiopiu.net\/wordpress\/wp-content\/uploads\/2025\/02\/RENE.jpg 940w\" sizes=\"auto, (max-width: 179px) 100vw, 179px\" \/><\/a>BELLUNO <\/strong>In occasione della giornata mondiale del rene, che ricorre il prossimo 13 marzo, l\u2019Ulss Dolomiti, con le unit\u00e0 operative di Nefrologia, organizza un incontro aperto a tutta la cittadinanza per sensibilizzare sull\u2019importanza della salute dei nostri reni e sul tema del trapianto. L\u2019 incontro dal titolo \u201cIl trapianto di rene da vivente\u201d si terr\u00e0 mercoled\u00ec 12 marzo 2025 alle 17.00 in sala convegni dell\u2019ospedale di Belluno. Interverranno Lucrezia Furian, Direttore UOC Chirurgia dei Trapianti di Rene e Pancreas dell\u2019Azienda Ospedale \u2013 Universit\u00e0 di Padova e Enrico Petranzan, Direttore Operativo del Centro Regionale Trapianti. Inoltre, durante l\u2019incontro saranno presentate testimonianze di donatori e trapiantati.<\/p>\n<p>&nbsp;<\/p>\n<p>&nbsp;<\/p>\n<hr \/>\n<p>&nbsp;<\/p>\n<blockquote>\n<h3>RIPARTONO I MERCOLEDI DELLA SALUTE<\/h3>\n<\/blockquote>\n<p><strong><a class=\"dt-pswp-item\" href=\"https:\/\/www.radiopiu.net\/wordpress\/wp-content\/uploads\/2025\/02\/MERCOL-SAL.jpg\" data-dt-img-description=\"\" data-large_image_width=\"927\" data-large_image_height=\"695\"><img loading=\"lazy\" decoding=\"async\" class=\" wp-image-436597 alignleft\" src=\"https:\/\/www.radiopiu.net\/wordpress\/wp-content\/uploads\/2025\/02\/MERCOL-SAL-300x225.jpg\" alt=\"\" width=\"145\" height=\"109\" srcset=\"https:\/\/www.radiopiu.net\/wordpress\/wp-content\/uploads\/2025\/02\/MERCOL-SAL-300x225.jpg 300w, https:\/\/www.radiopiu.net\/wordpress\/wp-content\/uploads\/2025\/02\/MERCOL-SAL-768x576.jpg 768w, https:\/\/www.radiopiu.net\/wordpress\/wp-content\/uploads\/2025\/02\/MERCOL-SAL.jpg 927w\" sizes=\"auto, (max-width: 145px) 100vw, 145px\" \/><\/a>FELTRE <\/strong>Ripartono a Feltre \u201cI Mercoled\u00ec della Salute\u201d: il ciclo di incontri informativi organizzati dall\u2019Ulss Dolomiti, aperti a tutta la cittadinanza, per approfondire con i professionisti alcune tematiche legate alla promozione della salute e alla prevenzione. Il primo appuntamento si terr\u00e0 mercoled\u00ec 5 marzo 2025 alle 17.30 in Sala Convegni dell\u2019Ospedale di Feltre e sar\u00e0 dedicato al tema \u201cAlcol: rischi e consapevolezza tra salute e legalit\u00e0\u201d. Durante l\u2019incontro interverranno: Andrea Buda \u2013 Direttore della Gastroenterologia di Feltre, Amalia Manzan \u2013 Direttore del Servizio Dipendenze e Matteo Sponga \u2013 Direttore della Medicina Legale.<\/p>\n<p>&nbsp;<\/p>\n<p>&nbsp;<\/p>\n<hr \/>\n<p>&nbsp;<\/p>\n<blockquote>\n<h3>PENSIONI IN PAGAMENTO DA DOMANI<\/h3>\n<\/blockquote>\n<p><strong>BELLUNO<\/strong> <span class=\"s2\"> Poste Italiane comunica che in tutti gli uffici postali della provincia di Belluno le pensioni saranno in pagamento a partire da domani. <span class=\"s1\">Per evitare tempi di attesa superiori alla media, Poste Italiane consiglia a tutti i pensionati, ove possibile, di recarsi a ritirare la pensione in tarda mattinata o durante le ore pomeridiane privilegiando i giorni successivi ai primi.<\/span><\/span><\/p>\n<p>&nbsp;<\/p>\n<p>&nbsp;<\/p>\n<hr \/>\n<p>&nbsp;<\/p>\n<blockquote>\n<h3>ASSEMBLEA PER I SOCI DELL&#8217;UNION LADINA AGORDINA<\/h3>\n<\/blockquote>\n<p><strong>VOLTAGO<\/strong><\/p>\n<p>DI GIANNI SANTOMASO<\/p>\n<audio class=\"wp-audio-shortcode\" id=\"audio-436865-8\" preload=\"none\" style=\"width: 100%;\" controls=\"controls\"><source type=\"audio\/mpeg\" src=\"https:\/\/www.radiopiu.net\/wordpress\/wp-content\/uploads\/2025\/02\/GIANNI-ASSEMBLEA-PER-I-SOCI-DELLUNION-LADINA-AGORDINA-SCAD-1-MAR.mp3?_=8\" \/><a href=\"https:\/\/www.radiopiu.net\/wordpress\/wp-content\/uploads\/2025\/02\/GIANNI-ASSEMBLEA-PER-I-SOCI-DELLUNION-LADINA-AGORDINA-SCAD-1-MAR.mp3\">https:\/\/www.radiopiu.net\/wordpress\/wp-content\/uploads\/2025\/02\/GIANNI-ASSEMBLEA-PER-I-SOCI-DELLUNION-LADINA-AGORDINA-SCAD-1-MAR.mp3<\/a><\/audio>\n<p>&nbsp;<\/p>\n<hr \/>\n<p>&nbsp;<\/p>\n<blockquote>\n<h3>ASSEMBLEA DEI SOCI DEL GAMP<\/h3>\n<\/blockquote>\n<p><strong>AGORDO<\/strong><\/p>\n<p>DI GIANNI SANTOMASO<\/p>\n<audio class=\"wp-audio-shortcode\" id=\"audio-436865-9\" preload=\"none\" style=\"width: 100%;\" controls=\"controls\"><source type=\"audio\/mpeg\" src=\"https:\/\/www.radiopiu.net\/wordpress\/wp-content\/uploads\/2025\/02\/GIANNI-ASSMBLEA-DEI-SOCI-DEL-GAMP-SCAD-1-MAR.mp3?_=9\" \/><a href=\"https:\/\/www.radiopiu.net\/wordpress\/wp-content\/uploads\/2025\/02\/GIANNI-ASSMBLEA-DEI-SOCI-DEL-GAMP-SCAD-1-MAR.mp3\">https:\/\/www.radiopiu.net\/wordpress\/wp-content\/uploads\/2025\/02\/GIANNI-ASSMBLEA-DEI-SOCI-DEL-GAMP-SCAD-1-MAR.mp3<\/a><\/audio>\n<p>&nbsp;<\/p>\n<hr \/>\n<p>&nbsp;<\/p>\n<blockquote>\n<h3><a class=\"dt-pswp-item\" href=\"https:\/\/www.radiopiu.net\/wordpress\/wp-content\/uploads\/2023\/03\/ALPINI.png\" data-dt-img-description=\"\" data-large_image_width=\"245\" data-large_image_height=\"208\"><img loading=\"lazy\" decoding=\"async\" class=\" wp-image-326487 alignleft\" src=\"https:\/\/www.radiopiu.net\/wordpress\/wp-content\/uploads\/2023\/03\/ALPINI.png\" alt=\"\" width=\"118\" height=\"100\" \/><\/a>L&#8217;ASSEMBLEA DELL&#8217;ANA BELLUNO<\/h3>\n<\/blockquote>\n<p><strong>BELLUNO<\/strong> L\u2019assemblea dei delegati ANA Belluno si terr\u00e0 domenica\u00a0 a Belluno, presso la Caserma Salsa\/D\u2019Angelo. La giornata inizier\u00e0 con una Messa in memoria dei caduti, seguita da una sfilata e una cerimonia alla Caserma del 7\u00b0 Alpini. Dopo le operazioni preliminari, alle 10.30 si svolger\u00e0 l\u2019assemblea annuale ordinaria. L\u2019evento si concluder\u00e0 con un pranzo al ristorante \u201cAl Parco\u201d di Coi di Navasa.<\/p>\n<p>&nbsp;<\/p>\n<p>&nbsp;<\/p>\n<hr \/>\n<p>&nbsp;<\/p>\n<blockquote>\n<h3>L&#8217;AUSER COL BEL DI TISER CONVOCA I SOCI<\/h3>\n<\/blockquote>\n<p><strong>RIVAMONTE <\/strong>L&#8217;Associazione Auser Col Bel di Tiser convoca l&#8217;Assemblea Congressuale dei Soci per domani presso la Casa della Giovent\u00f9 a Rivamonte Agordino alle 15. All&#8217;ordine del giorno figurano la nomina del Presidente dell&#8217;Assemblea, la relazione del Presidente, l&#8217;approvazione del bilancio, l&#8217;elezione del Comitato Direttivo, della Presidenza e dei delegati all&#8217;assemblea provinciale, oltre a discussioni e votazioni su vari punti.<\/p>\n<p>&nbsp;<\/p>\n<p>&nbsp;<\/p>\n<hr \/>\n<p>&nbsp;<\/p>\n<blockquote>\n<h3>DOMANI A CANALE D&#8217;AGORDO NEL RICORDO DI BATTISTA COSTANTINI IN DIRETTA SUI CANALI SOCIAL DI RADIOPIU<\/h3>\n<\/blockquote>\n<p><strong><a class=\"dt-pswp-item\" href=\"https:\/\/www.radiopiu.net\/wordpress\/wp-content\/uploads\/2025\/02\/GDLKJGAOY-1.jpg\" data-dt-img-description=\"\" data-large_image_width=\"1080\" data-large_image_height=\"1158\"><img loading=\"lazy\" decoding=\"async\" class=\" wp-image-436440 alignleft\" src=\"https:\/\/www.radiopiu.net\/wordpress\/wp-content\/uploads\/2025\/02\/GDLKJGAOY-1-280x300.jpg\" alt=\"\" width=\"205\" height=\"220\" srcset=\"https:\/\/www.radiopiu.net\/wordpress\/wp-content\/uploads\/2025\/02\/GDLKJGAOY-1-280x300.jpg 280w, https:\/\/www.radiopiu.net\/wordpress\/wp-content\/uploads\/2025\/02\/GDLKJGAOY-1-955x1024.jpg 955w, https:\/\/www.radiopiu.net\/wordpress\/wp-content\/uploads\/2025\/02\/GDLKJGAOY-1-768x823.jpg 768w, https:\/\/www.radiopiu.net\/wordpress\/wp-content\/uploads\/2025\/02\/GDLKJGAOY-1.jpg 1080w\" sizes=\"auto, (max-width: 205px) 100vw, 205px\" \/><\/a>CANALE D&#8217;AGORDO Domani<\/strong>, a Canale d\u2019Agordo, i forestali che a vario titolo hanno collaborato con lui, ricorderanno, nel trentennale dalla scomparsa, la figura del dott. Battista Costantini, che nel periodo 1974-1995 fu capo del Dipartimento per le Foreste e l\u2019Economia montana e Segretario per le Attivit\u00e0 produttive del Settore Primario della Regione Veneto. Tecnici forestali e amministratori della montagna veneta non dimenticano l\u2019impegno, la fantasia, l\u2019energia profusa in quegli anni da Costantini. Dalla sistemazione del territorio dopo l\u2019alluvione del 1966 al primo monitoraggio dello stesso attraverso i satelliti, Costantini \u00e8 stato il motore di un continuo sforzo di crescita del settore forestale e dell\u2019ambiente montano, con echi anche a livello\u00a0 internazionale. Il programma della giornata prevede con inizio alle ore 10,00, presso la sala Zand\u00f2 di Canale d\u2019Agordo, i seguenti interventi: Orazio Andrich: \u201cLa matrice ancestrale: la selvicoltura e la pianificazione forestale\u201d; Antonio Santocono: \u201cLa nascita della Direzione Foreste: l\u2019innovazione e la ricerca in campo forestale\u201d; Massimo Crespi: \u201cBattista Costantini: un uomo per tutte le stagioni\u201d; Guido Munari: \u201cUna collaborazione interessante sul piano professionale ed umano\u201d; Paola Berto: \u201cL\u2019approccio integrato alla difesa idrogeologica\u201d; Paolo Zanetti e Flavio De Nicol\u00f2: \u201cI legami con il CFS\u201d; Orazio Andrich: \u201cLe lezioni apprese per la gestione della Montagna &#8211; Conclusioni\u201d. Alle ore 12,00 Santa Messa in suffragio, presso la Chiesa Arcipretale.<\/p>\n<p>&nbsp;<\/p>\n<p><strong>GRAZIE A PIERANTONIO ZANCHETTA PER IL VIDEO D&#8217;ARCHIVIO<\/strong><\/p>\n<div style=\"width: 768px;\" class=\"wp-video\"><video class=\"wp-video-shortcode\" id=\"video-436865-2\" width=\"768\" height=\"576\" preload=\"metadata\" controls=\"controls\"><source type=\"video\/mp4\" src=\"https:\/\/www.radiopiu.net\/wordpress\/wp-content\/uploads\/2025\/02\/WhatsApp-Video-2025-02-24-at-17.33.48.mp4?_=2\" \/><a href=\"https:\/\/www.radiopiu.net\/wordpress\/wp-content\/uploads\/2025\/02\/WhatsApp-Video-2025-02-24-at-17.33.48.mp4\">https:\/\/www.radiopiu.net\/wordpress\/wp-content\/uploads\/2025\/02\/WhatsApp-Video-2025-02-24-at-17.33.48.mp4<\/a><\/video><\/div>\n<p>&nbsp;<\/p>\n<p>&nbsp;<\/p>\n<hr \/>\n<p>&nbsp;<\/p>\n<blockquote class=\"wp-embedded-content\" data-secret=\"lIZ7ldisf1\"><p><a href=\"https:\/\/www.radiopiu.net\/wordpress\/la-riva-dei-castei-el-pisandol-che-non-ce-piu\/\">LA RIVA DEI CASTEI &#8220;EL PISANDOL&#8221; CHE NON C&#8217;E&#8217; PIU&#8217;<\/a><\/p><\/blockquote>\n<p><iframe loading=\"lazy\" class=\"wp-embedded-content\" sandbox=\"allow-scripts\" security=\"restricted\" style=\"position: absolute; visibility: hidden;\" title=\"&#8220;LA RIVA DEI CASTEI &#8220;EL PISANDOL&#8221; CHE NON C&#8217;E&#8217; PIU&#8217;&#8221; &#8212; Radio Pi\u00f9\" src=\"https:\/\/www.radiopiu.net\/wordpress\/la-riva-dei-castei-el-pisandol-che-non-ce-piu\/embed\/#?secret=ung2juKkgG#?secret=lIZ7ldisf1\" data-secret=\"lIZ7ldisf1\" width=\"600\" height=\"338\" frameborder=\"0\" marginwidth=\"0\" marginheight=\"0\" scrolling=\"no\"><\/iframe><\/p>\n<p>&nbsp;<\/p>\n<hr \/>\n<p>&nbsp;<\/p>\n<blockquote>\n<h3>TORNA A BELLUNO &#8220;IL VENTO TRA I CAPELLI&#8221;, LA PEDONATA NON COMPETITIVA DEL COMITATO PREVENZIONE SALUTE DONNA<\/h3>\n<\/blockquote>\n<p><strong><a class=\"dt-pswp-item\" href=\"https:\/\/www.radiopiu.net\/wordpress\/wp-content\/uploads\/2025\/02\/VENTO-CAPELLI-2025.jpg\" data-dt-img-description=\"\" data-large_image_width=\"767\" data-large_image_height=\"508\"><img loading=\"lazy\" decoding=\"async\" class=\" wp-image-436420 alignleft\" src=\"https:\/\/www.radiopiu.net\/wordpress\/wp-content\/uploads\/2025\/02\/VENTO-CAPELLI-2025-300x199.jpg\" alt=\"\" width=\"220\" height=\"146\" srcset=\"https:\/\/www.radiopiu.net\/wordpress\/wp-content\/uploads\/2025\/02\/VENTO-CAPELLI-2025-300x199.jpg 300w, https:\/\/www.radiopiu.net\/wordpress\/wp-content\/uploads\/2025\/02\/VENTO-CAPELLI-2025.jpg 767w\" sizes=\"auto, (max-width: 220px) 100vw, 220px\" \/><\/a>BELLUNO<\/strong> \u200b<span class=\"relative -mx-px my-[-0.2rem] rounded px-px py-[0.2rem]\">La 19\u00aa edizione della pedonata solidale &#8220;Il Vento tra i Capelli&#8221; si terr\u00e0 il 16 marzo 2025 alle 10 in Piazza dei Martiri a Belluno.<\/span> <span class=\"relative -mx-px my-[-0.2rem] rounded px-px py-[0.2rem]\">Organizzata dal Comitato Progetto Prevenzione Salute Donna, l&#8217;evento mira a sensibilizzare sull&#8217;importanza della prevenzione e della diagnosi precoce, incoraggiando le donne a prendersi cura della propria salute.<\/span> <span class=\"relative -mx-px my-[-0.2rem] rounded px-px py-[0.2rem]\">I fondi raccolti saranno destinati all&#8217;acquisto di strumenti diagnostici avanzati per l&#8217;Ospedale di Belluno, al fine di migliorare la precisione delle diagnosi.<\/span> <span class=\"relative -mx-px my-[-0.2rem] rounded px-px py-[0.2rem]\">Le iscrizioni saranno aperte dalle ore 9:00 del giorno stesso presso l&#8217;area antistante il Caff\u00e8 Manin, dove verr\u00e0 consegnata una maglietta colorata, simbolo della manifestazione, da indossare durante il percorso di circa 5 km attraverso le vie del centro cittadino.<\/span> <span class=\"relative -mx-px my-[-0.2rem] rounded px-px py-[0.2rem]\">La partecipazione \u00e8 aperta a tutti e il percorso \u00e8 adatto a persone di tutte le et\u00e0, inclusi passeggini e carrozzine.<\/span> <span class=\"relative -mx-px my-[-0.2rem] rounded px-px py-[0.2rem]\">Unisciti a noi per diffondere un messaggio di speranza e contribuire concretamente alla causa.<\/span><\/p>\n<p>&nbsp;<\/p>\n<hr \/>\n<p>&nbsp;<\/p>\n<blockquote>\n<h1>RUN TRIP LIFE<\/h1>\n<\/blockquote>\n<p><b><a class=\"dt-pswp-item\" href=\"https:\/\/www.radiopiu.net\/wordpress\/wp-content\/uploads\/2025\/02\/Senza-nome-87.png\" data-dt-img-description=\"\" data-large_image_width=\"150\" data-large_image_height=\"95\"><img loading=\"lazy\" decoding=\"async\" class=\"size-full wp-image-436966 alignleft\" src=\"https:\/\/www.radiopiu.net\/wordpress\/wp-content\/uploads\/2025\/02\/Senza-nome-87.png\" alt=\"\" width=\"150\" height=\"95\" \/><\/a>Proiezione docu-film \u201cRun Trip Life\u201d \u2013 Il Viaggio della Vita. domani, un&#8217;iniziativa Circolo dei Sardi nel Bellunese<\/b><\/p>\n<p><strong>BELLUNO<\/strong> Innovare e superare le barriere, proiezione del film documentario e dibattito, domani alle 18 con ingresso libero nella sala polifunzionale di Cavarzano. Sar\u00e0 presente il regista Karim Galici e il protagonista Marco Altea.<\/p>\n<p><i>Il documentario \u00e8 uno straordinario diario di bordo del percorso che l&#8217;autore intraprende con il protagonista alla volta di San Francisco, cuore pulsante delle innovazioni tecnologiche, per incontrare le eccellenze e le brillanti menti dietro le startup pi\u00f9 influenti del mondo, tra cui Google.<\/i><\/p>\n<p>&nbsp;<\/p>\n<hr \/>\n<p>&nbsp;<\/p>\n<blockquote>\n<h3>MARIO VIELMO, IL PRIMO ALPINISTA VENETO DEI 14 OTTOMILA, AL NOF FILO&#8217; DI CENCENIGHE<\/h3>\n<\/blockquote>\n<p><strong><a class=\"dt-pswp-item\" href=\"https:\/\/www.radiopiu.net\/wordpress\/wp-content\/uploads\/2025\/02\/Mario-in-vetta-al-Nanga-Parbat-8126m-3-luglio-2023-ore-1630.png\" data-dt-img-description=\"\" data-large_image_width=\"1434\" data-large_image_height=\"893\"><img loading=\"lazy\" decoding=\"async\" class=\" wp-image-436157 alignleft\" src=\"https:\/\/www.radiopiu.net\/wordpress\/wp-content\/uploads\/2025\/02\/Mario-in-vetta-al-Nanga-Parbat-8126m-3-luglio-2023-ore-1630-300x187.png\" alt=\"\" width=\"191\" height=\"119\" srcset=\"https:\/\/www.radiopiu.net\/wordpress\/wp-content\/uploads\/2025\/02\/Mario-in-vetta-al-Nanga-Parbat-8126m-3-luglio-2023-ore-1630-300x187.png 300w, https:\/\/www.radiopiu.net\/wordpress\/wp-content\/uploads\/2025\/02\/Mario-in-vetta-al-Nanga-Parbat-8126m-3-luglio-2023-ore-1630-1024x638.png 1024w, https:\/\/www.radiopiu.net\/wordpress\/wp-content\/uploads\/2025\/02\/Mario-in-vetta-al-Nanga-Parbat-8126m-3-luglio-2023-ore-1630-768x478.png 768w, https:\/\/www.radiopiu.net\/wordpress\/wp-content\/uploads\/2025\/02\/Mario-in-vetta-al-Nanga-Parbat-8126m-3-luglio-2023-ore-1630.png 1434w\" sizes=\"auto, (max-width: 191px) 100vw, 191px\" \/><\/a>CENCENIGHE<\/strong> Il Gruppo Amici della Montagna di Cencenighe, con il patrocinio del Comune, organizza una serata con l&#8217;alpinista Mario Vielmo, primo veneto a scalare tutti i 14 ottomila della Terra. L&#8217;evento, intitolato <em data-start=\"204\" data-end=\"271\">&#8220;Mario Vielmo, una vita per gli ottomila in Himalaya e Karakorum&#8221;<\/em>, si terr\u00e0 domani alle 20:45 presso il Nof Fil\u00f2 di Cencenighe Agordino, con ingresso libero. Vielmo, nato a Lonigo nel 1964, ha completato la sua impresa nell\u2019ottobre 2024 con la scalata dello Shisha Pangma (8.027 m). Il suo viaggio nelle alte quote \u00e8 iniziato nel 1996, raggiungendo il primo ottomila nel 1998. Durante la serata, moderata da Gianpaolo Soratroi, Vielmo racconter\u00e0 le sue esperienze con immagini e filmati. L&#8217;evento si inserisce nella tradizione del Gruppo Amici della Montagna, che da anni ospita alpinisti di fama internazionale. Sar\u00e0 un\u2019occasione per conoscere da vicino uno dei pi\u00f9 grandi alpinisti italiani e il lato umano delle sue imprese.<\/p>\n<h3><span style=\"color: #ff0000;\"><strong>LO SPECIALE ALLA RADIO\u00a0<\/strong><\/span><\/h3>\n<p><strong>DI LUISA MANFROI<\/strong><\/p>\n<p>OSPITE: Mario Vielmo<\/p>\n<audio class=\"wp-audio-shortcode\" id=\"audio-436865-10\" preload=\"none\" style=\"width: 100%;\" controls=\"controls\"><source type=\"audio\/mpeg\" src=\"https:\/\/www.radiopiu.net\/wordpress\/wp-content\/uploads\/2025\/02\/LUISA-MANFROI-SPECIALE-Serata_GAM_Vielmo-scadenza-01-marzo.mp3?_=10\" \/><a href=\"https:\/\/www.radiopiu.net\/wordpress\/wp-content\/uploads\/2025\/02\/LUISA-MANFROI-SPECIALE-Serata_GAM_Vielmo-scadenza-01-marzo.mp3\">https:\/\/www.radiopiu.net\/wordpress\/wp-content\/uploads\/2025\/02\/LUISA-MANFROI-SPECIALE-Serata_GAM_Vielmo-scadenza-01-marzo.mp3<\/a><\/audio>\n<p>&nbsp;<\/p>\n<p>&nbsp;<\/p>\n<hr \/>\n<p>&nbsp;<\/p>\n<blockquote>\n<p data-start=\"0\" data-end=\"60\"><strong data-start=\"0\" data-end=\"58\"><a class=\"dt-pswp-item\" href=\"https:\/\/www.radiopiu.net\/wordpress\/wp-content\/uploads\/2025\/02\/Senza-nome-50.png\" data-dt-img-description=\"\" data-large_image_width=\"180\" data-large_image_height=\"222\"><img loading=\"lazy\" decoding=\"async\" class=\" wp-image-435124 alignleft\" src=\"https:\/\/www.radiopiu.net\/wordpress\/wp-content\/uploads\/2025\/02\/Senza-nome-50.png\" alt=\"\" width=\"119\" height=\"147\" \/><\/a>Longarone: corso gratuito per l\u2019uso del defibrillatore<\/strong><\/p>\n<\/blockquote>\n<p><strong>LONGARONE<\/strong> si terr\u00e0 a marzo un corso gratuito B.L.S.D. (Basic Life Support and Defibrillation) per insegnare l\u2019uso del defibrillatore semiautomatico esterno e le tecniche di rianimazione. L\u2019iniziativa, promossa dal Comune con la Pro Loco e altre associazioni, mira a formare cittadini in grado di gestire emergenze cardiache. Due defibrillatori sono gi\u00e0 presenti in paese, ma la conoscenza del loro utilizzo \u00e8 fondamentale. Iscrizioni entro il 9 marzo tramite la Pro Loco di Longarone.<\/p>\n<p>&nbsp;<\/p>\n<p>&nbsp;<\/p>\n<p>&nbsp;<\/p>\n<hr \/>\n<p>&nbsp;<\/p>\n<blockquote>\n<h3>LA TERZA EDIZIONE DI INCONTRI TRA NATURA E SCIENZA<\/h3>\n<\/blockquote>\n<p><strong>BELLUNO<\/strong> In sala Bianchi a Belluno parte la terza edizione di &#8220;Incontri Tra Natura e Scienza&#8221;, organizzato dal Gruppo Natura Bellunese. Saranno 3 gli appuntamenti con le conferenze di stampo divulgativo che trattano vari aspetti legati alla natura del nostro territorio<\/p>\n<p><strong>MANOLO PIAT, VICEPRESIDENTE DEL GRUPPO NATURA BELLUNESE<\/strong><\/p>\n<audio class=\"wp-audio-shortcode\" id=\"audio-436865-11\" preload=\"none\" style=\"width: 100%;\" controls=\"controls\"><source type=\"audio\/mpeg\" src=\"https:\/\/www.radiopiu.net\/wordpress\/wp-content\/uploads\/2025\/02\/MANOLO-PIAT.mp3?_=11\" \/><a href=\"https:\/\/www.radiopiu.net\/wordpress\/wp-content\/uploads\/2025\/02\/MANOLO-PIAT.mp3\">https:\/\/www.radiopiu.net\/wordpress\/wp-content\/uploads\/2025\/02\/MANOLO-PIAT.mp3<\/a><\/audio>\n<p>&nbsp;<\/p>\n<p><span style=\"color: #ff0000;\"><strong>GLI APPUNTAMENTI<\/strong><\/span><\/p>\n<p><a class=\"dt-pswp-item\" href=\"https:\/\/www.radiopiu.net\/wordpress\/wp-content\/uploads\/2025\/02\/51a04957-61ec-489b-93e2-8ce4b7ee1701.jpg\" data-dt-img-description=\"\" data-large_image_width=\"1600\" data-large_image_height=\"1129\"><img loading=\"lazy\" decoding=\"async\" class=\"alignnone wp-image-437046 size-large\" src=\"https:\/\/www.radiopiu.net\/wordpress\/wp-content\/uploads\/2025\/02\/51a04957-61ec-489b-93e2-8ce4b7ee1701-1024x723.jpg\" alt=\"\" width=\"1024\" height=\"723\" srcset=\"https:\/\/www.radiopiu.net\/wordpress\/wp-content\/uploads\/2025\/02\/51a04957-61ec-489b-93e2-8ce4b7ee1701-1024x723.jpg 1024w, https:\/\/www.radiopiu.net\/wordpress\/wp-content\/uploads\/2025\/02\/51a04957-61ec-489b-93e2-8ce4b7ee1701-300x212.jpg 300w, https:\/\/www.radiopiu.net\/wordpress\/wp-content\/uploads\/2025\/02\/51a04957-61ec-489b-93e2-8ce4b7ee1701-768x542.jpg 768w, https:\/\/www.radiopiu.net\/wordpress\/wp-content\/uploads\/2025\/02\/51a04957-61ec-489b-93e2-8ce4b7ee1701-1536x1084.jpg 1536w, https:\/\/www.radiopiu.net\/wordpress\/wp-content\/uploads\/2025\/02\/51a04957-61ec-489b-93e2-8ce4b7ee1701.jpg 1600w\" sizes=\"auto, (max-width: 1024px) 100vw, 1024px\" \/><\/a><\/p>\n<p>&nbsp;<\/p>\n<p>&nbsp;<\/p>\n<p>&nbsp;<\/p>\n<hr \/>\n<p>&nbsp;<\/p>\n<blockquote>\n<h3>DOMANI LA MASCOREDA A SOTTOGUDA DI ROCCA PIETORE<\/h3>\n<\/blockquote>\n<p><strong>ROCCA PIETORE <\/strong>Torna il tradizionale evento di carnevale a Sottoguda, la Mascor\u00e8da, uno degli appuntamenti dei &#8220;Carnevai de le vai&#8221;. Le maschere tipiche del carnevale prenderanno forma ancora una volta grazie ai giovani della zona che tramandano questa antica tradizione fatta di colori, musica e tanta allegria. Il corteo vedr\u00e0 protagonisti i Matazin, le figure simbolo del carnevale, vestiti con fazzoletti colorati e con un originale copricapo ricoperto di fiori e nastri. Altre figure caratteristiche ad accompagnare i Matazin sono le Mascore de legn e i Musicisti, guidati dal Capomascora. La sfilata partir\u00e0 alle 14:00 dall\u2019Hotel Pineta, con tappe a Bosco Verde e Pian, per concludersi alle 16:30-17:00 a Sottoguda, dove si terr\u00e0 una festa con giochi, rinfresco e premiazione delle maschere pi\u00f9 belle. La giornata si chiuder\u00e0 con una festa danzante alle 20:00 presso l\u2019Hotel Albe.<\/p>\n<p><a class=\"dt-pswp-item\" href=\"https:\/\/www.radiopiu.net\/wordpress\/wp-content\/uploads\/2025\/02\/480153611_1142672827647771_4849027597980985580_n.jpg\" data-dt-img-description=\"\" data-large_image_width=\"512\" data-large_image_height=\"640\"><img loading=\"lazy\" decoding=\"async\" class=\"size-medium wp-image-436647 aligncenter\" src=\"https:\/\/www.radiopiu.net\/wordpress\/wp-content\/uploads\/2025\/02\/480153611_1142672827647771_4849027597980985580_n-240x300.jpg\" alt=\"\" width=\"240\" height=\"300\" srcset=\"https:\/\/www.radiopiu.net\/wordpress\/wp-content\/uploads\/2025\/02\/480153611_1142672827647771_4849027597980985580_n-240x300.jpg 240w, https:\/\/www.radiopiu.net\/wordpress\/wp-content\/uploads\/2025\/02\/480153611_1142672827647771_4849027597980985580_n.jpg 512w\" sizes=\"auto, (max-width: 240px) 100vw, 240px\" \/><\/a><\/p>\n<p>&nbsp;<\/p>\n<hr \/>\n<p>&nbsp;<\/p>\n<blockquote>\n<h2><a href=\"https:\/\/www.radiopiu.net\/wordpress\/wp-content\/uploads\/2025\/02\/wo6o5gsi.bmp\"><img loading=\"lazy\" decoding=\"async\" class=\"size-medium wp-image-434597 alignleft\" src=\"https:\/\/www.radiopiu.net\/wordpress\/wp-content\/uploads\/2025\/02\/wo6o5gsi-150x300.jpg\" alt=\"\" width=\"150\" height=\"300\" srcset=\"https:\/\/www.radiopiu.net\/wordpress\/wp-content\/uploads\/2025\/02\/wo6o5gsi-150x300.jpg 150w, https:\/\/www.radiopiu.net\/wordpress\/wp-content\/uploads\/2025\/02\/wo6o5gsi-513x1024.jpg 513w, https:\/\/www.radiopiu.net\/wordpress\/wp-content\/uploads\/2025\/02\/wo6o5gsi-768x1534.jpg 768w, https:\/\/www.radiopiu.net\/wordpress\/wp-content\/uploads\/2025\/02\/wo6o5gsi-769x1536.jpg 769w, https:\/\/www.radiopiu.net\/wordpress\/wp-content\/uploads\/2025\/02\/wo6o5gsi.bmp 801w\" sizes=\"auto, (max-width: 150px) 100vw, 150px\" \/><\/a>DOMENICA 2 MARZO, A CANALE D&#8217;AGORDO &#8220;LA ZINGHENESTA&#8221;<\/h2>\n<\/blockquote>\n<p>&nbsp;<\/p>\n<p><strong>CANALE D&#8217;AGORDO <\/strong>La <strong data-start=\"43\" data-end=\"58\">Zinghen\u00e9sta<\/strong> \u00e8 un&#8217;antica festa in maschera che si svolge a Canale d&#8217;Agordo, l&#8217;ultima domenica di Carnevale. Questa tradizione, risalente al XVIII secolo, \u00e8 stata ripresa nel 2013 dal comitato locale, riscuotendo un ampio consenso.\u00a0 Il termine &#8220;Zinghen\u00e9sta&#8221; si riferisce alla ragazza pi\u00f9 bella del paese, eletta annualmente regina della festa. Durante la celebrazione, la Zinghen\u00e9sta, vestita con abiti tradizionali riccamente decorati, guida una sfilata accompagnata da altre maschere tipiche, come i &#8220;Mati\u00e9i&#8221; e i &#8220;Lach\u00e8&#8221;. La festa prevede una serie di eventi, tra cui la sfilata per le vie del paese, balli tradizionali e il simbolico &#8220;processo al Carnevale&#8221;. La Zinghen\u00e9sta rappresenta un&#8217;occasione per la comunit\u00e0 di Canale d&#8217;Agordo di celebrare le proprie tradizioni culturali e folcloristiche, mantenendo vive usanze secolari e rafforzando l&#8217;identit\u00e0 locale. Particolarmente atteso il processo al Canevale. Appuntamento domenica 2 marzo, a Canale d&#8217;Agordo.<\/p>\n<p>&nbsp;<\/p>\n<p>&nbsp;<\/p>\n<p>&nbsp;<\/p>\n<p>&nbsp;<\/p>\n<hr \/>\n<p>&nbsp;<\/p>\n<blockquote>\n<h3><a class=\"dt-pswp-item\" href=\"https:\/\/www.radiopiu.net\/wordpress\/wp-content\/uploads\/2025\/02\/Pedonata-mascherata.jpeg\" data-dt-img-description=\"\" data-large_image_width=\"1179\" data-large_image_height=\"1630\"><img loading=\"lazy\" decoding=\"async\" class=\" wp-image-435889 alignleft\" src=\"https:\/\/www.radiopiu.net\/wordpress\/wp-content\/uploads\/2025\/02\/Pedonata-mascherata-217x300.jpeg\" alt=\"\" width=\"147\" height=\"203\" srcset=\"https:\/\/www.radiopiu.net\/wordpress\/wp-content\/uploads\/2025\/02\/Pedonata-mascherata-217x300.jpeg 217w, https:\/\/www.radiopiu.net\/wordpress\/wp-content\/uploads\/2025\/02\/Pedonata-mascherata-741x1024.jpeg 741w, https:\/\/www.radiopiu.net\/wordpress\/wp-content\/uploads\/2025\/02\/Pedonata-mascherata-768x1062.jpeg 768w, https:\/\/www.radiopiu.net\/wordpress\/wp-content\/uploads\/2025\/02\/Pedonata-mascherata-1111x1536.jpeg 1111w, https:\/\/www.radiopiu.net\/wordpress\/wp-content\/uploads\/2025\/02\/Pedonata-mascherata.jpeg 1179w\" sizes=\"auto, (max-width: 147px) 100vw, 147px\" \/><\/a>LA PEDONATA DI CARNEVALE A BELLUNO<\/h3>\n<\/blockquote>\n<p><strong>BELLUNO<\/strong><\/p>\n<p><strong>DI DANIELE DALVIT<\/strong><\/p>\n<audio class=\"wp-audio-shortcode\" id=\"audio-436865-12\" preload=\"none\" style=\"width: 100%;\" controls=\"controls\"><source type=\"audio\/mpeg\" src=\"https:\/\/www.radiopiu.net\/wordpress\/wp-content\/uploads\/2025\/02\/Servizio-Pedonata-Carnevale-Belluno.mp3?_=12\" \/><a href=\"https:\/\/www.radiopiu.net\/wordpress\/wp-content\/uploads\/2025\/02\/Servizio-Pedonata-Carnevale-Belluno.mp3\">https:\/\/www.radiopiu.net\/wordpress\/wp-content\/uploads\/2025\/02\/Servizio-Pedonata-Carnevale-Belluno.mp3<\/a><\/audio>\n<p>&nbsp;<\/p>\n<p><strong>BELLUNO<\/strong> Il 4 marzo 2024 si terr\u00e0 la terza edizione della Pedonata Mascherata, un evento dedicato principalmente ai bambini delle scuole elementari e medie, che animer\u00e0 il centro storico con spettacoli, giochi e sport. L&#8217;iniziativa, promossa dall&#8217;assessore allo sport Monica Mazzoccoli, ha l&#8217;obiettivo di combinare il piacere di una passeggiata con l&#8217;opportunit\u00e0 di stare insieme in festa. Il ritrovo \u00e8 fissato alle 14:00 in Piazza Martiri, con partenza della pedonata alle 15:00. Il percorso di 3 km attraverser\u00e0 il centro citt\u00e0 e, all&#8217;arrivo, tutti i partecipanti saranno accolti con una merenda offerta da Lattebusche. Seguir\u00e0 lo spettacolo per bambini con il Mago Bronze e attivit\u00e0 come il truccabimbi. L&#8217;evento, organizzato con AICS, Lattebusche e il supporto dell&#8217;ANA Alpini Belluno, fa parte delle iniziative del Carnevale cittadino e mira a valorizzare gli spazi urbani come luoghi di gioco e incontro per le famiglie. La viabilit\u00e0 sar\u00e0 chiusa dalle 13:00 alle 18:00 per garantire lo svolgimento dell\u2019evento.<\/p>\n<p>&nbsp;<\/p>\n<p>&nbsp;<\/p>\n<hr \/>\n<p>&nbsp;<\/p>\n<blockquote>\n<h3>SI PARLA DI DANTE AL CIRCOLO CULTURALE LA TERRA DEI PADRI<\/h3>\n<\/blockquote>\n<p><strong>BELLUNO <\/strong>Il Circolo culturale \u201cLa Terra dei Padri \u2013 Belluno APS\u201d, in collaborazione con la Lega Nazionale \u2013 Delegazione di Belluno, organizza un ciclo di conferenze intitolato <strong data-start=\"167\" data-end=\"209\">\u201cDante e l\u2019eredit\u00e0 del mondo classico\u201d<\/strong>. La prof.ssa <strong data-start=\"226\" data-end=\"256\">Rosetta Girotto Cannarella<\/strong>, ex docente di greco e latino al Liceo Classico \u201cTiziano\u201d di Belluno, guider\u00e0 tre incontri (20 e 27 marzo, 3 aprile 2025, dalle 18:00 alle 19:00) sulla relazione tra Dante e il mondo classico, approfondendo temi come Virgilio, gli spiriti magni, Ulisse e Paolo e Francesca. Gli incontri si terranno presso la sede del Circolo, in via dei Molini, 10 (Borgo Piave \u2013 Belluno). Per info e iscrizioni: <strong data-start=\"657\" data-end=\"688\"><a rel=\"noopener\" data-start=\"659\" data-end=\"686\">francesco1dematte@gmail.com<\/a><\/strong> o <strong data-start=\"691\" data-end=\"721\">320\/0504334 (WhatsApp\/SMS)<\/strong>.<\/p>\n<p>&nbsp;<\/p>\n<p>&nbsp;<\/p>\n<hr \/>\n<p>&nbsp;<\/p>\n<blockquote>\n<h3><a class=\"dt-pswp-item\" href=\"https:\/\/www.radiopiu.net\/wordpress\/wp-content\/uploads\/2025\/02\/TI-SPOSO-MA-NON-TROPPO-2-Incontrada-ph-\u00a9Giovanni-De-Sandre-GD9_0648.jpg\" data-dt-img-description=\"\" data-large_image_width=\"1707\" data-large_image_height=\"2560\"><img loading=\"lazy\" decoding=\"async\" class=\" wp-image-436590 alignleft\" src=\"https:\/\/www.radiopiu.net\/wordpress\/wp-content\/uploads\/2025\/02\/TI-SPOSO-MA-NON-TROPPO-2-Incontrada-ph-\u00a9Giovanni-De-Sandre-GD9_0648-200x300.jpg\" alt=\"\" width=\"90\" height=\"135\" srcset=\"https:\/\/www.radiopiu.net\/wordpress\/wp-content\/uploads\/2025\/02\/TI-SPOSO-MA-NON-TROPPO-2-Incontrada-ph-\u00a9Giovanni-De-Sandre-GD9_0648-200x300.jpg 200w, https:\/\/www.radiopiu.net\/wordpress\/wp-content\/uploads\/2025\/02\/TI-SPOSO-MA-NON-TROPPO-2-Incontrada-ph-\u00a9Giovanni-De-Sandre-GD9_0648-683x1024.jpg 683w, https:\/\/www.radiopiu.net\/wordpress\/wp-content\/uploads\/2025\/02\/TI-SPOSO-MA-NON-TROPPO-2-Incontrada-ph-\u00a9Giovanni-De-Sandre-GD9_0648-768x1152.jpg 768w, https:\/\/www.radiopiu.net\/wordpress\/wp-content\/uploads\/2025\/02\/TI-SPOSO-MA-NON-TROPPO-2-Incontrada-ph-\u00a9Giovanni-De-Sandre-GD9_0648-1024x1536.jpg 1024w, https:\/\/www.radiopiu.net\/wordpress\/wp-content\/uploads\/2025\/02\/TI-SPOSO-MA-NON-TROPPO-2-Incontrada-ph-\u00a9Giovanni-De-Sandre-GD9_0648-1366x2048.jpg 1366w, https:\/\/www.radiopiu.net\/wordpress\/wp-content\/uploads\/2025\/02\/TI-SPOSO-MA-NON-TROPPO-2-Incontrada-ph-\u00a9Giovanni-De-Sandre-GD9_0648.jpg 1707w\" sizes=\"auto, (max-width: 90px) 100vw, 90px\" \/><\/a>VENERDI\u2019 7 MARZO \u201cTI SPOSO MA NON TROPPO\u201d, SOLD OUT DA DUE MESI<\/h3>\n<\/blockquote>\n<p><strong>BELLUNO <\/strong>Un altro sold out per la 48ma Stagione del Circolo: da due mesi \u201cTi sposo ma non troppo\u201d con Vanessa Incontrada del 7 marzo prossimo non ha pi\u00f9 poltrone libere. Il personale del Circolo Cultura e Stampa Bellunese comunica che solo la stessa sera al botteghino, a ridosso dell\u2019inizio, fissato alle 20.45, si potr\u00e0 sapere se si libereranno dei posti (per eventuali assenze o defezioni). Gli interessati sono pertanto pregati di venire direttamente a Teatro.<\/p>\n<p>&nbsp;<\/p>\n<p>&nbsp;<\/p>\n<hr \/>\n<p>&nbsp;<\/p>\n<blockquote>\n<h3>DISAGIO GIOVANILE, UN INCONTRO A BELLUNO<\/h3>\n<\/blockquote>\n<p><strong>BELLUNO<\/strong> L\u2019Associazione Margherita Fenice di Belluno organizza un convegno sul disagio giovanile e sull\u2019importanza dell\u2019ascolto tra genitori e figli. L\u2019evento, intitolato \u201cGenerazione di silenzi: come ascoltare i nostri figli per affrontare il disagio giovanile\u201d, si terr\u00e0 sabato 8 marzo alle 17 presso Palazzo Crepadona a Belluno. Parteciperanno esperti di alto profilo: il prof. Stefano Vicari, primario di neuropsichiatria infantile al Bambino Ges\u00f9 di Roma, il dott. Aldo Gatto, direttore del D.S.M. Ulss 1 Dolomiti, e il dott. Stefano Bertomoro, esperto in disturbi alimentari.<\/p>\n<p>&nbsp;<\/p>\n<p>&nbsp;<\/p>\n<p>&nbsp;<\/p>\n<hr \/>\n<p>&nbsp;<\/p>\n<h1><span style=\"color: #ff6600;\">IERI ALLA RADIO\u00a0<\/span><\/h1>\n<h2><span style=\"color: #ff00ff;\">UEB&#8230;CON MARINA DONA&#8217; E ANTONIO FIABANE<\/span><\/h2>\n<p><strong><a class=\"dt-pswp-item\" href=\"https:\/\/www.radiopiu.net\/wordpress\/wp-content\/uploads\/2025\/02\/20dc0fef-0481-4aa9-ad8a-7e742e4ef644.jpg\" data-dt-img-description=\"\" data-large_image_width=\"1080\" data-large_image_height=\"636\"><img loading=\"lazy\" decoding=\"async\" class=\" wp-image-437007 alignleft\" src=\"https:\/\/www.radiopiu.net\/wordpress\/wp-content\/uploads\/2025\/02\/20dc0fef-0481-4aa9-ad8a-7e742e4ef644-300x177.jpg\" alt=\"\" width=\"242\" height=\"143\" srcset=\"https:\/\/www.radiopiu.net\/wordpress\/wp-content\/uploads\/2025\/02\/20dc0fef-0481-4aa9-ad8a-7e742e4ef644-300x177.jpg 300w, https:\/\/www.radiopiu.net\/wordpress\/wp-content\/uploads\/2025\/02\/20dc0fef-0481-4aa9-ad8a-7e742e4ef644-1024x603.jpg 1024w, https:\/\/www.radiopiu.net\/wordpress\/wp-content\/uploads\/2025\/02\/20dc0fef-0481-4aa9-ad8a-7e742e4ef644-768x452.jpg 768w, https:\/\/www.radiopiu.net\/wordpress\/wp-content\/uploads\/2025\/02\/20dc0fef-0481-4aa9-ad8a-7e742e4ef644.jpg 1080w\" sizes=\"auto, (max-width: 242px) 100vw, 242px\" \/><\/a>UN PROGRAMMA DI MARINA DONA&#8217; E ANTONIO FIABANE<\/strong><\/p>\n<p>&nbsp;<\/p>\n<p>&nbsp;<\/p>\n<p>&nbsp;<\/p>\n<p><span style=\"color: #ff0000;\"><strong>PUNTATA 01 27 FEBBRAIO 2025 &#8211; PRIMA PARTE<\/strong><\/span><\/p>\n<audio class=\"wp-audio-shortcode\" id=\"audio-436865-13\" preload=\"none\" style=\"width: 100%;\" controls=\"controls\"><source type=\"audio\/mpeg\" src=\"https:\/\/www.radiopiu.net\/wordpress\/wp-content\/uploads\/2025\/02\/TIME1-2.mp3?_=13\" \/><a href=\"https:\/\/www.radiopiu.net\/wordpress\/wp-content\/uploads\/2025\/02\/TIME1-2.mp3\">https:\/\/www.radiopiu.net\/wordpress\/wp-content\/uploads\/2025\/02\/TIME1-2.mp3<\/a><\/audio>\n<p><span style=\"color: #ff0000;\"><strong>\u00a0<\/strong><\/span><\/p>\n<p><span style=\"color: #ff0000;\"><strong>SECONDA PARTE<\/strong><\/span><\/p>\n<audio class=\"wp-audio-shortcode\" id=\"audio-436865-14\" preload=\"none\" style=\"width: 100%;\" controls=\"controls\"><source type=\"audio\/mpeg\" src=\"https:\/\/www.radiopiu.net\/wordpress\/wp-content\/uploads\/2025\/02\/TIME2-2.mp3?_=14\" \/><a href=\"https:\/\/www.radiopiu.net\/wordpress\/wp-content\/uploads\/2025\/02\/TIME2-2.mp3\">https:\/\/www.radiopiu.net\/wordpress\/wp-content\/uploads\/2025\/02\/TIME2-2.mp3<\/a><\/audio>\n<p>&nbsp;<\/p>\n<hr \/>\n<p>&nbsp;<\/p>\n<h2><span style=\"color: #993300;\">LE MASCHERE ARCAICHE CON ANTONIO GHENO<\/span><\/h2>\n<p><strong><a class=\"dt-pswp-item\" href=\"https:\/\/www.radiopiu.net\/wordpress\/wp-content\/uploads\/2025\/02\/bb428c3b-f7f4-4ab6-9748-a8fd228717c7-scaled.jpg\" data-dt-img-description=\"\" data-large_image_width=\"2560\" data-large_image_height=\"1153\"><img loading=\"lazy\" decoding=\"async\" class=\"size-medium wp-image-437009 alignleft\" src=\"https:\/\/www.radiopiu.net\/wordpress\/wp-content\/uploads\/2025\/02\/bb428c3b-f7f4-4ab6-9748-a8fd228717c7-300x135.jpg\" alt=\"\" width=\"300\" height=\"135\" srcset=\"https:\/\/www.radiopiu.net\/wordpress\/wp-content\/uploads\/2025\/02\/bb428c3b-f7f4-4ab6-9748-a8fd228717c7-300x135.jpg 300w, https:\/\/www.radiopiu.net\/wordpress\/wp-content\/uploads\/2025\/02\/bb428c3b-f7f4-4ab6-9748-a8fd228717c7-1024x461.jpg 1024w, https:\/\/www.radiopiu.net\/wordpress\/wp-content\/uploads\/2025\/02\/bb428c3b-f7f4-4ab6-9748-a8fd228717c7-768x346.jpg 768w, https:\/\/www.radiopiu.net\/wordpress\/wp-content\/uploads\/2025\/02\/bb428c3b-f7f4-4ab6-9748-a8fd228717c7-1536x692.jpg 1536w, https:\/\/www.radiopiu.net\/wordpress\/wp-content\/uploads\/2025\/02\/bb428c3b-f7f4-4ab6-9748-a8fd228717c7-2048x922.jpg 2048w\" sizes=\"auto, (max-width: 300px) 100vw, 300px\" \/><\/a>DI MARINA DONA&#8217;<\/strong><\/p>\n<p>OSPITE: Antonio Gheno, Presidente dell&#8217;Associazione Borgo Piave<\/p>\n<audio class=\"wp-audio-shortcode\" id=\"audio-436865-15\" preload=\"none\" style=\"width: 100%;\" controls=\"controls\"><source type=\"audio\/mpeg\" src=\"https:\/\/www.radiopiu.net\/wordpress\/wp-content\/uploads\/2025\/02\/reporter-maschere-arcaiche-con-Antonio-Gheno-pres-ass-Borgo-Piave-Belluno.mp3?_=15\" \/><a href=\"https:\/\/www.radiopiu.net\/wordpress\/wp-content\/uploads\/2025\/02\/reporter-maschere-arcaiche-con-Antonio-Gheno-pres-ass-Borgo-Piave-Belluno.mp3\">https:\/\/www.radiopiu.net\/wordpress\/wp-content\/uploads\/2025\/02\/reporter-maschere-arcaiche-con-Antonio-Gheno-pres-ass-Borgo-Piave-Belluno.mp3<\/a><\/audio>\n<p>&nbsp;<\/p>\n<hr \/>\n<p>&nbsp;<\/p>\n<h2><span style=\"color: #99cc00;\">COSA GUARDO STASERA IN TV?&#8230;CON PAOLA LANCIATO<\/span><\/h2>\n<h1><span style=\"color: #ff0000;\"><strong><a class=\"dt-pswp-item\" href=\"https:\/\/www.radiopiu.net\/wordpress\/wp-content\/uploads\/2025\/02\/d9985304-049f-4aa9-8eb6-bb3aabc71596.jpg\" data-dt-img-description=\"\" data-large_image_width=\"278\" data-large_image_height=\"377\"><img loading=\"lazy\" decoding=\"async\" class=\"size-medium wp-image-437000 alignleft\" src=\"https:\/\/www.radiopiu.net\/wordpress\/wp-content\/uploads\/2025\/02\/d9985304-049f-4aa9-8eb6-bb3aabc71596-221x300.jpg\" alt=\"\" width=\"221\" height=\"300\" srcset=\"https:\/\/www.radiopiu.net\/wordpress\/wp-content\/uploads\/2025\/02\/d9985304-049f-4aa9-8eb6-bb3aabc71596-221x300.jpg 221w, https:\/\/www.radiopiu.net\/wordpress\/wp-content\/uploads\/2025\/02\/d9985304-049f-4aa9-8eb6-bb3aabc71596.jpg 278w\" sizes=\"auto, (max-width: 221px) 100vw, 221px\" \/><\/a>Puntata 28 del 27 febbraio\u00a0 2025<\/strong><\/span><\/h1>\n<audio class=\"wp-audio-shortcode\" id=\"audio-436865-16\" preload=\"none\" style=\"width: 100%;\" controls=\"controls\"><source type=\"audio\/mpeg\" src=\"https:\/\/www.radiopiu.net\/wordpress\/wp-content\/uploads\/2025\/02\/CIAK2-5.mp3?_=16\" \/><a href=\"https:\/\/www.radiopiu.net\/wordpress\/wp-content\/uploads\/2025\/02\/CIAK2-5.mp3\">https:\/\/www.radiopiu.net\/wordpress\/wp-content\/uploads\/2025\/02\/CIAK2-5.mp3<\/a><\/audio>\n<p>&nbsp;<\/p>\n<p><strong>LA RACCOLTA COMPLETA <a href=\"https:\/\/www.radiopiu.net\/wordpress\/cosa-guardo-stasera-in-tv-con-paola-lanciato-la-raccolta\/\"><span style=\"color: #0000ff;\">CLICCA QUI<\/span><\/a><\/strong><\/p>\n<p>&nbsp;<\/p>\n<hr \/>\n<p>&nbsp;<\/p>\n<h2><span style=\"color: #ff0000;\"><a class=\"dt-pswp-item\" href=\"https:\/\/www.radiopiu.net\/wordpress\/wp-content\/uploads\/2018\/09\/appuntamenti.jpeg\" data-dt-img-description=\"\" data-large_image_width=\"800\" data-large_image_height=\"100\"><img loading=\"lazy\" decoding=\"async\" class=\"wp-image-61958 size-full aligncenter\" src=\"https:\/\/www.radiopiu.net\/wordpress\/wp-content\/uploads\/2018\/09\/appuntamenti.jpeg\" alt=\"\" width=\"800\" height=\"100\" srcset=\"https:\/\/www.radiopiu.net\/wordpress\/wp-content\/uploads\/2018\/09\/appuntamenti.jpeg 800w, https:\/\/www.radiopiu.net\/wordpress\/wp-content\/uploads\/2018\/09\/appuntamenti-300x38.jpeg 300w, https:\/\/www.radiopiu.net\/wordpress\/wp-content\/uploads\/2018\/09\/appuntamenti-768x96.jpeg 768w\" sizes=\"auto, (max-width: 800px) 100vw, 800px\" \/><\/a><\/span><\/h2>\n<h3 dir=\"auto\"><\/h3>\n<blockquote>\n<h3>MORGAN &amp; BATTAGLIA I RESIDENT DJ DEL SAVE THE DATE FESTIVAL<\/h3>\n<\/blockquote>\n<p><strong>FALCADE <\/strong>Il palco si accende, le casse vibrano e l\u2019atmosfera si infiamma: Morgan e Battaglia sono pronti a farvi ballare senza sosta! Con selezioni potenti e beat travolgenti, il duo porter\u00e0 un\u2019ondata di pura energia al Rifugio Laresei. Quattro ospiti speciali arricchiranno il festival, ma sar\u00e0 la loro console a tenere il cuore pulsante della serata. L\u2019unica regola? Lasciarsi andare al ritmo e vivere la musica senza freni. Preparati a un\u2019esperienza indimenticabile! L&#8217;appuntamento \u00e8 per il 29 marzo al Rifugio Laresei<\/p>\n\n\t\t\t<style type='text\/css'>\n\t\t\t\t#gallery-2 {\n\t\t\t\t\tmargin: auto;\n\t\t\t\t}\n\t\t\t\t#gallery-2 .gallery-item {\n\t\t\t\t\tfloat: left;\n\t\t\t\t\tmargin-top: 10px;\n\t\t\t\t\ttext-align: center;\n\t\t\t\t\twidth: 20%;\n\t\t\t\t}\n\t\t\t\t#gallery-2 img {\n\t\t\t\t\tborder: 2px solid #cfcfcf;\n\t\t\t\t}\n\t\t\t\t#gallery-2 .gallery-caption {\n\t\t\t\t\tmargin-left: 0;\n\t\t\t\t}\n\t\t\t\t\/* see gallery_shortcode() in wp-includes\/media.php *\/\n\t\t\t<\/style>\n\t\t<div id='gallery-2' class='dt-gallery-container gallery galleryid-436865 gallery-columns-5 gallery-size-medium'><dl class='gallery-item'>\n\t\t\t\t<dt class='gallery-icon portrait'>\n\t\t\t\t\t<a class=\"rollover rollover-zoom dt-pswp-item\" title=\"475351389_122191419572160269_4819090400106529375_n\" data-dt-img-description=\"\" data-large_image_width=\"1024\" data-large_image_height=\"1280\"href='https:\/\/www.radiopiu.net\/wordpress\/wp-content\/uploads\/2025\/02\/475351389_122191419572160269_4819090400106529375_n.jpg'><img loading=\"lazy\" decoding=\"async\" width=\"240\" height=\"300\" src=\"https:\/\/www.radiopiu.net\/wordpress\/wp-content\/uploads\/2025\/02\/475351389_122191419572160269_4819090400106529375_n-240x300.jpg\" class=\"attachment-medium size-medium\" alt=\"\" srcset=\"https:\/\/www.radiopiu.net\/wordpress\/wp-content\/uploads\/2025\/02\/475351389_122191419572160269_4819090400106529375_n-240x300.jpg 240w, https:\/\/www.radiopiu.net\/wordpress\/wp-content\/uploads\/2025\/02\/475351389_122191419572160269_4819090400106529375_n-819x1024.jpg 819w, https:\/\/www.radiopiu.net\/wordpress\/wp-content\/uploads\/2025\/02\/475351389_122191419572160269_4819090400106529375_n-768x960.jpg 768w, https:\/\/www.radiopiu.net\/wordpress\/wp-content\/uploads\/2025\/02\/475351389_122191419572160269_4819090400106529375_n.jpg 1024w\" sizes=\"auto, (max-width: 240px) 100vw, 240px\" \/><\/a>\n\t\t\t\t<\/dt><\/dl><dl class='gallery-item'>\n\t\t\t\t<dt class='gallery-icon portrait'>\n\t\t\t\t\t<a class=\"rollover rollover-zoom dt-pswp-item\" title=\"70222334-5cff-4d4b-9ab9-a2a79305f2f3\" data-dt-img-description=\"\" data-large_image_width=\"1024\" data-large_image_height=\"1280\"href='https:\/\/www.radiopiu.net\/wordpress\/wp-content\/uploads\/2025\/02\/70222334-5cff-4d4b-9ab9-a2a79305f2f3.jpg'><img loading=\"lazy\" decoding=\"async\" width=\"240\" height=\"300\" src=\"https:\/\/www.radiopiu.net\/wordpress\/wp-content\/uploads\/2025\/02\/70222334-5cff-4d4b-9ab9-a2a79305f2f3-240x300.jpg\" class=\"attachment-medium size-medium\" alt=\"\" srcset=\"https:\/\/www.radiopiu.net\/wordpress\/wp-content\/uploads\/2025\/02\/70222334-5cff-4d4b-9ab9-a2a79305f2f3-240x300.jpg 240w, https:\/\/www.radiopiu.net\/wordpress\/wp-content\/uploads\/2025\/02\/70222334-5cff-4d4b-9ab9-a2a79305f2f3-819x1024.jpg 819w, https:\/\/www.radiopiu.net\/wordpress\/wp-content\/uploads\/2025\/02\/70222334-5cff-4d4b-9ab9-a2a79305f2f3-768x960.jpg 768w, https:\/\/www.radiopiu.net\/wordpress\/wp-content\/uploads\/2025\/02\/70222334-5cff-4d4b-9ab9-a2a79305f2f3.jpg 1024w\" sizes=\"auto, (max-width: 240px) 100vw, 240px\" \/><\/a>\n\t\t\t\t<\/dt><\/dl><dl class='gallery-item'>\n\t\t\t\t<dt class='gallery-icon portrait'>\n\t\t\t\t\t<a class=\"rollover rollover-zoom dt-pswp-item\" title=\"480483463_122191800596160269_7748395789965067962_n\" data-dt-img-description=\"\" data-large_image_width=\"1024\" data-large_image_height=\"1280\"href='https:\/\/www.radiopiu.net\/wordpress\/wp-content\/uploads\/2025\/02\/480483463_122191800596160269_7748395789965067962_n.jpg'><img loading=\"lazy\" decoding=\"async\" width=\"240\" height=\"300\" src=\"https:\/\/www.radiopiu.net\/wordpress\/wp-content\/uploads\/2025\/02\/480483463_122191800596160269_7748395789965067962_n-240x300.jpg\" class=\"attachment-medium size-medium\" alt=\"\" srcset=\"https:\/\/www.radiopiu.net\/wordpress\/wp-content\/uploads\/2025\/02\/480483463_122191800596160269_7748395789965067962_n-240x300.jpg 240w, https:\/\/www.radiopiu.net\/wordpress\/wp-content\/uploads\/2025\/02\/480483463_122191800596160269_7748395789965067962_n-819x1024.jpg 819w, https:\/\/www.radiopiu.net\/wordpress\/wp-content\/uploads\/2025\/02\/480483463_122191800596160269_7748395789965067962_n-768x960.jpg 768w, https:\/\/www.radiopiu.net\/wordpress\/wp-content\/uploads\/2025\/02\/480483463_122191800596160269_7748395789965067962_n.jpg 1024w\" sizes=\"auto, (max-width: 240px) 100vw, 240px\" \/><\/a>\n\t\t\t\t<\/dt><\/dl><dl class='gallery-item'>\n\t\t\t\t<dt class='gallery-icon portrait'>\n\t\t\t\t\t<a class=\"rollover rollover-zoom dt-pswp-item\" title=\"480755395_122191974356160269_922264644982884143_n\" data-dt-img-description=\"\" data-large_image_width=\"1024\" data-large_image_height=\"1280\"href='https:\/\/www.radiopiu.net\/wordpress\/wp-content\/uploads\/2025\/02\/480755395_122191974356160269_922264644982884143_n.jpg'><img loading=\"lazy\" decoding=\"async\" width=\"240\" height=\"300\" src=\"https:\/\/www.radiopiu.net\/wordpress\/wp-content\/uploads\/2025\/02\/480755395_122191974356160269_922264644982884143_n-240x300.jpg\" class=\"attachment-medium size-medium\" alt=\"\" srcset=\"https:\/\/www.radiopiu.net\/wordpress\/wp-content\/uploads\/2025\/02\/480755395_122191974356160269_922264644982884143_n-240x300.jpg 240w, https:\/\/www.radiopiu.net\/wordpress\/wp-content\/uploads\/2025\/02\/480755395_122191974356160269_922264644982884143_n-819x1024.jpg 819w, https:\/\/www.radiopiu.net\/wordpress\/wp-content\/uploads\/2025\/02\/480755395_122191974356160269_922264644982884143_n-768x960.jpg 768w, https:\/\/www.radiopiu.net\/wordpress\/wp-content\/uploads\/2025\/02\/480755395_122191974356160269_922264644982884143_n.jpg 1024w\" sizes=\"auto, (max-width: 240px) 100vw, 240px\" \/><\/a>\n\t\t\t\t<\/dt><\/dl><dl class='gallery-item'>\n\t\t\t\t<dt class='gallery-icon portrait'>\n\t\t\t\t\t<a class=\"rollover rollover-zoom dt-pswp-item\" title=\"480946206_122192204450160269_174180551336592227_n\" data-dt-img-description=\"\" data-large_image_width=\"512\" data-large_image_height=\"640\"href='https:\/\/www.radiopiu.net\/wordpress\/wp-content\/uploads\/2025\/02\/480946206_122192204450160269_174180551336592227_n.jpg'><img loading=\"lazy\" decoding=\"async\" width=\"240\" height=\"300\" src=\"https:\/\/www.radiopiu.net\/wordpress\/wp-content\/uploads\/2025\/02\/480946206_122192204450160269_174180551336592227_n-240x300.jpg\" class=\"attachment-medium size-medium\" alt=\"\" srcset=\"https:\/\/www.radiopiu.net\/wordpress\/wp-content\/uploads\/2025\/02\/480946206_122192204450160269_174180551336592227_n-240x300.jpg 240w, https:\/\/www.radiopiu.net\/wordpress\/wp-content\/uploads\/2025\/02\/480946206_122192204450160269_174180551336592227_n.jpg 512w\" sizes=\"auto, (max-width: 240px) 100vw, 240px\" \/><\/a>\n\t\t\t\t<\/dt><\/dl><br style=\"clear: both\" \/>\n\t\t\t<\/div>\n\n<p>&nbsp;<\/p>\n<div>\n<div class=\"\" dir=\"auto\">\n<div id=\":r9h:\" class=\"x1iorvi4 x1pi30zi x1l90r2v x1swvt13\" data-ad-comet-preview=\"message\" data-ad-preview=\"message\">\n<div>\n<div class=\"\" dir=\"auto\">\n<div id=\":r9h:\" class=\"x1iorvi4 x1pi30zi x1l90r2v x1swvt13\" data-ad-comet-preview=\"message\" data-ad-preview=\"message\">\n<div>\n<div class=\"\" dir=\"auto\">\n<div id=\":r9h:\" class=\"x1iorvi4 x1pi30zi x1l90r2v x1swvt13\" data-ad-comet-preview=\"message\" data-ad-preview=\"message\">\n<div>\n<div class=\"\" dir=\"auto\">\n<div id=\":r9h:\" class=\"x1iorvi4 x1pi30zi x1l90r2v x1swvt13\" data-ad-comet-preview=\"message\" data-ad-preview=\"message\">\n<div>\n<div class=\"\" dir=\"auto\">\n<div id=\":r9h:\" class=\"x1iorvi4 x1pi30zi x1l90r2v x1swvt13\" data-ad-comet-preview=\"message\" data-ad-preview=\"message\">\n<div>\n<div class=\"\" dir=\"auto\">\n<div id=\":r9h:\" class=\"x1iorvi4 x1pi30zi x1l90r2v x1swvt13\" data-ad-comet-preview=\"message\" data-ad-preview=\"message\">\n<div class=\"xdj266r x11i5rnm xat24cr x1mh8g0r x1vvkbs x126k92a\">\n<div dir=\"auto\"><\/div>\n<\/div>\n<div>\n<div class=\"\" dir=\"auto\">\n<div id=\":r9h:\" class=\"x1iorvi4 x1pi30zi x1l90r2v x1swvt13\" data-ad-comet-preview=\"message\" data-ad-preview=\"message\">\n<div>\n<div class=\"\" dir=\"auto\">\n<div id=\":r9h:\" class=\"x1iorvi4 x1pi30zi x1l90r2v x1swvt13\" data-ad-comet-preview=\"message\" data-ad-preview=\"message\">\n\n\t\t\t<style type='text\/css'>\n\t\t\t\t#gallery-3 {\n\t\t\t\t\tmargin: auto;\n\t\t\t\t}\n\t\t\t\t#gallery-3 .gallery-item {\n\t\t\t\t\tfloat: left;\n\t\t\t\t\tmargin-top: 10px;\n\t\t\t\t\ttext-align: center;\n\t\t\t\t\twidth: 25%;\n\t\t\t\t}\n\t\t\t\t#gallery-3 img {\n\t\t\t\t\tborder: 2px solid #cfcfcf;\n\t\t\t\t}\n\t\t\t\t#gallery-3 .gallery-caption {\n\t\t\t\t\tmargin-left: 0;\n\t\t\t\t}\n\t\t\t\t\/* see gallery_shortcode() in wp-includes\/media.php *\/\n\t\t\t<\/style>\n\t\t<div id='gallery-3' class='dt-gallery-container gallery galleryid-436865 gallery-columns-4 gallery-size-thumbnail'><dl class='gallery-item'>\n\t\t\t\t<dt class='gallery-icon portrait'>\n\t\t\t\t\t<a class=\"rollover rollover-zoom dt-pswp-item\" title=\"Immagine WhatsApp 2025-02-17 ore 22.25.23_139ab6c1\" data-dt-img-description=\"\" data-large_image_width=\"1241\" data-large_image_height=\"1754\"href='https:\/\/www.radiopiu.net\/wordpress\/wp-content\/uploads\/2025\/02\/Immagine-WhatsApp-2025-02-17-ore-22.25.23_139ab6c1.jpg'><img loading=\"lazy\" decoding=\"async\" width=\"150\" height=\"150\" src=\"https:\/\/www.radiopiu.net\/wordpress\/wp-content\/uploads\/2025\/02\/Immagine-WhatsApp-2025-02-17-ore-22.25.23_139ab6c1-150x150.jpg\" class=\"attachment-thumbnail size-thumbnail\" alt=\"\" \/><\/a>\n\t\t\t\t<\/dt><\/dl><dl class='gallery-item'>\n\t\t\t\t<dt class='gallery-icon portrait'>\n\t\t\t\t\t<a class=\"rollover rollover-zoom dt-pswp-item\" title=\"wo6o5gsi\" data-dt-img-description=\"\" data-large_image_width=\"801\" data-large_image_height=\"1600\"href='https:\/\/www.radiopiu.net\/wordpress\/wp-content\/uploads\/2025\/02\/wo6o5gsi.bmp'><img loading=\"lazy\" decoding=\"async\" width=\"150\" height=\"150\" src=\"https:\/\/www.radiopiu.net\/wordpress\/wp-content\/uploads\/2025\/02\/wo6o5gsi-150x150.jpg\" class=\"attachment-thumbnail size-thumbnail\" alt=\"\" aria-describedby=\"gallery-3-434597\" \/><\/a>\n\t\t\t\t<\/dt>\n\t\t\t\t\t<dd class='wp-caption-text gallery-caption' id='gallery-3-434597'>\n\t\t\t\t\t2 MARZO\n\t\t\t\t\t<\/dd><\/dl><dl class='gallery-item'>\n\t\t\t\t<dt class='gallery-icon portrait'>\n\t\t\t\t\t<a class=\"rollover rollover-zoom dt-pswp-item\" title=\"dad1d0d2-12e8-494a-9390-929e17ce5985\" data-dt-img-description=\"\" data-large_image_width=\"900\" data-large_image_height=\"1600\"href='https:\/\/www.radiopiu.net\/wordpress\/wp-content\/uploads\/2025\/01\/dad1d0d2-12e8-494a-9390-929e17ce5985.jpg'><img loading=\"lazy\" decoding=\"async\" width=\"150\" height=\"150\" src=\"https:\/\/www.radiopiu.net\/wordpress\/wp-content\/uploads\/2025\/01\/dad1d0d2-12e8-494a-9390-929e17ce5985-150x150.jpg\" class=\"attachment-thumbnail size-thumbnail\" alt=\"\" \/><\/a>\n\t\t\t\t<\/dt><\/dl><dl class='gallery-item'>\n\t\t\t\t<dt class='gallery-icon portrait'>\n\t\t\t\t\t<a class=\"rollover rollover-zoom dt-pswp-item\" title=\"Senza nome\" data-dt-img-description=\"\" data-large_image_width=\"569\" data-large_image_height=\"801\"href='https:\/\/www.radiopiu.net\/wordpress\/wp-content\/uploads\/2025\/02\/Senza-nome-23.png'><img loading=\"lazy\" decoding=\"async\" width=\"150\" height=\"150\" src=\"https:\/\/www.radiopiu.net\/wordpress\/wp-content\/uploads\/2025\/02\/Senza-nome-23-150x150.png\" class=\"attachment-thumbnail size-thumbnail\" alt=\"\" \/><\/a>\n\t\t\t\t<\/dt><\/dl><br style=\"clear: both\" \/><dl class='gallery-item'>\n\t\t\t\t<dt class='gallery-icon portrait'>\n\t\t\t\t\t<a class=\"rollover rollover-zoom dt-pswp-item\" title=\"GDLKJGAOY\" data-dt-img-description=\"\" data-large_image_width=\"1080\" data-large_image_height=\"1158\"href='https:\/\/www.radiopiu.net\/wordpress\/wp-content\/uploads\/2025\/02\/GDLKJGAOY.jpg'><img loading=\"lazy\" decoding=\"async\" width=\"150\" height=\"150\" src=\"https:\/\/www.radiopiu.net\/wordpress\/wp-content\/uploads\/2025\/02\/GDLKJGAOY-150x150.jpg\" class=\"attachment-thumbnail size-thumbnail\" alt=\"\" \/><\/a>\n\t\t\t\t<\/dt><\/dl><dl class='gallery-item'>\n\t\t\t\t<dt class='gallery-icon portrait'>\n\t\t\t\t\t<a class=\"rollover rollover-zoom dt-pswp-item\" title=\"L59DYKs0vbbX\" data-dt-img-description=\"\" data-large_image_width=\"600\" data-large_image_height=\"848\"href='https:\/\/www.radiopiu.net\/wordpress\/wp-content\/uploads\/2025\/02\/L59DYKs0vbbX.jpg'><img loading=\"lazy\" decoding=\"async\" width=\"150\" height=\"150\" src=\"https:\/\/www.radiopiu.net\/wordpress\/wp-content\/uploads\/2025\/02\/L59DYKs0vbbX-150x150.jpg\" class=\"attachment-thumbnail size-thumbnail\" alt=\"\" \/><\/a>\n\t\t\t\t<\/dt><\/dl><dl class='gallery-item'>\n\t\t\t\t<dt class='gallery-icon portrait'>\n\t\t\t\t\t<a class=\"rollover rollover-zoom dt-pswp-item\" title=\"Assaggi di libri marzo 2025\" data-dt-img-description=\"\" data-large_image_width=\"1240\" data-large_image_height=\"1754\"href='https:\/\/www.radiopiu.net\/wordpress\/wp-content\/uploads\/2025\/02\/Assaggi-di-libri-marzo-2025.jpg'><img loading=\"lazy\" decoding=\"async\" width=\"150\" height=\"150\" src=\"https:\/\/www.radiopiu.net\/wordpress\/wp-content\/uploads\/2025\/02\/Assaggi-di-libri-marzo-2025-150x150.jpg\" class=\"attachment-thumbnail size-thumbnail\" alt=\"\" \/><\/a>\n\t\t\t\t<\/dt><\/dl><dl class='gallery-item'>\n\t\t\t\t<dt class='gallery-icon portrait'>\n\t\t\t\t\t<a class=\"rollover rollover-zoom dt-pswp-item\" title=\"Carneval dei boce 2025\" data-dt-img-description=\"\" data-large_image_width=\"1414\" data-large_image_height=\"2000\"href='https:\/\/www.radiopiu.net\/wordpress\/wp-content\/uploads\/2025\/02\/Carneval-dei-boce-2025.png'><img loading=\"lazy\" decoding=\"async\" width=\"150\" height=\"150\" src=\"https:\/\/www.radiopiu.net\/wordpress\/wp-content\/uploads\/2025\/02\/Carneval-dei-boce-2025-150x150.png\" class=\"attachment-thumbnail size-thumbnail\" alt=\"\" \/><\/a>\n\t\t\t\t<\/dt><\/dl><br style=\"clear: both\" \/><dl class='gallery-item'>\n\t\t\t\t<dt class='gallery-icon portrait'>\n\t\t\t\t\t<a class=\"rollover rollover-zoom dt-pswp-item\" title=\"Carnevale 2025\" data-dt-img-description=\"\" data-large_image_width=\"1414\" data-large_image_height=\"2000\"href='https:\/\/www.radiopiu.net\/wordpress\/wp-content\/uploads\/2025\/02\/Carnevale-2025-1.png'><img loading=\"lazy\" decoding=\"async\" width=\"150\" height=\"150\" src=\"https:\/\/www.radiopiu.net\/wordpress\/wp-content\/uploads\/2025\/02\/Carnevale-2025-1-150x150.png\" class=\"attachment-thumbnail size-thumbnail\" alt=\"\" \/><\/a>\n\t\t\t\t<\/dt><\/dl><dl class='gallery-item'>\n\t\t\t\t<dt class='gallery-icon portrait'>\n\t\t\t\t\t<a class=\"rollover rollover-zoom dt-pswp-item\" title=\"f2e45630-52c0-478c-94b5-bb24dd41ebdf\" data-dt-img-description=\"\" data-large_image_width=\"384\" data-large_image_height=\"551\"href='https:\/\/www.radiopiu.net\/wordpress\/wp-content\/uploads\/2025\/02\/f2e45630-52c0-478c-94b5-bb24dd41ebdf.jpg'><img loading=\"lazy\" decoding=\"async\" width=\"150\" height=\"150\" src=\"https:\/\/www.radiopiu.net\/wordpress\/wp-content\/uploads\/2025\/02\/f2e45630-52c0-478c-94b5-bb24dd41ebdf-150x150.jpg\" class=\"attachment-thumbnail size-thumbnail\" alt=\"\" \/><\/a>\n\t\t\t\t<\/dt><\/dl><dl class='gallery-item'>\n\t\t\t\t<dt class='gallery-icon portrait'>\n\t\t\t\t\t<a class=\"rollover rollover-zoom dt-pswp-item\" title=\"Locandina laboratorio creativo 01.03.2025 (2)\" data-dt-img-description=\"\" data-large_image_width=\"1414\" data-large_image_height=\"2000\"href='https:\/\/www.radiopiu.net\/wordpress\/wp-content\/uploads\/2025\/02\/Locandina-laboratorio-creativo-01.03.2025-2.jpg'><img loading=\"lazy\" decoding=\"async\" width=\"150\" height=\"150\" src=\"https:\/\/www.radiopiu.net\/wordpress\/wp-content\/uploads\/2025\/02\/Locandina-laboratorio-creativo-01.03.2025-2-150x150.jpg\" class=\"attachment-thumbnail size-thumbnail\" alt=\"\" \/><\/a>\n\t\t\t\t<\/dt><\/dl><dl class='gallery-item'>\n\t\t\t\t<dt class='gallery-icon portrait'>\n\t\t\t\t\t<a class=\"rollover rollover-zoom dt-pswp-item\" title=\"Locandina Zanenga marzo 2025\" data-dt-img-description=\"\" data-large_image_width=\"1447\" data-large_image_height=\"2048\"href='https:\/\/www.radiopiu.net\/wordpress\/wp-content\/uploads\/2025\/02\/Locandina-Zanenga-marzo-2025.jpg'><img loading=\"lazy\" decoding=\"async\" width=\"150\" height=\"150\" src=\"https:\/\/www.radiopiu.net\/wordpress\/wp-content\/uploads\/2025\/02\/Locandina-Zanenga-marzo-2025-150x150.jpg\" class=\"attachment-thumbnail size-thumbnail\" alt=\"\" \/><\/a>\n\t\t\t\t<\/dt><\/dl><br style=\"clear: both\" \/><dl class='gallery-item'>\n\t\t\t\t<dt class='gallery-icon portrait'>\n\t\t\t\t\t<a class=\"rollover rollover-zoom dt-pswp-item\" title=\"Marzo (1)\" data-dt-img-description=\"\" data-large_image_width=\"841\" data-large_image_height=\"1190\"href='https:\/\/www.radiopiu.net\/wordpress\/wp-content\/uploads\/2025\/02\/Marzo-1.jpg'><img loading=\"lazy\" decoding=\"async\" width=\"150\" height=\"150\" src=\"https:\/\/www.radiopiu.net\/wordpress\/wp-content\/uploads\/2025\/02\/Marzo-1-150x150.jpg\" class=\"attachment-thumbnail size-thumbnail\" alt=\"\" \/><\/a>\n\t\t\t\t<\/dt><\/dl><dl class='gallery-item'>\n\t\t\t\t<dt class='gallery-icon portrait'>\n\t\t\t\t\t<a class=\"rollover rollover-zoom dt-pswp-item\" title=\"cdc49aa1-a533-4e05-b097-a65b9b8af87f\" data-dt-img-description=\"\" data-large_image_width=\"452\" data-large_image_height=\"640\"href='https:\/\/www.radiopiu.net\/wordpress\/wp-content\/uploads\/2025\/02\/cdc49aa1-a533-4e05-b097-a65b9b8af87f.jpg'><img loading=\"lazy\" decoding=\"async\" width=\"150\" height=\"150\" src=\"https:\/\/www.radiopiu.net\/wordpress\/wp-content\/uploads\/2025\/02\/cdc49aa1-a533-4e05-b097-a65b9b8af87f-150x150.jpg\" class=\"attachment-thumbnail size-thumbnail\" alt=\"\" \/><\/a>\n\t\t\t\t<\/dt><\/dl><dl class='gallery-item'>\n\t\t\t\t<dt class='gallery-icon portrait'>\n\t\t\t\t\t<a class=\"rollover rollover-zoom dt-pswp-item\" title=\"85292380-77cf-48a7-ac7a-86c7009204ef\" data-dt-img-description=\"\" data-large_image_width=\"1280\" data-large_image_height=\"1600\"href='https:\/\/www.radiopiu.net\/wordpress\/wp-content\/uploads\/2025\/02\/85292380-77cf-48a7-ac7a-86c7009204ef.jpg'><img loading=\"lazy\" decoding=\"async\" width=\"150\" height=\"150\" src=\"https:\/\/www.radiopiu.net\/wordpress\/wp-content\/uploads\/2025\/02\/85292380-77cf-48a7-ac7a-86c7009204ef-150x150.jpg\" class=\"attachment-thumbnail size-thumbnail\" alt=\"\" \/><\/a>\n\t\t\t\t<\/dt><\/dl><dl class='gallery-item'>\n\t\t\t\t<dt class='gallery-icon portrait'>\n\t\t\t\t\t<a class=\"rollover rollover-zoom dt-pswp-item\" title=\"1mar25-Carnevale Bambini\" data-dt-img-description=\"\" data-large_image_width=\"1241\" data-large_image_height=\"1755\"href='https:\/\/www.radiopiu.net\/wordpress\/wp-content\/uploads\/2025\/02\/1mar25-Carnevale-Bambini.jpg'><img loading=\"lazy\" decoding=\"async\" width=\"150\" height=\"150\" src=\"https:\/\/www.radiopiu.net\/wordpress\/wp-content\/uploads\/2025\/02\/1mar25-Carnevale-Bambini-150x150.jpg\" class=\"attachment-thumbnail size-thumbnail\" alt=\"\" \/><\/a>\n\t\t\t\t<\/dt><\/dl><br style=\"clear: both\" \/>\n\t\t\t<\/div>\n\n<p>&nbsp;<\/p>\n<p>&nbsp;<\/p>\n<\/div>\n<\/div>\n<\/div>\n<\/div>\n<\/div>\n<\/div>\n<\/div>\n<\/div>\n<\/div>\n<\/div>\n<\/div>\n<\/div>\n<p>&nbsp;<\/p>\n<\/div>\n<\/div>\n<\/div>\n<\/div>\n<\/div>\n<\/div>\n<\/div>\n<\/div>\n<\/div>\n<\/div>\n<\/div>\n<\/div>\n<hr \/>\n<p>&nbsp;<\/p>\n<p class=\"mceTemp\"><a class=\"dt-pswp-item\" href=\"https:\/\/www.radiopiu.net\/wordpress\/wp-content\/uploads\/2018\/09\/WhatsApp-Image-2018-09-20-at-16.04.06.jpeg\" data-dt-img-description=\"\" data-large_image_width=\"800\" data-large_image_height=\"100\"><img loading=\"lazy\" decoding=\"async\" class=\"wp-image-61378 size-full aligncenter\" src=\"https:\/\/www.radiopiu.net\/wordpress\/wp-content\/uploads\/2018\/09\/WhatsApp-Image-2018-09-20-at-16.04.06.jpeg\" alt=\"\" width=\"800\" height=\"100\" srcset=\"https:\/\/www.radiopiu.net\/wordpress\/wp-content\/uploads\/2018\/09\/WhatsApp-Image-2018-09-20-at-16.04.06.jpeg 800w, https:\/\/www.radiopiu.net\/wordpress\/wp-content\/uploads\/2018\/09\/WhatsApp-Image-2018-09-20-at-16.04.06-300x38.jpeg 300w, https:\/\/www.radiopiu.net\/wordpress\/wp-content\/uploads\/2018\/09\/WhatsApp-Image-2018-09-20-at-16.04.06-768x96.jpeg 768w\" sizes=\"auto, (max-width: 800px) 100vw, 800px\" \/><\/a><\/p>\n<p><center><\/center><center><\/center>&nbsp;<\/p>\n<p><center><\/center><center><b>OGGI<\/b><\/center><b>Tempo atteso: <\/b>Cielo per lo pi\u00f9 nuvoloso su Prealpi, su Dolomiti nuvolosit\u00e0 variabile alternata a schiarite anche ampie specie sui settori settentrionali e al mattino. Dal pomeriggio generale aumento delle nubi ovunque fino a nuvoloso o moto nuvoloso in serata.<br \/>\n<b>Precipitazioni: <\/b>Nella notte e fino all&#8217;alba non escluso qualche isolato piovasco\/rovescio qua e l\u00e0\u00a0 pi\u00f9 probabili sul bellunese con neve oltre i 1100-1300 m. In mattinata poco probabili ma non del tutto escluso un piovasco isolato con un p\u00f2 di neve oltre i 1100-1300 m. Dalle ore centrali e nel pomeriggio\/sera probabilit\u00e0 in aumento anche per rovesci sparsi. Limite neve in calo attorno a 1000 m in serata, localmente pi\u00f9 in basso durante i rovesci pi\u00f9 intensi.<br \/>\n<b>Temperature: <\/b>Temperature in calo a tutte le quote.<\/p>\n<p>&nbsp;<\/p>\n<hr \/>\n<p><center><b>DOMANI<\/b><\/center><b>Tempo atteso: <\/b>Per lo pi\u00f9 nuvoloso al mattino e su Prealpi con irregolari schiarite su Dolomiti nord. Nel pomeriggio tendenza ad irregolari schiarite via via pi\u00f9 ampie verso sera.<br \/>\n<b>Precipitazioni: <\/b>Possibili deboli precipitazioni anche diffuse al mattino specie su Prealpi un p\u00f2 meno probabili su Dolomiti nord, nevose fin sui 800-1000 m. Dal pomeriggio tendenza ad esaurimento dei fenomeni.<br \/>\n<b>Temperature: <\/b>Temperature stazionarie o in lieve calo.<\/p>\n<hr \/>\n<p><center><b>DOMENICA<\/b><\/center>Qualche nube fino all&#8217;alba, poi sereno o al pi\u00f9 poco nuvoloso. Temperature minime in calo e massime in aumento.<\/p>\n<hr \/>\n<p><center><b>LUNEDI<\/b><\/center>Sereno o al pi\u00f9 poco nuvoloso. Temperature in marcato aumento.<\/p>\n<p>&nbsp;<\/p>\n<p class=\"mceTemp\"><a class=\"dt-pswp-item\" href=\"https:\/\/www.radiopiu.net\/wordpress\/wp-content\/uploads\/2018\/09\/sport.jpg\" data-dt-img-description=\"\" data-large_image_width=\"800\" data-large_image_height=\"100\"><img loading=\"lazy\" decoding=\"async\" class=\"aligncenter wp-image-60761 size-full\" src=\"https:\/\/www.radiopiu.net\/wordpress\/wp-content\/uploads\/2018\/09\/sport.jpg\" alt=\"\" width=\"800\" height=\"100\" srcset=\"https:\/\/www.radiopiu.net\/wordpress\/wp-content\/uploads\/2018\/09\/sport.jpg 800w, https:\/\/www.radiopiu.net\/wordpress\/wp-content\/uploads\/2018\/09\/sport-300x38.jpg 300w, https:\/\/www.radiopiu.net\/wordpress\/wp-content\/uploads\/2018\/09\/sport-768x96.jpg 768w\" sizes=\"auto, (max-width: 800px) 100vw, 800px\" \/> <\/a><\/p>\n<p class=\"mceTemp\"><span style=\"color: #0000ff;\"><strong>\u00a0 \u00a0 \u00a0\u00a0<\/strong><\/span><\/p>\n<p><span style=\"color: #0000ff;\"><strong>SNOWBOARD<\/strong><\/span><\/p>\n<blockquote>\n<h3>TRE ATLETI DEL RADICAL RACING REVOLUTION BRILLANO AI GIOCHI STUDENTESCHI DI SNOWBOARD<\/h3>\n<\/blockquote>\n<p><strong>FALCADE<\/strong> D&#8217;estate il downhill con le mountain bike, d&#8217;inverno sulla tavola da snowboard. Un esempio di come esprimersi al meglio sia al caldo che al freddo lo hanno dato tre atleti del Radical Racing Revolution, il team capitanato da Daniele Frani e da Federico Distefano, allenatore e istruttore nazionale, che durante il periodo estivo ha degli ottimi successi nelle gare di downhill. Loro sono Simone Pianezze, Manuel Scola e Justin Manfroi che hanno parteciapto ai giochi studenteschi di snowboard. Simone Pianezze ha vinto la categoria Allievi mentre Manuel Scola si \u00e8 piazzato alle spalle del suo compagno di squadra. Altro ottimo risultato anche per Justin Manfroi, terzo nella categoria Ragazzi.<\/p>\n\n\t\t\t<style type='text\/css'>\n\t\t\t\t#gallery-4 {\n\t\t\t\t\tmargin: auto;\n\t\t\t\t}\n\t\t\t\t#gallery-4 .gallery-item {\n\t\t\t\t\tfloat: left;\n\t\t\t\t\tmargin-top: 10px;\n\t\t\t\t\ttext-align: center;\n\t\t\t\t\twidth: 33%;\n\t\t\t\t}\n\t\t\t\t#gallery-4 img {\n\t\t\t\t\tborder: 2px solid #cfcfcf;\n\t\t\t\t}\n\t\t\t\t#gallery-4 .gallery-caption {\n\t\t\t\t\tmargin-left: 0;\n\t\t\t\t}\n\t\t\t\t\/* see gallery_shortcode() in wp-includes\/media.php *\/\n\t\t\t<\/style>\n\t\t<div id='gallery-4' class='dt-gallery-container gallery galleryid-436865 gallery-columns-3 gallery-size-thumbnail'><dl class='gallery-item'>\n\t\t\t\t<dt class='gallery-icon portrait'>\n\t\t\t\t\t<a class=\"rollover rollover-zoom dt-pswp-item\" title=\"2571d1ab-0fc1-4bae-aaae-00d74ebdb1aa\" data-dt-img-description=\"\" data-large_image_width=\"1200\" data-large_image_height=\"1600\"href='https:\/\/www.radiopiu.net\/wordpress\/wp-content\/uploads\/2025\/02\/2571d1ab-0fc1-4bae-aaae-00d74ebdb1aa.jpg'><img loading=\"lazy\" decoding=\"async\" width=\"150\" height=\"150\" src=\"https:\/\/www.radiopiu.net\/wordpress\/wp-content\/uploads\/2025\/02\/2571d1ab-0fc1-4bae-aaae-00d74ebdb1aa-150x150.jpg\" class=\"attachment-thumbnail size-thumbnail\" alt=\"\" \/><\/a>\n\t\t\t\t<\/dt><\/dl><dl class='gallery-item'>\n\t\t\t\t<dt class='gallery-icon portrait'>\n\t\t\t\t\t<a class=\"rollover rollover-zoom dt-pswp-item\" title=\"1f95cc5d-9496-4cb2-8c91-cbd6e57eb52e\" data-dt-img-description=\"\" data-large_image_width=\"1200\" data-large_image_height=\"1600\"href='https:\/\/www.radiopiu.net\/wordpress\/wp-content\/uploads\/2025\/02\/1f95cc5d-9496-4cb2-8c91-cbd6e57eb52e.jpg'><img loading=\"lazy\" decoding=\"async\" width=\"150\" height=\"150\" src=\"https:\/\/www.radiopiu.net\/wordpress\/wp-content\/uploads\/2025\/02\/1f95cc5d-9496-4cb2-8c91-cbd6e57eb52e-150x150.jpg\" class=\"attachment-thumbnail size-thumbnail\" alt=\"\" \/><\/a>\n\t\t\t\t<\/dt><\/dl><dl class='gallery-item'>\n\t\t\t\t<dt class='gallery-icon landscape'>\n\t\t\t\t\t<a class=\"rollover rollover-zoom dt-pswp-item\" title=\"97c7995b-00da-4bc4-918f-9a12754f1025\" data-dt-img-description=\"\" data-large_image_width=\"1600\" data-large_image_height=\"1200\"href='https:\/\/www.radiopiu.net\/wordpress\/wp-content\/uploads\/2025\/02\/97c7995b-00da-4bc4-918f-9a12754f1025.jpg'><img loading=\"lazy\" decoding=\"async\" width=\"150\" height=\"150\" src=\"https:\/\/www.radiopiu.net\/wordpress\/wp-content\/uploads\/2025\/02\/97c7995b-00da-4bc4-918f-9a12754f1025-150x150.jpg\" class=\"attachment-thumbnail size-thumbnail\" alt=\"\" \/><\/a>\n\t\t\t\t<\/dt><\/dl><br style=\"clear: both\" \/>\n\t\t\t<\/div>\n\n<p>&nbsp;<\/p>\n<p>&nbsp;<\/p>\n<p>&nbsp;<\/p>\n<p>&nbsp;<\/p>\n","protected":false},"excerpt":{"rendered":"<p>******** &nbsp; LA\u00a0 APP PER IOS-IPHONE di Nicola Vettorello https:\/\/apps.apple.com\/it\/app\/radio-pi%C3%B9-emittente-agordina\/id1515939845 LA\u00a0 APP RADIO\u00a0 PER ANDROID di Nicola Vettorello https:\/\/play.google.com\/store\/apps\/details?id=net.radiopiu.iniko\u00a0\u00a0\u00a0\u00a0 &nbsp; DALL&#8217;ARGENTINA&#8230; PIERALDO VIGNAZIA &#8220;VIP&#8221;\u00a0 &nbsp; E LA FOTO DI TIZIANO DE COL, LA VALLE_PASSO DURAN &nbsp; &nbsp; OGGI ALLA RADIO:\u00a0\u00a0 rassegna stampa nazionale, ogni giorno alle 5 e alle 6 del mattino. giornali locali 7&hellip;<\/p>\n","protected":false},"author":4,"featured_media":437079,"comment_status":"closed","ping_status":"closed","sticky":false,"template":"","format":"standard","meta":{"_monsterinsights_skip_tracking":false,"_monsterinsights_sitenote_active":false,"_monsterinsights_sitenote_note":"","_monsterinsights_sitenote_category":0,"footnotes":""},"categories":[51,86,49],"tags":[],"class_list":["post-436865","post","type-post","status-publish","format-standard","has-post-thumbnail","hentry","category-evidenza-top","category-gr","category-news-18","category-51","category-86","category-49","description-off"],"img_url":"https:\/\/www.radiopiu.net\/wordpress\/wp-content\/uploads\/2025\/02\/Senza-nome-90.png","_links":{"self":[{"href":"https:\/\/www.radiopiu.net\/wordpress\/wp-json\/wp\/v2\/posts\/436865","targetHints":{"allow":["GET"]}}],"collection":[{"href":"https:\/\/www.radiopiu.net\/wordpress\/wp-json\/wp\/v2\/posts"}],"about":[{"href":"https:\/\/www.radiopiu.net\/wordpress\/wp-json\/wp\/v2\/types\/post"}],"author":[{"embeddable":true,"href":"https:\/\/www.radiopiu.net\/wordpress\/wp-json\/wp\/v2\/users\/4"}],"replies":[{"embeddable":true,"href":"https:\/\/www.radiopiu.net\/wordpress\/wp-json\/wp\/v2\/comments?post=436865"}],"version-history":[{"count":28,"href":"https:\/\/www.radiopiu.net\/wordpress\/wp-json\/wp\/v2\/posts\/436865\/revisions"}],"predecessor-version":[{"id":437103,"href":"https:\/\/www.radiopiu.net\/wordpress\/wp-json\/wp\/v2\/posts\/436865\/revisions\/437103"}],"wp:featuredmedia":[{"embeddable":true,"href":"https:\/\/www.radiopiu.net\/wordpress\/wp-json\/wp\/v2\/media\/437079"}],"wp:attachment":[{"href":"https:\/\/www.radiopiu.net\/wordpress\/wp-json\/wp\/v2\/media?parent=436865"}],"wp:term":[{"taxonomy":"category","embeddable":true,"href":"https:\/\/www.radiopiu.net\/wordpress\/wp-json\/wp\/v2\/categories?post=436865"},{"taxonomy":"post_tag","embeddable":true,"href":"https:\/\/www.radiopiu.net\/wordpress\/wp-json\/wp\/v2\/tags?post=436865"}],"curies":[{"name":"wp","href":"https:\/\/api.w.org\/{rel}","templated":true}]}}