{"id":436874,"date":"2025-02-27T05:57:28","date_gmt":"2025-02-27T04:57:28","guid":{"rendered":"https:\/\/www.radiopiu.net\/wordpress\/?p=436874"},"modified":"2025-02-27T09:01:06","modified_gmt":"2025-02-27T08:01:06","slug":"lite-a-salce-auto-rigata-botte-e-un-coltello-insanguinato","status":"publish","type":"post","link":"https:\/\/www.radiopiu.net\/wordpress\/lite-a-salce-auto-rigata-botte-e-un-coltello-insanguinato\/","title":{"rendered":"Lite a Salce: auto rigata, botte e un coltello insanguinato"},"content":{"rendered":"<p>**<\/p>\n<h3 data-start=\"0\" data-end=\"69\">BELLUNO<\/h3>\n<p data-start=\"71\" data-end=\"712\" data-is-last-node=\"\" data-is-only-node=\"\"><img decoding=\"async\" class=\"alignleft\" src=\"https:\/\/www.radiopiu.net\/wordpress\/wp-content\/uploads\/2025\/02\/download-18.jpg\" \/>Una lite tra due giovani a Salce, nei pressi del centro commerciale, potrebbe essere collegata al ritrovamento di un coltello sporco di sangue dietro la chiesa della frazione. Il diverbio sarebbe scoppiato dopo che uno dei due ha trovato la propria auto rigata, accusando l&#8217;altro. Il confronto \u00e8 degenerato in una rissa, durante la quale uno ha riportato ferite alla mano, forse con il coltello stesso. Nessuno dei due \u00e8 ricorso a cure mediche. Il coltello abbandonato \u00e8 stato scoperto luned\u00ec e sequestrato dalla polizia, che sta indagando. La zona dietro la chiesa \u00e8 spesso frequentata da gruppi di giovani per ritrovi notturni.<\/p>\n<hr \/>\n<p>&nbsp;<\/p>\n<p>&nbsp;<\/p>\n<h1 class=\"_title post-title entry-title\"><a class=\"dt-pswp-item\" href=\"https:\/\/www.radiopiu.net\/wordpress\/wp-content\/uploads\/2023\/12\/ANTENNA.png\" data-dt-img-description=\"\" data-large_image_width=\"300\" data-large_image_height=\"166\"><img loading=\"lazy\" decoding=\"async\" class=\"wp-image-366306 alignleft\" src=\"https:\/\/www.radiopiu.net\/wordpress\/wp-content\/uploads\/2023\/12\/ANTENNA.png\" alt=\"\" width=\"230\" height=\"127\" \/><\/a>BELLUNO | COLTELLO INSANGUINATO DIETRO LA PARROCCHIA, MISTERO A SALCE<\/h1>\n<p>Intervistati DON GIORGIO ARESI \u2013 PARROCO DI SALCE (AL TELEFONO) (Servizio di\u00a0<a href=\"https:\/\/antennatre.medianordest.it\/redazione\/Stefano-Bozzi\/\">Stefano Bozzi<\/a>)<\/p>\n<p><iframe loading=\"lazy\" title=\"COLTELLO INSANGUINATO DIETRO LA PARROCCHIA, MISTERO A SALCE | 26\/02\/2025\" width=\"1200\" height=\"675\" src=\"https:\/\/www.youtube.com\/embed\/5mJaunQd1FQ?feature=oembed\" frameborder=\"0\" allow=\"accelerometer; autoplay; clipboard-write; encrypted-media; gyroscope; picture-in-picture; web-share\" referrerpolicy=\"strict-origin-when-cross-origin\" allowfullscreen><\/iframe><\/p>\n<p>&nbsp;<\/p>\n<p>&nbsp;<\/p>\n","protected":false},"excerpt":{"rendered":"<p>** BELLUNO Una lite tra due giovani a Salce, nei pressi del centro commerciale, potrebbe essere collegata al ritrovamento di un coltello sporco di sangue dietro la chiesa della frazione. Il diverbio sarebbe scoppiato dopo che uno dei due ha trovato la propria auto rigata, accusando l&#8217;altro. Il confronto \u00e8 degenerato in una rissa, durante&hellip;<\/p>\n","protected":false},"author":4,"featured_media":436690,"comment_status":"closed","ping_status":"closed","sticky":false,"template":"","format":"standard","meta":{"_monsterinsights_skip_tracking":false,"_monsterinsights_sitenote_active":false,"_monsterinsights_sitenote_note":"","_monsterinsights_sitenote_category":0,"footnotes":""},"categories":[51,49],"tags":[],"class_list":["post-436874","post","type-post","status-publish","format-standard","has-post-thumbnail","hentry","category-evidenza-top","category-news-18","category-51","category-49","description-off"],"img_url":"https:\/\/www.radiopiu.net\/wordpress\/wp-content\/uploads\/2025\/02\/download-18.jpg","_links":{"self":[{"href":"https:\/\/www.radiopiu.net\/wordpress\/wp-json\/wp\/v2\/posts\/436874","targetHints":{"allow":["GET"]}}],"collection":[{"href":"https:\/\/www.radiopiu.net\/wordpress\/wp-json\/wp\/v2\/posts"}],"about":[{"href":"https:\/\/www.radiopiu.net\/wordpress\/wp-json\/wp\/v2\/types\/post"}],"author":[{"embeddable":true,"href":"https:\/\/www.radiopiu.net\/wordpress\/wp-json\/wp\/v2\/users\/4"}],"replies":[{"embeddable":true,"href":"https:\/\/www.radiopiu.net\/wordpress\/wp-json\/wp\/v2\/comments?post=436874"}],"version-history":[{"count":3,"href":"https:\/\/www.radiopiu.net\/wordpress\/wp-json\/wp\/v2\/posts\/436874\/revisions"}],"predecessor-version":[{"id":436915,"href":"https:\/\/www.radiopiu.net\/wordpress\/wp-json\/wp\/v2\/posts\/436874\/revisions\/436915"}],"wp:featuredmedia":[{"embeddable":true,"href":"https:\/\/www.radiopiu.net\/wordpress\/wp-json\/wp\/v2\/media\/436690"}],"wp:attachment":[{"href":"https:\/\/www.radiopiu.net\/wordpress\/wp-json\/wp\/v2\/media?parent=436874"}],"wp:term":[{"taxonomy":"category","embeddable":true,"href":"https:\/\/www.radiopiu.net\/wordpress\/wp-json\/wp\/v2\/categories?post=436874"},{"taxonomy":"post_tag","embeddable":true,"href":"https:\/\/www.radiopiu.net\/wordpress\/wp-json\/wp\/v2\/tags?post=436874"}],"curies":[{"name":"wp","href":"https:\/\/api.w.org\/{rel}","templated":true}]}}