{"id":436883,"date":"2025-02-27T05:59:39","date_gmt":"2025-02-27T04:59:39","guid":{"rendered":"https:\/\/www.radiopiu.net\/wordpress\/?p=436883"},"modified":"2025-02-27T06:03:49","modified_gmt":"2025-02-27T05:03:49","slug":"maltrattamenti-in-casa-vacanze-per-anziani","status":"publish","type":"post","link":"https:\/\/www.radiopiu.net\/wordpress\/maltrattamenti-in-casa-vacanze-per-anziani\/","title":{"rendered":"Maltrattamenti in casa vacanze per anziani"},"content":{"rendered":"<p>***<\/p>\n<blockquote>\n<h3 data-start=\"0\" data-end=\"97\"><strong data-start=\"4\" data-end=\"95\"><a class=\"dt-pswp-item\" href=\"https:\/\/www.radiopiu.net\/wordpress\/wp-content\/uploads\/2025\/02\/Senza-nome-85.png\" data-dt-img-description=\"\" data-large_image_width=\"479\" data-large_image_height=\"241\"><img loading=\"lazy\" decoding=\"async\" class=\"size-medium wp-image-436882 alignleft\" src=\"https:\/\/www.radiopiu.net\/wordpress\/wp-content\/uploads\/2025\/02\/Senza-nome-85-300x151.png\" alt=\"\" width=\"300\" height=\"151\" srcset=\"https:\/\/www.radiopiu.net\/wordpress\/wp-content\/uploads\/2025\/02\/Senza-nome-85-300x151.png 300w, https:\/\/www.radiopiu.net\/wordpress\/wp-content\/uploads\/2025\/02\/Senza-nome-85.png 479w\" sizes=\"auto, (max-width: 300px) 100vw, 300px\" \/><\/a>chiesto rinvio a giudizio per nove imputati<\/strong><\/h3>\n<\/blockquote>\n<p data-start=\"99\" data-end=\"706\" data-is-last-node=\"\" data-is-only-node=\"\">La Procura di Belluno ha chiesto il rinvio a giudizio per nove persone accusate di maltrattamenti nella casa vacanze per anziani autosufficienti di Colmirano di Alano, gestita dalla cooperativa San Vincenzo. Gli ospiti sarebbero stati sottoposti a contenzioni prolungate, incuria e isolamento sociale. Alcuni avrebbero ricevuto farmaci non prescritti e subito violenze fisiche. Tra le accuse anche esercizio abusivo della professione infermieristica. Quattro imputati hanno chiesto di patteggiare, mentre altri affrontano il processo. Il 2 aprile la prossima udienza.<\/p>\n<p data-start=\"99\" data-end=\"706\" data-is-last-node=\"\" data-is-only-node=\"\">\n<p data-start=\"99\" data-end=\"706\" data-is-last-node=\"\" data-is-only-node=\"\"><strong><a class=\"dt-pswp-item\" href=\"https:\/\/www.radiopiu.net\/wordpress\/wp-content\/uploads\/2023\/12\/ANTENNA.png\" data-dt-img-description=\"\" data-large_image_width=\"300\" data-large_image_height=\"166\"><img loading=\"lazy\" decoding=\"async\" class=\"wp-image-366306 alignleft\" src=\"https:\/\/www.radiopiu.net\/wordpress\/wp-content\/uploads\/2023\/12\/ANTENNA.png\" alt=\"\" width=\"157\" height=\"87\" \/><\/a>IERI SERA, STEFANO BOZZI NELLE ANTICIPAZIONI DELLE 19 DEL TG DI ANTENNA 3 (CANALE 10 DIGITALE TERRESTRE)<\/strong><\/p>\n<audio class=\"wp-audio-shortcode\" id=\"audio-436883-1\" preload=\"none\" style=\"width: 100%;\" controls=\"controls\"><source type=\"audio\/mpeg\" src=\"https:\/\/www.radiopiu.net\/wordpress\/wp-content\/uploads\/2025\/02\/ANTENNA3-18.mp3?_=1\" \/><a href=\"https:\/\/www.radiopiu.net\/wordpress\/wp-content\/uploads\/2025\/02\/ANTENNA3-18.mp3\">https:\/\/www.radiopiu.net\/wordpress\/wp-content\/uploads\/2025\/02\/ANTENNA3-18.mp3<\/a><\/audio>\n<p data-start=\"99\" data-end=\"706\" data-is-last-node=\"\" data-is-only-node=\"\">\n<p data-start=\"99\" data-end=\"706\" data-is-last-node=\"\" data-is-only-node=\"\">\n<blockquote>\n<h3><a class=\"dt-pswp-item\" href=\"https:\/\/www.radiopiu.net\/wordpress\/wp-content\/uploads\/2024\/01\/ANZIANI.jpg\" data-dt-img-description=\"\" data-large_image_width=\"1280\" data-large_image_height=\"853\"><img loading=\"lazy\" decoding=\"async\" class=\" wp-image-371639 alignleft\" src=\"https:\/\/www.radiopiu.net\/wordpress\/wp-content\/uploads\/2024\/01\/ANZIANI-300x200.jpg\" alt=\"\" width=\"200\" height=\"133\" srcset=\"https:\/\/www.radiopiu.net\/wordpress\/wp-content\/uploads\/2024\/01\/ANZIANI-300x200.jpg 300w, https:\/\/www.radiopiu.net\/wordpress\/wp-content\/uploads\/2024\/01\/ANZIANI-1024x682.jpg 1024w, https:\/\/www.radiopiu.net\/wordpress\/wp-content\/uploads\/2024\/01\/ANZIANI-768x512.jpg 768w, https:\/\/www.radiopiu.net\/wordpress\/wp-content\/uploads\/2024\/01\/ANZIANI.jpg 1280w\" sizes=\"auto, (max-width: 200px) 100vw, 200px\" \/><\/a>MALTRATTAMENTI AGLI ANZIANI. ZAIA: GIU&#8217; LE MANI DAI NONNI<\/h3>\n<\/blockquote>\n<p><strong>VENEZIA<\/strong> Il presidente della Regione Veneto, Luca Zaia, ha condannato con indignazione i presunti maltrattamenti su anziani non autosufficienti in una struttura privata di Alano di Piave. Ha definito la violenza su persone indifese una vergogna inaccettabile, contraria ai valori di umanit\u00e0 e solidariet\u00e0 della societ\u00e0. Ha sottolineato che simili atti ledono la dignit\u00e0 di chi merita rispetto dopo una vita di sacrifici. Ha auspicato pene adeguate per i colpevoli e il corretto corso della giustizia. Infine, ha espresso piena solidariet\u00e0 alle vittime e alle loro famiglie.<\/p>\n<p>&nbsp;<\/p>\n","protected":false},"excerpt":{"rendered":"<p>*** chiesto rinvio a giudizio per nove imputati La Procura di Belluno ha chiesto il rinvio a giudizio per nove persone accusate di maltrattamenti nella casa vacanze per anziani autosufficienti di Colmirano di Alano, gestita dalla cooperativa San Vincenzo. Gli ospiti sarebbero stati sottoposti a contenzioni prolungate, incuria e isolamento sociale. Alcuni avrebbero ricevuto farmaci&hellip;<\/p>\n","protected":false},"author":4,"featured_media":436882,"comment_status":"closed","ping_status":"closed","sticky":false,"template":"","format":"standard","meta":{"_monsterinsights_skip_tracking":false,"_monsterinsights_sitenote_active":false,"_monsterinsights_sitenote_note":"","_monsterinsights_sitenote_category":0,"footnotes":""},"categories":[51,49],"tags":[],"class_list":["post-436883","post","type-post","status-publish","format-standard","has-post-thumbnail","hentry","category-evidenza-top","category-news-18","category-51","category-49","description-off"],"img_url":"https:\/\/www.radiopiu.net\/wordpress\/wp-content\/uploads\/2025\/02\/Senza-nome-85.png","_links":{"self":[{"href":"https:\/\/www.radiopiu.net\/wordpress\/wp-json\/wp\/v2\/posts\/436883","targetHints":{"allow":["GET"]}}],"collection":[{"href":"https:\/\/www.radiopiu.net\/wordpress\/wp-json\/wp\/v2\/posts"}],"about":[{"href":"https:\/\/www.radiopiu.net\/wordpress\/wp-json\/wp\/v2\/types\/post"}],"author":[{"embeddable":true,"href":"https:\/\/www.radiopiu.net\/wordpress\/wp-json\/wp\/v2\/users\/4"}],"replies":[{"embeddable":true,"href":"https:\/\/www.radiopiu.net\/wordpress\/wp-json\/wp\/v2\/comments?post=436883"}],"version-history":[{"count":4,"href":"https:\/\/www.radiopiu.net\/wordpress\/wp-json\/wp\/v2\/posts\/436883\/revisions"}],"predecessor-version":[{"id":436898,"href":"https:\/\/www.radiopiu.net\/wordpress\/wp-json\/wp\/v2\/posts\/436883\/revisions\/436898"}],"wp:featuredmedia":[{"embeddable":true,"href":"https:\/\/www.radiopiu.net\/wordpress\/wp-json\/wp\/v2\/media\/436882"}],"wp:attachment":[{"href":"https:\/\/www.radiopiu.net\/wordpress\/wp-json\/wp\/v2\/media?parent=436883"}],"wp:term":[{"taxonomy":"category","embeddable":true,"href":"https:\/\/www.radiopiu.net\/wordpress\/wp-json\/wp\/v2\/categories?post=436883"},{"taxonomy":"post_tag","embeddable":true,"href":"https:\/\/www.radiopiu.net\/wordpress\/wp-json\/wp\/v2\/tags?post=436883"}],"curies":[{"name":"wp","href":"https:\/\/api.w.org\/{rel}","templated":true}]}}