{"id":436971,"date":"2025-02-27T14:52:06","date_gmt":"2025-02-27T13:52:06","guid":{"rendered":"https:\/\/www.radiopiu.net\/wordpress\/?p=436971"},"modified":"2025-02-28T06:08:40","modified_gmt":"2025-02-28T05:08:40","slug":"oggi-ultimo-giorno-di-servizio-per-germano-dellantone-39-anni-di-dedizione","status":"publish","type":"post","link":"https:\/\/www.radiopiu.net\/wordpress\/oggi-ultimo-giorno-di-servizio-per-germano-dellantone-39-anni-di-dedizione\/","title":{"rendered":"Oggi, ultimo giorno di servizio per Germano Dell&#8217;Antone: 39 anni di dedizione"},"content":{"rendered":"<blockquote>\n<h1>^^<\/h1>\n<\/blockquote>\n<p><strong><a class=\"dt-pswp-item\" href=\"https:\/\/www.radiopiu.net\/wordpress\/wp-content\/uploads\/2025\/02\/a5eb29a1-bbd4-43a6-8fd0-30f2b4e15c7a-1.jpg\" data-dt-img-description=\"\" data-large_image_width=\"1600\" data-large_image_height=\"1200\"><img loading=\"lazy\" decoding=\"async\" class=\"size-medium wp-image-436973 alignleft\" src=\"https:\/\/www.radiopiu.net\/wordpress\/wp-content\/uploads\/2025\/02\/a5eb29a1-bbd4-43a6-8fd0-30f2b4e15c7a-1-300x225.jpg\" alt=\"\" width=\"300\" height=\"225\" srcset=\"https:\/\/www.radiopiu.net\/wordpress\/wp-content\/uploads\/2025\/02\/a5eb29a1-bbd4-43a6-8fd0-30f2b4e15c7a-1-300x225.jpg 300w, https:\/\/www.radiopiu.net\/wordpress\/wp-content\/uploads\/2025\/02\/a5eb29a1-bbd4-43a6-8fd0-30f2b4e15c7a-1-1024x768.jpg 1024w, https:\/\/www.radiopiu.net\/wordpress\/wp-content\/uploads\/2025\/02\/a5eb29a1-bbd4-43a6-8fd0-30f2b4e15c7a-1-768x576.jpg 768w, https:\/\/www.radiopiu.net\/wordpress\/wp-content\/uploads\/2025\/02\/a5eb29a1-bbd4-43a6-8fd0-30f2b4e15c7a-1-1536x1152.jpg 1536w, https:\/\/www.radiopiu.net\/wordpress\/wp-content\/uploads\/2025\/02\/a5eb29a1-bbd4-43a6-8fd0-30f2b4e15c7a-1.jpg 1600w\" sizes=\"auto, (max-width: 300px) 100vw, 300px\" \/><\/a>ROCCA PIETORE<\/strong><\/p>\n<p data-start=\"83\" data-end=\"472\">Oggi si \u00e8 celebrato l\u2019ultimo giorno di servizio del Responsabile dell\u2019area economica finanziaria comunale, Germano Dell&#8217;Antone, che dopo 39 anni di onorato impegno va in meritata quiescenza. Durante questi anni, Germano ha dimostrato una passione autentica per il lavoro in Comune, trasformando ogni serata trascorsa in ufficio e ogni problema risolto in un atto di servizio per la comunit\u00e0.<\/p>\n<p data-start=\"474\" data-end=\"869\">Fin dal suo insediamento, ho potuto constatare in Germano una figura appassionata e dedita, un professionista la cui esperienza si \u00e8 rivelata fondamentale per affrontare le sfide quotidiane. Il suo contributo \u00e8 stato prezioso non solo per me, ma per l\u2019intero Ente, dimostrando che lavorare in Comune \u00e8 molto pi\u00f9 di un semplice impiego: \u00e8 una vera e propria vocazione al servizio dei cittadini.<\/p>\n<p data-start=\"871\" data-end=\"1057\">A nome di tutta la comunit\u00e0, auguro a Germano un futuro ricco di nuovi impegni e soddisfazioni. Grazie di cuore per questi 39 anni di dedizione e passione.<br data-start=\"1026\" data-end=\"1029\" \/>Gramarz\u00e8 de cuor, Germano!<\/p>\n<p data-start=\"1059\" data-end=\"1088\" data-is-last-node=\"\" data-is-only-node=\"\"><em data-start=\"1059\" data-end=\"1088\" data-is-last-node=\"\">L Capocomun, Valerio Davare<\/em><\/p>\n<p>__<\/p>\n<p>&nbsp;<\/p>\n<p>di JOHN FRANCIS DELLA PIETRA<\/p>\n<p>Meritata quiescenza<\/p>\n<p>Alla buon&#8217;ora<br \/>\nAnche per te Germano \u00e8 venuta l ora<br \/>\nNon senza un pizzico d emozione<br \/>\nPresto arriver\u00e0 l agognata pensione<br \/>\nNella tua vita professionale<br \/>\nMolti conti hai dovuto far quadrare<br \/>\nMa si sa quando \u00e8 fatto con passione il lavoro<br \/>\nPer tutti val pi\u00f9 dell oro<br \/>\nHai sempre dato anche la tua disponibilit\u00e0<br \/>\nA chiudere i buchi nei comuni qua e l\u00e0<br \/>\nEd inoltre quello che avevi con l esperienza imparato<br \/>\nA tanti tuoi novelli colleghi con pazienza hai insegnato<br \/>\n\u00c8 stato bello per tutti con te aver condiso<br \/>\nNel lavoro o nello svago qualche attimo col sorriso<br \/>\nIn molti di te a lungo si ricorderanno<br \/>\nE volentieri incontrandoti ti saluteranno<br \/>\nIntanto adesso goditi il momento<br \/>\nChe scorre lesto il tempo<br \/>\nCon te si complimentano di vicino e lontano<br \/>\nBenvenuto fra noi pensionati<br \/>\nGermano<\/p>\n<p>&nbsp;<\/p>\n<p>&nbsp;<\/p>\n<hr \/>\n<p>&nbsp;<\/p>\n","protected":false},"excerpt":{"rendered":"<p>^^ ROCCA PIETORE Oggi si \u00e8 celebrato l\u2019ultimo giorno di servizio del Responsabile dell\u2019area economica finanziaria comunale, Germano Dell&#8217;Antone, che dopo 39 anni di onorato impegno va in meritata quiescenza. Durante questi anni, Germano ha dimostrato una passione autentica per il lavoro in Comune, trasformando ogni serata trascorsa in ufficio e ogni problema risolto in&hellip;<\/p>\n","protected":false},"author":4,"featured_media":436972,"comment_status":"closed","ping_status":"closed","sticky":false,"template":"","format":"standard","meta":{"_monsterinsights_skip_tracking":false,"_monsterinsights_sitenote_active":false,"_monsterinsights_sitenote_note":"","_monsterinsights_sitenote_category":0,"footnotes":""},"categories":[104,49],"tags":[],"class_list":["post-436971","post","type-post","status-publish","format-standard","has-post-thumbnail","hentry","category-evidenza_3","category-news-18","category-104","category-49","description-off"],"img_url":"https:\/\/www.radiopiu.net\/wordpress\/wp-content\/uploads\/2025\/02\/a5eb29a1-bbd4-43a6-8fd0-30f2b4e15c7a.jpg","_links":{"self":[{"href":"https:\/\/www.radiopiu.net\/wordpress\/wp-json\/wp\/v2\/posts\/436971","targetHints":{"allow":["GET"]}}],"collection":[{"href":"https:\/\/www.radiopiu.net\/wordpress\/wp-json\/wp\/v2\/posts"}],"about":[{"href":"https:\/\/www.radiopiu.net\/wordpress\/wp-json\/wp\/v2\/types\/post"}],"author":[{"embeddable":true,"href":"https:\/\/www.radiopiu.net\/wordpress\/wp-json\/wp\/v2\/users\/4"}],"replies":[{"embeddable":true,"href":"https:\/\/www.radiopiu.net\/wordpress\/wp-json\/wp\/v2\/comments?post=436971"}],"version-history":[{"count":2,"href":"https:\/\/www.radiopiu.net\/wordpress\/wp-json\/wp\/v2\/posts\/436971\/revisions"}],"predecessor-version":[{"id":436981,"href":"https:\/\/www.radiopiu.net\/wordpress\/wp-json\/wp\/v2\/posts\/436971\/revisions\/436981"}],"wp:featuredmedia":[{"embeddable":true,"href":"https:\/\/www.radiopiu.net\/wordpress\/wp-json\/wp\/v2\/media\/436972"}],"wp:attachment":[{"href":"https:\/\/www.radiopiu.net\/wordpress\/wp-json\/wp\/v2\/media?parent=436971"}],"wp:term":[{"taxonomy":"category","embeddable":true,"href":"https:\/\/www.radiopiu.net\/wordpress\/wp-json\/wp\/v2\/categories?post=436971"},{"taxonomy":"post_tag","embeddable":true,"href":"https:\/\/www.radiopiu.net\/wordpress\/wp-json\/wp\/v2\/tags?post=436971"}],"curies":[{"name":"wp","href":"https:\/\/api.w.org\/{rel}","templated":true}]}}