{"id":437030,"date":"2025-02-28T05:57:07","date_gmt":"2025-02-28T04:57:07","guid":{"rendered":"https:\/\/www.radiopiu.net\/wordpress\/?p=437030"},"modified":"2025-02-28T06:07:46","modified_gmt":"2025-02-28T05:07:46","slug":"soccorsa-scialpinista-sulla-cresta-bianca","status":"publish","type":"post","link":"https:\/\/www.radiopiu.net\/wordpress\/soccorsa-scialpinista-sulla-cresta-bianca\/","title":{"rendered":"SOCCORSA SCIALPINISTA SULLA CRESTA BIANCA"},"content":{"rendered":"<p>*******<\/p>\n<p>&nbsp;<\/p>\n<p><strong><a class=\"dt-pswp-item\" href=\"https:\/\/www.radiopiu.net\/wordpress\/wp-content\/uploads\/2022\/04\/soccorso-alpino-1024x602-1.jpg\" data-dt-img-description=\"\" data-large_image_width=\"1024\" data-large_image_height=\"602\"><img loading=\"lazy\" decoding=\"async\" class=\" wp-image-270917 alignleft\" src=\"https:\/\/www.radiopiu.net\/wordpress\/wp-content\/uploads\/2022\/04\/soccorso-alpino-1024x602-1-300x176.jpg\" alt=\"\" width=\"222\" height=\"130\" srcset=\"https:\/\/www.radiopiu.net\/wordpress\/wp-content\/uploads\/2022\/04\/soccorso-alpino-1024x602-1-300x176.jpg 300w, https:\/\/www.radiopiu.net\/wordpress\/wp-content\/uploads\/2022\/04\/soccorso-alpino-1024x602-1-768x452.jpg 768w, https:\/\/www.radiopiu.net\/wordpress\/wp-content\/uploads\/2022\/04\/soccorso-alpino-1024x602-1.jpg 1024w\" sizes=\"auto, (max-width: 222px) 100vw, 222px\" \/><\/a>CORTINA<\/strong> Attorno alle 14 l&#8217;elicottero del Suem di Pieve di Cadore \u00e8 decollato in direzione della Cresta Bianca, a seguito della chiamata di uno scialpinista francese, che chiedeva aiuto per una sua connazionale quarantenne caduta sciando. La donna, che faceva parte di un gruppo di sei persone, aveva iniziato la discesa e si trovava poco sotto le creste, a circa 2.800 metri di quota, quando si \u00e8 fatta male a una gamba e non \u00e8 pi\u00f9 stata in grado di muoversi. Individuati dall&#8217;equipaggio dalle coordinate, sul posto \u00e8 stato verticellato il tecnico di elisoccorso del Soccorso alpino per una prima verifica, seguito poi dall&#8217;equipe medica. Poich\u00e9 l&#8217;infortunata lamentava forte dolore, le sono state prestate le prime cure ed \u00e8 stata poi imbarellata. L&#8217;elicottero, atterrato in attesa non distante, si \u00e8 nuovamente alzato in volo e ha issato a bordo la barella e i soccorritori per poi dirigersi all&#8217;ospedale di Belluno. I compagni della sciatrice sono rientrati autonomamente.<\/p>\n<p>&nbsp;<\/p>\n<p>&nbsp;<\/p>\n<p>********<\/p>\n","protected":false},"excerpt":{"rendered":"<p>******* &nbsp; CORTINA Attorno alle 14 l&#8217;elicottero del Suem di Pieve di Cadore \u00e8 decollato in direzione della Cresta Bianca, a seguito della chiamata di uno scialpinista francese, che chiedeva aiuto per una sua connazionale quarantenne caduta sciando. La donna, che faceva parte di un gruppo di sei persone, aveva iniziato la discesa e si&hellip;<\/p>\n","protected":false},"author":4,"featured_media":270917,"comment_status":"closed","ping_status":"closed","sticky":false,"template":"","format":"standard","meta":{"_monsterinsights_skip_tracking":false,"_monsterinsights_sitenote_active":false,"_monsterinsights_sitenote_note":"","_monsterinsights_sitenote_category":0,"footnotes":""},"categories":[51,49],"tags":[],"class_list":["post-437030","post","type-post","status-publish","format-standard","has-post-thumbnail","hentry","category-evidenza-top","category-news-18","category-51","category-49","description-off"],"img_url":"https:\/\/www.radiopiu.net\/wordpress\/wp-content\/uploads\/2022\/04\/soccorso-alpino-1024x602-1.jpg","_links":{"self":[{"href":"https:\/\/www.radiopiu.net\/wordpress\/wp-json\/wp\/v2\/posts\/437030","targetHints":{"allow":["GET"]}}],"collection":[{"href":"https:\/\/www.radiopiu.net\/wordpress\/wp-json\/wp\/v2\/posts"}],"about":[{"href":"https:\/\/www.radiopiu.net\/wordpress\/wp-json\/wp\/v2\/types\/post"}],"author":[{"embeddable":true,"href":"https:\/\/www.radiopiu.net\/wordpress\/wp-json\/wp\/v2\/users\/4"}],"replies":[{"embeddable":true,"href":"https:\/\/www.radiopiu.net\/wordpress\/wp-json\/wp\/v2\/comments?post=437030"}],"version-history":[{"count":1,"href":"https:\/\/www.radiopiu.net\/wordpress\/wp-json\/wp\/v2\/posts\/437030\/revisions"}],"predecessor-version":[{"id":437034,"href":"https:\/\/www.radiopiu.net\/wordpress\/wp-json\/wp\/v2\/posts\/437030\/revisions\/437034"}],"wp:featuredmedia":[{"embeddable":true,"href":"https:\/\/www.radiopiu.net\/wordpress\/wp-json\/wp\/v2\/media\/270917"}],"wp:attachment":[{"href":"https:\/\/www.radiopiu.net\/wordpress\/wp-json\/wp\/v2\/media?parent=437030"}],"wp:term":[{"taxonomy":"category","embeddable":true,"href":"https:\/\/www.radiopiu.net\/wordpress\/wp-json\/wp\/v2\/categories?post=437030"},{"taxonomy":"post_tag","embeddable":true,"href":"https:\/\/www.radiopiu.net\/wordpress\/wp-json\/wp\/v2\/tags?post=437030"}],"curies":[{"name":"wp","href":"https:\/\/api.w.org\/{rel}","templated":true}]}}