{"id":437055,"date":"2025-03-01T05:31:59","date_gmt":"2025-03-01T04:31:59","guid":{"rendered":"https:\/\/www.radiopiu.net\/wordpress\/?p=437055"},"modified":"2025-03-01T07:59:45","modified_gmt":"2025-03-01T06:59:45","slug":"giornale-radio-piu-28-febbraio-2025","status":"publish","type":"post","link":"https:\/\/www.radiopiu.net\/wordpress\/giornale-radio-piu-28-febbraio-2025\/","title":{"rendered":"GIORNALE RADIOPIU 01 MARZO 2025 DIRETTORE MIRKO MEZZACASA\u2026DA 41 ANNI 25 GIUGNO 1983-25 GIUGNO 2024"},"content":{"rendered":"<p>********<\/p>\n<p>&nbsp;<\/p>\n<p><em><span style=\"color: #ff0000;\"><a class=\"dt-pswp-item\" href=\"https:\/\/www.radiopiu.net\/wordpress\/wp-content\/uploads\/2024\/10\/Senza-nome-8.png\" data-dt-img-description=\"\" data-large_image_width=\"343\" data-large_image_height=\"303\"><img loading=\"lazy\" decoding=\"async\" class=\"wp-image-412130 alignleft\" src=\"https:\/\/www.radiopiu.net\/wordpress\/wp-content\/uploads\/2024\/10\/Senza-nome-8-300x265.png\" alt=\"\" width=\"105\" height=\"93\" srcset=\"https:\/\/www.radiopiu.net\/wordpress\/wp-content\/uploads\/2024\/10\/Senza-nome-8-300x265.png 300w, https:\/\/www.radiopiu.net\/wordpress\/wp-content\/uploads\/2024\/10\/Senza-nome-8.png 343w\" sizes=\"auto, (max-width: 105px) 100vw, 105px\" \/><\/a><\/span><\/em><strong><em><span style=\"color: #ff0000;\"> LA\u00a0 APP PER IOS-IPHONE di Nicola Vettorello<\/span><\/em><\/strong><\/p>\n<p><strong><span style=\"color: #0000ff;\"><a style=\"color: #0000ff;\" href=\"https:\/\/apps.apple.com\/it\/app\/radio-pi%C3%B9-emittente-agordina\/id1515939845\">https:\/\/apps.apple.com\/it\/app\/radio-pi%C3%B9-emittente-agordina\/id1515939845<\/a><\/span><\/strong><\/p>\n<p><strong><em style=\"color: #ff0000;\">LA\u00a0 APP RADIO\u00a0 PER ANDROID di Nicola Vettorello<\/em><\/strong><\/p>\n<p><strong><span style=\"color: #0000ff;\"><a style=\"color: #0000ff;\" href=\"https:\/\/play.google.com\/store\/apps\/details?id=net.radiopiu.iniko\" target=\"_blank\" rel=\"noopener noreferrer\">https:\/\/<\/a><a style=\"color: #0000ff;\" href=\"https:\/\/play.google.com\/store\/apps\/details?id=net.radiopiu.iniko\" target=\"_blank\" rel=\"noopener noreferrer\">play.google.com\/store\/apps\/details?id=net.radiopiu.iniko\u00a0\u00a0\u00a0\u00a0<\/a><\/span><\/strong><\/p>\n<p>&nbsp;<\/p>\n<p>&nbsp;<\/p>\n<h1><a class=\"dt-pswp-item\" href=\"https:\/\/www.radiopiu.net\/wordpress\/wp-content\/uploads\/2025\/03\/482196620_17898726096117730_4835478310956941211_n.jpg\" data-dt-img-description=\"\" data-large_image_width=\"526\" data-large_image_height=\"526\"><img loading=\"lazy\" decoding=\"async\" class=\" wp-image-437272 alignleft\" src=\"https:\/\/www.radiopiu.net\/wordpress\/wp-content\/uploads\/2025\/03\/482196620_17898726096117730_4835478310956941211_n-300x300.jpg\" alt=\"\" width=\"215\" height=\"215\" srcset=\"https:\/\/www.radiopiu.net\/wordpress\/wp-content\/uploads\/2025\/03\/482196620_17898726096117730_4835478310956941211_n-300x300.jpg 300w, https:\/\/www.radiopiu.net\/wordpress\/wp-content\/uploads\/2025\/03\/482196620_17898726096117730_4835478310956941211_n-150x150.jpg 150w, https:\/\/www.radiopiu.net\/wordpress\/wp-content\/uploads\/2025\/03\/482196620_17898726096117730_4835478310956941211_n.jpg 526w\" sizes=\"auto, (max-width: 215px) 100vw, 215px\" \/><\/a>DAIIIIIIIIIIIIIIIIIII LUCIAAAAAAAAAAAAAA DAGLI DENTRO!!!<\/h1>\n<div class=\"html-div xdj266r x11i5rnm xat24cr x1mh8g0r xexx8yu x4uap5 x18d9i69 xkhd6sd\">\n<div class=\"html-div xdj266r x11i5rnm x1mh8g0r x18d9i69 x1cy8zhl x78zum5 x1q0g3np xod5an3 xz9dl7a x1ye3gou xn6708d\">\n<div class=\"html-div xdj266r x11i5rnm xat24cr x1mh8g0r xexx8yu x4uap5 x18d9i69 xkhd6sd x1iyjqo2\">\n<div class=\"x78zum5 xdt5ytf xz62fqu x16ldp7u\">\n<div class=\"xu06os2 x1ok221b\">\n<div class=\"html-div xdj266r x11i5rnm xat24cr x1mh8g0r xexx8yu x4uap5 x18d9i69 xkhd6sd\" data-ad-rendering-role=\"profile_name\">\n<h4 id=\":Ralal9alqhraillkqismipapd5aq:\" class=\"html-h4 x11i5rnm xat24cr x1mh8g0r xexx8yu x4uap5 x18d9i69 xkhd6sd x1vvkbs x1heor9g x1qlqyl8 x1pd3egz x1a2a7pz x1gslohp x1yc453h\"><span class=\"xt0psk2\"><a class=\"x1i10hfl xjbqb8w x1ejq31n xd10rxx x1sy0etr x17r0tee x972fbf xcfux6l x1qhh985 xm0m39n x9f619 x1ypdohk xt0psk2 xe8uvvx xdj266r x11i5rnm xat24cr x1mh8g0r xexx8yu x4uap5 x18d9i69 xkhd6sd x16tdsg8 x1hl2dhg xggy1nq x1a2a7pz xkrqix3 x1sur9pj xzsf02u x1s688f\" tabindex=\"0\" role=\"link\" href=\"https:\/\/www.facebook.com\/profile.php?id=61554299586770&amp;__cft__[0]=AZULWl7Et7aQfvBwrgnPG79a6Ae8M-LxIMWqPEWMuzFssMETcClTO6CCdMF_Xll6j9bBXxtklIpFwMyi25DCBig9KqluVyMx6z0mFtZEKDrwX_CrnhpxA8h54Gdf73vnhV48YqM33aFJ3GfwjuzE0cq0XPGRCsGTanYTs_XFcqAbCMi7iThZEoUqLLP6zLMU7LflHoRlu2G3RgCkwbeml8KJUmZM-UHVKj4T-HqG7kqvUQ&amp;__tn__=-UC%2CP-R\" aria-describedby=\":R2r7actakd9alqhraillkqismipapd5aq:\"><strong class=\"html-strong xdj266r x11i5rnm xat24cr x1mh8g0r xexx8yu x4uap5 x18d9i69 xkhd6sd x1hl2dhg x16tdsg8 x1vvkbs x1s688f\"><span class=\"html-span xdj266r x11i5rnm xat24cr x1mh8g0r xexx8yu x4uap5 x18d9i69 xkhd6sd x1hl2dhg x16tdsg8 x1vvkbs\">Lucia Dalmasso Fan Club<\/span><\/strong><\/a><\/span><\/h4>\n<\/div>\n<\/div>\n<div class=\"xu06os2 x1ok221b\">\n<div id=\":Ralal9alqhraillkqismipapd5aqH1:\" class=\"html-div xdj266r x11i5rnm xat24cr x1mh8g0r xexx8yu x4uap5 x18d9i69 xkhd6sd x1q0g3np\"><\/div>\n<\/div>\n<\/div>\n<\/div>\n<div>\n<div class=\"x1ey2m1c xds687c x17qophe xg01cxk x47corl x10l6tqk x13vifvy x1ebt8du x19991ni x1dhq9h xzolkzo x12go9s9 x1rnf11y xprq8jg\" role=\"none\" data-visualcompletion=\"ignore\"><\/div>\n<\/div>\n<\/div>\n<\/div>\n<div class=\"html-div xdj266r x11i5rnm xat24cr x1mh8g0r xexx8yu x4uap5 x18d9i69 xkhd6sd\">\n<div class=\"html-div xdj266r x11i5rnm xat24cr x1mh8g0r xexx8yu x4uap5 x18d9i69 xkhd6sd\" dir=\"auto\">\n<div class=\"html-div xdj266r x11i5rnm xat24cr x1mh8g0r xexx8yu x4uap5 x18d9i69 xkhd6sd\" data-ad-rendering-role=\"story_message\">\n<div id=\":Ralal9alqhraillkqismipapd5aqH2:\" class=\"x1l90r2v x1iorvi4 x1ye3gou xn6708d\" data-ad-comet-preview=\"message\" data-ad-preview=\"message\">\n<div class=\"x78zum5 xdt5ytf xz62fqu x16ldp7u\">\n<div class=\"xu06os2 x1ok221b\">\n<div class=\"xdj266r x11i5rnm xat24cr x1mh8g0r x1vvkbs x126k92a\">\n<div dir=\"auto\">La nostra Lucia partir\u00e0\u00a0 alle 9.00 nelle qualifiche a Krynica nella sesta batteria sul percorso rosso con il pettorale #27 <span class=\"html-span xexx8yu x4uap5 x18d9i69 xkhd6sd x1hl2dhg x16tdsg8 x1vvkbs x3nfvp2 x1j61x8r x1fcty0u xdj266r xat24cr xgzva0m xhhsvwb xxymvpz xlup9mm x1kky2od\"><img loading=\"lazy\" decoding=\"async\" class=\"xz74otr\" src=\"https:\/\/static.xx.fbcdn.net\/images\/emoji.php\/v9\/tba\/1\/16\/1f3c2.png\" alt=\"&#x1f3c2;\" width=\"16\" height=\"16\" \/><\/span><\/div>\n<\/div>\n<div class=\"x11i5rnm xat24cr x1mh8g0r x1vvkbs xtlvy1s x126k92a\">\n<div dir=\"auto\">\n<p>Forza <span class=\"html-span xdj266r x11i5rnm xat24cr x1mh8g0r xexx8yu x4uap5 x18d9i69 xkhd6sd x1hl2dhg x16tdsg8 x1vvkbs\"><a class=\"x1i10hfl xjbqb8w x1ejq31n xd10rxx x1sy0etr x17r0tee x972fbf xcfux6l x1qhh985 xm0m39n x9f619 x1ypdohk xt0psk2 xe8uvvx xdj266r x11i5rnm xat24cr x1mh8g0r xexx8yu x4uap5 x18d9i69 xkhd6sd x16tdsg8 x1hl2dhg xggy1nq x1a2a7pz xkrqix3 x1sur9pj x1fey0fg x1s688f\" tabindex=\"0\" role=\"link\" href=\"https:\/\/l.facebook.com\/l.php?u=https%3A%2F%2Fwww.instagram.com%2F_u%2Fluciadalmasso28%3Ffbclid%3DIwZXh0bgNhZW0CMTAAAR2CFpy9Lp4ExYazRRgW2hUs7hrTh3HGAyYUC93YfxITI6iORpTv74aiRnY_aem_kokTzX7x80Vsgoe-irZDsQ&amp;h=AT2UIrNnXvaUJHDhucffzF6c3ZlaFEGkeQZwu-L_WFkEprJHYklExy8c4Y2P7JsdmNQL56uHNNQHYGTp7hOm7r7o4XyChKXdzpQ6eC7io5CNFysaJizsaxIWV54hULsgzUcn&amp;__tn__=-UK-R&amp;c[0]=AT1urU29XwSP9hO9MZ7HJMdDZPQJe0L0f82UjBIAaF-KUbiNhDOU7ff7UOTn3s2Css3amIavTUxUGqnLtGpLU683mvcpiitQW_cPd74Sn4_ldkPZxpy8pSnZf3nuaRg_3UkKVod-eVAAu8JIy0Veqhdmp7sp_azXbQ5x_AON83CJ7MFpLijhPbIyLAMKrl5CUNJ5ifpJ_uz-TVWsbLxPF9pIuWRqk8cr6yVADK5Qnhnjq06F7KgkgizVyOg\" target=\"_blank\" rel=\"nofollow noopener noreferrer\">@luciadalmasso28<\/a><\/span><\/p>\n<div>\n<div id=\"0DE9E47C-871A-4F90-8440-B190C216800A_1\" class=\"mcafee_green\" tabindex=\"0\"><\/div>\n<\/div>\n<p><span class=\"html-span xexx8yu x4uap5 x18d9i69 xkhd6sd x1hl2dhg x16tdsg8 x1vvkbs x3nfvp2 x1j61x8r x1fcty0u xdj266r xat24cr xgzva0m xhhsvwb xxymvpz xlup9mm x1kky2od\"><img loading=\"lazy\" decoding=\"async\" class=\"xz74otr\" src=\"https:\/\/static.xx.fbcdn.net\/images\/emoji.php\/v9\/tba\/1\/16\/1f3c2.png\" alt=\"&#x1f3c2;\" width=\"16\" height=\"16\" \/><\/span><\/p>\n<\/div>\n<\/div>\n<div class=\"x11i5rnm xat24cr x1mh8g0r x1vvkbs xtlvy1s x126k92a\">\n<div dir=\"auto\"><span class=\"html-span xdj266r x11i5rnm xat24cr x1mh8g0r xexx8yu x4uap5 x18d9i69 xkhd6sd x1hl2dhg x16tdsg8 x1vvkbs\"><a class=\"x1i10hfl xjbqb8w x1ejq31n xd10rxx x1sy0etr x17r0tee x972fbf xcfux6l x1qhh985 xm0m39n x9f619 x1ypdohk xt0psk2 xe8uvvx xdj266r x11i5rnm xat24cr x1mh8g0r xexx8yu x4uap5 x18d9i69 xkhd6sd x16tdsg8 x1hl2dhg xggy1nq x1a2a7pz xkrqix3 x1sur9pj x1fey0fg x1s688f\" tabindex=\"0\" role=\"link\" href=\"https:\/\/www.facebook.com\/hashtag\/fanluciadalmasso?__eep__=6&amp;__cft__[0]=AZULWl7Et7aQfvBwrgnPG79a6Ae8M-LxIMWqPEWMuzFssMETcClTO6CCdMF_Xll6j9bBXxtklIpFwMyi25DCBig9KqluVyMx6z0mFtZEKDrwX_CrnhpxA8h54Gdf73vnhV48YqM33aFJ3GfwjuzE0cq0XPGRCsGTanYTs_XFcqAbCMi7iThZEoUqLLP6zLMU7LflHoRlu2G3RgCkwbeml8KJUmZM-UHVKj4T-HqG7kqvUQ&amp;__tn__=*NK-R\">#FanLuciaDalmasso<\/a><\/span> <span class=\"html-span xdj266r x11i5rnm xat24cr x1mh8g0r xexx8yu x4uap5 x18d9i69 xkhd6sd x1hl2dhg x16tdsg8 x1vvkbs\"><a class=\"x1i10hfl xjbqb8w x1ejq31n xd10rxx x1sy0etr x17r0tee x972fbf xcfux6l x1qhh985 xm0m39n x9f619 x1ypdohk xt0psk2 xe8uvvx xdj266r x11i5rnm xat24cr x1mh8g0r xexx8yu x4uap5 x18d9i69 xkhd6sd x16tdsg8 x1hl2dhg xggy1nq x1a2a7pz xkrqix3 x1sur9pj x1fey0fg x1s688f\" tabindex=\"0\" role=\"link\" href=\"https:\/\/www.facebook.com\/hashtag\/luciadalmassofanclub?__eep__=6&amp;__cft__[0]=AZULWl7Et7aQfvBwrgnPG79a6Ae8M-LxIMWqPEWMuzFssMETcClTO6CCdMF_Xll6j9bBXxtklIpFwMyi25DCBig9KqluVyMx6z0mFtZEKDrwX_CrnhpxA8h54Gdf73vnhV48YqM33aFJ3GfwjuzE0cq0XPGRCsGTanYTs_XFcqAbCMi7iThZEoUqLLP6zLMU7LflHoRlu2G3RgCkwbeml8KJUmZM-UHVKj4T-HqG7kqvUQ&amp;__tn__=*NK-R\">#LuciaDalmassoFanClub<\/a><\/span><\/div>\n<\/div>\n<\/div>\n<\/div>\n<\/div>\n<\/div>\n<\/div>\n<\/div>\n<p>&nbsp;<\/p>\n<p>&nbsp;<\/p>\n<p>&nbsp;<\/p>\n<hr \/>\n<p>&nbsp;<\/p>\n<p><span style=\"color: #ff0000;\"><strong>OGGI ALLA RADIO:\u00a0\u00a0<\/strong><\/span><\/p>\n<p><strong><a class=\"dt-pswp-item\" href=\"https:\/\/www.radiopiu.net\/wordpress\/wp-content\/uploads\/2025\/02\/PQPGHSOGHA.jpg\" data-dt-img-description=\"\" data-large_image_width=\"708\" data-large_image_height=\"434\"><img loading=\"lazy\" decoding=\"async\" class=\"size-medium wp-image-436441 alignleft\" src=\"https:\/\/www.radiopiu.net\/wordpress\/wp-content\/uploads\/2025\/02\/PQPGHSOGHA-300x184.jpg\" alt=\"\" width=\"300\" height=\"184\" srcset=\"https:\/\/www.radiopiu.net\/wordpress\/wp-content\/uploads\/2025\/02\/PQPGHSOGHA-300x184.jpg 300w, https:\/\/www.radiopiu.net\/wordpress\/wp-content\/uploads\/2025\/02\/PQPGHSOGHA.jpg 708w\" sizes=\"auto, (max-width: 300px) 100vw, 300px\" \/><\/a>rassegna stampa nazionale,<\/strong> ogni giorno alle 5 e alle 6 del mattino. giornali locali 7 rassegna stampa flash, 8 rassegna stampa, gr flash alle 10 e alle 11, principale 12.30. Informazione pomeriggio ogni ora fino alle 20, in coda ai notiziari nazionali. Giornale radio nazionale: ogni ora dalle 4 del mattino, alle 20 della sera. Alle 19 le anticipazioni dal TG di Antenna 3 di Tiziana Bolognani.<\/p>\n<p>&nbsp;<\/p>\n<p><span style=\"color: #0000ff;\"><strong>OGGI ALLE<\/strong>\u00a0<\/span> \u00a0<strong>9.00 <\/strong>premier le novit\u00e0 musicali di marco gaz\u00a0<strong>10.30\u00a0 <\/strong>questa sera al Nof Filo&#8217; di Cencenighe serata dedicata alla montagna con Mario Vielmo, di LUISA MANFROI \u00a0<b>12.30 <\/b>GIORNALE RADIO, EDIZIONE PRINCIPALE<b> 13.20 <\/b>COLLAGE OPERAZIONE NOSTALGIA DI LORIS SCUSSEL <strong>14.00<\/strong>\u00a0 ELETTROCHOCH CON DJ JACK&#8230; LA MUSICA CHE BATTE IL SABATO POMERIGGIO E&#8217; SOLO SU RADIOPIU <strong>18.30<\/strong> VARESE &#8211; ALLEGHE HOCKEY . Collegamenti in DIRETTA RADIOFONICA su Radio Pi\u00f9 (www.radiopiu.net) con \u201chockey al punto giusto\u201d, in studio Marco Gaz e da Varese interventi di Roberto Miana<\/p>\n<h1><strong><span style=\"color: #ff0000;\">OGGI\u00a0 DALLE 10 SUI CANALI SOCIAL DIRETTA DA CANALE D&#8217;AGORDO, IL RICORDO DI BATTISTA COSTANTINI &#8211; FOTO &#8211;\u00a0<\/span><\/strong><\/h1>\n<p>&nbsp;<\/p>\n<p>&nbsp;<\/p>\n<p>&nbsp;<\/p>\n<hr \/>\n<p>&nbsp;<\/p>\n<p>&nbsp;<\/p>\n<div class=\"x11i5rnm xat24cr x1mh8g0r x1vvkbs xtlvy1s x126k92a\">\n<div dir=\"auto\">\n<div dir=\"auto\">\n<p><strong><a class=\"dt-pswp-item\" href=\"https:\/\/www.radiopiu.net\/wordpress\/wp-content\/uploads\/2024\/02\/2d44e751-d8a8-461b-8e22-d8e4e853b032.jpg\" data-dt-img-description=\"\" data-large_image_width=\"1600\" data-large_image_height=\"1200\"><img loading=\"lazy\" decoding=\"async\" class=\"wp-image-373307 alignleft\" src=\"https:\/\/www.radiopiu.net\/wordpress\/wp-content\/uploads\/2024\/02\/2d44e751-d8a8-461b-8e22-d8e4e853b032-300x225.jpg\" alt=\"\" width=\"105\" height=\"79\" srcset=\"https:\/\/www.radiopiu.net\/wordpress\/wp-content\/uploads\/2024\/02\/2d44e751-d8a8-461b-8e22-d8e4e853b032-300x225.jpg 300w, https:\/\/www.radiopiu.net\/wordpress\/wp-content\/uploads\/2024\/02\/2d44e751-d8a8-461b-8e22-d8e4e853b032-1024x768.jpg 1024w, https:\/\/www.radiopiu.net\/wordpress\/wp-content\/uploads\/2024\/02\/2d44e751-d8a8-461b-8e22-d8e4e853b032-768x576.jpg 768w, https:\/\/www.radiopiu.net\/wordpress\/wp-content\/uploads\/2024\/02\/2d44e751-d8a8-461b-8e22-d8e4e853b032-1536x1152.jpg 1536w, https:\/\/www.radiopiu.net\/wordpress\/wp-content\/uploads\/2024\/02\/2d44e751-d8a8-461b-8e22-d8e4e853b032.jpg 1600w\" sizes=\"auto, (max-width: 105px) 100vw, 105px\" \/><\/a>EL BAL DEL FIOR, DI GIULIANA DA RONCH, 01 MARZO<\/strong><strong> 2025<\/strong><\/p>\n<p>&nbsp;<\/p>\n<audio class=\"wp-audio-shortcode\" id=\"audio-437055-1\" preload=\"none\" style=\"width: 100%;\" controls=\"controls\"><source type=\"audio\/mpeg\" src=\"https:\/\/www.radiopiu.net\/wordpress\/wp-content\/uploads\/2025\/02\/GSA-3.mp3?_=1\" \/><a href=\"https:\/\/www.radiopiu.net\/wordpress\/wp-content\/uploads\/2025\/02\/GSA-3.mp3\">https:\/\/www.radiopiu.net\/wordpress\/wp-content\/uploads\/2025\/02\/GSA-3.mp3<\/a><\/audio>\n<p>&nbsp;<\/p>\n<hr \/>\n<p>&nbsp;<\/p>\n<p>&nbsp;<\/p>\n<\/div>\n<\/div>\n<\/div>\n<div class=\"x11i5rnm xat24cr x1mh8g0r x1vvkbs xtlvy1s x126k92a\">\n<blockquote>\n<h1><strong><a class=\"dt-pswp-item\" href=\"https:\/\/www.radiopiu.net\/wordpress\/wp-content\/uploads\/2024\/10\/629301fd-708d-4f53-95c2-d28cbefd500f.jpg\" data-dt-img-description=\"\" data-large_image_width=\"1600\" data-large_image_height=\"1322\"><img loading=\"lazy\" decoding=\"async\" class=\"wp-image-413782 alignright\" src=\"https:\/\/www.radiopiu.net\/wordpress\/wp-content\/uploads\/2024\/10\/629301fd-708d-4f53-95c2-d28cbefd500f-300x248.jpg\" alt=\"\" width=\"106\" height=\"88\" srcset=\"https:\/\/www.radiopiu.net\/wordpress\/wp-content\/uploads\/2024\/10\/629301fd-708d-4f53-95c2-d28cbefd500f-300x248.jpg 300w, https:\/\/www.radiopiu.net\/wordpress\/wp-content\/uploads\/2024\/10\/629301fd-708d-4f53-95c2-d28cbefd500f-1024x846.jpg 1024w, https:\/\/www.radiopiu.net\/wordpress\/wp-content\/uploads\/2024\/10\/629301fd-708d-4f53-95c2-d28cbefd500f-768x635.jpg 768w, https:\/\/www.radiopiu.net\/wordpress\/wp-content\/uploads\/2024\/10\/629301fd-708d-4f53-95c2-d28cbefd500f-1536x1269.jpg 1536w, https:\/\/www.radiopiu.net\/wordpress\/wp-content\/uploads\/2024\/10\/629301fd-708d-4f53-95c2-d28cbefd500f.jpg 1600w\" sizes=\"auto, (max-width: 106px) 100vw, 106px\" \/><\/a><\/strong><\/h1>\n<h1><strong><a class=\"dt-pswp-item\" href=\"https:\/\/www.radiopiu.net\/wordpress\/wp-content\/uploads\/2024\/11\/th-18.jpg\" data-dt-img-description=\"\" data-large_image_width=\"156\" data-large_image_height=\"180\"><img loading=\"lazy\" decoding=\"async\" class=\"size-full wp-image-421611 alignleft\" src=\"https:\/\/www.radiopiu.net\/wordpress\/wp-content\/uploads\/2024\/11\/th-18.jpg\" alt=\"\" width=\"156\" height=\"180\" \/><\/a><\/strong><\/h1>\n<h1><strong>N di parom &#8211; L Almanach de la nosta jent<\/strong><\/h1>\n<\/blockquote>\n<p>&nbsp;<\/p>\n<p>Le voci: Davide Conedera, Agordo, Michela Dell&#8217;Osbel, La Valle Agordina Simone Ganz, Falcade Veronica Lezuo, Colle Santa Lucia. La voce nella sigla \u00e8 di Giorgia Taio<\/p>\n<p><strong>LA PUNTATA DI OGGI, 01 MARZO 2025<\/strong><\/p>\n<audio class=\"wp-audio-shortcode\" id=\"audio-437055-2\" preload=\"none\" style=\"width: 100%;\" controls=\"controls\"><source type=\"audio\/mpeg\" src=\"https:\/\/www.radiopiu.net\/wordpress\/wp-content\/uploads\/2025\/02\/AL6-2.mp3?_=2\" \/><a href=\"https:\/\/www.radiopiu.net\/wordpress\/wp-content\/uploads\/2025\/02\/AL6-2.mp3\">https:\/\/www.radiopiu.net\/wordpress\/wp-content\/uploads\/2025\/02\/AL6-2.mp3<\/a><\/audio>\n<p>&nbsp;<\/p>\n<p>&nbsp;<\/p>\n<p>&nbsp;<\/p>\n<p>&nbsp;<\/p>\n<\/div>\n<div class=\"x11i5rnm xat24cr x1mh8g0r x1vvkbs xtlvy1s x126k92a\">\n<div dir=\"auto\">\n<hr \/>\n<\/div>\n<\/div>\n<blockquote>\n<blockquote>\n<h1><span style=\"color: #ff0000;\">\u00a0<\/span><\/h1>\n<h1><span style=\"color: #ff0000;\">I podcast informativi del mattino &#8211; audio &#8211;\u00a0\u00a0<\/span><\/h1>\n<\/blockquote>\n<p><strong><a class=\"dt-pswp-item\" href=\"https:\/\/www.radiopiu.net\/wordpress\/wp-content\/uploads\/2024\/11\/6.jpg\" data-dt-img-description=\"\" data-large_image_width=\"177\" data-large_image_height=\"180\"><img loading=\"lazy\" decoding=\"async\" class=\"size-full wp-image-417911 alignleft\" src=\"https:\/\/www.radiopiu.net\/wordpress\/wp-content\/uploads\/2024\/11\/6.jpg\" alt=\"\" width=\"177\" height=\"180\" \/><\/a>LA RASSEGNA STAMPA NAZIONALE ALLA RADIO, OGNI GIORNO ALLE 5 E ALLE 6 DEL MATTINO <span style=\"color: #0000ff;\">viene pubblicata alle 6.00 <span style=\"color: #ff0000;\">DIRETTA RADIO\u00a0 \u00a0\u00a0<\/span><\/span><\/strong><\/p><\/blockquote>\n<p>&nbsp;<\/p>\n<p><strong>NOTIZIE DELLA NOTTE<\/strong><\/p>\n<p><strong>Rubio,<\/strong> per Trump &#8216;prima la pace poi le garanzie per l&#8217;Ucraina&#8217;,\u00a0 \u00a0&#8216;Zelensky si scusi dopo lo scontro con Trump. <strong>Trump:<\/strong> l&#8217;Ucraina deve essere guidata da chi \u00e8 pronto alla pace, voglio il cessate il fuoco subito in Ucraina <strong>Robert Kennedy,<\/strong> fermare il morbillo \u00e8 una priorit\u00e0 <strong>Zelensky,<\/strong> il rapporto con Trump pu\u00f2 essere salvato, &#8216;voglio garanzie di sicurezza dagli Usa&#8217; <strong>Palladino<\/strong>, fondamentale vincere, squadra ha sofferto critiche<\/p>\n<h1>AUDIO dalle 6 del mattino<\/h1>\n<audio class=\"wp-audio-shortcode\" id=\"audio-437055-3\" preload=\"none\" style=\"width: 100%;\" controls=\"controls\"><source type=\"audio\/mpeg\" src=\"https:\/\/www.radiopiu.net\/wordpress\/wp-content\/uploads\/2025\/02\/GIORNALEDELLESEI-22.mp3?_=3\" \/><a href=\"https:\/\/www.radiopiu.net\/wordpress\/wp-content\/uploads\/2025\/02\/GIORNALEDELLESEI-22.mp3\">https:\/\/www.radiopiu.net\/wordpress\/wp-content\/uploads\/2025\/02\/GIORNALEDELLESEI-22.mp3<\/a><\/audio>\n<p>&nbsp;<\/p>\n<p>&nbsp;<\/p>\n<hr \/>\n<p>&nbsp;<\/p>\n<h1 style=\"text-align: center;\"><span style=\"color: #ff0000;\"><a class=\"dt-pswp-item\" href=\"https:\/\/www.radiopiu.net\/wordpress\/wp-content\/uploads\/2024\/11\/7.jpg\" data-dt-img-description=\"\" data-large_image_width=\"180\" data-large_image_height=\"180\"><img loading=\"lazy\" decoding=\"async\" class=\"size-full wp-image-417912 alignleft\" src=\"https:\/\/www.radiopiu.net\/wordpress\/wp-content\/uploads\/2024\/11\/7.jpg\" alt=\"\" width=\"180\" height=\"180\" srcset=\"https:\/\/www.radiopiu.net\/wordpress\/wp-content\/uploads\/2024\/11\/7.jpg 180w, https:\/\/www.radiopiu.net\/wordpress\/wp-content\/uploads\/2024\/11\/7-150x150.jpg 150w\" sizes=\"auto, (max-width: 180px) 100vw, 180px\" \/><\/a>I podcast informativi del mattino &#8211; audio &#8211;\u00a0<\/span><\/h1>\n<p><strong>OGNI GIORNO ALLE SETTE DEL MATTINO, LA RASSEGNA STAMPA LOCALE FLASH&#8230; PER CHI VA IN FRETTA. I TITOLI DAI GIORNALI E DAL SITO WWW.RADIOPIU.NET <span style=\"color: #0000ff;\">viene pubblicato alle 7.00<\/span> <span style=\"color: #ff0000;\">DIRETTA RADIO\u00a0<\/span><\/strong><\/p>\n<p><em><span style=\"color: #ff0000;\">per chi va in fretta&#8230; tante notizie in pochi minuti. L&#8217;informazione locale alla radio, ogni ora dalle 7 del mattino alle 19 della sera.\u00a0<\/span><\/em><\/p>\n<p><strong>Incidenti sulle piste da sci, 12 interventi del SUEM 118<\/strong><br \/>\nGiornata intensa per i soccorritori del SUEM 118 nei comprensori sciistici bellunesi. Ad Arabba, una minorenne di Roma \u00e8 rimasta ferita in seguito a una caduta e trasportata d&#8217;urgenza all&#8217;ospedale di Belluno con l&#8217;elicottero Falco. Sempre sulla stessa pista, una donna di 54 anni, anch&#8217;essa romana, ha riportato un trauma da caduta. Ad Alleghe, un giovane sciatore straniero ha subito un politrauma, mentre ad Auronzo un uomo di 65 anni di Belluno \u00e8 stato colpito da gravi problemi respiratori. In totale, 12 gli interventi effettuati sulle piste.<\/p>\n<p><strong>Nuovo protocollo per la parit\u00e0 di genere nel lavoro<\/strong><br \/>\nA Belluno istituzioni, associazioni di categoria e sindacati hanno firmato un Protocollo d&#8217;Intesa per la parit\u00e0 di genere e il welfare territoriale. L&#8217;iniziativa rientra nel Bando Pari finanziato dalla Regione Veneto e punta a ridurre il divario di genere nel mondo del lavoro.<\/p>\n<p><strong>Educazione finanziaria nelle scuole: parte il progetto &#8216;Sii previdente&#8217;<\/strong><br \/>\nA Venezia prende il via &#8220;Sii previdente, proteggi i tuoi sogni&#8221;, progetto promosso da Veneto Lavoro e Veneto Welfare. L&#8217;iniziativa porta l&#8217;educazione previdenziale e finanziaria nelle scuole superiori della regione, coinvolgendo oltre 60 istituti e formatori del fondo pensione Solidariet\u00e0 Veneto.<\/p>\n<h1>AUDIO dalle 7 del mattino<\/h1>\n<audio class=\"wp-audio-shortcode\" id=\"audio-437055-4\" preload=\"none\" style=\"width: 100%;\" controls=\"controls\"><source type=\"audio\/mpeg\" src=\"https:\/\/www.radiopiu.net\/wordpress\/wp-content\/uploads\/2025\/03\/GF07.mp3?_=4\" \/><a href=\"https:\/\/www.radiopiu.net\/wordpress\/wp-content\/uploads\/2025\/03\/GF07.mp3\">https:\/\/www.radiopiu.net\/wordpress\/wp-content\/uploads\/2025\/03\/GF07.mp3<\/a><\/audio>\n<p>&nbsp;<\/p>\n<p>&nbsp;<\/p>\n<hr \/>\n<p>&nbsp;<\/p>\n<h1><\/h1>\n<h1 style=\"text-align: center;\"><span style=\"color: #ff0000;\"><a class=\"dt-pswp-item\" href=\"https:\/\/www.radiopiu.net\/wordpress\/wp-content\/uploads\/2024\/11\/th.jpg\" data-dt-img-description=\"\" data-large_image_width=\"148\" data-large_image_height=\"179\"><img loading=\"lazy\" decoding=\"async\" class=\"size-full wp-image-417913 alignleft\" src=\"https:\/\/www.radiopiu.net\/wordpress\/wp-content\/uploads\/2024\/11\/th.jpg\" alt=\"\" width=\"148\" height=\"179\" \/><\/a>I podcast informativi del mattino &#8211; audio &#8211;\u00a0<\/span><\/h1>\n<blockquote><p><strong>GIORNALE RADIO NAZIONALE, EDIZIONE DELLE SETTE <span style=\"color: #0000ff;\">viene pubblicato alle 7.05 <span style=\"color: #ff0000;\">DIRETTA RADIO\u00a0<\/span><\/span><\/strong><\/p><\/blockquote>\n<p><strong>il giornale radionazionale e&#8217; in onda ogni ora, dalle sette del mattino alle venti della sera\u00a0 \u00a0<\/strong><\/p>\n<p>&nbsp;<\/p>\n<p><strong><a class=\"dt-pswp-item\" href=\"https:\/\/www.radiopiu.net\/wordpress\/wp-content\/uploads\/2025\/02\/download-7.jpg\" data-dt-img-description=\"\" data-large_image_width=\"211\" data-large_image_height=\"239\"><img loading=\"lazy\" decoding=\"async\" class=\" wp-image-435553 alignleft\" src=\"https:\/\/www.radiopiu.net\/wordpress\/wp-content\/uploads\/2025\/02\/download-7.jpg\" alt=\"\" width=\"150\" height=\"170\" \/><\/a>\u00a0NAPOLI<\/strong> Il crollo della Vela Celeste di Scampia, ci sono i primi indagati Sono funzionari pubblici e tecnici. Per l&#8217;accusa &#8220;sgombero inapplicato e niente manutenzione&#8221; <strong>ROMA<\/strong> Travolto e ucciso da un&#8217;auto, rintracciato il pirata della strada. Il 39enne denunciato per omicidio str dale e omissione soccorso. La vittima aveva 57 anni<br \/>\n<strong>VICENZA<\/strong> Rebellin: il camionista che lo uccise presenta appello contro la condanna. Il Tribunale di Vicenza gli ha inflitto 4 anni di reclusione <strong>UDINE<\/strong> La tragedia del Natisone: &#8216;In sei minuti i ragazzi sarebbero stati tutti salvi&#8217;.Il legale delle famiglie delle vittime: &#8216;Una tempistica stabilita dalla perizia&#8217; <strong>ROMA<\/strong> Hacker filorussi attaccano i siti del Quirinale e del Csm. I Noname al dodicesimo giorno della campagna contro l&#8217;Italia <strong>NAPOLI<\/strong> Maranza a Napoli, intensificati i controlli in vista di Napoli-Inter. La Digos setaccia il web. Continua tam-tam per &#8220;fare un macello&#8221; <strong>PORDENONE<\/strong> Picchiano e rapinano coetanei, arrestati due minorenni. L&#8217;episodio nel Pordenonese, indagini dei carabinieri<\/p>\n<p>&nbsp;<\/p>\n<p><strong><a class=\"dt-pswp-item\" href=\"https:\/\/www.radiopiu.net\/wordpress\/wp-content\/uploads\/2025\/02\/download-3.jpg\" data-dt-img-description=\"\" data-large_image_width=\"223\" data-large_image_height=\"226\"><img loading=\"lazy\" decoding=\"async\" class=\" wp-image-434732 alignleft\" src=\"https:\/\/www.radiopiu.net\/wordpress\/wp-content\/uploads\/2025\/02\/download-3.jpg\" alt=\"\" width=\"167\" height=\"169\" \/><\/a>VICENZA<\/strong> Rebellin: il camionista che lo uccise presenta appello contro la condanna. Il Tribunale di Vicenza gli ha inflitto 4 anni di reclusione <strong>VICENZA<\/strong> Badante killer, interdittiva a due farmacisti di Vicenza. Indagine dopo morte sospetta di anziani da parte falsa badante <strong>PADOVA<\/strong> Vende droga vicino stazione Padova, arrestato. Aveva blister contenenti 4 pastiglie di Tapentadolo <strong>TREVISO<\/strong> Molestie sessuali al lavoro, imprenditore condannato a Treviso. A denunciarlo una dipendente dopo anni di soprusi <strong>ASIAGO<\/strong> Va in pensione la &#8216;Vaca Mora&#8217;, il trenino che raggiungeva Asiago. Zaia, &#8220;dopo 60 anni diventer\u00e0 il nostro Orient Express&#8217; <strong>BELLUNO<\/strong> A Confindustria Belluno Dolomiti il premio &#8216;Impact Award&#8217;. Berton, premiato il nostro impegno <strong>VENEZIA<\/strong> Carnevale, nel ponte del marted\u00ec grasso turismo vale 450 milioni. Venezia sul podio, seguita da Viareggio ma anche Ivrea e Fano. Oggi \u00e8 il giorno del taglio della testa del toro, riscostruisce la disputa tra la Serenissima e Aquileia <strong>VENEZIA<\/strong> Un murale per scandire il tempo del viaggio scolastico a Dolo. Realizzato dagli studenti su parete Itcs &#8216;Lazzari <strong>CANALE D&#8217;AGORDO<\/strong> Oggi alle 10 &#8211; diretta su tutti i canali social di RADIOPIU &#8211; il ricordo di Battista Costantini<strong> ROCCA PIETORE<\/strong> Quarto appuntamento con i Carnevai de le Vai, oggi a Sottoguda, e domani a<strong> Canale d&#8217;Agordo<\/strong> ritorna la zinghenesta, in diretta\u00a0 sui canali social di RADIOPIU con Marco Gaz e Marina Don\u00e0 <strong>CENCENIGHE<\/strong> Questa sera al Nof Filo&#8217; Mario Vielmo, alle 10.30 nel reporter lo speciale di Luisa Manfroi <strong>ALLEGHE HOCKEY<\/strong>\u00a0Questa sera la prima di playoff a Varese, diretta su RADIOPIU dalle 18.30 con Roberto Miana, in studio Marco Gaz<\/p>\n<h1><span style=\"color: #ff0000;\"><span style=\"color: #0000ff;\">ULTIM&#8217;ORA<\/span> <span style=\"color: #000000;\">AUDIO dalle sette del mattino, ogni ora alla radio EDIZIONE DELLE SETTE<\/span><\/span><\/h1>\n<audio class=\"wp-audio-shortcode\" id=\"audio-437055-5\" preload=\"none\" style=\"width: 100%;\" controls=\"controls\"><source type=\"audio\/mpeg\" src=\"https:\/\/www.radiopiu.net\/wordpress\/wp-content\/uploads\/2025\/03\/giornale07.mp3?_=5\" \/><a href=\"https:\/\/www.radiopiu.net\/wordpress\/wp-content\/uploads\/2025\/03\/giornale07.mp3\">https:\/\/www.radiopiu.net\/wordpress\/wp-content\/uploads\/2025\/03\/giornale07.mp3<\/a><\/audio>\n<p>&nbsp;<\/p>\n<p>&nbsp;<\/p>\n<hr \/>\n<p>&nbsp;<\/p>\n<p>&nbsp;<\/p>\n<h1><span style=\"color: #ff0000;\"><a class=\"dt-pswp-item\" href=\"https:\/\/www.radiopiu.net\/wordpress\/wp-content\/uploads\/2024\/11\/8.jpg\" data-dt-img-description=\"\" data-large_image_width=\"180\" data-large_image_height=\"180\"><img loading=\"lazy\" decoding=\"async\" class=\"size-full wp-image-417910 alignleft\" src=\"https:\/\/www.radiopiu.net\/wordpress\/wp-content\/uploads\/2024\/11\/8.jpg\" alt=\"\" width=\"180\" height=\"180\" srcset=\"https:\/\/www.radiopiu.net\/wordpress\/wp-content\/uploads\/2024\/11\/8.jpg 180w, https:\/\/www.radiopiu.net\/wordpress\/wp-content\/uploads\/2024\/11\/8-150x150.jpg 150w\" sizes=\"auto, (max-width: 180px) 100vw, 180px\" \/><\/a>I podcast informativi del mattino &#8211; video &#8211;\u00a0<\/span><\/h1>\n<h2 style=\"text-align: left;\"><strong>RASSEGNA STAMPA LOCALE, ORE OTTO<\/strong><\/h2>\n<h2><strong> <span style=\"color: #0000ff;\">viene\u00a0 <\/span><\/strong><strong><span style=\"color: #0000ff;\">pubblicata alle 8.05 <span style=\"color: #ff0000;\">DIRETTA RADIO\u00a0 \u00a0<\/span><\/span><\/strong><strong>DI MIRKO MEZZACASA<\/strong><\/h2>\n<h2><span style=\"color: #ff0000;\"><strong>\u00a0\u00a0<\/strong><\/span><\/h2>\n<p><iframe loading=\"lazy\" style=\"border: none; overflow: hidden;\" src=\"https:\/\/www.facebook.com\/plugins\/video.php?height=314&amp;href=https%3A%2F%2Fwww.facebook.com%2Fradiopiu%2Fvideos%2F1764228010787418%2F&amp;show_text=false&amp;width=560&amp;t=0\" width=\"560\" height=\"314\" frameborder=\"0\" scrolling=\"no\" allowfullscreen=\"allowfullscreen\"><\/iframe><\/p>\n<p>&nbsp;<\/p>\n<p>&nbsp;<\/p>\n<p><strong>Dolomiti Ambiente, nessuna offerta pervenuta per l&#8217;acquisto delle azioni<\/strong><br \/>\nScaduto il termine per la presentazione di offerte per le azioni de La Dolomiti Ambiente SpA: nessuna proposta ricevuta. Restano aperti i termini di prelazione per il socio di minoranza.<\/p>\n<p><strong>Il restauro del Crocifisso di Cavarzano<\/strong><br \/>\nNell&#8217;ambito delle iniziative quaresimali per l&#8217;Anno Santo 2025, le parrocchie dell&#8217;Oltrardo presenteranno il restauro del crocifisso ligneo del XIV secolo della chiesa di Cavarzano. L&#8217;evento \u00e8 in programma per venerd\u00ec 7 marzo alle 20:30 nella sala parrocchiale.<\/p>\n<p><strong>Appuntamenti e sport<\/strong><br \/>\nA Rocca Pietore quarto appuntamento con i &#8220;Carnevai de le Vai&#8221;, mentre domani a Canale d&#8217;Agordo ritorna la &#8220;Zinghenesta&#8221;, con diretta sui canali social di RADIOPIU. A Cencenighe, invece, questa sera Mario Vielmo ospite al Nof Fil\u00f2.<\/p>\n<p>Sul fronte sportivo, questa sera a Varese prende il via la prima partita dei playoff di hockey\u00a0 grande attesa per l&#8217;Alleghe hockey, con diretta su RADIOPIU dalle 18.30.<\/p>\n<p>Queste le principali notizie di oggi. Per aggiornamenti in tempo reale, seguiteci sui nostri canali. Buon ascolto!<span style=\"color: #ff0000;\"><strong> \u00a0<\/strong><\/span><\/p>\n\n\t\t\t<style type='text\/css'>\n\t\t\t\t#gallery-1 {\n\t\t\t\t\tmargin: auto;\n\t\t\t\t}\n\t\t\t\t#gallery-1 .gallery-item {\n\t\t\t\t\tfloat: left;\n\t\t\t\t\tmargin-top: 10px;\n\t\t\t\t\ttext-align: center;\n\t\t\t\t\twidth: 50%;\n\t\t\t\t}\n\t\t\t\t#gallery-1 img {\n\t\t\t\t\tborder: 2px solid #cfcfcf;\n\t\t\t\t}\n\t\t\t\t#gallery-1 .gallery-caption {\n\t\t\t\t\tmargin-left: 0;\n\t\t\t\t}\n\t\t\t\t\/* see gallery_shortcode() in wp-includes\/media.php *\/\n\t\t\t<\/style>\n\t\t<div id='gallery-1' class='dt-gallery-container gallery galleryid-437055 gallery-columns-2 gallery-size-thumbnail'><dl class='gallery-item'>\n\t\t\t\t<dt class='gallery-icon landscape'>\n\t\t\t\t\t<a class=\"rollover rollover-zoom dt-pswp-item\" title=\"COOP1\" data-dt-img-description=\"\" data-large_image_width=\"486\" data-large_image_height=\"219\"href='https:\/\/www.radiopiu.net\/wordpress\/wp-content\/uploads\/2025\/02\/COOP1-24.png'><img loading=\"lazy\" decoding=\"async\" width=\"150\" height=\"150\" src=\"https:\/\/www.radiopiu.net\/wordpress\/wp-content\/uploads\/2025\/02\/COOP1-24-150x150.png\" class=\"attachment-thumbnail size-thumbnail\" alt=\"\" \/><\/a>\n\t\t\t\t<\/dt><\/dl><dl class='gallery-item'>\n\t\t\t\t<dt class='gallery-icon landscape'>\n\t\t\t\t\t<a class=\"rollover rollover-zoom dt-pswp-item\" title=\"AAA\" data-dt-img-description=\"\" data-large_image_width=\"397\" data-large_image_height=\"383\"href='https:\/\/www.radiopiu.net\/wordpress\/wp-content\/uploads\/2025\/02\/AAA.png'><img loading=\"lazy\" decoding=\"async\" width=\"150\" height=\"150\" src=\"https:\/\/www.radiopiu.net\/wordpress\/wp-content\/uploads\/2025\/02\/AAA-150x150.png\" class=\"attachment-thumbnail size-thumbnail\" alt=\"\" \/><\/a>\n\t\t\t\t<\/dt><\/dl><br style=\"clear: both\" \/>\n\t\t\t<\/div>\n\n<h1><span style=\"color: #ff0000;\"><strong>VIDEO\u00a0 \u00a0in diretta AGGIORNAMENTO\u00a0 dalle 8 del mattino\u00a0<\/strong><\/span><\/h1>\n<h2><\/h2>\n<p>&nbsp;<\/p>\n<hr \/>\n<p>&nbsp;<\/p>\n<p>&nbsp;<\/p>\n<p>&nbsp;<\/p>\n<p><strong><a class=\"dt-pswp-item\" href=\"https:\/\/www.radiopiu.net\/wordpress\/wp-content\/uploads\/2023\/12\/ANTENNA.png\" data-dt-img-description=\"\" data-large_image_width=\"300\" data-large_image_height=\"166\"><img loading=\"lazy\" decoding=\"async\" class=\"wp-image-366306 alignright\" src=\"https:\/\/www.radiopiu.net\/wordpress\/wp-content\/uploads\/2023\/12\/ANTENNA.png\" alt=\"\" width=\"101\" height=\"56\" \/><\/a><a class=\"dt-pswp-item\" href=\"https:\/\/www.radiopiu.net\/wordpress\/wp-content\/uploads\/2024\/11\/th-17.jpg\" data-dt-img-description=\"\" data-large_image_width=\"224\" data-large_image_height=\"180\"><img loading=\"lazy\" decoding=\"async\" class=\" wp-image-421610 alignleft\" src=\"https:\/\/www.radiopiu.net\/wordpress\/wp-content\/uploads\/2024\/11\/th-17.jpg\" alt=\"\" width=\"167\" height=\"134\" \/><\/a>ogni sera alle 19 le anticipazioni alla radio, quello che poi seguirete nel TELEGIORNALE BELLUNESE\u00a0 in onda alle 19.30 sul CANALE 10 del digitale terrestre.\u00a0\u00a0<\/strong><\/p>\n<p><b>\u00a0\u00a0<\/b><\/p>\n<h1><span style=\"color: #ff0000;\"><strong>LE ANTICIPAZIONI DI FABIO FIORAVANZI<\/strong><\/span><\/h1>\n<audio class=\"wp-audio-shortcode\" id=\"audio-437055-6\" preload=\"none\" style=\"width: 100%;\" controls=\"controls\"><source type=\"audio\/mpeg\" src=\"https:\/\/www.radiopiu.net\/wordpress\/wp-content\/uploads\/2025\/02\/ANTENNA3-20.mp3?_=6\" \/><a href=\"https:\/\/www.radiopiu.net\/wordpress\/wp-content\/uploads\/2025\/02\/ANTENNA3-20.mp3\">https:\/\/www.radiopiu.net\/wordpress\/wp-content\/uploads\/2025\/02\/ANTENNA3-20.mp3<\/a><\/audio>\n<p>&nbsp;<\/p>\n<p>&nbsp;<\/p>\n<p>&nbsp;<\/p>\n<hr \/>\n<p>&nbsp;<\/p>\n<blockquote>\n<h3>LA GIORNATA DEL SUEM TRA INCIDENTI IN PISTA E UN MALORE AD AURONZO<\/h3>\n<\/blockquote>\n<p><strong> <a class=\"dt-pswp-item\" href=\"https:\/\/www.radiopiu.net\/wordpress\/wp-content\/uploads\/2025\/02\/2.jpg\" data-dt-img-description=\"\" data-large_image_width=\"600\" data-large_image_height=\"450\"><img loading=\"lazy\" decoding=\"async\" class=\" wp-image-437204 alignleft\" src=\"https:\/\/www.radiopiu.net\/wordpress\/wp-content\/uploads\/2025\/02\/2-300x225.jpg\" alt=\"\" width=\"204\" height=\"153\" srcset=\"https:\/\/www.radiopiu.net\/wordpress\/wp-content\/uploads\/2025\/02\/2-300x225.jpg 300w, https:\/\/www.radiopiu.net\/wordpress\/wp-content\/uploads\/2025\/02\/2.jpg 600w\" sizes=\"auto, (max-width: 204px) 100vw, 204px\" \/><\/a>REDAZIONE<\/strong> La giornata del Suem 118 termina con quattro interventi. Tra le operazioni pi\u00f9 significative, spiccano i soccorsi effettuati sulle piste di Arabba e Alleghe. Ad Arabba, una sciatrice minorenne di Roma \u00e8 rimasta ferita in seguito a una caduta ed \u00e8 stata trasportata d&#8217;urgenza all&#8217;ospedale di Belluno con l&#8217;elicottero Falco. Sempre sulla stessa pista, un\u2019altra donna di 54 anni, anch&#8217;essa di Roma, ha riportato un trauma da caduta.\u00a0 Ad Alleghe, un giovane sciatore straniero ha subito un politrauma ed \u00e8 stato soccorso dal Servizio di Aiuto Alpino, prima di essere trasferito in ospedale a Belluno. Anche ad Auronzo, la centrale operativa SUEM \u00e8 intervenuta per un uomo di 65 anni residente a Belluno, colpito da gravi problemi respiratori: per lui \u00e8 stato necessario il trasporto in ospedale con l\u2019ambulanza e il supporto dell\u2019elicottero Falco. In totale sono stati 12 gli interventi sui comprensori sciistici del bellunese.<\/p>\n<p>&nbsp;<\/p>\n<p>&nbsp;<\/p>\n<hr \/>\n<p>&nbsp;<\/p>\n<blockquote>\n<h3>SOCCORSO PISTE: IL PUNTO DELL&#8217;ULSS 1 DOLOMITI<\/h3>\n<\/blockquote>\n<p><strong>DI BARBARA PAOLAZZI<\/strong><\/p>\n<p><strong>BELLUNO<\/strong> Punto stampa dell&#8217;Ulss 1 Dolomiti per parlare del soccorso sulle piste da sci<\/p>\n<p><strong>IL SERVIZIO<\/strong><\/p>\n<audio class=\"wp-audio-shortcode\" id=\"audio-437055-7\" preload=\"none\" style=\"width: 100%;\" controls=\"controls\"><source type=\"audio\/mpeg\" src=\"https:\/\/www.radiopiu.net\/wordpress\/wp-content\/uploads\/2025\/02\/PAOLAZZI-SOCCORSO-PISTE-SERVIZIO.mp3?_=7\" \/><a href=\"https:\/\/www.radiopiu.net\/wordpress\/wp-content\/uploads\/2025\/02\/PAOLAZZI-SOCCORSO-PISTE-SERVIZIO.mp3\">https:\/\/www.radiopiu.net\/wordpress\/wp-content\/uploads\/2025\/02\/PAOLAZZI-SOCCORSO-PISTE-SERVIZIO.mp3<\/a><\/audio>\n<p>&nbsp;<\/p>\n<p><strong>IL PRIMARIO DI ORTOPEDIA, IL DOTT. D&#8217;ANTIMO<\/strong><\/p>\n<audio class=\"wp-audio-shortcode\" id=\"audio-437055-8\" preload=\"none\" style=\"width: 100%;\" controls=\"controls\"><source type=\"audio\/mpeg\" src=\"https:\/\/www.radiopiu.net\/wordpress\/wp-content\/uploads\/2025\/02\/paolazzi-piste-ulss-intervista.mp3?_=8\" \/><a href=\"https:\/\/www.radiopiu.net\/wordpress\/wp-content\/uploads\/2025\/02\/paolazzi-piste-ulss-intervista.mp3\">https:\/\/www.radiopiu.net\/wordpress\/wp-content\/uploads\/2025\/02\/paolazzi-piste-ulss-intervista.mp3<\/a><\/audio>\n<p>&nbsp;<\/p>\n\n\t\t\t<style type='text\/css'>\n\t\t\t\t#gallery-2 {\n\t\t\t\t\tmargin: auto;\n\t\t\t\t}\n\t\t\t\t#gallery-2 .gallery-item {\n\t\t\t\t\tfloat: left;\n\t\t\t\t\tmargin-top: 10px;\n\t\t\t\t\ttext-align: center;\n\t\t\t\t\twidth: 50%;\n\t\t\t\t}\n\t\t\t\t#gallery-2 img {\n\t\t\t\t\tborder: 2px solid #cfcfcf;\n\t\t\t\t}\n\t\t\t\t#gallery-2 .gallery-caption {\n\t\t\t\t\tmargin-left: 0;\n\t\t\t\t}\n\t\t\t\t\/* see gallery_shortcode() in wp-includes\/media.php *\/\n\t\t\t<\/style>\n\t\t<div id='gallery-2' class='dt-gallery-container gallery galleryid-437055 gallery-columns-2 gallery-size-medium'><dl class='gallery-item'>\n\t\t\t\t<dt class='gallery-icon portrait'>\n\t\t\t\t\t<a class=\"rollover rollover-zoom dt-pswp-item\" title=\"b0bcf6e5-f450-4365-b1a2-9dedcae48e74\" data-dt-img-description=\"\" data-large_image_width=\"897\" data-large_image_height=\"1600\"href='https:\/\/www.radiopiu.net\/wordpress\/wp-content\/uploads\/2025\/02\/b0bcf6e5-f450-4365-b1a2-9dedcae48e74.jpg'><img loading=\"lazy\" decoding=\"async\" width=\"168\" height=\"300\" src=\"https:\/\/www.radiopiu.net\/wordpress\/wp-content\/uploads\/2025\/02\/b0bcf6e5-f450-4365-b1a2-9dedcae48e74-168x300.jpg\" class=\"attachment-medium size-medium\" alt=\"\" srcset=\"https:\/\/www.radiopiu.net\/wordpress\/wp-content\/uploads\/2025\/02\/b0bcf6e5-f450-4365-b1a2-9dedcae48e74-168x300.jpg 168w, https:\/\/www.radiopiu.net\/wordpress\/wp-content\/uploads\/2025\/02\/b0bcf6e5-f450-4365-b1a2-9dedcae48e74-574x1024.jpg 574w, https:\/\/www.radiopiu.net\/wordpress\/wp-content\/uploads\/2025\/02\/b0bcf6e5-f450-4365-b1a2-9dedcae48e74-768x1370.jpg 768w, https:\/\/www.radiopiu.net\/wordpress\/wp-content\/uploads\/2025\/02\/b0bcf6e5-f450-4365-b1a2-9dedcae48e74-861x1536.jpg 861w, https:\/\/www.radiopiu.net\/wordpress\/wp-content\/uploads\/2025\/02\/b0bcf6e5-f450-4365-b1a2-9dedcae48e74.jpg 897w\" sizes=\"auto, (max-width: 168px) 100vw, 168px\" \/><\/a>\n\t\t\t\t<\/dt><\/dl><dl class='gallery-item'>\n\t\t\t\t<dt class='gallery-icon landscape'>\n\t\t\t\t\t<a class=\"rollover rollover-zoom dt-pswp-item\" title=\"0c7644a8-6da2-4207-9019-fe1c3c1652ab\" data-dt-img-description=\"\" data-large_image_width=\"1600\" data-large_image_height=\"897\"href='https:\/\/www.radiopiu.net\/wordpress\/wp-content\/uploads\/2025\/02\/0c7644a8-6da2-4207-9019-fe1c3c1652ab.jpg'><img loading=\"lazy\" decoding=\"async\" width=\"300\" height=\"168\" src=\"https:\/\/www.radiopiu.net\/wordpress\/wp-content\/uploads\/2025\/02\/0c7644a8-6da2-4207-9019-fe1c3c1652ab-300x168.jpg\" class=\"attachment-medium size-medium\" alt=\"\" srcset=\"https:\/\/www.radiopiu.net\/wordpress\/wp-content\/uploads\/2025\/02\/0c7644a8-6da2-4207-9019-fe1c3c1652ab-300x168.jpg 300w, https:\/\/www.radiopiu.net\/wordpress\/wp-content\/uploads\/2025\/02\/0c7644a8-6da2-4207-9019-fe1c3c1652ab-1024x574.jpg 1024w, https:\/\/www.radiopiu.net\/wordpress\/wp-content\/uploads\/2025\/02\/0c7644a8-6da2-4207-9019-fe1c3c1652ab-768x431.jpg 768w, https:\/\/www.radiopiu.net\/wordpress\/wp-content\/uploads\/2025\/02\/0c7644a8-6da2-4207-9019-fe1c3c1652ab-1536x861.jpg 1536w, https:\/\/www.radiopiu.net\/wordpress\/wp-content\/uploads\/2025\/02\/0c7644a8-6da2-4207-9019-fe1c3c1652ab.jpg 1600w\" sizes=\"auto, (max-width: 300px) 100vw, 300px\" \/><\/a>\n\t\t\t\t<\/dt><\/dl><br style=\"clear: both\" \/>\n\t\t\t<\/div>\n\n<p>&nbsp;<\/p>\n<p>&nbsp;<\/p>\n<hr \/>\n<p>&nbsp;<\/p>\n<blockquote>\n<h1>Nessuno lo rivuole a casa: resta in carcere<\/h1>\n<p><strong>LA GIUDIZIARIA, OGGI.<\/strong><br \/>\n<strong>SUL CORRIERE DELLE ALPI, SINTESI.<\/strong><br \/>\n<strong>GIGI SOSSO<\/strong><\/p>\n<div class=\"flex max-w-full flex-col flex-grow\">\n<div class=\"min-h-8 text-message relative flex w-full flex-col items-end gap-2 whitespace-normal break-words text-start [.text-message+&amp;]:mt-5\" dir=\"auto\" data-message-author-role=\"assistant\" data-message-id=\"23e527b1-cd57-46c8-bcdb-0a975c138d58\" data-message-model-slug=\"gpt-4o\">\n<div class=\"flex w-full flex-col gap-1 empty:hidden first:pt-[3px]\">\n<div class=\"markdown prose w-full break-words dark:prose-invert dark\">\n<blockquote>\n<p data-start=\"0\" data-end=\"49\"><strong><a href=\"https:\/\/www.radiopiu.net\/wordpress\/wp-content\/uploads\/2025\/03\/0d24ab42-3e57-43f9-943d-05d30ca18369.webp\"><img loading=\"lazy\" decoding=\"async\" class=\" wp-image-437253 alignleft\" src=\"https:\/\/www.radiopiu.net\/wordpress\/wp-content\/uploads\/2025\/03\/0d24ab42-3e57-43f9-943d-05d30ca18369-300x300.webp\" alt=\"\" width=\"160\" height=\"160\" srcset=\"https:\/\/www.radiopiu.net\/wordpress\/wp-content\/uploads\/2025\/03\/0d24ab42-3e57-43f9-943d-05d30ca18369-300x300.webp 300w, https:\/\/www.radiopiu.net\/wordpress\/wp-content\/uploads\/2025\/03\/0d24ab42-3e57-43f9-943d-05d30ca18369-150x150.webp 150w, https:\/\/www.radiopiu.net\/wordpress\/wp-content\/uploads\/2025\/03\/0d24ab42-3e57-43f9-943d-05d30ca18369-768x768.webp 768w, https:\/\/www.radiopiu.net\/wordpress\/wp-content\/uploads\/2025\/03\/0d24ab42-3e57-43f9-943d-05d30ca18369.webp 1024w\" sizes=\"auto, (max-width: 160px) 100vw, 160px\" \/><\/a>SETTEVILLE<\/strong> Il Tribunale di Sorveglianza di Venezia ha respinto la richiesta di scarcerazione di un uomo condannato per maltrattamenti in famiglia. Senza un domicilio disponibile, dopo la revoca dell\u2019ospitalit\u00e0 dalla cooperativa Dumia di Feltre, resta a Baldenich. Condannato in appello a un anno e otto mesi, la madre ha testimoniato contro di lui, ricordando episodi di violenza e richieste di denaro. La difesa tenter\u00e0 altre strade, ma senza una soluzione abitativa, la detenzione resta confermata.<\/p>\n<\/blockquote>\n<\/div>\n<\/div>\n<\/div>\n<\/div>\n<div class=\"mb-2 flex gap-3 empty:hidden -ml-2\">\n<div class=\"items-center justify-start rounded-xl p-1 flex\">\n<div class=\"flex items-center\"><\/div>\n<\/div>\n<\/div>\n<p>&nbsp;<\/p>\n<blockquote>\n<p data-start=\"0\" data-end=\"53\"><strong data-start=\"0\" data-end=\"51\">Atti persecutori: a processo il mancato suocero<\/strong><\/p>\n<\/blockquote>\n<p data-start=\"55\" data-end=\"352\" data-is-last-node=\"\" data-is-only-node=\"\"><strong>BELLUNO<\/strong> Dopo la condanna dell&#8217;ex compagno per stalking e maltrattamenti, il padre dell\u2019uomo dovr\u00e0 affrontare un processo per atti persecutori. L\u2019accusa lo ritiene responsabile di condotte ossessive tra settembre 2023 e marzo 2024. Il dibattimento inizier\u00e0 il 26 gennaio 2026 con l\u2019audizione della vittima.<\/p>\n<\/blockquote>\n<p>&nbsp;<\/p>\n<hr \/>\n<p>&nbsp;<\/p>\n<blockquote>\n<h2 class=\"_title post-title entry-title\">DE PELLEGRIN SULLA GRATICOLA: MAGGIORANZA SCOSSA DA INIZIATIVA DI 5 SUOI ESPONENTI<\/h2>\n<\/blockquote>\n<p>28\/02\/2025 BELLUNO \u2013 Prove generali per mettere in scacco l\u2019amministrazione De Pellegrin. Sono andate in scena in apertura del consiglio comunale, questo pomeriggio a Palazzo Rosso, e a pi\u00f9 di qualcuno sono tremate le vene ai polsi<\/p>\n<p>\u2013 Intervistati ILENIA BAVASSO (CONSIGLIERA IPBBC) (Servizio di\u00a0<a href=\"https:\/\/antennatre.medianordest.it\/redazione\/Tiziana-Bolognani\/\">Tiziana Bolognani<\/a>)<\/p>\n<p><iframe loading=\"lazy\" title=\"DE PELLEGRIN SULLA GRATICOLA: MAGGIORANZA SCOSSA DA INIZIATIVA DI 5 SUOI ESPONENTI | 28\/02\/2025\" width=\"1200\" height=\"675\" src=\"https:\/\/www.youtube.com\/embed\/p6ODjNpbzn0?feature=oembed\" frameborder=\"0\" allow=\"accelerometer; autoplay; clipboard-write; encrypted-media; gyroscope; picture-in-picture; web-share\" referrerpolicy=\"strict-origin-when-cross-origin\" allowfullscreen><\/iframe><\/p>\n<p>&nbsp;<\/p>\n<hr \/>\n<p>&nbsp;<\/p>\n<blockquote>\n<h3>RIFORMA AMBITI TERRITORIALI SOCIALI: LA CISL CHIEDE GARANZIE<\/h3>\n<\/blockquote>\n<p><strong>VENEZIA<\/strong> La Cisl Veneto ha inviato una lettera ai 563 sindaci del Veneto per chiedere che i nuovi Ambiti Territoriali Sociali (Ats) mantengano una natura giuridica pubblica, attraverso la forma dell\u2019azienda speciale consortile. Gli Ats, previsti dalla Legge Regionale n. 9\/2024, diventeranno operativi nell\u2019aprile 2026 e saranno centrali nella gestione dei servizi sociosanitari e nell\u2019attuazione dei Livelli Essenziali delle Prestazioni Sociali (LEPS). Il segretario generale Massimiliano Paglini ha sottolineato che questa scelta garantirebbe efficienza, continuit\u00e0 dei servizi e tutele per i lavoratori del settore. La Cisl auspica una convergenza tra tutti gli stakeholder per un sistema integrato che coinvolga anche le RSA regionali e rafforzi la contrattazione sociale.<\/p>\n<p><strong>FRANCESCO ORRU&#8217;, SEGRETARIO CISL<\/strong><\/p>\n<p><iframe loading=\"lazy\" title=\"FRANCESCO ORRU&#039; CISL\" width=\"1200\" height=\"675\" src=\"https:\/\/www.youtube.com\/embed\/B1HASYiXvzk?feature=oembed\" frameborder=\"0\" allow=\"accelerometer; autoplay; clipboard-write; encrypted-media; gyroscope; picture-in-picture; web-share\" referrerpolicy=\"strict-origin-when-cross-origin\" allowfullscreen><\/iframe><\/p>\n<p>&nbsp;<\/p>\n<hr \/>\n<p>&nbsp;<\/p>\n<blockquote>\n<h3>RINNOVO RSU ALLA PANDOLFO ALLUMINIO. LA UILM VINCE<\/h3>\n<\/blockquote>\n<p><strong><a class=\"dt-pswp-item\" href=\"https:\/\/www.radiopiu.net\/wordpress\/wp-content\/uploads\/2018\/02\/PANDOLFO.jpg\" data-dt-img-description=\"\" data-large_image_width=\"558\" data-large_image_height=\"333\"><img loading=\"lazy\" decoding=\"async\" class=\" wp-image-43303 alignleft\" src=\"https:\/\/www.radiopiu.net\/wordpress\/wp-content\/uploads\/2018\/02\/PANDOLFO-300x179.jpg\" alt=\"\" width=\"164\" height=\"98\" srcset=\"https:\/\/www.radiopiu.net\/wordpress\/wp-content\/uploads\/2018\/02\/PANDOLFO-300x179.jpg 300w, https:\/\/www.radiopiu.net\/wordpress\/wp-content\/uploads\/2018\/02\/PANDOLFO.jpg 558w\" sizes=\"auto, (max-width: 164px) 100vw, 164px\" \/><\/a>BORGO VALBELLUNA <\/strong>Alla Pandolfo Alluminio di Lentiai si sono svolte le elezioni per il rinnovo della RSU. La Uilm si \u00e8 confermata primo sindacato con il 70% delle preferenze (68 voti su 99), ottenendo 2 seggi, mentre la Fiom ne ha conquistato 1. L\u2019azienda, punto di riferimento nel settore dell\u2019alluminio, ha affrontato difficolt\u00e0 legate ai costi energetici e al mercato instabile, ricorrendo pi\u00f9 volte alla cassa integrazione. Con il nuovo mandato, la Uilm punta a garantire stabilit\u00e0 e crescita all\u2019azienda e ai lavoratori, lavorando al rinnovo dell\u2019integrativo aziendale per migliorare le condizioni economiche e contrattuali. Il sindacato ringrazia i lavoratori per la fiducia e si impegna ad affrontare le prossime sfide con determinazione e passione, conciliando esigenze produttive e diritti dei dipendenti.<\/p>\n<p>&nbsp;<\/p>\n<p>&nbsp;<\/p>\n<hr \/>\n<p>&nbsp;<\/p>\n<blockquote>\n<h3>CONGRESSO CISL SLP: CONFERMATA LA SEGRETERIA DEL SINDACATO DEI LAVORATORI DELLE POSTE<\/h3>\n<\/blockquote>\n<p><strong><a class=\"dt-pswp-item\" href=\"https:\/\/www.radiopiu.net\/wordpress\/wp-content\/uploads\/2025\/02\/segreteria-Slp-min-scaled.jpg\" data-dt-img-description=\"\" data-large_image_width=\"2560\" data-large_image_height=\"1920\"><img loading=\"lazy\" decoding=\"async\" class=\" wp-image-437141 alignleft\" src=\"https:\/\/www.radiopiu.net\/wordpress\/wp-content\/uploads\/2025\/02\/segreteria-Slp-min-300x225.jpg\" alt=\"\" width=\"229\" height=\"172\" srcset=\"https:\/\/www.radiopiu.net\/wordpress\/wp-content\/uploads\/2025\/02\/segreteria-Slp-min-300x225.jpg 300w, https:\/\/www.radiopiu.net\/wordpress\/wp-content\/uploads\/2025\/02\/segreteria-Slp-min-1024x768.jpg 1024w, https:\/\/www.radiopiu.net\/wordpress\/wp-content\/uploads\/2025\/02\/segreteria-Slp-min-768x576.jpg 768w, https:\/\/www.radiopiu.net\/wordpress\/wp-content\/uploads\/2025\/02\/segreteria-Slp-min-1536x1152.jpg 1536w, https:\/\/www.radiopiu.net\/wordpress\/wp-content\/uploads\/2025\/02\/segreteria-Slp-min-2048x1536.jpg 2048w\" sizes=\"auto, (max-width: 229px) 100vw, 229px\" \/><\/a>TREVISO\/BELLUNO<\/strong> Il Congresso della Cisl Slp, Federazione dei lavoratori dei servizi postali, si \u00e8 concluso confermando la segreteria uscente guidata da Marco Pertile. L\u2019evento, tenutosi a San Biagio di Callalta, ha evidenziato le sfide e i successi del sindacato, tra cui il rinnovo del contratto nazionale con aumenti salariali e miglioramenti normativi per i lavoratori di Poste Italiane. Slp ha ottenuto 7.500 nuove assunzioni e stabilizzazioni, affrontando il problema della carenza di personale, in particolare nel Bellunese. \u00c8 stato istituito un Osservatorio sulla Digitalizzazione del Lavoro, per monitorare l&#8217;impatto dell\u2019Intelligenza Artificiale nel settore. Il segretario generale della Cisl Belluno Treviso, Francesco Orr\u00f9, ha sottolineato le future sfide del sindacato, tra cui carenza di manodopera, alloggi e sicurezza sul lavoro. Un momento di raccoglimento \u00e8 stato dedicato al sindacalista Natalino Bragato, scomparso nel novembre scorso.<\/p>\n<p>&nbsp;<\/p>\n<hr \/>\n<p>&nbsp;<\/p>\n<div class=\"page-title-head hgroup\">\n<blockquote>\n<h1 class=\"entry-title\">Trasporti in Alto Agordino: sondaggio per migliorare i collegamenti<\/h1>\n<\/blockquote>\n<\/div>\n<div class=\"page-title-breadcrumbs\">\n<p><strong><a href=\"https:\/\/www.radiopiu.net\/wordpress\/wp-content\/uploads\/2025\/03\/02d07fa8-0cc5-41ac-890b-afa0ad4096fe.webp\"><img loading=\"lazy\" decoding=\"async\" class=\"wp-image-437251 alignleft\" src=\"https:\/\/www.radiopiu.net\/wordpress\/wp-content\/uploads\/2025\/03\/02d07fa8-0cc5-41ac-890b-afa0ad4096fe-300x300.webp\" alt=\"\" width=\"159\" height=\"159\" srcset=\"https:\/\/www.radiopiu.net\/wordpress\/wp-content\/uploads\/2025\/03\/02d07fa8-0cc5-41ac-890b-afa0ad4096fe-300x300.webp 300w, https:\/\/www.radiopiu.net\/wordpress\/wp-content\/uploads\/2025\/03\/02d07fa8-0cc5-41ac-890b-afa0ad4096fe-150x150.webp 150w, https:\/\/www.radiopiu.net\/wordpress\/wp-content\/uploads\/2025\/03\/02d07fa8-0cc5-41ac-890b-afa0ad4096fe-768x768.webp 768w, https:\/\/www.radiopiu.net\/wordpress\/wp-content\/uploads\/2025\/03\/02d07fa8-0cc5-41ac-890b-afa0ad4096fe.webp 1024w\" sizes=\"auto, (max-width: 159px) 100vw, 159px\" \/><\/a>LIVINALLONGO<\/strong><\/p>\n<div class=\"flex max-w-full flex-col flex-grow\">\n<div class=\"min-h-8 text-message relative flex w-full flex-col items-end gap-2 whitespace-normal break-words text-start [.text-message+&amp;]:mt-5\" dir=\"auto\" data-message-author-role=\"assistant\" data-message-id=\"d29f6bd8-614a-4ab6-8f3f-dee7bee0c789\" data-message-model-slug=\"gpt-4o\">\n<div class=\"flex w-full flex-col gap-1 empty:hidden first:pt-[3px]\">\n<div class=\"markdown prose w-full break-words dark:prose-invert dark\">\n<p data-start=\"75\" data-end=\"355\" data-is-last-node=\"\" data-is-only-node=\"\">L\u2019amministrazione di Livinallongo avvia un sondaggio sui social per raccogliere dati sulle necessit\u00e0 dei cittadini in tema di trasporto pubblico. L\u2019obiettivo \u00e8 un accordo tra Comune, Province di Belluno e Bolzano, Dolomitibus e Sad per potenziare le corse verso Corvara e Caprile.<\/p>\n<\/div>\n<\/div>\n<\/div>\n<\/div>\n<div class=\"mb-2 flex gap-3 empty:hidden -ml-2\">\n<div class=\"items-center justify-start rounded-xl p-1 flex\">\n<div class=\"flex items-center\">\n<div class=\"flex items-center pb-0\"><\/div>\n<\/div>\n<\/div>\n<\/div>\n<p><strong>DI LORENZO SORATROI<\/strong><\/p>\n<audio class=\"wp-audio-shortcode\" id=\"audio-437055-9\" preload=\"none\" style=\"width: 100%;\" controls=\"controls\"><source type=\"audio\/mpeg\" src=\"https:\/\/www.radiopiu.net\/wordpress\/wp-content\/uploads\/2025\/03\/LORENZO.mp3?_=9\" \/><a href=\"https:\/\/www.radiopiu.net\/wordpress\/wp-content\/uploads\/2025\/03\/LORENZO.mp3\">https:\/\/www.radiopiu.net\/wordpress\/wp-content\/uploads\/2025\/03\/LORENZO.mp3<\/a><\/audio>\n<p>&nbsp;<\/p>\n<\/div>\n<p>&nbsp;<\/p>\n<hr \/>\n<p>&nbsp;<\/p>\n<blockquote>\n<h3>AL VIA I LAVORI PER LA CICLO PEDONALE DI VIA TIZIANO VECELLIO<\/h3>\n<\/blockquote>\n<p><strong>BELLUNO<\/strong> Al via nuovi lavori per la realizzazione dalla ciclopedonale lungo via Tiziano Vecellio: ora tocca al tratto compreso tra Via Tomea e via Del Vesco.<\/p>\n<p><strong>DI DANIELE DALVIT<\/strong><\/p>\n<audio class=\"wp-audio-shortcode\" id=\"audio-437055-10\" preload=\"none\" style=\"width: 100%;\" controls=\"controls\"><source type=\"audio\/mpeg\" src=\"https:\/\/www.radiopiu.net\/wordpress\/wp-content\/uploads\/2025\/02\/Servizio-Lavori-ciclabile-Belluno-via-Tomea.mp3?_=10\" \/><a href=\"https:\/\/www.radiopiu.net\/wordpress\/wp-content\/uploads\/2025\/02\/Servizio-Lavori-ciclabile-Belluno-via-Tomea.mp3\">https:\/\/www.radiopiu.net\/wordpress\/wp-content\/uploads\/2025\/02\/Servizio-Lavori-ciclabile-Belluno-via-Tomea.mp3<\/a><\/audio>\n<p>&nbsp;<\/p>\n\n\t\t\t<style type='text\/css'>\n\t\t\t\t#gallery-3 {\n\t\t\t\t\tmargin: auto;\n\t\t\t\t}\n\t\t\t\t#gallery-3 .gallery-item {\n\t\t\t\t\tfloat: left;\n\t\t\t\t\tmargin-top: 10px;\n\t\t\t\t\ttext-align: center;\n\t\t\t\t\twidth: 33%;\n\t\t\t\t}\n\t\t\t\t#gallery-3 img {\n\t\t\t\t\tborder: 2px solid #cfcfcf;\n\t\t\t\t}\n\t\t\t\t#gallery-3 .gallery-caption {\n\t\t\t\t\tmargin-left: 0;\n\t\t\t\t}\n\t\t\t\t\/* see gallery_shortcode() in wp-includes\/media.php *\/\n\t\t\t<\/style>\n\t\t<div id='gallery-3' class='dt-gallery-container gallery galleryid-437055 gallery-columns-3 gallery-size-medium'><dl class='gallery-item'>\n\t\t\t\t<dt class='gallery-icon landscape'>\n\t\t\t\t\t<a class=\"rollover rollover-zoom dt-pswp-item\" title=\"e22fecbd-c8cd-4aca-bc51-8cbd948642c8\" data-dt-img-description=\"\" data-large_image_width=\"2560\" data-large_image_height=\"1920\"href='https:\/\/www.radiopiu.net\/wordpress\/wp-content\/uploads\/2025\/02\/e22fecbd-c8cd-4aca-bc51-8cbd948642c8-scaled.jpg'><img loading=\"lazy\" decoding=\"async\" width=\"300\" height=\"225\" src=\"https:\/\/www.radiopiu.net\/wordpress\/wp-content\/uploads\/2025\/02\/e22fecbd-c8cd-4aca-bc51-8cbd948642c8-300x225.jpg\" class=\"attachment-medium size-medium\" alt=\"\" srcset=\"https:\/\/www.radiopiu.net\/wordpress\/wp-content\/uploads\/2025\/02\/e22fecbd-c8cd-4aca-bc51-8cbd948642c8-300x225.jpg 300w, https:\/\/www.radiopiu.net\/wordpress\/wp-content\/uploads\/2025\/02\/e22fecbd-c8cd-4aca-bc51-8cbd948642c8-1024x768.jpg 1024w, https:\/\/www.radiopiu.net\/wordpress\/wp-content\/uploads\/2025\/02\/e22fecbd-c8cd-4aca-bc51-8cbd948642c8-768x576.jpg 768w, https:\/\/www.radiopiu.net\/wordpress\/wp-content\/uploads\/2025\/02\/e22fecbd-c8cd-4aca-bc51-8cbd948642c8-1536x1152.jpg 1536w, https:\/\/www.radiopiu.net\/wordpress\/wp-content\/uploads\/2025\/02\/e22fecbd-c8cd-4aca-bc51-8cbd948642c8-2048x1536.jpg 2048w\" sizes=\"auto, (max-width: 300px) 100vw, 300px\" \/><\/a>\n\t\t\t\t<\/dt><\/dl><dl class='gallery-item'>\n\t\t\t\t<dt class='gallery-icon landscape'>\n\t\t\t\t\t<a class=\"rollover rollover-zoom dt-pswp-item\" title=\"baf3b3a3-3594-4f04-bece-1137ba61893a\" data-dt-img-description=\"\" data-large_image_width=\"2560\" data-large_image_height=\"1920\"href='https:\/\/www.radiopiu.net\/wordpress\/wp-content\/uploads\/2025\/02\/baf3b3a3-3594-4f04-bece-1137ba61893a-scaled.jpg'><img loading=\"lazy\" decoding=\"async\" width=\"300\" height=\"225\" src=\"https:\/\/www.radiopiu.net\/wordpress\/wp-content\/uploads\/2025\/02\/baf3b3a3-3594-4f04-bece-1137ba61893a-300x225.jpg\" class=\"attachment-medium size-medium\" alt=\"\" srcset=\"https:\/\/www.radiopiu.net\/wordpress\/wp-content\/uploads\/2025\/02\/baf3b3a3-3594-4f04-bece-1137ba61893a-300x225.jpg 300w, https:\/\/www.radiopiu.net\/wordpress\/wp-content\/uploads\/2025\/02\/baf3b3a3-3594-4f04-bece-1137ba61893a-1024x768.jpg 1024w, https:\/\/www.radiopiu.net\/wordpress\/wp-content\/uploads\/2025\/02\/baf3b3a3-3594-4f04-bece-1137ba61893a-768x576.jpg 768w, https:\/\/www.radiopiu.net\/wordpress\/wp-content\/uploads\/2025\/02\/baf3b3a3-3594-4f04-bece-1137ba61893a-1536x1152.jpg 1536w, https:\/\/www.radiopiu.net\/wordpress\/wp-content\/uploads\/2025\/02\/baf3b3a3-3594-4f04-bece-1137ba61893a-2048x1536.jpg 2048w\" sizes=\"auto, (max-width: 300px) 100vw, 300px\" \/><\/a>\n\t\t\t\t<\/dt><\/dl><dl class='gallery-item'>\n\t\t\t\t<dt class='gallery-icon landscape'>\n\t\t\t\t\t<a class=\"rollover rollover-zoom dt-pswp-item\" title=\"b0821d0f-4adb-4b59-aa99-c310a373949d\" data-dt-img-description=\"\" data-large_image_width=\"2560\" data-large_image_height=\"1920\"href='https:\/\/www.radiopiu.net\/wordpress\/wp-content\/uploads\/2025\/02\/b0821d0f-4adb-4b59-aa99-c310a373949d-scaled.jpg'><img loading=\"lazy\" decoding=\"async\" width=\"300\" height=\"225\" src=\"https:\/\/www.radiopiu.net\/wordpress\/wp-content\/uploads\/2025\/02\/b0821d0f-4adb-4b59-aa99-c310a373949d-300x225.jpg\" class=\"attachment-medium size-medium\" alt=\"\" srcset=\"https:\/\/www.radiopiu.net\/wordpress\/wp-content\/uploads\/2025\/02\/b0821d0f-4adb-4b59-aa99-c310a373949d-300x225.jpg 300w, https:\/\/www.radiopiu.net\/wordpress\/wp-content\/uploads\/2025\/02\/b0821d0f-4adb-4b59-aa99-c310a373949d-1024x768.jpg 1024w, https:\/\/www.radiopiu.net\/wordpress\/wp-content\/uploads\/2025\/02\/b0821d0f-4adb-4b59-aa99-c310a373949d-768x576.jpg 768w, https:\/\/www.radiopiu.net\/wordpress\/wp-content\/uploads\/2025\/02\/b0821d0f-4adb-4b59-aa99-c310a373949d-1536x1152.jpg 1536w, https:\/\/www.radiopiu.net\/wordpress\/wp-content\/uploads\/2025\/02\/b0821d0f-4adb-4b59-aa99-c310a373949d-2048x1536.jpg 2048w\" sizes=\"auto, (max-width: 300px) 100vw, 300px\" \/><\/a>\n\t\t\t\t<\/dt><\/dl><br style=\"clear: both\" \/>\n\t\t\t<\/div>\n\n<p>&nbsp;<\/p>\n<hr \/>\n<p>&nbsp;<\/p>\n<blockquote>\n<h3>NUOVO WELFARE PER SUPERARE IL DIVARIO DI GENERE NEL MONDO DEL LAVORO<\/h3>\n<\/blockquote>\n<p><strong><a class=\"dt-pswp-item\" href=\"https:\/\/www.radiopiu.net\/wordpress\/wp-content\/uploads\/2025\/02\/protocollo-firma-scaled.jpg\" data-dt-img-description=\"\" data-large_image_width=\"2560\" data-large_image_height=\"1920\"><img loading=\"lazy\" decoding=\"async\" class=\" wp-image-437150 alignleft\" src=\"https:\/\/www.radiopiu.net\/wordpress\/wp-content\/uploads\/2025\/02\/protocollo-firma-300x225.jpg\" alt=\"\" width=\"207\" height=\"155\" srcset=\"https:\/\/www.radiopiu.net\/wordpress\/wp-content\/uploads\/2025\/02\/protocollo-firma-300x225.jpg 300w, https:\/\/www.radiopiu.net\/wordpress\/wp-content\/uploads\/2025\/02\/protocollo-firma-1024x768.jpg 1024w, https:\/\/www.radiopiu.net\/wordpress\/wp-content\/uploads\/2025\/02\/protocollo-firma-768x576.jpg 768w, https:\/\/www.radiopiu.net\/wordpress\/wp-content\/uploads\/2025\/02\/protocollo-firma-1536x1152.jpg 1536w, https:\/\/www.radiopiu.net\/wordpress\/wp-content\/uploads\/2025\/02\/protocollo-firma-2048x1536.jpg 2048w\" sizes=\"auto, (max-width: 207px) 100vw, 207px\" \/><\/a>BELLUNO <\/strong>Un Protocollo d\u2019Intesa per la parit\u00e0 di genere e il welfare territoriale \u00e8 stato sottoscritto da istituzioni, associazioni di categoria, sindacati e Metalogos nel Bellunese. L\u2019accordo, nato dal Bando Pari finanziato dalla Regione Veneto, mira a ridurre il divario uomo-donna sul lavoro e a sviluppare misure concrete per supportare le lavoratrici e le famiglie, contribuendo anche a contrastare lo spopolamento della montagna. Il Protocollo \u201cStrategie e innovazione per un welfare di parit\u00e0\u201d coinvolge enti locali, associazioni imprenditoriali e sindacati, basandosi su dati raccolti dall\u2019Universit\u00e0 di Padova, Inps, Cisl e Camera di Commercio. Il documento evidenzia criticit\u00e0 e propone strategie per migliorare il benessere lavorativo e rendere il territorio pi\u00f9 attrattivo. Sei le aree di intervento individuate: armonizzazione vita-lavoro, attrattivit\u00e0, residenzialit\u00e0, programmazione territoriale, collaborazione pubblico-privato e mobilit\u00e0. Le misure prevedono servizi per i giovani, nuove forme abitative, integrazione di politiche pubbliche e private e modelli organizzativi incentrati sulle persone. La Consigliera di Parit\u00e0 Flavia Monego sottolinea il valore del lavoro di squadra e l\u2019importanza di rendere queste strategie realt\u00e0 quotidiana, per costruire una societ\u00e0 pi\u00f9 equa e dare un futuro alla montagna.<\/p>\n<p>&nbsp;<\/p>\n<p>&nbsp;<\/p>\n<hr \/>\n<p>&nbsp;<\/p>\n<blockquote>\n<h3>VENETO WELFARE: AL VIA IL PROGETTO \u201cSII PREVIDENTE, PROTEGGI I TUOI SOGNI\u201d<\/h3>\n<\/blockquote>\n<p><strong><a class=\"dt-pswp-item\" href=\"https:\/\/www.radiopiu.net\/wordpress\/wp-content\/uploads\/2022\/03\/VENETO-LAVORO.png\" data-dt-img-description=\"\" data-large_image_width=\"600\" data-large_image_height=\"161\"><img loading=\"lazy\" decoding=\"async\" class=\" wp-image-263456 alignleft\" src=\"https:\/\/www.radiopiu.net\/wordpress\/wp-content\/uploads\/2022\/03\/VENETO-LAVORO-300x81.png\" alt=\"\" width=\"185\" height=\"50\" srcset=\"https:\/\/www.radiopiu.net\/wordpress\/wp-content\/uploads\/2022\/03\/VENETO-LAVORO-300x81.png 300w, https:\/\/www.radiopiu.net\/wordpress\/wp-content\/uploads\/2022\/03\/VENETO-LAVORO.png 600w\" sizes=\"auto, (max-width: 185px) 100vw, 185px\" \/><\/a>VENEZIA<\/strong> Il progetto \u201cSii previdente, proteggi i tuoi sogni\u201d, promosso da Veneto Lavoro tramite Veneto Welfare, porta l&#8217;educazione previdenziale e finanziaria nelle scuole superiori del Veneto. L&#8217;iniziativa coinvolge i formatori del fondo pensione Solidariet\u00e0 Veneto in oltre 60 istituti, tra scuole pubbliche, paritarie, professionali e ITS, raggiungendo circa 1.500 studenti, con una forte partecipazione nelle province di Vicenza, Padova e Venezia. L&#8217;obiettivo \u00e8 sensibilizzare i giovani sull&#8217;importanza della previdenza e del risparmio a lungo termine. L&#8217;Assessore Valeria Mantovan ha sottolineato la necessit\u00e0 di affrontare questi temi gi\u00e0 in ambito scolastico. Il Direttore di Veneto Lavoro, Tiziano Barone, ha evidenziato il basso livello di alfabetizzazione finanziaria in Italia e annunciato una pi\u00f9 ampia campagna informativa nel 2024. Il Direttore di Solidariet\u00e0 Veneto, Paolo Stefan, ha sottolineato la crescita dell&#8217;adesione dei giovani alla previdenza complementare. L&#8217;iniziativa rientra nelle attivit\u00e0 di Veneto Welfare per aumentare la consapevolezza sulla previdenza. Maggiori informazioni sono disponibili su <strong data-start=\"1162\" data-end=\"1187\"><a href=\"http:\/\/www.venetowelfare.com\" target=\"_new\" rel=\"noopener\" data-start=\"1164\" data-end=\"1185\" data-is-only-node=\"\">www.venetowelfare.com<\/a><\/strong>.<\/p>\n<p>&nbsp;<\/p>\n<hr \/>\n<p>&nbsp;<\/p>\n<blockquote>\n<h2>Gara La Dolomiti Ambiente SpA, nessuna offerta pervenuta<\/h2>\n<\/blockquote>\n<blockquote>\n<p data-start=\"64\" data-end=\"131\"><em data-start=\"64\" data-end=\"129\">Ancora aperti i termini di prelazione per il socio di minoranza<\/em><\/p>\n<\/blockquote>\n<p data-start=\"133\" data-end=\"444\"><img loading=\"lazy\" decoding=\"async\" class=\"alignleft\" src=\"https:\/\/www.radiopiu.net\/wordpress\/wp-content\/uploads\/2025\/02\/4eb31e17-f2b1-4d84-abbc-9c33f7b1df9a-300x300.webp\" width=\"121\" height=\"121\" \/>Nessuna offerta per l\u2019acquisto delle azioni de La Dolomiti Ambiente SpA. Il termine per la presentazione delle proposte \u00e8 scaduto ieri alle 12, senza che siano pervenute manifestazioni di interesse. La societ\u00e0, partecipata per il 92,40% dalla Provincia di Belluno, attende ora il prossimo passo istituzionale.<\/p>\n<p data-start=\"446\" data-end=\"772\">Mercoled\u00ec prossimo, la commissione incaricata si riunir\u00e0 per prendere atto della mancata presentazione di offerte. A partire da quel momento, scatter\u00e0 il periodo di prelazione di 90 giorni a favore del socio di minoranza, Servizi Integrati Bellunesi, che potr\u00e0 esercitare il diritto di acquisizione delle quote messe a gara.<\/p>\n<p data-start=\"774\" data-end=\"985\" data-is-last-node=\"\" data-is-only-node=\"\">Nonostante l\u2019assenza di acquirenti, la continuit\u00e0 aziendale de La Dolomiti Ambiente SpA \u00e8 garantita, assicurando il regolare svolgimento delle attivit\u00e0 della societ\u00e0 e il mantenimento dei servizi sul territorio.<\/p>\n<p>&nbsp;<\/p>\n<hr \/>\n<p>&nbsp;<\/p>\n<p>&nbsp;<\/p>\n<blockquote>\n<h3>NUOVI DONATORI PER L&#8217;ABVS DI ALLEGHE<\/h3>\n<\/blockquote>\n<p><strong><a class=\"dt-pswp-item\" href=\"https:\/\/www.radiopiu.net\/wordpress\/wp-content\/uploads\/2025\/02\/20250223_120938-scaled.jpg\" data-dt-img-description=\"\" data-large_image_width=\"2560\" data-large_image_height=\"1920\"><img loading=\"lazy\" decoding=\"async\" class=\" wp-image-437231 alignleft\" src=\"https:\/\/www.radiopiu.net\/wordpress\/wp-content\/uploads\/2025\/02\/20250223_120938-300x225.jpg\" alt=\"\" width=\"159\" height=\"119\" srcset=\"https:\/\/www.radiopiu.net\/wordpress\/wp-content\/uploads\/2025\/02\/20250223_120938-300x225.jpg 300w, https:\/\/www.radiopiu.net\/wordpress\/wp-content\/uploads\/2025\/02\/20250223_120938-1024x768.jpg 1024w, https:\/\/www.radiopiu.net\/wordpress\/wp-content\/uploads\/2025\/02\/20250223_120938-768x576.jpg 768w, https:\/\/www.radiopiu.net\/wordpress\/wp-content\/uploads\/2025\/02\/20250223_120938-1536x1152.jpg 1536w, https:\/\/www.radiopiu.net\/wordpress\/wp-content\/uploads\/2025\/02\/20250223_120938-2048x1536.jpg 2048w\" sizes=\"auto, (max-width: 159px) 100vw, 159px\" \/><\/a>ALLEGHE <\/strong>Il 23 febbraio, presso la Sala Stoppani delle Scuole Elementari di Alleghe, si \u00e8 svolta l\u2019Assemblea annuale dei donatori di sangue della Sezione ABVS di Alleghe. Il bilancio del 2024 registra 66 donatori attivi (42 uomini e 24 donne), con un calo delle donazioni a 87 unit\u00e0, in linea con il trend generale. Positivo invece l\u2019ingresso di tre nuovi donatori: Sofia De Biasio, Daniela Cortesi e Michela Fontanive, segnale di rinnovamento per l\u2019associazione. Durante l\u2019assemblea \u00e8 stata evidenziata l\u2019attivit\u00e0 promozionale svolta nel 2024, tra cui un incontro con gli studenti delle <strong data-start=\"625\" data-end=\"646\">scuole secondarie<\/strong> per sensibilizzare i giovani alla donazione.<\/p>\n<p>&nbsp;<\/p>\n<p>&nbsp;<\/p>\n<p>&nbsp;<\/p>\n<hr \/>\n<p>&nbsp;<\/p>\n<blockquote>\n<h3>LA DOLOMITI INNOVATION VALLEY PREMIATA A ROMA<\/h3>\n<\/blockquote>\n<p><strong><a class=\"dt-pswp-item\" href=\"https:\/\/www.radiopiu.net\/wordpress\/wp-content\/uploads\/2025\/02\/foto_Premio_Elis.jpg\" data-dt-img-description=\"\" data-large_image_width=\"1600\" data-large_image_height=\"1066\"><img loading=\"lazy\" decoding=\"async\" class=\" wp-image-437121 alignleft\" src=\"https:\/\/www.radiopiu.net\/wordpress\/wp-content\/uploads\/2025\/02\/foto_Premio_Elis-300x200.jpg\" alt=\"\" width=\"197\" height=\"131\" srcset=\"https:\/\/www.radiopiu.net\/wordpress\/wp-content\/uploads\/2025\/02\/foto_Premio_Elis-300x200.jpg 300w, https:\/\/www.radiopiu.net\/wordpress\/wp-content\/uploads\/2025\/02\/foto_Premio_Elis-1024x682.jpg 1024w, https:\/\/www.radiopiu.net\/wordpress\/wp-content\/uploads\/2025\/02\/foto_Premio_Elis-768x512.jpg 768w, https:\/\/www.radiopiu.net\/wordpress\/wp-content\/uploads\/2025\/02\/foto_Premio_Elis-1536x1023.jpg 1536w, https:\/\/www.radiopiu.net\/wordpress\/wp-content\/uploads\/2025\/02\/foto_Premio_Elis.jpg 1600w\" sizes=\"auto, (max-width: 197px) 100vw, 197px\" \/><\/a>BELLUNO <\/strong>Confindustria Belluno Dolomiti ha ricevuto il Premio \u201cImpact Award\u201d dal Consorzio ELIS per il suo impegno nell\u2019innovazione e nello sviluppo territoriale. Il riconoscimento \u00e8 stato consegnato durante l\u2019evento \u201cInnovareXCrescere\u201d a Roma, celebrando anche i 10 anni del programma \u201cOpen Italy\u201d. La Dolomiti Innovation Valley \u00e8 stata definita come il pi\u00f9 grande laboratorio a cielo aperto d&#8217;Europa per innovazione e valorizzazione territoriale. Tra i progetti premiati: \u201cCortina Smart Road\u201d, per la sicurezza stradale con Anas. \u201cOPEN Vision Lab\u201d, per lo sviluppo dell\u2019occhialeria con Anfao. Secondo Lorraine Berton, presidente di Confindustria Belluno Dolomiti, l\u2019innovazione \u00e8 strategica per la crescita del manifatturiero italiano. Stefano Giacomelli e Davide Ceccarelli sottolineano l\u2019importanza di attrarre talenti e creare un ecosistema innovativo nelle Dolomiti, anche in vista delle Olimpiadi Milano Cortina 2026. Il Consorzio ELIS, fondato nel 1965, promuove progetti di innovazione e formazione con oltre 120 aziende, tra cui ENI, Unicredit e Ferrovie dello Stato.<\/p>\n<p>&nbsp;<\/p>\n<p>&nbsp;<\/p>\n<hr \/>\n<p>&nbsp;<\/p>\n<blockquote>\n<h3><a class=\"dt-pswp-item\" href=\"https:\/\/www.radiopiu.net\/wordpress\/wp-content\/uploads\/2025\/02\/SCR-20250228-mbof.jpeg\" data-dt-img-description=\"\" data-large_image_width=\"1274\" data-large_image_height=\"720\"><img loading=\"lazy\" decoding=\"async\" class=\" wp-image-437148 alignleft\" src=\"https:\/\/www.radiopiu.net\/wordpress\/wp-content\/uploads\/2025\/02\/SCR-20250228-mbof-300x170.jpeg\" alt=\"\" width=\"270\" height=\"153\" srcset=\"https:\/\/www.radiopiu.net\/wordpress\/wp-content\/uploads\/2025\/02\/SCR-20250228-mbof-300x170.jpeg 300w, https:\/\/www.radiopiu.net\/wordpress\/wp-content\/uploads\/2025\/02\/SCR-20250228-mbof-1024x579.jpeg 1024w, https:\/\/www.radiopiu.net\/wordpress\/wp-content\/uploads\/2025\/02\/SCR-20250228-mbof-768x434.jpeg 768w, https:\/\/www.radiopiu.net\/wordpress\/wp-content\/uploads\/2025\/02\/SCR-20250228-mbof.jpeg 1274w\" sizes=\"auto, (max-width: 270px) 100vw, 270px\" \/><\/a>A SCUOLA DI POLITICA CON SINISTRA ITALIANA<\/h3>\n<\/blockquote>\n<p><strong>FELTRE<\/strong> A Feltre prende il via \u201cLa politica si forma\u201d, scuola di formazione politica organizzata dalla federazione provinciale di Sinistra Italiana e aperta a tutti. Il programma si sviluppa tra marzo e giugno, con tre lezioni iniziali di economia politica curate da Diego Cason (1, 15 e 22 marzo) presso la sala SPI CGIL di Feltre. Nei mesi successivi seguiranno incontri mensili.\u00a0Il segretario provinciale Paolo Perenzin spiega che l\u2019iniziativa mira a fornire strumenti di analisi e comprensione della realt\u00e0, con un focus iniziale sull\u2019economia.<\/p>\n<p>&nbsp;<\/p>\n<p>&nbsp;<\/p>\n<hr \/>\n<p>&nbsp;<\/p>\n<blockquote>\n<h3>LA FAMIGLIA NORD RENO WESTFALIA E GERMANIA PENSA A POLLICINO<\/h3>\n<\/blockquote>\n<p><strong>BELLUNO <\/strong>Il legame tra la Famiglia Nord Reno Westfalia e Germania e l\u2019associazione Pollicino continua grazie alle iniziative benefiche del vicepresidente Stefano Bortolot.\u00a0 Morena Pavei ha ringraziato la Famiglia Nord Reno Westfalia e Germania per il sostegno economico (500 euro) e per il contributo umano, fondamentale per le associazioni di volontariato.<\/p>\n<p>&nbsp;<\/p>\n<p>&nbsp;<\/p>\n<hr \/>\n<p>&nbsp;<\/p>\n<blockquote>\n<h3>I NUOVI BANDI DEL GAL PREALPI DOLOMITI<\/h3>\n<\/blockquote>\n<p><strong><a class=\"dt-pswp-item\" href=\"https:\/\/www.radiopiu.net\/wordpress\/wp-content\/uploads\/2025\/02\/logo_gal_prealpi_dolomiti.png\" data-dt-img-description=\"\" data-large_image_width=\"980\" data-large_image_height=\"650\"><img loading=\"lazy\" decoding=\"async\" class=\" wp-image-433565 alignleft\" src=\"https:\/\/www.radiopiu.net\/wordpress\/wp-content\/uploads\/2025\/02\/logo_gal_prealpi_dolomiti-300x199.png\" alt=\"\" width=\"216\" height=\"143\" srcset=\"https:\/\/www.radiopiu.net\/wordpress\/wp-content\/uploads\/2025\/02\/logo_gal_prealpi_dolomiti-300x199.png 300w, https:\/\/www.radiopiu.net\/wordpress\/wp-content\/uploads\/2025\/02\/logo_gal_prealpi_dolomiti-768x509.png 768w, https:\/\/www.radiopiu.net\/wordpress\/wp-content\/uploads\/2025\/02\/logo_gal_prealpi_dolomiti.png 980w\" sizes=\"auto, (max-width: 216px) 100vw, 216px\" \/><\/a>BELLUNO <\/strong>Il GAL Prealpi e Dolomiti presenter\u00e0 ufficialmente i bandi ISL03 e ISL06 il 4 marzo.\u00a0 L\u2019iniziativa, nell\u2019ambito della Strategia Nazionale Aree Interne (SNAI) parte FEASR, mira a sostenere lo sviluppo economico nei Comuni di Alpago, Chies d\u2019Alpago e Tambre. Bando ISL03: rivolto a micro e piccole imprese di artigianato, commercio e servizi, con una dotazione di 341.350 euro e un sostegno del 50% della spesa ammissibile. Bando ISL06: destinato a imprenditori agricoli non professionali, con un budget di 130.000 euro e un contributo del 50% della spesa ammissibile. Interverranno Matteo Aguanno, direttore del GAL, e rappresentanti di AVEPA \u2013 Sportello Unico Agricolo di Belluno. L\u2019evento \u00e8 aperto a tutti, e i bandi sono disponibili su <a href=\"http:\/\/www.galprealpidolomiti.it\" target=\"_new\" rel=\"noopener\" data-start=\"888\" data-end=\"913\">www.galprealpidolomiti.it<\/a>.<\/p>\n<p>&nbsp;<\/p>\n<p>&nbsp;<\/p>\n<hr \/>\n<p>&nbsp;<\/p>\n<blockquote>\n<h3>IL RESTAURO AL CROCIFISSO DI CAVARZANO<\/h3>\n<\/blockquote>\n<p><strong>BELLUNO <\/strong>Nell\u2019ambito delle iniziative quaresimali per l\u2019Anno Santo 2025, le parrocchie dell&#8217;Oltrardo organizzano la presentazione del restauro dell\u2019antico crocifisso ligneo del XIV secolo della chiesa di Cavarzano. L\u2019evento si terr\u00e0 venerd\u00ec 7 marzo alle 20:30 presso la sala parrocchiale, con interventi di esperti di arte sacra e restauro. Il restauro, finanziato da Regione Veneto, Consorzio Bim Piave, diocesi e fedeli, ha portato alla luce dettagli inediti. Il crocifisso, uno dei pi\u00f9 antichi della diocesi di Belluno-Feltre, rientra nella tipologia del \u201cCrocifisso gotico doloroso\u201d, caratterizzato da forte realismo espressivo. L\u2019opera, usata nei riti della Settimana Santa fino agli anni \u201940, potrebbe avere origini medievali o essere legata alle acquisizioni ottocentesche post-napoleoniche. Domenica 9 marzo alle 15 sar\u00e0 esposta ai fedeli nella chiesa di Cavarzano per un incontro di preghiera e contemplazione.<\/p>\n\n\t\t\t<style type='text\/css'>\n\t\t\t\t#gallery-4 {\n\t\t\t\t\tmargin: auto;\n\t\t\t\t}\n\t\t\t\t#gallery-4 .gallery-item {\n\t\t\t\t\tfloat: left;\n\t\t\t\t\tmargin-top: 10px;\n\t\t\t\t\ttext-align: center;\n\t\t\t\t\twidth: 50%;\n\t\t\t\t}\n\t\t\t\t#gallery-4 img {\n\t\t\t\t\tborder: 2px solid #cfcfcf;\n\t\t\t\t}\n\t\t\t\t#gallery-4 .gallery-caption {\n\t\t\t\t\tmargin-left: 0;\n\t\t\t\t}\n\t\t\t\t\/* see gallery_shortcode() in wp-includes\/media.php *\/\n\t\t\t<\/style>\n\t\t<div id='gallery-4' class='dt-gallery-container gallery galleryid-437055 gallery-columns-2 gallery-size-thumbnail'><dl class='gallery-item'>\n\t\t\t\t<dt class='gallery-icon portrait'>\n\t\t\t\t\t<a class=\"rollover rollover-zoom dt-pswp-item\" title=\"_AL03663\" data-dt-img-description=\"\" data-large_image_width=\"2307\" data-large_image_height=\"2560\"href='https:\/\/www.radiopiu.net\/wordpress\/wp-content\/uploads\/2025\/02\/AL03663-scaled.jpg'><img loading=\"lazy\" decoding=\"async\" width=\"150\" height=\"150\" src=\"https:\/\/www.radiopiu.net\/wordpress\/wp-content\/uploads\/2025\/02\/AL03663-150x150.jpg\" class=\"attachment-thumbnail size-thumbnail\" alt=\"\" aria-describedby=\"gallery-4-437223\" \/><\/a>\n\t\t\t\t<\/dt>\n\t\t\t\t\t<dd class='wp-caption-text gallery-caption' id='gallery-4-437223'>\n\t\t\t\t\tPRIMA\n\t\t\t\t\t<\/dd><\/dl><dl class='gallery-item'>\n\t\t\t\t<dt class='gallery-icon portrait'>\n\t\t\t\t\t<a class=\"rollover rollover-zoom dt-pswp-item\" title=\"1-prima restauro\" data-dt-img-description=\"\" data-large_image_width=\"2254\" data-large_image_height=\"2560\"href='https:\/\/www.radiopiu.net\/wordpress\/wp-content\/uploads\/2025\/02\/1-prima-restauro-scaled.jpg'><img loading=\"lazy\" decoding=\"async\" width=\"150\" height=\"150\" src=\"https:\/\/www.radiopiu.net\/wordpress\/wp-content\/uploads\/2025\/02\/1-prima-restauro-150x150.jpg\" class=\"attachment-thumbnail size-thumbnail\" alt=\"\" aria-describedby=\"gallery-4-437224\" \/><\/a>\n\t\t\t\t<\/dt>\n\t\t\t\t\t<dd class='wp-caption-text gallery-caption' id='gallery-4-437224'>\n\t\t\t\t\tDOPO\n\t\t\t\t\t<\/dd><\/dl><br style=\"clear: both\" \/>\n\t\t\t<\/div>\n\n<p>&nbsp;<\/p>\n<p>&nbsp;<\/p>\n<hr \/>\n<p>&nbsp;<\/p>\n<blockquote>\n<h3>GIORNATA MONDIALE DEL RENE: L&#8217;INCONTRO CON L&#8217;ULSS 1 DOLOMITI<\/h3>\n<\/blockquote>\n<p><strong><a class=\"dt-pswp-item\" href=\"https:\/\/www.radiopiu.net\/wordpress\/wp-content\/uploads\/2025\/02\/RENE.jpg\" data-dt-img-description=\"\" data-large_image_width=\"940\" data-large_image_height=\"550\"><img loading=\"lazy\" decoding=\"async\" class=\" wp-image-436595 alignleft\" src=\"https:\/\/www.radiopiu.net\/wordpress\/wp-content\/uploads\/2025\/02\/RENE-300x176.jpg\" alt=\"\" width=\"179\" height=\"105\" srcset=\"https:\/\/www.radiopiu.net\/wordpress\/wp-content\/uploads\/2025\/02\/RENE-300x176.jpg 300w, https:\/\/www.radiopiu.net\/wordpress\/wp-content\/uploads\/2025\/02\/RENE-768x449.jpg 768w, https:\/\/www.radiopiu.net\/wordpress\/wp-content\/uploads\/2025\/02\/RENE.jpg 940w\" sizes=\"auto, (max-width: 179px) 100vw, 179px\" \/><\/a>BELLUNO <\/strong>In occasione della giornata mondiale del rene, che ricorre il prossimo 13 marzo, l\u2019Ulss Dolomiti, con le unit\u00e0 operative di Nefrologia, organizza un incontro aperto a tutta la cittadinanza per sensibilizzare sull\u2019importanza della salute dei nostri reni e sul tema del trapianto. L\u2019 incontro dal titolo \u201cIl trapianto di rene da vivente\u201d si terr\u00e0 mercoled\u00ec 12 marzo 2025 alle 17.00 in sala convegni dell\u2019ospedale di Belluno. Interverranno Lucrezia Furian, Direttore UOC Chirurgia dei Trapianti di Rene e Pancreas dell\u2019Azienda Ospedale \u2013 Universit\u00e0 di Padova e Enrico Petranzan, Direttore Operativo del Centro Regionale Trapianti. Inoltre, durante l\u2019incontro saranno presentate testimonianze di donatori e trapiantati.<\/p>\n<p>&nbsp;<\/p>\n<p>&nbsp;<\/p>\n<hr \/>\n<p>&nbsp;<\/p>\n<blockquote>\n<h3>RIPARTONO I MERCOLEDI DELLA SALUTE<\/h3>\n<\/blockquote>\n<p><strong><a class=\"dt-pswp-item\" href=\"https:\/\/www.radiopiu.net\/wordpress\/wp-content\/uploads\/2025\/02\/MERCOL-SAL.jpg\" data-dt-img-description=\"\" data-large_image_width=\"927\" data-large_image_height=\"695\"><img loading=\"lazy\" decoding=\"async\" class=\" wp-image-436597 alignleft\" src=\"https:\/\/www.radiopiu.net\/wordpress\/wp-content\/uploads\/2025\/02\/MERCOL-SAL-300x225.jpg\" alt=\"\" width=\"145\" height=\"109\" srcset=\"https:\/\/www.radiopiu.net\/wordpress\/wp-content\/uploads\/2025\/02\/MERCOL-SAL-300x225.jpg 300w, https:\/\/www.radiopiu.net\/wordpress\/wp-content\/uploads\/2025\/02\/MERCOL-SAL-768x576.jpg 768w, https:\/\/www.radiopiu.net\/wordpress\/wp-content\/uploads\/2025\/02\/MERCOL-SAL.jpg 927w\" sizes=\"auto, (max-width: 145px) 100vw, 145px\" \/><\/a>FELTRE <\/strong>Ripartono a Feltre \u201cI Mercoled\u00ec della Salute\u201d: il ciclo di incontri informativi organizzati dall\u2019Ulss Dolomiti, aperti a tutta la cittadinanza, per approfondire con i professionisti alcune tematiche legate alla promozione della salute e alla prevenzione. Il primo appuntamento si terr\u00e0 mercoled\u00ec 5 marzo 2025 alle 17.30 in Sala Convegni dell\u2019Ospedale di Feltre e sar\u00e0 dedicato al tema \u201cAlcol: rischi e consapevolezza tra salute e legalit\u00e0\u201d. Durante l\u2019incontro interverranno: Andrea Buda \u2013 Direttore della Gastroenterologia di Feltre, Amalia Manzan \u2013 Direttore del Servizio Dipendenze e Matteo Sponga \u2013 Direttore della Medicina Legale.<\/p>\n<p>&nbsp;<\/p>\n<p>&nbsp;<\/p>\n<hr \/>\n<p>&nbsp;<\/p>\n<blockquote>\n<h3>ASSEMBLEA PER I SOCI DELL&#8217;UNION LADINA AGORDINA<\/h3>\n<\/blockquote>\n<p><strong>VOLTAGO<\/strong><\/p>\n<p>DI GIANNI SANTOMASO<\/p>\n<audio class=\"wp-audio-shortcode\" id=\"audio-437055-11\" preload=\"none\" style=\"width: 100%;\" controls=\"controls\"><source type=\"audio\/mpeg\" src=\"https:\/\/www.radiopiu.net\/wordpress\/wp-content\/uploads\/2025\/02\/GIANNI-ASSEMBLEA-PER-I-SOCI-DELLUNION-LADINA-AGORDINA-SCAD-1-MAR.mp3?_=11\" \/><a href=\"https:\/\/www.radiopiu.net\/wordpress\/wp-content\/uploads\/2025\/02\/GIANNI-ASSEMBLEA-PER-I-SOCI-DELLUNION-LADINA-AGORDINA-SCAD-1-MAR.mp3\">https:\/\/www.radiopiu.net\/wordpress\/wp-content\/uploads\/2025\/02\/GIANNI-ASSEMBLEA-PER-I-SOCI-DELLUNION-LADINA-AGORDINA-SCAD-1-MAR.mp3<\/a><\/audio>\n<p>&nbsp;<\/p>\n<hr \/>\n<p>&nbsp;<\/p>\n<blockquote>\n<h3>ASSEMBLEA DEI SOCI DEL GAMP<\/h3>\n<\/blockquote>\n<p><strong>AGORDO<\/strong><\/p>\n<p>DI GIANNI SANTOMASO<\/p>\n<audio class=\"wp-audio-shortcode\" id=\"audio-437055-12\" preload=\"none\" style=\"width: 100%;\" controls=\"controls\"><source type=\"audio\/mpeg\" src=\"https:\/\/www.radiopiu.net\/wordpress\/wp-content\/uploads\/2025\/02\/GIANNI-ASSMBLEA-DEI-SOCI-DEL-GAMP-SCAD-1-MAR.mp3?_=12\" \/><a href=\"https:\/\/www.radiopiu.net\/wordpress\/wp-content\/uploads\/2025\/02\/GIANNI-ASSMBLEA-DEI-SOCI-DEL-GAMP-SCAD-1-MAR.mp3\">https:\/\/www.radiopiu.net\/wordpress\/wp-content\/uploads\/2025\/02\/GIANNI-ASSMBLEA-DEI-SOCI-DEL-GAMP-SCAD-1-MAR.mp3<\/a><\/audio>\n<p>&nbsp;<\/p>\n<hr \/>\n<p>&nbsp;<\/p>\n<blockquote>\n<h3><a class=\"dt-pswp-item\" href=\"https:\/\/www.radiopiu.net\/wordpress\/wp-content\/uploads\/2023\/03\/ALPINI.png\" data-dt-img-description=\"\" data-large_image_width=\"245\" data-large_image_height=\"208\"><img loading=\"lazy\" decoding=\"async\" class=\" wp-image-326487 alignleft\" src=\"https:\/\/www.radiopiu.net\/wordpress\/wp-content\/uploads\/2023\/03\/ALPINI.png\" alt=\"\" width=\"118\" height=\"100\" \/><\/a>L&#8217;ASSEMBLEA DELL&#8217;ANA BELLUNO<\/h3>\n<\/blockquote>\n<p><strong>BELLUNO<\/strong> L\u2019assemblea dei delegati ANA Belluno si terr\u00e0 domani\u00a0 a Belluno, presso la Caserma Salsa\/D\u2019Angelo. La giornata inizier\u00e0 con una Messa in memoria dei caduti, seguita da una sfilata e una cerimonia alla Caserma del 7\u00b0 Alpini. Dopo le operazioni preliminari, alle 10.30 si svolger\u00e0 l\u2019assemblea annuale ordinaria. L\u2019evento si concluder\u00e0 con un pranzo al ristorante \u201cAl Parco\u201d di Coi di Navasa.<\/p>\n<p>&nbsp;<\/p>\n<p>&nbsp;<\/p>\n<hr \/>\n<p>&nbsp;<\/p>\n<blockquote>\n<h3>L&#8217;AUSER COL BEL DI TISER CONVOCA I SOCI<\/h3>\n<\/blockquote>\n<p><strong>RIVAMONTE <\/strong>L&#8217;Associazione Auser Col Bel di Tiser convoca l&#8217;Assemblea Congressuale dei Soci per oggi presso la Casa della Giovent\u00f9 a Rivamonte Agordino alle 15. All&#8217;ordine del giorno figurano la nomina del Presidente dell&#8217;Assemblea, la relazione del Presidente, l&#8217;approvazione del bilancio, l&#8217;elezione del Comitato Direttivo, della Presidenza e dei delegati all&#8217;assemblea provinciale, oltre a discussioni e votazioni su vari punti.<\/p>\n<p>&nbsp;<\/p>\n<p>&nbsp;<\/p>\n<hr \/>\n<p>&nbsp;<\/p>\n<blockquote>\n<h3>OGGI A CANALE D&#8217;AGORDO NEL RICORDO DI BATTISTA COSTANTINI IN DIRETTA SUI CANALI SOCIAL DI RADIOPIU<\/h3>\n<\/blockquote>\n<p><strong><a class=\"dt-pswp-item\" href=\"https:\/\/www.radiopiu.net\/wordpress\/wp-content\/uploads\/2025\/02\/GDLKJGAOY-1.jpg\" data-dt-img-description=\"\" data-large_image_width=\"1080\" data-large_image_height=\"1158\"><img loading=\"lazy\" decoding=\"async\" class=\" wp-image-436440 alignleft\" src=\"https:\/\/www.radiopiu.net\/wordpress\/wp-content\/uploads\/2025\/02\/GDLKJGAOY-1-280x300.jpg\" alt=\"\" width=\"205\" height=\"220\" srcset=\"https:\/\/www.radiopiu.net\/wordpress\/wp-content\/uploads\/2025\/02\/GDLKJGAOY-1-280x300.jpg 280w, https:\/\/www.radiopiu.net\/wordpress\/wp-content\/uploads\/2025\/02\/GDLKJGAOY-1-955x1024.jpg 955w, https:\/\/www.radiopiu.net\/wordpress\/wp-content\/uploads\/2025\/02\/GDLKJGAOY-1-768x823.jpg 768w, https:\/\/www.radiopiu.net\/wordpress\/wp-content\/uploads\/2025\/02\/GDLKJGAOY-1.jpg 1080w\" sizes=\"auto, (max-width: 205px) 100vw, 205px\" \/><\/a>CANALE D&#8217;AGORDO <\/strong>Oggi, a Canale d\u2019Agordo, i forestali che a vario titolo hanno collaborato con lui, ricorderanno, nel trentennale dalla scomparsa, la figura del dott. Battista Costantini, che nel periodo 1974-1995 fu capo del Dipartimento per le Foreste e l\u2019Economia montana e Segretario per le Attivit\u00e0 produttive del Settore Primario della Regione Veneto. Tecnici forestali e amministratori della montagna veneta non dimenticano l\u2019impegno, la fantasia, l\u2019energia profusa in quegli anni da Costantini. Dalla sistemazione del territorio dopo l\u2019alluvione del 1966 al primo monitoraggio dello stesso attraverso i satelliti, Costantini \u00e8 stato il motore di un continuo sforzo di crescita del settore forestale e dell\u2019ambiente montano, con echi anche a livello\u00a0 internazionale. Il programma della giornata prevede con inizio alle ore 10,00, presso la sala Zand\u00f2 di Canale d\u2019Agordo, i seguenti interventi: Orazio Andrich: \u201cLa matrice ancestrale: la selvicoltura e la pianificazione forestale\u201d; Antonio Santocono: \u201cLa nascita della Direzione Foreste: l\u2019innovazione e la ricerca in campo forestale\u201d; Massimo Crespi: \u201cBattista Costantini: un uomo per tutte le stagioni\u201d; Guido Munari: \u201cUna collaborazione interessante sul piano professionale ed umano\u201d; Paola Berto: \u201cL\u2019approccio integrato alla difesa idrogeologica\u201d; Paolo Zanetti e Flavio De Nicol\u00f2: \u201cI legami con il CFS\u201d; Orazio Andrich: \u201cLe lezioni apprese per la gestione della Montagna &#8211; Conclusioni\u201d. Alle ore 12,00 Santa Messa in suffragio, presso la Chiesa Arcipretale.<\/p>\n<p><span style=\"color: #ff0000;\"><strong>DIRETTA SUI CANALI SOCIAL DI RADIO PIU&#8217;<\/strong><\/span><\/p>\n<p>&nbsp;<\/p>\n<p><strong>GRAZIE A PIERANTONIO ZANCHETTA PER IL VIDEO D&#8217;ARCHIVIO<\/strong><\/p>\n<div style=\"width: 768px;\" class=\"wp-video\"><video class=\"wp-video-shortcode\" id=\"video-437055-1\" width=\"768\" height=\"576\" preload=\"metadata\" controls=\"controls\"><source type=\"video\/mp4\" src=\"https:\/\/www.radiopiu.net\/wordpress\/wp-content\/uploads\/2025\/02\/WhatsApp-Video-2025-02-24-at-17.33.48.mp4?_=1\" \/><a href=\"https:\/\/www.radiopiu.net\/wordpress\/wp-content\/uploads\/2025\/02\/WhatsApp-Video-2025-02-24-at-17.33.48.mp4\">https:\/\/www.radiopiu.net\/wordpress\/wp-content\/uploads\/2025\/02\/WhatsApp-Video-2025-02-24-at-17.33.48.mp4<\/a><\/video><\/div>\n<p>&nbsp;<\/p>\n<p>&nbsp;<\/p>\n<hr \/>\n<p>&nbsp;<\/p>\n<blockquote class=\"wp-embedded-content\" data-secret=\"b2aFz1pRbK\"><p><a href=\"https:\/\/www.radiopiu.net\/wordpress\/la-riva-dei-castei-el-pisandol-che-non-ce-piu\/\">LA RIVA DEI CASTEI &#8220;EL PISANDOL&#8221; CHE NON C&#8217;E&#8217; PIU&#8217;<\/a><\/p><\/blockquote>\n<p><iframe loading=\"lazy\" class=\"wp-embedded-content\" sandbox=\"allow-scripts\" security=\"restricted\" style=\"position: absolute; visibility: hidden;\" title=\"&#8220;LA RIVA DEI CASTEI &#8220;EL PISANDOL&#8221; CHE NON C&#8217;E&#8217; PIU&#8217;&#8221; &#8212; Radio Pi\u00f9\" src=\"https:\/\/www.radiopiu.net\/wordpress\/la-riva-dei-castei-el-pisandol-che-non-ce-piu\/embed\/#?secret=4aWQJudXmm#?secret=b2aFz1pRbK\" data-secret=\"b2aFz1pRbK\" width=\"600\" height=\"338\" frameborder=\"0\" marginwidth=\"0\" marginheight=\"0\" scrolling=\"no\"><\/iframe><\/p>\n<p>&nbsp;<\/p>\n<hr \/>\n<p>&nbsp;<\/p>\n<blockquote>\n<h3>TORNA A BELLUNO &#8220;IL VENTO TRA I CAPELLI&#8221;, LA PEDONATA NON COMPETITIVA DEL COMITATO PREVENZIONE SALUTE DONNA<\/h3>\n<\/blockquote>\n<p><strong><a class=\"dt-pswp-item\" href=\"https:\/\/www.radiopiu.net\/wordpress\/wp-content\/uploads\/2025\/02\/VENTO-CAPELLI-2025.jpg\" data-dt-img-description=\"\" data-large_image_width=\"767\" data-large_image_height=\"508\"><img loading=\"lazy\" decoding=\"async\" class=\" wp-image-436420 alignleft\" src=\"https:\/\/www.radiopiu.net\/wordpress\/wp-content\/uploads\/2025\/02\/VENTO-CAPELLI-2025-300x199.jpg\" alt=\"\" width=\"220\" height=\"146\" srcset=\"https:\/\/www.radiopiu.net\/wordpress\/wp-content\/uploads\/2025\/02\/VENTO-CAPELLI-2025-300x199.jpg 300w, https:\/\/www.radiopiu.net\/wordpress\/wp-content\/uploads\/2025\/02\/VENTO-CAPELLI-2025.jpg 767w\" sizes=\"auto, (max-width: 220px) 100vw, 220px\" \/><\/a>BELLUNO<\/strong> \u200b<span class=\"relative -mx-px my-[-0.2rem] rounded px-px py-[0.2rem]\">La 19\u00aa edizione della pedonata solidale &#8220;Il Vento tra i Capelli&#8221; si terr\u00e0 il 16 marzo 2025 alle 10 in Piazza dei Martiri a Belluno.<\/span> <span class=\"relative -mx-px my-[-0.2rem] rounded px-px py-[0.2rem]\">Organizzata dal Comitato Progetto Prevenzione Salute Donna, l&#8217;evento mira a sensibilizzare sull&#8217;importanza della prevenzione e della diagnosi precoce, incoraggiando le donne a prendersi cura della propria salute.<\/span> <span class=\"relative -mx-px my-[-0.2rem] rounded px-px py-[0.2rem]\">I fondi raccolti saranno destinati all&#8217;acquisto di strumenti diagnostici avanzati per l&#8217;Ospedale di Belluno, al fine di migliorare la precisione delle diagnosi.<\/span> <span class=\"relative -mx-px my-[-0.2rem] rounded px-px py-[0.2rem]\">Le iscrizioni saranno aperte dalle ore 9:00 del giorno stesso presso l&#8217;area antistante il Caff\u00e8 Manin, dove verr\u00e0 consegnata una maglietta colorata, simbolo della manifestazione, da indossare durante il percorso di circa 5 km attraverso le vie del centro cittadino.<\/span> <span class=\"relative -mx-px my-[-0.2rem] rounded px-px py-[0.2rem]\">La partecipazione \u00e8 aperta a tutti e il percorso \u00e8 adatto a persone di tutte le et\u00e0, inclusi passeggini e carrozzine.<\/span> <span class=\"relative -mx-px my-[-0.2rem] rounded px-px py-[0.2rem]\">Unisciti a noi per diffondere un messaggio di speranza e contribuire concretamente alla causa.<\/span><\/p>\n<p>&nbsp;<\/p>\n<hr \/>\n<p>&nbsp;<\/p>\n<blockquote>\n<h1>RUN TRIP LIFE<\/h1>\n<\/blockquote>\n<p><b><a class=\"dt-pswp-item\" href=\"https:\/\/www.radiopiu.net\/wordpress\/wp-content\/uploads\/2025\/02\/Senza-nome-87.png\" data-dt-img-description=\"\" data-large_image_width=\"150\" data-large_image_height=\"95\"><img loading=\"lazy\" decoding=\"async\" class=\"size-full wp-image-436966 alignleft\" src=\"https:\/\/www.radiopiu.net\/wordpress\/wp-content\/uploads\/2025\/02\/Senza-nome-87.png\" alt=\"\" width=\"150\" height=\"95\" \/><\/a>Proiezione docu-film \u201cRun Trip Life\u201d \u2013 Il Viaggio della Vita. oggi, un&#8217;iniziativa Circolo dei Sardi nel Bellunese<\/b><\/p>\n<p><strong>BELLUNO<\/strong> Innovare e superare le barriere, proiezione del film documentario e dibattito, oggi alle 18 con ingresso libero nella sala polifunzionale di Cavarzano. Sar\u00e0 presente il regista Karim Galici e il protagonista Marco Altea.<\/p>\n<p><i>Il documentario \u00e8 uno straordinario diario di bordo del percorso che l&#8217;autore intraprende con il protagonista alla volta di San Francisco, cuore pulsante delle innovazioni tecnologiche, per incontrare le eccellenze e le brillanti menti dietro le startup pi\u00f9 influenti del mondo, tra cui Google.<\/i><\/p>\n<p>&nbsp;<\/p>\n<hr \/>\n<p>&nbsp;<\/p>\n<blockquote>\n<h3>MARIO VIELMO, IL PRIMO ALPINISTA VENETO DEI 14 OTTOMILA, AL NOF FILO&#8217; DI CENCENIGHE<\/h3>\n<\/blockquote>\n<p><strong><a class=\"dt-pswp-item\" href=\"https:\/\/www.radiopiu.net\/wordpress\/wp-content\/uploads\/2025\/02\/Mario-in-vetta-al-Nanga-Parbat-8126m-3-luglio-2023-ore-1630.png\" data-dt-img-description=\"\" data-large_image_width=\"1434\" data-large_image_height=\"893\"><img loading=\"lazy\" decoding=\"async\" class=\" wp-image-436157 alignleft\" src=\"https:\/\/www.radiopiu.net\/wordpress\/wp-content\/uploads\/2025\/02\/Mario-in-vetta-al-Nanga-Parbat-8126m-3-luglio-2023-ore-1630-300x187.png\" alt=\"\" width=\"191\" height=\"119\" srcset=\"https:\/\/www.radiopiu.net\/wordpress\/wp-content\/uploads\/2025\/02\/Mario-in-vetta-al-Nanga-Parbat-8126m-3-luglio-2023-ore-1630-300x187.png 300w, https:\/\/www.radiopiu.net\/wordpress\/wp-content\/uploads\/2025\/02\/Mario-in-vetta-al-Nanga-Parbat-8126m-3-luglio-2023-ore-1630-1024x638.png 1024w, https:\/\/www.radiopiu.net\/wordpress\/wp-content\/uploads\/2025\/02\/Mario-in-vetta-al-Nanga-Parbat-8126m-3-luglio-2023-ore-1630-768x478.png 768w, https:\/\/www.radiopiu.net\/wordpress\/wp-content\/uploads\/2025\/02\/Mario-in-vetta-al-Nanga-Parbat-8126m-3-luglio-2023-ore-1630.png 1434w\" sizes=\"auto, (max-width: 191px) 100vw, 191px\" \/><\/a>CENCENIGHE<\/strong> Il Gruppo Amici della Montagna di Cencenighe, con il patrocinio del Comune, organizza una serata con l&#8217;alpinista Mario Vielmo, primo veneto a scalare tutti i 14 ottomila della Terra. L&#8217;evento, intitolato <em data-start=\"204\" data-end=\"271\">&#8220;Mario Vielmo, una vita per gli ottomila in Himalaya e Karakorum&#8221;<\/em>, si terr\u00e0 oggi alle 20:45 presso il Nof Fil\u00f2 di Cencenighe Agordino, con ingresso libero. Vielmo, nato a Lonigo nel 1964, ha completato la sua impresa nell\u2019ottobre 2024 con la scalata dello Shisha Pangma (8.027 m). Il suo viaggio nelle alte quote \u00e8 iniziato nel 1996, raggiungendo il primo ottomila nel 1998. Durante la serata, moderata da Gianpaolo Soratroi, Vielmo racconter\u00e0 le sue esperienze con immagini e filmati. L&#8217;evento si inserisce nella tradizione del Gruppo Amici della Montagna, che da anni ospita alpinisti di fama internazionale. Sar\u00e0 un\u2019occasione per conoscere da vicino uno dei pi\u00f9 grandi alpinisti italiani e il lato umano delle sue imprese.<\/p>\n<h3><span style=\"color: #ff0000;\"><strong>LO SPECIALE ALLA RADIO\u00a0<\/strong><\/span><\/h3>\n<p><strong>DI LUISA MANFROI<\/strong><\/p>\n<p>OSPITE: Mario Vielmo<\/p>\n<audio class=\"wp-audio-shortcode\" id=\"audio-437055-13\" preload=\"none\" style=\"width: 100%;\" controls=\"controls\"><source type=\"audio\/mpeg\" src=\"https:\/\/www.radiopiu.net\/wordpress\/wp-content\/uploads\/2025\/02\/LUISA-MANFROI-SPECIALE-Serata_GAM_Vielmo-scadenza-01-marzo.mp3?_=13\" \/><a href=\"https:\/\/www.radiopiu.net\/wordpress\/wp-content\/uploads\/2025\/02\/LUISA-MANFROI-SPECIALE-Serata_GAM_Vielmo-scadenza-01-marzo.mp3\">https:\/\/www.radiopiu.net\/wordpress\/wp-content\/uploads\/2025\/02\/LUISA-MANFROI-SPECIALE-Serata_GAM_Vielmo-scadenza-01-marzo.mp3<\/a><\/audio>\n<p>&nbsp;<\/p>\n<p>&nbsp;<\/p>\n<hr \/>\n<p>&nbsp;<\/p>\n<blockquote>\n<p data-start=\"0\" data-end=\"60\"><strong data-start=\"0\" data-end=\"58\"><a class=\"dt-pswp-item\" href=\"https:\/\/www.radiopiu.net\/wordpress\/wp-content\/uploads\/2025\/02\/Senza-nome-50.png\" data-dt-img-description=\"\" data-large_image_width=\"180\" data-large_image_height=\"222\"><img loading=\"lazy\" decoding=\"async\" class=\" wp-image-435124 alignleft\" src=\"https:\/\/www.radiopiu.net\/wordpress\/wp-content\/uploads\/2025\/02\/Senza-nome-50.png\" alt=\"\" width=\"119\" height=\"147\" \/><\/a>Longarone: corso gratuito per l\u2019uso del defibrillatore<\/strong><\/p>\n<\/blockquote>\n<p><strong>LONGARONE<\/strong> si terr\u00e0 a marzo un corso gratuito B.L.S.D. (Basic Life Support and Defibrillation) per insegnare l\u2019uso del defibrillatore semiautomatico esterno e le tecniche di rianimazione. L\u2019iniziativa, promossa dal Comune con la Pro Loco e altre associazioni, mira a formare cittadini in grado di gestire emergenze cardiache. Due defibrillatori sono gi\u00e0 presenti in paese, ma la conoscenza del loro utilizzo \u00e8 fondamentale. Iscrizioni entro il 9 marzo tramite la Pro Loco di Longarone.<\/p>\n<p>&nbsp;<\/p>\n<p>&nbsp;<\/p>\n<p>&nbsp;<\/p>\n<hr \/>\n<p>&nbsp;<\/p>\n<blockquote>\n<h3>LA TERZA EDIZIONE DI INCONTRI TRA NATURA E SCIENZA<\/h3>\n<\/blockquote>\n<p><strong>BELLUNO<\/strong> In sala Bianchi a Belluno parte la terza edizione di &#8220;Incontri Tra Natura e Scienza&#8221;, organizzato dal Gruppo Natura Bellunese. Saranno 3 gli appuntamenti con le conferenze di stampo divulgativo che trattano vari aspetti legati alla natura del nostro territorio<\/p>\n<p><strong>MANOLO PIAT, VICEPRESIDENTE DEL GRUPPO NATURA BELLUNESE<\/strong><\/p>\n<audio class=\"wp-audio-shortcode\" id=\"audio-437055-14\" preload=\"none\" style=\"width: 100%;\" controls=\"controls\"><source type=\"audio\/mpeg\" src=\"https:\/\/www.radiopiu.net\/wordpress\/wp-content\/uploads\/2025\/02\/MANOLO-PIAT.mp3?_=14\" \/><a href=\"https:\/\/www.radiopiu.net\/wordpress\/wp-content\/uploads\/2025\/02\/MANOLO-PIAT.mp3\">https:\/\/www.radiopiu.net\/wordpress\/wp-content\/uploads\/2025\/02\/MANOLO-PIAT.mp3<\/a><\/audio>\n<p>&nbsp;<\/p>\n<p><span style=\"color: #ff0000;\"><strong>GLI APPUNTAMENTI<\/strong><\/span><\/p>\n<p><a class=\"dt-pswp-item\" href=\"https:\/\/www.radiopiu.net\/wordpress\/wp-content\/uploads\/2025\/02\/51a04957-61ec-489b-93e2-8ce4b7ee1701.jpg\" data-dt-img-description=\"\" data-large_image_width=\"1600\" data-large_image_height=\"1129\"><img loading=\"lazy\" decoding=\"async\" class=\"alignnone wp-image-437046 size-large\" src=\"https:\/\/www.radiopiu.net\/wordpress\/wp-content\/uploads\/2025\/02\/51a04957-61ec-489b-93e2-8ce4b7ee1701-1024x723.jpg\" alt=\"\" width=\"1024\" height=\"723\" srcset=\"https:\/\/www.radiopiu.net\/wordpress\/wp-content\/uploads\/2025\/02\/51a04957-61ec-489b-93e2-8ce4b7ee1701-1024x723.jpg 1024w, https:\/\/www.radiopiu.net\/wordpress\/wp-content\/uploads\/2025\/02\/51a04957-61ec-489b-93e2-8ce4b7ee1701-300x212.jpg 300w, https:\/\/www.radiopiu.net\/wordpress\/wp-content\/uploads\/2025\/02\/51a04957-61ec-489b-93e2-8ce4b7ee1701-768x542.jpg 768w, https:\/\/www.radiopiu.net\/wordpress\/wp-content\/uploads\/2025\/02\/51a04957-61ec-489b-93e2-8ce4b7ee1701-1536x1084.jpg 1536w, https:\/\/www.radiopiu.net\/wordpress\/wp-content\/uploads\/2025\/02\/51a04957-61ec-489b-93e2-8ce4b7ee1701.jpg 1600w\" sizes=\"auto, (max-width: 1024px) 100vw, 1024px\" \/><\/a><\/p>\n<p>&nbsp;<\/p>\n<p>&nbsp;<\/p>\n<p>&nbsp;<\/p>\n<hr \/>\n<p>&nbsp;<\/p>\n<blockquote>\n<h3>OGGI LA MASCOREDA A SOTTOGUDA DI ROCCA PIETORE<\/h3>\n<\/blockquote>\n<p><strong>ROCCA PIETORE <\/strong>Torna il tradizionale evento di carnevale a Sottoguda, la Mascor\u00e8da, uno degli appuntamenti dei &#8220;Carnevai de le vai&#8221;. Le maschere tipiche del carnevale prenderanno forma ancora una volta grazie ai giovani della zona che tramandano questa antica tradizione fatta di colori, musica e tanta allegria. Il corteo vedr\u00e0 protagonisti i Matazin, le figure simbolo del carnevale, vestiti con fazzoletti colorati e con un originale copricapo ricoperto di fiori e nastri. Altre figure caratteristiche ad accompagnare i Matazin sono le Mascore de legn e i Musicisti, guidati dal Capomascora. La sfilata partir\u00e0 alle 14:00 dall\u2019Hotel Pineta, con tappe a Bosco Verde e Pian, per concludersi alle 16:30-17:00 a Sottoguda, dove si terr\u00e0 una festa con giochi, rinfresco e premiazione delle maschere pi\u00f9 belle. La giornata si chiuder\u00e0 con una festa danzante alle 20:00 presso l\u2019Hotel Albe.<\/p>\n<p><a class=\"dt-pswp-item\" href=\"https:\/\/www.radiopiu.net\/wordpress\/wp-content\/uploads\/2025\/02\/480153611_1142672827647771_4849027597980985580_n.jpg\" data-dt-img-description=\"\" data-large_image_width=\"512\" data-large_image_height=\"640\"><img loading=\"lazy\" decoding=\"async\" class=\"size-medium wp-image-436647 aligncenter\" src=\"https:\/\/www.radiopiu.net\/wordpress\/wp-content\/uploads\/2025\/02\/480153611_1142672827647771_4849027597980985580_n-240x300.jpg\" alt=\"\" width=\"240\" height=\"300\" srcset=\"https:\/\/www.radiopiu.net\/wordpress\/wp-content\/uploads\/2025\/02\/480153611_1142672827647771_4849027597980985580_n-240x300.jpg 240w, https:\/\/www.radiopiu.net\/wordpress\/wp-content\/uploads\/2025\/02\/480153611_1142672827647771_4849027597980985580_n.jpg 512w\" sizes=\"auto, (max-width: 240px) 100vw, 240px\" \/><\/a><\/p>\n<p>&nbsp;<\/p>\n<hr \/>\n<p>&nbsp;<\/p>\n<blockquote>\n<h2><a href=\"https:\/\/www.radiopiu.net\/wordpress\/wp-content\/uploads\/2025\/02\/wo6o5gsi.bmp\"><img loading=\"lazy\" decoding=\"async\" class=\"size-medium wp-image-434597 alignleft\" src=\"https:\/\/www.radiopiu.net\/wordpress\/wp-content\/uploads\/2025\/02\/wo6o5gsi-150x300.jpg\" alt=\"\" width=\"150\" height=\"300\" srcset=\"https:\/\/www.radiopiu.net\/wordpress\/wp-content\/uploads\/2025\/02\/wo6o5gsi-150x300.jpg 150w, https:\/\/www.radiopiu.net\/wordpress\/wp-content\/uploads\/2025\/02\/wo6o5gsi-513x1024.jpg 513w, https:\/\/www.radiopiu.net\/wordpress\/wp-content\/uploads\/2025\/02\/wo6o5gsi-768x1534.jpg 768w, https:\/\/www.radiopiu.net\/wordpress\/wp-content\/uploads\/2025\/02\/wo6o5gsi-769x1536.jpg 769w, https:\/\/www.radiopiu.net\/wordpress\/wp-content\/uploads\/2025\/02\/wo6o5gsi.bmp 801w\" sizes=\"auto, (max-width: 150px) 100vw, 150px\" \/><\/a>DOMANI, A CANALE D&#8217;AGORDO &#8220;LA ZINGHENESTA&#8221;<\/h2>\n<\/blockquote>\n<p>&nbsp;<\/p>\n<p><strong>CANALE D&#8217;AGORDO <\/strong>La <strong data-start=\"43\" data-end=\"58\">Zinghen\u00e9sta<\/strong> \u00e8 un&#8217;antica festa in maschera che si svolge a Canale d&#8217;Agordo, l&#8217;ultima domenica di Carnevale. Questa tradizione, risalente al XVIII secolo, \u00e8 stata ripresa nel 2013 dal comitato locale, riscuotendo un ampio consenso.\u00a0 Il termine &#8220;Zinghen\u00e9sta&#8221; si riferisce alla ragazza pi\u00f9 bella del paese, eletta annualmente regina della festa. Durante la celebrazione, la Zinghen\u00e9sta, vestita con abiti tradizionali riccamente decorati, guida una sfilata accompagnata da altre maschere tipiche, come i &#8220;Mati\u00e9i&#8221; e i &#8220;Lach\u00e8&#8221;. La festa prevede una serie di eventi, tra cui la sfilata per le vie del paese, balli tradizionali e il simbolico &#8220;processo al Carnevale&#8221;. La Zinghen\u00e9sta rappresenta un&#8217;occasione per la comunit\u00e0 di Canale d&#8217;Agordo di celebrare le proprie tradizioni culturali e folcloristiche, mantenendo vive usanze secolari e rafforzando l&#8217;identit\u00e0 locale. Particolarmente atteso il processo al Canevale. Appuntamento domani, a Canale d&#8217;Agordo.<\/p>\n<p><strong>DIRETTA DEL PROCESSO AL CARNEVALE SUI CANALI SOCIAL DI RADIO PIU&#8217;<\/strong><\/p>\n\n\t\t\t<style type='text\/css'>\n\t\t\t\t#gallery-5 {\n\t\t\t\t\tmargin: auto;\n\t\t\t\t}\n\t\t\t\t#gallery-5 .gallery-item {\n\t\t\t\t\tfloat: left;\n\t\t\t\t\tmargin-top: 10px;\n\t\t\t\t\ttext-align: center;\n\t\t\t\t\twidth: 50%;\n\t\t\t\t}\n\t\t\t\t#gallery-5 img {\n\t\t\t\t\tborder: 2px solid #cfcfcf;\n\t\t\t\t}\n\t\t\t\t#gallery-5 .gallery-caption {\n\t\t\t\t\tmargin-left: 0;\n\t\t\t\t}\n\t\t\t\t\/* see gallery_shortcode() in wp-includes\/media.php *\/\n\t\t\t<\/style>\n\t\t<div id='gallery-5' class='dt-gallery-container gallery galleryid-437055 gallery-columns-2 gallery-size-medium'><dl class='gallery-item'>\n\t\t\t\t<dt class='gallery-icon landscape'>\n\t\t\t\t\t<a class=\"rollover rollover-zoom dt-pswp-item\" title=\"\u00a9EchidiAlessandroSogne_ZINGHENESTA 2024_sfilata_Canale\" data-dt-img-description=\"\" data-large_image_width=\"1500\" data-large_image_height=\"999\"href='https:\/\/www.radiopiu.net\/wordpress\/wp-content\/uploads\/2025\/02\/\u00a9EchidiAlessandroSogne_ZINGHENESTA-2024_sfilata_Canale.jpg'><img loading=\"lazy\" decoding=\"async\" width=\"300\" height=\"200\" src=\"https:\/\/www.radiopiu.net\/wordpress\/wp-content\/uploads\/2025\/02\/\u00a9EchidiAlessandroSogne_ZINGHENESTA-2024_sfilata_Canale-300x200.jpg\" class=\"attachment-medium size-medium\" alt=\"\" srcset=\"https:\/\/www.radiopiu.net\/wordpress\/wp-content\/uploads\/2025\/02\/\u00a9EchidiAlessandroSogne_ZINGHENESTA-2024_sfilata_Canale-300x200.jpg 300w, https:\/\/www.radiopiu.net\/wordpress\/wp-content\/uploads\/2025\/02\/\u00a9EchidiAlessandroSogne_ZINGHENESTA-2024_sfilata_Canale-1024x682.jpg 1024w, https:\/\/www.radiopiu.net\/wordpress\/wp-content\/uploads\/2025\/02\/\u00a9EchidiAlessandroSogne_ZINGHENESTA-2024_sfilata_Canale-768x511.jpg 768w, https:\/\/www.radiopiu.net\/wordpress\/wp-content\/uploads\/2025\/02\/\u00a9EchidiAlessandroSogne_ZINGHENESTA-2024_sfilata_Canale.jpg 1500w\" sizes=\"auto, (max-width: 300px) 100vw, 300px\" \/><\/a>\n\t\t\t\t<\/dt><\/dl><dl class='gallery-item'>\n\t\t\t\t<dt class='gallery-icon landscape'>\n\t\t\t\t\t<a class=\"rollover rollover-zoom dt-pswp-item\" title=\"\u00a9EchidiAlessandroSogne_ZINGHENESTA2024_piazzetta TANCON\" data-dt-img-description=\"\" data-large_image_width=\"1500\" data-large_image_height=\"999\"href='https:\/\/www.radiopiu.net\/wordpress\/wp-content\/uploads\/2025\/02\/\u00a9EchidiAlessandroSogne_ZINGHENESTA2024_piazzetta-TANCON.jpg'><img loading=\"lazy\" decoding=\"async\" width=\"300\" height=\"200\" src=\"https:\/\/www.radiopiu.net\/wordpress\/wp-content\/uploads\/2025\/02\/\u00a9EchidiAlessandroSogne_ZINGHENESTA2024_piazzetta-TANCON-300x200.jpg\" class=\"attachment-medium size-medium\" alt=\"\" srcset=\"https:\/\/www.radiopiu.net\/wordpress\/wp-content\/uploads\/2025\/02\/\u00a9EchidiAlessandroSogne_ZINGHENESTA2024_piazzetta-TANCON-300x200.jpg 300w, https:\/\/www.radiopiu.net\/wordpress\/wp-content\/uploads\/2025\/02\/\u00a9EchidiAlessandroSogne_ZINGHENESTA2024_piazzetta-TANCON-1024x682.jpg 1024w, https:\/\/www.radiopiu.net\/wordpress\/wp-content\/uploads\/2025\/02\/\u00a9EchidiAlessandroSogne_ZINGHENESTA2024_piazzetta-TANCON-768x511.jpg 768w, https:\/\/www.radiopiu.net\/wordpress\/wp-content\/uploads\/2025\/02\/\u00a9EchidiAlessandroSogne_ZINGHENESTA2024_piazzetta-TANCON.jpg 1500w\" sizes=\"auto, (max-width: 300px) 100vw, 300px\" \/><\/a>\n\t\t\t\t<\/dt><\/dl><br style=\"clear: both\" \/>\n\t\t\t<\/div>\n\n<p>&nbsp;<\/p>\n<p>&nbsp;<\/p>\n<hr \/>\n<p>&nbsp;<\/p>\n<blockquote>\n<h3><a class=\"dt-pswp-item\" href=\"https:\/\/www.radiopiu.net\/wordpress\/wp-content\/uploads\/2025\/02\/Pedonata-mascherata.jpeg\" data-dt-img-description=\"\" data-large_image_width=\"1179\" data-large_image_height=\"1630\"><img loading=\"lazy\" decoding=\"async\" class=\" wp-image-435889 alignleft\" src=\"https:\/\/www.radiopiu.net\/wordpress\/wp-content\/uploads\/2025\/02\/Pedonata-mascherata-217x300.jpeg\" alt=\"\" width=\"147\" height=\"203\" srcset=\"https:\/\/www.radiopiu.net\/wordpress\/wp-content\/uploads\/2025\/02\/Pedonata-mascherata-217x300.jpeg 217w, https:\/\/www.radiopiu.net\/wordpress\/wp-content\/uploads\/2025\/02\/Pedonata-mascherata-741x1024.jpeg 741w, https:\/\/www.radiopiu.net\/wordpress\/wp-content\/uploads\/2025\/02\/Pedonata-mascherata-768x1062.jpeg 768w, https:\/\/www.radiopiu.net\/wordpress\/wp-content\/uploads\/2025\/02\/Pedonata-mascherata-1111x1536.jpeg 1111w, https:\/\/www.radiopiu.net\/wordpress\/wp-content\/uploads\/2025\/02\/Pedonata-mascherata.jpeg 1179w\" sizes=\"auto, (max-width: 147px) 100vw, 147px\" \/><\/a>LA PEDONATA DI CARNEVALE A BELLUNO<\/h3>\n<\/blockquote>\n<p><strong>BELLUNO<\/strong><\/p>\n<p><strong>DI DANIELE DALVIT<\/strong><\/p>\n<audio class=\"wp-audio-shortcode\" id=\"audio-437055-15\" preload=\"none\" style=\"width: 100%;\" controls=\"controls\"><source type=\"audio\/mpeg\" src=\"https:\/\/www.radiopiu.net\/wordpress\/wp-content\/uploads\/2025\/02\/Servizio-Pedonata-Carnevale-Belluno.mp3?_=15\" \/><a href=\"https:\/\/www.radiopiu.net\/wordpress\/wp-content\/uploads\/2025\/02\/Servizio-Pedonata-Carnevale-Belluno.mp3\">https:\/\/www.radiopiu.net\/wordpress\/wp-content\/uploads\/2025\/02\/Servizio-Pedonata-Carnevale-Belluno.mp3<\/a><\/audio>\n<p>&nbsp;<\/p>\n<p><strong>BELLUNO<\/strong> Il 4 marzo 2024 si terr\u00e0 la terza edizione della Pedonata Mascherata, un evento dedicato principalmente ai bambini delle scuole elementari e medie, che animer\u00e0 il centro storico con spettacoli, giochi e sport. L&#8217;iniziativa, promossa dall&#8217;assessore allo sport Monica Mazzoccoli, ha l&#8217;obiettivo di combinare il piacere di una passeggiata con l&#8217;opportunit\u00e0 di stare insieme in festa. Il ritrovo \u00e8 fissato alle 14:00 in Piazza Martiri, con partenza della pedonata alle 15:00. Il percorso di 3 km attraverser\u00e0 il centro citt\u00e0 e, all&#8217;arrivo, tutti i partecipanti saranno accolti con una merenda offerta da Lattebusche. Seguir\u00e0 lo spettacolo per bambini con il Mago Bronze e attivit\u00e0 come il truccabimbi. L&#8217;evento, organizzato con AICS, Lattebusche e il supporto dell&#8217;ANA Alpini Belluno, fa parte delle iniziative del Carnevale cittadino e mira a valorizzare gli spazi urbani come luoghi di gioco e incontro per le famiglie. La viabilit\u00e0 sar\u00e0 chiusa dalle 13:00 alle 18:00 per garantire lo svolgimento dell\u2019evento.<\/p>\n<p>&nbsp;<\/p>\n<p>&nbsp;<\/p>\n<hr \/>\n<p>&nbsp;<\/p>\n<blockquote>\n<h3>SI PARLA DI DANTE AL CIRCOLO CULTURALE LA TERRA DEI PADRI<\/h3>\n<\/blockquote>\n<p><strong>BELLUNO <\/strong>Il Circolo culturale \u201cLa Terra dei Padri \u2013 Belluno APS\u201d, in collaborazione con la Lega Nazionale \u2013 Delegazione di Belluno, organizza un ciclo di conferenze intitolato <strong data-start=\"167\" data-end=\"209\">\u201cDante e l\u2019eredit\u00e0 del mondo classico\u201d<\/strong>. La prof.ssa <strong data-start=\"226\" data-end=\"256\">Rosetta Girotto Cannarella<\/strong>, ex docente di greco e latino al Liceo Classico \u201cTiziano\u201d di Belluno, guider\u00e0 tre incontri (20 e 27 marzo, 3 aprile 2025, dalle 18:00 alle 19:00) sulla relazione tra Dante e il mondo classico, approfondendo temi come Virgilio, gli spiriti magni, Ulisse e Paolo e Francesca. Gli incontri si terranno presso la sede del Circolo, in via dei Molini, 10 (Borgo Piave \u2013 Belluno). Per info e iscrizioni: <strong data-start=\"657\" data-end=\"688\"><a rel=\"noopener\" data-start=\"659\" data-end=\"686\">francesco1dematte@gmail.com<\/a><\/strong> o <strong data-start=\"691\" data-end=\"721\">320\/0504334 (WhatsApp\/SMS)<\/strong>.<\/p>\n<p>&nbsp;<\/p>\n<p>&nbsp;<\/p>\n<hr \/>\n<p>&nbsp;<\/p>\n<blockquote>\n<h3><a class=\"dt-pswp-item\" href=\"https:\/\/www.radiopiu.net\/wordpress\/wp-content\/uploads\/2025\/02\/TI-SPOSO-MA-NON-TROPPO-2-Incontrada-ph-\u00a9Giovanni-De-Sandre-GD9_0648.jpg\" data-dt-img-description=\"\" data-large_image_width=\"1707\" data-large_image_height=\"2560\"><img loading=\"lazy\" decoding=\"async\" class=\" wp-image-436590 alignleft\" src=\"https:\/\/www.radiopiu.net\/wordpress\/wp-content\/uploads\/2025\/02\/TI-SPOSO-MA-NON-TROPPO-2-Incontrada-ph-\u00a9Giovanni-De-Sandre-GD9_0648-200x300.jpg\" alt=\"\" width=\"90\" height=\"135\" srcset=\"https:\/\/www.radiopiu.net\/wordpress\/wp-content\/uploads\/2025\/02\/TI-SPOSO-MA-NON-TROPPO-2-Incontrada-ph-\u00a9Giovanni-De-Sandre-GD9_0648-200x300.jpg 200w, https:\/\/www.radiopiu.net\/wordpress\/wp-content\/uploads\/2025\/02\/TI-SPOSO-MA-NON-TROPPO-2-Incontrada-ph-\u00a9Giovanni-De-Sandre-GD9_0648-683x1024.jpg 683w, https:\/\/www.radiopiu.net\/wordpress\/wp-content\/uploads\/2025\/02\/TI-SPOSO-MA-NON-TROPPO-2-Incontrada-ph-\u00a9Giovanni-De-Sandre-GD9_0648-768x1152.jpg 768w, https:\/\/www.radiopiu.net\/wordpress\/wp-content\/uploads\/2025\/02\/TI-SPOSO-MA-NON-TROPPO-2-Incontrada-ph-\u00a9Giovanni-De-Sandre-GD9_0648-1024x1536.jpg 1024w, https:\/\/www.radiopiu.net\/wordpress\/wp-content\/uploads\/2025\/02\/TI-SPOSO-MA-NON-TROPPO-2-Incontrada-ph-\u00a9Giovanni-De-Sandre-GD9_0648-1366x2048.jpg 1366w, https:\/\/www.radiopiu.net\/wordpress\/wp-content\/uploads\/2025\/02\/TI-SPOSO-MA-NON-TROPPO-2-Incontrada-ph-\u00a9Giovanni-De-Sandre-GD9_0648.jpg 1707w\" sizes=\"auto, (max-width: 90px) 100vw, 90px\" \/><\/a>VENERDI\u2019 7 MARZO \u201cTI SPOSO MA NON TROPPO\u201d, SOLD OUT DA DUE MESI<\/h3>\n<\/blockquote>\n<p><strong>BELLUNO <\/strong>Un altro sold out per la 48ma Stagione del Circolo: da due mesi \u201cTi sposo ma non troppo\u201d con Vanessa Incontrada del 7 marzo prossimo non ha pi\u00f9 poltrone libere. Il personale del Circolo Cultura e Stampa Bellunese comunica che solo la stessa sera al botteghino, a ridosso dell\u2019inizio, fissato alle 20.45, si potr\u00e0 sapere se si libereranno dei posti (per eventuali assenze o defezioni). Gli interessati sono pertanto pregati di venire direttamente a Teatro.<\/p>\n<p>&nbsp;<\/p>\n<p>&nbsp;<\/p>\n<hr \/>\n<p>&nbsp;<\/p>\n<blockquote>\n<h3>DISAGIO GIOVANILE, UN INCONTRO A BELLUNO<\/h3>\n<\/blockquote>\n<p><strong>BELLUNO<\/strong> L\u2019Associazione Margherita Fenice di Belluno organizza un convegno sul disagio giovanile e sull\u2019importanza dell\u2019ascolto tra genitori e figli. L\u2019evento, intitolato \u201cGenerazione di silenzi: come ascoltare i nostri figli per affrontare il disagio giovanile\u201d, si terr\u00e0 sabato 8 marzo alle 17 presso Palazzo Crepadona a Belluno. Parteciperanno esperti di alto profilo: il prof. Stefano Vicari, primario di neuropsichiatria infantile al Bambino Ges\u00f9 di Roma, il dott. Aldo Gatto, direttore del D.S.M. Ulss 1 Dolomiti, e il dott. Stefano Bertomoro, esperto in disturbi alimentari.<\/p>\n<p>&nbsp;<\/p>\n<p>&nbsp;<\/p>\n<hr \/>\n<p>&nbsp;<\/p>\n<blockquote>\n<h3><a class=\"dt-pswp-item\" href=\"https:\/\/www.radiopiu.net\/wordpress\/wp-content\/uploads\/2025\/02\/a43f5470-8da9-420a-9a8f-999ac45dfc29.jpg\" data-dt-img-description=\"\" data-large_image_width=\"1131\" data-large_image_height=\"1600\"><img loading=\"lazy\" decoding=\"async\" class=\" wp-image-437228 alignleft\" src=\"https:\/\/www.radiopiu.net\/wordpress\/wp-content\/uploads\/2025\/02\/a43f5470-8da9-420a-9a8f-999ac45dfc29-212x300.jpg\" alt=\"\" width=\"132\" height=\"187\" srcset=\"https:\/\/www.radiopiu.net\/wordpress\/wp-content\/uploads\/2025\/02\/a43f5470-8da9-420a-9a8f-999ac45dfc29-212x300.jpg 212w, https:\/\/www.radiopiu.net\/wordpress\/wp-content\/uploads\/2025\/02\/a43f5470-8da9-420a-9a8f-999ac45dfc29-724x1024.jpg 724w, https:\/\/www.radiopiu.net\/wordpress\/wp-content\/uploads\/2025\/02\/a43f5470-8da9-420a-9a8f-999ac45dfc29-768x1086.jpg 768w, https:\/\/www.radiopiu.net\/wordpress\/wp-content\/uploads\/2025\/02\/a43f5470-8da9-420a-9a8f-999ac45dfc29-1086x1536.jpg 1086w, https:\/\/www.radiopiu.net\/wordpress\/wp-content\/uploads\/2025\/02\/a43f5470-8da9-420a-9a8f-999ac45dfc29.jpg 1131w\" sizes=\"auto, (max-width: 132px) 100vw, 132px\" \/><\/a>L&#8217;8 MARZO IN SALA DON TAMIS AD AGORDO<\/h3>\n<\/blockquote>\n<p><strong>AGORDO <\/strong>Sabato 8 marzo alle 20:30, nella sala &#8220;don Tamis&#8221; di Agordo, Carlo Corsini e Simone Carnielli porteranno in scena lo spettacolo &#8220;Tutto inizi\u00f2 con un tremendo botto&#8221;, dedicato alla vita e alle opere di Roald Dahl. Attraverso letture e interpretazioni tratte dai suoi libri pi\u00f9 celebri, come <em data-start=\"309\" data-end=\"353\">La fabbrica di cioccolato, Matilda, Il GGG<\/em> e <em data-start=\"356\" data-end=\"368\">Le streghe<\/em>, gli attori racconteranno l&#8217;avventurosa vita dell&#8217;autore e il modo in cui le sue esperienze hanno ispirato le sue storie. Dahl, noto per il suo umorismo graffiante e personaggi eccentrici, affrontava nei suoi racconti temi profondi come giustizia, coraggio e ribellione. L&#8217;evento, a ingresso gratuito, \u00e8 organizzato dal Circolo Culturale Agordino e dalla Biblioteca Civica.<\/p>\n<p>&nbsp;<\/p>\n<p>&nbsp;<\/p>\n<hr \/>\n<p>&nbsp;<\/p>\n<h1><span style=\"color: #ff6600;\">IERI ALLA RADIO\u00a0<\/span><\/h1>\n<h2><span style=\"color: #008000;\">&#8220;DINTORN E FORA VIA&#8221;\u00a0 IL PROGRAMMA\u00a0 A CURA DEL MUSLA<\/span><\/h2>\n<p><strong><a class=\"dt-pswp-item\" href=\"https:\/\/www.radiopiu.net\/wordpress\/wp-content\/uploads\/2023\/10\/GIORNALE-QUOTIDIANO.jpg\" data-dt-img-description=\"\" data-large_image_width=\"1280\" data-large_image_height=\"853\"><img loading=\"lazy\" decoding=\"async\" class=\" wp-image-356264 alignleft\" src=\"https:\/\/www.radiopiu.net\/wordpress\/wp-content\/uploads\/2023\/10\/GIORNALE-QUOTIDIANO-300x200.jpg\" alt=\"\" width=\"146\" height=\"97\" srcset=\"https:\/\/www.radiopiu.net\/wordpress\/wp-content\/uploads\/2023\/10\/GIORNALE-QUOTIDIANO-300x200.jpg 300w, https:\/\/www.radiopiu.net\/wordpress\/wp-content\/uploads\/2023\/10\/GIORNALE-QUOTIDIANO-1024x682.jpg 1024w, https:\/\/www.radiopiu.net\/wordpress\/wp-content\/uploads\/2023\/10\/GIORNALE-QUOTIDIANO-768x512.jpg 768w, https:\/\/www.radiopiu.net\/wordpress\/wp-content\/uploads\/2023\/10\/GIORNALE-QUOTIDIANO.jpg 1280w\" sizes=\"auto, (max-width: 146px) 100vw, 146px\" \/><\/a>PUNTATA DEL 28 FEBBRAIO 2025 ANNA VALT<\/strong><\/p>\n<audio class=\"wp-audio-shortcode\" id=\"audio-437055-16\" preload=\"none\" style=\"width: 100%;\" controls=\"controls\"><source type=\"audio\/mpeg\" src=\"https:\/\/www.radiopiu.net\/wordpress\/wp-content\/uploads\/2025\/02\/MUSLA-10.mp3?_=16\" \/><a href=\"https:\/\/www.radiopiu.net\/wordpress\/wp-content\/uploads\/2025\/02\/MUSLA-10.mp3\">https:\/\/www.radiopiu.net\/wordpress\/wp-content\/uploads\/2025\/02\/MUSLA-10.mp3<\/a><\/audio>\n<p>&nbsp;<\/p>\n<p><strong>LA RACCOLTA COMPLETA <a href=\"https:\/\/www.radiopiu.net\/wordpress\/musla\/\"><span style=\"color: #3366ff;\">CLICCA QUI<\/span><\/a><\/strong><\/p>\n<p>&nbsp;<\/p>\n<hr \/>\n<p>&nbsp;<\/p>\n<h2><span style=\"color: #cc99ff;\">MUSIC A B C, IL MONDO DELLA MUSICA UNA LETTERA ALLA VOLTA<\/span><\/h2>\n<p><span style=\"color: #ff0000;\"><strong><a class=\"dt-pswp-item\" href=\"https:\/\/www.radiopiu.net\/wordpress\/wp-content\/uploads\/2021\/07\/microfono-radio-ok-768x448-768x448-1.jpg\" data-dt-img-description=\"\" data-large_image_width=\"768\" data-large_image_height=\"448\"><img loading=\"lazy\" decoding=\"async\" class=\" wp-image-220632 alignleft\" src=\"https:\/\/www.radiopiu.net\/wordpress\/wp-content\/uploads\/2021\/07\/microfono-radio-ok-768x448-768x448-1-300x175.jpg\" alt=\"\" width=\"148\" height=\"86\" srcset=\"https:\/\/www.radiopiu.net\/wordpress\/wp-content\/uploads\/2021\/07\/microfono-radio-ok-768x448-768x448-1-300x175.jpg 300w, https:\/\/www.radiopiu.net\/wordpress\/wp-content\/uploads\/2021\/07\/microfono-radio-ok-768x448-768x448-1.jpg 768w\" sizes=\"auto, (max-width: 148px) 100vw, 148px\" \/><\/a>CON MARINA DONA&#8217; E DAVID &#8220;ATHOS&#8221; BEN<\/strong><\/span><\/p>\n<p><span style=\"color: #0000ff;\"><strong>PUNTATA DEL 21 DEBBRAIO 2025<\/strong><\/span><\/p>\n<p><strong>PRIMA PARTE<\/strong><\/p>\n<audio class=\"wp-audio-shortcode\" id=\"audio-437055-17\" preload=\"none\" style=\"width: 100%;\" controls=\"controls\"><source type=\"audio\/mpeg\" src=\"https:\/\/www.radiopiu.net\/wordpress\/wp-content\/uploads\/2025\/02\/GOLD1-2.mp3?_=17\" \/><a href=\"https:\/\/www.radiopiu.net\/wordpress\/wp-content\/uploads\/2025\/02\/GOLD1-2.mp3\">https:\/\/www.radiopiu.net\/wordpress\/wp-content\/uploads\/2025\/02\/GOLD1-2.mp3<\/a><\/audio>\n<p>&nbsp;<\/p>\n<p><strong>SECONDA PARTE<\/strong><\/p>\n<audio class=\"wp-audio-shortcode\" id=\"audio-437055-18\" preload=\"none\" style=\"width: 100%;\" controls=\"controls\"><source type=\"audio\/mpeg\" src=\"https:\/\/www.radiopiu.net\/wordpress\/wp-content\/uploads\/2025\/02\/GOLD2-2.mp3?_=18\" \/><a href=\"https:\/\/www.radiopiu.net\/wordpress\/wp-content\/uploads\/2025\/02\/GOLD2-2.mp3\">https:\/\/www.radiopiu.net\/wordpress\/wp-content\/uploads\/2025\/02\/GOLD2-2.mp3<\/a><\/audio>\n<p>&nbsp;<\/p>\n<p><strong>TERZA PARTE<\/strong><\/p>\n<audio class=\"wp-audio-shortcode\" id=\"audio-437055-19\" preload=\"none\" style=\"width: 100%;\" controls=\"controls\"><source type=\"audio\/mpeg\" src=\"https:\/\/www.radiopiu.net\/wordpress\/wp-content\/uploads\/2025\/02\/GOLD3-2.mp3?_=19\" \/><a href=\"https:\/\/www.radiopiu.net\/wordpress\/wp-content\/uploads\/2025\/02\/GOLD3-2.mp3\">https:\/\/www.radiopiu.net\/wordpress\/wp-content\/uploads\/2025\/02\/GOLD3-2.mp3<\/a><\/audio>\n<p>&nbsp;<\/p>\n<p><strong>LA RACCOLTA COMPLETA <a href=\"https:\/\/www.radiopiu.net\/wordpress\/music-a-b-c-il-mondo-della-musica-una-lettera-alla-volta-la-raccolta\/\"><span style=\"color: #3366ff;\">CLICCA QUI<\/span><\/a><\/strong><\/p>\n<p>&nbsp;<\/p>\n<hr \/>\n<p>&nbsp;<\/p>\n<blockquote>\n<h3>FRANCO MANFROI&#8230;DI JOHN FRANCIS DELLA PIETRA<\/h3>\n<\/blockquote>\n<p><strong><a class=\"dt-pswp-item\" href=\"https:\/\/www.radiopiu.net\/wordpress\/wp-content\/uploads\/2025\/02\/copertina-john-768x512-1.jpg\" data-dt-img-description=\"\" data-large_image_width=\"768\" data-large_image_height=\"512\"><img loading=\"lazy\" decoding=\"async\" class=\"size-medium wp-image-437237 alignright\" src=\"https:\/\/www.radiopiu.net\/wordpress\/wp-content\/uploads\/2025\/02\/copertina-john-768x512-1-300x200.jpg\" alt=\"\" width=\"300\" height=\"200\" srcset=\"https:\/\/www.radiopiu.net\/wordpress\/wp-content\/uploads\/2025\/02\/copertina-john-768x512-1-300x200.jpg 300w, https:\/\/www.radiopiu.net\/wordpress\/wp-content\/uploads\/2025\/02\/copertina-john-768x512-1.jpg 768w\" sizes=\"auto, (max-width: 300px) 100vw, 300px\" \/><\/a>di John Francis Della Pietra<\/strong><\/p>\n<p>De nef en pore invern<br \/>\nE la colpa no se la cjole nogugn govern<br \/>\nMa s\u00f9 in som a chela de gares val<br \/>\nSomeja quasi tut pront par el so memorial<br \/>\nEl l ha but\u00e0 la so valenta ocjada<br \/>\nE l ha preg\u00e0 el signor chel ghe desse almanco na picjola sbianchedada<br \/>\nE cos\u00ec l \u00e8 stat l \u00e8 quasi tut pront<br \/>\nInte chel posto fra i p\u00ec biei del.mont<br \/>\nEl che l ha gir\u00e0 en lonch e larch el disaria<br \/>\nVard\u00e8 tosat che no manca proprio nia<br \/>\nSol de core l estro<br \/>\nVel dighe mi che dei sii stret son stat maestro<br \/>\nLass\u00f9 al nord sion duti tant temp fa e i na cjam\u00e0 eroi<br \/>\nQuater italiani nte la stafeta l ultim el Manfroi<br \/>\nParea empisibile<br \/>\nMa aon cjap\u00e0 la prima medaja ai mondiali incredibile<br \/>\nSin i nordici i tir\u00e0 d\u00f9 el capel<br \/>\nChe emozion che bel<br \/>\nPar engeri<br \/>\nEnveze l \u00e8 pass\u00e0 decenni ariane dei pionieri<br \/>\nCos\u00ec l \u00e8 la storia<br \/>\nSon qua a ve fa memoria<br \/>\nSci\u00e0 ve vardarai<br \/>\nE a tuti le man ghe batarai<br \/>\nPar en d\u00ec<br \/>\nSon encora ntamez proprio mi<br \/>\nSemper rest\u00e0 un de voi<br \/>\nA se revede col cor<br \/>\nFranco Manfroi<\/p>\n<p>&nbsp;<\/p>\n<p><span style=\"color: #ff0000;\"><strong>DOMENICA IN VALLE DI GARES SI DISPUTERA&#8217; IL TROFEO FRANCO MANFROI<\/strong><\/span><\/p>\n<p>&nbsp;<\/p>\n<hr \/>\n<p>&nbsp;<\/p>\n<h2><span style=\"color: #ff0000;\"><a class=\"dt-pswp-item\" href=\"https:\/\/www.radiopiu.net\/wordpress\/wp-content\/uploads\/2018\/09\/appuntamenti.jpeg\" data-dt-img-description=\"\" data-large_image_width=\"800\" data-large_image_height=\"100\"><img loading=\"lazy\" decoding=\"async\" class=\"wp-image-61958 size-full aligncenter\" src=\"https:\/\/www.radiopiu.net\/wordpress\/wp-content\/uploads\/2018\/09\/appuntamenti.jpeg\" alt=\"\" width=\"800\" height=\"100\" srcset=\"https:\/\/www.radiopiu.net\/wordpress\/wp-content\/uploads\/2018\/09\/appuntamenti.jpeg 800w, https:\/\/www.radiopiu.net\/wordpress\/wp-content\/uploads\/2018\/09\/appuntamenti-300x38.jpeg 300w, https:\/\/www.radiopiu.net\/wordpress\/wp-content\/uploads\/2018\/09\/appuntamenti-768x96.jpeg 768w\" sizes=\"auto, (max-width: 800px) 100vw, 800px\" \/><\/a><\/span><\/h2>\n<h3 dir=\"auto\"><\/h3>\n<blockquote>\n<h3>MORGAN &amp; BATTAGLIA I RESIDENT DJ DEL SAVE THE DATE FESTIVAL<\/h3>\n<\/blockquote>\n<p><strong>FALCADE <\/strong>Il palco si accende, le casse vibrano e l\u2019atmosfera si infiamma: Morgan e Battaglia sono pronti a farvi ballare senza sosta! Con selezioni potenti e beat travolgenti, il duo porter\u00e0 un\u2019ondata di pura energia al Rifugio Laresei. Quattro ospiti speciali arricchiranno il festival, ma sar\u00e0 la loro console a tenere il cuore pulsante della serata. L\u2019unica regola? Lasciarsi andare al ritmo e vivere la musica senza freni. Preparati a un\u2019esperienza indimenticabile! L&#8217;appuntamento \u00e8 per il 29 marzo al Rifugio Laresei<\/p>\n\n\t\t\t<style type='text\/css'>\n\t\t\t\t#gallery-6 {\n\t\t\t\t\tmargin: auto;\n\t\t\t\t}\n\t\t\t\t#gallery-6 .gallery-item {\n\t\t\t\t\tfloat: left;\n\t\t\t\t\tmargin-top: 10px;\n\t\t\t\t\ttext-align: center;\n\t\t\t\t\twidth: 20%;\n\t\t\t\t}\n\t\t\t\t#gallery-6 img {\n\t\t\t\t\tborder: 2px solid #cfcfcf;\n\t\t\t\t}\n\t\t\t\t#gallery-6 .gallery-caption {\n\t\t\t\t\tmargin-left: 0;\n\t\t\t\t}\n\t\t\t\t\/* see gallery_shortcode() in wp-includes\/media.php *\/\n\t\t\t<\/style>\n\t\t<div id='gallery-6' class='dt-gallery-container gallery galleryid-437055 gallery-columns-5 gallery-size-medium'><dl class='gallery-item'>\n\t\t\t\t<dt class='gallery-icon portrait'>\n\t\t\t\t\t<a class=\"rollover rollover-zoom dt-pswp-item\" title=\"475351389_122191419572160269_4819090400106529375_n\" data-dt-img-description=\"\" data-large_image_width=\"1024\" data-large_image_height=\"1280\"href='https:\/\/www.radiopiu.net\/wordpress\/wp-content\/uploads\/2025\/02\/475351389_122191419572160269_4819090400106529375_n.jpg'><img loading=\"lazy\" decoding=\"async\" width=\"240\" height=\"300\" src=\"https:\/\/www.radiopiu.net\/wordpress\/wp-content\/uploads\/2025\/02\/475351389_122191419572160269_4819090400106529375_n-240x300.jpg\" class=\"attachment-medium size-medium\" alt=\"\" srcset=\"https:\/\/www.radiopiu.net\/wordpress\/wp-content\/uploads\/2025\/02\/475351389_122191419572160269_4819090400106529375_n-240x300.jpg 240w, https:\/\/www.radiopiu.net\/wordpress\/wp-content\/uploads\/2025\/02\/475351389_122191419572160269_4819090400106529375_n-819x1024.jpg 819w, https:\/\/www.radiopiu.net\/wordpress\/wp-content\/uploads\/2025\/02\/475351389_122191419572160269_4819090400106529375_n-768x960.jpg 768w, https:\/\/www.radiopiu.net\/wordpress\/wp-content\/uploads\/2025\/02\/475351389_122191419572160269_4819090400106529375_n.jpg 1024w\" sizes=\"auto, (max-width: 240px) 100vw, 240px\" \/><\/a>\n\t\t\t\t<\/dt><\/dl><dl class='gallery-item'>\n\t\t\t\t<dt class='gallery-icon portrait'>\n\t\t\t\t\t<a class=\"rollover rollover-zoom dt-pswp-item\" title=\"70222334-5cff-4d4b-9ab9-a2a79305f2f3\" data-dt-img-description=\"\" data-large_image_width=\"1024\" data-large_image_height=\"1280\"href='https:\/\/www.radiopiu.net\/wordpress\/wp-content\/uploads\/2025\/02\/70222334-5cff-4d4b-9ab9-a2a79305f2f3.jpg'><img loading=\"lazy\" decoding=\"async\" width=\"240\" height=\"300\" src=\"https:\/\/www.radiopiu.net\/wordpress\/wp-content\/uploads\/2025\/02\/70222334-5cff-4d4b-9ab9-a2a79305f2f3-240x300.jpg\" class=\"attachment-medium size-medium\" alt=\"\" srcset=\"https:\/\/www.radiopiu.net\/wordpress\/wp-content\/uploads\/2025\/02\/70222334-5cff-4d4b-9ab9-a2a79305f2f3-240x300.jpg 240w, https:\/\/www.radiopiu.net\/wordpress\/wp-content\/uploads\/2025\/02\/70222334-5cff-4d4b-9ab9-a2a79305f2f3-819x1024.jpg 819w, https:\/\/www.radiopiu.net\/wordpress\/wp-content\/uploads\/2025\/02\/70222334-5cff-4d4b-9ab9-a2a79305f2f3-768x960.jpg 768w, https:\/\/www.radiopiu.net\/wordpress\/wp-content\/uploads\/2025\/02\/70222334-5cff-4d4b-9ab9-a2a79305f2f3.jpg 1024w\" sizes=\"auto, (max-width: 240px) 100vw, 240px\" \/><\/a>\n\t\t\t\t<\/dt><\/dl><dl class='gallery-item'>\n\t\t\t\t<dt class='gallery-icon portrait'>\n\t\t\t\t\t<a class=\"rollover rollover-zoom dt-pswp-item\" title=\"480483463_122191800596160269_7748395789965067962_n\" data-dt-img-description=\"\" data-large_image_width=\"1024\" data-large_image_height=\"1280\"href='https:\/\/www.radiopiu.net\/wordpress\/wp-content\/uploads\/2025\/02\/480483463_122191800596160269_7748395789965067962_n.jpg'><img loading=\"lazy\" decoding=\"async\" width=\"240\" height=\"300\" src=\"https:\/\/www.radiopiu.net\/wordpress\/wp-content\/uploads\/2025\/02\/480483463_122191800596160269_7748395789965067962_n-240x300.jpg\" class=\"attachment-medium size-medium\" alt=\"\" srcset=\"https:\/\/www.radiopiu.net\/wordpress\/wp-content\/uploads\/2025\/02\/480483463_122191800596160269_7748395789965067962_n-240x300.jpg 240w, https:\/\/www.radiopiu.net\/wordpress\/wp-content\/uploads\/2025\/02\/480483463_122191800596160269_7748395789965067962_n-819x1024.jpg 819w, https:\/\/www.radiopiu.net\/wordpress\/wp-content\/uploads\/2025\/02\/480483463_122191800596160269_7748395789965067962_n-768x960.jpg 768w, https:\/\/www.radiopiu.net\/wordpress\/wp-content\/uploads\/2025\/02\/480483463_122191800596160269_7748395789965067962_n.jpg 1024w\" sizes=\"auto, (max-width: 240px) 100vw, 240px\" \/><\/a>\n\t\t\t\t<\/dt><\/dl><dl class='gallery-item'>\n\t\t\t\t<dt class='gallery-icon portrait'>\n\t\t\t\t\t<a class=\"rollover rollover-zoom dt-pswp-item\" title=\"480755395_122191974356160269_922264644982884143_n\" data-dt-img-description=\"\" data-large_image_width=\"1024\" data-large_image_height=\"1280\"href='https:\/\/www.radiopiu.net\/wordpress\/wp-content\/uploads\/2025\/02\/480755395_122191974356160269_922264644982884143_n.jpg'><img loading=\"lazy\" decoding=\"async\" width=\"240\" height=\"300\" src=\"https:\/\/www.radiopiu.net\/wordpress\/wp-content\/uploads\/2025\/02\/480755395_122191974356160269_922264644982884143_n-240x300.jpg\" class=\"attachment-medium size-medium\" alt=\"\" srcset=\"https:\/\/www.radiopiu.net\/wordpress\/wp-content\/uploads\/2025\/02\/480755395_122191974356160269_922264644982884143_n-240x300.jpg 240w, https:\/\/www.radiopiu.net\/wordpress\/wp-content\/uploads\/2025\/02\/480755395_122191974356160269_922264644982884143_n-819x1024.jpg 819w, https:\/\/www.radiopiu.net\/wordpress\/wp-content\/uploads\/2025\/02\/480755395_122191974356160269_922264644982884143_n-768x960.jpg 768w, https:\/\/www.radiopiu.net\/wordpress\/wp-content\/uploads\/2025\/02\/480755395_122191974356160269_922264644982884143_n.jpg 1024w\" sizes=\"auto, (max-width: 240px) 100vw, 240px\" \/><\/a>\n\t\t\t\t<\/dt><\/dl><dl class='gallery-item'>\n\t\t\t\t<dt class='gallery-icon portrait'>\n\t\t\t\t\t<a class=\"rollover rollover-zoom dt-pswp-item\" title=\"480946206_122192204450160269_174180551336592227_n\" data-dt-img-description=\"\" data-large_image_width=\"512\" data-large_image_height=\"640\"href='https:\/\/www.radiopiu.net\/wordpress\/wp-content\/uploads\/2025\/02\/480946206_122192204450160269_174180551336592227_n.jpg'><img loading=\"lazy\" decoding=\"async\" width=\"240\" height=\"300\" src=\"https:\/\/www.radiopiu.net\/wordpress\/wp-content\/uploads\/2025\/02\/480946206_122192204450160269_174180551336592227_n-240x300.jpg\" class=\"attachment-medium size-medium\" alt=\"\" srcset=\"https:\/\/www.radiopiu.net\/wordpress\/wp-content\/uploads\/2025\/02\/480946206_122192204450160269_174180551336592227_n-240x300.jpg 240w, https:\/\/www.radiopiu.net\/wordpress\/wp-content\/uploads\/2025\/02\/480946206_122192204450160269_174180551336592227_n.jpg 512w\" sizes=\"auto, (max-width: 240px) 100vw, 240px\" \/><\/a>\n\t\t\t\t<\/dt><\/dl><br style=\"clear: both\" \/>\n\t\t\t<\/div>\n\n<p>&nbsp;<\/p>\n<div>\n<div class=\"\" dir=\"auto\">\n<div id=\":r9h:\" class=\"x1iorvi4 x1pi30zi x1l90r2v x1swvt13\" data-ad-comet-preview=\"message\" data-ad-preview=\"message\">\n<div>\n<div class=\"\" dir=\"auto\">\n<div id=\":r9h:\" class=\"x1iorvi4 x1pi30zi x1l90r2v x1swvt13\" data-ad-comet-preview=\"message\" data-ad-preview=\"message\">\n<div>\n<div class=\"\" dir=\"auto\">\n<div id=\":r9h:\" class=\"x1iorvi4 x1pi30zi x1l90r2v x1swvt13\" data-ad-comet-preview=\"message\" data-ad-preview=\"message\">\n<div>\n<div class=\"\" dir=\"auto\">\n<div id=\":r9h:\" class=\"x1iorvi4 x1pi30zi x1l90r2v x1swvt13\" data-ad-comet-preview=\"message\" data-ad-preview=\"message\">\n<div>\n<div class=\"\" dir=\"auto\">\n<div id=\":r9h:\" class=\"x1iorvi4 x1pi30zi x1l90r2v x1swvt13\" data-ad-comet-preview=\"message\" data-ad-preview=\"message\">\n<div>\n<div class=\"\" dir=\"auto\">\n<div id=\":r9h:\" class=\"x1iorvi4 x1pi30zi x1l90r2v x1swvt13\" data-ad-comet-preview=\"message\" data-ad-preview=\"message\">\n<div class=\"xdj266r x11i5rnm xat24cr x1mh8g0r x1vvkbs x126k92a\">\n<div dir=\"auto\"><\/div>\n<\/div>\n<div>\n<div class=\"\" dir=\"auto\">\n<div id=\":r9h:\" class=\"x1iorvi4 x1pi30zi x1l90r2v x1swvt13\" data-ad-comet-preview=\"message\" data-ad-preview=\"message\">\n<div>\n<div class=\"\" dir=\"auto\">\n<div id=\":r9h:\" class=\"x1iorvi4 x1pi30zi x1l90r2v x1swvt13\" data-ad-comet-preview=\"message\" data-ad-preview=\"message\">\n\n\t\t\t<style type='text\/css'>\n\t\t\t\t#gallery-7 {\n\t\t\t\t\tmargin: auto;\n\t\t\t\t}\n\t\t\t\t#gallery-7 .gallery-item {\n\t\t\t\t\tfloat: left;\n\t\t\t\t\tmargin-top: 10px;\n\t\t\t\t\ttext-align: center;\n\t\t\t\t\twidth: 25%;\n\t\t\t\t}\n\t\t\t\t#gallery-7 img {\n\t\t\t\t\tborder: 2px solid #cfcfcf;\n\t\t\t\t}\n\t\t\t\t#gallery-7 .gallery-caption {\n\t\t\t\t\tmargin-left: 0;\n\t\t\t\t}\n\t\t\t\t\/* see gallery_shortcode() in wp-includes\/media.php *\/\n\t\t\t<\/style>\n\t\t<div id='gallery-7' class='dt-gallery-container gallery galleryid-437055 gallery-columns-4 gallery-size-thumbnail'><dl class='gallery-item'>\n\t\t\t\t<dt class='gallery-icon portrait'>\n\t\t\t\t\t<a class=\"rollover rollover-zoom dt-pswp-item\" title=\"dad1d0d2-12e8-494a-9390-929e17ce5985\" data-dt-img-description=\"\" data-large_image_width=\"900\" data-large_image_height=\"1600\"href='https:\/\/www.radiopiu.net\/wordpress\/wp-content\/uploads\/2025\/01\/dad1d0d2-12e8-494a-9390-929e17ce5985.jpg'><img loading=\"lazy\" decoding=\"async\" width=\"150\" height=\"150\" src=\"https:\/\/www.radiopiu.net\/wordpress\/wp-content\/uploads\/2025\/01\/dad1d0d2-12e8-494a-9390-929e17ce5985-150x150.jpg\" class=\"attachment-thumbnail size-thumbnail\" alt=\"\" \/><\/a>\n\t\t\t\t<\/dt><\/dl><dl class='gallery-item'>\n\t\t\t\t<dt class='gallery-icon portrait'>\n\t\t\t\t\t<a class=\"rollover rollover-zoom dt-pswp-item\" title=\"cdc49aa1-a533-4e05-b097-a65b9b8af87f\" data-dt-img-description=\"\" data-large_image_width=\"452\" data-large_image_height=\"640\"href='https:\/\/www.radiopiu.net\/wordpress\/wp-content\/uploads\/2025\/02\/cdc49aa1-a533-4e05-b097-a65b9b8af87f.jpg'><img loading=\"lazy\" decoding=\"async\" width=\"150\" height=\"150\" src=\"https:\/\/www.radiopiu.net\/wordpress\/wp-content\/uploads\/2025\/02\/cdc49aa1-a533-4e05-b097-a65b9b8af87f-150x150.jpg\" class=\"attachment-thumbnail size-thumbnail\" alt=\"\" \/><\/a>\n\t\t\t\t<\/dt><\/dl><dl class='gallery-item'>\n\t\t\t\t<dt class='gallery-icon portrait'>\n\t\t\t\t\t<a class=\"rollover rollover-zoom dt-pswp-item\" title=\"Locandina laboratorio creativo 01.03.2025 (2)\" data-dt-img-description=\"\" data-large_image_width=\"1414\" data-large_image_height=\"2000\"href='https:\/\/www.radiopiu.net\/wordpress\/wp-content\/uploads\/2025\/02\/Locandina-laboratorio-creativo-01.03.2025-2.jpg'><img loading=\"lazy\" decoding=\"async\" width=\"150\" height=\"150\" src=\"https:\/\/www.radiopiu.net\/wordpress\/wp-content\/uploads\/2025\/02\/Locandina-laboratorio-creativo-01.03.2025-2-150x150.jpg\" class=\"attachment-thumbnail size-thumbnail\" alt=\"\" \/><\/a>\n\t\t\t\t<\/dt><\/dl><dl class='gallery-item'>\n\t\t\t\t<dt class='gallery-icon portrait'>\n\t\t\t\t\t<a class=\"rollover rollover-zoom dt-pswp-item\" title=\"481205578_2787541421433652_6316916279652165559_n\" data-dt-img-description=\"\" data-large_image_width=\"600\" data-large_image_height=\"856\"href='https:\/\/www.radiopiu.net\/wordpress\/wp-content\/uploads\/2025\/02\/481205578_2787541421433652_6316916279652165559_n-1.jpg'><img loading=\"lazy\" decoding=\"async\" width=\"150\" height=\"150\" src=\"https:\/\/www.radiopiu.net\/wordpress\/wp-content\/uploads\/2025\/02\/481205578_2787541421433652_6316916279652165559_n-1-150x150.jpg\" class=\"attachment-thumbnail size-thumbnail\" alt=\"\" \/><\/a>\n\t\t\t\t<\/dt><\/dl><br style=\"clear: both\" \/><dl class='gallery-item'>\n\t\t\t\t<dt class='gallery-icon portrait'>\n\t\t\t\t\t<a class=\"rollover rollover-zoom dt-pswp-item\" title=\"Immagine WhatsApp 2025-02-17 ore 22.25.23_139ab6c1\" data-dt-img-description=\"\" data-large_image_width=\"1241\" data-large_image_height=\"1754\"href='https:\/\/www.radiopiu.net\/wordpress\/wp-content\/uploads\/2025\/02\/Immagine-WhatsApp-2025-02-17-ore-22.25.23_139ab6c1.jpg'><img loading=\"lazy\" decoding=\"async\" width=\"150\" height=\"150\" src=\"https:\/\/www.radiopiu.net\/wordpress\/wp-content\/uploads\/2025\/02\/Immagine-WhatsApp-2025-02-17-ore-22.25.23_139ab6c1-150x150.jpg\" class=\"attachment-thumbnail size-thumbnail\" alt=\"\" \/><\/a>\n\t\t\t\t<\/dt><\/dl><dl class='gallery-item'>\n\t\t\t\t<dt class='gallery-icon portrait'>\n\t\t\t\t\t<a class=\"rollover rollover-zoom dt-pswp-item\" title=\"1mar25-Carnevale Bambini\" data-dt-img-description=\"\" data-large_image_width=\"1241\" data-large_image_height=\"1755\"href='https:\/\/www.radiopiu.net\/wordpress\/wp-content\/uploads\/2025\/02\/1mar25-Carnevale-Bambini.jpg'><img loading=\"lazy\" decoding=\"async\" width=\"150\" height=\"150\" src=\"https:\/\/www.radiopiu.net\/wordpress\/wp-content\/uploads\/2025\/02\/1mar25-Carnevale-Bambini-150x150.jpg\" class=\"attachment-thumbnail size-thumbnail\" alt=\"\" \/><\/a>\n\t\t\t\t<\/dt><\/dl><dl class='gallery-item'>\n\t\t\t\t<dt class='gallery-icon portrait'>\n\t\t\t\t\t<a class=\"rollover rollover-zoom dt-pswp-item\" title=\"Carneval dei boce 2025\" data-dt-img-description=\"\" data-large_image_width=\"1414\" data-large_image_height=\"2000\"href='https:\/\/www.radiopiu.net\/wordpress\/wp-content\/uploads\/2025\/02\/Carneval-dei-boce-2025.png'><img loading=\"lazy\" decoding=\"async\" width=\"150\" height=\"150\" src=\"https:\/\/www.radiopiu.net\/wordpress\/wp-content\/uploads\/2025\/02\/Carneval-dei-boce-2025-150x150.png\" class=\"attachment-thumbnail size-thumbnail\" alt=\"\" \/><\/a>\n\t\t\t\t<\/dt><\/dl><dl class='gallery-item'>\n\t\t\t\t<dt class='gallery-icon portrait'>\n\t\t\t\t\t<a class=\"rollover rollover-zoom dt-pswp-item\" title=\"wo6o5gsi\" data-dt-img-description=\"\" data-large_image_width=\"801\" data-large_image_height=\"1600\"href='https:\/\/www.radiopiu.net\/wordpress\/wp-content\/uploads\/2025\/02\/wo6o5gsi.bmp'><img loading=\"lazy\" decoding=\"async\" width=\"150\" height=\"150\" src=\"https:\/\/www.radiopiu.net\/wordpress\/wp-content\/uploads\/2025\/02\/wo6o5gsi-150x150.jpg\" class=\"attachment-thumbnail size-thumbnail\" alt=\"\" aria-describedby=\"gallery-7-434597\" \/><\/a>\n\t\t\t\t<\/dt>\n\t\t\t\t\t<dd class='wp-caption-text gallery-caption' id='gallery-7-434597'>\n\t\t\t\t\t2 MARZO\n\t\t\t\t\t<\/dd><\/dl><br style=\"clear: both\" \/><dl class='gallery-item'>\n\t\t\t\t<dt class='gallery-icon portrait'>\n\t\t\t\t\t<a class=\"rollover rollover-zoom dt-pswp-item\" title=\"GDLKJGAOY\" data-dt-img-description=\"\" data-large_image_width=\"1080\" data-large_image_height=\"1158\"href='https:\/\/www.radiopiu.net\/wordpress\/wp-content\/uploads\/2025\/02\/GDLKJGAOY.jpg'><img loading=\"lazy\" decoding=\"async\" width=\"150\" height=\"150\" src=\"https:\/\/www.radiopiu.net\/wordpress\/wp-content\/uploads\/2025\/02\/GDLKJGAOY-150x150.jpg\" class=\"attachment-thumbnail size-thumbnail\" alt=\"\" \/><\/a>\n\t\t\t\t<\/dt><\/dl><dl class='gallery-item'>\n\t\t\t\t<dt class='gallery-icon portrait'>\n\t\t\t\t\t<a class=\"rollover rollover-zoom dt-pswp-item\" title=\"Marzo (1)\" data-dt-img-description=\"\" data-large_image_width=\"841\" data-large_image_height=\"1190\"href='https:\/\/www.radiopiu.net\/wordpress\/wp-content\/uploads\/2025\/02\/Marzo-1.jpg'><img loading=\"lazy\" decoding=\"async\" width=\"150\" height=\"150\" src=\"https:\/\/www.radiopiu.net\/wordpress\/wp-content\/uploads\/2025\/02\/Marzo-1-150x150.jpg\" class=\"attachment-thumbnail size-thumbnail\" alt=\"\" \/><\/a>\n\t\t\t\t<\/dt><\/dl><dl class='gallery-item'>\n\t\t\t\t<dt class='gallery-icon portrait'>\n\t\t\t\t\t<a class=\"rollover rollover-zoom dt-pswp-item\" title=\"Carnevale 2025\" data-dt-img-description=\"\" data-large_image_width=\"1414\" data-large_image_height=\"2000\"href='https:\/\/www.radiopiu.net\/wordpress\/wp-content\/uploads\/2025\/02\/Carnevale-2025-1.png'><img loading=\"lazy\" decoding=\"async\" width=\"150\" height=\"150\" src=\"https:\/\/www.radiopiu.net\/wordpress\/wp-content\/uploads\/2025\/02\/Carnevale-2025-1-150x150.png\" class=\"attachment-thumbnail size-thumbnail\" alt=\"\" \/><\/a>\n\t\t\t\t<\/dt><\/dl><dl class='gallery-item'>\n\t\t\t\t<dt class='gallery-icon portrait'>\n\t\t\t\t\t<a class=\"rollover rollover-zoom dt-pswp-item\" title=\"Senza nome\" data-dt-img-description=\"\" data-large_image_width=\"569\" data-large_image_height=\"801\"href='https:\/\/www.radiopiu.net\/wordpress\/wp-content\/uploads\/2025\/02\/Senza-nome-23.png'><img loading=\"lazy\" decoding=\"async\" width=\"150\" height=\"150\" src=\"https:\/\/www.radiopiu.net\/wordpress\/wp-content\/uploads\/2025\/02\/Senza-nome-23-150x150.png\" class=\"attachment-thumbnail size-thumbnail\" alt=\"\" \/><\/a>\n\t\t\t\t<\/dt><\/dl><br style=\"clear: both\" \/><dl class='gallery-item'>\n\t\t\t\t<dt class='gallery-icon portrait'>\n\t\t\t\t\t<a class=\"rollover rollover-zoom dt-pswp-item\" title=\"Locandina Zanenga marzo 2025\" data-dt-img-description=\"\" data-large_image_width=\"1447\" data-large_image_height=\"2048\"href='https:\/\/www.radiopiu.net\/wordpress\/wp-content\/uploads\/2025\/02\/Locandina-Zanenga-marzo-2025.jpg'><img loading=\"lazy\" decoding=\"async\" width=\"150\" height=\"150\" src=\"https:\/\/www.radiopiu.net\/wordpress\/wp-content\/uploads\/2025\/02\/Locandina-Zanenga-marzo-2025-150x150.jpg\" class=\"attachment-thumbnail size-thumbnail\" alt=\"\" \/><\/a>\n\t\t\t\t<\/dt><\/dl><dl class='gallery-item'>\n\t\t\t\t<dt class='gallery-icon portrait'>\n\t\t\t\t\t<a class=\"rollover rollover-zoom dt-pswp-item\" title=\"a43f5470-8da9-420a-9a8f-999ac45dfc29\" data-dt-img-description=\"\" data-large_image_width=\"1131\" data-large_image_height=\"1600\"href='https:\/\/www.radiopiu.net\/wordpress\/wp-content\/uploads\/2025\/02\/a43f5470-8da9-420a-9a8f-999ac45dfc29.jpg'><img loading=\"lazy\" decoding=\"async\" width=\"150\" height=\"150\" src=\"https:\/\/www.radiopiu.net\/wordpress\/wp-content\/uploads\/2025\/02\/a43f5470-8da9-420a-9a8f-999ac45dfc29-150x150.jpg\" class=\"attachment-thumbnail size-thumbnail\" alt=\"\" \/><\/a>\n\t\t\t\t<\/dt><\/dl><dl class='gallery-item'>\n\t\t\t\t<dt class='gallery-icon portrait'>\n\t\t\t\t\t<a class=\"rollover rollover-zoom dt-pswp-item\" title=\"85292380-77cf-48a7-ac7a-86c7009204ef\" data-dt-img-description=\"\" data-large_image_width=\"1280\" data-large_image_height=\"1600\"href='https:\/\/www.radiopiu.net\/wordpress\/wp-content\/uploads\/2025\/02\/85292380-77cf-48a7-ac7a-86c7009204ef.jpg'><img loading=\"lazy\" decoding=\"async\" width=\"150\" height=\"150\" src=\"https:\/\/www.radiopiu.net\/wordpress\/wp-content\/uploads\/2025\/02\/85292380-77cf-48a7-ac7a-86c7009204ef-150x150.jpg\" class=\"attachment-thumbnail size-thumbnail\" alt=\"\" \/><\/a>\n\t\t\t\t<\/dt><\/dl>\n\t\t\t\t<br style='clear: both' \/>\n\t\t\t<\/div>\n\n<p>&nbsp;<\/p>\n<p>&nbsp;<\/p>\n<\/div>\n<\/div>\n<\/div>\n<\/div>\n<\/div>\n<\/div>\n<\/div>\n<\/div>\n<\/div>\n<\/div>\n<\/div>\n<\/div>\n<p>&nbsp;<\/p>\n<\/div>\n<\/div>\n<\/div>\n<\/div>\n<\/div>\n<\/div>\n<\/div>\n<\/div>\n<\/div>\n<\/div>\n<\/div>\n<\/div>\n<hr \/>\n<p>&nbsp;<\/p>\n<p class=\"mceTemp\"><a class=\"dt-pswp-item\" href=\"https:\/\/www.radiopiu.net\/wordpress\/wp-content\/uploads\/2018\/09\/WhatsApp-Image-2018-09-20-at-16.04.06.jpeg\" data-dt-img-description=\"\" data-large_image_width=\"800\" data-large_image_height=\"100\"><img loading=\"lazy\" decoding=\"async\" class=\"wp-image-61378 size-full aligncenter\" src=\"https:\/\/www.radiopiu.net\/wordpress\/wp-content\/uploads\/2018\/09\/WhatsApp-Image-2018-09-20-at-16.04.06.jpeg\" alt=\"\" width=\"800\" height=\"100\" srcset=\"https:\/\/www.radiopiu.net\/wordpress\/wp-content\/uploads\/2018\/09\/WhatsApp-Image-2018-09-20-at-16.04.06.jpeg 800w, https:\/\/www.radiopiu.net\/wordpress\/wp-content\/uploads\/2018\/09\/WhatsApp-Image-2018-09-20-at-16.04.06-300x38.jpeg 300w, https:\/\/www.radiopiu.net\/wordpress\/wp-content\/uploads\/2018\/09\/WhatsApp-Image-2018-09-20-at-16.04.06-768x96.jpeg 768w\" sizes=\"auto, (max-width: 800px) 100vw, 800px\" \/><\/a><\/p>\n<p><center><\/center><center><\/center>&nbsp;<\/p>\n<p><center><\/center><center><b>OGGI<\/b><\/center>Molto nuvoloso o coperto fino alle ore centrali. Nel pomeriggio tendenza ad irregolari schiarite dapprima su Dolomiti poi via via pi\u00f9 ampie verso sera anche su Prealpi.<br \/>\n<b>Precipitazioni: <\/b>Probabili precipitazioni sparse a tratti anche diffuse tra notte e mattino specie su Prealpi un p\u00f2 meno probabili su Dolomiti nord, nevose fin sui 700-900 m. Dal pomeriggio tendenza ad esaurimento dei fenomeni con ultimi brevi rovesci possibili qua e l\u00e0.<br \/>\nTemperature stazionarie o in lieve calo.<\/p>\n<hr \/>\n<p><center><b>DOMANI<\/b><\/center>In qualche fondovalle nubi basse fino all&#8217;alba, poi sereno o al pi\u00f9 poco nuvoloso ovunque.<br \/>\n<b>Precipitazioni: <\/b>Assenti<br \/>\nTemperature minime in calo e massime in aumento.<\/p>\n<hr \/>\n<p><center><b>LUNEDI<\/b><\/center>Sereno o al pi\u00f9 poco nuvoloso. Temperature minime stazionarie nelle valli e in lieve aumento in quota, massime in aumento a tutte le quote.<\/p>\n<hr \/>\n<p><center><b>MARTEDI<\/b><\/center>Cielo sereno o al pi\u00f9 poco nuvoloso. Temperature in ulteriore generale aumento specie le massime.<\/p>\n<p>&nbsp;<\/p>\n<hr \/>\n<p>&nbsp;<\/p>\n<p class=\"mceTemp\"><a class=\"dt-pswp-item\" href=\"https:\/\/www.radiopiu.net\/wordpress\/wp-content\/uploads\/2018\/09\/sport.jpg\" data-dt-img-description=\"\" data-large_image_width=\"800\" data-large_image_height=\"100\"><img loading=\"lazy\" decoding=\"async\" class=\"aligncenter wp-image-60761 size-full\" src=\"https:\/\/www.radiopiu.net\/wordpress\/wp-content\/uploads\/2018\/09\/sport.jpg\" alt=\"\" width=\"800\" height=\"100\" srcset=\"https:\/\/www.radiopiu.net\/wordpress\/wp-content\/uploads\/2018\/09\/sport.jpg 800w, https:\/\/www.radiopiu.net\/wordpress\/wp-content\/uploads\/2018\/09\/sport-300x38.jpg 300w, https:\/\/www.radiopiu.net\/wordpress\/wp-content\/uploads\/2018\/09\/sport-768x96.jpg 768w\" sizes=\"auto, (max-width: 800px) 100vw, 800px\" \/> <\/a><\/p>\n<p class=\"mceTemp\"><span style=\"color: #0000ff;\"><strong>\u00a0 \u00a0 \u00a0\u00a0<\/strong><\/span><\/p>\n<p><span style=\"color: #0000ff;\"><strong>HOCKEY SU GHIACCIO<\/strong><\/span><\/p>\n<blockquote>\n<h3>INIZIANO I PLAYOFF PER L&#8217;ALLEGHE. GARA 1 DEI QUARTI DI FINALE A VARESE<\/h3>\n<\/blockquote>\n<p><strong><a class=\"dt-pswp-item\" href=\"https:\/\/www.radiopiu.net\/wordpress\/wp-content\/uploads\/2023\/11\/alleghe-logo-2023.jpg\" data-dt-img-description=\"\" data-large_image_width=\"1024\" data-large_image_height=\"576\"><img loading=\"lazy\" decoding=\"async\" class=\" wp-image-359944 alignleft\" src=\"https:\/\/www.radiopiu.net\/wordpress\/wp-content\/uploads\/2023\/11\/alleghe-logo-2023-300x169.jpg\" alt=\"\" width=\"234\" height=\"132\" srcset=\"https:\/\/www.radiopiu.net\/wordpress\/wp-content\/uploads\/2023\/11\/alleghe-logo-2023-300x169.jpg 300w, https:\/\/www.radiopiu.net\/wordpress\/wp-content\/uploads\/2023\/11\/alleghe-logo-2023-768x432.jpg 768w, https:\/\/www.radiopiu.net\/wordpress\/wp-content\/uploads\/2023\/11\/alleghe-logo-2023.jpg 1024w\" sizes=\"auto, (max-width: 234px) 100vw, 234px\" \/><\/a>DI ROBERTO MIANA, PORTAVOCE DELL&#8217;ALLEGHE HOCKEY<\/strong><\/p>\n<p>Gara 1 playoff quarti di finale &#8211; Sabato 1\u00b0 marzo alle 18:30 l\u2019Alleghe gioca a Varese contro i Mastini. L\u2019ultima giornata del Master Round ha sancito la vittoria casalinga 7-2 dell\u2019Alleghe nel derby bellunese contro il Feltre, lasciando per\u00f2 pesanti strascichi polemici dopo la rinuncia da parte dei Picchi di schierare le prime due linee nella seconda e terza frazione di gioco. Adesso la testa dei Biancorossi \u00e8 proiettata alla gara contro il Varese, che mette di fronte rispettivamente la quarta e la quinta classificata del Master Round. Il match, valevole per i quarti di finale, si preannuncia all\u2019insegna dell\u2019equilibrio e sar\u00e0 al meglio delle cinque gare, ovvero passer\u00e0 il turno la prima squadra che arriver\u00e0 a tre vittorie. Vincente della serie che andr\u00e0 poi a sfidare in semifinale una tra Caldaro o Valpellice. L\u2019Alleghe si presenter\u00e0 all\u2019Acinque Ice Arena di Varese con un nutrito gruppo di tifosi al seguito. Come per tutta la stagione non faranno mancare il loro importante supporto i Warriors, i ragazzi del tifo biancorosso, che hanno organizzato una corriera per la trasferta in terra lombarda ed ai quali si uniranno i tifosi oriundi in arrivo dal Piemonte e dal vicino capoluogo lombardo. Coach Surenkin potr\u00e0 finalmente contare sul roster al completo per la sfida ai Mastini, che si preannuncia dura ed equilibrata. Il Varese \u00e8 reduce dalla vittoria 4-3 ottenuta all\u2019overtime contro il Caldaro capolista. Successo che d\u00e0 morale alla squadra di coach Glavic, reduce da tre pareggi consecutivi nei tempi regolamentari contro Appiano, Aosta e Caldaro. Clima che sembra essersi rasserenato in casa giallonera, dopo un periodo negativo culminato con la pesante eliminazione subita in semifinale di Coppia Italia ad inizio febbraio contro il Caldaro. Giocatori e tifosi dei Mastini sono desiderosi di dare una svolta alla stagione, in un palaghiaccio di Varese che si preannuncia bollente e che si sta avvicinando al sold out.<br \/>\nTrentadue i precedenti giocati in IHL tra Alleghe e Varese, con 17 affermazioni agordine e 15 varesine. Nei quattro incroci stagionali perfetto equilibrio con due vittorie per parte.<\/p>\n<p><strong>HCMV VARESE HOCKEY &#8211; ALLEGHE HOCKEY <\/strong>Sabato 1\u00b0 marzo, ore 18:30 &#8211; Acinque Ice Arena di Varese. Arbitri: Jeremy Bassani e Willy Vinicio Volcan con giudici di linea Giorgio Brenna e Riccardo Pignatti. Collegamenti in DIRETTA RADIOFONICA su Radio Pi\u00f9 (www.radiopiu.net) con \u201chockey al punto giusto\u201d, in studio Marco Gaz e da Varese interventi di Roberto Miana<\/p>\n<p><span style=\"color: #ff0000;\"><strong>Programma quarti di finale Playoff Varese vs Alleghe:<\/strong><\/span><br \/>\nGARA 1: sabato 1 marzo, ore 18:30 Varese-Alleghe (Acinque Ice Arena di Varese)<br \/>\nGARA 2: marted\u00ec 4 marzo, ore 20:30 Alleghe-Varese (Alvise De Toni di Alleghe)<br \/>\nGARA 3: gioved\u00ec 6 marzo, ore 20:30 Varese-Alleghe (Acinque Ice Arena di Varese)<br \/>\nGARA 4 (eventuale): sabato 8 marzo, ore 20:30 Alleghe-Varese (Alvise De Toni di Alleghe)<br \/>\nGARA 5 (eventuale): marted\u00ec 11 marzo, ore 20:30 Varese-Alleghe (Acinque Ice Arena di Varese)<\/p>\n<p>&nbsp;<\/p>\n<p><span style=\"color: #0000ff;\"><strong>CALCIO<\/strong><\/span><\/p>\n<blockquote>\n<h3>AGORDINA IN CAMPO CON TUTTE LE FORMAZIONI ISCRITTE AI CAMPIONATI PROVINCIALI<\/h3>\n<\/blockquote>\n<p><strong><a class=\"dt-pswp-item\" href=\"https:\/\/www.radiopiu.net\/wordpress\/wp-content\/uploads\/2022\/10\/CALCIO-2022-e1665937841126.jpg\" data-dt-img-description=\"\" data-large_image_width=\"400\" data-large_image_height=\"250\"><img loading=\"lazy\" decoding=\"async\" class=\" wp-image-301842 alignleft\" src=\"https:\/\/www.radiopiu.net\/wordpress\/wp-content\/uploads\/2022\/10\/CALCIO-2022-e1665937841126-300x188.jpg\" alt=\"\" width=\"188\" height=\"118\" srcset=\"https:\/\/www.radiopiu.net\/wordpress\/wp-content\/uploads\/2022\/10\/CALCIO-2022-e1665937841126-300x188.jpg 300w, https:\/\/www.radiopiu.net\/wordpress\/wp-content\/uploads\/2022\/10\/CALCIO-2022-e1665937841126.jpg 400w\" sizes=\"auto, (max-width: 188px) 100vw, 188px\" \/><\/a>DI MARCO GAZ<\/strong><\/p>\n<p><strong>REDAZIONE<\/strong> Nuovo fine settimana calcistico per l\u2019Agordina che torna in campo con tutte le formazioni iscritte ai campionati provinciali della LND. Cinque le partite in programma tra oggi e domani, dalla prima squadra al settore giovanile. Nel pomeriggio di oggi tre le partite in concomitanza, tutte del settore giovanile. La Juniores giocher\u00e0 all\u2019Ivano Dorigo contro la Dynamo Vellai. Tornano in campo anche le due formazioni della categoria Esordienti. La squadra A gioca in casa contro il Castion mentre la squadra B sar\u00e0 in trasferta con il Valboite. Domani mattina alle 10 sar\u00e0 il turno degli Allievi che giocheranno ad Agordo contro la LG Valbelluna. A chiudere il programma ci pensa come sempre la prima squadra che domani alle 14:30 sar\u00e0 all\u2019Ivano Dorigo di Agordo. Per la sfida valida per il campionato di Terza Categoria arriva ad Agordo il Tambre. Una partita importante per la compagine allenata da Davare che deve incamerare punti per avvicinarsi alla zona playoff. Domani alle 20:30 appuntamento su Radio Pi\u00f9 con \u201cAgordina In Prima Linea\u201d, il contenitore calcistico della domenica sera per approfondire il fine settimana dell\u2019Agordina Calcio.<\/p>\n<p>&nbsp;<\/p>\n<p><span style=\"color: #0000ff;\"><strong>CORSA IN MONTAGNA<\/strong><\/span><\/p>\n<blockquote>\n<h3><a class=\"dt-pswp-item\" href=\"https:\/\/www.radiopiu.net\/wordpress\/wp-content\/uploads\/2025\/02\/misurina_trecime_27febbraio2025.jpeg\" data-dt-img-description=\"\" data-large_image_width=\"1200\" data-large_image_height=\"1600\"><img loading=\"lazy\" decoding=\"async\" class=\" wp-image-437115 alignleft\" src=\"https:\/\/www.radiopiu.net\/wordpress\/wp-content\/uploads\/2025\/02\/misurina_trecime_27febbraio2025-225x300.jpeg\" alt=\"\" width=\"134\" height=\"178\" srcset=\"https:\/\/www.radiopiu.net\/wordpress\/wp-content\/uploads\/2025\/02\/misurina_trecime_27febbraio2025-225x300.jpeg 225w, https:\/\/www.radiopiu.net\/wordpress\/wp-content\/uploads\/2025\/02\/misurina_trecime_27febbraio2025-768x1024.jpeg 768w, https:\/\/www.radiopiu.net\/wordpress\/wp-content\/uploads\/2025\/02\/misurina_trecime_27febbraio2025-1152x1536.jpeg 1152w, https:\/\/www.radiopiu.net\/wordpress\/wp-content\/uploads\/2025\/02\/misurina_trecime_27febbraio2025.jpeg 1200w\" sizes=\"auto, (max-width: 134px) 100vw, 134px\" \/><\/a>DOMANI LA MISURINA WINTER RUN<\/h3>\n<\/blockquote>\n<p>La sesta edizione della Misurina Winter Run si terr\u00e0 domenica 2 marzo, organizzata da Cadini Promotion nell\u2019ambito di Tre Cime Experience. L\u2019evento, abbinato a Lowa, si svolger\u00e0 tra i paesaggi innevati delle Dolomiti, patrimonio UNESCO. La gara principale \u00e8 una prova agonistica di 17 km con 800 m di dislivello, passando ai piedi delle Tre Cime e nei pressi del rifugio Auronzo (2.333 m). Le iscrizioni sono gi\u00e0 esaurite, e tra i partecipanti ci saranno atleti di alto livello come Luca Cagnati e Gabriele Del Longo. Oltre alla competizione, si terr\u00e0 anche la Family Run, un percorso non competitivo di 4 km e 160 m di dislivello, aperto a tutti con iscrizione gratuita per i bambini sotto i 10 anni. Il programma prevede l\u2019apertura dell\u2019ufficio gare alle 7:00, la partenza della gara alle 9:30, seguita dalla Family Run, e nel pomeriggio premiazioni, stand enogastronomico e musica con DJ.<\/p>\n<p>&nbsp;<\/p>\n<p>&nbsp;<\/p>\n","protected":false},"excerpt":{"rendered":"<p>******** &nbsp; LA\u00a0 APP PER IOS-IPHONE di Nicola Vettorello https:\/\/apps.apple.com\/it\/app\/radio-pi%C3%B9-emittente-agordina\/id1515939845 LA\u00a0 APP RADIO\u00a0 PER ANDROID di Nicola Vettorello https:\/\/play.google.com\/store\/apps\/details?id=net.radiopiu.iniko\u00a0\u00a0\u00a0\u00a0 &nbsp; &nbsp; DAIIIIIIIIIIIIIIIIIII LUCIAAAAAAAAAAAAAA DAGLI DENTRO!!! Lucia Dalmasso Fan Club La nostra Lucia partir\u00e0\u00a0 alle 9.00 nelle qualifiche a Krynica nella sesta batteria sul percorso rosso con il pettorale #27 Forza @luciadalmasso28 #FanLuciaDalmasso #LuciaDalmassoFanClub &nbsp; &nbsp;&hellip;<\/p>\n","protected":false},"author":4,"featured_media":437204,"comment_status":"closed","ping_status":"closed","sticky":false,"template":"","format":"standard","meta":{"_monsterinsights_skip_tracking":false,"_monsterinsights_sitenote_active":false,"_monsterinsights_sitenote_note":"","_monsterinsights_sitenote_category":0,"footnotes":""},"categories":[51,86,49],"tags":[],"class_list":["post-437055","post","type-post","status-publish","format-standard","has-post-thumbnail","hentry","category-evidenza-top","category-gr","category-news-18","category-51","category-86","category-49","description-off"],"img_url":"https:\/\/www.radiopiu.net\/wordpress\/wp-content\/uploads\/2025\/02\/2.jpg","_links":{"self":[{"href":"https:\/\/www.radiopiu.net\/wordpress\/wp-json\/wp\/v2\/posts\/437055","targetHints":{"allow":["GET"]}}],"collection":[{"href":"https:\/\/www.radiopiu.net\/wordpress\/wp-json\/wp\/v2\/posts"}],"about":[{"href":"https:\/\/www.radiopiu.net\/wordpress\/wp-json\/wp\/v2\/types\/post"}],"author":[{"embeddable":true,"href":"https:\/\/www.radiopiu.net\/wordpress\/wp-json\/wp\/v2\/users\/4"}],"replies":[{"embeddable":true,"href":"https:\/\/www.radiopiu.net\/wordpress\/wp-json\/wp\/v2\/comments?post=437055"}],"version-history":[{"count":39,"href":"https:\/\/www.radiopiu.net\/wordpress\/wp-json\/wp\/v2\/posts\/437055\/revisions"}],"predecessor-version":[{"id":437281,"href":"https:\/\/www.radiopiu.net\/wordpress\/wp-json\/wp\/v2\/posts\/437055\/revisions\/437281"}],"wp:featuredmedia":[{"embeddable":true,"href":"https:\/\/www.radiopiu.net\/wordpress\/wp-json\/wp\/v2\/media\/437204"}],"wp:attachment":[{"href":"https:\/\/www.radiopiu.net\/wordpress\/wp-json\/wp\/v2\/media?parent=437055"}],"wp:term":[{"taxonomy":"category","embeddable":true,"href":"https:\/\/www.radiopiu.net\/wordpress\/wp-json\/wp\/v2\/categories?post=437055"},{"taxonomy":"post_tag","embeddable":true,"href":"https:\/\/www.radiopiu.net\/wordpress\/wp-json\/wp\/v2\/tags?post=437055"}],"curies":[{"name":"wp","href":"https:\/\/api.w.org\/{rel}","templated":true}]}}