{"id":437069,"date":"2025-02-28T04:56:49","date_gmt":"2025-02-28T03:56:49","guid":{"rendered":"https:\/\/www.radiopiu.net\/wordpress\/?p=437069"},"modified":"2025-02-28T04:56:49","modified_gmt":"2025-02-28T03:56:49","slug":"vita-scolastica-da-sportivi","status":"publish","type":"post","link":"https:\/\/www.radiopiu.net\/wordpress\/vita-scolastica-da-sportivi\/","title":{"rendered":"VITA SCOLASTICA DA SPORTIVI"},"content":{"rendered":"<p>**<\/p>\n<p><strong>BORGO VALBELLUNA<\/strong><\/p>\n<p><strong>di Cristiana Dal To\u00e8<\/strong><\/p>\n<p align=\"JUSTIFY\"><span style=\"font-size: medium;\"><img decoding=\"async\" class=\"alignleft\" src=\"https:\/\/www.radiopiu.net\/wordpress\/wp-content\/uploads\/2025\/02\/studenti-alla-campestre-1.jpg\" \/>Continua l\u2019interessante connubio tra sport e scuola per alunni della Scuola Secondaria di Mel. Dopo aver organizzato il 18 ottobre 2024 presso la localit\u00e0 La Lora la fase promozionale d&#8217;Istituto di Corsa Campestre, (con la collaborazione dell&#8217;ASD La Piave 2000) ed alla quale hanno partecipato circa 250 tra alunni e alunne delle classi della Scuola Secondaria di Primo Grado e delle classi quinte della Scuola Primaria, si \u00e8 tenuta oggi 27 febbraio 2025 la fase provinciale dei campionati studenteschi di campestre a Belluno.<\/span><\/p>\n<p align=\"JUSTIFY\"><span style=\"font-size: medium;\">Sotto un bellissimo sole, quasi insperato, 16 tra ragazzi e ragazze, divisi nelle categorie Ragazze\/i e Cadette\/i, hanno partecipato con entusiasmo alle gare previste. Gli studenti di Mel hanno ottenuto un sesto posto nella categoria Ragazze (1\u00b0 media) ed un nono posto nella categoria omologa maschile. Nella categoria Cadette\/i, invece, si sono avuti un ottavo posto femminile e un dodicesimo posto maschile. Anche se nessuno dei nostri studenti si \u00e8 qualificato alla fase regionale, che si terr\u00e0 in marzo, \u00e8 pur vero che l\u2019impegno ed il sorriso ben visibili nei giovani atleti fanno intendere quanto queste occasioni costituiscano un momento edificante di formazione della persona. <\/span><\/p>\n<p align=\"JUSTIFY\"><span style=\"font-size: medium;\">Soddisfacente il percorso di sport inclusivo inserito in questa giornata bellunese: 4 ragazzi, infatti, hanno partecipato alla stessa manifestazione sportiva, misurandosi a coppie nella staffetta integrata. Grazie al loro affiatamento, una coppia di studenti della seconda media di Mel si \u00e8 piazzata al secondo posto. <\/span><\/p>\n<p align=\"JUSTIFY\"><span style=\"font-size: medium;\">Quando i nostri giovani atleti, esprimendosi al meglio, riescono a farsi notare e a proseguire nelle fasi successive \u00e8 sempre una gran festa in classe. \u00c8 il caso dei ragazzi di prima media che, assieme agli altri compagni (in tutto una trentina di ragazze e ragazzi), hanno conquistato il secondo posto al Torneo Interscolastico <\/span><span style=\"font-size: medium;\"><i>School Cup<\/i><\/span><span style=\"font-size: medium;\"> di basket 3&#215;3 (su met\u00e0 campo con un unico canestro) presso lo Spes Arena di Belluno, accendendo cos\u00ec alla successiva fase del torneo che si terr\u00e0 a Treviso il 23 marzo prossimo. A questo appuntamento nella Marca non mancheranno anche le ragazze di classe terza, pure brillantemente qualificate. <\/span><\/p>\n<p align=\"JUSTIFY\"><span style=\"font-size: medium;\">Al di l\u00e0 piazzamenti, preme tuttavia sottolineare la grande attenzione dedicata dall\u2019I.C. nei confronti dello sport, che non viene intrapreso con spirito di competizione, dove solo arrivando entro i primi si \u00e8 qualcuno. Certamente si augura un promettente futuro a quegli studenti, presenti nell\u2019Istituto Comprensivo, che uniscono al dovere scolastico anche allenamenti e gare sportive. Ma le varie iniziative intercettate e promosse dagli insegnanti sono interpretate dagli alunni come un momento di sano divertimento; prevalgono lo spirito di collaborazione ed il <\/span><span style=\"font-size: medium;\"><i>fair play<\/i><\/span><span style=\"font-size: medium;\">. Il fine di ogni attivit\u00e0 mira perci\u00f2 a costruire una retta cultura dello sport, che unisce e permette la partecipazione attiva di tutti i giocatori.<\/span><\/p>\n<p align=\"JUSTIFY\"><span style=\"font-size: medium;\">Se poi la carica e l\u2019entusiasmo di squadra portano ad ottimi piazzamenti e medaglie, ben venga. Lo sport \u00e8 vita; insegna e ci invita a vivere bene assieme. Non sar\u00e0, forse, che pi\u00f9 ti diverti praticando uno sport, pi\u00f9 ti realizzi come persona ed atleta? <\/span><\/p>\n","protected":false},"excerpt":{"rendered":"<p>** BORGO VALBELLUNA di Cristiana Dal To\u00e8 Continua l\u2019interessante connubio tra sport e scuola per alunni della Scuola Secondaria di Mel. Dopo aver organizzato il 18 ottobre 2024 presso la localit\u00e0 La Lora la fase promozionale d&#8217;Istituto di Corsa Campestre, (con la collaborazione dell&#8217;ASD La Piave 2000) ed alla quale hanno partecipato circa 250 tra&hellip;<\/p>\n","protected":false},"author":4,"featured_media":437070,"comment_status":"closed","ping_status":"closed","sticky":false,"template":"","format":"standard","meta":{"_monsterinsights_skip_tracking":false,"_monsterinsights_sitenote_active":false,"_monsterinsights_sitenote_note":"","_monsterinsights_sitenote_category":0,"footnotes":""},"categories":[49],"tags":[],"class_list":["post-437069","post","type-post","status-publish","format-standard","has-post-thumbnail","hentry","category-news-18","category-49","description-off"],"img_url":"https:\/\/www.radiopiu.net\/wordpress\/wp-content\/uploads\/2025\/02\/studenti-alla-campestre-1.jpg","_links":{"self":[{"href":"https:\/\/www.radiopiu.net\/wordpress\/wp-json\/wp\/v2\/posts\/437069","targetHints":{"allow":["GET"]}}],"collection":[{"href":"https:\/\/www.radiopiu.net\/wordpress\/wp-json\/wp\/v2\/posts"}],"about":[{"href":"https:\/\/www.radiopiu.net\/wordpress\/wp-json\/wp\/v2\/types\/post"}],"author":[{"embeddable":true,"href":"https:\/\/www.radiopiu.net\/wordpress\/wp-json\/wp\/v2\/users\/4"}],"replies":[{"embeddable":true,"href":"https:\/\/www.radiopiu.net\/wordpress\/wp-json\/wp\/v2\/comments?post=437069"}],"version-history":[{"count":1,"href":"https:\/\/www.radiopiu.net\/wordpress\/wp-json\/wp\/v2\/posts\/437069\/revisions"}],"predecessor-version":[{"id":437071,"href":"https:\/\/www.radiopiu.net\/wordpress\/wp-json\/wp\/v2\/posts\/437069\/revisions\/437071"}],"wp:featuredmedia":[{"embeddable":true,"href":"https:\/\/www.radiopiu.net\/wordpress\/wp-json\/wp\/v2\/media\/437070"}],"wp:attachment":[{"href":"https:\/\/www.radiopiu.net\/wordpress\/wp-json\/wp\/v2\/media?parent=437069"}],"wp:term":[{"taxonomy":"category","embeddable":true,"href":"https:\/\/www.radiopiu.net\/wordpress\/wp-json\/wp\/v2\/categories?post=437069"},{"taxonomy":"post_tag","embeddable":true,"href":"https:\/\/www.radiopiu.net\/wordpress\/wp-json\/wp\/v2\/tags?post=437069"}],"curies":[{"name":"wp","href":"https:\/\/api.w.org\/{rel}","templated":true}]}}