{"id":437078,"date":"2025-02-28T05:58:47","date_gmt":"2025-02-28T04:58:47","guid":{"rendered":"https:\/\/www.radiopiu.net\/wordpress\/?p=437078"},"modified":"2025-02-28T06:07:38","modified_gmt":"2025-02-28T05:07:38","slug":"accusato-di-due-violenze-sessuali-chiesto-il-rinvio-a-giudizio","status":"publish","type":"post","link":"https:\/\/www.radiopiu.net\/wordpress\/accusato-di-due-violenze-sessuali-chiesto-il-rinvio-a-giudizio\/","title":{"rendered":"Accusato di due violenze sessuali: chiesto il rinvio a giudizio"},"content":{"rendered":"<p>&nbsp;<\/p>\n<p><strong><img loading=\"lazy\" decoding=\"async\" class=\"alignleft\" src=\"https:\/\/www.radiopiu.net\/wordpress\/wp-content\/uploads\/2022\/06\/TRIBUNALE-2.jpg\" width=\"334\" height=\"251\" \/>OGGI LA GIUDIZIARIA<\/strong><\/p>\n<p><strong>DAL CORRIERE DELLE ALPI<\/strong><\/p>\n<p><strong>SINTESI, GIGI SOSSO<\/strong><\/p>\n<p>&nbsp;<\/p>\n<p><strong>FELTRE<\/strong> Un cittadino maghrebino, detenuto a Baldenich, \u00e8 accusato di due violenze sessuali: una su una quattordicenne e un\u2019altra su una donna adulta. Il giudice ha rinviato l\u2019udienza per mancanza di traduzione in arabo. I genitori della minore si costituiranno parte civile. Nel pomeriggio si \u00e8 svolto l\u2019incidente probatorio per il secondo caso.<\/p>\n<p>&nbsp;<\/p>\n<p>&nbsp;<\/p>\n<div class=\"flex max-w-full flex-col flex-grow\">\n<div class=\"min-h-8 text-message relative flex w-full flex-col items-end gap-2 whitespace-normal break-words text-start [.text-message+&amp;]:mt-5\" dir=\"auto\" data-message-author-role=\"assistant\" data-message-id=\"c200eae8-fca5-49e6-b8ee-515825f7901b\" data-message-model-slug=\"gpt-4o\">\n<div class=\"flex w-full flex-col gap-1 empty:hidden first:pt-[3px]\">\n<div class=\"markdown prose w-full break-words dark:prose-invert dark\">\n<blockquote>\n<h3 data-start=\"0\" data-end=\"66\">Maltrattamenti in coppia a Feltre: attesa la decisione del giudice<\/h3>\n<\/blockquote>\n<\/div>\n<\/div>\n<\/div>\n<\/div>\n<p><strong>FELTRE<\/strong> Una coppia di Feltre coinvolta in un caso di maltrattamenti e lesioni. L\u2019uomo \u00e8 gi\u00e0 a processo con braccialetto elettronico, mentre per la donna \u00e8 stata chiesta l\u2019archiviazione, contro cui la controparte ha presentato opposizione. Il giudice deve decidere se archiviare, approfondire le indagini o procedere con l\u2019accusa.<\/p>\n<div class=\"mb-2 flex gap-3 empty:hidden -ml-2\">\n<div class=\"items-center justify-start rounded-xl p-1 flex\">\n<div class=\"flex items-center\">\n<div class=\"flex max-w-full flex-col flex-grow\">\n<div class=\"min-h-8 text-message relative flex w-full flex-col items-end gap-2 whitespace-normal break-words text-start [.text-message+&amp;]:mt-5\" dir=\"auto\" data-message-author-role=\"assistant\" data-message-id=\"41bd97e0-9b1d-49da-b4a8-54405819c9d0\" data-message-model-slug=\"gpt-4o\">\n<div class=\"flex w-full flex-col gap-1 empty:hidden first:pt-[3px]\">\n<div class=\"markdown prose w-full break-words dark:prose-invert dark\">\n<blockquote>\n<h3 data-start=\"0\" data-end=\"66\">Schernisce carabinieri e sanitari, poi sparisce: L.W. irreperibile<\/h3>\n<\/blockquote>\n<\/div>\n<\/div>\n<\/div>\n<\/div>\n<\/div>\n<\/div>\n<\/div>\n<div class=\"flex max-w-full flex-col flex-grow\">\n<div class=\"min-h-8 text-message relative flex w-full flex-col items-end gap-2 whitespace-normal break-words text-start [.text-message+&amp;]:mt-5\" dir=\"auto\" data-message-author-role=\"assistant\" data-message-id=\"b7a37c6d-b953-426b-b38f-6e90674277d9\" data-message-model-slug=\"gpt-4o\">\n<div class=\"flex w-full flex-col gap-1 empty:hidden first:pt-[3px]\">\n<div class=\"markdown prose w-full break-words dark:prose-invert dark\">\n<p data-start=\"0\" data-end=\"350\" data-is-last-node=\"\" data-is-only-node=\"\"><strong>AGORDO\u00a0<\/strong> L.W. \u00e8 accusato di interruzione di pubblico servizio, diffamazione aggravata e atti persecutori contro un carabiniere di Agordo. Ha schernito forze dell\u2019ordine e sanitari con palloncini e schiamazzi, postando tutto sui social. Irreperibile, il giudice ha dovuto restituire gli atti al PM per nuove ricerche. La vittima vuole costituirsi parte civile. Il problema \u00e8 che L.W. non si trova pi\u00f9: \u00e8 irreperibile e il giudice per le udienze preliminari<\/p>\n<\/div>\n<\/div>\n<\/div>\n<\/div>\n<div class=\"mb-2 flex gap-3 empty:hidden -ml-2\">\n<div class=\"items-center justify-start rounded-xl p-1 z-10 -mt-1 bg-token-main-surface-primary screen-arch:mt-1 md:absolute flex\">\n<blockquote>\n<h3 class=\"flex items-center pb-0\">Fumogeni durante la partita: daspo in arrivo dal questore<\/h3>\n<\/blockquote>\n<div class=\"flex items-center pb-0\"><strong>FELTRE<\/strong>\u00a0 Daspo inarrivo per qualche tifoso del Mestre Calcio.\u00a0 Domenicae, allo stadio Zugni Tauro il tifo organizzato arancionero ha acceso dei fumogeni e agli agenti della Digos di Belluno\u00a0 non poteva sfuggire. In corso le indagini per individuare i tifosi che non potranno assistere ad altre manifestazioni sportive.<\/div>\n<div><\/div>\n<div>\n<blockquote>\n<h3 data-start=\"0\" data-end=\"76\">Ponte nelle Alpi, viola il divieto di accesso ai bar: patteggia 4 mesi<\/h3>\n<\/blockquote>\n<p data-start=\"78\" data-end=\"327\" data-is-last-node=\"\" data-is-only-node=\"\"><strong>PONTE NELLE ALPI\u00a0<\/strong> sottoposto a divieto di accesso ai locali di Ponte nelle Alpi e Belluno, \u00e8 stato sorpreso in un bar di Polpet. Difeso dagli avvocati Gasperin e Azzalini, ha patteggiato quattro mesi di pena sospesa davanti al giudice Luca Berletti.<\/p>\n<div class=\"flex max-w-full flex-col flex-grow\">\n<div class=\"min-h-8 text-message relative flex w-full flex-col items-end gap-2 whitespace-normal break-words text-start [.text-message+&amp;]:mt-5\" dir=\"auto\" data-message-author-role=\"assistant\" data-message-id=\"2f4c3d9d-9fc9-408f-b6d3-70fb77d57473\" data-message-model-slug=\"gpt-4o-mini\">\n<div class=\"flex w-full flex-col gap-1 empty:hidden first:pt-[3px]\">\n<div class=\"markdown prose w-full break-words dark:prose-invert dark\">\n<blockquote>\n<p data-start=\"0\" data-end=\"70\" data-is-last-node=\"\" data-is-only-node=\"\">\n<p data-start=\"0\" data-end=\"70\" data-is-last-node=\"\" data-is-only-node=\"\"><strong data-start=\"0\" data-end=\"70\" data-is-last-node=\"\" data-is-only-node=\"\">Risarcimento Danni: Udienza a Porte Chiuse al Tribunale di Belluno<\/strong><\/p>\n<\/blockquote>\n<\/div>\n<\/div>\n<\/div>\n<\/div>\n<\/div>\n<p data-start=\"78\" data-end=\"327\" data-is-last-node=\"\" data-is-only-node=\"\"><strong>SAN VITO DI CADORE<\/strong> Ieri, al Tribunale di Belluno, si \u00e8 tenuta un&#8217;udienza a porte chiuse per la richiesta di risarcimento danni del Comune di San Vito di Cadore, che chiede 144.526,44 euro a venticinque membri del Comitato No Variante Anas. La decisione del giudice Margiotta sar\u00e0 comunicata entro il 29 marzo.<\/p>\n<p data-start=\"78\" data-end=\"327\" data-is-last-node=\"\" data-is-only-node=\"\">\n<p>__<\/p>\n<div>\n<div class=\"mb-2 flex gap-3 empty:hidden -ml-2\">\n<div class=\"items-center justify-start rounded-xl p-1 flex\">\n<div class=\"flex items-center\"><\/div>\n<\/div>\n<\/div>\n<\/div>\n<\/div>\n<\/div>\n","protected":false},"excerpt":{"rendered":"<p>&nbsp; OGGI LA GIUDIZIARIA DAL CORRIERE DELLE ALPI SINTESI, GIGI SOSSO &nbsp; FELTRE Un cittadino maghrebino, detenuto a Baldenich, \u00e8 accusato di due violenze sessuali: una su una quattordicenne e un\u2019altra su una donna adulta. Il giudice ha rinviato l\u2019udienza per mancanza di traduzione in arabo. I genitori della minore si costituiranno parte civile. Nel&hellip;<\/p>\n","protected":false},"author":4,"featured_media":282908,"comment_status":"closed","ping_status":"closed","sticky":false,"template":"","format":"standard","meta":{"_monsterinsights_skip_tracking":false,"_monsterinsights_sitenote_active":false,"_monsterinsights_sitenote_note":"","_monsterinsights_sitenote_category":0,"footnotes":""},"categories":[51,49],"tags":[],"class_list":["post-437078","post","type-post","status-publish","format-standard","has-post-thumbnail","hentry","category-evidenza-top","category-news-18","category-51","category-49","description-off"],"img_url":"https:\/\/www.radiopiu.net\/wordpress\/wp-content\/uploads\/2022\/06\/TRIBUNALE-2.jpg","_links":{"self":[{"href":"https:\/\/www.radiopiu.net\/wordpress\/wp-json\/wp\/v2\/posts\/437078","targetHints":{"allow":["GET"]}}],"collection":[{"href":"https:\/\/www.radiopiu.net\/wordpress\/wp-json\/wp\/v2\/posts"}],"about":[{"href":"https:\/\/www.radiopiu.net\/wordpress\/wp-json\/wp\/v2\/types\/post"}],"author":[{"embeddable":true,"href":"https:\/\/www.radiopiu.net\/wordpress\/wp-json\/wp\/v2\/users\/4"}],"replies":[{"embeddable":true,"href":"https:\/\/www.radiopiu.net\/wordpress\/wp-json\/wp\/v2\/comments?post=437078"}],"version-history":[{"count":1,"href":"https:\/\/www.radiopiu.net\/wordpress\/wp-json\/wp\/v2\/posts\/437078\/revisions"}],"predecessor-version":[{"id":437084,"href":"https:\/\/www.radiopiu.net\/wordpress\/wp-json\/wp\/v2\/posts\/437078\/revisions\/437084"}],"wp:featuredmedia":[{"embeddable":true,"href":"https:\/\/www.radiopiu.net\/wordpress\/wp-json\/wp\/v2\/media\/282908"}],"wp:attachment":[{"href":"https:\/\/www.radiopiu.net\/wordpress\/wp-json\/wp\/v2\/media?parent=437078"}],"wp:term":[{"taxonomy":"category","embeddable":true,"href":"https:\/\/www.radiopiu.net\/wordpress\/wp-json\/wp\/v2\/categories?post=437078"},{"taxonomy":"post_tag","embeddable":true,"href":"https:\/\/www.radiopiu.net\/wordpress\/wp-json\/wp\/v2\/tags?post=437078"}],"curies":[{"name":"wp","href":"https:\/\/api.w.org\/{rel}","templated":true}]}}