{"id":437106,"date":"2025-03-01T05:20:20","date_gmt":"2025-03-01T04:20:20","guid":{"rendered":"https:\/\/www.radiopiu.net\/wordpress\/?p=437106"},"modified":"2025-03-01T05:40:24","modified_gmt":"2025-03-01T04:40:24","slug":"iniziano-i-playoff-per-lalleghe-gara-1-dei-quarti-di-finale-a-varese","status":"publish","type":"post","link":"https:\/\/www.radiopiu.net\/wordpress\/iniziano-i-playoff-per-lalleghe-gara-1-dei-quarti-di-finale-a-varese\/","title":{"rendered":"INIZIANO I PLAYOFF PER L&#8217;ALLEGHE. GARA 1 DEI QUARTI DI FINALE A VARESE"},"content":{"rendered":"<p>******<\/p>\n<p>&nbsp;<\/p>\n<p><strong><a class=\"dt-pswp-item\" href=\"https:\/\/www.radiopiu.net\/wordpress\/wp-content\/uploads\/2023\/11\/alleghe-logo-2023.jpg\" data-dt-img-description=\"\" data-large_image_width=\"1024\" data-large_image_height=\"576\"><img loading=\"lazy\" decoding=\"async\" class=\" wp-image-359944 alignleft\" src=\"https:\/\/www.radiopiu.net\/wordpress\/wp-content\/uploads\/2023\/11\/alleghe-logo-2023-300x169.jpg\" alt=\"\" width=\"234\" height=\"132\" srcset=\"https:\/\/www.radiopiu.net\/wordpress\/wp-content\/uploads\/2023\/11\/alleghe-logo-2023-300x169.jpg 300w, https:\/\/www.radiopiu.net\/wordpress\/wp-content\/uploads\/2023\/11\/alleghe-logo-2023-768x432.jpg 768w, https:\/\/www.radiopiu.net\/wordpress\/wp-content\/uploads\/2023\/11\/alleghe-logo-2023.jpg 1024w\" sizes=\"auto, (max-width: 234px) 100vw, 234px\" \/><\/a>DI ROBERTO MIANA, PORTAVOCE DELL&#8217;ALLEGHE HOCKEY<\/strong><\/p>\n<p>Gara 1 playoff quarti di finale &#8211; Sabato 1\u00b0 marzo alle 18:30 l\u2019Alleghe gioca a Varese contro i Mastini. L\u2019ultima giornata del Master Round ha sancito la vittoria casalinga 7-2 dell\u2019Alleghe nel derby bellunese contro il Feltre, lasciando per\u00f2 pesanti strascichi polemici dopo la rinuncia da parte dei Picchi di schierare le prime due linee nella seconda e terza frazione di gioco. Adesso la testa dei Biancorossi \u00e8 proiettata alla gara contro il Varese, che mette di fronte rispettivamente la quarta e la quinta classificata del Master Round. Il match, valevole per i quarti di finale, si preannuncia all\u2019insegna dell\u2019equilibrio e sar\u00e0 al meglio delle cinque gare, ovvero passer\u00e0 il turno la prima squadra che arriver\u00e0 a tre vittorie. Vincente della serie che andr\u00e0 poi a sfidare in semifinale una tra Caldaro o Valpellice. L\u2019Alleghe si presenter\u00e0 all\u2019Acinque Ice Arena di Varese con un nutrito gruppo di tifosi al seguito. Come per tutta la stagione non faranno mancare il loro importante supporto i Warriors, i ragazzi del tifo biancorosso, che hanno organizzato una corriera per la trasferta in terra lombarda ed ai quali si uniranno i tifosi oriundi in arrivo dal Piemonte e dal vicino capoluogo lombardo. Coach Surenkin potr\u00e0 finalmente contare sul roster al completo per la sfida ai Mastini, che si preannuncia dura ed equilibrata. Il Varese \u00e8 reduce dalla vittoria 4-3 ottenuta all\u2019overtime contro il Caldaro capolista. Successo che d\u00e0 morale alla squadra di coach Glavic, reduce da tre pareggi consecutivi nei tempi regolamentari contro Appiano, Aosta e Caldaro. Clima che sembra essersi rasserenato in casa giallonera, dopo un periodo negativo culminato con la pesante eliminazione subita in semifinale di Coppia Italia ad inizio febbraio contro il Caldaro. Giocatori e tifosi dei Mastini sono desiderosi di dare una svolta alla stagione, in un palaghiaccio di Varese che si preannuncia bollente e che si sta avvicinando al sold out.<br \/>\nTrentadue i precedenti giocati in IHL tra Alleghe e Varese, con 17 affermazioni agordine e 15 varesine. Nei quattro incroci stagionali perfetto equilibrio con due vittorie per parte.<\/p>\n<p><strong>HCMV VARESE HOCKEY &#8211; ALLEGHE HOCKEY <\/strong>Sabato 1\u00b0 marzo, ore 18:30 &#8211; Acinque Ice Arena di Varese. Arbitri: Jeremy Bassani e Willy Vinicio Volcan con giudici di linea Giorgio Brenna e Riccardo Pignatti. Collegamenti in DIRETTA RADIOFONICA su Radio Pi\u00f9 (www.radiopiu.net) con \u201chockey al punto giusto\u201d, in studio Marco Gaz e da Varese interventi di Roberto Miana<\/p>\n<p><span style=\"color: #ff0000;\"><strong>Programma quarti di finale Playoff Varese vs Alleghe:<\/strong><\/span><br \/>\nGARA 1: sabato 1 marzo, ore 18:30 Varese-Alleghe (Acinque Ice Arena di Varese)<br \/>\nGARA 2: marted\u00ec 4 marzo, ore 20:30 Alleghe-Varese (Alvise De Toni di Alleghe)<br \/>\nGARA 3: gioved\u00ec 6 marzo, ore 20:30 Varese-Alleghe (Acinque Ice Arena di Varese)<br \/>\nGARA 4 (eventuale): sabato 8 marzo, ore 20:30 Alleghe-Varese (Alvise De Toni di Alleghe)<br \/>\nGARA 5 (eventuale): marted\u00ec 11 marzo, ore 20:30 Varese-Alleghe (Acinque Ice Arena di Varese)<\/p>\n<p>&nbsp;<\/p>\n<p>&nbsp;<\/p>\n<p>&nbsp;<\/p>\n<p>***********<\/p>\n","protected":false},"excerpt":{"rendered":"<p>****** &nbsp; DI ROBERTO MIANA, PORTAVOCE DELL&#8217;ALLEGHE HOCKEY Gara 1 playoff quarti di finale &#8211; Sabato 1\u00b0 marzo alle 18:30 l\u2019Alleghe gioca a Varese contro i Mastini. L\u2019ultima giornata del Master Round ha sancito la vittoria casalinga 7-2 dell\u2019Alleghe nel derby bellunese contro il Feltre, lasciando per\u00f2 pesanti strascichi polemici dopo la rinuncia da parte&hellip;<\/p>\n","protected":false},"author":4,"featured_media":359944,"comment_status":"closed","ping_status":"closed","sticky":false,"template":"","format":"standard","meta":{"_monsterinsights_skip_tracking":false,"_monsterinsights_sitenote_active":false,"_monsterinsights_sitenote_note":"","_monsterinsights_sitenote_category":0,"footnotes":""},"categories":[104,49],"tags":[],"class_list":["post-437106","post","type-post","status-publish","format-standard","has-post-thumbnail","hentry","category-evidenza_3","category-news-18","category-104","category-49","description-off"],"img_url":"https:\/\/www.radiopiu.net\/wordpress\/wp-content\/uploads\/2023\/11\/alleghe-logo-2023.jpg","_links":{"self":[{"href":"https:\/\/www.radiopiu.net\/wordpress\/wp-json\/wp\/v2\/posts\/437106","targetHints":{"allow":["GET"]}}],"collection":[{"href":"https:\/\/www.radiopiu.net\/wordpress\/wp-json\/wp\/v2\/posts"}],"about":[{"href":"https:\/\/www.radiopiu.net\/wordpress\/wp-json\/wp\/v2\/types\/post"}],"author":[{"embeddable":true,"href":"https:\/\/www.radiopiu.net\/wordpress\/wp-json\/wp\/v2\/users\/4"}],"replies":[{"embeddable":true,"href":"https:\/\/www.radiopiu.net\/wordpress\/wp-json\/wp\/v2\/comments?post=437106"}],"version-history":[{"count":1,"href":"https:\/\/www.radiopiu.net\/wordpress\/wp-json\/wp\/v2\/posts\/437106\/revisions"}],"predecessor-version":[{"id":437107,"href":"https:\/\/www.radiopiu.net\/wordpress\/wp-json\/wp\/v2\/posts\/437106\/revisions\/437107"}],"wp:featuredmedia":[{"embeddable":true,"href":"https:\/\/www.radiopiu.net\/wordpress\/wp-json\/wp\/v2\/media\/359944"}],"wp:attachment":[{"href":"https:\/\/www.radiopiu.net\/wordpress\/wp-json\/wp\/v2\/media?parent=437106"}],"wp:term":[{"taxonomy":"category","embeddable":true,"href":"https:\/\/www.radiopiu.net\/wordpress\/wp-json\/wp\/v2\/categories?post=437106"},{"taxonomy":"post_tag","embeddable":true,"href":"https:\/\/www.radiopiu.net\/wordpress\/wp-json\/wp\/v2\/tags?post=437106"}],"curies":[{"name":"wp","href":"https:\/\/api.w.org\/{rel}","templated":true}]}}