{"id":437112,"date":"2025-02-28T10:45:48","date_gmt":"2025-02-28T09:45:48","guid":{"rendered":"https:\/\/www.radiopiu.net\/wordpress\/?p=437112"},"modified":"2025-03-01T05:39:57","modified_gmt":"2025-03-01T04:39:57","slug":"domenica-la-dodicesima-edizione-della-zinghenesta","status":"publish","type":"post","link":"https:\/\/www.radiopiu.net\/wordpress\/domenica-la-dodicesima-edizione-della-zinghenesta\/","title":{"rendered":"DOMANI LA DODICESIMA EDIZIONE DELLA ZINGHENESTA"},"content":{"rendered":"<p>*******<\/p>\n<p>&nbsp;<\/p>\n<p><strong>CANALE D&#8217;AGORDO <\/strong>Si rinnova l\u2019appuntamento con la Zinghenesta, la tradizionale festa in maschera che il Comitato La Zinghenesta di Canale d\u2019Agordo ha rivitalizzato qualche tempo fa e che domenica 2 marzo riproporr\u00e0 per la dodicesima edizione. L\u2019iniziativa coinvolger\u00e0 tutta la Valle del Biois, per l\u2019intera giornata: la sfilata partir\u00e0 alle 9 della mattina da Falcade in direzione Caviola e intorno a mezzogiorno giunger\u00e0 a Canale d\u2019Agordo, nella piazzetta di Tancon, davanti alla Casa delle Regole. Qui ci sar\u00e0 uno dei momenti pi\u00f9 importanti della giornata: la rivelazione della Zinghenesta, cio\u00e8 della ragazza pi\u00f9 bella del paese. Dopo la pausa per il pranzo, la festa riprender\u00e0 alle 14.30 con la sfilata della Zinghenesta e del suo seguito &#8220;su par strada Vecia e du par strada Nova&#8221;: Piazzetta Tancon, Via Lotta, Via Sommavilla, Via Xaiz, Via XX Agosto, Piazza Papa Luciani. Qui, alle 15, prender\u00e0 il via il \u201cBallo della Zinghenesta\u201d. Alle 15.20 ci sar\u00e0 il processo al Carnevale. Alle 16 il concorso che premier\u00e0 la maschera pi\u00f9 bella. A Canale, dalle 9.30, ci sar\u00e0 anche \u201cArte in Piazza Papa Luciani\u201d, rassegna di scultura con gli artisti mascherai Tita Bressan, Dario Strag\u00e0 e Ennio De Bona. Dalle 12.30 alle 14.30, inoltre, possibilit\u00e0 di visita guidata alla Casa delle Regole. Da sottolineare che il Carnevala di Canale d\u2019Agordo fa parte dei \u201cCarnevai de le val. Le mascherate tradizionali delle Dolomiti Agordine\u201d, iniziativa nata dalla collaborazione tra le mascherate agordine di Canale d\u2019Agordo, Rivamonte Agordino, Rocca Pietore e Selva di Cadore.<\/p>\n\n\t\t\t<style type='text\/css'>\n\t\t\t\t#gallery-1 {\n\t\t\t\t\tmargin: auto;\n\t\t\t\t}\n\t\t\t\t#gallery-1 .gallery-item {\n\t\t\t\t\tfloat: left;\n\t\t\t\t\tmargin-top: 10px;\n\t\t\t\t\ttext-align: center;\n\t\t\t\t\twidth: 50%;\n\t\t\t\t}\n\t\t\t\t#gallery-1 img {\n\t\t\t\t\tborder: 2px solid #cfcfcf;\n\t\t\t\t}\n\t\t\t\t#gallery-1 .gallery-caption {\n\t\t\t\t\tmargin-left: 0;\n\t\t\t\t}\n\t\t\t\t\/* see gallery_shortcode() in wp-includes\/media.php *\/\n\t\t\t<\/style>\n\t\t<div id='gallery-1' class='dt-gallery-container gallery galleryid-437112 gallery-columns-2 gallery-size-medium'><dl class='gallery-item'>\n\t\t\t\t<dt class='gallery-icon landscape'>\n\t\t\t\t\t<a class=\"rollover rollover-zoom dt-pswp-item\" title=\"\u00a9EchidiAlessandroSogne_ZINGHENESTA 2024_sfilata_Canale\" data-dt-img-description=\"\" data-large_image_width=\"1500\" data-large_image_height=\"999\"href='https:\/\/www.radiopiu.net\/wordpress\/wp-content\/uploads\/2025\/02\/\u00a9EchidiAlessandroSogne_ZINGHENESTA-2024_sfilata_Canale.jpg'><img loading=\"lazy\" decoding=\"async\" width=\"300\" height=\"200\" src=\"https:\/\/www.radiopiu.net\/wordpress\/wp-content\/uploads\/2025\/02\/\u00a9EchidiAlessandroSogne_ZINGHENESTA-2024_sfilata_Canale-300x200.jpg\" class=\"attachment-medium size-medium\" alt=\"\" srcset=\"https:\/\/www.radiopiu.net\/wordpress\/wp-content\/uploads\/2025\/02\/\u00a9EchidiAlessandroSogne_ZINGHENESTA-2024_sfilata_Canale-300x200.jpg 300w, https:\/\/www.radiopiu.net\/wordpress\/wp-content\/uploads\/2025\/02\/\u00a9EchidiAlessandroSogne_ZINGHENESTA-2024_sfilata_Canale-1024x682.jpg 1024w, https:\/\/www.radiopiu.net\/wordpress\/wp-content\/uploads\/2025\/02\/\u00a9EchidiAlessandroSogne_ZINGHENESTA-2024_sfilata_Canale-768x511.jpg 768w, https:\/\/www.radiopiu.net\/wordpress\/wp-content\/uploads\/2025\/02\/\u00a9EchidiAlessandroSogne_ZINGHENESTA-2024_sfilata_Canale.jpg 1500w\" sizes=\"auto, (max-width: 300px) 100vw, 300px\" \/><\/a>\n\t\t\t\t<\/dt><\/dl><dl class='gallery-item'>\n\t\t\t\t<dt class='gallery-icon landscape'>\n\t\t\t\t\t<a class=\"rollover rollover-zoom dt-pswp-item\" title=\"\u00a9EchidiAlessandroSogne_ZINGHENESTA2024_piazzetta TANCON\" data-dt-img-description=\"\" data-large_image_width=\"1500\" data-large_image_height=\"999\"href='https:\/\/www.radiopiu.net\/wordpress\/wp-content\/uploads\/2025\/02\/\u00a9EchidiAlessandroSogne_ZINGHENESTA2024_piazzetta-TANCON.jpg'><img loading=\"lazy\" decoding=\"async\" width=\"300\" height=\"200\" src=\"https:\/\/www.radiopiu.net\/wordpress\/wp-content\/uploads\/2025\/02\/\u00a9EchidiAlessandroSogne_ZINGHENESTA2024_piazzetta-TANCON-300x200.jpg\" class=\"attachment-medium size-medium\" alt=\"\" srcset=\"https:\/\/www.radiopiu.net\/wordpress\/wp-content\/uploads\/2025\/02\/\u00a9EchidiAlessandroSogne_ZINGHENESTA2024_piazzetta-TANCON-300x200.jpg 300w, https:\/\/www.radiopiu.net\/wordpress\/wp-content\/uploads\/2025\/02\/\u00a9EchidiAlessandroSogne_ZINGHENESTA2024_piazzetta-TANCON-1024x682.jpg 1024w, https:\/\/www.radiopiu.net\/wordpress\/wp-content\/uploads\/2025\/02\/\u00a9EchidiAlessandroSogne_ZINGHENESTA2024_piazzetta-TANCON-768x511.jpg 768w, https:\/\/www.radiopiu.net\/wordpress\/wp-content\/uploads\/2025\/02\/\u00a9EchidiAlessandroSogne_ZINGHENESTA2024_piazzetta-TANCON.jpg 1500w\" sizes=\"auto, (max-width: 300px) 100vw, 300px\" \/><\/a>\n\t\t\t\t<\/dt><\/dl><br style=\"clear: both\" \/>\n\t\t\t<\/div>\n\n<p>&nbsp;<\/p>\n<p>&nbsp;<\/p>\n<p>*********<\/p>\n","protected":false},"excerpt":{"rendered":"<p>******* &nbsp; CANALE D&#8217;AGORDO Si rinnova l\u2019appuntamento con la Zinghenesta, la tradizionale festa in maschera che il Comitato La Zinghenesta di Canale d\u2019Agordo ha rivitalizzato qualche tempo fa e che domenica 2 marzo riproporr\u00e0 per la dodicesima edizione. L\u2019iniziativa coinvolger\u00e0 tutta la Valle del Biois, per l\u2019intera giornata: la sfilata partir\u00e0 alle 9 della mattina&hellip;<\/p>\n","protected":false},"author":4,"featured_media":437117,"comment_status":"closed","ping_status":"closed","sticky":false,"template":"","format":"standard","meta":{"_monsterinsights_skip_tracking":false,"_monsterinsights_sitenote_active":false,"_monsterinsights_sitenote_note":"","_monsterinsights_sitenote_category":0,"footnotes":""},"categories":[104,49],"tags":[],"class_list":["post-437112","post","type-post","status-publish","format-standard","has-post-thumbnail","hentry","category-evidenza_3","category-news-18","category-104","category-49","description-off"],"img_url":"https:\/\/www.radiopiu.net\/wordpress\/wp-content\/uploads\/2025\/02\/\u00a9EchidiAlessandroSogne_ZINGHENESTA-2024_sfilata_Canale.jpg","_links":{"self":[{"href":"https:\/\/www.radiopiu.net\/wordpress\/wp-json\/wp\/v2\/posts\/437112","targetHints":{"allow":["GET"]}}],"collection":[{"href":"https:\/\/www.radiopiu.net\/wordpress\/wp-json\/wp\/v2\/posts"}],"about":[{"href":"https:\/\/www.radiopiu.net\/wordpress\/wp-json\/wp\/v2\/types\/post"}],"author":[{"embeddable":true,"href":"https:\/\/www.radiopiu.net\/wordpress\/wp-json\/wp\/v2\/users\/4"}],"replies":[{"embeddable":true,"href":"https:\/\/www.radiopiu.net\/wordpress\/wp-json\/wp\/v2\/comments?post=437112"}],"version-history":[{"count":2,"href":"https:\/\/www.radiopiu.net\/wordpress\/wp-json\/wp\/v2\/posts\/437112\/revisions"}],"predecessor-version":[{"id":437262,"href":"https:\/\/www.radiopiu.net\/wordpress\/wp-json\/wp\/v2\/posts\/437112\/revisions\/437262"}],"wp:featuredmedia":[{"embeddable":true,"href":"https:\/\/www.radiopiu.net\/wordpress\/wp-json\/wp\/v2\/media\/437117"}],"wp:attachment":[{"href":"https:\/\/www.radiopiu.net\/wordpress\/wp-json\/wp\/v2\/media?parent=437112"}],"wp:term":[{"taxonomy":"category","embeddable":true,"href":"https:\/\/www.radiopiu.net\/wordpress\/wp-json\/wp\/v2\/categories?post=437112"},{"taxonomy":"post_tag","embeddable":true,"href":"https:\/\/www.radiopiu.net\/wordpress\/wp-json\/wp\/v2\/tags?post=437112"}],"curies":[{"name":"wp","href":"https:\/\/api.w.org\/{rel}","templated":true}]}}