{"id":437136,"date":"2025-03-01T05:22:09","date_gmt":"2025-03-01T04:22:09","guid":{"rendered":"https:\/\/www.radiopiu.net\/wordpress\/?p=437136"},"modified":"2025-03-01T05:39:39","modified_gmt":"2025-03-01T04:39:39","slug":"veneto-welfare-al-via-il-progetto-sii-previdente-proteggi-i-tuoi-sogni","status":"publish","type":"post","link":"https:\/\/www.radiopiu.net\/wordpress\/veneto-welfare-al-via-il-progetto-sii-previdente-proteggi-i-tuoi-sogni\/","title":{"rendered":"VENETO WELFARE: AL VIA IL PROGETTO \u201cSII PREVIDENTE, PROTEGGI I TUOI SOGNI\u201d"},"content":{"rendered":"<p>********<\/p>\n<p>&nbsp;<\/p>\n<p><strong><a class=\"dt-pswp-item\" href=\"https:\/\/www.radiopiu.net\/wordpress\/wp-content\/uploads\/2022\/03\/Logo_VenetoLavoro.png\" data-dt-img-description=\"\" data-large_image_width=\"1791\" data-large_image_height=\"482\"><img loading=\"lazy\" decoding=\"async\" class=\"size-medium wp-image-264807 alignleft\" src=\"https:\/\/www.radiopiu.net\/wordpress\/wp-content\/uploads\/2022\/03\/Logo_VenetoLavoro-300x81.png\" alt=\"\" width=\"300\" height=\"81\" srcset=\"https:\/\/www.radiopiu.net\/wordpress\/wp-content\/uploads\/2022\/03\/Logo_VenetoLavoro-300x81.png 300w, https:\/\/www.radiopiu.net\/wordpress\/wp-content\/uploads\/2022\/03\/Logo_VenetoLavoro-1024x276.png 1024w, https:\/\/www.radiopiu.net\/wordpress\/wp-content\/uploads\/2022\/03\/Logo_VenetoLavoro-768x207.png 768w, https:\/\/www.radiopiu.net\/wordpress\/wp-content\/uploads\/2022\/03\/Logo_VenetoLavoro-1536x413.png 1536w, https:\/\/www.radiopiu.net\/wordpress\/wp-content\/uploads\/2022\/03\/Logo_VenetoLavoro.png 1791w\" sizes=\"auto, (max-width: 300px) 100vw, 300px\" \/><\/a>VENEZIA <\/strong>Prende avvio il progetto \u201cSii previdente, proteggi i tuoi sogni\u201d, attraverso il quale Veneto Lavoro, tramite la propria Unit\u00e0 Organizzativa Veneto Welfare, porta l\u2019educazione previdenziale e finanziaria nelle scuole superiori della regione. L\u2019iniziativa, che mira a sensibilizzare le giovani generazioni rispetto al tema della previdenza e del risparmio a lungo termine, vedr\u00e0 impegnati i formatori del fondo pensione regionale Solidariet\u00e0 Veneto in oltre 60 plessi scolastici. Fra questi, molti Istituti di secondo grado pubblico e paritario, Scuole della formazione professionale accreditate dalla Regione del Veneto e ITS &#8211; Istituti Tecnici Superiori, per un totale di circa 1.500 studenti coinvolti, con una adesione massiccia soprattutto nelle province di Vicenza, Padova e Venezia. \u201c\u00c8 assolutamente fondamentale far s\u00ec che i nostri ragazzi e le nostre ragazze, gi\u00e0 durante il percorso scolastico, costruiscano le conoscenze di base per poter affrontare al meglio il proprio futuro. Si tratta di temi che oggi nel mondo della scuola devono essere sempre pi\u00f9 sviluppati e affrontati con la giusta consapevolezza. Per questo cogliamo con grande favore l\u2019iniziativa di Veneto Welfare. Sono numerose le classi coinvolte nel territorio regionale\u201d. Con queste parole Valeria Mantovan, Assessore regionale all\u2019Istruzione, Formazione, Lavoro e Pari opportunit\u00e0, ha commentato con soddisfazione l\u2019avvio del progetto e il successo di partecipazione registrato in questa prima edizione. \u201cL\u2019alfabetizzazione finanziaria pu\u00f2 essere una valida risposta a un mondo e a una societ\u00e0 che cambiano \u2013 il commento di Tiziano Barone, Direttore di Veneto Lavoro \u2013 In questo senso, Veneto Welfare desidera dare il proprio contributo per garantire una maggiore serenit\u00e0 economica ai cittadini veneti, partendo proprio dai pi\u00f9 giovani e da iniziative di alfabetizzazione sulla previdenza complementare che rispondano pienamente agli intenti informativi e di sensibilizzazione della Legge regionale n. 15\/2017. Secondo il rapporto Edufin Index dell\u2019Osservatorio sulla consapevolezza e sui comportamenti finanziari e assicurativi degli italiani, nel 2024 il livello di alfabetizzazione degli italiani su queste tematiche rimane al di sotto della sufficienza ed \u00e8 su questo aspetto che dobbiamo migliorare. Proprio per questo motivo abbiamo in previsione di realizzare nel corso dell\u2019anno una pi\u00f9 ampia campagna informativa che attraverser\u00e0 tutto il territorio veneto\u201d. \u201cIl fondo territoriale festeggia i 35 anni di attivit\u00e0 rinnovando il suo orientamento al \u2018futuro\u2019 \u2013 dichiara Paolo Stefan, Direttore di Solidariet\u00e0 Veneto \u2013 Quale soggetto accreditato dalla Regione del Veneto, Solidariet\u00e0 Veneto ha colto con entusiasmo l\u2019iniziativa di Veneto Welfare, che ci pare davvero attuale: la consapevolezza circa gli effetti del cosiddetto \u2018inverno demografico\u2019 sui sistemi pensionistici pubblici sta infatti facendo riflettere anche le pi\u00f9 giovani generazioni, quelle su cui maggiormente ricadr\u00e0 il cambiamento epocale in corso. Lo comprendiamo osservando la crescita delle adesioni al Fondo da parte di giovani e giovanissimi: negli ultimi cinque anni oltre 17.000 under 35 hanno scelto la previdenza complementare, di cui oltre 5.000 sono di giovanissima et\u00e0 e \u2018fiscalmente a carico\u2019. Un quadro che distingue positivamente la nostra regione dalla media nazionale. I giovani del Veneto, a quanto pare, stante la criticit\u00e0 della prospettiva pensionistica, reagiscono con pragmaticit\u00e0 e, di fronte al problema, si informano e trovano la soluzione. La chiave, quindi, sta proprio nell\u2019informazione\u201d. Il progetto \u201cSii previdente, proteggi i tuoi sogni\u201d \u00e8 una delle iniziative che si inseriscono nel piano di attivit\u00e0 di Veneto Welfare per una sensibilizzazione della cittadinanza veneta sul tema della previdenza complementare. Per maggiori informazioni sull\u2019iniziativa \u00e8 possibile consultare la pagina dedicata del sito di Veneto Welfare, <a href=\"http:\/\/www.venetowelfare.com\/progetto-sii-previdente-proteggi-i-tuoi-sogni\">www.venetowelfare.com\/progetto-sii-previdente-proteggi-i-tuoi-sogni<\/a>.<\/p>\n<p>&nbsp;<\/p>\n<p>&nbsp;<\/p>\n<p>&nbsp;<\/p>\n<p>*********<\/p>\n","protected":false},"excerpt":{"rendered":"<p>******** &nbsp; VENEZIA Prende avvio il progetto \u201cSii previdente, proteggi i tuoi sogni\u201d, attraverso il quale Veneto Lavoro, tramite la propria Unit\u00e0 Organizzativa Veneto Welfare, porta l\u2019educazione previdenziale e finanziaria nelle scuole superiori della regione. L\u2019iniziativa, che mira a sensibilizzare le giovani generazioni rispetto al tema della previdenza e del risparmio a lungo termine, vedr\u00e0&hellip;<\/p>\n","protected":false},"author":4,"featured_media":437138,"comment_status":"closed","ping_status":"closed","sticky":false,"template":"","format":"standard","meta":{"_monsterinsights_skip_tracking":false,"_monsterinsights_sitenote_active":false,"_monsterinsights_sitenote_note":"","_monsterinsights_sitenote_category":0,"footnotes":""},"categories":[51,49],"tags":[],"class_list":["post-437136","post","type-post","status-publish","format-standard","has-post-thumbnail","hentry","category-evidenza-top","category-news-18","category-51","category-49","description-off"],"img_url":"https:\/\/www.radiopiu.net\/wordpress\/wp-content\/uploads\/2025\/02\/veneto-lavoro-concorso-2022.png","_links":{"self":[{"href":"https:\/\/www.radiopiu.net\/wordpress\/wp-json\/wp\/v2\/posts\/437136","targetHints":{"allow":["GET"]}}],"collection":[{"href":"https:\/\/www.radiopiu.net\/wordpress\/wp-json\/wp\/v2\/posts"}],"about":[{"href":"https:\/\/www.radiopiu.net\/wordpress\/wp-json\/wp\/v2\/types\/post"}],"author":[{"embeddable":true,"href":"https:\/\/www.radiopiu.net\/wordpress\/wp-json\/wp\/v2\/users\/4"}],"replies":[{"embeddable":true,"href":"https:\/\/www.radiopiu.net\/wordpress\/wp-json\/wp\/v2\/comments?post=437136"}],"version-history":[{"count":1,"href":"https:\/\/www.radiopiu.net\/wordpress\/wp-json\/wp\/v2\/posts\/437136\/revisions"}],"predecessor-version":[{"id":437139,"href":"https:\/\/www.radiopiu.net\/wordpress\/wp-json\/wp\/v2\/posts\/437136\/revisions\/437139"}],"wp:featuredmedia":[{"embeddable":true,"href":"https:\/\/www.radiopiu.net\/wordpress\/wp-json\/wp\/v2\/media\/437138"}],"wp:attachment":[{"href":"https:\/\/www.radiopiu.net\/wordpress\/wp-json\/wp\/v2\/media?parent=437136"}],"wp:term":[{"taxonomy":"category","embeddable":true,"href":"https:\/\/www.radiopiu.net\/wordpress\/wp-json\/wp\/v2\/categories?post=437136"},{"taxonomy":"post_tag","embeddable":true,"href":"https:\/\/www.radiopiu.net\/wordpress\/wp-json\/wp\/v2\/tags?post=437136"}],"curies":[{"name":"wp","href":"https:\/\/api.w.org\/{rel}","templated":true}]}}