{"id":437143,"date":"2025-03-01T05:24:02","date_gmt":"2025-03-01T04:24:02","guid":{"rendered":"https:\/\/www.radiopiu.net\/wordpress\/?p=437143"},"modified":"2025-03-01T05:39:11","modified_gmt":"2025-03-01T04:39:11","slug":"riforma-ambiti-territoriali-sociali-la-cisl-chiede-garanzie","status":"publish","type":"post","link":"https:\/\/www.radiopiu.net\/wordpress\/riforma-ambiti-territoriali-sociali-la-cisl-chiede-garanzie\/","title":{"rendered":"RIFORMA AMBITI TERRITORIALI SOCIALI: LA CISL CHIEDE GARANZIE"},"content":{"rendered":"<p>******<\/p>\n<p>&nbsp;<\/p>\n<p><strong><a class=\"dt-pswp-item\" href=\"https:\/\/www.radiopiu.net\/wordpress\/wp-content\/uploads\/2020\/04\/CISL-BELLUNO-OK.jpg\" data-dt-img-description=\"\" data-large_image_width=\"909\" data-large_image_height=\"910\"><img loading=\"lazy\" decoding=\"async\" class=\" wp-image-132184 alignleft\" src=\"https:\/\/www.radiopiu.net\/wordpress\/wp-content\/uploads\/2020\/04\/CISL-BELLUNO-OK-300x300.jpg\" alt=\"\" width=\"182\" height=\"182\" srcset=\"https:\/\/www.radiopiu.net\/wordpress\/wp-content\/uploads\/2020\/04\/CISL-BELLUNO-OK-300x300.jpg 300w, https:\/\/www.radiopiu.net\/wordpress\/wp-content\/uploads\/2020\/04\/CISL-BELLUNO-OK-150x150.jpg 150w, https:\/\/www.radiopiu.net\/wordpress\/wp-content\/uploads\/2020\/04\/CISL-BELLUNO-OK-768x769.jpg 768w, https:\/\/www.radiopiu.net\/wordpress\/wp-content\/uploads\/2020\/04\/CISL-BELLUNO-OK.jpg 909w\" sizes=\"auto, (max-width: 182px) 100vw, 182px\" \/><\/a>VENEZIA <\/strong><span style=\"color: #000000; font-family: Helvetica;\">Gli Ambiti territoriali sociali (Ats) sono una grande opportunit\u00e0 di sviluppo per il Veneto, perch\u00e9 potranno garantire una gestione rafforzata e integrata dei servizi sociosanitari, rispondendo alle necessit\u00e0 dei territori; al contempo, serviranno a difendere competenze e ruoli di migliaia di lavoratrici e lavoratori coinvolti nella riforma. Proprio per l\u2019evidenza del loro valore sociale, dovranno mantenere una natura giuridica pubblica. <\/span><span style=\"color: #000000; font-family: Helvetica;\">Parte da questa ferma convinzione la scelta di Cisl Veneto di trasmettere a tutti i 563 sindaci dei Comuni veneti una lettera in cui si ribadisce la necessit\u00e0 che i nuovi enti siano di natura pubblica, attraverso la forma giuridica dell\u2019\u201cazienda speciale consortile quale ente pubblico non economico\u201d. <\/span><span style=\"color: #000000; font-family: Helvetica;\">Trasmessa oggi a firma del segretario generale regionale dell\u2019organizzazione e dei segretari generali delle cinque Cisl territoriali per le aree di competenza, la nota ai sindaci \u00e8 inviata a ridosso della scadenza per la predisposizione dei regolamenti attuativi fissata dalla legge regionale istitutiva degli Ambiti territoriali sociali (n. 9 del 04\/04\/2024), di cui da subito Cisl Veneto ha condiviso le finalit\u00e0. <\/span><span style=\"color: #000000; font-family: Helvetica;\">Previsti a regime nell\u2019aprile del 2026, gli Ats diventeranno il fulcro della programmazione, la pianificazione, il coordinamento e la gestione della funzione socioassistenziale, nonch\u00e9 saranno contesti di riferimento per la realizzazione dei Livelli essenziali delle Prestazioni sociali (LEPS).\u00a0 <\/span><span style=\"color: #000000; font-family: Helvetica;\">\u00ab\u00c8 proprio guardando al grande cambiamento che contribuiranno a realizzare, in un\u2019ottica di \u201cwelfare generativo\u201d, che chiediamo sia preservata la natura pubblica degli Ats tramite la scelta di costituirli come \u201caziende speciali consortili pubbliche non economiche\u201d \u2013 spiega Massimiliano Paglini, segretario generale di Cisl Veneto \u2013. Crediamo si tratti dello strumento ottimale: da un lato per efficientare il sistema stesso, dall\u2019altro per garantire continuit\u00e0 delle prestazioni e rafforzamento dei servizi, nonch\u00e9 condizioni sostenibili per chi gi\u00e0 lavora nel sistema sociosanitario regionale ma anche per chi ne entrer\u00e0 successivamente a far parte. Questo assieme all\u2019attuazione delle forme di partecipazione previste dalla riforma, in cui peraltro anche il sindacato stesso potr\u00e0 svolgere appieno il suo ruolo rilanciando la contrattazione sociale\u00bb. \u00abSiamo convinti \u2013 aggiunge ancora Paglini \u2013 che solo con una grande e unitaria convergenza di tutti gli stakeholders si potr\u00e0 realizzare pienamente la riforma degli ATS, per approdare a un sistema integrato che possa includere nella gestione anche le RSA regionali\u00bb. <\/span><\/p>\n<p><strong>FRANCESCO ORRU&#8217;, SEGRETARIO CISL<\/strong><\/p>\n<p><iframe loading=\"lazy\" title=\"FRANCESCO ORRU&#039; CISL\" width=\"1200\" height=\"675\" src=\"https:\/\/www.youtube.com\/embed\/B1HASYiXvzk?feature=oembed\" frameborder=\"0\" allow=\"accelerometer; autoplay; clipboard-write; encrypted-media; gyroscope; picture-in-picture; web-share\" referrerpolicy=\"strict-origin-when-cross-origin\" allowfullscreen><\/iframe><\/p>\n<p>&nbsp;<\/p>\n<p>&nbsp;<\/p>\n<p>*******<\/p>\n<p>&nbsp;<\/p>\n","protected":false},"excerpt":{"rendered":"<p>****** &nbsp; VENEZIA Gli Ambiti territoriali sociali (Ats) sono una grande opportunit\u00e0 di sviluppo per il Veneto, perch\u00e9 potranno garantire una gestione rafforzata e integrata dei servizi sociosanitari, rispondendo alle necessit\u00e0 dei territori; al contempo, serviranno a difendere competenze e ruoli di migliaia di lavoratrici e lavoratori coinvolti nella riforma. Proprio per l\u2019evidenza del loro&hellip;<\/p>\n","protected":false},"author":4,"featured_media":172025,"comment_status":"closed","ping_status":"closed","sticky":false,"template":"","format":"standard","meta":{"_monsterinsights_skip_tracking":false,"_monsterinsights_sitenote_active":false,"_monsterinsights_sitenote_note":"","_monsterinsights_sitenote_category":0,"footnotes":""},"categories":[51,49],"tags":[],"class_list":["post-437143","post","type-post","status-publish","format-standard","has-post-thumbnail","hentry","category-evidenza-top","category-news-18","category-51","category-49","description-off"],"img_url":"https:\/\/www.radiopiu.net\/wordpress\/wp-content\/uploads\/2020\/11\/Schermata-2020-11-11-alle-12.25.13.png","_links":{"self":[{"href":"https:\/\/www.radiopiu.net\/wordpress\/wp-json\/wp\/v2\/posts\/437143","targetHints":{"allow":["GET"]}}],"collection":[{"href":"https:\/\/www.radiopiu.net\/wordpress\/wp-json\/wp\/v2\/posts"}],"about":[{"href":"https:\/\/www.radiopiu.net\/wordpress\/wp-json\/wp\/v2\/types\/post"}],"author":[{"embeddable":true,"href":"https:\/\/www.radiopiu.net\/wordpress\/wp-json\/wp\/v2\/users\/4"}],"replies":[{"embeddable":true,"href":"https:\/\/www.radiopiu.net\/wordpress\/wp-json\/wp\/v2\/comments?post=437143"}],"version-history":[{"count":1,"href":"https:\/\/www.radiopiu.net\/wordpress\/wp-json\/wp\/v2\/posts\/437143\/revisions"}],"predecessor-version":[{"id":437144,"href":"https:\/\/www.radiopiu.net\/wordpress\/wp-json\/wp\/v2\/posts\/437143\/revisions\/437144"}],"wp:featuredmedia":[{"embeddable":true,"href":"https:\/\/www.radiopiu.net\/wordpress\/wp-json\/wp\/v2\/media\/172025"}],"wp:attachment":[{"href":"https:\/\/www.radiopiu.net\/wordpress\/wp-json\/wp\/v2\/media?parent=437143"}],"wp:term":[{"taxonomy":"category","embeddable":true,"href":"https:\/\/www.radiopiu.net\/wordpress\/wp-json\/wp\/v2\/categories?post=437143"},{"taxonomy":"post_tag","embeddable":true,"href":"https:\/\/www.radiopiu.net\/wordpress\/wp-json\/wp\/v2\/tags?post=437143"}],"curies":[{"name":"wp","href":"https:\/\/api.w.org\/{rel}","templated":true}]}}