{"id":437152,"date":"2025-03-01T05:26:15","date_gmt":"2025-03-01T04:26:15","guid":{"rendered":"https:\/\/www.radiopiu.net\/wordpress\/?p=437152"},"modified":"2025-03-01T05:38:29","modified_gmt":"2025-03-01T04:38:29","slug":"lultimo-saluto-a-gian-carlo","status":"publish","type":"post","link":"https:\/\/www.radiopiu.net\/wordpress\/lultimo-saluto-a-gian-carlo\/","title":{"rendered":"L&#8217;ULTIMO SALUTO A GIAN CARLO"},"content":{"rendered":"<p>***<\/p>\n<p>&nbsp;<\/p>\n<p><img loading=\"lazy\" decoding=\"async\" class=\"alignleft\" src=\"https:\/\/www.radiopiu.net\/wordpress\/wp-content\/uploads\/2025\/02\/Senza-nome-93.png\" width=\"157\" height=\"154\" \/><strong>PONTE ALTO\u00a0<\/strong> Ora Gian Carlo Manfroi riposa con la moglie Ursula, nel cimitero di Rivamonte Agordino. A darne notizia, a cremazione avvenuta, i figli Sandra e Roberto con le famiglie e parenti. Gian Carlo abitava nella frazione del Comune di Rivamonte, il malore improvviso lo ha strappato alla vita.<\/p>\n<p>&nbsp;<\/p>\n<p>&nbsp;<\/p>\n<p>archivio 21.02.2025<\/p>\n<blockquote>\n<h3 style=\"text-align: left;\"><a class=\"dt-pswp-item\" href=\"https:\/\/www.radiopiu.net\/wordpress\/wp-content\/uploads\/2025\/02\/download-12.jpg\" data-dt-img-description=\"\" data-large_image_width=\"259\" data-large_image_height=\"194\"><img loading=\"lazy\" decoding=\"async\" class=\"wp-image-435797 alignleft\" src=\"https:\/\/www.radiopiu.net\/wordpress\/wp-content\/uploads\/2025\/02\/download-12.jpg\" alt=\"\" width=\"163\" height=\"122\" \/><\/a><\/h3>\n<\/blockquote>\n<p>E&#8217; morto il settanquatrenne Giancarlo Manfroi, residente a Ponte Alto. A dare l&#8217;allarme un vicino che ne ha notato l&#8217;assenza. per poi scorgere il corpo dell&#8217;uomo riverso sul pavimento. Ieri alle 10.30 \u00e8 scattato l&#8217;allarme ed \u00e8 intervenuto il personale del 118, purtroppo \u00e8 stato necessario l&#8217;intervento delle pompe funebri.<\/p>\n<p>&nbsp;<\/p>\n<p>&nbsp;<\/p>\n<p>&nbsp;<\/p>\n<hr \/>\n<p>&nbsp;<\/p>\n","protected":false},"excerpt":{"rendered":"<p>*** &nbsp; PONTE ALTO\u00a0 Ora Gian Carlo Manfroi riposa con la moglie Ursula, nel cimitero di Rivamonte Agordino. A darne notizia, a cremazione avvenuta, i figli Sandra e Roberto con le famiglie e parenti. Gian Carlo abitava nella frazione del Comune di Rivamonte, il malore improvviso lo ha strappato alla vita. &nbsp; &nbsp; archivio 21.02.2025&hellip;<\/p>\n","protected":false},"author":4,"featured_media":437153,"comment_status":"closed","ping_status":"closed","sticky":false,"template":"","format":"standard","meta":{"_monsterinsights_skip_tracking":false,"_monsterinsights_sitenote_active":false,"_monsterinsights_sitenote_note":"","_monsterinsights_sitenote_category":0,"footnotes":""},"categories":[51,49],"tags":[],"class_list":["post-437152","post","type-post","status-publish","format-standard","has-post-thumbnail","hentry","category-evidenza-top","category-news-18","category-51","category-49","description-off"],"img_url":"https:\/\/www.radiopiu.net\/wordpress\/wp-content\/uploads\/2025\/02\/Senza-nome-93.png","_links":{"self":[{"href":"https:\/\/www.radiopiu.net\/wordpress\/wp-json\/wp\/v2\/posts\/437152","targetHints":{"allow":["GET"]}}],"collection":[{"href":"https:\/\/www.radiopiu.net\/wordpress\/wp-json\/wp\/v2\/posts"}],"about":[{"href":"https:\/\/www.radiopiu.net\/wordpress\/wp-json\/wp\/v2\/types\/post"}],"author":[{"embeddable":true,"href":"https:\/\/www.radiopiu.net\/wordpress\/wp-json\/wp\/v2\/users\/4"}],"replies":[{"embeddable":true,"href":"https:\/\/www.radiopiu.net\/wordpress\/wp-json\/wp\/v2\/comments?post=437152"}],"version-history":[{"count":1,"href":"https:\/\/www.radiopiu.net\/wordpress\/wp-json\/wp\/v2\/posts\/437152\/revisions"}],"predecessor-version":[{"id":437154,"href":"https:\/\/www.radiopiu.net\/wordpress\/wp-json\/wp\/v2\/posts\/437152\/revisions\/437154"}],"wp:featuredmedia":[{"embeddable":true,"href":"https:\/\/www.radiopiu.net\/wordpress\/wp-json\/wp\/v2\/media\/437153"}],"wp:attachment":[{"href":"https:\/\/www.radiopiu.net\/wordpress\/wp-json\/wp\/v2\/media?parent=437152"}],"wp:term":[{"taxonomy":"category","embeddable":true,"href":"https:\/\/www.radiopiu.net\/wordpress\/wp-json\/wp\/v2\/categories?post=437152"},{"taxonomy":"post_tag","embeddable":true,"href":"https:\/\/www.radiopiu.net\/wordpress\/wp-json\/wp\/v2\/tags?post=437152"}],"curies":[{"name":"wp","href":"https:\/\/api.w.org\/{rel}","templated":true}]}}