{"id":437210,"date":"2025-03-01T05:24:33","date_gmt":"2025-03-01T04:24:33","guid":{"rendered":"https:\/\/www.radiopiu.net\/wordpress\/?p=437210"},"modified":"2025-03-01T05:37:57","modified_gmt":"2025-03-01T04:37:57","slug":"gara-la-dolomiti-ambiente-spa-nessuna-offerta-pervenuta","status":"publish","type":"post","link":"https:\/\/www.radiopiu.net\/wordpress\/gara-la-dolomiti-ambiente-spa-nessuna-offerta-pervenuta\/","title":{"rendered":"Gara La Dolomiti Ambiente SpA, nessuna offerta pervenuta"},"content":{"rendered":"<p>**<\/p>\n<blockquote>\n<p data-start=\"64\" data-end=\"131\"><em data-start=\"64\" data-end=\"129\">Ancora aperti i termini di prelazione per il socio di minoranza<\/em><\/p>\n<\/blockquote>\n<p data-start=\"133\" data-end=\"444\"><img loading=\"lazy\" decoding=\"async\" class=\"alignleft\" src=\"https:\/\/www.radiopiu.net\/wordpress\/wp-content\/uploads\/2025\/02\/4eb31e17-f2b1-4d84-abbc-9c33f7b1df9a-300x300.webp\" width=\"121\" height=\"121\" \/>Nessuna offerta per l\u2019acquisto delle azioni de La Dolomiti Ambiente SpA. Il termine per la presentazione delle proposte \u00e8 scaduto oggi alle 12, senza che siano pervenute manifestazioni di interesse. La societ\u00e0, partecipata per il 92,40% dalla Provincia di Belluno, attende ora il prossimo passo istituzionale.<\/p>\n<p data-start=\"446\" data-end=\"772\">Mercoled\u00ec prossimo, la commissione incaricata si riunir\u00e0 per prendere atto della mancata presentazione di offerte. A partire da quel momento, scatter\u00e0 il periodo di prelazione di 90 giorni a favore del socio di minoranza, Servizi Integrati Bellunesi, che potr\u00e0 esercitare il diritto di acquisizione delle quote messe a gara.<\/p>\n<p data-start=\"774\" data-end=\"985\" data-is-last-node=\"\" data-is-only-node=\"\">Nonostante l\u2019assenza di acquirenti, la continuit\u00e0 aziendale de La Dolomiti Ambiente SpA \u00e8 garantita, assicurando il regolare svolgimento delle attivit\u00e0 della societ\u00e0 e il mantenimento dei servizi sul territorio.<\/p>\n<p>__<\/p>\n","protected":false},"excerpt":{"rendered":"<p>** Ancora aperti i termini di prelazione per il socio di minoranza Nessuna offerta per l\u2019acquisto delle azioni de La Dolomiti Ambiente SpA. Il termine per la presentazione delle proposte \u00e8 scaduto oggi alle 12, senza che siano pervenute manifestazioni di interesse. La societ\u00e0, partecipata per il 92,40% dalla Provincia di Belluno, attende ora il&hellip;<\/p>\n","protected":false},"author":4,"featured_media":437211,"comment_status":"closed","ping_status":"closed","sticky":false,"template":"","format":"standard","meta":{"_monsterinsights_skip_tracking":false,"_monsterinsights_sitenote_active":false,"_monsterinsights_sitenote_note":"","_monsterinsights_sitenote_category":0,"footnotes":""},"categories":[104,49],"tags":[],"class_list":["post-437210","post","type-post","status-publish","format-standard","has-post-thumbnail","hentry","category-evidenza_3","category-news-18","category-104","category-49","description-off"],"img_url":"https:\/\/www.radiopiu.net\/wordpress\/wp-content\/uploads\/2025\/02\/4eb31e17-f2b1-4d84-abbc-9c33f7b1df9a.webp","_links":{"self":[{"href":"https:\/\/www.radiopiu.net\/wordpress\/wp-json\/wp\/v2\/posts\/437210","targetHints":{"allow":["GET"]}}],"collection":[{"href":"https:\/\/www.radiopiu.net\/wordpress\/wp-json\/wp\/v2\/posts"}],"about":[{"href":"https:\/\/www.radiopiu.net\/wordpress\/wp-json\/wp\/v2\/types\/post"}],"author":[{"embeddable":true,"href":"https:\/\/www.radiopiu.net\/wordpress\/wp-json\/wp\/v2\/users\/4"}],"replies":[{"embeddable":true,"href":"https:\/\/www.radiopiu.net\/wordpress\/wp-json\/wp\/v2\/comments?post=437210"}],"version-history":[{"count":1,"href":"https:\/\/www.radiopiu.net\/wordpress\/wp-json\/wp\/v2\/posts\/437210\/revisions"}],"predecessor-version":[{"id":437212,"href":"https:\/\/www.radiopiu.net\/wordpress\/wp-json\/wp\/v2\/posts\/437210\/revisions\/437212"}],"wp:featuredmedia":[{"embeddable":true,"href":"https:\/\/www.radiopiu.net\/wordpress\/wp-json\/wp\/v2\/media\/437211"}],"wp:attachment":[{"href":"https:\/\/www.radiopiu.net\/wordpress\/wp-json\/wp\/v2\/media?parent=437210"}],"wp:term":[{"taxonomy":"category","embeddable":true,"href":"https:\/\/www.radiopiu.net\/wordpress\/wp-json\/wp\/v2\/categories?post=437210"},{"taxonomy":"post_tag","embeddable":true,"href":"https:\/\/www.radiopiu.net\/wordpress\/wp-json\/wp\/v2\/tags?post=437210"}],"curies":[{"name":"wp","href":"https:\/\/api.w.org\/{rel}","templated":true}]}}