{"id":437236,"date":"2025-03-01T04:50:03","date_gmt":"2025-03-01T03:50:03","guid":{"rendered":"https:\/\/www.radiopiu.net\/wordpress\/?p=437236"},"modified":"2025-03-01T05:29:26","modified_gmt":"2025-03-01T04:29:26","slug":"franco-manfroi-di-john-francis-della-pietra","status":"publish","type":"post","link":"https:\/\/www.radiopiu.net\/wordpress\/franco-manfroi-di-john-francis-della-pietra\/","title":{"rendered":"FRANCO MANFROI&#8230;DI JOHN FRANCIS DELLA PIETRA"},"content":{"rendered":"<p>******<\/p>\n<p>&nbsp;<\/p>\n<p><strong><a class=\"dt-pswp-item\" href=\"https:\/\/www.radiopiu.net\/wordpress\/wp-content\/uploads\/2025\/02\/copertina-john-768x512-1.jpg\" data-dt-img-description=\"\" data-large_image_width=\"768\" data-large_image_height=\"512\"><img loading=\"lazy\" decoding=\"async\" class=\"size-medium wp-image-437237 alignright\" src=\"https:\/\/www.radiopiu.net\/wordpress\/wp-content\/uploads\/2025\/02\/copertina-john-768x512-1-300x200.jpg\" alt=\"\" width=\"300\" height=\"200\" srcset=\"https:\/\/www.radiopiu.net\/wordpress\/wp-content\/uploads\/2025\/02\/copertina-john-768x512-1-300x200.jpg 300w, https:\/\/www.radiopiu.net\/wordpress\/wp-content\/uploads\/2025\/02\/copertina-john-768x512-1.jpg 768w\" sizes=\"auto, (max-width: 300px) 100vw, 300px\" \/><\/a>di John Francis Della Pietra<\/strong><\/p>\n<p>De nef en pore invern<br \/>\nE la colpa no se la cjole nogugn govern<br \/>\nMa s\u00f9 in som a chela de gares val<br \/>\nSomeja quasi tut pront par el so memorial<br \/>\nEl l ha but\u00e0 la so valenta ocjada<br \/>\nE l ha preg\u00e0 el signor chel ghe desse almanco na picjola sbianchedada<br \/>\nE cos\u00ec l \u00e8 stat l \u00e8 quasi tut pront<br \/>\nInte chel posto fra i p\u00ec biei del.mont<br \/>\nEl che l ha gir\u00e0 en lonch e larch el disaria<br \/>\nVard\u00e8 tosat che no manca proprio nia<br \/>\nSol de core l estro<br \/>\nVel dighe mi che dei sii stret son stat maestro<br \/>\nLass\u00f9 al nord sion duti tant temp fa e i na cjam\u00e0 eroi<br \/>\nQuater italiani nte la stafeta l ultim el Manfroi<br \/>\nParea empisibile<br \/>\nMa aon cjap\u00e0 la prima medaja ai mondiali incredibile<br \/>\nSin i nordici i tir\u00e0 d\u00f9 el capel<br \/>\nChe emozion che bel<br \/>\nPar engeri<br \/>\nEnveze l \u00e8 pass\u00e0 decenni ariane dei pionieri<br \/>\nCos\u00ec l \u00e8 la storia<br \/>\nSon qua a ve fa memoria<br \/>\nSci\u00e0 ve vardarai<br \/>\nE a tuti le man ghe batarai<br \/>\nPar en d\u00ec<br \/>\nSon encora ntamez proprio mi<br \/>\nSemper rest\u00e0 un de voi<br \/>\nA se revede col cor<br \/>\nFranco Manfroi<\/p>\n<p>&nbsp;<\/p>\n<p>&nbsp;<\/p>\n<p>&nbsp;<\/p>\n<p>************<\/p>\n","protected":false},"excerpt":{"rendered":"<p>****** &nbsp; di John Francis Della Pietra De nef en pore invern E la colpa no se la cjole nogugn govern Ma s\u00f9 in som a chela de gares val Someja quasi tut pront par el so memorial El l ha but\u00e0 la so valenta ocjada E l ha preg\u00e0 el signor chel ghe desse&hellip;<\/p>\n","protected":false},"author":4,"featured_media":437237,"comment_status":"closed","ping_status":"closed","sticky":false,"template":"","format":"standard","meta":{"_monsterinsights_skip_tracking":false,"_monsterinsights_sitenote_active":false,"_monsterinsights_sitenote_note":"","_monsterinsights_sitenote_category":0,"footnotes":""},"categories":[104,49],"tags":[],"class_list":["post-437236","post","type-post","status-publish","format-standard","has-post-thumbnail","hentry","category-evidenza_3","category-news-18","category-104","category-49","description-off"],"img_url":"https:\/\/www.radiopiu.net\/wordpress\/wp-content\/uploads\/2025\/02\/copertina-john-768x512-1.jpg","_links":{"self":[{"href":"https:\/\/www.radiopiu.net\/wordpress\/wp-json\/wp\/v2\/posts\/437236","targetHints":{"allow":["GET"]}}],"collection":[{"href":"https:\/\/www.radiopiu.net\/wordpress\/wp-json\/wp\/v2\/posts"}],"about":[{"href":"https:\/\/www.radiopiu.net\/wordpress\/wp-json\/wp\/v2\/types\/post"}],"author":[{"embeddable":true,"href":"https:\/\/www.radiopiu.net\/wordpress\/wp-json\/wp\/v2\/users\/4"}],"replies":[{"embeddable":true,"href":"https:\/\/www.radiopiu.net\/wordpress\/wp-json\/wp\/v2\/comments?post=437236"}],"version-history":[{"count":2,"href":"https:\/\/www.radiopiu.net\/wordpress\/wp-json\/wp\/v2\/posts\/437236\/revisions"}],"predecessor-version":[{"id":437255,"href":"https:\/\/www.radiopiu.net\/wordpress\/wp-json\/wp\/v2\/posts\/437236\/revisions\/437255"}],"wp:featuredmedia":[{"embeddable":true,"href":"https:\/\/www.radiopiu.net\/wordpress\/wp-json\/wp\/v2\/media\/437237"}],"wp:attachment":[{"href":"https:\/\/www.radiopiu.net\/wordpress\/wp-json\/wp\/v2\/media?parent=437236"}],"wp:term":[{"taxonomy":"category","embeddable":true,"href":"https:\/\/www.radiopiu.net\/wordpress\/wp-json\/wp\/v2\/categories?post=437236"},{"taxonomy":"post_tag","embeddable":true,"href":"https:\/\/www.radiopiu.net\/wordpress\/wp-json\/wp\/v2\/tags?post=437236"}],"curies":[{"name":"wp","href":"https:\/\/api.w.org\/{rel}","templated":true}]}}