{"id":437296,"date":"2025-03-03T05:46:21","date_gmt":"2025-03-03T04:46:21","guid":{"rendered":"https:\/\/www.radiopiu.net\/wordpress\/?p=437296"},"modified":"2025-03-03T11:07:39","modified_gmt":"2025-03-03T10:07:39","slug":"giornale-radiopiu-03-marzo-2025-direttore-mirko-mezzacasada-41-anni-25-giugno-1983-25-giugno-2024","status":"publish","type":"post","link":"https:\/\/www.radiopiu.net\/wordpress\/giornale-radiopiu-03-marzo-2025-direttore-mirko-mezzacasada-41-anni-25-giugno-1983-25-giugno-2024\/","title":{"rendered":"GIORNALE RADIOPIU 03 MARZO 2025 DIRETTORE MIRKO MEZZACASA\u2026DA 41 ANNI 25 GIUGNO 1983-25 GIUGNO 2024"},"content":{"rendered":"<p>*********<\/p>\n<p>&nbsp;<\/p>\n<p><em><span style=\"color: #ff0000;\"><a class=\"dt-pswp-item\" href=\"https:\/\/www.radiopiu.net\/wordpress\/wp-content\/uploads\/2024\/10\/Senza-nome-8.png\" data-dt-img-description=\"\" data-large_image_width=\"343\" data-large_image_height=\"303\"><img loading=\"lazy\" decoding=\"async\" class=\"wp-image-412130 alignleft\" src=\"https:\/\/www.radiopiu.net\/wordpress\/wp-content\/uploads\/2024\/10\/Senza-nome-8-300x265.png\" alt=\"\" width=\"105\" height=\"93\" srcset=\"https:\/\/www.radiopiu.net\/wordpress\/wp-content\/uploads\/2024\/10\/Senza-nome-8-300x265.png 300w, https:\/\/www.radiopiu.net\/wordpress\/wp-content\/uploads\/2024\/10\/Senza-nome-8.png 343w\" sizes=\"auto, (max-width: 105px) 100vw, 105px\" \/><\/a><\/span><\/em><strong><em><span style=\"color: #ff0000;\"> LA\u00a0 APP PER IOS-IPHONE di Nicola Vettorello<\/span><\/em><\/strong><\/p>\n<p><strong><span style=\"color: #0000ff;\"><a style=\"color: #0000ff;\" href=\"https:\/\/apps.apple.com\/it\/app\/radio-pi%C3%B9-emittente-agordina\/id1515939845\">https:\/\/apps.apple.com\/it\/app\/radio-pi%C3%B9-emittente-agordina\/id1515939845<\/a><\/span><\/strong><\/p>\n<p><strong><em style=\"color: #ff0000;\">LA\u00a0 APP RADIO\u00a0 PER ANDROID di Nicola Vettorello<\/em><\/strong><\/p>\n<p><strong><span style=\"color: #0000ff;\"><a style=\"color: #0000ff;\" href=\"https:\/\/play.google.com\/store\/apps\/details?id=net.radiopiu.iniko\" target=\"_blank\" rel=\"noopener noreferrer\">https:\/\/<\/a><a style=\"color: #0000ff;\" href=\"https:\/\/play.google.com\/store\/apps\/details?id=net.radiopiu.iniko\" target=\"_blank\" rel=\"noopener noreferrer\">play.google.com\/store\/apps\/details?id=net.radiopiu.iniko\u00a0\u00a0\u00a0\u00a0<\/a><\/span><\/strong><\/p>\n<p>&nbsp;<\/p>\n<p>&nbsp;<\/p>\n<hr \/>\n<p>&nbsp;<\/p>\n<p><span style=\"color: #ff0000;\"><strong>OGGI ALLA RADIO:\u00a0\u00a0<\/strong><\/span><\/p>\n<p><strong><a class=\"dt-pswp-item\" href=\"https:\/\/www.radiopiu.net\/wordpress\/wp-content\/uploads\/2025\/03\/file.jpg\" data-dt-img-description=\"\" data-large_image_width=\"640\" data-large_image_height=\"640\"><img loading=\"lazy\" decoding=\"async\" class=\" wp-image-437583 alignleft\" src=\"https:\/\/www.radiopiu.net\/wordpress\/wp-content\/uploads\/2025\/03\/file-300x300.jpg\" alt=\"\" width=\"259\" height=\"259\" srcset=\"https:\/\/www.radiopiu.net\/wordpress\/wp-content\/uploads\/2025\/03\/file-300x300.jpg 300w, https:\/\/www.radiopiu.net\/wordpress\/wp-content\/uploads\/2025\/03\/file-150x150.jpg 150w, https:\/\/www.radiopiu.net\/wordpress\/wp-content\/uploads\/2025\/03\/file.jpg 640w\" sizes=\"auto, (max-width: 259px) 100vw, 259px\" \/><\/a>rassegna stampa nazionale,<\/strong> ogni giorno alle 5 e alle 6 del mattino. giornali locali 7 rassegna stampa flash, 8 rassegna stampa, gr flash alle 10 e alle 11, principale 12.30. Informazione pomeriggio ogni ora fino alle 20, in coda ai notiziari nazionali. Giornale radio nazionale: ogni ora dalle 4 del mattino, alle 20 della sera. Alle 19 le anticipazioni dal TG di Antenna 3 di Tiziana Bolognani.<\/p>\n<p>&nbsp;<\/p>\n<p><span style=\"color: #0000ff;\"><strong>OGGI ALLE<\/strong>\u00a0<\/span> \u00a0<strong>9.00<\/strong>\u00a0 oggi come ieri, con Silvia Baldo<strong> 9.40<\/strong> I RACCONTI DI PAOLO SOPPELSA <strong>10.30 <\/strong>GIOVANNI BIANCO, IL NUOVO SUPER W A CANALE D&#8217;AGORDO \u00a0<b>12.30 <\/b>GIORNALE RADIO, EDIZIONE PRINCIPALE<b> 13.20<\/b> SALUTE E SOCIETA&#8217; LA RUBRICA DI MEDICINA DELLA SETTIMANA <strong>14.00<\/strong>\u00a0 \u00a0piu musica con Marina Dona 15.00 ritratti sonori con\u00a0 \u00a0Alessia Dall&#8217;O, ospite LUCA CARGNEL <strong>16.45<\/strong> LE HIT DI MIRCO BENCIVENNI <strong>19.00<\/strong> LE ANTICIPAZIONI DAL TG DI ANTENNA 3, TIZIANA BOLOGNANI<\/p>\n<p><em><strong>FOTO<\/strong>:\u00a0 paolo soppelsa, il lunedi alle 9.00 in replica alle 18.30&#8230; con\u00a0 i racconti &#8211; ascoltali in podcast sul sito di radiopiu<\/em><\/p>\n<p>&nbsp;<\/p>\n<p>&nbsp;<\/p>\n<hr \/>\n<p>&nbsp;<\/p>\n<p>&nbsp;<\/p>\n<div class=\"x11i5rnm xat24cr x1mh8g0r x1vvkbs xtlvy1s x126k92a\">\n<div dir=\"auto\">\n<div dir=\"auto\">\n<p><strong><a class=\"dt-pswp-item\" href=\"https:\/\/www.radiopiu.net\/wordpress\/wp-content\/uploads\/2024\/02\/2d44e751-d8a8-461b-8e22-d8e4e853b032.jpg\" data-dt-img-description=\"\" data-large_image_width=\"1600\" data-large_image_height=\"1200\"><img loading=\"lazy\" decoding=\"async\" class=\"wp-image-373307 alignleft\" src=\"https:\/\/www.radiopiu.net\/wordpress\/wp-content\/uploads\/2024\/02\/2d44e751-d8a8-461b-8e22-d8e4e853b032-300x225.jpg\" alt=\"\" width=\"105\" height=\"79\" srcset=\"https:\/\/www.radiopiu.net\/wordpress\/wp-content\/uploads\/2024\/02\/2d44e751-d8a8-461b-8e22-d8e4e853b032-300x225.jpg 300w, https:\/\/www.radiopiu.net\/wordpress\/wp-content\/uploads\/2024\/02\/2d44e751-d8a8-461b-8e22-d8e4e853b032-1024x768.jpg 1024w, https:\/\/www.radiopiu.net\/wordpress\/wp-content\/uploads\/2024\/02\/2d44e751-d8a8-461b-8e22-d8e4e853b032-768x576.jpg 768w, https:\/\/www.radiopiu.net\/wordpress\/wp-content\/uploads\/2024\/02\/2d44e751-d8a8-461b-8e22-d8e4e853b032-1536x1152.jpg 1536w, https:\/\/www.radiopiu.net\/wordpress\/wp-content\/uploads\/2024\/02\/2d44e751-d8a8-461b-8e22-d8e4e853b032.jpg 1600w\" sizes=\"auto, (max-width: 105px) 100vw, 105px\" \/><\/a>EL BAL DEL FIOR, DI GIULIANA DA RONCH, 03 MARZO<\/strong><strong> 2025<\/strong><\/p>\n<p>&nbsp;<\/p>\n<audio class=\"wp-audio-shortcode\" id=\"audio-437296-1\" preload=\"none\" style=\"width: 100%;\" controls=\"controls\"><source type=\"audio\/mpeg\" src=\"https:\/\/www.radiopiu.net\/wordpress\/wp-content\/uploads\/2025\/03\/GLU.mp3?_=1\" \/><a href=\"https:\/\/www.radiopiu.net\/wordpress\/wp-content\/uploads\/2025\/03\/GLU.mp3\">https:\/\/www.radiopiu.net\/wordpress\/wp-content\/uploads\/2025\/03\/GLU.mp3<\/a><\/audio>\n<p>&nbsp;<\/p>\n<hr \/>\n<p>&nbsp;<\/p>\n<p>&nbsp;<\/p>\n<\/div>\n<\/div>\n<\/div>\n<div class=\"x11i5rnm xat24cr x1mh8g0r x1vvkbs xtlvy1s x126k92a\">\n<blockquote>\n<h1><strong><a class=\"dt-pswp-item\" href=\"https:\/\/www.radiopiu.net\/wordpress\/wp-content\/uploads\/2024\/10\/629301fd-708d-4f53-95c2-d28cbefd500f.jpg\" data-dt-img-description=\"\" data-large_image_width=\"1600\" data-large_image_height=\"1322\"><img loading=\"lazy\" decoding=\"async\" class=\"wp-image-413782 alignright\" src=\"https:\/\/www.radiopiu.net\/wordpress\/wp-content\/uploads\/2024\/10\/629301fd-708d-4f53-95c2-d28cbefd500f-300x248.jpg\" alt=\"\" width=\"106\" height=\"88\" srcset=\"https:\/\/www.radiopiu.net\/wordpress\/wp-content\/uploads\/2024\/10\/629301fd-708d-4f53-95c2-d28cbefd500f-300x248.jpg 300w, https:\/\/www.radiopiu.net\/wordpress\/wp-content\/uploads\/2024\/10\/629301fd-708d-4f53-95c2-d28cbefd500f-1024x846.jpg 1024w, https:\/\/www.radiopiu.net\/wordpress\/wp-content\/uploads\/2024\/10\/629301fd-708d-4f53-95c2-d28cbefd500f-768x635.jpg 768w, https:\/\/www.radiopiu.net\/wordpress\/wp-content\/uploads\/2024\/10\/629301fd-708d-4f53-95c2-d28cbefd500f-1536x1269.jpg 1536w, https:\/\/www.radiopiu.net\/wordpress\/wp-content\/uploads\/2024\/10\/629301fd-708d-4f53-95c2-d28cbefd500f.jpg 1600w\" sizes=\"auto, (max-width: 106px) 100vw, 106px\" \/><\/a><\/strong><\/h1>\n<h1><strong><a class=\"dt-pswp-item\" href=\"https:\/\/www.radiopiu.net\/wordpress\/wp-content\/uploads\/2024\/11\/th-18.jpg\" data-dt-img-description=\"\" data-large_image_width=\"156\" data-large_image_height=\"180\"><img loading=\"lazy\" decoding=\"async\" class=\"size-full wp-image-421611 alignleft\" src=\"https:\/\/www.radiopiu.net\/wordpress\/wp-content\/uploads\/2024\/11\/th-18.jpg\" alt=\"\" width=\"156\" height=\"180\" \/><\/a><\/strong><\/h1>\n<h1><strong>N di parom &#8211; L Almanach de la nosta jent<\/strong><\/h1>\n<\/blockquote>\n<p>&nbsp;<\/p>\n<p>Le voci: Davide Conedera, Agordo, Michela Dell&#8217;Osbel, La Valle Agordina Simone Ganz, Falcade Veronica Lezuo, Colle Santa Lucia. La voce nella sigla \u00e8 di Giorgia Taio<\/p>\n<p><strong>LA PUNTATA DI OGGI, 03 MARZO 2025<\/strong><\/p>\n<audio class=\"wp-audio-shortcode\" id=\"audio-437296-2\" preload=\"none\" style=\"width: 100%;\" controls=\"controls\"><source type=\"audio\/mpeg\" src=\"https:\/\/www.radiopiu.net\/wordpress\/wp-content\/uploads\/2025\/03\/AL1.mp3?_=2\" \/><a href=\"https:\/\/www.radiopiu.net\/wordpress\/wp-content\/uploads\/2025\/03\/AL1.mp3\">https:\/\/www.radiopiu.net\/wordpress\/wp-content\/uploads\/2025\/03\/AL1.mp3<\/a><\/audio>\n<p>&nbsp;<\/p>\n<p>&nbsp;<\/p>\n<\/div>\n<div class=\"x11i5rnm xat24cr x1mh8g0r x1vvkbs xtlvy1s x126k92a\">\n<div dir=\"auto\">\n<hr \/>\n<\/div>\n<\/div>\n<blockquote>\n<blockquote>\n<h1><span style=\"color: #ff0000;\">\u00a0<\/span><\/h1>\n<h1><span style=\"color: #ff0000;\">I podcast informativi del mattino &#8211; audio &#8211;\u00a0\u00a0<\/span><\/h1>\n<\/blockquote>\n<p><strong><a class=\"dt-pswp-item\" href=\"https:\/\/www.radiopiu.net\/wordpress\/wp-content\/uploads\/2024\/11\/6.jpg\" data-dt-img-description=\"\" data-large_image_width=\"177\" data-large_image_height=\"180\"><img loading=\"lazy\" decoding=\"async\" class=\"size-full wp-image-417911 alignleft\" src=\"https:\/\/www.radiopiu.net\/wordpress\/wp-content\/uploads\/2024\/11\/6.jpg\" alt=\"\" width=\"177\" height=\"180\" \/><\/a>LA RASSEGNA STAMPA NAZIONALE ALLA RADIO, OGNI GIORNO ALLE 5 E ALLE 6 DEL MATTINO <span style=\"color: #0000ff;\">viene pubblicata alle 6.00 <span style=\"color: #ff0000;\">DIRETTA RADIO\u00a0 \u00a0\u00a0<\/span><\/span><\/strong><\/p><\/blockquote>\n<p>&nbsp;<\/p>\n<p><strong>NOTIZIE DELLA NOTTE<\/strong><\/p>\n<p><strong>Oscar<\/strong>\u00a0 miglior film internazionale al brasiliano I&#8217;m still here, per il miglior film ad Anora, \u00a0per la migliore attrice protagonista a Mikey Madison, \u00a0per il miglior attore protagonista ad Adrien Brody<strong> Italia<\/strong> senza statuette agli Oscar\u00a0 <strong>Gaza<\/strong> irrompe agli Oscar con No Other Land <strong>Media Cina<\/strong>, &#8216;Pechino lavora a contromisure verso dazi Usa&#8217; Borsa: Hong Kong positiva, apre a +1,05%\u00a0 <strong>Zelensky<\/strong> ricevuto a corte, da re Carlo a Sandringham<\/p>\n<h1>AUDIO dalle 6 del mattino<\/h1>\n<audio class=\"wp-audio-shortcode\" id=\"audio-437296-3\" preload=\"none\" style=\"width: 100%;\" controls=\"controls\"><source type=\"audio\/mpeg\" src=\"https:\/\/www.radiopiu.net\/wordpress\/wp-content\/uploads\/2025\/03\/GIORNALEDELLESEI.mp3?_=3\" \/><a href=\"https:\/\/www.radiopiu.net\/wordpress\/wp-content\/uploads\/2025\/03\/GIORNALEDELLESEI.mp3\">https:\/\/www.radiopiu.net\/wordpress\/wp-content\/uploads\/2025\/03\/GIORNALEDELLESEI.mp3<\/a><\/audio>\n<p>&nbsp;<\/p>\n<p>&nbsp;<\/p>\n<hr \/>\n<p>&nbsp;<\/p>\n<h1 style=\"text-align: center;\"><span style=\"color: #ff0000;\"><a class=\"dt-pswp-item\" href=\"https:\/\/www.radiopiu.net\/wordpress\/wp-content\/uploads\/2024\/11\/7.jpg\" data-dt-img-description=\"\" data-large_image_width=\"180\" data-large_image_height=\"180\"><img loading=\"lazy\" decoding=\"async\" class=\"size-full wp-image-417912 alignleft\" src=\"https:\/\/www.radiopiu.net\/wordpress\/wp-content\/uploads\/2024\/11\/7.jpg\" alt=\"\" width=\"180\" height=\"180\" srcset=\"https:\/\/www.radiopiu.net\/wordpress\/wp-content\/uploads\/2024\/11\/7.jpg 180w, https:\/\/www.radiopiu.net\/wordpress\/wp-content\/uploads\/2024\/11\/7-150x150.jpg 150w\" sizes=\"auto, (max-width: 180px) 100vw, 180px\" \/><\/a>I podcast informativi del mattino &#8211; audio &#8211;\u00a0<\/span><\/h1>\n<p><strong>OGNI GIORNO ALLE SETTE DEL MATTINO, LA RASSEGNA STAMPA LOCALE FLASH&#8230; PER CHI VA IN FRETTA. I TITOLI DAI GIORNALI E DAL SITO WWW.RADIOPIU.NET <span style=\"color: #0000ff;\">viene pubblicato alle 7.00<\/span> <span style=\"color: #ff0000;\">DIRETTA RADIO\u00a0<\/span><\/strong><\/p>\n<p><em><span style=\"color: #ff0000;\">per chi va in fretta&#8230; tante notizie in pochi minuti. L&#8217;informazione locale alla radio, ogni ora dalle 7 del mattino alle 19 della sera.\u00a0<\/span><\/em><\/p>\n<p>&nbsp;<\/p>\n<h1>AUDIO dalle 7 del mattino<\/h1>\n<audio class=\"wp-audio-shortcode\" id=\"audio-437296-4\" preload=\"none\" style=\"width: 100%;\" controls=\"controls\"><source type=\"audio\/mpeg\" src=\"https:\/\/www.radiopiu.net\/wordpress\/wp-content\/uploads\/2025\/03\/GF07-1.mp3?_=4\" \/><a href=\"https:\/\/www.radiopiu.net\/wordpress\/wp-content\/uploads\/2025\/03\/GF07-1.mp3\">https:\/\/www.radiopiu.net\/wordpress\/wp-content\/uploads\/2025\/03\/GF07-1.mp3<\/a><\/audio>\n<p>&nbsp;<\/p>\n<p>&nbsp;<\/p>\n<hr \/>\n<p>&nbsp;<\/p>\n<h1><\/h1>\n<h1 style=\"text-align: center;\"><span style=\"color: #ff0000;\"><a class=\"dt-pswp-item\" href=\"https:\/\/www.radiopiu.net\/wordpress\/wp-content\/uploads\/2024\/11\/th.jpg\" data-dt-img-description=\"\" data-large_image_width=\"148\" data-large_image_height=\"179\"><img loading=\"lazy\" decoding=\"async\" class=\"size-full wp-image-417913 alignleft\" src=\"https:\/\/www.radiopiu.net\/wordpress\/wp-content\/uploads\/2024\/11\/th.jpg\" alt=\"\" width=\"148\" height=\"179\" \/><\/a>I podcast informativi del mattino &#8211; audio &#8211;\u00a0<\/span><\/h1>\n<blockquote><p><strong>GIORNALE RADIO NAZIONALE, EDIZIONE DELLE SETTE <span style=\"color: #0000ff;\">viene pubblicato alle 7.05 <span style=\"color: #ff0000;\">DIRETTA RADIO\u00a0<\/span><\/span><\/strong><\/p><\/blockquote>\n<p><strong>il giornale radionazionale e&#8217; in onda ogni ora, dalle sette del mattino alle venti della sera\u00a0 \u00a0<\/strong><\/p>\n<p>&nbsp;<\/p>\n<p><strong><a class=\"dt-pswp-item\" href=\"https:\/\/www.radiopiu.net\/wordpress\/wp-content\/uploads\/2025\/02\/download-7.jpg\" data-dt-img-description=\"\" data-large_image_width=\"211\" data-large_image_height=\"239\"><img loading=\"lazy\" decoding=\"async\" class=\" wp-image-435553 alignleft\" src=\"https:\/\/www.radiopiu.net\/wordpress\/wp-content\/uploads\/2025\/02\/download-7.jpg\" alt=\"\" width=\"146\" height=\"165\" \/><\/a>\u00a0NAPOLI <\/strong>Agguato, un morto e un ferito. Il killer ha colpito davanti ad un bar <strong>VERONA <\/strong>Caso Cecchettin Filippo Turetta cambia cella, trasferito tra i detenuti comuni <strong>NAPOLI<\/strong> L&#8217;invasione dei maranza a Napoli resta su Tik Tok\u00a0 CREMONA Ciclista muore tamponato da un furgone, aveva 48 anni. <strong>MILANO<\/strong> Trovato il corpo di una donna nell&#8217;Adda, potrebbe essere quello di Jhoanna Nataly Quintanilla La baby sitter scomparsa. Accanto un borsone, viso irriconoscibile <strong>ROMA<\/strong> Mistero a Roma, un 31enne trovato morto in casa sul divano. L&#8217;allarme dato dalla fidanzata, nessun segno di violenza sul corpo <strong>ROMA <\/strong>Schettino chiede la semilibert\u00e0, il 4 la decisione Il legale: &#8216;Mi auguro che vinca il diritto&#8217; <strong>VATICANO<\/strong> Il Papa \u00e8 stabile. Ossigeno senza maschera, non ha febbre Ha partecipato alla messa, insieme a quanti in questi giorni di degenza si prendono cura di lui <strong>TRIESTE<\/strong><br \/>\n&#8216;\u00c8 stata soffocata, cos\u00ec \u00e8 morta Liliana Resinovich I particolari dalla perizia depositata in procura <strong>NUORO<\/strong> Ucciso a coltellate durante una festa di carnevale. Omicidio a Bari Sardo, vittima un 22enne. Indaga la polizia<\/p>\n<p>&nbsp;<\/p>\n<h1><strong>VENETO\u00a0<\/strong><\/h1>\n<p><strong><a class=\"dt-pswp-item\" href=\"https:\/\/www.radiopiu.net\/wordpress\/wp-content\/uploads\/2025\/02\/download-3.jpg\" data-dt-img-description=\"\" data-large_image_width=\"223\" data-large_image_height=\"226\"><img loading=\"lazy\" decoding=\"async\" class=\" wp-image-434732 alignleft\" src=\"https:\/\/www.radiopiu.net\/wordpress\/wp-content\/uploads\/2025\/02\/download-3.jpg\" alt=\"\" width=\"167\" height=\"169\" \/><\/a>BELLUNO <\/strong>Due valanghe a Passo Cibiana, soccorsi 5 scialpinisti Alcuni hanno riportato fratture e contusioni, uno illeso <strong>PADOVA<\/strong> Rapina con pistola d&#8217;epoca 80enne in casa a Padova, arrestato Era gi\u00e0 finito in carcere per violenza sessuale nel 2010 <strong>PADOVA<\/strong> Il Bar centro per lo spaccio droga, chiuso per 45 giorni Provvedimento del questore <strong>PADOVA<\/strong> Morte erede dei Luxardo, tre indagati per omicidio colposo Dall&#8217;autopsia emerge decesso per annegamento e non malore <strong>VERONA<\/strong> L&#8217;Italia dell&#8217;olio extravergine in mostra a Sol2Expo Verona Fino al 4 marzo espongono 230 aziende produttrici <strong>CASTELFRANCO<\/strong> La Gabriella e le ragazze, storia di Tina Anselmi a teatro In vista dell&#8217;8\/3, la prima donna italiana diventata ministra <strong>VENEZIA &#8216;<\/strong>Vorrei tanto vincere gli Special Olympics&#8217; Per atleti con disabilit\u00e0 intellettive. A parlare \u00e8 Elisa Parutto, atleta 24enne della Polisportiva Terraglio di Mestre che rappresenter\u00e0 l&#8217;Italia nella disciplina di danza sportiva ai Giochi Invernali Special Olympics<\/p>\n<p>&nbsp;<\/p>\n<h1><span style=\"color: #ff0000;\"><span style=\"color: #0000ff;\">ULTIM&#8217;ORA<\/span> <span style=\"color: #000000;\">AUDIO dalle sette del mattino, ogni ora alla radio EDIZIONE DELLE SETTE<\/span><\/span><\/h1>\n<audio class=\"wp-audio-shortcode\" id=\"audio-437296-5\" preload=\"none\" style=\"width: 100%;\" controls=\"controls\"><source type=\"audio\/mpeg\" src=\"https:\/\/www.radiopiu.net\/wordpress\/wp-content\/uploads\/2025\/03\/giornale07-1.mp3?_=5\" \/><a href=\"https:\/\/www.radiopiu.net\/wordpress\/wp-content\/uploads\/2025\/03\/giornale07-1.mp3\">https:\/\/www.radiopiu.net\/wordpress\/wp-content\/uploads\/2025\/03\/giornale07-1.mp3<\/a><\/audio>\n<p>&nbsp;<\/p>\n<p>&nbsp;<\/p>\n<hr \/>\n<p>&nbsp;<\/p>\n<p>&nbsp;<\/p>\n<h1><span style=\"color: #ff0000;\"><a class=\"dt-pswp-item\" href=\"https:\/\/www.radiopiu.net\/wordpress\/wp-content\/uploads\/2024\/11\/8.jpg\" data-dt-img-description=\"\" data-large_image_width=\"180\" data-large_image_height=\"180\"><img loading=\"lazy\" decoding=\"async\" class=\"size-full wp-image-417910 alignleft\" src=\"https:\/\/www.radiopiu.net\/wordpress\/wp-content\/uploads\/2024\/11\/8.jpg\" alt=\"\" width=\"180\" height=\"180\" srcset=\"https:\/\/www.radiopiu.net\/wordpress\/wp-content\/uploads\/2024\/11\/8.jpg 180w, https:\/\/www.radiopiu.net\/wordpress\/wp-content\/uploads\/2024\/11\/8-150x150.jpg 150w\" sizes=\"auto, (max-width: 180px) 100vw, 180px\" \/><\/a>I podcast informativi del mattino &#8211; video &#8211;\u00a0<\/span><\/h1>\n<h2 style=\"text-align: left;\"><strong>RASSEGNA STAMPA LOCALE, ORE OTTO<\/strong><\/h2>\n<h2><strong> <span style=\"color: #0000ff;\">viene\u00a0 <\/span><\/strong><strong><span style=\"color: #0000ff;\">pubblicata alle 8.05 <span style=\"color: #ff0000;\">DIRETTA RADIO\u00a0 \u00a0<\/span><\/span><\/strong><strong>DI MIRKO MEZZACASA<\/strong><\/h2>\n<h2><span style=\"color: #ff0000;\"><strong>\u00a0<\/strong><\/span><\/h2>\n<p data-start=\"0\" data-end=\"64\"><span style=\"color: #ff0000;\"><strong data-start=\"0\" data-end=\"62\"><a class=\"dt-pswp-item\" href=\"https:\/\/www.radiopiu.net\/wordpress\/wp-content\/uploads\/2025\/03\/\u00a9echidialessandrosogne-13-ISABEL-MURER-ZINGHENESTA-2025.jpg\" data-dt-img-description=\"\" data-large_image_width=\"1500\" data-large_image_height=\"999\"><img loading=\"lazy\" decoding=\"async\" class=\" wp-image-437551 alignright\" src=\"https:\/\/www.radiopiu.net\/wordpress\/wp-content\/uploads\/2025\/03\/\u00a9echidialessandrosogne-13-ISABEL-MURER-ZINGHENESTA-2025-300x200.jpg\" alt=\"\" width=\"248\" height=\"165\" srcset=\"https:\/\/www.radiopiu.net\/wordpress\/wp-content\/uploads\/2025\/03\/\u00a9echidialessandrosogne-13-ISABEL-MURER-ZINGHENESTA-2025-300x200.jpg 300w, https:\/\/www.radiopiu.net\/wordpress\/wp-content\/uploads\/2025\/03\/\u00a9echidialessandrosogne-13-ISABEL-MURER-ZINGHENESTA-2025-1024x682.jpg 1024w, https:\/\/www.radiopiu.net\/wordpress\/wp-content\/uploads\/2025\/03\/\u00a9echidialessandrosogne-13-ISABEL-MURER-ZINGHENESTA-2025-768x511.jpg 768w, https:\/\/www.radiopiu.net\/wordpress\/wp-content\/uploads\/2025\/03\/\u00a9echidialessandrosogne-13-ISABEL-MURER-ZINGHENESTA-2025.jpg 1500w\" sizes=\"auto, (max-width: 248px) 100vw, 248px\" \/><\/a>Cronaca di un weekend tra soccorsi, incidenti e tradizioni <\/strong><\/span><\/p>\n<p data-start=\"0\" data-end=\"64\"><strong data-start=\"260\" data-end=\"309\">Due valanghe a Passo Cibiana, cinque soccorsi<\/strong><br data-start=\"309\" data-end=\"312\" \/><strong data-start=\"821\" data-end=\"875\">Incidente in motoslitta a Passo Pordoi: tre feriti<\/strong><br data-start=\"875\" data-end=\"878\" \/><strong data-start=\"1256\" data-end=\"1320\">Tragedia sfiorata a Lamon, auto abbandonata dopo lo schianto<\/strong><br data-start=\"1320\" data-end=\"1323\" \/><strong data-start=\"1639\" data-end=\"1697\">La morte di Mario Mella, il ricordo commosso di Agordo<\/strong><br data-start=\"1697\" data-end=\"1700\" \/><strong data-start=\"1952\" data-end=\"2038\">Il Decreto Bollette: una misura apprezzata ma criticata da Confartigianato Belluno<\/strong><br data-start=\"2038\" data-end=\"2041\" \/><strong data-start=\"2429\" data-end=\"2483\">Incendi camino a Agordo e Cencenighe, nessun danno<\/strong><br data-start=\"2483\" data-end=\"2486\" \/><strong data-start=\"2835\" data-end=\"2885\">Sport: Mondiali e tradizioni a Canale d&#8217;Agordo<\/strong><\/p>\n<p>&nbsp;<\/p>\n<p>&nbsp;<\/p>\n<h1><span style=\"color: #ff0000;\"><strong>VIDEO\u00a0 \u00a0in diretta AGGIORNAMENTO\u00a0 dalle 8 del mattino\u00a0 \u00a0<\/strong><\/span><\/h1>\n<p><iframe loading=\"lazy\" style=\"border: none; overflow: hidden;\" src=\"https:\/\/www.facebook.com\/plugins\/video.php?height=314&amp;href=https%3A%2F%2Fwww.facebook.com%2Fradiopiu%2Fvideos%2F1148697013415001%2F&amp;show_text=false&amp;width=560&amp;t=0\" width=\"560\" height=\"314\" frameborder=\"0\" scrolling=\"no\" allowfullscreen=\"allowfullscreen\"><\/iframe><\/p>\n<p>&nbsp;<\/p>\n<p>&nbsp;<\/p>\n<hr \/>\n<p>&nbsp;<\/p>\n<p>&nbsp;<\/p>\n<p>&nbsp;<\/p>\n<p><strong><a class=\"dt-pswp-item\" href=\"https:\/\/www.radiopiu.net\/wordpress\/wp-content\/uploads\/2023\/12\/ANTENNA.png\" data-dt-img-description=\"\" data-large_image_width=\"300\" data-large_image_height=\"166\"><img loading=\"lazy\" decoding=\"async\" class=\"wp-image-366306 alignright\" src=\"https:\/\/www.radiopiu.net\/wordpress\/wp-content\/uploads\/2023\/12\/ANTENNA.png\" alt=\"\" width=\"101\" height=\"56\" \/><\/a><a class=\"dt-pswp-item\" href=\"https:\/\/www.radiopiu.net\/wordpress\/wp-content\/uploads\/2024\/11\/th-17.jpg\" data-dt-img-description=\"\" data-large_image_width=\"224\" data-large_image_height=\"180\"><img loading=\"lazy\" decoding=\"async\" class=\" wp-image-421610 alignleft\" src=\"https:\/\/www.radiopiu.net\/wordpress\/wp-content\/uploads\/2024\/11\/th-17.jpg\" alt=\"\" width=\"167\" height=\"134\" \/><\/a>ogni sera alle 19 le anticipazioni alla radio, quello che poi seguirete nel TELEGIORNALE BELLUNESE\u00a0 in onda alle 19.30 sul CANALE 10 del digitale terrestre.\u00a0\u00a0<\/strong><\/p>\n<p><b>\u00a0\u00a0<\/b><\/p>\n<p>&nbsp;<\/p>\n<p>&nbsp;<\/p>\n<p>&nbsp;<\/p>\n<p>&nbsp;<\/p>\n<hr \/>\n<p>&nbsp;<\/p>\n<blockquote>\n<h3>DOPPIA VALANGA A PASSO CIBIANA. IN TOTALE CINQUE PERSONE TRATTE IN SALVO<\/h3>\n<\/blockquote>\n<p><strong>CIBIANA DI CADORE <\/strong>Ieri mattina intorno alle 10 si sono verificate due valanghe nella zona di Passo Cibiana, coinvolgendo diversi gruppi di scialpinisti. Il primo distacco \u00e8 avvenuto sugli Sfornioi, dove erano presenti due gruppi di quattro persone ciascuno. Inizialmente si pensava a un solo travolto, ma in realt\u00e0 le persone coinvolte erano tre: una trasportata in elicottero sotto shock a Pieve di Cadore, una con un grave trauma alla gamba portata a Belluno e una rientrata autonomamente. Sul posto sono intervenuti il Soccorso Alpino, l\u2019unit\u00e0 cinofila e la Guardia di Finanza per la bonifica. Mentre erano in corso i soccorsi, alle 11 si \u00e8 verificata una seconda valanga pi\u00f9 a ovest, verso Forcella Ciavazole. In questo caso, due scialpinisti sono stati travolti: uno \u00e8 rimasto illeso, mentre l\u2019altro, un 45enne della provincia di Belluno, \u00e8 stato trasportato in elicottero all\u2019ospedale con codice 2. Anche qui sono intervenuti il Soccorso Alpino e la Guardia di Finanza. Le operazioni di soccorso hanno coinvolto diverse unit\u00e0, tra cui l\u2019elicottero Falco, per monitorare l\u2019area e garantire che nessuno fosse disperso.<\/p>\n<p><strong>LE FOTO DALL&#8217;ELICOTTERO IN RICOGNIZIONE<\/strong><\/p>\n\n\t\t\t<style type='text\/css'>\n\t\t\t\t#gallery-1 {\n\t\t\t\t\tmargin: auto;\n\t\t\t\t}\n\t\t\t\t#gallery-1 .gallery-item {\n\t\t\t\t\tfloat: left;\n\t\t\t\t\tmargin-top: 10px;\n\t\t\t\t\ttext-align: center;\n\t\t\t\t\twidth: 33%;\n\t\t\t\t}\n\t\t\t\t#gallery-1 img {\n\t\t\t\t\tborder: 2px solid #cfcfcf;\n\t\t\t\t}\n\t\t\t\t#gallery-1 .gallery-caption {\n\t\t\t\t\tmargin-left: 0;\n\t\t\t\t}\n\t\t\t\t\/* see gallery_shortcode() in wp-includes\/media.php *\/\n\t\t\t<\/style>\n\t\t<div id='gallery-1' class='dt-gallery-container gallery galleryid-437296 gallery-columns-3 gallery-size-thumbnail'><dl class='gallery-item'>\n\t\t\t\t<dt class='gallery-icon landscape'>\n\t\t\t\t\t<a class=\"rollover rollover-zoom dt-pswp-item\" title=\"13434719-4611-4a6c-b434-1218c75433b9\" data-dt-img-description=\"\" data-large_image_width=\"1600\" data-large_image_height=\"1204\"href='https:\/\/www.radiopiu.net\/wordpress\/wp-content\/uploads\/2025\/03\/13434719-4611-4a6c-b434-1218c75433b9.jpg'><img loading=\"lazy\" decoding=\"async\" width=\"150\" height=\"150\" src=\"https:\/\/www.radiopiu.net\/wordpress\/wp-content\/uploads\/2025\/03\/13434719-4611-4a6c-b434-1218c75433b9-150x150.jpg\" class=\"attachment-thumbnail size-thumbnail\" alt=\"\" \/><\/a>\n\t\t\t\t<\/dt><\/dl><dl class='gallery-item'>\n\t\t\t\t<dt class='gallery-icon landscape'>\n\t\t\t\t\t<a class=\"rollover rollover-zoom dt-pswp-item\" title=\"e5f870bb-a505-464d-b424-9c4d8ee70ec3\" data-dt-img-description=\"\" data-large_image_width=\"1600\" data-large_image_height=\"1204\"href='https:\/\/www.radiopiu.net\/wordpress\/wp-content\/uploads\/2025\/03\/e5f870bb-a505-464d-b424-9c4d8ee70ec3.jpg'><img loading=\"lazy\" decoding=\"async\" width=\"150\" height=\"150\" src=\"https:\/\/www.radiopiu.net\/wordpress\/wp-content\/uploads\/2025\/03\/e5f870bb-a505-464d-b424-9c4d8ee70ec3-150x150.jpg\" class=\"attachment-thumbnail size-thumbnail\" alt=\"\" \/><\/a>\n\t\t\t\t<\/dt><\/dl><dl class='gallery-item'>\n\t\t\t\t<dt class='gallery-icon landscape'>\n\t\t\t\t\t<a class=\"rollover rollover-zoom dt-pswp-item\" title=\"5e687420-9ad3-49d2-a06c-cde3d464f105\" data-dt-img-description=\"\" data-large_image_width=\"1600\" data-large_image_height=\"1204\"href='https:\/\/www.radiopiu.net\/wordpress\/wp-content\/uploads\/2025\/03\/5e687420-9ad3-49d2-a06c-cde3d464f105.jpg'><img loading=\"lazy\" decoding=\"async\" width=\"150\" height=\"150\" src=\"https:\/\/www.radiopiu.net\/wordpress\/wp-content\/uploads\/2025\/03\/5e687420-9ad3-49d2-a06c-cde3d464f105-150x150.jpg\" class=\"attachment-thumbnail size-thumbnail\" alt=\"\" \/><\/a>\n\t\t\t\t<\/dt><\/dl><br style=\"clear: both\" \/>\n\t\t\t<\/div>\n\n<p>&nbsp;<\/p>\n<p><strong>LE FOTO DEL SOCCORSO ALPINO<\/strong><\/p>\n\n\t\t\t<style type='text\/css'>\n\t\t\t\t#gallery-2 {\n\t\t\t\t\tmargin: auto;\n\t\t\t\t}\n\t\t\t\t#gallery-2 .gallery-item {\n\t\t\t\t\tfloat: left;\n\t\t\t\t\tmargin-top: 10px;\n\t\t\t\t\ttext-align: center;\n\t\t\t\t\twidth: 33%;\n\t\t\t\t}\n\t\t\t\t#gallery-2 img {\n\t\t\t\t\tborder: 2px solid #cfcfcf;\n\t\t\t\t}\n\t\t\t\t#gallery-2 .gallery-caption {\n\t\t\t\t\tmargin-left: 0;\n\t\t\t\t}\n\t\t\t\t\/* see gallery_shortcode() in wp-includes\/media.php *\/\n\t\t\t<\/style>\n\t\t<div id='gallery-2' class='dt-gallery-container gallery galleryid-437296 gallery-columns-3 gallery-size-thumbnail'><dl class='gallery-item'>\n\t\t\t\t<dt class='gallery-icon portrait'>\n\t\t\t\t\t<a class=\"rollover rollover-zoom dt-pswp-item\" title=\"IMG-20250302-WA0048\" data-dt-img-description=\"\" data-large_image_width=\"1124\" data-large_image_height=\"1933\"href='https:\/\/www.radiopiu.net\/wordpress\/wp-content\/uploads\/2025\/03\/IMG-20250302-WA0048.jpg'><img loading=\"lazy\" decoding=\"async\" width=\"150\" height=\"150\" src=\"https:\/\/www.radiopiu.net\/wordpress\/wp-content\/uploads\/2025\/03\/IMG-20250302-WA0048-150x150.jpg\" class=\"attachment-thumbnail size-thumbnail\" alt=\"\" \/><\/a>\n\t\t\t\t<\/dt><\/dl><dl class='gallery-item'>\n\t\t\t\t<dt class='gallery-icon landscape'>\n\t\t\t\t\t<a class=\"rollover rollover-zoom dt-pswp-item\" title=\"IMG-20250302-WA0049\" data-dt-img-description=\"\" data-large_image_width=\"2048\" data-large_image_height=\"1151\"href='https:\/\/www.radiopiu.net\/wordpress\/wp-content\/uploads\/2025\/03\/IMG-20250302-WA0049.jpg'><img loading=\"lazy\" decoding=\"async\" width=\"150\" height=\"150\" src=\"https:\/\/www.radiopiu.net\/wordpress\/wp-content\/uploads\/2025\/03\/IMG-20250302-WA0049-150x150.jpg\" class=\"attachment-thumbnail size-thumbnail\" alt=\"\" \/><\/a>\n\t\t\t\t<\/dt><\/dl><dl class='gallery-item'>\n\t\t\t\t<dt class='gallery-icon portrait'>\n\t\t\t\t\t<a class=\"rollover rollover-zoom dt-pswp-item\" title=\"IMG-20250302-WA0044\" data-dt-img-description=\"\" data-large_image_width=\"1152\" data-large_image_height=\"2048\"href='https:\/\/www.radiopiu.net\/wordpress\/wp-content\/uploads\/2025\/03\/IMG-20250302-WA0044.jpg'><img loading=\"lazy\" decoding=\"async\" width=\"150\" height=\"150\" src=\"https:\/\/www.radiopiu.net\/wordpress\/wp-content\/uploads\/2025\/03\/IMG-20250302-WA0044-150x150.jpg\" class=\"attachment-thumbnail size-thumbnail\" alt=\"\" \/><\/a>\n\t\t\t\t<\/dt><\/dl><br style=\"clear: both\" \/><dl class='gallery-item'>\n\t\t\t\t<dt class='gallery-icon portrait'>\n\t\t\t\t\t<a class=\"rollover rollover-zoom dt-pswp-item\" title=\"IMG-20250302-WA0054\" data-dt-img-description=\"\" data-large_image_width=\"900\" data-large_image_height=\"1600\"href='https:\/\/www.radiopiu.net\/wordpress\/wp-content\/uploads\/2025\/03\/IMG-20250302-WA0054.jpg'><img loading=\"lazy\" decoding=\"async\" width=\"150\" height=\"150\" src=\"https:\/\/www.radiopiu.net\/wordpress\/wp-content\/uploads\/2025\/03\/IMG-20250302-WA0054-150x150.jpg\" class=\"attachment-thumbnail size-thumbnail\" alt=\"\" \/><\/a>\n\t\t\t\t<\/dt><\/dl><dl class='gallery-item'>\n\t\t\t\t<dt class='gallery-icon portrait'>\n\t\t\t\t\t<a class=\"rollover rollover-zoom dt-pswp-item\" title=\"IMG-20250302-WA0046\" data-dt-img-description=\"\" data-large_image_width=\"1152\" data-large_image_height=\"2048\"href='https:\/\/www.radiopiu.net\/wordpress\/wp-content\/uploads\/2025\/03\/IMG-20250302-WA0046.jpg'><img loading=\"lazy\" decoding=\"async\" width=\"150\" height=\"150\" src=\"https:\/\/www.radiopiu.net\/wordpress\/wp-content\/uploads\/2025\/03\/IMG-20250302-WA0046-150x150.jpg\" class=\"attachment-thumbnail size-thumbnail\" alt=\"\" \/><\/a>\n\t\t\t\t<\/dt><\/dl><dl class='gallery-item'>\n\t\t\t\t<dt class='gallery-icon portrait'>\n\t\t\t\t\t<a class=\"rollover rollover-zoom dt-pswp-item\" title=\"IMG-20250302-WA0047\" data-dt-img-description=\"\" data-large_image_width=\"1152\" data-large_image_height=\"2048\"href='https:\/\/www.radiopiu.net\/wordpress\/wp-content\/uploads\/2025\/03\/IMG-20250302-WA0047.jpg'><img loading=\"lazy\" decoding=\"async\" width=\"150\" height=\"150\" src=\"https:\/\/www.radiopiu.net\/wordpress\/wp-content\/uploads\/2025\/03\/IMG-20250302-WA0047-150x150.jpg\" class=\"attachment-thumbnail size-thumbnail\" alt=\"\" \/><\/a>\n\t\t\t\t<\/dt><\/dl><br style=\"clear: both\" \/>\n\t\t\t<\/div>\n\n<p>&nbsp;<\/p>\n<hr \/>\n<p>&nbsp;<\/p>\n<blockquote>\n<h3>MALORE A SANTA GIUSTINA: MUORE UN UOMO DI 57 ANNI. SONO 20 GLI INTERVENTI SULLE PISTE DA SCI DELLA PROVINCIA<\/h3>\n<\/blockquote>\n<p><strong><a class=\"dt-pswp-item\" href=\"https:\/\/www.radiopiu.net\/wordpress\/wp-content\/uploads\/2025\/02\/SALT.jpg\" data-dt-img-description=\"\" data-large_image_width=\"1903\" data-large_image_height=\"1330\"><img loading=\"lazy\" decoding=\"async\" class=\" wp-image-435451 alignleft\" src=\"https:\/\/www.radiopiu.net\/wordpress\/wp-content\/uploads\/2025\/02\/SALT-300x210.jpg\" alt=\"\" width=\"174\" height=\"122\" srcset=\"https:\/\/www.radiopiu.net\/wordpress\/wp-content\/uploads\/2025\/02\/SALT-300x210.jpg 300w, https:\/\/www.radiopiu.net\/wordpress\/wp-content\/uploads\/2025\/02\/SALT-1024x716.jpg 1024w, https:\/\/www.radiopiu.net\/wordpress\/wp-content\/uploads\/2025\/02\/SALT-768x537.jpg 768w, https:\/\/www.radiopiu.net\/wordpress\/wp-content\/uploads\/2025\/02\/SALT-1536x1074.jpg 1536w, https:\/\/www.radiopiu.net\/wordpress\/wp-content\/uploads\/2025\/02\/SALT.jpg 1903w\" sizes=\"auto, (max-width: 174px) 100vw, 174px\" \/><\/a>REDAZIONE<\/strong> Una domenica impegnativa per le donne e gli uomini del Suem 118 impegnati su pi\u00f9 fronti per emergenze. In mattinata una donna di 42 anni ha accusato un malore al rifugio Peccatorum, nei pressi di Palafavera. \u00c8 stata soccorsa dal servizio di elisoccorso Aiut Alpin Dolomites e trasportata all\u2019ospedale di Agordo. Poco prima delle 15 una sciatrice di 61 anni, originaria di Bolzano, ha subito un trauma sulle piste delle Cinque Torri a Cortina. \u00c8 stata trasportata a Belluno con l&#8217;elicottero &#8220;Falco&#8221;. Poco dopo un&#8217;altra sciatrice, 50enne di Padova, ha riportato un trauma nella zona dell\u2019Olimpia Tofana a Cortina. Anche lei \u00e8 stata elitrasportata a Belluno. Sono 20 gli interventi registrati sui comprensori sciistici della provincia. Oltre agli interventi sulle piste da sci altre due emergenze hanno impegnato il Suem. Alle 15 un incidente stradale a Colle Santa Lucia ha coinvolto una donna di 63 anni residente in loco. I mezzi di soccorso l\u2019hanno trasportata all&#8217;ospedale di Agordo. Alle 15:48 intervento a Santa Giustina dove un uomo di 57 anni ha avuto un\u2019emergenza medica in casa propria. Il paziente \u00e8 deceduto sul posto.<\/p>\n<p>&nbsp;<\/p>\n<p>&nbsp;<\/p>\n<hr \/>\n<p>&nbsp;<\/p>\n<blockquote>\n<h3>INCIDENTE IN MOTOSLITTA SUL PASSO PORDOI. TRE FERITI<\/h3>\n<\/blockquote>\n<p><strong><a class=\"dt-pswp-item\" href=\"https:\/\/www.radiopiu.net\/wordpress\/wp-content\/uploads\/2025\/03\/MOTOSLITTA.jpg\" data-dt-img-description=\"\" data-large_image_width=\"1280\" data-large_image_height=\"662\"><img loading=\"lazy\" decoding=\"async\" class=\" wp-image-437368 alignleft\" src=\"https:\/\/www.radiopiu.net\/wordpress\/wp-content\/uploads\/2025\/03\/MOTOSLITTA-300x155.jpg\" alt=\"\" width=\"194\" height=\"100\" srcset=\"https:\/\/www.radiopiu.net\/wordpress\/wp-content\/uploads\/2025\/03\/MOTOSLITTA-300x155.jpg 300w, https:\/\/www.radiopiu.net\/wordpress\/wp-content\/uploads\/2025\/03\/MOTOSLITTA-1024x530.jpg 1024w, https:\/\/www.radiopiu.net\/wordpress\/wp-content\/uploads\/2025\/03\/MOTOSLITTA-768x397.jpg 768w, https:\/\/www.radiopiu.net\/wordpress\/wp-content\/uploads\/2025\/03\/MOTOSLITTA.jpg 1280w\" sizes=\"auto, (max-width: 194px) 100vw, 194px\" \/><\/a>PASSO PORDOI<\/strong> Tre giovani di 21 anni di Trento si sono schiantati con una motoslitta contro la protezione della terrazza del rifugio Kristiania, a Canazei, nella notte tra venerd\u00ec e sabato. L&#8217;incidente \u00e8 avvenuto all&#8217;1:35 di sabato. I soccorsi sono stati prestati dalla Croce Bianca di Arabba e da un&#8217;ambulanza locale. Due feriti sono stati trasportati all&#8217;ospedale di Cavalese e uno al Papa Luciani di Agordo, riportando traumi di media gravit\u00e0 ma senza essere in pericolo di vita. Non sono intervenute forze di polizia, ma si ipotizzano sanzioni amministrative per l\u2019uso illecito della motoslitta fuori orario.<\/p>\n<p>&nbsp;<\/p>\n<p>&nbsp;<\/p>\n<hr \/>\n<p>&nbsp;<\/p>\n<blockquote>\n<h3>SOCCORSA SCIALPINISTA SOTTO FORCELLA CAVALLINO<\/h3>\n<\/blockquote>\n<p><strong><a class=\"dt-pswp-item\" href=\"https:\/\/www.radiopiu.net\/wordpress\/wp-content\/uploads\/2025\/03\/Point-Blur_Mar012025_165305.jpg\" data-dt-img-description=\"\" data-large_image_width=\"2364\" data-large_image_height=\"1773\"><img loading=\"lazy\" decoding=\"async\" class=\" wp-image-437365 alignleft\" src=\"https:\/\/www.radiopiu.net\/wordpress\/wp-content\/uploads\/2025\/03\/Point-Blur_Mar012025_165305-300x225.jpg\" alt=\"\" width=\"148\" height=\"111\" srcset=\"https:\/\/www.radiopiu.net\/wordpress\/wp-content\/uploads\/2025\/03\/Point-Blur_Mar012025_165305-300x225.jpg 300w, https:\/\/www.radiopiu.net\/wordpress\/wp-content\/uploads\/2025\/03\/Point-Blur_Mar012025_165305-1024x768.jpg 1024w, https:\/\/www.radiopiu.net\/wordpress\/wp-content\/uploads\/2025\/03\/Point-Blur_Mar012025_165305-768x576.jpg 768w, https:\/\/www.radiopiu.net\/wordpress\/wp-content\/uploads\/2025\/03\/Point-Blur_Mar012025_165305-1536x1152.jpg 1536w, https:\/\/www.radiopiu.net\/wordpress\/wp-content\/uploads\/2025\/03\/Point-Blur_Mar012025_165305-2048x1536.jpg 2048w\" sizes=\"auto, (max-width: 148px) 100vw, 148px\" \/><\/a>COMELICO SUPERIORE<\/strong> Attorno alle 14.45 di sabato la Centrale del 118 \u00e8 stata attivata per una scialpinista austriaca che si era fatta male nella fase di discesa da Forcella Cavallino. Sul posto \u00e8 stato quindi inviato l&#8217;elicottero del Suem di Pieve di Cadore, che ha individuato il punto dove si trovava la donna, in compagnia del marito. Sbarcati in hovering nei pressi, equipe medica e tecnico di elisoccorso hanno raggiunto l&#8217;infortunata, che aveva riportato un trauma alla gamba. Dopo averla stabilizzata e caricata in barella, i soccorritori hanno provveduto al suo recupero mediante verricello, per poi trasportarla all&#8217;ospedale di Belluno. Il marito \u00e8 rientrato da solo.<\/p>\n<p>&nbsp;<\/p>\n<p>&nbsp;<\/p>\n<hr \/>\n<p>&nbsp;<\/p>\n<blockquote>\n<h2>Vicini a voi, Sabrina e Matteo, anche dall&#8217;Agordino in questo doloroso momento<\/h2>\n<\/blockquote>\n<p><a class=\"dt-pswp-item\" href=\"https:\/\/www.radiopiu.net\/wordpress\/wp-content\/uploads\/2025\/03\/Senza-nome-4.png\" data-dt-img-description=\"\" data-large_image_width=\"218\" data-large_image_height=\"182\"><img loading=\"lazy\" decoding=\"async\" class=\"size-full wp-image-437576 alignleft\" src=\"https:\/\/www.radiopiu.net\/wordpress\/wp-content\/uploads\/2025\/03\/Senza-nome-4.png\" alt=\"\" width=\"218\" height=\"182\" \/><\/a>Ci ha lasciati MARIO MELLA di anni 60. Affranti ne danno il triste annuncio la moglie Sabrina (gi\u00e0 sindaco di Soverzene) con il figlio Matteo, i fratelli Raffaele e Massimo, i cognati, i nipoti, i parenti e gli amici tutti. Le esequie avranno luogo Mercoled\u00ec 5 marzo alle ore 15.00 nella Chiesa Arcipretale di Cadola. Mario verr\u00e0 tumulato nel cimitero di Steven\u00e0 di Caneva (PN). Visite presso la Casa Funeraria De Dea Gelisio in via Sarajevo n.1 a Belluno, Luned\u00ec e Marted\u00ec orari: 9.00 &#8211; 12.00 e 15.00 &#8211; 18.00, Mercoled\u00ec 9.00 12.00. La famiglia porge un sentito ringraziamento ai medici curanti Dr.ssa Margherita De Marchi e Monica Casanova, i Medici ed il Personale tutto dei Reparti di Pneumologia e Oncologia degli Ospedali di Vimercate, IOV di Castelfranco Veneto, Pneumologia dell&#8217;ospedale S. Martino di Belluno e dell&#8217;ADIMED.<\/p>\n<p>&nbsp;<\/p>\n<hr \/>\n<p>&nbsp;<\/p>\n<blockquote>\n<h3>Due interventi per incendio camino ad Agordo e Cencenighe Agordino<\/h3>\n<\/blockquote>\n<h3><strong style=\"font-size: 14px;\" data-start=\"78\" data-end=\"110\"><a class=\"dt-pswp-item\" href=\"https:\/\/www.radiopiu.net\/wordpress\/wp-content\/uploads\/2025\/03\/Senza-nome-1.png\" data-dt-img-description=\"\" data-large_image_width=\"164\" data-large_image_height=\"136\"><img loading=\"lazy\" decoding=\"async\" class=\"size-full wp-image-437474 alignleft\" src=\"https:\/\/www.radiopiu.net\/wordpress\/wp-content\/uploads\/2025\/03\/Senza-nome-1.png\" alt=\"\" width=\"164\" height=\"136\" \/><\/a>AGORDO\/CENCENIGHE AGORDINO <\/strong><span style=\"font-size: 14px; font-weight: normal;\">Mattinata di lavoro per i Vigili del Fuoco di Agordo, impegnati in due distinti interventi per incendi camino, fortunatamente senza feriti n\u00e9 danni alle strutture. Il primo allarme \u00e8 scattato alle 9:30 in frazione Farenzena ad Agordo, dove i pompieri sono intervenuti per domare le fiamme sviluppatesi all&#8217;interno di una canna fumaria. Grazie alla rapidit\u00e0 dell&#8217;intervento, la situazione \u00e8 stata riportata rapidamente sotto controllo. Il secondo intervento si \u00e8 reso necessario alle 11:30 in frazione Vare a Cencenighe Agordino, con l&#8217;intervento congiunto dei Vigili del Fuoco permanenti e volontari di Agordo. Anche in questo caso, le fiamme sono state circoscritte senza danni all\u2019abitazione n\u00e9 rischi per gli occupanti. Questi episodi ricordano l&#8217;importanza della manutenzione periodica dei camini, essenziale per evitare incendi e garantire la sicurezza delle abitazioni.\u00a0<\/span><\/h3>\n<p>&nbsp;<\/p>\n<hr \/>\n<blockquote>\n<p data-start=\"0\" data-end=\"63\"><strong data-start=\"0\" data-end=\"61\">\u00a0<\/strong><\/p>\n<p data-start=\"0\" data-end=\"63\"><strong data-start=\"0\" data-end=\"61\">LAMON \u2013 Schianto all\u2019ingresso del paese, conducente fugge<\/strong><\/p>\n<\/blockquote>\n<p data-start=\"65\" data-end=\"588\" data-is-last-node=\"\" data-is-only-node=\"\">Sabato sera a Lamon, mentre era in corso il &#8220;Brusa la vecia&#8221;, un&#8217;auto si \u00e8 schiantata all&#8217;imbocco del paese. Il conducente, un residente del Feltrino, ha abbandonato il veicolo prima dell&#8217;arrivo dei soccorsi, probabilmente per evitare il controllo dell&#8217;etilometro. I carabinieri di Feltre lo hanno rintracciato successivamente, ma a quel punto il test alcolemico non era pi\u00f9 valido.<\/p>\n<blockquote>\n<p data-start=\"65\" data-end=\"588\" data-is-last-node=\"\" data-is-only-node=\"\">\n<\/blockquote>\n<hr \/>\n<blockquote>\n<h3 data-start=\"65\" data-end=\"588\"><strong data-start=\"0\" data-end=\"61\"><a class=\"dt-pswp-item\" href=\"https:\/\/www.radiopiu.net\/wordpress\/wp-content\/uploads\/2025\/03\/Senza-nome-5.png\" data-dt-img-description=\"\" data-large_image_width=\"241\" data-large_image_height=\"150\"><img loading=\"lazy\" decoding=\"async\" class=\" wp-image-437578 alignleft\" src=\"https:\/\/www.radiopiu.net\/wordpress\/wp-content\/uploads\/2025\/03\/Senza-nome-5.png\" alt=\"\" width=\"194\" height=\"121\" \/><\/a><\/strong>TRAGEDIA SOLO SFIORATA<\/h3>\n<p>SETTEVILLE Sabato a mezzanotte a Monfumo, un&#8217;auto \u00e8 uscita di strada finendo la corsa nel classico fosso. Al volante della Fiesta un tunisino di 18 anni, nell&#8217;impatto 5 i feriti, non gravi, tra i 18 e i 19 anni.<\/p><\/blockquote>\n<p><span style=\"color: #ff0000;\"><strong>foto archivio\u00a0 \u00a0<\/strong><\/span><\/p>\n<p>&nbsp;<\/p>\n<blockquote><p>&nbsp;<\/p><\/blockquote>\n<hr \/>\n<p>&nbsp;<\/p>\n<blockquote>\n<h1><a class=\"dt-pswp-item\" href=\"https:\/\/www.radiopiu.net\/wordpress\/wp-content\/uploads\/2022\/12\/elia-barp-7.-mondiali-vuokatti-10-km-skating-12.02.2021.jpg\" data-dt-img-description=\"\" data-large_image_width=\"2048\" data-large_image_height=\"1362\"><img loading=\"lazy\" decoding=\"async\" class=\"size-medium wp-image-314014 alignleft\" src=\"https:\/\/www.radiopiu.net\/wordpress\/wp-content\/uploads\/2022\/12\/elia-barp-7.-mondiali-vuokatti-10-km-skating-12.02.2021-300x200.jpg\" alt=\"\" width=\"300\" height=\"200\" srcset=\"https:\/\/www.radiopiu.net\/wordpress\/wp-content\/uploads\/2022\/12\/elia-barp-7.-mondiali-vuokatti-10-km-skating-12.02.2021-300x200.jpg 300w, https:\/\/www.radiopiu.net\/wordpress\/wp-content\/uploads\/2022\/12\/elia-barp-7.-mondiali-vuokatti-10-km-skating-12.02.2021-1024x681.jpg 1024w, https:\/\/www.radiopiu.net\/wordpress\/wp-content\/uploads\/2022\/12\/elia-barp-7.-mondiali-vuokatti-10-km-skating-12.02.2021-768x511.jpg 768w, https:\/\/www.radiopiu.net\/wordpress\/wp-content\/uploads\/2022\/12\/elia-barp-7.-mondiali-vuokatti-10-km-skating-12.02.2021-1536x1022.jpg 1536w, https:\/\/www.radiopiu.net\/wordpress\/wp-content\/uploads\/2022\/12\/elia-barp-7.-mondiali-vuokatti-10-km-skating-12.02.2021.jpg 2048w\" sizes=\"auto, (max-width: 300px) 100vw, 300px\" \/><\/a>Mondiali; torna in Italia Barp, ieri malore in gara<\/h1>\n<\/blockquote>\n<p>E&#8217; terminato dopo appena una gara il Mondiale di sci nordico di Elia Barp.\u00a0 Lo ha comunicato la Fisi con una nota in cui si precisa che &#8220;Elia Barp ha accusato un malessere nel corso della gara di skiathlon di sabato.<\/p>\n<blockquote><p>in accordo con la Commissione Medica della Fisi, l&#8217;atleta rientrer\u00e0 in Italia per gli accertamenti del caso&#8221;.<br \/>\nBarp, 22enne finanziere di Belluno, aveva chiuso al 53\/o posto la gara dello skiathlon (10 km in classico+10 km skating) e poi aveva postato sul proprio profilo Instagram il messaggio: &#8220;torner\u00f2 pi\u00f9 forte, lo prometto&#8221;.<\/p>\n<p>&nbsp;<\/p><\/blockquote>\n<hr \/>\n<p>&nbsp;<\/p>\n<blockquote>\n<h3>TRENTENNE IN CARCERE. ARRESTATO PER DETENZIONE DI SOSTANZE STUPEFACENTI<\/h3>\n<\/blockquote>\n<p><strong><a class=\"dt-pswp-item\" href=\"https:\/\/www.radiopiu.net\/wordpress\/wp-content\/uploads\/2021\/11\/QUESTURA-BELLUNO.png\" data-dt-img-description=\"\" data-large_image_width=\"1912\" data-large_image_height=\"1384\"><img loading=\"lazy\" decoding=\"async\" class=\" wp-image-244040 alignleft\" src=\"https:\/\/www.radiopiu.net\/wordpress\/wp-content\/uploads\/2021\/11\/QUESTURA-BELLUNO-300x217.png\" alt=\"\" width=\"171\" height=\"124\" srcset=\"https:\/\/www.radiopiu.net\/wordpress\/wp-content\/uploads\/2021\/11\/QUESTURA-BELLUNO-300x217.png 300w, https:\/\/www.radiopiu.net\/wordpress\/wp-content\/uploads\/2021\/11\/QUESTURA-BELLUNO-1024x741.png 1024w, https:\/\/www.radiopiu.net\/wordpress\/wp-content\/uploads\/2021\/11\/QUESTURA-BELLUNO-768x556.png 768w, https:\/\/www.radiopiu.net\/wordpress\/wp-content\/uploads\/2021\/11\/QUESTURA-BELLUNO-1536x1112.png 1536w, https:\/\/www.radiopiu.net\/wordpress\/wp-content\/uploads\/2021\/11\/QUESTURA-BELLUNO.png 1912w\" sizes=\"auto, (max-width: 171px) 100vw, 171px\" \/><\/a>BELLUNO <\/strong>Nel pomeriggio del 26 febbraio, la Squadra Mobile di Belluno ha arrestato in flagranza di reato un cittadino italiano trentenne per detenzione di sostanze stupefacenti. L\u2019uomo, gi\u00e0 noto alle forze dell\u2019ordine per precedenti di polizia e sottoposto alla misura dell\u2019affidamento in prova ai servizi sociali, \u00e8 stato individuato nei pressi di una scuola a Belluno. A seguito di una perquisizione personale e domiciliare, \u00e8 stato trovato in possesso di circa 20 grammi di sostanze stupefacenti, suddivise in dosi di hashish e ketamina, oltre a un bilancino di precisione, materiale per il confezionamento e un telefono cellulare. Arrestato e inizialmente posto agli arresti domiciliari, il giorno successivo l\u2019autorit\u00e0 giudiziaria ha disposto nei suoi confronti la custodia cautelare in carcere. Nel pomeriggio del 27 febbraio, gli agenti della Squadra Mobile hanno quindi eseguito il provvedimento, traducendolo in carcere.<\/p>\n<p>&nbsp;<\/p>\n<p>&nbsp;<\/p>\n<hr \/>\n<p>&nbsp;<\/p>\n<blockquote>\n<h2 style=\"text-align: left;\">Bandiera degli Alpini strappata a Belluno. La solidariet\u00e0 di Zaia. \u201cTriste simbolo di perdita di valori\u201d<\/h2>\n<\/blockquote>\n<p><a href=\"https:\/\/www.radiopiu.net\/wordpress\/wp-content\/uploads\/2025\/03\/5958a460-58eb-468f-96fa-2709ea444542.webp\"><img loading=\"lazy\" decoding=\"async\" class=\"size-medium wp-image-437618 alignleft\" src=\"https:\/\/www.radiopiu.net\/wordpress\/wp-content\/uploads\/2025\/03\/5958a460-58eb-468f-96fa-2709ea444542-300x300.webp\" alt=\"\" width=\"300\" height=\"300\" srcset=\"https:\/\/www.radiopiu.net\/wordpress\/wp-content\/uploads\/2025\/03\/5958a460-58eb-468f-96fa-2709ea444542-300x300.webp 300w, https:\/\/www.radiopiu.net\/wordpress\/wp-content\/uploads\/2025\/03\/5958a460-58eb-468f-96fa-2709ea444542-150x150.webp 150w, https:\/\/www.radiopiu.net\/wordpress\/wp-content\/uploads\/2025\/03\/5958a460-58eb-468f-96fa-2709ea444542-768x768.webp 768w, https:\/\/www.radiopiu.net\/wordpress\/wp-content\/uploads\/2025\/03\/5958a460-58eb-468f-96fa-2709ea444542.webp 1024w\" sizes=\"auto, (max-width: 300px) 100vw, 300px\" \/><\/a><em>\u201cEsprimo condanna e dispiacere per l\u2019atto vandalico rivolto contro gli Alpini di Belluno in occasione dell\u2019Assemblea annuale di sezione. Strappare e danneggiare bandiere tanto care a questi eroi, sia in tempo di guerra che di pace, \u00e8 il triste simbolo di una grave perdita di valori, a cominciare dal rispetto\u201d.<\/em><\/p>\n<p>&nbsp;<\/p>\n<p>Lo dice il Presidente della Regione Veneto, Luca Zaia, in relazione ai vandalismi compiuti a Belluno, dove gli Alpini festeggiavano la loro assemblea di sezione.<\/p>\n<p>&nbsp;<\/p>\n<p><em>\u201cI tanti episodi di eroismo di cui gli Alpini si sono resi protagonisti in tempo di guerra fanno parte della storia e non potranno mai essere cancellati \u2013 aggiunge Zaia \u2013 ma oggi non dobbiamo dimenticare con orgoglio e gratitudine quanto le penne nere fanno in aiuto alle persone in difficolt\u00e0, in occasione di calamit\u00e0 naturali, quando c\u2019\u00e8 bisogno di gente coraggiosa che sia la prima ad arrivare e l\u2019ultima ad andarsene quando c\u2019\u00e8 bisogno.<\/em><\/p>\n<p>Danneggiare le loro bandiere \u2013 conclude \u2013 \u00e8 un gesto che denota una grave lacuna di ignoranza rispetto alla storia e al presente\u201d.<\/p>\n<p>&nbsp;<\/p>\n<hr \/>\n<p>&nbsp;<\/p>\n<blockquote>\n<h3>DECRETO BOLLETTE MIGLIORABILE PER CONARTIGIANATO BELLUNO<\/h3>\n<\/blockquote>\n<p><strong><a class=\"dt-pswp-item\" href=\"https:\/\/www.radiopiu.net\/wordpress\/wp-content\/uploads\/2024\/12\/scarzanella-dic24-scaled.jpg\" data-dt-img-description=\"\" data-large_image_width=\"1969\" data-large_image_height=\"2560\"><img loading=\"lazy\" decoding=\"async\" class=\" wp-image-427054 alignleft\" src=\"https:\/\/www.radiopiu.net\/wordpress\/wp-content\/uploads\/2024\/12\/scarzanella-dic24-231x300.jpg\" alt=\"\" width=\"152\" height=\"197\" srcset=\"https:\/\/www.radiopiu.net\/wordpress\/wp-content\/uploads\/2024\/12\/scarzanella-dic24-231x300.jpg 231w, https:\/\/www.radiopiu.net\/wordpress\/wp-content\/uploads\/2024\/12\/scarzanella-dic24-787x1024.jpg 787w, https:\/\/www.radiopiu.net\/wordpress\/wp-content\/uploads\/2024\/12\/scarzanella-dic24-768x999.jpg 768w, https:\/\/www.radiopiu.net\/wordpress\/wp-content\/uploads\/2024\/12\/scarzanella-dic24-1181x1536.jpg 1181w, https:\/\/www.radiopiu.net\/wordpress\/wp-content\/uploads\/2024\/12\/scarzanella-dic24-1575x2048.jpg 1575w, https:\/\/www.radiopiu.net\/wordpress\/wp-content\/uploads\/2024\/12\/scarzanella-dic24-scaled.jpg 1969w\" sizes=\"auto, (max-width: 152px) 100vw, 152px\" \/><\/a>BELLUNO<\/strong> Il Decreto bollette approvato dal Governo prevede un taglio degli oneri di sistema per le piccole e medie imprese, con un investimento di 1,4 miliardi di euro. Il provvedimento dovrebbe ridurre le bollette del 20% e introduce un fondo per sostenere famiglie e imprese, finanziato monitorando l\u2019Iva sugli aumenti del gas. Claudia Scarzanella, presidente di Confartigianato Imprese Belluno, apprezza la misura ma sottolinea la necessit\u00e0 di una riforma strutturale del sistema dei costi energetici per garantire stabilit\u00e0. L\u2019alto costo dell\u2019energia in Italia, rispetto alla media europea, penalizza le piccole imprese, riducendo il potere d\u2019acquisto e rallentando l\u2019economia. Michele Basso, direttore di Confartigianato Belluno, evidenzia che a gennaio 2025 il prezzo del gas \u00e8 aumentato del 60,8% su base annua e quello dell\u2019elettricit\u00e0 del 44,2%, con un incremento del 18,2% delle bollette nel primo trimestre. Eurostat conferma che l\u2019Italia ha il costo dell\u2019energia pi\u00f9 alto in Europa per le piccole imprese, con un divario del 22,5% rispetto alla media UE. Nel biennio 2022-2023, le micro e piccole imprese italiane hanno pagato 11,8 miliardi in pi\u00f9 rispetto ai competitor europei, con il Veneto secondo solo alla Lombardia per maggiori oneri. Scarzanella sollecita un\u2019azione a livello europeo per uniformare i costi energetici, ritenendo insufficiente il solo intervento nazionale.<\/p>\n<p>&nbsp;<\/p>\n<p>&nbsp;<\/p>\n<hr \/>\n<p>&nbsp;<\/p>\n<blockquote>\n<h3>NUOVA STRUTTURA PER IL CALCIO A LENTIAI, INAUGURATO IL CAMPO SINTETICO PER UN INVESTIMENTO DA 800 MILA EURO<\/h3>\n<\/blockquote>\n<p><strong>BORGO VALBELLUNA<\/strong> \u00c8 stato inaugurato a Lentiai, nel comune di Borgo Valbelluna, un nuovo campo sportivo in erba sintetica di ultima generazione, adatto a qualsiasi clima. L&#8217;impianto, sostenibile grazie a un sistema di recupero dell\u2019acqua piovana, sostituisce il vecchio terreno di gioco e sar\u00e0 utilizzato da diverse societ\u00e0 sportive locali. Il costo complessivo dell\u2019intervento \u00e8 di 800 mila euro, finanziato con 500 mila dal Fondo Comuni Confinanti e 300 mila dal Comune. \u00c8 stato inoltre finanziato un nuovo impianto di illuminazione con un contributo di 250 mila euro. Il presidente del FCC Dario Bond ha sottolineato l&#8217;importanza dell&#8217;investimento per i giovani e per lo sviluppo del territorio. Anche il presidente della Provincia di Belluno, Roberto Padrin, ha ribadito il valore dello sport nella crescita delle nuove generazioni. Alla cerimonia di inaugurazione erano presenti autorit\u00e0 locali, rappresentanti sportivi e la Filarmonica di Lentiai.<\/p>\n\n\t\t\t<style type='text\/css'>\n\t\t\t\t#gallery-3 {\n\t\t\t\t\tmargin: auto;\n\t\t\t\t}\n\t\t\t\t#gallery-3 .gallery-item {\n\t\t\t\t\tfloat: left;\n\t\t\t\t\tmargin-top: 10px;\n\t\t\t\t\ttext-align: center;\n\t\t\t\t\twidth: 33%;\n\t\t\t\t}\n\t\t\t\t#gallery-3 img {\n\t\t\t\t\tborder: 2px solid #cfcfcf;\n\t\t\t\t}\n\t\t\t\t#gallery-3 .gallery-caption {\n\t\t\t\t\tmargin-left: 0;\n\t\t\t\t}\n\t\t\t\t\/* see gallery_shortcode() in wp-includes\/media.php *\/\n\t\t\t<\/style>\n\t\t<div id='gallery-3' class='dt-gallery-container gallery galleryid-437296 gallery-columns-3 gallery-size-thumbnail'><dl class='gallery-item'>\n\t\t\t\t<dt class='gallery-icon landscape'>\n\t\t\t\t\t<a class=\"rollover rollover-zoom dt-pswp-item\" title=\"Inaugurazione Campo Lentiai 02.02 (1)\" data-dt-img-description=\"\" data-large_image_width=\"1600\" data-large_image_height=\"1200\"href='https:\/\/www.radiopiu.net\/wordpress\/wp-content\/uploads\/2025\/03\/Inaugurazione-Campo-Lentiai-02.02-1.jpeg'><img loading=\"lazy\" decoding=\"async\" width=\"150\" height=\"150\" src=\"https:\/\/www.radiopiu.net\/wordpress\/wp-content\/uploads\/2025\/03\/Inaugurazione-Campo-Lentiai-02.02-1-150x150.jpeg\" class=\"attachment-thumbnail size-thumbnail\" alt=\"\" \/><\/a>\n\t\t\t\t<\/dt><\/dl><dl class='gallery-item'>\n\t\t\t\t<dt class='gallery-icon landscape'>\n\t\t\t\t\t<a class=\"rollover rollover-zoom dt-pswp-item\" title=\"Inaugurazione Campo Lentiai 02.02 (3)\" data-dt-img-description=\"\" data-large_image_width=\"1600\" data-large_image_height=\"1200\"href='https:\/\/www.radiopiu.net\/wordpress\/wp-content\/uploads\/2025\/03\/Inaugurazione-Campo-Lentiai-02.02-3.jpeg'><img loading=\"lazy\" decoding=\"async\" width=\"150\" height=\"150\" src=\"https:\/\/www.radiopiu.net\/wordpress\/wp-content\/uploads\/2025\/03\/Inaugurazione-Campo-Lentiai-02.02-3-150x150.jpeg\" class=\"attachment-thumbnail size-thumbnail\" alt=\"\" \/><\/a>\n\t\t\t\t<\/dt><\/dl><dl class='gallery-item'>\n\t\t\t\t<dt class='gallery-icon landscape'>\n\t\t\t\t\t<a class=\"rollover rollover-zoom dt-pswp-item\" title=\"Inaugurazione Campo Lentiai 02.02 (4)\" data-dt-img-description=\"\" data-large_image_width=\"1600\" data-large_image_height=\"1200\"href='https:\/\/www.radiopiu.net\/wordpress\/wp-content\/uploads\/2025\/03\/Inaugurazione-Campo-Lentiai-02.02-4.jpeg'><img loading=\"lazy\" decoding=\"async\" width=\"150\" height=\"150\" src=\"https:\/\/www.radiopiu.net\/wordpress\/wp-content\/uploads\/2025\/03\/Inaugurazione-Campo-Lentiai-02.02-4-150x150.jpeg\" class=\"attachment-thumbnail size-thumbnail\" alt=\"\" \/><\/a>\n\t\t\t\t<\/dt><\/dl><br style=\"clear: both\" \/>\n\t\t\t<\/div>\n\n<p>&nbsp;<\/p>\n<hr \/>\n<p>&nbsp;<\/p>\n<blockquote>\n<h3>COMELICO IN SALUTE: ALLEANZA TRA IL SERVIZIO SANITARIO E LA COMUNIT\u00c0 PER LA PROMOZIONE DELLA SALUTE<\/h3>\n<\/blockquote>\n<p><strong><a class=\"dt-pswp-item\" href=\"https:\/\/www.radiopiu.net\/wordpress\/wp-content\/uploads\/2025\/03\/WhatsApp-Image-2025-03-01-at-14.12.54.jpeg\" data-dt-img-description=\"\" data-large_image_width=\"2004\" data-large_image_height=\"1225\"><img loading=\"lazy\" decoding=\"async\" class=\" wp-image-437362 alignleft\" src=\"https:\/\/www.radiopiu.net\/wordpress\/wp-content\/uploads\/2025\/03\/WhatsApp-Image-2025-03-01-at-14.12.54-300x183.jpeg\" alt=\"\" width=\"234\" height=\"143\" srcset=\"https:\/\/www.radiopiu.net\/wordpress\/wp-content\/uploads\/2025\/03\/WhatsApp-Image-2025-03-01-at-14.12.54-300x183.jpeg 300w, https:\/\/www.radiopiu.net\/wordpress\/wp-content\/uploads\/2025\/03\/WhatsApp-Image-2025-03-01-at-14.12.54-1024x626.jpeg 1024w, https:\/\/www.radiopiu.net\/wordpress\/wp-content\/uploads\/2025\/03\/WhatsApp-Image-2025-03-01-at-14.12.54-768x469.jpeg 768w, https:\/\/www.radiopiu.net\/wordpress\/wp-content\/uploads\/2025\/03\/WhatsApp-Image-2025-03-01-at-14.12.54-1536x939.jpeg 1536w, https:\/\/www.radiopiu.net\/wordpress\/wp-content\/uploads\/2025\/03\/WhatsApp-Image-2025-03-01-at-14.12.54.jpeg 2004w\" sizes=\"auto, (max-width: 234px) 100vw, 234px\" \/><\/a>SANTO STEFANO DI CADORE<\/strong> Il progetto &#8220;Comelico in salute&#8221; \u00e8 un&#8217;iniziativa della Comunit\u00e0 della Val Comelico per affrontare i problemi sanitari e sociali del territorio. Durante un incontro a Santo Stefano, coordinato da Amedeo Buzzo, sono state discusse azioni concrete per rispondere a peculiarit\u00e0 epidemiologiche dell&#8217;area. Il progetto \u00e8 nato dai convegni &#8220;Salute oltre la citt\u00e0&#8221; promossi dall&#8217;ulss Dolomiti per trovare soluzioni innovative per la sanit\u00e0 di montagna. La partecipazione della comunit\u00e0 \u00e8 stata significativa, con oltre 100 persone presenti. Il direttore generale Giuseppe Dal Ben ha sottolineato l&#8217;importanza dell&#8217;impegno congiunto per la salute della comunit\u00e0 e ha aggiornato sui servizi offerti, come il potenziamento dell&#8217;ospedale di Pieve e l&#8217;introduzione del &#8220;fisiovan&#8221; per la fisioterapia domiciliare. La popolazione del Comelico presenta un indice di vecchiaia elevato e un tasso di mortalit\u00e0 superiore alla media provinciale. Le iniziative per la promozione della salute includono campagne di screening e strategie per migliorare gli stili di vita e ridurre le malattie prevenibili.<\/p>\n<p>&nbsp;<\/p>\n<p>&nbsp;<\/p>\n<hr \/>\n<p>&nbsp;<\/p>\n<blockquote>\n<h3>IL RISTORANTE TABIA&#8217; TRA LE ECCELENZE DE IL GIORNALE DI VICENZA<\/h3>\n<\/blockquote>\n<p><strong>CANALE D&#8217;AGORDO<\/strong> Il Ristorante Tabi\u00e0 a Feder di Canale D&#8217;Agordo \u00e8 stato inserito come &#8220;new&#8221; nella prestigiosa guida <em data-start=\"178\" data-end=\"228\">&#8220;Mangiare e bere bene a Vicenza e dintorni&#8221; 2025<\/em>, pubblicata dal Giornale di Vicenza. Un riconoscimento che riempie di orgoglio, considerando che solo otto locali della provincia di Belluno sono stati selezionati. Questo traguardo \u00e8 il risultato dell&#8217;impegno quotidiano per offrire ai clienti un\u2019esperienza culinaria autentica e di qualit\u00e0. Complimenti ad Annalisa Scardanzan e a tutto il suo staff.<\/p>\n\n\t\t\t<style type='text\/css'>\n\t\t\t\t#gallery-4 {\n\t\t\t\t\tmargin: auto;\n\t\t\t\t}\n\t\t\t\t#gallery-4 .gallery-item {\n\t\t\t\t\tfloat: left;\n\t\t\t\t\tmargin-top: 10px;\n\t\t\t\t\ttext-align: center;\n\t\t\t\t\twidth: 25%;\n\t\t\t\t}\n\t\t\t\t#gallery-4 img {\n\t\t\t\t\tborder: 2px solid #cfcfcf;\n\t\t\t\t}\n\t\t\t\t#gallery-4 .gallery-caption {\n\t\t\t\t\tmargin-left: 0;\n\t\t\t\t}\n\t\t\t\t\/* see gallery_shortcode() in wp-includes\/media.php *\/\n\t\t\t<\/style>\n\t\t<div id='gallery-4' class='dt-gallery-container gallery galleryid-437296 gallery-columns-4 gallery-size-thumbnail'><dl class='gallery-item'>\n\t\t\t\t<dt class='gallery-icon portrait'>\n\t\t\t\t\t<a class=\"rollover rollover-zoom dt-pswp-item\" title=\"a90a763b-e3cb-41cf-a979-5eac65f390fd\" data-dt-img-description=\"\" data-large_image_width=\"1200\" data-large_image_height=\"1600\"href='https:\/\/www.radiopiu.net\/wordpress\/wp-content\/uploads\/2025\/03\/a90a763b-e3cb-41cf-a979-5eac65f390fd.jpg'><img loading=\"lazy\" decoding=\"async\" width=\"150\" height=\"150\" src=\"https:\/\/www.radiopiu.net\/wordpress\/wp-content\/uploads\/2025\/03\/a90a763b-e3cb-41cf-a979-5eac65f390fd-150x150.jpg\" class=\"attachment-thumbnail size-thumbnail\" alt=\"\" \/><\/a>\n\t\t\t\t<\/dt><\/dl><dl class='gallery-item'>\n\t\t\t\t<dt class='gallery-icon portrait'>\n\t\t\t\t\t<a class=\"rollover rollover-zoom dt-pswp-item\" title=\"a962e10d-490c-42c8-90be-26b3436cf584\" data-dt-img-description=\"\" data-large_image_width=\"1200\" data-large_image_height=\"1600\"href='https:\/\/www.radiopiu.net\/wordpress\/wp-content\/uploads\/2025\/03\/a962e10d-490c-42c8-90be-26b3436cf584.jpg'><img loading=\"lazy\" decoding=\"async\" width=\"150\" height=\"150\" src=\"https:\/\/www.radiopiu.net\/wordpress\/wp-content\/uploads\/2025\/03\/a962e10d-490c-42c8-90be-26b3436cf584-150x150.jpg\" class=\"attachment-thumbnail size-thumbnail\" alt=\"\" \/><\/a>\n\t\t\t\t<\/dt><\/dl><dl class='gallery-item'>\n\t\t\t\t<dt class='gallery-icon portrait'>\n\t\t\t\t\t<a class=\"rollover rollover-zoom dt-pswp-item\" title=\"a3673026-3bf0-42a3-9f72-4ba778d03736\" data-dt-img-description=\"\" data-large_image_width=\"1200\" data-large_image_height=\"1600\"href='https:\/\/www.radiopiu.net\/wordpress\/wp-content\/uploads\/2025\/03\/a3673026-3bf0-42a3-9f72-4ba778d03736.jpg'><img loading=\"lazy\" decoding=\"async\" width=\"150\" height=\"150\" src=\"https:\/\/www.radiopiu.net\/wordpress\/wp-content\/uploads\/2025\/03\/a3673026-3bf0-42a3-9f72-4ba778d03736-150x150.jpg\" class=\"attachment-thumbnail size-thumbnail\" alt=\"\" \/><\/a>\n\t\t\t\t<\/dt><\/dl><dl class='gallery-item'>\n\t\t\t\t<dt class='gallery-icon portrait'>\n\t\t\t\t\t<a class=\"rollover rollover-zoom dt-pswp-item\" title=\"a1ea19f0-921b-4167-aeef-03df0696cf15\" data-dt-img-description=\"\" data-large_image_width=\"1200\" data-large_image_height=\"1600\"href='https:\/\/www.radiopiu.net\/wordpress\/wp-content\/uploads\/2025\/03\/a1ea19f0-921b-4167-aeef-03df0696cf15.jpg'><img loading=\"lazy\" decoding=\"async\" width=\"150\" height=\"150\" src=\"https:\/\/www.radiopiu.net\/wordpress\/wp-content\/uploads\/2025\/03\/a1ea19f0-921b-4167-aeef-03df0696cf15-150x150.jpg\" class=\"attachment-thumbnail size-thumbnail\" alt=\"\" \/><\/a>\n\t\t\t\t<\/dt><\/dl><br style=\"clear: both\" \/>\n\t\t\t<\/div>\n\n<p>&nbsp;<\/p>\n<hr \/>\n<p>&nbsp;<\/p>\n<blockquote>\n<h3>TRASPORTO PUBBLICO LOCALE: PER LE VACANZE DI CARNEVALE CAMBIANO GLI ORARI<\/h3>\n<\/blockquote>\n<p><strong><a class=\"dt-pswp-item\" href=\"https:\/\/www.radiopiu.net\/wordpress\/wp-content\/uploads\/2024\/10\/DolomitiBus.jpg\" data-dt-img-description=\"\" data-large_image_width=\"2500\" data-large_image_height=\"1668\"><img loading=\"lazy\" decoding=\"async\" class=\" wp-image-415594 alignleft\" src=\"https:\/\/www.radiopiu.net\/wordpress\/wp-content\/uploads\/2024\/10\/DolomitiBus-300x200.jpg\" alt=\"\" width=\"168\" height=\"112\" srcset=\"https:\/\/www.radiopiu.net\/wordpress\/wp-content\/uploads\/2024\/10\/DolomitiBus-300x200.jpg 300w, https:\/\/www.radiopiu.net\/wordpress\/wp-content\/uploads\/2024\/10\/DolomitiBus-1024x683.jpg 1024w, https:\/\/www.radiopiu.net\/wordpress\/wp-content\/uploads\/2024\/10\/DolomitiBus-768x512.jpg 768w, https:\/\/www.radiopiu.net\/wordpress\/wp-content\/uploads\/2024\/10\/DolomitiBus-1536x1025.jpg 1536w, https:\/\/www.radiopiu.net\/wordpress\/wp-content\/uploads\/2024\/10\/DolomitiBus-2048x1366.jpg 2048w\" sizes=\"auto, (max-width: 168px) 100vw, 168px\" \/><\/a>BELLUNO <\/strong>Dal 3 al 5 marzo, durante le vacanze di Carnevale, il trasporto pubblico adotter\u00e0 gli orari dei periodi non scolastici. Dolomitibus sospender\u00e0 le corse dedicate agli studenti nelle fasce di entrata e uscita da scuola, mentre resteranno invariati i collegamenti con le zone industriali. Il consigliere provinciale Massimo Bortoluzzi spiega che questa razionalizzazione \u00e8 una prassi consolidata, ma l\u2019azienda monitorer\u00e0 i flussi per valutare eventuali necessit\u00e0 di altri passeggeri. Per l\u2019estate, invece, si chieder\u00e0 un orario ottimizzato senza riduzioni significative, considerando anche il turismo montano.<\/p>\n<p>&nbsp;<\/p>\n<p>&nbsp;<\/p>\n<hr \/>\n<p>&nbsp;<\/p>\n<blockquote>\n<h3>IN VENETO CALA LA POPOLAZIONE MA CRESCE IL NUMERO DELI ULTRA OTTANTENNI<\/h3>\n<\/blockquote>\n<p><strong>VENEZIA <\/strong>In Veneto, il numero degli ultra80enni \u00e8 in costante aumento, mentre la popolazione totale \u00e8 in calo. Nel 2024 gli over 80 sono 382.906 (7,6% della popolazione), rispetto ai 306.202 del 2014 (5,7%). Questo incremento pone sfide importanti per la sanit\u00e0 territoriale e l\u2019assistenza, visto che il 40% di loro \u00e8 parzialmente o totalmente non autosufficiente. L\u2019isolamento \u00e8 un problema crescente, soprattutto nelle aree montane e nei grandi centri, dove la chiusura dei negozi di vicinato ha ridotto i punti di riferimento per gli anziani. Lo Spi Cgil sottolinea anche la necessit\u00e0 di progetti per l\u2019invecchiamento attivo e di una gestione inclusiva della transizione tecnologica. La provincia con pi\u00f9 over 80 \u00e8 Belluno (9% della popolazione), seguita da Venezia (8,6%) e Rovigo (8,5%). Vicenza ha registrato l\u2019aumento pi\u00f9 significativo (+31% rispetto al 2014). Il comune pi\u00f9 \u201cvecchio\u201d \u00e8 Cibiana di Cadore (15,3% di ultra80enni), mentre il pi\u00f9 \u201cgiovane\u201d \u00e8 Gambugliano (4%).<\/p>\n<p><strong>MASSIMO CESTARO, SEGRETARIO SPI CGIL VENETO<\/strong><\/p>\n<div style=\"width: 1200px;\" class=\"wp-video\"><video class=\"wp-video-shortcode\" id=\"video-437296-1\" width=\"1200\" height=\"675\" preload=\"metadata\" controls=\"controls\"><source type=\"video\/mp4\" src=\"https:\/\/www.radiopiu.net\/wordpress\/wp-content\/uploads\/2025\/03\/250301_spi-cgil_massimo-cestaro.mp4?_=1\" \/><a href=\"https:\/\/www.radiopiu.net\/wordpress\/wp-content\/uploads\/2025\/03\/250301_spi-cgil_massimo-cestaro.mp4\">https:\/\/www.radiopiu.net\/wordpress\/wp-content\/uploads\/2025\/03\/250301_spi-cgil_massimo-cestaro.mp4<\/a><\/video><\/div>\n<p>&nbsp;<\/p>\n<hr \/>\n<p>&nbsp;<\/p>\n<blockquote>\n<h3>NEL RICORDO DI BATTISTA COSTANTINI<\/h3>\n<\/blockquote>\n<p><strong class=\"photoswipe-wrapper\">CANALE D\u2019AGORDO\u00a0<\/strong>Sabato, a Canale d\u2019Agordo, i forestali che a vario titolo hanno collaborato con lui, hanno ricordato, nel trentennale dalla scomparsa, la figura del dott. Battista Costantini, che nel periodo 1974-1995 fu capo del Dipartimento per le Foreste e l\u2019Economia montana e Segretario per le Attivit\u00e0 produttive del Settore Primario della Regione Veneto. Tecnici forestali e amministratori della montagna veneta non dimenticano l\u2019impegno, la fantasia, l\u2019energia profusa in quegli anni da Costantini<\/p>\n<p><strong>LA DIRETTA DI RADIO PIU&#8217;<\/strong><\/p>\n<p><iframe loading=\"lazy\" title=\"NEL RICORDO DI BATTISTA COSTANTINI - 01 marzo 2025\" width=\"1200\" height=\"675\" src=\"https:\/\/www.youtube.com\/embed\/BDPV12WVwSU?feature=oembed\" frameborder=\"0\" allow=\"accelerometer; autoplay; clipboard-write; encrypted-media; gyroscope; picture-in-picture; web-share\" referrerpolicy=\"strict-origin-when-cross-origin\" allowfullscreen><\/iframe><\/p>\n<p>&nbsp;<\/p>\n<p>&nbsp;<\/p>\n<hr \/>\n<p>&nbsp;<\/p>\n<blockquote>\n<h3>Roberto Chissal\u00e8: quattro volti di un uomo straordinario<\/h3>\n<\/blockquote>\n<div class=\"flex max-w-full flex-col flex-grow\">\n<div class=\"min-h-8 text-message flex w-full flex-col items-end gap-2 whitespace-normal break-words text-start [.text-message+&amp;]:mt-5\" dir=\"auto\" data-message-author-role=\"assistant\" data-message-id=\"4a8ca5d2-a6f0-43d1-b1d5-be047ddc41da\" data-message-model-slug=\"gpt-4o\">\n<div class=\"flex w-full flex-col gap-1 empty:hidden first:pt-[3px]\">\n<div class=\"markdown prose w-full break-words dark:prose-invert dark\">\n<p data-start=\"68\" data-end=\"345\"><strong data-start=\"68\" data-end=\"80\"><a class=\"dt-pswp-item\" href=\"https:\/\/www.radiopiu.net\/wordpress\/wp-content\/uploads\/2019\/01\/CHISSALE-ROBERTO-300x177.jpg\" data-dt-img-description=\"\" data-large_image_width=\"300\" data-large_image_height=\"177\"><img loading=\"lazy\" decoding=\"async\" class=\"size-medium wp-image-72074 alignleft\" src=\"https:\/\/www.radiopiu.net\/wordpress\/wp-content\/uploads\/2019\/01\/CHISSALE-ROBERTO-300x177-300x177.jpg\" alt=\"\" width=\"300\" height=\"177\" \/><\/a>AGORDO \u2013<\/strong> Ci sono persone che lasciano il segno nelle comunit\u00e0 in cui vivono, e <strong data-start=\"151\" data-end=\"171\">Roberto Chissal\u00e8<\/strong> \u00e8 senza dubbio una di queste. Chi ha avuto la fortuna di conoscerlo, sa bene che dietro il suo nome si nascondono <strong data-start=\"286\" data-end=\"342\">quattro anime diverse, unite da passione e dedizione<\/strong>. Classe &#8217;64, gran classe e gran coscritto sia in veste di organizzatore di cene, gite con spirito costantemente festaiolo<\/p>\n<p data-start=\"347\" data-end=\"635\">Il primo <strong data-start=\"356\" data-end=\"369\">Robertino<\/strong> \u00e8 quello di un ragazzino con il sogno del calcio. Un giovane che amava tirare calci a un pallone, con due grandi passioni: il <strong data-start=\"496\" data-end=\"508\">Le Ville<\/strong>, societ\u00e0 che lo ha visto crescere fino a diventare presidente, e il neroazzurro dell\u2019<strong data-start=\"594\" data-end=\"603\">Inter<\/strong>, fede calcistica mai tradita.<\/p>\n<p data-start=\"637\" data-end=\"931\">Poi c\u2019\u00e8 il <strong data-start=\"648\" data-end=\"693\">Roberto consigliere comunale di minoranza<\/strong>, capace di scaldare i dibattiti\u00a0 anche alzando\u00a0 la voce, ma con la fermezza di chi crede nelle proprie idee. Quando le discussioni si accendevano, diventava rosso come un peperone maturo, segno di un impegno sincero e mai di facciata soprattutto se negli ordini del giorno c&#8217;erano temi importanti: agricoltura, allevamento, area Dolomitibus, Caserma Alpini&#8230; polo scolastico.<\/p>\n<p data-start=\"933\" data-end=\"1100\"><a class=\"dt-pswp-item\" href=\"https:\/\/www.radiopiu.net\/wordpress\/wp-content\/uploads\/2022\/05\/ROBERTO-CHISSALE.png\" data-dt-img-description=\"ROBERTO CHISSALE' SINDACO\" data-large_image_width=\"1226\" data-large_image_height=\"906\"><img loading=\"lazy\" decoding=\"async\" class=\"size-medium wp-image-275111 alignright\" src=\"https:\/\/www.radiopiu.net\/wordpress\/wp-content\/uploads\/2022\/05\/ROBERTO-CHISSALE-300x222.png\" alt=\"\" width=\"300\" height=\"222\" srcset=\"https:\/\/www.radiopiu.net\/wordpress\/wp-content\/uploads\/2022\/05\/ROBERTO-CHISSALE-300x222.png 300w, https:\/\/www.radiopiu.net\/wordpress\/wp-content\/uploads\/2022\/05\/ROBERTO-CHISSALE-1024x757.png 1024w, https:\/\/www.radiopiu.net\/wordpress\/wp-content\/uploads\/2022\/05\/ROBERTO-CHISSALE-768x568.png 768w, https:\/\/www.radiopiu.net\/wordpress\/wp-content\/uploads\/2022\/05\/ROBERTO-CHISSALE.png 1226w\" sizes=\"auto, (max-width: 300px) 100vw, 300px\" \/><\/a>Non si pu\u00f2 dimenticare il <strong data-start=\"959\" data-end=\"1005\">Signor Roberto Chissal\u00e8, Sindaco di Agordo<\/strong>, (g\u00ec\u00e0 consigliere provinciale) un uomo stimato e rispettato, che\u00a0 guida il paese con seriet\u00e0 e amore per la sua terra.<\/p>\n<p data-start=\"1102\" data-end=\"1380\">E infine, l\u2019ultimo volto di Roberto: il <strong data-start=\"1142\" data-end=\"1160\">professionista<\/strong>, lavoratore instancabile di <strong data-start=\"1189\" data-end=\"1206\">Veneto Strade<\/strong>, impegnato dall\u2019alba al tramonto sulle strade dell&#8217;Agordino. <strong data-start=\"1277\" data-end=\"1297\">L\u2019uomo della 203, della 347 e delle strade comunali<\/strong>, sempre pronto a intervenire, un punto di riferimento anche per noi della Radio e non solo nelle ore di Vaia.<\/p>\n<p data-start=\"1382\" data-end=\"1618\">Oggi \u00e8 tempo di saluti, perch\u00e9 <strong data-start=\"1413\" data-end=\"1439\">Roberto va in pensione<\/strong>. Ma chi lo conosce sa che il suo spirito operoso non si ferma certo con il lavoro: stamattina, infatti, era gi\u00e0 lungo la tangenziale, a &#8220;mettere il sale sulla coda ai cavalli&#8221;.<\/p>\n<p data-start=\"1620\" data-end=\"1676\" data-is-last-node=\"\">Grazie di tutto, Roberto. <strong data-start=\"1646\" data-end=\"1676\" data-is-last-node=\"\">Buona pensione, vecchione!<\/strong><\/p>\n<\/div>\n<\/div>\n<\/div>\n<\/div>\n<div class=\"mb-2 flex gap-3 empty:hidden -ml-2\">\n<div class=\"items-center justify-start rounded-xl p-1 flex\">\n<div class=\"flex items-center\">\n\n\t\t\t<style type='text\/css'>\n\t\t\t\t#gallery-5 {\n\t\t\t\t\tmargin: auto;\n\t\t\t\t}\n\t\t\t\t#gallery-5 .gallery-item {\n\t\t\t\t\tfloat: left;\n\t\t\t\t\tmargin-top: 10px;\n\t\t\t\t\ttext-align: center;\n\t\t\t\t\twidth: 25%;\n\t\t\t\t}\n\t\t\t\t#gallery-5 img {\n\t\t\t\t\tborder: 2px solid #cfcfcf;\n\t\t\t\t}\n\t\t\t\t#gallery-5 .gallery-caption {\n\t\t\t\t\tmargin-left: 0;\n\t\t\t\t}\n\t\t\t\t\/* see gallery_shortcode() in wp-includes\/media.php *\/\n\t\t\t<\/style>\n\t\t<div id='gallery-5' class='dt-gallery-container gallery galleryid-437296 gallery-columns-4 gallery-size-medium'><dl class='gallery-item'>\n\t\t\t\t<dt class='gallery-icon portrait'>\n\t\t\t\t\t<a class=\"rollover rollover-zoom dt-pswp-item\" title=\"roberto_chissale\" data-dt-img-description=\"\" data-large_image_width=\"160\" data-large_image_height=\"240\"href='https:\/\/www.radiopiu.net\/wordpress\/wp-content\/uploads\/2025\/03\/roberto_chissale-1.jpg'><img loading=\"lazy\" decoding=\"async\" width=\"160\" height=\"240\" src=\"https:\/\/www.radiopiu.net\/wordpress\/wp-content\/uploads\/2025\/03\/roberto_chissale-1.jpg\" class=\"attachment-medium size-medium\" alt=\"\" \/><\/a>\n\t\t\t\t<\/dt><\/dl><dl class='gallery-item'>\n\t\t\t\t<dt class='gallery-icon landscape'>\n\t\t\t\t\t<a class=\"rollover rollover-zoom dt-pswp-item\" title=\"OLYMPUS DIGITAL CAMERA\" data-dt-img-description=\"\" data-large_image_width=\"1280\" data-large_image_height=\"960\"href='https:\/\/www.radiopiu.net\/wordpress\/wp-content\/uploads\/2025\/03\/roberto-chissale-allenatore-CM-AGORDO-1.jpg'><img loading=\"lazy\" decoding=\"async\" width=\"300\" height=\"225\" src=\"https:\/\/www.radiopiu.net\/wordpress\/wp-content\/uploads\/2025\/03\/roberto-chissale-allenatore-CM-AGORDO-1-300x225.jpg\" class=\"attachment-medium size-medium\" alt=\"\" aria-describedby=\"gallery-5-437385\" srcset=\"https:\/\/www.radiopiu.net\/wordpress\/wp-content\/uploads\/2025\/03\/roberto-chissale-allenatore-CM-AGORDO-1-300x225.jpg 300w, https:\/\/www.radiopiu.net\/wordpress\/wp-content\/uploads\/2025\/03\/roberto-chissale-allenatore-CM-AGORDO-1-1024x768.jpg 1024w, https:\/\/www.radiopiu.net\/wordpress\/wp-content\/uploads\/2025\/03\/roberto-chissale-allenatore-CM-AGORDO-1-768x576.jpg 768w, https:\/\/www.radiopiu.net\/wordpress\/wp-content\/uploads\/2025\/03\/roberto-chissale-allenatore-CM-AGORDO-1.jpg 1280w\" sizes=\"auto, (max-width: 300px) 100vw, 300px\" \/><\/a>\n\t\t\t\t<\/dt>\n\t\t\t\t\t<dd class='wp-caption-text gallery-caption' id='gallery-5-437385'>\n\t\t\t\t\tOLYMPUS DIGITAL CAMERA\n\t\t\t\t\t<\/dd><\/dl><dl class='gallery-item'>\n\t\t\t\t<dt class='gallery-icon landscape'>\n\t\t\t\t\t<a class=\"rollover rollover-zoom dt-pswp-item\" title=\"OLYMPUS DIGITAL CAMERA\" data-dt-img-description=\"\" data-large_image_width=\"1280\" data-large_image_height=\"960\"href='https:\/\/www.radiopiu.net\/wordpress\/wp-content\/uploads\/2025\/03\/agordo-sport-roberto-chissale-1.jpg'><img loading=\"lazy\" decoding=\"async\" width=\"300\" height=\"225\" src=\"https:\/\/www.radiopiu.net\/wordpress\/wp-content\/uploads\/2025\/03\/agordo-sport-roberto-chissale-1-300x225.jpg\" class=\"attachment-medium size-medium\" alt=\"\" aria-describedby=\"gallery-5-437384\" srcset=\"https:\/\/www.radiopiu.net\/wordpress\/wp-content\/uploads\/2025\/03\/agordo-sport-roberto-chissale-1-300x225.jpg 300w, https:\/\/www.radiopiu.net\/wordpress\/wp-content\/uploads\/2025\/03\/agordo-sport-roberto-chissale-1-1024x768.jpg 1024w, https:\/\/www.radiopiu.net\/wordpress\/wp-content\/uploads\/2025\/03\/agordo-sport-roberto-chissale-1-768x576.jpg 768w, https:\/\/www.radiopiu.net\/wordpress\/wp-content\/uploads\/2025\/03\/agordo-sport-roberto-chissale-1.jpg 1280w\" sizes=\"auto, (max-width: 300px) 100vw, 300px\" \/><\/a>\n\t\t\t\t<\/dt>\n\t\t\t\t\t<dd class='wp-caption-text gallery-caption' id='gallery-5-437384'>\n\t\t\t\t\tOLYMPUS DIGITAL CAMERA\n\t\t\t\t\t<\/dd><\/dl><dl class='gallery-item'>\n\t\t\t\t<dt class='gallery-icon landscape'>\n\t\t\t\t\t<a class=\"rollover rollover-zoom dt-pswp-item\" title=\"REOLON_PIO_CHISSALE_GASPARI_A_TISER_2006 (1)\" data-dt-img-description=\"\" data-large_image_width=\"640\" data-large_image_height=\"480\"href='https:\/\/www.radiopiu.net\/wordpress\/wp-content\/uploads\/2025\/03\/REOLON_PIO_CHISSALE_GASPARI_A_TISER_2006-1-1.jpg'><img loading=\"lazy\" decoding=\"async\" width=\"300\" height=\"225\" src=\"https:\/\/www.radiopiu.net\/wordpress\/wp-content\/uploads\/2025\/03\/REOLON_PIO_CHISSALE_GASPARI_A_TISER_2006-1-1-300x225.jpg\" class=\"attachment-medium size-medium\" alt=\"\" srcset=\"https:\/\/www.radiopiu.net\/wordpress\/wp-content\/uploads\/2025\/03\/REOLON_PIO_CHISSALE_GASPARI_A_TISER_2006-1-1-300x225.jpg 300w, https:\/\/www.radiopiu.net\/wordpress\/wp-content\/uploads\/2025\/03\/REOLON_PIO_CHISSALE_GASPARI_A_TISER_2006-1-1.jpg 640w\" sizes=\"auto, (max-width: 300px) 100vw, 300px\" \/><\/a>\n\t\t\t\t<\/dt><\/dl><br style=\"clear: both\" \/><dl class='gallery-item'>\n\t\t\t\t<dt class='gallery-icon landscape'>\n\t\t\t\t\t<a class=\"rollover rollover-zoom dt-pswp-item\" title=\"KONICA MINOLTA DIGITAL CAMERA\" data-dt-img-description=\"\" data-large_image_width=\"2560\" data-large_image_height=\"1920\"href='https:\/\/www.radiopiu.net\/wordpress\/wp-content\/uploads\/2025\/03\/mirko_gavaz_ramazzina_trento_Harder_stalliviere_farenzena_chissale_De-Nardin_Benvegnu_savaris_-3-1.jpg'><img loading=\"lazy\" decoding=\"async\" width=\"300\" height=\"225\" src=\"https:\/\/www.radiopiu.net\/wordpress\/wp-content\/uploads\/2025\/03\/mirko_gavaz_ramazzina_trento_Harder_stalliviere_farenzena_chissale_De-Nardin_Benvegnu_savaris_-3-1-300x225.jpg\" class=\"attachment-medium size-medium\" alt=\"\" aria-describedby=\"gallery-5-437381\" srcset=\"https:\/\/www.radiopiu.net\/wordpress\/wp-content\/uploads\/2025\/03\/mirko_gavaz_ramazzina_trento_Harder_stalliviere_farenzena_chissale_De-Nardin_Benvegnu_savaris_-3-1-300x225.jpg 300w, https:\/\/www.radiopiu.net\/wordpress\/wp-content\/uploads\/2025\/03\/mirko_gavaz_ramazzina_trento_Harder_stalliviere_farenzena_chissale_De-Nardin_Benvegnu_savaris_-3-1-1024x768.jpg 1024w, https:\/\/www.radiopiu.net\/wordpress\/wp-content\/uploads\/2025\/03\/mirko_gavaz_ramazzina_trento_Harder_stalliviere_farenzena_chissale_De-Nardin_Benvegnu_savaris_-3-1-768x576.jpg 768w, https:\/\/www.radiopiu.net\/wordpress\/wp-content\/uploads\/2025\/03\/mirko_gavaz_ramazzina_trento_Harder_stalliviere_farenzena_chissale_De-Nardin_Benvegnu_savaris_-3-1-1536x1152.jpg 1536w, https:\/\/www.radiopiu.net\/wordpress\/wp-content\/uploads\/2025\/03\/mirko_gavaz_ramazzina_trento_Harder_stalliviere_farenzena_chissale_De-Nardin_Benvegnu_savaris_-3-1-2048x1536.jpg 2048w\" sizes=\"auto, (max-width: 300px) 100vw, 300px\" \/><\/a>\n\t\t\t\t<\/dt>\n\t\t\t\t\t<dd class='wp-caption-text gallery-caption' id='gallery-5-437381'>\n\t\t\t\t\tKONICA MINOLTA DIGITAL CAMERA\n\t\t\t\t\t<\/dd><\/dl><dl class='gallery-item'>\n\t\t\t\t<dt class='gallery-icon landscape'>\n\t\t\t\t\t<a class=\"rollover rollover-zoom dt-pswp-item\" title=\"OLYMPUS DIGITAL CAMERA\" data-dt-img-description=\"\" data-large_image_width=\"1280\" data-large_image_height=\"960\"href='https:\/\/www.radiopiu.net\/wordpress\/wp-content\/uploads\/2025\/03\/giuliano-postno-e-e-roberto-chissale-1.jpg'><img loading=\"lazy\" decoding=\"async\" width=\"300\" height=\"225\" src=\"https:\/\/www.radiopiu.net\/wordpress\/wp-content\/uploads\/2025\/03\/giuliano-postno-e-e-roberto-chissale-1-300x225.jpg\" class=\"attachment-medium size-medium\" alt=\"\" aria-describedby=\"gallery-5-437380\" srcset=\"https:\/\/www.radiopiu.net\/wordpress\/wp-content\/uploads\/2025\/03\/giuliano-postno-e-e-roberto-chissale-1-300x225.jpg 300w, https:\/\/www.radiopiu.net\/wordpress\/wp-content\/uploads\/2025\/03\/giuliano-postno-e-e-roberto-chissale-1-1024x768.jpg 1024w, https:\/\/www.radiopiu.net\/wordpress\/wp-content\/uploads\/2025\/03\/giuliano-postno-e-e-roberto-chissale-1-768x576.jpg 768w, https:\/\/www.radiopiu.net\/wordpress\/wp-content\/uploads\/2025\/03\/giuliano-postno-e-e-roberto-chissale-1.jpg 1280w\" sizes=\"auto, (max-width: 300px) 100vw, 300px\" \/><\/a>\n\t\t\t\t<\/dt>\n\t\t\t\t\t<dd class='wp-caption-text gallery-caption' id='gallery-5-437380'>\n\t\t\t\t\tOLYMPUS DIGITAL CAMERA\n\t\t\t\t\t<\/dd><\/dl><dl class='gallery-item'>\n\t\t\t\t<dt class='gallery-icon landscape'>\n\t\t\t\t\t<a class=\"rollover rollover-zoom dt-pswp-item\" title=\"Senza nome\" data-dt-img-description=\"\" data-large_image_width=\"544\" data-large_image_height=\"363\"href='https:\/\/www.radiopiu.net\/wordpress\/wp-content\/uploads\/2025\/03\/Senza-nome.png'><img loading=\"lazy\" decoding=\"async\" width=\"300\" height=\"200\" src=\"https:\/\/www.radiopiu.net\/wordpress\/wp-content\/uploads\/2025\/03\/Senza-nome-300x200.png\" class=\"attachment-medium size-medium\" alt=\"\" srcset=\"https:\/\/www.radiopiu.net\/wordpress\/wp-content\/uploads\/2025\/03\/Senza-nome-300x200.png 300w, https:\/\/www.radiopiu.net\/wordpress\/wp-content\/uploads\/2025\/03\/Senza-nome.png 544w\" sizes=\"auto, (max-width: 300px) 100vw, 300px\" \/><\/a>\n\t\t\t\t<\/dt><\/dl>\n\t\t\t\t<br style='clear: both' \/>\n\t\t\t<\/div>\n\n<p>&nbsp;<\/p>\n<hr \/>\n<p>&nbsp;<\/p>\n<blockquote>\n<h3>MARIO VIELMO AL NOF FILO&#8217; DI CENCENIGHE<\/h3>\n<\/blockquote>\n<p><strong>DI LUISA MANFROI<\/strong><\/p>\n<audio class=\"wp-audio-shortcode\" id=\"audio-437296-6\" preload=\"none\" style=\"width: 100%;\" controls=\"controls\"><source type=\"audio\/mpeg\" src=\"https:\/\/www.radiopiu.net\/wordpress\/wp-content\/uploads\/2025\/03\/LUISA-MANFROI-Resoconto-serata-Mario-Vielmo.mp3?_=6\" \/><a href=\"https:\/\/www.radiopiu.net\/wordpress\/wp-content\/uploads\/2025\/03\/LUISA-MANFROI-Resoconto-serata-Mario-Vielmo.mp3\">https:\/\/www.radiopiu.net\/wordpress\/wp-content\/uploads\/2025\/03\/LUISA-MANFROI-Resoconto-serata-Mario-Vielmo.mp3<\/a><\/audio>\n<p>&nbsp;<\/p>\n\n\t\t\t<style type='text\/css'>\n\t\t\t\t#gallery-6 {\n\t\t\t\t\tmargin: auto;\n\t\t\t\t}\n\t\t\t\t#gallery-6 .gallery-item {\n\t\t\t\t\tfloat: left;\n\t\t\t\t\tmargin-top: 10px;\n\t\t\t\t\ttext-align: center;\n\t\t\t\t\twidth: 33%;\n\t\t\t\t}\n\t\t\t\t#gallery-6 img {\n\t\t\t\t\tborder: 2px solid #cfcfcf;\n\t\t\t\t}\n\t\t\t\t#gallery-6 .gallery-caption {\n\t\t\t\t\tmargin-left: 0;\n\t\t\t\t}\n\t\t\t\t\/* see gallery_shortcode() in wp-includes\/media.php *\/\n\t\t\t<\/style>\n\t\t<div id='gallery-6' class='dt-gallery-container gallery galleryid-437296 gallery-columns-3 gallery-size-medium'><dl class='gallery-item'>\n\t\t\t\t<dt class='gallery-icon landscape'>\n\t\t\t\t\t<a class=\"rollover rollover-zoom dt-pswp-item\" title=\"20250301_230339\" data-dt-img-description=\"\" data-large_image_width=\"2560\" data-large_image_height=\"1440\"href='https:\/\/www.radiopiu.net\/wordpress\/wp-content\/uploads\/2025\/03\/20250301_230339-scaled.jpg'><img loading=\"lazy\" decoding=\"async\" width=\"300\" height=\"169\" src=\"https:\/\/www.radiopiu.net\/wordpress\/wp-content\/uploads\/2025\/03\/20250301_230339-300x169.jpg\" class=\"attachment-medium size-medium\" alt=\"\" srcset=\"https:\/\/www.radiopiu.net\/wordpress\/wp-content\/uploads\/2025\/03\/20250301_230339-300x169.jpg 300w, https:\/\/www.radiopiu.net\/wordpress\/wp-content\/uploads\/2025\/03\/20250301_230339-1024x576.jpg 1024w, https:\/\/www.radiopiu.net\/wordpress\/wp-content\/uploads\/2025\/03\/20250301_230339-768x432.jpg 768w, https:\/\/www.radiopiu.net\/wordpress\/wp-content\/uploads\/2025\/03\/20250301_230339-1536x864.jpg 1536w, https:\/\/www.radiopiu.net\/wordpress\/wp-content\/uploads\/2025\/03\/20250301_230339-2048x1152.jpg 2048w\" sizes=\"auto, (max-width: 300px) 100vw, 300px\" \/><\/a>\n\t\t\t\t<\/dt><\/dl><dl class='gallery-item'>\n\t\t\t\t<dt class='gallery-icon landscape'>\n\t\t\t\t\t<a class=\"rollover rollover-zoom dt-pswp-item\" title=\"20250301_231921\" data-dt-img-description=\"\" data-large_image_width=\"2560\" data-large_image_height=\"1440\"href='https:\/\/www.radiopiu.net\/wordpress\/wp-content\/uploads\/2025\/03\/20250301_231921-scaled.jpg'><img loading=\"lazy\" decoding=\"async\" width=\"300\" height=\"169\" src=\"https:\/\/www.radiopiu.net\/wordpress\/wp-content\/uploads\/2025\/03\/20250301_231921-300x169.jpg\" class=\"attachment-medium size-medium\" alt=\"\" srcset=\"https:\/\/www.radiopiu.net\/wordpress\/wp-content\/uploads\/2025\/03\/20250301_231921-300x169.jpg 300w, https:\/\/www.radiopiu.net\/wordpress\/wp-content\/uploads\/2025\/03\/20250301_231921-1024x576.jpg 1024w, https:\/\/www.radiopiu.net\/wordpress\/wp-content\/uploads\/2025\/03\/20250301_231921-768x432.jpg 768w, https:\/\/www.radiopiu.net\/wordpress\/wp-content\/uploads\/2025\/03\/20250301_231921-1536x864.jpg 1536w, https:\/\/www.radiopiu.net\/wordpress\/wp-content\/uploads\/2025\/03\/20250301_231921-2048x1152.jpg 2048w\" sizes=\"auto, (max-width: 300px) 100vw, 300px\" \/><\/a>\n\t\t\t\t<\/dt><\/dl><dl class='gallery-item'>\n\t\t\t\t<dt class='gallery-icon landscape'>\n\t\t\t\t\t<a class=\"rollover rollover-zoom dt-pswp-item\" title=\"20250301_234132\" data-dt-img-description=\"\" data-large_image_width=\"2560\" data-large_image_height=\"1440\"href='https:\/\/www.radiopiu.net\/wordpress\/wp-content\/uploads\/2025\/03\/20250301_234132-scaled.jpg'><img loading=\"lazy\" decoding=\"async\" width=\"300\" height=\"169\" src=\"https:\/\/www.radiopiu.net\/wordpress\/wp-content\/uploads\/2025\/03\/20250301_234132-300x169.jpg\" class=\"attachment-medium size-medium\" alt=\"\" srcset=\"https:\/\/www.radiopiu.net\/wordpress\/wp-content\/uploads\/2025\/03\/20250301_234132-300x169.jpg 300w, https:\/\/www.radiopiu.net\/wordpress\/wp-content\/uploads\/2025\/03\/20250301_234132-1024x576.jpg 1024w, https:\/\/www.radiopiu.net\/wordpress\/wp-content\/uploads\/2025\/03\/20250301_234132-768x432.jpg 768w, https:\/\/www.radiopiu.net\/wordpress\/wp-content\/uploads\/2025\/03\/20250301_234132-1536x864.jpg 1536w, https:\/\/www.radiopiu.net\/wordpress\/wp-content\/uploads\/2025\/03\/20250301_234132-2048x1152.jpg 2048w\" sizes=\"auto, (max-width: 300px) 100vw, 300px\" \/><\/a>\n\t\t\t\t<\/dt><\/dl><br style=\"clear: both\" \/>\n\t\t\t<\/div>\n\n<p>&nbsp;<\/p>\n<hr \/>\n<p>&nbsp;<\/p>\n<\/div>\n<\/div>\n<\/div>\n<blockquote>\n<h3>LE MICROIMPRESE PAGANO L\u2019ENERGIA IL 165% IN PIU\u2019 DELLE GRANDI AZIENDE<\/h3>\n<\/blockquote>\n<h3><strong>In Veneto sono oltre 303mila le persone in povert\u00e0 energetica<\/strong><\/h3>\n<p>Le microimprese \u2013 che costituiscono il 94 per cento del totale delle attivit\u00e0 economiche presenti nel Veneto in cui \u00e8 impiegato, al netto del pubblico impiego, il 39 per cento circa degli addetti regionali \u2013 nel primo semestre del 2024 hanno pagato l\u2019energia elettrica oltre due volte e mezzo in pi\u00f9 delle grandi imprese (pari al +164,7 per cento). Se agli artigiani, ai piccoli commercianti e alle piccolissime imprese con consumi inferiori ai 20 MWh all\u2019anno il costo ha raggiunto, al netto dell\u2019Iva, i 348,3 euro al MWh, le grandi imprese, con consumi che oscillano tra i 70mila e i 150mila MWh all\u2019anno, hanno pagato \u201csolo\u201d 131,6 euro al MWh (vedi Tab. 1). A denunciarlo \u00e8 l\u2019Ufficio studi della CGIA.<\/p>\n<p><strong>Abbiamo le bollette della luce pi\u00f9 care dell\u2019Eurozona<\/strong><br \/>\nA differenza degli altri Paesi dell\u2019Area dell\u2019Euro, il prezzo dell\u2019energia elettrica in capo alle nostre microimprese \u00e8 il pi\u00f9 alto di tutti. Se in Italia nel primo semestre del 2024 il costo in euro per MWh era di 348,3, la media dei 20 paesi monitorati dall\u2019Eurostat ha toccato i 294 euro (per l\u2019Italia \u00e8 il 18,5 per cento in pi\u00f9). Tra i nostri principali competitor, ad esempio, il costo per le piccolissime imprese \u00e8 superiore a quello tedesco del 5,8 per cento, al francese del 38 per cento e allo spagnolo del 43,2 per cento (vedi Tab. 2).<\/p>\n<p><strong>In tutta UE le micro pagano molto di pi\u00f9 delle big company<\/strong><br \/>\nLa disparit\u00e0 di prezzo che viene applicata tra le micro e le grandi imprese non \u00e8 una \u201cdistorsione\u201d solo italiana. Anche nel resto d\u2019Europa le differenze di costo premiano i grandi a discapito dei piccoli. Se, come dicevamo pi\u00f9 sopra, da noi le microimprese pagano l\u2019energia elettrica il 164,7 per cento in pi\u00f9 rispetto alle big company, in Germania il differenziale \u00e8 del +136,2 per cento, in Spagna del quasi +200 per cento e in Francia del +242 per cento (vedi Tab. 1). Detto ci\u00f2, va detto che rispetto ai nostri principali concorrenti, da noi il peso economico\/occupazionale delle micro imprese non ha eguali nel resto d\u2019Europa.<\/p>\n<p><strong>Perch\u00e9 in Italia i piccoli sono pi\u00f9 penalizzati<\/strong><\/p>\n<p>In merito alle tariffe dell\u2019energia elettrica, ad aver aumentato lo storico differenziale tra piccole e grandi imprese ha contribuito l\u2019entrata in vigore nel 2018 della riforma degli energivori. L\u2019effetto prodotto da questa novit\u00e0 legislativa, che prevede un costo agevolato dell\u2019energia elettrica per le grandi industrie, di fatto ha ridotto notevolmente a queste ultime la voce \u201ctasse e oneri\u201d, ridistribuendone il carico a tutte le altre categorie di imprese escluse dalle agevolazioni. E\u2019 altres\u00ec vero che, a seguito delle misure messe in campo successivamente dal Governo Draghi, questo gap si \u00e8 ridotto. Va altres\u00ec ricordato che nel mercato libero le offerte di prezzo possono interessare solo la componente energia; le altre voci di spesa &#8211; come le spese di trasporto, gli oneri di sistema, la gestione del contatore etc. &#8211; sono stabilite periodicamente dall\u2019Autorit\u00e0 per l\u2019Energia e sono uguali per tutti i fornitori.<\/p>\n<p><strong>Incidono le tasse e gli oneri<\/strong><br \/>\nRispetto agli altri paesi europei, ad appesantire le nostre bollette della luce sono, in particolare, il peso delle tasse e degli oneri che da noi incide, sul costo al MWh, per il 18,4 per cento, contro il 14,7 in Germania e il 3,5 in Francia. L\u2019incidenza media presente nell\u2019Eurozona \u00e8 del 9,6, poco meno della met\u00e0 della quota presente in Italia (vedi Tab. 3). Se poi la comparazione la facciamo tra piccolissime e grandi imprese italiane, con il costo totale dell\u2019energia elettrica pari a 100, l\u2019incidenza delle tasse\/oneri e anche dei costi di rete in capo alle micro \u00e8 tre volte superiore a quella riconducibile alle grandi realt\u00e0 produttive (vedi Graf. 1).<\/p>\n<p><strong>Nel 2024 prezzi del gas e dell\u2019energia in calo, ma in ripresa nel 2025<\/strong><br \/>\nRispetto ai dati medi registrati nel 2023, l\u2019anno scorso sia il prezzo del gas (-13,8 per cento) sia quello dell\u2019energia elettrica (-14,6 per cento) hanno subito una sensibile contrazione (vedi Tab. 4). Tuttavia, a partire dagli ultimi mesi del 2024 sino ad oggi, i prezzi sono tornati a salire costantemente; la media dei primi 25 giorni di questo mese ci segnalano che il costo medio del gas naturale ha toccato i 54 euro per MWh (vedi Graf. 2), mentre quello dell\u2019energia ha raggiunto i 152 euro per MWh (vedi Graf. 3). Se confrontiamo questi dati con quelli relativi allo stesso mese del 2024, il primo \u00e8 cresciuto del +93 per cento, il secondo del +73 per cento. Certo, nulla a che vedere con i picchi massimi toccati ad agosto del 2022 quando il gas raggiunse i 233 euro e l\u2019energia elettrica i 543 euro.<\/p>\n<p><strong>In Veneto le persone in Povert\u00e0 Energetica (PE) sono 303mila<\/strong><br \/>\nSono quasi 2,4 milioni le famiglie italiane in povert\u00e0 energetica (PE). Stiamo parlando di 5,3 milioni di persone che nel 2023 vivevano in abitazioni poco salubri, scarsamente riscaldate d\u2019inverno, poco raffrescate d\u2019estate, con livelli di illuminazione scadenti e con un utilizzo molto contenuto dei principali elettrodomestici bianchi. I nuclei familiari pi\u00f9 a rischio sono costituiti da un elevato numero di persone, che si trovano in condizioni di disagio economico e le abitazioni in cui vivono sono in cattivo stato di conservazione. A livello territoriale la situazione pi\u00f9 critica si verifica in Calabria, dove il 19,1 per cento delle famiglie, composte da 348.794 individui, si trovava in condizioni di PE. Seguono la Basilicata (17,8 per cento) il Molise (17,6 per cento), la Puglia (17,4 per cento) e la Sicilia (14,2 per cento). In Veneto le famiglie coinvolte sono quasi 135mila (6,3 per cento del totale), pari a poco pi\u00f9 303.600 persone coinvolte (vedi Tab. 5). Va segnalato che la media Italia dell\u2019incidenza percentuale delle famiglie in PE era pari a 9. A dirlo \u00e8 l\u2019Ufficio studi della CGIA che ha elaborato i dati estrapolati dal Rapporto OIPE 2023.<\/p>\n<p><strong>Identikit del capofamiglia in PE: disoccupato, pensionato o autonomo<\/strong><br \/>\nLe principali condizioni professionali del capofamiglia che si trova in PE sono, in linea di massima, tre: disoccupato, pensionato solo e in molti casi, sottolinea la CGIA, quando lavora lo fa come autonomo. Va infine sottolineato che i nuclei pi\u00f9 a rischio PE, soprattutto nel Sud, sono quelli che utilizzano il gas quale principale fonte di riscaldamento. Coloro che invece utilizzano altri combustibili (bombole a gas, pellet, gasolio, legna, kerosene, etc.), presentano valori percentuali di rischio pi\u00f9 contenuti.<\/p>\n\n\t\t\t<style type='text\/css'>\n\t\t\t\t#gallery-7 {\n\t\t\t\t\tmargin: auto;\n\t\t\t\t}\n\t\t\t\t#gallery-7 .gallery-item {\n\t\t\t\t\tfloat: left;\n\t\t\t\t\tmargin-top: 10px;\n\t\t\t\t\ttext-align: center;\n\t\t\t\t\twidth: 33%;\n\t\t\t\t}\n\t\t\t\t#gallery-7 img {\n\t\t\t\t\tborder: 2px solid #cfcfcf;\n\t\t\t\t}\n\t\t\t\t#gallery-7 .gallery-caption {\n\t\t\t\t\tmargin-left: 0;\n\t\t\t\t}\n\t\t\t\t\/* see gallery_shortcode() in wp-includes\/media.php *\/\n\t\t\t<\/style>\n\t\t<div id='gallery-7' class='dt-gallery-container gallery galleryid-437296 gallery-columns-3 gallery-size-medium'><dl class='gallery-item'>\n\t\t\t\t<dt class='gallery-icon portrait'>\n\t\t\t\t\t<a class=\"rollover rollover-zoom dt-pswp-item\" title=\"20250301124533\" data-dt-img-description=\"\" data-large_image_width=\"643\" data-large_image_height=\"664\"href='https:\/\/www.radiopiu.net\/wordpress\/wp-content\/uploads\/2025\/03\/20250301124533.png'><img loading=\"lazy\" decoding=\"async\" width=\"291\" height=\"300\" src=\"https:\/\/www.radiopiu.net\/wordpress\/wp-content\/uploads\/2025\/03\/20250301124533-291x300.png\" class=\"attachment-medium size-medium\" alt=\"\" srcset=\"https:\/\/www.radiopiu.net\/wordpress\/wp-content\/uploads\/2025\/03\/20250301124533-291x300.png 291w, https:\/\/www.radiopiu.net\/wordpress\/wp-content\/uploads\/2025\/03\/20250301124533.png 643w\" sizes=\"auto, (max-width: 291px) 100vw, 291px\" \/><\/a>\n\t\t\t\t<\/dt><\/dl><dl class='gallery-item'>\n\t\t\t\t<dt class='gallery-icon portrait'>\n\t\t\t\t\t<a class=\"rollover rollover-zoom dt-pswp-item\" title=\"20250301124557\" data-dt-img-description=\"\" data-large_image_width=\"614\" data-large_image_height=\"707\"href='https:\/\/www.radiopiu.net\/wordpress\/wp-content\/uploads\/2025\/03\/20250301124557.png'><img loading=\"lazy\" decoding=\"async\" width=\"261\" height=\"300\" src=\"https:\/\/www.radiopiu.net\/wordpress\/wp-content\/uploads\/2025\/03\/20250301124557-261x300.png\" class=\"attachment-medium size-medium\" alt=\"\" srcset=\"https:\/\/www.radiopiu.net\/wordpress\/wp-content\/uploads\/2025\/03\/20250301124557-261x300.png 261w, https:\/\/www.radiopiu.net\/wordpress\/wp-content\/uploads\/2025\/03\/20250301124557.png 614w\" sizes=\"auto, (max-width: 261px) 100vw, 261px\" \/><\/a>\n\t\t\t\t<\/dt><\/dl><dl class='gallery-item'>\n\t\t\t\t<dt class='gallery-icon landscape'>\n\t\t\t\t\t<a class=\"rollover rollover-zoom dt-pswp-item\" title=\"20250301124619\" data-dt-img-description=\"\" data-large_image_width=\"483\" data-large_image_height=\"360\"href='https:\/\/www.radiopiu.net\/wordpress\/wp-content\/uploads\/2025\/03\/20250301124619.png'><img loading=\"lazy\" decoding=\"async\" width=\"300\" height=\"224\" src=\"https:\/\/www.radiopiu.net\/wordpress\/wp-content\/uploads\/2025\/03\/20250301124619-300x224.png\" class=\"attachment-medium size-medium\" alt=\"\" srcset=\"https:\/\/www.radiopiu.net\/wordpress\/wp-content\/uploads\/2025\/03\/20250301124619-300x224.png 300w, https:\/\/www.radiopiu.net\/wordpress\/wp-content\/uploads\/2025\/03\/20250301124619.png 483w\" sizes=\"auto, (max-width: 300px) 100vw, 300px\" \/><\/a>\n\t\t\t\t<\/dt><\/dl><br style=\"clear: both\" \/><dl class='gallery-item'>\n\t\t\t\t<dt class='gallery-icon landscape'>\n\t\t\t\t\t<a class=\"rollover rollover-zoom dt-pswp-item\" title=\"20250301124705\" data-dt-img-description=\"\" data-large_image_width=\"642\" data-large_image_height=\"382\"href='https:\/\/www.radiopiu.net\/wordpress\/wp-content\/uploads\/2025\/03\/20250301124705.png'><img loading=\"lazy\" decoding=\"async\" width=\"300\" height=\"179\" src=\"https:\/\/www.radiopiu.net\/wordpress\/wp-content\/uploads\/2025\/03\/20250301124705-300x179.png\" class=\"attachment-medium size-medium\" alt=\"\" srcset=\"https:\/\/www.radiopiu.net\/wordpress\/wp-content\/uploads\/2025\/03\/20250301124705-300x179.png 300w, https:\/\/www.radiopiu.net\/wordpress\/wp-content\/uploads\/2025\/03\/20250301124705.png 642w\" sizes=\"auto, (max-width: 300px) 100vw, 300px\" \/><\/a>\n\t\t\t\t<\/dt><\/dl><dl class='gallery-item'>\n\t\t\t\t<dt class='gallery-icon portrait'>\n\t\t\t\t\t<a class=\"rollover rollover-zoom dt-pswp-item\" title=\"20250301124751\" data-dt-img-description=\"\" data-large_image_width=\"644\" data-large_image_height=\"719\"href='https:\/\/www.radiopiu.net\/wordpress\/wp-content\/uploads\/2025\/03\/20250301124751.png'><img loading=\"lazy\" decoding=\"async\" width=\"269\" height=\"300\" src=\"https:\/\/www.radiopiu.net\/wordpress\/wp-content\/uploads\/2025\/03\/20250301124751-269x300.png\" class=\"attachment-medium size-medium\" alt=\"\" srcset=\"https:\/\/www.radiopiu.net\/wordpress\/wp-content\/uploads\/2025\/03\/20250301124751-269x300.png 269w, https:\/\/www.radiopiu.net\/wordpress\/wp-content\/uploads\/2025\/03\/20250301124751.png 644w\" sizes=\"auto, (max-width: 269px) 100vw, 269px\" \/><\/a>\n\t\t\t\t<\/dt><\/dl><dl class='gallery-item'>\n\t\t\t\t<dt class='gallery-icon portrait'>\n\t\t\t\t\t<a class=\"rollover rollover-zoom dt-pswp-item\" title=\"20250301124646\" data-dt-img-description=\"\" data-large_image_width=\"636\" data-large_image_height=\"674\"href='https:\/\/www.radiopiu.net\/wordpress\/wp-content\/uploads\/2025\/03\/20250301124646.png'><img loading=\"lazy\" decoding=\"async\" width=\"283\" height=\"300\" src=\"https:\/\/www.radiopiu.net\/wordpress\/wp-content\/uploads\/2025\/03\/20250301124646-283x300.png\" class=\"attachment-medium size-medium\" alt=\"\" srcset=\"https:\/\/www.radiopiu.net\/wordpress\/wp-content\/uploads\/2025\/03\/20250301124646-283x300.png 283w, https:\/\/www.radiopiu.net\/wordpress\/wp-content\/uploads\/2025\/03\/20250301124646.png 636w\" sizes=\"auto, (max-width: 283px) 100vw, 283px\" \/><\/a>\n\t\t\t\t<\/dt><\/dl><br style=\"clear: both\" \/><dl class='gallery-item'>\n\t\t\t\t<dt class='gallery-icon landscape'>\n\t\t\t\t\t<a class=\"rollover rollover-zoom dt-pswp-item\" title=\"20250301124720\" data-dt-img-description=\"\" data-large_image_width=\"648\" data-large_image_height=\"350\"href='https:\/\/www.radiopiu.net\/wordpress\/wp-content\/uploads\/2025\/03\/20250301124720.png'><img loading=\"lazy\" decoding=\"async\" width=\"300\" height=\"162\" src=\"https:\/\/www.radiopiu.net\/wordpress\/wp-content\/uploads\/2025\/03\/20250301124720-300x162.png\" class=\"attachment-medium size-medium\" alt=\"\" srcset=\"https:\/\/www.radiopiu.net\/wordpress\/wp-content\/uploads\/2025\/03\/20250301124720-300x162.png 300w, https:\/\/www.radiopiu.net\/wordpress\/wp-content\/uploads\/2025\/03\/20250301124720.png 648w\" sizes=\"auto, (max-width: 300px) 100vw, 300px\" \/><\/a>\n\t\t\t\t<\/dt><\/dl><dl class='gallery-item'>\n\t\t\t\t<dt class='gallery-icon landscape'>\n\t\t\t\t\t<a class=\"rollover rollover-zoom dt-pswp-item\" title=\"20250301124735\" data-dt-img-description=\"\" data-large_image_width=\"652\" data-large_image_height=\"336\"href='https:\/\/www.radiopiu.net\/wordpress\/wp-content\/uploads\/2025\/03\/20250301124735.png'><img loading=\"lazy\" decoding=\"async\" width=\"300\" height=\"155\" src=\"https:\/\/www.radiopiu.net\/wordpress\/wp-content\/uploads\/2025\/03\/20250301124735-300x155.png\" class=\"attachment-medium size-medium\" alt=\"\" srcset=\"https:\/\/www.radiopiu.net\/wordpress\/wp-content\/uploads\/2025\/03\/20250301124735-300x155.png 300w, https:\/\/www.radiopiu.net\/wordpress\/wp-content\/uploads\/2025\/03\/20250301124735.png 652w\" sizes=\"auto, (max-width: 300px) 100vw, 300px\" \/><\/a>\n\t\t\t\t<\/dt><\/dl>\n\t\t\t\t<br style='clear: both' \/>\n\t\t\t<\/div>\n\n<p>&nbsp;<\/p>\n<hr \/>\n<p>&nbsp;<\/p>\n<blockquote>\n<h3>DOMENICA DI FESTA CON LA ZINGHENESTA A CANALE D&#8217;AGORDO<\/h3>\n<\/blockquote>\n<p><strong><a class=\"dt-pswp-item\" href=\"https:\/\/www.radiopiu.net\/wordpress\/wp-content\/uploads\/2025\/03\/\u00a9echidialessandrosogne-13-ISABEL-MURER-ZINGHENESTA-2025.jpg\" data-dt-img-description=\"\" data-large_image_width=\"1500\" data-large_image_height=\"999\"><img loading=\"lazy\" decoding=\"async\" class=\" wp-image-437551 alignleft\" src=\"https:\/\/www.radiopiu.net\/wordpress\/wp-content\/uploads\/2025\/03\/\u00a9echidialessandrosogne-13-ISABEL-MURER-ZINGHENESTA-2025-300x200.jpg\" alt=\"\" width=\"209\" height=\"139\" srcset=\"https:\/\/www.radiopiu.net\/wordpress\/wp-content\/uploads\/2025\/03\/\u00a9echidialessandrosogne-13-ISABEL-MURER-ZINGHENESTA-2025-300x200.jpg 300w, https:\/\/www.radiopiu.net\/wordpress\/wp-content\/uploads\/2025\/03\/\u00a9echidialessandrosogne-13-ISABEL-MURER-ZINGHENESTA-2025-1024x682.jpg 1024w, https:\/\/www.radiopiu.net\/wordpress\/wp-content\/uploads\/2025\/03\/\u00a9echidialessandrosogne-13-ISABEL-MURER-ZINGHENESTA-2025-768x511.jpg 768w, https:\/\/www.radiopiu.net\/wordpress\/wp-content\/uploads\/2025\/03\/\u00a9echidialessandrosogne-13-ISABEL-MURER-ZINGHENESTA-2025.jpg 1500w\" sizes=\"auto, (max-width: 209px) 100vw, 209px\" \/><\/a>di Marina Don\u00e0<\/strong><\/p>\n<p><strong>CANALE D&#8217;AGORDO<\/strong> Un&#8217;altra giornata celebrando le tradizioni dei paesi di montagna, questa volta a Canale d&#8217;Agordo con la festa caratteristica del carnevale chiamata &#8220;La Zinghenesta&#8221;, ovvero la ragazza pi\u00f9 bella del paese. Un popolo mascherato, tra maschere arcaiche tradizionali e non, ma una festa di sicuro inclusiva accompagnata dalla musica tipica.\u00a0 La Zinghenesta 2025 \u00e8 Isabel Murer, che arriva in piazza Papa Luciani nel primo pomeriggio danzando gioiosa, con a seguito il lungo corteo mascherato. Dopo balli in piazza sul tardi arriva il processo al carnevale. (FOTO: Echi di Alessandro Sogne)<\/p>\n<p><strong>ISABEL MURER, LA ZINGHENESTA 2025<\/strong><\/p>\n<audio class=\"wp-audio-shortcode\" id=\"audio-437296-7\" preload=\"none\" style=\"width: 100%;\" controls=\"controls\"><source type=\"audio\/mpeg\" src=\"https:\/\/www.radiopiu.net\/wordpress\/wp-content\/uploads\/2025\/03\/Isabel-Murer-zinghenesta-2025.mp3?_=7\" \/><a href=\"https:\/\/www.radiopiu.net\/wordpress\/wp-content\/uploads\/2025\/03\/Isabel-Murer-zinghenesta-2025.mp3\">https:\/\/www.radiopiu.net\/wordpress\/wp-content\/uploads\/2025\/03\/Isabel-Murer-zinghenesta-2025.mp3<\/a><\/audio>\n<p>&nbsp;<\/p>\n<p><strong>IL VIDEO<\/strong><\/p>\n<p><iframe loading=\"lazy\" title=\"La Zinghenesta 2025\" width=\"1200\" height=\"675\" src=\"https:\/\/www.youtube.com\/embed\/3J8E1f126mM?feature=oembed\" frameborder=\"0\" allow=\"accelerometer; autoplay; clipboard-write; encrypted-media; gyroscope; picture-in-picture; web-share\" referrerpolicy=\"strict-origin-when-cross-origin\" allowfullscreen><\/iframe><\/p>\n<p>&nbsp;<\/p>\n<p><strong>LE FOTO<\/strong><\/p>\n\n\t\t\t<style type='text\/css'>\n\t\t\t\t#gallery-8 {\n\t\t\t\t\tmargin: auto;\n\t\t\t\t}\n\t\t\t\t#gallery-8 .gallery-item {\n\t\t\t\t\tfloat: left;\n\t\t\t\t\tmargin-top: 10px;\n\t\t\t\t\ttext-align: center;\n\t\t\t\t\twidth: 20%;\n\t\t\t\t}\n\t\t\t\t#gallery-8 img {\n\t\t\t\t\tborder: 2px solid #cfcfcf;\n\t\t\t\t}\n\t\t\t\t#gallery-8 .gallery-caption {\n\t\t\t\t\tmargin-left: 0;\n\t\t\t\t}\n\t\t\t\t\/* see gallery_shortcode() in wp-includes\/media.php *\/\n\t\t\t<\/style>\n\t\t<div id='gallery-8' class='dt-gallery-container gallery galleryid-437296 gallery-columns-5 gallery-size-thumbnail'><dl class='gallery-item'>\n\t\t\t\t<dt class='gallery-icon landscape'>\n\t\t\t\t\t<a class=\"rollover rollover-zoom dt-pswp-item\" title=\"a627d4d7-e7c8-4767-88af-370e136c582b\" data-dt-img-description=\"\" data-large_image_width=\"1599\" data-large_image_height=\"1186\"href='https:\/\/www.radiopiu.net\/wordpress\/wp-content\/uploads\/2025\/03\/a627d4d7-e7c8-4767-88af-370e136c582b.jpg'><img loading=\"lazy\" decoding=\"async\" width=\"150\" height=\"150\" src=\"https:\/\/www.radiopiu.net\/wordpress\/wp-content\/uploads\/2025\/03\/a627d4d7-e7c8-4767-88af-370e136c582b-150x150.jpg\" class=\"attachment-thumbnail size-thumbnail\" alt=\"\" \/><\/a>\n\t\t\t\t<\/dt><\/dl><dl class='gallery-item'>\n\t\t\t\t<dt class='gallery-icon landscape'>\n\t\t\t\t\t<a class=\"rollover rollover-zoom dt-pswp-item\" title=\"6df408dc-e459-4b4e-8ed0-7daa1bc5a662\" data-dt-img-description=\"\" data-large_image_width=\"1599\" data-large_image_height=\"1186\"href='https:\/\/www.radiopiu.net\/wordpress\/wp-content\/uploads\/2025\/03\/6df408dc-e459-4b4e-8ed0-7daa1bc5a662.jpg'><img loading=\"lazy\" decoding=\"async\" width=\"150\" height=\"150\" src=\"https:\/\/www.radiopiu.net\/wordpress\/wp-content\/uploads\/2025\/03\/6df408dc-e459-4b4e-8ed0-7daa1bc5a662-150x150.jpg\" class=\"attachment-thumbnail size-thumbnail\" alt=\"\" \/><\/a>\n\t\t\t\t<\/dt><\/dl><dl class='gallery-item'>\n\t\t\t\t<dt class='gallery-icon landscape'>\n\t\t\t\t\t<a class=\"rollover rollover-zoom dt-pswp-item\" title=\"f91d321e-1867-46c7-83d5-7532ecb6c8ef\" data-dt-img-description=\"\" data-large_image_width=\"1600\" data-large_image_height=\"1200\"href='https:\/\/www.radiopiu.net\/wordpress\/wp-content\/uploads\/2025\/03\/f91d321e-1867-46c7-83d5-7532ecb6c8ef.jpg'><img loading=\"lazy\" decoding=\"async\" width=\"150\" height=\"150\" src=\"https:\/\/www.radiopiu.net\/wordpress\/wp-content\/uploads\/2025\/03\/f91d321e-1867-46c7-83d5-7532ecb6c8ef-150x150.jpg\" class=\"attachment-thumbnail size-thumbnail\" alt=\"\" \/><\/a>\n\t\t\t\t<\/dt><\/dl><dl class='gallery-item'>\n\t\t\t\t<dt class='gallery-icon landscape'>\n\t\t\t\t\t<a class=\"rollover rollover-zoom dt-pswp-item\" title=\"4c041d84-4174-4ff1-b6c7-c0ffdff5cba2\" data-dt-img-description=\"\" data-large_image_width=\"1600\" data-large_image_height=\"1200\"href='https:\/\/www.radiopiu.net\/wordpress\/wp-content\/uploads\/2025\/03\/4c041d84-4174-4ff1-b6c7-c0ffdff5cba2.jpg'><img loading=\"lazy\" decoding=\"async\" width=\"150\" height=\"150\" src=\"https:\/\/www.radiopiu.net\/wordpress\/wp-content\/uploads\/2025\/03\/4c041d84-4174-4ff1-b6c7-c0ffdff5cba2-150x150.jpg\" class=\"attachment-thumbnail size-thumbnail\" alt=\"\" \/><\/a>\n\t\t\t\t<\/dt><\/dl><dl class='gallery-item'>\n\t\t\t\t<dt class='gallery-icon landscape'>\n\t\t\t\t\t<a class=\"rollover rollover-zoom dt-pswp-item\" title=\"39bdbf61-b83b-483d-be04-11158f51efe4\" data-dt-img-description=\"\" data-large_image_width=\"1599\" data-large_image_height=\"1186\"href='https:\/\/www.radiopiu.net\/wordpress\/wp-content\/uploads\/2025\/03\/39bdbf61-b83b-483d-be04-11158f51efe4.jpg'><img loading=\"lazy\" decoding=\"async\" width=\"150\" height=\"150\" src=\"https:\/\/www.radiopiu.net\/wordpress\/wp-content\/uploads\/2025\/03\/39bdbf61-b83b-483d-be04-11158f51efe4-150x150.jpg\" class=\"attachment-thumbnail size-thumbnail\" alt=\"\" \/><\/a>\n\t\t\t\t<\/dt><\/dl><br style=\"clear: both\" \/><dl class='gallery-item'>\n\t\t\t\t<dt class='gallery-icon landscape'>\n\t\t\t\t\t<a class=\"rollover rollover-zoom dt-pswp-item\" title=\"96c76b68-9be9-45fb-b969-ca04bc9e25be\" data-dt-img-description=\"\" data-large_image_width=\"1600\" data-large_image_height=\"1200\"href='https:\/\/www.radiopiu.net\/wordpress\/wp-content\/uploads\/2025\/03\/96c76b68-9be9-45fb-b969-ca04bc9e25be.jpg'><img loading=\"lazy\" decoding=\"async\" width=\"150\" height=\"150\" src=\"https:\/\/www.radiopiu.net\/wordpress\/wp-content\/uploads\/2025\/03\/96c76b68-9be9-45fb-b969-ca04bc9e25be-150x150.jpg\" class=\"attachment-thumbnail size-thumbnail\" alt=\"\" \/><\/a>\n\t\t\t\t<\/dt><\/dl><dl class='gallery-item'>\n\t\t\t\t<dt class='gallery-icon landscape'>\n\t\t\t\t\t<a class=\"rollover rollover-zoom dt-pswp-item\" title=\"dad758a7-2e23-40b9-a4f0-9c03bca640ab\" data-dt-img-description=\"\" data-large_image_width=\"1600\" data-large_image_height=\"1200\"href='https:\/\/www.radiopiu.net\/wordpress\/wp-content\/uploads\/2025\/03\/dad758a7-2e23-40b9-a4f0-9c03bca640ab.jpg'><img loading=\"lazy\" decoding=\"async\" width=\"150\" height=\"150\" src=\"https:\/\/www.radiopiu.net\/wordpress\/wp-content\/uploads\/2025\/03\/dad758a7-2e23-40b9-a4f0-9c03bca640ab-150x150.jpg\" class=\"attachment-thumbnail size-thumbnail\" alt=\"\" \/><\/a>\n\t\t\t\t<\/dt><\/dl><dl class='gallery-item'>\n\t\t\t\t<dt class='gallery-icon landscape'>\n\t\t\t\t\t<a class=\"rollover rollover-zoom dt-pswp-item\" title=\"bbfc6c73-c784-4f3c-a1fc-c27e96976a85\" data-dt-img-description=\"\" data-large_image_width=\"1599\" data-large_image_height=\"1186\"href='https:\/\/www.radiopiu.net\/wordpress\/wp-content\/uploads\/2025\/03\/bbfc6c73-c784-4f3c-a1fc-c27e96976a85.jpg'><img loading=\"lazy\" decoding=\"async\" width=\"150\" height=\"150\" src=\"https:\/\/www.radiopiu.net\/wordpress\/wp-content\/uploads\/2025\/03\/bbfc6c73-c784-4f3c-a1fc-c27e96976a85-150x150.jpg\" class=\"attachment-thumbnail size-thumbnail\" alt=\"\" \/><\/a>\n\t\t\t\t<\/dt><\/dl><dl class='gallery-item'>\n\t\t\t\t<dt class='gallery-icon landscape'>\n\t\t\t\t\t<a class=\"rollover rollover-zoom dt-pswp-item\" title=\"94c31758-82af-423b-b578-20b2034150ab\" data-dt-img-description=\"\" data-large_image_width=\"1600\" data-large_image_height=\"1200\"href='https:\/\/www.radiopiu.net\/wordpress\/wp-content\/uploads\/2025\/03\/94c31758-82af-423b-b578-20b2034150ab.jpg'><img loading=\"lazy\" decoding=\"async\" width=\"150\" height=\"150\" src=\"https:\/\/www.radiopiu.net\/wordpress\/wp-content\/uploads\/2025\/03\/94c31758-82af-423b-b578-20b2034150ab-150x150.jpg\" class=\"attachment-thumbnail size-thumbnail\" alt=\"\" \/><\/a>\n\t\t\t\t<\/dt><\/dl><dl class='gallery-item'>\n\t\t\t\t<dt class='gallery-icon landscape'>\n\t\t\t\t\t<a class=\"rollover rollover-zoom dt-pswp-item\" title=\"e339b6cf-eaf8-41f6-9567-b271c04dc62c\" data-dt-img-description=\"\" data-large_image_width=\"1599\" data-large_image_height=\"1186\"href='https:\/\/www.radiopiu.net\/wordpress\/wp-content\/uploads\/2025\/03\/e339b6cf-eaf8-41f6-9567-b271c04dc62c.jpg'><img loading=\"lazy\" decoding=\"async\" width=\"150\" height=\"150\" src=\"https:\/\/www.radiopiu.net\/wordpress\/wp-content\/uploads\/2025\/03\/e339b6cf-eaf8-41f6-9567-b271c04dc62c-150x150.jpg\" class=\"attachment-thumbnail size-thumbnail\" alt=\"\" \/><\/a>\n\t\t\t\t<\/dt><\/dl><br style=\"clear: both\" \/><dl class='gallery-item'>\n\t\t\t\t<dt class='gallery-icon landscape'>\n\t\t\t\t\t<a class=\"rollover rollover-zoom dt-pswp-item\" title=\"035d86d9-5a1a-430c-84b7-567b842238d4\" data-dt-img-description=\"\" data-large_image_width=\"1599\" data-large_image_height=\"1186\"href='https:\/\/www.radiopiu.net\/wordpress\/wp-content\/uploads\/2025\/03\/035d86d9-5a1a-430c-84b7-567b842238d4.jpg'><img loading=\"lazy\" decoding=\"async\" width=\"150\" height=\"150\" src=\"https:\/\/www.radiopiu.net\/wordpress\/wp-content\/uploads\/2025\/03\/035d86d9-5a1a-430c-84b7-567b842238d4-150x150.jpg\" class=\"attachment-thumbnail size-thumbnail\" alt=\"\" \/><\/a>\n\t\t\t\t<\/dt><\/dl><dl class='gallery-item'>\n\t\t\t\t<dt class='gallery-icon landscape'>\n\t\t\t\t\t<a class=\"rollover rollover-zoom dt-pswp-item\" title=\"c3d3c27d-6911-4460-b712-7b3cf625ba28\" data-dt-img-description=\"\" data-large_image_width=\"1599\" data-large_image_height=\"1186\"href='https:\/\/www.radiopiu.net\/wordpress\/wp-content\/uploads\/2025\/03\/c3d3c27d-6911-4460-b712-7b3cf625ba28.jpg'><img loading=\"lazy\" decoding=\"async\" width=\"150\" height=\"150\" src=\"https:\/\/www.radiopiu.net\/wordpress\/wp-content\/uploads\/2025\/03\/c3d3c27d-6911-4460-b712-7b3cf625ba28-150x150.jpg\" class=\"attachment-thumbnail size-thumbnail\" alt=\"\" \/><\/a>\n\t\t\t\t<\/dt><\/dl><dl class='gallery-item'>\n\t\t\t\t<dt class='gallery-icon landscape'>\n\t\t\t\t\t<a class=\"rollover rollover-zoom dt-pswp-item\" title=\"5c0b8b23-73a3-4814-9f39-69c3f550e497\" data-dt-img-description=\"\" data-large_image_width=\"1599\" data-large_image_height=\"1186\"href='https:\/\/www.radiopiu.net\/wordpress\/wp-content\/uploads\/2025\/03\/5c0b8b23-73a3-4814-9f39-69c3f550e497.jpg'><img loading=\"lazy\" decoding=\"async\" width=\"150\" height=\"150\" src=\"https:\/\/www.radiopiu.net\/wordpress\/wp-content\/uploads\/2025\/03\/5c0b8b23-73a3-4814-9f39-69c3f550e497-150x150.jpg\" class=\"attachment-thumbnail size-thumbnail\" alt=\"\" \/><\/a>\n\t\t\t\t<\/dt><\/dl><dl class='gallery-item'>\n\t\t\t\t<dt class='gallery-icon landscape'>\n\t\t\t\t\t<a class=\"rollover rollover-zoom dt-pswp-item\" title=\"05e68078-5ac3-44f8-b409-670e71927096\" data-dt-img-description=\"\" data-large_image_width=\"1599\" data-large_image_height=\"1186\"href='https:\/\/www.radiopiu.net\/wordpress\/wp-content\/uploads\/2025\/03\/05e68078-5ac3-44f8-b409-670e71927096.jpg'><img loading=\"lazy\" decoding=\"async\" width=\"150\" height=\"150\" src=\"https:\/\/www.radiopiu.net\/wordpress\/wp-content\/uploads\/2025\/03\/05e68078-5ac3-44f8-b409-670e71927096-150x150.jpg\" class=\"attachment-thumbnail size-thumbnail\" alt=\"\" \/><\/a>\n\t\t\t\t<\/dt><\/dl><dl class='gallery-item'>\n\t\t\t\t<dt class='gallery-icon landscape'>\n\t\t\t\t\t<a class=\"rollover rollover-zoom dt-pswp-item\" title=\"04cc9c33-613d-4a33-99b1-61d288f02459\" data-dt-img-description=\"\" data-large_image_width=\"1599\" data-large_image_height=\"1186\"href='https:\/\/www.radiopiu.net\/wordpress\/wp-content\/uploads\/2025\/03\/04cc9c33-613d-4a33-99b1-61d288f02459.jpg'><img loading=\"lazy\" decoding=\"async\" width=\"150\" height=\"150\" src=\"https:\/\/www.radiopiu.net\/wordpress\/wp-content\/uploads\/2025\/03\/04cc9c33-613d-4a33-99b1-61d288f02459-150x150.jpg\" class=\"attachment-thumbnail size-thumbnail\" alt=\"\" \/><\/a>\n\t\t\t\t<\/dt><\/dl><br style=\"clear: both\" \/><dl class='gallery-item'>\n\t\t\t\t<dt class='gallery-icon landscape'>\n\t\t\t\t\t<a class=\"rollover rollover-zoom dt-pswp-item\" title=\"1de191ef-54f1-4e2f-a27e-8990fdd82eb8\" data-dt-img-description=\"\" data-large_image_width=\"1600\" data-large_image_height=\"1200\"href='https:\/\/www.radiopiu.net\/wordpress\/wp-content\/uploads\/2025\/03\/1de191ef-54f1-4e2f-a27e-8990fdd82eb8.jpg'><img loading=\"lazy\" decoding=\"async\" width=\"150\" height=\"150\" src=\"https:\/\/www.radiopiu.net\/wordpress\/wp-content\/uploads\/2025\/03\/1de191ef-54f1-4e2f-a27e-8990fdd82eb8-150x150.jpg\" class=\"attachment-thumbnail size-thumbnail\" alt=\"\" \/><\/a>\n\t\t\t\t<\/dt><\/dl><dl class='gallery-item'>\n\t\t\t\t<dt class='gallery-icon landscape'>\n\t\t\t\t\t<a class=\"rollover rollover-zoom dt-pswp-item\" title=\"18c7811d-5d46-4b25-ab42-9a7ca34bafb7\" data-dt-img-description=\"\" data-large_image_width=\"1599\" data-large_image_height=\"1186\"href='https:\/\/www.radiopiu.net\/wordpress\/wp-content\/uploads\/2025\/03\/18c7811d-5d46-4b25-ab42-9a7ca34bafb7.jpg'><img loading=\"lazy\" decoding=\"async\" width=\"150\" height=\"150\" src=\"https:\/\/www.radiopiu.net\/wordpress\/wp-content\/uploads\/2025\/03\/18c7811d-5d46-4b25-ab42-9a7ca34bafb7-150x150.jpg\" class=\"attachment-thumbnail size-thumbnail\" alt=\"\" \/><\/a>\n\t\t\t\t<\/dt><\/dl><dl class='gallery-item'>\n\t\t\t\t<dt class='gallery-icon landscape'>\n\t\t\t\t\t<a class=\"rollover rollover-zoom dt-pswp-item\" title=\"c7f86952-74f4-4a4a-adbc-3a463b875a6f\" data-dt-img-description=\"\" data-large_image_width=\"1600\" data-large_image_height=\"1200\"href='https:\/\/www.radiopiu.net\/wordpress\/wp-content\/uploads\/2025\/03\/c7f86952-74f4-4a4a-adbc-3a463b875a6f.jpg'><img loading=\"lazy\" decoding=\"async\" width=\"150\" height=\"150\" src=\"https:\/\/www.radiopiu.net\/wordpress\/wp-content\/uploads\/2025\/03\/c7f86952-74f4-4a4a-adbc-3a463b875a6f-150x150.jpg\" class=\"attachment-thumbnail size-thumbnail\" alt=\"\" \/><\/a>\n\t\t\t\t<\/dt><\/dl><dl class='gallery-item'>\n\t\t\t\t<dt class='gallery-icon landscape'>\n\t\t\t\t\t<a class=\"rollover rollover-zoom dt-pswp-item\" title=\"4018a75a-6d77-4e27-841c-b81f4ba3fa14\" data-dt-img-description=\"\" data-large_image_width=\"1600\" data-large_image_height=\"1200\"href='https:\/\/www.radiopiu.net\/wordpress\/wp-content\/uploads\/2025\/03\/4018a75a-6d77-4e27-841c-b81f4ba3fa14.jpg'><img loading=\"lazy\" decoding=\"async\" width=\"150\" height=\"150\" src=\"https:\/\/www.radiopiu.net\/wordpress\/wp-content\/uploads\/2025\/03\/4018a75a-6d77-4e27-841c-b81f4ba3fa14-150x150.jpg\" class=\"attachment-thumbnail size-thumbnail\" alt=\"\" \/><\/a>\n\t\t\t\t<\/dt><\/dl><dl class='gallery-item'>\n\t\t\t\t<dt class='gallery-icon landscape'>\n\t\t\t\t\t<a class=\"rollover rollover-zoom dt-pswp-item\" title=\"49929d91-41d2-46f7-abb7-3b122d9afd33\" data-dt-img-description=\"\" data-large_image_width=\"633\" data-large_image_height=\"495\"href='https:\/\/www.radiopiu.net\/wordpress\/wp-content\/uploads\/2025\/03\/49929d91-41d2-46f7-abb7-3b122d9afd33.jpg'><img loading=\"lazy\" decoding=\"async\" width=\"150\" height=\"150\" src=\"https:\/\/www.radiopiu.net\/wordpress\/wp-content\/uploads\/2025\/03\/49929d91-41d2-46f7-abb7-3b122d9afd33-150x150.jpg\" class=\"attachment-thumbnail size-thumbnail\" alt=\"\" \/><\/a>\n\t\t\t\t<\/dt><\/dl><br style=\"clear: both\" \/>\n\t\t\t<\/div>\n\n<p>&nbsp;<\/p>\n<p><strong>LA DIRETTA RADIO PIU&#8217; DA CANALE D&#8217;AGORDO<\/strong><\/p>\n<p><iframe loading=\"lazy\" title=\"ZINGHENESTA 2025: IL PROCESSO AL CARNEVALE\" width=\"1200\" height=\"900\" src=\"https:\/\/www.youtube.com\/embed\/tNuD0dubCIg?feature=oembed\" frameborder=\"0\" allow=\"accelerometer; autoplay; clipboard-write; encrypted-media; gyroscope; picture-in-picture; web-share\" referrerpolicy=\"strict-origin-when-cross-origin\" allowfullscreen><\/iframe><\/p>\n<p>&nbsp;<\/p>\n<p>&nbsp;<\/p>\n<hr \/>\n<p>&nbsp;<\/p>\n<blockquote>\n<h3>LA MASCOREDA 2025 A SOTTOGUDA<\/h3>\n<\/blockquote>\n<p><strong><a class=\"dt-pswp-item\" href=\"https:\/\/www.radiopiu.net\/wordpress\/wp-content\/uploads\/2025\/03\/c94d5230-0a57-45e7-8556-376734f22052.jpg\" data-dt-img-description=\"\" data-large_image_width=\"1080\" data-large_image_height=\"597\"><img loading=\"lazy\" decoding=\"async\" class=\" wp-image-437440 alignleft\" src=\"https:\/\/www.radiopiu.net\/wordpress\/wp-content\/uploads\/2025\/03\/c94d5230-0a57-45e7-8556-376734f22052-300x166.jpg\" alt=\"\" width=\"210\" height=\"116\" srcset=\"https:\/\/www.radiopiu.net\/wordpress\/wp-content\/uploads\/2025\/03\/c94d5230-0a57-45e7-8556-376734f22052-300x166.jpg 300w, https:\/\/www.radiopiu.net\/wordpress\/wp-content\/uploads\/2025\/03\/c94d5230-0a57-45e7-8556-376734f22052-1024x566.jpg 1024w, https:\/\/www.radiopiu.net\/wordpress\/wp-content\/uploads\/2025\/03\/c94d5230-0a57-45e7-8556-376734f22052-768x425.jpg 768w, https:\/\/www.radiopiu.net\/wordpress\/wp-content\/uploads\/2025\/03\/c94d5230-0a57-45e7-8556-376734f22052.jpg 1080w\" sizes=\"auto, (max-width: 210px) 100vw, 210px\" \/><\/a>DI MARINA DONA&#8217;<\/strong><\/p>\n<p><strong>ROCCA PIETORE <\/strong>Nel primo giorno di marzo ritorna &#8220;Carnevai de le vai&#8221; a Sottoguda. Una lunga sfilata per le vie del paese con i Matacinc, dove la musica ne fa da cornice. Tantissime maschere di legno dell&#8217;antica tradizione hanno rallegrato con le loro interpretazioni in base alla maschera indossata, e in mezzo a tutto questo non poteva mancare la festa per i bambini. La rete delle mascherate arcaiche si \u00e8 espansa e non intende fermare la sua corsa. Oltre a raccontare ci\u00f2 che fa parte della tradizione, l&#8217;occasione \u00e8 perfetta per riscoprire lo stare in compagnia e in allegria. I tanti &#8220;saut&#8221; (salti) dei Matacin con le loro vesti colorate sono di buon auspicio per aprire le porte alla nuova stagione dopo il freddo inverno. Un evento riuscito con la massiccia partecipazione di valligiani e turisti.<\/p>\n<p><strong>IL VIDEO<\/strong><\/p>\n<p><iframe loading=\"lazy\" title=\"LA MASCOREDA 2025 A SOTTOGUDA\" width=\"1200\" height=\"675\" src=\"https:\/\/www.youtube.com\/embed\/4Zoi69Our_Y?feature=oembed\" frameborder=\"0\" allow=\"accelerometer; autoplay; clipboard-write; encrypted-media; gyroscope; picture-in-picture; web-share\" referrerpolicy=\"strict-origin-when-cross-origin\" allowfullscreen><\/iframe><\/p>\n<p>&nbsp;<\/p>\n<p><strong>LE FOTO<\/strong><\/p>\n\n\t\t\t<style type='text\/css'>\n\t\t\t\t#gallery-9 {\n\t\t\t\t\tmargin: auto;\n\t\t\t\t}\n\t\t\t\t#gallery-9 .gallery-item {\n\t\t\t\t\tfloat: left;\n\t\t\t\t\tmargin-top: 10px;\n\t\t\t\t\ttext-align: center;\n\t\t\t\t\twidth: 20%;\n\t\t\t\t}\n\t\t\t\t#gallery-9 img {\n\t\t\t\t\tborder: 2px solid #cfcfcf;\n\t\t\t\t}\n\t\t\t\t#gallery-9 .gallery-caption {\n\t\t\t\t\tmargin-left: 0;\n\t\t\t\t}\n\t\t\t\t\/* see gallery_shortcode() in wp-includes\/media.php *\/\n\t\t\t<\/style>\n\t\t<div id='gallery-9' class='dt-gallery-container gallery galleryid-437296 gallery-columns-5 gallery-size-thumbnail'><dl class='gallery-item'>\n\t\t\t\t<dt class='gallery-icon landscape'>\n\t\t\t\t\t<a class=\"rollover rollover-zoom dt-pswp-item\" title=\"acd351b8-d2ad-4f43-9c42-04aa45a4624e\" data-dt-img-description=\"\" data-large_image_width=\"1600\" data-large_image_height=\"1200\"href='https:\/\/www.radiopiu.net\/wordpress\/wp-content\/uploads\/2025\/03\/acd351b8-d2ad-4f43-9c42-04aa45a4624e.jpg'><img loading=\"lazy\" decoding=\"async\" width=\"150\" height=\"150\" src=\"https:\/\/www.radiopiu.net\/wordpress\/wp-content\/uploads\/2025\/03\/acd351b8-d2ad-4f43-9c42-04aa45a4624e-150x150.jpg\" class=\"attachment-thumbnail size-thumbnail\" alt=\"\" \/><\/a>\n\t\t\t\t<\/dt><\/dl><dl class='gallery-item'>\n\t\t\t\t<dt class='gallery-icon landscape'>\n\t\t\t\t\t<a class=\"rollover rollover-zoom dt-pswp-item\" title=\"09cd7e3b-9f69-4e2c-8105-607fbd076640\" data-dt-img-description=\"\" data-large_image_width=\"1600\" data-large_image_height=\"1200\"href='https:\/\/www.radiopiu.net\/wordpress\/wp-content\/uploads\/2025\/03\/09cd7e3b-9f69-4e2c-8105-607fbd076640.jpg'><img loading=\"lazy\" decoding=\"async\" width=\"150\" height=\"150\" src=\"https:\/\/www.radiopiu.net\/wordpress\/wp-content\/uploads\/2025\/03\/09cd7e3b-9f69-4e2c-8105-607fbd076640-150x150.jpg\" class=\"attachment-thumbnail size-thumbnail\" alt=\"\" \/><\/a>\n\t\t\t\t<\/dt><\/dl><dl class='gallery-item'>\n\t\t\t\t<dt class='gallery-icon landscape'>\n\t\t\t\t\t<a class=\"rollover rollover-zoom dt-pswp-item\" title=\"8853cd24-0ccb-47b0-ae59-8b41d8362abe\" data-dt-img-description=\"\" data-large_image_width=\"1600\" data-large_image_height=\"1200\"href='https:\/\/www.radiopiu.net\/wordpress\/wp-content\/uploads\/2025\/03\/8853cd24-0ccb-47b0-ae59-8b41d8362abe.jpg'><img loading=\"lazy\" decoding=\"async\" width=\"150\" height=\"150\" src=\"https:\/\/www.radiopiu.net\/wordpress\/wp-content\/uploads\/2025\/03\/8853cd24-0ccb-47b0-ae59-8b41d8362abe-150x150.jpg\" class=\"attachment-thumbnail size-thumbnail\" alt=\"\" \/><\/a>\n\t\t\t\t<\/dt><\/dl><dl class='gallery-item'>\n\t\t\t\t<dt class='gallery-icon landscape'>\n\t\t\t\t\t<a class=\"rollover rollover-zoom dt-pswp-item\" title=\"35ee207d-04e2-4582-bbf3-305133be7e31\" data-dt-img-description=\"\" data-large_image_width=\"1600\" data-large_image_height=\"1200\"href='https:\/\/www.radiopiu.net\/wordpress\/wp-content\/uploads\/2025\/03\/35ee207d-04e2-4582-bbf3-305133be7e31.jpg'><img loading=\"lazy\" decoding=\"async\" width=\"150\" height=\"150\" src=\"https:\/\/www.radiopiu.net\/wordpress\/wp-content\/uploads\/2025\/03\/35ee207d-04e2-4582-bbf3-305133be7e31-150x150.jpg\" class=\"attachment-thumbnail size-thumbnail\" alt=\"\" \/><\/a>\n\t\t\t\t<\/dt><\/dl><dl class='gallery-item'>\n\t\t\t\t<dt class='gallery-icon landscape'>\n\t\t\t\t\t<a class=\"rollover rollover-zoom dt-pswp-item\" title=\"7499136e-e5cf-48ad-b478-56a2e126347f\" data-dt-img-description=\"\" data-large_image_width=\"1600\" data-large_image_height=\"1200\"href='https:\/\/www.radiopiu.net\/wordpress\/wp-content\/uploads\/2025\/03\/7499136e-e5cf-48ad-b478-56a2e126347f.jpg'><img loading=\"lazy\" decoding=\"async\" width=\"150\" height=\"150\" src=\"https:\/\/www.radiopiu.net\/wordpress\/wp-content\/uploads\/2025\/03\/7499136e-e5cf-48ad-b478-56a2e126347f-150x150.jpg\" class=\"attachment-thumbnail size-thumbnail\" alt=\"\" \/><\/a>\n\t\t\t\t<\/dt><\/dl><br style=\"clear: both\" \/><dl class='gallery-item'>\n\t\t\t\t<dt class='gallery-icon landscape'>\n\t\t\t\t\t<a class=\"rollover rollover-zoom dt-pswp-item\" title=\"d856eb6c-c4a5-44cd-a115-a1f8786d596b\" data-dt-img-description=\"\" data-large_image_width=\"1600\" data-large_image_height=\"1337\"href='https:\/\/www.radiopiu.net\/wordpress\/wp-content\/uploads\/2025\/03\/d856eb6c-c4a5-44cd-a115-a1f8786d596b.jpg'><img loading=\"lazy\" decoding=\"async\" width=\"150\" height=\"150\" src=\"https:\/\/www.radiopiu.net\/wordpress\/wp-content\/uploads\/2025\/03\/d856eb6c-c4a5-44cd-a115-a1f8786d596b-150x150.jpg\" class=\"attachment-thumbnail size-thumbnail\" alt=\"\" \/><\/a>\n\t\t\t\t<\/dt><\/dl><dl class='gallery-item'>\n\t\t\t\t<dt class='gallery-icon landscape'>\n\t\t\t\t\t<a class=\"rollover rollover-zoom dt-pswp-item\" title=\"cda78b0b-4ba9-4ae2-83c5-2142fd9f4d39\" data-dt-img-description=\"\" data-large_image_width=\"1600\" data-large_image_height=\"1186\"href='https:\/\/www.radiopiu.net\/wordpress\/wp-content\/uploads\/2025\/03\/cda78b0b-4ba9-4ae2-83c5-2142fd9f4d39.jpg'><img loading=\"lazy\" decoding=\"async\" width=\"150\" height=\"150\" src=\"https:\/\/www.radiopiu.net\/wordpress\/wp-content\/uploads\/2025\/03\/cda78b0b-4ba9-4ae2-83c5-2142fd9f4d39-150x150.jpg\" class=\"attachment-thumbnail size-thumbnail\" alt=\"\" \/><\/a>\n\t\t\t\t<\/dt><\/dl><dl class='gallery-item'>\n\t\t\t\t<dt class='gallery-icon landscape'>\n\t\t\t\t\t<a class=\"rollover rollover-zoom dt-pswp-item\" title=\"938932df-dad6-4785-89cd-087392ec43b5\" data-dt-img-description=\"\" data-large_image_width=\"1599\" data-large_image_height=\"1186\"href='https:\/\/www.radiopiu.net\/wordpress\/wp-content\/uploads\/2025\/03\/938932df-dad6-4785-89cd-087392ec43b5.jpg'><img loading=\"lazy\" decoding=\"async\" width=\"150\" height=\"150\" src=\"https:\/\/www.radiopiu.net\/wordpress\/wp-content\/uploads\/2025\/03\/938932df-dad6-4785-89cd-087392ec43b5-150x150.jpg\" class=\"attachment-thumbnail size-thumbnail\" alt=\"\" \/><\/a>\n\t\t\t\t<\/dt><\/dl><dl class='gallery-item'>\n\t\t\t\t<dt class='gallery-icon landscape'>\n\t\t\t\t\t<a class=\"rollover rollover-zoom dt-pswp-item\" title=\"e1838c9d-315c-4843-9e84-72cf216aeda3\" data-dt-img-description=\"\" data-large_image_width=\"1600\" data-large_image_height=\"1200\"href='https:\/\/www.radiopiu.net\/wordpress\/wp-content\/uploads\/2025\/03\/e1838c9d-315c-4843-9e84-72cf216aeda3.jpg'><img loading=\"lazy\" decoding=\"async\" width=\"150\" height=\"150\" src=\"https:\/\/www.radiopiu.net\/wordpress\/wp-content\/uploads\/2025\/03\/e1838c9d-315c-4843-9e84-72cf216aeda3-150x150.jpg\" class=\"attachment-thumbnail size-thumbnail\" alt=\"\" \/><\/a>\n\t\t\t\t<\/dt><\/dl><dl class='gallery-item'>\n\t\t\t\t<dt class='gallery-icon landscape'>\n\t\t\t\t\t<a class=\"rollover rollover-zoom dt-pswp-item\" title=\"872b772a-28c9-4ecb-b239-6de81e17589b\" data-dt-img-description=\"\" data-large_image_width=\"1600\" data-large_image_height=\"1200\"href='https:\/\/www.radiopiu.net\/wordpress\/wp-content\/uploads\/2025\/03\/872b772a-28c9-4ecb-b239-6de81e17589b.jpg'><img loading=\"lazy\" decoding=\"async\" width=\"150\" height=\"150\" src=\"https:\/\/www.radiopiu.net\/wordpress\/wp-content\/uploads\/2025\/03\/872b772a-28c9-4ecb-b239-6de81e17589b-150x150.jpg\" class=\"attachment-thumbnail size-thumbnail\" alt=\"\" \/><\/a>\n\t\t\t\t<\/dt><\/dl><br style=\"clear: both\" \/><dl class='gallery-item'>\n\t\t\t\t<dt class='gallery-icon landscape'>\n\t\t\t\t\t<a class=\"rollover rollover-zoom dt-pswp-item\" title=\"15d19c19-2e15-49e1-8bf9-1e8dbe1d92d5\" data-dt-img-description=\"\" data-large_image_width=\"1600\" data-large_image_height=\"1200\"href='https:\/\/www.radiopiu.net\/wordpress\/wp-content\/uploads\/2025\/03\/15d19c19-2e15-49e1-8bf9-1e8dbe1d92d5.jpg'><img loading=\"lazy\" decoding=\"async\" width=\"150\" height=\"150\" src=\"https:\/\/www.radiopiu.net\/wordpress\/wp-content\/uploads\/2025\/03\/15d19c19-2e15-49e1-8bf9-1e8dbe1d92d5-150x150.jpg\" class=\"attachment-thumbnail size-thumbnail\" alt=\"\" \/><\/a>\n\t\t\t\t<\/dt><\/dl><dl class='gallery-item'>\n\t\t\t\t<dt class='gallery-icon landscape'>\n\t\t\t\t\t<a class=\"rollover rollover-zoom dt-pswp-item\" title=\"009f2a2c-60b9-472b-8754-997b584e808a\" data-dt-img-description=\"\" data-large_image_width=\"1600\" data-large_image_height=\"1200\"href='https:\/\/www.radiopiu.net\/wordpress\/wp-content\/uploads\/2025\/03\/009f2a2c-60b9-472b-8754-997b584e808a.jpg'><img loading=\"lazy\" decoding=\"async\" width=\"150\" height=\"150\" src=\"https:\/\/www.radiopiu.net\/wordpress\/wp-content\/uploads\/2025\/03\/009f2a2c-60b9-472b-8754-997b584e808a-150x150.jpg\" class=\"attachment-thumbnail size-thumbnail\" alt=\"\" \/><\/a>\n\t\t\t\t<\/dt><\/dl><dl class='gallery-item'>\n\t\t\t\t<dt class='gallery-icon landscape'>\n\t\t\t\t\t<a class=\"rollover rollover-zoom dt-pswp-item\" title=\"1894ddf1-b024-4ca0-b570-4a28693d07bf\" data-dt-img-description=\"\" data-large_image_width=\"1600\" data-large_image_height=\"1200\"href='https:\/\/www.radiopiu.net\/wordpress\/wp-content\/uploads\/2025\/03\/1894ddf1-b024-4ca0-b570-4a28693d07bf.jpg'><img loading=\"lazy\" decoding=\"async\" width=\"150\" height=\"150\" src=\"https:\/\/www.radiopiu.net\/wordpress\/wp-content\/uploads\/2025\/03\/1894ddf1-b024-4ca0-b570-4a28693d07bf-150x150.jpg\" class=\"attachment-thumbnail size-thumbnail\" alt=\"\" \/><\/a>\n\t\t\t\t<\/dt><\/dl><dl class='gallery-item'>\n\t\t\t\t<dt class='gallery-icon landscape'>\n\t\t\t\t\t<a class=\"rollover rollover-zoom dt-pswp-item\" title=\"7eae0064-810f-44ab-90d7-609a35911fce\" data-dt-img-description=\"\" data-large_image_width=\"1600\" data-large_image_height=\"1200\"href='https:\/\/www.radiopiu.net\/wordpress\/wp-content\/uploads\/2025\/03\/7eae0064-810f-44ab-90d7-609a35911fce.jpg'><img loading=\"lazy\" decoding=\"async\" width=\"150\" height=\"150\" src=\"https:\/\/www.radiopiu.net\/wordpress\/wp-content\/uploads\/2025\/03\/7eae0064-810f-44ab-90d7-609a35911fce-150x150.jpg\" class=\"attachment-thumbnail size-thumbnail\" alt=\"\" \/><\/a>\n\t\t\t\t<\/dt><\/dl><dl class='gallery-item'>\n\t\t\t\t<dt class='gallery-icon landscape'>\n\t\t\t\t\t<a class=\"rollover rollover-zoom dt-pswp-item\" title=\"6fc5db1e-8082-4dc7-93ba-e8336a45be1b\" data-dt-img-description=\"\" data-large_image_width=\"1600\" data-large_image_height=\"1200\"href='https:\/\/www.radiopiu.net\/wordpress\/wp-content\/uploads\/2025\/03\/6fc5db1e-8082-4dc7-93ba-e8336a45be1b.jpg'><img loading=\"lazy\" decoding=\"async\" width=\"150\" height=\"150\" src=\"https:\/\/www.radiopiu.net\/wordpress\/wp-content\/uploads\/2025\/03\/6fc5db1e-8082-4dc7-93ba-e8336a45be1b-150x150.jpg\" class=\"attachment-thumbnail size-thumbnail\" alt=\"\" \/><\/a>\n\t\t\t\t<\/dt><\/dl><br style=\"clear: both\" \/><dl class='gallery-item'>\n\t\t\t\t<dt class='gallery-icon landscape'>\n\t\t\t\t\t<a class=\"rollover rollover-zoom dt-pswp-item\" title=\"16531a2e-38a6-4e2d-84ad-9e37a908f6bc\" data-dt-img-description=\"\" data-large_image_width=\"1600\" data-large_image_height=\"1200\"href='https:\/\/www.radiopiu.net\/wordpress\/wp-content\/uploads\/2025\/03\/16531a2e-38a6-4e2d-84ad-9e37a908f6bc.jpg'><img loading=\"lazy\" decoding=\"async\" width=\"150\" height=\"150\" src=\"https:\/\/www.radiopiu.net\/wordpress\/wp-content\/uploads\/2025\/03\/16531a2e-38a6-4e2d-84ad-9e37a908f6bc-150x150.jpg\" class=\"attachment-thumbnail size-thumbnail\" alt=\"\" \/><\/a>\n\t\t\t\t<\/dt><\/dl><dl class='gallery-item'>\n\t\t\t\t<dt class='gallery-icon landscape'>\n\t\t\t\t\t<a class=\"rollover rollover-zoom dt-pswp-item\" title=\"1628d060-52cb-4b01-9452-5c636d73ae04\" data-dt-img-description=\"\" data-large_image_width=\"1600\" data-large_image_height=\"1200\"href='https:\/\/www.radiopiu.net\/wordpress\/wp-content\/uploads\/2025\/03\/1628d060-52cb-4b01-9452-5c636d73ae04.jpg'><img loading=\"lazy\" decoding=\"async\" width=\"150\" height=\"150\" src=\"https:\/\/www.radiopiu.net\/wordpress\/wp-content\/uploads\/2025\/03\/1628d060-52cb-4b01-9452-5c636d73ae04-150x150.jpg\" class=\"attachment-thumbnail size-thumbnail\" alt=\"\" \/><\/a>\n\t\t\t\t<\/dt><\/dl><dl class='gallery-item'>\n\t\t\t\t<dt class='gallery-icon landscape'>\n\t\t\t\t\t<a class=\"rollover rollover-zoom dt-pswp-item\" title=\"e85634b0-ade0-402d-af84-f1c68cffec23\" data-dt-img-description=\"\" data-large_image_width=\"1600\" data-large_image_height=\"1200\"href='https:\/\/www.radiopiu.net\/wordpress\/wp-content\/uploads\/2025\/03\/e85634b0-ade0-402d-af84-f1c68cffec23.jpg'><img loading=\"lazy\" decoding=\"async\" width=\"150\" height=\"150\" src=\"https:\/\/www.radiopiu.net\/wordpress\/wp-content\/uploads\/2025\/03\/e85634b0-ade0-402d-af84-f1c68cffec23-150x150.jpg\" class=\"attachment-thumbnail size-thumbnail\" alt=\"\" \/><\/a>\n\t\t\t\t<\/dt><\/dl><dl class='gallery-item'>\n\t\t\t\t<dt class='gallery-icon landscape'>\n\t\t\t\t\t<a class=\"rollover rollover-zoom dt-pswp-item\" title=\"53be25b6-292a-497c-881e-cddf084701bb\" data-dt-img-description=\"\" data-large_image_width=\"1600\" data-large_image_height=\"1200\"href='https:\/\/www.radiopiu.net\/wordpress\/wp-content\/uploads\/2025\/03\/53be25b6-292a-497c-881e-cddf084701bb.jpg'><img loading=\"lazy\" decoding=\"async\" width=\"150\" height=\"150\" src=\"https:\/\/www.radiopiu.net\/wordpress\/wp-content\/uploads\/2025\/03\/53be25b6-292a-497c-881e-cddf084701bb-150x150.jpg\" class=\"attachment-thumbnail size-thumbnail\" alt=\"\" \/><\/a>\n\t\t\t\t<\/dt><\/dl><dl class='gallery-item'>\n\t\t\t\t<dt class='gallery-icon landscape'>\n\t\t\t\t\t<a class=\"rollover rollover-zoom dt-pswp-item\" title=\"cc7e3712-b9f3-4197-aea5-03163a7f2ffd\" data-dt-img-description=\"\" data-large_image_width=\"1599\" data-large_image_height=\"1186\"href='https:\/\/www.radiopiu.net\/wordpress\/wp-content\/uploads\/2025\/03\/cc7e3712-b9f3-4197-aea5-03163a7f2ffd.jpg'><img loading=\"lazy\" decoding=\"async\" width=\"150\" height=\"150\" src=\"https:\/\/www.radiopiu.net\/wordpress\/wp-content\/uploads\/2025\/03\/cc7e3712-b9f3-4197-aea5-03163a7f2ffd-150x150.jpg\" class=\"attachment-thumbnail size-thumbnail\" alt=\"\" \/><\/a>\n\t\t\t\t<\/dt><\/dl><br style=\"clear: both\" \/>\n\t\t\t<\/div>\n\n<p>&nbsp;<\/p>\n<hr \/>\n<p>&nbsp;<\/p>\n<blockquote>\n<h2>Grande successo per El Carneval dei Boce a Taibon Agordino<\/h2>\n<\/blockquote>\n<p><img loading=\"lazy\" decoding=\"async\" class=\"alignleft\" src=\"https:\/\/www.radiopiu.net\/wordpress\/wp-content\/uploads\/2025\/03\/Senza-nome-3.png\" width=\"343\" height=\"281\" \/>Taibon Agordino ha vissuto una giornata di festa e allegria con l\u2019attesissimo appuntamento de <strong>El Carneval dei Boce<\/strong>, organizzato con entusiasmo dalla Pro Loco locale. L\u2019evento, che ha visto una partecipazione numerosa, ha regalato momenti di gioia e divertimento a grandi e piccini.<\/p>\n<p>Uno degli elementi pi\u00f9 spettacolari della giornata \u00e8 stato il carro a tema <strong>tutto americano<\/strong>, che ha sfilato per le vie del paese, attirando l\u2019attenzione e strappando sorrisi a tutti i presenti. A rendere ancora pi\u00f9 speciale la festa \u00e8 stato il celebre Super Mario e il\u00a0 <strong>Supervin delle Dolomiti<\/strong>. Da Listolade non e&#8217; mancato il richiamo alle tradizioni.<\/p>\n<p>Ma il Carnevale non \u00e8 stato solo divertimento in piazza: le maschere colorate hanno portato un\u2019ondata di allegria anche alla <strong>Casa di Soggiorno<\/strong>, regalando un momento di festa e condivisione agli ospiti della struttura. Un gesto apprezzato che ha reso l\u2019evento ancora pi\u00f9 significativo.<\/p>\n<p>La giornata si \u00e8 conclusa con una grande <strong>festa finale nella Sala dell&#8217;ex Municipio<\/strong>, dove musica, danze e buon cibo hanno reso l\u2019atmosfera ancora pi\u00f9 coinvolgente. Un\u2019edizione memorabile che ha lasciato il segno, consolidando la tradizione del Carnevale a Taibon Agordino e confermando il successo dell\u2019impegno della Pro Loco nel valorizzare la comunit\u00e0 e il territorio.<\/p>\n<p><strong>DI SERENA SOPPERA<\/strong><\/p>\n<p><iframe loading=\"lazy\" title=\"CARNEVAL DEI BOCE ~ Taibon Agordino ~ #viralvideo #perte #carnevale\" width=\"1200\" height=\"675\" src=\"https:\/\/www.youtube.com\/embed\/sUmnvuDLWtU?feature=oembed\" frameborder=\"0\" allow=\"accelerometer; autoplay; clipboard-write; encrypted-media; gyroscope; picture-in-picture; web-share\" referrerpolicy=\"strict-origin-when-cross-origin\" allowfullscreen><\/iframe><\/p>\n<p>&nbsp;<\/p>\n<p><iframe loading=\"lazy\" style=\"border: none; overflow: hidden;\" src=\"https:\/\/www.facebook.com\/plugins\/video.php?height=314&amp;href=https%3A%2F%2Fwww.facebook.com%2Fradiopiu%2Fvideos%2F3651169058513582%2F&amp;show_text=false&amp;width=560&amp;t=0\" width=\"560\" height=\"314\" frameborder=\"0\" scrolling=\"no\" allowfullscreen=\"allowfullscreen\" data-mce-fragment=\"1\"><\/iframe><\/p>\n<p>&nbsp;<\/p>\n<p><iframe loading=\"lazy\" style=\"border: none; overflow: hidden;\" src=\"https:\/\/www.facebook.com\/plugins\/video.php?height=314&amp;href=https%3A%2F%2Fwww.facebook.com%2Fradiopiu%2Fvideos%2F1860286284805934%2F&amp;show_text=false&amp;width=560&amp;t=0\" width=\"560\" height=\"314\" frameborder=\"0\" scrolling=\"no\" allowfullscreen=\"allowfullscreen\" data-mce-fragment=\"1\"><\/iframe><\/p>\n<p>&nbsp;<\/p>\n<p>&nbsp;<\/p>\n<hr \/>\n<p>&nbsp;<\/p>\n<blockquote>\n<h3>GIORNATA MONDIALE DEL RENE: L&#8217;INCONTRO CON L&#8217;ULSS 1 DOLOMITI<\/h3>\n<\/blockquote>\n<p><strong><a class=\"dt-pswp-item\" href=\"https:\/\/www.radiopiu.net\/wordpress\/wp-content\/uploads\/2025\/02\/RENE.jpg\" data-dt-img-description=\"\" data-large_image_width=\"940\" data-large_image_height=\"550\"><img loading=\"lazy\" decoding=\"async\" class=\" wp-image-436595 alignleft\" src=\"https:\/\/www.radiopiu.net\/wordpress\/wp-content\/uploads\/2025\/02\/RENE-300x176.jpg\" alt=\"\" width=\"179\" height=\"105\" srcset=\"https:\/\/www.radiopiu.net\/wordpress\/wp-content\/uploads\/2025\/02\/RENE-300x176.jpg 300w, https:\/\/www.radiopiu.net\/wordpress\/wp-content\/uploads\/2025\/02\/RENE-768x449.jpg 768w, https:\/\/www.radiopiu.net\/wordpress\/wp-content\/uploads\/2025\/02\/RENE.jpg 940w\" sizes=\"auto, (max-width: 179px) 100vw, 179px\" \/><\/a>BELLUNO <\/strong>In occasione della giornata mondiale del rene, che ricorre il prossimo 13 marzo, l\u2019Ulss Dolomiti, con le unit\u00e0 operative di Nefrologia, organizza un incontro aperto a tutta la cittadinanza per sensibilizzare sull\u2019importanza della salute dei nostri reni e sul tema del trapianto. L\u2019 incontro dal titolo \u201cIl trapianto di rene da vivente\u201d si terr\u00e0 mercoled\u00ec 12 marzo 2025 alle 17.00 in sala convegni dell\u2019ospedale di Belluno. Interverranno Lucrezia Furian, Direttore UOC Chirurgia dei Trapianti di Rene e Pancreas dell\u2019Azienda Ospedale \u2013 Universit\u00e0 di Padova e Enrico Petranzan, Direttore Operativo del Centro Regionale Trapianti. Inoltre, durante l\u2019incontro saranno presentate testimonianze di donatori e trapiantati.<\/p>\n<p>&nbsp;<\/p>\n<p>&nbsp;<\/p>\n<hr \/>\n<p>&nbsp;<\/p>\n<blockquote>\n<h3>RIPARTONO I MERCOLEDI DELLA SALUTE<\/h3>\n<\/blockquote>\n<p><strong><a class=\"dt-pswp-item\" href=\"https:\/\/www.radiopiu.net\/wordpress\/wp-content\/uploads\/2025\/02\/MERCOL-SAL.jpg\" data-dt-img-description=\"\" data-large_image_width=\"927\" data-large_image_height=\"695\"><img loading=\"lazy\" decoding=\"async\" class=\" wp-image-436597 alignleft\" src=\"https:\/\/www.radiopiu.net\/wordpress\/wp-content\/uploads\/2025\/02\/MERCOL-SAL-300x225.jpg\" alt=\"\" width=\"145\" height=\"109\" srcset=\"https:\/\/www.radiopiu.net\/wordpress\/wp-content\/uploads\/2025\/02\/MERCOL-SAL-300x225.jpg 300w, https:\/\/www.radiopiu.net\/wordpress\/wp-content\/uploads\/2025\/02\/MERCOL-SAL-768x576.jpg 768w, https:\/\/www.radiopiu.net\/wordpress\/wp-content\/uploads\/2025\/02\/MERCOL-SAL.jpg 927w\" sizes=\"auto, (max-width: 145px) 100vw, 145px\" \/><\/a>FELTRE <\/strong>Ripartono a Feltre \u201cI Mercoled\u00ec della Salute\u201d: il ciclo di incontri informativi organizzati dall\u2019Ulss Dolomiti, aperti a tutta la cittadinanza, per approfondire con i professionisti alcune tematiche legate alla promozione della salute e alla prevenzione. Il primo appuntamento si terr\u00e0 mercoled\u00ec 5 marzo 2025 alle 17.30 in Sala Convegni dell\u2019Ospedale di Feltre e sar\u00e0 dedicato al tema \u201cAlcol: rischi e consapevolezza tra salute e legalit\u00e0\u201d. Durante l\u2019incontro interverranno: Andrea Buda \u2013 Direttore della Gastroenterologia di Feltre, Amalia Manzan \u2013 Direttore del Servizio Dipendenze e Matteo Sponga \u2013 Direttore della Medicina Legale.<\/p>\n<p>&nbsp;<\/p>\n<p>&nbsp;<\/p>\n<hr \/>\n<p>&nbsp;<\/p>\n<blockquote>\n<h3>TORNA A BELLUNO &#8220;IL VENTO TRA I CAPELLI&#8221;, LA PEDONATA NON COMPETITIVA DEL COMITATO PREVENZIONE SALUTE DONNA<\/h3>\n<\/blockquote>\n<p><strong><a class=\"dt-pswp-item\" href=\"https:\/\/www.radiopiu.net\/wordpress\/wp-content\/uploads\/2025\/02\/VENTO-CAPELLI-2025.jpg\" data-dt-img-description=\"\" data-large_image_width=\"767\" data-large_image_height=\"508\"><img loading=\"lazy\" decoding=\"async\" class=\" wp-image-436420 alignleft\" src=\"https:\/\/www.radiopiu.net\/wordpress\/wp-content\/uploads\/2025\/02\/VENTO-CAPELLI-2025-300x199.jpg\" alt=\"\" width=\"220\" height=\"146\" srcset=\"https:\/\/www.radiopiu.net\/wordpress\/wp-content\/uploads\/2025\/02\/VENTO-CAPELLI-2025-300x199.jpg 300w, https:\/\/www.radiopiu.net\/wordpress\/wp-content\/uploads\/2025\/02\/VENTO-CAPELLI-2025.jpg 767w\" sizes=\"auto, (max-width: 220px) 100vw, 220px\" \/><\/a>BELLUNO<\/strong> \u200b<span class=\"relative -mx-px my-[-0.2rem] rounded px-px py-[0.2rem]\">La 19\u00aa edizione della pedonata solidale &#8220;Il Vento tra i Capelli&#8221; si terr\u00e0 il 16 marzo 2025 alle 10 in Piazza dei Martiri a Belluno.<\/span> <span class=\"relative -mx-px my-[-0.2rem] rounded px-px py-[0.2rem]\">Organizzata dal Comitato Progetto Prevenzione Salute Donna, l&#8217;evento mira a sensibilizzare sull&#8217;importanza della prevenzione e della diagnosi precoce, incoraggiando le donne a prendersi cura della propria salute.<\/span> <span class=\"relative -mx-px my-[-0.2rem] rounded px-px py-[0.2rem]\">I fondi raccolti saranno destinati all&#8217;acquisto di strumenti diagnostici avanzati per l&#8217;Ospedale di Belluno, al fine di migliorare la precisione delle diagnosi.<\/span> <span class=\"relative -mx-px my-[-0.2rem] rounded px-px py-[0.2rem]\">Le iscrizioni saranno aperte dalle ore 9:00 del giorno stesso presso l&#8217;area antistante il Caff\u00e8 Manin, dove verr\u00e0 consegnata una maglietta colorata, simbolo della manifestazione, da indossare durante il percorso di circa 5 km attraverso le vie del centro cittadino.<\/span> <span class=\"relative -mx-px my-[-0.2rem] rounded px-px py-[0.2rem]\">La partecipazione \u00e8 aperta a tutti e il percorso \u00e8 adatto a persone di tutte le et\u00e0, inclusi passeggini e carrozzine.<\/span> <span class=\"relative -mx-px my-[-0.2rem] rounded px-px py-[0.2rem]\">Unisciti a noi per diffondere un messaggio di speranza e contribuire concretamente alla causa.<\/span><\/p>\n<p>&nbsp;<\/p>\n<p>&nbsp;<\/p>\n<hr \/>\n<p>&nbsp;<\/p>\n<blockquote>\n<p data-start=\"0\" data-end=\"60\"><strong data-start=\"0\" data-end=\"58\"><a class=\"dt-pswp-item\" href=\"https:\/\/www.radiopiu.net\/wordpress\/wp-content\/uploads\/2025\/02\/Senza-nome-50.png\" data-dt-img-description=\"\" data-large_image_width=\"180\" data-large_image_height=\"222\"><img loading=\"lazy\" decoding=\"async\" class=\" wp-image-435124 alignleft\" src=\"https:\/\/www.radiopiu.net\/wordpress\/wp-content\/uploads\/2025\/02\/Senza-nome-50.png\" alt=\"\" width=\"119\" height=\"147\" \/><\/a>Longarone: corso gratuito per l\u2019uso del defibrillatore<\/strong><\/p>\n<\/blockquote>\n<p><strong>LONGARONE<\/strong> si terr\u00e0 a marzo un corso gratuito B.L.S.D. (Basic Life Support and Defibrillation) per insegnare l\u2019uso del defibrillatore semiautomatico esterno e le tecniche di rianimazione. L\u2019iniziativa, promossa dal Comune con la Pro Loco e altre associazioni, mira a formare cittadini in grado di gestire emergenze cardiache. Due defibrillatori sono gi\u00e0 presenti in paese, ma la conoscenza del loro utilizzo \u00e8 fondamentale. Iscrizioni entro il 9 marzo tramite la Pro Loco di Longarone.<\/p>\n<p>&nbsp;<\/p>\n<p>&nbsp;<\/p>\n<p>&nbsp;<\/p>\n<hr \/>\n<p>&nbsp;<\/p>\n<blockquote>\n<h3>LA TERZA EDIZIONE DI INCONTRI TRA NATURA E SCIENZA<\/h3>\n<\/blockquote>\n<p><strong>BELLUNO<\/strong> In sala Bianchi a Belluno parte la terza edizione di &#8220;Incontri Tra Natura e Scienza&#8221;, organizzato dal Gruppo Natura Bellunese. Saranno 3 gli appuntamenti con le conferenze di stampo divulgativo che trattano vari aspetti legati alla natura del nostro territorio<\/p>\n<p><strong>MANOLO PIAT, VICEPRESIDENTE DEL GRUPPO NATURA BELLUNESE<\/strong><\/p>\n<audio class=\"wp-audio-shortcode\" id=\"audio-437296-8\" preload=\"none\" style=\"width: 100%;\" controls=\"controls\"><source type=\"audio\/mpeg\" src=\"https:\/\/www.radiopiu.net\/wordpress\/wp-content\/uploads\/2025\/02\/MANOLO-PIAT.mp3?_=8\" \/><a href=\"https:\/\/www.radiopiu.net\/wordpress\/wp-content\/uploads\/2025\/02\/MANOLO-PIAT.mp3\">https:\/\/www.radiopiu.net\/wordpress\/wp-content\/uploads\/2025\/02\/MANOLO-PIAT.mp3<\/a><\/audio>\n<p>&nbsp;<\/p>\n<p><span style=\"color: #ff0000;\"><strong>GLI APPUNTAMENTI<\/strong><\/span><\/p>\n<p><a class=\"dt-pswp-item\" href=\"https:\/\/www.radiopiu.net\/wordpress\/wp-content\/uploads\/2025\/02\/51a04957-61ec-489b-93e2-8ce4b7ee1701.jpg\" data-dt-img-description=\"\" data-large_image_width=\"1600\" data-large_image_height=\"1129\"><img loading=\"lazy\" decoding=\"async\" class=\"alignnone wp-image-437046 size-large\" src=\"https:\/\/www.radiopiu.net\/wordpress\/wp-content\/uploads\/2025\/02\/51a04957-61ec-489b-93e2-8ce4b7ee1701-1024x723.jpg\" alt=\"\" width=\"1024\" height=\"723\" srcset=\"https:\/\/www.radiopiu.net\/wordpress\/wp-content\/uploads\/2025\/02\/51a04957-61ec-489b-93e2-8ce4b7ee1701-1024x723.jpg 1024w, https:\/\/www.radiopiu.net\/wordpress\/wp-content\/uploads\/2025\/02\/51a04957-61ec-489b-93e2-8ce4b7ee1701-300x212.jpg 300w, https:\/\/www.radiopiu.net\/wordpress\/wp-content\/uploads\/2025\/02\/51a04957-61ec-489b-93e2-8ce4b7ee1701-768x542.jpg 768w, https:\/\/www.radiopiu.net\/wordpress\/wp-content\/uploads\/2025\/02\/51a04957-61ec-489b-93e2-8ce4b7ee1701-1536x1084.jpg 1536w, https:\/\/www.radiopiu.net\/wordpress\/wp-content\/uploads\/2025\/02\/51a04957-61ec-489b-93e2-8ce4b7ee1701.jpg 1600w\" sizes=\"auto, (max-width: 1024px) 100vw, 1024px\" \/><\/a><\/p>\n<p>&nbsp;<\/p>\n<p>&nbsp;<\/p>\n<hr \/>\n<p>&nbsp;<\/p>\n<blockquote>\n<h3><a class=\"dt-pswp-item\" href=\"https:\/\/www.radiopiu.net\/wordpress\/wp-content\/uploads\/2025\/02\/Pedonata-mascherata.jpeg\" data-dt-img-description=\"\" data-large_image_width=\"1179\" data-large_image_height=\"1630\"><img loading=\"lazy\" decoding=\"async\" class=\" wp-image-435889 alignleft\" src=\"https:\/\/www.radiopiu.net\/wordpress\/wp-content\/uploads\/2025\/02\/Pedonata-mascherata-217x300.jpeg\" alt=\"\" width=\"147\" height=\"203\" srcset=\"https:\/\/www.radiopiu.net\/wordpress\/wp-content\/uploads\/2025\/02\/Pedonata-mascherata-217x300.jpeg 217w, https:\/\/www.radiopiu.net\/wordpress\/wp-content\/uploads\/2025\/02\/Pedonata-mascherata-741x1024.jpeg 741w, https:\/\/www.radiopiu.net\/wordpress\/wp-content\/uploads\/2025\/02\/Pedonata-mascherata-768x1062.jpeg 768w, https:\/\/www.radiopiu.net\/wordpress\/wp-content\/uploads\/2025\/02\/Pedonata-mascherata-1111x1536.jpeg 1111w, https:\/\/www.radiopiu.net\/wordpress\/wp-content\/uploads\/2025\/02\/Pedonata-mascherata.jpeg 1179w\" sizes=\"auto, (max-width: 147px) 100vw, 147px\" \/><\/a>LA PEDONATA DI CARNEVALE A BELLUNO<\/h3>\n<\/blockquote>\n<p><strong>BELLUNO<\/strong><\/p>\n<p><strong>DI DANIELE DALVIT<\/strong><\/p>\n<audio class=\"wp-audio-shortcode\" id=\"audio-437296-9\" preload=\"none\" style=\"width: 100%;\" controls=\"controls\"><source type=\"audio\/mpeg\" src=\"https:\/\/www.radiopiu.net\/wordpress\/wp-content\/uploads\/2025\/02\/Servizio-Pedonata-Carnevale-Belluno.mp3?_=9\" \/><a href=\"https:\/\/www.radiopiu.net\/wordpress\/wp-content\/uploads\/2025\/02\/Servizio-Pedonata-Carnevale-Belluno.mp3\">https:\/\/www.radiopiu.net\/wordpress\/wp-content\/uploads\/2025\/02\/Servizio-Pedonata-Carnevale-Belluno.mp3<\/a><\/audio>\n<p>&nbsp;<\/p>\n<p><strong>BELLUNO<\/strong> Il 4 marzo 2024 si terr\u00e0 la terza edizione della Pedonata Mascherata, un evento dedicato principalmente ai bambini delle scuole elementari e medie, che animer\u00e0 il centro storico con spettacoli, giochi e sport. L&#8217;iniziativa, promossa dall&#8217;assessore allo sport Monica Mazzoccoli, ha l&#8217;obiettivo di combinare il piacere di una passeggiata con l&#8217;opportunit\u00e0 di stare insieme in festa. Il ritrovo \u00e8 fissato alle 14:00 in Piazza Martiri, con partenza della pedonata alle 15:00. Il percorso di 3 km attraverser\u00e0 il centro citt\u00e0 e, all&#8217;arrivo, tutti i partecipanti saranno accolti con una merenda offerta da Lattebusche. Seguir\u00e0 lo spettacolo per bambini con il Mago Bronze e attivit\u00e0 come il truccabimbi. L&#8217;evento, organizzato con AICS, Lattebusche e il supporto dell&#8217;ANA Alpini Belluno, fa parte delle iniziative del Carnevale cittadino e mira a valorizzare gli spazi urbani come luoghi di gioco e incontro per le famiglie. La viabilit\u00e0 sar\u00e0 chiusa dalle 13:00 alle 18:00 per garantire lo svolgimento dell\u2019evento.<\/p>\n<p>&nbsp;<\/p>\n<p>&nbsp;<\/p>\n<hr \/>\n<p>&nbsp;<\/p>\n<blockquote>\n<h3>SI PARLA DI DANTE AL CIRCOLO CULTURALE LA TERRA DEI PADRI<\/h3>\n<\/blockquote>\n<p><strong>BELLUNO <\/strong>Il Circolo culturale \u201cLa Terra dei Padri \u2013 Belluno APS\u201d, in collaborazione con la Lega Nazionale \u2013 Delegazione di Belluno, organizza un ciclo di conferenze intitolato <strong data-start=\"167\" data-end=\"209\">\u201cDante e l\u2019eredit\u00e0 del mondo classico\u201d<\/strong>. La prof.ssa <strong data-start=\"226\" data-end=\"256\">Rosetta Girotto Cannarella<\/strong>, ex docente di greco e latino al Liceo Classico \u201cTiziano\u201d di Belluno, guider\u00e0 tre incontri (20 e 27 marzo, 3 aprile 2025, dalle 18:00 alle 19:00) sulla relazione tra Dante e il mondo classico, approfondendo temi come Virgilio, gli spiriti magni, Ulisse e Paolo e Francesca. Gli incontri si terranno presso la sede del Circolo, in via dei Molini, 10 (Borgo Piave \u2013 Belluno). Per info e iscrizioni: <strong data-start=\"657\" data-end=\"688\"><a rel=\"noopener\" data-start=\"659\" data-end=\"686\">francesco1dematte@gmail.com<\/a><\/strong> o <strong data-start=\"691\" data-end=\"721\">320\/0504334 (WhatsApp\/SMS)<\/strong>.<\/p>\n<p>&nbsp;<\/p>\n<p>&nbsp;<\/p>\n<hr \/>\n<p>&nbsp;<\/p>\n<blockquote>\n<h3><a class=\"dt-pswp-item\" href=\"https:\/\/www.radiopiu.net\/wordpress\/wp-content\/uploads\/2025\/02\/TI-SPOSO-MA-NON-TROPPO-2-Incontrada-ph-\u00a9Giovanni-De-Sandre-GD9_0648.jpg\" data-dt-img-description=\"\" data-large_image_width=\"1707\" data-large_image_height=\"2560\"><img loading=\"lazy\" decoding=\"async\" class=\" wp-image-436590 alignleft\" src=\"https:\/\/www.radiopiu.net\/wordpress\/wp-content\/uploads\/2025\/02\/TI-SPOSO-MA-NON-TROPPO-2-Incontrada-ph-\u00a9Giovanni-De-Sandre-GD9_0648-200x300.jpg\" alt=\"\" width=\"90\" height=\"135\" srcset=\"https:\/\/www.radiopiu.net\/wordpress\/wp-content\/uploads\/2025\/02\/TI-SPOSO-MA-NON-TROPPO-2-Incontrada-ph-\u00a9Giovanni-De-Sandre-GD9_0648-200x300.jpg 200w, https:\/\/www.radiopiu.net\/wordpress\/wp-content\/uploads\/2025\/02\/TI-SPOSO-MA-NON-TROPPO-2-Incontrada-ph-\u00a9Giovanni-De-Sandre-GD9_0648-683x1024.jpg 683w, https:\/\/www.radiopiu.net\/wordpress\/wp-content\/uploads\/2025\/02\/TI-SPOSO-MA-NON-TROPPO-2-Incontrada-ph-\u00a9Giovanni-De-Sandre-GD9_0648-768x1152.jpg 768w, https:\/\/www.radiopiu.net\/wordpress\/wp-content\/uploads\/2025\/02\/TI-SPOSO-MA-NON-TROPPO-2-Incontrada-ph-\u00a9Giovanni-De-Sandre-GD9_0648-1024x1536.jpg 1024w, https:\/\/www.radiopiu.net\/wordpress\/wp-content\/uploads\/2025\/02\/TI-SPOSO-MA-NON-TROPPO-2-Incontrada-ph-\u00a9Giovanni-De-Sandre-GD9_0648-1366x2048.jpg 1366w, https:\/\/www.radiopiu.net\/wordpress\/wp-content\/uploads\/2025\/02\/TI-SPOSO-MA-NON-TROPPO-2-Incontrada-ph-\u00a9Giovanni-De-Sandre-GD9_0648.jpg 1707w\" sizes=\"auto, (max-width: 90px) 100vw, 90px\" \/><\/a>VENERDI\u2019 7 MARZO \u201cTI SPOSO MA NON TROPPO\u201d, SOLD OUT DA DUE MESI<\/h3>\n<\/blockquote>\n<p><strong>BELLUNO <\/strong>Un altro sold out per la 48ma Stagione del Circolo: da due mesi \u201cTi sposo ma non troppo\u201d con Vanessa Incontrada del 7 marzo prossimo non ha pi\u00f9 poltrone libere. Il personale del Circolo Cultura e Stampa Bellunese comunica che solo la stessa sera al botteghino, a ridosso dell\u2019inizio, fissato alle 20.45, si potr\u00e0 sapere se si libereranno dei posti (per eventuali assenze o defezioni). Gli interessati sono pertanto pregati di venire direttamente a Teatro.<\/p>\n<p>&nbsp;<\/p>\n<p>&nbsp;<\/p>\n<hr \/>\n<p>&nbsp;<\/p>\n<blockquote>\n<h3>DISAGIO GIOVANILE, UN INCONTRO A BELLUNO<\/h3>\n<\/blockquote>\n<p><strong>BELLUNO<\/strong> L\u2019Associazione Margherita Fenice di Belluno organizza un convegno sul disagio giovanile e sull\u2019importanza dell\u2019ascolto tra genitori e figli. L\u2019evento, intitolato \u201cGenerazione di silenzi: come ascoltare i nostri figli per affrontare il disagio giovanile\u201d, si terr\u00e0 sabato 8 marzo alle 17 presso Palazzo Crepadona a Belluno. Parteciperanno esperti di alto profilo: il prof. Stefano Vicari, primario di neuropsichiatria infantile al Bambino Ges\u00f9 di Roma, il dott. Aldo Gatto, direttore del D.S.M. Ulss 1 Dolomiti, e il dott. Stefano Bertomoro, esperto in disturbi alimentari.<\/p>\n<p>&nbsp;<\/p>\n<p>&nbsp;<\/p>\n<hr \/>\n<p>&nbsp;<\/p>\n<blockquote>\n<h3><a class=\"dt-pswp-item\" href=\"https:\/\/www.radiopiu.net\/wordpress\/wp-content\/uploads\/2025\/02\/a43f5470-8da9-420a-9a8f-999ac45dfc29.jpg\" data-dt-img-description=\"\" data-large_image_width=\"1131\" data-large_image_height=\"1600\"><img loading=\"lazy\" decoding=\"async\" class=\" wp-image-437228 alignleft\" src=\"https:\/\/www.radiopiu.net\/wordpress\/wp-content\/uploads\/2025\/02\/a43f5470-8da9-420a-9a8f-999ac45dfc29-212x300.jpg\" alt=\"\" width=\"132\" height=\"187\" srcset=\"https:\/\/www.radiopiu.net\/wordpress\/wp-content\/uploads\/2025\/02\/a43f5470-8da9-420a-9a8f-999ac45dfc29-212x300.jpg 212w, https:\/\/www.radiopiu.net\/wordpress\/wp-content\/uploads\/2025\/02\/a43f5470-8da9-420a-9a8f-999ac45dfc29-724x1024.jpg 724w, https:\/\/www.radiopiu.net\/wordpress\/wp-content\/uploads\/2025\/02\/a43f5470-8da9-420a-9a8f-999ac45dfc29-768x1086.jpg 768w, https:\/\/www.radiopiu.net\/wordpress\/wp-content\/uploads\/2025\/02\/a43f5470-8da9-420a-9a8f-999ac45dfc29-1086x1536.jpg 1086w, https:\/\/www.radiopiu.net\/wordpress\/wp-content\/uploads\/2025\/02\/a43f5470-8da9-420a-9a8f-999ac45dfc29.jpg 1131w\" sizes=\"auto, (max-width: 132px) 100vw, 132px\" \/><\/a>L&#8217;8 MARZO IN SALA DON TAMIS AD AGORDO<\/h3>\n<\/blockquote>\n<p><strong>AGORDO <\/strong>Sabato 8 marzo alle 20:30, nella sala &#8220;don Tamis&#8221; di Agordo, Carlo Corsini e Simone Carnielli porteranno in scena lo spettacolo &#8220;Tutto inizi\u00f2 con un tremendo botto&#8221;, dedicato alla vita e alle opere di Roald Dahl. Attraverso letture e interpretazioni tratte dai suoi libri pi\u00f9 celebri, come <em data-start=\"309\" data-end=\"353\">La fabbrica di cioccolato, Matilda, Il GGG<\/em> e <em data-start=\"356\" data-end=\"368\">Le streghe<\/em>, gli attori racconteranno l&#8217;avventurosa vita dell&#8217;autore e il modo in cui le sue esperienze hanno ispirato le sue storie. Dahl, noto per il suo umorismo graffiante e personaggi eccentrici, affrontava nei suoi racconti temi profondi come giustizia, coraggio e ribellione. L&#8217;evento, a ingresso gratuito, \u00e8 organizzato dal Circolo Culturale Agordino e dalla Biblioteca Civica.<\/p>\n<p>&nbsp;<\/p>\n<p>&nbsp;<\/p>\n<hr \/>\n<p>&nbsp;<\/p>\n<blockquote>\n<h3>AL TEATRO PAIANE UNA SERATA IMPERDIBILE<\/h3>\n<\/blockquote>\n<p><strong>BELLUNO<\/strong> Il 15 marzo 2025, alle 20.45, il Piccolo Teatro di Paiane ospiter\u00e0 un concerto straordinario con la violinista Myriam Dal Don e il clavicembalista Carlo Steno Rossi, due artisti di fama internazionale. Il programma esplorer\u00e0 la sonata per violino e basso continuo nel periodo barocco, con brani di Vivaldi, Tartini, Bach, H\u00e4ndel e Corelli. Dal Don, violinista premiata a livello internazionale, ha suonato nei teatri pi\u00f9 prestigiosi, mentre Rossi, esperto clavicembalista e revisore musicale, ha collaborato con importanti etichette e festival. Biglietti a 25 euro, info su <a href=\"http:\/\/www.circoloculturaestampabellunese.it\" target=\"_new\" rel=\"noopener\" data-start=\"576\" data-end=\"613\" data-is-only-node=\"\">www.circoloculturaestampabellunese.it<\/a>.<\/p>\n<p>&nbsp;<\/p>\n<p>&nbsp;<\/p>\n<hr \/>\n<p>&nbsp;<\/p>\n<h1><span style=\"color: #ff6600;\">IERI ALLA RADIO\u00a0<\/span><\/h1>\n<h2><span style=\"color: #ff0000;\">DUE MINUTI PER TE<\/span><\/h2>\n<p><strong><a class=\"dt-pswp-item\" href=\"https:\/\/www.radiopiu.net\/wordpress\/wp-content\/uploads\/2020\/12\/DON-GIORGIO-LISE.jpg\" data-dt-img-description=\"\" data-large_image_width=\"1600\" data-large_image_height=\"901\"><img loading=\"lazy\" decoding=\"async\" class=\" wp-image-177420 alignleft\" src=\"https:\/\/www.radiopiu.net\/wordpress\/wp-content\/uploads\/2020\/12\/DON-GIORGIO-LISE-300x169.jpg\" alt=\"\" width=\"185\" height=\"104\" srcset=\"https:\/\/www.radiopiu.net\/wordpress\/wp-content\/uploads\/2020\/12\/DON-GIORGIO-LISE-300x169.jpg 300w, https:\/\/www.radiopiu.net\/wordpress\/wp-content\/uploads\/2020\/12\/DON-GIORGIO-LISE-1024x577.jpg 1024w, https:\/\/www.radiopiu.net\/wordpress\/wp-content\/uploads\/2020\/12\/DON-GIORGIO-LISE-768x432.jpg 768w, https:\/\/www.radiopiu.net\/wordpress\/wp-content\/uploads\/2020\/12\/DON-GIORGIO-LISE-1536x865.jpg 1536w, https:\/\/www.radiopiu.net\/wordpress\/wp-content\/uploads\/2020\/12\/DON-GIORGIO-LISE.jpg 1600w\" sizes=\"auto, (max-width: 185px) 100vw, 185px\" \/><\/a>APPUNTAMENTO DOMENICALE CON IL PENSIERO DI MONSIGNOR GIORGIO LISE<\/strong><\/p>\n<audio class=\"wp-audio-shortcode\" id=\"audio-437296-10\" preload=\"none\" style=\"width: 100%;\" controls=\"controls\"><source type=\"audio\/mpeg\" src=\"https:\/\/www.radiopiu.net\/wordpress\/wp-content\/uploads\/2025\/03\/DON-GIORGIO.mp3?_=10\" \/><a href=\"https:\/\/www.radiopiu.net\/wordpress\/wp-content\/uploads\/2025\/03\/DON-GIORGIO.mp3\">https:\/\/www.radiopiu.net\/wordpress\/wp-content\/uploads\/2025\/03\/DON-GIORGIO.mp3<\/a><\/audio>\n<p>&nbsp;<\/p>\n<h2><span style=\"color: #99cc00;\">LA RASSEGNA STAMPA DA L&#8217;AMICO DEL POPOLO<\/span><\/h2>\n<p><strong><a class=\"dt-pswp-item\" href=\"https:\/\/www.radiopiu.net\/wordpress\/wp-content\/uploads\/2020\/03\/AMICO-POPOLOpng.png\" data-dt-img-description=\"\" data-large_image_width=\"225\" data-large_image_height=\"225\"><img loading=\"lazy\" decoding=\"async\" class=\" wp-image-123043 alignleft\" src=\"https:\/\/www.radiopiu.net\/wordpress\/wp-content\/uploads\/2020\/03\/AMICO-POPOLOpng.png\" alt=\"\" width=\"141\" height=\"141\" srcset=\"https:\/\/www.radiopiu.net\/wordpress\/wp-content\/uploads\/2020\/03\/AMICO-POPOLOpng.png 225w, https:\/\/www.radiopiu.net\/wordpress\/wp-content\/uploads\/2020\/03\/AMICO-POPOLOpng-150x150.png 150w\" sizes=\"auto, (max-width: 141px) 100vw, 141px\" \/><\/a>DI GIANNI SANTOMASO<\/strong><\/p>\n<audio class=\"wp-audio-shortcode\" id=\"audio-437296-11\" preload=\"none\" style=\"width: 100%;\" controls=\"controls\"><source type=\"audio\/mpeg\" src=\"https:\/\/www.radiopiu.net\/wordpress\/wp-content\/uploads\/2025\/03\/RASSEGNA-GIANNI.mp3?_=11\" \/><a href=\"https:\/\/www.radiopiu.net\/wordpress\/wp-content\/uploads\/2025\/03\/RASSEGNA-GIANNI.mp3\">https:\/\/www.radiopiu.net\/wordpress\/wp-content\/uploads\/2025\/03\/RASSEGNA-GIANNI.mp3<\/a><\/audio>\n<p>&nbsp;<\/p>\n<p>&nbsp;<\/p>\n<hr \/>\n<p>&nbsp;<\/p>\n<h2><span style=\"color: #ff0000;\">L&#8217;OPINIONE&#8230;DI FRANCO PIACENTINI<\/span><\/h2>\n<p><a class=\"dt-pswp-item\" href=\"https:\/\/www.radiopiu.net\/wordpress\/wp-content\/uploads\/2024\/01\/ANZIANI.jpg\" data-dt-img-description=\"\" data-large_image_width=\"1280\" data-large_image_height=\"853\"><img loading=\"lazy\" decoding=\"async\" class=\" wp-image-371639 alignleft\" src=\"https:\/\/www.radiopiu.net\/wordpress\/wp-content\/uploads\/2024\/01\/ANZIANI-300x200.jpg\" alt=\"\" width=\"213\" height=\"142\" srcset=\"https:\/\/www.radiopiu.net\/wordpress\/wp-content\/uploads\/2024\/01\/ANZIANI-300x200.jpg 300w, https:\/\/www.radiopiu.net\/wordpress\/wp-content\/uploads\/2024\/01\/ANZIANI-1024x682.jpg 1024w, https:\/\/www.radiopiu.net\/wordpress\/wp-content\/uploads\/2024\/01\/ANZIANI-768x512.jpg 768w, https:\/\/www.radiopiu.net\/wordpress\/wp-content\/uploads\/2024\/01\/ANZIANI.jpg 1280w\" sizes=\"auto, (max-width: 213px) 100vw, 213px\" \/><\/a>Raggiri, truffe e abbandono, sono i principali pericoli della popolazione anziana, soprattutto quella parte che si trova in condizioni di non autosufficienza. Le istituzioni pubbliche invece di programmare efficaci ed esigibili interventi di prevenzione, ampliando la rete dei servizi pubblici domiciliari e distrettuali, si limitano a tamponare la falla delle difficolt\u00e0 soggettive, con semplici palliativi (qualche limitato contributo economico). Gli anziani non sono una \u201ccalamit\u00e0 naturale\u201d, sono persone alle quali va tutelata la loro dignit\u00e0 e garantiti i loro diritti di cittadinanza. I Comuni, che da troppi anni subiscono il taglio sui trasferimenti statali, dovrebbero anche farsi carico dei servizi eccezionali per gli anziani, con quali soldi? Il Governo \u00e8 chiamato a rispondere anche alla recente richiesta d\u2019incontro, delle Segreterie Nazionali CGIL CISL UIL Pensionati, sull\u2019annoso problema della pesante compartecipazione: \u201crette case di riposo\u201d.\u00a0 La Regione Veneto cosa fa? Prevede aiuti soltanto per circa sessantamila anziani (un numero basato su delle generiche stime e non su un reale monitoraggio costante dei fabbisogni) a fronte di una percentuale di anziani che supera il 18% (circa il 6% sono non autosufficienti).\u00a0 Sugli anziani (purtroppo non solo per loro) siamo di fronte a delle preoccupanti criticit\u00e0 sociali: perdita (circa il 30%) del potere d\u2019acquisto delle pensioni; incertezza alle prestazioni sociali e sanitarie. Il fondo nazionale e quello integrativo regionale per la non autosufficienza e la disabilit\u00e0, se fossero adeguatamente finanziati ed attuati, darebbero concrete risposte alle richieste di \u201caiuto umanitario\u201d delle fasce di popolazione con patologie invalidanti e contribuirebbero ad alleggerire gli oneri a carico delle famiglie. Oltre ai LEA sanitari, vanno definiti e garantiti i livelli essenziali di assistenza nell\u2019ambito della personalizzazione degli interventi sui seguenti diritti: informazione ed accesso; valutazione individuale e\/o familiare; prestazione condivisa; accompagnamento nel percorso stabilito; servizi integrati (domiciliari, semiresidenziali e residenziali) nelle varie fasi di cura; assistenza e sostegno. Questo insieme di prestazioni, da far confluire nella \u201ccabina di regia del welfare generativo\u201d, \u00e8 un esempio di programmazione che si contrappone all\u2019 improvvisazione politica. Su questi temi, a fronte della \u201cdisponibilit\u00e0\u201d a sostenerli, sono convinto che il Volontariato e il Terzo Settore continueranno ad affiancare, con la sussidiariet\u00e0 costituzionale, le azioni sociali delle amministrazioni comunali.<\/p>\n<p>&nbsp;<\/p>\n<p>&nbsp;<\/p>\n<hr \/>\n<p>&nbsp;<\/p>\n<h2><span style=\"color: #ff0000;\"><a class=\"dt-pswp-item\" href=\"https:\/\/www.radiopiu.net\/wordpress\/wp-content\/uploads\/2018\/09\/appuntamenti.jpeg\" data-dt-img-description=\"\" data-large_image_width=\"800\" data-large_image_height=\"100\"><img loading=\"lazy\" decoding=\"async\" class=\"wp-image-61958 size-full aligncenter\" src=\"https:\/\/www.radiopiu.net\/wordpress\/wp-content\/uploads\/2018\/09\/appuntamenti.jpeg\" alt=\"\" width=\"800\" height=\"100\" srcset=\"https:\/\/www.radiopiu.net\/wordpress\/wp-content\/uploads\/2018\/09\/appuntamenti.jpeg 800w, https:\/\/www.radiopiu.net\/wordpress\/wp-content\/uploads\/2018\/09\/appuntamenti-300x38.jpeg 300w, https:\/\/www.radiopiu.net\/wordpress\/wp-content\/uploads\/2018\/09\/appuntamenti-768x96.jpeg 768w\" sizes=\"auto, (max-width: 800px) 100vw, 800px\" \/><\/a><\/span><\/h2>\n<h3 dir=\"auto\"><\/h3>\n<blockquote>\n<h3>MORGAN &amp; BATTAGLIA I RESIDENT DJ DEL SAVE THE DATE FESTIVAL<\/h3>\n<\/blockquote>\n<p><strong>FALCADE <\/strong>Il palco si accende, le casse vibrano e l\u2019atmosfera si infiamma: Morgan e Battaglia sono pronti a farvi ballare senza sosta! Con selezioni potenti e beat travolgenti, il duo porter\u00e0 un\u2019ondata di pura energia al Rifugio Laresei. Quattro ospiti speciali arricchiranno il festival, ma sar\u00e0 la loro console a tenere il cuore pulsante della serata. L\u2019unica regola? Lasciarsi andare al ritmo e vivere la musica senza freni. Preparati a un\u2019esperienza indimenticabile! L&#8217;appuntamento \u00e8 per il 29 marzo al Rifugio Laresei<\/p>\n\n\t\t\t<style type='text\/css'>\n\t\t\t\t#gallery-10 {\n\t\t\t\t\tmargin: auto;\n\t\t\t\t}\n\t\t\t\t#gallery-10 .gallery-item {\n\t\t\t\t\tfloat: left;\n\t\t\t\t\tmargin-top: 10px;\n\t\t\t\t\ttext-align: center;\n\t\t\t\t\twidth: 20%;\n\t\t\t\t}\n\t\t\t\t#gallery-10 img {\n\t\t\t\t\tborder: 2px solid #cfcfcf;\n\t\t\t\t}\n\t\t\t\t#gallery-10 .gallery-caption {\n\t\t\t\t\tmargin-left: 0;\n\t\t\t\t}\n\t\t\t\t\/* see gallery_shortcode() in wp-includes\/media.php *\/\n\t\t\t<\/style>\n\t\t<div id='gallery-10' class='dt-gallery-container gallery galleryid-437296 gallery-columns-5 gallery-size-medium'><dl class='gallery-item'>\n\t\t\t\t<dt class='gallery-icon portrait'>\n\t\t\t\t\t<a class=\"rollover rollover-zoom dt-pswp-item\" title=\"475351389_122191419572160269_4819090400106529375_n\" data-dt-img-description=\"\" data-large_image_width=\"1024\" data-large_image_height=\"1280\"href='https:\/\/www.radiopiu.net\/wordpress\/wp-content\/uploads\/2025\/02\/475351389_122191419572160269_4819090400106529375_n.jpg'><img loading=\"lazy\" decoding=\"async\" width=\"240\" height=\"300\" src=\"https:\/\/www.radiopiu.net\/wordpress\/wp-content\/uploads\/2025\/02\/475351389_122191419572160269_4819090400106529375_n-240x300.jpg\" class=\"attachment-medium size-medium\" alt=\"\" srcset=\"https:\/\/www.radiopiu.net\/wordpress\/wp-content\/uploads\/2025\/02\/475351389_122191419572160269_4819090400106529375_n-240x300.jpg 240w, https:\/\/www.radiopiu.net\/wordpress\/wp-content\/uploads\/2025\/02\/475351389_122191419572160269_4819090400106529375_n-819x1024.jpg 819w, https:\/\/www.radiopiu.net\/wordpress\/wp-content\/uploads\/2025\/02\/475351389_122191419572160269_4819090400106529375_n-768x960.jpg 768w, https:\/\/www.radiopiu.net\/wordpress\/wp-content\/uploads\/2025\/02\/475351389_122191419572160269_4819090400106529375_n.jpg 1024w\" sizes=\"auto, (max-width: 240px) 100vw, 240px\" \/><\/a>\n\t\t\t\t<\/dt><\/dl><dl class='gallery-item'>\n\t\t\t\t<dt class='gallery-icon portrait'>\n\t\t\t\t\t<a class=\"rollover rollover-zoom dt-pswp-item\" title=\"70222334-5cff-4d4b-9ab9-a2a79305f2f3\" data-dt-img-description=\"\" data-large_image_width=\"1024\" data-large_image_height=\"1280\"href='https:\/\/www.radiopiu.net\/wordpress\/wp-content\/uploads\/2025\/02\/70222334-5cff-4d4b-9ab9-a2a79305f2f3.jpg'><img loading=\"lazy\" decoding=\"async\" width=\"240\" height=\"300\" src=\"https:\/\/www.radiopiu.net\/wordpress\/wp-content\/uploads\/2025\/02\/70222334-5cff-4d4b-9ab9-a2a79305f2f3-240x300.jpg\" class=\"attachment-medium size-medium\" alt=\"\" srcset=\"https:\/\/www.radiopiu.net\/wordpress\/wp-content\/uploads\/2025\/02\/70222334-5cff-4d4b-9ab9-a2a79305f2f3-240x300.jpg 240w, https:\/\/www.radiopiu.net\/wordpress\/wp-content\/uploads\/2025\/02\/70222334-5cff-4d4b-9ab9-a2a79305f2f3-819x1024.jpg 819w, https:\/\/www.radiopiu.net\/wordpress\/wp-content\/uploads\/2025\/02\/70222334-5cff-4d4b-9ab9-a2a79305f2f3-768x960.jpg 768w, https:\/\/www.radiopiu.net\/wordpress\/wp-content\/uploads\/2025\/02\/70222334-5cff-4d4b-9ab9-a2a79305f2f3.jpg 1024w\" sizes=\"auto, (max-width: 240px) 100vw, 240px\" \/><\/a>\n\t\t\t\t<\/dt><\/dl><dl class='gallery-item'>\n\t\t\t\t<dt class='gallery-icon portrait'>\n\t\t\t\t\t<a class=\"rollover rollover-zoom dt-pswp-item\" title=\"480483463_122191800596160269_7748395789965067962_n\" data-dt-img-description=\"\" data-large_image_width=\"1024\" data-large_image_height=\"1280\"href='https:\/\/www.radiopiu.net\/wordpress\/wp-content\/uploads\/2025\/02\/480483463_122191800596160269_7748395789965067962_n.jpg'><img loading=\"lazy\" decoding=\"async\" width=\"240\" height=\"300\" src=\"https:\/\/www.radiopiu.net\/wordpress\/wp-content\/uploads\/2025\/02\/480483463_122191800596160269_7748395789965067962_n-240x300.jpg\" class=\"attachment-medium size-medium\" alt=\"\" srcset=\"https:\/\/www.radiopiu.net\/wordpress\/wp-content\/uploads\/2025\/02\/480483463_122191800596160269_7748395789965067962_n-240x300.jpg 240w, https:\/\/www.radiopiu.net\/wordpress\/wp-content\/uploads\/2025\/02\/480483463_122191800596160269_7748395789965067962_n-819x1024.jpg 819w, https:\/\/www.radiopiu.net\/wordpress\/wp-content\/uploads\/2025\/02\/480483463_122191800596160269_7748395789965067962_n-768x960.jpg 768w, https:\/\/www.radiopiu.net\/wordpress\/wp-content\/uploads\/2025\/02\/480483463_122191800596160269_7748395789965067962_n.jpg 1024w\" sizes=\"auto, (max-width: 240px) 100vw, 240px\" \/><\/a>\n\t\t\t\t<\/dt><\/dl><dl class='gallery-item'>\n\t\t\t\t<dt class='gallery-icon portrait'>\n\t\t\t\t\t<a class=\"rollover rollover-zoom dt-pswp-item\" title=\"480755395_122191974356160269_922264644982884143_n\" data-dt-img-description=\"\" data-large_image_width=\"1024\" data-large_image_height=\"1280\"href='https:\/\/www.radiopiu.net\/wordpress\/wp-content\/uploads\/2025\/02\/480755395_122191974356160269_922264644982884143_n.jpg'><img loading=\"lazy\" decoding=\"async\" width=\"240\" height=\"300\" src=\"https:\/\/www.radiopiu.net\/wordpress\/wp-content\/uploads\/2025\/02\/480755395_122191974356160269_922264644982884143_n-240x300.jpg\" class=\"attachment-medium size-medium\" alt=\"\" srcset=\"https:\/\/www.radiopiu.net\/wordpress\/wp-content\/uploads\/2025\/02\/480755395_122191974356160269_922264644982884143_n-240x300.jpg 240w, https:\/\/www.radiopiu.net\/wordpress\/wp-content\/uploads\/2025\/02\/480755395_122191974356160269_922264644982884143_n-819x1024.jpg 819w, https:\/\/www.radiopiu.net\/wordpress\/wp-content\/uploads\/2025\/02\/480755395_122191974356160269_922264644982884143_n-768x960.jpg 768w, https:\/\/www.radiopiu.net\/wordpress\/wp-content\/uploads\/2025\/02\/480755395_122191974356160269_922264644982884143_n.jpg 1024w\" sizes=\"auto, (max-width: 240px) 100vw, 240px\" \/><\/a>\n\t\t\t\t<\/dt><\/dl><dl class='gallery-item'>\n\t\t\t\t<dt class='gallery-icon portrait'>\n\t\t\t\t\t<a class=\"rollover rollover-zoom dt-pswp-item\" title=\"480946206_122192204450160269_174180551336592227_n\" data-dt-img-description=\"\" data-large_image_width=\"512\" data-large_image_height=\"640\"href='https:\/\/www.radiopiu.net\/wordpress\/wp-content\/uploads\/2025\/02\/480946206_122192204450160269_174180551336592227_n.jpg'><img loading=\"lazy\" decoding=\"async\" width=\"240\" height=\"300\" src=\"https:\/\/www.radiopiu.net\/wordpress\/wp-content\/uploads\/2025\/02\/480946206_122192204450160269_174180551336592227_n-240x300.jpg\" class=\"attachment-medium size-medium\" alt=\"\" srcset=\"https:\/\/www.radiopiu.net\/wordpress\/wp-content\/uploads\/2025\/02\/480946206_122192204450160269_174180551336592227_n-240x300.jpg 240w, https:\/\/www.radiopiu.net\/wordpress\/wp-content\/uploads\/2025\/02\/480946206_122192204450160269_174180551336592227_n.jpg 512w\" sizes=\"auto, (max-width: 240px) 100vw, 240px\" \/><\/a>\n\t\t\t\t<\/dt><\/dl><br style=\"clear: both\" \/>\n\t\t\t<\/div>\n\n<p>&nbsp;<\/p>\n<div>\n<div class=\"\" dir=\"auto\">\n<div id=\":r9h:\" class=\"x1iorvi4 x1pi30zi x1l90r2v x1swvt13\" data-ad-comet-preview=\"message\" data-ad-preview=\"message\">\n<div>\n<div class=\"\" dir=\"auto\">\n<div id=\":r9h:\" class=\"x1iorvi4 x1pi30zi x1l90r2v x1swvt13\" data-ad-comet-preview=\"message\" data-ad-preview=\"message\">\n<div>\n<div class=\"\" dir=\"auto\">\n<div id=\":r9h:\" class=\"x1iorvi4 x1pi30zi x1l90r2v x1swvt13\" data-ad-comet-preview=\"message\" data-ad-preview=\"message\">\n<div>\n<div class=\"\" dir=\"auto\">\n<div id=\":r9h:\" class=\"x1iorvi4 x1pi30zi x1l90r2v x1swvt13\" data-ad-comet-preview=\"message\" data-ad-preview=\"message\">\n<div>\n<div class=\"\" dir=\"auto\">\n<div id=\":r9h:\" class=\"x1iorvi4 x1pi30zi x1l90r2v x1swvt13\" data-ad-comet-preview=\"message\" data-ad-preview=\"message\">\n<div>\n<div class=\"\" dir=\"auto\">\n<div id=\":r9h:\" class=\"x1iorvi4 x1pi30zi x1l90r2v x1swvt13\" data-ad-comet-preview=\"message\" data-ad-preview=\"message\">\n<div class=\"xdj266r x11i5rnm xat24cr x1mh8g0r x1vvkbs x126k92a\">\n<div dir=\"auto\"><\/div>\n<\/div>\n<div>\n<div class=\"\" dir=\"auto\">\n<div id=\":r9h:\" class=\"x1iorvi4 x1pi30zi x1l90r2v x1swvt13\" data-ad-comet-preview=\"message\" data-ad-preview=\"message\">\n<div>\n<div class=\"\" dir=\"auto\">\n<div id=\":r9h:\" class=\"x1iorvi4 x1pi30zi x1l90r2v x1swvt13\" data-ad-comet-preview=\"message\" data-ad-preview=\"message\">\n\n\t\t\t<style type='text\/css'>\n\t\t\t\t#gallery-11 {\n\t\t\t\t\tmargin: auto;\n\t\t\t\t}\n\t\t\t\t#gallery-11 .gallery-item {\n\t\t\t\t\tfloat: left;\n\t\t\t\t\tmargin-top: 10px;\n\t\t\t\t\ttext-align: center;\n\t\t\t\t\twidth: 25%;\n\t\t\t\t}\n\t\t\t\t#gallery-11 img {\n\t\t\t\t\tborder: 2px solid #cfcfcf;\n\t\t\t\t}\n\t\t\t\t#gallery-11 .gallery-caption {\n\t\t\t\t\tmargin-left: 0;\n\t\t\t\t}\n\t\t\t\t\/* see gallery_shortcode() in wp-includes\/media.php *\/\n\t\t\t<\/style>\n\t\t<div id='gallery-11' class='dt-gallery-container gallery galleryid-437296 gallery-columns-4 gallery-size-thumbnail'><dl class='gallery-item'>\n\t\t\t\t<dt class='gallery-icon portrait'>\n\t\t\t\t\t<a class=\"rollover rollover-zoom dt-pswp-item\" title=\"dad1d0d2-12e8-494a-9390-929e17ce5985\" data-dt-img-description=\"\" data-large_image_width=\"900\" data-large_image_height=\"1600\"href='https:\/\/www.radiopiu.net\/wordpress\/wp-content\/uploads\/2025\/01\/dad1d0d2-12e8-494a-9390-929e17ce5985.jpg'><img loading=\"lazy\" decoding=\"async\" width=\"150\" height=\"150\" src=\"https:\/\/www.radiopiu.net\/wordpress\/wp-content\/uploads\/2025\/01\/dad1d0d2-12e8-494a-9390-929e17ce5985-150x150.jpg\" class=\"attachment-thumbnail size-thumbnail\" alt=\"\" \/><\/a>\n\t\t\t\t<\/dt><\/dl><dl class='gallery-item'>\n\t\t\t\t<dt class='gallery-icon portrait'>\n\t\t\t\t\t<a class=\"rollover rollover-zoom dt-pswp-item\" title=\"Marzo (1)\" data-dt-img-description=\"\" data-large_image_width=\"841\" data-large_image_height=\"1190\"href='https:\/\/www.radiopiu.net\/wordpress\/wp-content\/uploads\/2025\/02\/Marzo-1.jpg'><img loading=\"lazy\" decoding=\"async\" width=\"150\" height=\"150\" src=\"https:\/\/www.radiopiu.net\/wordpress\/wp-content\/uploads\/2025\/02\/Marzo-1-150x150.jpg\" class=\"attachment-thumbnail size-thumbnail\" alt=\"\" \/><\/a>\n\t\t\t\t<\/dt><\/dl><dl class='gallery-item'>\n\t\t\t\t<dt class='gallery-icon portrait'>\n\t\t\t\t\t<a class=\"rollover rollover-zoom dt-pswp-item\" title=\"Carnevale 2025\" data-dt-img-description=\"\" data-large_image_width=\"1414\" data-large_image_height=\"2000\"href='https:\/\/www.radiopiu.net\/wordpress\/wp-content\/uploads\/2025\/02\/Carnevale-2025-1.png'><img loading=\"lazy\" decoding=\"async\" width=\"150\" height=\"150\" src=\"https:\/\/www.radiopiu.net\/wordpress\/wp-content\/uploads\/2025\/02\/Carnevale-2025-1-150x150.png\" class=\"attachment-thumbnail size-thumbnail\" alt=\"\" \/><\/a>\n\t\t\t\t<\/dt><\/dl><dl class='gallery-item'>\n\t\t\t\t<dt class='gallery-icon portrait'>\n\t\t\t\t\t<a class=\"rollover rollover-zoom dt-pswp-item\" title=\"Senza nome\" data-dt-img-description=\"\" data-large_image_width=\"569\" data-large_image_height=\"801\"href='https:\/\/www.radiopiu.net\/wordpress\/wp-content\/uploads\/2025\/02\/Senza-nome-23.png'><img loading=\"lazy\" decoding=\"async\" width=\"150\" height=\"150\" src=\"https:\/\/www.radiopiu.net\/wordpress\/wp-content\/uploads\/2025\/02\/Senza-nome-23-150x150.png\" class=\"attachment-thumbnail size-thumbnail\" alt=\"\" \/><\/a>\n\t\t\t\t<\/dt><\/dl><br style=\"clear: both\" \/><dl class='gallery-item'>\n\t\t\t\t<dt class='gallery-icon portrait'>\n\t\t\t\t\t<a class=\"rollover rollover-zoom dt-pswp-item\" title=\"Locandina Zanenga marzo 2025\" data-dt-img-description=\"\" data-large_image_width=\"1447\" data-large_image_height=\"2048\"href='https:\/\/www.radiopiu.net\/wordpress\/wp-content\/uploads\/2025\/02\/Locandina-Zanenga-marzo-2025.jpg'><img loading=\"lazy\" decoding=\"async\" width=\"150\" height=\"150\" src=\"https:\/\/www.radiopiu.net\/wordpress\/wp-content\/uploads\/2025\/02\/Locandina-Zanenga-marzo-2025-150x150.jpg\" class=\"attachment-thumbnail size-thumbnail\" alt=\"\" \/><\/a>\n\t\t\t\t<\/dt><\/dl><dl class='gallery-item'>\n\t\t\t\t<dt class='gallery-icon portrait'>\n\t\t\t\t\t<a class=\"rollover rollover-zoom dt-pswp-item\" title=\"a43f5470-8da9-420a-9a8f-999ac45dfc29\" data-dt-img-description=\"\" data-large_image_width=\"1131\" data-large_image_height=\"1600\"href='https:\/\/www.radiopiu.net\/wordpress\/wp-content\/uploads\/2025\/02\/a43f5470-8da9-420a-9a8f-999ac45dfc29.jpg'><img loading=\"lazy\" decoding=\"async\" width=\"150\" height=\"150\" src=\"https:\/\/www.radiopiu.net\/wordpress\/wp-content\/uploads\/2025\/02\/a43f5470-8da9-420a-9a8f-999ac45dfc29-150x150.jpg\" class=\"attachment-thumbnail size-thumbnail\" alt=\"\" \/><\/a>\n\t\t\t\t<\/dt><\/dl><dl class='gallery-item'>\n\t\t\t\t<dt class='gallery-icon portrait'>\n\t\t\t\t\t<a class=\"rollover rollover-zoom dt-pswp-item\" title=\"85292380-77cf-48a7-ac7a-86c7009204ef\" data-dt-img-description=\"\" data-large_image_width=\"1280\" data-large_image_height=\"1600\"href='https:\/\/www.radiopiu.net\/wordpress\/wp-content\/uploads\/2025\/02\/85292380-77cf-48a7-ac7a-86c7009204ef.jpg'><img loading=\"lazy\" decoding=\"async\" width=\"150\" height=\"150\" src=\"https:\/\/www.radiopiu.net\/wordpress\/wp-content\/uploads\/2025\/02\/85292380-77cf-48a7-ac7a-86c7009204ef-150x150.jpg\" class=\"attachment-thumbnail size-thumbnail\" alt=\"\" \/><\/a>\n\t\t\t\t<\/dt><\/dl>\n\t\t\t\t<br style='clear: both' \/>\n\t\t\t<\/div>\n\n<p>&nbsp;<\/p>\n<p>&nbsp;<\/p>\n<\/div>\n<\/div>\n<\/div>\n<\/div>\n<\/div>\n<\/div>\n<\/div>\n<\/div>\n<\/div>\n<\/div>\n<\/div>\n<\/div>\n<p>&nbsp;<\/p>\n<\/div>\n<\/div>\n<\/div>\n<\/div>\n<\/div>\n<\/div>\n<\/div>\n<\/div>\n<\/div>\n<\/div>\n<\/div>\n<\/div>\n<hr \/>\n<p>&nbsp;<\/p>\n<p class=\"mceTemp\"><a class=\"dt-pswp-item\" href=\"https:\/\/www.radiopiu.net\/wordpress\/wp-content\/uploads\/2018\/09\/WhatsApp-Image-2018-09-20-at-16.04.06.jpeg\" data-dt-img-description=\"\" data-large_image_width=\"800\" data-large_image_height=\"100\"><img loading=\"lazy\" decoding=\"async\" class=\"wp-image-61378 size-full aligncenter\" src=\"https:\/\/www.radiopiu.net\/wordpress\/wp-content\/uploads\/2018\/09\/WhatsApp-Image-2018-09-20-at-16.04.06.jpeg\" alt=\"\" width=\"800\" height=\"100\" srcset=\"https:\/\/www.radiopiu.net\/wordpress\/wp-content\/uploads\/2018\/09\/WhatsApp-Image-2018-09-20-at-16.04.06.jpeg 800w, https:\/\/www.radiopiu.net\/wordpress\/wp-content\/uploads\/2018\/09\/WhatsApp-Image-2018-09-20-at-16.04.06-300x38.jpeg 300w, https:\/\/www.radiopiu.net\/wordpress\/wp-content\/uploads\/2018\/09\/WhatsApp-Image-2018-09-20-at-16.04.06-768x96.jpeg 768w\" sizes=\"auto, (max-width: 800px) 100vw, 800px\" \/><\/a><\/p>\n<p><center><\/center><center><\/center>&nbsp;<\/p>\n<p><center><\/center><center><b>OGGI<\/b><\/center>Sereno con ottima visibilit\u00e0, al pi\u00f9 poco nuvoloso per qualche velatura verso sera. Fino al primo mattino non esclusa locale nebbia o nubi basse in qualche fondovalle prealpino.<br \/>\n<b>Precipitazioni: <\/b>Assenti \u00ec<br \/>\n<b>Temperature: <\/b>Temperature minime stazionarie nelle valli e in lieve aumento in quota, massime in aumento a tutte le quote con marcata escursione termica diurna.<\/p>\n<hr \/>\n<p><center><b>DOMANI<\/b><\/center>Tra notte e mattino poco nuvoloso per qualche velatura. Dalle ore centrali e nel pomeriggio sereno.<br \/>\n<b>Precipitazioni: <\/b>Assenti<br \/>\n<b>Temperature: <\/b>Temperature in ulteriore generale aumento specie le massime, con marcata escursione termica giornaliera nelle valli, far\u00e0 eccezione l&#8217;alta quota con temperature pressoch\u00e8 stazionarie oltre i 2700 m.<\/p>\n<hr \/>\n<p><center><b>MERCOLEDI<\/b><\/center>Cielo sereno. Temperature in lieve aumento specie le massime con valori ben superiori alla media del periodo e marcata escursione termica giornaliera nelle valli.<\/p>\n<hr \/>\n<p><center><b>GIOVEDI<\/b><\/center>Cielo sereno. Temperature stazionarie o in ulteriore lieve aumento.<\/p>\n<p>&nbsp;<\/p>\n<hr \/>\n<p>&nbsp;<\/p>\n<p class=\"mceTemp\"><a class=\"dt-pswp-item\" href=\"https:\/\/www.radiopiu.net\/wordpress\/wp-content\/uploads\/2018\/09\/sport.jpg\" data-dt-img-description=\"\" data-large_image_width=\"800\" data-large_image_height=\"100\"><img loading=\"lazy\" decoding=\"async\" class=\"aligncenter wp-image-60761 size-full\" src=\"https:\/\/www.radiopiu.net\/wordpress\/wp-content\/uploads\/2018\/09\/sport.jpg\" alt=\"\" width=\"800\" height=\"100\" srcset=\"https:\/\/www.radiopiu.net\/wordpress\/wp-content\/uploads\/2018\/09\/sport.jpg 800w, https:\/\/www.radiopiu.net\/wordpress\/wp-content\/uploads\/2018\/09\/sport-300x38.jpg 300w, https:\/\/www.radiopiu.net\/wordpress\/wp-content\/uploads\/2018\/09\/sport-768x96.jpg 768w\" sizes=\"auto, (max-width: 800px) 100vw, 800px\" \/> <\/a><\/p>\n<p class=\"mceTemp\"><span style=\"color: #0000ff;\"><strong>\u00a0 \u00a0 \u00a0\u00a0<\/strong><\/span><\/p>\n<p><span style=\"color: #0000ff;\"><strong>HOCKEY SU GHIACCIO<\/strong><\/span><\/p>\n<blockquote>\n<h3>ALLEGHE E FELTRE SI COMPLICANO LA VITA. ENTRAMBE LE BELLUNESI ESCONO SCONFITTE DA GARA 1 DEI QUARTI DI FINALE<\/h3>\n<\/blockquote>\n<p><strong>DI MARCO GAZ<\/strong><\/p>\n<p><span style=\"color: #ff0000;\"><strong>IHL \u2013 GARA 1 QUARTI DI FINALE<\/strong><\/span><\/p>\n<p><strong>VARESE \u2013 ALLEGHE 4-1<\/strong><\/p>\n<p>PARZIALI: 3-0, 1-0, 0-1<\/p>\n<p>GOL: pt. 1\u201924\u201d Borghi, 2\u201925\u201d Piroso, 19\u201933\u201d Franchini. st. 11\u201914\u201d Raskin. tt. 8\u201954\u201d Makela<\/p>\n<p>Gara 1 dei quarti di finale di IHL va in archivio con la vittoria del Varese. I mastini sfruttano a pieno le occasioni arrivate, cosa che non fa l\u2019Alleghe nonostante i tanti tiri verso la porta lombarda. I varesotti fanno bottino pieno con il minimo sforzo e si portano avanti 1 a 0 in questi quarti di finale. Una sconfitta che, di fronte agli oltre 50 tifosi biancorossi, brucia per le civette che ora dovranno tirare fuori le unghie per pareggiare la serie marted\u00ec sera al De Toni, ma gli agordini dovranno mettere in campo la grinta giusta per mettere in difficolt\u00e0 questo avversario. La prima vera occasione arriva sulle stecche delle civette con Soppelsa che sfiora il gol. Ma al primo capovolgimento di fronte il Varese trova il vantaggio. Disattenzione in fase difensiva e gol di Borghi. L\u2019Alleghe accusa il colpo e subisce la seconda marcatura subito dopo. a siglare la seconda rete lombarda ci pensa Piroso. I mastini sembrano accontentarsi e gli agordini provano a rispondere ma le azioni offensive non sono eclatanti. Cala il ritmo della partita e le squadre non si fanno vive dalle parti dei portieri. Nel finale di primo tempo gli alleghesi non sfruttano una superiorit\u00e0 numerica nonostante i tanti tiri in porta e nei secondi finali i padroni di casa mettono a segno la terza marcatura con Franchini. Nel secondo drittel i lombardi continuano a premere mettendo in difficolt\u00e0 la squadra avversaria. Le civette provano ad accorciare le distanze in powerplay. Le occasioni non mancano ma il golie varesotto non lascia passare nulla. Poche occasioni da entrambi i fronti. Al giro di boa della partita i mastini ingranano la marcia giusta e Scola \u00e8 costretto ai miracoli per evitare altri gol. il Varese cala il poker. Tiro dalla distanza di Raskin, disco che non viene trattenuto dal portiere alleghese e puck che oltrepassa la linea di porta. Nel finale di tempo gli agordini le provano tutte ma il gol non arriva. Ad inizio terza frazione le civette provano a mettere in difficolt\u00e0 i mastini ma senza riuscire a trovare la porta. A poco pi\u00f9 di un minuto dal giro di boa del terzo tempo Makela, lanciato a rete, viene atterrato e viene concesso un penalty che lo stesso giocatore alleghese trasforma. Nel finale di gara il match si infiamma con l\u2019Alleghe all\u2019assalto grazie anche ad una penalit\u00e0 inflitta ai mastini. Ma neanche con 6 uomini di movimento non arriva il secondo gol della serata.<\/p>\n<p><strong>LE FOTO DI ROBERTO MIANA<\/strong><\/p>\n\n\t\t\t<style type='text\/css'>\n\t\t\t\t#gallery-12 {\n\t\t\t\t\tmargin: auto;\n\t\t\t\t}\n\t\t\t\t#gallery-12 .gallery-item {\n\t\t\t\t\tfloat: left;\n\t\t\t\t\tmargin-top: 10px;\n\t\t\t\t\ttext-align: center;\n\t\t\t\t\twidth: 20%;\n\t\t\t\t}\n\t\t\t\t#gallery-12 img {\n\t\t\t\t\tborder: 2px solid #cfcfcf;\n\t\t\t\t}\n\t\t\t\t#gallery-12 .gallery-caption {\n\t\t\t\t\tmargin-left: 0;\n\t\t\t\t}\n\t\t\t\t\/* see gallery_shortcode() in wp-includes\/media.php *\/\n\t\t\t<\/style>\n\t\t<div id='gallery-12' class='dt-gallery-container gallery galleryid-437296 gallery-columns-5 gallery-size-thumbnail'><dl class='gallery-item'>\n\t\t\t\t<dt class='gallery-icon portrait'>\n\t\t\t\t\t<a class=\"rollover rollover-zoom dt-pswp-item\" title=\"e3dc9c78-aa94-4b6b-9082-45f5e619be13\" data-dt-img-description=\"\" data-large_image_width=\"1200\" data-large_image_height=\"1600\"href='https:\/\/www.radiopiu.net\/wordpress\/wp-content\/uploads\/2025\/03\/e3dc9c78-aa94-4b6b-9082-45f5e619be13.jpg'><img loading=\"lazy\" decoding=\"async\" width=\"150\" height=\"150\" src=\"https:\/\/www.radiopiu.net\/wordpress\/wp-content\/uploads\/2025\/03\/e3dc9c78-aa94-4b6b-9082-45f5e619be13-150x150.jpg\" class=\"attachment-thumbnail size-thumbnail\" alt=\"\" \/><\/a>\n\t\t\t\t<\/dt><\/dl><dl class='gallery-item'>\n\t\t\t\t<dt class='gallery-icon landscape'>\n\t\t\t\t\t<a class=\"rollover rollover-zoom dt-pswp-item\" title=\"c579824e-10a0-4fb5-8d25-07be32c23b09\" data-dt-img-description=\"\" data-large_image_width=\"1600\" data-large_image_height=\"1200\"href='https:\/\/www.radiopiu.net\/wordpress\/wp-content\/uploads\/2025\/03\/c579824e-10a0-4fb5-8d25-07be32c23b09.jpg'><img loading=\"lazy\" decoding=\"async\" width=\"150\" height=\"150\" src=\"https:\/\/www.radiopiu.net\/wordpress\/wp-content\/uploads\/2025\/03\/c579824e-10a0-4fb5-8d25-07be32c23b09-150x150.jpg\" class=\"attachment-thumbnail size-thumbnail\" alt=\"\" \/><\/a>\n\t\t\t\t<\/dt><\/dl><dl class='gallery-item'>\n\t\t\t\t<dt class='gallery-icon landscape'>\n\t\t\t\t\t<a class=\"rollover rollover-zoom dt-pswp-item\" title=\"da3daeff-0a6f-4674-9b43-3901e061cc75\" data-dt-img-description=\"\" data-large_image_width=\"1600\" data-large_image_height=\"1200\"href='https:\/\/www.radiopiu.net\/wordpress\/wp-content\/uploads\/2025\/03\/da3daeff-0a6f-4674-9b43-3901e061cc75.jpg'><img loading=\"lazy\" decoding=\"async\" width=\"150\" height=\"150\" src=\"https:\/\/www.radiopiu.net\/wordpress\/wp-content\/uploads\/2025\/03\/da3daeff-0a6f-4674-9b43-3901e061cc75-150x150.jpg\" class=\"attachment-thumbnail size-thumbnail\" alt=\"\" \/><\/a>\n\t\t\t\t<\/dt><\/dl><dl class='gallery-item'>\n\t\t\t\t<dt class='gallery-icon portrait'>\n\t\t\t\t\t<a class=\"rollover rollover-zoom dt-pswp-item\" title=\"173a7ff4-05f4-4fac-af8d-9da0c6511cfd\" data-dt-img-description=\"\" data-large_image_width=\"1200\" data-large_image_height=\"1600\"href='https:\/\/www.radiopiu.net\/wordpress\/wp-content\/uploads\/2025\/03\/173a7ff4-05f4-4fac-af8d-9da0c6511cfd.jpg'><img loading=\"lazy\" decoding=\"async\" width=\"150\" height=\"150\" src=\"https:\/\/www.radiopiu.net\/wordpress\/wp-content\/uploads\/2025\/03\/173a7ff4-05f4-4fac-af8d-9da0c6511cfd-150x150.jpg\" class=\"attachment-thumbnail size-thumbnail\" alt=\"\" \/><\/a>\n\t\t\t\t<\/dt><\/dl><dl class='gallery-item'>\n\t\t\t\t<dt class='gallery-icon landscape'>\n\t\t\t\t\t<a class=\"rollover rollover-zoom dt-pswp-item\" title=\"56d5d5dc-67f5-4ac8-b6b8-fb68b92c7cf7\" data-dt-img-description=\"\" data-large_image_width=\"1600\" data-large_image_height=\"900\"href='https:\/\/www.radiopiu.net\/wordpress\/wp-content\/uploads\/2025\/03\/56d5d5dc-67f5-4ac8-b6b8-fb68b92c7cf7.jpg'><img loading=\"lazy\" decoding=\"async\" width=\"150\" height=\"150\" src=\"https:\/\/www.radiopiu.net\/wordpress\/wp-content\/uploads\/2025\/03\/56d5d5dc-67f5-4ac8-b6b8-fb68b92c7cf7-150x150.jpg\" class=\"attachment-thumbnail size-thumbnail\" alt=\"\" \/><\/a>\n\t\t\t\t<\/dt><\/dl><br style=\"clear: both\" \/>\n\t\t\t<\/div>\n\n<p>&nbsp;<\/p>\n<p><strong>FELTRE \u2013 APPIANO 3-5<\/strong><\/p>\n<p>PARZIALI: 1-1, 0-3, 2-1<\/p>\n<p>GOL: pt. 4\u201953\u201d Damin, 17\u201922\u201d Morandell. st. 2\u201924\u201d Schwingshackl, 10\u201956\u201d Eruzione, 17\u201901\u201d Williamson. tt. 4\u201943\u201d Graf, 10\u201905\u201d Dall\u2019Agnol, 18&#8217;01&#8221; Longhini<\/p>\n<p>Il Feltre cade in casa con l\u2019Appiano e la strada si fa in salita per i picchi. Al PalaFeltre i padroni di casa giocano bene il primo e il terzo tempo e concedono troppo agli avversari nella frazione centrale tanto che i pirati chiudono la sfida portando a casa gara 1 dei quarti di finale. Marted\u00ec picchi ad Appiano per gara 2 dove dovranno dare il tutto per tutto per pareggiare i conti. Match combattuto con le due squadre che non se le mandano a dire. Feltre che passa in vantaggio con Damin dopo 5\u2019. Si continua a lottare e nel finale di tempo l\u2019Appiano pareggia i conti con Morandell. Nella seconda frazione i picchi spengono la luce e concedono troppo agli altoatesini che mettono a segno altre tre marcature. La quinta rete degli ospiti arriva nei primi minuti del terzo drittel. Il Feltre prova a riaprire la sfida con la rete di Dall\u2019Agnol ma nonostante le tante occasioni arrivate sulle stecche feltrine, l\u2019Appiano si difende bene e incamera la prima vittoria della serie. Nel finale Longhini trova la terza rete per i padroni di casa<\/p>\n<p>&nbsp;<\/p>\n<p><span style=\"color: #0000ff;\"><strong>CALCIO<\/strong><\/span><\/p>\n<blockquote>\n<h3>L&#8217;AGORDINA SUPERA IL TAMBRE DI MISURA E FA UN BALZO IN AVANTI IN CLASSIFICA<\/h3>\n<\/blockquote>\n<p><strong><a class=\"dt-pswp-item\" href=\"https:\/\/www.radiopiu.net\/wordpress\/wp-content\/uploads\/2022\/04\/CALCIO.jpg\" data-dt-img-description=\"\" data-large_image_width=\"1920\" data-large_image_height=\"1280\"><img loading=\"lazy\" decoding=\"async\" class=\" wp-image-270520 alignleft\" src=\"https:\/\/www.radiopiu.net\/wordpress\/wp-content\/uploads\/2022\/04\/CALCIO-300x200.jpg\" alt=\"\" width=\"201\" height=\"134\" srcset=\"https:\/\/www.radiopiu.net\/wordpress\/wp-content\/uploads\/2022\/04\/CALCIO-300x200.jpg 300w, https:\/\/www.radiopiu.net\/wordpress\/wp-content\/uploads\/2022\/04\/CALCIO-1024x683.jpg 1024w, https:\/\/www.radiopiu.net\/wordpress\/wp-content\/uploads\/2022\/04\/CALCIO-768x512.jpg 768w, https:\/\/www.radiopiu.net\/wordpress\/wp-content\/uploads\/2022\/04\/CALCIO-1536x1024.jpg 1536w, https:\/\/www.radiopiu.net\/wordpress\/wp-content\/uploads\/2022\/04\/CALCIO.jpg 1920w\" sizes=\"auto, (max-width: 201px) 100vw, 201px\" \/><\/a>di Marco Gaz<\/strong><\/p>\n<p><span style=\"color: #ff0000;\"><strong>TERZA CATEGORIA<\/strong><\/span><\/p>\n<p><strong>AGORDINA \u2013 TAMBRE 2-1<\/strong><\/p>\n<p><strong>GOL AGORDINA: Miana, Dal Don<\/strong><\/p>\n<p>Tre punti importantissimi per l\u2019Agordina che fa un grande balzo in avanti nella classifica di Terza Categoria. Con un gol di scarto la squadra allenata da Davare fa bottino pieno all\u2019Ivano Dorigo di Agordo contro il Tambre. Grazie a due gol di rapina la compagine di Agordo incamera i tre punti nella seconda frazione di gara. Primo tempo con poche emozioni. Un\u2019occasione per parte. Prima il Tambre ma il portiere agordino salva il risultato, poi i padroni di casa ma il pallone non entra. Nella ripresa l\u2019Agordina trova il vantaggio. Tiro e parata del portiere ma sulla ribattuta si fa trovare pronto Miana che gonfia la rete. Gli agordini gestiscono la partita e nel finale di gara trovano il raddoppio. Ci pensa Dal Don a siglare il 2 a 0, tiro dai 30 metri e pallone che si insacca. Nei minuti di recupero arriva anche il gol della bandiera per il Tambre. Fallo di mano in area e calcio di rigore che viene trasformato.<\/p>\n<p><strong>LA CLASSIFICA:<\/strong> Auronzo 37, Fortogna e Alpes Cesio 33, Fulgor Farra 32, Tambre, Lamonese Agordina e Dynamo Vellai 27, Piave 25, Valzoldana 21, Cortina 15, Bellunese 8, Cadore 6, Valboite 1<\/p>\n<p><span style=\"color: #008000;\"><strong>GIOVANILI AGORDINA<\/strong><\/span><\/p>\n<p><span style=\"color: #ff0000;\"><strong>JUNIORES<\/strong><\/span><\/p>\n<p><strong>AGORDINA \u2013 DYNAMO VELLAI 2-2<\/strong><\/p>\n<p>Partita intensa ad Agordo, con continui capovolgimenti di fronte. Gli ospiti passano in vantaggio, ma Benvegn\u00fa pareggia subito con un gol spettacolare da met\u00e0 campo. A inizio ripresa, l\u2019Agordina trova il 2-1 con Marcon, bravo a sorprendere difensore e portiere. La squadra di casa difende bene il vantaggio per gran parte del secondo tempo, ma nel finale subisce il pari su colpo di testa da calcio d\u2019angolo.<\/p>\n<p><span style=\"color: #ff0000;\"><strong>ALLIEVI<\/strong><\/span><\/p>\n<p><strong>LG VALBELLUNA &#8211; AGORDINA 1-1<\/strong><\/p>\n<p>L\u2019Agordina esce a testa alta da Celarda dopo un\u2019ottima prestazione contro LG Valbelluna. Il primo tempo \u00e8 equilibrato e senza reti, con occasioni per entrambe le squadre. Nella ripresa, Soccol porta in vantaggio l\u2019Agordina segnando a porta vuota. Tuttavia, a cinque minuti dal termine, gli avversari pareggiano su un rigore dubbio. La gara si chiude sull\u20191-1, lasciando amaro in bocca ai ragazzi di Agordo.<\/p>\n<p><span style=\"color: #ff0000;\"><strong>GIOVANISSIMI<\/strong><\/span><\/p>\n<p><span style=\"color: #ff0000;\"><strong>GIRONE A<\/strong><\/span><\/p>\n<p><strong>AGORDINA SQ. A \u2013 CASTION 4-0<\/strong><\/p>\n<p>L\u2019Agordina inizia al meglio dopo la pausa invernale, conquistando tre punti con una netta vittoria sul Castion. Nonostante il dominio nel primo tempo, la squadra fatica a concretizzare, sbloccando il match solo allo scadere con un gol di Luciano Cadorin su calcio d\u2019angolo. Nella ripresa, lo stesso Cadorin, schierato fuori ruolo per emergenza, raddoppia con un gran tiro da fuori. L\u2019Agordina dilaga poi con Rudatis, su assist di Dell\u2019Osbel, e Ben, autore di una splendida rasoiata dalla distanza.<\/p>\n<p><span style=\"color: #ff0000;\"><strong>GIRONE B<\/strong><\/span><\/p>\n<p><strong>VALBOITE \u2013 AGORDINA 5-2<\/strong><\/p>\n<p>Partenza fulminante per l\u2019Agordina, in vantaggio dopo 5 secondi con Chissale su assist di De Bernardin. Nel primo tempo buone occasioni sprecate, con gli avversari in difficolt\u00e0. Nella ripresa, per\u00f2, la squadra di Agordo entra senza grinta e subisce subito il pareggio. De Bernardin riporta avanti i suoi su assist di Luciani, ma a met\u00e0 secondo tempo due reti su palla inattiva ribaltano il risultato, complice un errore del portiere e marcature imprecise. Nel finale, calo fisico e mentale permettono agli avversari di dilagare.<\/p>\n<p>&nbsp;<\/p>\n<p><span style=\"color: #0000ff;\"><strong>SCI NORDICO<\/strong><\/span><\/p>\n<blockquote>\n<h3>LORENZO BUSIN BRILLA ALLA VASALOPET<\/h3>\n<\/blockquote>\n<p><strong><a class=\"dt-pswp-item\" href=\"https:\/\/www.radiopiu.net\/wordpress\/wp-content\/uploads\/2025\/03\/SCR-20250302-lzim.jpeg\" data-dt-img-description=\"\" data-large_image_width=\"1244\" data-large_image_height=\"846\"><img loading=\"lazy\" decoding=\"async\" class=\" wp-image-437465 alignleft\" src=\"https:\/\/www.radiopiu.net\/wordpress\/wp-content\/uploads\/2025\/03\/SCR-20250302-lzim-300x204.jpeg\" alt=\"\" width=\"218\" height=\"148\" srcset=\"https:\/\/www.radiopiu.net\/wordpress\/wp-content\/uploads\/2025\/03\/SCR-20250302-lzim-300x204.jpeg 300w, https:\/\/www.radiopiu.net\/wordpress\/wp-content\/uploads\/2025\/03\/SCR-20250302-lzim-1024x696.jpeg 1024w, https:\/\/www.radiopiu.net\/wordpress\/wp-content\/uploads\/2025\/03\/SCR-20250302-lzim-768x522.jpeg 768w, https:\/\/www.radiopiu.net\/wordpress\/wp-content\/uploads\/2025\/03\/SCR-20250302-lzim.jpeg 1244w\" sizes=\"auto, (max-width: 218px) 100vw, 218px\" \/><\/a>REDAZIONE<\/strong> Un\u2019altra grande impresa per lo sci di fondo italiano arriva direttamente dalla Svezia, dove Lorenzo Busin si \u00e8 distinto nella mitica Vasaloppet, la gara di gran fondo pi\u00f9 famosa al mondo. L\u2019atleta ha completato i 90 km da S\u00e4len a Mora in un tempo straordinario di 3 ore e 34 minuti, conquistando un eccellente 29\u00b0 posto assoluto e risultando il secondo miglior italiano in gara. La Vasaloppet, ispirata al re svedese Gustav Vasa, \u00e8 una delle competizioni pi\u00f9 dure e affascinanti del circuito internazionale dello sci di fondo. Ogni anno richiama migliaia di atleti da tutto il mondo, pronti a sfidare se stessi lungo il percorso che attraversa paesaggi innevati mozzafiato. Il risultato ottenuto da Lorenzo Busin conferma il suo talento e la sua preparazione atletica di altissimo livello. Tra gli italiani in gara, Busin si \u00e8 distinto come secondo miglior piazzato, dimostrando ancora una volta la competitivit\u00e0 degli atleti azzurri nelle lunghe distanze dello sci di fondo.<\/p>\n<p>&nbsp;<\/p>\n<p>&nbsp;<\/p>\n<p><span style=\"color: #0000ff;\"><strong>PALLAVOLO<\/strong><\/span><\/p>\n<blockquote>\n<h3>LA SB VOLLEY INCIAMPA AL DE MAS<\/h3>\n<\/blockquote>\n<p><b><a class=\"dt-pswp-item\" href=\"https:\/\/www.radiopiu.net\/wordpress\/wp-content\/uploads\/2025\/03\/Degortes_in_tuffo.jpg\" data-dt-img-description=\"\" data-large_image_width=\"776\" data-large_image_height=\"439\"><img loading=\"lazy\" decoding=\"async\" class=\" wp-image-437442 alignleft\" src=\"https:\/\/www.radiopiu.net\/wordpress\/wp-content\/uploads\/2025\/03\/Degortes_in_tuffo-300x170.jpg\" alt=\"\" width=\"208\" height=\"118\" srcset=\"https:\/\/www.radiopiu.net\/wordpress\/wp-content\/uploads\/2025\/03\/Degortes_in_tuffo-300x170.jpg 300w, https:\/\/www.radiopiu.net\/wordpress\/wp-content\/uploads\/2025\/03\/Degortes_in_tuffo-768x434.jpg 768w, https:\/\/www.radiopiu.net\/wordpress\/wp-content\/uploads\/2025\/03\/Degortes_in_tuffo.jpg 776w\" sizes=\"auto, (max-width: 208px) 100vw, 208px\" \/><\/a>SB VOLLEY-PALLAVOLO LOCARA 2-3 (<\/b><strong>25-20, 21-25, 25-22, 14-25, 10-15)<\/strong><\/p>\n<p>La SB Volley sperava in un successo pieno, ma cade al tie-break contro il Locara dopo un match intenso. Nonostante una buona prima met\u00e0 gara, le ragazze di Salvadego non gestiscono il vantaggio e subiscono la rimonta avversaria. Le centrali Pombia e Fiabane brillano, ma non bastano a evitare la seconda sconfitta consecutiva. Il match inizia bene per la SB Volley, che domina il primo set, ma il Locara si rif\u00e0 sotto e ribalta il secondo con un parziale di 8-0. Nel terzo set la SB Volley reagisce, ma il Locara non molla e porta la gara al tie-break. Qui gli ospiti partono forte e chiudono il match, lasciando la SB Volley senza soluzioni offensive nel finale. Coach Salvadego sottolinea la mancanza di convinzione e chiede alla squadra pi\u00f9 aggressivit\u00e0.<\/p>\n<p>&nbsp;<\/p>\n<p><span style=\"color: #0000ff;\"><strong>CORSA IN MONTAGNA<\/strong><\/span><\/p>\n<blockquote>\n<h3>SAMUEL DEMETZ E SHARI CHENET SI AGGIUDICANO LA MISURINA WINTER RUN<\/h3>\n<\/blockquote>\n<p><a class=\"dt-pswp-item\" href=\"https:\/\/www.radiopiu.net\/wordpress\/wp-content\/uploads\/2025\/03\/misurina-winter-run-2025_ilvincitore_samuel-demetz.jpg\" data-dt-img-description=\"\" data-large_image_width=\"1500\" data-large_image_height=\"1000\"><img loading=\"lazy\" decoding=\"async\" class=\" wp-image-437555 alignleft\" src=\"https:\/\/www.radiopiu.net\/wordpress\/wp-content\/uploads\/2025\/03\/misurina-winter-run-2025_ilvincitore_samuel-demetz-300x200.jpg\" alt=\"\" width=\"174\" height=\"116\" srcset=\"https:\/\/www.radiopiu.net\/wordpress\/wp-content\/uploads\/2025\/03\/misurina-winter-run-2025_ilvincitore_samuel-demetz-300x200.jpg 300w, https:\/\/www.radiopiu.net\/wordpress\/wp-content\/uploads\/2025\/03\/misurina-winter-run-2025_ilvincitore_samuel-demetz-1024x683.jpg 1024w, https:\/\/www.radiopiu.net\/wordpress\/wp-content\/uploads\/2025\/03\/misurina-winter-run-2025_ilvincitore_samuel-demetz-768x512.jpg 768w, https:\/\/www.radiopiu.net\/wordpress\/wp-content\/uploads\/2025\/03\/misurina-winter-run-2025_ilvincitore_samuel-demetz.jpg 1500w\" sizes=\"auto, (max-width: 174px) 100vw, 174px\" \/><\/a>Si \u00e8 svolta la sesta edizione della Misurina Winter Run, evento invernale di Tre Cime Experience organizzato da Cadini Promotion. La gara, ambientata tra le Dolomiti, ha visto la partecipazione di 300 concorrenti, con un percorso agonistico di 17 km e 800 m di dislivello. Nella gara maschile ha trionfato Samuel Demetz, che ha completato il tracciato in 1h13&#8217;45&#8221;, seguito da Dylan De Michiel (+6\u201932\u201d) e Gabriele Del Longo (+7\u201907\u201d). Tra le donne, successo per Shari Chenet in 1h35\u201924\u201d, davanti a Martina De Silvestro (+3\u201949\u201d) e Francesca Di Sopra (+4\u201929\u201d). Oltre alla competizione, l&#8217;evento ha offerto momenti di divertimento con la Family Run, coinvolgendo grandi e piccoli a contatto con la natura.<\/p>\n<p data-start=\"632\" data-end=\"779\" data-is-last-node=\"\" data-is-only-node=\"\">\n","protected":false},"excerpt":{"rendered":"<p>********* &nbsp; LA\u00a0 APP PER IOS-IPHONE di Nicola Vettorello https:\/\/apps.apple.com\/it\/app\/radio-pi%C3%B9-emittente-agordina\/id1515939845 LA\u00a0 APP RADIO\u00a0 PER ANDROID di Nicola Vettorello https:\/\/play.google.com\/store\/apps\/details?id=net.radiopiu.iniko\u00a0\u00a0\u00a0\u00a0 &nbsp; &nbsp; &nbsp; OGGI ALLA RADIO:\u00a0\u00a0 rassegna stampa nazionale, ogni giorno alle 5 e alle 6 del mattino. giornali locali 7 rassegna stampa flash, 8 rassegna stampa, gr flash alle 10 e alle 11, principale 12.30.&hellip;<\/p>\n","protected":false},"author":4,"featured_media":437578,"comment_status":"closed","ping_status":"closed","sticky":false,"template":"","format":"standard","meta":{"_monsterinsights_skip_tracking":false,"_monsterinsights_sitenote_active":false,"_monsterinsights_sitenote_note":"","_monsterinsights_sitenote_category":0,"footnotes":""},"categories":[51,86,49],"tags":[],"class_list":["post-437296","post","type-post","status-publish","format-standard","has-post-thumbnail","hentry","category-evidenza-top","category-gr","category-news-18","category-51","category-86","category-49","description-off"],"img_url":"https:\/\/www.radiopiu.net\/wordpress\/wp-content\/uploads\/2025\/03\/Senza-nome-5.png","_links":{"self":[{"href":"https:\/\/www.radiopiu.net\/wordpress\/wp-json\/wp\/v2\/posts\/437296","targetHints":{"allow":["GET"]}}],"collection":[{"href":"https:\/\/www.radiopiu.net\/wordpress\/wp-json\/wp\/v2\/posts"}],"about":[{"href":"https:\/\/www.radiopiu.net\/wordpress\/wp-json\/wp\/v2\/types\/post"}],"author":[{"embeddable":true,"href":"https:\/\/www.radiopiu.net\/wordpress\/wp-json\/wp\/v2\/users\/4"}],"replies":[{"embeddable":true,"href":"https:\/\/www.radiopiu.net\/wordpress\/wp-json\/wp\/v2\/comments?post=437296"}],"version-history":[{"count":40,"href":"https:\/\/www.radiopiu.net\/wordpress\/wp-json\/wp\/v2\/posts\/437296\/revisions"}],"predecessor-version":[{"id":437620,"href":"https:\/\/www.radiopiu.net\/wordpress\/wp-json\/wp\/v2\/posts\/437296\/revisions\/437620"}],"wp:featuredmedia":[{"embeddable":true,"href":"https:\/\/www.radiopiu.net\/wordpress\/wp-json\/wp\/v2\/media\/437578"}],"wp:attachment":[{"href":"https:\/\/www.radiopiu.net\/wordpress\/wp-json\/wp\/v2\/media?parent=437296"}],"wp:term":[{"taxonomy":"category","embeddable":true,"href":"https:\/\/www.radiopiu.net\/wordpress\/wp-json\/wp\/v2\/categories?post=437296"},{"taxonomy":"post_tag","embeddable":true,"href":"https:\/\/www.radiopiu.net\/wordpress\/wp-json\/wp\/v2\/tags?post=437296"}],"curies":[{"name":"wp","href":"https:\/\/api.w.org\/{rel}","templated":true}]}}