{"id":437331,"date":"2025-03-01T11:13:56","date_gmt":"2025-03-01T10:13:56","guid":{"rendered":"https:\/\/www.radiopiu.net\/wordpress\/?p=437331"},"modified":"2025-03-01T11:13:56","modified_gmt":"2025-03-01T10:13:56","slug":"in-veneto-cala-la-popolazione-ma-cresce-il-numero-deli-ultra-ottantenni","status":"publish","type":"post","link":"https:\/\/www.radiopiu.net\/wordpress\/in-veneto-cala-la-popolazione-ma-cresce-il-numero-deli-ultra-ottantenni\/","title":{"rendered":"IN VENETO CALA LA POPOLAZIONE MA CRESCE IL NUMERO DELI ULTRA OTTANTENNI"},"content":{"rendered":"<p>*****<\/p>\n<p>&nbsp;<\/p>\n<p><strong><a class=\"dt-pswp-item\" href=\"https:\/\/www.radiopiu.net\/wordpress\/wp-content\/uploads\/2023\/03\/hand-2906425__340.jpg\" data-dt-img-description=\"\" data-large_image_width=\"510\" data-large_image_height=\"340\"><img loading=\"lazy\" decoding=\"async\" class=\" wp-image-326940 alignleft\" src=\"https:\/\/www.radiopiu.net\/wordpress\/wp-content\/uploads\/2023\/03\/hand-2906425__340-300x200.jpg\" alt=\"\" width=\"195\" height=\"130\" srcset=\"https:\/\/www.radiopiu.net\/wordpress\/wp-content\/uploads\/2023\/03\/hand-2906425__340-300x200.jpg 300w, https:\/\/www.radiopiu.net\/wordpress\/wp-content\/uploads\/2023\/03\/hand-2906425__340.jpg 510w\" sizes=\"auto, (max-width: 195px) 100vw, 195px\" \/><\/a>VENEZIA <\/strong>Il loro numero \u00e8 in costante e progressivo aumento rispetto a una popolazione in continua diminuzione. Eppure, a parte le dichiarazioni di circostanza e misure pressoch\u00e9 irrisorie (come la prestazione universale per i non autosufficienti), le esigenze degli over 80 sembrano non rientrare fra le priorit\u00e0 della politica. L\u2019analisi del sindacato dei pensionati (Spi) della Cgil regionale, che ha elaborato su base comunale i dati Istat, non lascia spazio a interpretazioni neanche nel nostro territorio. In Veneto gli ultra80enni sono 382.906\u00a0(61% donne, per lo pi\u00f9 vedove), il 7,6% della popolazione. Erano 306.202 dieci anni prima, nel 2014, il 5,7% dei residenti. Nella nostra regione, insomma, vivono 76 mila e 700 ottuagenari in pi\u00f9 rispetto a un decennio fa, mentre nello stesso arco di tempo la popolazione complessiva ha perso 53 mila e 500 abitanti.\u00a0 Ma cosa comporta tutto questo? \u00ab<i>Come diciamo sempre<\/i>\u00a0\u2013 commenta Massimo Cestaro, componente della segretaria dello Spi Cgil del Veneto \u2013 <i>l\u2019allungamento dell\u2019aspettativa di vita \u00e8 un fattore evidentemente positivo. Ma il fenomeno deve essere gestito. In primo luogo, per quanto concerne la <\/i><i>sanit\u00e0 territoriale<\/i><i>, che vorrebbe essere il fiore all\u2019occhiello della Regione ma ha evidenziato varie criticit\u00e0 e una chiara mancanza di programmazione, soprattutto dopo il Covid. Invecchiare \u00e8 positivo appunto, ma \u00e8 importante invecchiare \u201cbene\u201d. C\u2019\u00e8 poi il fondamentale tema dell\u2019assistenza, visto che <\/i><i>il 40% degli ultra80enni \u00e8 in parte o del tutto non autosufficiente<\/i><i>. Aggiungiamo il <\/i><i>pericolo isolamento<\/i><i>,\u00a0molto insidioso soprattutto nelle aree pi\u00f9 ostiche come quelle del Bellunese e del Rodigino ma anche nelle grandi citt\u00e0, che hanno visto scomparire, fra l\u2019altro, un numero cospicuo di negozi di vicinato, veri e propri presidi e punti di riferimento per i pi\u00f9 anziani. Riteniamo altres\u00ec fondamentali i progetti legati all\u2019<\/i><i>invecchiamento attivo<\/i><i>\u00a0che necessitano di risorse importanti e di un confronto costante fra Regione e realt\u00e0 di rappresentanza come la nostra. \u00c8 essenziale, infine, governare una <\/i><i>transizione tecnologica<\/i><i>\u00a0che per molti versi sta tagliando fuori e mettendo all\u2019angolo proprio le persone pi\u00f9 anziane<\/i>\u00bb. Lo Spi Cgil ha monitorato la presenza degli over 80 nei singoli comuni, facendo emergere realt\u00e0 molto diverse fra loro. La provincia di Belluno\u00a0guida la classifica con 17.753 grandi anziani, quasi il 9% della popolazione, con un incremento del 14% rispetto a dieci anni prima. Al secondo posto Venezia (8,6%)\u00a0dove per\u00f2 l\u2019aumento degli ultimi dieci anni \u00e8 molto rilevante: il numero di over 80 \u00e8 passato infatti da 56.277 a 70.166 unit\u00e0 (+27%). Rovigo \u00e8 terza, con una quota dell\u20198,5% anche se rispetto al 2014 il trend \u00e8 molto contenuto: +3,8%. Le quattro province rimanenti ospitano simili percentuali di ottuagenari, registrando comunque un vero e proprio boom rispetto a dieci anni prima, che tocca il proprio apice con il +31% del Vicentino. In tale contesto quella Bellunese \u00e8 ovviamente la provincia con i comuni pi\u00f9 \u201cvecchi\u201d della regione. In testa, Cibiana di Cadore, dove gli ultra80enni rappresentano il 15,3% dei residenti, anche se parliamo di una realt\u00e0 con un numero ridotto di abitanti. Segue nel vicentino Pedemonte (13,4%) ma \u201ctallonato\u201d da altri due comuni dolomitici: Lamon (13%) e Voltago Agordino (12,4%). Fra Vicenza e Padova, invece, si dividono i comuni pi\u00f9 giovani. Si va dall\u20194,42% di Zermeghedo (Vicenza) al 4,35% di Massanzago (Padova) fino ad arrivare al 4% di Gambugliano (Vicenza) che \u00e8 fanalino di coda della graduatoria, ma anche comune con soli 845 abitanti.<\/p>\n<p>&nbsp;<\/p>\n<p><strong>MASSIMO CESTARO, SEGRETARIO SPI CGIL VENETO<\/strong><\/p>\n<div style=\"width: 1200px;\" class=\"wp-video\"><video class=\"wp-video-shortcode\" id=\"video-437331-1\" width=\"1200\" height=\"675\" preload=\"metadata\" controls=\"controls\"><source type=\"video\/mp4\" src=\"https:\/\/www.radiopiu.net\/wordpress\/wp-content\/uploads\/2025\/03\/250301_spi-cgil_massimo-cestaro.mp4?_=1\" \/><a href=\"https:\/\/www.radiopiu.net\/wordpress\/wp-content\/uploads\/2025\/03\/250301_spi-cgil_massimo-cestaro.mp4\">https:\/\/www.radiopiu.net\/wordpress\/wp-content\/uploads\/2025\/03\/250301_spi-cgil_massimo-cestaro.mp4<\/a><\/video><\/div>\n<p>&nbsp;<\/p>\n<p>**********<\/p>\n","protected":false},"excerpt":{"rendered":"<p>***** &nbsp; VENEZIA Il loro numero \u00e8 in costante e progressivo aumento rispetto a una popolazione in continua diminuzione. Eppure, a parte le dichiarazioni di circostanza e misure pressoch\u00e9 irrisorie (come la prestazione universale per i non autosufficienti), le esigenze degli over 80 sembrano non rientrare fra le priorit\u00e0 della politica. L\u2019analisi del sindacato dei&hellip;<\/p>\n","protected":false},"author":4,"featured_media":326940,"comment_status":"closed","ping_status":"closed","sticky":false,"template":"","format":"standard","meta":{"_monsterinsights_skip_tracking":false,"_monsterinsights_sitenote_active":false,"_monsterinsights_sitenote_note":"","_monsterinsights_sitenote_category":0,"footnotes":""},"categories":[49],"tags":[],"class_list":["post-437331","post","type-post","status-publish","format-standard","has-post-thumbnail","hentry","category-news-18","category-49","description-off"],"img_url":"https:\/\/www.radiopiu.net\/wordpress\/wp-content\/uploads\/2023\/03\/hand-2906425__340.jpg","_links":{"self":[{"href":"https:\/\/www.radiopiu.net\/wordpress\/wp-json\/wp\/v2\/posts\/437331","targetHints":{"allow":["GET"]}}],"collection":[{"href":"https:\/\/www.radiopiu.net\/wordpress\/wp-json\/wp\/v2\/posts"}],"about":[{"href":"https:\/\/www.radiopiu.net\/wordpress\/wp-json\/wp\/v2\/types\/post"}],"author":[{"embeddable":true,"href":"https:\/\/www.radiopiu.net\/wordpress\/wp-json\/wp\/v2\/users\/4"}],"replies":[{"embeddable":true,"href":"https:\/\/www.radiopiu.net\/wordpress\/wp-json\/wp\/v2\/comments?post=437331"}],"version-history":[{"count":1,"href":"https:\/\/www.radiopiu.net\/wordpress\/wp-json\/wp\/v2\/posts\/437331\/revisions"}],"predecessor-version":[{"id":437336,"href":"https:\/\/www.radiopiu.net\/wordpress\/wp-json\/wp\/v2\/posts\/437331\/revisions\/437336"}],"wp:featuredmedia":[{"embeddable":true,"href":"https:\/\/www.radiopiu.net\/wordpress\/wp-json\/wp\/v2\/media\/326940"}],"wp:attachment":[{"href":"https:\/\/www.radiopiu.net\/wordpress\/wp-json\/wp\/v2\/media?parent=437331"}],"wp:term":[{"taxonomy":"category","embeddable":true,"href":"https:\/\/www.radiopiu.net\/wordpress\/wp-json\/wp\/v2\/categories?post=437331"},{"taxonomy":"post_tag","embeddable":true,"href":"https:\/\/www.radiopiu.net\/wordpress\/wp-json\/wp\/v2\/tags?post=437331"}],"curies":[{"name":"wp","href":"https:\/\/api.w.org\/{rel}","templated":true}]}}