{"id":437341,"date":"2025-03-01T12:52:28","date_gmt":"2025-03-01T11:52:28","guid":{"rendered":"https:\/\/www.radiopiu.net\/wordpress\/?p=437341"},"modified":"2025-03-01T12:52:28","modified_gmt":"2025-03-01T11:52:28","slug":"le-microimprese-pagano-lenergia-il-165-in-piu-delle-grandi-aziende","status":"publish","type":"post","link":"https:\/\/www.radiopiu.net\/wordpress\/le-microimprese-pagano-lenergia-il-165-in-piu-delle-grandi-aziende\/","title":{"rendered":"LE MICROIMPRESE PAGANO L\u2019ENERGIA IL 165% IN PIU\u2019 DELLE GRANDI AZIENDE"},"content":{"rendered":"<h3><strong>In Veneto sono oltre 303mila le persone in povert\u00e0 energetica<\/strong><\/h3>\n<p>Le microimprese \u2013 che costituiscono il 94 per cento del totale delle attivit\u00e0 economiche presenti nel Veneto in cui \u00e8 impiegato, al netto del pubblico impiego, il 39 per cento circa degli addetti regionali \u2013 nel primo semestre del 2024 hanno pagato l\u2019energia elettrica oltre due volte e mezzo in pi\u00f9 delle grandi imprese (pari al +164,7 per cento). Se agli artigiani, ai piccoli commercianti e alle piccolissime imprese con consumi inferiori ai 20 MWh all\u2019anno il costo ha raggiunto, al netto dell\u2019Iva, i 348,3 euro al MWh, le grandi imprese, con consumi che oscillano tra i 70mila e i 150mila MWh all\u2019anno, hanno pagato \u201csolo\u201d 131,6 euro al MWh (vedi Tab. 1). A denunciarlo \u00e8 l\u2019Ufficio studi della CGIA.<\/p>\n<p><strong>Abbiamo le bollette della luce pi\u00f9 care dell\u2019Eurozona<\/strong><br \/>\nA differenza degli altri Paesi dell\u2019Area dell\u2019Euro, il prezzo dell\u2019energia elettrica in capo alle nostre microimprese \u00e8 il pi\u00f9 alto di tutti. Se in Italia nel primo semestre del 2024 il costo in euro per MWh era di 348,3, la media dei 20 paesi monitorati dall\u2019Eurostat ha toccato i 294 euro (per l\u2019Italia \u00e8 il 18,5 per cento in pi\u00f9). Tra i nostri principali competitor, ad esempio, il costo per le piccolissime imprese \u00e8 superiore a quello tedesco del 5,8 per cento, al francese del 38 per cento e allo spagnolo del 43,2 per cento (vedi Tab. 2).<\/p>\n<p><strong>In tutta UE le micro pagano molto di pi\u00f9 delle big company<\/strong><br \/>\nLa disparit\u00e0 di prezzo che viene applicata tra le micro e le grandi imprese non \u00e8 una \u201cdistorsione\u201d solo italiana. Anche nel resto d\u2019Europa le differenze di costo premiano i grandi a discapito dei piccoli. Se, come dicevamo pi\u00f9 sopra, da noi le microimprese pagano l\u2019energia elettrica il 164,7 per cento in pi\u00f9 rispetto alle big company, in Germania il differenziale \u00e8 del +136,2 per cento, in Spagna del quasi +200 per cento e in Francia del +242 per cento (vedi Tab. 1). Detto ci\u00f2, va detto che rispetto ai nostri principali concorrenti, da noi il peso economico\/occupazionale delle micro imprese non ha eguali nel resto d\u2019Europa.<\/p>\n<p><strong>Perch\u00e9 in Italia i piccoli sono pi\u00f9 penalizzati<\/strong><\/p>\n<p>In merito alle tariffe dell\u2019energia elettrica, ad aver aumentato lo storico differenziale tra piccole e grandi imprese ha contribuito l\u2019entrata in vigore nel 2018 della riforma degli energivori. L\u2019effetto prodotto da questa novit\u00e0 legislativa, che prevede un costo agevolato dell\u2019energia elettrica per le grandi industrie, di fatto ha ridotto notevolmente a queste ultime la voce \u201ctasse e oneri\u201d, ridistribuendone il carico a tutte le altre categorie di imprese escluse dalle agevolazioni. E\u2019 altres\u00ec vero che, a seguito delle misure messe in campo successivamente dal Governo Draghi, questo gap si \u00e8 ridotto. Va altres\u00ec ricordato che nel mercato libero le offerte di prezzo possono interessare solo la componente energia; le altre voci di spesa &#8211; come le spese di trasporto, gli oneri di sistema, la gestione del contatore etc. &#8211; sono stabilite periodicamente dall\u2019Autorit\u00e0 per l\u2019Energia e sono uguali per tutti i fornitori.<\/p>\n<p><strong>Incidono le tasse e gli oneri<\/strong><br \/>\nRispetto agli altri paesi europei, ad appesantire le nostre bollette della luce sono, in particolare, il peso delle tasse e degli oneri che da noi incide, sul costo al MWh, per il 18,4 per cento, contro il 14,7 in Germania e il 3,5 in Francia. L\u2019incidenza media presente nell\u2019Eurozona \u00e8 del 9,6, poco meno della met\u00e0 della quota presente in Italia (vedi Tab. 3). Se poi la comparazione la facciamo tra piccolissime e grandi imprese italiane, con il costo totale dell\u2019energia elettrica pari a 100, l\u2019incidenza delle tasse\/oneri e anche dei costi di rete in capo alle micro \u00e8 tre volte superiore a quella riconducibile alle grandi realt\u00e0 produttive (vedi Graf. 1).<\/p>\n<p><strong>Nel 2024 prezzi del gas e dell\u2019energia in calo, ma in ripresa nel 2025<\/strong><br \/>\nRispetto ai dati medi registrati nel 2023, l\u2019anno scorso sia il prezzo del gas (-13,8 per cento) sia quello dell\u2019energia elettrica (-14,6 per cento) hanno subito una sensibile contrazione (vedi Tab. 4). Tuttavia, a partire dagli ultimi mesi del 2024 sino ad oggi, i prezzi sono tornati a salire costantemente; la media dei primi 25 giorni di questo mese ci segnalano che il costo medio del gas naturale ha toccato i 54 euro per MWh (vedi Graf. 2), mentre quello dell\u2019energia ha raggiunto i 152 euro per MWh (vedi Graf. 3). Se confrontiamo questi dati con quelli relativi allo stesso mese del 2024, il primo \u00e8 cresciuto del +93 per cento, il secondo del +73 per cento. Certo, nulla a che vedere con i picchi massimi toccati ad agosto del 2022 quando il gas raggiunse i 233 euro e l\u2019energia elettrica i 543 euro.<\/p>\n<p><strong>In Veneto le persone in Povert\u00e0 Energetica (PE) sono 303mila<\/strong><br \/>\nSono quasi 2,4 milioni le famiglie italiane in povert\u00e0 energetica (PE). Stiamo parlando di 5,3 milioni di persone che nel 2023 vivevano in abitazioni poco salubri, scarsamente riscaldate d\u2019inverno, poco raffrescate d\u2019estate, con livelli di illuminazione scadenti e con un utilizzo molto contenuto dei principali elettrodomestici bianchi. I nuclei familiari pi\u00f9 a rischio sono costituiti da un elevato numero di persone, che si trovano in condizioni di disagio economico e le abitazioni in cui vivono sono in cattivo stato di conservazione. A livello territoriale la situazione pi\u00f9 critica si verifica in Calabria, dove il 19,1 per cento delle famiglie, composte da 348.794 individui, si trovava in condizioni di PE. Seguono la Basilicata (17,8 per cento) il Molise (17,6 per cento), la Puglia (17,4 per cento) e la Sicilia (14,2 per cento). In Veneto le famiglie coinvolte sono quasi 135mila (6,3 per cento del totale), pari a poco pi\u00f9 303.600 persone coinvolte (vedi Tab. 5). Va segnalato che la media Italia dell\u2019incidenza percentuale delle famiglie in PE era pari a 9. A dirlo \u00e8 l\u2019Ufficio studi della CGIA che ha elaborato i dati estrapolati dal Rapporto OIPE 2023.<\/p>\n<p><strong>Identikit del capofamiglia in PE: disoccupato, pensionato o autonomo<\/strong><br \/>\nLe principali condizioni professionali del capofamiglia che si trova in PE sono, in linea di massima, tre: disoccupato, pensionato solo e in molti casi, sottolinea la CGIA, quando lavora lo fa come autonomo. Va infine sottolineato che i nuclei pi\u00f9 a rischio PE, soprattutto nel Sud, sono quelli che utilizzano il gas quale principale fonte di riscaldamento. Coloro che invece utilizzano altri combustibili (bombole a gas, pellet, gasolio, legna, kerosene, etc.), presentano valori percentuali di rischio pi\u00f9 contenuti.<\/p>\n\n\t\t\t<style type='text\/css'>\n\t\t\t\t#gallery-1 {\n\t\t\t\t\tmargin: auto;\n\t\t\t\t}\n\t\t\t\t#gallery-1 .gallery-item {\n\t\t\t\t\tfloat: left;\n\t\t\t\t\tmargin-top: 10px;\n\t\t\t\t\ttext-align: center;\n\t\t\t\t\twidth: 33%;\n\t\t\t\t}\n\t\t\t\t#gallery-1 img {\n\t\t\t\t\tborder: 2px solid #cfcfcf;\n\t\t\t\t}\n\t\t\t\t#gallery-1 .gallery-caption {\n\t\t\t\t\tmargin-left: 0;\n\t\t\t\t}\n\t\t\t\t\/* see gallery_shortcode() in wp-includes\/media.php *\/\n\t\t\t<\/style>\n\t\t<div id='gallery-1' class='dt-gallery-container gallery galleryid-437341 gallery-columns-3 gallery-size-medium'><dl class='gallery-item'>\n\t\t\t\t<dt class='gallery-icon portrait'>\n\t\t\t\t\t<a class=\"rollover rollover-zoom dt-pswp-item\" title=\"20250301124533\" data-dt-img-description=\"\" data-large_image_width=\"643\" data-large_image_height=\"664\"href='https:\/\/www.radiopiu.net\/wordpress\/wp-content\/uploads\/2025\/03\/20250301124533.png'><img loading=\"lazy\" decoding=\"async\" width=\"291\" height=\"300\" src=\"https:\/\/www.radiopiu.net\/wordpress\/wp-content\/uploads\/2025\/03\/20250301124533-291x300.png\" class=\"attachment-medium size-medium\" alt=\"\" srcset=\"https:\/\/www.radiopiu.net\/wordpress\/wp-content\/uploads\/2025\/03\/20250301124533-291x300.png 291w, https:\/\/www.radiopiu.net\/wordpress\/wp-content\/uploads\/2025\/03\/20250301124533.png 643w\" sizes=\"auto, (max-width: 291px) 100vw, 291px\" \/><\/a>\n\t\t\t\t<\/dt><\/dl><dl class='gallery-item'>\n\t\t\t\t<dt class='gallery-icon portrait'>\n\t\t\t\t\t<a class=\"rollover rollover-zoom dt-pswp-item\" title=\"20250301124557\" data-dt-img-description=\"\" data-large_image_width=\"614\" data-large_image_height=\"707\"href='https:\/\/www.radiopiu.net\/wordpress\/wp-content\/uploads\/2025\/03\/20250301124557.png'><img loading=\"lazy\" decoding=\"async\" width=\"261\" height=\"300\" src=\"https:\/\/www.radiopiu.net\/wordpress\/wp-content\/uploads\/2025\/03\/20250301124557-261x300.png\" class=\"attachment-medium size-medium\" alt=\"\" srcset=\"https:\/\/www.radiopiu.net\/wordpress\/wp-content\/uploads\/2025\/03\/20250301124557-261x300.png 261w, https:\/\/www.radiopiu.net\/wordpress\/wp-content\/uploads\/2025\/03\/20250301124557.png 614w\" sizes=\"auto, (max-width: 261px) 100vw, 261px\" \/><\/a>\n\t\t\t\t<\/dt><\/dl><dl class='gallery-item'>\n\t\t\t\t<dt class='gallery-icon landscape'>\n\t\t\t\t\t<a class=\"rollover rollover-zoom dt-pswp-item\" title=\"20250301124619\" data-dt-img-description=\"\" data-large_image_width=\"483\" data-large_image_height=\"360\"href='https:\/\/www.radiopiu.net\/wordpress\/wp-content\/uploads\/2025\/03\/20250301124619.png'><img loading=\"lazy\" decoding=\"async\" width=\"300\" height=\"224\" src=\"https:\/\/www.radiopiu.net\/wordpress\/wp-content\/uploads\/2025\/03\/20250301124619-300x224.png\" class=\"attachment-medium size-medium\" alt=\"\" srcset=\"https:\/\/www.radiopiu.net\/wordpress\/wp-content\/uploads\/2025\/03\/20250301124619-300x224.png 300w, https:\/\/www.radiopiu.net\/wordpress\/wp-content\/uploads\/2025\/03\/20250301124619.png 483w\" sizes=\"auto, (max-width: 300px) 100vw, 300px\" \/><\/a>\n\t\t\t\t<\/dt><\/dl><br style=\"clear: both\" \/><dl class='gallery-item'>\n\t\t\t\t<dt class='gallery-icon landscape'>\n\t\t\t\t\t<a class=\"rollover rollover-zoom dt-pswp-item\" title=\"20250301124705\" data-dt-img-description=\"\" data-large_image_width=\"642\" data-large_image_height=\"382\"href='https:\/\/www.radiopiu.net\/wordpress\/wp-content\/uploads\/2025\/03\/20250301124705.png'><img loading=\"lazy\" decoding=\"async\" width=\"300\" height=\"179\" src=\"https:\/\/www.radiopiu.net\/wordpress\/wp-content\/uploads\/2025\/03\/20250301124705-300x179.png\" class=\"attachment-medium size-medium\" alt=\"\" srcset=\"https:\/\/www.radiopiu.net\/wordpress\/wp-content\/uploads\/2025\/03\/20250301124705-300x179.png 300w, https:\/\/www.radiopiu.net\/wordpress\/wp-content\/uploads\/2025\/03\/20250301124705.png 642w\" sizes=\"auto, (max-width: 300px) 100vw, 300px\" \/><\/a>\n\t\t\t\t<\/dt><\/dl><dl class='gallery-item'>\n\t\t\t\t<dt class='gallery-icon portrait'>\n\t\t\t\t\t<a class=\"rollover rollover-zoom dt-pswp-item\" title=\"20250301124751\" data-dt-img-description=\"\" data-large_image_width=\"644\" data-large_image_height=\"719\"href='https:\/\/www.radiopiu.net\/wordpress\/wp-content\/uploads\/2025\/03\/20250301124751.png'><img loading=\"lazy\" decoding=\"async\" width=\"269\" height=\"300\" src=\"https:\/\/www.radiopiu.net\/wordpress\/wp-content\/uploads\/2025\/03\/20250301124751-269x300.png\" class=\"attachment-medium size-medium\" alt=\"\" srcset=\"https:\/\/www.radiopiu.net\/wordpress\/wp-content\/uploads\/2025\/03\/20250301124751-269x300.png 269w, https:\/\/www.radiopiu.net\/wordpress\/wp-content\/uploads\/2025\/03\/20250301124751.png 644w\" sizes=\"auto, (max-width: 269px) 100vw, 269px\" \/><\/a>\n\t\t\t\t<\/dt><\/dl><dl class='gallery-item'>\n\t\t\t\t<dt class='gallery-icon portrait'>\n\t\t\t\t\t<a class=\"rollover rollover-zoom dt-pswp-item\" title=\"20250301124646\" data-dt-img-description=\"\" data-large_image_width=\"636\" data-large_image_height=\"674\"href='https:\/\/www.radiopiu.net\/wordpress\/wp-content\/uploads\/2025\/03\/20250301124646.png'><img loading=\"lazy\" decoding=\"async\" width=\"283\" height=\"300\" src=\"https:\/\/www.radiopiu.net\/wordpress\/wp-content\/uploads\/2025\/03\/20250301124646-283x300.png\" class=\"attachment-medium size-medium\" alt=\"\" srcset=\"https:\/\/www.radiopiu.net\/wordpress\/wp-content\/uploads\/2025\/03\/20250301124646-283x300.png 283w, https:\/\/www.radiopiu.net\/wordpress\/wp-content\/uploads\/2025\/03\/20250301124646.png 636w\" sizes=\"auto, (max-width: 283px) 100vw, 283px\" \/><\/a>\n\t\t\t\t<\/dt><\/dl><br style=\"clear: both\" \/><dl class='gallery-item'>\n\t\t\t\t<dt class='gallery-icon landscape'>\n\t\t\t\t\t<a class=\"rollover rollover-zoom dt-pswp-item\" title=\"20250301124720\" data-dt-img-description=\"\" data-large_image_width=\"648\" data-large_image_height=\"350\"href='https:\/\/www.radiopiu.net\/wordpress\/wp-content\/uploads\/2025\/03\/20250301124720.png'><img loading=\"lazy\" decoding=\"async\" width=\"300\" height=\"162\" src=\"https:\/\/www.radiopiu.net\/wordpress\/wp-content\/uploads\/2025\/03\/20250301124720-300x162.png\" class=\"attachment-medium size-medium\" alt=\"\" srcset=\"https:\/\/www.radiopiu.net\/wordpress\/wp-content\/uploads\/2025\/03\/20250301124720-300x162.png 300w, https:\/\/www.radiopiu.net\/wordpress\/wp-content\/uploads\/2025\/03\/20250301124720.png 648w\" sizes=\"auto, (max-width: 300px) 100vw, 300px\" \/><\/a>\n\t\t\t\t<\/dt><\/dl><dl class='gallery-item'>\n\t\t\t\t<dt class='gallery-icon landscape'>\n\t\t\t\t\t<a class=\"rollover rollover-zoom dt-pswp-item\" title=\"20250301124735\" data-dt-img-description=\"\" data-large_image_width=\"652\" data-large_image_height=\"336\"href='https:\/\/www.radiopiu.net\/wordpress\/wp-content\/uploads\/2025\/03\/20250301124735.png'><img loading=\"lazy\" decoding=\"async\" width=\"300\" height=\"155\" src=\"https:\/\/www.radiopiu.net\/wordpress\/wp-content\/uploads\/2025\/03\/20250301124735-300x155.png\" class=\"attachment-medium size-medium\" alt=\"\" srcset=\"https:\/\/www.radiopiu.net\/wordpress\/wp-content\/uploads\/2025\/03\/20250301124735-300x155.png 300w, https:\/\/www.radiopiu.net\/wordpress\/wp-content\/uploads\/2025\/03\/20250301124735.png 652w\" sizes=\"auto, (max-width: 300px) 100vw, 300px\" \/><\/a>\n\t\t\t\t<\/dt><\/dl>\n\t\t\t\t<br style='clear: both' \/>\n\t\t\t<\/div>\n\n","protected":false},"excerpt":{"rendered":"<p>In Veneto sono oltre 303mila le persone in povert\u00e0 energetica Le microimprese \u2013 che costituiscono il 94 per cento del totale delle attivit\u00e0 economiche presenti nel Veneto in cui \u00e8 impiegato, al netto del pubblico impiego, il 39 per cento circa degli addetti regionali \u2013 nel primo semestre del 2024 hanno pagato l\u2019energia elettrica oltre&hellip;<\/p>\n","protected":false},"author":2,"featured_media":437352,"comment_status":"closed","ping_status":"closed","sticky":false,"template":"","format":"standard","meta":{"_monsterinsights_skip_tracking":false,"_monsterinsights_sitenote_active":false,"_monsterinsights_sitenote_note":"","_monsterinsights_sitenote_category":0,"footnotes":""},"categories":[49],"tags":[],"class_list":["post-437341","post","type-post","status-publish","format-standard","has-post-thumbnail","hentry","category-news-18","category-49","description-off"],"img_url":"https:\/\/www.radiopiu.net\/wordpress\/wp-content\/uploads\/2025\/03\/2150061818.jpg","_links":{"self":[{"href":"https:\/\/www.radiopiu.net\/wordpress\/wp-json\/wp\/v2\/posts\/437341","targetHints":{"allow":["GET"]}}],"collection":[{"href":"https:\/\/www.radiopiu.net\/wordpress\/wp-json\/wp\/v2\/posts"}],"about":[{"href":"https:\/\/www.radiopiu.net\/wordpress\/wp-json\/wp\/v2\/types\/post"}],"author":[{"embeddable":true,"href":"https:\/\/www.radiopiu.net\/wordpress\/wp-json\/wp\/v2\/users\/2"}],"replies":[{"embeddable":true,"href":"https:\/\/www.radiopiu.net\/wordpress\/wp-json\/wp\/v2\/comments?post=437341"}],"version-history":[{"count":1,"href":"https:\/\/www.radiopiu.net\/wordpress\/wp-json\/wp\/v2\/posts\/437341\/revisions"}],"predecessor-version":[{"id":437353,"href":"https:\/\/www.radiopiu.net\/wordpress\/wp-json\/wp\/v2\/posts\/437341\/revisions\/437353"}],"wp:featuredmedia":[{"embeddable":true,"href":"https:\/\/www.radiopiu.net\/wordpress\/wp-json\/wp\/v2\/media\/437352"}],"wp:attachment":[{"href":"https:\/\/www.radiopiu.net\/wordpress\/wp-json\/wp\/v2\/media?parent=437341"}],"wp:term":[{"taxonomy":"category","embeddable":true,"href":"https:\/\/www.radiopiu.net\/wordpress\/wp-json\/wp\/v2\/categories?post=437341"},{"taxonomy":"post_tag","embeddable":true,"href":"https:\/\/www.radiopiu.net\/wordpress\/wp-json\/wp\/v2\/tags?post=437341"}],"curies":[{"name":"wp","href":"https:\/\/api.w.org\/{rel}","templated":true}]}}