{"id":437370,"date":"2025-03-01T20:12:06","date_gmt":"2025-03-01T19:12:06","guid":{"rendered":"https:\/\/www.radiopiu.net\/wordpress\/?p=437370"},"modified":"2025-03-01T20:58:37","modified_gmt":"2025-03-01T19:58:37","slug":"roberto-chissale-quattro-volti-di-un-uomo-straordinario","status":"publish","type":"post","link":"https:\/\/www.radiopiu.net\/wordpress\/roberto-chissale-quattro-volti-di-un-uomo-straordinario\/","title":{"rendered":"Roberto Chissal\u00e8: quattro volti di un uomo straordinario"},"content":{"rendered":"<div class=\"flex max-w-full flex-col flex-grow\">\n<div class=\"min-h-8 text-message flex w-full flex-col items-end gap-2 whitespace-normal break-words text-start [.text-message+&amp;]:mt-5\" dir=\"auto\" data-message-author-role=\"assistant\" data-message-id=\"4a8ca5d2-a6f0-43d1-b1d5-be047ddc41da\" data-message-model-slug=\"gpt-4o\">\n<div class=\"flex w-full flex-col gap-1 empty:hidden first:pt-[3px]\">\n<div class=\"markdown prose w-full break-words dark:prose-invert dark\">\n<p data-start=\"68\" data-end=\"345\">**<\/p>\n<p data-start=\"68\" data-end=\"345\"><strong data-start=\"68\" data-end=\"80\"><a class=\"dt-pswp-item\" href=\"https:\/\/www.radiopiu.net\/wordpress\/wp-content\/uploads\/2019\/01\/CHISSALE-ROBERTO-300x177.jpg\" data-dt-img-description=\"\" data-large_image_width=\"300\" data-large_image_height=\"177\"><img loading=\"lazy\" decoding=\"async\" class=\"size-medium wp-image-72074 alignleft\" src=\"https:\/\/www.radiopiu.net\/wordpress\/wp-content\/uploads\/2019\/01\/CHISSALE-ROBERTO-300x177-300x177.jpg\" alt=\"\" width=\"300\" height=\"177\" \/><\/a>AGORDO \u2013<\/strong> Ci sono persone che lasciano il segno nelle comunit\u00e0 in cui vivono, e <strong data-start=\"151\" data-end=\"171\">Roberto Chissal\u00e8<\/strong> \u00e8 senza dubbio una di queste. Chi ha avuto la fortuna di conoscerlo, sa bene che dietro il suo nome si nascondono <strong data-start=\"286\" data-end=\"342\">quattro anime diverse, unite da passione e dedizione<\/strong>. Classe &#8217;64, gran classe e gran coscritto sia in veste di organizzatore di cene, gite con spirito costantemente festaiolo<\/p>\n<p data-start=\"347\" data-end=\"635\">Il primo <strong data-start=\"356\" data-end=\"369\">Robertino<\/strong> \u00e8 quello di un ragazzino con il sogno del calcio. Un giovane che amava tirare calci a un pallone, con due grandi passioni: il <strong data-start=\"496\" data-end=\"508\">Le Ville<\/strong>, societ\u00e0 che lo ha visto crescere fino a diventare presidente, e il neroazzurro dell\u2019<strong data-start=\"594\" data-end=\"603\">Inter<\/strong>, fede calcistica mai tradita.<\/p>\n<p data-start=\"637\" data-end=\"931\">Poi c\u2019\u00e8 il <strong data-start=\"648\" data-end=\"693\">Roberto consigliere comunale di minoranza<\/strong>, capace di scaldare i dibattiti\u00a0 anche alzando\u00a0 la voce, ma con la fermezza di chi crede nelle proprie idee. Quando le discussioni si accendevano, diventava rosso come un peperone maturo, segno di un impegno sincero e mai di facciata soprattutto se negli ordini del giorno c&#8217;erano temi importanti: agricoltura, allevamento, area Dolomitibus, Caserma Alpini&#8230; polo scolastico.<\/p>\n<p data-start=\"933\" data-end=\"1100\"><a class=\"dt-pswp-item\" href=\"https:\/\/www.radiopiu.net\/wordpress\/wp-content\/uploads\/2022\/05\/ROBERTO-CHISSALE.png\" data-dt-img-description=\"ROBERTO CHISSALE' SINDACO\" data-large_image_width=\"1226\" data-large_image_height=\"906\"><img loading=\"lazy\" decoding=\"async\" class=\"size-medium wp-image-275111 alignright\" src=\"https:\/\/www.radiopiu.net\/wordpress\/wp-content\/uploads\/2022\/05\/ROBERTO-CHISSALE-300x222.png\" alt=\"\" width=\"300\" height=\"222\" srcset=\"https:\/\/www.radiopiu.net\/wordpress\/wp-content\/uploads\/2022\/05\/ROBERTO-CHISSALE-300x222.png 300w, https:\/\/www.radiopiu.net\/wordpress\/wp-content\/uploads\/2022\/05\/ROBERTO-CHISSALE-1024x757.png 1024w, https:\/\/www.radiopiu.net\/wordpress\/wp-content\/uploads\/2022\/05\/ROBERTO-CHISSALE-768x568.png 768w, https:\/\/www.radiopiu.net\/wordpress\/wp-content\/uploads\/2022\/05\/ROBERTO-CHISSALE.png 1226w\" sizes=\"auto, (max-width: 300px) 100vw, 300px\" \/><\/a>Non si pu\u00f2 dimenticare il <strong data-start=\"959\" data-end=\"1005\">Signor Roberto Chissal\u00e8, Sindaco di Agordo<\/strong>, (g\u00ec\u00e0 consigliere provinciale) un uomo stimato e rispettato, che\u00a0 guida il paese con seriet\u00e0 e amore per la sua terra.<\/p>\n<p data-start=\"1102\" data-end=\"1380\">E infine, l\u2019ultimo volto di Roberto: il <strong data-start=\"1142\" data-end=\"1160\">professionista<\/strong>, lavoratore instancabile di <strong data-start=\"1189\" data-end=\"1206\">Veneto Strade<\/strong>, impegnato dall\u2019alba al tramonto sulle strade dell&#8217;Agordino. <strong data-start=\"1277\" data-end=\"1297\">L\u2019uomo della 203, della 347 e delle strade comunali<\/strong>, sempre pronto a intervenire, un punto di riferimento anche per noi della Radio e non solo nelle ore di Vaia.<\/p>\n<p data-start=\"1382\" data-end=\"1618\">Oggi \u00e8 tempo di saluti, perch\u00e9 <strong data-start=\"1413\" data-end=\"1439\">Roberto va in pensione<\/strong>. Ma chi lo conosce sa che il suo spirito operoso non si ferma certo con il lavoro: stamattina, infatti, era gi\u00e0 lungo la tangenziale, a &#8220;mettere il sale sulla coda ai cavalli&#8221;.<\/p>\n<p data-start=\"1620\" data-end=\"1676\" data-is-last-node=\"\">Grazie di tutto, Roberto. <strong data-start=\"1646\" data-end=\"1676\" data-is-last-node=\"\">Buona pensione, vecchione!<\/strong><\/p>\n<\/div>\n<\/div>\n<\/div>\n<\/div>\n<div class=\"mb-2 flex gap-3 empty:hidden -ml-2\">\n<div class=\"items-center justify-start rounded-xl p-1 flex\">\n<div class=\"flex items-center\">\n\n\t\t\t<style type='text\/css'>\n\t\t\t\t#gallery-1 {\n\t\t\t\t\tmargin: auto;\n\t\t\t\t}\n\t\t\t\t#gallery-1 .gallery-item {\n\t\t\t\t\tfloat: left;\n\t\t\t\t\tmargin-top: 10px;\n\t\t\t\t\ttext-align: center;\n\t\t\t\t\twidth: 25%;\n\t\t\t\t}\n\t\t\t\t#gallery-1 img {\n\t\t\t\t\tborder: 2px solid #cfcfcf;\n\t\t\t\t}\n\t\t\t\t#gallery-1 .gallery-caption {\n\t\t\t\t\tmargin-left: 0;\n\t\t\t\t}\n\t\t\t\t\/* see gallery_shortcode() in wp-includes\/media.php *\/\n\t\t\t<\/style>\n\t\t<div id='gallery-1' class='dt-gallery-container gallery galleryid-437370 gallery-columns-4 gallery-size-medium'><dl class='gallery-item'>\n\t\t\t\t<dt class='gallery-icon portrait'>\n\t\t\t\t\t<a class=\"rollover rollover-zoom dt-pswp-item\" title=\"roberto_chissale\" data-dt-img-description=\"\" data-large_image_width=\"160\" data-large_image_height=\"240\"href='https:\/\/www.radiopiu.net\/wordpress\/wp-content\/uploads\/2025\/03\/roberto_chissale-1.jpg'><img loading=\"lazy\" decoding=\"async\" width=\"160\" height=\"240\" src=\"https:\/\/www.radiopiu.net\/wordpress\/wp-content\/uploads\/2025\/03\/roberto_chissale-1.jpg\" class=\"attachment-medium size-medium\" alt=\"\" \/><\/a>\n\t\t\t\t<\/dt><\/dl><dl class='gallery-item'>\n\t\t\t\t<dt class='gallery-icon landscape'>\n\t\t\t\t\t<a class=\"rollover rollover-zoom dt-pswp-item\" title=\"OLYMPUS DIGITAL CAMERA\" data-dt-img-description=\"\" data-large_image_width=\"1280\" data-large_image_height=\"960\"href='https:\/\/www.radiopiu.net\/wordpress\/wp-content\/uploads\/2025\/03\/roberto-chissale-allenatore-CM-AGORDO-1.jpg'><img loading=\"lazy\" decoding=\"async\" width=\"300\" height=\"225\" src=\"https:\/\/www.radiopiu.net\/wordpress\/wp-content\/uploads\/2025\/03\/roberto-chissale-allenatore-CM-AGORDO-1-300x225.jpg\" class=\"attachment-medium size-medium\" alt=\"\" aria-describedby=\"gallery-1-437385\" srcset=\"https:\/\/www.radiopiu.net\/wordpress\/wp-content\/uploads\/2025\/03\/roberto-chissale-allenatore-CM-AGORDO-1-300x225.jpg 300w, https:\/\/www.radiopiu.net\/wordpress\/wp-content\/uploads\/2025\/03\/roberto-chissale-allenatore-CM-AGORDO-1-1024x768.jpg 1024w, https:\/\/www.radiopiu.net\/wordpress\/wp-content\/uploads\/2025\/03\/roberto-chissale-allenatore-CM-AGORDO-1-768x576.jpg 768w, https:\/\/www.radiopiu.net\/wordpress\/wp-content\/uploads\/2025\/03\/roberto-chissale-allenatore-CM-AGORDO-1.jpg 1280w\" sizes=\"auto, (max-width: 300px) 100vw, 300px\" \/><\/a>\n\t\t\t\t<\/dt>\n\t\t\t\t\t<dd class='wp-caption-text gallery-caption' id='gallery-1-437385'>\n\t\t\t\t\tOLYMPUS DIGITAL CAMERA\n\t\t\t\t\t<\/dd><\/dl><dl class='gallery-item'>\n\t\t\t\t<dt class='gallery-icon landscape'>\n\t\t\t\t\t<a class=\"rollover rollover-zoom dt-pswp-item\" title=\"OLYMPUS DIGITAL CAMERA\" data-dt-img-description=\"\" data-large_image_width=\"1280\" data-large_image_height=\"960\"href='https:\/\/www.radiopiu.net\/wordpress\/wp-content\/uploads\/2025\/03\/agordo-sport-roberto-chissale-1.jpg'><img loading=\"lazy\" decoding=\"async\" width=\"300\" height=\"225\" src=\"https:\/\/www.radiopiu.net\/wordpress\/wp-content\/uploads\/2025\/03\/agordo-sport-roberto-chissale-1-300x225.jpg\" class=\"attachment-medium size-medium\" alt=\"\" aria-describedby=\"gallery-1-437384\" srcset=\"https:\/\/www.radiopiu.net\/wordpress\/wp-content\/uploads\/2025\/03\/agordo-sport-roberto-chissale-1-300x225.jpg 300w, https:\/\/www.radiopiu.net\/wordpress\/wp-content\/uploads\/2025\/03\/agordo-sport-roberto-chissale-1-1024x768.jpg 1024w, https:\/\/www.radiopiu.net\/wordpress\/wp-content\/uploads\/2025\/03\/agordo-sport-roberto-chissale-1-768x576.jpg 768w, https:\/\/www.radiopiu.net\/wordpress\/wp-content\/uploads\/2025\/03\/agordo-sport-roberto-chissale-1.jpg 1280w\" sizes=\"auto, (max-width: 300px) 100vw, 300px\" \/><\/a>\n\t\t\t\t<\/dt>\n\t\t\t\t\t<dd class='wp-caption-text gallery-caption' id='gallery-1-437384'>\n\t\t\t\t\tOLYMPUS DIGITAL CAMERA\n\t\t\t\t\t<\/dd><\/dl><dl class='gallery-item'>\n\t\t\t\t<dt class='gallery-icon landscape'>\n\t\t\t\t\t<a class=\"rollover rollover-zoom dt-pswp-item\" title=\"REOLON_PIO_CHISSALE_GASPARI_A_TISER_2006 (1)\" data-dt-img-description=\"\" data-large_image_width=\"640\" data-large_image_height=\"480\"href='https:\/\/www.radiopiu.net\/wordpress\/wp-content\/uploads\/2025\/03\/REOLON_PIO_CHISSALE_GASPARI_A_TISER_2006-1-1.jpg'><img loading=\"lazy\" decoding=\"async\" width=\"300\" height=\"225\" src=\"https:\/\/www.radiopiu.net\/wordpress\/wp-content\/uploads\/2025\/03\/REOLON_PIO_CHISSALE_GASPARI_A_TISER_2006-1-1-300x225.jpg\" class=\"attachment-medium size-medium\" alt=\"\" srcset=\"https:\/\/www.radiopiu.net\/wordpress\/wp-content\/uploads\/2025\/03\/REOLON_PIO_CHISSALE_GASPARI_A_TISER_2006-1-1-300x225.jpg 300w, https:\/\/www.radiopiu.net\/wordpress\/wp-content\/uploads\/2025\/03\/REOLON_PIO_CHISSALE_GASPARI_A_TISER_2006-1-1.jpg 640w\" sizes=\"auto, (max-width: 300px) 100vw, 300px\" \/><\/a>\n\t\t\t\t<\/dt><\/dl><br style=\"clear: both\" \/><dl class='gallery-item'>\n\t\t\t\t<dt class='gallery-icon landscape'>\n\t\t\t\t\t<a class=\"rollover rollover-zoom dt-pswp-item\" title=\"KONICA MINOLTA DIGITAL CAMERA\" data-dt-img-description=\"\" data-large_image_width=\"2560\" data-large_image_height=\"1920\"href='https:\/\/www.radiopiu.net\/wordpress\/wp-content\/uploads\/2025\/03\/mirko_gavaz_ramazzina_trento_Harder_stalliviere_farenzena_chissale_De-Nardin_Benvegnu_savaris_-3-1.jpg'><img loading=\"lazy\" decoding=\"async\" width=\"300\" height=\"225\" src=\"https:\/\/www.radiopiu.net\/wordpress\/wp-content\/uploads\/2025\/03\/mirko_gavaz_ramazzina_trento_Harder_stalliviere_farenzena_chissale_De-Nardin_Benvegnu_savaris_-3-1-300x225.jpg\" class=\"attachment-medium size-medium\" alt=\"\" aria-describedby=\"gallery-1-437381\" srcset=\"https:\/\/www.radiopiu.net\/wordpress\/wp-content\/uploads\/2025\/03\/mirko_gavaz_ramazzina_trento_Harder_stalliviere_farenzena_chissale_De-Nardin_Benvegnu_savaris_-3-1-300x225.jpg 300w, https:\/\/www.radiopiu.net\/wordpress\/wp-content\/uploads\/2025\/03\/mirko_gavaz_ramazzina_trento_Harder_stalliviere_farenzena_chissale_De-Nardin_Benvegnu_savaris_-3-1-1024x768.jpg 1024w, https:\/\/www.radiopiu.net\/wordpress\/wp-content\/uploads\/2025\/03\/mirko_gavaz_ramazzina_trento_Harder_stalliviere_farenzena_chissale_De-Nardin_Benvegnu_savaris_-3-1-768x576.jpg 768w, https:\/\/www.radiopiu.net\/wordpress\/wp-content\/uploads\/2025\/03\/mirko_gavaz_ramazzina_trento_Harder_stalliviere_farenzena_chissale_De-Nardin_Benvegnu_savaris_-3-1-1536x1152.jpg 1536w, https:\/\/www.radiopiu.net\/wordpress\/wp-content\/uploads\/2025\/03\/mirko_gavaz_ramazzina_trento_Harder_stalliviere_farenzena_chissale_De-Nardin_Benvegnu_savaris_-3-1-2048x1536.jpg 2048w\" sizes=\"auto, (max-width: 300px) 100vw, 300px\" \/><\/a>\n\t\t\t\t<\/dt>\n\t\t\t\t\t<dd class='wp-caption-text gallery-caption' id='gallery-1-437381'>\n\t\t\t\t\tKONICA MINOLTA DIGITAL CAMERA\n\t\t\t\t\t<\/dd><\/dl><dl class='gallery-item'>\n\t\t\t\t<dt class='gallery-icon landscape'>\n\t\t\t\t\t<a class=\"rollover rollover-zoom dt-pswp-item\" title=\"OLYMPUS DIGITAL CAMERA\" data-dt-img-description=\"\" data-large_image_width=\"1280\" data-large_image_height=\"960\"href='https:\/\/www.radiopiu.net\/wordpress\/wp-content\/uploads\/2025\/03\/giuliano-postno-e-e-roberto-chissale-1.jpg'><img loading=\"lazy\" decoding=\"async\" width=\"300\" height=\"225\" src=\"https:\/\/www.radiopiu.net\/wordpress\/wp-content\/uploads\/2025\/03\/giuliano-postno-e-e-roberto-chissale-1-300x225.jpg\" class=\"attachment-medium size-medium\" alt=\"\" aria-describedby=\"gallery-1-437380\" srcset=\"https:\/\/www.radiopiu.net\/wordpress\/wp-content\/uploads\/2025\/03\/giuliano-postno-e-e-roberto-chissale-1-300x225.jpg 300w, https:\/\/www.radiopiu.net\/wordpress\/wp-content\/uploads\/2025\/03\/giuliano-postno-e-e-roberto-chissale-1-1024x768.jpg 1024w, https:\/\/www.radiopiu.net\/wordpress\/wp-content\/uploads\/2025\/03\/giuliano-postno-e-e-roberto-chissale-1-768x576.jpg 768w, https:\/\/www.radiopiu.net\/wordpress\/wp-content\/uploads\/2025\/03\/giuliano-postno-e-e-roberto-chissale-1.jpg 1280w\" sizes=\"auto, (max-width: 300px) 100vw, 300px\" \/><\/a>\n\t\t\t\t<\/dt>\n\t\t\t\t\t<dd class='wp-caption-text gallery-caption' id='gallery-1-437380'>\n\t\t\t\t\tOLYMPUS DIGITAL CAMERA\n\t\t\t\t\t<\/dd><\/dl><dl class='gallery-item'>\n\t\t\t\t<dt class='gallery-icon landscape'>\n\t\t\t\t\t<a class=\"rollover rollover-zoom dt-pswp-item\" title=\"Senza nome\" data-dt-img-description=\"\" data-large_image_width=\"544\" data-large_image_height=\"363\"href='https:\/\/www.radiopiu.net\/wordpress\/wp-content\/uploads\/2025\/03\/Senza-nome.png'><img loading=\"lazy\" decoding=\"async\" width=\"300\" height=\"200\" src=\"https:\/\/www.radiopiu.net\/wordpress\/wp-content\/uploads\/2025\/03\/Senza-nome-300x200.png\" class=\"attachment-medium size-medium\" alt=\"\" srcset=\"https:\/\/www.radiopiu.net\/wordpress\/wp-content\/uploads\/2025\/03\/Senza-nome-300x200.png 300w, https:\/\/www.radiopiu.net\/wordpress\/wp-content\/uploads\/2025\/03\/Senza-nome.png 544w\" sizes=\"auto, (max-width: 300px) 100vw, 300px\" \/><\/a>\n\t\t\t\t<\/dt><\/dl>\n\t\t\t\t<br style='clear: both' \/>\n\t\t\t<\/div>\n\n<\/div>\n<\/div>\n<\/div>\n","protected":false},"excerpt":{"rendered":"<p>** AGORDO \u2013 Ci sono persone che lasciano il segno nelle comunit\u00e0 in cui vivono, e Roberto Chissal\u00e8 \u00e8 senza dubbio una di queste. Chi ha avuto la fortuna di conoscerlo, sa bene che dietro il suo nome si nascondono quattro anime diverse, unite da passione e dedizione. Classe &#8217;64, gran classe e gran coscritto&hellip;<\/p>\n","protected":false},"author":4,"featured_media":437378,"comment_status":"closed","ping_status":"closed","sticky":false,"template":"","format":"standard","meta":{"_monsterinsights_skip_tracking":false,"_monsterinsights_sitenote_active":false,"_monsterinsights_sitenote_note":"","_monsterinsights_sitenote_category":0,"footnotes":""},"categories":[51,49],"tags":[],"class_list":["post-437370","post","type-post","status-publish","format-standard","has-post-thumbnail","hentry","category-evidenza-top","category-news-18","category-51","category-49","description-off"],"img_url":"https:\/\/www.radiopiu.net\/wordpress\/wp-content\/uploads\/2025\/03\/Senza-nome.png","_links":{"self":[{"href":"https:\/\/www.radiopiu.net\/wordpress\/wp-json\/wp\/v2\/posts\/437370","targetHints":{"allow":["GET"]}}],"collection":[{"href":"https:\/\/www.radiopiu.net\/wordpress\/wp-json\/wp\/v2\/posts"}],"about":[{"href":"https:\/\/www.radiopiu.net\/wordpress\/wp-json\/wp\/v2\/types\/post"}],"author":[{"embeddable":true,"href":"https:\/\/www.radiopiu.net\/wordpress\/wp-json\/wp\/v2\/users\/4"}],"replies":[{"embeddable":true,"href":"https:\/\/www.radiopiu.net\/wordpress\/wp-json\/wp\/v2\/comments?post=437370"}],"version-history":[{"count":8,"href":"https:\/\/www.radiopiu.net\/wordpress\/wp-json\/wp\/v2\/posts\/437370\/revisions"}],"predecessor-version":[{"id":437387,"href":"https:\/\/www.radiopiu.net\/wordpress\/wp-json\/wp\/v2\/posts\/437370\/revisions\/437387"}],"wp:featuredmedia":[{"embeddable":true,"href":"https:\/\/www.radiopiu.net\/wordpress\/wp-json\/wp\/v2\/media\/437378"}],"wp:attachment":[{"href":"https:\/\/www.radiopiu.net\/wordpress\/wp-json\/wp\/v2\/media?parent=437370"}],"wp:term":[{"taxonomy":"category","embeddable":true,"href":"https:\/\/www.radiopiu.net\/wordpress\/wp-json\/wp\/v2\/categories?post=437370"},{"taxonomy":"post_tag","embeddable":true,"href":"https:\/\/www.radiopiu.net\/wordpress\/wp-json\/wp\/v2\/tags?post=437370"}],"curies":[{"name":"wp","href":"https:\/\/api.w.org\/{rel}","templated":true}]}}