{"id":437452,"date":"2025-03-03T05:39:09","date_gmt":"2025-03-03T04:39:09","guid":{"rendered":"https:\/\/www.radiopiu.net\/wordpress\/?p=437452"},"modified":"2025-03-03T05:52:21","modified_gmt":"2025-03-03T04:52:21","slug":"zinghenesta-2025-il-processo-al-carnevale-la-diretta","status":"publish","type":"post","link":"https:\/\/www.radiopiu.net\/wordpress\/zinghenesta-2025-il-processo-al-carnevale-la-diretta\/","title":{"rendered":"ZINGHENESTA 2025: IL PROCESSO AL CARNEVALE &#8211; LA DIRETTA"},"content":{"rendered":"<p>*******<\/p>\n<p>&nbsp;<\/p>\n<p><strong>CANALE D&#8217;AGORDO <\/strong>Si rinnova l\u2019appuntamento con la Zinghenesta, la tradizionale festa in maschera che il Comitato La Zinghenesta di Canale d\u2019Agordo per la dodicesima edizione. L\u2019iniziativa coinvolger\u00e0 tutta la Valle del Biois, per l\u2019intera giornata. La festa alle 14.30 con la sfilata della Zinghenesta e del suo seguito &#8220;su par strada Vecia e du par strada Nova&#8221;: Piazzetta Tancon, Via Lotta, Via Sommavilla, Via Xaiz, Via XX Agosto, Piazza Papa Luciani. Qui, alle 15, prender\u00e0 il via il \u201cBallo della Zinghenesta\u201d. Alle 15.20 ci sar\u00e0 il processo al Carnevale. Alle 16 il concorso che premier\u00e0 la maschera pi\u00f9 bella.<\/p>\n<p><strong>LA DIRETTA RADIO PIU&#8217;<\/strong><\/p>\n<p><iframe loading=\"lazy\" title=\"ZINGHENESTA 2025: IL PROCESSO AL CARNEVALE\" width=\"1200\" height=\"900\" src=\"https:\/\/www.youtube.com\/embed\/tNuD0dubCIg?feature=oembed\" frameborder=\"0\" allow=\"accelerometer; autoplay; clipboard-write; encrypted-media; gyroscope; picture-in-picture; web-share\" referrerpolicy=\"strict-origin-when-cross-origin\" allowfullscreen><\/iframe><\/p>\n<p>&nbsp;<\/p>\n<p>&nbsp;<\/p>\n<p>**********<\/p>\n","protected":false},"excerpt":{"rendered":"<p>******* &nbsp; CANALE D&#8217;AGORDO Si rinnova l\u2019appuntamento con la Zinghenesta, la tradizionale festa in maschera che il Comitato La Zinghenesta di Canale d\u2019Agordo per la dodicesima edizione. L\u2019iniziativa coinvolger\u00e0 tutta la Valle del Biois, per l\u2019intera giornata. La festa alle 14.30 con la sfilata della Zinghenesta e del suo seguito &#8220;su par strada Vecia e&hellip;<\/p>\n","protected":false},"author":4,"featured_media":437118,"comment_status":"closed","ping_status":"closed","sticky":false,"template":"","format":"standard","meta":{"_monsterinsights_skip_tracking":false,"_monsterinsights_sitenote_active":false,"_monsterinsights_sitenote_note":"","_monsterinsights_sitenote_category":0,"footnotes":""},"categories":[51,49],"tags":[],"class_list":["post-437452","post","type-post","status-publish","format-standard","has-post-thumbnail","hentry","category-evidenza-top","category-news-18","category-51","category-49","description-off"],"img_url":"https:\/\/www.radiopiu.net\/wordpress\/wp-content\/uploads\/2025\/02\/\u00a9EchidiAlessandroSogne_ZINGHENESTA2024_piazzetta-TANCON.jpg","_links":{"self":[{"href":"https:\/\/www.radiopiu.net\/wordpress\/wp-json\/wp\/v2\/posts\/437452","targetHints":{"allow":["GET"]}}],"collection":[{"href":"https:\/\/www.radiopiu.net\/wordpress\/wp-json\/wp\/v2\/posts"}],"about":[{"href":"https:\/\/www.radiopiu.net\/wordpress\/wp-json\/wp\/v2\/types\/post"}],"author":[{"embeddable":true,"href":"https:\/\/www.radiopiu.net\/wordpress\/wp-json\/wp\/v2\/users\/4"}],"replies":[{"embeddable":true,"href":"https:\/\/www.radiopiu.net\/wordpress\/wp-json\/wp\/v2\/comments?post=437452"}],"version-history":[{"count":3,"href":"https:\/\/www.radiopiu.net\/wordpress\/wp-json\/wp\/v2\/posts\/437452\/revisions"}],"predecessor-version":[{"id":437476,"href":"https:\/\/www.radiopiu.net\/wordpress\/wp-json\/wp\/v2\/posts\/437452\/revisions\/437476"}],"wp:featuredmedia":[{"embeddable":true,"href":"https:\/\/www.radiopiu.net\/wordpress\/wp-json\/wp\/v2\/media\/437118"}],"wp:attachment":[{"href":"https:\/\/www.radiopiu.net\/wordpress\/wp-json\/wp\/v2\/media?parent=437452"}],"wp:term":[{"taxonomy":"category","embeddable":true,"href":"https:\/\/www.radiopiu.net\/wordpress\/wp-json\/wp\/v2\/categories?post=437452"},{"taxonomy":"post_tag","embeddable":true,"href":"https:\/\/www.radiopiu.net\/wordpress\/wp-json\/wp\/v2\/tags?post=437452"}],"curies":[{"name":"wp","href":"https:\/\/api.w.org\/{rel}","templated":true}]}}