{"id":437559,"date":"2025-03-04T05:50:30","date_gmt":"2025-03-04T04:50:30","guid":{"rendered":"https:\/\/www.radiopiu.net\/wordpress\/?p=437559"},"modified":"2025-03-04T08:48:26","modified_gmt":"2025-03-04T07:48:26","slug":"giornale-radiopiu-04-marzo-2025-direttore-mirko-mezzacasada-41-anni-25-giugno-1983-25-giugno-2024","status":"publish","type":"post","link":"https:\/\/www.radiopiu.net\/wordpress\/giornale-radiopiu-04-marzo-2025-direttore-mirko-mezzacasada-41-anni-25-giugno-1983-25-giugno-2024\/","title":{"rendered":"GIORNALE RADIOPIU 04 MARZO 2025 DIRETTORE MIRKO MEZZACASA\u2026DA 41 ANNI 25 GIUGNO 1983-25 GIUGNO 2024"},"content":{"rendered":"<p>*********<\/p>\n<p><em><span style=\"color: #ff0000;\"><a class=\"dt-pswp-item\" href=\"https:\/\/www.radiopiu.net\/wordpress\/wp-content\/uploads\/2024\/10\/Senza-nome-8.png\" data-dt-img-description=\"\" data-large_image_width=\"343\" data-large_image_height=\"303\"><img loading=\"lazy\" decoding=\"async\" class=\"wp-image-412130 alignleft\" src=\"https:\/\/www.radiopiu.net\/wordpress\/wp-content\/uploads\/2024\/10\/Senza-nome-8-300x265.png\" alt=\"\" width=\"105\" height=\"93\" srcset=\"https:\/\/www.radiopiu.net\/wordpress\/wp-content\/uploads\/2024\/10\/Senza-nome-8-300x265.png 300w, https:\/\/www.radiopiu.net\/wordpress\/wp-content\/uploads\/2024\/10\/Senza-nome-8.png 343w\" sizes=\"auto, (max-width: 105px) 100vw, 105px\" \/><\/a><\/span><\/em><strong><em><span style=\"color: #ff0000;\"> LA\u00a0 APP PER IOS-IPHONE di Nicola Vettorello<\/span><\/em><\/strong><\/p>\n<p><strong><span style=\"color: #0000ff;\"><a style=\"color: #0000ff;\" href=\"https:\/\/apps.apple.com\/it\/app\/radio-pi%C3%B9-emittente-agordina\/id1515939845\">https:\/\/apps.apple.com\/it\/app\/radio-pi%C3%B9-emittente-agordina\/id1515939845<\/a><\/span><\/strong><\/p>\n<p><strong><em style=\"color: #ff0000;\">LA\u00a0 APP RADIO\u00a0 PER ANDROID di Nicola Vettorello<\/em><\/strong><\/p>\n<p><strong><span style=\"color: #0000ff;\"><a style=\"color: #0000ff;\" href=\"https:\/\/play.google.com\/store\/apps\/details?id=net.radiopiu.iniko\" target=\"_blank\" rel=\"noopener noreferrer\">https:\/\/<\/a><a style=\"color: #0000ff;\" href=\"https:\/\/play.google.com\/store\/apps\/details?id=net.radiopiu.iniko\" target=\"_blank\" rel=\"noopener noreferrer\">play.google.com\/store\/apps\/details?id=net.radiopiu.iniko\u00a0\u00a0\u00a0\u00a0<\/a><\/span><\/strong><\/p>\n<p>&nbsp;<\/p>\n<p>&nbsp;<\/p>\n<hr \/>\n<p>&nbsp;<\/p>\n<h1 style=\"text-align: center;\"><span style=\"color: #ff0000;\">RADIO PIU&#8217; CAMBIA CANALE IN DAB<\/span><\/h1>\n<p><strong><a class=\"dt-pswp-item\" href=\"https:\/\/www.radiopiu.net\/wordpress\/wp-content\/uploads\/2022\/11\/MyRadioPiu_miaidea.png\" data-dt-img-description=\"\" data-large_image_width=\"483\" data-large_image_height=\"374\"><img loading=\"lazy\" decoding=\"async\" class=\" wp-image-304561 alignleft\" src=\"https:\/\/www.radiopiu.net\/wordpress\/wp-content\/uploads\/2022\/11\/MyRadioPiu_miaidea-300x232.png\" alt=\"\" width=\"175\" height=\"135\" srcset=\"https:\/\/www.radiopiu.net\/wordpress\/wp-content\/uploads\/2022\/11\/MyRadioPiu_miaidea-300x232.png 300w, https:\/\/www.radiopiu.net\/wordpress\/wp-content\/uploads\/2022\/11\/MyRadioPiu_miaidea.png 483w\" sizes=\"auto, (max-width: 175px) 100vw, 175px\" \/><\/a> <\/strong><\/p>\n<p><strong>\u00a0<\/strong><strong>REDAZIONE <\/strong>Novit\u00e0 in vista per gli ascoltatori di Radio Pi\u00f9 in DAB+. E&#8217; iniziato il processo di modifica del canale di trasmissione radiofonica, che passer\u00e0 dalla frequenza 8C alla 12D. Ricordiamo che per continuare ad ascoltare la radio senza interruzioni, basta risintonizzare i propri dispositivi e la risintonizzazione delle autoradio.<\/p>\n<p>&nbsp;<\/p>\n<p>&nbsp;<\/p>\n<p>&nbsp;<\/p>\n<hr \/>\n<p>&nbsp;<\/p>\n<p><span style=\"color: #ff0000;\"><strong>OGGI ALLA RADIO:\u00a0\u00a0<\/strong><\/span><\/p>\n<p><strong>rassegna stampa nazionale,<\/strong> ogni giorno alle 5 e alle 6 del mattino. giornali locali 7 rassegna stampa flash, 8 rassegna stampa, gr flash alle 10 e alle 11, principale 12.30. Informazione pomeriggio ogni ora fino alle 20, in coda ai notiziari nazionali. Giornale radio nazionale: ogni ora dalle 4 del mattino, alle 20 della sera. Alle 19 le anticipazioni dal TG di Antenna 3 di Tiziana Bolognani.<\/p>\n<p>&nbsp;<\/p>\n<p><span style=\"color: #0000ff;\"><strong><a class=\"dt-pswp-item\" href=\"https:\/\/www.radiopiu.net\/wordpress\/wp-content\/uploads\/2025\/03\/353e5ec8-91c7-4649-8fa4-277e931fbd9b.jpg\" data-dt-img-description=\"\" data-large_image_width=\"884\" data-large_image_height=\"889\"><img loading=\"lazy\" decoding=\"async\" class=\" wp-image-437636 alignleft\" src=\"https:\/\/www.radiopiu.net\/wordpress\/wp-content\/uploads\/2025\/03\/353e5ec8-91c7-4649-8fa4-277e931fbd9b-298x300.jpg\" alt=\"\" width=\"173\" height=\"174\" srcset=\"https:\/\/www.radiopiu.net\/wordpress\/wp-content\/uploads\/2025\/03\/353e5ec8-91c7-4649-8fa4-277e931fbd9b-298x300.jpg 298w, https:\/\/www.radiopiu.net\/wordpress\/wp-content\/uploads\/2025\/03\/353e5ec8-91c7-4649-8fa4-277e931fbd9b-150x150.jpg 150w, https:\/\/www.radiopiu.net\/wordpress\/wp-content\/uploads\/2025\/03\/353e5ec8-91c7-4649-8fa4-277e931fbd9b-768x772.jpg 768w, https:\/\/www.radiopiu.net\/wordpress\/wp-content\/uploads\/2025\/03\/353e5ec8-91c7-4649-8fa4-277e931fbd9b.jpg 884w\" sizes=\"auto, (max-width: 173px) 100vw, 173px\" \/><\/a>OGGI ALLE<\/strong>\u00a0<\/span>\u00a0<strong> 8.30<\/strong> PIU&#8217; SIAMO CON MARINA DONA&#8217; E IL POPOLO DI RADIOPIU <strong>9.00<\/strong> LA MUSICA COUNTRY DI ALEX NASCINMBEN\u00a0 PRECEDUTO DALL&#8217;ALMANACCO LADINO, DELLA NOSTRA GENTE CON IL MUSLA<strong> 9.40<\/strong> OGGI COME IERI CON SILVIA BALDO <strong>10.10<\/strong> LE NOVE IN LADIN\u00a0 SEMPRE CON IL MUSLA <strong>10.30\u00a0 <span style=\"color: #ff0000;\">ALFASYSTEM EP CENTER E LA SCALA DI\u00a0 SANREMO&#8230; CON FRANCESCO ZILLIO <\/span><\/strong><b>13.20 <\/b>COLLAGE OPERAZIONE NOSTALGIA DI LORIS SCUSSEL <strong>14.00<\/strong>\u00a0 \u00a0PIU&#8217; MUSICA <strong>15.00<\/strong> IL MARTEDI POMERIGGIO DI LUISA ALCHINI, OSPITE DJ BISSO( FOTO)\u00a0\u00a0<b> 1600 <\/b>IL ROCK DI MARCO COSTANTINI<\/p>\n<p><span style=\"color: #0000ff;\">20.30 DIRETTA HOCKEY AL PUNTO GIUSTO, PLAYOFF ALLEGHE_VARESE IN STUDIO MARCO GAZ, DAL DE TONI LA VOCE DELL&#8217;HOCKEY ALLA RADIO, QUELLA DI FEDERICO PAGANIN<\/span><\/p>\n<p>&nbsp;<\/p>\n<p>&nbsp;<\/p>\n<hr \/>\n<p>&nbsp;<\/p>\n<p>&nbsp;<\/p>\n<div class=\"x11i5rnm xat24cr x1mh8g0r x1vvkbs xtlvy1s x126k92a\">\n<div dir=\"auto\">\n<div dir=\"auto\">\n<p><strong><a class=\"dt-pswp-item\" href=\"https:\/\/www.radiopiu.net\/wordpress\/wp-content\/uploads\/2024\/02\/2d44e751-d8a8-461b-8e22-d8e4e853b032.jpg\" data-dt-img-description=\"\" data-large_image_width=\"1600\" data-large_image_height=\"1200\"><img loading=\"lazy\" decoding=\"async\" class=\"wp-image-373307 alignleft\" src=\"https:\/\/www.radiopiu.net\/wordpress\/wp-content\/uploads\/2024\/02\/2d44e751-d8a8-461b-8e22-d8e4e853b032-300x225.jpg\" alt=\"\" width=\"105\" height=\"79\" srcset=\"https:\/\/www.radiopiu.net\/wordpress\/wp-content\/uploads\/2024\/02\/2d44e751-d8a8-461b-8e22-d8e4e853b032-300x225.jpg 300w, https:\/\/www.radiopiu.net\/wordpress\/wp-content\/uploads\/2024\/02\/2d44e751-d8a8-461b-8e22-d8e4e853b032-1024x768.jpg 1024w, https:\/\/www.radiopiu.net\/wordpress\/wp-content\/uploads\/2024\/02\/2d44e751-d8a8-461b-8e22-d8e4e853b032-768x576.jpg 768w, https:\/\/www.radiopiu.net\/wordpress\/wp-content\/uploads\/2024\/02\/2d44e751-d8a8-461b-8e22-d8e4e853b032-1536x1152.jpg 1536w, https:\/\/www.radiopiu.net\/wordpress\/wp-content\/uploads\/2024\/02\/2d44e751-d8a8-461b-8e22-d8e4e853b032.jpg 1600w\" sizes=\"auto, (max-width: 105px) 100vw, 105px\" \/><\/a>EL BAL DEL FIOR, DI GIULIANA DA RONCH, 04 MARZO<\/strong><strong> 2025<\/strong><\/p>\n<p>&nbsp;<\/p>\n<audio class=\"wp-audio-shortcode\" id=\"audio-437559-1\" preload=\"none\" style=\"width: 100%;\" controls=\"controls\"><source type=\"audio\/mpeg\" src=\"https:\/\/www.radiopiu.net\/wordpress\/wp-content\/uploads\/2025\/03\/GMA.mp3?_=1\" \/><a href=\"https:\/\/www.radiopiu.net\/wordpress\/wp-content\/uploads\/2025\/03\/GMA.mp3\">https:\/\/www.radiopiu.net\/wordpress\/wp-content\/uploads\/2025\/03\/GMA.mp3<\/a><\/audio>\n<p>&nbsp;<\/p>\n<hr \/>\n<p>&nbsp;<\/p>\n<p>&nbsp;<\/p>\n<\/div>\n<\/div>\n<\/div>\n<div class=\"x11i5rnm xat24cr x1mh8g0r x1vvkbs xtlvy1s x126k92a\">\n<blockquote>\n<h1><strong><a class=\"dt-pswp-item\" href=\"https:\/\/www.radiopiu.net\/wordpress\/wp-content\/uploads\/2024\/10\/629301fd-708d-4f53-95c2-d28cbefd500f.jpg\" data-dt-img-description=\"\" data-large_image_width=\"1600\" data-large_image_height=\"1322\"><img loading=\"lazy\" decoding=\"async\" class=\"wp-image-413782 alignright\" src=\"https:\/\/www.radiopiu.net\/wordpress\/wp-content\/uploads\/2024\/10\/629301fd-708d-4f53-95c2-d28cbefd500f-300x248.jpg\" alt=\"\" width=\"106\" height=\"88\" srcset=\"https:\/\/www.radiopiu.net\/wordpress\/wp-content\/uploads\/2024\/10\/629301fd-708d-4f53-95c2-d28cbefd500f-300x248.jpg 300w, https:\/\/www.radiopiu.net\/wordpress\/wp-content\/uploads\/2024\/10\/629301fd-708d-4f53-95c2-d28cbefd500f-1024x846.jpg 1024w, https:\/\/www.radiopiu.net\/wordpress\/wp-content\/uploads\/2024\/10\/629301fd-708d-4f53-95c2-d28cbefd500f-768x635.jpg 768w, https:\/\/www.radiopiu.net\/wordpress\/wp-content\/uploads\/2024\/10\/629301fd-708d-4f53-95c2-d28cbefd500f-1536x1269.jpg 1536w, https:\/\/www.radiopiu.net\/wordpress\/wp-content\/uploads\/2024\/10\/629301fd-708d-4f53-95c2-d28cbefd500f.jpg 1600w\" sizes=\"auto, (max-width: 106px) 100vw, 106px\" \/><\/a><\/strong><\/h1>\n<h1><strong><a class=\"dt-pswp-item\" href=\"https:\/\/www.radiopiu.net\/wordpress\/wp-content\/uploads\/2024\/11\/th-18.jpg\" data-dt-img-description=\"\" data-large_image_width=\"156\" data-large_image_height=\"180\"><img loading=\"lazy\" decoding=\"async\" class=\"size-full wp-image-421611 alignleft\" src=\"https:\/\/www.radiopiu.net\/wordpress\/wp-content\/uploads\/2024\/11\/th-18.jpg\" alt=\"\" width=\"156\" height=\"180\" \/><\/a><\/strong><\/h1>\n<h1><strong>N di parom &#8211; L Almanach de la nosta jent<\/strong><\/h1>\n<\/blockquote>\n<p>&nbsp;<\/p>\n<p>Le voci: Davide Conedera, Agordo, Michela Dell&#8217;Osbel, La Valle Agordina Simone Ganz, Falcade Veronica Lezuo, Colle Santa Lucia. La voce nella sigla \u00e8 di Giorgia Taio<\/p>\n<p><strong>LA PUNTATA DI OGGI, 04 MARZO 2025<\/strong><\/p>\n<audio class=\"wp-audio-shortcode\" id=\"audio-437559-2\" preload=\"none\" style=\"width: 100%;\" controls=\"controls\"><source type=\"audio\/mpeg\" src=\"https:\/\/www.radiopiu.net\/wordpress\/wp-content\/uploads\/2025\/03\/AL2.mp3?_=2\" \/><a href=\"https:\/\/www.radiopiu.net\/wordpress\/wp-content\/uploads\/2025\/03\/AL2.mp3\">https:\/\/www.radiopiu.net\/wordpress\/wp-content\/uploads\/2025\/03\/AL2.mp3<\/a><\/audio>\n<p>&nbsp;<\/p>\n<\/div>\n<div class=\"x11i5rnm xat24cr x1mh8g0r x1vvkbs xtlvy1s x126k92a\">\n<div dir=\"auto\">\n<hr \/>\n<\/div>\n<\/div>\n<blockquote>\n<blockquote>\n<h1><span style=\"color: #ff0000;\">\u00a0<\/span><\/h1>\n<h1><span style=\"color: #ff0000;\">I podcast informativi del mattino &#8211; audio &#8211;\u00a0\u00a0<\/span><\/h1>\n<\/blockquote>\n<p><strong><a class=\"dt-pswp-item\" href=\"https:\/\/www.radiopiu.net\/wordpress\/wp-content\/uploads\/2024\/11\/6.jpg\" data-dt-img-description=\"\" data-large_image_width=\"177\" data-large_image_height=\"180\"><img loading=\"lazy\" decoding=\"async\" class=\"size-full wp-image-417911 alignleft\" src=\"https:\/\/www.radiopiu.net\/wordpress\/wp-content\/uploads\/2024\/11\/6.jpg\" alt=\"\" width=\"177\" height=\"180\" \/><\/a>LA RASSEGNA STAMPA NAZIONALE ALLA RADIO, OGNI GIORNO ALLE 5 E ALLE 6 DEL MATTINO <span style=\"color: #0000ff;\">viene pubblicata alle 6.00 <span style=\"color: #ff0000;\">DIRETTA RADIO\u00a0 \u00a0\u00a0<\/span><\/span><\/strong><\/p><\/blockquote>\n<p>&nbsp;<\/p>\n<p><strong>NOTIZIE DELLA NOTTE<\/strong><\/p>\n<p><strong>Russia,<\/strong> noi contrari a peacekeeper europei in Ucraina<br \/>\n<strong>Vance,<\/strong> Zelensky accetter\u00e0 colloqui di pace con la Russia <strong>Portaerei Usa<\/strong> in Corea del Sud, sorella di Kim promette &#8216;azioni&#8217; <strong>Taiwan,<\/strong> esame su investimento Tsmc da 100 miliardi in Usa <strong>Borsa: Shanghai<\/strong> apre a -0,50%, Shenzhen a -0,84% <strong>Borsa: Hong Kong<\/strong> apre a -1,59% con arrivo nuovi dazi Usa <strong>Cina a Usa<\/strong>, adotteremo contromisure verso dazi aggiuntivi <strong>Avvertito terremoto<\/strong> di magnitudo 3.5 nella zona di Foligno<\/p>\n<h1>AUDIO dalle 6 del mattino<\/h1>\n<audio class=\"wp-audio-shortcode\" id=\"audio-437559-3\" preload=\"none\" style=\"width: 100%;\" controls=\"controls\"><source type=\"audio\/mpeg\" src=\"https:\/\/www.radiopiu.net\/wordpress\/wp-content\/uploads\/2025\/03\/GIORNALEDELLESEI-1.mp3?_=3\" \/><a href=\"https:\/\/www.radiopiu.net\/wordpress\/wp-content\/uploads\/2025\/03\/GIORNALEDELLESEI-1.mp3\">https:\/\/www.radiopiu.net\/wordpress\/wp-content\/uploads\/2025\/03\/GIORNALEDELLESEI-1.mp3<\/a><\/audio>\n<p>&nbsp;<\/p>\n<p>&nbsp;<\/p>\n<hr \/>\n<p>&nbsp;<\/p>\n<h1 style=\"text-align: center;\"><span style=\"color: #ff0000;\"><a class=\"dt-pswp-item\" href=\"https:\/\/www.radiopiu.net\/wordpress\/wp-content\/uploads\/2024\/11\/7.jpg\" data-dt-img-description=\"\" data-large_image_width=\"180\" data-large_image_height=\"180\"><img loading=\"lazy\" decoding=\"async\" class=\"size-full wp-image-417912 alignleft\" src=\"https:\/\/www.radiopiu.net\/wordpress\/wp-content\/uploads\/2024\/11\/7.jpg\" alt=\"\" width=\"180\" height=\"180\" srcset=\"https:\/\/www.radiopiu.net\/wordpress\/wp-content\/uploads\/2024\/11\/7.jpg 180w, https:\/\/www.radiopiu.net\/wordpress\/wp-content\/uploads\/2024\/11\/7-150x150.jpg 150w\" sizes=\"auto, (max-width: 180px) 100vw, 180px\" \/><\/a>I podcast informativi del mattino &#8211; audio &#8211;\u00a0<\/span><\/h1>\n<p><strong>OGNI GIORNO ALLE SETTE DEL MATTINO, LA RASSEGNA STAMPA LOCALE FLASH&#8230; PER CHI VA IN FRETTA. I TITOLI DAI GIORNALI E DAL SITO WWW.RADIOPIU.NET <span style=\"color: #0000ff;\">viene pubblicato alle 7.00<\/span> <span style=\"color: #ff0000;\">DIRETTA RADIO\u00a0<\/span><\/strong><\/p>\n<p><em><span style=\"color: #ff0000;\">per chi va in fretta&#8230; tante notizie in pochi minuti. L&#8217;informazione locale alla radio, ogni ora dalle 7 del mattino alle 19 della sera.\u00a0<\/span><\/em><\/p>\n<p><strong>BELLUNO <\/strong>Arrestato un uomo per detenzione di droga: sequestrati cocaina e 43.000 euro in contanti <strong>CIBIANA DI CADORE: <\/strong>dimissioni del sindaco e della maggioranza, il Comune verso lo scioglimento <strong>VOLTAGO <\/strong>UN QUARTO D\u2019ORA SOTTO LE NEVE, LA STORIA DI ILARIA <strong>TAMBRE ,<\/strong> INCENDIO IN UN RICOVERO AGRICOLO: SALVA L\u2019ABITAZIONE VICINA <strong>AGORDO <\/strong>CANNA FUMARIA IN FIAMME <strong>BORGO VALBELLUNA <\/strong>guasto al bombolone: pompieri in azione<br \/>\n<strong>FONZASO <\/strong>Fonzaso, crollo di un muro in via Sant\u2019Anna: strada chiusa <strong>FELTRE <\/strong>GARE MOTORISTICHE NEL PARCO. AMBIENTALISTI: ANCHE NO <strong>AGORDO <\/strong>Medico accusato di spiare i dati sanitari dell&#8217;ex: rischia oltre 3 anni di carcere <strong>AGORDO <\/strong>Il ladro con la mascherina<br \/>\n<strong>BELLUNO <\/strong>Senso unico alternato in via Col Cavalier<\/p>\n<h1>AUDIO dalle 7 del mattino<\/h1>\n<audio class=\"wp-audio-shortcode\" id=\"audio-437559-4\" preload=\"none\" style=\"width: 100%;\" controls=\"controls\"><source type=\"audio\/mpeg\" src=\"https:\/\/www.radiopiu.net\/wordpress\/wp-content\/uploads\/2025\/03\/GF07-2.mp3?_=4\" \/><a href=\"https:\/\/www.radiopiu.net\/wordpress\/wp-content\/uploads\/2025\/03\/GF07-2.mp3\">https:\/\/www.radiopiu.net\/wordpress\/wp-content\/uploads\/2025\/03\/GF07-2.mp3<\/a><\/audio>\n<p>&nbsp;<\/p>\n<p>&nbsp;<\/p>\n<hr \/>\n<p>&nbsp;<\/p>\n<h1><\/h1>\n<h1 style=\"text-align: center;\"><span style=\"color: #ff0000;\"><a class=\"dt-pswp-item\" href=\"https:\/\/www.radiopiu.net\/wordpress\/wp-content\/uploads\/2024\/11\/th.jpg\" data-dt-img-description=\"\" data-large_image_width=\"148\" data-large_image_height=\"179\"><img loading=\"lazy\" decoding=\"async\" class=\"size-full wp-image-417913 alignleft\" src=\"https:\/\/www.radiopiu.net\/wordpress\/wp-content\/uploads\/2024\/11\/th.jpg\" alt=\"\" width=\"148\" height=\"179\" \/><\/a>I podcast informativi del mattino &#8211; audio &#8211;\u00a0<\/span><\/h1>\n<blockquote><p><strong>GIORNALE RADIO NAZIONALE, EDIZIONE DELLE SETTE <span style=\"color: #0000ff;\">viene pubblicato alle 7.05 <span style=\"color: #ff0000;\">DIRETTA RADIO\u00a0<\/span><\/span><\/strong><\/p><\/blockquote>\n<p><strong>il giornale radionazionale e&#8217; in onda ogni ora, dalle sette del mattino alle venti della sera\u00a0 \u00a0<\/strong><\/p>\n<p><strong><a class=\"dt-pswp-item\" href=\"https:\/\/www.radiopiu.net\/wordpress\/wp-content\/uploads\/2025\/02\/download-7.jpg\" data-dt-img-description=\"\" data-large_image_width=\"211\" data-large_image_height=\"239\"><img loading=\"lazy\" decoding=\"async\" class=\"size-full wp-image-435553 alignleft\" src=\"https:\/\/www.radiopiu.net\/wordpress\/wp-content\/uploads\/2025\/02\/download-7.jpg\" alt=\"\" width=\"211\" height=\"239\" \/><\/a>MILANO<\/strong> Il compagno di Nataly cerc\u00f2 un box per nascondere il corpo Chiese ad amico che si rifiut\u00f2. Il 6 marzo l&#8217;autopsia<br \/>\n<strong>NAPOLI<\/strong> Picchiata e filmata dalle compagne di classe, la denuncia della madre. Borrelli (Avs) &#8220;Modus operandi inquietante&#8221; <strong>MILANO<\/strong> Vernice contro il &#8216;Dito&#8217; di Cattelan, prosciolti i tre attivisti di Ultima Generazione. Nel gennaio 2023 imbrattarono l&#8217;opera in piazza Affari a Milano<br \/>\n<strong>BARI SARDO<\/strong> Ucciso durante la festa di Carnevale, si stringe il cerchio sull&#8217;assassino<br \/>\nLe indagini della Polizia portano nei centri limitrofi a Bari Sardo <strong>MARSALA<\/strong> Otto mesi per un esame istologico, la procura apre un&#8217;indagine, \u00a0la signora\u00a0 aveva presentato un esposto <strong>\u00a0PAVIA<\/strong> dopo Bologna diventa citt\u00e0 a 30 all&#8217;ora Il progetto della giunta di centrosinistra ma &#8216;non \u00e8 una scelta ideologica&#8217; <strong>PARMA<\/strong> in pensione il generale Lago, da 15 anni a capo del Ris di Parma <strong>ROMA<\/strong> Crolla il cancello della ditta, muore un lavoratore vicino a Roma Incidente sul lavoro a Guidonia, inutili i soccorsi alla vittima<\/p>\n<p>&nbsp;<\/p>\n<h2><span style=\"color: #ff0000;\">DAL VENETO<\/span><\/h2>\n<p><strong><a class=\"dt-pswp-item\" href=\"https:\/\/www.radiopiu.net\/wordpress\/wp-content\/uploads\/2025\/02\/download-3.jpg\" data-dt-img-description=\"\" data-large_image_width=\"223\" data-large_image_height=\"226\"><img loading=\"lazy\" decoding=\"async\" class=\" wp-image-434732 alignleft\" src=\"https:\/\/www.radiopiu.net\/wordpress\/wp-content\/uploads\/2025\/02\/download-3.jpg\" alt=\"\" width=\"153\" height=\"155\" \/><\/a>TREVISO<\/strong> Bambino di due anni muore per meningite. Poche linee di febbre, poi sono salite e ha perso conoscenza\u00a0 <strong>PADOVA<\/strong> Scontro furgone-camion, un morto. L&#8217;incidente nel pomeriggio di ieri a Piombino Dese <strong>VICENZA<\/strong> Un morto e un ferito nello scontro frontale tra due autocarri. Incidente stradale ieri mattina ad Arzignano, in un tratto rettilineo che conduce alla zona industriale. <strong>PADOVA<\/strong> Arrestate due donne per la truffa del finto carabiniere. Bloccate dalla polizia dopo aver avvicinato una 60enne <strong>TREVISO<\/strong> Evasione da 7 milioni di euro,denunciato imprenditore trevigiano. Guardia di finanza scopre anche 10 lavoratori irregolari <strong>PADOVA<\/strong> Morto l&#8217;inventore del &#8216;Cynar&#8217;, Rino Dondi Pinton aveva 103 anni. La bevanda spopol\u00f2 nell&#8217;Italia del boom economico\u00a0 <strong>VERONA<\/strong> L&#8217;Italia dell&#8217;olio extravergine in mostra a Sol2Expo Verona. Fino al 4 marzo espongono 230 aziende produttrici<\/p>\n<p>&nbsp;<\/p>\n<blockquote>\n<h1><span style=\"color: #ff0000;\"><span style=\"color: #0000ff;\">ULTIM&#8217;ORA<\/span> <span style=\"color: #000000;\">AUDIO dalle sette del mattino, ogni ora alla radio EDIZIONE DELLE SETTE<\/span><\/span><\/h1>\n<\/blockquote>\n<audio class=\"wp-audio-shortcode\" id=\"audio-437559-5\" preload=\"none\" style=\"width: 100%;\" controls=\"controls\"><source type=\"audio\/mpeg\" src=\"https:\/\/www.radiopiu.net\/wordpress\/wp-content\/uploads\/2025\/03\/giornale07-2.mp3?_=5\" \/><a href=\"https:\/\/www.radiopiu.net\/wordpress\/wp-content\/uploads\/2025\/03\/giornale07-2.mp3\">https:\/\/www.radiopiu.net\/wordpress\/wp-content\/uploads\/2025\/03\/giornale07-2.mp3<\/a><\/audio>\n<p>&nbsp;<\/p>\n<p>&nbsp;<\/p>\n<hr \/>\n<p>&nbsp;<\/p>\n<p>&nbsp;<\/p>\n<h1><span style=\"color: #ff0000;\"><a class=\"dt-pswp-item\" href=\"https:\/\/www.radiopiu.net\/wordpress\/wp-content\/uploads\/2024\/11\/8.jpg\" data-dt-img-description=\"\" data-large_image_width=\"180\" data-large_image_height=\"180\"><img loading=\"lazy\" decoding=\"async\" class=\"size-full wp-image-417910 alignleft\" src=\"https:\/\/www.radiopiu.net\/wordpress\/wp-content\/uploads\/2024\/11\/8.jpg\" alt=\"\" width=\"180\" height=\"180\" srcset=\"https:\/\/www.radiopiu.net\/wordpress\/wp-content\/uploads\/2024\/11\/8.jpg 180w, https:\/\/www.radiopiu.net\/wordpress\/wp-content\/uploads\/2024\/11\/8-150x150.jpg 150w\" sizes=\"auto, (max-width: 180px) 100vw, 180px\" \/><\/a>I podcast informativi del mattino &#8211; video &#8211;\u00a0<\/span><\/h1>\n<h2 style=\"text-align: left;\"><strong>RASSEGNA STAMPA LOCALE, ORE OTTO<\/strong><\/h2>\n<h2><strong> <span style=\"color: #0000ff;\">viene\u00a0 <\/span><\/strong><strong><span style=\"color: #0000ff;\">pubblicata alle 8.05 <span style=\"color: #ff0000;\">DIRETTA RADIO\u00a0 \u00a0<\/span><\/span><\/strong><strong>DI MIRKO MEZZACASA<\/strong><\/h2>\n<h2><span style=\"color: #ff0000;\"><strong>\u00a0<\/strong><\/span><\/h2>\n<p>&nbsp;<\/p>\n<h2><span style=\"color: #ff0000;\"><strong> \u00a0<iframe loading=\"lazy\" style=\"border: none; overflow: hidden;\" src=\"https:\/\/www.facebook.com\/plugins\/video.php?height=314&amp;href=https%3A%2F%2Fwww.facebook.com%2Fradiopiu%2Fvideos%2F9181531525265973%2F&amp;show_text=false&amp;width=560&amp;t=0\" width=\"560\" height=\"314\" frameborder=\"0\" scrolling=\"no\" allowfullscreen=\"allowfullscreen\"><\/iframe><\/strong><\/span><\/h2>\n<h1><span style=\"color: #ff0000;\"><strong>VIDEO\u00a0 \u00a0in diretta AGGIORNAMENTO\u00a0 dalle 8 del mattino\u00a0<\/strong><\/span><\/h1>\n<h2><\/h2>\n<hr \/>\n<p>&nbsp;<\/p>\n<p>&nbsp;<\/p>\n<p>&nbsp;<\/p>\n<p><strong><a class=\"dt-pswp-item\" href=\"https:\/\/www.radiopiu.net\/wordpress\/wp-content\/uploads\/2023\/12\/ANTENNA.png\" data-dt-img-description=\"\" data-large_image_width=\"300\" data-large_image_height=\"166\"><img loading=\"lazy\" decoding=\"async\" class=\"wp-image-366306 alignright\" src=\"https:\/\/www.radiopiu.net\/wordpress\/wp-content\/uploads\/2023\/12\/ANTENNA.png\" alt=\"\" width=\"101\" height=\"56\" \/><\/a><a class=\"dt-pswp-item\" href=\"https:\/\/www.radiopiu.net\/wordpress\/wp-content\/uploads\/2024\/11\/th-17.jpg\" data-dt-img-description=\"\" data-large_image_width=\"224\" data-large_image_height=\"180\"><img loading=\"lazy\" decoding=\"async\" class=\" wp-image-421610 alignleft\" src=\"https:\/\/www.radiopiu.net\/wordpress\/wp-content\/uploads\/2024\/11\/th-17.jpg\" alt=\"\" width=\"167\" height=\"134\" \/><\/a>ogni sera alle 19 le anticipazioni alla radio, quello che poi seguirete nel TELEGIORNALE BELLUNESE\u00a0 in onda alle 19.30 sul CANALE 10 del digitale terrestre.\u00a0\u00a0<\/strong><\/p>\n<p><b>\u00a0\u00a0<\/b><\/p>\n<h1><span style=\"color: #ff0000;\"><strong>LE ANTICIPAZIONI DI FABIO FIORAVANZI<br \/>\n<\/strong><\/span><\/h1>\n<audio class=\"wp-audio-shortcode\" id=\"audio-437559-6\" preload=\"none\" style=\"width: 100%;\" controls=\"controls\"><source type=\"audio\/mpeg\" src=\"https:\/\/www.radiopiu.net\/wordpress\/wp-content\/uploads\/2025\/03\/ANTENNA3.mp3?_=6\" \/><a href=\"https:\/\/www.radiopiu.net\/wordpress\/wp-content\/uploads\/2025\/03\/ANTENNA3.mp3\">https:\/\/www.radiopiu.net\/wordpress\/wp-content\/uploads\/2025\/03\/ANTENNA3.mp3<\/a><\/audio>\n<h1><span style=\"color: #ff0000;\"><strong>\u00a0<\/strong><\/span><\/h1>\n<p>&nbsp;<\/p>\n<p>&nbsp;<\/p>\n<hr \/>\n<p>&nbsp;<\/p>\n<blockquote>\n<h3>GIOVEDI L&#8217;ULTIMO SALUTO A LIVIO LUSA<\/h3>\n<\/blockquote>\n<p><strong><img decoding=\"async\" class=\"alignleft\" src=\"https:\/\/www.radiopiu.net\/wordpress\/wp-content\/uploads\/2025\/03\/Senza-nome-9.png\" \/>SAN GREGORIO NELLE ALPI<\/strong> Un&#8217;altra domenica di lacrime: Livio Lusa, 58 anni di Feltre, \u00e8 improvvisamente mancato, a darne notizia la moglie Loretta, i figli Chiara e Nicolo&#8217;, la sorella Rosa, il fratello Elvio, cognate, cognati, nipoti. I funerali avranno luogo giovedi alle 16 nella chiesa parrocchiale di Paderno.<br \/>\nSi potr\u00e0 fargli visita martedi e mercoledi dalle 9 alle 12 e dalle 14 alle 17, giovedi dalle 9 alle 12 e dalle 14 in poi presso la casa funeraria Donadel di via Marisiga.<\/p>\n<p>Un ringraziamento da parte della famiglia \u00e8 stato porto al personale del Suem 118, per l&#8217;umanit\u00e0 e la professionalit\u00e0 dimostrata<\/p>\n<p>&nbsp;<\/p>\n<p>&nbsp;<\/p>\n<hr \/>\n<p>&nbsp;<\/p>\n<blockquote>\n<h3>Arrestato un uomo per detenzione di droga: sequestrati cocaina e 43.000 euro in contanti<\/h3>\n<\/blockquote>\n<p><strong style=\"font-size: 14px;\"><a class=\"dt-pswp-item\" href=\"https:\/\/www.radiopiu.net\/wordpress\/wp-content\/uploads\/2025\/03\/Questura-di-Belluno-allegato-comunicato-stampa-del-03.03.2025-arresto-.ocaina-scaled.jpg\" data-dt-img-description=\"\" data-large_image_width=\"2560\" data-large_image_height=\"2282\"><img loading=\"lazy\" decoding=\"async\" class=\" wp-image-437712 alignleft\" src=\"https:\/\/www.radiopiu.net\/wordpress\/wp-content\/uploads\/2025\/03\/Questura-di-Belluno-allegato-comunicato-stampa-del-03.03.2025-arresto-.ocaina-300x267.jpg\" alt=\"\" width=\"158\" height=\"141\" srcset=\"https:\/\/www.radiopiu.net\/wordpress\/wp-content\/uploads\/2025\/03\/Questura-di-Belluno-allegato-comunicato-stampa-del-03.03.2025-arresto-.ocaina-300x267.jpg 300w, https:\/\/www.radiopiu.net\/wordpress\/wp-content\/uploads\/2025\/03\/Questura-di-Belluno-allegato-comunicato-stampa-del-03.03.2025-arresto-.ocaina-1024x913.jpg 1024w, https:\/\/www.radiopiu.net\/wordpress\/wp-content\/uploads\/2025\/03\/Questura-di-Belluno-allegato-comunicato-stampa-del-03.03.2025-arresto-.ocaina-768x685.jpg 768w, https:\/\/www.radiopiu.net\/wordpress\/wp-content\/uploads\/2025\/03\/Questura-di-Belluno-allegato-comunicato-stampa-del-03.03.2025-arresto-.ocaina-1536x1369.jpg 1536w, https:\/\/www.radiopiu.net\/wordpress\/wp-content\/uploads\/2025\/03\/Questura-di-Belluno-allegato-comunicato-stampa-del-03.03.2025-arresto-.ocaina-2048x1825.jpg 2048w\" sizes=\"auto, (max-width: 158px) 100vw, 158px\" \/><\/a>BELLUNO\u00a0<\/strong><span style=\"font-size: 14px; font-weight: normal;\"> La Squadra Mobile di Belluno ha arrestato in flagranza di reato un cittadino italiano, classe 1963, per detenzione di sostanza stupefacente. L&#8217;operazione rientra in un pi\u00f9 ampio servizio di prevenzione e repressione dei reati legati alla droga, che nei giorni scorsi aveva gi\u00e0 portato all\u2019arresto di un giovane in possesso di hashish e ketamina. <\/span>L\u2019uomo \u00e8 stato fermato nei pressi della sua abitazione e trovato con materiale per il confezionamento e circa 9.000 euro in contanti. La successiva perquisizione domiciliare ha portato alla scoperta di 30 grammi di cocaina, ulteriori 34.000 euro in banconote di vario taglio, due bilancini di precisione e altro materiale utile al confezionamento della droga, nascosti in diversi punti della casa. L\u2019arrestato \u00e8 stato posto agli arresti domiciliari su disposizione dell\u2019autorit\u00e0 giudiziaria. L\u2019indagine della Squadra Mobile prosegue per ricostruire eventuali collegamenti e il giro di spaccio legato alla sostanza sequestrata.<\/p>\n<p>&nbsp;<\/p>\n<p>&nbsp;<\/p>\n<hr \/>\n<p>&nbsp;<\/p>\n<blockquote>\n<h3 class=\"entry-title\">Cibiana di Cadore: dimissioni del sindaco e della maggioranza, il Comune verso lo scioglimento<\/h3>\n<\/blockquote>\n<p><strong>CIBIANA<\/strong><\/p>\n<p data-start=\"102\" data-end=\"508\"><img loading=\"lazy\" decoding=\"async\" class=\"alignleft\" src=\"https:\/\/www.radiopiu.net\/wordpress\/wp-content\/uploads\/2022\/05\/chiesa-di-cibiano.webp\" width=\"216\" height=\"123\" \/>A seguito delle dimissioni di sei consiglieri di maggioranza e del sindaco, si \u00e8 concretizzata la condizione prevista dall\u2019apposito Decreto Legislativo, che porta allo scioglimento del Consiglio comunale. <a class=\"dt-pswp-item\" href=\"https:\/\/www.radiopiu.net\/wordpress\/wp-content\/uploads\/2025\/03\/Senza-nome-10.png\" data-dt-img-description=\"\" data-large_image_width=\"159\" data-large_image_height=\"206\"><img loading=\"lazy\" decoding=\"async\" class=\"size-full wp-image-437755 alignright\" src=\"https:\/\/www.radiopiu.net\/wordpress\/wp-content\/uploads\/2025\/03\/Senza-nome-10.png\" alt=\"\" width=\"159\" height=\"206\" \/><\/a>Nella giornata odierna, la Prefettura ha trasmesso al Ministero dell\u2019Interno la proposta di scioglimento ufficiale dell\u2019organo amministrativo. Nominato il\u00a0\u00a0 Commissario Prefettizio: il Vice Prefetto Antonio Russo, che avr\u00e0 il compito di amministrare il Comune fino alle nuove elezioni. La decisione arriva in un momento delicato per il Comune, che ora dovr\u00e0 affrontare un periodo di gestione commissariale in attesa di un nuovo assetto politico e amministrativo.<\/p>\n<p data-start=\"102\" data-end=\"508\">foto, il sindaco dimissionario<strong>Sandro Gerardi\u00a0\u00a0<\/strong><\/p>\n<blockquote>\n<p data-start=\"102\" data-end=\"508\">\n<\/blockquote>\n<hr \/>\n<blockquote>\n<h3>GIORNATA IMPEGNATIVA PER IL SUEM 118: SOCCORSI SULLE PISTE E INCIDENTI STRADALI<\/h3>\n<\/blockquote>\n<p><a class=\"dt-pswp-item\" href=\"https:\/\/www.radiopiu.net\/wordpress\/wp-content\/uploads\/2025\/03\/7b29b4ff-f93b-481e-b261-d3ef19951071.jpg\" data-dt-img-description=\"\" data-large_image_width=\"2048\" data-large_image_height=\"1536\"><img loading=\"lazy\" decoding=\"async\" class=\" wp-image-437632 alignleft\" src=\"https:\/\/www.radiopiu.net\/wordpress\/wp-content\/uploads\/2025\/03\/7b29b4ff-f93b-481e-b261-d3ef19951071-300x225.jpg\" alt=\"\" width=\"219\" height=\"164\" srcset=\"https:\/\/www.radiopiu.net\/wordpress\/wp-content\/uploads\/2025\/03\/7b29b4ff-f93b-481e-b261-d3ef19951071-300x225.jpg 300w, https:\/\/www.radiopiu.net\/wordpress\/wp-content\/uploads\/2025\/03\/7b29b4ff-f93b-481e-b261-d3ef19951071-1024x768.jpg 1024w, https:\/\/www.radiopiu.net\/wordpress\/wp-content\/uploads\/2025\/03\/7b29b4ff-f93b-481e-b261-d3ef19951071-768x576.jpg 768w, https:\/\/www.radiopiu.net\/wordpress\/wp-content\/uploads\/2025\/03\/7b29b4ff-f93b-481e-b261-d3ef19951071-1536x1152.jpg 1536w, https:\/\/www.radiopiu.net\/wordpress\/wp-content\/uploads\/2025\/03\/7b29b4ff-f93b-481e-b261-d3ef19951071.jpg 2048w\" sizes=\"auto, (max-width: 219px) 100vw, 219px\" \/><\/a><strong>REDAZIONE<\/strong> Questi gli interventi del Suem. Alle 9 incidente a Dosoledo, coinvolta una donna 53enne di Belluno portata in ospedale a Belluno nel rendez vous tra i volontari dell&#8217;ambulanza di Santo Stefano e i sanitari a bordo di Falco. Alle 10.30 doppia chiamata per incidenti sugli sci, a Falcade pista Col Margheria, un uomo \u00e8 stato soccorso e portato all&#8217;ospedale di Cavalese (foto) e a Cortina pista Olympia, un russo di 24 anni \u00e8 caduto rovinosamente. Tutte le persone soccorse sono entrate in ospedale con un codice di media gravit\u00e0. Momenti di paura a Pescul, sul comprensorio del Civetta, dove poco dopo <strong><a class=\"dt-pswp-item\" href=\"https:\/\/www.radiopiu.net\/wordpress\/wp-content\/uploads\/2025\/03\/f2fc08de-7c85-4e9b-8d94-d03e9647cbf6.jpg\" data-dt-img-description=\"\" data-large_image_width=\"2048\" data-large_image_height=\"1536\"><img loading=\"lazy\" decoding=\"async\" class=\"size-medium wp-image-437633 alignright\" src=\"https:\/\/www.radiopiu.net\/wordpress\/wp-content\/uploads\/2025\/03\/f2fc08de-7c85-4e9b-8d94-d03e9647cbf6-300x225.jpg\" alt=\"\" width=\"300\" height=\"225\" srcset=\"https:\/\/www.radiopiu.net\/wordpress\/wp-content\/uploads\/2025\/03\/f2fc08de-7c85-4e9b-8d94-d03e9647cbf6-300x225.jpg 300w, https:\/\/www.radiopiu.net\/wordpress\/wp-content\/uploads\/2025\/03\/f2fc08de-7c85-4e9b-8d94-d03e9647cbf6-1024x768.jpg 1024w, https:\/\/www.radiopiu.net\/wordpress\/wp-content\/uploads\/2025\/03\/f2fc08de-7c85-4e9b-8d94-d03e9647cbf6-768x576.jpg 768w, https:\/\/www.radiopiu.net\/wordpress\/wp-content\/uploads\/2025\/03\/f2fc08de-7c85-4e9b-8d94-d03e9647cbf6-1536x1152.jpg 1536w, https:\/\/www.radiopiu.net\/wordpress\/wp-content\/uploads\/2025\/03\/f2fc08de-7c85-4e9b-8d94-d03e9647cbf6.jpg 2048w\" sizes=\"auto, (max-width: 300px) 100vw, 300px\" \/><\/a><\/strong>mezzogiorno una minore residente a Caserta \u00e8 rimasta coinvolta in un incidente sciistico. Il SUEM 118 ha predisposto il trasporto in elicottero all\u2019ospedale di Belluno. Poco dopo le 12:30 una donna di 57 anni, residente a Treviso, ha riportato un trauma cranico e agli arti. I soccorsi sono stati affidati all&#8217;elicottero di Aiut Apin Dolomites che ha portato la paziente a Cortina. Alle 13:15 un uomo veneziano di 66 anni ha subito un trauma cranico sulle piste di Socrepes ed \u00e8 stato trasportato all\u2019ospedale di Belluno con l\u2019elicottero Falco, assistito anche dall\u2019ambulanza di Cortina. Alle 14:50 un altro incidente ha coinvolto un uomo che ha riportato un trauma agli arti superiori. Il SUEM 118 ha attivato l\u2019elicottero Falco per il trasferimento all\u2019ospedale di Belluno. Infine, alle 16 a Cortina, \u00e8 stato soccorso un giovane originario di Verona a causa di un trauma cranico. Il 19enne \u00e8 stato elitrasportato al San Martino di Belluno. In totale sono stati 20 gli interventi sulle piste da sci della provincia nelle ultime 24 ore.<\/p>\n<p><strong>grazie a Diego Costa per le foto\u00a0<\/strong><\/p>\n<p>&nbsp;<\/p>\n<p>&nbsp;<\/p>\n<hr \/>\n<p>&nbsp;<\/p>\n<blockquote>\n<h2>UN QUARTO D&#8217;ORA SOTTO LE NEVE, LA STORIA<\/h2>\n<\/blockquote>\n<p><strong>FRASSENE&#8217; DI\u00a0 VOLTAGO AGORDINO<\/strong><\/p>\n<div class=\"flex max-w-full flex-col flex-grow\">\n<div class=\"min-h-8 text-message relative flex w-full flex-col items-end gap-2 whitespace-normal break-words text-start [.text-message+&amp;]:mt-5\" dir=\"auto\" data-message-author-role=\"assistant\" data-message-id=\"21e99051-7868-4d88-86db-341d54ddb422\" data-message-model-slug=\"gpt-4o\">\n<div class=\"flex w-full flex-col gap-1 empty:hidden first:pt-[3px]\">\n<div class=\"markdown prose w-full break-words dark:prose-invert dark\">\n<p data-start=\"36\" data-end=\"533\" data-is-last-node=\"\" data-is-only-node=\"\"><img loading=\"lazy\" decoding=\"async\" class=\"alignleft\" src=\"https:\/\/www.radiopiu.net\/wordpress\/wp-content\/uploads\/2025\/03\/aaaaaaaaa.png\" width=\"281\" height=\"206\" \/>milanese di origine, agordina di\u00a0 d&#8217;adozione, 34 anni, \u00e8 sopravvissuta a una valanga a Passo Cibiana grazie ai dispositivi di autosoccorso e all\u2019intervento immediato degli altri escursionisti. Sepolta per circa dieci minuti, \u00e8 stata recuperata e trasportata in ospedale con un trauma alla gamba. Fondamentale l\u2019uso di artva, pala e sonda, strumenti essenziali in montagna. Gli esperti del Soccorso Alpino sottolineano l\u2019importanza della rapidit\u00e0 nel recupero<\/p>\n<p data-start=\"36\" data-end=\"533\" data-is-last-node=\"\" data-is-only-node=\"\"><strong><em>La curva di sopravvivenza non mente: quando si \u00e8 travolti da una valanga, se si \u00e8 soccorsi entro i primi 18 minuti si ha il 90% di probabilit\u00e0 di sopravvivere; oltre questo tempo la percentuale si abbassa drasticamente fino al 25% dopo 45\u2032. Il tutto considerando le migliori condizioni possibili, ovvero essere vestiti in modo adatto, saper cosa fare e trovare della neve della consistenza tale per cui si possa respirare almeno un po\u2019.\u00a0<\/em><\/strong><\/p>\n<p data-start=\"36\" data-end=\"533\" data-is-last-node=\"\" data-is-only-node=\"\">\n<\/div>\n<\/div>\n<\/div>\n<\/div>\n<h1 class=\"_title post-title entry-title\"><a class=\"dt-pswp-item\" href=\"https:\/\/www.radiopiu.net\/wordpress\/wp-content\/uploads\/2023\/12\/ANTENNA.png\" data-dt-img-description=\"\" data-large_image_width=\"300\" data-large_image_height=\"166\"><img loading=\"lazy\" decoding=\"async\" class=\"size-full wp-image-366306 alignleft\" src=\"https:\/\/www.radiopiu.net\/wordpress\/wp-content\/uploads\/2023\/12\/ANTENNA.png\" alt=\"\" width=\"300\" height=\"166\" \/><\/a><\/h1>\n<h1 class=\"_title post-title entry-title\">CIBIANA DI CADORE | DUE SLAVINE E TRE FERITI: DOMENICA DA INCUBO<\/h1>\n<p>Un 53enne di Belluno \u00e8 stato accompagnato a Pieve di Cadore in codice 2, una 34enne di Voltago Agordino, ritrovata oltre 300 metri pi\u00f9 in basso, \u00e8 stata medicata, imbarellata e trasportata dall\u2019elicottero del Suem di Pieve di Cadore all\u2019ospedale di Belluno con un sospetto grave trauma alla gamba.<\/p>\n<p>\u2013 Intervistati DIMITRI DE GOL (VICE DELEGATO SOCCORSO ALPINO BELLUNO) (Servizio di\u00a0<a href=\"https:\/\/antennatre.medianordest.it\/redazione\/Fabio-Fioravanzi\/\">Fabio Fioravanzi<\/a>)<\/p>\n<p><iframe loading=\"lazy\" title=\"DUE SLAVINE E TRE FERITI: DOMENICA DA INCUBO | 03\/03\/2025\" width=\"1200\" height=\"675\" src=\"https:\/\/www.youtube.com\/embed\/sNd-1bKxI30?feature=oembed\" frameborder=\"0\" allow=\"accelerometer; autoplay; clipboard-write; encrypted-media; gyroscope; picture-in-picture; web-share\" referrerpolicy=\"strict-origin-when-cross-origin\" allowfullscreen><\/iframe><\/p>\n<hr \/>\n<p>&nbsp;<\/p>\n<blockquote>\n<h3>TAMBRE , INCENDIO IN UN RICOVERO AGRICOLO: SALVA L\u2019ABITAZIONE VICINA<\/h3>\n<\/blockquote>\n<p><strong>TAMBRE <\/strong>Un incendio \u00e8 scoppiato nel pomeriggio di ieri in un ricovero agricolo a Tambre coinvolgendo anche un\u2019abitazione vicina. Nessuno \u00e8 rimasto ferito. Sul posto sono intervenuti i vigili del fuoco di Belluno, affiancati da squadre di Pieve di Cadore, Vittorio Veneto, Basso Feltrino e Alpago. In totale, 28 operatori con otto mezzi hanno affrontato le fiamme, gi\u00e0\u00a0 estese all\u2019intera struttura. Il tetto della casa vicina \u00e8 stato parzialmente danneggiato, ma l\u2019edificio \u00e8 stato salvato. Durante le operazioni, una bombola di GPL \u00e8 esplosa, complicando lo spegnimento. L\u2019incendio \u00e8 stato domato dopo un lungo intervento.<\/p>\n\n\t\t\t<style type='text\/css'>\n\t\t\t\t#gallery-1 {\n\t\t\t\t\tmargin: auto;\n\t\t\t\t}\n\t\t\t\t#gallery-1 .gallery-item {\n\t\t\t\t\tfloat: left;\n\t\t\t\t\tmargin-top: 10px;\n\t\t\t\t\ttext-align: center;\n\t\t\t\t\twidth: 33%;\n\t\t\t\t}\n\t\t\t\t#gallery-1 img {\n\t\t\t\t\tborder: 2px solid #cfcfcf;\n\t\t\t\t}\n\t\t\t\t#gallery-1 .gallery-caption {\n\t\t\t\t\tmargin-left: 0;\n\t\t\t\t}\n\t\t\t\t\/* see gallery_shortcode() in wp-includes\/media.php *\/\n\t\t\t<\/style>\n\t\t<div id='gallery-1' class='dt-gallery-container gallery galleryid-437559 gallery-columns-3 gallery-size-medium'><dl class='gallery-item'>\n\t\t\t\t<dt class='gallery-icon landscape'>\n\t\t\t\t\t<a class=\"rollover rollover-zoom dt-pswp-item\" title=\"424131a6-5cfc-4953-9bf3-54f06c5fd374\" data-dt-img-description=\"\" data-large_image_width=\"1280\" data-large_image_height=\"722\"href='https:\/\/www.radiopiu.net\/wordpress\/wp-content\/uploads\/2025\/03\/424131a6-5cfc-4953-9bf3-54f06c5fd374.jpeg'><img loading=\"lazy\" decoding=\"async\" width=\"300\" height=\"169\" src=\"https:\/\/www.radiopiu.net\/wordpress\/wp-content\/uploads\/2025\/03\/424131a6-5cfc-4953-9bf3-54f06c5fd374-300x169.jpeg\" class=\"attachment-medium size-medium\" alt=\"\" srcset=\"https:\/\/www.radiopiu.net\/wordpress\/wp-content\/uploads\/2025\/03\/424131a6-5cfc-4953-9bf3-54f06c5fd374-300x169.jpeg 300w, https:\/\/www.radiopiu.net\/wordpress\/wp-content\/uploads\/2025\/03\/424131a6-5cfc-4953-9bf3-54f06c5fd374-1024x578.jpeg 1024w, https:\/\/www.radiopiu.net\/wordpress\/wp-content\/uploads\/2025\/03\/424131a6-5cfc-4953-9bf3-54f06c5fd374-768x433.jpeg 768w, https:\/\/www.radiopiu.net\/wordpress\/wp-content\/uploads\/2025\/03\/424131a6-5cfc-4953-9bf3-54f06c5fd374.jpeg 1280w\" sizes=\"auto, (max-width: 300px) 100vw, 300px\" \/><\/a>\n\t\t\t\t<\/dt><\/dl><dl class='gallery-item'>\n\t\t\t\t<dt class='gallery-icon landscape'>\n\t\t\t\t\t<a class=\"rollover rollover-zoom dt-pswp-item\" title=\"2114684d-2604-4eda-a47e-fd9e2897d67e\" data-dt-img-description=\"\" data-large_image_width=\"1280\" data-large_image_height=\"722\"href='https:\/\/www.radiopiu.net\/wordpress\/wp-content\/uploads\/2025\/03\/2114684d-2604-4eda-a47e-fd9e2897d67e.jpeg'><img loading=\"lazy\" decoding=\"async\" width=\"300\" height=\"169\" src=\"https:\/\/www.radiopiu.net\/wordpress\/wp-content\/uploads\/2025\/03\/2114684d-2604-4eda-a47e-fd9e2897d67e-300x169.jpeg\" class=\"attachment-medium size-medium\" alt=\"\" srcset=\"https:\/\/www.radiopiu.net\/wordpress\/wp-content\/uploads\/2025\/03\/2114684d-2604-4eda-a47e-fd9e2897d67e-300x169.jpeg 300w, https:\/\/www.radiopiu.net\/wordpress\/wp-content\/uploads\/2025\/03\/2114684d-2604-4eda-a47e-fd9e2897d67e-1024x578.jpeg 1024w, https:\/\/www.radiopiu.net\/wordpress\/wp-content\/uploads\/2025\/03\/2114684d-2604-4eda-a47e-fd9e2897d67e-768x433.jpeg 768w, https:\/\/www.radiopiu.net\/wordpress\/wp-content\/uploads\/2025\/03\/2114684d-2604-4eda-a47e-fd9e2897d67e.jpeg 1280w\" sizes=\"auto, (max-width: 300px) 100vw, 300px\" \/><\/a>\n\t\t\t\t<\/dt><\/dl><dl class='gallery-item'>\n\t\t\t\t<dt class='gallery-icon landscape'>\n\t\t\t\t\t<a class=\"rollover rollover-zoom dt-pswp-item\" title=\"45ba832f-df49-4866-9794-dc8080736ba7\" data-dt-img-description=\"\" data-large_image_width=\"900\" data-large_image_height=\"599\"href='https:\/\/www.radiopiu.net\/wordpress\/wp-content\/uploads\/2025\/03\/45ba832f-df49-4866-9794-dc8080736ba7.jpeg'><img loading=\"lazy\" decoding=\"async\" width=\"300\" height=\"200\" src=\"https:\/\/www.radiopiu.net\/wordpress\/wp-content\/uploads\/2025\/03\/45ba832f-df49-4866-9794-dc8080736ba7-300x200.jpeg\" class=\"attachment-medium size-medium\" alt=\"\" srcset=\"https:\/\/www.radiopiu.net\/wordpress\/wp-content\/uploads\/2025\/03\/45ba832f-df49-4866-9794-dc8080736ba7-300x200.jpeg 300w, https:\/\/www.radiopiu.net\/wordpress\/wp-content\/uploads\/2025\/03\/45ba832f-df49-4866-9794-dc8080736ba7-768x511.jpeg 768w, https:\/\/www.radiopiu.net\/wordpress\/wp-content\/uploads\/2025\/03\/45ba832f-df49-4866-9794-dc8080736ba7.jpeg 900w\" sizes=\"auto, (max-width: 300px) 100vw, 300px\" \/><\/a>\n\t\t\t\t<\/dt><\/dl><br style=\"clear: both\" \/><dl class='gallery-item'>\n\t\t\t\t<dt class='gallery-icon landscape'>\n\t\t\t\t\t<a class=\"rollover rollover-zoom dt-pswp-item\" title=\"5018f8f2-6062-44c7-9c09-186dff0003f1\" data-dt-img-description=\"\" data-large_image_width=\"1280\" data-large_image_height=\"722\"href='https:\/\/www.radiopiu.net\/wordpress\/wp-content\/uploads\/2025\/03\/5018f8f2-6062-44c7-9c09-186dff0003f1.jpeg'><img loading=\"lazy\" decoding=\"async\" width=\"300\" height=\"169\" src=\"https:\/\/www.radiopiu.net\/wordpress\/wp-content\/uploads\/2025\/03\/5018f8f2-6062-44c7-9c09-186dff0003f1-300x169.jpeg\" class=\"attachment-medium size-medium\" alt=\"\" srcset=\"https:\/\/www.radiopiu.net\/wordpress\/wp-content\/uploads\/2025\/03\/5018f8f2-6062-44c7-9c09-186dff0003f1-300x169.jpeg 300w, https:\/\/www.radiopiu.net\/wordpress\/wp-content\/uploads\/2025\/03\/5018f8f2-6062-44c7-9c09-186dff0003f1-1024x578.jpeg 1024w, https:\/\/www.radiopiu.net\/wordpress\/wp-content\/uploads\/2025\/03\/5018f8f2-6062-44c7-9c09-186dff0003f1-768x433.jpeg 768w, https:\/\/www.radiopiu.net\/wordpress\/wp-content\/uploads\/2025\/03\/5018f8f2-6062-44c7-9c09-186dff0003f1.jpeg 1280w\" sizes=\"auto, (max-width: 300px) 100vw, 300px\" \/><\/a>\n\t\t\t\t<\/dt><\/dl><dl class='gallery-item'>\n\t\t\t\t<dt class='gallery-icon landscape'>\n\t\t\t\t\t<a class=\"rollover rollover-zoom dt-pswp-item\" title=\"fdcb363a-9671-48d1-ad57-fc5a295e794a\" data-dt-img-description=\"\" data-large_image_width=\"1280\" data-large_image_height=\"722\"href='https:\/\/www.radiopiu.net\/wordpress\/wp-content\/uploads\/2025\/03\/fdcb363a-9671-48d1-ad57-fc5a295e794a.jpeg'><img loading=\"lazy\" decoding=\"async\" width=\"300\" height=\"169\" src=\"https:\/\/www.radiopiu.net\/wordpress\/wp-content\/uploads\/2025\/03\/fdcb363a-9671-48d1-ad57-fc5a295e794a-300x169.jpeg\" class=\"attachment-medium size-medium\" alt=\"\" srcset=\"https:\/\/www.radiopiu.net\/wordpress\/wp-content\/uploads\/2025\/03\/fdcb363a-9671-48d1-ad57-fc5a295e794a-300x169.jpeg 300w, https:\/\/www.radiopiu.net\/wordpress\/wp-content\/uploads\/2025\/03\/fdcb363a-9671-48d1-ad57-fc5a295e794a-1024x578.jpeg 1024w, https:\/\/www.radiopiu.net\/wordpress\/wp-content\/uploads\/2025\/03\/fdcb363a-9671-48d1-ad57-fc5a295e794a-768x433.jpeg 768w, https:\/\/www.radiopiu.net\/wordpress\/wp-content\/uploads\/2025\/03\/fdcb363a-9671-48d1-ad57-fc5a295e794a.jpeg 1280w\" sizes=\"auto, (max-width: 300px) 100vw, 300px\" \/><\/a>\n\t\t\t\t<\/dt><\/dl><dl class='gallery-item'>\n\t\t\t\t<dt class='gallery-icon landscape'>\n\t\t\t\t\t<a class=\"rollover rollover-zoom dt-pswp-item\" title=\"15fe6cff-e91d-4972-bf8c-98561d6959d8\" data-dt-img-description=\"\" data-large_image_width=\"1280\" data-large_image_height=\"722\"href='https:\/\/www.radiopiu.net\/wordpress\/wp-content\/uploads\/2025\/03\/15fe6cff-e91d-4972-bf8c-98561d6959d8.jpeg'><img loading=\"lazy\" decoding=\"async\" width=\"300\" height=\"169\" src=\"https:\/\/www.radiopiu.net\/wordpress\/wp-content\/uploads\/2025\/03\/15fe6cff-e91d-4972-bf8c-98561d6959d8-300x169.jpeg\" class=\"attachment-medium size-medium\" alt=\"\" srcset=\"https:\/\/www.radiopiu.net\/wordpress\/wp-content\/uploads\/2025\/03\/15fe6cff-e91d-4972-bf8c-98561d6959d8-300x169.jpeg 300w, https:\/\/www.radiopiu.net\/wordpress\/wp-content\/uploads\/2025\/03\/15fe6cff-e91d-4972-bf8c-98561d6959d8-1024x578.jpeg 1024w, https:\/\/www.radiopiu.net\/wordpress\/wp-content\/uploads\/2025\/03\/15fe6cff-e91d-4972-bf8c-98561d6959d8-768x433.jpeg 768w, https:\/\/www.radiopiu.net\/wordpress\/wp-content\/uploads\/2025\/03\/15fe6cff-e91d-4972-bf8c-98561d6959d8.jpeg 1280w\" sizes=\"auto, (max-width: 300px) 100vw, 300px\" \/><\/a>\n\t\t\t\t<\/dt><\/dl><br style=\"clear: both\" \/>\n\t\t\t<\/div>\n\n<p>&nbsp;<\/p>\n<p>&nbsp;<\/p>\n<hr \/>\n<p>&nbsp;<\/p>\n<blockquote>\n<h3>CANNA FUMARIA IN FIAMME AD AGORDO<\/h3>\n<\/blockquote>\n<p><strong>AGORDO<\/strong> Intervento dei Vigili Del Fuoco ieri sera ad Agordo per un incendio di una canna fumaria. L&#8217;intervento sulla strada che porta a La Valle Agordina, poco prima dei campi da tennis. Sul posto due mezzi dei Vigili del Fuoco di Agordo che hanno spento le fiamme al camino e messo in sicurezza l&#8217;abitazione.<\/p>\n\n\t\t\t<style type='text\/css'>\n\t\t\t\t#gallery-2 {\n\t\t\t\t\tmargin: auto;\n\t\t\t\t}\n\t\t\t\t#gallery-2 .gallery-item {\n\t\t\t\t\tfloat: left;\n\t\t\t\t\tmargin-top: 10px;\n\t\t\t\t\ttext-align: center;\n\t\t\t\t\twidth: 25%;\n\t\t\t\t}\n\t\t\t\t#gallery-2 img {\n\t\t\t\t\tborder: 2px solid #cfcfcf;\n\t\t\t\t}\n\t\t\t\t#gallery-2 .gallery-caption {\n\t\t\t\t\tmargin-left: 0;\n\t\t\t\t}\n\t\t\t\t\/* see gallery_shortcode() in wp-includes\/media.php *\/\n\t\t\t<\/style>\n\t\t<div id='gallery-2' class='dt-gallery-container gallery galleryid-437559 gallery-columns-4 gallery-size-thumbnail'><dl class='gallery-item'>\n\t\t\t\t<dt class='gallery-icon landscape'>\n\t\t\t\t\t<a class=\"rollover rollover-zoom dt-pswp-item\" title=\"0ea4b266-581f-4691-8140-9b685f5654a6\" data-dt-img-description=\"\" data-large_image_width=\"1600\" data-large_image_height=\"1200\"href='https:\/\/www.radiopiu.net\/wordpress\/wp-content\/uploads\/2025\/03\/0ea4b266-581f-4691-8140-9b685f5654a6.jpg'><img loading=\"lazy\" decoding=\"async\" width=\"150\" height=\"150\" src=\"https:\/\/www.radiopiu.net\/wordpress\/wp-content\/uploads\/2025\/03\/0ea4b266-581f-4691-8140-9b685f5654a6-150x150.jpg\" class=\"attachment-thumbnail size-thumbnail\" alt=\"\" \/><\/a>\n\t\t\t\t<\/dt><\/dl><dl class='gallery-item'>\n\t\t\t\t<dt class='gallery-icon landscape'>\n\t\t\t\t\t<a class=\"rollover rollover-zoom dt-pswp-item\" title=\"61f9edc7-28f6-47f5-a0ef-cb0155fa587d\" data-dt-img-description=\"\" data-large_image_width=\"1600\" data-large_image_height=\"1200\"href='https:\/\/www.radiopiu.net\/wordpress\/wp-content\/uploads\/2025\/03\/61f9edc7-28f6-47f5-a0ef-cb0155fa587d.jpg'><img loading=\"lazy\" decoding=\"async\" width=\"150\" height=\"150\" src=\"https:\/\/www.radiopiu.net\/wordpress\/wp-content\/uploads\/2025\/03\/61f9edc7-28f6-47f5-a0ef-cb0155fa587d-150x150.jpg\" class=\"attachment-thumbnail size-thumbnail\" alt=\"\" \/><\/a>\n\t\t\t\t<\/dt><\/dl><dl class='gallery-item'>\n\t\t\t\t<dt class='gallery-icon landscape'>\n\t\t\t\t\t<a class=\"rollover rollover-zoom dt-pswp-item\" title=\"a72eb516-3141-4ad6-8302-8aa61810abb6\" data-dt-img-description=\"\" data-large_image_width=\"1600\" data-large_image_height=\"1200\"href='https:\/\/www.radiopiu.net\/wordpress\/wp-content\/uploads\/2025\/03\/a72eb516-3141-4ad6-8302-8aa61810abb6.jpg'><img loading=\"lazy\" decoding=\"async\" width=\"150\" height=\"150\" src=\"https:\/\/www.radiopiu.net\/wordpress\/wp-content\/uploads\/2025\/03\/a72eb516-3141-4ad6-8302-8aa61810abb6-150x150.jpg\" class=\"attachment-thumbnail size-thumbnail\" alt=\"\" \/><\/a>\n\t\t\t\t<\/dt><\/dl><dl class='gallery-item'>\n\t\t\t\t<dt class='gallery-icon landscape'>\n\t\t\t\t\t<a class=\"rollover rollover-zoom dt-pswp-item\" title=\"ac113171-0a15-4511-8455-6037ba875db5\" data-dt-img-description=\"\" data-large_image_width=\"2048\" data-large_image_height=\"1152\"href='https:\/\/www.radiopiu.net\/wordpress\/wp-content\/uploads\/2025\/03\/ac113171-0a15-4511-8455-6037ba875db5.jpg'><img loading=\"lazy\" decoding=\"async\" width=\"150\" height=\"150\" src=\"https:\/\/www.radiopiu.net\/wordpress\/wp-content\/uploads\/2025\/03\/ac113171-0a15-4511-8455-6037ba875db5-150x150.jpg\" class=\"attachment-thumbnail size-thumbnail\" alt=\"\" \/><\/a>\n\t\t\t\t<\/dt><\/dl><br style=\"clear: both\" \/>\n\t\t\t<\/div>\n\n<p>&nbsp;<\/p>\n<hr \/>\n<p>&nbsp;<\/p>\n<blockquote>\n<p data-start=\"0\" data-end=\"63\"><strong data-start=\"0\" data-end=\"61\"><a class=\"dt-pswp-item\" href=\"https:\/\/www.radiopiu.net\/wordpress\/wp-content\/uploads\/2025\/02\/VIGILI-FUOCO.jpeg\" data-dt-img-description=\"\" data-large_image_width=\"996\" data-large_image_height=\"634\"><img loading=\"lazy\" decoding=\"async\" class=\"wp-image-436114 alignleft\" src=\"https:\/\/www.radiopiu.net\/wordpress\/wp-content\/uploads\/2025\/02\/VIGILI-FUOCO-300x191.jpeg\" alt=\"\" width=\"118\" height=\"75\" srcset=\"https:\/\/www.radiopiu.net\/wordpress\/wp-content\/uploads\/2025\/02\/VIGILI-FUOCO-300x191.jpeg 300w, https:\/\/www.radiopiu.net\/wordpress\/wp-content\/uploads\/2025\/02\/VIGILI-FUOCO-768x489.jpeg 768w, https:\/\/www.radiopiu.net\/wordpress\/wp-content\/uploads\/2025\/02\/VIGILI-FUOCO.jpeg 996w\" sizes=\"auto, (max-width: 118px) 100vw, 118px\" \/><\/a>Borgo Valbelluna, guasto al bombolone: pompieri in azione<\/strong><\/p>\n<\/blockquote>\n<p data-start=\"65\" data-end=\"335\" data-is-last-node=\"\" data-is-only-node=\"\"><strong>BORGO VALBELLUNA<\/strong> Ieri mattina a Lentiai un forte odore di gas ha allertato i residenti. I vigili del fuoco, insieme a Italgas, hanno individuato un guasto a un riduttore di pressione del bombolone che serve una palazzina. L\u2019intervento, durato cinque ore, si \u00e8 concluso senza evacuazioni.<\/p>\n<p>&nbsp;<\/p>\n<p>&nbsp;<\/p>\n<hr \/>\n<p>&nbsp;<\/p>\n<blockquote>\n<p data-start=\"0\" data-end=\"99\"><strong data-start=\"0\" data-end=\"97\">Fonzaso, crollo di un muro in via Sant\u2019Anna: strada chiusa, incerto il futuro della ciclabile<\/strong><\/p>\n<\/blockquote>\n<p data-start=\"101\" data-end=\"651\" data-is-last-node=\"\" data-is-only-node=\"\"><strong><a class=\"dt-pswp-item\" href=\"https:\/\/www.radiopiu.net\/wordpress\/wp-content\/uploads\/2025\/03\/Senza-nome-11.png\" data-dt-img-description=\"\" data-large_image_width=\"72\" data-large_image_height=\"86\"><img loading=\"lazy\" decoding=\"async\" class=\"size-full wp-image-437763 alignleft\" src=\"https:\/\/www.radiopiu.net\/wordpress\/wp-content\/uploads\/2025\/03\/Senza-nome-11.png\" alt=\"\" width=\"72\" height=\"86\" \/><\/a>FONZASO<\/strong> Un tratto del muro di sostegno lungo via Sant\u2019Anna \u00e8 crollato, causando la chiusura della strada al traffico veicolare. Il Comune ha emesso un\u2019ordinanza per garantire la sicurezza, mentre l\u2019ufficio tecnico valuta tempi e modalit\u00e0 d\u2019intervento. L\u2019assessore Rossin evidenzia la fragilit\u00e0 dell\u2019area e il rischio per la futura pista ciclabile. Gi\u00e0 in passato si erano verificati smottamenti, nonostante lavori di consolidamento finanziati dall\u2019Unione montana feltrina. Ora si valuta se confermare il tracciato ciclabile o deviarlo su percorsi pi\u00f9 sicuri.<\/p>\n<p>&nbsp;<\/p>\n<hr \/>\n<p>&nbsp;<\/p>\n<h3>GARE MOTORISTICHE NEL PARCO. AMBIENTALISTI: ANCHE NO<\/h3>\n<p><img loading=\"lazy\" decoding=\"async\" class=\"alignleft\" src=\"https:\/\/www.radiopiu.net\/wordpress\/wp-content\/uploads\/2018\/09\/crocedaune.jpg\" width=\"209\" height=\"139\" \/><strong data-start=\"0\" data-end=\"50\">il WWF dice no<\/strong><\/p>\n<p data-start=\"54\" data-end=\"419\" data-is-last-node=\"\" data-is-only-node=\"\">Gli ambientalisti si oppongono alla deroga che esclude la Pedavena &#8211; Croce d&#8217;Aune dal divieto di competizioni nel Parco Nazionale Dolomiti Bellunesi.<\/p>\n<p data-start=\"54\" data-end=\"419\" data-is-last-node=\"\" data-is-only-node=\"\">Augusto De Nato (WWF) ricorda il voto contrario suo e di Ispra alla modifica del regolamento.<em> &#8220;Un Parco deve promuovere sostenibilit\u00e0, non corse automobilistiche&#8221;, sottolinea, in attesa della decisione ministeriale.<\/em><\/p>\n<p>&nbsp;<\/p>\n<p>&nbsp;<\/p>\n<blockquote><p>&nbsp;<\/p><\/blockquote>\n<hr \/>\n<p>&nbsp;<\/p>\n<blockquote>\n<h2>Medico accusato di spiare i dati sanitari dell&#8217;ex: rischia oltre 3 anni di carcere<\/h2>\n<\/blockquote>\n<p><strong>OGGI LA GIUDIZIARIA<\/strong><\/p>\n<p><strong>SUL CORRIERE DELLE ALPI_SINTESI<\/strong><br \/>\n<strong>GIGI SOSSO<\/strong><\/p>\n<p><strong><img loading=\"lazy\" decoding=\"async\" class=\"alignleft\" src=\"https:\/\/www.radiopiu.net\/wordpress\/wp-content\/uploads\/2023\/09\/594b8f93-ecf8-458e-a177-be693358dd1a.jpg\" width=\"163\" height=\"122\" \/>AGORDO<\/strong> Il medico anestesista D P, dell\u2019ospedale di Agordo, rischia una condanna a tre anni e due mesi per aver spiato i dati sanitari dell\u2019ex fidanzata. La Procura ha chiesto anche un risarcimento di 10 mila euro. Gi\u00e0 condannato a un anno per atti persecutori, avrebbe effettuato quattro accessi non autorizzati al sistema sanitario. L&#8217;Ulss 1 Dolomiti ha avviato un procedimento disciplinare, sospendendolo per sei mesi. La difesa chiede l&#8217;assoluzione, negando prove di accessi illegali. Il processo prosegue con nuove udienze.<\/p>\n<blockquote>\n<p data-start=\"0\" data-end=\"56\"><strong data-start=\"0\" data-end=\"54\">\u00a0<\/strong><\/p>\n<p data-start=\"0\" data-end=\"56\"><strong data-start=\"0\" data-end=\"54\">\u00a0<\/strong><\/p>\n<p data-start=\"0\" data-end=\"56\"><strong data-start=\"0\" data-end=\"54\">Il ladro con la mascherina: \u00e8 davvero Vainer Kari?<\/strong><\/p>\n<\/blockquote>\n<p data-start=\"58\" data-end=\"569\" data-is-last-node=\"\" data-is-only-node=\"\"><strong><a class=\"dt-pswp-item\" href=\"https:\/\/www.radiopiu.net\/wordpress\/wp-content\/uploads\/2025\/03\/mask-5391310_640.jpg\" data-dt-img-description=\"\" data-large_image_width=\"640\" data-large_image_height=\"414\"><img loading=\"lazy\" decoding=\"async\" class=\"wp-image-437768 alignleft\" src=\"https:\/\/www.radiopiu.net\/wordpress\/wp-content\/uploads\/2025\/03\/mask-5391310_640-300x194.jpg\" alt=\"\" width=\"190\" height=\"123\" srcset=\"https:\/\/www.radiopiu.net\/wordpress\/wp-content\/uploads\/2025\/03\/mask-5391310_640-300x194.jpg 300w, https:\/\/www.radiopiu.net\/wordpress\/wp-content\/uploads\/2025\/03\/mask-5391310_640.jpg 640w\" sizes=\"auto, (max-width: 190px) 100vw, 190px\" \/><\/a>AGORDO<\/strong> Vainer Kari 24enne di Arzignano con precedenti per furto, \u00e8 imputato per il furto di un bancomat e prelievi illeciti tra Cencenighe e Falcade. Nel 2022, con le restrizioni Covid ancora in vigore, le telecamere lo riprendono sempre con la mascherina, rendendo difficile l\u2019identificazione. L\u2019auto usata per il colpo non \u00e8 sua, ma vi \u00e8 stato visto alla guida. Il giudice ha evidenziato falle nelle indagini dei carabinieri. Il processo a Belluno \u00e8 ancora in corso, con la sentenza attesa nelle prossime settimane.<\/p>\n<p>&nbsp;<\/p>\n<p>&nbsp;<\/p>\n<p>&nbsp;<\/p>\n<hr \/>\n<p>&nbsp;<\/p>\n<blockquote>\n<h2>VINCA: preoccupazione tra amministratori, operatori economici e <a class=\"dt-pswp-item\" href=\"https:\/\/www.radiopiu.net\/wordpress\/wp-content\/uploads\/2019\/02\/bond1-e1550408229859.jpg\" data-dt-img-description=\"\" data-large_image_width=\"720\" data-large_image_height=\"416\"><img loading=\"lazy\" decoding=\"async\" class=\"size-medium wp-image-75798 alignleft\" src=\"https:\/\/www.radiopiu.net\/wordpress\/wp-content\/uploads\/2019\/02\/bond1-e1550408229859-300x173.jpg\" alt=\"\" width=\"300\" height=\"173\" srcset=\"https:\/\/www.radiopiu.net\/wordpress\/wp-content\/uploads\/2019\/02\/bond1-e1550408229859-300x173.jpg 300w, https:\/\/www.radiopiu.net\/wordpress\/wp-content\/uploads\/2019\/02\/bond1-e1550408229859.jpg 720w\" sizes=\"auto, (max-width: 300px) 100vw, 300px\" \/><\/a>cittadini<\/h2>\n<\/blockquote>\n<p><strong>REDAZIONE<\/strong> L\u2019entrata in vigore del nuovo regolamento regionale sulla Valutazione di Incidenza Ambientale (VINCA) sta sollevando numerose preoccupazioni tra professionisti, amministratori locali e operatori economici. Il presidente del Fondo Comuni Confinanti, Dario Bond, denuncia la complessit\u00e0 e la farraginosit\u00e0 delle norme, che potrebbero rallentare la gestione del territorio e le attivit\u00e0 economiche.<\/p>\n<p><span style=\"color: #ff0000;\"><strong>AUDIO, DARIO BOND<\/strong><\/span><\/p>\n<audio class=\"wp-audio-shortcode\" id=\"audio-437559-7\" preload=\"none\" style=\"width: 100%;\" controls=\"controls\"><source type=\"audio\/mpeg\" src=\"https:\/\/www.radiopiu.net\/wordpress\/wp-content\/uploads\/2025\/03\/Audio-Bond-su-VINCA-regionale-03.03.25.mp3?_=7\" \/><a href=\"https:\/\/www.radiopiu.net\/wordpress\/wp-content\/uploads\/2025\/03\/Audio-Bond-su-VINCA-regionale-03.03.25.mp3\">https:\/\/www.radiopiu.net\/wordpress\/wp-content\/uploads\/2025\/03\/Audio-Bond-su-VINCA-regionale-03.03.25.mp3<\/a><\/audio>\n<p>&nbsp;<\/p>\n<p>&nbsp;<\/p>\n<hr \/>\n<p>&nbsp;<\/p>\n<div class=\"bd_header_single bd_header_single_template_2\">\n<div class=\"bd-container\">\n<div class=\"bd_header_single_holder\">\n<h1 class=\"_title post-title entry-title\"><a class=\"dt-pswp-item\" href=\"https:\/\/www.radiopiu.net\/wordpress\/wp-content\/uploads\/2023\/12\/ANTENNA.png\" data-dt-img-description=\"\" data-large_image_width=\"300\" data-large_image_height=\"166\"><img loading=\"lazy\" decoding=\"async\" class=\"size-full wp-image-366306 alignleft\" src=\"https:\/\/www.radiopiu.net\/wordpress\/wp-content\/uploads\/2023\/12\/ANTENNA.png\" alt=\"\" width=\"300\" height=\"166\" \/><\/a><\/h1>\n<h1><\/h1>\n<h1 class=\"_title post-title entry-title\">VENEZIA | TERZO MANDATO? MESE DECISIVO. ZAIA: \u00abLA PAROLA ALLE SEGRETERIE\u00bb<\/h1>\n<div class=\"article-meta-info\">\n<div class=\"cfix\">La partita sul terzo mandato non \u00e8 affatto chiusa e Luca Zaia lo fa intendere in diretta sulle nostre emittenti. \u201cCruciale la sentenza sul caso De Luca, poi saranno le segreterie a decidere\u201d, dice tornando sul caso Ucraina e sull\u2019Autonomia. \u2013 Intervistati LUCA ZAIA (Presidente Regione Veneto \u2013 Lega), ANDREA MARTELLA (Senatore \u2013 Segretario Partito Democratico) (Servizio di <a href=\"https:\/\/antennatre.medianordest.it\/redazione\/Cristian-Arboit\/\">Cristian Arboit<\/a>)<\/div>\n<\/div>\n<\/div>\n<\/div>\n<\/div>\n<p>&nbsp;<\/p>\n<p><iframe loading=\"lazy\" title=\"TERZO MANDATO? MESE DECISIVO. ZAIA: \u00abLA PAROLA ALLE SEGRETERIE\u00bb | 03\/03\/2025\" width=\"1200\" height=\"675\" src=\"https:\/\/www.youtube.com\/embed\/WL83WRwcPcU?feature=oembed\" frameborder=\"0\" allow=\"accelerometer; autoplay; clipboard-write; encrypted-media; gyroscope; picture-in-picture; web-share\" referrerpolicy=\"strict-origin-when-cross-origin\" allowfullscreen><\/iframe><\/p>\n<p>&nbsp;<\/p>\n<p>&nbsp;<\/p>\n<hr \/>\n<p>&nbsp;<\/p>\n<blockquote>\n<h2>Bandiera degli Alpini strappata a Belluno. La solidariet\u00e0 di Zaia. \u201cTriste simbolo di perdita di valori\u201d<\/h2>\n<\/blockquote>\n<p><strong>DI BARBARA PAOLAZZI<\/strong><\/p>\n<audio class=\"wp-audio-shortcode\" id=\"audio-437559-8\" preload=\"none\" style=\"width: 100%;\" controls=\"controls\"><source type=\"audio\/mpeg\" src=\"https:\/\/www.radiopiu.net\/wordpress\/wp-content\/uploads\/2025\/03\/PAOLAZZI-SOLIDARIETA-AGLI-ALPINI.mp3?_=8\" \/><a href=\"https:\/\/www.radiopiu.net\/wordpress\/wp-content\/uploads\/2025\/03\/PAOLAZZI-SOLIDARIETA-AGLI-ALPINI.mp3\">https:\/\/www.radiopiu.net\/wordpress\/wp-content\/uploads\/2025\/03\/PAOLAZZI-SOLIDARIETA-AGLI-ALPINI.mp3<\/a><\/audio>\n<p>&nbsp;<\/p>\n<p><a class=\"dt-pswp-item\" href=\"https:\/\/www.radiopiu.net\/wordpress\/wp-content\/uploads\/2022\/05\/alpini-647542_960_720.jpg\" data-dt-img-description=\"\" data-large_image_width=\"960\" data-large_image_height=\"640\"><img loading=\"lazy\" decoding=\"async\" class=\"size-medium wp-image-275532 alignleft\" src=\"https:\/\/www.radiopiu.net\/wordpress\/wp-content\/uploads\/2022\/05\/alpini-647542_960_720-300x200.jpg\" alt=\"\" width=\"300\" height=\"200\" srcset=\"https:\/\/www.radiopiu.net\/wordpress\/wp-content\/uploads\/2022\/05\/alpini-647542_960_720-300x200.jpg 300w, https:\/\/www.radiopiu.net\/wordpress\/wp-content\/uploads\/2022\/05\/alpini-647542_960_720-768x512.jpg 768w, https:\/\/www.radiopiu.net\/wordpress\/wp-content\/uploads\/2022\/05\/alpini-647542_960_720.jpg 960w\" sizes=\"auto, (max-width: 300px) 100vw, 300px\" \/><\/a><strong>VENEZIA<\/strong> <em>\u201cEsprimo condanna e dispiacere per l\u2019atto vandalico rivolto contro gli Alpini di Belluno in occasione dell\u2019Assemblea annuale di sezione. Strappare e danneggiare bandiere tanto care a questi eroi, sia in tempo di guerra che di pace, \u00e8 il triste simbolo di una grave perdita di valori, a cominciare dal rispetto\u201d<\/em>. Lo dice il Presidente della Regione Veneto, Luca Zaia, in relazione ai vandalismi compiuti a Belluno, dove gli Alpini festeggiavano la loro assemblea di sezione.<\/p>\n<p><strong>BELLUNO<\/strong> Il presidente della Provincia di Belluno, Roberto Padrin, ha elogiato l\u2019impegno e la dedizione degli Alpini, sottolineando il loro ruolo fondamentale nella comunit\u00e0. Ha inoltre condannato il gesto vandalico avvenuto a Belluno, dove \u00e8 stata strappata una bandiera durante la sfilata degli Alpini, affermando che il loro operato contribuir\u00e0 a superare rapidamente l\u2019episodio.<\/p>\n<p data-start=\"133\" data-end=\"459\" data-is-last-node=\"\" data-is-only-node=\"\"><strong>BELLUNO<\/strong> Il sindaco di Belluno, Oscar De Pellegrin, condanna il vile gesto di ignoti che hanno strappato la bandiera degli Alpini di Belluno nel fine settimana dell\u2019assemblea annuale.<em> \u201cUn atto che offende valori profondi come solidariet\u00e0, impegno e sacrificio. Serve educare i giovani al rispetto e alla responsabilit\u00e0 civile\u201d.<\/em><\/p>\n<p data-start=\"96\" data-end=\"407\" data-is-last-node=\"\" data-is-only-node=\"\"><strong>ROMA<\/strong> Il senatore Luca De Carlo condanna fermamente il gesto, definendolo un atto politico grave che calpesta simboli di sacrificio e impegno per la nazione, in una citt\u00e0 legata profondamente agli alpini.<\/p>\n<p>&nbsp;<\/p>\n<hr \/>\n<p>&nbsp;<\/p>\n<blockquote>\n<h2>Stefano Bellotto confermato presidente di Adiconsum Treviso Belluno<\/h2>\n<\/blockquote>\n<p><strong>TREVISO_BELLUNO\u00a0<\/strong><\/p>\n<p><strong>DI BARBARA PAOLAZZI<\/strong><\/p>\n<audio class=\"wp-audio-shortcode\" id=\"audio-437559-9\" preload=\"none\" style=\"width: 100%;\" controls=\"controls\"><source type=\"audio\/mpeg\" src=\"https:\/\/www.radiopiu.net\/wordpress\/wp-content\/uploads\/2025\/03\/PAOLAZZI-SOLIDARIETA-AGLI-ALPINI-1.mp3?_=9\" \/><a href=\"https:\/\/www.radiopiu.net\/wordpress\/wp-content\/uploads\/2025\/03\/PAOLAZZI-SOLIDARIETA-AGLI-ALPINI-1.mp3\">https:\/\/www.radiopiu.net\/wordpress\/wp-content\/uploads\/2025\/03\/PAOLAZZI-SOLIDARIETA-AGLI-ALPINI-1.mp3<\/a><\/audio>\n<p>&nbsp;<\/p>\n<p data-start=\"79\" data-end=\"348\"><a class=\"dt-pswp-item\" href=\"https:\/\/www.radiopiu.net\/wordpress\/wp-content\/uploads\/2025\/03\/Congresso-Bellotto-Stefano2-scaled.jpeg\" data-dt-img-description=\"\" data-large_image_width=\"2560\" data-large_image_height=\"1920\"><img loading=\"lazy\" decoding=\"async\" class=\" wp-image-437654 alignleft\" src=\"https:\/\/www.radiopiu.net\/wordpress\/wp-content\/uploads\/2025\/03\/Congresso-Bellotto-Stefano2-300x225.jpeg\" alt=\"\" width=\"205\" height=\"154\" srcset=\"https:\/\/www.radiopiu.net\/wordpress\/wp-content\/uploads\/2025\/03\/Congresso-Bellotto-Stefano2-300x225.jpeg 300w, https:\/\/www.radiopiu.net\/wordpress\/wp-content\/uploads\/2025\/03\/Congresso-Bellotto-Stefano2-1024x768.jpeg 1024w, https:\/\/www.radiopiu.net\/wordpress\/wp-content\/uploads\/2025\/03\/Congresso-Bellotto-Stefano2-768x576.jpeg 768w, https:\/\/www.radiopiu.net\/wordpress\/wp-content\/uploads\/2025\/03\/Congresso-Bellotto-Stefano2-1536x1152.jpeg 1536w, https:\/\/www.radiopiu.net\/wordpress\/wp-content\/uploads\/2025\/03\/Congresso-Bellotto-Stefano2-2048x1536.jpeg 2048w\" sizes=\"auto, (max-width: 205px) 100vw, 205px\" \/><\/a>\u201cTutelare, informare, partecipare\u201d \u00e8 stato il tema del quarto Congresso di Adiconsum Treviso Belluno, che ha confermato alla presidenza Stefano Bellotto, in carica dal 2018. In segreteria con lui sono stati eletti Alberto De Lazzari e Stefano Moretto.<\/p>\n<p data-start=\"910\" data-end=\"1217\" data-is-last-node=\"\" data-is-only-node=\"\">Il segretario generale della Cisl Belluno Treviso, Francesco Orr\u00f9, ha sottolineato il ruolo chiave dell\u2019associazione nel proteggere i pi\u00f9 fragili, mentre la presidente di Adiconsum Veneto, Jacqueline Temporin, ha ribadito l\u2019importanza della formazione come strumento di prevenzione e tutela.<\/p>\n<blockquote><p>&nbsp;<\/p><\/blockquote>\n<hr \/>\n<p>&nbsp;<\/p>\n<blockquote>\n<p data-start=\"0\" data-end=\"70\"><strong data-start=\"0\" data-end=\"68\"><a class=\"dt-pswp-item\" href=\"https:\/\/www.radiopiu.net\/wordpress\/wp-content\/uploads\/2025\/03\/download-2.jpg\" data-dt-img-description=\"\" data-large_image_width=\"259\" data-large_image_height=\"194\"><img loading=\"lazy\" decoding=\"async\" class=\"wp-image-437766 alignleft\" src=\"https:\/\/www.radiopiu.net\/wordpress\/wp-content\/uploads\/2025\/03\/download-2.jpg\" alt=\"\" width=\"174\" height=\"130\" \/><\/a>Appello per le messe in ladino nelle Diocesi di Belluno e Trento<\/strong><\/p>\n<\/blockquote>\n<p data-start=\"72\" data-end=\"451\" data-is-last-node=\"\" data-is-only-node=\"\"><strong>COLLE SANTA LUCIA<\/strong> Il direttore dell&#8217;Intendenza ladina di Bolzano, Andr\u00e9 Comploi, ha chiesto l\u2019uso del ladino nelle celebrazioni religiose in Val di Fassa e Livinallongo, come gi\u00e0 avviene in Val Badia. Critica la posizione della Chiesa locale, definita \u201cincomprensibile e fuori dai tempi\u201d. Comploi esorta i vescovi a redigere testi liturgici ufficiali per promuovere la lingua madre nelle funzioni.<\/p>\n<p>&nbsp;<\/p>\n<blockquote><p>&nbsp;<\/p><\/blockquote>\n<hr \/>\n<blockquote>\n<h3 data-start=\"0\" data-end=\"75\"><strong data-start=\"4\" data-end=\"73\">\u00a0<\/strong><\/h3>\n<h3 data-start=\"0\" data-end=\"75\"><strong data-start=\"4\" data-end=\"73\">Convocazione del Consiglio Comunale: seduta ordinaria il 10 marzo<\/strong><\/h3>\n<\/blockquote>\n<p data-start=\"77\" data-end=\"233\"><strong><a class=\"dt-pswp-item\" href=\"https:\/\/www.radiopiu.net\/wordpress\/wp-content\/uploads\/2023\/07\/MUNICIPIO-VOLTAGO.jpeg\" data-dt-img-description=\"\" data-large_image_width=\"1504\" data-large_image_height=\"1116\"><img loading=\"lazy\" decoding=\"async\" class=\" wp-image-344319 alignleft\" src=\"https:\/\/www.radiopiu.net\/wordpress\/wp-content\/uploads\/2023\/07\/MUNICIPIO-VOLTAGO-300x223.jpeg\" alt=\"\" width=\"200\" height=\"149\" srcset=\"https:\/\/www.radiopiu.net\/wordpress\/wp-content\/uploads\/2023\/07\/MUNICIPIO-VOLTAGO-300x223.jpeg 300w, https:\/\/www.radiopiu.net\/wordpress\/wp-content\/uploads\/2023\/07\/MUNICIPIO-VOLTAGO-1024x760.jpeg 1024w, https:\/\/www.radiopiu.net\/wordpress\/wp-content\/uploads\/2023\/07\/MUNICIPIO-VOLTAGO-768x570.jpeg 768w, https:\/\/www.radiopiu.net\/wordpress\/wp-content\/uploads\/2023\/07\/MUNICIPIO-VOLTAGO.jpeg 1504w\" sizes=\"auto, (max-width: 200px) 100vw, 200px\" \/><\/a>VOLTAGO<\/strong>\u00a0 Il Sindaco, Giuseppe Schena, rende noto che il Consiglio Comunale \u00e8 convocato in seduta ordinaria luned\u00ec 10 marzo 2025 alle\u00a0 18\u00a0 nella Sala Civica \u201cGianni De Col\u201d.<\/p>\n<p data-start=\"235\" data-end=\"524\">L\u2019ordine del giorno prevede, tra i punti principali, l\u2019approvazione dei verbali della seduta precedente, la sanatoria di un errore materiale relativo alla sede di una precedente convocazione e l\u2019approvazione di un accordo di programma per il ripristino ecologico di torbiere e risorgive. Saranno inoltre discussi il riconoscimento di debiti fuori bilancio per interventi urgenti dovuti a eventi atmosferici e incendi, oltre all\u2019approvazione del bilancio di previsione 2025-2027. Infine, verranno comunicate delibere di Giunta relative a prelevamenti dal fondo di riserva.<\/p>\n<p>&nbsp;<\/p>\n<hr \/>\n<blockquote><p>&nbsp;<\/p>\n<p><a class=\"dt-pswp-item\" href=\"https:\/\/www.radiopiu.net\/wordpress\/wp-content\/uploads\/2024\/11\/CARABINIERI-1-scaled.jpg\" data-dt-img-description=\"\" data-large_image_width=\"2560\" data-large_image_height=\"1920\"><img loading=\"lazy\" decoding=\"async\" class=\" wp-image-420419 alignleft\" src=\"https:\/\/www.radiopiu.net\/wordpress\/wp-content\/uploads\/2024\/11\/CARABINIERI-1-300x225.jpg\" alt=\"\" width=\"223\" height=\"167\" srcset=\"https:\/\/www.radiopiu.net\/wordpress\/wp-content\/uploads\/2024\/11\/CARABINIERI-1-300x225.jpg 300w, https:\/\/www.radiopiu.net\/wordpress\/wp-content\/uploads\/2024\/11\/CARABINIERI-1-1024x768.jpg 1024w, https:\/\/www.radiopiu.net\/wordpress\/wp-content\/uploads\/2024\/11\/CARABINIERI-1-768x576.jpg 768w, https:\/\/www.radiopiu.net\/wordpress\/wp-content\/uploads\/2024\/11\/CARABINIERI-1-1536x1152.jpg 1536w, https:\/\/www.radiopiu.net\/wordpress\/wp-content\/uploads\/2024\/11\/CARABINIERI-1-2048x1536.jpg 2048w\" sizes=\"auto, (max-width: 223px) 100vw, 223px\" \/><\/a><strong style=\"text-align: center;\" data-start=\"4\" data-end=\"87\">Le nuove frontiere dei reati ambientali: incontro con i Carabinieri a Longarone\u00a0<\/strong><\/p>\n<p>&nbsp;<\/p><\/blockquote>\n<p><strong>LONGARONE<\/strong> Sabato 15 marzo, alle 18 presso la sala consiliare di Longarone, si terr\u00e0 l\u2019incontro \u201cLe nuove frontiere dei reati ambientali\u201d, occasione di approfondimento sui crimini ambientali e sulle attivit\u00e0 di contrasto da parte delle forze dell\u2019ordine. Relatore della serata sar\u00e0 il tenente colonnello Enrico Risottino, comandante del Gruppo Carabinieri per la Tutela Ambientale e la Sicurezza Energetica di Venezia. Si parler\u00e0 del ruolo dei Nuclei Operativi Ecologici, delle indagini in Veneto e dei controlli sulle opere olimpiche.<\/p>\n<p>&nbsp;<\/p>\n<hr \/>\n<p>&nbsp;<\/p>\n<blockquote>\n<h3><a class=\"dt-pswp-item\" href=\"https:\/\/www.radiopiu.net\/wordpress\/wp-content\/uploads\/2025\/03\/Senza-nome-8.png\" data-dt-img-description=\"\" data-large_image_width=\"241\" data-large_image_height=\"192\"><img loading=\"lazy\" decoding=\"async\" class=\"wp-image-437657 alignleft\" src=\"https:\/\/www.radiopiu.net\/wordpress\/wp-content\/uploads\/2025\/03\/Senza-nome-8.png\" alt=\"\" width=\"139\" height=\"111\" \/><\/a>Senso unico alternato in via Col Cavalier<\/h3>\n<\/blockquote>\n<p><strong>BELLUNO<\/strong> Fino \u00a0al 31 marzo, per consentire i lavori di ripristino di un tratto di muro di sostegno si rende necessaria l\u2019istituzione del senso unico alternato di circolazione regolato con semafori, o idoneo personale nei momenti di maggior traffico, in via Col Cavalier<\/p>\n<p>&nbsp;<\/p>\n<p>&nbsp;<\/p>\n<hr \/>\n<p>&nbsp;<\/p>\n<blockquote>\n<h3 data-start=\"0\" data-end=\"98\">GIOVEDI&#8217; L&#8217;INAUGURAZIONE DEL GIARDINO DEI GIUSTI A BELLUNO<\/h3>\n<\/blockquote>\n<p><strong>BELLUNO<\/strong> Sar\u00e0 inaugurato gioved\u00ec mattina a Belluno, in Via del Piave, il Giardino dei Giusti del Mondo. Qui ogni anno verranno ricordate personalit\u00e0 che hanno rischiato o perso la vita per difendere i pi\u00f9 deboli.<\/p>\n<p><strong>DI DANIELE DALVIT<\/strong><\/p>\n<audio class=\"wp-audio-shortcode\" id=\"audio-437559-10\" preload=\"none\" style=\"width: 100%;\" controls=\"controls\"><source type=\"audio\/mpeg\" src=\"https:\/\/www.radiopiu.net\/wordpress\/wp-content\/uploads\/2025\/03\/Servizio-Giardino-dei-Giusti.mp3?_=10\" \/><a href=\"https:\/\/www.radiopiu.net\/wordpress\/wp-content\/uploads\/2025\/03\/Servizio-Giardino-dei-Giusti.mp3\">https:\/\/www.radiopiu.net\/wordpress\/wp-content\/uploads\/2025\/03\/Servizio-Giardino-dei-Giusti.mp3<\/a><\/audio>\n<p>&nbsp;<\/p>\n\n\t\t\t<style type='text\/css'>\n\t\t\t\t#gallery-3 {\n\t\t\t\t\tmargin: auto;\n\t\t\t\t}\n\t\t\t\t#gallery-3 .gallery-item {\n\t\t\t\t\tfloat: left;\n\t\t\t\t\tmargin-top: 10px;\n\t\t\t\t\ttext-align: center;\n\t\t\t\t\twidth: 33%;\n\t\t\t\t}\n\t\t\t\t#gallery-3 img {\n\t\t\t\t\tborder: 2px solid #cfcfcf;\n\t\t\t\t}\n\t\t\t\t#gallery-3 .gallery-caption {\n\t\t\t\t\tmargin-left: 0;\n\t\t\t\t}\n\t\t\t\t\/* see gallery_shortcode() in wp-includes\/media.php *\/\n\t\t\t<\/style>\n\t\t<div id='gallery-3' class='dt-gallery-container gallery galleryid-437559 gallery-columns-3 gallery-size-medium'><dl class='gallery-item'>\n\t\t\t\t<dt class='gallery-icon landscape'>\n\t\t\t\t\t<a class=\"rollover rollover-zoom dt-pswp-item\" title=\"e43c0b85-8176-4651-b598-ef2c0ba73ea9\" data-dt-img-description=\"\" data-large_image_width=\"2560\" data-large_image_height=\"1920\"href='https:\/\/www.radiopiu.net\/wordpress\/wp-content\/uploads\/2025\/03\/e43c0b85-8176-4651-b598-ef2c0ba73ea9-scaled.jpg'><img loading=\"lazy\" decoding=\"async\" width=\"300\" height=\"225\" src=\"https:\/\/www.radiopiu.net\/wordpress\/wp-content\/uploads\/2025\/03\/e43c0b85-8176-4651-b598-ef2c0ba73ea9-300x225.jpg\" class=\"attachment-medium size-medium\" alt=\"\" srcset=\"https:\/\/www.radiopiu.net\/wordpress\/wp-content\/uploads\/2025\/03\/e43c0b85-8176-4651-b598-ef2c0ba73ea9-300x225.jpg 300w, https:\/\/www.radiopiu.net\/wordpress\/wp-content\/uploads\/2025\/03\/e43c0b85-8176-4651-b598-ef2c0ba73ea9-1024x768.jpg 1024w, https:\/\/www.radiopiu.net\/wordpress\/wp-content\/uploads\/2025\/03\/e43c0b85-8176-4651-b598-ef2c0ba73ea9-768x576.jpg 768w, https:\/\/www.radiopiu.net\/wordpress\/wp-content\/uploads\/2025\/03\/e43c0b85-8176-4651-b598-ef2c0ba73ea9-1536x1152.jpg 1536w, https:\/\/www.radiopiu.net\/wordpress\/wp-content\/uploads\/2025\/03\/e43c0b85-8176-4651-b598-ef2c0ba73ea9-2048x1536.jpg 2048w\" sizes=\"auto, (max-width: 300px) 100vw, 300px\" \/><\/a>\n\t\t\t\t<\/dt><\/dl><dl class='gallery-item'>\n\t\t\t\t<dt class='gallery-icon landscape'>\n\t\t\t\t\t<a class=\"rollover rollover-zoom dt-pswp-item\" title=\"3c533057-077a-466e-a00a-34c5b9adf375\" data-dt-img-description=\"\" data-large_image_width=\"2560\" data-large_image_height=\"1920\"href='https:\/\/www.radiopiu.net\/wordpress\/wp-content\/uploads\/2025\/03\/3c533057-077a-466e-a00a-34c5b9adf375-scaled.jpg'><img loading=\"lazy\" decoding=\"async\" width=\"300\" height=\"225\" src=\"https:\/\/www.radiopiu.net\/wordpress\/wp-content\/uploads\/2025\/03\/3c533057-077a-466e-a00a-34c5b9adf375-300x225.jpg\" class=\"attachment-medium size-medium\" alt=\"\" srcset=\"https:\/\/www.radiopiu.net\/wordpress\/wp-content\/uploads\/2025\/03\/3c533057-077a-466e-a00a-34c5b9adf375-300x225.jpg 300w, https:\/\/www.radiopiu.net\/wordpress\/wp-content\/uploads\/2025\/03\/3c533057-077a-466e-a00a-34c5b9adf375-1024x768.jpg 1024w, https:\/\/www.radiopiu.net\/wordpress\/wp-content\/uploads\/2025\/03\/3c533057-077a-466e-a00a-34c5b9adf375-768x576.jpg 768w, https:\/\/www.radiopiu.net\/wordpress\/wp-content\/uploads\/2025\/03\/3c533057-077a-466e-a00a-34c5b9adf375-1536x1152.jpg 1536w, https:\/\/www.radiopiu.net\/wordpress\/wp-content\/uploads\/2025\/03\/3c533057-077a-466e-a00a-34c5b9adf375-2048x1536.jpg 2048w\" sizes=\"auto, (max-width: 300px) 100vw, 300px\" \/><\/a>\n\t\t\t\t<\/dt><\/dl><dl class='gallery-item'>\n\t\t\t\t<dt class='gallery-icon landscape'>\n\t\t\t\t\t<a class=\"rollover rollover-zoom dt-pswp-item\" title=\"0aa9ef88-a46e-4c4b-80db-eba3335d1e33\" data-dt-img-description=\"\" data-large_image_width=\"2560\" data-large_image_height=\"1920\"href='https:\/\/www.radiopiu.net\/wordpress\/wp-content\/uploads\/2025\/03\/0aa9ef88-a46e-4c4b-80db-eba3335d1e33-scaled.jpg'><img loading=\"lazy\" decoding=\"async\" width=\"300\" height=\"225\" src=\"https:\/\/www.radiopiu.net\/wordpress\/wp-content\/uploads\/2025\/03\/0aa9ef88-a46e-4c4b-80db-eba3335d1e33-300x225.jpg\" class=\"attachment-medium size-medium\" alt=\"\" srcset=\"https:\/\/www.radiopiu.net\/wordpress\/wp-content\/uploads\/2025\/03\/0aa9ef88-a46e-4c4b-80db-eba3335d1e33-300x225.jpg 300w, https:\/\/www.radiopiu.net\/wordpress\/wp-content\/uploads\/2025\/03\/0aa9ef88-a46e-4c4b-80db-eba3335d1e33-1024x768.jpg 1024w, https:\/\/www.radiopiu.net\/wordpress\/wp-content\/uploads\/2025\/03\/0aa9ef88-a46e-4c4b-80db-eba3335d1e33-768x576.jpg 768w, https:\/\/www.radiopiu.net\/wordpress\/wp-content\/uploads\/2025\/03\/0aa9ef88-a46e-4c4b-80db-eba3335d1e33-1536x1152.jpg 1536w, https:\/\/www.radiopiu.net\/wordpress\/wp-content\/uploads\/2025\/03\/0aa9ef88-a46e-4c4b-80db-eba3335d1e33-2048x1536.jpg 2048w\" sizes=\"auto, (max-width: 300px) 100vw, 300px\" \/><\/a>\n\t\t\t\t<\/dt><\/dl><br style=\"clear: both\" \/>\n\t\t\t<\/div>\n\n<p>&nbsp;<\/p>\n<p>&nbsp;<\/p>\n<hr \/>\n<p>&nbsp;<\/p>\n<blockquote>\n<h3 data-start=\"0\" data-end=\"65\"><strong data-start=\"4\" data-end=\"63\"><a href=\"https:\/\/www.radiopiu.net\/wordpress\/wp-content\/uploads\/2025\/03\/A.avif\"><img loading=\"lazy\" decoding=\"async\" class=\"size-full wp-image-437648 alignleft\" src=\"https:\/\/www.radiopiu.net\/wordpress\/wp-content\/uploads\/2025\/03\/A.avif\" alt=\"\" width=\"180\" height=\"120\" \/><\/a>Tambre: lavori in corso per la riapertura della piscina<\/strong><\/h3>\n<\/blockquote>\n<p data-start=\"67\" data-end=\"371\" data-is-last-node=\"\" data-is-only-node=\"\"><strong>TAMBRE <\/strong>\u00a0L\u2019Impianto Natatorio si avvia alla riapertura dopo l\u2019aggiudicazione della gara. La gestione \u00e8 stata affidata. Il Comune contribuisce con 50.000 euro per due anni. Previsti nuovi servizi, tra cui palestra e gonfiabili acquatici. Riapertura stimata per primavera 2025. Il Sindaco\u00a0 Sara Bona ricorda\u00a0 che<em> &#8220;il tema dell&#8217;impianto natatorio \u00e8 stato sempre al centro dell&#8217;azione dell&#8217;amministrazione comunale che si \u00e8 attivata per cercare soluzioni, percorrendo anche ipotesi alternative come la riconversione&#8221;.\u00a0\u00a0<\/em><\/p>\n<p>&nbsp;<\/p>\n<p>&nbsp;<\/p>\n<hr \/>\n<blockquote>\n<p data-start=\"0\" data-end=\"60\"><strong data-start=\"0\" data-end=\"58\"><a class=\"dt-pswp-item\" href=\"https:\/\/www.radiopiu.net\/wordpress\/wp-content\/uploads\/2021\/07\/DEFIBRILLATORE.jpg\" data-dt-img-description=\"\" data-large_image_width=\"1920\" data-large_image_height=\"1280\"><img loading=\"lazy\" decoding=\"async\" class=\" wp-image-224656 alignleft\" src=\"https:\/\/www.radiopiu.net\/wordpress\/wp-content\/uploads\/2021\/07\/DEFIBRILLATORE-300x200.jpg\" alt=\"\" width=\"135\" height=\"90\" srcset=\"https:\/\/www.radiopiu.net\/wordpress\/wp-content\/uploads\/2021\/07\/DEFIBRILLATORE-300x200.jpg 300w, https:\/\/www.radiopiu.net\/wordpress\/wp-content\/uploads\/2021\/07\/DEFIBRILLATORE-1024x683.jpg 1024w, https:\/\/www.radiopiu.net\/wordpress\/wp-content\/uploads\/2021\/07\/DEFIBRILLATORE-768x512.jpg 768w, https:\/\/www.radiopiu.net\/wordpress\/wp-content\/uploads\/2021\/07\/DEFIBRILLATORE-1536x1024.jpg 1536w, https:\/\/www.radiopiu.net\/wordpress\/wp-content\/uploads\/2021\/07\/DEFIBRILLATORE.jpg 1920w\" sizes=\"auto, (max-width: 135px) 100vw, 135px\" \/><\/a>Longarone: corso gratuito per l\u2019uso del defibrillatore<\/strong><\/p>\n<\/blockquote>\n<p><strong>LONGARONE<\/strong> si terr\u00e0 a marzo un corso gratuito per insegnare l\u2019uso del defibrillatore semiautomatico esterno e le tecniche di rianimazione. L\u2019iniziativa, promossa dal Comune con la Pro Loco e altre associazioni, iscrizioni entro il 9 marzo tramite la Pro Loco di Longarone.<\/p>\n<p>&nbsp;<\/p>\n<p>&nbsp;<\/p>\n<hr \/>\n<p>&nbsp;<\/p>\n<div class=\"page-title-head hgroup\">\n<blockquote>\n<h3 class=\"entry-title\">Aiuto per una ricerca sullo spopolamento dei centri montani nel Cadore<\/h3>\n<\/blockquote>\n<\/div>\n<p><img loading=\"lazy\" decoding=\"async\" class=\"alignleft\" src=\"https:\/\/www.radiopiu.net\/wordpress\/wp-content\/uploads\/2025\/03\/CADORE.png\" width=\"309\" height=\"172\" \/><strong>REDAZIONE<\/strong> Un gruppo di quattro studenti dell&#8217;Universit\u00e0 Ca&#8217; Foscari di Venezia sta conducendo una ricerca per analizzare il fenomeno dello spopolamento dei centri montani nel Cadore. La ricerca ha l&#8217;obiettivo di raccogliere dati e comprensione su questo fenomeno che sta influenzando molti piccoli comuni della zona. Per questo motivo \u00e8 stato creato un questionario anonimo, chiaro e breve. Le risposte sono fondamentali per completare lo studio e aiutare a comprendere meglio le cause e le possibili soluzioni di questo processo. Potete accedere al questionario tramite il link qui sotto:<\/p>\n<div class=\"flex max-w-full flex-col flex-grow\">\n<div class=\"min-h-8 text-message relative flex w-full flex-col items-end gap-2 whitespace-normal break-words text-start [.text-message+&amp;]:mt-5\" dir=\"auto\" data-message-author-role=\"assistant\" data-message-id=\"64fedfca-8641-4ca6-a081-87e4a830d855\" data-message-model-slug=\"gpt-4o-mini\">\n<div class=\"flex w-full flex-col gap-1 empty:hidden first:pt-[3px]\">\n<div class=\"markdown prose w-full break-words dark:prose-invert dark\">\n<p data-start=\"1017\" data-end=\"1082\"><a href=\"https:\/\/forms.gle\/YWZBVyFkweku7Qk2A\" target=\"_new\" rel=\"noopener\" data-start=\"1020\" data-end=\"1082\">Compila il questionario<\/a><\/p>\n<\/div>\n<\/div>\n<\/div>\n<\/div>\n<div class=\"mb-2 flex gap-3 empty:hidden -ml-2\">\n<div class=\"items-center justify-start rounded-xl p-1 flex\">\n<div class=\"flex items-center\">\n<div class=\"flex items-center pb-0\">\n<p>&nbsp;<\/p>\n<p>&nbsp;<\/p>\n<\/div>\n<\/div>\n<\/div>\n<\/div>\n<hr \/>\n<blockquote>\n<h3><\/h3>\n<h3>GIORNATA MONDIALE DEL RENE: L&#8217;INCONTRO CON L&#8217;ULSS 1 DOLOMITI<\/h3>\n<\/blockquote>\n<p><strong><a class=\"dt-pswp-item\" href=\"https:\/\/www.radiopiu.net\/wordpress\/wp-content\/uploads\/2025\/02\/RENE.jpg\" data-dt-img-description=\"\" data-large_image_width=\"940\" data-large_image_height=\"550\"><img loading=\"lazy\" decoding=\"async\" class=\" wp-image-436595 alignleft\" src=\"https:\/\/www.radiopiu.net\/wordpress\/wp-content\/uploads\/2025\/02\/RENE-300x176.jpg\" alt=\"\" width=\"179\" height=\"105\" srcset=\"https:\/\/www.radiopiu.net\/wordpress\/wp-content\/uploads\/2025\/02\/RENE-300x176.jpg 300w, https:\/\/www.radiopiu.net\/wordpress\/wp-content\/uploads\/2025\/02\/RENE-768x449.jpg 768w, https:\/\/www.radiopiu.net\/wordpress\/wp-content\/uploads\/2025\/02\/RENE.jpg 940w\" sizes=\"auto, (max-width: 179px) 100vw, 179px\" \/><\/a>BELLUNO <\/strong>In occasione della giornata mondiale del rene, che ricorre il prossimo 13 marzo, l\u2019Ulss Dolomiti, con le unit\u00e0 operative di Nefrologia, organizza un incontro aperto a tutta la cittadinanza per sensibilizzare sull\u2019importanza della salute dei nostri reni e sul tema del trapianto. L\u2019 incontro dal titolo \u201cIl trapianto di rene da vivente\u201d si terr\u00e0 mercoled\u00ec 12 marzo 2025 alle 17.00 in sala convegni dell\u2019ospedale di Belluno con esperti e testimonianze di donatori e trapiantati.<\/p>\n<p>&nbsp;<\/p>\n<p>&nbsp;<\/p>\n<hr \/>\n<p>&nbsp;<\/p>\n<blockquote>\n<h3>RIPARTONO I MERCOLEDI DELLA SALUTE<\/h3>\n<\/blockquote>\n<p><strong><a class=\"dt-pswp-item\" href=\"https:\/\/www.radiopiu.net\/wordpress\/wp-content\/uploads\/2025\/02\/MERCOL-SAL.jpg\" data-dt-img-description=\"\" data-large_image_width=\"927\" data-large_image_height=\"695\"><img loading=\"lazy\" decoding=\"async\" class=\" wp-image-436597 alignleft\" src=\"https:\/\/www.radiopiu.net\/wordpress\/wp-content\/uploads\/2025\/02\/MERCOL-SAL-300x225.jpg\" alt=\"\" width=\"145\" height=\"109\" srcset=\"https:\/\/www.radiopiu.net\/wordpress\/wp-content\/uploads\/2025\/02\/MERCOL-SAL-300x225.jpg 300w, https:\/\/www.radiopiu.net\/wordpress\/wp-content\/uploads\/2025\/02\/MERCOL-SAL-768x576.jpg 768w, https:\/\/www.radiopiu.net\/wordpress\/wp-content\/uploads\/2025\/02\/MERCOL-SAL.jpg 927w\" sizes=\"auto, (max-width: 145px) 100vw, 145px\" \/><\/a>FELTRE <\/strong>Ripartono a Feltre \u201cI Mercoled\u00ec della Salute\u201d: il ciclo di incontri informativi organizzati dall\u2019Ulss Dolomiti, aperti a tutta la cittadinanza, per approfondire con i professionisti alcune tematiche legate alla promozione della salute e alla prevenzione. Il primo appuntamento si terr\u00e0 domani alle 17.30 in Sala Convegni d con\u00a0 Andrea Buda \u2013 Direttore della Gastroenterologia di Feltre, Amalia Manzan \u2013 Direttore del Servizio Dipendenze e Matteo Sponga \u2013 Direttore della Medicina Legale.<\/p>\n<p>&nbsp;<\/p>\n<p>&nbsp;<\/p>\n<p>&nbsp;<\/p>\n<hr \/>\n<p>&nbsp;<\/p>\n<blockquote>\n<h3><a class=\"dt-pswp-item\" href=\"https:\/\/www.radiopiu.net\/wordpress\/wp-content\/uploads\/2025\/03\/download-1.jpg\" data-dt-img-description=\"\" data-large_image_width=\"275\" data-large_image_height=\"183\"><img loading=\"lazy\" decoding=\"async\" class=\" wp-image-437650 alignleft\" src=\"https:\/\/www.radiopiu.net\/wordpress\/wp-content\/uploads\/2025\/03\/download-1.jpg\" alt=\"\" width=\"189\" height=\"126\" \/><\/a>LA TERZA EDIZIONE DI INCONTRI TRA NATURA E SCIENZA<\/h3>\n<\/blockquote>\n<p><strong>BELLUNO<\/strong> In sala Bianchi a Belluno parte la terza edizione di &#8220;Incontri Tra Natura e Scienza&#8221;, organizzato dal Gruppo Natura Bellunese. Saranno 3 gli appuntamenti con le conferenze di stampo divulgativo che trattano vari aspetti legati alla natura del nostro territorio<\/p>\n<p><strong>MANOLO PIAT, VICEPRESIDENTE DEL GRUPPO NATURA BELLUNESE<\/strong><\/p>\n<audio class=\"wp-audio-shortcode\" id=\"audio-437559-11\" preload=\"none\" style=\"width: 100%;\" controls=\"controls\"><source type=\"audio\/mpeg\" src=\"https:\/\/www.radiopiu.net\/wordpress\/wp-content\/uploads\/2025\/02\/MANOLO-PIAT.mp3?_=11\" \/><a href=\"https:\/\/www.radiopiu.net\/wordpress\/wp-content\/uploads\/2025\/02\/MANOLO-PIAT.mp3\">https:\/\/www.radiopiu.net\/wordpress\/wp-content\/uploads\/2025\/02\/MANOLO-PIAT.mp3<\/a><\/audio>\n<p>&nbsp;<\/p>\n<p>&nbsp;<\/p>\n<hr \/>\n<p>&nbsp;<\/p>\n<blockquote>\n<h3>GIORNATA MONDIALE DELL\u2019OBESIT\u00c0: INIZIATIVA A BELLUNO<\/h3>\n<\/blockquote>\n<p><strong>BELLUNO <\/strong>In occasione della Giornata mondiale dell\u2019obesit\u00e0, che ricorre il 4 marzo, l\u2019Ulss Dolomiti promuove un\u2019iniziativa per sensibilizzare i cittadini sul tema. Domani dalle 14.30 alle 17.30 nel reparto di Diabetologia dell\u2019ospedale di Belluno (quinto piano, blocco medico) il personale sanitario e la dietista saranno a disposizione, con accesso libero, per informazioni e consigli per uno stile di vita sano, attraverso la misurazione della pressione arteriosa, della circonferenza vita e della valutazione dello stato nutrizionale dell&#8217;organismo.<\/p>\n<p>&nbsp;<\/p>\n<p>&nbsp;<\/p>\n<hr \/>\n<p>&nbsp;<\/p>\n<blockquote>\n<h3><a class=\"dt-pswp-item\" href=\"https:\/\/www.radiopiu.net\/wordpress\/wp-content\/uploads\/2025\/02\/Pedonata-mascherata.jpeg\" data-dt-img-description=\"\" data-large_image_width=\"1179\" data-large_image_height=\"1630\"><img loading=\"lazy\" decoding=\"async\" class=\" wp-image-435889 alignleft\" src=\"https:\/\/www.radiopiu.net\/wordpress\/wp-content\/uploads\/2025\/02\/Pedonata-mascherata-217x300.jpeg\" alt=\"\" width=\"147\" height=\"203\" srcset=\"https:\/\/www.radiopiu.net\/wordpress\/wp-content\/uploads\/2025\/02\/Pedonata-mascherata-217x300.jpeg 217w, https:\/\/www.radiopiu.net\/wordpress\/wp-content\/uploads\/2025\/02\/Pedonata-mascherata-741x1024.jpeg 741w, https:\/\/www.radiopiu.net\/wordpress\/wp-content\/uploads\/2025\/02\/Pedonata-mascherata-768x1062.jpeg 768w, https:\/\/www.radiopiu.net\/wordpress\/wp-content\/uploads\/2025\/02\/Pedonata-mascherata-1111x1536.jpeg 1111w, https:\/\/www.radiopiu.net\/wordpress\/wp-content\/uploads\/2025\/02\/Pedonata-mascherata.jpeg 1179w\" sizes=\"auto, (max-width: 147px) 100vw, 147px\" \/><\/a>LA PEDONATA DI CARNEVALE A BELLUNO<\/h3>\n<\/blockquote>\n<p>&nbsp;<\/p>\n<p><strong>BELLUNO<\/strong> Oggi si terr\u00e0 la terza edizione della Pedonata Mascherata, un evento dedicato principalmente ai bambini delle scuole elementari e medie, che animer\u00e0 il centro storico con spettacoli, giochi e sport<\/p>\n<p><strong>DI DANIELE DALVIT<\/strong><\/p>\n<audio class=\"wp-audio-shortcode\" id=\"audio-437559-12\" preload=\"none\" style=\"width: 100%;\" controls=\"controls\"><source type=\"audio\/mpeg\" src=\"https:\/\/www.radiopiu.net\/wordpress\/wp-content\/uploads\/2025\/02\/Servizio-Pedonata-Carnevale-Belluno.mp3?_=12\" \/><a href=\"https:\/\/www.radiopiu.net\/wordpress\/wp-content\/uploads\/2025\/02\/Servizio-Pedonata-Carnevale-Belluno.mp3\">https:\/\/www.radiopiu.net\/wordpress\/wp-content\/uploads\/2025\/02\/Servizio-Pedonata-Carnevale-Belluno.mp3<\/a><\/audio>\n<p>&nbsp;<\/p>\n<hr \/>\n<p>&nbsp;<\/p>\n<blockquote>\n<h3 data-start=\"0\" data-end=\"64\"><strong data-start=\"4\" data-end=\"62\"><a class=\"dt-pswp-item\" href=\"https:\/\/www.radiopiu.net\/wordpress\/wp-content\/uploads\/2025\/03\/Sandi-Renko-scaled.jpg\" data-dt-img-description=\"\" data-large_image_width=\"2068\" data-large_image_height=\"2560\"><img loading=\"lazy\" decoding=\"async\" class=\"wp-image-437621 alignleft\" src=\"https:\/\/www.radiopiu.net\/wordpress\/wp-content\/uploads\/2025\/03\/Sandi-Renko-242x300.jpg\" alt=\"\" width=\"101\" height=\"125\" srcset=\"https:\/\/www.radiopiu.net\/wordpress\/wp-content\/uploads\/2025\/03\/Sandi-Renko-242x300.jpg 242w, https:\/\/www.radiopiu.net\/wordpress\/wp-content\/uploads\/2025\/03\/Sandi-Renko-827x1024.jpg 827w, https:\/\/www.radiopiu.net\/wordpress\/wp-content\/uploads\/2025\/03\/Sandi-Renko-768x951.jpg 768w, https:\/\/www.radiopiu.net\/wordpress\/wp-content\/uploads\/2025\/03\/Sandi-Renko-1241x1536.jpg 1241w, https:\/\/www.radiopiu.net\/wordpress\/wp-content\/uploads\/2025\/03\/Sandi-Renko-1654x2048.jpg 1654w\" sizes=\"auto, (max-width: 101px) 100vw, 101px\" \/><\/a>Mel &#8211; Borgo Valbelluna: inaugura \u201cCinetismo Cromatico\u201d<\/strong><\/h3>\n<\/blockquote>\n<p data-start=\"66\" data-end=\"372\" data-is-last-node=\"\" data-is-only-node=\"\">Sabato 8 marzo, alle 18:00, al Palazzo delle Contesse di Mel apre \u201cCinetismo Cromatico\u201d, omaggio a Celestino Facchin, Ferruccio Gard e Sandi Renko. Novanta opere e installazioni esplorano l\u2019arte cinetica e optical. L\u2019evento include la presentazione del thriller di Gard. Mostra visitabile fino al 4 maggio.<\/p>\n<p>&nbsp;<\/p>\n<p>&nbsp;<\/p>\n<hr \/>\n<blockquote>\n<h3 data-start=\"0\" data-end=\"73\"><strong data-start=\"4\" data-end=\"71\">\u00a0<\/strong><\/h3>\n<h3 data-start=\"0\" data-end=\"73\"><strong data-start=\"4\" data-end=\"71\">Arriva il Tram Dolomitico a Milano: storia, tradizione e sapori<\/strong><\/h3>\n<\/blockquote>\n<p data-start=\"75\" data-end=\"405\" data-is-last-node=\"\" data-is-only-node=\"\"><strong>MILANO<\/strong> Sabato 31 maggio, la Famiglia Bellunese di Milano presenta il Tram Dolomitico: un viaggio sensoriale a bordo di un tram storico. Degustazioni di prodotti tipici, letture di Buzzati, fotografie di Roncada e racconti sul Soccorso Alpino offriranno ai milanesi un\u2019esperienza dedicata alla cultura delle Dolomiti Bellunesi.<\/p>\n<p>&nbsp;<\/p>\n<p>&nbsp;<\/p>\n<hr \/>\n<p>&nbsp;<\/p>\n<blockquote>\n<h3>DISAGIO GIOVANILE, UN INCONTRO A BELLUNO<\/h3>\n<\/blockquote>\n<p><strong>BELLUNO<\/strong> L\u2019Associazione Margherita Fenice di Belluno organizza un convegno sul disagio giovanile e sull\u2019importanza dell\u2019ascolto tra genitori e figli. L\u2019evento, intitolato \u201cGenerazione di silenzi: come ascoltare i nostri figli per affrontare il disagio giovanile\u201d, si terr\u00e0 sabato 8 marzo alle 17 presso Palazzo Crepadona a Belluno con esperti in disturbi alimentari.<\/p>\n<p>&nbsp;<\/p>\n<p>&nbsp;<\/p>\n<hr \/>\n<p>&nbsp;<\/p>\n<blockquote>\n<h3>L&#8217;8 MARZO IN SALA DON TAMIS AD AGORDO<\/h3>\n<\/blockquote>\n<p><strong>AGORDO <\/strong>Sabato 8 marzo alle 20:30, nella sala &#8220;don Tamis&#8221; di Agordo, Carlo Corsini e Simone Carnielli porteranno in scena lo spettacolo &#8220;Tutto inizi\u00f2 con un tremendo botto&#8221;, dedicato alla vita e alle opere di Ronald Dahl. L&#8217;evento, a ingresso gratuito, \u00e8 organizzato dal Circolo Culturale Agordino e dalla Biblioteca Civica.<\/p>\n<p>&nbsp;<\/p>\n<p>&nbsp;<\/p>\n<hr \/>\n<p>&nbsp;<\/p>\n<blockquote>\n<h3>AL TEATRO PAIANE UNA SERATA IMPERDIBILE<\/h3>\n<\/blockquote>\n<p><strong>BELLUNO<\/strong> Il 15 marzo 2025, alle 20.45, il Piccolo Teatro di Paiane ospiter\u00e0 un concerto straordinario con la violinista Myriam Dal Don e il clavicembalista Carlo Steno Rossi, due artisti di fama internazionale.<a href=\"http:\/\/www.circoloculturaestampabellunese.it\" target=\"_new\" rel=\"noopener\" data-start=\"576\" data-end=\"613\" data-is-only-node=\"\"> www.circoloculturaestampabellunese.it<\/a>.<\/p>\n<p>&nbsp;<\/p>\n<p>&nbsp;<\/p>\n<hr \/>\n<p>&nbsp;<\/p>\n<blockquote>\n<h3>TORNA A BELLUNO &#8220;IL VENTO TRA I CAPELLI&#8221;, LA PEDONATA NON COMPETITIVA DEL COMITATO PREVENZIONE SALUTE DONNA<\/h3>\n<\/blockquote>\n<p><strong>BELLUNO<\/strong> \u200b<span class=\"relative -mx-px my-[-0.2rem] rounded px-px py-[0.2rem]\">La 19\u00aa edizione della pedonata solidale &#8220;Il Vento tra i Capelli&#8221; si terr\u00e0 il 16 marzo 2025 alle 10 in Piazza dei Martiri a Belluno.<\/span><\/p>\n<p>&nbsp;<\/p>\n<p>&nbsp;<\/p>\n<hr \/>\n<p>&nbsp;<\/p>\n<h1><span style=\"color: #ff6600;\">IERI ALLA RADIO\u00a0 \u00a0\u00a0<\/span><\/h1>\n<div class=\"page-title-head hgroup\">\n<blockquote>\n<h2 class=\"entry-title\"><a class=\"dt-pswp-item\" href=\"https:\/\/www.radiopiu.net\/wordpress\/wp-content\/uploads\/2025\/02\/e3f5abd1-8341-412d-bc36-78c4a2018d28.jpg\" data-dt-img-description=\"\" data-large_image_width=\"1337\" data-large_image_height=\"637\"><img loading=\"lazy\" decoding=\"async\" class=\"aligncenter wp-image-437629 size-full\" src=\"https:\/\/www.radiopiu.net\/wordpress\/wp-content\/uploads\/2025\/02\/e3f5abd1-8341-412d-bc36-78c4a2018d28.jpg\" alt=\"\" width=\"1337\" height=\"637\" srcset=\"https:\/\/www.radiopiu.net\/wordpress\/wp-content\/uploads\/2025\/02\/e3f5abd1-8341-412d-bc36-78c4a2018d28.jpg 1337w, https:\/\/www.radiopiu.net\/wordpress\/wp-content\/uploads\/2025\/02\/e3f5abd1-8341-412d-bc36-78c4a2018d28-300x143.jpg 300w, https:\/\/www.radiopiu.net\/wordpress\/wp-content\/uploads\/2025\/02\/e3f5abd1-8341-412d-bc36-78c4a2018d28-1024x488.jpg 1024w, https:\/\/www.radiopiu.net\/wordpress\/wp-content\/uploads\/2025\/02\/e3f5abd1-8341-412d-bc36-78c4a2018d28-768x366.jpg 768w\" sizes=\"auto, (max-width: 1337px) 100vw, 1337px\" \/><\/a><\/h2>\n<h2><\/h2>\n<h2 class=\"entry-title\">IL GRUPPO WALBER, CON IL DIRETTORE GENERALE GIOVANNI BIANCO<\/h2>\n<\/blockquote>\n<\/div>\n<div class=\"page-title-breadcrumbs\">\n<p><strong><a class=\"dt-pswp-item\" href=\"https:\/\/www.radiopiu.net\/wordpress\/wp-content\/uploads\/2025\/02\/5be532d9-1877-4f6f-99a6-5c5b86814cce.jpg\" data-dt-img-description=\"\" data-large_image_width=\"1600\" data-large_image_height=\"1200\"><img loading=\"lazy\" decoding=\"async\" class=\" wp-image-435209 alignleft\" src=\"https:\/\/www.radiopiu.net\/wordpress\/wp-content\/uploads\/2025\/02\/5be532d9-1877-4f6f-99a6-5c5b86814cce-300x225.jpg\" alt=\"\" width=\"184\" height=\"138\" srcset=\"https:\/\/www.radiopiu.net\/wordpress\/wp-content\/uploads\/2025\/02\/5be532d9-1877-4f6f-99a6-5c5b86814cce-300x225.jpg 300w, https:\/\/www.radiopiu.net\/wordpress\/wp-content\/uploads\/2025\/02\/5be532d9-1877-4f6f-99a6-5c5b86814cce-1024x768.jpg 1024w, https:\/\/www.radiopiu.net\/wordpress\/wp-content\/uploads\/2025\/02\/5be532d9-1877-4f6f-99a6-5c5b86814cce-768x576.jpg 768w, https:\/\/www.radiopiu.net\/wordpress\/wp-content\/uploads\/2025\/02\/5be532d9-1877-4f6f-99a6-5c5b86814cce-1536x1152.jpg 1536w, https:\/\/www.radiopiu.net\/wordpress\/wp-content\/uploads\/2025\/02\/5be532d9-1877-4f6f-99a6-5c5b86814cce.jpg 1600w\" sizes=\"auto, (max-width: 184px) 100vw, 184px\" \/><\/a>DI MIRKO MEZZACASA<\/strong><\/p>\n<p>OSPITE: Giovanni Bianco, Direttore Generale Gruppo Walber<\/p>\n<audio class=\"wp-audio-shortcode\" id=\"audio-437559-13\" preload=\"none\" style=\"width: 100%;\" controls=\"controls\"><source type=\"audio\/mpeg\" src=\"https:\/\/www.radiopiu.net\/wordpress\/wp-content\/uploads\/2025\/02\/giovanni-bianco-febbraio-2025-1.mp3?_=13\" \/><a href=\"https:\/\/www.radiopiu.net\/wordpress\/wp-content\/uploads\/2025\/02\/giovanni-bianco-febbraio-2025-1.mp3\">https:\/\/www.radiopiu.net\/wordpress\/wp-content\/uploads\/2025\/02\/giovanni-bianco-febbraio-2025-1.mp3<\/a><\/audio>\n<p>&nbsp;<\/p>\n<p>&nbsp;<\/p>\n<\/div>\n<hr \/>\n<p>&nbsp;<\/p>\n<h2><span style=\"color: #ff00ff;\">OGGI COME IERI, TERZO ANNO. CON SILVIA BALDO<\/span><\/h2>\n<p><strong><a class=\"dt-pswp-item\" href=\"https:\/\/www.radiopiu.net\/wordpress\/wp-content\/uploads\/2025\/02\/2024-web-banner2-1536x864-1.jpg\" data-dt-img-description=\"\" data-large_image_width=\"1536\" data-large_image_height=\"864\"><img loading=\"lazy\" decoding=\"async\" class=\" wp-image-437692 alignleft\" src=\"https:\/\/www.radiopiu.net\/wordpress\/wp-content\/uploads\/2025\/02\/2024-web-banner2-1536x864-1-300x169.jpg\" alt=\"\" width=\"186\" height=\"105\" srcset=\"https:\/\/www.radiopiu.net\/wordpress\/wp-content\/uploads\/2025\/02\/2024-web-banner2-1536x864-1-300x169.jpg 300w, https:\/\/www.radiopiu.net\/wordpress\/wp-content\/uploads\/2025\/02\/2024-web-banner2-1536x864-1-1024x576.jpg 1024w, https:\/\/www.radiopiu.net\/wordpress\/wp-content\/uploads\/2025\/02\/2024-web-banner2-1536x864-1-768x432.jpg 768w, https:\/\/www.radiopiu.net\/wordpress\/wp-content\/uploads\/2025\/02\/2024-web-banner2-1536x864-1.jpg 1536w\" sizes=\"auto, (max-width: 186px) 100vw, 186px\" \/><\/a>03 MARZO 2025 LA GIORNATA MONDIALE DELL&#8217;UDITO<\/strong><\/p>\n<audio class=\"wp-audio-shortcode\" id=\"audio-437559-14\" preload=\"none\" style=\"width: 100%;\" controls=\"controls\"><source type=\"audio\/mpeg\" src=\"https:\/\/www.radiopiu.net\/wordpress\/wp-content\/uploads\/2025\/03\/SIBI.mp3?_=14\" \/><a href=\"https:\/\/www.radiopiu.net\/wordpress\/wp-content\/uploads\/2025\/03\/SIBI.mp3\">https:\/\/www.radiopiu.net\/wordpress\/wp-content\/uploads\/2025\/03\/SIBI.mp3<\/a><\/audio>\n<p>&nbsp;<\/p>\n<p><strong>LA RACCOLTA COMPLETA <a href=\"https:\/\/www.radiopiu.net\/wordpress\/oggi-come-ieri-terzo-anno-con-silvia-baldo\/\"><span style=\"color: #3366ff;\">CLICCA QUI<\/span><\/a><\/strong><\/p>\n<p>&nbsp;<\/p>\n<hr \/>\n<p>&nbsp;<\/p>\n<h2><span style=\"color: #333399;\">RITRATTI SONORI, IL PROGRAMMA DI ALESSIA DALL&#8217;O&#8217; <\/span><\/h2>\n<p><span style=\"color: #ff0000;\"><strong><a class=\"dt-pswp-item\" href=\"https:\/\/www.radiopiu.net\/wordpress\/wp-content\/uploads\/2025\/02\/538b812d-6ee6-49d7-8448-d975a0aa1a0e.jpg\" data-dt-img-description=\"\" data-large_image_width=\"1316\" data-large_image_height=\"813\"><img loading=\"lazy\" decoding=\"async\" class=\" wp-image-437689 alignleft\" src=\"https:\/\/www.radiopiu.net\/wordpress\/wp-content\/uploads\/2025\/02\/538b812d-6ee6-49d7-8448-d975a0aa1a0e-300x185.jpg\" alt=\"\" width=\"169\" height=\"104\" srcset=\"https:\/\/www.radiopiu.net\/wordpress\/wp-content\/uploads\/2025\/02\/538b812d-6ee6-49d7-8448-d975a0aa1a0e-300x185.jpg 300w, https:\/\/www.radiopiu.net\/wordpress\/wp-content\/uploads\/2025\/02\/538b812d-6ee6-49d7-8448-d975a0aa1a0e-1024x633.jpg 1024w, https:\/\/www.radiopiu.net\/wordpress\/wp-content\/uploads\/2025\/02\/538b812d-6ee6-49d7-8448-d975a0aa1a0e-768x474.jpg 768w, https:\/\/www.radiopiu.net\/wordpress\/wp-content\/uploads\/2025\/02\/538b812d-6ee6-49d7-8448-d975a0aa1a0e.jpg 1316w\" sizes=\"auto, (max-width: 169px) 100vw, 169px\" \/><\/a>PUNTATA 17 &#8211; LUCA CARGNEL<\/strong><\/span><\/p>\n<p>PRIMA PARTE<\/p>\n<audio class=\"wp-audio-shortcode\" id=\"audio-437559-15\" preload=\"none\" style=\"width: 100%;\" controls=\"controls\"><source type=\"audio\/mpeg\" src=\"https:\/\/www.radiopiu.net\/wordpress\/wp-content\/uploads\/2025\/02\/RF1-4.mp3?_=15\" \/><a href=\"https:\/\/www.radiopiu.net\/wordpress\/wp-content\/uploads\/2025\/02\/RF1-4.mp3\">https:\/\/www.radiopiu.net\/wordpress\/wp-content\/uploads\/2025\/02\/RF1-4.mp3<\/a><\/audio>\n<p>&nbsp;<\/p>\n<p>SECONDA PARTE<\/p>\n<audio class=\"wp-audio-shortcode\" id=\"audio-437559-16\" preload=\"none\" style=\"width: 100%;\" controls=\"controls\"><source type=\"audio\/mpeg\" src=\"https:\/\/www.radiopiu.net\/wordpress\/wp-content\/uploads\/2025\/02\/RF2-4.mp3?_=16\" \/><a href=\"https:\/\/www.radiopiu.net\/wordpress\/wp-content\/uploads\/2025\/02\/RF2-4.mp3\">https:\/\/www.radiopiu.net\/wordpress\/wp-content\/uploads\/2025\/02\/RF2-4.mp3<\/a><\/audio>\n<p>&nbsp;<\/p>\n<p>TERZA PARTE<\/p>\n<audio class=\"wp-audio-shortcode\" id=\"audio-437559-17\" preload=\"none\" style=\"width: 100%;\" controls=\"controls\"><source type=\"audio\/mpeg\" src=\"https:\/\/www.radiopiu.net\/wordpress\/wp-content\/uploads\/2025\/02\/RF3-4.mp3?_=17\" \/><a href=\"https:\/\/www.radiopiu.net\/wordpress\/wp-content\/uploads\/2025\/02\/RF3-4.mp3\">https:\/\/www.radiopiu.net\/wordpress\/wp-content\/uploads\/2025\/02\/RF3-4.mp3<\/a><\/audio>\n<p>&nbsp;<\/p>\n<p><strong>LA RACCOLTA COMPLETA <a href=\"https:\/\/www.radiopiu.net\/wordpress\/ritratti-sonori-il-programma-di-alessia-dallo-la-raccolta\/\"><span style=\"color: #0000ff;\">CLICCA QUI<\/span><\/a><\/strong><\/p>\n<p>&nbsp;<\/p>\n<hr \/>\n<p>&nbsp;<\/p>\n<h2><span style=\"color: #00ccff;\"><strong>SALUTE E SOCIETA&#8217;<\/strong><\/span><\/h2>\n<p><strong>IL LUNEDI ALLE 13.10 SU RADIOPIU, CON IL DOTTOR MARCO CARACCIOLO, TUTTE LE PUNTATE IN PODAST SUL SITO DI RADIOPIU<\/strong><\/p>\n<p><strong><a class=\"dt-pswp-item\" href=\"https:\/\/www.radiopiu.net\/wordpress\/wp-content\/uploads\/2025\/03\/c6af5171-08b8-4e6b-9948-3f7971873f92.jpg\" data-dt-img-description=\"\" data-large_image_width=\"800\" data-large_image_height=\"445\"><img loading=\"lazy\" decoding=\"async\" class=\"size-medium wp-image-437624 alignleft\" src=\"https:\/\/www.radiopiu.net\/wordpress\/wp-content\/uploads\/2025\/03\/c6af5171-08b8-4e6b-9948-3f7971873f92-300x167.jpg\" alt=\"\" width=\"300\" height=\"167\" srcset=\"https:\/\/www.radiopiu.net\/wordpress\/wp-content\/uploads\/2025\/03\/c6af5171-08b8-4e6b-9948-3f7971873f92-300x167.jpg 300w, https:\/\/www.radiopiu.net\/wordpress\/wp-content\/uploads\/2025\/03\/c6af5171-08b8-4e6b-9948-3f7971873f92-768x427.jpg 768w, https:\/\/www.radiopiu.net\/wordpress\/wp-content\/uploads\/2025\/03\/c6af5171-08b8-4e6b-9948-3f7971873f92.jpg 800w\" sizes=\"auto, (max-width: 300px) 100vw, 300px\" \/><\/a>Vampate in menopausa<\/strong><br \/>\nLa menopausa \u00e8 una condizione che le donne spesso subiscono passivamente e sopportano in silenzio, nonostante sia associata a vampate di calore e sudorazioni notturne anche severe, di cui soffre una donna su due con un peggioramento significativo della qualit\u00e0 di vita.<\/p>\n<p><strong>Diabete, Oltre il pregiudizio<\/strong><br \/>\nLe persone con diabete, che in Italia sono circa 4 milioni, devono affrontare innumerevoli sfide quotidiane per gestire la loro patologia. Preconcetti e stereotipi sul diabete possono ulteriormente complicare la vita e rendere pi\u00f9 difficile gestire la patologia.<\/p>\n<p>&nbsp;<\/p>\n<audio class=\"wp-audio-shortcode\" id=\"audio-437559-18\" preload=\"none\" style=\"width: 100%;\" controls=\"controls\"><source type=\"audio\/mpeg\" src=\"https:\/\/www.radiopiu.net\/wordpress\/wp-content\/uploads\/2025\/03\/SALUTE.mp3?_=18\" \/><a href=\"https:\/\/www.radiopiu.net\/wordpress\/wp-content\/uploads\/2025\/03\/SALUTE.mp3\">https:\/\/www.radiopiu.net\/wordpress\/wp-content\/uploads\/2025\/03\/SALUTE.mp3<\/a><\/audio>\n<h3>la raccolta completa<\/h3>\n<blockquote class=\"wp-embedded-content\" data-secret=\"vggHlY9XQW\"><p><a href=\"https:\/\/www.radiopiu.net\/wordpress\/saluteesocieta\/\">Salute e Societ\u00e0<\/a><\/p><\/blockquote>\n<p><iframe loading=\"lazy\" class=\"wp-embedded-content\" sandbox=\"allow-scripts\" security=\"restricted\" style=\"position: absolute; visibility: hidden;\" title=\"&#8220;Salute e Societ\u00e0&#8221; &#8212; Radio Pi\u00f9\" src=\"https:\/\/www.radiopiu.net\/wordpress\/saluteesocieta\/embed\/#?secret=sqmXbCyOoe#?secret=vggHlY9XQW\" data-secret=\"vggHlY9XQW\" width=\"600\" height=\"338\" frameborder=\"0\" marginwidth=\"0\" marginheight=\"0\" scrolling=\"no\"><\/iframe><\/p>\n<hr \/>\n<p>&nbsp;<\/p>\n<h2><span style=\"color: #99cc00;\">I RACCONTI DI PAOLO SOPPELSA<\/span><\/h2>\n<p><strong>LE MONTAGNE DI LEI<\/strong><\/p>\n<p><strong>AUDIO<\/strong><\/p>\n<audio class=\"wp-audio-shortcode\" id=\"audio-437559-19\" preload=\"none\" style=\"width: 100%;\" controls=\"controls\"><source type=\"audio\/mpeg\" src=\"https:\/\/www.radiopiu.net\/wordpress\/wp-content\/uploads\/2025\/03\/PAOLOS.mp3?_=19\" \/><a href=\"https:\/\/www.radiopiu.net\/wordpress\/wp-content\/uploads\/2025\/03\/PAOLOS.mp3\">https:\/\/www.radiopiu.net\/wordpress\/wp-content\/uploads\/2025\/03\/PAOLOS.mp3<\/a><\/audio>\n<p>&nbsp;<\/p>\n<p><a class=\"dt-pswp-item\" href=\"https:\/\/www.radiopiu.net\/wordpress\/wp-content\/uploads\/2025\/03\/ec828cf9-2aab-43ab-ac5c-68f411f96f7f.jpg\" data-dt-img-description=\"\" data-large_image_width=\"1080\" data-large_image_height=\"810\"><img loading=\"lazy\" decoding=\"async\" class=\" wp-image-437446 alignleft\" src=\"https:\/\/www.radiopiu.net\/wordpress\/wp-content\/uploads\/2025\/03\/ec828cf9-2aab-43ab-ac5c-68f411f96f7f-300x225.jpg\" alt=\"\" width=\"172\" height=\"129\" srcset=\"https:\/\/www.radiopiu.net\/wordpress\/wp-content\/uploads\/2025\/03\/ec828cf9-2aab-43ab-ac5c-68f411f96f7f-300x225.jpg 300w, https:\/\/www.radiopiu.net\/wordpress\/wp-content\/uploads\/2025\/03\/ec828cf9-2aab-43ab-ac5c-68f411f96f7f-1024x768.jpg 1024w, https:\/\/www.radiopiu.net\/wordpress\/wp-content\/uploads\/2025\/03\/ec828cf9-2aab-43ab-ac5c-68f411f96f7f-768x576.jpg 768w, https:\/\/www.radiopiu.net\/wordpress\/wp-content\/uploads\/2025\/03\/ec828cf9-2aab-43ab-ac5c-68f411f96f7f.jpg 1080w\" sizes=\"auto, (max-width: 172px) 100vw, 172px\" \/><\/a>Soffiava un vento leggero che chiamava autunno durante quell&#8217;alba limpida di quasi met\u00e0 settembre. Lei era l\u00ec, di fronte a casa, ad attendere una Golf bianca, con i suoi quattordici anni ancora da compiere, con uno zaino sulle spalle e una valigia accanto, a vivere l&#8217;inizio di un giorno che le avrebbe cambiato la vita. Guardava le montagne, le sue montagne, quelle sotto alle quali era cresciuta, quelle che ora stava per lasciare. Ora che la breve estate di montagna era terminata, era ritornato il tempo del rientro a scuola. Ma adesso la scuola sarebbe stata quella superiore. Non ci sarebbe pi\u00f9 stata la passeggiata a piedi per raggiungere la scuola elementare, e nemmeno il quarto d&#8217;ora in corriera per raggiungere le scuole medie. Ora bisognava uscire dalla valle e scendere fino a Belluno, dove avrebbe trovato una grande scuola in cemento armato e nuovi compagni provenienti dall\u2019intera provincia. E poi, avrebbe dovuto vivere per quasi sei giorni a settimana in citt\u00e0, nel convitto situato praticamente in centro. Ora, la fontana aldil\u00e0 della strada cantava la sua perenne e dolce musica d&#8217;acqua e lei, in quei pochi minuti che la separavano dalla partenza, viveva un tumulto di pensieri. C&#8217;erano voglia e al contempo timore di correre incontro a quella nuova vita, c&#8217;era una sottile nostalgia che gi\u00e0 si insinuava nella sua anima mentre i primi raggi del sole illuminavano la cima del Cernera. L&#8217;arrivo della Golf, i sorrisi ed i saluti delle sue compagne di quel viaggio di un&#8217;ora interruppero quei pensieri e sviarono la mente dai ricordi che ora scorrevano come in un film. Ora erano voci assonnate che parlavano sopra alla musica dei Queen che usciva dall\u2019autoradio, e c&#8217;erano i ricordi di una infanzia che ora le sembrava svanita per sempre. Erano memorie di giochi e di prati, erano profumi di fieno e fiori di montagna, erano ricordi di una vita semplice priva del superfluo e ricca di tutto ci\u00f2 che ora sembrava perduto. Nel frattempo l&#8217;auto correva veloce lungo la strada che si era fatta meno tortuosa e dietro di lei le montagne, le sue montagne, non c&#8217;erano gi\u00e0 pi\u00f9. Le sentiva lontane quelle voci che ora erano pi\u00f9 chiare e sveglie, e mentre osservava dal finestrino le severe montagne aldil\u00e0 del Cordevole, pensava al coraggio che aveva dovuto trovare quella mattina. Aveva salutato i genitori che avevano fatto finta di non essere commossi, era partita in direzione di una citt\u00e0 che chiss\u00e0 come l&#8217;avrebbe accolta. Le scese una lacrima prontamente nascosta, e poi, dopo un sospiro, entr\u00f2 anche lei nei dialoghi che ora si erano fatti pi\u00f9 allegri. Arrivata a Belluno trov\u00f2 un clima da estate appena sfumata e il grande cortile della scuola magistrale colmo perlopi\u00f9 di ragazze. Le pi\u00f9 grandi si conoscevano tutte e si salutavano raccontandosi le vacanze appena terminate, le pi\u00f9 giovani come lei, invece, si guardavano intorno spaesate cercando in quella folla vociante un viso conosciuto. Poco prima delle otto si fece coraggio ed entr\u00f2 nell&#8217;atrio della grande scuola per poi inoltrarsi lungo i labirintici corridoi fino a quando riusc\u00ec a trovare l&#8217;aula. La mattina scivol\u00f2 via veloce fra insegnanti che si presentavano, orari provvisori e le prime timide chiacchiere con alcune nuove compagne. A qualcuna di loro sarebbe toccato lo stesso convitto e infatti, poco dopo l&#8217;una, si ritrov\u00f2 insieme ad alcune di quelle ragazze con cui aveva scambiato qualche parola. Il convitto aveva un aspetto austero come gli abiti neri di quelle suore con il velo che ora stavano mostrando loro le stanze, il refettorio, la sala di studio e illustrando regole e orari ben precisi. Guard\u00f2 dalla finestra della sua camera e vide i condomini aldil\u00e0 della strada sempre trafficata e mentre aveva inizio un lungo tramonto di quasi met\u00e0 settembre una dolce malinconia le prese l&#8217;anima. Aldil\u00e0 di quei palazzi severi, e aldil\u00e0 ancora della Schiara, c&#8217;erano le sue montagne ad aspettarla. Sarebbe ritornata ad ammirare il Pelmo nel primo pomeriggio del sabato successivo; forse, a quel tempo, avrebbe trovato le cime imbiancate dalla prima effimera neve.<\/p>\n<p>&nbsp;<\/p>\n<p>&nbsp;<\/p>\n<hr \/>\n<p>&nbsp;<\/p>\n<h2><span style=\"color: #ff0000;\"><a class=\"dt-pswp-item\" href=\"https:\/\/www.radiopiu.net\/wordpress\/wp-content\/uploads\/2018\/09\/appuntamenti.jpeg\" data-dt-img-description=\"\" data-large_image_width=\"800\" data-large_image_height=\"100\"><img loading=\"lazy\" decoding=\"async\" class=\"wp-image-61958 size-full aligncenter\" src=\"https:\/\/www.radiopiu.net\/wordpress\/wp-content\/uploads\/2018\/09\/appuntamenti.jpeg\" alt=\"\" width=\"800\" height=\"100\" srcset=\"https:\/\/www.radiopiu.net\/wordpress\/wp-content\/uploads\/2018\/09\/appuntamenti.jpeg 800w, https:\/\/www.radiopiu.net\/wordpress\/wp-content\/uploads\/2018\/09\/appuntamenti-300x38.jpeg 300w, https:\/\/www.radiopiu.net\/wordpress\/wp-content\/uploads\/2018\/09\/appuntamenti-768x96.jpeg 768w\" sizes=\"auto, (max-width: 800px) 100vw, 800px\" \/><\/a><\/span><\/h2>\n<h3 dir=\"auto\"><\/h3>\n<blockquote>\n<h3>MORGAN &amp; BATTAGLIA I RESIDENT DJ DEL SAVE THE DATE FESTIVAL<\/h3>\n<\/blockquote>\n<p><strong>FALCADE <\/strong>Il palco si accende, le casse vibrano e l\u2019atmosfera si infiamma: Morgan e Battaglia sono pronti a farvi ballare senza sosta! Con selezioni potenti e beat travolgenti, il duo porter\u00e0 un\u2019ondata di pura energia al Rifugio Laresei. Quattro ospiti speciali arricchiranno il festival, ma sar\u00e0 la loro console a tenere il cuore pulsante della serata. L\u2019unica regola? Lasciarsi andare al ritmo e vivere la musica senza freni. Preparati a un\u2019esperienza indimenticabile! L&#8217;appuntamento \u00e8 per il 29 marzo al Rifugio Laresei<\/p>\n\n\t\t\t<style type='text\/css'>\n\t\t\t\t#gallery-4 {\n\t\t\t\t\tmargin: auto;\n\t\t\t\t}\n\t\t\t\t#gallery-4 .gallery-item {\n\t\t\t\t\tfloat: left;\n\t\t\t\t\tmargin-top: 10px;\n\t\t\t\t\ttext-align: center;\n\t\t\t\t\twidth: 20%;\n\t\t\t\t}\n\t\t\t\t#gallery-4 img {\n\t\t\t\t\tborder: 2px solid #cfcfcf;\n\t\t\t\t}\n\t\t\t\t#gallery-4 .gallery-caption {\n\t\t\t\t\tmargin-left: 0;\n\t\t\t\t}\n\t\t\t\t\/* see gallery_shortcode() in wp-includes\/media.php *\/\n\t\t\t<\/style>\n\t\t<div id='gallery-4' class='dt-gallery-container gallery galleryid-437559 gallery-columns-5 gallery-size-medium'><dl class='gallery-item'>\n\t\t\t\t<dt class='gallery-icon portrait'>\n\t\t\t\t\t<a class=\"rollover rollover-zoom dt-pswp-item\" title=\"475351389_122191419572160269_4819090400106529375_n\" data-dt-img-description=\"\" data-large_image_width=\"1024\" data-large_image_height=\"1280\"href='https:\/\/www.radiopiu.net\/wordpress\/wp-content\/uploads\/2025\/02\/475351389_122191419572160269_4819090400106529375_n.jpg'><img loading=\"lazy\" decoding=\"async\" width=\"240\" height=\"300\" src=\"https:\/\/www.radiopiu.net\/wordpress\/wp-content\/uploads\/2025\/02\/475351389_122191419572160269_4819090400106529375_n-240x300.jpg\" class=\"attachment-medium size-medium\" alt=\"\" srcset=\"https:\/\/www.radiopiu.net\/wordpress\/wp-content\/uploads\/2025\/02\/475351389_122191419572160269_4819090400106529375_n-240x300.jpg 240w, https:\/\/www.radiopiu.net\/wordpress\/wp-content\/uploads\/2025\/02\/475351389_122191419572160269_4819090400106529375_n-819x1024.jpg 819w, https:\/\/www.radiopiu.net\/wordpress\/wp-content\/uploads\/2025\/02\/475351389_122191419572160269_4819090400106529375_n-768x960.jpg 768w, https:\/\/www.radiopiu.net\/wordpress\/wp-content\/uploads\/2025\/02\/475351389_122191419572160269_4819090400106529375_n.jpg 1024w\" sizes=\"auto, (max-width: 240px) 100vw, 240px\" \/><\/a>\n\t\t\t\t<\/dt><\/dl><dl class='gallery-item'>\n\t\t\t\t<dt class='gallery-icon portrait'>\n\t\t\t\t\t<a class=\"rollover rollover-zoom dt-pswp-item\" title=\"70222334-5cff-4d4b-9ab9-a2a79305f2f3\" data-dt-img-description=\"\" data-large_image_width=\"1024\" data-large_image_height=\"1280\"href='https:\/\/www.radiopiu.net\/wordpress\/wp-content\/uploads\/2025\/02\/70222334-5cff-4d4b-9ab9-a2a79305f2f3.jpg'><img loading=\"lazy\" decoding=\"async\" width=\"240\" height=\"300\" src=\"https:\/\/www.radiopiu.net\/wordpress\/wp-content\/uploads\/2025\/02\/70222334-5cff-4d4b-9ab9-a2a79305f2f3-240x300.jpg\" class=\"attachment-medium size-medium\" alt=\"\" srcset=\"https:\/\/www.radiopiu.net\/wordpress\/wp-content\/uploads\/2025\/02\/70222334-5cff-4d4b-9ab9-a2a79305f2f3-240x300.jpg 240w, https:\/\/www.radiopiu.net\/wordpress\/wp-content\/uploads\/2025\/02\/70222334-5cff-4d4b-9ab9-a2a79305f2f3-819x1024.jpg 819w, https:\/\/www.radiopiu.net\/wordpress\/wp-content\/uploads\/2025\/02\/70222334-5cff-4d4b-9ab9-a2a79305f2f3-768x960.jpg 768w, https:\/\/www.radiopiu.net\/wordpress\/wp-content\/uploads\/2025\/02\/70222334-5cff-4d4b-9ab9-a2a79305f2f3.jpg 1024w\" sizes=\"auto, (max-width: 240px) 100vw, 240px\" \/><\/a>\n\t\t\t\t<\/dt><\/dl><dl class='gallery-item'>\n\t\t\t\t<dt class='gallery-icon portrait'>\n\t\t\t\t\t<a class=\"rollover rollover-zoom dt-pswp-item\" title=\"480483463_122191800596160269_7748395789965067962_n\" data-dt-img-description=\"\" data-large_image_width=\"1024\" data-large_image_height=\"1280\"href='https:\/\/www.radiopiu.net\/wordpress\/wp-content\/uploads\/2025\/02\/480483463_122191800596160269_7748395789965067962_n.jpg'><img loading=\"lazy\" decoding=\"async\" width=\"240\" height=\"300\" src=\"https:\/\/www.radiopiu.net\/wordpress\/wp-content\/uploads\/2025\/02\/480483463_122191800596160269_7748395789965067962_n-240x300.jpg\" class=\"attachment-medium size-medium\" alt=\"\" srcset=\"https:\/\/www.radiopiu.net\/wordpress\/wp-content\/uploads\/2025\/02\/480483463_122191800596160269_7748395789965067962_n-240x300.jpg 240w, https:\/\/www.radiopiu.net\/wordpress\/wp-content\/uploads\/2025\/02\/480483463_122191800596160269_7748395789965067962_n-819x1024.jpg 819w, https:\/\/www.radiopiu.net\/wordpress\/wp-content\/uploads\/2025\/02\/480483463_122191800596160269_7748395789965067962_n-768x960.jpg 768w, https:\/\/www.radiopiu.net\/wordpress\/wp-content\/uploads\/2025\/02\/480483463_122191800596160269_7748395789965067962_n.jpg 1024w\" sizes=\"auto, (max-width: 240px) 100vw, 240px\" \/><\/a>\n\t\t\t\t<\/dt><\/dl><dl class='gallery-item'>\n\t\t\t\t<dt class='gallery-icon portrait'>\n\t\t\t\t\t<a class=\"rollover rollover-zoom dt-pswp-item\" title=\"480755395_122191974356160269_922264644982884143_n\" data-dt-img-description=\"\" data-large_image_width=\"1024\" data-large_image_height=\"1280\"href='https:\/\/www.radiopiu.net\/wordpress\/wp-content\/uploads\/2025\/02\/480755395_122191974356160269_922264644982884143_n.jpg'><img loading=\"lazy\" decoding=\"async\" width=\"240\" height=\"300\" src=\"https:\/\/www.radiopiu.net\/wordpress\/wp-content\/uploads\/2025\/02\/480755395_122191974356160269_922264644982884143_n-240x300.jpg\" class=\"attachment-medium size-medium\" alt=\"\" srcset=\"https:\/\/www.radiopiu.net\/wordpress\/wp-content\/uploads\/2025\/02\/480755395_122191974356160269_922264644982884143_n-240x300.jpg 240w, https:\/\/www.radiopiu.net\/wordpress\/wp-content\/uploads\/2025\/02\/480755395_122191974356160269_922264644982884143_n-819x1024.jpg 819w, https:\/\/www.radiopiu.net\/wordpress\/wp-content\/uploads\/2025\/02\/480755395_122191974356160269_922264644982884143_n-768x960.jpg 768w, https:\/\/www.radiopiu.net\/wordpress\/wp-content\/uploads\/2025\/02\/480755395_122191974356160269_922264644982884143_n.jpg 1024w\" sizes=\"auto, (max-width: 240px) 100vw, 240px\" \/><\/a>\n\t\t\t\t<\/dt><\/dl><dl class='gallery-item'>\n\t\t\t\t<dt class='gallery-icon portrait'>\n\t\t\t\t\t<a class=\"rollover rollover-zoom dt-pswp-item\" title=\"480946206_122192204450160269_174180551336592227_n\" data-dt-img-description=\"\" data-large_image_width=\"512\" data-large_image_height=\"640\"href='https:\/\/www.radiopiu.net\/wordpress\/wp-content\/uploads\/2025\/02\/480946206_122192204450160269_174180551336592227_n.jpg'><img loading=\"lazy\" decoding=\"async\" width=\"240\" height=\"300\" src=\"https:\/\/www.radiopiu.net\/wordpress\/wp-content\/uploads\/2025\/02\/480946206_122192204450160269_174180551336592227_n-240x300.jpg\" class=\"attachment-medium size-medium\" alt=\"\" srcset=\"https:\/\/www.radiopiu.net\/wordpress\/wp-content\/uploads\/2025\/02\/480946206_122192204450160269_174180551336592227_n-240x300.jpg 240w, https:\/\/www.radiopiu.net\/wordpress\/wp-content\/uploads\/2025\/02\/480946206_122192204450160269_174180551336592227_n.jpg 512w\" sizes=\"auto, (max-width: 240px) 100vw, 240px\" \/><\/a>\n\t\t\t\t<\/dt><\/dl><br style=\"clear: both\" \/>\n\t\t\t<\/div>\n\n<p>&nbsp;<\/p>\n<div>\n<div class=\"\" dir=\"auto\">\n<div id=\":r9h:\" class=\"x1iorvi4 x1pi30zi x1l90r2v x1swvt13\" data-ad-comet-preview=\"message\" data-ad-preview=\"message\">\n<div>\n<div class=\"\" dir=\"auto\">\n<div id=\":r9h:\" class=\"x1iorvi4 x1pi30zi x1l90r2v x1swvt13\" data-ad-comet-preview=\"message\" data-ad-preview=\"message\">\n<div>\n<div class=\"\" dir=\"auto\">\n<div id=\":r9h:\" class=\"x1iorvi4 x1pi30zi x1l90r2v x1swvt13\" data-ad-comet-preview=\"message\" data-ad-preview=\"message\">\n<div>\n<div class=\"\" dir=\"auto\">\n<div id=\":r9h:\" class=\"x1iorvi4 x1pi30zi x1l90r2v x1swvt13\" data-ad-comet-preview=\"message\" data-ad-preview=\"message\">\n<div>\n<div class=\"\" dir=\"auto\">\n<div id=\":r9h:\" class=\"x1iorvi4 x1pi30zi x1l90r2v x1swvt13\" data-ad-comet-preview=\"message\" data-ad-preview=\"message\">\n<div>\n<div class=\"\" dir=\"auto\">\n<div id=\":r9h:\" class=\"x1iorvi4 x1pi30zi x1l90r2v x1swvt13\" data-ad-comet-preview=\"message\" data-ad-preview=\"message\">\n<div class=\"xdj266r x11i5rnm xat24cr x1mh8g0r x1vvkbs x126k92a\">\n<div dir=\"auto\"><\/div>\n<\/div>\n<div>\n<div class=\"\" dir=\"auto\">\n<div id=\":r9h:\" class=\"x1iorvi4 x1pi30zi x1l90r2v x1swvt13\" data-ad-comet-preview=\"message\" data-ad-preview=\"message\">\n<div>\n<div class=\"\" dir=\"auto\">\n<div id=\":r9h:\" class=\"x1iorvi4 x1pi30zi x1l90r2v x1swvt13\" data-ad-comet-preview=\"message\" data-ad-preview=\"message\">\n\n\t\t\t<style type='text\/css'>\n\t\t\t\t#gallery-5 {\n\t\t\t\t\tmargin: auto;\n\t\t\t\t}\n\t\t\t\t#gallery-5 .gallery-item {\n\t\t\t\t\tfloat: left;\n\t\t\t\t\tmargin-top: 10px;\n\t\t\t\t\ttext-align: center;\n\t\t\t\t\twidth: 25%;\n\t\t\t\t}\n\t\t\t\t#gallery-5 img {\n\t\t\t\t\tborder: 2px solid #cfcfcf;\n\t\t\t\t}\n\t\t\t\t#gallery-5 .gallery-caption {\n\t\t\t\t\tmargin-left: 0;\n\t\t\t\t}\n\t\t\t\t\/* see gallery_shortcode() in wp-includes\/media.php *\/\n\t\t\t<\/style>\n\t\t<div id='gallery-5' class='dt-gallery-container gallery galleryid-437559 gallery-columns-4 gallery-size-thumbnail'><dl class='gallery-item'>\n\t\t\t\t<dt class='gallery-icon portrait'>\n\t\t\t\t\t<a class=\"rollover rollover-zoom dt-pswp-item\" title=\"dad1d0d2-12e8-494a-9390-929e17ce5985\" data-dt-img-description=\"\" data-large_image_width=\"900\" data-large_image_height=\"1600\"href='https:\/\/www.radiopiu.net\/wordpress\/wp-content\/uploads\/2025\/01\/dad1d0d2-12e8-494a-9390-929e17ce5985.jpg'><img loading=\"lazy\" decoding=\"async\" width=\"150\" height=\"150\" src=\"https:\/\/www.radiopiu.net\/wordpress\/wp-content\/uploads\/2025\/01\/dad1d0d2-12e8-494a-9390-929e17ce5985-150x150.jpg\" class=\"attachment-thumbnail size-thumbnail\" alt=\"\" \/><\/a>\n\t\t\t\t<\/dt><\/dl><dl class='gallery-item'>\n\t\t\t\t<dt class='gallery-icon portrait'>\n\t\t\t\t\t<a class=\"rollover rollover-zoom dt-pswp-item\" title=\"Marzo (1)\" data-dt-img-description=\"\" data-large_image_width=\"841\" data-large_image_height=\"1190\"href='https:\/\/www.radiopiu.net\/wordpress\/wp-content\/uploads\/2025\/02\/Marzo-1.jpg'><img loading=\"lazy\" decoding=\"async\" width=\"150\" height=\"150\" src=\"https:\/\/www.radiopiu.net\/wordpress\/wp-content\/uploads\/2025\/02\/Marzo-1-150x150.jpg\" class=\"attachment-thumbnail size-thumbnail\" alt=\"\" \/><\/a>\n\t\t\t\t<\/dt><\/dl><dl class='gallery-item'>\n\t\t\t\t<dt class='gallery-icon portrait'>\n\t\t\t\t\t<a class=\"rollover rollover-zoom dt-pswp-item\" title=\"Carnevale 2025\" data-dt-img-description=\"\" data-large_image_width=\"1414\" data-large_image_height=\"2000\"href='https:\/\/www.radiopiu.net\/wordpress\/wp-content\/uploads\/2025\/02\/Carnevale-2025-1.png'><img loading=\"lazy\" decoding=\"async\" width=\"150\" height=\"150\" src=\"https:\/\/www.radiopiu.net\/wordpress\/wp-content\/uploads\/2025\/02\/Carnevale-2025-1-150x150.png\" class=\"attachment-thumbnail size-thumbnail\" alt=\"\" \/><\/a>\n\t\t\t\t<\/dt><\/dl><dl class='gallery-item'>\n\t\t\t\t<dt class='gallery-icon portrait'>\n\t\t\t\t\t<a class=\"rollover rollover-zoom dt-pswp-item\" title=\"Senza nome\" data-dt-img-description=\"\" data-large_image_width=\"569\" data-large_image_height=\"801\"href='https:\/\/www.radiopiu.net\/wordpress\/wp-content\/uploads\/2025\/02\/Senza-nome-23.png'><img loading=\"lazy\" decoding=\"async\" width=\"150\" height=\"150\" src=\"https:\/\/www.radiopiu.net\/wordpress\/wp-content\/uploads\/2025\/02\/Senza-nome-23-150x150.png\" class=\"attachment-thumbnail size-thumbnail\" alt=\"\" \/><\/a>\n\t\t\t\t<\/dt><\/dl><br style=\"clear: both\" \/><dl class='gallery-item'>\n\t\t\t\t<dt class='gallery-icon portrait'>\n\t\t\t\t\t<a class=\"rollover rollover-zoom dt-pswp-item\" title=\"Locandina Zanenga marzo 2025\" data-dt-img-description=\"\" data-large_image_width=\"1447\" data-large_image_height=\"2048\"href='https:\/\/www.radiopiu.net\/wordpress\/wp-content\/uploads\/2025\/02\/Locandina-Zanenga-marzo-2025.jpg'><img loading=\"lazy\" decoding=\"async\" width=\"150\" height=\"150\" src=\"https:\/\/www.radiopiu.net\/wordpress\/wp-content\/uploads\/2025\/02\/Locandina-Zanenga-marzo-2025-150x150.jpg\" class=\"attachment-thumbnail size-thumbnail\" alt=\"\" \/><\/a>\n\t\t\t\t<\/dt><\/dl><dl class='gallery-item'>\n\t\t\t\t<dt class='gallery-icon portrait'>\n\t\t\t\t\t<a class=\"rollover rollover-zoom dt-pswp-item\" title=\"a43f5470-8da9-420a-9a8f-999ac45dfc29\" data-dt-img-description=\"\" data-large_image_width=\"1131\" data-large_image_height=\"1600\"href='https:\/\/www.radiopiu.net\/wordpress\/wp-content\/uploads\/2025\/02\/a43f5470-8da9-420a-9a8f-999ac45dfc29.jpg'><img loading=\"lazy\" decoding=\"async\" width=\"150\" height=\"150\" src=\"https:\/\/www.radiopiu.net\/wordpress\/wp-content\/uploads\/2025\/02\/a43f5470-8da9-420a-9a8f-999ac45dfc29-150x150.jpg\" class=\"attachment-thumbnail size-thumbnail\" alt=\"\" \/><\/a>\n\t\t\t\t<\/dt><\/dl><dl class='gallery-item'>\n\t\t\t\t<dt class='gallery-icon portrait'>\n\t\t\t\t\t<a class=\"rollover rollover-zoom dt-pswp-item\" title=\"85292380-77cf-48a7-ac7a-86c7009204ef\" data-dt-img-description=\"\" data-large_image_width=\"1280\" data-large_image_height=\"1600\"href='https:\/\/www.radiopiu.net\/wordpress\/wp-content\/uploads\/2025\/02\/85292380-77cf-48a7-ac7a-86c7009204ef.jpg'><img loading=\"lazy\" decoding=\"async\" width=\"150\" height=\"150\" src=\"https:\/\/www.radiopiu.net\/wordpress\/wp-content\/uploads\/2025\/02\/85292380-77cf-48a7-ac7a-86c7009204ef-150x150.jpg\" class=\"attachment-thumbnail size-thumbnail\" alt=\"\" \/><\/a>\n\t\t\t\t<\/dt><\/dl>\n\t\t\t\t<br style='clear: both' \/>\n\t\t\t<\/div>\n\n<p>&nbsp;<\/p>\n<p>&nbsp;<\/p>\n<\/div>\n<\/div>\n<\/div>\n<\/div>\n<\/div>\n<\/div>\n<\/div>\n<\/div>\n<\/div>\n<\/div>\n<\/div>\n<\/div>\n<p>&nbsp;<\/p>\n<\/div>\n<\/div>\n<\/div>\n<\/div>\n<\/div>\n<\/div>\n<\/div>\n<\/div>\n<\/div>\n<\/div>\n<\/div>\n<\/div>\n<hr \/>\n<p>&nbsp;<\/p>\n<p class=\"mceTemp\"><a class=\"dt-pswp-item\" href=\"https:\/\/www.radiopiu.net\/wordpress\/wp-content\/uploads\/2018\/09\/WhatsApp-Image-2018-09-20-at-16.04.06.jpeg\" data-dt-img-description=\"\" data-large_image_width=\"800\" data-large_image_height=\"100\"><img loading=\"lazy\" decoding=\"async\" class=\"wp-image-61378 size-full aligncenter\" src=\"https:\/\/www.radiopiu.net\/wordpress\/wp-content\/uploads\/2018\/09\/WhatsApp-Image-2018-09-20-at-16.04.06.jpeg\" alt=\"\" width=\"800\" height=\"100\" srcset=\"https:\/\/www.radiopiu.net\/wordpress\/wp-content\/uploads\/2018\/09\/WhatsApp-Image-2018-09-20-at-16.04.06.jpeg 800w, https:\/\/www.radiopiu.net\/wordpress\/wp-content\/uploads\/2018\/09\/WhatsApp-Image-2018-09-20-at-16.04.06-300x38.jpeg 300w, https:\/\/www.radiopiu.net\/wordpress\/wp-content\/uploads\/2018\/09\/WhatsApp-Image-2018-09-20-at-16.04.06-768x96.jpeg 768w\" sizes=\"auto, (max-width: 800px) 100vw, 800px\" \/><\/a><\/p>\n<p><center><\/center><center><\/center>&nbsp;<\/p>\n<p>&nbsp;<\/p>\n<p style=\"text-align: center;\"><strong>OGGI<\/strong><\/p>\n<p>Cielo sereno. <b>Precipitazioni: <\/b>Assenti.<br \/>\n<b>Temperature: <\/b>In aumento leggero\/moderato rispetto a luned\u00ec. Valori sopra la media, anche di molto nelle ore diurne.\u00a0 <b>Venti: <\/b>Deboli\/moderati con direzione variabile<\/p>\n<hr \/>\n<p><center><b>DOMANI<\/b><\/center><b>\u00a0<\/b>Cielo sereno. <b>Precipitazioni: <\/b>Assenti. <b>Temperature: <\/b>In aumento leggero\/moderato rispetto a marted\u00ec.<br \/>\n<b>Venti: <\/b>In quota moderati\/tesi<\/p>\n<hr \/>\n<p><center><b>GIOVEDI<\/b><\/center>Non si verificheranno precipitazioni. Cielo sereno o poco nuvoloso. Temperature senza variazioni di rilievo.<\/p>\n<hr \/>\n<p><center><b>VENERDI<\/b><\/center>Non si verificheranno precipitazioni. Cielo poco o parzialmente nuvoloso. Temperature senza variazioni di rilievo.<\/p>\n<p>&nbsp;<\/p>\n<hr \/>\n<p>&nbsp;<\/p>\n<p class=\"mceTemp\"><a class=\"dt-pswp-item\" href=\"https:\/\/www.radiopiu.net\/wordpress\/wp-content\/uploads\/2018\/09\/sport.jpg\" data-dt-img-description=\"\" data-large_image_width=\"800\" data-large_image_height=\"100\"><img loading=\"lazy\" decoding=\"async\" class=\"aligncenter wp-image-60761 size-full\" src=\"https:\/\/www.radiopiu.net\/wordpress\/wp-content\/uploads\/2018\/09\/sport.jpg\" alt=\"\" width=\"800\" height=\"100\" srcset=\"https:\/\/www.radiopiu.net\/wordpress\/wp-content\/uploads\/2018\/09\/sport.jpg 800w, https:\/\/www.radiopiu.net\/wordpress\/wp-content\/uploads\/2018\/09\/sport-300x38.jpg 300w, https:\/\/www.radiopiu.net\/wordpress\/wp-content\/uploads\/2018\/09\/sport-768x96.jpg 768w\" sizes=\"auto, (max-width: 800px) 100vw, 800px\" \/> <\/a><\/p>\n<p class=\"mceTemp\"><span style=\"color: #0000ff;\"><strong>\u00a0 \u00a0 \u00a0\u00a0<\/strong><\/span><\/p>\n<p><span style=\"color: #0000ff;\"><strong>HOCKEY SU GHIACCIO<\/strong><\/span><\/p>\n<blockquote>\n<h3>AL DE TONI DI ALLEGHE ARRIVA IL VARESE PER GARA 2 DEI QUARTI DI FINALE<\/h3>\n<\/blockquote>\n<p><strong><a class=\"dt-pswp-item\" href=\"https:\/\/www.radiopiu.net\/wordpress\/wp-content\/uploads\/2025\/03\/ea8c00f3-74a2-4403-a9c2-09f2cdf6a65d.jpeg\" data-dt-img-description=\"\" data-large_image_width=\"1131\" data-large_image_height=\"813\"><img loading=\"lazy\" decoding=\"async\" class=\" wp-image-437609 alignleft\" src=\"https:\/\/www.radiopiu.net\/wordpress\/wp-content\/uploads\/2025\/03\/ea8c00f3-74a2-4403-a9c2-09f2cdf6a65d-300x216.jpeg\" alt=\"\" width=\"194\" height=\"140\" srcset=\"https:\/\/www.radiopiu.net\/wordpress\/wp-content\/uploads\/2025\/03\/ea8c00f3-74a2-4403-a9c2-09f2cdf6a65d-300x216.jpeg 300w, https:\/\/www.radiopiu.net\/wordpress\/wp-content\/uploads\/2025\/03\/ea8c00f3-74a2-4403-a9c2-09f2cdf6a65d-1024x736.jpeg 1024w, https:\/\/www.radiopiu.net\/wordpress\/wp-content\/uploads\/2025\/03\/ea8c00f3-74a2-4403-a9c2-09f2cdf6a65d-768x552.jpeg 768w, https:\/\/www.radiopiu.net\/wordpress\/wp-content\/uploads\/2025\/03\/ea8c00f3-74a2-4403-a9c2-09f2cdf6a65d.jpeg 1131w\" sizes=\"auto, (max-width: 194px) 100vw, 194px\" \/><\/a>di Roberto Miana, portavoce dell\u2019Alleghe Hockey<\/strong><\/p>\n<p>Gara 2 playoff quarti di finale &#8211; Sabato 4 marzo alle 20:30 le Civette ospitano i Mastini di Varese. A distanza di tre giorni Alleghe e Varese tornano sul ghiaccio per incrociare le stecche in gara due a campi invertiti, dopo la netta vittoria 4-1 dei Mastini sul ghiaccio di casa in gara uno, con i Gialloneri che si sono dimostrati cinici in attacco e attenti in difesa. Civette che dovranno riscattare l\u2019opaca prova offerta a Varese, dove, anche a detta degli spettatori varesini, \u00e8 mancata quella grinta che \u00e8 il marchio di fabbrica agordino e che \u00e8 lo spauracchio di tutti gli avversari quando devono affrontare la squadra biancorossa. Sotto al Civetta, i ragazzi di coach Surenkin, dovranno far valere il fattore campo, perch\u00e9 il \u201cDe Toni\u201d di Alleghe torni il fortino tanto temuto dalle squadre avversarie e per questo si dovranno evitare gli errori difensivi visti a Varese. Anche nel reparto offensivo si dovr\u00e0 trovare il modo di segnare all\u2019ucraino Ohandzhanyan, il goalie giallonero del quale non si sa se \u00e8 pi\u00f9 difficile pronunciarne il cognome o depositarne il puck nella gabbia, visto che in gara uno ha parato quasi tutto, eccezion fatta del solo penalty di M\u00e4kel\u00e4. Da sottolineare come da gara uno non siano usciti vincenti solo i Mastini, ma anche i tifosi biancorossi che, con i Warriors protagonisti, hanno seguito in una cinquantina la squadra nella lunga trasferta lombarda, tifando e facendo sentire il proprio calore ai ragazzi che, in gara due sul ghiaccio di casa, li dovranno ripagare con una prestazione di tutt\u2019altro spessore.<\/p>\n<p><strong>ALLEGHE HOCKEY &#8211; HCMV VARESE HOCKEY<\/strong><br \/>\nMarted\u00ec 4 marzo, ore 20:30 &#8211; Alvise De Toni di Alleghe (BL). Arbitri: Alessio Bedana e Patrick Theo Gruber con giudici di linea Andrea Carrito e Matteo De Cristofaro.<br \/>\nCollegamenti in DIRETTA RADIOFONICA su Radio Pi\u00f9 (www.radiopiu.net) con \u201chockey al punto giusto\u201d, in studio Marco Gaz e da Alleghe interventi di Federico Paganin<\/p>\n<p>Quarti di finale Playoff Varese vs Alleghe<br \/>\nGARA 1: Varese-Alleghe 4-1<br \/>\nGARA 2: marted\u00ec 4 marzo, ore 20:30 Alleghe-Varese (Alvise De Toni di Alleghe)<br \/>\nGARA 3: gioved\u00ec 6 marzo, ore 20:30 Varese-Alleghe (Acinque Ice Arena di Varese)<br \/>\nGARA 4 (eventuale): sabato 8 marzo, ore 20:30 Alleghe-Varese (Alvise De Toni di Alleghe)<br \/>\nGARA 5 (eventuale): marted\u00ec 11 marzo, ore 20:30 Varese-Alleghe (Acinque Ice Arena di Varese)<\/p>\n<p>&nbsp;<\/p>\n<blockquote>\n<h3>UN FINE SETTIMANA DA INCORNICIARE PER LE GIOVANILI DELL&#8217;ALLEGHE HOCKEY<\/h3>\n<\/blockquote>\n<p><span style=\"color: #ff0000;\"><strong><a class=\"dt-pswp-item\" href=\"https:\/\/www.radiopiu.net\/wordpress\/wp-content\/uploads\/2025\/03\/598ebf3a-d11d-427f-8af2-624cb8d92d90.jpg\" data-dt-img-description=\"\" data-large_image_width=\"1600\" data-large_image_height=\"1063\"><img loading=\"lazy\" decoding=\"async\" class=\" wp-image-437682 alignleft\" src=\"https:\/\/www.radiopiu.net\/wordpress\/wp-content\/uploads\/2025\/03\/598ebf3a-d11d-427f-8af2-624cb8d92d90-300x199.jpg\" alt=\"\" width=\"256\" height=\"170\" srcset=\"https:\/\/www.radiopiu.net\/wordpress\/wp-content\/uploads\/2025\/03\/598ebf3a-d11d-427f-8af2-624cb8d92d90-300x199.jpg 300w, https:\/\/www.radiopiu.net\/wordpress\/wp-content\/uploads\/2025\/03\/598ebf3a-d11d-427f-8af2-624cb8d92d90-1024x680.jpg 1024w, https:\/\/www.radiopiu.net\/wordpress\/wp-content\/uploads\/2025\/03\/598ebf3a-d11d-427f-8af2-624cb8d92d90-768x510.jpg 768w, https:\/\/www.radiopiu.net\/wordpress\/wp-content\/uploads\/2025\/03\/598ebf3a-d11d-427f-8af2-624cb8d92d90-1536x1020.jpg 1536w, https:\/\/www.radiopiu.net\/wordpress\/wp-content\/uploads\/2025\/03\/598ebf3a-d11d-427f-8af2-624cb8d92d90.jpg 1600w\" sizes=\"auto, (max-width: 256px) 100vw, 256px\" \/><\/a>UNDER 19<\/strong><\/span><\/p>\n<p><strong>CORTINA\/ALLEGHE &#8211; CALDARO\/RENON 4-5 DOT<\/strong><\/p>\n<p>Il master round del Cortina\/Alleghe under 19 si chiude con una sconfitta all&#8217;overtime. Allo stadio Olimpico di Cortina la squadra bellunese spreca una buona prestazione calando l&#8217;attenzione nella parte finale della sfida. Padroni di casa in vantaggio con Talamini e Rimoldi. Gli altoatesini accorciano le distanze ma Viel riporta a due le reti di vantaggio per il Cortina\/Alleghe. Nel secondo drittel il Caldaro\/Renon accorcia ancora le distanze ma Rimoldi mette la firma alla doppietta personale. Bellunesi che spengono la luce nel terzo drittel e altoatesini che pareggiano i conti a 2&#8242; dal termine. All&#8217;overime la squadra ospite ha la meglio. Cortina\/Alleghe che strappa il pass per i playoff e giocher\u00e0 contro il Juniorteams di Egna il quarto di finale.<\/p>\n<p><span style=\"color: #ff0000;\"><strong>UNDER 16<\/strong><\/span><\/p>\n<p><strong>CHIAVENNA &#8211; CORTINA\/DOBBIACO 1-12<\/strong><\/p>\n<p>Vittoria dilagante per i giovani del Cortina\/Dobbiaco under 16 che rifilano ben 12 gol ai pari et\u00e0 del Chiavenna. Match a senso unico con ben 9 marcature nei primi 40&#8242; di gara con una tripletta di Fontanive, doppietta di De Carlo e i gol di Wierer, Zanol, Ganz e Bettini. Nel terzo tempo arriva la rete lombarda ma c&#8217;\u00e8 spazio per altri tre gol degli ospiti con Zanol, Wierer e Bettini.<\/p>\n<p><span style=\"color: #ff0000;\"><strong>UNDER 14<\/strong><\/span><\/p>\n<p><strong>ALLEGHE\/CORTINA &#8211; CHIAVENNA 8-1<\/strong><\/p>\n<p>Cappotto della squadra mista bellunese nella sfida dell&#8217;Alvise De Toni. Vittoria sonante per le civette che rifilano otto marcature ai lombardi in una partita che ha visto solo una squadra in campo.<\/p>\n<p><span style=\"color: #ff0000;\"><strong>LE ALTRE GIOVANILI<\/strong><\/span><\/p>\n<p>Nel fine settimana in campo anche l&#8217;Alleghe under 10 che ha giocato a Padova contro la squadra di casa e l&#8217;under 8 che ha giocato ad Alleghe, un raggruppamento a maglie miste che ha visto alternarsi in campo ben 78 bambini.<\/p>\n<p>&nbsp;<\/p>\n<p><span style=\"color: #3366ff;\"><strong>MOUNTAIN BIKE<\/strong><\/span><\/p>\n<blockquote>\n<h3>BUONA PROVA PER ASTRID MIOLA ALLA VERONA MBT INTERNATIONAL<\/h3>\n<\/blockquote>\n<p>Lo scorso weekend si \u00e8 svolta la &#8220;Verona MTB International&#8221;, una delle gare pi\u00f9 prestigiose del calendario internazionale di mountain bike cross country. Tra le atlete in gara, anche Astrid Miola ha affrontato il percorso con grande determinazione, conquistando un eccellente 13\u00b0 posto. Un risultato di tutto rispetto, soprattutto considerando che si trattava della sua prima gara della stagione. Il livello della competizione era altissimo, con alcune delle migliori atlete del panorama internazionale a darsi battaglia sul tracciato tecnico e impegnativo di Verona. Con questa prestazione incoraggiante, Astrid guarda ora ai prossimi appuntamenti con grande entusiasmo e determinazione.<\/p>\n\n\t\t\t<style type='text\/css'>\n\t\t\t\t#gallery-6 {\n\t\t\t\t\tmargin: auto;\n\t\t\t\t}\n\t\t\t\t#gallery-6 .gallery-item {\n\t\t\t\t\tfloat: left;\n\t\t\t\t\tmargin-top: 10px;\n\t\t\t\t\ttext-align: center;\n\t\t\t\t\twidth: 33%;\n\t\t\t\t}\n\t\t\t\t#gallery-6 img {\n\t\t\t\t\tborder: 2px solid #cfcfcf;\n\t\t\t\t}\n\t\t\t\t#gallery-6 .gallery-caption {\n\t\t\t\t\tmargin-left: 0;\n\t\t\t\t}\n\t\t\t\t\/* see gallery_shortcode() in wp-includes\/media.php *\/\n\t\t\t<\/style>\n\t\t<div id='gallery-6' class='dt-gallery-container gallery galleryid-437559 gallery-columns-3 gallery-size-medium'><dl class='gallery-item'>\n\t\t\t\t<dt class='gallery-icon landscape'>\n\t\t\t\t\t<a class=\"rollover rollover-zoom dt-pswp-item\" title=\"55539911-6db7-40c1-9f43-a006cc99e571\" data-dt-img-description=\"\" data-large_image_width=\"1668\" data-large_image_height=\"1112\"href='https:\/\/www.radiopiu.net\/wordpress\/wp-content\/uploads\/2025\/03\/55539911-6db7-40c1-9f43-a006cc99e571.jpg'><img loading=\"lazy\" decoding=\"async\" width=\"300\" height=\"200\" src=\"https:\/\/www.radiopiu.net\/wordpress\/wp-content\/uploads\/2025\/03\/55539911-6db7-40c1-9f43-a006cc99e571-300x200.jpg\" class=\"attachment-medium size-medium\" alt=\"\" srcset=\"https:\/\/www.radiopiu.net\/wordpress\/wp-content\/uploads\/2025\/03\/55539911-6db7-40c1-9f43-a006cc99e571-300x200.jpg 300w, https:\/\/www.radiopiu.net\/wordpress\/wp-content\/uploads\/2025\/03\/55539911-6db7-40c1-9f43-a006cc99e571-1024x683.jpg 1024w, https:\/\/www.radiopiu.net\/wordpress\/wp-content\/uploads\/2025\/03\/55539911-6db7-40c1-9f43-a006cc99e571-768x512.jpg 768w, https:\/\/www.radiopiu.net\/wordpress\/wp-content\/uploads\/2025\/03\/55539911-6db7-40c1-9f43-a006cc99e571-1536x1024.jpg 1536w, https:\/\/www.radiopiu.net\/wordpress\/wp-content\/uploads\/2025\/03\/55539911-6db7-40c1-9f43-a006cc99e571.jpg 1668w\" sizes=\"auto, (max-width: 300px) 100vw, 300px\" \/><\/a>\n\t\t\t\t<\/dt><\/dl><dl class='gallery-item'>\n\t\t\t\t<dt class='gallery-icon landscape'>\n\t\t\t\t\t<a class=\"rollover rollover-zoom dt-pswp-item\" title=\"156f6c4a-9ffd-466b-bbba-2807a1af9005\" data-dt-img-description=\"\" data-large_image_width=\"1752\" data-large_image_height=\"1168\"href='https:\/\/www.radiopiu.net\/wordpress\/wp-content\/uploads\/2025\/03\/156f6c4a-9ffd-466b-bbba-2807a1af9005.jpg'><img loading=\"lazy\" decoding=\"async\" width=\"300\" height=\"200\" src=\"https:\/\/www.radiopiu.net\/wordpress\/wp-content\/uploads\/2025\/03\/156f6c4a-9ffd-466b-bbba-2807a1af9005-300x200.jpg\" class=\"attachment-medium size-medium\" alt=\"\" srcset=\"https:\/\/www.radiopiu.net\/wordpress\/wp-content\/uploads\/2025\/03\/156f6c4a-9ffd-466b-bbba-2807a1af9005-300x200.jpg 300w, https:\/\/www.radiopiu.net\/wordpress\/wp-content\/uploads\/2025\/03\/156f6c4a-9ffd-466b-bbba-2807a1af9005-1024x683.jpg 1024w, https:\/\/www.radiopiu.net\/wordpress\/wp-content\/uploads\/2025\/03\/156f6c4a-9ffd-466b-bbba-2807a1af9005-768x512.jpg 768w, https:\/\/www.radiopiu.net\/wordpress\/wp-content\/uploads\/2025\/03\/156f6c4a-9ffd-466b-bbba-2807a1af9005-1536x1024.jpg 1536w, https:\/\/www.radiopiu.net\/wordpress\/wp-content\/uploads\/2025\/03\/156f6c4a-9ffd-466b-bbba-2807a1af9005.jpg 1752w\" sizes=\"auto, (max-width: 300px) 100vw, 300px\" \/><\/a>\n\t\t\t\t<\/dt><\/dl><dl class='gallery-item'>\n\t\t\t\t<dt class='gallery-icon landscape'>\n\t\t\t\t\t<a class=\"rollover rollover-zoom dt-pswp-item\" title=\"f539f849-f207-49eb-a025-b4c8afafb09e\" data-dt-img-description=\"\" data-large_image_width=\"2048\" data-large_image_height=\"1365\"href='https:\/\/www.radiopiu.net\/wordpress\/wp-content\/uploads\/2025\/03\/f539f849-f207-49eb-a025-b4c8afafb09e.jpg'><img loading=\"lazy\" decoding=\"async\" width=\"300\" height=\"200\" src=\"https:\/\/www.radiopiu.net\/wordpress\/wp-content\/uploads\/2025\/03\/f539f849-f207-49eb-a025-b4c8afafb09e-300x200.jpg\" class=\"attachment-medium size-medium\" alt=\"\" srcset=\"https:\/\/www.radiopiu.net\/wordpress\/wp-content\/uploads\/2025\/03\/f539f849-f207-49eb-a025-b4c8afafb09e-300x200.jpg 300w, https:\/\/www.radiopiu.net\/wordpress\/wp-content\/uploads\/2025\/03\/f539f849-f207-49eb-a025-b4c8afafb09e-1024x683.jpg 1024w, https:\/\/www.radiopiu.net\/wordpress\/wp-content\/uploads\/2025\/03\/f539f849-f207-49eb-a025-b4c8afafb09e-768x512.jpg 768w, https:\/\/www.radiopiu.net\/wordpress\/wp-content\/uploads\/2025\/03\/f539f849-f207-49eb-a025-b4c8afafb09e-1536x1024.jpg 1536w, https:\/\/www.radiopiu.net\/wordpress\/wp-content\/uploads\/2025\/03\/f539f849-f207-49eb-a025-b4c8afafb09e.jpg 2048w\" sizes=\"auto, (max-width: 300px) 100vw, 300px\" \/><\/a>\n\t\t\t\t<\/dt><\/dl><br style=\"clear: both\" \/>\n\t\t\t<\/div>\n\n<p>&nbsp;<\/p>\n<p>&nbsp;<\/p>\n<p>&nbsp;<\/p>\n<p>&nbsp;<\/p>\n<p>&nbsp;<\/p>\n","protected":false},"excerpt":{"rendered":"<p>********* LA\u00a0 APP PER IOS-IPHONE di Nicola Vettorello https:\/\/apps.apple.com\/it\/app\/radio-pi%C3%B9-emittente-agordina\/id1515939845 LA\u00a0 APP RADIO\u00a0 PER ANDROID di Nicola Vettorello https:\/\/play.google.com\/store\/apps\/details?id=net.radiopiu.iniko\u00a0\u00a0\u00a0\u00a0 &nbsp; &nbsp; &nbsp; RADIO PIU&#8217; CAMBIA CANALE IN DAB \u00a0REDAZIONE Novit\u00e0 in vista per gli ascoltatori di Radio Pi\u00f9 in DAB+. E&#8217; iniziato il processo di modifica del canale di trasmissione radiofonica, che passer\u00e0 dalla frequenza 8C&hellip;<\/p>\n","protected":false},"author":4,"featured_media":437744,"comment_status":"closed","ping_status":"closed","sticky":false,"template":"","format":"standard","meta":{"_monsterinsights_skip_tracking":false,"_monsterinsights_sitenote_active":false,"_monsterinsights_sitenote_note":"","_monsterinsights_sitenote_category":0,"footnotes":""},"categories":[51,86,49],"tags":[],"class_list":["post-437559","post","type-post","status-publish","format-standard","has-post-thumbnail","hentry","category-evidenza-top","category-gr","category-news-18","category-51","category-86","category-49","description-off"],"img_url":"https:\/\/www.radiopiu.net\/wordpress\/wp-content\/uploads\/2025\/03\/2867814e-ec45-4d00-8e2f-86733767faa3.jpeg","_links":{"self":[{"href":"https:\/\/www.radiopiu.net\/wordpress\/wp-json\/wp\/v2\/posts\/437559","targetHints":{"allow":["GET"]}}],"collection":[{"href":"https:\/\/www.radiopiu.net\/wordpress\/wp-json\/wp\/v2\/posts"}],"about":[{"href":"https:\/\/www.radiopiu.net\/wordpress\/wp-json\/wp\/v2\/types\/post"}],"author":[{"embeddable":true,"href":"https:\/\/www.radiopiu.net\/wordpress\/wp-json\/wp\/v2\/users\/4"}],"replies":[{"embeddable":true,"href":"https:\/\/www.radiopiu.net\/wordpress\/wp-json\/wp\/v2\/comments?post=437559"}],"version-history":[{"count":36,"href":"https:\/\/www.radiopiu.net\/wordpress\/wp-json\/wp\/v2\/posts\/437559\/revisions"}],"predecessor-version":[{"id":437808,"href":"https:\/\/www.radiopiu.net\/wordpress\/wp-json\/wp\/v2\/posts\/437559\/revisions\/437808"}],"wp:featuredmedia":[{"embeddable":true,"href":"https:\/\/www.radiopiu.net\/wordpress\/wp-json\/wp\/v2\/media\/437744"}],"wp:attachment":[{"href":"https:\/\/www.radiopiu.net\/wordpress\/wp-json\/wp\/v2\/media?parent=437559"}],"wp:term":[{"taxonomy":"category","embeddable":true,"href":"https:\/\/www.radiopiu.net\/wordpress\/wp-json\/wp\/v2\/categories?post=437559"},{"taxonomy":"post_tag","embeddable":true,"href":"https:\/\/www.radiopiu.net\/wordpress\/wp-json\/wp\/v2\/tags?post=437559"}],"curies":[{"name":"wp","href":"https:\/\/api.w.org\/{rel}","templated":true}]}}