{"id":437608,"date":"2025-03-03T10:30:58","date_gmt":"2025-03-03T09:30:58","guid":{"rendered":"https:\/\/www.radiopiu.net\/wordpress\/?p=437608"},"modified":"2025-03-03T10:57:40","modified_gmt":"2025-03-03T09:57:40","slug":"al-de-toni-di-alleghe-arriva-il-varese-per-gara-2-dei-quarti-di-finale","status":"publish","type":"post","link":"https:\/\/www.radiopiu.net\/wordpress\/al-de-toni-di-alleghe-arriva-il-varese-per-gara-2-dei-quarti-di-finale\/","title":{"rendered":"AL DE TONI DI ALLEGHE ARRIVA IL VARESE PER GARA 2 DEI QUARTI DI FINALE"},"content":{"rendered":"<p>********<br \/>\n<strong><a class=\"dt-pswp-item\" href=\"https:\/\/www.radiopiu.net\/wordpress\/wp-content\/uploads\/2025\/03\/ea8c00f3-74a2-4403-a9c2-09f2cdf6a65d.jpeg\" data-dt-img-description=\"\" data-large_image_width=\"1131\" data-large_image_height=\"813\"><img loading=\"lazy\" decoding=\"async\" class=\"size-medium wp-image-437609 alignleft\" src=\"https:\/\/www.radiopiu.net\/wordpress\/wp-content\/uploads\/2025\/03\/ea8c00f3-74a2-4403-a9c2-09f2cdf6a65d-300x216.jpeg\" alt=\"\" width=\"300\" height=\"216\" srcset=\"https:\/\/www.radiopiu.net\/wordpress\/wp-content\/uploads\/2025\/03\/ea8c00f3-74a2-4403-a9c2-09f2cdf6a65d-300x216.jpeg 300w, https:\/\/www.radiopiu.net\/wordpress\/wp-content\/uploads\/2025\/03\/ea8c00f3-74a2-4403-a9c2-09f2cdf6a65d-1024x736.jpeg 1024w, https:\/\/www.radiopiu.net\/wordpress\/wp-content\/uploads\/2025\/03\/ea8c00f3-74a2-4403-a9c2-09f2cdf6a65d-768x552.jpeg 768w, https:\/\/www.radiopiu.net\/wordpress\/wp-content\/uploads\/2025\/03\/ea8c00f3-74a2-4403-a9c2-09f2cdf6a65d.jpeg 1131w\" sizes=\"auto, (max-width: 300px) 100vw, 300px\" \/><\/a>di Roberto Miana, portavoce dell\u2019Alleghe Hockey<\/strong><\/p>\n<p>Gara 2 playoff quarti di finale &#8211; Sabato 4 marzo alle 20:30 le Civette ospitano i Mastini di Varese.<br \/>\nA distanza di tre giorni Alleghe e Varese tornano sul ghiaccio per incrociare le stecche in gara due a campi invertiti, dopo la netta vittoria 4-1 dei Mastini sul ghiaccio di casa in gara uno, con i Gialloneri che si sono dimostrati cinici in attacco e attenti in difesa. Civette che dovranno riscattare l\u2019opaca prova offerta a Varese, dove, anche a detta degli spettatori varesini, \u00e8 mancata quella grinta che \u00e8 il marchio di fabbrica agordino e che \u00e8 lo spauracchio di tutti gli avversari quando devono affrontare la squadra biancorossa. Sotto al Civetta, i ragazzi di coach Surenkin, dovranno far valere il fattore campo, perch\u00e9 il \u201cDe Toni\u201d di Alleghe torni il fortino tanto temuto dalle squadre avversarie e per questo si dovranno evitare gli errori difensivi visti a Varese. Anche nel reparto offensivo si dovr\u00e0 trovare il modo di segnare all\u2019ucraino Ohandzhanyan, il goalie giallonero del quale non si sa se \u00e8 pi\u00f9 difficile pronunciarne il cognome o depositarne il puck nella gabbia, visto che in gara uno ha parato quasi tutto, eccezion fatta del solo penalty di M\u00e4kel\u00e4. Da sottolineare come da gara uno non siano usciti vincenti solo i Mastini, ma anche i tifosi biancorossi che, con i Warriors protagonisti, hanno seguito in una cinquantina la squadra nella lunga trasferta lombarda, tifando e facendo sentire il proprio calore ai ragazzi che, in gara due sul ghiaccio di casa, li dovranno ripagare con una prestazione di tutt\u2019altro spessore.<\/p>\n<p><strong>ALLEGHE HOCKEY &#8211; HCMV VARESE HOCKEY<\/strong><br \/>\nMarted\u00ec 4 marzo, ore 20:30 &#8211; Alvise De Toni di Alleghe (BL). Arbitri: Alessio Bedana e Patrick Theo Gruber con giudici di linea Andrea Carrito e Matteo De Cristofaro.<br \/>\nCollegamenti in DIRETTA RADIOFONICA su Radio Pi\u00f9 (www.radiopiu.net) con \u201chockey al punto giusto\u201d, in studio Marco Gaz e da Alleghe interventi di Federico Paganin<\/p>\n<p>Quarti di finale Playoff Varese vs Alleghe<br \/>\nGARA 1: Varese-Alleghe 4-1<br \/>\nGARA 2: marted\u00ec 4 marzo, ore 20:30 Alleghe-Varese (Alvise De Toni di Alleghe)<br \/>\nGARA 3: gioved\u00ec 6 marzo, ore 20:30 Varese-Alleghe (Acinque Ice Arena di Varese)<br \/>\nGARA 4 (eventuale): sabato 8 marzo, ore 20:30 Alleghe-Varese (Alvise De Toni di Alleghe)<br \/>\nGARA 5 (eventuale): marted\u00ec 11 marzo, ore 20:30 Varese-Alleghe (Acinque Ice Arena di Varese)<\/p>\n<p>********<\/p>\n","protected":false},"excerpt":{"rendered":"<p>******** di Roberto Miana, portavoce dell\u2019Alleghe Hockey Gara 2 playoff quarti di finale &#8211; Sabato 4 marzo alle 20:30 le Civette ospitano i Mastini di Varese. A distanza di tre giorni Alleghe e Varese tornano sul ghiaccio per incrociare le stecche in gara due a campi invertiti, dopo la netta vittoria 4-1 dei Mastini sul&hellip;<\/p>\n","protected":false},"author":4,"featured_media":437609,"comment_status":"closed","ping_status":"closed","sticky":false,"template":"","format":"standard","meta":{"_monsterinsights_skip_tracking":false,"_monsterinsights_sitenote_active":false,"_monsterinsights_sitenote_note":"","_monsterinsights_sitenote_category":0,"footnotes":""},"categories":[49],"tags":[],"class_list":["post-437608","post","type-post","status-publish","format-standard","has-post-thumbnail","hentry","category-news-18","category-49","description-off"],"img_url":"https:\/\/www.radiopiu.net\/wordpress\/wp-content\/uploads\/2025\/03\/ea8c00f3-74a2-4403-a9c2-09f2cdf6a65d.jpeg","_links":{"self":[{"href":"https:\/\/www.radiopiu.net\/wordpress\/wp-json\/wp\/v2\/posts\/437608","targetHints":{"allow":["GET"]}}],"collection":[{"href":"https:\/\/www.radiopiu.net\/wordpress\/wp-json\/wp\/v2\/posts"}],"about":[{"href":"https:\/\/www.radiopiu.net\/wordpress\/wp-json\/wp\/v2\/types\/post"}],"author":[{"embeddable":true,"href":"https:\/\/www.radiopiu.net\/wordpress\/wp-json\/wp\/v2\/users\/4"}],"replies":[{"embeddable":true,"href":"https:\/\/www.radiopiu.net\/wordpress\/wp-json\/wp\/v2\/comments?post=437608"}],"version-history":[{"count":2,"href":"https:\/\/www.radiopiu.net\/wordpress\/wp-json\/wp\/v2\/posts\/437608\/revisions"}],"predecessor-version":[{"id":437616,"href":"https:\/\/www.radiopiu.net\/wordpress\/wp-json\/wp\/v2\/posts\/437608\/revisions\/437616"}],"wp:featuredmedia":[{"embeddable":true,"href":"https:\/\/www.radiopiu.net\/wordpress\/wp-json\/wp\/v2\/media\/437609"}],"wp:attachment":[{"href":"https:\/\/www.radiopiu.net\/wordpress\/wp-json\/wp\/v2\/media?parent=437608"}],"wp:term":[{"taxonomy":"category","embeddable":true,"href":"https:\/\/www.radiopiu.net\/wordpress\/wp-json\/wp\/v2\/categories?post=437608"},{"taxonomy":"post_tag","embeddable":true,"href":"https:\/\/www.radiopiu.net\/wordpress\/wp-json\/wp\/v2\/tags?post=437608"}],"curies":[{"name":"wp","href":"https:\/\/api.w.org\/{rel}","templated":true}]}}