{"id":437635,"date":"2025-03-03T16:20:52","date_gmt":"2025-03-03T15:20:52","guid":{"rendered":"https:\/\/www.radiopiu.net\/wordpress\/?p=437635"},"modified":"2025-03-03T19:57:31","modified_gmt":"2025-03-03T18:57:31","slug":"giornata-impegnativa-per-il-suem-118-soccorsi-sulle-piste-e-incidenti-stradali","status":"publish","type":"post","link":"https:\/\/www.radiopiu.net\/wordpress\/giornata-impegnativa-per-il-suem-118-soccorsi-sulle-piste-e-incidenti-stradali\/","title":{"rendered":"GIORNATA IMPEGNATIVA PER IL SUEM 118: SOCCORSI SULLE PISTE E INCIDENTI STRADALI"},"content":{"rendered":"<p>&nbsp;<\/p>\n<p>**<br \/>\n<a class=\"dt-pswp-item\" href=\"https:\/\/www.radiopiu.net\/wordpress\/wp-content\/uploads\/2025\/03\/7b29b4ff-f93b-481e-b261-d3ef19951071.jpg\" data-dt-img-description=\"\" data-large_image_width=\"2048\" data-large_image_height=\"1536\"><img loading=\"lazy\" decoding=\"async\" class=\" wp-image-437632 alignleft\" src=\"https:\/\/www.radiopiu.net\/wordpress\/wp-content\/uploads\/2025\/03\/7b29b4ff-f93b-481e-b261-d3ef19951071-300x225.jpg\" alt=\"\" width=\"219\" height=\"164\" srcset=\"https:\/\/www.radiopiu.net\/wordpress\/wp-content\/uploads\/2025\/03\/7b29b4ff-f93b-481e-b261-d3ef19951071-300x225.jpg 300w, https:\/\/www.radiopiu.net\/wordpress\/wp-content\/uploads\/2025\/03\/7b29b4ff-f93b-481e-b261-d3ef19951071-1024x768.jpg 1024w, https:\/\/www.radiopiu.net\/wordpress\/wp-content\/uploads\/2025\/03\/7b29b4ff-f93b-481e-b261-d3ef19951071-768x576.jpg 768w, https:\/\/www.radiopiu.net\/wordpress\/wp-content\/uploads\/2025\/03\/7b29b4ff-f93b-481e-b261-d3ef19951071-1536x1152.jpg 1536w, https:\/\/www.radiopiu.net\/wordpress\/wp-content\/uploads\/2025\/03\/7b29b4ff-f93b-481e-b261-d3ef19951071.jpg 2048w\" sizes=\"auto, (max-width: 219px) 100vw, 219px\" \/><\/a><strong>REDAZIONE<\/strong> Gi\u00e0 sette interventi del Suem. Alle 9 incidente a Dosoledo, coinvolta una donna 53enne di Belluno portata in ospedale a Belluno nel rendez vous tra i volontari dell&#8217;ambulanza di Santo Stefano e i sanitari a bordo di Falco. Alle 10.30 doppia chiamata per incidenti sugli sci, a Falcade pista Col Margheria, un uomo \u00e8 stato soccorso e portato all&#8217;ospedale di Cavalese (foto) e a Cortina pista Olympia, un russo di 24 anni \u00e8 caduto rovinosamente. Tutte le persone soccorse sono entrate in ospedale con un codice di media gravit\u00e0. Momenti di paura a Pescul, sul comprensorio del Civetta, dove poco dopo mezzogiorno una minore residente a Caserta \u00e8 rimasta coinvolta in un incidente sciistico. Il SUEM 118 ha predisposto il trasporto in elicottero all\u2019ospedale di Belluno. Poco dopo le 12:30 una donna di 57 anni, residente a Treviso, ha riportato un trauma cranico e agli arti. I soccorsi sono stati affidati all&#8217;elicottero di Aiut Apin Dolomites che ha portato la paziente a Cortina. Alle 13:15 un uomo veneziano di 66 anni ha subito un trauma cranico sulle piste di Socrepes ed \u00e8 stato trasportato all\u2019ospedale di Belluno con l\u2019elicottero Falco, assistito anche dall\u2019ambulanza di Cortina. Alle 14:50 un altro incidente ha coinvolto un uomo che ha riportato un trauma agli arti superiori. Il SUEM 118 ha attivato l\u2019elicottero Falco per il trasferimento all\u2019ospedale di Belluno. Infine, alle 16 a Cortina, \u00e8 stato soccorso un giovane originario di Verona a causa di un trauma cranico. Il 19enne \u00e8 stato elitrasportato al San Martino di Belluno. In totale sono stati 20 gli interventi sulle piste da sci della provincia nelle ultime 24 ore.<\/p>\n<p>&nbsp;<\/p>\n<p><strong><a class=\"dt-pswp-item\" href=\"https:\/\/www.radiopiu.net\/wordpress\/wp-content\/uploads\/2025\/03\/f2fc08de-7c85-4e9b-8d94-d03e9647cbf6.jpg\" data-dt-img-description=\"\" data-large_image_width=\"2048\" data-large_image_height=\"1536\"><img loading=\"lazy\" decoding=\"async\" class=\"alignnone size-medium wp-image-437633\" src=\"https:\/\/www.radiopiu.net\/wordpress\/wp-content\/uploads\/2025\/03\/f2fc08de-7c85-4e9b-8d94-d03e9647cbf6-300x225.jpg\" alt=\"\" width=\"300\" height=\"225\" srcset=\"https:\/\/www.radiopiu.net\/wordpress\/wp-content\/uploads\/2025\/03\/f2fc08de-7c85-4e9b-8d94-d03e9647cbf6-300x225.jpg 300w, https:\/\/www.radiopiu.net\/wordpress\/wp-content\/uploads\/2025\/03\/f2fc08de-7c85-4e9b-8d94-d03e9647cbf6-1024x768.jpg 1024w, https:\/\/www.radiopiu.net\/wordpress\/wp-content\/uploads\/2025\/03\/f2fc08de-7c85-4e9b-8d94-d03e9647cbf6-768x576.jpg 768w, https:\/\/www.radiopiu.net\/wordpress\/wp-content\/uploads\/2025\/03\/f2fc08de-7c85-4e9b-8d94-d03e9647cbf6-1536x1152.jpg 1536w, https:\/\/www.radiopiu.net\/wordpress\/wp-content\/uploads\/2025\/03\/f2fc08de-7c85-4e9b-8d94-d03e9647cbf6.jpg 2048w\" sizes=\"auto, (max-width: 300px) 100vw, 300px\" \/><\/a><\/strong><\/p>\n<p><strong>grazie a Diego Costa per le foto e video<\/strong><\/p>\n<div style=\"width: 1200px;\" class=\"wp-video\"><video class=\"wp-video-shortcode\" id=\"video-437635-1\" width=\"1200\" height=\"675\" preload=\"metadata\" controls=\"controls\"><source type=\"video\/mp4\" src=\"https:\/\/www.radiopiu.net\/wordpress\/wp-content\/uploads\/2025\/03\/WhatsApp-Video-2025-03-03-at-11.22.00.mp4?_=1\" \/><a href=\"https:\/\/www.radiopiu.net\/wordpress\/wp-content\/uploads\/2025\/03\/WhatsApp-Video-2025-03-03-at-11.22.00.mp4\">https:\/\/www.radiopiu.net\/wordpress\/wp-content\/uploads\/2025\/03\/WhatsApp-Video-2025-03-03-at-11.22.00.mp4<\/a><\/video><\/div>\n<p>&nbsp;<\/p>\n<p>&nbsp;<\/p>\n<p>&nbsp;<\/p>\n","protected":false},"excerpt":{"rendered":"<p>&nbsp; ** REDAZIONE Gi\u00e0 sette interventi del Suem. Alle 9 incidente a Dosoledo, coinvolta una donna 53enne di Belluno portata in ospedale a Belluno nel rendez vous tra i volontari dell&#8217;ambulanza di Santo Stefano e i sanitari a bordo di Falco. Alle 10.30 doppia chiamata per incidenti sugli sci, a Falcade pista Col Margheria, un&hellip;<\/p>\n","protected":false},"author":4,"featured_media":437632,"comment_status":"closed","ping_status":"closed","sticky":false,"template":"","format":"standard","meta":{"_monsterinsights_skip_tracking":false,"_monsterinsights_sitenote_active":false,"_monsterinsights_sitenote_note":"","_monsterinsights_sitenote_category":0,"footnotes":""},"categories":[51,49],"tags":[],"class_list":["post-437635","post","type-post","status-publish","format-standard","has-post-thumbnail","hentry","category-evidenza-top","category-news-18","category-51","category-49","description-off"],"img_url":"https:\/\/www.radiopiu.net\/wordpress\/wp-content\/uploads\/2025\/03\/7b29b4ff-f93b-481e-b261-d3ef19951071.jpg","_links":{"self":[{"href":"https:\/\/www.radiopiu.net\/wordpress\/wp-json\/wp\/v2\/posts\/437635","targetHints":{"allow":["GET"]}}],"collection":[{"href":"https:\/\/www.radiopiu.net\/wordpress\/wp-json\/wp\/v2\/posts"}],"about":[{"href":"https:\/\/www.radiopiu.net\/wordpress\/wp-json\/wp\/v2\/types\/post"}],"author":[{"embeddable":true,"href":"https:\/\/www.radiopiu.net\/wordpress\/wp-json\/wp\/v2\/users\/4"}],"replies":[{"embeddable":true,"href":"https:\/\/www.radiopiu.net\/wordpress\/wp-json\/wp\/v2\/comments?post=437635"}],"version-history":[{"count":6,"href":"https:\/\/www.radiopiu.net\/wordpress\/wp-json\/wp\/v2\/posts\/437635\/revisions"}],"predecessor-version":[{"id":437737,"href":"https:\/\/www.radiopiu.net\/wordpress\/wp-json\/wp\/v2\/posts\/437635\/revisions\/437737"}],"wp:featuredmedia":[{"embeddable":true,"href":"https:\/\/www.radiopiu.net\/wordpress\/wp-json\/wp\/v2\/media\/437632"}],"wp:attachment":[{"href":"https:\/\/www.radiopiu.net\/wordpress\/wp-json\/wp\/v2\/media?parent=437635"}],"wp:term":[{"taxonomy":"category","embeddable":true,"href":"https:\/\/www.radiopiu.net\/wordpress\/wp-json\/wp\/v2\/categories?post=437635"},{"taxonomy":"post_tag","embeddable":true,"href":"https:\/\/www.radiopiu.net\/wordpress\/wp-json\/wp\/v2\/tags?post=437635"}],"curies":[{"name":"wp","href":"https:\/\/api.w.org\/{rel}","templated":true}]}}