{"id":437645,"date":"2025-03-04T05:42:31","date_gmt":"2025-03-04T04:42:31","guid":{"rendered":"https:\/\/www.radiopiu.net\/wordpress\/?p=437645"},"modified":"2025-03-04T06:03:04","modified_gmt":"2025-03-04T05:03:04","slug":"vinca-preoccupazione-tra-amministratori-operatori-economici-e-cittadini","status":"publish","type":"post","link":"https:\/\/www.radiopiu.net\/wordpress\/vinca-preoccupazione-tra-amministratori-operatori-economici-e-cittadini\/","title":{"rendered":"VINCA: preoccupazione tra amministratori, operatori economici e cittadini"},"content":{"rendered":"<p>***<\/p>\n<p><strong>REDAZIONE<\/strong> L\u2019entrata in vigore del nuovo regolamento regionale sulla Valutazione di Incidenza Ambientale (VINCA) sta sollevando numerose preoccupazioni tra professionisti, amministratori locali e operatori economici. Il presidente del Fondo Comuni Confinanti, Dario Bond, denuncia la complessit\u00e0 e la farraginosit\u00e0 delle norme, che potrebbero rallentare la gestione del territorio e le attivit\u00e0 economiche. Il Veneto ha recepito con ritardo le linee guida nazionali, ma le nuove <a class=\"dt-pswp-item\" href=\"https:\/\/www.radiopiu.net\/wordpress\/wp-content\/uploads\/2019\/02\/bond1-e1550408229859.jpg\" data-dt-img-description=\"\" data-large_image_width=\"720\" data-large_image_height=\"416\"><img loading=\"lazy\" decoding=\"async\" class=\"size-medium wp-image-75798 alignleft\" src=\"https:\/\/www.radiopiu.net\/wordpress\/wp-content\/uploads\/2019\/02\/bond1-e1550408229859-300x173.jpg\" alt=\"\" width=\"300\" height=\"173\" srcset=\"https:\/\/www.radiopiu.net\/wordpress\/wp-content\/uploads\/2019\/02\/bond1-e1550408229859-300x173.jpg 300w, https:\/\/www.radiopiu.net\/wordpress\/wp-content\/uploads\/2019\/02\/bond1-e1550408229859.jpg 720w\" sizes=\"auto, (max-width: 300px) 100vw, 300px\" \/><\/a>procedure risultano pi\u00f9 macchinose rispetto a quelle nazionali e allungano i tempi di autorizzazione. In una provincia come Belluno, dove il 56% del territorio \u00e8 soggetto a VINCA, si teme una paralisi di interventi ed eventi. Bond chiede un confronto urgente per semplificare le regole.<\/p>\n<p>&nbsp;<\/p>\n<p>&nbsp;<\/p>\n<p>&nbsp;<\/p>\n<p><span style=\"color: #ff0000;\"><strong>AUDIO, DARIO BOND<\/strong><\/span><\/p>\n<audio class=\"wp-audio-shortcode\" id=\"audio-437645-1\" preload=\"none\" style=\"width: 100%;\" controls=\"controls\"><source type=\"audio\/mpeg\" src=\"https:\/\/www.radiopiu.net\/wordpress\/wp-content\/uploads\/2025\/03\/Audio-Bond-su-VINCA-regionale-03.03.25.mp3?_=1\" \/><a href=\"https:\/\/www.radiopiu.net\/wordpress\/wp-content\/uploads\/2025\/03\/Audio-Bond-su-VINCA-regionale-03.03.25.mp3\">https:\/\/www.radiopiu.net\/wordpress\/wp-content\/uploads\/2025\/03\/Audio-Bond-su-VINCA-regionale-03.03.25.mp3<\/a><\/audio>\n<p>&nbsp;<\/p>\n<p>&nbsp;<\/p>\n<hr \/>\n<p>&nbsp;<\/p>\n","protected":false},"excerpt":{"rendered":"<p>*** REDAZIONE L\u2019entrata in vigore del nuovo regolamento regionale sulla Valutazione di Incidenza Ambientale (VINCA) sta sollevando numerose preoccupazioni tra professionisti, amministratori locali e operatori economici. Il presidente del Fondo Comuni Confinanti, Dario Bond, denuncia la complessit\u00e0 e la farraginosit\u00e0 delle norme, che potrebbero rallentare la gestione del territorio e le attivit\u00e0 economiche. Il Veneto&hellip;<\/p>\n","protected":false},"author":4,"featured_media":410257,"comment_status":"closed","ping_status":"closed","sticky":false,"template":"","format":"standard","meta":{"_monsterinsights_skip_tracking":false,"_monsterinsights_sitenote_active":false,"_monsterinsights_sitenote_note":"","_monsterinsights_sitenote_category":0,"footnotes":""},"categories":[51,49],"tags":[],"class_list":["post-437645","post","type-post","status-publish","format-standard","has-post-thumbnail","hentry","category-evidenza-top","category-news-18","category-51","category-49","description-off"],"img_url":"https:\/\/www.radiopiu.net\/wordpress\/wp-content\/uploads\/2024\/09\/cascata-soffia-uscita-scaled.jpg","_links":{"self":[{"href":"https:\/\/www.radiopiu.net\/wordpress\/wp-json\/wp\/v2\/posts\/437645","targetHints":{"allow":["GET"]}}],"collection":[{"href":"https:\/\/www.radiopiu.net\/wordpress\/wp-json\/wp\/v2\/posts"}],"about":[{"href":"https:\/\/www.radiopiu.net\/wordpress\/wp-json\/wp\/v2\/types\/post"}],"author":[{"embeddable":true,"href":"https:\/\/www.radiopiu.net\/wordpress\/wp-json\/wp\/v2\/users\/4"}],"replies":[{"embeddable":true,"href":"https:\/\/www.radiopiu.net\/wordpress\/wp-json\/wp\/v2\/comments?post=437645"}],"version-history":[{"count":1,"href":"https:\/\/www.radiopiu.net\/wordpress\/wp-json\/wp\/v2\/posts\/437645\/revisions"}],"predecessor-version":[{"id":437647,"href":"https:\/\/www.radiopiu.net\/wordpress\/wp-json\/wp\/v2\/posts\/437645\/revisions\/437647"}],"wp:featuredmedia":[{"embeddable":true,"href":"https:\/\/www.radiopiu.net\/wordpress\/wp-json\/wp\/v2\/media\/410257"}],"wp:attachment":[{"href":"https:\/\/www.radiopiu.net\/wordpress\/wp-json\/wp\/v2\/media?parent=437645"}],"wp:term":[{"taxonomy":"category","embeddable":true,"href":"https:\/\/www.radiopiu.net\/wordpress\/wp-json\/wp\/v2\/categories?post=437645"},{"taxonomy":"post_tag","embeddable":true,"href":"https:\/\/www.radiopiu.net\/wordpress\/wp-json\/wp\/v2\/tags?post=437645"}],"curies":[{"name":"wp","href":"https:\/\/api.w.org\/{rel}","templated":true}]}}