{"id":437750,"date":"2025-03-05T05:50:03","date_gmt":"2025-03-05T04:50:03","guid":{"rendered":"https:\/\/www.radiopiu.net\/wordpress\/?p=437750"},"modified":"2025-03-05T08:48:14","modified_gmt":"2025-03-05T07:48:14","slug":"giornaleradiopiu-05-marzo-2025","status":"publish","type":"post","link":"https:\/\/www.radiopiu.net\/wordpress\/giornaleradiopiu-05-marzo-2025\/","title":{"rendered":"GIORNALE RADIOPIU 05 MARZO 2025 DIRETTORE MIRKO MEZZACASA\u2026DA 41 ANNI 25 GIUGNO 1983-25 GIUGNO 2024"},"content":{"rendered":"<p>*********<\/p>\n<p>&nbsp;<\/p>\n<p><em><span style=\"color: #ff0000;\"><a class=\"dt-pswp-item\" href=\"https:\/\/www.radiopiu.net\/wordpress\/wp-content\/uploads\/2024\/10\/Senza-nome-8.png\" data-dt-img-description=\"\" data-large_image_width=\"343\" data-large_image_height=\"303\"><img loading=\"lazy\" decoding=\"async\" class=\"wp-image-412130 alignleft\" src=\"https:\/\/www.radiopiu.net\/wordpress\/wp-content\/uploads\/2024\/10\/Senza-nome-8-300x265.png\" alt=\"\" width=\"105\" height=\"93\" srcset=\"https:\/\/www.radiopiu.net\/wordpress\/wp-content\/uploads\/2024\/10\/Senza-nome-8-300x265.png 300w, https:\/\/www.radiopiu.net\/wordpress\/wp-content\/uploads\/2024\/10\/Senza-nome-8.png 343w\" sizes=\"auto, (max-width: 105px) 100vw, 105px\" \/><\/a><\/span><\/em><strong><em><span style=\"color: #ff0000;\"> LA\u00a0 APP PER IOS-IPHONE di Nicola Vettorello<\/span><\/em><\/strong><\/p>\n<p><strong><span style=\"color: #0000ff;\"><a style=\"color: #0000ff;\" href=\"https:\/\/apps.apple.com\/it\/app\/radio-pi%C3%B9-emittente-agordina\/id1515939845\">https:\/\/apps.apple.com\/it\/app\/radio-pi%C3%B9-emittente-agordina\/id1515939845<\/a><\/span><\/strong><\/p>\n<p><strong><em style=\"color: #ff0000;\">LA\u00a0 APP RADIO\u00a0 PER ANDROID di Nicola Vettorello<\/em><\/strong><\/p>\n<p><strong><span style=\"color: #0000ff;\"><a style=\"color: #0000ff;\" href=\"https:\/\/play.google.com\/store\/apps\/details?id=net.radiopiu.iniko\" target=\"_blank\" rel=\"noopener noreferrer\">https:\/\/<\/a><a style=\"color: #0000ff;\" href=\"https:\/\/play.google.com\/store\/apps\/details?id=net.radiopiu.iniko\" target=\"_blank\" rel=\"noopener noreferrer\">play.google.com\/store\/apps\/details?id=net.radiopiu.iniko\u00a0\u00a0\u00a0\u00a0<\/a><\/span><\/strong><\/p>\n<p>&nbsp;<\/p>\n<p style=\"text-align: center;\"><strong>MANPOWER, OGGI A SEDICO&#8230; L&#8217;INAUGURAZIONE DEL NUOVO SPORTELLO<\/strong><\/p>\n<p><a class=\"dt-pswp-item\" href=\"https:\/\/www.radiopiu.net\/wordpress\/wp-content\/uploads\/2025\/03\/manpower-768x384-1.jpg\" data-dt-img-description=\"\" data-large_image_width=\"768\" data-large_image_height=\"384\"><img loading=\"lazy\" decoding=\"async\" class=\"size-medium wp-image-437867 aligncenter\" src=\"https:\/\/www.radiopiu.net\/wordpress\/wp-content\/uploads\/2025\/03\/manpower-768x384-1-300x150.jpg\" alt=\"\" width=\"300\" height=\"150\" srcset=\"https:\/\/www.radiopiu.net\/wordpress\/wp-content\/uploads\/2025\/03\/manpower-768x384-1-300x150.jpg 300w, https:\/\/www.radiopiu.net\/wordpress\/wp-content\/uploads\/2025\/03\/manpower-768x384-1.jpg 768w\" sizes=\"auto, (max-width: 300px) 100vw, 300px\" \/><\/a><\/p>\n<hr \/>\n<p>&nbsp;<\/p>\n<h1 style=\"text-align: center;\"><span style=\"color: #ff0000;\">RADIO PIU&#8217; CAMBIA CANALE IN DAB<\/span><\/h1>\n<p><strong><a class=\"dt-pswp-item\" href=\"https:\/\/www.radiopiu.net\/wordpress\/wp-content\/uploads\/2022\/11\/MyRadioPiu_miaidea.png\" data-dt-img-description=\"\" data-large_image_width=\"483\" data-large_image_height=\"374\"><img loading=\"lazy\" decoding=\"async\" class=\" wp-image-304561 alignleft\" src=\"https:\/\/www.radiopiu.net\/wordpress\/wp-content\/uploads\/2022\/11\/MyRadioPiu_miaidea-300x232.png\" alt=\"\" width=\"175\" height=\"135\" srcset=\"https:\/\/www.radiopiu.net\/wordpress\/wp-content\/uploads\/2022\/11\/MyRadioPiu_miaidea-300x232.png 300w, https:\/\/www.radiopiu.net\/wordpress\/wp-content\/uploads\/2022\/11\/MyRadioPiu_miaidea.png 483w\" sizes=\"auto, (max-width: 175px) 100vw, 175px\" \/><\/a> <\/strong><\/p>\n<p><strong>\u00a0<\/strong><\/p>\n<p><strong>REDAZIONE <\/strong>Novit\u00e0 in vista per gli ascoltatori di Radio Pi\u00f9 in DAB+. E&#8217; iniziato il processo di modifica del canale di trasmissione radiofonica, che passer\u00e0 dalla frequenza 8C alla 12D. Ricordiamo che per continuare ad ascoltare la radio senza interruzioni, basta risintonizzare i propri dispositivi e la risintonizzazione delle autoradio.<\/p>\n<p>&nbsp;<\/p>\n<p>&nbsp;<\/p>\n<p>&nbsp;<\/p>\n<hr \/>\n<p>&nbsp;<\/p>\n<p>&nbsp;<\/p>\n<p><span style=\"color: #0000ff;\">\u00a0<\/span><\/p>\n<h1 style=\"text-align: left;\">OGGI ALLA RADIO PIU&#8217;&#8230; CHE RADIO!<\/h1>\n<p><span style=\"color: #0000ff;\"><strong><a class=\"dt-pswp-item\" href=\"https:\/\/www.radiopiu.net\/wordpress\/wp-content\/uploads\/2025\/03\/334993397_128403223330745_8420219585967935816_n.jpg\" data-dt-img-description=\"\" data-large_image_width=\"1182\" data-large_image_height=\"1182\"><img loading=\"lazy\" decoding=\"async\" class=\"size-medium wp-image-437953 alignleft\" src=\"https:\/\/www.radiopiu.net\/wordpress\/wp-content\/uploads\/2025\/03\/334993397_128403223330745_8420219585967935816_n-300x300.jpg\" alt=\"\" width=\"300\" height=\"300\" srcset=\"https:\/\/www.radiopiu.net\/wordpress\/wp-content\/uploads\/2025\/03\/334993397_128403223330745_8420219585967935816_n-300x300.jpg 300w, https:\/\/www.radiopiu.net\/wordpress\/wp-content\/uploads\/2025\/03\/334993397_128403223330745_8420219585967935816_n-1024x1024.jpg 1024w, https:\/\/www.radiopiu.net\/wordpress\/wp-content\/uploads\/2025\/03\/334993397_128403223330745_8420219585967935816_n-150x150.jpg 150w, https:\/\/www.radiopiu.net\/wordpress\/wp-content\/uploads\/2025\/03\/334993397_128403223330745_8420219585967935816_n-768x768.jpg 768w, https:\/\/www.radiopiu.net\/wordpress\/wp-content\/uploads\/2025\/03\/334993397_128403223330745_8420219585967935816_n.jpg 1182w\" sizes=\"auto, (max-width: 300px) 100vw, 300px\" \/><\/a><\/strong><\/span><\/p>\n<p><span style=\"color: #0000ff;\"><strong>OGGI ALLE<\/strong>\u00a0<\/span>\u00a0<strong> 8.30<\/strong> PIU&#8217; SIAMO CON MARINA DONA&#8217; E IL POPOLO DI RADIOPIU <strong>9.00<\/strong>\u00a0 LIBER, DI LIANA CAVALLET. LIBRI ALLA RADIO\u00a0 \u00a0<strong>10.30\u00a0 <span style=\"color: #ff0000;\">se non la smetti ti mando dal Preside, la scuola con la prof. Maria Rosa Salmazo <\/span><\/strong><b>13.20 <\/b>COLLAGE OPERAZIONE NOSTALGIA DI LORIS SCUSSEL <strong>14.00<\/strong>\u00a0 \u00a0la classifica di marco gaz <strong>15.00 amazing calendar dalla Nevegal Tour di Belluno la coppia del mercoledi pomeriggio, Miky e Marina <\/strong>\u00a0\u00a0<b> 1600 <\/b>IL ROCK DI MARCO COSTANTINI<\/p>\n<p>&nbsp;<\/p>\n<p>&nbsp;<\/p>\n<p>&nbsp;<\/p>\n<p>&nbsp;<\/p>\n<p>&nbsp;<\/p>\n<hr \/>\n<p>&nbsp;<\/p>\n<p>&nbsp;<\/p>\n<div class=\"x11i5rnm xat24cr x1mh8g0r x1vvkbs xtlvy1s x126k92a\">\n<div dir=\"auto\">\n<div dir=\"auto\">\n<p><strong><a class=\"dt-pswp-item\" href=\"https:\/\/www.radiopiu.net\/wordpress\/wp-content\/uploads\/2024\/02\/2d44e751-d8a8-461b-8e22-d8e4e853b032.jpg\" data-dt-img-description=\"\" data-large_image_width=\"1600\" data-large_image_height=\"1200\"><img loading=\"lazy\" decoding=\"async\" class=\"wp-image-373307 alignleft\" src=\"https:\/\/www.radiopiu.net\/wordpress\/wp-content\/uploads\/2024\/02\/2d44e751-d8a8-461b-8e22-d8e4e853b032-300x225.jpg\" alt=\"\" width=\"105\" height=\"79\" srcset=\"https:\/\/www.radiopiu.net\/wordpress\/wp-content\/uploads\/2024\/02\/2d44e751-d8a8-461b-8e22-d8e4e853b032-300x225.jpg 300w, https:\/\/www.radiopiu.net\/wordpress\/wp-content\/uploads\/2024\/02\/2d44e751-d8a8-461b-8e22-d8e4e853b032-1024x768.jpg 1024w, https:\/\/www.radiopiu.net\/wordpress\/wp-content\/uploads\/2024\/02\/2d44e751-d8a8-461b-8e22-d8e4e853b032-768x576.jpg 768w, https:\/\/www.radiopiu.net\/wordpress\/wp-content\/uploads\/2024\/02\/2d44e751-d8a8-461b-8e22-d8e4e853b032-1536x1152.jpg 1536w, https:\/\/www.radiopiu.net\/wordpress\/wp-content\/uploads\/2024\/02\/2d44e751-d8a8-461b-8e22-d8e4e853b032.jpg 1600w\" sizes=\"auto, (max-width: 105px) 100vw, 105px\" \/><\/a>EL BAL DEL FIOR, DI GIULIANA DA RONCH, 05 MARZO<\/strong><strong> 2025<\/strong><\/p>\n<audio class=\"wp-audio-shortcode\" id=\"audio-437750-1\" preload=\"none\" style=\"width: 100%;\" controls=\"controls\"><source type=\"audio\/mpeg\" src=\"https:\/\/www.radiopiu.net\/wordpress\/wp-content\/uploads\/2025\/03\/GME.mp3?_=1\" \/><a href=\"https:\/\/www.radiopiu.net\/wordpress\/wp-content\/uploads\/2025\/03\/GME.mp3\">https:\/\/www.radiopiu.net\/wordpress\/wp-content\/uploads\/2025\/03\/GME.mp3<\/a><\/audio>\n<p>&nbsp;<\/p>\n<hr \/>\n<p>&nbsp;<\/p>\n<p>&nbsp;<\/p>\n<\/div>\n<\/div>\n<\/div>\n<div class=\"x11i5rnm xat24cr x1mh8g0r x1vvkbs xtlvy1s x126k92a\">\n<blockquote>\n<h1><strong><a class=\"dt-pswp-item\" href=\"https:\/\/www.radiopiu.net\/wordpress\/wp-content\/uploads\/2024\/10\/629301fd-708d-4f53-95c2-d28cbefd500f.jpg\" data-dt-img-description=\"\" data-large_image_width=\"1600\" data-large_image_height=\"1322\"><img loading=\"lazy\" decoding=\"async\" class=\"wp-image-413782 alignright\" src=\"https:\/\/www.radiopiu.net\/wordpress\/wp-content\/uploads\/2024\/10\/629301fd-708d-4f53-95c2-d28cbefd500f-300x248.jpg\" alt=\"\" width=\"106\" height=\"88\" srcset=\"https:\/\/www.radiopiu.net\/wordpress\/wp-content\/uploads\/2024\/10\/629301fd-708d-4f53-95c2-d28cbefd500f-300x248.jpg 300w, https:\/\/www.radiopiu.net\/wordpress\/wp-content\/uploads\/2024\/10\/629301fd-708d-4f53-95c2-d28cbefd500f-1024x846.jpg 1024w, https:\/\/www.radiopiu.net\/wordpress\/wp-content\/uploads\/2024\/10\/629301fd-708d-4f53-95c2-d28cbefd500f-768x635.jpg 768w, https:\/\/www.radiopiu.net\/wordpress\/wp-content\/uploads\/2024\/10\/629301fd-708d-4f53-95c2-d28cbefd500f-1536x1269.jpg 1536w, https:\/\/www.radiopiu.net\/wordpress\/wp-content\/uploads\/2024\/10\/629301fd-708d-4f53-95c2-d28cbefd500f.jpg 1600w\" sizes=\"auto, (max-width: 106px) 100vw, 106px\" \/><\/a><\/strong><\/h1>\n<h1><strong><a class=\"dt-pswp-item\" href=\"https:\/\/www.radiopiu.net\/wordpress\/wp-content\/uploads\/2024\/11\/th-18.jpg\" data-dt-img-description=\"\" data-large_image_width=\"156\" data-large_image_height=\"180\"><img loading=\"lazy\" decoding=\"async\" class=\"size-full wp-image-421611 alignleft\" src=\"https:\/\/www.radiopiu.net\/wordpress\/wp-content\/uploads\/2024\/11\/th-18.jpg\" alt=\"\" width=\"156\" height=\"180\" \/><\/a><\/strong><\/h1>\n<h1><strong>N di parom &#8211; L Almanach de la nosta jent<\/strong><\/h1>\n<\/blockquote>\n<p>&nbsp;<\/p>\n<p>Le voci: Davide Conedera, Agordo, Michela Dell&#8217;Osbel, La Valle Agordina Simone Ganz, Falcade Veronica Lezuo, Colle Santa Lucia. La voce nella sigla \u00e8 di Giorgia Taio<\/p>\n<p><strong>LA PUNTATA DI OGGI, 05 MARZO 2025<\/strong><\/p>\n<p>&nbsp;<\/p>\n<audio class=\"wp-audio-shortcode\" id=\"audio-437750-2\" preload=\"none\" style=\"width: 100%;\" controls=\"controls\"><source type=\"audio\/mpeg\" src=\"https:\/\/www.radiopiu.net\/wordpress\/wp-content\/uploads\/2025\/03\/AL3.mp3?_=2\" \/><a href=\"https:\/\/www.radiopiu.net\/wordpress\/wp-content\/uploads\/2025\/03\/AL3.mp3\">https:\/\/www.radiopiu.net\/wordpress\/wp-content\/uploads\/2025\/03\/AL3.mp3<\/a><\/audio>\n<p>&nbsp;<\/p>\n<\/div>\n<div class=\"x11i5rnm xat24cr x1mh8g0r x1vvkbs xtlvy1s x126k92a\">\n<div dir=\"auto\">\n<hr \/>\n<\/div>\n<\/div>\n<blockquote>\n<blockquote>\n<h1><span style=\"color: #ff0000;\">\u00a0<\/span><\/h1>\n<h1><span style=\"color: #ff0000;\">I podcast informativi del mattino &#8211; audio &#8211;\u00a0\u00a0<\/span><\/h1>\n<\/blockquote>\n<p><strong><a class=\"dt-pswp-item\" href=\"https:\/\/www.radiopiu.net\/wordpress\/wp-content\/uploads\/2024\/11\/6.jpg\" data-dt-img-description=\"\" data-large_image_width=\"177\" data-large_image_height=\"180\"><img loading=\"lazy\" decoding=\"async\" class=\"size-full wp-image-417911 alignleft\" src=\"https:\/\/www.radiopiu.net\/wordpress\/wp-content\/uploads\/2024\/11\/6.jpg\" alt=\"\" width=\"177\" height=\"180\" \/><\/a>LA RASSEGNA STAMPA NAZIONALE ALLA RADIO, OGNI GIORNO ALLE 5 E ALLE 6 DEL MATTINO <span style=\"color: #0000ff;\">viene pubblicata alle 6.00 <span style=\"color: #ff0000;\">DIRETTA RADIO\u00a0 \u00a0\u00a0<\/span><\/span><\/strong><\/p><\/blockquote>\n<p>&nbsp;<\/p>\n<p><strong>NOTIZIE DELLA NOTTE<\/strong><\/p>\n<p><strong>Trump:<\/strong> &#8216;Zelensky pronto a tavolo con Mosca e firma su minerali&#8217;<br \/>\n<strong>Basket: Nba<\/strong>, LeBron primo a superare la soglia dei 50mila punti<br \/>\n<strong>Trump<\/strong> ribadisce: &#8216;Ci riprenderemo il Canale di Panama&#8217; <strong>Trump<\/strong> ringrazia Musk, standing ovation e fischi al Congresso <strong>Trump:<\/strong> risponderemo dazio su dazio, anche barriere non monetarie <strong>Cina:<\/strong> &#8216;Avanti con fermezza sulla riunificazione di Taiwan<\/p>\n<h1>AUDIO dalle 6 del mattino<\/h1>\n<audio class=\"wp-audio-shortcode\" id=\"audio-437750-3\" preload=\"none\" style=\"width: 100%;\" controls=\"controls\"><source type=\"audio\/mpeg\" src=\"https:\/\/www.radiopiu.net\/wordpress\/wp-content\/uploads\/2025\/03\/giornale07-4.mp3?_=3\" \/><a href=\"https:\/\/www.radiopiu.net\/wordpress\/wp-content\/uploads\/2025\/03\/giornale07-4.mp3\">https:\/\/www.radiopiu.net\/wordpress\/wp-content\/uploads\/2025\/03\/giornale07-4.mp3<\/a><\/audio>\n<p>&nbsp;<\/p>\n<p>&nbsp;<\/p>\n<hr \/>\n<p>&nbsp;<\/p>\n<h1 style=\"text-align: center;\"><span style=\"color: #ff0000;\"><a class=\"dt-pswp-item\" href=\"https:\/\/www.radiopiu.net\/wordpress\/wp-content\/uploads\/2024\/11\/7.jpg\" data-dt-img-description=\"\" data-large_image_width=\"180\" data-large_image_height=\"180\"><img loading=\"lazy\" decoding=\"async\" class=\"size-full wp-image-417912 alignleft\" src=\"https:\/\/www.radiopiu.net\/wordpress\/wp-content\/uploads\/2024\/11\/7.jpg\" alt=\"\" width=\"180\" height=\"180\" srcset=\"https:\/\/www.radiopiu.net\/wordpress\/wp-content\/uploads\/2024\/11\/7.jpg 180w, https:\/\/www.radiopiu.net\/wordpress\/wp-content\/uploads\/2024\/11\/7-150x150.jpg 150w\" sizes=\"auto, (max-width: 180px) 100vw, 180px\" \/><\/a>I podcast informativi del mattino &#8211; audio &#8211;\u00a0<\/span><\/h1>\n<p><strong>OGNI GIORNO ALLE SETTE DEL MATTINO, LA RASSEGNA STAMPA LOCALE FLASH&#8230; PER CHI VA IN FRETTA. I TITOLI DAI GIORNALI E DAL SITO WWW.RADIOPIU.NET <span style=\"color: #0000ff;\">viene pubblicato alle 7.00<\/span> <span style=\"color: #ff0000;\">DIRETTA RADIO\u00a0<\/span><\/strong><\/p>\n<p><em><span style=\"color: #ff0000;\">per chi va in fretta&#8230; tante notizie in pochi minuti. L&#8217;informazione locale alla radio, ogni ora dalle 7 del mattino alle 19 della sera.\u00a0<\/span><\/em><\/p>\n<p>&nbsp;<\/p>\n<h1>AUDIO dalle 7 del mattino<\/h1>\n<audio class=\"wp-audio-shortcode\" id=\"audio-437750-4\" preload=\"none\" style=\"width: 100%;\" controls=\"controls\"><source type=\"audio\/mpeg\" src=\"https:\/\/www.radiopiu.net\/wordpress\/wp-content\/uploads\/2025\/03\/GF07-3.mp3?_=4\" \/><a href=\"https:\/\/www.radiopiu.net\/wordpress\/wp-content\/uploads\/2025\/03\/GF07-3.mp3\">https:\/\/www.radiopiu.net\/wordpress\/wp-content\/uploads\/2025\/03\/GF07-3.mp3<\/a><\/audio>\n<p>&nbsp;<\/p>\n<p>&nbsp;<\/p>\n<hr \/>\n<p>&nbsp;<\/p>\n<h1><\/h1>\n<h1 style=\"text-align: center;\"><span style=\"color: #ff0000;\"><a class=\"dt-pswp-item\" href=\"https:\/\/www.radiopiu.net\/wordpress\/wp-content\/uploads\/2024\/11\/th.jpg\" data-dt-img-description=\"\" data-large_image_width=\"148\" data-large_image_height=\"179\"><img loading=\"lazy\" decoding=\"async\" class=\"size-full wp-image-417913 alignleft\" src=\"https:\/\/www.radiopiu.net\/wordpress\/wp-content\/uploads\/2024\/11\/th.jpg\" alt=\"\" width=\"148\" height=\"179\" \/><\/a>I podcast informativi del mattino &#8211; audio &#8211;\u00a0<\/span><\/h1>\n<blockquote><p><strong>GIORNALE RADIO NAZIONALE, EDIZIONE DELLE SETTE <span style=\"color: #0000ff;\">viene pubblicato alle 7.05 <span style=\"color: #ff0000;\">DIRETTA RADIO\u00a0<\/span><\/span><\/strong><\/p><\/blockquote>\n<p><strong>il giornale radionazionale e&#8217; in onda ogni ora, dalle sette del mattino alle venti della sera\u00a0 \u00a0<\/strong><\/p>\n<p><strong><a class=\"dt-pswp-item\" href=\"https:\/\/www.radiopiu.net\/wordpress\/wp-content\/uploads\/2025\/02\/download-7.jpg\" data-dt-img-description=\"\" data-large_image_width=\"211\" data-large_image_height=\"239\"><img loading=\"lazy\" decoding=\"async\" class=\"size-full wp-image-435553 alignleft\" src=\"https:\/\/www.radiopiu.net\/wordpress\/wp-content\/uploads\/2025\/02\/download-7.jpg\" alt=\"\" width=\"211\" height=\"239\" \/><\/a>MACERATA<\/strong> Familiari di Pamela Mastropietro: &#8216;Traini \u00e8 libero perch\u00e9 ha i requisiti&#8217; &#8216;Tutto previsto dai tribunali, no alla giustizia fai da te&#8217;<br \/>\n<strong>ROMA<\/strong> La tragedia della Costa Concordia. Schettino chiede la semilibert\u00e0 per lavorare in Vaticano, l&#8217;udienza l&#8217;8 aprile\u00a0<strong>MILANO<\/strong> Prostitute e cocaina, arrestati Stefania Nobile e l&#8217;ex. La figlia di Wanna Marchi e il titolare della Gintoneria ai domiciliari <strong>COSENZA<\/strong> Avvocato accoltellato nel suo studio, \u00e8 grave. A Corigliano-Rossano. <strong>PALERMO<\/strong> Condannata la figlia della compagna di Messina Denaro Quattro anni e 8 mesi a Martina Gentile, avrebbe favorito la latitanza del boss <strong>MILANO<\/strong> Inter, Milan e Lega Serie A si costituiscono parte civile contro i capi ultr\u00e0 Ammesse le istanze nel processo abbreviato <strong>LAMPEDUSA<\/strong> Naufraghi da 4 giorni su una piattaforma, salvati dall&#8217;Ong Mediterranea. Alla nave Sea Watch non \u00e8 ancora stato assegnato un porto sicuro di sbarco <strong>ROMA<\/strong> Indagato l&#8217;ad di Sogei Cristiano Cannarsa, perquisizioni in casa e ufficio. L&#8217;accusa \u00e8 di tentato peculato. L&#8217;ex ad arrestato nei mesi scorsi<\/p>\n<p>&nbsp;<\/p>\n<p><strong><a class=\"dt-pswp-item\" href=\"https:\/\/www.radiopiu.net\/wordpress\/wp-content\/uploads\/2025\/02\/download-3.jpg\" data-dt-img-description=\"\" data-large_image_width=\"223\" data-large_image_height=\"226\"><img loading=\"lazy\" decoding=\"async\" class=\"size-full wp-image-434732 alignleft\" src=\"https:\/\/www.radiopiu.net\/wordpress\/wp-content\/uploads\/2025\/02\/download-3.jpg\" alt=\"\" width=\"223\" height=\"226\" \/><\/a>VERONA<\/strong> Carabiniere arrestato nel veronese per spaccio, resta in carcere Prime ammissioni di responsabilit\u00e0 <strong>PADOVA<\/strong> Ferisce con una coltellata un giovane a Padova, arrestato 23enne<br \/>\nPolizia soccorre un&#8217;altra vittima ferita con arma da taglio <strong>MONTEBELLUNA<\/strong> Manda messaggio &#8216;ammazzati&#8217; a compagna di scuola anoressica La ragazza 19enne, ora in una clinica, ha sporto denuncia <strong>VERONA<\/strong> Si butta in acqua dopo rapina, prima l&#8217;ospedale poi il carcere Passati alcuni giorni in terapia intensiva finisce in cella <strong>VENEZIA<\/strong> Assalto hacker in Veneto, 30 pmi attaccate in 10 giorni. Rischi sventati, richiesti riscatti fino a 400 mila euro <strong>VENEZIA<\/strong> Mantovano, attivati tutti i canali per rientro Trentini &#8216;Detenuto in Venezuela, la soluzione \u00e8 difficile&#8217; <strong>VENEZIA <\/strong>Gimbe, Veneto in difficolt\u00e0 per numero di medici di base Assistiti per medico superiori rispetto alla media nazionale <strong>VENEZIA<\/strong> Elena Sofia Cesca \u00e8 la Maria del Carnevale di Venezia Ha 19 anni, studia Medicina e Chirurgia e ama viaggiare<\/p>\n<h1><span style=\"color: #ff0000;\"><span style=\"color: #0000ff;\">ULTIM&#8217;ORA<\/span> <span style=\"color: #000000;\">AUDIO dalle sette del mattino, ogni ora alla radio EDIZIONE DELLE SETTE<\/span><\/span><\/h1>\n<audio class=\"wp-audio-shortcode\" id=\"audio-437750-5\" preload=\"none\" style=\"width: 100%;\" controls=\"controls\"><source type=\"audio\/mpeg\" src=\"https:\/\/www.radiopiu.net\/wordpress\/wp-content\/uploads\/2025\/03\/giornale07-5.mp3?_=5\" \/><a href=\"https:\/\/www.radiopiu.net\/wordpress\/wp-content\/uploads\/2025\/03\/giornale07-5.mp3\">https:\/\/www.radiopiu.net\/wordpress\/wp-content\/uploads\/2025\/03\/giornale07-5.mp3<\/a><\/audio>\n<p>&nbsp;<\/p>\n<p><span style=\"color: #000000;\"><strong>ARSIE<\/strong> Anziano annegato: nuove imputazioni per cinque indagati\u00a0<strong>PONTE NELLE ALPI <\/strong>Minacce con motosega ai vicini: a processo Furto con abbraccio: imputato prosciolto\u00a0 <strong>SEDICO <\/strong>d\u00e0 l\u2019addio a Giuliana Balcon: funerale in forma privata<\/span><\/p>\n<p>&nbsp;<\/p>\n<hr \/>\n<p>&nbsp;<\/p>\n<p>&nbsp;<\/p>\n<h1><span style=\"color: #ff0000;\"><a class=\"dt-pswp-item\" href=\"https:\/\/www.radiopiu.net\/wordpress\/wp-content\/uploads\/2024\/11\/8.jpg\" data-dt-img-description=\"\" data-large_image_width=\"180\" data-large_image_height=\"180\"><img loading=\"lazy\" decoding=\"async\" class=\"size-full wp-image-417910 alignleft\" src=\"https:\/\/www.radiopiu.net\/wordpress\/wp-content\/uploads\/2024\/11\/8.jpg\" alt=\"\" width=\"180\" height=\"180\" srcset=\"https:\/\/www.radiopiu.net\/wordpress\/wp-content\/uploads\/2024\/11\/8.jpg 180w, https:\/\/www.radiopiu.net\/wordpress\/wp-content\/uploads\/2024\/11\/8-150x150.jpg 150w\" sizes=\"auto, (max-width: 180px) 100vw, 180px\" \/><\/a>I podcast informativi del mattino &#8211; video &#8211;\u00a0<\/span><\/h1>\n<h2 style=\"text-align: left;\"><strong>RASSEGNA STAMPA LOCALE, ORE OTTO<\/strong><\/h2>\n<h2><strong> <span style=\"color: #0000ff;\">viene\u00a0 <\/span><\/strong><strong><span style=\"color: #0000ff;\">pubblicata alle 8.05 <span style=\"color: #ff0000;\">DIRETTA RADIO\u00a0 \u00a0<\/span><\/span><\/strong><strong>DI MIRKO MEZZACASA<\/strong><\/h2>\n<h2><span style=\"color: #ff0000;\"><strong>\u00a0\u00a0<\/strong><\/span><\/h2>\n<blockquote><p><strong>LIMANA<\/strong> \u2013 <span style=\"color: #ff0000;\"><span style=\"color: #000000;\">Grave incidente sulle strade del Bellunese: una donna di 58 anni,\u00a0 Susi Dal Farra di Limana, sua figlia (lllesa) e il nipotino di tre anni sono stati travolti da un\u2019auto (il passeggino e&#8217; finito ruote all&#8217;aria).\u00a0<\/span> <\/span><strong>\u00a0PASSO MONTE CROCE<\/strong><span style=\"color: #000000;\"> masso di tre metri blocca la strada\u00a0 ALLEGHE <\/span><span style=\"color: #000000;\">issa sulla spiaggia\u00a0 condanne e messa alla prova <strong>FENER <\/strong>Omicidio alla stazione di Fener: Pedro resta in carcere Spaccio di cocaina: far\u00e0 volontariato per evitare il processono\u00a0<\/span><\/p><\/blockquote>\n<p style=\"text-align: center;\"><span style=\"color: #000000;\"><strong>FUTURO DEL FONDO GRANDI EVENTI: SCONTRO IN CONSIGLIO PROVINCIALE<\/strong><\/span><\/p>\n<p>&nbsp;<\/p>\n<h1><span style=\"color: #ff0000;\"><strong>VIDEO\u00a0 \u00a0in diretta AGGIORNAMENTO\u00a0 dalle 8 del mattino\u00a0\u00a0<\/strong><\/span><\/h1>\n<p><iframe loading=\"lazy\" style=\"border: none; overflow: hidden;\" src=\"https:\/\/www.facebook.com\/plugins\/video.php?height=314&amp;href=https%3A%2F%2Fwww.facebook.com%2Fradiopiu%2Fvideos%2F4074143089485531%2F&amp;show_text=false&amp;width=560&amp;t=0\" width=\"560\" height=\"314\" frameborder=\"0\" scrolling=\"no\" allowfullscreen=\"allowfullscreen\"><\/iframe><\/p>\n<h2><a class=\"dt-pswp-item\" href=\"https:\/\/www.radiopiu.net\/wordpress\/wp-content\/uploads\/2025\/03\/COOP1-2.png\" data-dt-img-description=\"\" data-large_image_width=\"491\" data-large_image_height=\"216\"><img loading=\"lazy\" decoding=\"async\" class=\"alignnone size-medium wp-image-437979\" src=\"https:\/\/www.radiopiu.net\/wordpress\/wp-content\/uploads\/2025\/03\/COOP1-2-300x132.png\" alt=\"\" width=\"300\" height=\"132\" srcset=\"https:\/\/www.radiopiu.net\/wordpress\/wp-content\/uploads\/2025\/03\/COOP1-2-300x132.png 300w, https:\/\/www.radiopiu.net\/wordpress\/wp-content\/uploads\/2025\/03\/COOP1-2.png 491w\" sizes=\"auto, (max-width: 300px) 100vw, 300px\" \/><\/a><a class=\"dt-pswp-item\" href=\"https:\/\/www.radiopiu.net\/wordpress\/wp-content\/uploads\/2025\/03\/COOP2-1.png\" data-dt-img-description=\"\" data-large_image_width=\"478\" data-large_image_height=\"259\"><img loading=\"lazy\" decoding=\"async\" class=\"alignnone size-medium wp-image-437980\" src=\"https:\/\/www.radiopiu.net\/wordpress\/wp-content\/uploads\/2025\/03\/COOP2-1-300x163.png\" alt=\"\" width=\"300\" height=\"163\" srcset=\"https:\/\/www.radiopiu.net\/wordpress\/wp-content\/uploads\/2025\/03\/COOP2-1-300x163.png 300w, https:\/\/www.radiopiu.net\/wordpress\/wp-content\/uploads\/2025\/03\/COOP2-1.png 478w\" sizes=\"auto, (max-width: 300px) 100vw, 300px\" \/><\/a><\/h2>\n<p>&nbsp;<\/p>\n<p>&nbsp;<\/p>\n<hr \/>\n<p>&nbsp;<\/p>\n<p>&nbsp;<\/p>\n<p>&nbsp;<\/p>\n<p><strong><a class=\"dt-pswp-item\" href=\"https:\/\/www.radiopiu.net\/wordpress\/wp-content\/uploads\/2023\/12\/ANTENNA.png\" data-dt-img-description=\"\" data-large_image_width=\"300\" data-large_image_height=\"166\"><img loading=\"lazy\" decoding=\"async\" class=\"wp-image-366306 alignright\" src=\"https:\/\/www.radiopiu.net\/wordpress\/wp-content\/uploads\/2023\/12\/ANTENNA.png\" alt=\"\" width=\"101\" height=\"56\" \/><\/a><a class=\"dt-pswp-item\" href=\"https:\/\/www.radiopiu.net\/wordpress\/wp-content\/uploads\/2024\/11\/th-17.jpg\" data-dt-img-description=\"\" data-large_image_width=\"224\" data-large_image_height=\"180\"><img loading=\"lazy\" decoding=\"async\" class=\" wp-image-421610 alignleft\" src=\"https:\/\/www.radiopiu.net\/wordpress\/wp-content\/uploads\/2024\/11\/th-17.jpg\" alt=\"\" width=\"167\" height=\"134\" \/><\/a>ogni sera alle 19 le anticipazioni alla radio, quello che poi seguirete nel TELEGIORNALE BELLUNESE\u00a0 in onda alle 19.30 sul CANALE 10 del digitale terrestre.\u00a0\u00a0<\/strong><\/p>\n<p><b>\u00a0\u00a0<\/b><\/p>\n<h1><\/h1>\n<h1><span style=\"color: #ff0000;\"><strong>LE ANTICIPAZIONI DI TIZIANA BOLOGNANI<\/strong><\/span><\/h1>\n<audio class=\"wp-audio-shortcode\" id=\"audio-437750-6\" preload=\"none\" style=\"width: 100%;\" controls=\"controls\"><source type=\"audio\/mpeg\" src=\"https:\/\/www.radiopiu.net\/wordpress\/wp-content\/uploads\/2025\/03\/ANTENNA3-1.mp3?_=6\" \/><a href=\"https:\/\/www.radiopiu.net\/wordpress\/wp-content\/uploads\/2025\/03\/ANTENNA3-1.mp3\">https:\/\/www.radiopiu.net\/wordpress\/wp-content\/uploads\/2025\/03\/ANTENNA3-1.mp3<\/a><\/audio>\n<p>&nbsp;<\/p>\n<p>&nbsp;<\/p>\n<hr \/>\n<p>&nbsp;<\/p>\n<blockquote>\n<h2>Nonna investita con figlia e neonato: ferita grave, bimbo illeso<\/h2>\n<\/blockquote>\n<p>&nbsp;<\/p>\n<div class=\"flex max-w-full flex-col flex-grow\">\n<div class=\"min-h-8 text-message relative flex w-full flex-col items-end gap-2 whitespace-normal break-words text-start [.text-message+&amp;]:mt-5\" dir=\"auto\" data-message-author-role=\"assistant\" data-message-id=\"b4e2971b-750b-4d7a-9bac-bc809cb80c5e\" data-message-model-slug=\"gpt-4o\">\n<div class=\"flex w-full flex-col gap-1 empty:hidden first:pt-[3px]\">\n<div class=\"markdown prose w-full break-words dark:prose-invert dark\">\n<p data-start=\"72\" data-end=\"381\"><strong><img loading=\"lazy\" decoding=\"async\" class=\"alignleft\" src=\"https:\/\/www.radiopiu.net\/wordpress\/wp-content\/uploads\/2023\/07\/eli-3.jpg\" width=\"309\" height=\"150\" \/>LIMANA<\/strong> \u2013 Grave incidente sulle strade del Bellunese: una donna di 58 anni,\u00a0 Susi Dal Farra di Limana, sua figlia (lllesa) e il nipotino di tre anni sono stati travolti da un\u2019auto (il passeggino e&#8217; finito ruote all&#8217;aria). La nonna \u00e8 stata trasportata in elicottero all\u2019ospedale di Treviso in condizioni serie, mentre il bambino \u00e8 rimasto illeso, probabilmente protetto dal passeggino.<\/p>\n<p data-start=\"383\" data-end=\"697\" data-is-last-node=\"\" data-is-only-node=\"\">Sul posto sono intervenuti i soccorsi con un\u2019ambulanza e l\u2019elisoccorso, oltre ai Carabinieri di Feltre e Trichiana, che stanno ricostruendo la dinamica dell\u2019incidente. L\u2019automobilista del posto (69 anni) \u00e8 stato sottoposto agli accertamenti di rito. Al momento non si escludono responsabilit\u00e0 legate alla velocit\u00e0 o a una distrazione, l&#8217;uomo alla guida della Renalut avrebbe raccontato di essere stato abbagliato dal sole.<\/p>\n<p data-start=\"383\" data-end=\"697\" data-is-last-node=\"\" data-is-only-node=\"\">\n<\/div>\n<\/div>\n<\/div>\n<\/div>\n<hr \/>\n<p>&nbsp;<\/p>\n<blockquote>\n<div class=\"page-title-head hgroup\">\n<h2 class=\"entry-title\">SCONTRO IN PISTA, DUE MINORI IN OSPEDALE<\/h2>\n<\/div>\n<\/blockquote>\n<div class=\"flex max-w-full flex-col flex-grow\">\n<div class=\"min-h-8 text-message relative flex w-full flex-col items-end gap-2 whitespace-normal break-words text-start [.text-message+&amp;]:mt-5\" dir=\"auto\" data-message-author-role=\"assistant\" data-message-id=\"83571acc-160e-4f4b-9175-bbf1eab541ea\" data-message-model-slug=\"gpt-4o-mini\">\n<div class=\"flex w-full flex-col gap-1 empty:hidden first:pt-[3px]\">\n<div class=\"markdown prose w-full break-words dark:prose-invert dark\">\n<p><strong><a class=\"dt-pswp-item\" href=\"https:\/\/www.radiopiu.net\/wordpress\/wp-content\/uploads\/2025\/03\/WhatsApp-Image-2025-03-04-at-10.46.46.jpeg\" data-dt-img-description=\"\" data-large_image_width=\"1984\" data-large_image_height=\"1488\"><img loading=\"lazy\" decoding=\"async\" class=\" wp-image-437843 alignleft\" src=\"https:\/\/www.radiopiu.net\/wordpress\/wp-content\/uploads\/2025\/03\/WhatsApp-Image-2025-03-04-at-10.46.46-300x225.jpeg\" alt=\"\" width=\"207\" height=\"155\" srcset=\"https:\/\/www.radiopiu.net\/wordpress\/wp-content\/uploads\/2025\/03\/WhatsApp-Image-2025-03-04-at-10.46.46-300x225.jpeg 300w, https:\/\/www.radiopiu.net\/wordpress\/wp-content\/uploads\/2025\/03\/WhatsApp-Image-2025-03-04-at-10.46.46-1024x768.jpeg 1024w, https:\/\/www.radiopiu.net\/wordpress\/wp-content\/uploads\/2025\/03\/WhatsApp-Image-2025-03-04-at-10.46.46-768x576.jpeg 768w, https:\/\/www.radiopiu.net\/wordpress\/wp-content\/uploads\/2025\/03\/WhatsApp-Image-2025-03-04-at-10.46.46-1536x1152.jpeg 1536w, https:\/\/www.radiopiu.net\/wordpress\/wp-content\/uploads\/2025\/03\/WhatsApp-Image-2025-03-04-at-10.46.46.jpeg 1984w\" sizes=\"auto, (max-width: 207px) 100vw, 207px\" \/><\/a>FALCADE<\/strong> Scontro in pista ieri mattina nel comprensorio SkiArea Falcade-SanPellegrino, sono entrati in contatto due minori entrambe del Belgio. L&#8217;una trasportata in elicottero al San Martino di Belluno con un codice di media gravit\u00e0 (trauma cranico), assistita anche l&#8217;altra ragazzina che lamentava dolori alla schiena<\/p>\n<p><strong>CORTINA<\/strong> Incidente con il Quad, coinvolto un 23enne di Belluno portato per accertamenti dalla zona Rumerlo dove \u00e8 avvenuto l&#8217;incidente all&#8217;ospedale di Cortina.<\/p>\n<p><strong>VOLTAGO<\/strong> A Frassen\u00e8 di Voltago l&#8217;elicottero (foto di copertina) \u00e8 atterrato al campo sportivo, un uomo di 69 anni colto da malore \u00e8 stato elitrasportato al San Martino di Belluno.<\/p>\n<p><strong>LIVINALLONGO\u00a0<\/strong>Doppio intervento sulle piste di Arabba alle 13:20. Prima un uomo ha chiesto aiuto in seguito ad un malore ed \u00e8 stato portato a Belluno, successivamente un uomo si \u00e8 fatto male ed \u00e8 stato portato al nosocomio di Brunico<\/p>\n<p><strong>CORTINA<\/strong> Alle 13:39 l&#8217;elicottero Falco ha portato a Belluno un minore in seguito ad una caduta sugli sci.<\/p>\n<p><strong>LIMANA\u00a0<\/strong>Una donna \u00e8 stata investita a Limana. Le sue condizioni sono risultate gravi ed \u00e8 stata ricoverata al Ca Foncello di Treviso<\/p>\n<p><strong>IN TOTALE 19 GLI INTERVENTI SULLE PISTE DA SCI DEL BELLUNESE\u00a0<\/strong><\/p>\n<p>&nbsp;<\/p>\n<hr \/>\n<\/div>\n<blockquote>\n<h2 data-start=\"936\" data-end=\"1310\">Passo Monte Croce: masso di tre metri blocca la strada<\/h2>\n<div class=\"whitespace-pre-wrap\"><\/div>\n<div class=\"absolute bottom-0 right-full top-0 -mr-3.5 hidden pr-5 pt-2 [.group\\\/conversation-turn:hover_&amp;]:flex\">\n<div class=\"flex\"><strong><img loading=\"lazy\" decoding=\"async\" class=\"alignleft\" src=\"https:\/\/www.radiopiu.net\/wordpress\/wp-content\/uploads\/2021\/08\/Passo_Monte_Croce_Comelico_2-2.jpg\" width=\"265\" height=\"149\" \/>PASSO MONTE CROCE \u2013<\/strong> Un masso di circa tre metri di diametro \u00e8 precipitato sulla strada del Passo Monte Croce Comelico, bloccando il transito senza coinvolgere veicoli in movimento. L\u2019allarme \u00e8 scattato ieri pomeriggio, con l\u2019intervento immediato dei vigili del fuoco e di Veneto Strade, allertati dagli automobilisti. Sul posto sono arrivati i pompieri di Santo Stefano e i volontari di Padola, oltre ai carabinieri e al personale tecnico per la messa in sicurezza. Il masso \u00e8 stato rimosso con una pala meccanica e la viabilit\u00e0 ripristinata. Ora i tecnici valuteranno la stabilit\u00e0 del versante per prevenire ulteriori crolli e garantire la sicurezza della strada.<\/div>\n<\/div>\n<\/blockquote>\n<div class=\"absolute bottom-0 right-full top-0 -mr-3.5 hidden pr-5 pt-2 [.group\\\/conversation-turn:hover_&amp;]:flex\">\n<div><\/div>\n<div>\n<hr \/>\n<\/div>\n<\/div>\n<h1 data-start=\"936\" data-end=\"1310\">Rissa sulla spiaggia di Alleghe: condanne e messa alla prova<\/h1>\n<p><span style=\"color: #ff0000;\"><strong>OGGI LA GIUDIZIARIA<\/strong><\/span><\/p>\n<p><span style=\"color: #ff0000;\"><strong>DAL CORRIERE DELLE ALPI_SINTESI<\/strong><\/span><br \/>\n<span style=\"color: #ff0000;\"><strong>GIGI SOSSO<\/strong><\/span><\/p>\n<p data-start=\"72\" data-end=\"403\" data-is-last-node=\"\" data-is-only-node=\"\"><strong><img loading=\"lazy\" decoding=\"async\" class=\"alignleft\" src=\"https:\/\/www.radiopiu.net\/wordpress\/wp-content\/uploads\/2021\/05\/alleghe-spiaggia-1.jpg\" width=\"226\" height=\"108\" \/>ALLEGHE<\/strong> \u2013 Una rissa scoppiata il 6 luglio 2021 sulla spiaggia di Alleghe ha portato a una condanna e due messe alla prova. S Z S ha patteggiato sei mesi di reclusione con pena sospesa, mentre A S e G S dovranno svolgere sei mesi di volontariato in Comune. La lite, avvenuta per futili motivi, \u00e8 degenerata in pugni e calci, coinvolgendo anche altre persone non identificate. Un giovane ha riportato lesioni lievi, con prognosi di tre giorni. Tra un anno il Tribunale di Belluno verificher\u00e0 l\u2019esito della messa alla prova: se superata, il reato sar\u00e0 cancellato dalla fedina penale. L\u2019indagine \u00e8 stata condotta dai carabinieri di Caprile.<\/p>\n<blockquote>\n<p data-start=\"0\" data-end=\"61\"><strong data-start=\"0\" data-end=\"59\"><a class=\"dt-pswp-item\" href=\"https:\/\/www.radiopiu.net\/wordpress\/wp-content\/uploads\/2025\/03\/Senza-nome-18.png\" data-dt-img-description=\"\" data-large_image_width=\"58\" data-large_image_height=\"53\"><img loading=\"lazy\" decoding=\"async\" class=\"size-full wp-image-437959 alignleft\" src=\"https:\/\/www.radiopiu.net\/wordpress\/wp-content\/uploads\/2025\/03\/Senza-nome-18.png\" alt=\"\" width=\"58\" height=\"53\" \/><\/a>Omicidio alla stazione di Fener: Pedro resta in carcere<\/strong><\/p>\n<\/blockquote>\n<p data-start=\"63\" data-end=\"383\" data-is-last-node=\"\" data-is-only-node=\"\"><strong>SETTEVILLE<\/strong> \u2013 Pedro Livert Dominguez, condannato a 16 anni per l\u2019omicidio di Antonio Costa, resta in carcere. Il Tribunale del Riesame ha respinto la richiesta di domiciliari per rischio di recidiva. La difesa punta all\u2019Appello per una revisione della sentenza, mentre il presidente Montalto sta scrivendo le motivazioni.<\/p>\n<blockquote>\n<p data-start=\"0\" data-end=\"67\"><strong data-start=\"0\" data-end=\"65\">Spaccio di cocaina: far\u00e0 volontariato per evitare il processo<\/strong><\/p>\n<\/blockquote>\n<p data-start=\"69\" data-end=\"391\" data-is-last-node=\"\" data-is-only-node=\"\"><strong>PONTE NELLE ALPI<\/strong> \u2013 Accusato di spaccio di cocaina, R.G. sconter\u00e0 200 ore di lavori socialmente utili presso Ponte Servizi. Ha scelto la messa alla prova per evitare il processo. Se completer\u00e0 il volontariato correttamente, il reato non comparir\u00e0 sulla fedina penale. Il Tribunale di Belluno monitorer\u00e0 l\u2019esito tra un anno.<\/p>\n<blockquote>\n<h3 data-start=\"72\" data-end=\"403\">Coltellata in centro per motivi passionali: cameriere condannato<\/h3>\n<\/blockquote>\n<p data-start=\"72\" data-end=\"403\" data-is-last-node=\"\" data-is-only-node=\"\"><strong>FELTRE<\/strong> \u2013 D S S, cittadino cubano e cameriere, \u00e8 stato condannato a sette mesi di reclusione per aver accoltellato un rivale in amore. La difesa sosteneva che la ferita fosse stata causata dallo strappo di una collanina. La Procura aveva chiesto dieci mesi. Un altro processo per favoreggiamento \u00e8 collegato al caso.<\/p>\n<blockquote>\n<p data-start=\"0\" data-end=\"61\"><strong data-start=\"0\" data-end=\"59\"><a class=\"dt-pswp-item\" href=\"https:\/\/www.radiopiu.net\/wordpress\/wp-content\/uploads\/2025\/03\/Senza-nome-17.png\" data-dt-img-description=\"\" data-large_image_width=\"219\" data-large_image_height=\"257\"><img loading=\"lazy\" decoding=\"async\" class=\" wp-image-437958 alignleft\" src=\"https:\/\/www.radiopiu.net\/wordpress\/wp-content\/uploads\/2025\/03\/Senza-nome-17.png\" alt=\"\" width=\"107\" height=\"126\" \/><\/a>Anziano annegato: nuove imputazioni per cinque indagati<\/strong><\/p>\n<\/blockquote>\n<p data-start=\"63\" data-end=\"364\" data-is-last-node=\"\" data-is-only-node=\"\"><strong>ARSI\u00c8<\/strong> \u2013 Il pm Claudio Fabris ha riscritto le imputazioni per i cinque indagati nel caso dell\u2019anziano Antono Salina morto in una vasca di liquami nella casa di riposo. L\u2019accusa contesta omissioni nella gestione e sicurezza. Il 16 maggio si decider\u00e0 sul rinvio a giudizio. La famiglia della vittima sar\u00e0 parte civile<\/p>\n<p data-start=\"0\" data-end=\"48\"><strong data-start=\"0\" data-end=\"46\">Minacce con motosega ai vicini: a processo<\/strong><\/p>\n<p data-start=\"50\" data-end=\"359\" data-is-last-node=\"\" data-is-only-node=\"\"><strong>PONTE NELLE ALPI<\/strong> \u2013 A D P \u00e8 finito in tribunale per molestie e minacce ai vicini, tra cui l\u2019episodio pi\u00f9 grave: avrebbe puntato una motosega accesa contro una donna, urlandole \u00abAdesso vi taglio la testa\u00bb. La coppia si \u00e8 costituita parte civile. Il processo entra nel vivo con l\u2019audizione dei testimoni.<\/p>\n<blockquote>\n<p data-start=\"0\" data-end=\"46\"><strong data-start=\"0\" data-end=\"44\">Furto con abbraccio: imputato prosciolto<\/strong><\/p>\n<\/blockquote>\n<p data-start=\"48\" data-end=\"334\" data-is-last-node=\"\" data-is-only-node=\"\"><strong>ARSI\u00c8<\/strong> \u2013 M F \u00e8 stato prosciolto dall\u2019accusa di furto con destrezza, dopo che la vittima ha ritirato la querela. Il giudice ha derubricato il reato e condannato l&#8217;uomo solo a 500 euro di multa per possesso di coltello. La Procura aveva chiesto un anno e due mesi di reclusione.<\/p>\n<blockquote>\n<p data-start=\"48\" data-end=\"334\" data-is-last-node=\"\" data-is-only-node=\"\">\n<\/blockquote>\n<p data-start=\"690\" data-end=\"1094\" data-is-last-node=\"\" data-is-only-node=\"\">\n<hr \/>\n<blockquote>\n<p data-start=\"0\" data-end=\"37\"><strong data-start=\"0\" data-end=\"35\"><a class=\"dt-pswp-item\" href=\"https:\/\/www.radiopiu.net\/wordpress\/wp-content\/uploads\/2025\/03\/Senza-nome-20.png\" data-dt-img-description=\"\" data-large_image_width=\"205\" data-large_image_height=\"192\"><img loading=\"lazy\" decoding=\"async\" class=\"wp-image-437974 alignleft\" src=\"https:\/\/www.radiopiu.net\/wordpress\/wp-content\/uploads\/2025\/03\/Senza-nome-20.png\" alt=\"\" width=\"122\" height=\"114\" \/><\/a>Il volontariato piange De Simoi<\/strong><\/p>\n<\/blockquote>\n<p data-start=\"39\" data-end=\"340\" data-is-last-node=\"\" data-is-only-node=\"\"><strong>PONTE NELLE ALPI \u2013<\/strong> Giovanni De Simoi, storico leader del volontariato, \u00e8 morto a 85 anni. Ex dipendente Enel e sindacalista, ha guidato l&#8217;Aics di Ponte nelle Alpi, trasformandola nel Circolo Astra. Nel 2010 ha donato una sala multimediale al Centro Servizi. I funerali si terranno il 6 marzo a Polpet.<\/p>\n<p data-start=\"936\" data-end=\"1310\" data-is-last-node=\"\" data-is-only-node=\"\">\n<\/div>\n<\/div>\n<\/div>\n<hr \/>\n<p>&nbsp;<\/p>\n<blockquote>\n<h3>FUTURO DEL FONDO GRANDI EVENTI: SCONTRO IN CONSIGLIO PROVINCIALE<\/h3>\n<\/blockquote>\n<p><strong><a class=\"dt-pswp-item\" href=\"https:\/\/www.radiopiu.net\/wordpress\/wp-content\/uploads\/2025\/03\/c0d45c6f-ce9e-41c3-9fbf-773d3f42bb40-scaled.jpg\" data-dt-img-description=\"\" data-large_image_width=\"2560\" data-large_image_height=\"1920\"><img loading=\"lazy\" decoding=\"async\" class=\" wp-image-437887 alignleft\" src=\"https:\/\/www.radiopiu.net\/wordpress\/wp-content\/uploads\/2025\/03\/c0d45c6f-ce9e-41c3-9fbf-773d3f42bb40-300x225.jpg\" alt=\"\" width=\"200\" height=\"150\" srcset=\"https:\/\/www.radiopiu.net\/wordpress\/wp-content\/uploads\/2025\/03\/c0d45c6f-ce9e-41c3-9fbf-773d3f42bb40-300x225.jpg 300w, https:\/\/www.radiopiu.net\/wordpress\/wp-content\/uploads\/2025\/03\/c0d45c6f-ce9e-41c3-9fbf-773d3f42bb40-1024x768.jpg 1024w, https:\/\/www.radiopiu.net\/wordpress\/wp-content\/uploads\/2025\/03\/c0d45c6f-ce9e-41c3-9fbf-773d3f42bb40-768x576.jpg 768w, https:\/\/www.radiopiu.net\/wordpress\/wp-content\/uploads\/2025\/03\/c0d45c6f-ce9e-41c3-9fbf-773d3f42bb40-1536x1152.jpg 1536w, https:\/\/www.radiopiu.net\/wordpress\/wp-content\/uploads\/2025\/03\/c0d45c6f-ce9e-41c3-9fbf-773d3f42bb40-2048x1536.jpg 2048w\" sizes=\"auto, (max-width: 200px) 100vw, 200px\" \/><\/a>BELLUNO\u00a0<\/strong>Scintille in consiglio provinciale per la mozione presentata dal Gruppo Futura \u2013 Centrosinistra Bellunese che chiedeva la convocazione dell&#8217;assemblea dei sindaci per definire una strategia condivisa sull&#8217;utilizzo del Fondo Grandi Eventi.<\/p>\n<p><strong>DI DANIELE DALVIT<\/strong><\/p>\n<audio class=\"wp-audio-shortcode\" id=\"audio-437750-7\" preload=\"none\" style=\"width: 100%;\" controls=\"controls\"><source type=\"audio\/mpeg\" src=\"https:\/\/www.radiopiu.net\/wordpress\/wp-content\/uploads\/2025\/03\/Servizio-Consiglio-provinciale-Mozione-grandi-eventi.mp3?_=7\" \/><a href=\"https:\/\/www.radiopiu.net\/wordpress\/wp-content\/uploads\/2025\/03\/Servizio-Consiglio-provinciale-Mozione-grandi-eventi.mp3\">https:\/\/www.radiopiu.net\/wordpress\/wp-content\/uploads\/2025\/03\/Servizio-Consiglio-provinciale-Mozione-grandi-eventi.mp3<\/a><\/audio>\n<p>&nbsp;<\/p>\n<hr \/>\n<p>&nbsp;<\/p>\n<blockquote>\n<h3>TAVOLO DI MONITORAGGIO INNOVATEK DI LONGARONE. PROSEGUE IL PIANO DI RILANCIO DELL&#8217;AZIENDA<\/h3>\n<\/blockquote>\n<p><strong><a class=\"dt-pswp-item\" href=\"https:\/\/www.radiopiu.net\/wordpress\/wp-content\/uploads\/2025\/03\/Innovatek-riduzione-dimensione-1-1.jpg\" data-dt-img-description=\"\" data-large_image_width=\"2560\" data-large_image_height=\"1191\"><img loading=\"lazy\" decoding=\"async\" class=\" wp-image-437916 alignleft\" src=\"https:\/\/www.radiopiu.net\/wordpress\/wp-content\/uploads\/2025\/03\/Innovatek-riduzione-dimensione-1-1-300x140.jpg\" alt=\"\" width=\"201\" height=\"94\" srcset=\"https:\/\/www.radiopiu.net\/wordpress\/wp-content\/uploads\/2025\/03\/Innovatek-riduzione-dimensione-1-1-300x140.jpg 300w, https:\/\/www.radiopiu.net\/wordpress\/wp-content\/uploads\/2025\/03\/Innovatek-riduzione-dimensione-1-1-1024x476.jpg 1024w, https:\/\/www.radiopiu.net\/wordpress\/wp-content\/uploads\/2025\/03\/Innovatek-riduzione-dimensione-1-1-768x357.jpg 768w, https:\/\/www.radiopiu.net\/wordpress\/wp-content\/uploads\/2025\/03\/Innovatek-riduzione-dimensione-1-1-1536x715.jpg 1536w, https:\/\/www.radiopiu.net\/wordpress\/wp-content\/uploads\/2025\/03\/Innovatek-riduzione-dimensione-1-1-2048x953.jpg 2048w\" sizes=\"auto, (max-width: 201px) 100vw, 201px\" \/><\/a>VENEZIA<\/strong> Si \u00e8 tenuto il tavolo di monitoraggio sulla reindustrializzazione dell\u2019ex Safilo di Longarone, acquisito da Innovatek nell\u2019ottobre 2023. L\u2019incontro, coordinato da Veneto Lavoro, ha coinvolto Regione, azienda e sindacati. Innovatek ha investito 7,2 milioni di euro, diversificando dalla sola occhialeria alla meccatronica. Attualmente, l\u2019azienda conta 163 lavoratori: 61 operativi, 46 previsti in rientro entro fine anno, 19 prossimi alla pensione e 27 in attesa di sviluppi. L\u2019azienda ha confermato l\u2019obiettivo di evitare licenziamenti. Previsti incontri mensili con i sindacati e un nuovo tavolo regionale il 4 giugno.<\/p>\n<p>&nbsp;<\/p>\n<p>&nbsp;<\/p>\n<hr \/>\n<p>&nbsp;<\/p>\n<blockquote>\n<h3>DAL CONSIGLIO PROVINCIALE VIA LIBERA ALLA CONVENZIONE CON LE UNIONI MONTANE PER I CONTRIBUTI DI DIFESA DEL SUOLO<\/h3>\n<\/blockquote>\n<p><strong><a class=\"dt-pswp-item\" href=\"https:\/\/www.radiopiu.net\/wordpress\/wp-content\/uploads\/2020\/06\/palazzo_piloni_belluno.jpg\" data-dt-img-description=\"\" data-large_image_width=\"1000\" data-large_image_height=\"667\"><img loading=\"lazy\" decoding=\"async\" class=\" wp-image-144771 alignleft\" src=\"https:\/\/www.radiopiu.net\/wordpress\/wp-content\/uploads\/2020\/06\/palazzo_piloni_belluno-300x200.jpg\" alt=\"\" width=\"198\" height=\"132\" srcset=\"https:\/\/www.radiopiu.net\/wordpress\/wp-content\/uploads\/2020\/06\/palazzo_piloni_belluno-300x200.jpg 300w, https:\/\/www.radiopiu.net\/wordpress\/wp-content\/uploads\/2020\/06\/palazzo_piloni_belluno-768x512.jpg 768w, https:\/\/www.radiopiu.net\/wordpress\/wp-content\/uploads\/2020\/06\/palazzo_piloni_belluno.jpg 1000w\" sizes=\"auto, (max-width: 198px) 100vw, 198px\" \/><\/a>BELLUNO <\/strong>Il consiglio provinciale ha approvato all\u2019unanimit\u00e0 uno schema di convenzione con le Unioni Montane per l\u2019utilizzo di 2 milioni di euro destinati a interventi di difesa idrogeologica e idraulica. Le risorse saranno ripartite tra le Um in base a criteri come altimetria, popolazione e spopolamento. Per le Um commissariate o in scioglimento, i fondi resteranno congelati con possibilit\u00e0 di interventi diretti da parte della Provincia. \u00c8 stato inoltre formalizzato il subentro della Provincia in alcune funzioni della Valboite, tra cui la regolamentazione della raccolta funghi. Il consiglio ha rinunciato a due schede progettuali finanziate dal Fondo Comuni Confinanti: la ristrutturazione della ex caserma di Lamon (1 milione di euro) e la valorizzazione turistica della Val Boite e Val di Landro (7,5 milioni di euro), dirottando le risorse sulla messa in sicurezza del territorio. Approvata una somma urgenza di 50mila euro per la stabilizzazione di un terrapieno a San Liberale (Belluno), necessario dopo le recenti piogge per prevenire crolli di massi su abitazioni.<\/p>\n<p>&nbsp;<\/p>\n<p>&nbsp;<\/p>\n<hr \/>\n<p>&nbsp;<\/p>\n<blockquote>\n<h2>La Valutazione di Incidenza Ambientale: una burocrazia soffocante che solo l&#8217;autonomia potr\u00e0 risolvere<\/h2>\n<\/blockquote>\n<p>La complessit\u00e0 della normativa sulla Valutazione di Incidenza Ambientale (Vinca) crea difficolt\u00e0 in Veneto, legate all\u2019adeguamento alle linee guida nazionali. L\u2019assessore Bottacin denuncia l\u2019approccio restrittivo e chiede autonomia per semplificare le normative, soprattutto per adattarle alle specificit\u00e0 territoriali. Chiede anche il sostegno di Dario Bond per accelerare il processo.<\/p>\n<p><strong>L&#8217;ASSESSORE GIANPAOLO BOTTACIN<\/strong><\/p>\n<div style=\"width: 848px;\" class=\"wp-video\"><video class=\"wp-video-shortcode\" id=\"video-437750-1\" width=\"848\" height=\"478\" preload=\"metadata\" controls=\"controls\"><source type=\"video\/mp4\" src=\"https:\/\/www.radiopiu.net\/wordpress\/wp-content\/uploads\/2025\/03\/WhatsApp-Video-2025-03-04-at-14.02.12-1.mp4?_=1\" \/><a href=\"https:\/\/www.radiopiu.net\/wordpress\/wp-content\/uploads\/2025\/03\/WhatsApp-Video-2025-03-04-at-14.02.12-1.mp4\">https:\/\/www.radiopiu.net\/wordpress\/wp-content\/uploads\/2025\/03\/WhatsApp-Video-2025-03-04-at-14.02.12-1.mp4<\/a><\/video><\/div>\n<p>&nbsp;<\/p>\n<p><strong>ANDREA DE BERNARDIN SEGRETARIO LEGA NORD BELLUNO<\/strong><\/p>\n<p>&nbsp;<\/p>\n<div style=\"width: 848px;\" class=\"wp-video\"><video class=\"wp-video-shortcode\" id=\"video-437750-2\" width=\"848\" height=\"478\" preload=\"metadata\" controls=\"controls\"><source type=\"video\/mp4\" src=\"https:\/\/www.radiopiu.net\/wordpress\/wp-content\/uploads\/2025\/03\/WhatsApp-Video-2025-03-04-at-14.27.49.mp4?_=2\" \/><a href=\"https:\/\/www.radiopiu.net\/wordpress\/wp-content\/uploads\/2025\/03\/WhatsApp-Video-2025-03-04-at-14.27.49.mp4\">https:\/\/www.radiopiu.net\/wordpress\/wp-content\/uploads\/2025\/03\/WhatsApp-Video-2025-03-04-at-14.27.49.mp4<\/a><\/video><\/div>\n<p>&nbsp;<\/p>\n<p>&nbsp;<\/p>\n<p>&nbsp;<\/p>\n<hr \/>\n<p>&nbsp;<\/p>\n<blockquote>\n<h3>IMPLEMENTAZIONE DELL&#8217;ORTOPEDIA DELL&#8217;OSPEDALE DI PIEVE DI CADORE<\/h3>\n<\/blockquote>\n<p><a class=\"dt-pswp-item\" href=\"https:\/\/www.radiopiu.net\/wordpress\/wp-content\/uploads\/2020\/06\/OSPEDALE-PIEVE.jpg\" data-dt-img-description=\"\" data-large_image_width=\"512\" data-large_image_height=\"384\"><img loading=\"lazy\" decoding=\"async\" class=\" wp-image-142729 alignleft\" src=\"https:\/\/www.radiopiu.net\/wordpress\/wp-content\/uploads\/2020\/06\/OSPEDALE-PIEVE-300x225.jpg\" alt=\"\" width=\"144\" height=\"108\" srcset=\"https:\/\/www.radiopiu.net\/wordpress\/wp-content\/uploads\/2020\/06\/OSPEDALE-PIEVE-300x225.jpg 300w, https:\/\/www.radiopiu.net\/wordpress\/wp-content\/uploads\/2020\/06\/OSPEDALE-PIEVE.jpg 512w\" sizes=\"auto, (max-width: 144px) 100vw, 144px\" \/><\/a>Le nostre notizie di carattere sanitario oggi si dirigono verso l&#8217; ospedale di Pieve di Cadore per il quale \u00e8 emersa la volont\u00e0 di implementare l&#8217;attivit\u00e0 anche per quanto riguarda l&#8217;ortopedia. Sentiamo le parole del primario di ortopedia dell&#8217;ospedale San Martino di Belluno, Corrado D&#8217;Antimo e del commissario dell&#8217;Ulss Dolomiti, Giuseppe Dal Ben.<\/p>\n<p><strong>DI BARBARA PAOLAZZI<\/strong><\/p>\n<audio class=\"wp-audio-shortcode\" id=\"audio-437750-8\" preload=\"none\" style=\"width: 100%;\" controls=\"controls\"><source type=\"audio\/mpeg\" src=\"https:\/\/www.radiopiu.net\/wordpress\/wp-content\/uploads\/2025\/03\/PAOLAZZI-ORTOPEDIA-PIEVE-DI-Cadore.mp3?_=8\" \/><a href=\"https:\/\/www.radiopiu.net\/wordpress\/wp-content\/uploads\/2025\/03\/PAOLAZZI-ORTOPEDIA-PIEVE-DI-Cadore.mp3\">https:\/\/www.radiopiu.net\/wordpress\/wp-content\/uploads\/2025\/03\/PAOLAZZI-ORTOPEDIA-PIEVE-DI-Cadore.mp3<\/a><\/audio>\n<p>&nbsp;<\/p>\n<p>&nbsp;<\/p>\n<h1 class=\"_title post-title entry-title\">SANTO STEFANO DI CADORE | SPOPOLAMENTO, INVECCHIAMENTO E INDICE DI MORTALITA\u2019 PREOCCUPANO<\/h1>\n<p>\u2013 Intervistati AMEDEO BUZZO (COORDINATORE PROGETTO \u201cCOMELICO IN SALUTE\u201d), GIUSEPPE DAL BEN (COMMISSARIO STRAORDINARIO ULSS 1 DOLOMITI), ALESSANDRA BUJA (PROFESSORE UNIVERSITA\u2019 PADOVA) (Servizio di\u00a0<a href=\"https:\/\/antennatre.medianordest.it\/redazione\/Fabio-Fioravanzi\/\">Fabio Fioravanzi<\/a>)<\/p>\n<p><iframe loading=\"lazy\" title=\"SPOPOLAMENTO, INVECCHIAMENTO E INDICE DI MORTALITA&#039; PREOCCUPANO | 04\/03\/2025\" width=\"1200\" height=\"675\" src=\"https:\/\/www.youtube.com\/embed\/Ezk48gz3oQw?feature=oembed\" frameborder=\"0\" allow=\"accelerometer; autoplay; clipboard-write; encrypted-media; gyroscope; picture-in-picture; web-share\" referrerpolicy=\"strict-origin-when-cross-origin\" allowfullscreen><\/iframe><\/p>\n<p>&nbsp;<\/p>\n<hr \/>\n<p>&nbsp;<\/p>\n<blockquote>\n<h3>NOVITA&#8217; ALL&#8217;OSPEDALE DI AGORDO<\/h3>\n<\/blockquote>\n<p><strong>AGORDO <\/strong>A partire da luned\u00ec 3 marzo la sede del Servizio Igiene e Sanit\u00e0 Pubblica (SISP) di Agordo \u00e8 stata trasferita al primo piano del blocco F dell\u2019Ospedale di Agordo &#8211; ex Palazzina Anziani Inabili (entrata fronte portineria). Resta invariato il numero di telefono per gli utenti che potranno contattare il servizio SISP chiamando il numero 0437 645235 dal luned\u00ec al venerd\u00ec dalle 9.00 alle 12.00 (e-mail: sisp.ag@aulss1.veneto.it).<\/p>\n<p>&nbsp;<\/p>\n<p>&nbsp;<\/p>\n<hr \/>\n<p>&nbsp;<\/p>\n<blockquote>\n<h3 data-start=\"0\" data-end=\"75\"><strong data-start=\"4\" data-end=\"73\">Convocazione del Consiglio Comunale: seduta ordinaria il 10 marzo<\/strong><\/h3>\n<\/blockquote>\n<p data-start=\"77\" data-end=\"233\"><strong><a class=\"dt-pswp-item\" href=\"https:\/\/www.radiopiu.net\/wordpress\/wp-content\/uploads\/2023\/07\/MUNICIPIO-VOLTAGO.jpeg\" data-dt-img-description=\"\" data-large_image_width=\"1504\" data-large_image_height=\"1116\"><img loading=\"lazy\" decoding=\"async\" class=\" wp-image-344319 alignleft\" src=\"https:\/\/www.radiopiu.net\/wordpress\/wp-content\/uploads\/2023\/07\/MUNICIPIO-VOLTAGO-300x223.jpeg\" alt=\"\" width=\"200\" height=\"149\" srcset=\"https:\/\/www.radiopiu.net\/wordpress\/wp-content\/uploads\/2023\/07\/MUNICIPIO-VOLTAGO-300x223.jpeg 300w, https:\/\/www.radiopiu.net\/wordpress\/wp-content\/uploads\/2023\/07\/MUNICIPIO-VOLTAGO-1024x760.jpeg 1024w, https:\/\/www.radiopiu.net\/wordpress\/wp-content\/uploads\/2023\/07\/MUNICIPIO-VOLTAGO-768x570.jpeg 768w, https:\/\/www.radiopiu.net\/wordpress\/wp-content\/uploads\/2023\/07\/MUNICIPIO-VOLTAGO.jpeg 1504w\" sizes=\"auto, (max-width: 200px) 100vw, 200px\" \/><\/a>VOLTAGO<\/strong>\u00a0 Il Sindaco, Giuseppe Schena, rende noto che il Consiglio Comunale \u00e8 convocato in seduta ordinaria luned\u00ec 10 marzo 2025 alle\u00a0 18\u00a0 nella Sala Civica \u201cGianni De Col\u201d.<\/p>\n<p data-start=\"235\" data-end=\"524\">L\u2019ordine del giorno prevede, tra i punti principali, l\u2019approvazione dei verbali della seduta precedente, la sanatoria di un errore materiale relativo alla sede di una precedente convocazione e l\u2019approvazione di un accordo di programma per il ripristino ecologico di torbiere e risorgive. Saranno inoltre discussi il riconoscimento di debiti fuori bilancio per interventi urgenti dovuti a eventi atmosferici e incendi, oltre all\u2019approvazione del bilancio di previsione 2025-2027. Infine, verranno comunicate delibere di Giunta relative a prelevamenti dal fondo di riserva.<\/p>\n<p>&nbsp;<\/p>\n<p>&nbsp;<\/p>\n<hr \/>\n<p>&nbsp;<\/p>\n<h1 class=\"_title post-title entry-title\">BELLUNO | ASSEMBLEA DEI SINDACI PER I GRANDI EVENTI, IL CONSIGLIO PROVINCIALE VOTA NO<\/h1>\n<p>SINDI MANUSHI (CAPOGRUPPO \u201cFUTURA CENTRO SINISTRA BELLUNESE\u201d), ROBERTO PADRIN (PRESIDENTE PROVINCIA DI BELLUNO) (Servizio di\u00a0<a href=\"https:\/\/antennatre.medianordest.it\/redazione\/Tiziana-Bolognani\/\">Tiziana Bolognani<\/a>)<\/p>\n<p><iframe loading=\"lazy\" title=\"ASSEMBLEA DEI SINDACI PER I GRANDI EVENTI, IL CONSIGLIO PROVINCIALE VOTA NO   | 04\/03\/2025\" width=\"1200\" height=\"675\" src=\"https:\/\/www.youtube.com\/embed\/Dcyq_K4dpA4?feature=oembed\" frameborder=\"0\" allow=\"accelerometer; autoplay; clipboard-write; encrypted-media; gyroscope; picture-in-picture; web-share\" referrerpolicy=\"strict-origin-when-cross-origin\" allowfullscreen><\/iframe><\/p>\n<p>&nbsp;<\/p>\n<p>&nbsp;<\/p>\n<hr \/>\n<p>&nbsp;<\/p>\n<blockquote>\n<h3>BELLUNO, FELTRE E LONGARONE ASSIEME PER PROMUOVERE I LUOGHI DEL FAI<\/h3>\n<\/blockquote>\n<p><strong><a class=\"dt-pswp-item\" href=\"https:\/\/www.radiopiu.net\/wordpress\/wp-content\/uploads\/2025\/03\/luoghi-del-cuore-FAI-scaled.jpg\" data-dt-img-description=\"\" data-large_image_width=\"2560\" data-large_image_height=\"1920\"><img loading=\"lazy\" decoding=\"async\" class=\" wp-image-437909 alignleft\" src=\"https:\/\/www.radiopiu.net\/wordpress\/wp-content\/uploads\/2025\/03\/luoghi-del-cuore-FAI-300x225.jpg\" alt=\"\" width=\"181\" height=\"136\" srcset=\"https:\/\/www.radiopiu.net\/wordpress\/wp-content\/uploads\/2025\/03\/luoghi-del-cuore-FAI-300x225.jpg 300w, https:\/\/www.radiopiu.net\/wordpress\/wp-content\/uploads\/2025\/03\/luoghi-del-cuore-FAI-1024x768.jpg 1024w, https:\/\/www.radiopiu.net\/wordpress\/wp-content\/uploads\/2025\/03\/luoghi-del-cuore-FAI-768x576.jpg 768w, https:\/\/www.radiopiu.net\/wordpress\/wp-content\/uploads\/2025\/03\/luoghi-del-cuore-FAI-1536x1152.jpg 1536w, https:\/\/www.radiopiu.net\/wordpress\/wp-content\/uploads\/2025\/03\/luoghi-del-cuore-FAI-2048x1536.jpg 2048w\" sizes=\"auto, (max-width: 181px) 100vw, 181px\" \/><\/a>BELLUNO <\/strong>La Delegazione FAI di Belluno, la Provincia e i comuni di Belluno, Feltre e Longarone hanno lanciato una campagna congiunta per i Luoghi del Cuore, il programma del FAI che tutela siti storici e paesaggistici. L&#8217;iniziativa punta su tre luoghi simbolo: il Ponte della Vittoria di Belluno, il Castello di Alboino a Feltre e la Foresta di Cajada a Longarone. Per la prima volta, le amministrazioni comunali sono direttamente coinvolte nella promozione del voto. Il capo delegazione FAI, Adriano Barcelloni Corte, ha evidenziato che, unendo le forze, il territorio pu\u00f2 raggiungere risultati importanti, come dimostrato dal successo di Gallipoli. Si pu\u00f2 votare fino al 10 aprile online o tramite moduli cartacei. I tre siti pi\u00f9 votati riceveranno un contributo, mentre chi supera 2.500 voti potr\u00e0 partecipare a un bando per finanziamenti. Le istituzioni locali sottolineano l\u2019importanza del FAI nel valorizzare il patrimonio culturale e paesaggistico, rafforzando l\u2019identit\u00e0 del territorio.<\/p>\n<p>&nbsp;<\/p>\n<p>&nbsp;<\/p>\n<hr \/>\n<p>&nbsp;<\/p>\n<blockquote>\n<h1><a class=\"dt-pswp-item\" href=\"https:\/\/www.radiopiu.net\/wordpress\/wp-content\/uploads\/2025\/03\/foto-3_da-sx-Facchinelli-Saviane-Zandonella-Da-Boit-e-il-Sindaco-Alberto-P.eterle.jpg\" data-dt-img-description=\"\" data-large_image_width=\"1600\" data-large_image_height=\"1200\"><img loading=\"lazy\" decoding=\"async\" class=\"size-medium wp-image-437821 alignleft\" src=\"https:\/\/www.radiopiu.net\/wordpress\/wp-content\/uploads\/2025\/03\/foto-3_da-sx-Facchinelli-Saviane-Zandonella-Da-Boit-e-il-Sindaco-Alberto-P.eterle-300x225.jpg\" alt=\"\" width=\"300\" height=\"225\" srcset=\"https:\/\/www.radiopiu.net\/wordpress\/wp-content\/uploads\/2025\/03\/foto-3_da-sx-Facchinelli-Saviane-Zandonella-Da-Boit-e-il-Sindaco-Alberto-P.eterle-300x225.jpg 300w, https:\/\/www.radiopiu.net\/wordpress\/wp-content\/uploads\/2025\/03\/foto-3_da-sx-Facchinelli-Saviane-Zandonella-Da-Boit-e-il-Sindaco-Alberto-P.eterle-1024x768.jpg 1024w, https:\/\/www.radiopiu.net\/wordpress\/wp-content\/uploads\/2025\/03\/foto-3_da-sx-Facchinelli-Saviane-Zandonella-Da-Boit-e-il-Sindaco-Alberto-P.eterle-768x576.jpg 768w, https:\/\/www.radiopiu.net\/wordpress\/wp-content\/uploads\/2025\/03\/foto-3_da-sx-Facchinelli-Saviane-Zandonella-Da-Boit-e-il-Sindaco-Alberto-P.eterle-1536x1152.jpg 1536w, https:\/\/www.radiopiu.net\/wordpress\/wp-content\/uploads\/2025\/03\/foto-3_da-sx-Facchinelli-Saviane-Zandonella-Da-Boit-e-il-Sindaco-Alberto-P.eterle.jpg 1600w\" sizes=\"auto, (max-width: 300px) 100vw, 300px\" \/><\/a>Premio Architettura Citt\u00e0 di Oderzo: il Comune celebra i vincitori<\/h1>\n<\/blockquote>\n<p><strong>ALPAGO<\/strong><\/p>\n<div class=\"flex max-w-full flex-col flex-grow\">\n<div class=\"min-h-8 text-message relative flex w-full flex-col items-end gap-2 whitespace-normal break-words text-start [.text-message+&amp;]:mt-5\" dir=\"auto\" data-message-author-role=\"assistant\" data-message-id=\"55ee77c2-0d1c-41fd-a627-e0831b904038\" data-message-model-slug=\"gpt-4o\">\n<div class=\"flex w-full flex-col gap-1 empty:hidden first:pt-[3px]\">\n<div class=\"markdown prose w-full break-words dark:prose-invert dark\">\n<p data-start=\"124\" data-end=\"537\">Lo studio di architettura Facchinelli Daboit Saviane si aggiudica il prestigioso Premio Architettura Citt\u00e0 di Oderzo per il progetto della scuola secondaria di primo grado di Puos d\u2019Alpago. Dopo l\u2019inaugurazione dell\u2019opera lo scorso 7 settembre, arriva ora un ulteriore riconoscimento per un edificio che rappresenta un simbolo di qualit\u00e0 architettonica e di impegno per il territorio. La cerimonia di premiazione si \u00e8 svolta sabato 1\u00b0 marzo a Palazzo Foscolo a Oderzo, alla presenza del sindaco di Alpago, Alberto Peterle, e del responsabile dei Lavori Pubblici, Luca Facchin. Il Premio, istituito nel 1997, promuove la qualit\u00e0 architettonica e la valorizzazione degli spazi urbani, premiando progetti che migliorano la qualit\u00e0 della vita. L\u2019edificio scolastico, realizzato con un investimento di oltre 4,3 milioni di euro, combina funzionalit\u00e0 ed estetica, grazie all\u2019uso di cemento prefabbricato e un\u2019architettura pensata per favorire la socialit\u00e0. Il Comune ha annunciato anche l\u2019avvio imminente dei lavori per una nuova mensa scolastica, finanziata tramite il PNRR.<\/p>\n<p data-start=\"124\" data-end=\"537\">\n<\/div>\n<\/div>\n<\/div>\n<\/div>\n<hr \/>\n<p>&nbsp;<\/p>\n<p>&nbsp;<\/p>\n<div class=\"page-title-head hgroup\">\n<h1 class=\"entry-title\">SKATEPARK A BELLUNO, LEGA v\/s GEN<\/h1>\n<\/div>\n<div class=\"page-title-breadcrumbs\"><\/div>\n<p><strong>BELLUNO<\/strong> Pare proprio che i giovani si trovino invischiati nella polemica politica, stamane i giovani leghisti sono usciti allo scoperto tra l&#8217;altro ricordando le amicizie con la maggioranza in consiglio comunale. Ora a ribadire che &#8220;noi siamo sul pezzo&#8221; ci pensa Luigi Filippo Daniele di Generazione Europa LIberal Democratici. Per i giovani una prima lezione di vita&#8230; di come funziona<\/p>\n<blockquote>\n<p data-start=\"0\" data-end=\"60\"><strong data-start=\"0\" data-end=\"58\">La Lega Giovani per uno skatepark sicuro e accessibile<\/strong><\/p>\n<\/blockquote>\n<p data-start=\"62\" data-end=\"413\"><strong><a class=\"dt-pswp-item\" href=\"https:\/\/www.radiopiu.net\/wordpress\/wp-content\/uploads\/2025\/03\/IMG_1487-min-scaled.jpeg\" data-dt-img-description=\"\" data-large_image_width=\"1707\" data-large_image_height=\"2560\"><img loading=\"lazy\" decoding=\"async\" class=\" wp-image-437813 alignleft\" src=\"https:\/\/www.radiopiu.net\/wordpress\/wp-content\/uploads\/2025\/03\/IMG_1487-min-200x300.jpeg\" alt=\"\" width=\"94\" height=\"141\" srcset=\"https:\/\/www.radiopiu.net\/wordpress\/wp-content\/uploads\/2025\/03\/IMG_1487-min-200x300.jpeg 200w, https:\/\/www.radiopiu.net\/wordpress\/wp-content\/uploads\/2025\/03\/IMG_1487-min-683x1024.jpeg 683w, https:\/\/www.radiopiu.net\/wordpress\/wp-content\/uploads\/2025\/03\/IMG_1487-min-768x1152.jpeg 768w, https:\/\/www.radiopiu.net\/wordpress\/wp-content\/uploads\/2025\/03\/IMG_1487-min-1024x1536.jpeg 1024w, https:\/\/www.radiopiu.net\/wordpress\/wp-content\/uploads\/2025\/03\/IMG_1487-min-1365x2048.jpeg 1365w, https:\/\/www.radiopiu.net\/wordpress\/wp-content\/uploads\/2025\/03\/IMG_1487-min-scaled.jpeg 1707w\" sizes=\"auto, (max-width: 94px) 100vw, 94px\" \/><\/a>BELLUNO\u00a0<\/strong> La richiesta di uno skatepark a Belluno sta raccogliendo sempre pi\u00f9 consensi, grazie a una petizione e una raccolta firme promosse dai cittadini. La Lega Giovani, attenta alle esigenze delle nuove generazioni, ha avviato un confronto diretto con l\u2019amministrazione comunale (la Lega \u00e8 parte integrante della maggioranza) per trasformare questa richiesta in un progetto concreto. Durante un recente incontro con l\u2019assessore competente, \u00e8 stato ribadito che la creazione dello skatepark \u00e8 una priorit\u00e0 per l\u2019amministrazione fin dall\u2019inizio della consiliatura. La Lega Giovani sostiene l\u2019individuazione di un\u2019area centrale, ben servita e facilmente accessibile, per garantire sicurezza e massima fruibilit\u00e0 ai giovani skater. Un\u2019ubicazione pi\u00f9 vicina al centro favorirebbe anche un monitoraggio costante da parte delle autorit\u00e0, rendendo lo skatepark un luogo sicuro e vivace.<\/p>\n<blockquote><p><em>&#8220;Il nostro movimento &#8211; dice Marco Donno, coordinatore Lega Giovani Belluno (foto) &#8211;\u00a0 continuer\u00e0 a lavorare affinch\u00e9 Belluno possa dotarsi di uno skatepark moderno e funzionale, rispondendo alle esigenze dei giovani e della comunit\u00e0, in un dialogo costante e collaborativo con l\u2019amministrazione comunale. <\/em><em>In quest\u2019ottica rimaniamo aperti ad ogni possibile confronto o dialogo con le varie realt\u00e0 cittadine&#8221;.\u00a0<\/em><\/p><\/blockquote>\n<p>&nbsp;<\/p>\n<blockquote>\n<h3>PER LO SKATE PARK LE 400 FIRME SONO STATE RACCOLTE DAI GEL<\/h3>\n<\/blockquote>\n<blockquote><p><strong data-start=\"0\" data-end=\"70\"><a class=\"dt-pswp-item\" href=\"https:\/\/www.radiopiu.net\/wordpress\/wp-content\/uploads\/2025\/03\/Senza-nome-16.png\" data-dt-img-description=\"\" data-large_image_width=\"385\" data-large_image_height=\"378\"><img loading=\"lazy\" decoding=\"async\" class=\" wp-image-437852 alignleft\" src=\"https:\/\/www.radiopiu.net\/wordpress\/wp-content\/uploads\/2025\/03\/Senza-nome-16-300x295.png\" alt=\"\" width=\"131\" height=\"129\" srcset=\"https:\/\/www.radiopiu.net\/wordpress\/wp-content\/uploads\/2025\/03\/Senza-nome-16-300x295.png 300w, https:\/\/www.radiopiu.net\/wordpress\/wp-content\/uploads\/2025\/03\/Senza-nome-16.png 385w\" sizes=\"auto, (max-width: 131px) 100vw, 131px\" \/><\/a>Mobilitazione per lo Skatepark a Belluno: oltre 400 firme raccolte<\/strong><\/p><\/blockquote>\n<p data-start=\"72\" data-end=\"809\" data-is-last-node=\"\" data-is-only-node=\"\">Continua la raccolta firme per la realizzazione di uno Skatepark a Belluno, promossa da Alessio Buzzo e dal gruppo Generazione Europa Liberali Democratici Bellunesi (GEL). In due sabati sono state raccolte oltre 400 adesioni, a testimonianza dell&#8217;interesse, soprattutto tra i giovani, per uno spazio dedicato agli sport urbani. Sabato prossimo, i promotori saranno nuovamente in piazza dei Martiri dalle 9 alle 17 per raccogliere altre firme e sensibilizzare la comunit\u00e0 e le istituzioni. Nonostante l&#8217;appoggio della Lega Giovani, gli organizzatori lamentano il silenzio dell\u2019assessore Olivotto, che non ha dato seguito alle richieste di incontro. I promotori ribadiscono la necessit\u00e0 di un dialogo per trasformare il progetto in realt\u00e0.<\/p>\n<p>&nbsp;<\/p>\n<p>&nbsp;<\/p>\n<hr \/>\n<p>&nbsp;<\/p>\n<blockquote>\n<h2>Al via il cantiere in via Col Cavalier: riqualificazione e messa in sicurezza<\/h2>\n<\/blockquote>\n<p><strong>BELLUNO<\/strong><\/p>\n<p>Sono iniziati luned\u00ec i lavori di riqualificazione in via Col Cavalier, che comprendono l&#8217;abbattimento e il rifacimento di un muretto di contenimento reso instabile dalle piogge del 2024. L&#8217;intervento, finanziato con 35 mila euro di fondi comunali, \u00e8 eseguito dalla ditta Lucchet Gino e figli e dovrebbe concludersi in circa due settimane, tempo permettendo. Il sindaco Oscar De Pellegrin ha sottolineato che il progetto fa parte di un ampio piano di sistemazione della via, che include anche un intervento della Provincia per la riqualificazione delle carreggiate e la messa in sicurezza della strada. Durante i lavori, il traffico sar\u00e0 regolato da un senso unico alternato.<\/p>\n\n\t\t\t<style type='text\/css'>\n\t\t\t\t#gallery-1 {\n\t\t\t\t\tmargin: auto;\n\t\t\t\t}\n\t\t\t\t#gallery-1 .gallery-item {\n\t\t\t\t\tfloat: left;\n\t\t\t\t\tmargin-top: 10px;\n\t\t\t\t\ttext-align: center;\n\t\t\t\t\twidth: 25%;\n\t\t\t\t}\n\t\t\t\t#gallery-1 img {\n\t\t\t\t\tborder: 2px solid #cfcfcf;\n\t\t\t\t}\n\t\t\t\t#gallery-1 .gallery-caption {\n\t\t\t\t\tmargin-left: 0;\n\t\t\t\t}\n\t\t\t\t\/* see gallery_shortcode() in wp-includes\/media.php *\/\n\t\t\t<\/style>\n\t\t<div id='gallery-1' class='dt-gallery-container gallery galleryid-437750 gallery-columns-4 gallery-size-thumbnail'><dl class='gallery-item'>\n\t\t\t\t<dt class='gallery-icon portrait'>\n\t\t\t\t\t<a class=\"rollover rollover-zoom dt-pswp-item\" title=\"Cantiere via Col Cavalier_3\" data-dt-img-description=\"\" data-large_image_width=\"1200\" data-large_image_height=\"1600\"href='https:\/\/www.radiopiu.net\/wordpress\/wp-content\/uploads\/2025\/03\/Cantiere-via-Col-Cavalier_3.jpeg'><img loading=\"lazy\" decoding=\"async\" width=\"150\" height=\"150\" src=\"https:\/\/www.radiopiu.net\/wordpress\/wp-content\/uploads\/2025\/03\/Cantiere-via-Col-Cavalier_3-150x150.jpeg\" class=\"attachment-thumbnail size-thumbnail\" alt=\"\" \/><\/a>\n\t\t\t\t<\/dt><\/dl><dl class='gallery-item'>\n\t\t\t\t<dt class='gallery-icon landscape'>\n\t\t\t\t\t<a class=\"rollover rollover-zoom dt-pswp-item\" title=\"Cantiere via Col Cavalier\" data-dt-img-description=\"\" data-large_image_width=\"1600\" data-large_image_height=\"1200\"href='https:\/\/www.radiopiu.net\/wordpress\/wp-content\/uploads\/2025\/03\/Cantiere-via-Col-Cavalier.jpeg'><img loading=\"lazy\" decoding=\"async\" width=\"150\" height=\"150\" src=\"https:\/\/www.radiopiu.net\/wordpress\/wp-content\/uploads\/2025\/03\/Cantiere-via-Col-Cavalier-150x150.jpeg\" class=\"attachment-thumbnail size-thumbnail\" alt=\"\" \/><\/a>\n\t\t\t\t<\/dt><\/dl><dl class='gallery-item'>\n\t\t\t\t<dt class='gallery-icon landscape'>\n\t\t\t\t\t<a class=\"rollover rollover-zoom dt-pswp-item\" title=\"Cantiere via Col Cavalier_2\" data-dt-img-description=\"\" data-large_image_width=\"1600\" data-large_image_height=\"1200\"href='https:\/\/www.radiopiu.net\/wordpress\/wp-content\/uploads\/2025\/03\/Cantiere-via-Col-Cavalier_2.jpeg'><img loading=\"lazy\" decoding=\"async\" width=\"150\" height=\"150\" src=\"https:\/\/www.radiopiu.net\/wordpress\/wp-content\/uploads\/2025\/03\/Cantiere-via-Col-Cavalier_2-150x150.jpeg\" class=\"attachment-thumbnail size-thumbnail\" alt=\"\" \/><\/a>\n\t\t\t\t<\/dt><\/dl><dl class='gallery-item'>\n\t\t\t\t<dt class='gallery-icon landscape'>\n\t\t\t\t\t<a class=\"rollover rollover-zoom dt-pswp-item\" title=\"Cantiere via Col Cavalier_1\" data-dt-img-description=\"\" data-large_image_width=\"1600\" data-large_image_height=\"1200\"href='https:\/\/www.radiopiu.net\/wordpress\/wp-content\/uploads\/2025\/03\/Cantiere-via-Col-Cavalier_1.jpeg'><img loading=\"lazy\" decoding=\"async\" width=\"150\" height=\"150\" src=\"https:\/\/www.radiopiu.net\/wordpress\/wp-content\/uploads\/2025\/03\/Cantiere-via-Col-Cavalier_1-150x150.jpeg\" class=\"attachment-thumbnail size-thumbnail\" alt=\"\" \/><\/a>\n\t\t\t\t<\/dt><\/dl><br style=\"clear: both\" \/>\n\t\t\t<\/div>\n\n<p>&nbsp;<\/p>\n<blockquote>\n<h3><a class=\"dt-pswp-item\" href=\"https:\/\/www.radiopiu.net\/wordpress\/wp-content\/uploads\/2025\/03\/Senza-nome-8.png\" data-dt-img-description=\"\" data-large_image_width=\"241\" data-large_image_height=\"192\"><img loading=\"lazy\" decoding=\"async\" class=\"wp-image-437657 alignleft\" src=\"https:\/\/www.radiopiu.net\/wordpress\/wp-content\/uploads\/2025\/03\/Senza-nome-8.png\" alt=\"\" width=\"139\" height=\"111\" \/><\/a>Senso unico alternato in via Col Cavalier<\/h3>\n<\/blockquote>\n<p><strong>BELLUNO<\/strong> Fino \u00a0al 31 marzo, per consentire i lavori di ripristino di un tratto di muro di sostegno si rende necessaria l\u2019istituzione del senso unico alternato di circolazione regolato con semafori, o idoneo personale nei momenti di maggior traffico, in via Col Cavalier<\/p>\n<p>&nbsp;<\/p>\n<p>&nbsp;<\/p>\n<p>&nbsp;<\/p>\n<p>&nbsp;<\/p>\n<hr \/>\n<p>&nbsp;<\/p>\n<blockquote>\n<h2>DOMENICA IL CARNEVALE&#8230;DA CASTION A BELLUNO, IN CENTRO<\/h2>\n<\/blockquote>\n<p>&nbsp;<\/p>\n\n\t\t\t<style type='text\/css'>\n\t\t\t\t#gallery-2 {\n\t\t\t\t\tmargin: auto;\n\t\t\t\t}\n\t\t\t\t#gallery-2 .gallery-item {\n\t\t\t\t\tfloat: left;\n\t\t\t\t\tmargin-top: 10px;\n\t\t\t\t\ttext-align: center;\n\t\t\t\t\twidth: 33%;\n\t\t\t\t}\n\t\t\t\t#gallery-2 img {\n\t\t\t\t\tborder: 2px solid #cfcfcf;\n\t\t\t\t}\n\t\t\t\t#gallery-2 .gallery-caption {\n\t\t\t\t\tmargin-left: 0;\n\t\t\t\t}\n\t\t\t\t\/* see gallery_shortcode() in wp-includes\/media.php *\/\n\t\t\t<\/style>\n\t\t<div id='gallery-2' class='dt-gallery-container gallery galleryid-437750 gallery-columns-3 gallery-size-thumbnail'><dl class='gallery-item'>\n\t\t\t\t<dt class='gallery-icon portrait'>\n\t\t\t\t\t<a class=\"rollover rollover-zoom dt-pswp-item\" title=\"481621789_18313872889200368_4846337825508681422_n\" data-dt-img-description=\"\" data-large_image_width=\"480\" data-large_image_height=\"600\"href='https:\/\/www.radiopiu.net\/wordpress\/wp-content\/uploads\/2025\/03\/481621789_18313872889200368_4846337825508681422_n.jpg'><img loading=\"lazy\" decoding=\"async\" width=\"150\" height=\"150\" src=\"https:\/\/www.radiopiu.net\/wordpress\/wp-content\/uploads\/2025\/03\/481621789_18313872889200368_4846337825508681422_n-150x150.jpg\" class=\"attachment-thumbnail size-thumbnail\" alt=\"\" \/><\/a>\n\t\t\t\t<\/dt><\/dl><dl class='gallery-item'>\n\t\t\t\t<dt class='gallery-icon landscape'>\n\t\t\t\t\t<a class=\"rollover rollover-zoom dt-pswp-item\" title=\"474872407_1023262806514068_2892549505254415258_n\" data-dt-img-description=\"\" data-large_image_width=\"600\" data-large_image_height=\"600\"href='https:\/\/www.radiopiu.net\/wordpress\/wp-content\/uploads\/2025\/03\/474872407_1023262806514068_2892549505254415258_n.jpg'><img loading=\"lazy\" decoding=\"async\" width=\"150\" height=\"150\" src=\"https:\/\/www.radiopiu.net\/wordpress\/wp-content\/uploads\/2025\/03\/474872407_1023262806514068_2892549505254415258_n-150x150.jpg\" class=\"attachment-thumbnail size-thumbnail\" alt=\"\" srcset=\"https:\/\/www.radiopiu.net\/wordpress\/wp-content\/uploads\/2025\/03\/474872407_1023262806514068_2892549505254415258_n-150x150.jpg 150w, https:\/\/www.radiopiu.net\/wordpress\/wp-content\/uploads\/2025\/03\/474872407_1023262806514068_2892549505254415258_n-300x300.jpg 300w, https:\/\/www.radiopiu.net\/wordpress\/wp-content\/uploads\/2025\/03\/474872407_1023262806514068_2892549505254415258_n.jpg 600w\" sizes=\"auto, (max-width: 150px) 100vw, 150px\" \/><\/a>\n\t\t\t\t<\/dt><\/dl><dl class='gallery-item'>\n\t\t\t\t<dt class='gallery-icon landscape'>\n\t\t\t\t\t<a class=\"rollover rollover-zoom dt-pswp-item\" title=\"475497851_1023262909847391_3669298257238755561_n\" data-dt-img-description=\"\" data-large_image_width=\"600\" data-large_image_height=\"600\"href='https:\/\/www.radiopiu.net\/wordpress\/wp-content\/uploads\/2025\/03\/475497851_1023262909847391_3669298257238755561_n.jpg'><img loading=\"lazy\" decoding=\"async\" width=\"150\" height=\"150\" src=\"https:\/\/www.radiopiu.net\/wordpress\/wp-content\/uploads\/2025\/03\/475497851_1023262909847391_3669298257238755561_n-150x150.jpg\" class=\"attachment-thumbnail size-thumbnail\" alt=\"\" srcset=\"https:\/\/www.radiopiu.net\/wordpress\/wp-content\/uploads\/2025\/03\/475497851_1023262909847391_3669298257238755561_n-150x150.jpg 150w, https:\/\/www.radiopiu.net\/wordpress\/wp-content\/uploads\/2025\/03\/475497851_1023262909847391_3669298257238755561_n-300x300.jpg 300w, https:\/\/www.radiopiu.net\/wordpress\/wp-content\/uploads\/2025\/03\/475497851_1023262909847391_3669298257238755561_n.jpg 600w\" sizes=\"auto, (max-width: 150px) 100vw, 150px\" \/><\/a>\n\t\t\t\t<\/dt><\/dl><br style=\"clear: both\" \/>\n\t\t\t<\/div>\n\n<blockquote><p>&nbsp;<\/p>\n<p><em>Carnevale di Belluno!<\/em><br \/>\n<em>domenica 9 marzo in Piazza dei martiri vestiamo la citt\u00e0 di maschere di colori!<\/em><br \/>\n<em>La Pro loco castionese con il comune e il consorzio centro storico organizza una grande festa per tutti: <\/em><br \/>\n<em>giovani adulti bambini e famiglie. <\/em><br \/>\n<em>Sfilata di mascherine carri da tutta la provincia e un ricco chiosco gastronomico<\/em><br \/>\n<em>Domenica 9 marzo 2025 in Piazza dei martiri a Belluno<\/em><\/p><\/blockquote>\n<p><a class=\"dt-pswp-item\" href=\"https:\/\/www.radiopiu.net\/wordpress\/wp-content\/uploads\/2025\/03\/241105301_10227783188912287_1197731254382834344_n-e1741097926674.jpg\" data-dt-img-description=\"\" data-large_image_width=\"1078\" data-large_image_height=\"1078\"><img loading=\"lazy\" decoding=\"async\" class=\"wp-image-437873 alignleft\" src=\"https:\/\/www.radiopiu.net\/wordpress\/wp-content\/uploads\/2025\/03\/241105301_10227783188912287_1197731254382834344_n-e1741097926674-300x300.jpg\" alt=\"\" width=\"150\" height=\"150\" srcset=\"https:\/\/www.radiopiu.net\/wordpress\/wp-content\/uploads\/2025\/03\/241105301_10227783188912287_1197731254382834344_n-e1741097926674-300x300.jpg 300w, https:\/\/www.radiopiu.net\/wordpress\/wp-content\/uploads\/2025\/03\/241105301_10227783188912287_1197731254382834344_n-e1741097926674-1024x1024.jpg 1024w, https:\/\/www.radiopiu.net\/wordpress\/wp-content\/uploads\/2025\/03\/241105301_10227783188912287_1197731254382834344_n-e1741097926674-150x150.jpg 150w, https:\/\/www.radiopiu.net\/wordpress\/wp-content\/uploads\/2025\/03\/241105301_10227783188912287_1197731254382834344_n-e1741097926674-768x768.jpg 768w, https:\/\/www.radiopiu.net\/wordpress\/wp-content\/uploads\/2025\/03\/241105301_10227783188912287_1197731254382834344_n-e1741097926674.jpg 1078w\" sizes=\"auto, (max-width: 150px) 100vw, 150px\" \/><\/a><\/p>\n<p>&nbsp;<\/p>\n<p>L&#8217;INTERVISTA ALLA RADIO, CON MAURIZIO FONTANELLE PRESIDENTE PROLOCO CASTIONESE<\/p>\n<p>&nbsp;<\/p>\n<p>DI MIRKO MEZZACASA<\/p>\n<audio class=\"wp-audio-shortcode\" id=\"audio-437750-9\" preload=\"none\" style=\"width: 100%;\" controls=\"controls\"><source type=\"audio\/mpeg\" src=\"https:\/\/www.radiopiu.net\/wordpress\/wp-content\/uploads\/2025\/03\/MAURIZIO-FONTANENELLE.mp3?_=9\" \/><a href=\"https:\/\/www.radiopiu.net\/wordpress\/wp-content\/uploads\/2025\/03\/MAURIZIO-FONTANENELLE.mp3\">https:\/\/www.radiopiu.net\/wordpress\/wp-content\/uploads\/2025\/03\/MAURIZIO-FONTANENELLE.mp3<\/a><\/audio>\n<p>&nbsp;<\/p>\n<p>&nbsp;<\/p>\n<hr \/>\n<p>&nbsp;<\/p>\n<blockquote>\n<h3>IL NUOVO SPORTELLO OCCHIALERIA MANPOWER AL CENTRO CONSORZI DI SEDICO<\/h3>\n<\/blockquote>\n<p><a class=\"dt-pswp-item\" href=\"https:\/\/www.radiopiu.net\/wordpress\/wp-content\/uploads\/2025\/03\/manpower-768x384-2.jpg\" data-dt-img-description=\"\" data-large_image_width=\"768\" data-large_image_height=\"384\"><img loading=\"lazy\" decoding=\"async\" class=\" wp-image-437877 alignleft\" src=\"https:\/\/www.radiopiu.net\/wordpress\/wp-content\/uploads\/2025\/03\/manpower-768x384-2-300x150.jpg\" alt=\"\" width=\"254\" height=\"127\" srcset=\"https:\/\/www.radiopiu.net\/wordpress\/wp-content\/uploads\/2025\/03\/manpower-768x384-2-300x150.jpg 300w, https:\/\/www.radiopiu.net\/wordpress\/wp-content\/uploads\/2025\/03\/manpower-768x384-2.jpg 768w\" sizes=\"auto, (max-width: 254px) 100vw, 254px\" \/><\/a>Manpower, leader mondiale nei servizi per il lavoro, ti aspetta all&#8217;inaugurazione nuovo Sportello Occhialeria Sedico all\u2019interno degli spazi di Centro Consorzi! Vieni a scoprire le opportunit\u00e0 di carriera e i percorsi di crescita professionale che Manpower ha per te. Ti aspettiamo il 5 marzo dalle ore 10 alle 16 in Zona Industriale Gresal 5L . Non mancare!<\/p>\n<p><strong>DI MIRKO MEZZACASA<\/strong><\/p>\n<p>OSPITE: Dario Sette, Senior Manager Onsite di Manpower<\/p>\n<audio class=\"wp-audio-shortcode\" id=\"audio-437750-10\" preload=\"none\" style=\"width: 100%;\" controls=\"controls\"><source type=\"audio\/mpeg\" src=\"https:\/\/www.radiopiu.net\/wordpress\/wp-content\/uploads\/2025\/03\/RIO-SETTE-MAN-POWEER.mp3?_=10\" \/><a href=\"https:\/\/www.radiopiu.net\/wordpress\/wp-content\/uploads\/2025\/03\/RIO-SETTE-MAN-POWEER.mp3\">https:\/\/www.radiopiu.net\/wordpress\/wp-content\/uploads\/2025\/03\/RIO-SETTE-MAN-POWEER.mp3<\/a><\/audio>\n<p>&nbsp;<\/p>\n<p>&nbsp;<\/p>\n<hr \/>\n<p>&nbsp;<\/p>\n<blockquote>\n<h2 class=\"articlePlainTitle\"><a class=\"dt-pswp-item\" href=\"https:\/\/www.radiopiu.net\/wordpress\/wp-content\/uploads\/2022\/11\/th-21.jpg\" data-dt-img-description=\"\" data-large_image_width=\"474\" data-large_image_height=\"335\"><img loading=\"lazy\" decoding=\"async\" class=\"size-medium wp-image-309972 alignleft\" src=\"https:\/\/www.radiopiu.net\/wordpress\/wp-content\/uploads\/2022\/11\/th-21-300x212.jpg\" alt=\"\" width=\"300\" height=\"212\" srcset=\"https:\/\/www.radiopiu.net\/wordpress\/wp-content\/uploads\/2022\/11\/th-21-300x212.jpg 300w, https:\/\/www.radiopiu.net\/wordpress\/wp-content\/uploads\/2022\/11\/th-21.jpg 474w\" sizes=\"auto, (max-width: 300px) 100vw, 300px\" \/><\/a>Cure palliative incontro questa sera in sala cultura<\/h2>\n<\/blockquote>\n<div class=\"addthis_sharing_toolbox\" data-url=\"https:\/\/sfoglio.grupponem.it\/share_article.php?article_id=17962318\" data-title=\"Infermieri: sostegno agli studenti dall'UmaCure palliative incontro questa sera in sala cultura\"><\/div>\n<div class=\"articlePlainText\"><strong>CENCENIGHE\u00a0<\/strong><\/div>\n<div class=\"articlePlainText\">Secondo\u00a0 appuntamento oggi per la serie di incontri formativi promossi da Pettirosso Agordino sul tema delle cure palliative. In sala culturale del Comune di Cencenighe alle 20,15. Il dottor Giuseppe Zanne, direttore dell&#8217;Unit\u00e0 di cure palliative dell&#8217;Ulss 1 Dolomiti e medico responsabile dell&#8217;hospice di Belluno, interverr\u00e0 assieme a Stefania Morlin, infermiera coordinatrice della stessa unit\u00e0. Durante l&#8217;incontro sar\u00e0 illustrata l&#8217;organizzazione delle cure palliative in Agordino. \u2014<\/div>\n<p>&nbsp;<\/p>\n<p>&nbsp;<\/p>\n<hr \/>\n<p>&nbsp;<\/p>\n<div class=\"articlePlainSubHead\"><\/div>\n<blockquote>\n<h2 class=\"articlePlainTitle\">Infermieri: sostegno agli studenti dall&#8217;Uma<\/h2>\n<\/blockquote>\n<div class=\"articlePlainText\"><strong><a class=\"dt-pswp-item\" href=\"https:\/\/www.radiopiu.net\/wordpress\/wp-content\/uploads\/2023\/03\/infermieristica-3.jpeg\" data-dt-img-description=\"\" data-large_image_width=\"1600\" data-large_image_height=\"870\"><img loading=\"lazy\" decoding=\"async\" class=\"wp-image-326732 alignleft\" src=\"https:\/\/www.radiopiu.net\/wordpress\/wp-content\/uploads\/2023\/03\/infermieristica-3-300x163.jpeg\" alt=\"\" width=\"254\" height=\"138\" srcset=\"https:\/\/www.radiopiu.net\/wordpress\/wp-content\/uploads\/2023\/03\/infermieristica-3-300x163.jpeg 300w, https:\/\/www.radiopiu.net\/wordpress\/wp-content\/uploads\/2023\/03\/infermieristica-3-1024x557.jpeg 1024w, https:\/\/www.radiopiu.net\/wordpress\/wp-content\/uploads\/2023\/03\/infermieristica-3-768x418.jpeg 768w, https:\/\/www.radiopiu.net\/wordpress\/wp-content\/uploads\/2023\/03\/infermieristica-3-1536x835.jpeg 1536w, https:\/\/www.radiopiu.net\/wordpress\/wp-content\/uploads\/2023\/03\/infermieristica-3.jpeg 1600w\" sizes=\"auto, (max-width: 254px) 100vw, 254px\" \/><\/a>AGORDO\u00a0<\/strong><\/div>\n<div><\/div>\n<div class=\"articlePlainText\">Scade il 31 marzo il termine per partecipare al bando dell&#8217;Unione montana agordina che assegna tre borse di studio a studenti agordini iscritti, nell&#8217;anno accademico 2024-2025, al primo anno del corso di laurea in Infermieristica, oltre a tre premi di incentivazione a favore di studenti iscritti al secondo o terzo anno.<\/div>\n<div class=\"articlePlainText\">L&#8217;iniziativa punta a sostenere i giovani agordini che vogliono intraprendere la professione di infermiere e che stanno portando avanti con profitto gli studi. Modulo di iscrizione sul sito dell&#8217;Unione montana.\u00a0\u2014<\/div>\n<p>&nbsp;<\/p>\n<p>&nbsp;<\/p>\n<p>&nbsp;<\/p>\n<hr \/>\n<p>&nbsp;<\/p>\n<p>&nbsp;<\/p>\n<blockquote>\n<p data-start=\"0\" data-end=\"82\"><strong data-start=\"0\" data-end=\"80\"><a class=\"dt-pswp-item\" href=\"https:\/\/www.radiopiu.net\/wordpress\/wp-content\/uploads\/2025\/03\/Senza-nome-13.png\" data-dt-img-description=\"\" data-large_image_width=\"123\" data-large_image_height=\"116\"><img loading=\"lazy\" decoding=\"async\" class=\"size-full wp-image-437811 alignleft\" src=\"https:\/\/www.radiopiu.net\/wordpress\/wp-content\/uploads\/2025\/03\/Senza-nome-13.png\" alt=\"\" width=\"123\" height=\"116\" \/><\/a>INSEGNANTI AL CENTRO: LIONS QUEST FORMA I DOCENTI DELLA PROVINCIA DI BELLUNO<\/strong><\/p>\n<\/blockquote>\n<p data-start=\"84\" data-end=\"629\" data-is-last-node=\"\" data-is-only-node=\"\"><strong>BELLUNO<\/strong> Un corso gratuito riconosciuto dal MIUR per potenziare le competenze socio-emotive degli alunni della scuola primaria. Promosso dai Lions Club Belluno e Feltre Host, il progetto Lions Quest aiuta gli insegnanti a costruire una scuola pi\u00f9 inclusiva, con metodologie innovative. Il percorso formativo, che si terr\u00e0 a marzo 2025, prevede sessioni in presenza e online, coinvolgendo un massimo di 35 partecipanti. Le iscrizioni sono aperte fino al 28 febbraio 2025. Info 348-3666635<\/p>\n<p>&nbsp;<\/p>\n<p>&nbsp;<\/p>\n<hr \/>\n<p>&nbsp;<\/p>\n<div class=\"mb-2 flex gap-3 empty:hidden -ml-2\">\n<div class=\"items-center justify-start rounded-xl p-1 flex\">\n<div class=\"flex items-center\">\n<div class=\"flex items-center pb-0\">\n<blockquote>\n<h3>FELTRE IN FESTA: IL CARNEVALE DEI BAMBINI E DELLE FAMIGLIE INCANTA LA CITT\u00c0<\/h3>\n<\/blockquote>\n<p><strong><a class=\"dt-pswp-item\" href=\"https:\/\/www.radiopiu.net\/wordpress\/wp-content\/uploads\/2025\/03\/Immagine1.jpg\" data-dt-img-description=\"\" data-large_image_width=\"442\" data-large_image_height=\"349\"><img loading=\"lazy\" decoding=\"async\" class=\" wp-image-437919 alignleft\" src=\"https:\/\/www.radiopiu.net\/wordpress\/wp-content\/uploads\/2025\/03\/Immagine1-300x237.jpg\" alt=\"\" width=\"173\" height=\"137\" srcset=\"https:\/\/www.radiopiu.net\/wordpress\/wp-content\/uploads\/2025\/03\/Immagine1-300x237.jpg 300w, https:\/\/www.radiopiu.net\/wordpress\/wp-content\/uploads\/2025\/03\/Immagine1.jpg 442w\" sizes=\"auto, (max-width: 173px) 100vw, 173px\" \/><\/a>FELTRE<\/strong> Il Carnevale dei bambini e delle famiglie ha trasformato Feltre in un grande palcoscenico a cielo aperto, coinvolgendo centinaia di persone tra musica, spettacoli e colori. Largo Castaldi, Piazza Isola e Via XXXI Ottobre si sono animate con sorrisi e costumi variopinti. Il Sindaco Viviana Fusaro ha espresso soddisfazione per la riuscita dell\u2019evento, sottolineando il valore di questi momenti per la comunit\u00e0. Anche l\u2019Assessore Flavia Colle ha evidenziato l\u2019importanza di un Carnevale intergenerazionale, con famiglie e bambini protagonisti. La festa ha regalato una giornata di allegria con spettacoli itineranti, zucchero filato e una colonna sonora di risate. L\u2019evento ha confermato Feltre come citt\u00e0 attenta alle nuove generazioni e alla condivisione. L\u2019Amministrazione ha ringraziato tutti i partecipanti e gli organizzatori per il successo della giornata.<\/p>\n<p>&nbsp;<\/p>\n<p>&nbsp;<\/p>\n<hr \/>\n<p>&nbsp;<\/p>\n<h2 style=\"text-align: center;\"><span style=\"color: #ff0000;\">LA FOTONOTIZIA<\/span><\/h2>\n<blockquote>\n<h3>LE MASCHERE ARCAICHE IN MOSTRA A CONEGLIANO<\/h3>\n<\/blockquote>\n\n\t\t\t<style type='text\/css'>\n\t\t\t\t#gallery-3 {\n\t\t\t\t\tmargin: auto;\n\t\t\t\t}\n\t\t\t\t#gallery-3 .gallery-item {\n\t\t\t\t\tfloat: left;\n\t\t\t\t\tmargin-top: 10px;\n\t\t\t\t\ttext-align: center;\n\t\t\t\t\twidth: 100%;\n\t\t\t\t}\n\t\t\t\t#gallery-3 img {\n\t\t\t\t\tborder: 2px solid #cfcfcf;\n\t\t\t\t}\n\t\t\t\t#gallery-3 .gallery-caption {\n\t\t\t\t\tmargin-left: 0;\n\t\t\t\t}\n\t\t\t\t\/* see gallery_shortcode() in wp-includes\/media.php *\/\n\t\t\t<\/style>\n\t\t<div id='gallery-3' class='dt-gallery-container gallery galleryid-437750 gallery-columns-1 gallery-size-medium'><dl class='gallery-item'>\n\t\t\t\t<dt class='gallery-icon portrait'>\n\t\t\t\t\t<a class=\"rollover rollover-zoom dt-pswp-item\" title=\"1000047680\" data-dt-img-description=\"\" data-large_image_width=\"1536\" data-large_image_height=\"2048\"href='https:\/\/www.radiopiu.net\/wordpress\/wp-content\/uploads\/2025\/03\/1000047680.jpg'><img loading=\"lazy\" decoding=\"async\" width=\"225\" height=\"300\" src=\"https:\/\/www.radiopiu.net\/wordpress\/wp-content\/uploads\/2025\/03\/1000047680-225x300.jpg\" class=\"attachment-medium size-medium\" alt=\"\" srcset=\"https:\/\/www.radiopiu.net\/wordpress\/wp-content\/uploads\/2025\/03\/1000047680-225x300.jpg 225w, https:\/\/www.radiopiu.net\/wordpress\/wp-content\/uploads\/2025\/03\/1000047680-768x1024.jpg 768w, https:\/\/www.radiopiu.net\/wordpress\/wp-content\/uploads\/2025\/03\/1000047680-1152x1536.jpg 1152w, https:\/\/www.radiopiu.net\/wordpress\/wp-content\/uploads\/2025\/03\/1000047680.jpg 1536w\" sizes=\"auto, (max-width: 225px) 100vw, 225px\" \/><\/a>\n\t\t\t\t<\/dt><\/dl><br style=\"clear: both\" \/>\n\t\t\t<\/div>\n\n<p>&nbsp;<\/p>\n<hr \/>\n<p>&nbsp;<\/p>\n<blockquote>\n<h3>SULLA VIA ANNIA CON IL TOURING CLUB ITALIANO BELLUNO<\/h3>\n<\/blockquote>\n<p><strong><a class=\"dt-pswp-item\" href=\"https:\/\/www.radiopiu.net\/wordpress\/wp-content\/uploads\/2025\/03\/Gruppo-TCI-sagrato-Duomo-Concordia.jpg\" data-dt-img-description=\"\" data-large_image_width=\"1600\" data-large_image_height=\"901\"><img loading=\"lazy\" decoding=\"async\" class=\" wp-image-437946 alignleft\" src=\"https:\/\/www.radiopiu.net\/wordpress\/wp-content\/uploads\/2025\/03\/Gruppo-TCI-sagrato-Duomo-Concordia-300x169.jpg\" alt=\"\" width=\"204\" height=\"115\" srcset=\"https:\/\/www.radiopiu.net\/wordpress\/wp-content\/uploads\/2025\/03\/Gruppo-TCI-sagrato-Duomo-Concordia-300x169.jpg 300w, https:\/\/www.radiopiu.net\/wordpress\/wp-content\/uploads\/2025\/03\/Gruppo-TCI-sagrato-Duomo-Concordia-1024x577.jpg 1024w, https:\/\/www.radiopiu.net\/wordpress\/wp-content\/uploads\/2025\/03\/Gruppo-TCI-sagrato-Duomo-Concordia-768x432.jpg 768w, https:\/\/www.radiopiu.net\/wordpress\/wp-content\/uploads\/2025\/03\/Gruppo-TCI-sagrato-Duomo-Concordia-1536x865.jpg 1536w, https:\/\/www.radiopiu.net\/wordpress\/wp-content\/uploads\/2025\/03\/Gruppo-TCI-sagrato-Duomo-Concordia.jpg 1600w\" sizes=\"auto, (max-width: 204px) 100vw, 204px\" \/><\/a>BELLUNO<\/strong> La Via Annia, costruita dal pretore Tito Annio Rufo nel 131 a.C., collegava Adria ad Aquileia, passando per Padova. Pur essendo meno nota rispetto ad altre vie romane, conserva importanti testimonianze storiche e artistiche. Il 1\u00b0 marzo, il Touring Club Italiano di Belluno ha organizzato un evento archeologico a Portogruaro e Concordia Sagittaria. La visita ha incluso il Museo Nazionale Concordiese, che custodisce reperti della colonia Iulia Concordia, e il museo di Portogruaro, con mosaici, statue e stele funerarie.<\/p>\n<p>&nbsp;<\/p>\n<p>&nbsp;<\/p>\n<hr \/>\n<p>&nbsp;<\/p>\n<p data-start=\"33\" data-end=\"430\" data-is-last-node=\"\" data-is-only-node=\"\"><strong><a class=\"dt-pswp-item\" href=\"https:\/\/www.radiopiu.net\/wordpress\/wp-content\/uploads\/2025\/03\/Senza-nome-14.png\" data-dt-img-description=\"\" data-large_image_width=\"347\" data-large_image_height=\"51\"><img loading=\"lazy\" decoding=\"async\" class=\"alignnone size-medium wp-image-437823\" src=\"https:\/\/www.radiopiu.net\/wordpress\/wp-content\/uploads\/2025\/03\/Senza-nome-14-300x44.png\" alt=\"\" width=\"300\" height=\"44\" srcset=\"https:\/\/www.radiopiu.net\/wordpress\/wp-content\/uploads\/2025\/03\/Senza-nome-14-300x44.png 300w, https:\/\/www.radiopiu.net\/wordpress\/wp-content\/uploads\/2025\/03\/Senza-nome-14.png 347w\" sizes=\"auto, (max-width: 300px) 100vw, 300px\" \/><\/a><\/strong><\/p>\n<p data-start=\"33\" data-end=\"430\" data-is-last-node=\"\" data-is-only-node=\"\"><strong>BELLUNO<\/strong> Il Collegio dei Geometri di Belluno presenta il Progetto Coworking 2024, un&#8217;iniziativa per supportare la crescita professionale degli iscritti. Grazie a un contributo della Cassa Geometri, sono stati acquistati strumenti tecnologici avanzati per la formazione e il coworking. Il progetto sar\u00e0 illustrato in una conferenza stampa luned\u00ec 17 marzo alle 12 presso la sede del Collegio.<\/p>\n<p>&nbsp;<\/p>\n<p>&nbsp;<\/p>\n<\/div>\n<\/div>\n<\/div>\n<\/div>\n<hr \/>\n<blockquote>\n<h3><\/h3>\n<h3>GIORNATA MONDIALE DEL RENE: L&#8217;INCONTRO CON L&#8217;ULSS 1 DOLOMITI<\/h3>\n<\/blockquote>\n<p><strong><a class=\"dt-pswp-item\" href=\"https:\/\/www.radiopiu.net\/wordpress\/wp-content\/uploads\/2025\/02\/RENE.jpg\" data-dt-img-description=\"\" data-large_image_width=\"940\" data-large_image_height=\"550\"><img loading=\"lazy\" decoding=\"async\" class=\" wp-image-436595 alignleft\" src=\"https:\/\/www.radiopiu.net\/wordpress\/wp-content\/uploads\/2025\/02\/RENE-300x176.jpg\" alt=\"\" width=\"179\" height=\"105\" srcset=\"https:\/\/www.radiopiu.net\/wordpress\/wp-content\/uploads\/2025\/02\/RENE-300x176.jpg 300w, https:\/\/www.radiopiu.net\/wordpress\/wp-content\/uploads\/2025\/02\/RENE-768x449.jpg 768w, https:\/\/www.radiopiu.net\/wordpress\/wp-content\/uploads\/2025\/02\/RENE.jpg 940w\" sizes=\"auto, (max-width: 179px) 100vw, 179px\" \/><\/a>BELLUNO <\/strong>In occasione della giornata mondiale del rene, che ricorre il prossimo 13 marzo, l\u2019Ulss Dolomiti, con le unit\u00e0 operative di Nefrologia, organizza un incontro aperto a tutta la cittadinanza per sensibilizzare sull\u2019importanza della salute dei nostri reni e sul tema del trapianto. L\u2019 incontro dal titolo \u201cIl trapianto di rene da vivente\u201d si terr\u00e0 mercoled\u00ec 12 marzo 2025 alle 17.00 in sala convegni dell\u2019ospedale di Belluno con esperti e testimonianze di donatori e trapiantati.<\/p>\n<p>&nbsp;<\/p>\n<p>&nbsp;<\/p>\n<hr \/>\n<p>&nbsp;<\/p>\n<blockquote>\n<h3>RIPARTONO I MERCOLEDI DELLA SALUTE<\/h3>\n<\/blockquote>\n<p><strong><a class=\"dt-pswp-item\" href=\"https:\/\/www.radiopiu.net\/wordpress\/wp-content\/uploads\/2025\/02\/MERCOL-SAL.jpg\" data-dt-img-description=\"\" data-large_image_width=\"927\" data-large_image_height=\"695\"><img loading=\"lazy\" decoding=\"async\" class=\" wp-image-436597 alignleft\" src=\"https:\/\/www.radiopiu.net\/wordpress\/wp-content\/uploads\/2025\/02\/MERCOL-SAL-300x225.jpg\" alt=\"\" width=\"145\" height=\"109\" srcset=\"https:\/\/www.radiopiu.net\/wordpress\/wp-content\/uploads\/2025\/02\/MERCOL-SAL-300x225.jpg 300w, https:\/\/www.radiopiu.net\/wordpress\/wp-content\/uploads\/2025\/02\/MERCOL-SAL-768x576.jpg 768w, https:\/\/www.radiopiu.net\/wordpress\/wp-content\/uploads\/2025\/02\/MERCOL-SAL.jpg 927w\" sizes=\"auto, (max-width: 145px) 100vw, 145px\" \/><\/a>FELTRE <\/strong>Ripartono a Feltre \u201cI Mercoled\u00ec della Salute\u201d: il ciclo di incontri informativi organizzati dall\u2019Ulss Dolomiti, aperti a tutta la cittadinanza, per approfondire con i professionisti alcune tematiche legate alla promozione della salute e alla prevenzione. Il primo appuntamento si terr\u00e0 oggi alle 17.30 in Sala Convegni d con\u00a0 Andrea Buda \u2013 Direttore della Gastroenterologia di Feltre, Amalia Manzan \u2013 Direttore del Servizio Dipendenze e Matteo Sponga \u2013 Direttore della Medicina Legale.<\/p>\n<p>&nbsp;<\/p>\n<p>&nbsp;<\/p>\n<hr \/>\n<p>&nbsp;<\/p>\n<div class=\"flex max-w-full flex-col flex-grow\">\n<div class=\"min-h-8 text-message relative flex w-full flex-col items-end gap-2 whitespace-normal break-words text-start [.text-message+&amp;]:mt-5\" dir=\"auto\" data-message-author-role=\"assistant\" data-message-id=\"974aaeb0-e4eb-4ca1-9fa9-edfbac8627b5\" data-message-model-slug=\"gpt-4o-mini\">\n<div class=\"flex w-full flex-col gap-1 empty:hidden first:pt-[3px]\">\n<div class=\"markdown prose w-full break-words dark:prose-invert dark\">\n<blockquote>\n<h3 data-start=\"0\" data-end=\"87\">&#8220;Uil Veneto presenta il progetto contro il Bullismo: appuntamento a Belluno il 7 marzo&#8221;<\/h3>\n<\/blockquote>\n<\/div>\n<\/div>\n<\/div>\n<\/div>\n<div class=\"mb-2 flex gap-3 -ml-2\" tabindex=\"0\">\n<div class=\"items-center justify-start rounded-xl p-1 flex\">\n<div class=\"flex items-center\"><strong>BELLUNO<\/strong> Venerd\u00ec 7 marzo, alle 11.00, la Uil Veneto presenta a Belluno il progetto \u201cGame over al Bullismo\u201d nella sala Luciani del Centro Giovanni XXIII. L&#8217;iniziativa mira a sensibilizzare contro il bullismo, con la partecipazione del segretario Roberto Toigo.<button class=\"rounded-lg text-token-text-secondary hover:bg-token-main-surface-secondary\" aria-label=\"Modifica in un quadro\"><\/button><\/div>\n<\/div>\n<\/div>\n<p>&nbsp;<\/p>\n<p>&nbsp;<\/p>\n<hr \/>\n<p>&nbsp;<\/p>\n<blockquote>\n<h3>GIORNATA MONDIALE DELL\u2019OBESIT\u00c0: INIZIATIVA A BELLUNO<\/h3>\n<\/blockquote>\n<p><strong>BELLUNO <\/strong>In occasione della Giornata mondiale dell\u2019obesit\u00e0, che ricorre il 4 marzo, l\u2019Ulss Dolomiti promuove un\u2019iniziativa per sensibilizzare i cittadini sul tema. Oggi dalle 14.30 alle 17.30 nel reparto di Diabetologia dell\u2019ospedale di Belluno (quinto piano, blocco medico) il personale sanitario e la dietista saranno a disposizione, con accesso libero, per informazioni e consigli per uno stile di vita sano, attraverso la misurazione della pressione arteriosa, della circonferenza vita e della valutazione dello stato nutrizionale dell&#8217;organismo.<\/p>\n<p>&nbsp;<\/p>\n<p>&nbsp;<\/p>\n<hr \/>\n<p>&nbsp;<\/p>\n<blockquote>\n<h3 data-start=\"0\" data-end=\"64\"><strong data-start=\"4\" data-end=\"62\"><a class=\"dt-pswp-item\" href=\"https:\/\/www.radiopiu.net\/wordpress\/wp-content\/uploads\/2025\/03\/Sandi-Renko-scaled.jpg\" data-dt-img-description=\"\" data-large_image_width=\"2068\" data-large_image_height=\"2560\"><img loading=\"lazy\" decoding=\"async\" class=\"wp-image-437621 alignleft\" src=\"https:\/\/www.radiopiu.net\/wordpress\/wp-content\/uploads\/2025\/03\/Sandi-Renko-242x300.jpg\" alt=\"\" width=\"101\" height=\"125\" srcset=\"https:\/\/www.radiopiu.net\/wordpress\/wp-content\/uploads\/2025\/03\/Sandi-Renko-242x300.jpg 242w, https:\/\/www.radiopiu.net\/wordpress\/wp-content\/uploads\/2025\/03\/Sandi-Renko-827x1024.jpg 827w, https:\/\/www.radiopiu.net\/wordpress\/wp-content\/uploads\/2025\/03\/Sandi-Renko-768x951.jpg 768w, https:\/\/www.radiopiu.net\/wordpress\/wp-content\/uploads\/2025\/03\/Sandi-Renko-1241x1536.jpg 1241w, https:\/\/www.radiopiu.net\/wordpress\/wp-content\/uploads\/2025\/03\/Sandi-Renko-1654x2048.jpg 1654w\" sizes=\"auto, (max-width: 101px) 100vw, 101px\" \/><\/a>Mel &#8211; Borgo Valbelluna: inaugura \u201cCinetismo Cromatico\u201d<\/strong><\/h3>\n<\/blockquote>\n<p data-start=\"66\" data-end=\"372\" data-is-last-node=\"\" data-is-only-node=\"\">Sabato 8 marzo, alle 18:00, al Palazzo delle Contesse di Mel apre \u201cCinetismo Cromatico\u201d, omaggio a Celestino Facchin, Ferruccio Gard e Sandi Renko. Novanta opere e installazioni esplorano l\u2019arte cinetica e optical. L\u2019evento include la presentazione del thriller di Gard. Mostra visitabile fino al 4 maggio.<\/p>\n<p>&nbsp;<\/p>\n<p>&nbsp;<\/p>\n<p>&nbsp;<\/p>\n<hr \/>\n<blockquote>\n<h3 data-start=\"0\" data-end=\"73\"><strong data-start=\"4\" data-end=\"71\">\u00a0<\/strong><\/h3>\n<h3 data-start=\"0\" data-end=\"73\"><strong data-start=\"4\" data-end=\"71\">Arriva il Tram Dolomitico a Milano: storia, tradizione e sapori<\/strong><\/h3>\n<\/blockquote>\n<p data-start=\"75\" data-end=\"405\" data-is-last-node=\"\" data-is-only-node=\"\"><strong>MILANO<\/strong> Sabato 31 maggio, la Famiglia Bellunese di Milano presenta il Tram Dolomitico: un viaggio sensoriale a bordo di un tram storico. Degustazioni di prodotti tipici, letture di Buzzati, fotografie di Roncada e racconti sul Soccorso Alpino offriranno ai milanesi un\u2019esperienza dedicata alla cultura delle Dolomiti Bellunesi.<\/p>\n<p>&nbsp;<\/p>\n<p>&nbsp;<\/p>\n<hr \/>\n<p>&nbsp;<\/p>\n<blockquote>\n<h3>DISAGIO GIOVANILE, UN INCONTRO A BELLUNO<\/h3>\n<\/blockquote>\n<p><strong>BELLUNO<\/strong> L\u2019Associazione Margherita Fenice di Belluno organizza un convegno sul disagio giovanile e sull\u2019importanza dell\u2019ascolto tra genitori e figli. L\u2019evento, intitolato \u201cGenerazione di silenzi: come ascoltare i nostri figli per affrontare il disagio giovanile\u201d, si terr\u00e0 sabato 8 marzo alle 17 presso Palazzo Crepadona a Belluno con esperti in disturbi alimentari.<\/p>\n<p>&nbsp;<\/p>\n<p>&nbsp;<\/p>\n<hr \/>\n<p>&nbsp;<\/p>\n<blockquote>\n<h3>L&#8217;8 MARZO IN SALA DON TAMIS AD AGORDO<\/h3>\n<\/blockquote>\n<p><strong>AGORDO <\/strong>Sabato 8 marzo alle 20:30, nella sala &#8220;don Tamis&#8221; di Agordo, Carlo Corsini e Simone Carnielli porteranno in scena lo spettacolo &#8220;Tutto inizi\u00f2 con un tremendo botto&#8221;, dedicato alla vita e alle opere di Ronald Dahl. L&#8217;evento, a ingresso gratuito, \u00e8 organizzato dal Circolo Culturale Agordino e dalla Biblioteca Civica.<\/p>\n<p>&nbsp;<\/p>\n<p>&nbsp;<\/p>\n<hr \/>\n<p>&nbsp;<\/p>\n<blockquote>\n<h3>AL TEATRO PAIANE UNA SERATA IMPERDIBILE<\/h3>\n<\/blockquote>\n<p><strong>BELLUNO<\/strong> Il 15 marzo 2025, alle 20.45, il Piccolo Teatro di Paiane ospiter\u00e0 un concerto straordinario con la violinista Myriam Dal Don e il clavicembalista Carlo Steno Rossi, due artisti di fama internazionale.<a href=\"http:\/\/www.circoloculturaestampabellunese.it\" target=\"_new\" rel=\"noopener\" data-start=\"576\" data-end=\"613\" data-is-only-node=\"\"> www.circoloculturaestampabellunese.it<\/a>.<\/p>\n<p>&nbsp;<\/p>\n<p>&nbsp;<\/p>\n<hr \/>\n<p>&nbsp;<\/p>\n<blockquote>\n<h3>TORNA A BELLUNO &#8220;IL VENTO TRA I CAPELLI&#8221;, LA PEDONATA NON COMPETITIVA DEL COMITATO PREVENZIONE SALUTE DONNA<\/h3>\n<\/blockquote>\n<p><strong>BELLUNO<\/strong> \u200b<span class=\"relative -mx-px my-[-0.2rem] rounded px-px py-[0.2rem]\">La 19\u00aa edizione della pedonata solidale &#8220;Il Vento tra i Capelli&#8221; si terr\u00e0 il 16 marzo 2025 alle 10 in Piazza dei Martiri a Belluno.<\/span><\/p>\n<p>&nbsp;<\/p>\n<p>&nbsp;<\/p>\n<hr \/>\n<blockquote>\n<h3 data-start=\"0\" data-end=\"64\"><\/h3>\n<h3 data-start=\"0\" data-end=\"64\">Lo sport che aiuta le donne: \u201cPower Woman Day\u201d a Longarone<\/h3>\n<\/blockquote>\n<p data-start=\"66\" data-end=\"357\" data-is-last-node=\"\" data-is-only-node=\"\"><strong>LONGARONE<\/strong> L\u20198 marzo al Palasport di Longarone si terr\u00e0 il \u201cPower Woman Day\u201d, una giornata di sport dedicata alle donne con corsi gratuiti e una raccolta fondi per Onda Rosa Aps, associazione che supporta le pazienti con tumore al seno. Info e prenotazioni su palasportlongarone.it.<\/p>\n<hr \/>\n<h3 data-start=\"66\" data-end=\"357\"><\/h3>\n<blockquote>\n<h3 data-start=\"66\" data-end=\"357\">MARZO AL CENTRO ASTRONOMICO<\/h3>\n<\/blockquote>\n<p data-start=\"66\" data-end=\"357\" data-is-last-node=\"\" data-is-only-node=\"\"><strong>FELTRE<\/strong> Sabato 8 marzo, il Centro Astronomico anticipa l&#8217;osservazione alle 18 per ammirare Mercurio e Venere, insieme a Marte, Giove e la Luna. In caso di maltempo, conferenze al planetario con Alain Corso. Ingresso 5 euro, gratuito per soci e bambini.<\/p>\n<p>&nbsp;<\/p>\n<hr \/>\n<p data-start=\"65\" data-end=\"388\" data-is-last-node=\"\" data-is-only-node=\"\"><strong><a class=\"dt-pswp-item\" href=\"https:\/\/www.radiopiu.net\/wordpress\/wp-content\/uploads\/2025\/03\/Senza-nome-15.png\" data-dt-img-description=\"\" data-large_image_width=\"370\" data-large_image_height=\"93\"><img loading=\"lazy\" decoding=\"async\" class=\"alignnone size-medium wp-image-437825\" src=\"https:\/\/www.radiopiu.net\/wordpress\/wp-content\/uploads\/2025\/03\/Senza-nome-15-300x75.png\" alt=\"\" width=\"300\" height=\"75\" srcset=\"https:\/\/www.radiopiu.net\/wordpress\/wp-content\/uploads\/2025\/03\/Senza-nome-15-300x75.png 300w, https:\/\/www.radiopiu.net\/wordpress\/wp-content\/uploads\/2025\/03\/Senza-nome-15.png 370w\" sizes=\"auto, (max-width: 300px) 100vw, 300px\" \/><\/a><\/strong><\/p>\n<p data-start=\"65\" data-end=\"388\" data-is-last-node=\"\" data-is-only-node=\"\"><strong>FELTRE<\/strong> Venerd\u00ec 7 marzo alle 20.30, alla Libreria Quattro Sass di Rasai, si terr\u00e0 il terzo incontro di \u201cAlpinia\u201d, organizzato dal Centro Studi A.N.A. di Feltre. La dottoressa Antonella Fornari presenter\u00e0 il suo libro <em data-start=\"290\" data-end=\"327\">Le donne e la Prima Guerra Mondiale<\/em>, dedicato al ruolo femminile nel conflitto. Ingresso libero.<\/p>\n<p>&nbsp;<\/p>\n<blockquote>\n<p data-start=\"72\" data-end=\"809\" data-is-last-node=\"\" data-is-only-node=\"\">\n<\/blockquote>\n<hr \/>\n<p>&nbsp;<\/p>\n<blockquote><p><a class=\"dt-pswp-item\" href=\"https:\/\/www.radiopiu.net\/wordpress\/wp-content\/uploads\/2024\/11\/CARABINIERI-1-scaled.jpg\" data-dt-img-description=\"\" data-large_image_width=\"2560\" data-large_image_height=\"1920\"><img loading=\"lazy\" decoding=\"async\" class=\" wp-image-420419 alignleft\" src=\"https:\/\/www.radiopiu.net\/wordpress\/wp-content\/uploads\/2024\/11\/CARABINIERI-1-300x225.jpg\" alt=\"\" width=\"223\" height=\"167\" srcset=\"https:\/\/www.radiopiu.net\/wordpress\/wp-content\/uploads\/2024\/11\/CARABINIERI-1-300x225.jpg 300w, https:\/\/www.radiopiu.net\/wordpress\/wp-content\/uploads\/2024\/11\/CARABINIERI-1-1024x768.jpg 1024w, https:\/\/www.radiopiu.net\/wordpress\/wp-content\/uploads\/2024\/11\/CARABINIERI-1-768x576.jpg 768w, https:\/\/www.radiopiu.net\/wordpress\/wp-content\/uploads\/2024\/11\/CARABINIERI-1-1536x1152.jpg 1536w, https:\/\/www.radiopiu.net\/wordpress\/wp-content\/uploads\/2024\/11\/CARABINIERI-1-2048x1536.jpg 2048w\" sizes=\"auto, (max-width: 223px) 100vw, 223px\" \/><\/a><strong style=\"text-align: center;\" data-start=\"4\" data-end=\"87\">Le nuove frontiere dei reati ambientali: incontro con i Carabinieri a Longarone\u00a0<\/strong><\/p>\n<p>&nbsp;<\/p><\/blockquote>\n<p><strong>LONGARONE<\/strong> Sabato 15 marzo, alle 18 presso la sala consiliare di Longarone, si terr\u00e0 l\u2019incontro \u201cLe nuove frontiere dei reati ambientali\u201d, occasione di approfondimento sui crimini ambientali e sulle attivit\u00e0 di contrasto da parte delle forze dell\u2019ordine. Relatore della serata sar\u00e0 il tenente colonnello Enrico Risottino, comandante del Gruppo Carabinieri per la Tutela Ambientale e la Sicurezza Energetica di Venezia. Si parler\u00e0 del ruolo dei Nuclei Operativi Ecologici, delle indagini in Veneto e dei controlli sulle opere olimpiche.<\/p>\n<p>&nbsp;<\/p>\n<p>&nbsp;<\/p>\n<p>&nbsp;<\/p>\n<p>&nbsp;<\/p>\n<hr \/>\n<p>&nbsp;<\/p>\n<h1><span style=\"color: #ff6600;\">IERI ALLA RADIO\u00a0 \u00a0\u00a0<\/span><\/h1>\n<h2><span style=\"color: #800080;\">&#8220;DINTORN E FORA VIA&#8221;\u00a0 IL PROGRAMMA\u00a0 A CURA DEL MUSLA<\/span><\/h2>\n<p><b><strong><a class=\"dt-pswp-item\" href=\"https:\/\/www.radiopiu.net\/wordpress\/wp-content\/uploads\/2024\/12\/GIORNALI.jpg\" data-dt-img-description=\"\" data-large_image_width=\"1280\" data-large_image_height=\"960\"><img loading=\"lazy\" decoding=\"async\" class=\" wp-image-425317 alignleft\" src=\"https:\/\/www.radiopiu.net\/wordpress\/wp-content\/uploads\/2024\/12\/GIORNALI-300x225.jpg\" alt=\"\" width=\"160\" height=\"120\" srcset=\"https:\/\/www.radiopiu.net\/wordpress\/wp-content\/uploads\/2024\/12\/GIORNALI-300x225.jpg 300w, https:\/\/www.radiopiu.net\/wordpress\/wp-content\/uploads\/2024\/12\/GIORNALI-1024x768.jpg 1024w, https:\/\/www.radiopiu.net\/wordpress\/wp-content\/uploads\/2024\/12\/GIORNALI-768x576.jpg 768w, https:\/\/www.radiopiu.net\/wordpress\/wp-content\/uploads\/2024\/12\/GIORNALI.jpg 1280w\" sizes=\"auto, (max-width: 160px) 100vw, 160px\" \/><\/a><\/strong>PUNTATA DEL 04 MARZO 2025 <strong>ERIK MARCON<\/strong><\/b><\/p>\n<audio class=\"wp-audio-shortcode\" id=\"audio-437750-11\" preload=\"none\" style=\"width: 100%;\" controls=\"controls\"><source type=\"audio\/mpeg\" src=\"https:\/\/www.radiopiu.net\/wordpress\/wp-content\/uploads\/2025\/03\/MUSLA.mp3?_=11\" \/><a href=\"https:\/\/www.radiopiu.net\/wordpress\/wp-content\/uploads\/2025\/03\/MUSLA.mp3\">https:\/\/www.radiopiu.net\/wordpress\/wp-content\/uploads\/2025\/03\/MUSLA.mp3<\/a><\/audio>\n<p><b>\u00a0\u00a0<\/b><\/p>\n<p><strong>LA RACCOLTA COMPLETA <a href=\"https:\/\/www.radiopiu.net\/wordpress\/musla\/\"><span style=\"color: #3366ff;\">CLICCA QUI<\/span><\/a><\/strong><\/p>\n<p>&nbsp;<\/p>\n<hr \/>\n<p>&nbsp;<\/p>\n<h2><span style=\"color: #008000;\">SPECIALE EP CENTER &#8211; L&#8217;ELETTRICITA&#8217; OVUNQUE, ANCHE NELLO SPETTACOLO<\/span><\/h2>\n<p><strong>DI MIRKO MEZZACASA<\/strong><\/p>\n<p>IN STUDIO FRANCESCO ZILLIO, EPCENTER<\/p>\n<p><iframe loading=\"lazy\" title=\"L&#039;ELETTRICITA&#039; OVUNQUE, ANCHE NELLO SPETTACOLO\" width=\"1200\" height=\"675\" src=\"https:\/\/www.youtube.com\/embed\/yXxk46uwEsQ?feature=oembed\" frameborder=\"0\" allow=\"accelerometer; autoplay; clipboard-write; encrypted-media; gyroscope; picture-in-picture; web-share\" referrerpolicy=\"strict-origin-when-cross-origin\" allowfullscreen><\/iframe><\/p>\n<p>&nbsp;<\/p>\n<hr \/>\n<p>&nbsp;<\/p>\n<h2><span style=\"color: #ff00ff;\">OGGI COME IERI, TERZO ANNO. CON SILVIA BALDO<\/span><\/h2>\n<p><strong><a class=\"dt-pswp-item\" href=\"https:\/\/www.radiopiu.net\/wordpress\/wp-content\/uploads\/2025\/03\/Lucio_Dalla_1.jpg\" data-dt-img-description=\"\" data-large_image_width=\"1140\" data-large_image_height=\"1496\"><img loading=\"lazy\" decoding=\"async\" class=\" wp-image-437893 alignleft\" src=\"https:\/\/www.radiopiu.net\/wordpress\/wp-content\/uploads\/2025\/03\/Lucio_Dalla_1-229x300.jpg\" alt=\"\" width=\"88\" height=\"115\" srcset=\"https:\/\/www.radiopiu.net\/wordpress\/wp-content\/uploads\/2025\/03\/Lucio_Dalla_1-229x300.jpg 229w, https:\/\/www.radiopiu.net\/wordpress\/wp-content\/uploads\/2025\/03\/Lucio_Dalla_1-780x1024.jpg 780w, https:\/\/www.radiopiu.net\/wordpress\/wp-content\/uploads\/2025\/03\/Lucio_Dalla_1-768x1008.jpg 768w, https:\/\/www.radiopiu.net\/wordpress\/wp-content\/uploads\/2025\/03\/Lucio_Dalla_1.jpg 1140w\" sizes=\"auto, (max-width: 88px) 100vw, 88px\" \/><\/a>04 MARZO 2025 LUCIO DALLA<\/strong><\/p>\n<audio class=\"wp-audio-shortcode\" id=\"audio-437750-12\" preload=\"none\" style=\"width: 100%;\" controls=\"controls\"><source type=\"audio\/mpeg\" src=\"https:\/\/www.radiopiu.net\/wordpress\/wp-content\/uploads\/2025\/03\/SIBI2.mp3?_=12\" \/><a href=\"https:\/\/www.radiopiu.net\/wordpress\/wp-content\/uploads\/2025\/03\/SIBI2.mp3\">https:\/\/www.radiopiu.net\/wordpress\/wp-content\/uploads\/2025\/03\/SIBI2.mp3<\/a><\/audio>\n<p>&nbsp;<\/p>\n<p><strong>LA RACCOLTA COMPLETA <a href=\"https:\/\/www.radiopiu.net\/wordpress\/oggi-come-ieri-terzo-anno-con-silvia-baldo\/\"><span style=\"color: #3366ff;\">CLICCA QUI<\/span><\/a><\/strong><\/p>\n<p>&nbsp;<\/p>\n<hr \/>\n<p>&nbsp;<\/p>\n<h2><span style=\"color: #99ccff;\">DI MARTEDI&#8230; POMERIGGIO CON LUISA ALCHINI<\/span><\/h2>\n<p><span style=\"color: #ff0000;\"><strong><a class=\"dt-pswp-item\" href=\"https:\/\/www.radiopiu.net\/wordpress\/wp-content\/uploads\/2025\/03\/353e5ec8-91c7-4649-8fa4-277e931fbd9b.jpg\" data-dt-img-description=\"\" data-large_image_width=\"884\" data-large_image_height=\"889\"><img loading=\"lazy\" decoding=\"async\" class=\" wp-image-437636 alignleft\" src=\"https:\/\/www.radiopiu.net\/wordpress\/wp-content\/uploads\/2025\/03\/353e5ec8-91c7-4649-8fa4-277e931fbd9b-298x300.jpg\" alt=\"\" width=\"172\" height=\"173\" srcset=\"https:\/\/www.radiopiu.net\/wordpress\/wp-content\/uploads\/2025\/03\/353e5ec8-91c7-4649-8fa4-277e931fbd9b-298x300.jpg 298w, https:\/\/www.radiopiu.net\/wordpress\/wp-content\/uploads\/2025\/03\/353e5ec8-91c7-4649-8fa4-277e931fbd9b-150x150.jpg 150w, https:\/\/www.radiopiu.net\/wordpress\/wp-content\/uploads\/2025\/03\/353e5ec8-91c7-4649-8fa4-277e931fbd9b-768x772.jpg 768w, https:\/\/www.radiopiu.net\/wordpress\/wp-content\/uploads\/2025\/03\/353e5ec8-91c7-4649-8fa4-277e931fbd9b.jpg 884w\" sizes=\"auto, (max-width: 172px) 100vw, 172px\" \/><\/a>PUNTATA 34 PARTE UNO &#8211; DJ BISSO<\/strong><\/span><\/p>\n<audio class=\"wp-audio-shortcode\" id=\"audio-437750-13\" preload=\"none\" style=\"width: 100%;\" controls=\"controls\"><source type=\"audio\/mpeg\" src=\"https:\/\/www.radiopiu.net\/wordpress\/wp-content\/uploads\/2025\/02\/LP1-3.mp3?_=13\" \/><a href=\"https:\/\/www.radiopiu.net\/wordpress\/wp-content\/uploads\/2025\/02\/LP1-3.mp3\">https:\/\/www.radiopiu.net\/wordpress\/wp-content\/uploads\/2025\/02\/LP1-3.mp3<\/a><\/audio>\n<p><span style=\"color: #ff0000;\">\u00a0<\/span><\/p>\n<p><span style=\"color: #ff0000;\"><strong>PARTE DUE<\/strong><\/span><\/p>\n<audio class=\"wp-audio-shortcode\" id=\"audio-437750-14\" preload=\"none\" style=\"width: 100%;\" controls=\"controls\"><source type=\"audio\/mpeg\" src=\"https:\/\/www.radiopiu.net\/wordpress\/wp-content\/uploads\/2025\/02\/LP2-3.mp3?_=14\" \/><a href=\"https:\/\/www.radiopiu.net\/wordpress\/wp-content\/uploads\/2025\/02\/LP2-3.mp3\">https:\/\/www.radiopiu.net\/wordpress\/wp-content\/uploads\/2025\/02\/LP2-3.mp3<\/a><\/audio>\n<p>&nbsp;<\/p>\n<p><strong>LA RACCOLTA COMPLETA <a href=\"https:\/\/www.radiopiu.net\/wordpress\/lmt34\/\"><span style=\"color: #3366ff;\">CLICCA QUI<\/span><\/a><\/strong><\/p>\n<p>&nbsp;<\/p>\n<hr \/>\n<p>&nbsp;<\/p>\n<blockquote>\n<h3>DEGUSTIAMO CON&#8230;.DOLOMITI BEER &amp; WINE SHOP OGGI A SEDICO E VENERDI A FELTRE<\/h3>\n<\/blockquote>\n<p><strong><img loading=\"lazy\" decoding=\"async\" class=\"alignleft\" src=\"https:\/\/www.radiopiu.net\/wordpress\/wp-content\/uploads\/2025\/02\/Senza-nome-44.png\" width=\"209\" height=\"168\" \/><br \/>\n<\/strong><\/p>\n<p><strong>AUDIO<\/strong><\/p>\n<p>Eccoli gli appuntamenti con le degustazioni da non perdere&#8230;.presentati da Valentina<\/p>\n<p>&nbsp;<\/p>\n<p>&nbsp;<\/p>\n<p>&nbsp;<\/p>\n<p>&nbsp;<\/p>\n<p><strong><span style=\"color: #ff0000;\">A SEDICO, MERCOLEDI 5 MARZO&#8230;LA BIRRA ARTIGIANALE ALLA SPINA DEL BIRRIFICIO OTUS DI BERGAMO DALLE 17<\/span><\/strong><\/p>\n<audio class=\"wp-audio-shortcode\" id=\"audio-437750-15\" preload=\"none\" style=\"width: 100%;\" controls=\"controls\"><source type=\"audio\/mpeg\" src=\"https:\/\/www.radiopiu.net\/wordpress\/wp-content\/uploads\/2025\/02\/MERCOLEDI-5-A-SEDICO.mp3?_=15\" \/><a href=\"https:\/\/www.radiopiu.net\/wordpress\/wp-content\/uploads\/2025\/02\/MERCOLEDI-5-A-SEDICO.mp3\">https:\/\/www.radiopiu.net\/wordpress\/wp-content\/uploads\/2025\/02\/MERCOLEDI-5-A-SEDICO.mp3<\/a><\/audio>\n<p>&nbsp;<\/p>\n<p><strong><span style=\"color: #ff0000;\">\u00a0A FELTRE, VENERDI 7 MARZO &#8230; LA DISTILLERIA ROSSI D&#8217;ASIAGO DALLE 17<\/span><\/strong><\/p>\n<audio class=\"wp-audio-shortcode\" id=\"audio-437750-16\" preload=\"none\" style=\"width: 100%;\" controls=\"controls\"><source type=\"audio\/mpeg\" src=\"https:\/\/www.radiopiu.net\/wordpress\/wp-content\/uploads\/2025\/02\/VENERDI-7-A-FELTRE.mp3?_=16\" \/><a href=\"https:\/\/www.radiopiu.net\/wordpress\/wp-content\/uploads\/2025\/02\/VENERDI-7-A-FELTRE.mp3\">https:\/\/www.radiopiu.net\/wordpress\/wp-content\/uploads\/2025\/02\/VENERDI-7-A-FELTRE.mp3<\/a><\/audio>\n<p>&nbsp;<\/p>\n<hr \/>\n<p>&nbsp;<\/p>\n<h2><span style=\"color: #ff0000;\"><a class=\"dt-pswp-item\" href=\"https:\/\/www.radiopiu.net\/wordpress\/wp-content\/uploads\/2018\/09\/appuntamenti.jpeg\" data-dt-img-description=\"\" data-large_image_width=\"800\" data-large_image_height=\"100\"><img loading=\"lazy\" decoding=\"async\" class=\"wp-image-61958 size-full aligncenter\" src=\"https:\/\/www.radiopiu.net\/wordpress\/wp-content\/uploads\/2018\/09\/appuntamenti.jpeg\" alt=\"\" width=\"800\" height=\"100\" srcset=\"https:\/\/www.radiopiu.net\/wordpress\/wp-content\/uploads\/2018\/09\/appuntamenti.jpeg 800w, https:\/\/www.radiopiu.net\/wordpress\/wp-content\/uploads\/2018\/09\/appuntamenti-300x38.jpeg 300w, https:\/\/www.radiopiu.net\/wordpress\/wp-content\/uploads\/2018\/09\/appuntamenti-768x96.jpeg 768w\" sizes=\"auto, (max-width: 800px) 100vw, 800px\" \/><\/a><\/span><\/h2>\n<h3 dir=\"auto\"><\/h3>\n<blockquote>\n<h3>MORGAN &amp; BATTAGLIA I RESIDENT DJ DEL SAVE THE DATE FESTIVAL<\/h3>\n<\/blockquote>\n<p><strong>FALCADE <\/strong>Il palco si accende, le casse vibrano e l\u2019atmosfera si infiamma: Morgan e Battaglia sono pronti a farvi ballare senza sosta! Con selezioni potenti e beat travolgenti, il duo porter\u00e0 un\u2019ondata di pura energia al Rifugio Laresei. Quattro ospiti speciali arricchiranno il festival, ma sar\u00e0 la loro console a tenere il cuore pulsante della serata. L\u2019unica regola? Lasciarsi andare al ritmo e vivere la musica senza freni. Preparati a un\u2019esperienza indimenticabile! L&#8217;appuntamento \u00e8 per il 29 marzo al Rifugio Laresei<\/p>\n\n\t\t\t<style type='text\/css'>\n\t\t\t\t#gallery-4 {\n\t\t\t\t\tmargin: auto;\n\t\t\t\t}\n\t\t\t\t#gallery-4 .gallery-item {\n\t\t\t\t\tfloat: left;\n\t\t\t\t\tmargin-top: 10px;\n\t\t\t\t\ttext-align: center;\n\t\t\t\t\twidth: 20%;\n\t\t\t\t}\n\t\t\t\t#gallery-4 img {\n\t\t\t\t\tborder: 2px solid #cfcfcf;\n\t\t\t\t}\n\t\t\t\t#gallery-4 .gallery-caption {\n\t\t\t\t\tmargin-left: 0;\n\t\t\t\t}\n\t\t\t\t\/* see gallery_shortcode() in wp-includes\/media.php *\/\n\t\t\t<\/style>\n\t\t<div id='gallery-4' class='dt-gallery-container gallery galleryid-437750 gallery-columns-5 gallery-size-medium'><dl class='gallery-item'>\n\t\t\t\t<dt class='gallery-icon portrait'>\n\t\t\t\t\t<a class=\"rollover rollover-zoom dt-pswp-item\" title=\"475351389_122191419572160269_4819090400106529375_n\" data-dt-img-description=\"\" data-large_image_width=\"1024\" data-large_image_height=\"1280\"href='https:\/\/www.radiopiu.net\/wordpress\/wp-content\/uploads\/2025\/02\/475351389_122191419572160269_4819090400106529375_n.jpg'><img loading=\"lazy\" decoding=\"async\" width=\"240\" height=\"300\" src=\"https:\/\/www.radiopiu.net\/wordpress\/wp-content\/uploads\/2025\/02\/475351389_122191419572160269_4819090400106529375_n-240x300.jpg\" class=\"attachment-medium size-medium\" alt=\"\" srcset=\"https:\/\/www.radiopiu.net\/wordpress\/wp-content\/uploads\/2025\/02\/475351389_122191419572160269_4819090400106529375_n-240x300.jpg 240w, https:\/\/www.radiopiu.net\/wordpress\/wp-content\/uploads\/2025\/02\/475351389_122191419572160269_4819090400106529375_n-819x1024.jpg 819w, https:\/\/www.radiopiu.net\/wordpress\/wp-content\/uploads\/2025\/02\/475351389_122191419572160269_4819090400106529375_n-768x960.jpg 768w, https:\/\/www.radiopiu.net\/wordpress\/wp-content\/uploads\/2025\/02\/475351389_122191419572160269_4819090400106529375_n.jpg 1024w\" sizes=\"auto, (max-width: 240px) 100vw, 240px\" \/><\/a>\n\t\t\t\t<\/dt><\/dl><dl class='gallery-item'>\n\t\t\t\t<dt class='gallery-icon portrait'>\n\t\t\t\t\t<a class=\"rollover rollover-zoom dt-pswp-item\" title=\"70222334-5cff-4d4b-9ab9-a2a79305f2f3\" data-dt-img-description=\"\" data-large_image_width=\"1024\" data-large_image_height=\"1280\"href='https:\/\/www.radiopiu.net\/wordpress\/wp-content\/uploads\/2025\/02\/70222334-5cff-4d4b-9ab9-a2a79305f2f3.jpg'><img loading=\"lazy\" decoding=\"async\" width=\"240\" height=\"300\" src=\"https:\/\/www.radiopiu.net\/wordpress\/wp-content\/uploads\/2025\/02\/70222334-5cff-4d4b-9ab9-a2a79305f2f3-240x300.jpg\" class=\"attachment-medium size-medium\" alt=\"\" srcset=\"https:\/\/www.radiopiu.net\/wordpress\/wp-content\/uploads\/2025\/02\/70222334-5cff-4d4b-9ab9-a2a79305f2f3-240x300.jpg 240w, https:\/\/www.radiopiu.net\/wordpress\/wp-content\/uploads\/2025\/02\/70222334-5cff-4d4b-9ab9-a2a79305f2f3-819x1024.jpg 819w, https:\/\/www.radiopiu.net\/wordpress\/wp-content\/uploads\/2025\/02\/70222334-5cff-4d4b-9ab9-a2a79305f2f3-768x960.jpg 768w, https:\/\/www.radiopiu.net\/wordpress\/wp-content\/uploads\/2025\/02\/70222334-5cff-4d4b-9ab9-a2a79305f2f3.jpg 1024w\" sizes=\"auto, (max-width: 240px) 100vw, 240px\" \/><\/a>\n\t\t\t\t<\/dt><\/dl><dl class='gallery-item'>\n\t\t\t\t<dt class='gallery-icon portrait'>\n\t\t\t\t\t<a class=\"rollover rollover-zoom dt-pswp-item\" title=\"480483463_122191800596160269_7748395789965067962_n\" data-dt-img-description=\"\" data-large_image_width=\"1024\" data-large_image_height=\"1280\"href='https:\/\/www.radiopiu.net\/wordpress\/wp-content\/uploads\/2025\/02\/480483463_122191800596160269_7748395789965067962_n.jpg'><img loading=\"lazy\" decoding=\"async\" width=\"240\" height=\"300\" src=\"https:\/\/www.radiopiu.net\/wordpress\/wp-content\/uploads\/2025\/02\/480483463_122191800596160269_7748395789965067962_n-240x300.jpg\" class=\"attachment-medium size-medium\" alt=\"\" srcset=\"https:\/\/www.radiopiu.net\/wordpress\/wp-content\/uploads\/2025\/02\/480483463_122191800596160269_7748395789965067962_n-240x300.jpg 240w, https:\/\/www.radiopiu.net\/wordpress\/wp-content\/uploads\/2025\/02\/480483463_122191800596160269_7748395789965067962_n-819x1024.jpg 819w, https:\/\/www.radiopiu.net\/wordpress\/wp-content\/uploads\/2025\/02\/480483463_122191800596160269_7748395789965067962_n-768x960.jpg 768w, https:\/\/www.radiopiu.net\/wordpress\/wp-content\/uploads\/2025\/02\/480483463_122191800596160269_7748395789965067962_n.jpg 1024w\" sizes=\"auto, (max-width: 240px) 100vw, 240px\" \/><\/a>\n\t\t\t\t<\/dt><\/dl><dl class='gallery-item'>\n\t\t\t\t<dt class='gallery-icon portrait'>\n\t\t\t\t\t<a class=\"rollover rollover-zoom dt-pswp-item\" title=\"480755395_122191974356160269_922264644982884143_n\" data-dt-img-description=\"\" data-large_image_width=\"1024\" data-large_image_height=\"1280\"href='https:\/\/www.radiopiu.net\/wordpress\/wp-content\/uploads\/2025\/02\/480755395_122191974356160269_922264644982884143_n.jpg'><img loading=\"lazy\" decoding=\"async\" width=\"240\" height=\"300\" src=\"https:\/\/www.radiopiu.net\/wordpress\/wp-content\/uploads\/2025\/02\/480755395_122191974356160269_922264644982884143_n-240x300.jpg\" class=\"attachment-medium size-medium\" alt=\"\" srcset=\"https:\/\/www.radiopiu.net\/wordpress\/wp-content\/uploads\/2025\/02\/480755395_122191974356160269_922264644982884143_n-240x300.jpg 240w, https:\/\/www.radiopiu.net\/wordpress\/wp-content\/uploads\/2025\/02\/480755395_122191974356160269_922264644982884143_n-819x1024.jpg 819w, https:\/\/www.radiopiu.net\/wordpress\/wp-content\/uploads\/2025\/02\/480755395_122191974356160269_922264644982884143_n-768x960.jpg 768w, https:\/\/www.radiopiu.net\/wordpress\/wp-content\/uploads\/2025\/02\/480755395_122191974356160269_922264644982884143_n.jpg 1024w\" sizes=\"auto, (max-width: 240px) 100vw, 240px\" \/><\/a>\n\t\t\t\t<\/dt><\/dl><dl class='gallery-item'>\n\t\t\t\t<dt class='gallery-icon portrait'>\n\t\t\t\t\t<a class=\"rollover rollover-zoom dt-pswp-item\" title=\"480946206_122192204450160269_174180551336592227_n\" data-dt-img-description=\"\" data-large_image_width=\"512\" data-large_image_height=\"640\"href='https:\/\/www.radiopiu.net\/wordpress\/wp-content\/uploads\/2025\/02\/480946206_122192204450160269_174180551336592227_n.jpg'><img loading=\"lazy\" decoding=\"async\" width=\"240\" height=\"300\" src=\"https:\/\/www.radiopiu.net\/wordpress\/wp-content\/uploads\/2025\/02\/480946206_122192204450160269_174180551336592227_n-240x300.jpg\" class=\"attachment-medium size-medium\" alt=\"\" srcset=\"https:\/\/www.radiopiu.net\/wordpress\/wp-content\/uploads\/2025\/02\/480946206_122192204450160269_174180551336592227_n-240x300.jpg 240w, https:\/\/www.radiopiu.net\/wordpress\/wp-content\/uploads\/2025\/02\/480946206_122192204450160269_174180551336592227_n.jpg 512w\" sizes=\"auto, (max-width: 240px) 100vw, 240px\" \/><\/a>\n\t\t\t\t<\/dt><\/dl><br style=\"clear: both\" \/>\n\t\t\t<\/div>\n\n<p>&nbsp;<\/p>\n<div>\n<div class=\"\" dir=\"auto\">\n<div id=\":r9h:\" class=\"x1iorvi4 x1pi30zi x1l90r2v x1swvt13\" data-ad-comet-preview=\"message\" data-ad-preview=\"message\">\n<div>\n<div class=\"\" dir=\"auto\">\n<div id=\":r9h:\" class=\"x1iorvi4 x1pi30zi x1l90r2v x1swvt13\" data-ad-comet-preview=\"message\" data-ad-preview=\"message\">\n<div>\n<div class=\"\" dir=\"auto\">\n<div id=\":r9h:\" class=\"x1iorvi4 x1pi30zi x1l90r2v x1swvt13\" data-ad-comet-preview=\"message\" data-ad-preview=\"message\">\n<div>\n<div class=\"\" dir=\"auto\">\n<div id=\":r9h:\" class=\"x1iorvi4 x1pi30zi x1l90r2v x1swvt13\" data-ad-comet-preview=\"message\" data-ad-preview=\"message\">\n<div>\n<div class=\"\" dir=\"auto\">\n<div id=\":r9h:\" class=\"x1iorvi4 x1pi30zi x1l90r2v x1swvt13\" data-ad-comet-preview=\"message\" data-ad-preview=\"message\">\n<div>\n<div class=\"\" dir=\"auto\">\n<div id=\":r9h:\" class=\"x1iorvi4 x1pi30zi x1l90r2v x1swvt13\" data-ad-comet-preview=\"message\" data-ad-preview=\"message\">\n<div class=\"xdj266r x11i5rnm xat24cr x1mh8g0r x1vvkbs x126k92a\">\n<div dir=\"auto\"><\/div>\n<\/div>\n<div>\n<div class=\"\" dir=\"auto\">\n<div id=\":r9h:\" class=\"x1iorvi4 x1pi30zi x1l90r2v x1swvt13\" data-ad-comet-preview=\"message\" data-ad-preview=\"message\">\n<div>\n<div class=\"\" dir=\"auto\">\n<div id=\":r9h:\" class=\"x1iorvi4 x1pi30zi x1l90r2v x1swvt13\" data-ad-comet-preview=\"message\" data-ad-preview=\"message\">\n\n\t\t\t<style type='text\/css'>\n\t\t\t\t#gallery-5 {\n\t\t\t\t\tmargin: auto;\n\t\t\t\t}\n\t\t\t\t#gallery-5 .gallery-item {\n\t\t\t\t\tfloat: left;\n\t\t\t\t\tmargin-top: 10px;\n\t\t\t\t\ttext-align: center;\n\t\t\t\t\twidth: 25%;\n\t\t\t\t}\n\t\t\t\t#gallery-5 img {\n\t\t\t\t\tborder: 2px solid #cfcfcf;\n\t\t\t\t}\n\t\t\t\t#gallery-5 .gallery-caption {\n\t\t\t\t\tmargin-left: 0;\n\t\t\t\t}\n\t\t\t\t\/* see gallery_shortcode() in wp-includes\/media.php *\/\n\t\t\t<\/style>\n\t\t<div id='gallery-5' class='dt-gallery-container gallery galleryid-437750 gallery-columns-4 gallery-size-thumbnail'><dl class='gallery-item'>\n\t\t\t\t<dt class='gallery-icon portrait'>\n\t\t\t\t\t<a class=\"rollover rollover-zoom dt-pswp-item\" title=\"dad1d0d2-12e8-494a-9390-929e17ce5985\" data-dt-img-description=\"\" data-large_image_width=\"900\" data-large_image_height=\"1600\"href='https:\/\/www.radiopiu.net\/wordpress\/wp-content\/uploads\/2025\/01\/dad1d0d2-12e8-494a-9390-929e17ce5985.jpg'><img loading=\"lazy\" decoding=\"async\" width=\"150\" height=\"150\" src=\"https:\/\/www.radiopiu.net\/wordpress\/wp-content\/uploads\/2025\/01\/dad1d0d2-12e8-494a-9390-929e17ce5985-150x150.jpg\" class=\"attachment-thumbnail size-thumbnail\" alt=\"\" \/><\/a>\n\t\t\t\t<\/dt><\/dl><dl class='gallery-item'>\n\t\t\t\t<dt class='gallery-icon portrait'>\n\t\t\t\t\t<a class=\"rollover rollover-zoom dt-pswp-item\" title=\"Marzo (1)\" data-dt-img-description=\"\" data-large_image_width=\"841\" data-large_image_height=\"1190\"href='https:\/\/www.radiopiu.net\/wordpress\/wp-content\/uploads\/2025\/02\/Marzo-1.jpg'><img loading=\"lazy\" decoding=\"async\" width=\"150\" height=\"150\" src=\"https:\/\/www.radiopiu.net\/wordpress\/wp-content\/uploads\/2025\/02\/Marzo-1-150x150.jpg\" class=\"attachment-thumbnail size-thumbnail\" alt=\"\" \/><\/a>\n\t\t\t\t<\/dt><\/dl><dl class='gallery-item'>\n\t\t\t\t<dt class='gallery-icon portrait'>\n\t\t\t\t\t<a class=\"rollover rollover-zoom dt-pswp-item\" title=\"Carnevale 2025\" data-dt-img-description=\"\" data-large_image_width=\"1414\" data-large_image_height=\"2000\"href='https:\/\/www.radiopiu.net\/wordpress\/wp-content\/uploads\/2025\/02\/Carnevale-2025-1.png'><img loading=\"lazy\" decoding=\"async\" width=\"150\" height=\"150\" src=\"https:\/\/www.radiopiu.net\/wordpress\/wp-content\/uploads\/2025\/02\/Carnevale-2025-1-150x150.png\" class=\"attachment-thumbnail size-thumbnail\" alt=\"\" \/><\/a>\n\t\t\t\t<\/dt><\/dl><dl class='gallery-item'>\n\t\t\t\t<dt class='gallery-icon portrait'>\n\t\t\t\t\t<a class=\"rollover rollover-zoom dt-pswp-item\" title=\"Senza nome\" data-dt-img-description=\"\" data-large_image_width=\"569\" data-large_image_height=\"801\"href='https:\/\/www.radiopiu.net\/wordpress\/wp-content\/uploads\/2025\/02\/Senza-nome-23.png'><img loading=\"lazy\" decoding=\"async\" width=\"150\" height=\"150\" src=\"https:\/\/www.radiopiu.net\/wordpress\/wp-content\/uploads\/2025\/02\/Senza-nome-23-150x150.png\" class=\"attachment-thumbnail size-thumbnail\" alt=\"\" \/><\/a>\n\t\t\t\t<\/dt><\/dl><br style=\"clear: both\" \/><dl class='gallery-item'>\n\t\t\t\t<dt class='gallery-icon portrait'>\n\t\t\t\t\t<a class=\"rollover rollover-zoom dt-pswp-item\" title=\"Locandina Zanenga marzo 2025\" data-dt-img-description=\"\" data-large_image_width=\"1447\" data-large_image_height=\"2048\"href='https:\/\/www.radiopiu.net\/wordpress\/wp-content\/uploads\/2025\/02\/Locandina-Zanenga-marzo-2025.jpg'><img loading=\"lazy\" decoding=\"async\" width=\"150\" height=\"150\" src=\"https:\/\/www.radiopiu.net\/wordpress\/wp-content\/uploads\/2025\/02\/Locandina-Zanenga-marzo-2025-150x150.jpg\" class=\"attachment-thumbnail size-thumbnail\" alt=\"\" \/><\/a>\n\t\t\t\t<\/dt><\/dl><dl class='gallery-item'>\n\t\t\t\t<dt class='gallery-icon portrait'>\n\t\t\t\t\t<a class=\"rollover rollover-zoom dt-pswp-item\" title=\"a43f5470-8da9-420a-9a8f-999ac45dfc29\" data-dt-img-description=\"\" data-large_image_width=\"1131\" data-large_image_height=\"1600\"href='https:\/\/www.radiopiu.net\/wordpress\/wp-content\/uploads\/2025\/02\/a43f5470-8da9-420a-9a8f-999ac45dfc29.jpg'><img loading=\"lazy\" decoding=\"async\" width=\"150\" height=\"150\" src=\"https:\/\/www.radiopiu.net\/wordpress\/wp-content\/uploads\/2025\/02\/a43f5470-8da9-420a-9a8f-999ac45dfc29-150x150.jpg\" class=\"attachment-thumbnail size-thumbnail\" alt=\"\" \/><\/a>\n\t\t\t\t<\/dt><\/dl><dl class='gallery-item'>\n\t\t\t\t<dt class='gallery-icon portrait'>\n\t\t\t\t\t<a class=\"rollover rollover-zoom dt-pswp-item\" title=\"85292380-77cf-48a7-ac7a-86c7009204ef\" data-dt-img-description=\"\" data-large_image_width=\"1280\" data-large_image_height=\"1600\"href='https:\/\/www.radiopiu.net\/wordpress\/wp-content\/uploads\/2025\/02\/85292380-77cf-48a7-ac7a-86c7009204ef.jpg'><img loading=\"lazy\" decoding=\"async\" width=\"150\" height=\"150\" src=\"https:\/\/www.radiopiu.net\/wordpress\/wp-content\/uploads\/2025\/02\/85292380-77cf-48a7-ac7a-86c7009204ef-150x150.jpg\" class=\"attachment-thumbnail size-thumbnail\" alt=\"\" \/><\/a>\n\t\t\t\t<\/dt><\/dl><dl class='gallery-item'>\n\t\t\t\t<dt class='gallery-icon portrait'>\n\t\t\t\t\t<a class=\"rollover rollover-zoom dt-pswp-item\" title=\"ba76e127-707c-4a8a-a6ac-6ab71e879690\" data-dt-img-description=\"\" data-large_image_width=\"500\" data-large_image_height=\"696\"href='https:\/\/www.radiopiu.net\/wordpress\/wp-content\/uploads\/2025\/03\/ba76e127-707c-4a8a-a6ac-6ab71e879690.jpg'><img loading=\"lazy\" decoding=\"async\" width=\"150\" height=\"150\" src=\"https:\/\/www.radiopiu.net\/wordpress\/wp-content\/uploads\/2025\/03\/ba76e127-707c-4a8a-a6ac-6ab71e879690-150x150.jpg\" class=\"attachment-thumbnail size-thumbnail\" alt=\"\" aria-describedby=\"gallery-5-437826\" \/><\/a>\n\t\t\t\t<\/dt>\n\t\t\t\t\t<dd class='wp-caption-text gallery-caption' id='gallery-5-437826'>\n\t\t\t\t\tPOSTICIPATO AL 6 APRILE\n\t\t\t\t\t<\/dd><\/dl><br style=\"clear: both\" \/><dl class='gallery-item'>\n\t\t\t\t<dt class='gallery-icon portrait'>\n\t\t\t\t\t<a class=\"rollover rollover-zoom dt-pswp-item\" title=\"terza serata Alpinia\" data-dt-img-description=\"\" data-large_image_width=\"720\" data-large_image_height=\"1280\"href='https:\/\/www.radiopiu.net\/wordpress\/wp-content\/uploads\/2025\/03\/terza-serata-Alpinia.jpg'><img loading=\"lazy\" decoding=\"async\" width=\"150\" height=\"150\" src=\"https:\/\/www.radiopiu.net\/wordpress\/wp-content\/uploads\/2025\/03\/terza-serata-Alpinia-150x150.jpg\" class=\"attachment-thumbnail size-thumbnail\" alt=\"\" \/><\/a>\n\t\t\t\t<\/dt><\/dl>\n\t\t\t\t<br style='clear: both' \/>\n\t\t\t<\/div>\n\n<p>&nbsp;<\/p>\n<p>&nbsp;<\/p>\n<\/div>\n<\/div>\n<\/div>\n<\/div>\n<\/div>\n<\/div>\n<\/div>\n<\/div>\n<\/div>\n<\/div>\n<\/div>\n<\/div>\n<p>&nbsp;<\/p>\n<\/div>\n<\/div>\n<\/div>\n<\/div>\n<\/div>\n<\/div>\n<\/div>\n<\/div>\n<\/div>\n<\/div>\n<\/div>\n<\/div>\n<hr \/>\n<p>&nbsp;<\/p>\n<p class=\"mceTemp\"><a class=\"dt-pswp-item\" href=\"https:\/\/www.radiopiu.net\/wordpress\/wp-content\/uploads\/2018\/09\/WhatsApp-Image-2018-09-20-at-16.04.06.jpeg\" data-dt-img-description=\"\" data-large_image_width=\"800\" data-large_image_height=\"100\"><img loading=\"lazy\" decoding=\"async\" class=\"wp-image-61378 size-full aligncenter\" src=\"https:\/\/www.radiopiu.net\/wordpress\/wp-content\/uploads\/2018\/09\/WhatsApp-Image-2018-09-20-at-16.04.06.jpeg\" alt=\"\" width=\"800\" height=\"100\" srcset=\"https:\/\/www.radiopiu.net\/wordpress\/wp-content\/uploads\/2018\/09\/WhatsApp-Image-2018-09-20-at-16.04.06.jpeg 800w, https:\/\/www.radiopiu.net\/wordpress\/wp-content\/uploads\/2018\/09\/WhatsApp-Image-2018-09-20-at-16.04.06-300x38.jpeg 300w, https:\/\/www.radiopiu.net\/wordpress\/wp-content\/uploads\/2018\/09\/WhatsApp-Image-2018-09-20-at-16.04.06-768x96.jpeg 768w\" sizes=\"auto, (max-width: 800px) 100vw, 800px\" \/><\/a><\/p>\n<p><center><\/center><center><\/center>&nbsp;<\/p>\n<p>&nbsp;<\/p>\n<p>&nbsp;<\/p>\n<hr \/>\n<p><center><b>OGGI<\/b><\/center>Cielo sereno con ottima visibilit\u00e0. <b>Precipitazioni: <\/b>Assenti\u00a0 <b>Temperature: <\/b>In ulteriore lieve aumento con valori massimi ben superiori alla media. Nelle valli marcata inversione termica durante le ore pi\u00f9 fredde ed escursione termica giornaliera.<\/p>\n<hr \/>\n<p><center><b>DOMANI<\/b><\/center>Cielo sereno o poco nuvoloso per qualche velatura nel pomeriggio. <b>Precipitazioni: <\/b>Assenti\u00a0 <b>Temperature: <\/b>senza variazioni di rilievo. Nelle valli marcata inversione termica notturna ed escursione termica giornaliera.<\/p>\n<p>&nbsp;<\/p>\n<hr \/>\n<p><center><b>VENERDI<\/b><\/center>Cielo sereno o poco nuvoloso per sottili velature. Temperature senza variazioni di rilievo.<\/p>\n<hr \/>\n<p><center><b>SABATO<\/b><\/center>Cielo sereno o al pi\u00f9 a tratti poco nuvoloso per qualche sottile velatura. Temperature stazionarie.<\/p>\n<p>&nbsp;<\/p>\n<p>&nbsp;<\/p>\n<hr \/>\n<p>&nbsp;<\/p>\n<p class=\"mceTemp\"><a class=\"dt-pswp-item\" href=\"https:\/\/www.radiopiu.net\/wordpress\/wp-content\/uploads\/2018\/09\/sport.jpg\" data-dt-img-description=\"\" data-large_image_width=\"800\" data-large_image_height=\"100\"><img loading=\"lazy\" decoding=\"async\" class=\"aligncenter wp-image-60761 size-full\" src=\"https:\/\/www.radiopiu.net\/wordpress\/wp-content\/uploads\/2018\/09\/sport.jpg\" alt=\"\" width=\"800\" height=\"100\" srcset=\"https:\/\/www.radiopiu.net\/wordpress\/wp-content\/uploads\/2018\/09\/sport.jpg 800w, https:\/\/www.radiopiu.net\/wordpress\/wp-content\/uploads\/2018\/09\/sport-300x38.jpg 300w, https:\/\/www.radiopiu.net\/wordpress\/wp-content\/uploads\/2018\/09\/sport-768x96.jpg 768w\" sizes=\"auto, (max-width: 800px) 100vw, 800px\" \/> <\/a><\/p>\n<p class=\"mceTemp\"><span style=\"color: #0000ff;\"><strong>\u00a0 \u00a0 \u00a0\u00a0<\/strong><\/span><\/p>\n<p><span style=\"color: #0000ff;\"><strong>HOCKEY SU GHIACCIO<\/strong><\/span><\/p>\n<blockquote>\n<h3>IL VARESE ESPUGNA IL DE TONI E SI PORTA SUL 2 A 0 NELLA SERIE. IL FELTRE VINCE AD APPIANO<\/h3>\n<\/blockquote>\n<p><strong>di Marco Gaz<\/strong><\/p>\n<p><span style=\"color: #ff0000;\"><strong>IHL \u2013 GARA 2 QUARTI DI FINALE<\/strong><\/span><\/p>\n<p><strong>ALLEGHE \u2013 VARESE 1-4 (VARESE IN VANTAGGIO 2-0 NELLA SERIE)<\/strong><\/p>\n<p>PARZIALI: 0-1, 0-1, 1-2<\/p>\n<p>GOL: pt. 4\u201922\u201d Franchini. st. 12\u201921\u201d Franchini. tt. 3\u201953\u201d Perino, 9\u201924\u201d Makela, 12\u201903\u201d Piroso<\/p>\n<p>Niente da fare per l\u2019Alleghe che crolla in casa in gara 2 dei quarti di finale contro il Varese. I lombardi incamerano la seconda vittoria consecutiva e domani sera avranno a disposizione il primo match point. Ora per le civette si fa dura. Per passare il turno dovranno vincere tutte e tre le partite in programma altrimenti il campionato sar\u00e0 terminato anzitempo. Tornando alla partita, gli agordini hanno giocato bene ma, nonostante i tanti tiri verso la porta avversaria, peccano in fase di realizzazione. Cosa che non hanno fatto i mastini, capaci di colpire al momento giusto. Grandi emozioni nei primi minuti di gara. L\u2019Alleghe parte all\u2019arrembaggio e il Varese prova a rispondere impegnando Scola. I mastini hanno a disposizione un powerplay che sfruttano a pieno dopo pochi secondi. Ci pensa Franchini a gonfiare la rete con un diagonale che si infila sotto all\u2019incrocio. Le civette non demordono e provano a farsi vive dalle parti del golie lombardo. Anche gli agordini hanno una superiorit\u00e0 a favore ma la difesa varesina non si fa sorprendere. Nel finale di tempo i padroni di casa premono ma il disco non entra. Seconda frazione che continua con l\u2019Alleghe alla ricerca del gol ma la porta avversaria sembra stregata. \u00c8 un assedio dei biancorossi ma le conclusioni non vogliono attraversare la linea di porta. Varese sornione che si avvicina alla seconda marcatura in powerplay. Makela sfiora il pareggio e Scola salva il risultato in pi\u00f9 occasioni. Ad avere la meglio sono ancora i mastini che trovano il raddoppio. Ancora una volta ci pensa Franchini a battere il golie alleghese con un gol fotocopia al precedente. Stringono i denti gli agordini che soffrono alcune incursioni lombrade ma nel finale di tempo i padroni di casa si risvegliano mettendo in difficolt\u00e0 gli avversari in superiorit\u00e0 numerica. Alleghesi che rimangono in partita anche nel terzo drittel. Alessio e Makela si avvicinano al gol. Il Varese intanto mette a segno la terza marcatura della serata. Tiro dalla distanza, Scola non trattiene e lesto Perino gonfia la rete su ribattuta. Le civette accorciano le distanze con Makela in doppia superiorit\u00e0 numerica. Lombardi che calano il poker poco dopo con Piroso. Finale di gara con le formazioni che continuano a lottare su ogni disco e i mastini sbancano il De Toni.<\/p>\n<p><strong>LE FOTO DI MATTEO FLORIDIA<\/strong><\/p>\n\n\t\t\t<style type='text\/css'>\n\t\t\t\t#gallery-6 {\n\t\t\t\t\tmargin: auto;\n\t\t\t\t}\n\t\t\t\t#gallery-6 .gallery-item {\n\t\t\t\t\tfloat: left;\n\t\t\t\t\tmargin-top: 10px;\n\t\t\t\t\ttext-align: center;\n\t\t\t\t\twidth: 33%;\n\t\t\t\t}\n\t\t\t\t#gallery-6 img {\n\t\t\t\t\tborder: 2px solid #cfcfcf;\n\t\t\t\t}\n\t\t\t\t#gallery-6 .gallery-caption {\n\t\t\t\t\tmargin-left: 0;\n\t\t\t\t}\n\t\t\t\t\/* see gallery_shortcode() in wp-includes\/media.php *\/\n\t\t\t<\/style>\n\t\t<div id='gallery-6' class='dt-gallery-container gallery galleryid-437750 gallery-columns-3 gallery-size-medium'><dl class='gallery-item'>\n\t\t\t\t<dt class='gallery-icon landscape'>\n\t\t\t\t\t<a class=\"rollover rollover-zoom dt-pswp-item\" title=\"D3S_9573\" data-dt-img-description=\"\" data-large_image_width=\"2000\" data-large_image_height=\"1481\"href='https:\/\/www.radiopiu.net\/wordpress\/wp-content\/uploads\/2025\/03\/D3S_9573.jpg'><img loading=\"lazy\" decoding=\"async\" width=\"300\" height=\"222\" src=\"https:\/\/www.radiopiu.net\/wordpress\/wp-content\/uploads\/2025\/03\/D3S_9573-300x222.jpg\" class=\"attachment-medium size-medium\" alt=\"\" srcset=\"https:\/\/www.radiopiu.net\/wordpress\/wp-content\/uploads\/2025\/03\/D3S_9573-300x222.jpg 300w, https:\/\/www.radiopiu.net\/wordpress\/wp-content\/uploads\/2025\/03\/D3S_9573-1024x758.jpg 1024w, https:\/\/www.radiopiu.net\/wordpress\/wp-content\/uploads\/2025\/03\/D3S_9573-768x569.jpg 768w, https:\/\/www.radiopiu.net\/wordpress\/wp-content\/uploads\/2025\/03\/D3S_9573-1536x1137.jpg 1536w, https:\/\/www.radiopiu.net\/wordpress\/wp-content\/uploads\/2025\/03\/D3S_9573.jpg 2000w\" sizes=\"auto, (max-width: 300px) 100vw, 300px\" \/><\/a>\n\t\t\t\t<\/dt><\/dl><dl class='gallery-item'>\n\t\t\t\t<dt class='gallery-icon landscape'>\n\t\t\t\t\t<a class=\"rollover rollover-zoom dt-pswp-item\" title=\"D3S_9599\" data-dt-img-description=\"\" data-large_image_width=\"2000\" data-large_image_height=\"1319\"href='https:\/\/www.radiopiu.net\/wordpress\/wp-content\/uploads\/2025\/03\/D3S_9599.jpg'><img loading=\"lazy\" decoding=\"async\" width=\"300\" height=\"198\" src=\"https:\/\/www.radiopiu.net\/wordpress\/wp-content\/uploads\/2025\/03\/D3S_9599-300x198.jpg\" class=\"attachment-medium size-medium\" alt=\"\" srcset=\"https:\/\/www.radiopiu.net\/wordpress\/wp-content\/uploads\/2025\/03\/D3S_9599-300x198.jpg 300w, https:\/\/www.radiopiu.net\/wordpress\/wp-content\/uploads\/2025\/03\/D3S_9599-1024x675.jpg 1024w, https:\/\/www.radiopiu.net\/wordpress\/wp-content\/uploads\/2025\/03\/D3S_9599-768x506.jpg 768w, https:\/\/www.radiopiu.net\/wordpress\/wp-content\/uploads\/2025\/03\/D3S_9599-1536x1013.jpg 1536w, https:\/\/www.radiopiu.net\/wordpress\/wp-content\/uploads\/2025\/03\/D3S_9599.jpg 2000w\" sizes=\"auto, (max-width: 300px) 100vw, 300px\" \/><\/a>\n\t\t\t\t<\/dt><\/dl><dl class='gallery-item'>\n\t\t\t\t<dt class='gallery-icon landscape'>\n\t\t\t\t\t<a class=\"rollover rollover-zoom dt-pswp-item\" title=\"D3S_9631\" data-dt-img-description=\"\" data-large_image_width=\"2000\" data-large_image_height=\"1331\"href='https:\/\/www.radiopiu.net\/wordpress\/wp-content\/uploads\/2025\/03\/D3S_9631.jpg'><img loading=\"lazy\" decoding=\"async\" width=\"300\" height=\"200\" src=\"https:\/\/www.radiopiu.net\/wordpress\/wp-content\/uploads\/2025\/03\/D3S_9631-300x200.jpg\" class=\"attachment-medium size-medium\" alt=\"\" srcset=\"https:\/\/www.radiopiu.net\/wordpress\/wp-content\/uploads\/2025\/03\/D3S_9631-300x200.jpg 300w, https:\/\/www.radiopiu.net\/wordpress\/wp-content\/uploads\/2025\/03\/D3S_9631-1024x681.jpg 1024w, https:\/\/www.radiopiu.net\/wordpress\/wp-content\/uploads\/2025\/03\/D3S_9631-768x511.jpg 768w, https:\/\/www.radiopiu.net\/wordpress\/wp-content\/uploads\/2025\/03\/D3S_9631-1536x1022.jpg 1536w, https:\/\/www.radiopiu.net\/wordpress\/wp-content\/uploads\/2025\/03\/D3S_9631.jpg 2000w\" sizes=\"auto, (max-width: 300px) 100vw, 300px\" \/><\/a>\n\t\t\t\t<\/dt><\/dl><br style=\"clear: both\" \/><dl class='gallery-item'>\n\t\t\t\t<dt class='gallery-icon landscape'>\n\t\t\t\t\t<a class=\"rollover rollover-zoom dt-pswp-item\" title=\"D3S_9650\" data-dt-img-description=\"\" data-large_image_width=\"2000\" data-large_image_height=\"1238\"href='https:\/\/www.radiopiu.net\/wordpress\/wp-content\/uploads\/2025\/03\/D3S_9650.jpg'><img loading=\"lazy\" decoding=\"async\" width=\"300\" height=\"186\" src=\"https:\/\/www.radiopiu.net\/wordpress\/wp-content\/uploads\/2025\/03\/D3S_9650-300x186.jpg\" class=\"attachment-medium size-medium\" alt=\"\" srcset=\"https:\/\/www.radiopiu.net\/wordpress\/wp-content\/uploads\/2025\/03\/D3S_9650-300x186.jpg 300w, https:\/\/www.radiopiu.net\/wordpress\/wp-content\/uploads\/2025\/03\/D3S_9650-1024x634.jpg 1024w, https:\/\/www.radiopiu.net\/wordpress\/wp-content\/uploads\/2025\/03\/D3S_9650-768x475.jpg 768w, https:\/\/www.radiopiu.net\/wordpress\/wp-content\/uploads\/2025\/03\/D3S_9650-1536x951.jpg 1536w, https:\/\/www.radiopiu.net\/wordpress\/wp-content\/uploads\/2025\/03\/D3S_9650.jpg 2000w\" sizes=\"auto, (max-width: 300px) 100vw, 300px\" \/><\/a>\n\t\t\t\t<\/dt><\/dl><dl class='gallery-item'>\n\t\t\t\t<dt class='gallery-icon landscape'>\n\t\t\t\t\t<a class=\"rollover rollover-zoom dt-pswp-item\" title=\"D3S_9688\" data-dt-img-description=\"\" data-large_image_width=\"2000\" data-large_image_height=\"1413\"href='https:\/\/www.radiopiu.net\/wordpress\/wp-content\/uploads\/2025\/03\/D3S_9688.jpg'><img loading=\"lazy\" decoding=\"async\" width=\"300\" height=\"212\" src=\"https:\/\/www.radiopiu.net\/wordpress\/wp-content\/uploads\/2025\/03\/D3S_9688-300x212.jpg\" class=\"attachment-medium size-medium\" alt=\"\" srcset=\"https:\/\/www.radiopiu.net\/wordpress\/wp-content\/uploads\/2025\/03\/D3S_9688-300x212.jpg 300w, https:\/\/www.radiopiu.net\/wordpress\/wp-content\/uploads\/2025\/03\/D3S_9688-1024x723.jpg 1024w, https:\/\/www.radiopiu.net\/wordpress\/wp-content\/uploads\/2025\/03\/D3S_9688-768x543.jpg 768w, https:\/\/www.radiopiu.net\/wordpress\/wp-content\/uploads\/2025\/03\/D3S_9688-1536x1085.jpg 1536w, https:\/\/www.radiopiu.net\/wordpress\/wp-content\/uploads\/2025\/03\/D3S_9688.jpg 2000w\" sizes=\"auto, (max-width: 300px) 100vw, 300px\" \/><\/a>\n\t\t\t\t<\/dt><\/dl><dl class='gallery-item'>\n\t\t\t\t<dt class='gallery-icon landscape'>\n\t\t\t\t\t<a class=\"rollover rollover-zoom dt-pswp-item\" title=\"D3S_9736\" data-dt-img-description=\"\" data-large_image_width=\"2000\" data-large_image_height=\"1331\"href='https:\/\/www.radiopiu.net\/wordpress\/wp-content\/uploads\/2025\/03\/D3S_9736.jpg'><img loading=\"lazy\" decoding=\"async\" width=\"300\" height=\"200\" src=\"https:\/\/www.radiopiu.net\/wordpress\/wp-content\/uploads\/2025\/03\/D3S_9736-300x200.jpg\" class=\"attachment-medium size-medium\" alt=\"\" srcset=\"https:\/\/www.radiopiu.net\/wordpress\/wp-content\/uploads\/2025\/03\/D3S_9736-300x200.jpg 300w, https:\/\/www.radiopiu.net\/wordpress\/wp-content\/uploads\/2025\/03\/D3S_9736-1024x681.jpg 1024w, https:\/\/www.radiopiu.net\/wordpress\/wp-content\/uploads\/2025\/03\/D3S_9736-768x511.jpg 768w, https:\/\/www.radiopiu.net\/wordpress\/wp-content\/uploads\/2025\/03\/D3S_9736-1536x1022.jpg 1536w, https:\/\/www.radiopiu.net\/wordpress\/wp-content\/uploads\/2025\/03\/D3S_9736.jpg 2000w\" sizes=\"auto, (max-width: 300px) 100vw, 300px\" \/><\/a>\n\t\t\t\t<\/dt><\/dl><br style=\"clear: both\" \/>\n\t\t\t<\/div>\n\n<p>&nbsp;<\/p>\n<p><strong>APPIANO \u2013 FELTRE 1-2 (SERIE 1-1)<\/strong><\/p>\n<p>PARZIALI: 0-1, 1-1, 0-0<\/p>\n<p>GOL: pt. 3\u201926\u201d Da Forno. st. 1\u201955\u201d Kadlec, 6\u201905\u201d Svoboda<\/p>\n<p>Il Feltre vince di misura e pareggia la serie con l\u2019Appiano. In terra altoatesina i picchi vincono ma non convincono pi\u00f9 di tanto in un match in cui i padroni di casa hanno tenuto testa agli avversari, specialmente nella frazione centrale. Domani di nuovo in campo per gara 3 al Drio Le Rive di Feltre. Parte con il piede giusto la sfida per il Feltre che dopo appena tre giri di orologio si porta in vantaggio con Da Forno. I picchi sembrano indiavolati e prendono di mira la porta avversaria. L\u2019Appiano si sveglia nel finale di tempo ma le conclusioni verso la porta sono velleitarie. Nel secondo tempo i feltrini trovano subito il raddoppio con Kadlec. I pirati rialzano la testa e riaprono la gara con Svoboda. Terza frazione di gara giocata pressoch\u00e8 alla pari con le squadre che fanno botta e risposta ma senza trovare il gol.<\/p>\n<p>&nbsp;<\/p>\n<p>&nbsp;<\/p>\n","protected":false},"excerpt":{"rendered":"<p>********* &nbsp; LA\u00a0 APP PER IOS-IPHONE di Nicola Vettorello https:\/\/apps.apple.com\/it\/app\/radio-pi%C3%B9-emittente-agordina\/id1515939845 LA\u00a0 APP RADIO\u00a0 PER ANDROID di Nicola Vettorello https:\/\/play.google.com\/store\/apps\/details?id=net.radiopiu.iniko\u00a0\u00a0\u00a0\u00a0 &nbsp; MANPOWER, OGGI A SEDICO&#8230; L&#8217;INAUGURAZIONE DEL NUOVO SPORTELLO &nbsp; RADIO PIU&#8217; CAMBIA CANALE IN DAB \u00a0 REDAZIONE Novit\u00e0 in vista per gli ascoltatori di Radio Pi\u00f9 in DAB+. E&#8217; iniziato il processo di modifica del&hellip;<\/p>\n","protected":false},"author":4,"featured_media":437975,"comment_status":"closed","ping_status":"closed","sticky":false,"template":"","format":"standard","meta":{"_monsterinsights_skip_tracking":false,"_monsterinsights_sitenote_active":false,"_monsterinsights_sitenote_note":"","_monsterinsights_sitenote_category":0,"footnotes":""},"categories":[51,86,49],"tags":[],"class_list":["post-437750","post","type-post","status-publish","format-standard","has-post-thumbnail","hentry","category-evidenza-top","category-gr","category-news-18","category-51","category-86","category-49","description-off"],"img_url":"https:\/\/www.radiopiu.net\/wordpress\/wp-content\/uploads\/2025\/03\/PECORE-TRAFFICO.png","_links":{"self":[{"href":"https:\/\/www.radiopiu.net\/wordpress\/wp-json\/wp\/v2\/posts\/437750","targetHints":{"allow":["GET"]}}],"collection":[{"href":"https:\/\/www.radiopiu.net\/wordpress\/wp-json\/wp\/v2\/posts"}],"about":[{"href":"https:\/\/www.radiopiu.net\/wordpress\/wp-json\/wp\/v2\/types\/post"}],"author":[{"embeddable":true,"href":"https:\/\/www.radiopiu.net\/wordpress\/wp-json\/wp\/v2\/users\/4"}],"replies":[{"embeddable":true,"href":"https:\/\/www.radiopiu.net\/wordpress\/wp-json\/wp\/v2\/comments?post=437750"}],"version-history":[{"count":29,"href":"https:\/\/www.radiopiu.net\/wordpress\/wp-json\/wp\/v2\/posts\/437750\/revisions"}],"predecessor-version":[{"id":437982,"href":"https:\/\/www.radiopiu.net\/wordpress\/wp-json\/wp\/v2\/posts\/437750\/revisions\/437982"}],"wp:featuredmedia":[{"embeddable":true,"href":"https:\/\/www.radiopiu.net\/wordpress\/wp-json\/wp\/v2\/media\/437975"}],"wp:attachment":[{"href":"https:\/\/www.radiopiu.net\/wordpress\/wp-json\/wp\/v2\/media?parent=437750"}],"wp:term":[{"taxonomy":"category","embeddable":true,"href":"https:\/\/www.radiopiu.net\/wordpress\/wp-json\/wp\/v2\/categories?post=437750"},{"taxonomy":"post_tag","embeddable":true,"href":"https:\/\/www.radiopiu.net\/wordpress\/wp-json\/wp\/v2\/tags?post=437750"}],"curies":[{"name":"wp","href":"https:\/\/api.w.org\/{rel}","templated":true}]}}