{"id":437762,"date":"2025-03-04T14:52:57","date_gmt":"2025-03-04T13:52:57","guid":{"rendered":"https:\/\/www.radiopiu.net\/wordpress\/?p=437762"},"modified":"2025-03-04T14:55:43","modified_gmt":"2025-03-04T13:55:43","slug":"medico-accusato-di-spiare-i-dati-sanitari-dellex-rischia-oltre-3-anni-di-carcere","status":"publish","type":"post","link":"https:\/\/www.radiopiu.net\/wordpress\/medico-accusato-di-spiare-i-dati-sanitari-dellex-rischia-oltre-3-anni-di-carcere\/","title":{"rendered":"Medico accusato di spiare i dati sanitari dell&#8217;ex: rischia oltre 3 anni di carcere"},"content":{"rendered":"<p>**<\/p>\n<p><strong>OGGI LA GIUDIZIARIA<\/strong><\/p>\n<p><strong>SUL CORRIERE DELLE ALPI_SINTESI<\/strong><br \/>\n<strong>GIGI SOSSO<\/strong><\/p>\n<p><strong><img loading=\"lazy\" decoding=\"async\" class=\"alignleft\" src=\"https:\/\/www.radiopiu.net\/wordpress\/wp-content\/uploads\/2023\/09\/594b8f93-ecf8-458e-a177-be693358dd1a.jpg\" width=\"163\" height=\"122\" \/>AGORDO<\/strong> Il medico anestesista D P, dell\u2019ospedale di Agordo, rischia una condanna a tre anni e due mesi per aver spiato i dati sanitari dell\u2019ex fidanzata. La Procura ha chiesto anche un risarcimento di 10 mila euro. Gi\u00e0 condannato a un anno per atti persecutori, avrebbe effettuato quattro accessi non autorizzati al sistema sanitario. L&#8217;Ulss 1 Dolomiti ha avviato un procedimento disciplinare, sospendendolo per sei mesi. La difesa chiede l&#8217;assoluzione, negando prove di accessi illegali. Il processo prosegue con nuove udienze.<\/p>\n<blockquote>\n<p data-start=\"0\" data-end=\"56\"><strong data-start=\"0\" data-end=\"54\">Il ladro con la mascherina: \u00e8 davvero Vainer Kari?<\/strong><\/p>\n<\/blockquote>\n<p data-start=\"58\" data-end=\"569\" data-is-last-node=\"\" data-is-only-node=\"\"><strong><a class=\"dt-pswp-item\" href=\"https:\/\/www.radiopiu.net\/wordpress\/wp-content\/uploads\/2025\/03\/mask-5391310_640.jpg\" data-dt-img-description=\"\" data-large_image_width=\"640\" data-large_image_height=\"414\"><img loading=\"lazy\" decoding=\"async\" class=\"wp-image-437768 alignleft\" src=\"https:\/\/www.radiopiu.net\/wordpress\/wp-content\/uploads\/2025\/03\/mask-5391310_640-300x194.jpg\" alt=\"\" width=\"190\" height=\"123\" srcset=\"https:\/\/www.radiopiu.net\/wordpress\/wp-content\/uploads\/2025\/03\/mask-5391310_640-300x194.jpg 300w, https:\/\/www.radiopiu.net\/wordpress\/wp-content\/uploads\/2025\/03\/mask-5391310_640.jpg 640w\" sizes=\"auto, (max-width: 190px) 100vw, 190px\" \/><\/a>AGORDO<\/strong> Vainer Kari 24enne di Arzignano con precedenti per furto, \u00e8 imputato per il furto di un bancomat e prelievi illeciti tra Cencenighe e Falcade. Nel 2022, con le restrizioni Covid ancora in vigore, le telecamere lo riprendono sempre con la mascherina, rendendo difficile l\u2019identificazione. L\u2019auto usata per il colpo non \u00e8 sua, ma vi \u00e8 stato visto alla guida. Il giudice ha evidenziato falle nelle indagini dei carabinieri. Il processo a Belluno \u00e8 ancora in corso, con la sentenza attesa nelle prossime settimane.<\/p>\n<p>&nbsp;<\/p>\n<p>__<\/p>\n","protected":false},"excerpt":{"rendered":"<p>** OGGI LA GIUDIZIARIA SUL CORRIERE DELLE ALPI_SINTESI GIGI SOSSO AGORDO Il medico anestesista D P, dell\u2019ospedale di Agordo, rischia una condanna a tre anni e due mesi per aver spiato i dati sanitari dell\u2019ex fidanzata. La Procura ha chiesto anche un risarcimento di 10 mila euro. Gi\u00e0 condannato a un anno per atti persecutori,&hellip;<\/p>\n","protected":false},"author":4,"featured_media":351757,"comment_status":"closed","ping_status":"closed","sticky":false,"template":"","format":"standard","meta":{"_monsterinsights_skip_tracking":false,"_monsterinsights_sitenote_active":false,"_monsterinsights_sitenote_note":"","_monsterinsights_sitenote_category":0,"footnotes":""},"categories":[51,49],"tags":[],"class_list":["post-437762","post","type-post","status-publish","format-standard","has-post-thumbnail","hentry","category-evidenza-top","category-news-18","category-51","category-49","description-off"],"img_url":"https:\/\/www.radiopiu.net\/wordpress\/wp-content\/uploads\/2023\/09\/594b8f93-ecf8-458e-a177-be693358dd1a.jpg","_links":{"self":[{"href":"https:\/\/www.radiopiu.net\/wordpress\/wp-json\/wp\/v2\/posts\/437762","targetHints":{"allow":["GET"]}}],"collection":[{"href":"https:\/\/www.radiopiu.net\/wordpress\/wp-json\/wp\/v2\/posts"}],"about":[{"href":"https:\/\/www.radiopiu.net\/wordpress\/wp-json\/wp\/v2\/types\/post"}],"author":[{"embeddable":true,"href":"https:\/\/www.radiopiu.net\/wordpress\/wp-json\/wp\/v2\/users\/4"}],"replies":[{"embeddable":true,"href":"https:\/\/www.radiopiu.net\/wordpress\/wp-json\/wp\/v2\/comments?post=437762"}],"version-history":[{"count":2,"href":"https:\/\/www.radiopiu.net\/wordpress\/wp-json\/wp\/v2\/posts\/437762\/revisions"}],"predecessor-version":[{"id":437788,"href":"https:\/\/www.radiopiu.net\/wordpress\/wp-json\/wp\/v2\/posts\/437762\/revisions\/437788"}],"wp:featuredmedia":[{"embeddable":true,"href":"https:\/\/www.radiopiu.net\/wordpress\/wp-json\/wp\/v2\/media\/351757"}],"wp:attachment":[{"href":"https:\/\/www.radiopiu.net\/wordpress\/wp-json\/wp\/v2\/media?parent=437762"}],"wp:term":[{"taxonomy":"category","embeddable":true,"href":"https:\/\/www.radiopiu.net\/wordpress\/wp-json\/wp\/v2\/categories?post=437762"},{"taxonomy":"post_tag","embeddable":true,"href":"https:\/\/www.radiopiu.net\/wordpress\/wp-json\/wp\/v2\/tags?post=437762"}],"curies":[{"name":"wp","href":"https:\/\/api.w.org\/{rel}","templated":true}]}}