{"id":437769,"date":"2025-03-04T05:48:47","date_gmt":"2025-03-04T04:48:47","guid":{"rendered":"https:\/\/www.radiopiu.net\/wordpress\/?p=437769"},"modified":"2025-03-04T08:27:36","modified_gmt":"2025-03-04T07:27:36","slug":"un-quarto-dora-sotto-le-neve-la-storia","status":"publish","type":"post","link":"https:\/\/www.radiopiu.net\/wordpress\/un-quarto-dora-sotto-le-neve-la-storia\/","title":{"rendered":"UN QUARTO D&#8217;ORA SOTTO LE NEVE, LA STORIA."},"content":{"rendered":"<p>**<\/p>\n<p><strong>FRASSENE&#8217; DI\u00a0 VOLTAGO AGORDINO<\/strong><\/p>\n<div class=\"flex max-w-full flex-col flex-grow\">\n<div class=\"min-h-8 text-message relative flex w-full flex-col items-end gap-2 whitespace-normal break-words text-start [.text-message+&amp;]:mt-5\" dir=\"auto\" data-message-author-role=\"assistant\" data-message-id=\"21e99051-7868-4d88-86db-341d54ddb422\" data-message-model-slug=\"gpt-4o\">\n<div class=\"flex w-full flex-col gap-1 empty:hidden first:pt-[3px]\">\n<div class=\"markdown prose w-full break-words dark:prose-invert dark\">\n<p data-start=\"36\" data-end=\"533\" data-is-last-node=\"\" data-is-only-node=\"\"><img loading=\"lazy\" decoding=\"async\" class=\"alignleft\" src=\"https:\/\/www.radiopiu.net\/wordpress\/wp-content\/uploads\/2025\/03\/aaaaaaaaa.png\" width=\"281\" height=\"206\" \/>milanese di origine, agordina di\u00a0 d&#8217;adozione, 34 anni, \u00e8 sopravvissuta a una valanga a Passo Cibiana grazie ai dispositivi di autosoccorso e all\u2019intervento immediato degli altri escursionisti. Sepolta per circa dieci minuti, \u00e8 stata recuperata e trasportata in ospedale con un trauma alla gamba. Fondamentale l\u2019uso di artva, pala e sonda, strumenti essenziali in montagna. Gli esperti del Soccorso Alpino sottolineano l\u2019importanza della rapidit\u00e0 nel recupero<\/p>\n<p data-start=\"36\" data-end=\"533\" data-is-last-node=\"\" data-is-only-node=\"\"><strong><em>La curva di sopravvivenza non mente: quando si \u00e8 travolti da una valanga, se si \u00e8 soccorsi entro i primi 18 minuti si ha il 90% di probabilit\u00e0 di sopravvivere; oltre questo tempo la percentuale si abbassa drasticamente fino al 25% dopo 45\u2032. Il tutto considerando le migliori condizioni possibili, ovvero essere vestiti in modo adatto, saper cosa fare e trovare della neve della consistenza tale per cui si possa respirare almeno un po\u2019.<\/em><\/strong><\/p>\n<p data-start=\"36\" data-end=\"533\" data-is-last-node=\"\" data-is-only-node=\"\">\n<\/div>\n<\/div>\n<\/div>\n<\/div>\n<hr \/>\n<div class=\"flex max-w-full flex-col flex-grow\">\n<div class=\"min-h-8 text-message relative flex w-full flex-col items-end gap-2 whitespace-normal break-words text-start [.text-message+&amp;]:mt-5\" dir=\"auto\" data-message-author-role=\"assistant\" data-message-id=\"21e99051-7868-4d88-86db-341d54ddb422\" data-message-model-slug=\"gpt-4o\">\n<div class=\"flex w-full flex-col gap-1 empty:hidden first:pt-[3px]\">\n<div class=\"markdown prose w-full break-words dark:prose-invert dark\">\n<p data-start=\"36\" data-end=\"533\" data-is-last-node=\"\" data-is-only-node=\"\">\n<\/div>\n<\/div>\n<\/div>\n<\/div>\n<h1 class=\"_title post-title entry-title\">CIBIANA DI CADORE | DUE SLAVINE E TRE FERITI: DOMENICA DA INCUBO<\/h1>\n<p>Un 53enne di Belluno \u00e8 stato accompagnato a Pieve di Cadore in codice 2, una 34enne di Voltago Agordino, ritrovata oltre 300 metri pi\u00f9 in basso, \u00e8 stata medicata, imbarellata e trasportata dall\u2019elicottero del Suem di Pieve di Cadore all\u2019ospedale di Belluno con un sospetto grave trauma alla gamba.<\/p>\n<p>\u2013 Intervistati DIMITRI DE GOL (VICE DELEGATO SOCCORSO ALPINO BELLUNO) (Servizio di\u00a0<a href=\"https:\/\/antennatre.medianordest.it\/redazione\/Fabio-Fioravanzi\/\">Fabio Fioravanzi<\/a>)<\/p>\n<p><iframe loading=\"lazy\" title=\"DUE SLAVINE E TRE FERITI: DOMENICA DA INCUBO | 03\/03\/2025\" width=\"1200\" height=\"675\" src=\"https:\/\/www.youtube.com\/embed\/sNd-1bKxI30?feature=oembed\" frameborder=\"0\" allow=\"accelerometer; autoplay; clipboard-write; encrypted-media; gyroscope; picture-in-picture; web-share\" referrerpolicy=\"strict-origin-when-cross-origin\" allowfullscreen><\/iframe><\/p>\n<hr \/>\n<p>&nbsp;<\/p>\n","protected":false},"excerpt":{"rendered":"<p>** FRASSENE&#8217; DI\u00a0 VOLTAGO AGORDINO milanese di origine, agordina di\u00a0 d&#8217;adozione, 34 anni, \u00e8 sopravvissuta a una valanga a Passo Cibiana grazie ai dispositivi di autosoccorso e all\u2019intervento immediato degli altri escursionisti. Sepolta per circa dieci minuti, \u00e8 stata recuperata e trasportata in ospedale con un trauma alla gamba. Fondamentale l\u2019uso di artva, pala e&hellip;<\/p>\n","protected":false},"author":4,"featured_media":437771,"comment_status":"closed","ping_status":"closed","sticky":false,"template":"","format":"standard","meta":{"_monsterinsights_skip_tracking":false,"_monsterinsights_sitenote_active":false,"_monsterinsights_sitenote_note":"","_monsterinsights_sitenote_category":0,"footnotes":""},"categories":[51,49],"tags":[],"class_list":["post-437769","post","type-post","status-publish","format-standard","has-post-thumbnail","hentry","category-evidenza-top","category-news-18","category-51","category-49","description-off"],"img_url":"https:\/\/www.radiopiu.net\/wordpress\/wp-content\/uploads\/2025\/03\/aaaaaaaaa.png","_links":{"self":[{"href":"https:\/\/www.radiopiu.net\/wordpress\/wp-json\/wp\/v2\/posts\/437769","targetHints":{"allow":["GET"]}}],"collection":[{"href":"https:\/\/www.radiopiu.net\/wordpress\/wp-json\/wp\/v2\/posts"}],"about":[{"href":"https:\/\/www.radiopiu.net\/wordpress\/wp-json\/wp\/v2\/types\/post"}],"author":[{"embeddable":true,"href":"https:\/\/www.radiopiu.net\/wordpress\/wp-json\/wp\/v2\/users\/4"}],"replies":[{"embeddable":true,"href":"https:\/\/www.radiopiu.net\/wordpress\/wp-json\/wp\/v2\/comments?post=437769"}],"version-history":[{"count":7,"href":"https:\/\/www.radiopiu.net\/wordpress\/wp-json\/wp\/v2\/posts\/437769\/revisions"}],"predecessor-version":[{"id":437806,"href":"https:\/\/www.radiopiu.net\/wordpress\/wp-json\/wp\/v2\/posts\/437769\/revisions\/437806"}],"wp:featuredmedia":[{"embeddable":true,"href":"https:\/\/www.radiopiu.net\/wordpress\/wp-json\/wp\/v2\/media\/437771"}],"wp:attachment":[{"href":"https:\/\/www.radiopiu.net\/wordpress\/wp-json\/wp\/v2\/media?parent=437769"}],"wp:term":[{"taxonomy":"category","embeddable":true,"href":"https:\/\/www.radiopiu.net\/wordpress\/wp-json\/wp\/v2\/categories?post=437769"},{"taxonomy":"post_tag","embeddable":true,"href":"https:\/\/www.radiopiu.net\/wordpress\/wp-json\/wp\/v2\/tags?post=437769"}],"curies":[{"name":"wp","href":"https:\/\/api.w.org\/{rel}","templated":true}]}}