{"id":437814,"date":"2025-03-04T14:50:53","date_gmt":"2025-03-04T13:50:53","guid":{"rendered":"https:\/\/www.radiopiu.net\/wordpress\/?p=437814"},"modified":"2025-03-04T14:56:31","modified_gmt":"2025-03-04T13:56:31","slug":"437814-2aa","status":"publish","type":"post","link":"https:\/\/www.radiopiu.net\/wordpress\/437814-2aa\/","title":{"rendered":"SKATEPARK A BELLUNO, LEGA v\/s GEN"},"content":{"rendered":"<p>*<\/p>\n<blockquote>\n<p data-start=\"0\" data-end=\"60\"><strong>BELLUNO <\/strong>Pare proprio che i giovani si trovino invischiati nella polemica politica, stamane i giovani leghisti sono usciti allo scoperto tra l&#8217;altro ricordando le amicizie con la maggioranza in consiglio comunale. Ora a ribadire che &#8220;noi siamo sul pezzo&#8221; e &#8220;in consiglio non ci considerano &#8221; ci pensa Luigi Filippo Daniele di Generazione Europa LIberal Democratici. Per i giovani una prima lezione di vita&#8230; di come funziona<\/p>\n<p data-start=\"0\" data-end=\"60\">\n<\/blockquote>\n<h1>La Lega Giovani per uno skatepark sicuro e accessibile<\/h1>\n<p data-start=\"62\" data-end=\"413\"><strong><a class=\"dt-pswp-item\" href=\"https:\/\/www.radiopiu.net\/wordpress\/wp-content\/uploads\/2025\/03\/IMG_1487-min-scaled.jpeg\" data-dt-img-description=\"\" data-large_image_width=\"1707\" data-large_image_height=\"2560\"><img loading=\"lazy\" decoding=\"async\" class=\" wp-image-437813 alignleft\" src=\"https:\/\/www.radiopiu.net\/wordpress\/wp-content\/uploads\/2025\/03\/IMG_1487-min-200x300.jpeg\" alt=\"\" width=\"94\" height=\"141\" srcset=\"https:\/\/www.radiopiu.net\/wordpress\/wp-content\/uploads\/2025\/03\/IMG_1487-min-200x300.jpeg 200w, https:\/\/www.radiopiu.net\/wordpress\/wp-content\/uploads\/2025\/03\/IMG_1487-min-683x1024.jpeg 683w, https:\/\/www.radiopiu.net\/wordpress\/wp-content\/uploads\/2025\/03\/IMG_1487-min-768x1152.jpeg 768w, https:\/\/www.radiopiu.net\/wordpress\/wp-content\/uploads\/2025\/03\/IMG_1487-min-1024x1536.jpeg 1024w, https:\/\/www.radiopiu.net\/wordpress\/wp-content\/uploads\/2025\/03\/IMG_1487-min-1365x2048.jpeg 1365w, https:\/\/www.radiopiu.net\/wordpress\/wp-content\/uploads\/2025\/03\/IMG_1487-min-scaled.jpeg 1707w\" sizes=\"auto, (max-width: 94px) 100vw, 94px\" \/><\/a><\/strong> La richiesta di uno skatepark a Belluno sta raccogliendo sempre pi\u00f9 consensi, grazie a una petizione e una raccolta firme promosse dai cittadini. La Lega Giovani, attenta alle esigenze delle nuove generazioni, ha avviato un confronto diretto con l\u2019amministrazione comunale (la Lega \u00e8 parte integrante della maggioranza) per trasformare questa richiesta in un progetto concreto. Durante un recente incontro con l\u2019assessore competente, \u00e8 stato ribadito che la creazione dello skatepark \u00e8 una priorit\u00e0 per l\u2019amministrazione fin dall\u2019inizio della consiliatura. La Lega Giovani sostiene l\u2019individuazione di un\u2019area centrale, ben servita e facilmente accessibile, per garantire sicurezza e massima fruibilit\u00e0 ai giovani skater. Un\u2019ubicazione pi\u00f9 vicina al centro favorirebbe anche un monitoraggio costante da parte delle autorit\u00e0, rendendo lo skatepark un luogo sicuro e vivace.<\/p>\n<blockquote><p><em>&#8220;Il nostro movimento &#8211; dice Marco Donno, coordinatore Lega Giovani Belluno (foto) &#8211;\u00a0 continuer\u00e0 a lavorare affinch\u00e9 Belluno possa dotarsi di uno skatepark moderno e funzionale, rispondendo alle esigenze dei giovani e della comunit\u00e0, in un dialogo costante e collaborativo con l\u2019amministrazione comunale. <\/em><em>In quest\u2019ottica rimaniamo aperti ad ogni possibile confronto o dialogo con le varie realt\u00e0 cittadine&#8221;.\u00a0\u00a0<\/em><\/p>\n<p>&nbsp;<\/p><\/blockquote>\n<hr \/>\n<p><strong data-start=\"0\" data-end=\"70\"><a class=\"dt-pswp-item\" href=\"https:\/\/www.radiopiu.net\/wordpress\/wp-content\/uploads\/2025\/03\/Senza-nome-16.png\" data-dt-img-description=\"\" data-large_image_width=\"385\" data-large_image_height=\"378\"><img loading=\"lazy\" decoding=\"async\" class=\" wp-image-437852 alignleft\" src=\"https:\/\/www.radiopiu.net\/wordpress\/wp-content\/uploads\/2025\/03\/Senza-nome-16-300x295.png\" alt=\"\" width=\"131\" height=\"129\" srcset=\"https:\/\/www.radiopiu.net\/wordpress\/wp-content\/uploads\/2025\/03\/Senza-nome-16-300x295.png 300w, https:\/\/www.radiopiu.net\/wordpress\/wp-content\/uploads\/2025\/03\/Senza-nome-16.png 385w\" sizes=\"auto, (max-width: 131px) 100vw, 131px\" \/><\/a>Mobilitazione per lo Skatepark a Belluno: oltre 400 firme raccolte<\/strong><\/p>\n<p data-start=\"72\" data-end=\"809\" data-is-last-node=\"\" data-is-only-node=\"\">Continua la raccolta firme per la realizzazione di uno Skatepark a Belluno, promossa da Alessio Buzzo e dal gruppo Generazione Europa Liberali Democratici Bellunesi (GEL). In due sabati sono state raccolte oltre 400 adesioni, a testimonianza dell&#8217;interesse, soprattutto tra i giovani, per uno spazio dedicato agli sport urbani. Sabato prossimo, i promotori saranno nuovamente in piazza dei Martiri dalle 9 alle 17 per raccogliere altre firme e sensibilizzare la comunit\u00e0 e le istituzioni. Nonostante l&#8217;appoggio della Lega Giovani, gli organizzatori lamentano il silenzio dell\u2019assessore Olivotto, che non ha dato seguito alle richieste di incontro. I promotori ribadiscono la necessit\u00e0 di un dialogo per trasformare il progetto in realt\u00e0.<\/p>\n<hr \/>\n<p>&nbsp;<\/p>\n","protected":false},"excerpt":{"rendered":"<p>* BELLUNO Pare proprio che i giovani si trovino invischiati nella polemica politica, stamane i giovani leghisti sono usciti allo scoperto tra l&#8217;altro ricordando le amicizie con la maggioranza in consiglio comunale. Ora a ribadire che &#8220;noi siamo sul pezzo&#8221; e &#8220;in consiglio non ci considerano &#8221; ci pensa Luigi Filippo Daniele di Generazione Europa&hellip;<\/p>\n","protected":false},"author":4,"featured_media":437854,"comment_status":"closed","ping_status":"closed","sticky":false,"template":"","format":"standard","meta":{"_monsterinsights_skip_tracking":false,"_monsterinsights_sitenote_active":false,"_monsterinsights_sitenote_note":"","_monsterinsights_sitenote_category":0,"footnotes":""},"categories":[104,49],"tags":[],"class_list":["post-437814","post","type-post","status-publish","format-standard","has-post-thumbnail","hentry","category-evidenza_3","category-news-18","category-104","category-49","description-off"],"img_url":"https:\/\/www.radiopiu.net\/wordpress\/wp-content\/uploads\/2025\/03\/skate-board-5972124_640.jpg","_links":{"self":[{"href":"https:\/\/www.radiopiu.net\/wordpress\/wp-json\/wp\/v2\/posts\/437814","targetHints":{"allow":["GET"]}}],"collection":[{"href":"https:\/\/www.radiopiu.net\/wordpress\/wp-json\/wp\/v2\/posts"}],"about":[{"href":"https:\/\/www.radiopiu.net\/wordpress\/wp-json\/wp\/v2\/types\/post"}],"author":[{"embeddable":true,"href":"https:\/\/www.radiopiu.net\/wordpress\/wp-json\/wp\/v2\/users\/4"}],"replies":[{"embeddable":true,"href":"https:\/\/www.radiopiu.net\/wordpress\/wp-json\/wp\/v2\/comments?post=437814"}],"version-history":[{"count":5,"href":"https:\/\/www.radiopiu.net\/wordpress\/wp-json\/wp\/v2\/posts\/437814\/revisions"}],"predecessor-version":[{"id":437857,"href":"https:\/\/www.radiopiu.net\/wordpress\/wp-json\/wp\/v2\/posts\/437814\/revisions\/437857"}],"wp:featuredmedia":[{"embeddable":true,"href":"https:\/\/www.radiopiu.net\/wordpress\/wp-json\/wp\/v2\/media\/437854"}],"wp:attachment":[{"href":"https:\/\/www.radiopiu.net\/wordpress\/wp-json\/wp\/v2\/media?parent=437814"}],"wp:term":[{"taxonomy":"category","embeddable":true,"href":"https:\/\/www.radiopiu.net\/wordpress\/wp-json\/wp\/v2\/categories?post=437814"},{"taxonomy":"post_tag","embeddable":true,"href":"https:\/\/www.radiopiu.net\/wordpress\/wp-json\/wp\/v2\/tags?post=437814"}],"curies":[{"name":"wp","href":"https:\/\/api.w.org\/{rel}","templated":true}]}}