{"id":437832,"date":"2025-03-04T14:08:21","date_gmt":"2025-03-04T13:08:21","guid":{"rendered":"https:\/\/www.radiopiu.net\/wordpress\/?p=437832"},"modified":"2025-03-04T14:56:13","modified_gmt":"2025-03-04T13:56:13","slug":"la-valutazione-di-incidenza-ambientale-una-burocrazia-soffocante-che-solo-lautonomia-potra-risolvere","status":"publish","type":"post","link":"https:\/\/www.radiopiu.net\/wordpress\/la-valutazione-di-incidenza-ambientale-una-burocrazia-soffocante-che-solo-lautonomia-potra-risolvere\/","title":{"rendered":"La Valutazione di Incidenza Ambientale: una burocrazia soffocante che solo l&#8217;autonomia potr\u00e0 risolvere"},"content":{"rendered":"<p>***<\/p>\n<p>La complessit\u00e0 della normativa sulla Valutazione di Incidenza Ambientale (Vinca) crea difficolt\u00e0 in Veneto, legate all\u2019adeguamento alle linee guida nazionali. L\u2019assessore Bottacin denuncia l\u2019approccio restrittivo e chiede autonomia per semplificare le normative, soprattutto per adattarle alle specificit\u00e0 territoriali. Chiede anche il sostegno di Dario Bond per accelerare il processo.<\/p>\n<p><strong>L&#8217;ASSESSORE GIANPAOLO BOTTACINI<\/strong><\/p>\n<div style=\"width: 848px;\" class=\"wp-video\"><video class=\"wp-video-shortcode\" id=\"video-437832-1\" width=\"848\" height=\"478\" preload=\"metadata\" controls=\"controls\"><source type=\"video\/mp4\" src=\"https:\/\/www.radiopiu.net\/wordpress\/wp-content\/uploads\/2025\/03\/WhatsApp-Video-2025-03-04-at-14.02.12-1.mp4?_=1\" \/><a href=\"https:\/\/www.radiopiu.net\/wordpress\/wp-content\/uploads\/2025\/03\/WhatsApp-Video-2025-03-04-at-14.02.12-1.mp4\">https:\/\/www.radiopiu.net\/wordpress\/wp-content\/uploads\/2025\/03\/WhatsApp-Video-2025-03-04-at-14.02.12-1.mp4<\/a><\/video><\/div>\n<p>&nbsp;<\/p>\n<p><strong>ANDREA DE BERNARDIN SEGRETARIO LEGA NORD BELLUNO<\/strong><\/p>\n<p>&nbsp;<\/p>\n<div style=\"width: 848px;\" class=\"wp-video\"><video class=\"wp-video-shortcode\" id=\"video-437832-2\" width=\"848\" height=\"478\" preload=\"metadata\" controls=\"controls\"><source type=\"video\/mp4\" src=\"https:\/\/www.radiopiu.net\/wordpress\/wp-content\/uploads\/2025\/03\/WhatsApp-Video-2025-03-04-at-14.27.49.mp4?_=2\" \/><a href=\"https:\/\/www.radiopiu.net\/wordpress\/wp-content\/uploads\/2025\/03\/WhatsApp-Video-2025-03-04-at-14.27.49.mp4\">https:\/\/www.radiopiu.net\/wordpress\/wp-content\/uploads\/2025\/03\/WhatsApp-Video-2025-03-04-at-14.27.49.mp4<\/a><\/video><\/div>\n<p>&nbsp;<\/p>\n<p>&nbsp;<\/p>\n<p><strong>IERI ALLA RADIO DARIO BOND<\/strong><\/p>\n<blockquote>\n<h2>VINCA: preoccupazione tra amministratori, operatori economici e cittadini<\/h2>\n<\/blockquote>\n<p><strong>REDAZIONE<\/strong> L\u2019entrata in vigore del nuovo regolamento regionale sulla Valutazione di Incidenza Ambientale (VINCA) sta sollevando numerose preoccupazioni tra professionisti, amministratori locali e operatori economici. Il presidente del Fondo Comuni Confinanti, Dario Bond, denuncia la complessit\u00e0 e la farraginosit\u00e0 delle norme, che potrebbero rallentare la gestione del territorio e le attivit\u00e0 economiche. Il Veneto ha recepito con ritardo le linee guida nazionali, ma le nuove <a class=\"dt-pswp-item\" href=\"https:\/\/www.radiopiu.net\/wordpress\/wp-content\/uploads\/2019\/02\/bond1-e1550408229859.jpg\" data-dt-img-description=\"\" data-large_image_width=\"720\" data-large_image_height=\"416\"><img loading=\"lazy\" decoding=\"async\" class=\"size-medium wp-image-75798 alignleft\" src=\"https:\/\/www.radiopiu.net\/wordpress\/wp-content\/uploads\/2019\/02\/bond1-e1550408229859-300x173.jpg\" alt=\"\" width=\"300\" height=\"173\" srcset=\"https:\/\/www.radiopiu.net\/wordpress\/wp-content\/uploads\/2019\/02\/bond1-e1550408229859-300x173.jpg 300w, https:\/\/www.radiopiu.net\/wordpress\/wp-content\/uploads\/2019\/02\/bond1-e1550408229859.jpg 720w\" sizes=\"auto, (max-width: 300px) 100vw, 300px\" \/><\/a>procedure risultano pi\u00f9 macchinose rispetto a quelle nazionali e allungano i tempi di autorizzazione. In una provincia come Belluno, dove il 56% del territorio \u00e8 soggetto a VINCA, si teme una paralisi di interventi ed eventi. Bond chiede un confronto urgente per semplificare le regole.<\/p>\n<p>&nbsp;<\/p>\n<p>&nbsp;<\/p>\n<p>&nbsp;<\/p>\n<p><span style=\"color: #ff0000;\"><strong>AUDIO, DARIO BOND<\/strong><\/span><\/p>\n<audio class=\"wp-audio-shortcode\" id=\"audio-437832-1\" preload=\"none\" style=\"width: 100%;\" controls=\"controls\"><source type=\"audio\/mpeg\" src=\"https:\/\/www.radiopiu.net\/wordpress\/wp-content\/uploads\/2025\/03\/Audio-Bond-su-VINCA-regionale-03.03.25.mp3?_=1\" \/><a href=\"https:\/\/www.radiopiu.net\/wordpress\/wp-content\/uploads\/2025\/03\/Audio-Bond-su-VINCA-regionale-03.03.25.mp3\">https:\/\/www.radiopiu.net\/wordpress\/wp-content\/uploads\/2025\/03\/Audio-Bond-su-VINCA-regionale-03.03.25.mp3<\/a><\/audio>\n<p>&nbsp;<\/p>\n","protected":false},"excerpt":{"rendered":"<p>*** La complessit\u00e0 della normativa sulla Valutazione di Incidenza Ambientale (Vinca) crea difficolt\u00e0 in Veneto, legate all\u2019adeguamento alle linee guida nazionali. L\u2019assessore Bottacin denuncia l\u2019approccio restrittivo e chiede autonomia per semplificare le normative, soprattutto per adattarle alle specificit\u00e0 territoriali. Chiede anche il sostegno di Dario Bond per accelerare il processo. L&#8217;ASSESSORE GIANPAOLO BOTTACINI &nbsp; ANDREA&hellip;<\/p>\n","protected":false},"author":4,"featured_media":347321,"comment_status":"closed","ping_status":"closed","sticky":false,"template":"","format":"standard","meta":{"_monsterinsights_skip_tracking":false,"_monsterinsights_sitenote_active":false,"_monsterinsights_sitenote_note":"","_monsterinsights_sitenote_category":0,"footnotes":""},"categories":[51,49],"tags":[],"class_list":["post-437832","post","type-post","status-publish","format-standard","has-post-thumbnail","hentry","category-evidenza-top","category-news-18","category-51","category-49","description-off"],"img_url":"https:\/\/www.radiopiu.net\/wordpress\/wp-content\/uploads\/2023\/08\/IMG_1971-scaled.jpg","_links":{"self":[{"href":"https:\/\/www.radiopiu.net\/wordpress\/wp-json\/wp\/v2\/posts\/437832","targetHints":{"allow":["GET"]}}],"collection":[{"href":"https:\/\/www.radiopiu.net\/wordpress\/wp-json\/wp\/v2\/posts"}],"about":[{"href":"https:\/\/www.radiopiu.net\/wordpress\/wp-json\/wp\/v2\/types\/post"}],"author":[{"embeddable":true,"href":"https:\/\/www.radiopiu.net\/wordpress\/wp-json\/wp\/v2\/users\/4"}],"replies":[{"embeddable":true,"href":"https:\/\/www.radiopiu.net\/wordpress\/wp-json\/wp\/v2\/comments?post=437832"}],"version-history":[{"count":2,"href":"https:\/\/www.radiopiu.net\/wordpress\/wp-json\/wp\/v2\/posts\/437832\/revisions"}],"predecessor-version":[{"id":437849,"href":"https:\/\/www.radiopiu.net\/wordpress\/wp-json\/wp\/v2\/posts\/437832\/revisions\/437849"}],"wp:featuredmedia":[{"embeddable":true,"href":"https:\/\/www.radiopiu.net\/wordpress\/wp-json\/wp\/v2\/media\/347321"}],"wp:attachment":[{"href":"https:\/\/www.radiopiu.net\/wordpress\/wp-json\/wp\/v2\/media?parent=437832"}],"wp:term":[{"taxonomy":"category","embeddable":true,"href":"https:\/\/www.radiopiu.net\/wordpress\/wp-json\/wp\/v2\/categories?post=437832"},{"taxonomy":"post_tag","embeddable":true,"href":"https:\/\/www.radiopiu.net\/wordpress\/wp-json\/wp\/v2\/tags?post=437832"}],"curies":[{"name":"wp","href":"https:\/\/api.w.org\/{rel}","templated":true}]}}