{"id":437851,"date":"2025-03-04T14:50:33","date_gmt":"2025-03-04T13:50:33","guid":{"rendered":"https:\/\/www.radiopiu.net\/wordpress\/?p=437851"},"modified":"2025-03-04T15:25:28","modified_gmt":"2025-03-04T14:25:28","slug":"per-lo-skate-park-le-400-firme-sono-state-raccolte-dai-gel","status":"publish","type":"post","link":"https:\/\/www.radiopiu.net\/wordpress\/per-lo-skate-park-le-400-firme-sono-state-raccolte-dai-gel\/","title":{"rendered":"PER LO SKATE PARK LE 400 FIRME SONO STATE RACCOLTE DAI GEL"},"content":{"rendered":"<p>**<\/p>\n<blockquote><p><strong>BELLUNO <\/strong>Pare proprio che i giovani si trovino invischiati nella polemica politica, stamane i giovani leghisti sono usciti allo scoperto tra l&#8217;altro ricordando le amicizie con la maggioranza in consiglio comunale. Ora a ribadire che &#8220;noi siamo sul pezzo&#8221; ci pensa Luigi Filippo Daniele di Generazione Europa LIberal Democratici. Per i giovani una prima lezione di vita&#8230; di come funziona<\/p>\n<p><strong data-start=\"0\" data-end=\"70\"><a class=\"dt-pswp-item\" href=\"https:\/\/www.radiopiu.net\/wordpress\/wp-content\/uploads\/2025\/03\/Senza-nome-16.png\" data-dt-img-description=\"\" data-large_image_width=\"385\" data-large_image_height=\"378\"><img loading=\"lazy\" decoding=\"async\" class=\" wp-image-437852 alignleft\" src=\"https:\/\/www.radiopiu.net\/wordpress\/wp-content\/uploads\/2025\/03\/Senza-nome-16-300x295.png\" alt=\"\" width=\"131\" height=\"129\" srcset=\"https:\/\/www.radiopiu.net\/wordpress\/wp-content\/uploads\/2025\/03\/Senza-nome-16-300x295.png 300w, https:\/\/www.radiopiu.net\/wordpress\/wp-content\/uploads\/2025\/03\/Senza-nome-16.png 385w\" sizes=\"auto, (max-width: 131px) 100vw, 131px\" \/><\/a>Mobilitazione per lo Skatepark a Belluno: oltre 400 firme raccolte<\/strong><\/p><\/blockquote>\n<p data-start=\"72\" data-end=\"809\" data-is-last-node=\"\" data-is-only-node=\"\">Continua la raccolta firme per la realizzazione di uno Skatepark a Belluno, promossa da Alessio Buzzo e dal gruppo Generazione Europa Liberali Democratici Bellunesi (GEL). In due sabati sono state raccolte oltre 400 adesioni, a testimonianza dell&#8217;interesse, soprattutto tra i giovani, per uno spazio dedicato agli sport urbani. Sabato prossimo, i promotori saranno nuovamente in piazza dei Martiri dalle 9 alle 17 per raccogliere altre firme e sensibilizzare la comunit\u00e0 e le istituzioni. Nonostante l&#8217;appoggio della Lega Giovani, gli organizzatori lamentano il silenzio dell\u2019assessore Olivotto, che non ha dato seguito alle richieste di incontro. I promotori ribadiscono la necessit\u00e0 di un dialogo per trasformare il progetto in realt\u00e0.<\/p>\n<p data-start=\"72\" data-end=\"809\" data-is-last-node=\"\" data-is-only-node=\"\">\n<blockquote>\n<p data-start=\"72\" data-end=\"809\" data-is-last-node=\"\" data-is-only-node=\"\">\n<\/blockquote>\n<hr \/>\n<blockquote>\n<p data-start=\"0\" data-end=\"64\"><strong>stamane alla radio<\/strong><\/p>\n<p data-start=\"0\" data-end=\"64\"><strong data-start=\"0\" data-end=\"64\"><a class=\"dt-pswp-item\" href=\"https:\/\/www.radiopiu.net\/wordpress\/wp-content\/uploads\/2025\/03\/IMG_1487-min-scaled.jpeg\" data-dt-img-description=\"\" data-large_image_width=\"1707\" data-large_image_height=\"2560\"><img loading=\"lazy\" decoding=\"async\" class=\" wp-image-437813 alignleft\" src=\"https:\/\/www.radiopiu.net\/wordpress\/wp-content\/uploads\/2025\/03\/IMG_1487-min-200x300.jpeg\" alt=\"\" width=\"94\" height=\"141\" srcset=\"https:\/\/www.radiopiu.net\/wordpress\/wp-content\/uploads\/2025\/03\/IMG_1487-min-200x300.jpeg 200w, https:\/\/www.radiopiu.net\/wordpress\/wp-content\/uploads\/2025\/03\/IMG_1487-min-683x1024.jpeg 683w, https:\/\/www.radiopiu.net\/wordpress\/wp-content\/uploads\/2025\/03\/IMG_1487-min-768x1152.jpeg 768w, https:\/\/www.radiopiu.net\/wordpress\/wp-content\/uploads\/2025\/03\/IMG_1487-min-1024x1536.jpeg 1024w, https:\/\/www.radiopiu.net\/wordpress\/wp-content\/uploads\/2025\/03\/IMG_1487-min-1365x2048.jpeg 1365w, https:\/\/www.radiopiu.net\/wordpress\/wp-content\/uploads\/2025\/03\/IMG_1487-min-scaled.jpeg 1707w\" sizes=\"auto, (max-width: 94px) 100vw, 94px\" \/><\/a>Lega Giovani sostiene la creazione dello skatepark a Belluno<\/strong><\/p>\n<\/blockquote>\n<p data-start=\"66\" data-end=\"732\" data-is-last-node=\"\" data-is-only-node=\"\">La richiesta di uno skatepark a Belluno sta ottenendo crescente supporto, grazie alla petizione e alla raccolta firme promosse dai cittadini. La Lega Giovani ha avviato un confronto con l\u2019amministrazione comunale per trasformare la proposta in un progetto concreto. Durante un incontro con l\u2019assessore, \u00e8 stato confermato che la realizzazione dello skatepark \u00e8 una priorit\u00e0 per la giunta. La Lega propone un&#8217;area centrale e ben servita, per garantire sicurezza e fruibilit\u00e0. Marco Donno (foto), coordinatore Lega Giovani Belluno, ha dichiarato che il movimento continuer\u00e0 a lavorare per la creazione di uno skatepark moderno, in dialogo con l\u2019amministrazione e la comunit\u00e0.<\/p>\n<p data-start=\"66\" data-end=\"732\" data-is-last-node=\"\" data-is-only-node=\"\">\n<blockquote>\n<p data-start=\"66\" data-end=\"732\" data-is-last-node=\"\" data-is-only-node=\"\">\n<\/blockquote>\n","protected":false},"excerpt":{"rendered":"<p>** BELLUNO Pare proprio che i giovani si trovino invischiati nella polemica politica, stamane i giovani leghisti sono usciti allo scoperto tra l&#8217;altro ricordando le amicizie con la maggioranza in consiglio comunale. Ora a ribadire che &#8220;noi siamo sul pezzo&#8221; ci pensa Luigi Filippo Daniele di Generazione Europa LIberal Democratici. Per i giovani una prima&hellip;<\/p>\n","protected":false},"author":4,"featured_media":437852,"comment_status":"closed","ping_status":"closed","sticky":false,"template":"","format":"standard","meta":{"_monsterinsights_skip_tracking":false,"_monsterinsights_sitenote_active":false,"_monsterinsights_sitenote_note":"","_monsterinsights_sitenote_category":0,"footnotes":""},"categories":[104,49],"tags":[],"class_list":["post-437851","post","type-post","status-publish","format-standard","has-post-thumbnail","hentry","category-evidenza_3","category-news-18","category-104","category-49","description-off"],"img_url":"https:\/\/www.radiopiu.net\/wordpress\/wp-content\/uploads\/2025\/03\/Senza-nome-16.png","_links":{"self":[{"href":"https:\/\/www.radiopiu.net\/wordpress\/wp-json\/wp\/v2\/posts\/437851","targetHints":{"allow":["GET"]}}],"collection":[{"href":"https:\/\/www.radiopiu.net\/wordpress\/wp-json\/wp\/v2\/posts"}],"about":[{"href":"https:\/\/www.radiopiu.net\/wordpress\/wp-json\/wp\/v2\/types\/post"}],"author":[{"embeddable":true,"href":"https:\/\/www.radiopiu.net\/wordpress\/wp-json\/wp\/v2\/users\/4"}],"replies":[{"embeddable":true,"href":"https:\/\/www.radiopiu.net\/wordpress\/wp-json\/wp\/v2\/comments?post=437851"}],"version-history":[{"count":2,"href":"https:\/\/www.radiopiu.net\/wordpress\/wp-json\/wp\/v2\/posts\/437851\/revisions"}],"predecessor-version":[{"id":437866,"href":"https:\/\/www.radiopiu.net\/wordpress\/wp-json\/wp\/v2\/posts\/437851\/revisions\/437866"}],"wp:featuredmedia":[{"embeddable":true,"href":"https:\/\/www.radiopiu.net\/wordpress\/wp-json\/wp\/v2\/media\/437852"}],"wp:attachment":[{"href":"https:\/\/www.radiopiu.net\/wordpress\/wp-json\/wp\/v2\/media?parent=437851"}],"wp:term":[{"taxonomy":"category","embeddable":true,"href":"https:\/\/www.radiopiu.net\/wordpress\/wp-json\/wp\/v2\/categories?post=437851"},{"taxonomy":"post_tag","embeddable":true,"href":"https:\/\/www.radiopiu.net\/wordpress\/wp-json\/wp\/v2\/tags?post=437851"}],"curies":[{"name":"wp","href":"https:\/\/api.w.org\/{rel}","templated":true}]}}