{"id":437944,"date":"2025-03-06T05:51:04","date_gmt":"2025-03-06T04:51:04","guid":{"rendered":"https:\/\/www.radiopiu.net\/wordpress\/?p=437944"},"modified":"2025-03-06T08:54:49","modified_gmt":"2025-03-06T07:54:49","slug":"giornale-radiopiu-06-marzo-2025","status":"publish","type":"post","link":"https:\/\/www.radiopiu.net\/wordpress\/giornale-radiopiu-06-marzo-2025\/","title":{"rendered":"GIORNALE RADIOPIU 06 MARZO 2025 DIRETTORE MIRKO MEZZACASA\u2026DA 41 ANNI 25 GIUGNO 1983-25 GIUGNO 2024"},"content":{"rendered":"<p>*********<\/p>\n<p>&nbsp;<\/p>\n<p><em><span style=\"color: #ff0000;\"><a class=\"dt-pswp-item\" href=\"https:\/\/www.radiopiu.net\/wordpress\/wp-content\/uploads\/2024\/10\/Senza-nome-8.png\" data-dt-img-description=\"\" data-large_image_width=\"343\" data-large_image_height=\"303\"><img loading=\"lazy\" decoding=\"async\" class=\"wp-image-412130 alignleft\" src=\"https:\/\/www.radiopiu.net\/wordpress\/wp-content\/uploads\/2024\/10\/Senza-nome-8-300x265.png\" alt=\"\" width=\"105\" height=\"93\" srcset=\"https:\/\/www.radiopiu.net\/wordpress\/wp-content\/uploads\/2024\/10\/Senza-nome-8-300x265.png 300w, https:\/\/www.radiopiu.net\/wordpress\/wp-content\/uploads\/2024\/10\/Senza-nome-8.png 343w\" sizes=\"auto, (max-width: 105px) 100vw, 105px\" \/><\/a><\/span><\/em><strong><em><span style=\"color: #ff0000;\"> LA\u00a0 APP PER IOS-IPHONE di Nicola Vettorello<\/span><\/em><\/strong><\/p>\n<p><strong><span style=\"color: #0000ff;\"><a style=\"color: #0000ff;\" href=\"https:\/\/apps.apple.com\/it\/app\/radio-pi%C3%B9-emittente-agordina\/id1515939845\">https:\/\/apps.apple.com\/it\/app\/radio-pi%C3%B9-emittente-agordina\/id1515939845<\/a><\/span><\/strong><\/p>\n<p><strong><em style=\"color: #ff0000;\">LA\u00a0 APP RADIO\u00a0 PER ANDROID di Nicola Vettorello<\/em><\/strong><\/p>\n<p><strong><span style=\"color: #0000ff;\"><a style=\"color: #0000ff;\" href=\"https:\/\/play.google.com\/store\/apps\/details?id=net.radiopiu.iniko\" target=\"_blank\" rel=\"noopener noreferrer\">https:\/\/<\/a><a style=\"color: #0000ff;\" href=\"https:\/\/play.google.com\/store\/apps\/details?id=net.radiopiu.iniko\" target=\"_blank\" rel=\"noopener noreferrer\">play.google.com\/store\/apps\/details?id=net.radiopiu.iniko\u00a0\u00a0\u00a0\u00a0<\/a><\/span><\/strong><\/p>\n<p>&nbsp;<\/p>\n<p>&nbsp;<\/p>\n<hr \/>\n<p>&nbsp;<\/p>\n<h1 style=\"text-align: center;\"><span style=\"color: #ff0000;\">RADIO PIU&#8217; CAMBIA CANALE IN DAB+<\/span><\/h1>\n<p><strong><a class=\"dt-pswp-item\" href=\"https:\/\/www.radiopiu.net\/wordpress\/wp-content\/uploads\/2022\/11\/MyRadioPiu_miaidea.png\" data-dt-img-description=\"\" data-large_image_width=\"483\" data-large_image_height=\"374\"><img loading=\"lazy\" decoding=\"async\" class=\" wp-image-304561 alignleft\" src=\"https:\/\/www.radiopiu.net\/wordpress\/wp-content\/uploads\/2022\/11\/MyRadioPiu_miaidea-300x232.png\" alt=\"\" width=\"175\" height=\"135\" srcset=\"https:\/\/www.radiopiu.net\/wordpress\/wp-content\/uploads\/2022\/11\/MyRadioPiu_miaidea-300x232.png 300w, https:\/\/www.radiopiu.net\/wordpress\/wp-content\/uploads\/2022\/11\/MyRadioPiu_miaidea.png 483w\" sizes=\"auto, (max-width: 175px) 100vw, 175px\" \/><\/a> <\/strong><\/p>\n<p><strong>\u00a0<\/strong><\/p>\n<p><strong>REDAZIONE <\/strong>Novit\u00e0 in vista per gli ascoltatori di Radio Pi\u00f9 in DAB+. E&#8217; iniziato il processo di modifica del canale di trasmissione radiofonica, che passer\u00e0 dalla frequenza 8C alla 12D. Ricordiamo che per continuare ad ascoltare la radio senza interruzioni, basta risintonizzare i propri dispositivi e la risintonizzazione delle autoradio.<\/p>\n<p>&nbsp;<\/p>\n<p>&nbsp;<\/p>\n<hr \/>\n<p>&nbsp;<\/p>\n<p><strong>L&#8217;OMAGGIO DI RADIOPIU&#8217; ALLA VOCE&#8230; DEL CALCIO<\/strong><br \/>\n<span style=\"color: #008000;\">20 GIUGNO 2007, BRUNO PIZZUL CON I CAMPIONI DI CASA NOSTRA IN SALA DON TAMIS\u00a0<\/span><br \/>\n<span style=\"color: #ff0000;\">FOTO archivio radiopiu<\/span><\/p>\n\n\t\t\t<style type='text\/css'>\n\t\t\t\t#gallery-1 {\n\t\t\t\t\tmargin: auto;\n\t\t\t\t}\n\t\t\t\t#gallery-1 .gallery-item {\n\t\t\t\t\tfloat: left;\n\t\t\t\t\tmargin-top: 10px;\n\t\t\t\t\ttext-align: center;\n\t\t\t\t\twidth: 50%;\n\t\t\t\t}\n\t\t\t\t#gallery-1 img {\n\t\t\t\t\tborder: 2px solid #cfcfcf;\n\t\t\t\t}\n\t\t\t\t#gallery-1 .gallery-caption {\n\t\t\t\t\tmargin-left: 0;\n\t\t\t\t}\n\t\t\t\t\/* see gallery_shortcode() in wp-includes\/media.php *\/\n\t\t\t<\/style>\n\t\t<div id='gallery-1' class='dt-gallery-container gallery galleryid-437944 gallery-columns-2 gallery-size-medium'><dl class='gallery-item'>\n\t\t\t\t<dt class='gallery-icon landscape'>\n\t\t\t\t\t<a class=\"rollover rollover-zoom dt-pswp-item\" title=\"Senza nome\" data-dt-img-description=\"\" data-large_image_width=\"461\" data-large_image_height=\"288\"href='https:\/\/www.radiopiu.net\/wordpress\/wp-content\/uploads\/2025\/03\/Senza-nome-25.png'><img loading=\"lazy\" decoding=\"async\" width=\"300\" height=\"187\" src=\"https:\/\/www.radiopiu.net\/wordpress\/wp-content\/uploads\/2025\/03\/Senza-nome-25-300x187.png\" class=\"attachment-medium size-medium\" alt=\"\" srcset=\"https:\/\/www.radiopiu.net\/wordpress\/wp-content\/uploads\/2025\/03\/Senza-nome-25-300x187.png 300w, https:\/\/www.radiopiu.net\/wordpress\/wp-content\/uploads\/2025\/03\/Senza-nome-25.png 461w\" sizes=\"auto, (max-width: 300px) 100vw, 300px\" \/><\/a>\n\t\t\t\t<\/dt><\/dl><dl class='gallery-item'>\n\t\t\t\t<dt class='gallery-icon landscape'>\n\t\t\t\t\t<a class=\"rollover rollover-zoom dt-pswp-item\" title=\"Immagine 040\" data-dt-img-description=\"\" data-large_image_width=\"2560\" data-large_image_height=\"1920\"href='https:\/\/www.radiopiu.net\/wordpress\/wp-content\/uploads\/2025\/03\/Immagine-040-scaled.jpg'><img loading=\"lazy\" decoding=\"async\" width=\"300\" height=\"225\" src=\"https:\/\/www.radiopiu.net\/wordpress\/wp-content\/uploads\/2025\/03\/Immagine-040-300x225.jpg\" class=\"attachment-medium size-medium\" alt=\"\" srcset=\"https:\/\/www.radiopiu.net\/wordpress\/wp-content\/uploads\/2025\/03\/Immagine-040-300x225.jpg 300w, https:\/\/www.radiopiu.net\/wordpress\/wp-content\/uploads\/2025\/03\/Immagine-040-1024x768.jpg 1024w, https:\/\/www.radiopiu.net\/wordpress\/wp-content\/uploads\/2025\/03\/Immagine-040-768x576.jpg 768w, https:\/\/www.radiopiu.net\/wordpress\/wp-content\/uploads\/2025\/03\/Immagine-040-1536x1152.jpg 1536w, https:\/\/www.radiopiu.net\/wordpress\/wp-content\/uploads\/2025\/03\/Immagine-040-2048x1536.jpg 2048w\" sizes=\"auto, (max-width: 300px) 100vw, 300px\" \/><\/a>\n\t\t\t\t<\/dt><\/dl><br style=\"clear: both\" \/><dl class='gallery-item'>\n\t\t\t\t<dt class='gallery-icon landscape'>\n\t\t\t\t\t<a class=\"rollover rollover-zoom dt-pswp-item\" title=\"Immagine 042\" data-dt-img-description=\"\" data-large_image_width=\"2560\" data-large_image_height=\"1920\"href='https:\/\/www.radiopiu.net\/wordpress\/wp-content\/uploads\/2025\/03\/Immagine-042-scaled.jpg'><img loading=\"lazy\" decoding=\"async\" width=\"300\" height=\"225\" src=\"https:\/\/www.radiopiu.net\/wordpress\/wp-content\/uploads\/2025\/03\/Immagine-042-300x225.jpg\" class=\"attachment-medium size-medium\" alt=\"\" srcset=\"https:\/\/www.radiopiu.net\/wordpress\/wp-content\/uploads\/2025\/03\/Immagine-042-300x225.jpg 300w, https:\/\/www.radiopiu.net\/wordpress\/wp-content\/uploads\/2025\/03\/Immagine-042-1024x768.jpg 1024w, https:\/\/www.radiopiu.net\/wordpress\/wp-content\/uploads\/2025\/03\/Immagine-042-768x576.jpg 768w, https:\/\/www.radiopiu.net\/wordpress\/wp-content\/uploads\/2025\/03\/Immagine-042-1536x1152.jpg 1536w, https:\/\/www.radiopiu.net\/wordpress\/wp-content\/uploads\/2025\/03\/Immagine-042-2048x1536.jpg 2048w\" sizes=\"auto, (max-width: 300px) 100vw, 300px\" \/><\/a>\n\t\t\t\t<\/dt><\/dl><dl class='gallery-item'>\n\t\t\t\t<dt class='gallery-icon landscape'>\n\t\t\t\t\t<a class=\"rollover rollover-zoom dt-pswp-item\" title=\"pizzul2\" data-dt-img-description=\"\" data-large_image_width=\"2560\" data-large_image_height=\"1920\"href='https:\/\/www.radiopiu.net\/wordpress\/wp-content\/uploads\/2025\/03\/pizzul2-scaled.jpg'><img loading=\"lazy\" decoding=\"async\" width=\"300\" height=\"225\" src=\"https:\/\/www.radiopiu.net\/wordpress\/wp-content\/uploads\/2025\/03\/pizzul2-300x225.jpg\" class=\"attachment-medium size-medium\" alt=\"\" srcset=\"https:\/\/www.radiopiu.net\/wordpress\/wp-content\/uploads\/2025\/03\/pizzul2-300x225.jpg 300w, https:\/\/www.radiopiu.net\/wordpress\/wp-content\/uploads\/2025\/03\/pizzul2-1024x768.jpg 1024w, https:\/\/www.radiopiu.net\/wordpress\/wp-content\/uploads\/2025\/03\/pizzul2-768x576.jpg 768w, https:\/\/www.radiopiu.net\/wordpress\/wp-content\/uploads\/2025\/03\/pizzul2-1536x1152.jpg 1536w, https:\/\/www.radiopiu.net\/wordpress\/wp-content\/uploads\/2025\/03\/pizzul2-2048x1536.jpg 2048w\" sizes=\"auto, (max-width: 300px) 100vw, 300px\" \/><\/a>\n\t\t\t\t<\/dt><\/dl><br style=\"clear: both\" \/>\n\t\t\t<\/div>\n\n<p>&nbsp;<\/p>\n<hr \/>\n<p>&nbsp;<\/p>\n<blockquote><p><span style=\"color: #0000ff;\"><strong><a class=\"dt-pswp-item\" href=\"https:\/\/www.radiopiu.net\/wordpress\/wp-content\/uploads\/2025\/03\/86913bf1-cfa4-493b-8e26-1aa10ea03f0b.jpg\" data-dt-img-description=\"\" data-large_image_width=\"1638\" data-large_image_height=\"2048\"><img loading=\"lazy\" decoding=\"async\" class=\"size-medium wp-image-438106 alignleft\" src=\"https:\/\/www.radiopiu.net\/wordpress\/wp-content\/uploads\/2025\/03\/86913bf1-cfa4-493b-8e26-1aa10ea03f0b-240x300.jpg\" alt=\"\" width=\"240\" height=\"300\" srcset=\"https:\/\/www.radiopiu.net\/wordpress\/wp-content\/uploads\/2025\/03\/86913bf1-cfa4-493b-8e26-1aa10ea03f0b-240x300.jpg 240w, https:\/\/www.radiopiu.net\/wordpress\/wp-content\/uploads\/2025\/03\/86913bf1-cfa4-493b-8e26-1aa10ea03f0b-819x1024.jpg 819w, https:\/\/www.radiopiu.net\/wordpress\/wp-content\/uploads\/2025\/03\/86913bf1-cfa4-493b-8e26-1aa10ea03f0b-768x960.jpg 768w, https:\/\/www.radiopiu.net\/wordpress\/wp-content\/uploads\/2025\/03\/86913bf1-cfa4-493b-8e26-1aa10ea03f0b-1229x1536.jpg 1229w, https:\/\/www.radiopiu.net\/wordpress\/wp-content\/uploads\/2025\/03\/86913bf1-cfa4-493b-8e26-1aa10ea03f0b.jpg 1638w\" sizes=\"auto, (max-width: 240px) 100vw, 240px\" \/><\/a><\/strong><\/span><\/p>\n<p>&nbsp;<\/p>\n<p><span style=\"color: #0000ff;\"><strong>OGGI ALLE<\/strong>\u00a0<\/span>\u00a0<strong> 8.30<\/strong> PIU&#8217; SIAMO CON MARINA DONA&#8217; E IL POPOLO DI RADIOPIU <strong>9.00<\/strong>\u00a0 la musica country di alex nascinben\u00a0 <strong>10.30\u00a0 <span style=\"color: #ff0000;\">spi cgil, con Maria Rita Gentilin, quindicinale appuntamento di mirko mezzacasa <\/span><\/strong><b>13.20 <\/b>COLLAGE OPERAZIONE NOSTALGIA DI LORIS SCUSSEL <strong>14.00<\/strong>\u00a0<strong>15.00\u00a0 time for me&#8230; christian baggio, l&#8217;ospite del pomeriggio <\/strong>\u00a0\u00a0<b> 1600 <\/b>IL ROCK DI MARCO COSTANTINI<\/p><\/blockquote>\n<p><span style=\"color: #0000ff;\">STIAMO PREPARANDO LA SERATA SAVE THE DATE<\/span><br \/>\n<span style=\"color: #0000ff;\">PROSSIMAMENTE A RADIO PIU&#8217;&#8230; MAX DAL RIFUGIO LARESEI&#8230;MORGAN DJ&#8230; E MOLTO ALTRI CON LA CONDUZIONE SERALE E IN DIRETTA&#8230; ALLA RADIO DI SERA COME UNA VOLTA&#8230; CON MORENO TOCCHETTO<\/span><br \/>\n<span style=\"color: #0000ff;\">REGIA MARCO GAZ.<\/span><\/p>\n<p>&nbsp;<\/p>\n<div class=\"page-title-head hgroup\">\n<h1><\/h1>\n<p>&nbsp;<\/p>\n<p><a class=\"dt-pswp-item\" href=\"https:\/\/www.radiopiu.net\/wordpress\/wp-content\/uploads\/2025\/03\/89e51c09-60f6-4bfa-9d74-2e51d16563a2.jpg\" data-dt-img-description=\"\" data-large_image_width=\"1080\" data-large_image_height=\"886\"><img loading=\"lazy\" decoding=\"async\" class=\"size-medium wp-image-438166 aligncenter\" src=\"https:\/\/www.radiopiu.net\/wordpress\/wp-content\/uploads\/2025\/03\/89e51c09-60f6-4bfa-9d74-2e51d16563a2-300x246.jpg\" alt=\"\" width=\"300\" height=\"246\" srcset=\"https:\/\/www.radiopiu.net\/wordpress\/wp-content\/uploads\/2025\/03\/89e51c09-60f6-4bfa-9d74-2e51d16563a2-300x246.jpg 300w, https:\/\/www.radiopiu.net\/wordpress\/wp-content\/uploads\/2025\/03\/89e51c09-60f6-4bfa-9d74-2e51d16563a2-1024x840.jpg 1024w, https:\/\/www.radiopiu.net\/wordpress\/wp-content\/uploads\/2025\/03\/89e51c09-60f6-4bfa-9d74-2e51d16563a2-768x630.jpg 768w, https:\/\/www.radiopiu.net\/wordpress\/wp-content\/uploads\/2025\/03\/89e51c09-60f6-4bfa-9d74-2e51d16563a2.jpg 1080w\" sizes=\"auto, (max-width: 300px) 100vw, 300px\" \/><\/a><\/p>\n<p>&nbsp;<\/p>\n<h1 class=\"entry-title\"><a class=\"dt-pswp-item\" href=\"https:\/\/www.radiopiu.net\/wordpress\/wp-content\/uploads\/2025\/02\/LOGO-ELIA.png\" data-dt-img-description=\"\" data-large_image_width=\"851\" data-large_image_height=\"774\"><img loading=\"lazy\" decoding=\"async\" class=\"wp-image-436960 alignleft\" src=\"https:\/\/www.radiopiu.net\/wordpress\/wp-content\/uploads\/2025\/02\/LOGO-ELIA-300x273.png\" alt=\"\" width=\"82\" height=\"75\" srcset=\"https:\/\/www.radiopiu.net\/wordpress\/wp-content\/uploads\/2025\/02\/LOGO-ELIA-300x273.png 300w, https:\/\/www.radiopiu.net\/wordpress\/wp-content\/uploads\/2025\/02\/LOGO-ELIA-768x699.png 768w, https:\/\/www.radiopiu.net\/wordpress\/wp-content\/uploads\/2025\/02\/LOGO-ELIA.png 851w\" sizes=\"auto, (max-width: 82px) 100vw, 82px\" \/><\/a>PIU\u2019 NOVITA\u2019 ALLA RADIOPIU\u2019\u2026. VI PRESENTIAMO: ELIA<\/h1>\n<\/div>\n<div class=\"page-title-breadcrumbs\">\n<p align=\"JUSTIFY\">Arcade show, Entra nella sala giochi ufficiale di RadioPi\u00f9! Inserisci la moneta e gioca insieme a noi! Attualit\u00e0, cinema, sport, social, spensieratezza e soprattutto musica!<\/p>\n<p align=\"JUSTIFY\"><strong>Il primo show like a game radiofonico in italia, condotto da Elia, ogni gioved\u00ec dalle 11 a mezzogiorno, solo su radiopi\u00f9!<\/strong><\/p>\n<\/div>\n<p>QUESTA SERA HOCKEY&#8230; ALLA RADIO<br \/>\n<span style=\"color: #ff0000;\">GARA 3: gioved\u00ec 6 marzo, ore 20:30 Varese-Alleghe (Acinque Ice Arena di Varese)<\/span><\/p>\n<p>&nbsp;<\/p>\n<hr \/>\n<p>&nbsp;<\/p>\n<p>&nbsp;<\/p>\n<div class=\"x11i5rnm xat24cr x1mh8g0r x1vvkbs xtlvy1s x126k92a\">\n<div dir=\"auto\">\n<div dir=\"auto\">\n<p><strong><a class=\"dt-pswp-item\" href=\"https:\/\/www.radiopiu.net\/wordpress\/wp-content\/uploads\/2024\/02\/2d44e751-d8a8-461b-8e22-d8e4e853b032.jpg\" data-dt-img-description=\"\" data-large_image_width=\"1600\" data-large_image_height=\"1200\"><img loading=\"lazy\" decoding=\"async\" class=\"wp-image-373307 alignleft\" src=\"https:\/\/www.radiopiu.net\/wordpress\/wp-content\/uploads\/2024\/02\/2d44e751-d8a8-461b-8e22-d8e4e853b032-300x225.jpg\" alt=\"\" width=\"105\" height=\"79\" srcset=\"https:\/\/www.radiopiu.net\/wordpress\/wp-content\/uploads\/2024\/02\/2d44e751-d8a8-461b-8e22-d8e4e853b032-300x225.jpg 300w, https:\/\/www.radiopiu.net\/wordpress\/wp-content\/uploads\/2024\/02\/2d44e751-d8a8-461b-8e22-d8e4e853b032-1024x768.jpg 1024w, https:\/\/www.radiopiu.net\/wordpress\/wp-content\/uploads\/2024\/02\/2d44e751-d8a8-461b-8e22-d8e4e853b032-768x576.jpg 768w, https:\/\/www.radiopiu.net\/wordpress\/wp-content\/uploads\/2024\/02\/2d44e751-d8a8-461b-8e22-d8e4e853b032-1536x1152.jpg 1536w, https:\/\/www.radiopiu.net\/wordpress\/wp-content\/uploads\/2024\/02\/2d44e751-d8a8-461b-8e22-d8e4e853b032.jpg 1600w\" sizes=\"auto, (max-width: 105px) 100vw, 105px\" \/><\/a>EL BAL DEL FIOR, DI GIULIANA DA RONCH, 06 MARZO<\/strong><strong> 2025<\/strong><\/p>\n<p>&nbsp;<\/p>\n<audio class=\"wp-audio-shortcode\" id=\"audio-437944-1\" preload=\"none\" style=\"width: 100%;\" controls=\"controls\"><source type=\"audio\/mpeg\" src=\"https:\/\/www.radiopiu.net\/wordpress\/wp-content\/uploads\/2025\/03\/GGI.mp3?_=1\" \/><a href=\"https:\/\/www.radiopiu.net\/wordpress\/wp-content\/uploads\/2025\/03\/GGI.mp3\">https:\/\/www.radiopiu.net\/wordpress\/wp-content\/uploads\/2025\/03\/GGI.mp3<\/a><\/audio>\n<p>&nbsp;<\/p>\n<hr \/>\n<p>&nbsp;<\/p>\n<p>&nbsp;<\/p>\n<\/div>\n<\/div>\n<\/div>\n<div class=\"x11i5rnm xat24cr x1mh8g0r x1vvkbs xtlvy1s x126k92a\">\n<blockquote>\n<h1><strong><a class=\"dt-pswp-item\" href=\"https:\/\/www.radiopiu.net\/wordpress\/wp-content\/uploads\/2024\/10\/629301fd-708d-4f53-95c2-d28cbefd500f.jpg\" data-dt-img-description=\"\" data-large_image_width=\"1600\" data-large_image_height=\"1322\"><img loading=\"lazy\" decoding=\"async\" class=\"wp-image-413782 alignright\" src=\"https:\/\/www.radiopiu.net\/wordpress\/wp-content\/uploads\/2024\/10\/629301fd-708d-4f53-95c2-d28cbefd500f-300x248.jpg\" alt=\"\" width=\"106\" height=\"88\" srcset=\"https:\/\/www.radiopiu.net\/wordpress\/wp-content\/uploads\/2024\/10\/629301fd-708d-4f53-95c2-d28cbefd500f-300x248.jpg 300w, https:\/\/www.radiopiu.net\/wordpress\/wp-content\/uploads\/2024\/10\/629301fd-708d-4f53-95c2-d28cbefd500f-1024x846.jpg 1024w, https:\/\/www.radiopiu.net\/wordpress\/wp-content\/uploads\/2024\/10\/629301fd-708d-4f53-95c2-d28cbefd500f-768x635.jpg 768w, https:\/\/www.radiopiu.net\/wordpress\/wp-content\/uploads\/2024\/10\/629301fd-708d-4f53-95c2-d28cbefd500f-1536x1269.jpg 1536w, https:\/\/www.radiopiu.net\/wordpress\/wp-content\/uploads\/2024\/10\/629301fd-708d-4f53-95c2-d28cbefd500f.jpg 1600w\" sizes=\"auto, (max-width: 106px) 100vw, 106px\" \/><\/a><\/strong><\/h1>\n<h1><strong><a class=\"dt-pswp-item\" href=\"https:\/\/www.radiopiu.net\/wordpress\/wp-content\/uploads\/2024\/11\/th-18.jpg\" data-dt-img-description=\"\" data-large_image_width=\"156\" data-large_image_height=\"180\"><img loading=\"lazy\" decoding=\"async\" class=\"size-full wp-image-421611 alignleft\" src=\"https:\/\/www.radiopiu.net\/wordpress\/wp-content\/uploads\/2024\/11\/th-18.jpg\" alt=\"\" width=\"156\" height=\"180\" \/><\/a><\/strong><\/h1>\n<h1><strong>N di parom &#8211; L Almanach de la nosta jent<\/strong><\/h1>\n<\/blockquote>\n<p>&nbsp;<\/p>\n<p>Le voci: Davide Conedera, Agordo, Michela Dell&#8217;Osbel, La Valle Agordina Simone Ganz, Falcade Veronica Lezuo, Colle Santa Lucia. La voce nella sigla \u00e8 di Giorgia Taio<\/p>\n<p><strong>LA PUNTATA DI OGGI, 06 MARZO 2025<\/strong><\/p>\n<p>&nbsp;<\/p>\n<audio class=\"wp-audio-shortcode\" id=\"audio-437944-2\" preload=\"none\" style=\"width: 100%;\" controls=\"controls\"><source type=\"audio\/mpeg\" src=\"https:\/\/www.radiopiu.net\/wordpress\/wp-content\/uploads\/2025\/03\/AL4.mp3?_=2\" \/><a href=\"https:\/\/www.radiopiu.net\/wordpress\/wp-content\/uploads\/2025\/03\/AL4.mp3\">https:\/\/www.radiopiu.net\/wordpress\/wp-content\/uploads\/2025\/03\/AL4.mp3<\/a><\/audio>\n<p>&nbsp;<\/p>\n<\/div>\n<div class=\"x11i5rnm xat24cr x1mh8g0r x1vvkbs xtlvy1s x126k92a\">\n<div dir=\"auto\">\n<hr \/>\n<\/div>\n<\/div>\n<blockquote>\n<blockquote>\n<h1><span style=\"color: #ff0000;\">\u00a0<\/span><\/h1>\n<h1><span style=\"color: #ff0000;\">I podcast informativi del mattino &#8211; audio &#8211;\u00a0\u00a0<\/span><\/h1>\n<\/blockquote>\n<p><strong><a class=\"dt-pswp-item\" href=\"https:\/\/www.radiopiu.net\/wordpress\/wp-content\/uploads\/2024\/11\/6.jpg\" data-dt-img-description=\"\" data-large_image_width=\"177\" data-large_image_height=\"180\"><img loading=\"lazy\" decoding=\"async\" class=\"size-full wp-image-417911 alignleft\" src=\"https:\/\/www.radiopiu.net\/wordpress\/wp-content\/uploads\/2024\/11\/6.jpg\" alt=\"\" width=\"177\" height=\"180\" \/><\/a>LA RASSEGNA STAMPA NAZIONALE ALLA RADIO, OGNI GIORNO ALLE 5 E ALLE 6 DEL MATTINO <span style=\"color: #0000ff;\">viene pubblicata alle 6.00 <span style=\"color: #ff0000;\">DIRETTA RADIO\u00a0 \u00a0\u00a0<\/span><\/span><\/strong><\/p><\/blockquote>\n<p>&nbsp;<\/p>\n<p><strong>NOTIZIE DELLA NOTTE<\/strong><\/p>\n<p>&nbsp;<\/p>\n<p><strong>Corea del Sud<\/strong>: caccia sgancia bombe per errore, feriti 7 civili <strong>Borsa<\/strong>: Hong Kong apre a +1,84%, Alibaba a +6,93% <strong>Borsa:<\/strong> Tokyo, apertura in rialzo (+0,61%) <strong>Trump<\/strong>, leadership Hamas lasci ora Gaza finch\u00e9 puo&#8217; <strong>Ultimatum Trump<\/strong> ad Hamas, liberi ostaggi o sar\u00e0 l&#8217;inferno <strong>Cnn<\/strong>, Gb-Francia-Turchia cuore della forza di pace in Ucraina <strong>Champions<\/strong>: Liverpool beffa Psg nel finale, Barca supera Benfica<\/p>\n<h1>AUDIO dalle 6 del mattino<\/h1>\n<audio class=\"wp-audio-shortcode\" id=\"audio-437944-3\" preload=\"none\" style=\"width: 100%;\" controls=\"controls\"><source type=\"audio\/mpeg\" src=\"https:\/\/www.radiopiu.net\/wordpress\/wp-content\/uploads\/2025\/03\/GIORNALEDELLESEI-2.mp3?_=3\" \/><a href=\"https:\/\/www.radiopiu.net\/wordpress\/wp-content\/uploads\/2025\/03\/GIORNALEDELLESEI-2.mp3\">https:\/\/www.radiopiu.net\/wordpress\/wp-content\/uploads\/2025\/03\/GIORNALEDELLESEI-2.mp3<\/a><\/audio>\n<p>&nbsp;<\/p>\n<p>&nbsp;<\/p>\n<hr \/>\n<p>&nbsp;<\/p>\n<h1 style=\"text-align: center;\"><span style=\"color: #ff0000;\"><a class=\"dt-pswp-item\" href=\"https:\/\/www.radiopiu.net\/wordpress\/wp-content\/uploads\/2024\/11\/7.jpg\" data-dt-img-description=\"\" data-large_image_width=\"180\" data-large_image_height=\"180\"><img loading=\"lazy\" decoding=\"async\" class=\"size-full wp-image-417912 alignleft\" src=\"https:\/\/www.radiopiu.net\/wordpress\/wp-content\/uploads\/2024\/11\/7.jpg\" alt=\"\" width=\"180\" height=\"180\" srcset=\"https:\/\/www.radiopiu.net\/wordpress\/wp-content\/uploads\/2024\/11\/7.jpg 180w, https:\/\/www.radiopiu.net\/wordpress\/wp-content\/uploads\/2024\/11\/7-150x150.jpg 150w\" sizes=\"auto, (max-width: 180px) 100vw, 180px\" \/><\/a>I podcast informativi del mattino &#8211; audio &#8211;\u00a0<\/span><\/h1>\n<p><strong>OGNI GIORNO ALLE SETTE DEL MATTINO, LA RASSEGNA STAMPA LOCALE FLASH&#8230; PER CHI VA IN FRETTA. I TITOLI DAI GIORNALI E DAL SITO WWW.RADIOPIU.NET <span style=\"color: #0000ff;\">viene pubblicato alle 7.00<\/span> <span style=\"color: #ff0000;\">DIRETTA RADIO\u00a0<\/span><\/strong><\/p>\n<p><em><span style=\"color: #ff0000;\">per chi va in fretta&#8230; tante notizie in pochi minuti. L&#8217;informazione locale alla radio, ogni ora dalle 7 del mattino alle 19 della sera.\u00a0<\/span><\/em><\/p>\n<p><strong>SAN GREGORIO NELLE ALPI: ADDIO A LIVIO LUSA Oggi alle 162<\/strong><br \/>\n<strong>CONDANNATO PER GUIDA IN STATO DI EBBREZZA NONOSTANTE IL REFLUSSO<\/strong><br \/>\n<strong>FURTO DI GASOLIO A QUANTIN, DANNI PER L\u2019IMPRESA DAL FARRA<\/strong><br \/>\n<strong>VORAGINE IN STRADA, INTERVENTO DEL COMUNE E SIB<\/strong><br \/>\n<strong>PERAROLO \u2013 SCINTILLA DAL CANTIERE: INCENDIO SOTTO IL PONTE<\/strong><br \/>\n<strong>OLANTREGHE: LA EX LATTERIA PASSA AI GIOVANI DEL GRUPPO FRAZIONALE<\/strong><br \/>\n<strong>RENATO BONA: 60 ANNI DI GIORNALISMO E PASSIONE PER LA NOTIZIA, <\/strong><br \/>\n<strong>CONGRESSO AL VIA ANCHE PER I PENSIONATI DELLA CISL BELLUNO TREVISO<\/strong><br \/>\n<strong>LA RETE DEL METANO SI ESPANDE AD AGORDO E TAIBON<\/strong><\/p>\n<h1>AUDIO dalle 7 del mattino<\/h1>\n<audio class=\"wp-audio-shortcode\" id=\"audio-437944-4\" preload=\"none\" style=\"width: 100%;\" controls=\"controls\"><source type=\"audio\/mpeg\" src=\"https:\/\/www.radiopiu.net\/wordpress\/wp-content\/uploads\/2025\/03\/GF07-4.mp3?_=4\" \/><a href=\"https:\/\/www.radiopiu.net\/wordpress\/wp-content\/uploads\/2025\/03\/GF07-4.mp3\">https:\/\/www.radiopiu.net\/wordpress\/wp-content\/uploads\/2025\/03\/GF07-4.mp3<\/a><\/audio>\n<p>&nbsp;<\/p>\n<p>&nbsp;<\/p>\n<hr \/>\n<p>&nbsp;<\/p>\n<h1><\/h1>\n<h1 style=\"text-align: center;\"><span style=\"color: #ff0000;\"><a class=\"dt-pswp-item\" href=\"https:\/\/www.radiopiu.net\/wordpress\/wp-content\/uploads\/2024\/11\/th.jpg\" data-dt-img-description=\"\" data-large_image_width=\"148\" data-large_image_height=\"179\"><img loading=\"lazy\" decoding=\"async\" class=\"size-full wp-image-417913 alignleft\" src=\"https:\/\/www.radiopiu.net\/wordpress\/wp-content\/uploads\/2024\/11\/th.jpg\" alt=\"\" width=\"148\" height=\"179\" \/><\/a>I podcast informativi del mattino &#8211; audio &#8211;\u00a0<\/span><\/h1>\n<blockquote><p><strong>GIORNALE RADIO NAZIONALE, EDIZIONE DELLE SETTE <span style=\"color: #0000ff;\">viene pubblicato alle 7.05 <span style=\"color: #ff0000;\">DIRETTA RADIO\u00a0<\/span><\/span><\/strong><\/p><\/blockquote>\n<p><strong>il giornale radionazionale e&#8217; in onda ogni ora, dalle sette del mattino alle venti della sera\u00a0 \u00a0<\/strong><\/p>\n<hr \/>\n<p><strong><a class=\"dt-pswp-item\" href=\"https:\/\/www.radiopiu.net\/wordpress\/wp-content\/uploads\/2025\/02\/download-7.jpg\" data-dt-img-description=\"\" data-large_image_width=\"211\" data-large_image_height=\"239\"><img loading=\"lazy\" decoding=\"async\" class=\"size-full wp-image-435553 alignleft\" src=\"https:\/\/www.radiopiu.net\/wordpress\/wp-content\/uploads\/2025\/02\/download-7.jpg\" alt=\"\" width=\"211\" height=\"239\" \/><\/a>MILANO<\/strong> Inchiesta sulla gestione urbanistica, &#8216;Salva Milano per bloccare i pm&#8217; <strong>MILANO<\/strong> Strage in famiglia &#8216;Uccise con 118 coltellate&#8217;, 18enne a processo immediato <strong>GALLARATE_VARESE<\/strong> Intossicazione a scuola Studenti si sentono male dopo il pranzo in mensa, 31 in ospedale <strong>TRIESTE<\/strong> Il corpo di Resinovich \u00e8 sempre rimasto dove fu trovato La conclusione della perizia. Attesa per le iscrizioni <strong>USTICA<\/strong> Nessun colpevole, il pm chiede due archiviazioni Indagini nel 2008 e 2022 inviate al gip. Familiari delle vittime: &#8216;Dolore e delusione. <strong>MANTOVA<\/strong> Pensionato ucciso, arrestata la figlia che voleva l&#8217;eredit\u00e0 L&#8217;uomo ammazzato con 3 colpi di pistola, si indaga su eventuali complici <strong><span style=\"color: #ff0000;\">Truffe da 33 milioni di euro con le pubblicit\u00e0 delle celebrit\u00e0 su Facebook<\/span> Un gruppo di 85 operatori di call center \u00e8 riuscito a convincere migliaia di pensionati e dipendenti a trasferire soldi dai loro conti\u00a0<\/strong><\/p>\n<p>&nbsp;<\/p>\n<p>&nbsp;<\/p>\n<hr \/>\n<p><strong>\u00a0<\/strong><\/p>\n<p><strong><a class=\"dt-pswp-item\" href=\"https:\/\/www.radiopiu.net\/wordpress\/wp-content\/uploads\/2025\/02\/download-3.jpg\" data-dt-img-description=\"\" data-large_image_width=\"223\" data-large_image_height=\"226\"><img loading=\"lazy\" decoding=\"async\" class=\"size-full wp-image-434732 alignleft\" src=\"https:\/\/www.radiopiu.net\/wordpress\/wp-content\/uploads\/2025\/02\/download-3.jpg\" alt=\"\" width=\"223\" height=\"226\" \/><\/a>MIRA<\/strong> Dodicenne muore per arresto cardiaco mentre \u00e8 in farmaciaTentativi di rianimazione anche in ambulanza verso l&#8217;ospedale <strong>PADOVA<\/strong> Operato a 81 anni con un aspiratore a cuore battente Primo intervento al mondo a Padova del&#8217;equipe di Gino Gerosa <strong>VERONA<\/strong> Carabiniere arrestato nel veronese per spaccio, resta in carcere Prime ammissioni di responsabilit\u00e0 <strong>VENEZIA<\/strong> Croci celtiche sulla sede di Udu e Rete studenti Venezia Morresi &#8216;messaggio intimidatorio contro di noi&#8217; <strong>VERONA<\/strong> Rifiuta di salire la &#8216;scala arcobaleno&#8217;, si prende una nota.Scuola, nessun motivo ideologico, si \u00e8 arrampicato su ringhiera <strong>TREVISO<\/strong> Elena Cecchettin, &#8216;penso sempre a Giulia, dovr\u00f2 smetterla&#8217; Intervista a &#8216;Grazia&#8217;, &#8216;ma non farlo mi pare mancarle rispetto&#8217;<br \/>\n<strong>BASSANO<\/strong> del Grappa \u00e8 la Citt\u00e0 veneta della Cultura 2025 Prescelta tra 16 candidature ricevute da Commissione cultura<br \/>\n<strong>CORTINA<\/strong> Nasce\u00a0 il museo &#8216;open air&#8217; della letteratura Prevede 18 cartelli in acciaio corten in alcuni luoghi iconici<\/p>\n<hr \/>\n<h1><span style=\"color: #ff0000;\"><span style=\"color: #0000ff;\">ULTIM&#8217;ORA<\/span> <span style=\"color: #000000;\">AUDIO dalle sette del mattino, ogni ora alla radio EDIZIONE DELLE SETTE<\/span><\/span><\/h1>\n<audio class=\"wp-audio-shortcode\" id=\"audio-437944-5\" preload=\"none\" style=\"width: 100%;\" controls=\"controls\"><source type=\"audio\/mpeg\" src=\"https:\/\/www.radiopiu.net\/wordpress\/wp-content\/uploads\/2025\/03\/giornale07-6.mp3?_=5\" \/><a href=\"https:\/\/www.radiopiu.net\/wordpress\/wp-content\/uploads\/2025\/03\/giornale07-6.mp3\">https:\/\/www.radiopiu.net\/wordpress\/wp-content\/uploads\/2025\/03\/giornale07-6.mp3<\/a><\/audio>\n<p>&nbsp;<\/p>\n<p>&nbsp;<\/p>\n<p>&nbsp;<\/p>\n<p>&nbsp;<\/p>\n<hr \/>\n<p>&nbsp;<\/p>\n<p>&nbsp;<\/p>\n<h1><span style=\"color: #ff0000;\"><a class=\"dt-pswp-item\" href=\"https:\/\/www.radiopiu.net\/wordpress\/wp-content\/uploads\/2024\/11\/8.jpg\" data-dt-img-description=\"\" data-large_image_width=\"180\" data-large_image_height=\"180\"><img loading=\"lazy\" decoding=\"async\" class=\"size-full wp-image-417910 alignleft\" src=\"https:\/\/www.radiopiu.net\/wordpress\/wp-content\/uploads\/2024\/11\/8.jpg\" alt=\"\" width=\"180\" height=\"180\" srcset=\"https:\/\/www.radiopiu.net\/wordpress\/wp-content\/uploads\/2024\/11\/8.jpg 180w, https:\/\/www.radiopiu.net\/wordpress\/wp-content\/uploads\/2024\/11\/8-150x150.jpg 150w\" sizes=\"auto, (max-width: 180px) 100vw, 180px\" \/><\/a>I podcast informativi del mattino &#8211; video &#8211;\u00a0<\/span><\/h1>\n<h2 style=\"text-align: left;\"><strong>RASSEGNA STAMPA LOCALE, ORE OTTO<\/strong><\/h2>\n<h2><strong> <span style=\"color: #0000ff;\">viene\u00a0 <\/span><\/strong><strong><span style=\"color: #0000ff;\">pubblicata alle 8.05 <span style=\"color: #ff0000;\">DIRETTA RADIO\u00a0 \u00a0<\/span><\/span><\/strong><strong>DI MIRKO MEZZACASA<\/strong><\/h2>\n<h2><span style=\"color: #ff0000;\"><strong>\u00a0\u00a0<\/strong><\/span><\/h2>\n<p>&nbsp;<\/p>\n<p><iframe loading=\"lazy\" style=\"border: none; overflow: hidden;\" src=\"https:\/\/www.facebook.com\/plugins\/video.php?height=314&amp;href=https%3A%2F%2Fwww.facebook.com%2Fradiopiu%2Fvideos%2F1568062823903415%2F&amp;show_text=false&amp;width=560&amp;t=0\" width=\"560\" height=\"314\" frameborder=\"0\" scrolling=\"no\" allowfullscreen=\"allowfullscreen\"><\/iframe><\/p>\n<h1><span style=\"color: #ff0000;\"><strong>VIDEO\u00a0 \u00a0in diretta AGGIORNAMENTO\u00a0 dalle 8 del mattino\u00a0<\/strong><\/span><\/h1>\n<h2><\/h2>\n\n\t\t\t<style type='text\/css'>\n\t\t\t\t#gallery-2 {\n\t\t\t\t\tmargin: auto;\n\t\t\t\t}\n\t\t\t\t#gallery-2 .gallery-item {\n\t\t\t\t\tfloat: left;\n\t\t\t\t\tmargin-top: 10px;\n\t\t\t\t\ttext-align: center;\n\t\t\t\t\twidth: 50%;\n\t\t\t\t}\n\t\t\t\t#gallery-2 img {\n\t\t\t\t\tborder: 2px solid #cfcfcf;\n\t\t\t\t}\n\t\t\t\t#gallery-2 .gallery-caption {\n\t\t\t\t\tmargin-left: 0;\n\t\t\t\t}\n\t\t\t\t\/* see gallery_shortcode() in wp-includes\/media.php *\/\n\t\t\t<\/style>\n\t\t<div id='gallery-2' class='dt-gallery-container gallery galleryid-437944 gallery-columns-2 gallery-size-thumbnail'><dl class='gallery-item'>\n\t\t\t\t<dt class='gallery-icon landscape'>\n\t\t\t\t\t<a class=\"rollover rollover-zoom dt-pswp-item\" title=\"COOP2\" data-dt-img-description=\"\" data-large_image_width=\"469\" data-large_image_height=\"246\"href='https:\/\/www.radiopiu.net\/wordpress\/wp-content\/uploads\/2025\/03\/COOP2-3.png'><img loading=\"lazy\" decoding=\"async\" width=\"150\" height=\"150\" src=\"https:\/\/www.radiopiu.net\/wordpress\/wp-content\/uploads\/2025\/03\/COOP2-3-150x150.png\" class=\"attachment-thumbnail size-thumbnail\" alt=\"\" \/><\/a>\n\t\t\t\t<\/dt><\/dl><dl class='gallery-item'>\n\t\t\t\t<dt class='gallery-icon landscape'>\n\t\t\t\t\t<a class=\"rollover rollover-zoom dt-pswp-item\" title=\"COOP1\" data-dt-img-description=\"\" data-large_image_width=\"464\" data-large_image_height=\"192\"href='https:\/\/www.radiopiu.net\/wordpress\/wp-content\/uploads\/2025\/03\/COOP1-3.png'><img loading=\"lazy\" decoding=\"async\" width=\"150\" height=\"150\" src=\"https:\/\/www.radiopiu.net\/wordpress\/wp-content\/uploads\/2025\/03\/COOP1-3-150x150.png\" class=\"attachment-thumbnail size-thumbnail\" alt=\"\" \/><\/a>\n\t\t\t\t<\/dt><\/dl><br style=\"clear: both\" \/>\n\t\t\t<\/div>\n\n<p>&nbsp;<\/p>\n<p>&nbsp;<\/p>\n<hr \/>\n<p>&nbsp;<\/p>\n<p>&nbsp;<\/p>\n<p>&nbsp;<\/p>\n<p><strong><a class=\"dt-pswp-item\" href=\"https:\/\/www.radiopiu.net\/wordpress\/wp-content\/uploads\/2023\/12\/ANTENNA.png\" data-dt-img-description=\"\" data-large_image_width=\"300\" data-large_image_height=\"166\"><img loading=\"lazy\" decoding=\"async\" class=\"wp-image-366306 alignright\" src=\"https:\/\/www.radiopiu.net\/wordpress\/wp-content\/uploads\/2023\/12\/ANTENNA.png\" alt=\"\" width=\"101\" height=\"56\" \/><\/a><a class=\"dt-pswp-item\" href=\"https:\/\/www.radiopiu.net\/wordpress\/wp-content\/uploads\/2024\/11\/th-17.jpg\" data-dt-img-description=\"\" data-large_image_width=\"224\" data-large_image_height=\"180\"><img loading=\"lazy\" decoding=\"async\" class=\" wp-image-421610 alignleft\" src=\"https:\/\/www.radiopiu.net\/wordpress\/wp-content\/uploads\/2024\/11\/th-17.jpg\" alt=\"\" width=\"167\" height=\"134\" \/><\/a>ogni sera alle 19 le anticipazioni alla radio, quello che poi seguirete nel TELEGIORNALE BELLUNESE\u00a0 in onda alle 19.30 sul CANALE 10 del digitale terrestre.\u00a0\u00a0<\/strong><\/p>\n<p><b>\u00a0\u00a0<\/b><\/p>\n<h1><span style=\"color: #ff0000;\"><strong>LE ANTICIPAZIONI DI TIZIANA BOLOGNANI<\/strong><\/span><\/h1>\n<audio class=\"wp-audio-shortcode\" id=\"audio-437944-6\" preload=\"none\" style=\"width: 100%;\" controls=\"controls\"><source type=\"audio\/mpeg\" src=\"https:\/\/www.radiopiu.net\/wordpress\/wp-content\/uploads\/2025\/03\/ANTENNA3-2.mp3?_=6\" \/><a href=\"https:\/\/www.radiopiu.net\/wordpress\/wp-content\/uploads\/2025\/03\/ANTENNA3-2.mp3\">https:\/\/www.radiopiu.net\/wordpress\/wp-content\/uploads\/2025\/03\/ANTENNA3-2.mp3<\/a><\/audio>\n<p>&nbsp;<\/p>\n<p>&nbsp;<\/p>\n<hr \/>\n<p><strong>\u00a0\u00a0<\/strong><\/p>\n<blockquote>\n<h3>QUATTRO INTERVENTI IN MATTINATA PER IL SUEM 118<\/h3>\n<\/blockquote>\n<p><strong><a class=\"dt-pswp-item\" href=\"https:\/\/www.radiopiu.net\/wordpress\/wp-content\/uploads\/2025\/02\/SALT.jpg\" data-dt-img-description=\"\" data-large_image_width=\"1903\" data-large_image_height=\"1330\"><img loading=\"lazy\" decoding=\"async\" class=\" wp-image-435451 alignleft\" src=\"https:\/\/www.radiopiu.net\/wordpress\/wp-content\/uploads\/2025\/02\/SALT-300x210.jpg\" alt=\"\" width=\"189\" height=\"132\" srcset=\"https:\/\/www.radiopiu.net\/wordpress\/wp-content\/uploads\/2025\/02\/SALT-300x210.jpg 300w, https:\/\/www.radiopiu.net\/wordpress\/wp-content\/uploads\/2025\/02\/SALT-1024x716.jpg 1024w, https:\/\/www.radiopiu.net\/wordpress\/wp-content\/uploads\/2025\/02\/SALT-768x537.jpg 768w, https:\/\/www.radiopiu.net\/wordpress\/wp-content\/uploads\/2025\/02\/SALT-1536x1074.jpg 1536w, https:\/\/www.radiopiu.net\/wordpress\/wp-content\/uploads\/2025\/02\/SALT.jpg 1903w\" sizes=\"auto, (max-width: 189px) 100vw, 189px\" \/><\/a>REDAZIONE <\/strong>Mattinata impegnativa ieri per il Servizio di Urgenza ed Emergenza Medica (SUEM) 118 di Belluno, che ha effettuato numerosi interventi sulle piste da sci delle Dolomiti. L&#8217;attivit\u00e0 di soccorso si \u00e8 concentrata in diverse localit\u00e0 turistiche. Tra gli episodi pi\u00f9 rilevanti registrati, si segnala un incidente avvenuto alle 9:29 a Padola, dove uno sciatore di 64 anni, residente a Lucca, \u00e8 rimasto coinvolto in uno scontro in pista. L&#8217;uomo \u00e8 stato trasportato con l&#8217;elicottero &#8220;Falco&#8221; all&#8217;ospedale di Belluno. Poco dopo, alle 9:47, a Cortina d&#8217;Ampezzo, un giovane sciatore minorenne di nazionalit\u00e0 ceca ha riportato ferite a seguito di una caduta in pista. Anche in questo caso, il SUEM \u00e8 intervenuto con il supporto dell&#8217;elicottero di Aiut Alpin Dolomites e il paziente \u00e8 stato trasferito a Belluno. Un altro incidente si \u00e8 verificato alle 11:13 nei pressi di Malga Popena, dove un uomo di 27 anni, residente a Borca di Cadore, \u00e8 caduto fuori pista. L&#8217;elicottero &#8220;Falco&#8221; ha provveduto al recupero e al trasporto del ferito all&#8217;ospedale di Belluno. Infine, alle 12:43, un uomo di 41 anni, proveniente da Siracusa, \u00e8 stato vittima di una caduta sulle piste di Zoldo. Anche in questo caso, il SUEM \u00e8 intervenuto con l&#8217;elicottero per prestare soccorso e trasferire il paziente in ospedale.<\/p>\n<p>&nbsp;<\/p>\n<p>&nbsp;<\/p>\n<hr \/>\n<p>&nbsp;<\/p>\n<p>&nbsp;<\/p>\n<p><strong><img loading=\"lazy\" decoding=\"async\" class=\"alignleft\" src=\"https:\/\/www.radiopiu.net\/wordpress\/wp-content\/uploads\/2025\/03\/Watermark_20250305_141737_953.jpg\" width=\"131\" height=\"175\" \/><\/strong><\/p>\n<blockquote>\n<h3>SOCCORSO SCIALPINISTA INFORTUNATO<\/h3>\n<\/blockquote>\n<p><strong>AURONZO<\/strong> Ieri mattina, intorno alle 11.30, l&#8217;elicottero del Suem di Pieve di Cadore \u00e8 intervenuto sul canale dell&#8217;Ago L\u00f6schner, sul Popena, per soccorrere uno scialpinista infortunato. Il 28enne di Borca di Cadore stava scendendo insieme ad altri tre compagni quando \u00e8 caduto a causa di un masso nascosto nella neve, ruzzolando a valle. L&#8217;incidente ha provocato sospetti traumi al volto, a un braccio e a una gamba.<br data-start=\"491\" data-end=\"494\" \/>Il personale del Soccorso alpino, sbarcato con un verricello di 20 metri, ha immediatamente prestato le prime cure. Dopo essere stato imbarellato, l&#8217;infortunato \u00e8 stato issato a bordo dell&#8217;elicottero e trasportato all&#8217;ospedale di Belluno per un trattamento pi\u00f9 approfondito. L&#8217;intervento si \u00e8 concluso con successo, grazie alla tempestiva e professionale azione delle squadre di soccorso.<\/p>\n<p>&nbsp;<\/p>\n<p>&nbsp;<\/p>\n<hr \/>\n<p>&nbsp;<\/p>\n<blockquote>\n<h3>RECUPERATO SCIALPINISTA IN VAL FOCOBON<\/h3>\n<\/blockquote>\n<p><strong><a class=\"dt-pswp-item\" href=\"https:\/\/www.radiopiu.net\/wordpress\/wp-content\/uploads\/2022\/04\/soccorso-alpino-1024x602-1.jpg\" data-dt-img-description=\"\" data-large_image_width=\"1024\" data-large_image_height=\"602\"><img loading=\"lazy\" decoding=\"async\" class=\" wp-image-270917 alignleft\" src=\"https:\/\/www.radiopiu.net\/wordpress\/wp-content\/uploads\/2022\/04\/soccorso-alpino-1024x602-1-300x176.jpg\" alt=\"\" width=\"173\" height=\"101\" srcset=\"https:\/\/www.radiopiu.net\/wordpress\/wp-content\/uploads\/2022\/04\/soccorso-alpino-1024x602-1-300x176.jpg 300w, https:\/\/www.radiopiu.net\/wordpress\/wp-content\/uploads\/2022\/04\/soccorso-alpino-1024x602-1-768x452.jpg 768w, https:\/\/www.radiopiu.net\/wordpress\/wp-content\/uploads\/2022\/04\/soccorso-alpino-1024x602-1.jpg 1024w\" sizes=\"auto, (max-width: 173px) 100vw, 173px\" \/><\/a>FALCADE<\/strong> Secondo intervento dell&#8217;elicottero del Suem di Pieve di Cadore nella giornata di ieri in aiuto di uno scialpinista infortunato. Attorno alle 15 l&#8217;eliambulanza \u00e8 volata in direzione della Val Focobon, poich\u00e9, nella fase di discesa con un gruppo di connazionali dal Mulaz, uno scialpinista belga di 66 anni si era procurato un trauma alla gamba. Dal suo racconto, si era fatto male dopo aver incrociato involontariamente gli sci e non era pi\u00f9 in grado di proseguire in autonomia. L&#8217;uomo, individuato con i compagni dall&#8217;equipaggio, \u00e8 stato recuperato dal tecnico di elisoccorso mediante un verricello di 30 metri e accompagnato all&#8217;ospedale di Agordo.<\/p>\n<p>&nbsp;<\/p>\n<hr \/>\n<p>&nbsp;<\/p>\n<p>&nbsp;<\/p>\n<blockquote>\n<p data-start=\"0\" data-end=\"49\"><strong data-start=\"0\" data-end=\"47\"><a class=\"dt-pswp-item\" href=\"https:\/\/www.radiopiu.net\/wordpress\/wp-content\/uploads\/2025\/03\/Senza-nome-9-1.png\" data-dt-img-description=\"\" data-large_image_width=\"192\" data-large_image_height=\"160\"><img loading=\"lazy\" decoding=\"async\" class=\"wp-image-438121 alignleft\" src=\"https:\/\/www.radiopiu.net\/wordpress\/wp-content\/uploads\/2025\/03\/Senza-nome-9-1.png\" alt=\"\" width=\"109\" height=\"91\" \/><\/a>SAN GREGORIO NELLE ALPI: ADDIO A LIVIO LUSA<\/strong><\/p>\n<\/blockquote>\n<p data-start=\"51\" data-end=\"312\" data-is-last-node=\"\" data-is-only-node=\"\">Oggi alle 16, nella chiesa di Paderno, si terranno i funerali di Livio Lusa, 58 anni, colpito da infarto mentre pedalava sulla ciclabile di Prior. La famiglia ringrazia il Suem per l\u2019assistenza. Le offerte raccolte saranno destinate alla ricerca sull\u2019Alzheimer.<\/p>\n<p>&nbsp;<\/p>\n<p>&nbsp;<\/p>\n<hr \/>\n<p>&nbsp;<\/p>\n<p>&nbsp;<\/p>\n<h1 class=\"_title post-title entry-title\"><a class=\"dt-pswp-item\" href=\"https:\/\/www.radiopiu.net\/wordpress\/wp-content\/uploads\/2023\/12\/ANTENNA.png\" data-dt-img-description=\"\" data-large_image_width=\"300\" data-large_image_height=\"166\"><img loading=\"lazy\" decoding=\"async\" class=\"size-full wp-image-366306 alignleft\" src=\"https:\/\/www.radiopiu.net\/wordpress\/wp-content\/uploads\/2023\/12\/ANTENNA.png\" alt=\"\" width=\"300\" height=\"166\" \/><\/a>LIMANA | INVESTIMENTO A BAORCHE, STABILE MA GRAVE AL CA\u2019 FONCELLO LA NONNA DI 59 ANNI<\/h1>\n<p>DI TIZIANA BOLOGNANI<\/p>\n<p><iframe loading=\"lazy\" title=\"INVESTIMENTO A BAORCHE, STABILE MA GRAVE AL CA&#039; FONCELLO LA NONNA DI 59 ANNI | 05\/03\/2025\" width=\"1200\" height=\"675\" src=\"https:\/\/www.youtube.com\/embed\/wRSpGeqCdQs?feature=oembed\" frameborder=\"0\" allow=\"accelerometer; autoplay; clipboard-write; encrypted-media; gyroscope; picture-in-picture; web-share\" referrerpolicy=\"strict-origin-when-cross-origin\" allowfullscreen><\/iframe><\/p>\n<p>&nbsp;<\/p>\n<p>&nbsp;<\/p>\n<hr \/>\n<p>&nbsp;<\/p>\n<p>&nbsp;<\/p>\n<blockquote>\n<h1>CONDANNATO PER GUIDA IN STATO DI EBBREZZA NONOSTANTE IL REFLUSSO<\/h1>\n<\/blockquote>\n<p><strong><a href=\"https:\/\/www.radiopiu.net\/wordpress\/wp-content\/uploads\/2024\/12\/illustrazione-isometrica-dell-aula-di-tribunale-107074364.webp\"><img loading=\"lazy\" decoding=\"async\" class=\" wp-image-425423 alignleft\" src=\"https:\/\/www.radiopiu.net\/wordpress\/wp-content\/uploads\/2024\/12\/illustrazione-isometrica-dell-aula-di-tribunale-107074364-300x284.webp\" alt=\"\" width=\"187\" height=\"177\" srcset=\"https:\/\/www.radiopiu.net\/wordpress\/wp-content\/uploads\/2024\/12\/illustrazione-isometrica-dell-aula-di-tribunale-107074364-300x284.webp 300w, https:\/\/www.radiopiu.net\/wordpress\/wp-content\/uploads\/2024\/12\/illustrazione-isometrica-dell-aula-di-tribunale-107074364-1024x968.webp 1024w, https:\/\/www.radiopiu.net\/wordpress\/wp-content\/uploads\/2024\/12\/illustrazione-isometrica-dell-aula-di-tribunale-107074364-768x726.webp 768w, https:\/\/www.radiopiu.net\/wordpress\/wp-content\/uploads\/2024\/12\/illustrazione-isometrica-dell-aula-di-tribunale-107074364-1536x1452.webp 1536w, https:\/\/www.radiopiu.net\/wordpress\/wp-content\/uploads\/2024\/12\/illustrazione-isometrica-dell-aula-di-tribunale-107074364.webp 1600w\" sizes=\"auto, (max-width: 187px) 100vw, 187px\" \/><\/a>OGGI LA GIUDIZIARIA<\/strong><\/p>\n<p><strong>SUL CORRIERE DELLE ALPI, IN SINTESI<\/strong><\/p>\n<p><strong>GIGI SOSSO\u00a0<\/strong><\/p>\n<p>&nbsp;<\/p>\n<p><strong>BELLUNO<\/strong> Non \u00e8 bastato soffrire di reflusso gastroesofageo n\u00e9 aver usato un colluttorio con etanolo:\u00a0 \u00e8 stato condannato a sei mesi di arresto, 2 mila euro di ammenda e 18 mesi di sospensione della patente per guida in stato di ebbrezza con incidente a Cortina. Il giudice Domenico Riposati ha superato le richieste del PM, respingendo la difesa che contestava l\u2019omologazione dell\u2019etilometro. L&#8217;automobilista, che aveva opposto ricorso al decreto penale, ha ottenuto una sentenza pi\u00f9 severa.<\/p>\n<p>&nbsp;<\/p>\n<p>&nbsp;<\/p>\n<hr \/>\n<p>&nbsp;<\/p>\n<blockquote>\n<p data-start=\"0\" data-end=\"63\"><strong data-start=\"0\" data-end=\"61\">FURTO DI GASOLIO A QUANTIN, DANNI PER L\u2019IMPRESA DAL FARRA<\/strong><\/p>\n<\/blockquote>\n<div class=\"flex max-w-full flex-col flex-grow\">\n<div class=\"min-h-8 text-message relative flex w-full flex-col items-end gap-2 whitespace-normal break-words text-start [.text-message+&amp;]:mt-5\" dir=\"auto\" data-message-author-role=\"assistant\" data-message-id=\"4f53b6e9-50c4-4abc-9fea-ff1e06bd2f7b\" data-message-model-slug=\"gpt-4o\">\n<div class=\"flex w-full flex-col gap-1 empty:hidden first:pt-[3px]\">\n<div class=\"markdown prose w-full break-words dark:prose-invert dark\">\n<p data-start=\"65\" data-end=\"351\" data-is-last-node=\"\" data-is-only-node=\"\">Nella notte tra luned\u00ec e marted\u00ec, ignoti hanno scassinato i serbatoi degli escavatori dell\u2019impresa Dal Farra, rubando il gasolio. Il furto \u00e8 avvenuto nel cantiere del Bin, lungo la SP31 per il Nevegal. Gli operai si sono accorti del danno al mattino. Presentata denuncia ai carabinieri<br \/>\n<a class=\"dt-pswp-item\" href=\"https:\/\/www.radiopiu.net\/wordpress\/wp-content\/uploads\/2025\/03\/COOP2-2.png\" data-dt-img-description=\"\" data-large_image_width=\"469\" data-large_image_height=\"246\"><img loading=\"lazy\" decoding=\"async\" class=\"size-medium wp-image-438122 aligncenter\" src=\"https:\/\/www.radiopiu.net\/wordpress\/wp-content\/uploads\/2025\/03\/COOP2-2-300x157.png\" alt=\"\" width=\"300\" height=\"157\" srcset=\"https:\/\/www.radiopiu.net\/wordpress\/wp-content\/uploads\/2025\/03\/COOP2-2-300x157.png 300w, https:\/\/www.radiopiu.net\/wordpress\/wp-content\/uploads\/2025\/03\/COOP2-2.png 469w\" sizes=\"auto, (max-width: 300px) 100vw, 300px\" \/><\/a><\/p>\n<\/div>\n<p data-start=\"65\" data-end=\"351\" data-is-last-node=\"\" data-is-only-node=\"\">\n<\/div>\n<\/div>\n<\/div>\n<div class=\"mb-2 flex gap-3 -ml-2\" tabindex=\"0\">\n<div class=\"items-center justify-start rounded-xl p-1 flex\">\n<div class=\"flex items-center\">\n<div class=\"flex items-center pb-0\"><\/div>\n<\/div>\n<\/div>\n<\/div>\n<hr \/>\n<p>&nbsp;<\/p>\n<p>&nbsp;<\/p>\n<blockquote>\n<h1>VORAGINE IN STRADA, INTERVENTO DEL COMUNE E SIB<\/h1>\n<\/blockquote>\n<p><a class=\"dt-pswp-item\" href=\"https:\/\/www.radiopiu.net\/wordpress\/wp-content\/uploads\/2025\/03\/Senza-nome-22.png\" data-dt-img-description=\"\" data-large_image_width=\"204\" data-large_image_height=\"150\"><img loading=\"lazy\" decoding=\"async\" class=\"size-full wp-image-438111 alignleft\" src=\"https:\/\/www.radiopiu.net\/wordpress\/wp-content\/uploads\/2025\/03\/Senza-nome-22.png\" alt=\"\" width=\"204\" height=\"150\" \/><\/a>DALLE ANTICIPAZIONI DEL TG DI ANTENNA 3, TIZIANA BOLOGNANI<\/p>\n<blockquote><p><em>Cede la strada, spazzatrice in panne. Imprevisto ieri mattina per gli operai della Bellunum, che stavano pulendo la via comunale, che collega Chiesurazza a Sois. La carreggiata ha ceduto in modo del tutto improvviso<\/em><\/p><\/blockquote>\n<p>BELLUNO_SOIS<\/p>\n<audio class=\"wp-audio-shortcode\" id=\"audio-437944-7\" preload=\"none\" style=\"width: 100%;\" controls=\"controls\"><source type=\"audio\/mpeg\" src=\"https:\/\/www.radiopiu.net\/wordpress\/wp-content\/uploads\/2025\/03\/TIZIANA-VORAGINE.mp3?_=7\" \/><a href=\"https:\/\/www.radiopiu.net\/wordpress\/wp-content\/uploads\/2025\/03\/TIZIANA-VORAGINE.mp3\">https:\/\/www.radiopiu.net\/wordpress\/wp-content\/uploads\/2025\/03\/TIZIANA-VORAGINE.mp3<\/a><\/audio>\n<p>&nbsp;<\/p>\n<p>&nbsp;<\/p>\n<hr \/>\n<p>&nbsp;<\/p>\n<p>&nbsp;<\/p>\n<blockquote>\n<p data-start=\"0\" data-end=\"64\"><strong data-start=\"0\" data-end=\"62\"><a class=\"dt-pswp-item\" href=\"https:\/\/www.radiopiu.net\/wordpress\/wp-content\/uploads\/2025\/03\/Senza-nome-23.png\" data-dt-img-description=\"\" data-large_image_width=\"258\" data-large_image_height=\"154\"><img loading=\"lazy\" decoding=\"async\" class=\"size-full wp-image-438114 alignleft\" src=\"https:\/\/www.radiopiu.net\/wordpress\/wp-content\/uploads\/2025\/03\/Senza-nome-23.png\" alt=\"\" width=\"258\" height=\"154\" \/><\/a>PERAROLO \u2013 SCINTILLA DAL CANTIERE: INCENDIO SOTTO IL PONTE<\/strong><\/p>\n<\/blockquote>\n<p data-start=\"66\" data-end=\"345\" data-is-last-node=\"\" data-is-only-node=\"\"><strong>PERAROLO<\/strong> Un incendio si \u00e8 sviluppato ieri sotto il ponte Cadore, probabilmente a causa dei lavori in corso sul viadotto. L\u2019allarme \u00e8 stato dato alle 14.26 dal capocantiere. Sul posto sono intervenuti i vigili del fuoco di Pieve di Cadore e la Protezione civile regionale con l\u2019elicottero.<\/p>\n<p>&nbsp;<\/p>\n<p>&nbsp;<\/p>\n<hr \/>\n<p>&nbsp;<\/p>\n<blockquote>\n<h3>CAMBIO DI TRATTAMENTO PER GLI OPERATORI DI VOLO DEL SUEM 118<\/h3>\n<\/blockquote>\n<p>Presunto cambio di trattamento per gli operatori del SUEM 118 impiegati nei voli dell&#8217;eliambulanza. Risponde il Commissario dell&#8217; Ulss Giuseppe Dal Ben<\/p>\n<p><strong>DI BARBARA PAOLAZZI<\/strong><\/p>\n<audio class=\"wp-audio-shortcode\" id=\"audio-437944-8\" preload=\"none\" style=\"width: 100%;\" controls=\"controls\"><source type=\"audio\/mpeg\" src=\"https:\/\/www.radiopiu.net\/wordpress\/wp-content\/uploads\/2025\/03\/PAOLAZZI-OPERATORI-DI-VOLO-FALCO.mp3?_=8\" \/><a href=\"https:\/\/www.radiopiu.net\/wordpress\/wp-content\/uploads\/2025\/03\/PAOLAZZI-OPERATORI-DI-VOLO-FALCO.mp3\">https:\/\/www.radiopiu.net\/wordpress\/wp-content\/uploads\/2025\/03\/PAOLAZZI-OPERATORI-DI-VOLO-FALCO.mp3<\/a><\/audio>\n<p>&nbsp;<\/p>\n<hr \/>\n<p>&nbsp;<\/p>\n<blockquote>\n<p data-start=\"0\" data-end=\"60\"><strong data-start=\"0\" data-end=\"60\">ALLEGHE OSTAGGIO DEI CANTIERI: IL TURISMO PU\u00d2 ASPETTARE?<\/strong><\/p>\n<\/blockquote>\n<p><strong><a class=\"dt-pswp-item\" href=\"https:\/\/www.radiopiu.net\/wordpress\/wp-content\/uploads\/2025\/03\/2.png\" data-dt-img-description=\"\" data-large_image_width=\"512\" data-large_image_height=\"335\"><img loading=\"lazy\" decoding=\"async\" class=\"size-medium wp-image-438008 alignleft\" src=\"https:\/\/www.radiopiu.net\/wordpress\/wp-content\/uploads\/2025\/03\/2-300x196.png\" alt=\"\" width=\"300\" height=\"196\" srcset=\"https:\/\/www.radiopiu.net\/wordpress\/wp-content\/uploads\/2025\/03\/2-300x196.png 300w, https:\/\/www.radiopiu.net\/wordpress\/wp-content\/uploads\/2025\/03\/2.png 512w\" sizes=\"auto, (max-width: 300px) 100vw, 300px\" \/><\/a>ALLEGHE<\/strong><\/p>\n<p data-start=\"66\" data-end=\"464\">Piste perfette, panorami mozzafiato, operatori turistici che fanno di tutto per accogliere al meglio i visitatori. Ma a cosa serve tutto questo se poi il primo <a class=\"dt-pswp-item\" href=\"https:\/\/www.radiopiu.net\/wordpress\/wp-content\/uploads\/2025\/03\/492c378d-a5c9-470b-aeb1-1a43d1d89371.jpg\" data-dt-img-description=\"\" data-large_image_width=\"1324\" data-large_image_height=\"1600\"><img loading=\"lazy\" decoding=\"async\" class=\" wp-image-438019 alignright\" src=\"https:\/\/www.radiopiu.net\/wordpress\/wp-content\/uploads\/2025\/03\/492c378d-a5c9-470b-aeb1-1a43d1d89371-248x300.jpg\" alt=\"\" width=\"161\" height=\"195\" srcset=\"https:\/\/www.radiopiu.net\/wordpress\/wp-content\/uploads\/2025\/03\/492c378d-a5c9-470b-aeb1-1a43d1d89371-248x300.jpg 248w, https:\/\/www.radiopiu.net\/wordpress\/wp-content\/uploads\/2025\/03\/492c378d-a5c9-470b-aeb1-1a43d1d89371-847x1024.jpg 847w, https:\/\/www.radiopiu.net\/wordpress\/wp-content\/uploads\/2025\/03\/492c378d-a5c9-470b-aeb1-1a43d1d89371-768x928.jpg 768w, https:\/\/www.radiopiu.net\/wordpress\/wp-content\/uploads\/2025\/03\/492c378d-a5c9-470b-aeb1-1a43d1d89371-1271x1536.jpg 1271w, https:\/\/www.radiopiu.net\/wordpress\/wp-content\/uploads\/2025\/03\/492c378d-a5c9-470b-aeb1-1a43d1d89371.jpg 1324w\" sizes=\"auto, (max-width: 161px) 100vw, 161px\" \/><\/a>impatto con Alleghe \u00e8 un cantiere infinito che paralizza la SR 203 Agordina? In piena stagione invernale, nel clou delle settimane bianche, ecco il biglietto da visita: colonne di Ski Bus fermi, traffico impazzito e turisti spazientiti.<\/p>\n<p data-start=\"466\" data-end=\"798\" data-is-last-node=\"\" data-is-only-node=\"\">Chi decide questi lavori? Perch\u00e9 non aspettare dieci-quindici giorni? Nessuno nega l\u2019importanza di fibra, metano e linee elettriche, ma possibile che ogni intervento debba essere fatto senza alcuna programmazione? Sembra l\u2019ennesima dimostrazione di come il turismo, linfa vitale della valle, venga trattato con un\u2019incredibile superficialit\u00e0, mica ci sono solo\u00a0 \u00a0le Olimpiadi Milano_Cortina 2026<\/p>\n<p>&nbsp;<\/p>\n<p>&nbsp;<\/p>\n<p>&nbsp;<\/p>\n<hr \/>\n<p>&nbsp;<\/p>\n<blockquote>\n<h3>PROSEGUONO I LAVORI SUL TORRENTE TEGORZO IN COMUNE DI SETTEVILLE<\/h3>\n<\/blockquote>\n<p><strong>VENEZIA<\/strong> Sono in corso i lavori per ripristinare tratti di difesa spondale lungo il torrente Tegorzo, danneggiati dall\u2019alluvione dell\u20198 ottobre scorso nel Comune di Setteville. La piena aveva causato erosioni significative, isolando alcune abitazioni e interrompendo la strada comunale per Schievenin. Anche l\u2019acquedotto, che serve pi\u00f9 comuni della provincia di Treviso, era stato danneggiato. Gli interventi iniziali hanno riguardato la deviazione delle acque e il ripristino della viabilit\u00e0 e dell\u2019acquedotto. Ora si stanno costruendo difese spondali con massi ciclopici e soglie per stabilizzare l\u2019alveo. I lavori dovrebbero concludersi entro l\u2019inizio dell\u2019estate, salvo imprevisti.<\/p>\n<p><strong>L&#8217;ASSESSORE AL DISSESTO IDROGEOLOGICO GIANPAOLO BOTTACIN<\/strong><\/p>\n<div style=\"width: 848px;\" class=\"wp-video\"><video class=\"wp-video-shortcode\" id=\"video-437944-1\" width=\"848\" height=\"480\" preload=\"metadata\" controls=\"controls\"><source type=\"video\/mp4\" src=\"https:\/\/www.radiopiu.net\/wordpress\/wp-content\/uploads\/2025\/03\/WhatsApp-Video-2025-03-05-at-14.57.10.mp4?_=1\" \/><a href=\"https:\/\/www.radiopiu.net\/wordpress\/wp-content\/uploads\/2025\/03\/WhatsApp-Video-2025-03-05-at-14.57.10.mp4\">https:\/\/www.radiopiu.net\/wordpress\/wp-content\/uploads\/2025\/03\/WhatsApp-Video-2025-03-05-at-14.57.10.mp4<\/a><\/video><\/div>\n<p>&nbsp;<\/p>\n\n\t\t\t<style type='text\/css'>\n\t\t\t\t#gallery-3 {\n\t\t\t\t\tmargin: auto;\n\t\t\t\t}\n\t\t\t\t#gallery-3 .gallery-item {\n\t\t\t\t\tfloat: left;\n\t\t\t\t\tmargin-top: 10px;\n\t\t\t\t\ttext-align: center;\n\t\t\t\t\twidth: 25%;\n\t\t\t\t}\n\t\t\t\t#gallery-3 img {\n\t\t\t\t\tborder: 2px solid #cfcfcf;\n\t\t\t\t}\n\t\t\t\t#gallery-3 .gallery-caption {\n\t\t\t\t\tmargin-left: 0;\n\t\t\t\t}\n\t\t\t\t\/* see gallery_shortcode() in wp-includes\/media.php *\/\n\t\t\t<\/style>\n\t\t<div id='gallery-3' class='dt-gallery-container gallery galleryid-437944 gallery-columns-4 gallery-size-thumbnail'><dl class='gallery-item'>\n\t\t\t\t<dt class='gallery-icon landscape'>\n\t\t\t\t\t<a class=\"rollover rollover-zoom dt-pswp-item\" title=\"13c61b92-e1dd-4e46-a73a-966a8ea64430\" data-dt-img-description=\"\" data-large_image_width=\"1600\" data-large_image_height=\"1200\"href='https:\/\/www.radiopiu.net\/wordpress\/wp-content\/uploads\/2025\/03\/13c61b92-e1dd-4e46-a73a-966a8ea64430.jpg'><img loading=\"lazy\" decoding=\"async\" width=\"150\" height=\"150\" src=\"https:\/\/www.radiopiu.net\/wordpress\/wp-content\/uploads\/2025\/03\/13c61b92-e1dd-4e46-a73a-966a8ea64430-150x150.jpg\" class=\"attachment-thumbnail size-thumbnail\" alt=\"\" \/><\/a>\n\t\t\t\t<\/dt><\/dl><dl class='gallery-item'>\n\t\t\t\t<dt class='gallery-icon landscape'>\n\t\t\t\t\t<a class=\"rollover rollover-zoom dt-pswp-item\" title=\"216fbfff-f12e-4842-a95f-2183ea3e0a64\" data-dt-img-description=\"\" data-large_image_width=\"1600\" data-large_image_height=\"1200\"href='https:\/\/www.radiopiu.net\/wordpress\/wp-content\/uploads\/2025\/03\/216fbfff-f12e-4842-a95f-2183ea3e0a64.jpg'><img loading=\"lazy\" decoding=\"async\" width=\"150\" height=\"150\" src=\"https:\/\/www.radiopiu.net\/wordpress\/wp-content\/uploads\/2025\/03\/216fbfff-f12e-4842-a95f-2183ea3e0a64-150x150.jpg\" class=\"attachment-thumbnail size-thumbnail\" alt=\"\" \/><\/a>\n\t\t\t\t<\/dt><\/dl><dl class='gallery-item'>\n\t\t\t\t<dt class='gallery-icon landscape'>\n\t\t\t\t\t<a class=\"rollover rollover-zoom dt-pswp-item\" title=\"f08f0167-7bbd-4966-b218-e0cd6315199c\" data-dt-img-description=\"\" data-large_image_width=\"1600\" data-large_image_height=\"1200\"href='https:\/\/www.radiopiu.net\/wordpress\/wp-content\/uploads\/2025\/03\/f08f0167-7bbd-4966-b218-e0cd6315199c.jpg'><img loading=\"lazy\" decoding=\"async\" width=\"150\" height=\"150\" src=\"https:\/\/www.radiopiu.net\/wordpress\/wp-content\/uploads\/2025\/03\/f08f0167-7bbd-4966-b218-e0cd6315199c-150x150.jpg\" class=\"attachment-thumbnail size-thumbnail\" alt=\"\" \/><\/a>\n\t\t\t\t<\/dt><\/dl><dl class='gallery-item'>\n\t\t\t\t<dt class='gallery-icon landscape'>\n\t\t\t\t\t<a class=\"rollover rollover-zoom dt-pswp-item\" title=\"696a78cd-2626-4175-8a42-cb3ebe084523\" data-dt-img-description=\"\" data-large_image_width=\"1600\" data-large_image_height=\"1200\"href='https:\/\/www.radiopiu.net\/wordpress\/wp-content\/uploads\/2025\/03\/696a78cd-2626-4175-8a42-cb3ebe084523.jpg'><img loading=\"lazy\" decoding=\"async\" width=\"150\" height=\"150\" src=\"https:\/\/www.radiopiu.net\/wordpress\/wp-content\/uploads\/2025\/03\/696a78cd-2626-4175-8a42-cb3ebe084523-150x150.jpg\" class=\"attachment-thumbnail size-thumbnail\" alt=\"\" \/><\/a>\n\t\t\t\t<\/dt><\/dl><br style=\"clear: both\" \/><dl class='gallery-item'>\n\t\t\t\t<dt class='gallery-icon landscape'>\n\t\t\t\t\t<a class=\"rollover rollover-zoom dt-pswp-item\" title=\"cc496b93-25ff-44bf-b9a9-e0aba510afef\" data-dt-img-description=\"\" data-large_image_width=\"1600\" data-large_image_height=\"1200\"href='https:\/\/www.radiopiu.net\/wordpress\/wp-content\/uploads\/2025\/03\/cc496b93-25ff-44bf-b9a9-e0aba510afef.jpg'><img loading=\"lazy\" decoding=\"async\" width=\"150\" height=\"150\" src=\"https:\/\/www.radiopiu.net\/wordpress\/wp-content\/uploads\/2025\/03\/cc496b93-25ff-44bf-b9a9-e0aba510afef-150x150.jpg\" class=\"attachment-thumbnail size-thumbnail\" alt=\"\" \/><\/a>\n\t\t\t\t<\/dt><\/dl><dl class='gallery-item'>\n\t\t\t\t<dt class='gallery-icon landscape'>\n\t\t\t\t\t<a class=\"rollover rollover-zoom dt-pswp-item\" title=\"f18b39a2-5d8b-4523-a29c-c48e4e70a12e\" data-dt-img-description=\"\" data-large_image_width=\"1600\" data-large_image_height=\"1200\"href='https:\/\/www.radiopiu.net\/wordpress\/wp-content\/uploads\/2025\/03\/f18b39a2-5d8b-4523-a29c-c48e4e70a12e.jpg'><img loading=\"lazy\" decoding=\"async\" width=\"150\" height=\"150\" src=\"https:\/\/www.radiopiu.net\/wordpress\/wp-content\/uploads\/2025\/03\/f18b39a2-5d8b-4523-a29c-c48e4e70a12e-150x150.jpg\" class=\"attachment-thumbnail size-thumbnail\" alt=\"\" \/><\/a>\n\t\t\t\t<\/dt><\/dl><dl class='gallery-item'>\n\t\t\t\t<dt class='gallery-icon landscape'>\n\t\t\t\t\t<a class=\"rollover rollover-zoom dt-pswp-item\" title=\"80fe242e-eea8-47f6-8abe-9c4d4e49e8e1\" data-dt-img-description=\"\" data-large_image_width=\"1600\" data-large_image_height=\"1200\"href='https:\/\/www.radiopiu.net\/wordpress\/wp-content\/uploads\/2025\/03\/80fe242e-eea8-47f6-8abe-9c4d4e49e8e1.jpg'><img loading=\"lazy\" decoding=\"async\" width=\"150\" height=\"150\" src=\"https:\/\/www.radiopiu.net\/wordpress\/wp-content\/uploads\/2025\/03\/80fe242e-eea8-47f6-8abe-9c4d4e49e8e1-150x150.jpg\" class=\"attachment-thumbnail size-thumbnail\" alt=\"\" \/><\/a>\n\t\t\t\t<\/dt><\/dl>\n\t\t\t\t<br style='clear: both' \/>\n\t\t\t<\/div>\n\n<p>&nbsp;<\/p>\n<hr \/>\n<p>&nbsp;<\/p>\n<blockquote>\n<p data-start=\"0\" data-end=\"54\"><strong data-start=\"0\" data-end=\"54\">I PRIMI 12 VIDEO SONO ARRIVATI QUASI ALLA SCADENZA<\/strong><\/p>\n<p><strong><a class=\"dt-pswp-item\" href=\"https:\/\/www.radiopiu.net\/wordpress\/wp-content\/uploads\/2025\/03\/francesca-de-biasi-e1741182374976.png\" data-dt-img-description=\"\" data-large_image_width=\"247\" data-large_image_height=\"172\"><img loading=\"lazy\" decoding=\"async\" class=\" wp-image-438020 alignleft\" src=\"https:\/\/www.radiopiu.net\/wordpress\/wp-content\/uploads\/2025\/03\/francesca-de-biasi-e1741182374976.png\" alt=\"\" width=\"207\" height=\"144\" \/><\/a><\/strong><\/p><\/blockquote>\n<p data-start=\"56\" data-end=\"708\" data-is-last-node=\"\" data-is-only-node=\"\"><strong>BELLUNO<\/strong> La Fondazione Welfare Dolomiti ha deciso di prorogare i termini del concorso \u201cCi sto bene\u201d fino al 21 aprile, dopo il forte interesse mostrato dai giovani. Il contest, dedicato alla \u201cgenerazione z\u201d, invita i ragazzi tra i 15 e i 25 anni a creare video che motivino altri giovani a vivere in provincia di Belluno. \u201cI video ricevuti mostrano entusiasmo e attaccamento al nostro territorio\u201d, ha commentato Francesca De Biasi, presidente della Fondazione (foto). I partecipanti possono anche migliorare i video gi\u00e0 inviati, ma non \u00e8 possibile usare materiale protetto da copyright. I premi per i primi tre classificati sono rispettivamente di 800, 500 e 300 euro.<\/p>\n<p>&nbsp;<\/p>\n<p>&nbsp;<\/p>\n<hr \/>\n<p>&nbsp;<\/p>\n<blockquote>\n<p data-start=\"0\" data-end=\"71\"><strong data-start=\"0\" data-end=\"69\"><a class=\"dt-pswp-item\" href=\"https:\/\/www.radiopiu.net\/wordpress\/wp-content\/uploads\/2025\/03\/Luca-Mazzucco-con-il-precedente-gestore-dellex-latteria.jpg\" data-dt-img-description=\"\" data-large_image_width=\"1200\" data-large_image_height=\"1600\"><img loading=\"lazy\" decoding=\"async\" class=\"size-medium wp-image-438013 alignleft\" src=\"https:\/\/www.radiopiu.net\/wordpress\/wp-content\/uploads\/2025\/03\/Luca-Mazzucco-con-il-precedente-gestore-dellex-latteria-225x300.jpg\" alt=\"\" width=\"225\" height=\"300\" srcset=\"https:\/\/www.radiopiu.net\/wordpress\/wp-content\/uploads\/2025\/03\/Luca-Mazzucco-con-il-precedente-gestore-dellex-latteria-225x300.jpg 225w, https:\/\/www.radiopiu.net\/wordpress\/wp-content\/uploads\/2025\/03\/Luca-Mazzucco-con-il-precedente-gestore-dellex-latteria-768x1024.jpg 768w, https:\/\/www.radiopiu.net\/wordpress\/wp-content\/uploads\/2025\/03\/Luca-Mazzucco-con-il-precedente-gestore-dellex-latteria-1152x1536.jpg 1152w, https:\/\/www.radiopiu.net\/wordpress\/wp-content\/uploads\/2025\/03\/Luca-Mazzucco-con-il-precedente-gestore-dellex-latteria.jpg 1200w\" sizes=\"auto, (max-width: 225px) 100vw, 225px\" \/><\/a><\/strong><\/p>\n<p data-start=\"0\" data-end=\"69\"><strong data-start=\"0\" data-end=\"69\">OLANTREGHE: LA EX LATTERIA PASSA AI GIOVANI DEL GRUPPO FRAZIONALE<\/strong><\/p>\n<p data-start=\"0\" data-end=\"71\">\n<\/blockquote>\n<p data-start=\"73\" data-end=\"677\" data-is-last-node=\"\" data-is-only-node=\"\"><strong>LONGARONE<\/strong> Cambio di gestione per l\u2019ex latteria di Olantreghe, ora affidata a un gruppo frazionale di giovani guidati da Luca Mazzucco. L\u2019amministrazione di Longarone ha concesso lo stabile per favorirne la valorizzazione con eventi e iniziative. Il gruppo prevede interventi di sistemazione, la promozione della sala museale e attivit\u00e0 per la comunit\u00e0. L\u2019assessore Erica Cornella esprime soddisfazione per l\u2019entusiasmo dei ragazzi e ribadisce il sostegno dell\u2019amministrazione a progetti di valorizzazione territoriale. L\u2019iniziativa mantiene vive tradizioni locali e rafforza il senso di appartenenza alla frazione.<\/p>\n<p>&nbsp;<\/p>\n<p><strong>FOTO<\/strong> Luca Mazzucco con il precedente gestore dell&#8217;ex latteria<\/p>\n<p>&nbsp;<\/p>\n<p>&nbsp;<\/p>\n<p>&nbsp;<\/p>\n<hr \/>\n<p>&nbsp;<\/p>\n<blockquote>\n<h1>MERITATO RICONOSCIMENTO PER RENATO BONA<\/h1>\n<\/blockquote>\n<p data-start=\"0\" data-end=\"67\"><strong data-start=\"0\" data-end=\"65\"><a class=\"dt-pswp-item\" href=\"https:\/\/www.radiopiu.net\/wordpress\/wp-content\/uploads\/2025\/03\/Senza-nome-24.png\" data-dt-img-description=\"\" data-large_image_width=\"472\" data-large_image_height=\"478\"><img loading=\"lazy\" decoding=\"async\" class=\"size-medium wp-image-438118 alignleft\" src=\"https:\/\/www.radiopiu.net\/wordpress\/wp-content\/uploads\/2025\/03\/Senza-nome-24-296x300.png\" alt=\"\" width=\"296\" height=\"300\" srcset=\"https:\/\/www.radiopiu.net\/wordpress\/wp-content\/uploads\/2025\/03\/Senza-nome-24-296x300.png 296w, https:\/\/www.radiopiu.net\/wordpress\/wp-content\/uploads\/2025\/03\/Senza-nome-24.png 472w\" sizes=\"auto, (max-width: 296px) 100vw, 296px\" \/><\/a>RENATO BONA: 60 ANNI DI GIORNALISMO E PASSIONE PER LA NOTIZIA,\u00a0<\/strong><\/p>\n<p data-start=\"69\" data-end=\"423\">Sessant\u2019anni con la penna in mano, sempre guidato dall\u2019immutato fiuto per la notizia. Renato Bona, storico giornalista bellunese, ha ricevuto luned\u00ec a Mestre un prestigioso riconoscimento: l\u2019attestato d\u2019onore per i 60 anni di iscrizione all\u2019Ordine dei giornalisti. Un traguardo che celebra una carriera intensa, vissuta con dedizione e professionalit\u00e0.<\/p>\n<p data-start=\"425\" data-end=\"779\">Gi\u00e0 caporedattore del <strong data-start=\"447\" data-end=\"461\">Gazzettino<\/strong>, volto noto del TG3 veneto della Rai, direttore di SetteGDolomiti referente Ansa per Beluno. Bona ha lasciato il segno nel mondo dell\u2019informazione locale, raccontando per decenni i fatti e le vicende della provincia. Per anni, \u00e8 stato anche una firma di riferimento per il <strong data-start=\"643\" data-end=\"666\" data-is-only-node=\"\">Corriere delle Alpi<\/strong>, contribuendo con la sua esperienza e il suo stile inconfondibile alla narrazione della storia del territorio.<\/p>\n<p data-start=\"781\" data-end=\"1121\" data-is-last-node=\"\" data-is-only-node=\"\">Il riconoscimento assegnatogli \u00e8 un tributo a un mestiere svolto con rigore e passione, sempre al servizio della verit\u00e0 e dei lettori. A Renato Bona, un giornalista che ha saputo attraversare le trasformazioni dell\u2019informazione senza mai perdere il senso della notizia, va il plauso di colleghi e amici, testimoni di una carriera esemplare.<\/p>\n<p>&nbsp;<\/p>\n<hr \/>\n<p>&nbsp;<\/p>\n<blockquote>\n<h3>L&#8217;AGGIORNAMENTO SUI LAVORI DEL POLO CULTURALE DI AGORDO<\/h3>\n<\/blockquote>\n<p><strong><a class=\"dt-pswp-item\" href=\"https:\/\/www.radiopiu.net\/wordpress\/wp-content\/uploads\/2025\/02\/EX-FOLLADOR.jpg\" data-dt-img-description=\"\" data-large_image_width=\"2000\" data-large_image_height=\"1500\"><img loading=\"lazy\" decoding=\"async\" class=\" wp-image-434307 alignleft\" src=\"https:\/\/www.radiopiu.net\/wordpress\/wp-content\/uploads\/2025\/02\/EX-FOLLADOR-300x225.jpg\" alt=\"\" width=\"175\" height=\"131\" srcset=\"https:\/\/www.radiopiu.net\/wordpress\/wp-content\/uploads\/2025\/02\/EX-FOLLADOR-300x225.jpg 300w, https:\/\/www.radiopiu.net\/wordpress\/wp-content\/uploads\/2025\/02\/EX-FOLLADOR-1024x768.jpg 1024w, https:\/\/www.radiopiu.net\/wordpress\/wp-content\/uploads\/2025\/02\/EX-FOLLADOR-768x576.jpg 768w, https:\/\/www.radiopiu.net\/wordpress\/wp-content\/uploads\/2025\/02\/EX-FOLLADOR-1536x1152.jpg 1536w, https:\/\/www.radiopiu.net\/wordpress\/wp-content\/uploads\/2025\/02\/EX-FOLLADOR.jpg 2000w\" sizes=\"auto, (max-width: 175px) 100vw, 175px\" \/><\/a>AGORDO<\/strong><\/p>\n<p>DI GIANNI SANTOMASO<\/p>\n<audio class=\"wp-audio-shortcode\" id=\"audio-437944-9\" preload=\"none\" style=\"width: 100%;\" controls=\"controls\"><source type=\"audio\/mpeg\" src=\"https:\/\/www.radiopiu.net\/wordpress\/wp-content\/uploads\/2025\/03\/GIANNI-LAGGIORNAMENTO-SUI-LAVORI-DEL-POLO-CULTURALE-DI-AGORDO.mp3?_=9\" \/><a href=\"https:\/\/www.radiopiu.net\/wordpress\/wp-content\/uploads\/2025\/03\/GIANNI-LAGGIORNAMENTO-SUI-LAVORI-DEL-POLO-CULTURALE-DI-AGORDO.mp3\">https:\/\/www.radiopiu.net\/wordpress\/wp-content\/uploads\/2025\/03\/GIANNI-LAGGIORNAMENTO-SUI-LAVORI-DEL-POLO-CULTURALE-DI-AGORDO.mp3<\/a><\/audio>\n<p>&nbsp;<\/p>\n<hr \/>\n<p>&nbsp;<\/p>\n<blockquote>\n<h3>MONITORAGGIO E TUTELA DEL PATRIMONIO ARBOREO: IL PROGETTO \u201cINFRASTRUTTURA VERDE\u201d NEL COMUNE DI AGORDO<\/h3>\n<\/blockquote>\n<p><strong><a class=\"dt-pswp-item\" href=\"https:\/\/www.radiopiu.net\/wordpress\/wp-content\/uploads\/2025\/03\/1625183e-0b9a-49a4-a43f-428c0e2d7e96.jpg\" data-dt-img-description=\"\" data-large_image_width=\"1536\" data-large_image_height=\"2040\"><img loading=\"lazy\" decoding=\"async\" class=\" wp-image-438074 alignleft\" src=\"https:\/\/www.radiopiu.net\/wordpress\/wp-content\/uploads\/2025\/03\/1625183e-0b9a-49a4-a43f-428c0e2d7e96-226x300.jpg\" alt=\"\" width=\"107\" height=\"142\" srcset=\"https:\/\/www.radiopiu.net\/wordpress\/wp-content\/uploads\/2025\/03\/1625183e-0b9a-49a4-a43f-428c0e2d7e96-226x300.jpg 226w, https:\/\/www.radiopiu.net\/wordpress\/wp-content\/uploads\/2025\/03\/1625183e-0b9a-49a4-a43f-428c0e2d7e96-771x1024.jpg 771w, https:\/\/www.radiopiu.net\/wordpress\/wp-content\/uploads\/2025\/03\/1625183e-0b9a-49a4-a43f-428c0e2d7e96-768x1020.jpg 768w, https:\/\/www.radiopiu.net\/wordpress\/wp-content\/uploads\/2025\/03\/1625183e-0b9a-49a4-a43f-428c0e2d7e96-1157x1536.jpg 1157w, https:\/\/www.radiopiu.net\/wordpress\/wp-content\/uploads\/2025\/03\/1625183e-0b9a-49a4-a43f-428c0e2d7e96.jpg 1536w\" sizes=\"auto, (max-width: 107px) 100vw, 107px\" \/><\/a>AGORDO<\/strong> Nell\u2019ambito del Programma UE Interreg VI-A Italia-Austria 2021-2027 CLLD Dolomiti Live, il progetto \u201cInfrastruttura verde\u201d coinvolge Agordo, Lienz e Brunico nel monitoraggio del patrimonio arboreo urbano. Agordo, con il supporto di uno studio forestale, ha formato il personale addetto alla cura del verde e completato il censimento degli alberi del Parco \u201cBroi\u201d e del parco giochi lungo il torrente Rova. Durante il censimento \u00e8 stata valutata la stabilit\u00e0 degli alberi attraverso la metodologia V.T.A., esaminando tronco, rami, chioma e corteccia per individuare problemi strutturali, malattie o attacchi di parassiti. Strumenti specifici sono stati utilizzati in caso di necessit\u00e0. Questa analisi aiuter\u00e0 l\u2019Amministrazione a pianificare interventi come potature o abbattimenti per garantire la sicurezza e la salute delle piante. Il progetto ha un costo di 24.359,00 euro, con un finanziamento UE di 15.589,76 euro. Inoltre, il Comune di Agordo sta valutando interventi per migliorare la composizione verde del parco giochi lungo il torrente Rova.<\/p>\n<p>&nbsp;<\/p>\n<p>&nbsp;<\/p>\n<hr \/>\n<p>&nbsp;<\/p>\n<blockquote>\n<h3>CONGRESSO AL VIA ANCHE PER I PENSIONATI DELLA CISL BELLUNO TREVISO<\/h3>\n<\/blockquote>\n<div class=\"flex max-w-full flex-col flex-grow\">\n<div class=\"min-h-8 text-message relative flex w-full flex-col items-end gap-2 whitespace-normal break-words text-start [.text-message+&amp;]:mt-5\" dir=\"auto\" data-message-author-role=\"assistant\" data-message-id=\"78799ce6-564e-4110-9170-af7650ff5412\" data-message-model-slug=\"gpt-4o-mini\">\n<div class=\"flex w-full flex-col gap-1 empty:hidden first:pt-[3px]\">\n<div class=\"markdown prose w-full break-words dark:prose-invert dark\">\n<p data-start=\"72\" data-end=\"754\" data-is-last-node=\"\" data-is-only-node=\"\"><strong><a class=\"dt-pswp-item\" href=\"https:\/\/www.radiopiu.net\/wordpress\/wp-content\/uploads\/2025\/03\/Franco-Marcuzzo-min-scaled.jpg\" data-dt-img-description=\"\" data-large_image_width=\"1707\" data-large_image_height=\"2560\"><img loading=\"lazy\" decoding=\"async\" class=\"wp-image-438021 alignleft\" src=\"https:\/\/www.radiopiu.net\/wordpress\/wp-content\/uploads\/2025\/03\/Franco-Marcuzzo-min-200x300.jpg\" alt=\"\" width=\"138\" height=\"207\" srcset=\"https:\/\/www.radiopiu.net\/wordpress\/wp-content\/uploads\/2025\/03\/Franco-Marcuzzo-min-200x300.jpg 200w, https:\/\/www.radiopiu.net\/wordpress\/wp-content\/uploads\/2025\/03\/Franco-Marcuzzo-min-683x1024.jpg 683w, https:\/\/www.radiopiu.net\/wordpress\/wp-content\/uploads\/2025\/03\/Franco-Marcuzzo-min-768x1152.jpg 768w, https:\/\/www.radiopiu.net\/wordpress\/wp-content\/uploads\/2025\/03\/Franco-Marcuzzo-min-1024x1536.jpg 1024w, https:\/\/www.radiopiu.net\/wordpress\/wp-content\/uploads\/2025\/03\/Franco-Marcuzzo-min-1365x2048.jpg 1365w, https:\/\/www.radiopiu.net\/wordpress\/wp-content\/uploads\/2025\/03\/Franco-Marcuzzo-min-scaled.jpg 1707w\" sizes=\"auto, (max-width: 138px) 100vw, 138px\" \/><\/a>TREVISO BELLUNO<\/strong> Il 6 e 7 marzo 2025 si terr\u00e0 a Fanzolo di Vedelago il Congresso dei Pensionati della Cisl Belluno Treviso, con 124 delegati eletti nelle 27 assemblee pre-congressuali. Il tema centrale sar\u00e0 \u201cGenerazione sostenibile \u2013 Impegno, energia, connessioni\u201d, parte del percorso nazionale \u201cIl coraggio della partecipazione\u201d. I delegati rifletteranno sui risultati ottenuti e pianificheranno le attivit\u00e0 future, eleggendo il nuovo gruppo dirigente. Il Congresso affronter\u00e0 la crescente denatalit\u00e0 e l\u2019invecchiamento della popolazione, sottolineando la responsabilit\u00e0 storica di costruire un futuro pi\u00f9 giusto. Interverranno figure di spicco della Cisl, tra cui Lorenza Leonardi e Emilio Didon\u00e8.<\/p>\n<\/div>\n<\/div>\n<\/div>\n<\/div>\n<div class=\"mb-2 flex gap-3 -ml-2\" tabindex=\"0\">\n<div class=\"items-center justify-start rounded-xl p-1 z-10 -mt-1 bg-token-main-surface-primary screen-arch:mt-1 md:absolute flex\">\n<div class=\"flex items-center\"><button class=\"rounded-lg text-token-text-secondary hover:bg-token-main-surface-secondary\" aria-label=\"Copia\" data-testid=\"copy-turn-action-button\"><span style=\"color: #000000; font-family: Helvetica;\">\u201cIl continuo e costante calo delle nascite &#8211; spiega il <b>segretario generale della Cisl Fnp Franco Marcuzzo<\/b> (FOTO)- \u00e8 un indicatore preoccupante di una societ\u00e0 che non guarda al futuro, che non si d\u00e0 prospettiva, che non offre speranza. La denatalit\u00e0 \u00e8 un frutto amaro di una societ\u00e0 di cui siamo parte: abbiamo il dovere di concorrere alla ricerca di risposte e proporre soluzioni volte al superamento di tutte le problematiche che ne sono causa, siano esse strutturali, culturali o economiche\u201d<\/span><\/button><\/div>\n<\/div>\n<\/div>\n<div><\/div>\n<div><\/div>\n<div><\/div>\n<div><\/div>\n<p>&nbsp;<\/p>\n<hr \/>\n<p>&nbsp;<\/p>\n<blockquote>\n<h3>INAUGURATO AL CENTRO CONSORZI DI SEDICO IL NUOVO SPORTELLO MANPOWER<\/h3>\n<\/blockquote>\n<p><strong>SEDICO<\/strong> Taglio del nastro per il nuovo sportello di Sedico di ManPower, che trova spazio nei locali del Centro Consorzi. L&#8217;occasione anche per dare uno sguardo al mercato del lavoro nel territorio.<\/p>\n<p><strong>DI DANIELE DALVIT<\/strong><\/p>\n<audio class=\"wp-audio-shortcode\" id=\"audio-437944-10\" preload=\"none\" style=\"width: 100%;\" controls=\"controls\"><source type=\"audio\/mpeg\" src=\"https:\/\/www.radiopiu.net\/wordpress\/wp-content\/uploads\/2025\/03\/Servizio-Sportello-Manpower-Centro-Consorzi-Sedico.mp3?_=10\" \/><a href=\"https:\/\/www.radiopiu.net\/wordpress\/wp-content\/uploads\/2025\/03\/Servizio-Sportello-Manpower-Centro-Consorzi-Sedico.mp3\">https:\/\/www.radiopiu.net\/wordpress\/wp-content\/uploads\/2025\/03\/Servizio-Sportello-Manpower-Centro-Consorzi-Sedico.mp3<\/a><\/audio>\n<p>&nbsp;<\/p>\n\n\t\t\t<style type='text\/css'>\n\t\t\t\t#gallery-4 {\n\t\t\t\t\tmargin: auto;\n\t\t\t\t}\n\t\t\t\t#gallery-4 .gallery-item {\n\t\t\t\t\tfloat: left;\n\t\t\t\t\tmargin-top: 10px;\n\t\t\t\t\ttext-align: center;\n\t\t\t\t\twidth: 33%;\n\t\t\t\t}\n\t\t\t\t#gallery-4 img {\n\t\t\t\t\tborder: 2px solid #cfcfcf;\n\t\t\t\t}\n\t\t\t\t#gallery-4 .gallery-caption {\n\t\t\t\t\tmargin-left: 0;\n\t\t\t\t}\n\t\t\t\t\/* see gallery_shortcode() in wp-includes\/media.php *\/\n\t\t\t<\/style>\n\t\t<div id='gallery-4' class='dt-gallery-container gallery galleryid-437944 gallery-columns-3 gallery-size-medium'><dl class='gallery-item'>\n\t\t\t\t<dt class='gallery-icon landscape'>\n\t\t\t\t\t<a class=\"rollover rollover-zoom dt-pswp-item\" title=\"16777d78-c892-4794-a5db-a4978e6b57ec\" data-dt-img-description=\"\" data-large_image_width=\"2560\" data-large_image_height=\"1920\"href='https:\/\/www.radiopiu.net\/wordpress\/wp-content\/uploads\/2025\/03\/16777d78-c892-4794-a5db-a4978e6b57ec-scaled.jpg'><img loading=\"lazy\" decoding=\"async\" width=\"300\" height=\"225\" src=\"https:\/\/www.radiopiu.net\/wordpress\/wp-content\/uploads\/2025\/03\/16777d78-c892-4794-a5db-a4978e6b57ec-300x225.jpg\" class=\"attachment-medium size-medium\" alt=\"\" srcset=\"https:\/\/www.radiopiu.net\/wordpress\/wp-content\/uploads\/2025\/03\/16777d78-c892-4794-a5db-a4978e6b57ec-300x225.jpg 300w, https:\/\/www.radiopiu.net\/wordpress\/wp-content\/uploads\/2025\/03\/16777d78-c892-4794-a5db-a4978e6b57ec-1024x768.jpg 1024w, https:\/\/www.radiopiu.net\/wordpress\/wp-content\/uploads\/2025\/03\/16777d78-c892-4794-a5db-a4978e6b57ec-768x576.jpg 768w, https:\/\/www.radiopiu.net\/wordpress\/wp-content\/uploads\/2025\/03\/16777d78-c892-4794-a5db-a4978e6b57ec-1536x1152.jpg 1536w, https:\/\/www.radiopiu.net\/wordpress\/wp-content\/uploads\/2025\/03\/16777d78-c892-4794-a5db-a4978e6b57ec-2048x1536.jpg 2048w\" sizes=\"auto, (max-width: 300px) 100vw, 300px\" \/><\/a>\n\t\t\t\t<\/dt><\/dl><dl class='gallery-item'>\n\t\t\t\t<dt class='gallery-icon landscape'>\n\t\t\t\t\t<a class=\"rollover rollover-zoom dt-pswp-item\" title=\"3ac5b583-9e37-4d71-a5a2-19c4dd72c23c\" data-dt-img-description=\"\" data-large_image_width=\"2560\" data-large_image_height=\"1920\"href='https:\/\/www.radiopiu.net\/wordpress\/wp-content\/uploads\/2025\/03\/3ac5b583-9e37-4d71-a5a2-19c4dd72c23c-scaled.jpg'><img loading=\"lazy\" decoding=\"async\" width=\"300\" height=\"225\" src=\"https:\/\/www.radiopiu.net\/wordpress\/wp-content\/uploads\/2025\/03\/3ac5b583-9e37-4d71-a5a2-19c4dd72c23c-300x225.jpg\" class=\"attachment-medium size-medium\" alt=\"\" srcset=\"https:\/\/www.radiopiu.net\/wordpress\/wp-content\/uploads\/2025\/03\/3ac5b583-9e37-4d71-a5a2-19c4dd72c23c-300x225.jpg 300w, https:\/\/www.radiopiu.net\/wordpress\/wp-content\/uploads\/2025\/03\/3ac5b583-9e37-4d71-a5a2-19c4dd72c23c-1024x768.jpg 1024w, https:\/\/www.radiopiu.net\/wordpress\/wp-content\/uploads\/2025\/03\/3ac5b583-9e37-4d71-a5a2-19c4dd72c23c-768x576.jpg 768w, https:\/\/www.radiopiu.net\/wordpress\/wp-content\/uploads\/2025\/03\/3ac5b583-9e37-4d71-a5a2-19c4dd72c23c-1536x1152.jpg 1536w, https:\/\/www.radiopiu.net\/wordpress\/wp-content\/uploads\/2025\/03\/3ac5b583-9e37-4d71-a5a2-19c4dd72c23c-2048x1536.jpg 2048w\" sizes=\"auto, (max-width: 300px) 100vw, 300px\" \/><\/a>\n\t\t\t\t<\/dt><\/dl><dl class='gallery-item'>\n\t\t\t\t<dt class='gallery-icon landscape'>\n\t\t\t\t\t<a class=\"rollover rollover-zoom dt-pswp-item\" title=\"2a1ddd7e-14b7-4f34-8fa2-a53961cae23d\" data-dt-img-description=\"\" data-large_image_width=\"2560\" data-large_image_height=\"1920\"href='https:\/\/www.radiopiu.net\/wordpress\/wp-content\/uploads\/2025\/03\/2a1ddd7e-14b7-4f34-8fa2-a53961cae23d-scaled.jpg'><img loading=\"lazy\" decoding=\"async\" width=\"300\" height=\"225\" src=\"https:\/\/www.radiopiu.net\/wordpress\/wp-content\/uploads\/2025\/03\/2a1ddd7e-14b7-4f34-8fa2-a53961cae23d-300x225.jpg\" class=\"attachment-medium size-medium\" alt=\"\" srcset=\"https:\/\/www.radiopiu.net\/wordpress\/wp-content\/uploads\/2025\/03\/2a1ddd7e-14b7-4f34-8fa2-a53961cae23d-300x225.jpg 300w, https:\/\/www.radiopiu.net\/wordpress\/wp-content\/uploads\/2025\/03\/2a1ddd7e-14b7-4f34-8fa2-a53961cae23d-1024x768.jpg 1024w, https:\/\/www.radiopiu.net\/wordpress\/wp-content\/uploads\/2025\/03\/2a1ddd7e-14b7-4f34-8fa2-a53961cae23d-768x576.jpg 768w, https:\/\/www.radiopiu.net\/wordpress\/wp-content\/uploads\/2025\/03\/2a1ddd7e-14b7-4f34-8fa2-a53961cae23d-1536x1152.jpg 1536w, https:\/\/www.radiopiu.net\/wordpress\/wp-content\/uploads\/2025\/03\/2a1ddd7e-14b7-4f34-8fa2-a53961cae23d-2048x1536.jpg 2048w\" sizes=\"auto, (max-width: 300px) 100vw, 300px\" \/><\/a>\n\t\t\t\t<\/dt><\/dl><br style=\"clear: both\" \/>\n\t\t\t<\/div>\n\n<p>&nbsp;<\/p>\n<hr \/>\n<p>&nbsp;<\/p>\n<p>&nbsp;<\/p>\n<h1 class=\"_title post-title entry-title\"><a class=\"dt-pswp-item\" href=\"https:\/\/www.radiopiu.net\/wordpress\/wp-content\/uploads\/2023\/12\/ANTENNA.png\" data-dt-img-description=\"\" data-large_image_width=\"300\" data-large_image_height=\"166\"><img loading=\"lazy\" decoding=\"async\" class=\"size-full wp-image-366306 alignleft\" src=\"https:\/\/www.radiopiu.net\/wordpress\/wp-content\/uploads\/2023\/12\/ANTENNA.png\" alt=\"\" width=\"300\" height=\"166\" \/><\/a>CIBIANA DI CADORE | IL SINDACO SI DIMETTE MA I CITTADINI NON SI STUPISCONO<\/h1>\n<p>DI FABIO FIORAVANZI<\/p>\n<p><iframe loading=\"lazy\" title=\"IL SINDACO SI DIMETTE MA I CITTADINI NON SI STUPISCONO | 05\/03\/2025\" width=\"1200\" height=\"675\" src=\"https:\/\/www.youtube.com\/embed\/URlOV7edV1U?feature=oembed\" frameborder=\"0\" allow=\"accelerometer; autoplay; clipboard-write; encrypted-media; gyroscope; picture-in-picture; web-share\" referrerpolicy=\"strict-origin-when-cross-origin\" allowfullscreen><\/iframe><\/p>\n<p>&nbsp;<\/p>\n<p>&nbsp;<\/p>\n<hr \/>\n<p>&nbsp;<\/p>\n<blockquote>\n<h2>\u00a0ss 48 del passo Falzarego.<\/h2>\n<\/blockquote>\n\n\t\t\t<style type='text\/css'>\n\t\t\t\t#gallery-5 {\n\t\t\t\t\tmargin: auto;\n\t\t\t\t}\n\t\t\t\t#gallery-5 .gallery-item {\n\t\t\t\t\tfloat: left;\n\t\t\t\t\tmargin-top: 10px;\n\t\t\t\t\ttext-align: center;\n\t\t\t\t\twidth: 33%;\n\t\t\t\t}\n\t\t\t\t#gallery-5 img {\n\t\t\t\t\tborder: 2px solid #cfcfcf;\n\t\t\t\t}\n\t\t\t\t#gallery-5 .gallery-caption {\n\t\t\t\t\tmargin-left: 0;\n\t\t\t\t}\n\t\t\t\t\/* see gallery_shortcode() in wp-includes\/media.php *\/\n\t\t\t<\/style>\n\t\t<div id='gallery-5' class='dt-gallery-container gallery galleryid-437944 gallery-columns-3 gallery-size-thumbnail'><dl class='gallery-item'>\n\t\t\t\t<dt class='gallery-icon portrait'>\n\t\t\t\t\t<a class=\"rollover rollover-zoom dt-pswp-item\" title=\"c0508e0c-242c-4968-a0d4-7b0cbd7c6fa3\" data-dt-img-description=\"\" data-large_image_width=\"1086\" data-large_image_height=\"1448\"href='https:\/\/www.radiopiu.net\/wordpress\/wp-content\/uploads\/2025\/03\/c0508e0c-242c-4968-a0d4-7b0cbd7c6fa3.jpg'><img loading=\"lazy\" decoding=\"async\" width=\"150\" height=\"150\" src=\"https:\/\/www.radiopiu.net\/wordpress\/wp-content\/uploads\/2025\/03\/c0508e0c-242c-4968-a0d4-7b0cbd7c6fa3-150x150.jpg\" class=\"attachment-thumbnail size-thumbnail\" alt=\"\" \/><\/a>\n\t\t\t\t<\/dt><\/dl><dl class='gallery-item'>\n\t\t\t\t<dt class='gallery-icon portrait'>\n\t\t\t\t\t<a class=\"rollover rollover-zoom dt-pswp-item\" title=\"2f8f1d62-241b-43d1-974e-9db3c6f61027\" data-dt-img-description=\"\" data-large_image_width=\"1086\" data-large_image_height=\"1448\"href='https:\/\/www.radiopiu.net\/wordpress\/wp-content\/uploads\/2025\/03\/2f8f1d62-241b-43d1-974e-9db3c6f61027.jpg'><img loading=\"lazy\" decoding=\"async\" width=\"150\" height=\"150\" src=\"https:\/\/www.radiopiu.net\/wordpress\/wp-content\/uploads\/2025\/03\/2f8f1d62-241b-43d1-974e-9db3c6f61027-150x150.jpg\" class=\"attachment-thumbnail size-thumbnail\" alt=\"\" \/><\/a>\n\t\t\t\t<\/dt><\/dl><dl class='gallery-item'>\n\t\t\t\t<dt class='gallery-icon portrait'>\n\t\t\t\t\t<a class=\"rollover rollover-zoom dt-pswp-item\" title=\"3b3b0cc4-814c-4d8b-a339-0c85fafff8d2\" data-dt-img-description=\"\" data-large_image_width=\"1086\" data-large_image_height=\"1448\"href='https:\/\/www.radiopiu.net\/wordpress\/wp-content\/uploads\/2025\/03\/3b3b0cc4-814c-4d8b-a339-0c85fafff8d2.jpg'><img loading=\"lazy\" decoding=\"async\" width=\"150\" height=\"150\" src=\"https:\/\/www.radiopiu.net\/wordpress\/wp-content\/uploads\/2025\/03\/3b3b0cc4-814c-4d8b-a339-0c85fafff8d2-150x150.jpg\" class=\"attachment-thumbnail size-thumbnail\" alt=\"\" \/><\/a>\n\t\t\t\t<\/dt><\/dl><br style=\"clear: both\" \/>\n\t\t\t<\/div>\n\n<p>&nbsp;<\/p>\n<hr \/>\n<p>&nbsp;<\/p>\n<blockquote>\n<h3>IL BELLO DI TAIBON&#8230;<\/h3>\n<\/blockquote>\n<p><strong>REDAZIONE<\/strong> A Taibon non mancano le novit\u00e0. Abbiamo fatto un giro in paese per scoprire cosa c&#8217;\u00e8 di nuovo.<\/p>\n<p><strong>IL NUOVO PARCO GIOCHI AL CAMPO SPORTIVO<\/strong><\/p>\n<p><iframe loading=\"lazy\" style=\"border: none; overflow: hidden;\" src=\"https:\/\/www.facebook.com\/plugins\/video.php?height=314&amp;href=https%3A%2F%2Fwww.facebook.com%2Fradiopiu%2Fvideos%2F1374011184040362%2F&amp;show_text=false&amp;width=560&amp;t=0\" width=\"560\" height=\"314\" frameborder=\"0\" scrolling=\"no\" allowfullscreen=\"allowfullscreen\" data-mce-fragment=\"1\"><\/iframe><\/p>\n<p>&nbsp;<\/p>\n<p><strong>LA TAGLIAFUOCO&#8230; PERCORSO TRA LA NATURA E LE NUOVE PANCHINE<\/strong><\/p>\n<p><iframe loading=\"lazy\" style=\"border: none; overflow: hidden;\" src=\"https:\/\/www.facebook.com\/plugins\/video.php?height=314&amp;href=https%3A%2F%2Fwww.facebook.com%2Fradiopiu%2Fvideos%2F1247995580321759%2F&amp;show_text=false&amp;width=560&amp;t=0\" width=\"560\" height=\"314\" frameborder=\"0\" scrolling=\"no\" allowfullscreen=\"allowfullscreen\" data-mce-fragment=\"1\"><\/iframe><\/p>\n<p>&nbsp;<\/p>\n<p>&nbsp;<\/p>\n<hr \/>\n<p>&nbsp;<\/p>\n<blockquote>\n<h2>LA RETE DEL METANO SI ESPANDE AD AGORDO E TAIBON<\/h2>\n<\/blockquote>\n<p>AGORDO_TAIBON<\/p>\n<p>&nbsp;<\/p>\n<div class=\"flex max-w-full flex-col flex-grow\">\n<div class=\"min-h-8 text-message relative flex w-full flex-col items-end gap-2 whitespace-normal break-words text-start [.text-message+&amp;]:mt-5\" dir=\"auto\" data-message-author-role=\"assistant\" data-message-id=\"2aed1e13-b230-414e-b26c-cc4286e1a660\" data-message-model-slug=\"gpt-4o\">\n<div class=\"flex w-full flex-col gap-1 empty:hidden first:pt-[3px]\">\n<div class=\"markdown prose w-full break-words dark:prose-invert dark\">\n<p data-start=\"56\" data-end=\"346\" data-is-last-node=\"\" data-is-only-node=\"\"><img decoding=\"async\" class=\"alignleft\" src=\"https:\/\/www.radiopiu.net\/wordpress\/wp-content\/uploads\/2025\/03\/download-3.jpg\" \/>Italgas prosegue l\u2019ampliamento della rete del gas in Agordino, con un nuovo tratto operativo di 1,5 km ad Agordo. Il progetto prevede investimenti per 2,3 milioni di euro, includendo 2,5 km di rete digitale e smart meters.<\/p>\n<p data-start=\"56\" data-end=\"346\" data-is-last-node=\"\" data-is-only-node=\"\">A Taibon Agordino, prevista un\u2019estensione di 5,5 km entro l\u2019estate. \u00a0Nel complesso si tratta di interventi che rientrano nel pi\u00f9 ampio programma di investimenti, pari a 135 milioni di euro, che Italgas ha previsto di realizzare nell&#8217;Ambito territoriale Belluno nel corso della concessione. Un piano che garantir\u00e0 alla comunit\u00e0 infrastrutture all&#8217;avanguardia, pronte ad accogliere i gas rinnovabili, generando anche un impatto positivo sull&#8217;economia locale<\/p>\n<\/div>\n<\/div>\n<\/div>\n<\/div>\n<p>&nbsp;<\/p>\n<hr \/>\n<p>&nbsp;<\/p>\n<blockquote>\n<h3>AL VIA LE BORSE DI STUDIO DELLA REGIONE PER GLI STUDENTI DELLE SCUOLE SECONDARIE<\/h3>\n<\/blockquote>\n<p><strong><a class=\"dt-pswp-item\" href=\"https:\/\/www.radiopiu.net\/wordpress\/wp-content\/uploads\/2020\/06\/primo-piano-gli-studenti-che-scrivono-e-leggono-gli-fogli-di-risposta-degli-esami-di-esercitazione-in-aula-della-scuola-con-lo-stress_73622-858.jpg\" data-dt-img-description=\"\" data-large_image_width=\"626\" data-large_image_height=\"417\"><img loading=\"lazy\" decoding=\"async\" class=\" wp-image-143128 alignleft\" src=\"https:\/\/www.radiopiu.net\/wordpress\/wp-content\/uploads\/2020\/06\/primo-piano-gli-studenti-che-scrivono-e-leggono-gli-fogli-di-risposta-degli-esami-di-esercitazione-in-aula-della-scuola-con-lo-stress_73622-858-300x200.jpg\" alt=\"\" width=\"138\" height=\"92\" srcset=\"https:\/\/www.radiopiu.net\/wordpress\/wp-content\/uploads\/2020\/06\/primo-piano-gli-studenti-che-scrivono-e-leggono-gli-fogli-di-risposta-degli-esami-di-esercitazione-in-aula-della-scuola-con-lo-stress_73622-858-300x200.jpg 300w, https:\/\/www.radiopiu.net\/wordpress\/wp-content\/uploads\/2020\/06\/primo-piano-gli-studenti-che-scrivono-e-leggono-gli-fogli-di-risposta-degli-esami-di-esercitazione-in-aula-della-scuola-con-lo-stress_73622-858.jpg 626w\" sizes=\"auto, (max-width: 138px) 100vw, 138px\" \/><\/a>VENEZIA<\/strong> La Regione del Veneto rinnova il proprio impegno per il diritto allo studio istituendo borse di studio per studenti delle scuole secondarie di secondo grado con ISEE inferiore a 15.748,78 euro. Il contributo, tra 150 e 500 euro, copre spese per libri, trasporti e beni culturali. L\u2019assessore Valeria Mantovan sottolinea l\u2019importanza di garantire l\u2019accesso all\u2019istruzione e contrastare le disuguaglianze educative. L\u2019iniziativa mira a favorire la partecipazione scolastica e ridurre la dispersione. Le domande possono essere presentate fino al 4 aprile 2025 sul sito ufficiale della Regione Veneto.<\/p>\n<p>&nbsp;<\/p>\n<p>&nbsp;<\/p>\n<hr \/>\n<p>&nbsp;<\/p>\n<blockquote>\n<h3><a class=\"dt-pswp-item\" href=\"https:\/\/www.radiopiu.net\/wordpress\/wp-content\/uploads\/2025\/03\/05-03-2025-PUNTO-STAMPA-3249-scaled.jpg\" data-dt-img-description=\"\" data-large_image_width=\"2560\" data-large_image_height=\"1708\"><img loading=\"lazy\" decoding=\"async\" class=\" wp-image-438043 alignleft\" src=\"https:\/\/www.radiopiu.net\/wordpress\/wp-content\/uploads\/2025\/03\/05-03-2025-PUNTO-STAMPA-3249-300x200.jpg\" alt=\"\" width=\"180\" height=\"120\" srcset=\"https:\/\/www.radiopiu.net\/wordpress\/wp-content\/uploads\/2025\/03\/05-03-2025-PUNTO-STAMPA-3249-300x200.jpg 300w, https:\/\/www.radiopiu.net\/wordpress\/wp-content\/uploads\/2025\/03\/05-03-2025-PUNTO-STAMPA-3249-1024x683.jpg 1024w, https:\/\/www.radiopiu.net\/wordpress\/wp-content\/uploads\/2025\/03\/05-03-2025-PUNTO-STAMPA-3249-768x512.jpg 768w, https:\/\/www.radiopiu.net\/wordpress\/wp-content\/uploads\/2025\/03\/05-03-2025-PUNTO-STAMPA-3249-1536x1025.jpg 1536w, https:\/\/www.radiopiu.net\/wordpress\/wp-content\/uploads\/2025\/03\/05-03-2025-PUNTO-STAMPA-3249-2048x1366.jpg 2048w\" sizes=\"auto, (max-width: 180px) 100vw, 180px\" \/><\/a>NASCE IL PRIMO MUSEO DEDICATO ALLA LETTERATURA DELLE DOLOMITI<\/h3>\n<\/blockquote>\n<p><strong>VENEZIA<\/strong> \u00c8 nato &#8220;Accadde a Cortina&#8221;, il primo museo diffuso della letteratura delle Dolomiti, un percorso culturale e turistico nella valle d\u2019Ampezzo. Presentato dal presidente Luca Zaia e curato da Francesco Chiamulera, il progetto prevede 18 pannelli interattivi in acciaio corten, collocati in citt\u00e0, nei boschi e sulle piste, con citazioni di grandi autori legati a Cortina, come Montale, Hemingway, Buzzati e Parise. Ogni pannello ha un QR code per accedere a mappe, letture e contenuti multimediali in italiano, inglese e ampezzano. Un&#8217;eredit\u00e0 culturale destinata a durare oltre Milano Cortina 2026.<\/p>\n<p>&nbsp;<\/p>\n<p>&nbsp;<\/p>\n<hr \/>\n<p>&nbsp;<\/p>\n<blockquote>\n<h3><a class=\"dt-pswp-item\" href=\"https:\/\/www.radiopiu.net\/wordpress\/wp-content\/uploads\/2025\/03\/b6d5fc1c-beb4-4ff2-ae4c-73ebf02eac89.jpg\" data-dt-img-description=\"\" data-large_image_width=\"1600\" data-large_image_height=\"738\"><img loading=\"lazy\" decoding=\"async\" class=\" wp-image-438092 alignleft\" src=\"https:\/\/www.radiopiu.net\/wordpress\/wp-content\/uploads\/2025\/03\/b6d5fc1c-beb4-4ff2-ae4c-73ebf02eac89-300x138.jpg\" alt=\"\" width=\"231\" height=\"106\" srcset=\"https:\/\/www.radiopiu.net\/wordpress\/wp-content\/uploads\/2025\/03\/b6d5fc1c-beb4-4ff2-ae4c-73ebf02eac89-300x138.jpg 300w, https:\/\/www.radiopiu.net\/wordpress\/wp-content\/uploads\/2025\/03\/b6d5fc1c-beb4-4ff2-ae4c-73ebf02eac89-1024x472.jpg 1024w, https:\/\/www.radiopiu.net\/wordpress\/wp-content\/uploads\/2025\/03\/b6d5fc1c-beb4-4ff2-ae4c-73ebf02eac89-768x354.jpg 768w, https:\/\/www.radiopiu.net\/wordpress\/wp-content\/uploads\/2025\/03\/b6d5fc1c-beb4-4ff2-ae4c-73ebf02eac89-1536x708.jpg 1536w, https:\/\/www.radiopiu.net\/wordpress\/wp-content\/uploads\/2025\/03\/b6d5fc1c-beb4-4ff2-ae4c-73ebf02eac89.jpg 1600w\" sizes=\"auto, (max-width: 231px) 100vw, 231px\" \/><\/a>PRENDE FORMA LA CITTADELLA DELLO SPORT A CALALZO<\/h3>\n<\/blockquote>\n<p><strong>CALALZO DI CADORE<\/strong> Prende forma la &#8220;Cittadella dello Sport&#8221;di Calalzo di Cadore con la conclusione del cantiere al nuovo campo da calcio sintetico che apre le porte alle Societ\u00e0 del Cadore, in un primo momento per gli allenamenti e a breve anche alle partite. Entro 60 giorni l&#8217;omologazione. La conferma dal sindaco Luca Fanton (foto: Pierluigi Iannacone)<\/p>\n<p><strong>DI BARBARA PAOLAZZI<\/strong><\/p>\n<audio class=\"wp-audio-shortcode\" id=\"audio-437944-11\" preload=\"none\" style=\"width: 100%;\" controls=\"controls\"><source type=\"audio\/mpeg\" src=\"https:\/\/www.radiopiu.net\/wordpress\/wp-content\/uploads\/2025\/03\/PAOLAZZI-CITTADELLA-SPORT-CALALZO.mp3?_=11\" \/><a href=\"https:\/\/www.radiopiu.net\/wordpress\/wp-content\/uploads\/2025\/03\/PAOLAZZI-CITTADELLA-SPORT-CALALZO.mp3\">https:\/\/www.radiopiu.net\/wordpress\/wp-content\/uploads\/2025\/03\/PAOLAZZI-CITTADELLA-SPORT-CALALZO.mp3<\/a><\/audio>\n<p>&nbsp;<\/p>\n<hr \/>\n<p>&nbsp;<\/p>\n<blockquote>\n<h3><a class=\"dt-pswp-item\" href=\"https:\/\/www.radiopiu.net\/wordpress\/wp-content\/uploads\/2021\/06\/FILT-CGIL.png\" data-dt-img-description=\"\" data-large_image_width=\"803\" data-large_image_height=\"434\"><img loading=\"lazy\" decoding=\"async\" class=\" wp-image-217490 alignleft\" src=\"https:\/\/www.radiopiu.net\/wordpress\/wp-content\/uploads\/2021\/06\/FILT-CGIL-300x162.png\" alt=\"\" width=\"178\" height=\"96\" srcset=\"https:\/\/www.radiopiu.net\/wordpress\/wp-content\/uploads\/2021\/06\/FILT-CGIL-300x162.png 300w, https:\/\/www.radiopiu.net\/wordpress\/wp-content\/uploads\/2021\/06\/FILT-CGIL-768x415.png 768w, https:\/\/www.radiopiu.net\/wordpress\/wp-content\/uploads\/2021\/06\/FILT-CGIL.png 803w\" sizes=\"auto, (max-width: 178px) 100vw, 178px\" \/><\/a>RUOLI ED ATTORI NELLE POLITICHE DEI TRASPORTI: DOMANI IL CONVEGNO DELLA FILT CGIL<\/h3>\n<\/blockquote>\n<p><strong>DI ROBERTO BONA<\/strong><\/p>\n<audio class=\"wp-audio-shortcode\" id=\"audio-437944-12\" preload=\"none\" style=\"width: 100%;\" controls=\"controls\"><source type=\"audio\/mpeg\" src=\"https:\/\/www.radiopiu.net\/wordpress\/wp-content\/uploads\/2025\/03\/BONA-CONVEGNO-FILT-CGIL.mp3?_=12\" \/><a href=\"https:\/\/www.radiopiu.net\/wordpress\/wp-content\/uploads\/2025\/03\/BONA-CONVEGNO-FILT-CGIL.mp3\">https:\/\/www.radiopiu.net\/wordpress\/wp-content\/uploads\/2025\/03\/BONA-CONVEGNO-FILT-CGIL.mp3<\/a><\/audio>\n<p>&nbsp;<\/p>\n<hr \/>\n<p>&nbsp;<\/p>\n<div class=\"flex max-w-full flex-col flex-grow\">\n<div class=\"min-h-8 text-message relative flex w-full flex-col items-end gap-2 whitespace-normal break-words text-start [.text-message+&amp;]:mt-5\" dir=\"auto\" data-message-author-role=\"assistant\" data-message-id=\"974aaeb0-e4eb-4ca1-9fa9-edfbac8627b5\" data-message-model-slug=\"gpt-4o-mini\">\n<div class=\"flex w-full flex-col gap-1 empty:hidden first:pt-[3px]\">\n<div class=\"markdown prose w-full break-words dark:prose-invert dark\">\n<blockquote>\n<p data-start=\"0\" data-end=\"89\"><strong data-start=\"0\" data-end=\"89\">UIL VENETO PRESENTA IL PROGETTO CONTRO IL BULLISMO: APPUNTAMENTO A BELLUNO IL 7 MARZO<\/strong><\/p>\n<\/blockquote>\n<h3 data-start=\"0\" data-end=\"87\"><strong style=\"font-size: 14px;\">BELLUNO<\/strong><span style=\"font-size: 14px; font-weight: normal;\"> Domani, alle 11.00, la Uil Veneto presenta a Belluno il progetto \u201cGame over al Bullismo\u201d nella sala Luciani del Centro Giovanni XXIII. L&#8217;iniziativa mira a sensibilizzare contro il bullismo, con la partecipazione del segretario Roberto Toigo<\/span><\/h3>\n<\/div>\n<\/div>\n<\/div>\n<\/div>\n<p>&nbsp;<\/p>\n<hr \/>\n<p>&nbsp;<\/p>\n<p>&nbsp;<\/p>\n<blockquote>\n<p data-start=\"0\" data-end=\"71\"><strong data-start=\"0\" data-end=\"71\">&#8220;FREEVOLA&#8221;: A SEREN DEL GRAPPA LO SPETTACOLO SULLA PARIT\u00c0 DI GENERE<\/strong><\/p>\n<\/blockquote>\n<p><strong>SEREN DEL GRAPPA<\/strong> Dopo il successo a Belluno, Feltre e Ponte nelle Alpi, Freevola di Lucia Raffaella Mariani arriva a Seren del Grappa il 6 marzo. La pi\u00e8ce, semifinalista al Premio Scenario 2023, affronta stereotipi di genere e discriminazioni. Ingresso gratuito con prenotazione obbligatoria <a href=\"https:\/\/docs.google.com\/forms\/d\/e\/1FAIpQLScgN1JFK1lAdHEq1oX9XFJidu6EbYOUwQ4l9osj2GmiUtFXCg\/viewform\">LINK\u00a0<\/a><\/p>\n<p>&nbsp;<\/p>\n<p>&nbsp;<\/p>\n<hr \/>\n<p>&nbsp;<\/p>\n<blockquote>\n<p data-start=\"0\" data-end=\"63\"><strong data-start=\"0\" data-end=\"61\"><a class=\"dt-pswp-item\" href=\"https:\/\/www.radiopiu.net\/wordpress\/wp-content\/uploads\/2025\/03\/FELTRE.png\" data-dt-img-description=\"\" data-large_image_width=\"258\" data-large_image_height=\"174\"><img loading=\"lazy\" decoding=\"async\" class=\"wp-image-438011 alignleft\" src=\"https:\/\/www.radiopiu.net\/wordpress\/wp-content\/uploads\/2025\/03\/FELTRE.png\" alt=\"\" width=\"179\" height=\"121\" \/><\/a><\/strong><\/p>\n<p data-start=\"0\" data-end=\"61\"><strong data-start=\"0\" data-end=\"61\">COLTIVIAMO BIODIVERSIT\u00c0: AL VIA IL PROGETTO CON LE SCUOLE<\/strong><\/p>\n<p data-start=\"0\" data-end=\"63\"><strong data-start=\"0\" data-end=\"61\">\u00a0<\/strong><\/p>\n<\/blockquote>\n<p data-start=\"65\" data-end=\"415\" data-is-last-node=\"\" data-is-only-node=\"\"><strong>FELTRE<\/strong> L\u2019Associazione Isoipse avvia la fase operativa di <em data-start=\"115\" data-end=\"140\" data-is-only-node=\"\">Coltiviamo biodiversit\u00e0<\/em>, parte del progetto <em data-start=\"161\" data-end=\"176\">Siamo Natura!<\/em> finanziato da Fondazione Cariverona. Le scuole esploreranno biodiversit\u00e0 e sostenibilit\u00e0 con laboratori, uscite e attivit\u00e0 pratiche. Il percorso, gratuito, coinvolge esperti e associazioni locali, promuovendo la consapevolezza ambientale. L&#8217;Assessore alla cultura, politiche giovanili Flavia Colle sottolinea <em>\u201c le attivit\u00e0 saranno condotte da professionisti, tra cui guide naturalistiche, antropologi, educatori didattici. Saranno coinvolte anche alcune associazioni locali che operano nel territorio&#8221;\u00a0<\/em><\/p>\n<p>&nbsp;<\/p>\n<hr \/>\n<p>&nbsp;<\/p>\n<p>&nbsp;<\/p>\n<blockquote>\n<h3>GIORNATA MONDIALE DEL RENE: L&#8217;INCONTRO CON L&#8217;ULSS 1 DOLOMITI<\/h3>\n<\/blockquote>\n<p><strong><a class=\"dt-pswp-item\" href=\"https:\/\/www.radiopiu.net\/wordpress\/wp-content\/uploads\/2025\/02\/RENE.jpg\" data-dt-img-description=\"\" data-large_image_width=\"940\" data-large_image_height=\"550\"><img loading=\"lazy\" decoding=\"async\" class=\" wp-image-436595 alignleft\" src=\"https:\/\/www.radiopiu.net\/wordpress\/wp-content\/uploads\/2025\/02\/RENE-300x176.jpg\" alt=\"\" width=\"179\" height=\"105\" srcset=\"https:\/\/www.radiopiu.net\/wordpress\/wp-content\/uploads\/2025\/02\/RENE-300x176.jpg 300w, https:\/\/www.radiopiu.net\/wordpress\/wp-content\/uploads\/2025\/02\/RENE-768x449.jpg 768w, https:\/\/www.radiopiu.net\/wordpress\/wp-content\/uploads\/2025\/02\/RENE.jpg 940w\" sizes=\"auto, (max-width: 179px) 100vw, 179px\" \/><\/a>BELLUNO <\/strong>In occasione della giornata mondiale del rene, che ricorre il prossimo 13 marzo, l\u2019Ulss Dolomiti, con le unit\u00e0 operative di Nefrologia, organizza un incontro aperto a tutta la cittadinanza per sensibilizzare sull\u2019importanza della salute dei nostri reni e sul tema del trapianto. L\u2019 incontro dal titolo \u201cIl trapianto di rene da vivente\u201d si terr\u00e0 mercoled\u00ec 12 marzo 2025 alle 17.00 in sala convegni dell\u2019ospedale di Belluno con esperti e testimonianze di donatori e trapiantati.<\/p>\n<p>&nbsp;<\/p>\n<p>&nbsp;<\/p>\n<p>&nbsp;<\/p>\n<hr \/>\n<blockquote>\n<h3 data-start=\"0\" data-end=\"73\"><strong data-start=\"4\" data-end=\"71\">\u00a0<\/strong><\/h3>\n<p data-start=\"0\" data-end=\"53\"><strong data-start=\"0\" data-end=\"53\">POGGIO PAGNAN: \u201cART IN WINE\u201d OSPITA FAUSTO TORMEN<\/strong><\/p>\n<p data-start=\"0\" data-end=\"55\"><em><a class=\"dt-pswp-item\" href=\"https:\/\/www.radiopiu.net\/wordpress\/wp-content\/uploads\/2025\/03\/Tormen-Fausto.jpg\" data-dt-img-description=\"\" data-large_image_width=\"500\" data-large_image_height=\"500\"><img loading=\"lazy\" decoding=\"async\" class=\"wp-image-438015 alignleft\" src=\"https:\/\/www.radiopiu.net\/wordpress\/wp-content\/uploads\/2025\/03\/Tormen-Fausto-e1741181616222-300x300.jpg\" alt=\"\" width=\"182\" height=\"182\" srcset=\"https:\/\/www.radiopiu.net\/wordpress\/wp-content\/uploads\/2025\/03\/Tormen-Fausto-e1741181616222-300x300.jpg 300w, https:\/\/www.radiopiu.net\/wordpress\/wp-content\/uploads\/2025\/03\/Tormen-Fausto-e1741181616222-150x150.jpg 150w, https:\/\/www.radiopiu.net\/wordpress\/wp-content\/uploads\/2025\/03\/Tormen-Fausto-e1741181616222.jpg 500w\" sizes=\"auto, (max-width: 182px) 100vw, 182px\" \/><\/a><\/em><\/p>\n<p data-start=\"0\" data-end=\"55\"><em>La prima mostra del programma Art in Wine presso l&#8217;Azienda Agricola Poggio Pagnan si \u00e8 conclusa con grande successo, attirando circa 150 visitatori. L&#8217;iniziativa, che unisce arte e vino, ha affascinato il pubblico. \u00abUn successo\u00bb commenta soddisfatto il vignaiolo Alex Limana.<\/em><\/p>\n<\/blockquote>\n<p data-start=\"57\" data-end=\"649\" data-is-last-node=\"\" data-is-only-node=\"\"><strong>BORGO VALBELLUNA<\/strong> Dal 7 al 30 marzo, l\u2019Azienda Agricola Poggio Pagnan ospita <em data-start=\"116\" data-end=\"129\" data-is-only-node=\"\">Art in Wine<\/em>, un&#8217;esperienza che unisce arte e vino. Protagonista della nuova mostra sar\u00e0 Fausto Tormen (foto), artista romantico che racconta i suoi viaggi con acquerelli dettagliati e taccuini illustrati. Le sue opere guideranno i visitatori tra paesaggi europei e il territorio bellunese, con Mel al centro del suo racconto visivo. La mostra include visite guidate con degustazione. L\u2019iniziativa celebra il legame tra arte, territorio e tradizione. Prossimo appuntamento: dal 4 aprile, esposizione di maschere lignee dell\u2019Arca dei Volti.<\/p>\n<p>&nbsp;<\/p>\n<p>&nbsp;<\/p>\n<hr \/>\n<p>&nbsp;<\/p>\n<blockquote>\n<p data-start=\"0\" data-end=\"69\"><strong data-start=\"0\" data-end=\"69\">CONVOCAZIONE DEL CONSIGLIO COMUNALE: SEDUTA ORDINARIA IL 10 MARZO<\/strong><\/p>\n<\/blockquote>\n<h3 data-start=\"0\" data-end=\"75\"><strong style=\"font-size: 14px;\">VOLTAGO<\/strong><span style=\"font-size: 14px; font-weight: normal;\">\u00a0 L\u2019ordine del giorno: \u2019approvazione di un accordo di programma per il ripristino ecologico di torbiere e risorgive. Saranno inoltre discussi il riconoscimento di debiti fuori bilancio per interventi urgenti dovuti a eventi atmosferici e incendi, oltre all\u2019approvazione del bilancio di previsione 2025-2027. Infine, verranno comunicate delibere di Giunta relative a prelevamenti dal fondo di riserva.\u00a0<\/span><\/h3>\n<p>&nbsp;<\/p>\n<hr \/>\n<blockquote>\n<h3><\/h3>\n<h3>DISAGIO GIOVANILE, UN INCONTRO A BELLUNO<\/h3>\n<\/blockquote>\n<p><strong>BELLUNO<\/strong> L\u2019Associazione Margherita Fenice di Belluno organizza un convegno sul disagio giovanile e sull\u2019importanza dell\u2019ascolto tra genitori e figli. L\u2019evento, intitolato \u201cGenerazione di silenzi: come ascoltare i nostri figli per affrontare il disagio giovanile\u201d, si terr\u00e0 sabato 8 marzo alle 17 presso Palazzo Crepadona a Belluno con esperti in disturbi alimentari.<\/p>\n<p>&nbsp;<\/p>\n<p>&nbsp;<\/p>\n<hr \/>\n<p>&nbsp;<\/p>\n<blockquote>\n<h3>L&#8217;8 MARZO IN SALA DON TAMIS AD AGORDO<\/h3>\n<\/blockquote>\n<p><strong>AGORDO <\/strong>Sabato 8 marzo alle 20:30, nella sala &#8220;don Tamis&#8221; di Agordo, Carlo Corsini e Simone Carnielli porteranno in scena lo spettacolo &#8220;Tutto inizi\u00f2 con un tremendo botto&#8221;, dedicato alla vita e alle opere di Ronald Dahl. L&#8217;evento, a ingresso gratuito, \u00e8 organizzato dal Circolo Culturale Agordino e dalla Biblioteca Civica.<\/p>\n<p>&nbsp;<\/p>\n<p>&nbsp;<\/p>\n<p>&nbsp;<\/p>\n<hr \/>\n<p>&nbsp;<\/p>\n<p>&nbsp;<\/p>\n<p data-start=\"65\" data-end=\"388\" data-is-last-node=\"\" data-is-only-node=\"\"><strong><a class=\"dt-pswp-item\" href=\"https:\/\/www.radiopiu.net\/wordpress\/wp-content\/uploads\/2025\/03\/Senza-nome-15.png\" data-dt-img-description=\"\" data-large_image_width=\"370\" data-large_image_height=\"93\"><img loading=\"lazy\" decoding=\"async\" class=\"alignnone size-medium wp-image-437825\" src=\"https:\/\/www.radiopiu.net\/wordpress\/wp-content\/uploads\/2025\/03\/Senza-nome-15-300x75.png\" alt=\"\" width=\"300\" height=\"75\" srcset=\"https:\/\/www.radiopiu.net\/wordpress\/wp-content\/uploads\/2025\/03\/Senza-nome-15-300x75.png 300w, https:\/\/www.radiopiu.net\/wordpress\/wp-content\/uploads\/2025\/03\/Senza-nome-15.png 370w\" sizes=\"auto, (max-width: 300px) 100vw, 300px\" \/><\/a><\/strong><\/p>\n<p data-start=\"65\" data-end=\"388\" data-is-last-node=\"\" data-is-only-node=\"\"><strong>FELTRE<\/strong> Domani alle 20.30, alla Libreria Quattro Sass di Rasai, si terr\u00e0 il terzo incontro di \u201cAlpinia\u201d, organizzato dal Centro Studi A.N.A. di Feltre. La dottoressa Antonella Fornari presenter\u00e0 il suo libro <em data-start=\"290\" data-end=\"327\">Le donne e la Prima Guerra Mondiale<\/em>, dedicato al ruolo femminile nel conflitto. Ingresso libero.<\/p>\n<p>&nbsp;<\/p>\n<p>&nbsp;<\/p>\n<hr \/>\n<p>&nbsp;<\/p>\n<blockquote>\n<p data-start=\"0\" data-end=\"65\"><strong data-start=\"0\" data-end=\"65\">RICORDO DI BARTOLOMEO ZANENGA AL CIRCOLO &#8220;LA TERRA DEI PADRI&#8221;<\/strong><\/p>\n<\/blockquote>\n<p data-start=\"67\" data-end=\"498\" data-is-last-node=\"\" data-is-only-node=\"\"><strong>BELLUNO\u00a0<\/strong> Sabato 8 marzo 2025, alle ore 17.00, il Circolo culturale &#8220;La Terra dei Padri &#8211; Belluno Aps&#8221; organizza un evento in memoria di Bartolomeo Zanenga, patriota, giornalista e studioso di storia locale, a 32 anni dalla sua morte. L\u2019incontro si terr\u00e0 presso la sede del Circolo, in via dei Molini, 10, Belluno. Interverranno Renzo Poloni, Francesco Dematt\u00e9 e Fiammetta Zanenga.<\/p>\n<p>&nbsp;<\/p>\n<hr \/>\n<blockquote>\n<h3 data-start=\"0\" data-end=\"64\"><\/h3>\n<h3 data-start=\"0\" data-end=\"64\">Lo sport che aiuta le donne: \u201cPower Woman Day\u201d a Longarone<\/h3>\n<\/blockquote>\n<h3 data-start=\"0\" data-end=\"64\"><strong style=\"font-size: 14px;\">LONGARONE<\/strong><span style=\"font-size: 14px; font-weight: normal;\"> L\u20198 marzo al Palasport di Longarone si terr\u00e0 il \u201cPower Woman Day\u201d, una giornata di sport dedicata alle donne con corsi gratuiti e una raccolta fondi per Onda Rosa Aps, associazione che supporta le pazienti con tumore al seno. Info e prenotazioni su palasportlongarone.it.<\/span><\/h3>\n<p>&nbsp;<\/p>\n<hr \/>\n<p>&nbsp;<\/p>\n<p>&nbsp;<\/p>\n<blockquote>\n<h3 data-start=\"0\" data-end=\"64\"><strong data-start=\"4\" data-end=\"62\"><a class=\"dt-pswp-item\" href=\"https:\/\/www.radiopiu.net\/wordpress\/wp-content\/uploads\/2025\/03\/Sandi-Renko-scaled.jpg\" data-dt-img-description=\"\" data-large_image_width=\"2068\" data-large_image_height=\"2560\"><img loading=\"lazy\" decoding=\"async\" class=\"wp-image-437621 alignleft\" src=\"https:\/\/www.radiopiu.net\/wordpress\/wp-content\/uploads\/2025\/03\/Sandi-Renko-242x300.jpg\" alt=\"\" width=\"101\" height=\"125\" srcset=\"https:\/\/www.radiopiu.net\/wordpress\/wp-content\/uploads\/2025\/03\/Sandi-Renko-242x300.jpg 242w, https:\/\/www.radiopiu.net\/wordpress\/wp-content\/uploads\/2025\/03\/Sandi-Renko-827x1024.jpg 827w, https:\/\/www.radiopiu.net\/wordpress\/wp-content\/uploads\/2025\/03\/Sandi-Renko-768x951.jpg 768w, https:\/\/www.radiopiu.net\/wordpress\/wp-content\/uploads\/2025\/03\/Sandi-Renko-1241x1536.jpg 1241w, https:\/\/www.radiopiu.net\/wordpress\/wp-content\/uploads\/2025\/03\/Sandi-Renko-1654x2048.jpg 1654w\" sizes=\"auto, (max-width: 101px) 100vw, 101px\" \/><\/a>Mel &#8211; Borgo Valbelluna: inaugura \u201cCinetismo Cromatico\u201d<\/strong><\/h3>\n<\/blockquote>\n<h3 data-start=\"0\" data-end=\"64\"><span style=\"font-size: 14px; font-weight: normal;\">Sabato 8 marzo, alle 18:00, al Palazzo delle Contesse di Mel apre \u201cCinetismo Cromatico\u201d, omaggio a Celestino Facchin, Ferruccio Gard e Sandi Renko. Novanta opere e installazioni esplorano l\u2019arte cinetica e optical. L\u2019evento include la presentazione del thriller di Gard. Mostra visitabile fino al 4 maggio.<\/span><\/h3>\n<p>&nbsp;<\/p>\n<p>&nbsp;<\/p>\n<hr \/>\n<h3 data-start=\"66\" data-end=\"357\"><\/h3>\n<blockquote>\n<h3 data-start=\"66\" data-end=\"357\">MARZO AL CENTRO ASTRONOMICO<\/h3>\n<\/blockquote>\n<p data-start=\"66\" data-end=\"357\" data-is-last-node=\"\" data-is-only-node=\"\"><strong>FELTRE<\/strong> Sabato 8 marzo, il Centro Astronomico anticipa l&#8217;osservazione alle 18 per ammirare Mercurio e Venere, insieme a Marte, Giove e la Luna. In caso di maltempo, conferenze al planetario con Alain Corso. Ingresso 5 euro, gratuito per soci e bambini.<\/p>\n<p>&nbsp;<\/p>\n<hr \/>\n<p>&nbsp;<\/p>\n<blockquote>\n<h3>TORNA A BELLUNO &#8220;IL VENTO TRA I CAPELLI&#8221;, LA PEDONATA NON COMPETITIVA DEL COMITATO PREVENZIONE SALUTE DONNA<\/h3>\n<\/blockquote>\n<p><strong>BELLUNO<\/strong> \u200b<span class=\"relative -mx-px my-[-0.2rem] rounded px-px py-[0.2rem]\">La 19\u00aa edizione della pedonata solidale &#8220;Il Vento tra i Capelli&#8221; si terr\u00e0 il 16 marzo 2025 alle 10 in Piazza dei Martiri a Belluno.<\/span><\/p>\n<p>&nbsp;<\/p>\n<p>&nbsp;<\/p>\n<p>&nbsp;<\/p>\n<hr \/>\n<blockquote class=\"wp-embedded-content\" data-secret=\"B3Mts4DXJt\"><p><a href=\"https:\/\/www.radiopiu.net\/wordpress\/archivio-giuliano-laveder-tra-passato-e-presente-immagini-di-una-storia-che-cambia\/\">ARCHIVIO GIULIANO LAVEDER,   tra passato e presente: immagini di una storia che cambia<\/a><\/p><\/blockquote>\n<p><iframe loading=\"lazy\" class=\"wp-embedded-content\" sandbox=\"allow-scripts\" security=\"restricted\" style=\"position: absolute; visibility: hidden;\" title=\"&#8220;ARCHIVIO GIULIANO LAVEDER,   tra passato e presente: immagini di una storia che cambia&#8221; &#8212; Radio Pi\u00f9\" src=\"https:\/\/www.radiopiu.net\/wordpress\/archivio-giuliano-laveder-tra-passato-e-presente-immagini-di-una-storia-che-cambia\/embed\/#?secret=h6Y4Fy76Bc#?secret=B3Mts4DXJt\" data-secret=\"B3Mts4DXJt\" width=\"600\" height=\"338\" frameborder=\"0\" marginwidth=\"0\" marginheight=\"0\" scrolling=\"no\"><\/iframe><\/p>\n<blockquote><p>&nbsp;<\/p><\/blockquote>\n<hr \/>\n<p>&nbsp;<\/p>\n<h1><span style=\"color: #ff6600;\">IERI ALLA RADIO\u00a0 \u00a0 \u00a0<\/span><\/h1>\n<p>&nbsp;<\/p>\n<p><iframe loading=\"lazy\" title=\"Epcenter 4K - L&#039;elettricit\u00e0 ovunque, anche nello spettacolo.\" width=\"1200\" height=\"675\" src=\"https:\/\/www.youtube.com\/embed\/ue5RoYa6oNg?feature=oembed\" frameborder=\"0\" allow=\"accelerometer; autoplay; clipboard-write; encrypted-media; gyroscope; picture-in-picture; web-share\" referrerpolicy=\"strict-origin-when-cross-origin\" allowfullscreen><\/iframe><\/p>\n<p>&nbsp;<\/p>\n<p>&nbsp;<\/p>\n<hr \/>\n<h2><span style=\"color: #ff0000;\">LIBER DI LIANA CAVALLET<\/span><\/h2>\n<p><strong>PUNTATA 25 05 MARZO 2025 &#8220;FRATELLINO&#8221; AMETS ARZALLUS ANTIA<\/strong><\/p>\n<audio class=\"wp-audio-shortcode\" id=\"audio-437944-13\" preload=\"none\" style=\"width: 100%;\" controls=\"controls\"><source type=\"audio\/mpeg\" src=\"https:\/\/www.radiopiu.net\/wordpress\/wp-content\/uploads\/2024\/02\/LIANA-8.mp3?_=13\" \/><a href=\"https:\/\/www.radiopiu.net\/wordpress\/wp-content\/uploads\/2024\/02\/LIANA-8.mp3\">https:\/\/www.radiopiu.net\/wordpress\/wp-content\/uploads\/2024\/02\/LIANA-8.mp3<\/a><\/audio>\n<p>&nbsp;<\/p>\n<p><strong><a class=\"dt-pswp-item\" href=\"https:\/\/www.radiopiu.net\/wordpress\/wp-content\/uploads\/2025\/03\/9cb05eb3-259f-445f-9eb5-c1e54c2bf00f.jpg\" data-dt-img-description=\"\" data-large_image_width=\"576\" data-large_image_height=\"896\"><img loading=\"lazy\" decoding=\"async\" class=\"size-medium wp-image-437810 aligncenter\" src=\"https:\/\/www.radiopiu.net\/wordpress\/wp-content\/uploads\/2025\/03\/9cb05eb3-259f-445f-9eb5-c1e54c2bf00f-193x300.jpg\" alt=\"\" width=\"193\" height=\"300\" srcset=\"https:\/\/www.radiopiu.net\/wordpress\/wp-content\/uploads\/2025\/03\/9cb05eb3-259f-445f-9eb5-c1e54c2bf00f-193x300.jpg 193w, https:\/\/www.radiopiu.net\/wordpress\/wp-content\/uploads\/2025\/03\/9cb05eb3-259f-445f-9eb5-c1e54c2bf00f.jpg 576w\" sizes=\"auto, (max-width: 193px) 100vw, 193px\" \/><\/a> <\/strong><\/p>\n<p><strong>\u00a0\u00a0<\/strong><\/p>\n<p><strong>LA RACCOLTA COMPLETA <a href=\"https:\/\/www.radiopiu.net\/wordpress\/liber-di-liana-cavallet-raccolta-2023-2024\/\"><span style=\"color: #3366ff;\">CLICCA QUI<\/span><\/a><\/strong><\/p>\n<p>&nbsp;<\/p>\n<hr \/>\n<p>&nbsp;<\/p>\n<h2><span style=\"color: #008000;\">CISL E FEMCA CISL LA VOCE PER I LAVORATORI<\/span><\/h2>\n<p><a class=\"dt-pswp-item\" href=\"https:\/\/www.radiopiu.net\/wordpress\/wp-content\/uploads\/2020\/04\/CISL-BELLUNO-OK.jpg\" data-dt-img-description=\"\" data-large_image_width=\"909\" data-large_image_height=\"910\"><img loading=\"lazy\" decoding=\"async\" class=\" wp-image-132184 alignleft\" src=\"https:\/\/www.radiopiu.net\/wordpress\/wp-content\/uploads\/2020\/04\/CISL-BELLUNO-OK-300x300.jpg\" alt=\"\" width=\"121\" height=\"121\" srcset=\"https:\/\/www.radiopiu.net\/wordpress\/wp-content\/uploads\/2020\/04\/CISL-BELLUNO-OK-300x300.jpg 300w, https:\/\/www.radiopiu.net\/wordpress\/wp-content\/uploads\/2020\/04\/CISL-BELLUNO-OK-150x150.jpg 150w, https:\/\/www.radiopiu.net\/wordpress\/wp-content\/uploads\/2020\/04\/CISL-BELLUNO-OK-768x769.jpg 768w, https:\/\/www.radiopiu.net\/wordpress\/wp-content\/uploads\/2020\/04\/CISL-BELLUNO-OK.jpg 909w\" sizes=\"auto, (max-width: 121px) 100vw, 121px\" \/><\/a>puntata del 05 MARZO 2025<\/p>\n<p><strong>OSPITE ALESSIO PICCOLI<\/strong><\/p>\n<audio class=\"wp-audio-shortcode\" id=\"audio-437944-14\" preload=\"none\" style=\"width: 100%;\" controls=\"controls\"><source type=\"audio\/mpeg\" src=\"https:\/\/www.radiopiu.net\/wordpress\/wp-content\/uploads\/2025\/02\/FEMCA-CISL-2.mp3?_=14\" \/><a href=\"https:\/\/www.radiopiu.net\/wordpress\/wp-content\/uploads\/2025\/02\/FEMCA-CISL-2.mp3\">https:\/\/www.radiopiu.net\/wordpress\/wp-content\/uploads\/2025\/02\/FEMCA-CISL-2.mp3<\/a><\/audio>\n<p>&nbsp;<\/p>\n<p><strong>LA RACCOLTA COMPLETA <a href=\"https:\/\/www.radiopiu.net\/wordpress\/cisl-e-femca-cisl-la-vocef\/\"><span style=\"color: #3366ff;\">CLICCA QUI<\/span><\/a><\/strong><\/p>\n<p>&nbsp;<\/p>\n<hr \/>\n<p>&nbsp;<\/p>\n<h2><span style=\"color: #ff99cc;\"><a class=\"dt-pswp-item\" href=\"https:\/\/www.radiopiu.net\/wordpress\/wp-content\/uploads\/2022\/11\/scuola-zaino.jpeg\" data-dt-img-description=\"\" data-large_image_width=\"626\" data-large_image_height=\"417\"><img loading=\"lazy\" decoding=\"async\" class=\" wp-image-306830 alignleft\" src=\"https:\/\/www.radiopiu.net\/wordpress\/wp-content\/uploads\/2022\/11\/scuola-zaino-300x200.jpeg\" alt=\"\" width=\"158\" height=\"105\" srcset=\"https:\/\/www.radiopiu.net\/wordpress\/wp-content\/uploads\/2022\/11\/scuola-zaino-300x200.jpeg 300w, https:\/\/www.radiopiu.net\/wordpress\/wp-content\/uploads\/2022\/11\/scuola-zaino.jpeg 626w\" sizes=\"auto, (max-width: 158px) 100vw, 158px\" \/><\/a>SE NON LA SMETTI TI MANDO DAL PRESIDE<\/span><\/h2>\n<p><strong>DI MIRKO MEZZACASA<\/strong><\/p>\n<p>CON MARIA ROSA SALMAZO<\/p>\n<p><strong>PUNTATA DEL 05 MARZO 2025<\/strong><\/p>\n<audio class=\"wp-audio-shortcode\" id=\"audio-437944-15\" preload=\"none\" style=\"width: 100%;\" controls=\"controls\"><source type=\"audio\/mpeg\" src=\"https:\/\/www.radiopiu.net\/wordpress\/wp-content\/uploads\/2025\/03\/PRESIDE.mp3?_=15\" \/><a href=\"https:\/\/www.radiopiu.net\/wordpress\/wp-content\/uploads\/2025\/03\/PRESIDE.mp3\">https:\/\/www.radiopiu.net\/wordpress\/wp-content\/uploads\/2025\/03\/PRESIDE.mp3<\/a><\/audio>\n<p>&nbsp;<\/p>\n<hr \/>\n<p>&nbsp;<\/p>\n<h2><span style=\"color: #cc99ff;\">AMAZING CALENDAR, CON MICHELA E MARINA<\/span><\/h2>\n<p><span style=\"color: #0000ff;\"><strong><a class=\"dt-pswp-item\" href=\"https:\/\/www.radiopiu.net\/wordpress\/wp-content\/uploads\/2024\/10\/e2e0150f-c885-464f-b78b-6c763aac17be.jpg\" data-dt-img-description=\"\" data-large_image_width=\"1182\" data-large_image_height=\"1182\"><img loading=\"lazy\" decoding=\"async\" class=\" wp-image-414821 alignleft\" src=\"https:\/\/www.radiopiu.net\/wordpress\/wp-content\/uploads\/2024\/10\/e2e0150f-c885-464f-b78b-6c763aac17be-300x300.jpg\" alt=\"\" width=\"135\" height=\"135\" srcset=\"https:\/\/www.radiopiu.net\/wordpress\/wp-content\/uploads\/2024\/10\/e2e0150f-c885-464f-b78b-6c763aac17be-300x300.jpg 300w, https:\/\/www.radiopiu.net\/wordpress\/wp-content\/uploads\/2024\/10\/e2e0150f-c885-464f-b78b-6c763aac17be-1024x1024.jpg 1024w, https:\/\/www.radiopiu.net\/wordpress\/wp-content\/uploads\/2024\/10\/e2e0150f-c885-464f-b78b-6c763aac17be-150x150.jpg 150w, https:\/\/www.radiopiu.net\/wordpress\/wp-content\/uploads\/2024\/10\/e2e0150f-c885-464f-b78b-6c763aac17be-768x768.jpg 768w, https:\/\/www.radiopiu.net\/wordpress\/wp-content\/uploads\/2024\/10\/e2e0150f-c885-464f-b78b-6c763aac17be.jpg 1182w\" sizes=\"auto, (max-width: 135px) 100vw, 135px\" \/><\/a>10A PUNTATA &#8211; PARTE UNO<\/strong><\/span><\/p>\n<audio class=\"wp-audio-shortcode\" id=\"audio-437944-16\" preload=\"none\" style=\"width: 100%;\" controls=\"controls\"><source type=\"audio\/mpeg\" src=\"https:\/\/www.radiopiu.net\/wordpress\/wp-content\/uploads\/2025\/02\/AMAZING-CALENDAR-DECIMA-PUNTATA-1.mp3?_=16\" \/><a href=\"https:\/\/www.radiopiu.net\/wordpress\/wp-content\/uploads\/2025\/02\/AMAZING-CALENDAR-DECIMA-PUNTATA-1.mp3\">https:\/\/www.radiopiu.net\/wordpress\/wp-content\/uploads\/2025\/02\/AMAZING-CALENDAR-DECIMA-PUNTATA-1.mp3<\/a><\/audio>\n<p><span style=\"color: #0000ff;\">\u00a0<\/span><\/p>\n<p><span style=\"color: #0000ff;\"><strong>PARTE DUE<\/strong><\/span><\/p>\n<audio class=\"wp-audio-shortcode\" id=\"audio-437944-17\" preload=\"none\" style=\"width: 100%;\" controls=\"controls\"><source type=\"audio\/mpeg\" src=\"https:\/\/www.radiopiu.net\/wordpress\/wp-content\/uploads\/2025\/02\/AMAZING-CALENDAR-DECIMA-PUNTATA-2.mp3?_=17\" \/><a href=\"https:\/\/www.radiopiu.net\/wordpress\/wp-content\/uploads\/2025\/02\/AMAZING-CALENDAR-DECIMA-PUNTATA-2.mp3\">https:\/\/www.radiopiu.net\/wordpress\/wp-content\/uploads\/2025\/02\/AMAZING-CALENDAR-DECIMA-PUNTATA-2.mp3<\/a><\/audio>\n<p><span style=\"color: #0000ff;\">\u00a0<\/span><\/p>\n<p><span style=\"color: #0000ff;\"><strong>PARTE TRE<\/strong><\/span><\/p>\n<audio class=\"wp-audio-shortcode\" id=\"audio-437944-18\" preload=\"none\" style=\"width: 100%;\" controls=\"controls\"><source type=\"audio\/mpeg\" src=\"https:\/\/www.radiopiu.net\/wordpress\/wp-content\/uploads\/2025\/02\/AMAZING-CALENDAR-DECIMA-PUNTATA-3.mp3?_=18\" \/><a href=\"https:\/\/www.radiopiu.net\/wordpress\/wp-content\/uploads\/2025\/02\/AMAZING-CALENDAR-DECIMA-PUNTATA-3.mp3\">https:\/\/www.radiopiu.net\/wordpress\/wp-content\/uploads\/2025\/02\/AMAZING-CALENDAR-DECIMA-PUNTATA-3.mp3<\/a><\/audio>\n<p><span style=\"color: #0000ff;\">\u00a0\u00a0<\/span><\/p>\n<p><strong>LA RACCOLTA COMPLETA <a href=\"https:\/\/www.radiopiu.net\/wordpress\/amazing-calendar-con-michela-e-marina-la-raccolta\/\"><span style=\"color: #3366ff;\">CLICCA QUI<\/span><\/a><\/strong><\/p>\n<p>&nbsp;<\/p>\n<hr \/>\n<p>&nbsp;<\/p>\n<h2><span style=\"color: #ff0000;\"><a class=\"dt-pswp-item\" href=\"https:\/\/www.radiopiu.net\/wordpress\/wp-content\/uploads\/2018\/09\/appuntamenti.jpeg\" data-dt-img-description=\"\" data-large_image_width=\"800\" data-large_image_height=\"100\"><img loading=\"lazy\" decoding=\"async\" class=\"wp-image-61958 size-full aligncenter\" src=\"https:\/\/www.radiopiu.net\/wordpress\/wp-content\/uploads\/2018\/09\/appuntamenti.jpeg\" alt=\"\" width=\"800\" height=\"100\" srcset=\"https:\/\/www.radiopiu.net\/wordpress\/wp-content\/uploads\/2018\/09\/appuntamenti.jpeg 800w, https:\/\/www.radiopiu.net\/wordpress\/wp-content\/uploads\/2018\/09\/appuntamenti-300x38.jpeg 300w, https:\/\/www.radiopiu.net\/wordpress\/wp-content\/uploads\/2018\/09\/appuntamenti-768x96.jpeg 768w\" sizes=\"auto, (max-width: 800px) 100vw, 800px\" \/><\/a><\/span><\/h2>\n<h3 dir=\"auto\"><\/h3>\n<blockquote>\n<h3>MORGAN &amp; BATTAGLIA I RESIDENT DJ DEL SAVE THE DATE FESTIVAL<\/h3>\n<\/blockquote>\n<p><strong>FALCADE <\/strong>Il palco si accende, le casse vibrano e l\u2019atmosfera si infiamma: Morgan e Battaglia sono pronti a farvi ballare senza sosta! Con selezioni potenti e beat travolgenti, il duo porter\u00e0 un\u2019ondata di pura energia al Rifugio Laresei. Quattro ospiti speciali arricchiranno il festival, ma sar\u00e0 la loro console a tenere il cuore pulsante della serata. L\u2019unica regola? Lasciarsi andare al ritmo e vivere la musica senza freni. Preparati a un\u2019esperienza indimenticabile! L&#8217;appuntamento \u00e8 per il 29 marzo al Rifugio Laresei<\/p>\n\n\t\t\t<style type='text\/css'>\n\t\t\t\t#gallery-6 {\n\t\t\t\t\tmargin: auto;\n\t\t\t\t}\n\t\t\t\t#gallery-6 .gallery-item {\n\t\t\t\t\tfloat: left;\n\t\t\t\t\tmargin-top: 10px;\n\t\t\t\t\ttext-align: center;\n\t\t\t\t\twidth: 20%;\n\t\t\t\t}\n\t\t\t\t#gallery-6 img {\n\t\t\t\t\tborder: 2px solid #cfcfcf;\n\t\t\t\t}\n\t\t\t\t#gallery-6 .gallery-caption {\n\t\t\t\t\tmargin-left: 0;\n\t\t\t\t}\n\t\t\t\t\/* see gallery_shortcode() in wp-includes\/media.php *\/\n\t\t\t<\/style>\n\t\t<div id='gallery-6' class='dt-gallery-container gallery galleryid-437944 gallery-columns-5 gallery-size-medium'><dl class='gallery-item'>\n\t\t\t\t<dt class='gallery-icon portrait'>\n\t\t\t\t\t<a class=\"rollover rollover-zoom dt-pswp-item\" title=\"475351389_122191419572160269_4819090400106529375_n\" data-dt-img-description=\"\" data-large_image_width=\"1024\" data-large_image_height=\"1280\"href='https:\/\/www.radiopiu.net\/wordpress\/wp-content\/uploads\/2025\/02\/475351389_122191419572160269_4819090400106529375_n.jpg'><img loading=\"lazy\" decoding=\"async\" width=\"240\" height=\"300\" src=\"https:\/\/www.radiopiu.net\/wordpress\/wp-content\/uploads\/2025\/02\/475351389_122191419572160269_4819090400106529375_n-240x300.jpg\" class=\"attachment-medium size-medium\" alt=\"\" srcset=\"https:\/\/www.radiopiu.net\/wordpress\/wp-content\/uploads\/2025\/02\/475351389_122191419572160269_4819090400106529375_n-240x300.jpg 240w, https:\/\/www.radiopiu.net\/wordpress\/wp-content\/uploads\/2025\/02\/475351389_122191419572160269_4819090400106529375_n-819x1024.jpg 819w, https:\/\/www.radiopiu.net\/wordpress\/wp-content\/uploads\/2025\/02\/475351389_122191419572160269_4819090400106529375_n-768x960.jpg 768w, https:\/\/www.radiopiu.net\/wordpress\/wp-content\/uploads\/2025\/02\/475351389_122191419572160269_4819090400106529375_n.jpg 1024w\" sizes=\"auto, (max-width: 240px) 100vw, 240px\" \/><\/a>\n\t\t\t\t<\/dt><\/dl><dl class='gallery-item'>\n\t\t\t\t<dt class='gallery-icon portrait'>\n\t\t\t\t\t<a class=\"rollover rollover-zoom dt-pswp-item\" title=\"70222334-5cff-4d4b-9ab9-a2a79305f2f3\" data-dt-img-description=\"\" data-large_image_width=\"1024\" data-large_image_height=\"1280\"href='https:\/\/www.radiopiu.net\/wordpress\/wp-content\/uploads\/2025\/02\/70222334-5cff-4d4b-9ab9-a2a79305f2f3.jpg'><img loading=\"lazy\" decoding=\"async\" width=\"240\" height=\"300\" src=\"https:\/\/www.radiopiu.net\/wordpress\/wp-content\/uploads\/2025\/02\/70222334-5cff-4d4b-9ab9-a2a79305f2f3-240x300.jpg\" class=\"attachment-medium size-medium\" alt=\"\" srcset=\"https:\/\/www.radiopiu.net\/wordpress\/wp-content\/uploads\/2025\/02\/70222334-5cff-4d4b-9ab9-a2a79305f2f3-240x300.jpg 240w, https:\/\/www.radiopiu.net\/wordpress\/wp-content\/uploads\/2025\/02\/70222334-5cff-4d4b-9ab9-a2a79305f2f3-819x1024.jpg 819w, https:\/\/www.radiopiu.net\/wordpress\/wp-content\/uploads\/2025\/02\/70222334-5cff-4d4b-9ab9-a2a79305f2f3-768x960.jpg 768w, https:\/\/www.radiopiu.net\/wordpress\/wp-content\/uploads\/2025\/02\/70222334-5cff-4d4b-9ab9-a2a79305f2f3.jpg 1024w\" sizes=\"auto, (max-width: 240px) 100vw, 240px\" \/><\/a>\n\t\t\t\t<\/dt><\/dl><dl class='gallery-item'>\n\t\t\t\t<dt class='gallery-icon portrait'>\n\t\t\t\t\t<a class=\"rollover rollover-zoom dt-pswp-item\" title=\"480483463_122191800596160269_7748395789965067962_n\" data-dt-img-description=\"\" data-large_image_width=\"1024\" data-large_image_height=\"1280\"href='https:\/\/www.radiopiu.net\/wordpress\/wp-content\/uploads\/2025\/02\/480483463_122191800596160269_7748395789965067962_n.jpg'><img loading=\"lazy\" decoding=\"async\" width=\"240\" height=\"300\" src=\"https:\/\/www.radiopiu.net\/wordpress\/wp-content\/uploads\/2025\/02\/480483463_122191800596160269_7748395789965067962_n-240x300.jpg\" class=\"attachment-medium size-medium\" alt=\"\" srcset=\"https:\/\/www.radiopiu.net\/wordpress\/wp-content\/uploads\/2025\/02\/480483463_122191800596160269_7748395789965067962_n-240x300.jpg 240w, https:\/\/www.radiopiu.net\/wordpress\/wp-content\/uploads\/2025\/02\/480483463_122191800596160269_7748395789965067962_n-819x1024.jpg 819w, https:\/\/www.radiopiu.net\/wordpress\/wp-content\/uploads\/2025\/02\/480483463_122191800596160269_7748395789965067962_n-768x960.jpg 768w, https:\/\/www.radiopiu.net\/wordpress\/wp-content\/uploads\/2025\/02\/480483463_122191800596160269_7748395789965067962_n.jpg 1024w\" sizes=\"auto, (max-width: 240px) 100vw, 240px\" \/><\/a>\n\t\t\t\t<\/dt><\/dl><dl class='gallery-item'>\n\t\t\t\t<dt class='gallery-icon portrait'>\n\t\t\t\t\t<a class=\"rollover rollover-zoom dt-pswp-item\" title=\"480755395_122191974356160269_922264644982884143_n\" data-dt-img-description=\"\" data-large_image_width=\"1024\" data-large_image_height=\"1280\"href='https:\/\/www.radiopiu.net\/wordpress\/wp-content\/uploads\/2025\/02\/480755395_122191974356160269_922264644982884143_n.jpg'><img loading=\"lazy\" decoding=\"async\" width=\"240\" height=\"300\" src=\"https:\/\/www.radiopiu.net\/wordpress\/wp-content\/uploads\/2025\/02\/480755395_122191974356160269_922264644982884143_n-240x300.jpg\" class=\"attachment-medium size-medium\" alt=\"\" srcset=\"https:\/\/www.radiopiu.net\/wordpress\/wp-content\/uploads\/2025\/02\/480755395_122191974356160269_922264644982884143_n-240x300.jpg 240w, https:\/\/www.radiopiu.net\/wordpress\/wp-content\/uploads\/2025\/02\/480755395_122191974356160269_922264644982884143_n-819x1024.jpg 819w, https:\/\/www.radiopiu.net\/wordpress\/wp-content\/uploads\/2025\/02\/480755395_122191974356160269_922264644982884143_n-768x960.jpg 768w, https:\/\/www.radiopiu.net\/wordpress\/wp-content\/uploads\/2025\/02\/480755395_122191974356160269_922264644982884143_n.jpg 1024w\" sizes=\"auto, (max-width: 240px) 100vw, 240px\" \/><\/a>\n\t\t\t\t<\/dt><\/dl><dl class='gallery-item'>\n\t\t\t\t<dt class='gallery-icon portrait'>\n\t\t\t\t\t<a class=\"rollover rollover-zoom dt-pswp-item\" title=\"480946206_122192204450160269_174180551336592227_n\" data-dt-img-description=\"\" data-large_image_width=\"512\" data-large_image_height=\"640\"href='https:\/\/www.radiopiu.net\/wordpress\/wp-content\/uploads\/2025\/02\/480946206_122192204450160269_174180551336592227_n.jpg'><img loading=\"lazy\" decoding=\"async\" width=\"240\" height=\"300\" src=\"https:\/\/www.radiopiu.net\/wordpress\/wp-content\/uploads\/2025\/02\/480946206_122192204450160269_174180551336592227_n-240x300.jpg\" class=\"attachment-medium size-medium\" alt=\"\" srcset=\"https:\/\/www.radiopiu.net\/wordpress\/wp-content\/uploads\/2025\/02\/480946206_122192204450160269_174180551336592227_n-240x300.jpg 240w, https:\/\/www.radiopiu.net\/wordpress\/wp-content\/uploads\/2025\/02\/480946206_122192204450160269_174180551336592227_n.jpg 512w\" sizes=\"auto, (max-width: 240px) 100vw, 240px\" \/><\/a>\n\t\t\t\t<\/dt><\/dl><br style=\"clear: both\" \/>\n\t\t\t<\/div>\n\n<p>&nbsp;<\/p>\n<div>\n<div class=\"\" dir=\"auto\">\n<div id=\":r9h:\" class=\"x1iorvi4 x1pi30zi x1l90r2v x1swvt13\" data-ad-comet-preview=\"message\" data-ad-preview=\"message\">\n<div>\n<div class=\"\" dir=\"auto\">\n<div id=\":r9h:\" class=\"x1iorvi4 x1pi30zi x1l90r2v x1swvt13\" data-ad-comet-preview=\"message\" data-ad-preview=\"message\">\n<div>\n<div class=\"\" dir=\"auto\">\n<div id=\":r9h:\" class=\"x1iorvi4 x1pi30zi x1l90r2v x1swvt13\" data-ad-comet-preview=\"message\" data-ad-preview=\"message\">\n<div>\n<div class=\"\" dir=\"auto\">\n<div id=\":r9h:\" class=\"x1iorvi4 x1pi30zi x1l90r2v x1swvt13\" data-ad-comet-preview=\"message\" data-ad-preview=\"message\">\n<div>\n<div class=\"\" dir=\"auto\">\n<div id=\":r9h:\" class=\"x1iorvi4 x1pi30zi x1l90r2v x1swvt13\" data-ad-comet-preview=\"message\" data-ad-preview=\"message\">\n<div>\n<div class=\"\" dir=\"auto\">\n<div id=\":r9h:\" class=\"x1iorvi4 x1pi30zi x1l90r2v x1swvt13\" data-ad-comet-preview=\"message\" data-ad-preview=\"message\">\n<div class=\"xdj266r x11i5rnm xat24cr x1mh8g0r x1vvkbs x126k92a\">\n<div dir=\"auto\"><\/div>\n<\/div>\n<div>\n<div class=\"\" dir=\"auto\">\n<div id=\":r9h:\" class=\"x1iorvi4 x1pi30zi x1l90r2v x1swvt13\" data-ad-comet-preview=\"message\" data-ad-preview=\"message\">\n<div>\n<div class=\"\" dir=\"auto\">\n<div id=\":r9h:\" class=\"x1iorvi4 x1pi30zi x1l90r2v x1swvt13\" data-ad-comet-preview=\"message\" data-ad-preview=\"message\">\n\n\t\t\t<style type='text\/css'>\n\t\t\t\t#gallery-7 {\n\t\t\t\t\tmargin: auto;\n\t\t\t\t}\n\t\t\t\t#gallery-7 .gallery-item {\n\t\t\t\t\tfloat: left;\n\t\t\t\t\tmargin-top: 10px;\n\t\t\t\t\ttext-align: center;\n\t\t\t\t\twidth: 25%;\n\t\t\t\t}\n\t\t\t\t#gallery-7 img {\n\t\t\t\t\tborder: 2px solid #cfcfcf;\n\t\t\t\t}\n\t\t\t\t#gallery-7 .gallery-caption {\n\t\t\t\t\tmargin-left: 0;\n\t\t\t\t}\n\t\t\t\t\/* see gallery_shortcode() in wp-includes\/media.php *\/\n\t\t\t<\/style>\n\t\t<div id='gallery-7' class='dt-gallery-container gallery galleryid-437944 gallery-columns-4 gallery-size-thumbnail'><dl class='gallery-item'>\n\t\t\t\t<dt class='gallery-icon portrait'>\n\t\t\t\t\t<a class=\"rollover rollover-zoom dt-pswp-item\" title=\"dad1d0d2-12e8-494a-9390-929e17ce5985\" data-dt-img-description=\"\" data-large_image_width=\"900\" data-large_image_height=\"1600\"href='https:\/\/www.radiopiu.net\/wordpress\/wp-content\/uploads\/2025\/01\/dad1d0d2-12e8-494a-9390-929e17ce5985.jpg'><img loading=\"lazy\" decoding=\"async\" width=\"150\" height=\"150\" src=\"https:\/\/www.radiopiu.net\/wordpress\/wp-content\/uploads\/2025\/01\/dad1d0d2-12e8-494a-9390-929e17ce5985-150x150.jpg\" class=\"attachment-thumbnail size-thumbnail\" alt=\"\" \/><\/a>\n\t\t\t\t<\/dt><\/dl><dl class='gallery-item'>\n\t\t\t\t<dt class='gallery-icon portrait'>\n\t\t\t\t\t<a class=\"rollover rollover-zoom dt-pswp-item\" title=\"Marzo (1)\" data-dt-img-description=\"\" data-large_image_width=\"841\" data-large_image_height=\"1190\"href='https:\/\/www.radiopiu.net\/wordpress\/wp-content\/uploads\/2025\/02\/Marzo-1.jpg'><img loading=\"lazy\" decoding=\"async\" width=\"150\" height=\"150\" src=\"https:\/\/www.radiopiu.net\/wordpress\/wp-content\/uploads\/2025\/02\/Marzo-1-150x150.jpg\" class=\"attachment-thumbnail size-thumbnail\" alt=\"\" \/><\/a>\n\t\t\t\t<\/dt><\/dl><dl class='gallery-item'>\n\t\t\t\t<dt class='gallery-icon portrait'>\n\t\t\t\t\t<a class=\"rollover rollover-zoom dt-pswp-item\" title=\"Carnevale 2025\" data-dt-img-description=\"\" data-large_image_width=\"1414\" data-large_image_height=\"2000\"href='https:\/\/www.radiopiu.net\/wordpress\/wp-content\/uploads\/2025\/02\/Carnevale-2025-1.png'><img loading=\"lazy\" decoding=\"async\" width=\"150\" height=\"150\" src=\"https:\/\/www.radiopiu.net\/wordpress\/wp-content\/uploads\/2025\/02\/Carnevale-2025-1-150x150.png\" class=\"attachment-thumbnail size-thumbnail\" alt=\"\" \/><\/a>\n\t\t\t\t<\/dt><\/dl><dl class='gallery-item'>\n\t\t\t\t<dt class='gallery-icon portrait'>\n\t\t\t\t\t<a class=\"rollover rollover-zoom dt-pswp-item\" title=\"Senza nome\" data-dt-img-description=\"\" data-large_image_width=\"569\" data-large_image_height=\"801\"href='https:\/\/www.radiopiu.net\/wordpress\/wp-content\/uploads\/2025\/02\/Senza-nome-23.png'><img loading=\"lazy\" decoding=\"async\" width=\"150\" height=\"150\" src=\"https:\/\/www.radiopiu.net\/wordpress\/wp-content\/uploads\/2025\/02\/Senza-nome-23-150x150.png\" class=\"attachment-thumbnail size-thumbnail\" alt=\"\" \/><\/a>\n\t\t\t\t<\/dt><\/dl><br style=\"clear: both\" \/><dl class='gallery-item'>\n\t\t\t\t<dt class='gallery-icon portrait'>\n\t\t\t\t\t<a class=\"rollover rollover-zoom dt-pswp-item\" title=\"Locandina Zanenga marzo 2025\" data-dt-img-description=\"\" data-large_image_width=\"1447\" data-large_image_height=\"2048\"href='https:\/\/www.radiopiu.net\/wordpress\/wp-content\/uploads\/2025\/02\/Locandina-Zanenga-marzo-2025.jpg'><img loading=\"lazy\" decoding=\"async\" width=\"150\" height=\"150\" src=\"https:\/\/www.radiopiu.net\/wordpress\/wp-content\/uploads\/2025\/02\/Locandina-Zanenga-marzo-2025-150x150.jpg\" class=\"attachment-thumbnail size-thumbnail\" alt=\"\" \/><\/a>\n\t\t\t\t<\/dt><\/dl><dl class='gallery-item'>\n\t\t\t\t<dt class='gallery-icon portrait'>\n\t\t\t\t\t<a class=\"rollover rollover-zoom dt-pswp-item\" title=\"a43f5470-8da9-420a-9a8f-999ac45dfc29\" data-dt-img-description=\"\" data-large_image_width=\"1131\" data-large_image_height=\"1600\"href='https:\/\/www.radiopiu.net\/wordpress\/wp-content\/uploads\/2025\/02\/a43f5470-8da9-420a-9a8f-999ac45dfc29.jpg'><img loading=\"lazy\" decoding=\"async\" width=\"150\" height=\"150\" src=\"https:\/\/www.radiopiu.net\/wordpress\/wp-content\/uploads\/2025\/02\/a43f5470-8da9-420a-9a8f-999ac45dfc29-150x150.jpg\" class=\"attachment-thumbnail size-thumbnail\" alt=\"\" \/><\/a>\n\t\t\t\t<\/dt><\/dl><dl class='gallery-item'>\n\t\t\t\t<dt class='gallery-icon portrait'>\n\t\t\t\t\t<a class=\"rollover rollover-zoom dt-pswp-item\" title=\"85292380-77cf-48a7-ac7a-86c7009204ef\" data-dt-img-description=\"\" data-large_image_width=\"1280\" data-large_image_height=\"1600\"href='https:\/\/www.radiopiu.net\/wordpress\/wp-content\/uploads\/2025\/02\/85292380-77cf-48a7-ac7a-86c7009204ef.jpg'><img loading=\"lazy\" decoding=\"async\" width=\"150\" height=\"150\" src=\"https:\/\/www.radiopiu.net\/wordpress\/wp-content\/uploads\/2025\/02\/85292380-77cf-48a7-ac7a-86c7009204ef-150x150.jpg\" class=\"attachment-thumbnail size-thumbnail\" alt=\"\" \/><\/a>\n\t\t\t\t<\/dt><\/dl><dl class='gallery-item'>\n\t\t\t\t<dt class='gallery-icon portrait'>\n\t\t\t\t\t<a class=\"rollover rollover-zoom dt-pswp-item\" title=\"ba76e127-707c-4a8a-a6ac-6ab71e879690\" data-dt-img-description=\"\" data-large_image_width=\"500\" data-large_image_height=\"696\"href='https:\/\/www.radiopiu.net\/wordpress\/wp-content\/uploads\/2025\/03\/ba76e127-707c-4a8a-a6ac-6ab71e879690.jpg'><img loading=\"lazy\" decoding=\"async\" width=\"150\" height=\"150\" src=\"https:\/\/www.radiopiu.net\/wordpress\/wp-content\/uploads\/2025\/03\/ba76e127-707c-4a8a-a6ac-6ab71e879690-150x150.jpg\" class=\"attachment-thumbnail size-thumbnail\" alt=\"\" aria-describedby=\"gallery-7-437826\" \/><\/a>\n\t\t\t\t<\/dt>\n\t\t\t\t\t<dd class='wp-caption-text gallery-caption' id='gallery-7-437826'>\n\t\t\t\t\tPOSTICIPATO AL 6 APRILE\n\t\t\t\t\t<\/dd><\/dl><br style=\"clear: both\" \/><dl class='gallery-item'>\n\t\t\t\t<dt class='gallery-icon portrait'>\n\t\t\t\t\t<a class=\"rollover rollover-zoom dt-pswp-item\" title=\"terza serata Alpinia\" data-dt-img-description=\"\" data-large_image_width=\"720\" data-large_image_height=\"1280\"href='https:\/\/www.radiopiu.net\/wordpress\/wp-content\/uploads\/2025\/03\/terza-serata-Alpinia.jpg'><img loading=\"lazy\" decoding=\"async\" width=\"150\" height=\"150\" src=\"https:\/\/www.radiopiu.net\/wordpress\/wp-content\/uploads\/2025\/03\/terza-serata-Alpinia-150x150.jpg\" class=\"attachment-thumbnail size-thumbnail\" alt=\"\" \/><\/a>\n\t\t\t\t<\/dt><\/dl>\n\t\t\t\t<br style='clear: both' \/>\n\t\t\t<\/div>\n\n<p>&nbsp;<\/p>\n<p>&nbsp;<\/p>\n<\/div>\n<\/div>\n<\/div>\n<\/div>\n<\/div>\n<\/div>\n<\/div>\n<\/div>\n<\/div>\n<\/div>\n<\/div>\n<\/div>\n<p>&nbsp;<\/p>\n<\/div>\n<\/div>\n<\/div>\n<\/div>\n<\/div>\n<\/div>\n<\/div>\n<\/div>\n<\/div>\n<\/div>\n<\/div>\n<\/div>\n<hr \/>\n<p>&nbsp;<\/p>\n<p class=\"mceTemp\"><a class=\"dt-pswp-item\" href=\"https:\/\/www.radiopiu.net\/wordpress\/wp-content\/uploads\/2018\/09\/WhatsApp-Image-2018-09-20-at-16.04.06.jpeg\" data-dt-img-description=\"\" data-large_image_width=\"800\" data-large_image_height=\"100\"><img loading=\"lazy\" decoding=\"async\" class=\"wp-image-61378 size-full aligncenter\" src=\"https:\/\/www.radiopiu.net\/wordpress\/wp-content\/uploads\/2018\/09\/WhatsApp-Image-2018-09-20-at-16.04.06.jpeg\" alt=\"\" width=\"800\" height=\"100\" srcset=\"https:\/\/www.radiopiu.net\/wordpress\/wp-content\/uploads\/2018\/09\/WhatsApp-Image-2018-09-20-at-16.04.06.jpeg 800w, https:\/\/www.radiopiu.net\/wordpress\/wp-content\/uploads\/2018\/09\/WhatsApp-Image-2018-09-20-at-16.04.06-300x38.jpeg 300w, https:\/\/www.radiopiu.net\/wordpress\/wp-content\/uploads\/2018\/09\/WhatsApp-Image-2018-09-20-at-16.04.06-768x96.jpeg 768w\" sizes=\"auto, (max-width: 800px) 100vw, 800px\" \/><\/a><\/p>\n<p><center><\/center><center><\/center>&nbsp;<\/p>\n<p><center><b>OGGI<\/b><\/center>Splendida giornata con sole e cielo sereno, salvo breve e temporanea presenza di sottili velature del cielo a met\u00e0 mattinata. Contesto termico quasi primaverile nelle ore diurne.<br \/>\n<b>Precipitazioni: <\/b>Assenti<br \/>\n<b>Temperature: <\/b>In leggera diminuzione in alta quota, mentre saranno perlopi\u00f9 senza variazioni di rilievo nelle valli, salvo locali aumenti delle massime. Lieve inversione termica notturna nelle valli.<\/p>\n<hr \/>\n<p><center><b>DOMANI<\/b><\/center>Sole e cielo perlopi\u00f9 sereno salvo transito di qualche temporanee sottili nubi alte in grado di velare il cielo. Il contesto termico diurno continuer\u00e0 ad essere quasi primaverile nelle valli con grande escursione termica tra la notte ed il giorno.<br \/>\n<b>Precipitazioni: <\/b>Assenti<br \/>\n<b>Temperature: <\/b>Senza notevoli variazione nelle valli dove le massime saranno di 3\/4\u00b0C sopra la norma, mentre saranno in diminuzione oltre i 1500-1800 m con scostamento positivo rispetto alla media minore in quota.<\/p>\n<hr \/>\n<p><center><b>SABATO<\/b><\/center>Al mattino sole e cielo sereno, mentre nubi medio-alte stratiformi potrebbero ridurre leggermente il soleggiamento del pomeriggio, prima che il cielo torni a rasserenarsi alla sera. Temperature in leggera flessione in quota e pressoch\u00e9 stazionarie nelle valli.<\/p>\n<hr \/>\n<p><center><b>DOMENICA<\/b><\/center>Minore soleggiamento, anche se con ampi tratti soleggiati al mattino, e maggiore presenza di nubi fino a cielo coperto dal pomeriggio in poi. Copertura nuvolosa associata ad un peggioramento del tempo a partire dalle Prealpi occidentali, in estensione al resto dei monti in serata. Temperature in leggera flessione<\/p>\n<p>&nbsp;<\/p>\n<p>&nbsp;<\/p>\n<hr \/>\n<p>&nbsp;<\/p>\n<p class=\"mceTemp\"><a class=\"dt-pswp-item\" href=\"https:\/\/www.radiopiu.net\/wordpress\/wp-content\/uploads\/2018\/09\/sport.jpg\" data-dt-img-description=\"\" data-large_image_width=\"800\" data-large_image_height=\"100\"><img loading=\"lazy\" decoding=\"async\" class=\"aligncenter wp-image-60761 size-full\" src=\"https:\/\/www.radiopiu.net\/wordpress\/wp-content\/uploads\/2018\/09\/sport.jpg\" alt=\"\" width=\"800\" height=\"100\" srcset=\"https:\/\/www.radiopiu.net\/wordpress\/wp-content\/uploads\/2018\/09\/sport.jpg 800w, https:\/\/www.radiopiu.net\/wordpress\/wp-content\/uploads\/2018\/09\/sport-300x38.jpg 300w, https:\/\/www.radiopiu.net\/wordpress\/wp-content\/uploads\/2018\/09\/sport-768x96.jpg 768w\" sizes=\"auto, (max-width: 800px) 100vw, 800px\" \/> <\/a><\/p>\n<p class=\"mceTemp\"><span style=\"color: #0000ff;\"><strong>\u00a0 \u00a0 \u00a0\u00a0<\/strong><\/span><\/p>\n<p><span style=\"color: #0000ff;\"><strong>HOCKEY SU GHIACCIO<\/strong><\/span><\/p>\n<blockquote>\n<h3>UN ALLEGHE CON LE SPALLE AL MURO SI GIOCA UNA STAGIONE A VARESE<\/h3>\n<\/blockquote>\n<p><strong><a class=\"dt-pswp-item\" href=\"https:\/\/www.radiopiu.net\/wordpress\/wp-content\/uploads\/2025\/03\/4a372890-6440-4cce-b436-a994675c459e.jpg\" data-dt-img-description=\"\" data-large_image_width=\"940\" data-large_image_height=\"535\"><img loading=\"lazy\" decoding=\"async\" class=\" wp-image-438067 alignleft\" src=\"https:\/\/www.radiopiu.net\/wordpress\/wp-content\/uploads\/2025\/03\/4a372890-6440-4cce-b436-a994675c459e-300x171.jpg\" alt=\"\" width=\"223\" height=\"127\" srcset=\"https:\/\/www.radiopiu.net\/wordpress\/wp-content\/uploads\/2025\/03\/4a372890-6440-4cce-b436-a994675c459e-300x171.jpg 300w, https:\/\/www.radiopiu.net\/wordpress\/wp-content\/uploads\/2025\/03\/4a372890-6440-4cce-b436-a994675c459e-768x437.jpg 768w, https:\/\/www.radiopiu.net\/wordpress\/wp-content\/uploads\/2025\/03\/4a372890-6440-4cce-b436-a994675c459e.jpg 940w\" sizes=\"auto, (max-width: 223px) 100vw, 223px\" \/><\/a>DI ROBERTO MIANA, PORTAVOCE DELL&#8217;ALLEGHE HOCKEY<\/strong><\/p>\n<p>Gara 3 playoff quarti di finale. Gioved\u00ec 6 marzo alle 20:30 l\u2019Alleghe gioca a Varese.<br \/>\nAnche in gara due playoff, questa volta in riva al lago, il Varese porta a casa una vittoria per 4-1. Identico risultato ottenuto dai gialloneri in gara uno sabato scorso in terra lombarda, che li porta cos\u00ec 2-0 nella serie. I Mastini si dimostrano ancora una volta solidi e cinici, centrando la vittoria in una partita dove le Civette hanno lottato su ogni disco, creando molto ma concretizzando quasi nulla, con a segno ancora il solo M\u00e4kel\u00e4. Come in gara uno il Varese si dimostra granitico in difesa e con il proprio goalie ancora protagonista, meritandosi a fine gara il premio MVP della serata. I Biancorossi hanno evidenziato tutte le loro difficolt\u00e0 in fase realizzativa, come visto un po\u2019 per tutta la stagione. Adesso, per gara tre in quel di Varese, gli agordini hanno esaurito i bonus, ovvero non potranno pi\u00f9 sbagliare, perch\u00e9 i Mastini avranno a disposizione il primo di tre match point per approdare in semifinale, che con tutta probabilit\u00e0 sar\u00e0 contro il Caldaro (2-0 nella serie contro il Valpellice). Per continuare il percorso in questi playoff, i ragazzi del neoconfermato coach Surenkin, dovranno compiere l\u2019impresa di sbancare l\u2019Acinque Ice Arena di Varese, cosa comunque gi\u00e0 riuscita in regular season a fine ottobre. Anche per questa trasferta sono previsti diversi tifosi biancorossi in arrivo nella citt\u00e0 giardino, encomiabili come sempre al fianco della squadra, nella buona e nella cattiva sorte.<\/p>\n<p><strong>HCMV VARESE HOCKEY &#8211; ALLEGHE HOCKEY <\/strong>Gioved\u00ec 6 marzo, ore 20:30 &#8211; Acinque Ice Arena di Varese. Arbitri: Fabio Lottaroli e Willy Vinicio Volcan con giudici di linea Giorgio Brenna e Riccardo Pignatti. Collegamenti in DIRETTA RADIOFONICA su Radio Pi\u00f9 (www.radiopiu.net) con \u201chockey al punto giusto\u201d, in studio Marco Gaz e da Varese interventi di Roberto Miana<\/p>\n<p>Quarti di finale Playoff Varese vs Alleghe (serie 2-0)<br \/>\nGARA 1: Varese -Alleghe 4-1<br \/>\nGARA 2: Alleghe-Varese 1-4<br \/>\nGARA 3: gioved\u00ec 6 marzo, ore 20:30 Varese-Alleghe (Acinque Ice Arena di Varese)<br \/>\nGARA 4 (eventuale): sabato 8 marzo, ore 20:30 Alleghe-Varese (Alvise De Toni di Alleghe)<br \/>\nGARA 5 (eventuale): marted\u00ec 11 marzo, ore 20:30 Varese-Alleghe (Acinque Ice Arena di Varese)<\/p>\n<p>&nbsp;<\/p>\n<p>&nbsp;<\/p>\n<p>&nbsp;<\/p>\n<blockquote>\n<h3><\/h3>\n<\/blockquote>\n","protected":false},"excerpt":{"rendered":"<p>********* &nbsp; LA\u00a0 APP PER IOS-IPHONE di Nicola Vettorello https:\/\/apps.apple.com\/it\/app\/radio-pi%C3%B9-emittente-agordina\/id1515939845 LA\u00a0 APP RADIO\u00a0 PER ANDROID di Nicola Vettorello https:\/\/play.google.com\/store\/apps\/details?id=net.radiopiu.iniko\u00a0\u00a0\u00a0\u00a0 &nbsp; &nbsp; &nbsp; RADIO PIU&#8217; CAMBIA CANALE IN DAB+ \u00a0 REDAZIONE Novit\u00e0 in vista per gli ascoltatori di Radio Pi\u00f9 in DAB+. E&#8217; iniziato il processo di modifica del canale di trasmissione radiofonica, che passer\u00e0 dalla&hellip;<\/p>\n","protected":false},"author":4,"featured_media":438134,"comment_status":"closed","ping_status":"closed","sticky":false,"template":"","format":"standard","meta":{"_monsterinsights_skip_tracking":false,"_monsterinsights_sitenote_active":false,"_monsterinsights_sitenote_note":"","_monsterinsights_sitenote_category":0,"footnotes":""},"categories":[51,86,49],"tags":[],"class_list":["post-437944","post","type-post","status-publish","format-standard","has-post-thumbnail","hentry","category-evidenza-top","category-gr","category-news-18","category-51","category-86","category-49","description-off"],"img_url":"https:\/\/www.radiopiu.net\/wordpress\/wp-content\/uploads\/2025\/03\/Senza-nome-25.png","_links":{"self":[{"href":"https:\/\/www.radiopiu.net\/wordpress\/wp-json\/wp\/v2\/posts\/437944","targetHints":{"allow":["GET"]}}],"collection":[{"href":"https:\/\/www.radiopiu.net\/wordpress\/wp-json\/wp\/v2\/posts"}],"about":[{"href":"https:\/\/www.radiopiu.net\/wordpress\/wp-json\/wp\/v2\/types\/post"}],"author":[{"embeddable":true,"href":"https:\/\/www.radiopiu.net\/wordpress\/wp-json\/wp\/v2\/users\/4"}],"replies":[{"embeddable":true,"href":"https:\/\/www.radiopiu.net\/wordpress\/wp-json\/wp\/v2\/comments?post=437944"}],"version-history":[{"count":42,"href":"https:\/\/www.radiopiu.net\/wordpress\/wp-json\/wp\/v2\/posts\/437944\/revisions"}],"predecessor-version":[{"id":438177,"href":"https:\/\/www.radiopiu.net\/wordpress\/wp-json\/wp\/v2\/posts\/437944\/revisions\/438177"}],"wp:featuredmedia":[{"embeddable":true,"href":"https:\/\/www.radiopiu.net\/wordpress\/wp-json\/wp\/v2\/media\/438134"}],"wp:attachment":[{"href":"https:\/\/www.radiopiu.net\/wordpress\/wp-json\/wp\/v2\/media?parent=437944"}],"wp:term":[{"taxonomy":"category","embeddable":true,"href":"https:\/\/www.radiopiu.net\/wordpress\/wp-json\/wp\/v2\/categories?post=437944"},{"taxonomy":"post_tag","embeddable":true,"href":"https:\/\/www.radiopiu.net\/wordpress\/wp-json\/wp\/v2\/tags?post=437944"}],"curies":[{"name":"wp","href":"https:\/\/api.w.org\/{rel}","templated":true}]}}