{"id":437960,"date":"2025-03-05T05:12:55","date_gmt":"2025-03-05T04:12:55","guid":{"rendered":"https:\/\/www.radiopiu.net\/wordpress\/?p=437960"},"modified":"2025-03-05T05:53:06","modified_gmt":"2025-03-05T04:53:06","slug":"nonna-investita-con-figlia-e-neonato-ferita-grave-bimbo-illeso","status":"publish","type":"post","link":"https:\/\/www.radiopiu.net\/wordpress\/nonna-investita-con-figlia-e-neonato-ferita-grave-bimbo-illeso\/","title":{"rendered":"Nonna investita con figlia e neonato: ferita grave, bimbo illeso"},"content":{"rendered":"<p>***<\/p>\n<div class=\"flex max-w-full flex-col flex-grow\">\n<div class=\"min-h-8 text-message relative flex w-full flex-col items-end gap-2 whitespace-normal break-words text-start [.text-message+&amp;]:mt-5\" dir=\"auto\" data-message-author-role=\"assistant\" data-message-id=\"b4e2971b-750b-4d7a-9bac-bc809cb80c5e\" data-message-model-slug=\"gpt-4o\">\n<div class=\"flex w-full flex-col gap-1 empty:hidden first:pt-[3px]\">\n<div class=\"markdown prose w-full break-words dark:prose-invert dark\">\n<p data-start=\"72\" data-end=\"381\"><strong><img loading=\"lazy\" decoding=\"async\" class=\"alignleft\" src=\"https:\/\/www.radiopiu.net\/wordpress\/wp-content\/uploads\/2023\/07\/eli-3.jpg\" width=\"309\" height=\"150\" \/>LIMANA<\/strong> \u2013 Grave incidente sulle strade del Bellunese: una donna di 58 anni,\u00a0 Susi Dal Farra di Limana, sua figlia (lllesa) e il nipotino di tre anni sono stati travolti da un\u2019auto (il passeggino e&#8217; finito ruote all&#8217;aria). La nonna \u00e8 stata trasportata in elicottero all\u2019ospedale di Treviso in condizioni serie, mentre il bambino \u00e8 rimasto illeso, probabilmente protetto dal passeggino.<\/p>\n<p data-start=\"383\" data-end=\"697\" data-is-last-node=\"\" data-is-only-node=\"\">Sul posto sono intervenuti i soccorsi con un\u2019ambulanza e l\u2019elisoccorso, oltre ai Carabinieri di Feltre e Trichiana, che stanno ricostruendo la dinamica dell\u2019incidente. L\u2019automobilista del posto (69 anni) \u00e8 stato sottoposto agli accertamenti di rito. Al momento non si escludono responsabilit\u00e0 legate alla velocit\u00e0 o a una distrazione, l&#8217;uomo alla guida della Renalut avrebbe raccontato di essere stato abbagliato dal sole.<\/p>\n<\/div>\n<\/div>\n<\/div>\n<\/div>\n<div><\/div>\n<div>\n<hr \/>\n<\/div>\n","protected":false},"excerpt":{"rendered":"<p>*** LIMANA \u2013 Grave incidente sulle strade del Bellunese: una donna di 58 anni,\u00a0 Susi Dal Farra di Limana, sua figlia (lllesa) e il nipotino di tre anni sono stati travolti da un\u2019auto (il passeggino e&#8217; finito ruote all&#8217;aria). La nonna \u00e8 stata trasportata in elicottero all\u2019ospedale di Treviso in condizioni serie, mentre il bambino&hellip;<\/p>\n","protected":false},"author":4,"featured_media":345295,"comment_status":"closed","ping_status":"closed","sticky":false,"template":"","format":"standard","meta":{"_monsterinsights_skip_tracking":false,"_monsterinsights_sitenote_active":false,"_monsterinsights_sitenote_note":"","_monsterinsights_sitenote_category":0,"footnotes":""},"categories":[104,49],"tags":[],"class_list":["post-437960","post","type-post","status-publish","format-standard","has-post-thumbnail","hentry","category-evidenza_3","category-news-18","category-104","category-49","description-off"],"img_url":"https:\/\/www.radiopiu.net\/wordpress\/wp-content\/uploads\/2023\/07\/eli-3.jpg","_links":{"self":[{"href":"https:\/\/www.radiopiu.net\/wordpress\/wp-json\/wp\/v2\/posts\/437960","targetHints":{"allow":["GET"]}}],"collection":[{"href":"https:\/\/www.radiopiu.net\/wordpress\/wp-json\/wp\/v2\/posts"}],"about":[{"href":"https:\/\/www.radiopiu.net\/wordpress\/wp-json\/wp\/v2\/types\/post"}],"author":[{"embeddable":true,"href":"https:\/\/www.radiopiu.net\/wordpress\/wp-json\/wp\/v2\/users\/4"}],"replies":[{"embeddable":true,"href":"https:\/\/www.radiopiu.net\/wordpress\/wp-json\/wp\/v2\/comments?post=437960"}],"version-history":[{"count":2,"href":"https:\/\/www.radiopiu.net\/wordpress\/wp-json\/wp\/v2\/posts\/437960\/revisions"}],"predecessor-version":[{"id":437962,"href":"https:\/\/www.radiopiu.net\/wordpress\/wp-json\/wp\/v2\/posts\/437960\/revisions\/437962"}],"wp:featuredmedia":[{"embeddable":true,"href":"https:\/\/www.radiopiu.net\/wordpress\/wp-json\/wp\/v2\/media\/345295"}],"wp:attachment":[{"href":"https:\/\/www.radiopiu.net\/wordpress\/wp-json\/wp\/v2\/media?parent=437960"}],"wp:term":[{"taxonomy":"category","embeddable":true,"href":"https:\/\/www.radiopiu.net\/wordpress\/wp-json\/wp\/v2\/categories?post=437960"},{"taxonomy":"post_tag","embeddable":true,"href":"https:\/\/www.radiopiu.net\/wordpress\/wp-json\/wp\/v2\/tags?post=437960"}],"curies":[{"name":"wp","href":"https:\/\/api.w.org\/{rel}","templated":true}]}}