{"id":437963,"date":"2025-03-05T05:17:36","date_gmt":"2025-03-05T04:17:36","guid":{"rendered":"https:\/\/www.radiopiu.net\/wordpress\/?p=437963"},"modified":"2025-03-05T05:17:36","modified_gmt":"2025-03-05T04:17:36","slug":"cure-palliative-incontro-questa-sera-in-sala-cultura","status":"publish","type":"post","link":"https:\/\/www.radiopiu.net\/wordpress\/cure-palliative-incontro-questa-sera-in-sala-cultura\/","title":{"rendered":"Cure palliative incontro questa sera in sala cultura"},"content":{"rendered":"<blockquote>\n<h2 class=\"articlePlainTitle\"><a class=\"dt-pswp-item\" href=\"https:\/\/www.radiopiu.net\/wordpress\/wp-content\/uploads\/2022\/11\/th-21.jpg\" data-dt-img-description=\"\" data-large_image_width=\"474\" data-large_image_height=\"335\">** <\/a><\/h2>\n<h2 class=\"articlePlainTitle\"><a class=\"dt-pswp-item\" href=\"https:\/\/www.radiopiu.net\/wordpress\/wp-content\/uploads\/2022\/11\/th-21.jpg\" data-dt-img-description=\"\" data-large_image_width=\"474\" data-large_image_height=\"335\"><img loading=\"lazy\" decoding=\"async\" class=\"size-medium wp-image-309972 alignleft\" src=\"https:\/\/www.radiopiu.net\/wordpress\/wp-content\/uploads\/2022\/11\/th-21-300x212.jpg\" alt=\"\" width=\"300\" height=\"212\" srcset=\"https:\/\/www.radiopiu.net\/wordpress\/wp-content\/uploads\/2022\/11\/th-21-300x212.jpg 300w, https:\/\/www.radiopiu.net\/wordpress\/wp-content\/uploads\/2022\/11\/th-21.jpg 474w\" sizes=\"auto, (max-width: 300px) 100vw, 300px\" \/><\/a><\/h2>\n<\/blockquote>\n<div class=\"addthis_sharing_toolbox\" data-url=\"https:\/\/sfoglio.grupponem.it\/share_article.php?article_id=17962318\" data-title=\"Infermieri: sostegno agli studenti dall'UmaCure palliative incontro questa sera in sala cultura\"><\/div>\n<div class=\"articlePlainText\"><strong>CENCENIGHE\u00a0<\/strong><\/div>\n<div class=\"articlePlainText\">Secondo\u00a0 appuntamento oggi per la serie di incontri formativi promossi da Pettirosso Agordino sul tema delle cure palliative. In sala culturale del Comune di Cencenighe alle 20,15. Il dottor Giuseppe Zanne, direttore dell&#8217;Unit\u00e0 di cure palliative dell&#8217;Ulss 1 Dolomiti e medico responsabile dell&#8217;hospice di Belluno, interverr\u00e0 assieme a Stefania Morlin, infermiera coordinatrice della stessa unit\u00e0. Durante l&#8217;incontro sar\u00e0 illustrata l&#8217;organizzazione delle cure palliative in Agordino. \u2014<\/div>\n<div><\/div>\n<div>\n<hr \/>\n<\/div>\n","protected":false},"excerpt":{"rendered":"<p>** CENCENIGHE\u00a0 Secondo\u00a0 appuntamento oggi per la serie di incontri formativi promossi da Pettirosso Agordino sul tema delle cure palliative. In sala culturale del Comune di Cencenighe alle 20,15. Il dottor Giuseppe Zanne, direttore dell&#8217;Unit\u00e0 di cure palliative dell&#8217;Ulss 1 Dolomiti e medico responsabile dell&#8217;hospice di Belluno, interverr\u00e0 assieme a Stefania Morlin, infermiera coordinatrice della&hellip;<\/p>\n","protected":false},"author":4,"featured_media":309972,"comment_status":"closed","ping_status":"closed","sticky":false,"template":"","format":"standard","meta":{"_monsterinsights_skip_tracking":false,"_monsterinsights_sitenote_active":false,"_monsterinsights_sitenote_note":"","_monsterinsights_sitenote_category":0,"footnotes":""},"categories":[104,49],"tags":[],"class_list":["post-437963","post","type-post","status-publish","format-standard","has-post-thumbnail","hentry","category-evidenza_3","category-news-18","category-104","category-49","description-off"],"img_url":"https:\/\/www.radiopiu.net\/wordpress\/wp-content\/uploads\/2022\/11\/th-21.jpg","_links":{"self":[{"href":"https:\/\/www.radiopiu.net\/wordpress\/wp-json\/wp\/v2\/posts\/437963","targetHints":{"allow":["GET"]}}],"collection":[{"href":"https:\/\/www.radiopiu.net\/wordpress\/wp-json\/wp\/v2\/posts"}],"about":[{"href":"https:\/\/www.radiopiu.net\/wordpress\/wp-json\/wp\/v2\/types\/post"}],"author":[{"embeddable":true,"href":"https:\/\/www.radiopiu.net\/wordpress\/wp-json\/wp\/v2\/users\/4"}],"replies":[{"embeddable":true,"href":"https:\/\/www.radiopiu.net\/wordpress\/wp-json\/wp\/v2\/comments?post=437963"}],"version-history":[{"count":1,"href":"https:\/\/www.radiopiu.net\/wordpress\/wp-json\/wp\/v2\/posts\/437963\/revisions"}],"predecessor-version":[{"id":437964,"href":"https:\/\/www.radiopiu.net\/wordpress\/wp-json\/wp\/v2\/posts\/437963\/revisions\/437964"}],"wp:featuredmedia":[{"embeddable":true,"href":"https:\/\/www.radiopiu.net\/wordpress\/wp-json\/wp\/v2\/media\/309972"}],"wp:attachment":[{"href":"https:\/\/www.radiopiu.net\/wordpress\/wp-json\/wp\/v2\/media?parent=437963"}],"wp:term":[{"taxonomy":"category","embeddable":true,"href":"https:\/\/www.radiopiu.net\/wordpress\/wp-json\/wp\/v2\/categories?post=437963"},{"taxonomy":"post_tag","embeddable":true,"href":"https:\/\/www.radiopiu.net\/wordpress\/wp-json\/wp\/v2\/tags?post=437963"}],"curies":[{"name":"wp","href":"https:\/\/api.w.org\/{rel}","templated":true}]}}