{"id":437967,"date":"2025-03-05T05:47:59","date_gmt":"2025-03-05T04:47:59","guid":{"rendered":"https:\/\/www.radiopiu.net\/wordpress\/?p=437967"},"modified":"2025-03-05T05:52:53","modified_gmt":"2025-03-05T04:52:53","slug":"passo-monte-croce-masso-di-tre-metri-blocca-la-strada","status":"publish","type":"post","link":"https:\/\/www.radiopiu.net\/wordpress\/passo-monte-croce-masso-di-tre-metri-blocca-la-strada\/","title":{"rendered":"Passo Monte Croce: masso di tre metri blocca la strada"},"content":{"rendered":"<p>**<\/p>\n<article class=\"w-full text-token-text-primary focus-visible:outline-2 focus-visible:outline-offset-[-4px]\" dir=\"auto\" data-testid=\"conversation-turn-18\" data-scroll-anchor=\"false\">\n<div class=\"m-auto text-base py-[18px] px-6\">\n<div class=\"mx-auto flex flex-1 text-base gap-4 md:gap-5 lg:gap-6 md:max-w-3xl lg:max-w-[40rem] xl:max-w-[48rem]\">\n<div class=\"group\/conversation-turn relative flex w-full min-w-0 flex-col @xs\/thread:px-0 @sm\/thread:px-1.5 @md\/thread:px-4\">\n<div class=\"flex-col gap-1 md:gap-3\">\n<div class=\"flex max-w-full flex-col flex-grow\">\n<div class=\"min-h-8 text-message relative flex w-full flex-col items-end gap-2 whitespace-normal break-words text-start [.text-message+&amp;]:mt-5\" dir=\"auto\" data-message-author-role=\"user\" data-message-id=\"c5277936-2b4c-41ce-856b-12457b4fcec9\">\n<div class=\"flex w-full flex-col gap-1 empty:hidden items-end rtl:items-start\">\n<div class=\"relative max-w-[var(--user-chat-width,70%)] rounded-3xl bg-token-message-surface px-5 py-2.5\">\n<div class=\"whitespace-pre-wrap\"><\/div>\n<div class=\"absolute bottom-0 right-full top-0 -mr-3.5 hidden pr-5 pt-2 [.group\\\/conversation-turn:hover_&amp;]:flex\">\n<div class=\"flex\"><strong><img loading=\"lazy\" decoding=\"async\" class=\"alignleft\" src=\"https:\/\/www.radiopiu.net\/wordpress\/wp-content\/uploads\/2021\/08\/Passo_Monte_Croce_Comelico_2-2.jpg\" width=\"265\" height=\"149\" \/>PASSO MONTE CROCE \u2013<\/strong> Un masso di circa tre metri di diametro \u00e8 precipitato sulla strada del Passo Monte Croce Comelico, bloccando il transito senza coinvolgere veicoli in movimento. L\u2019allarme \u00e8 scattato ieri pomeriggio, con l\u2019intervento immediato dei vigili del fuoco e di Veneto Strade, allertati dagli automobilisti. Sul posto sono arrivati i pompieri di Santo Stefano e i volontari di Padola, oltre ai carabinieri e al personale tecnico per la messa in sicurezza. Il masso \u00e8 stato rimosso con una pala meccanica e la viabilit\u00e0 ripristinata. Ora i tecnici valuteranno la stabilit\u00e0 del versante per prevenire ulteriori crolli e garantire la sicurezza della strada.<\/div>\n<\/div>\n<\/div>\n<\/div>\n<\/div>\n<\/div>\n<\/div>\n<\/div>\n<\/div>\n<\/div>\n<\/article>\n<div><\/div>\n<div><\/div>\n<div><\/div>\n<div><\/div>\n<div><\/div>\n<div>\n<hr \/>\n<\/div>\n","protected":false},"excerpt":{"rendered":"<p>** PASSO MONTE CROCE \u2013 Un masso di circa tre metri di diametro \u00e8 precipitato sulla strada del Passo Monte Croce Comelico, bloccando il transito senza coinvolgere veicoli in movimento. L\u2019allarme \u00e8 scattato ieri pomeriggio, con l\u2019intervento immediato dei vigili del fuoco e di Veneto Strade, allertati dagli automobilisti. Sul posto sono arrivati i pompieri&hellip;<\/p>\n","protected":false},"author":4,"featured_media":229314,"comment_status":"closed","ping_status":"closed","sticky":false,"template":"","format":"standard","meta":{"_monsterinsights_skip_tracking":false,"_monsterinsights_sitenote_active":false,"_monsterinsights_sitenote_note":"","_monsterinsights_sitenote_category":0,"footnotes":""},"categories":[51,49],"tags":[],"class_list":["post-437967","post","type-post","status-publish","format-standard","has-post-thumbnail","hentry","category-evidenza-top","category-news-18","category-51","category-49","description-off"],"img_url":"https:\/\/www.radiopiu.net\/wordpress\/wp-content\/uploads\/2021\/08\/Passo_Monte_Croce_Comelico_2-2.jpg","_links":{"self":[{"href":"https:\/\/www.radiopiu.net\/wordpress\/wp-json\/wp\/v2\/posts\/437967","targetHints":{"allow":["GET"]}}],"collection":[{"href":"https:\/\/www.radiopiu.net\/wordpress\/wp-json\/wp\/v2\/posts"}],"about":[{"href":"https:\/\/www.radiopiu.net\/wordpress\/wp-json\/wp\/v2\/types\/post"}],"author":[{"embeddable":true,"href":"https:\/\/www.radiopiu.net\/wordpress\/wp-json\/wp\/v2\/users\/4"}],"replies":[{"embeddable":true,"href":"https:\/\/www.radiopiu.net\/wordpress\/wp-json\/wp\/v2\/comments?post=437967"}],"version-history":[{"count":2,"href":"https:\/\/www.radiopiu.net\/wordpress\/wp-json\/wp\/v2\/posts\/437967\/revisions"}],"predecessor-version":[{"id":437969,"href":"https:\/\/www.radiopiu.net\/wordpress\/wp-json\/wp\/v2\/posts\/437967\/revisions\/437969"}],"wp:featuredmedia":[{"embeddable":true,"href":"https:\/\/www.radiopiu.net\/wordpress\/wp-json\/wp\/v2\/media\/229314"}],"wp:attachment":[{"href":"https:\/\/www.radiopiu.net\/wordpress\/wp-json\/wp\/v2\/media?parent=437967"}],"wp:term":[{"taxonomy":"category","embeddable":true,"href":"https:\/\/www.radiopiu.net\/wordpress\/wp-json\/wp\/v2\/categories?post=437967"},{"taxonomy":"post_tag","embeddable":true,"href":"https:\/\/www.radiopiu.net\/wordpress\/wp-json\/wp\/v2\/tags?post=437967"}],"curies":[{"name":"wp","href":"https:\/\/api.w.org\/{rel}","templated":true}]}}