{"id":438022,"date":"2025-03-05T14:53:50","date_gmt":"2025-03-05T13:53:50","guid":{"rendered":"https:\/\/www.radiopiu.net\/wordpress\/?p=438022"},"modified":"2025-03-05T14:54:19","modified_gmt":"2025-03-05T13:54:19","slug":"congresso-al-via-anche-per-i-pensionati-della-cisl-belluno-treviso","status":"publish","type":"post","link":"https:\/\/www.radiopiu.net\/wordpress\/congresso-al-via-anche-per-i-pensionati-della-cisl-belluno-treviso\/","title":{"rendered":"CONGRESSO AL VIA ANCHE PER I PENSIONATI DELLA CISL BELLUNO TREVISO"},"content":{"rendered":"<p>**<\/p>\n<p>&nbsp;<\/p>\n<div class=\"flex max-w-full flex-col flex-grow\">\n<div class=\"min-h-8 text-message relative flex w-full flex-col items-end gap-2 whitespace-normal break-words text-start [.text-message+&amp;]:mt-5\" dir=\"auto\" data-message-author-role=\"assistant\" data-message-id=\"78799ce6-564e-4110-9170-af7650ff5412\" data-message-model-slug=\"gpt-4o-mini\">\n<div class=\"flex w-full flex-col gap-1 empty:hidden first:pt-[3px]\">\n<div class=\"markdown prose w-full break-words dark:prose-invert dark\">\n<p data-start=\"72\" data-end=\"754\" data-is-last-node=\"\" data-is-only-node=\"\"><strong><a class=\"dt-pswp-item\" href=\"https:\/\/www.radiopiu.net\/wordpress\/wp-content\/uploads\/2025\/03\/Franco-Marcuzzo-min-scaled.jpg\" data-dt-img-description=\"\" data-large_image_width=\"1707\" data-large_image_height=\"2560\"><img loading=\"lazy\" decoding=\"async\" class=\"wp-image-438021 alignleft\" src=\"https:\/\/www.radiopiu.net\/wordpress\/wp-content\/uploads\/2025\/03\/Franco-Marcuzzo-min-200x300.jpg\" alt=\"\" width=\"138\" height=\"207\" srcset=\"https:\/\/www.radiopiu.net\/wordpress\/wp-content\/uploads\/2025\/03\/Franco-Marcuzzo-min-200x300.jpg 200w, https:\/\/www.radiopiu.net\/wordpress\/wp-content\/uploads\/2025\/03\/Franco-Marcuzzo-min-683x1024.jpg 683w, https:\/\/www.radiopiu.net\/wordpress\/wp-content\/uploads\/2025\/03\/Franco-Marcuzzo-min-768x1152.jpg 768w, https:\/\/www.radiopiu.net\/wordpress\/wp-content\/uploads\/2025\/03\/Franco-Marcuzzo-min-1024x1536.jpg 1024w, https:\/\/www.radiopiu.net\/wordpress\/wp-content\/uploads\/2025\/03\/Franco-Marcuzzo-min-1365x2048.jpg 1365w, https:\/\/www.radiopiu.net\/wordpress\/wp-content\/uploads\/2025\/03\/Franco-Marcuzzo-min-scaled.jpg 1707w\" sizes=\"auto, (max-width: 138px) 100vw, 138px\" \/><\/a>TREVISO BELLUNO<\/strong> Il 6 e 7 marzo 2025 si terr\u00e0 a Fanzolo di Vedelago il Congresso dei Pensionati della Cisl Belluno Treviso, con 124 delegati eletti nelle 27 assemblee pre-congressuali. Il tema centrale sar\u00e0 \u201cGenerazione sostenibile \u2013 Impegno, energia, connessioni\u201d, parte del percorso nazionale \u201cIl coraggio della partecipazione\u201d. I delegati rifletteranno sui risultati ottenuti e pianificheranno le attivit\u00e0 future, eleggendo il nuovo gruppo dirigente. Il Congresso affronter\u00e0 la crescente denatalit\u00e0 e l\u2019invecchiamento della popolazione, sottolineando la responsabilit\u00e0 storica di costruire un futuro pi\u00f9 giusto. Interverranno figure di spicco della Cisl, tra cui Lorenza Leonardi e Emilio Didon\u00e8.<\/p>\n<\/div>\n<\/div>\n<\/div>\n<\/div>\n<div class=\"mb-2 flex gap-3 -ml-2\" tabindex=\"0\">\n<div class=\"items-center justify-start rounded-xl p-1 z-10 -mt-1 bg-token-main-surface-primary screen-arch:mt-1 md:absolute flex\">\n<div class=\"flex items-center\"><button class=\"rounded-lg text-token-text-secondary hover:bg-token-main-surface-secondary\" aria-label=\"Copia\" data-testid=\"copy-turn-action-button\"><span style=\"color: #000000; font-family: Helvetica;\">\u201cIl continuo e costante calo delle nascite &#8211; spiega il <b>segretario generale della Cisl Fnp Franco Marcuzzo<\/b> (FOTO)- \u00e8 un indicatore preoccupante di una societ\u00e0 che non guarda al futuro, che non si d\u00e0 prospettiva, che non offre speranza. La denatalit\u00e0 \u00e8 un frutto amaro di una societ\u00e0 di cui siamo parte: abbiamo il dovere di concorrere alla ricerca di risposte e proporre soluzioni volte al superamento di tutte le problematiche che ne sono causa, siano esse strutturali, culturali o economiche\u201d<\/span><\/button><\/div>\n<\/div>\n<\/div>\n<div><\/div>\n<div><\/div>\n<div><\/div>\n<div><\/div>\n<div><\/div>\n<div><\/div>\n<div>\n<hr \/>\n<\/div>\n<div class=\"mb-2 flex gap-3 -ml-2\" tabindex=\"0\">\n<div><\/div>\n<\/div>\n","protected":false},"excerpt":{"rendered":"<p>** &nbsp; TREVISO BELLUNO Il 6 e 7 marzo 2025 si terr\u00e0 a Fanzolo di Vedelago il Congresso dei Pensionati della Cisl Belluno Treviso, con 124 delegati eletti nelle 27 assemblee pre-congressuali. Il tema centrale sar\u00e0 \u201cGenerazione sostenibile \u2013 Impegno, energia, connessioni\u201d, parte del percorso nazionale \u201cIl coraggio della partecipazione\u201d. I delegati rifletteranno sui risultati&hellip;<\/p>\n","protected":false},"author":4,"featured_media":172025,"comment_status":"closed","ping_status":"closed","sticky":false,"template":"","format":"standard","meta":{"_monsterinsights_skip_tracking":false,"_monsterinsights_sitenote_active":false,"_monsterinsights_sitenote_note":"","_monsterinsights_sitenote_category":0,"footnotes":""},"categories":[49],"tags":[],"class_list":["post-438022","post","type-post","status-publish","format-standard","has-post-thumbnail","hentry","category-news-18","category-49","description-off"],"img_url":"https:\/\/www.radiopiu.net\/wordpress\/wp-content\/uploads\/2020\/11\/Schermata-2020-11-11-alle-12.25.13.png","_links":{"self":[{"href":"https:\/\/www.radiopiu.net\/wordpress\/wp-json\/wp\/v2\/posts\/438022","targetHints":{"allow":["GET"]}}],"collection":[{"href":"https:\/\/www.radiopiu.net\/wordpress\/wp-json\/wp\/v2\/posts"}],"about":[{"href":"https:\/\/www.radiopiu.net\/wordpress\/wp-json\/wp\/v2\/types\/post"}],"author":[{"embeddable":true,"href":"https:\/\/www.radiopiu.net\/wordpress\/wp-json\/wp\/v2\/users\/4"}],"replies":[{"embeddable":true,"href":"https:\/\/www.radiopiu.net\/wordpress\/wp-json\/wp\/v2\/comments?post=438022"}],"version-history":[{"count":2,"href":"https:\/\/www.radiopiu.net\/wordpress\/wp-json\/wp\/v2\/posts\/438022\/revisions"}],"predecessor-version":[{"id":438024,"href":"https:\/\/www.radiopiu.net\/wordpress\/wp-json\/wp\/v2\/posts\/438022\/revisions\/438024"}],"wp:featuredmedia":[{"embeddable":true,"href":"https:\/\/www.radiopiu.net\/wordpress\/wp-json\/wp\/v2\/media\/172025"}],"wp:attachment":[{"href":"https:\/\/www.radiopiu.net\/wordpress\/wp-json\/wp\/v2\/media?parent=438022"}],"wp:term":[{"taxonomy":"category","embeddable":true,"href":"https:\/\/www.radiopiu.net\/wordpress\/wp-json\/wp\/v2\/categories?post=438022"},{"taxonomy":"post_tag","embeddable":true,"href":"https:\/\/www.radiopiu.net\/wordpress\/wp-json\/wp\/v2\/tags?post=438022"}],"curies":[{"name":"wp","href":"https:\/\/api.w.org\/{rel}","templated":true}]}}