{"id":438045,"date":"2025-03-06T05:49:13","date_gmt":"2025-03-06T04:49:13","guid":{"rendered":"https:\/\/www.radiopiu.net\/wordpress\/?p=438045"},"modified":"2025-03-06T05:55:53","modified_gmt":"2025-03-06T04:55:53","slug":"quattro-interventi-in-mattinata-per-il-suem-118","status":"publish","type":"post","link":"https:\/\/www.radiopiu.net\/wordpress\/quattro-interventi-in-mattinata-per-il-suem-118\/","title":{"rendered":"QUATTRO INTERVENTI IN MATTINATA PER IL SUEM 118"},"content":{"rendered":"<p>*******<\/p>\n<p>&nbsp;<\/p>\n<p><strong><a class=\"dt-pswp-item\" href=\"https:\/\/www.radiopiu.net\/wordpress\/wp-content\/uploads\/2025\/02\/SALT.jpg\" data-dt-img-description=\"\" data-large_image_width=\"1903\" data-large_image_height=\"1330\"><img loading=\"lazy\" decoding=\"async\" class=\" wp-image-435451 alignleft\" src=\"https:\/\/www.radiopiu.net\/wordpress\/wp-content\/uploads\/2025\/02\/SALT-300x210.jpg\" alt=\"\" width=\"189\" height=\"132\" srcset=\"https:\/\/www.radiopiu.net\/wordpress\/wp-content\/uploads\/2025\/02\/SALT-300x210.jpg 300w, https:\/\/www.radiopiu.net\/wordpress\/wp-content\/uploads\/2025\/02\/SALT-1024x716.jpg 1024w, https:\/\/www.radiopiu.net\/wordpress\/wp-content\/uploads\/2025\/02\/SALT-768x537.jpg 768w, https:\/\/www.radiopiu.net\/wordpress\/wp-content\/uploads\/2025\/02\/SALT-1536x1074.jpg 1536w, https:\/\/www.radiopiu.net\/wordpress\/wp-content\/uploads\/2025\/02\/SALT.jpg 1903w\" sizes=\"auto, (max-width: 189px) 100vw, 189px\" \/><\/a>REDAZIONE <\/strong>Giornata impegnativa per il Servizio di Urgenza ed Emergenza Medica (SUEM) 118 di Belluno, che ha effettuato numerosi interventi sulle piste da sci delle Dolomiti. L&#8217;attivit\u00e0 di soccorso si \u00e8 concentrata in diverse localit\u00e0 turistiche. Tra gli episodi pi\u00f9 rilevanti registrati, si segnala un incidente avvenuto alle 9:29 a Padola, dove uno sciatore di 64 anni, residente a Lucca, \u00e8 rimasto coinvolto in uno scontro in pista. L&#8217;uomo \u00e8 stato trasportato con l&#8217;elicottero &#8220;Falco&#8221; all&#8217;ospedale di Belluno. Poco dopo, alle 9:47, a Cortina d&#8217;Ampezzo, un giovane sciatore minorenne di nazionalit\u00e0 ceca ha riportato ferite a seguito di una caduta in pista. Anche in questo caso, il SUEM \u00e8 intervenuto con il supporto dell&#8217;elicottero di Aiut Alpin Dolomites e il paziente \u00e8 stato trasferito a Belluno. Un altro incidente si \u00e8 verificato alle 11:13 nei pressi di Malga Popena, dove un uomo di 27 anni, residente a Borca di Cadore, \u00e8 caduto fuori pista. L&#8217;elicottero &#8220;Falco&#8221; ha provveduto al recupero e al trasporto del ferito all&#8217;ospedale di Belluno. Infine, alle 12:43, un uomo di 41 anni, proveniente da Siracusa, \u00e8 stato vittima di una caduta sulle piste di Zoldo. Anche in questo caso, il SUEM \u00e8 intervenuto con l&#8217;elicottero per prestare soccorso e trasferire il paziente in ospedale.<\/p>\n<p>&nbsp;<\/p>\n<p>&nbsp;<\/p>\n<p>********<\/p>\n","protected":false},"excerpt":{"rendered":"<p>******* &nbsp; REDAZIONE Giornata impegnativa per il Servizio di Urgenza ed Emergenza Medica (SUEM) 118 di Belluno, che ha effettuato numerosi interventi sulle piste da sci delle Dolomiti. L&#8217;attivit\u00e0 di soccorso si \u00e8 concentrata in diverse localit\u00e0 turistiche. Tra gli episodi pi\u00f9 rilevanti registrati, si segnala un incidente avvenuto alle 9:29 a Padola, dove uno&hellip;<\/p>\n","protected":false},"author":4,"featured_media":435451,"comment_status":"closed","ping_status":"closed","sticky":false,"template":"","format":"standard","meta":{"_monsterinsights_skip_tracking":false,"_monsterinsights_sitenote_active":false,"_monsterinsights_sitenote_note":"","_monsterinsights_sitenote_category":0,"footnotes":""},"categories":[51,49],"tags":[],"class_list":["post-438045","post","type-post","status-publish","format-standard","has-post-thumbnail","hentry","category-evidenza-top","category-news-18","category-51","category-49","description-off"],"img_url":"https:\/\/www.radiopiu.net\/wordpress\/wp-content\/uploads\/2025\/02\/SALT.jpg","_links":{"self":[{"href":"https:\/\/www.radiopiu.net\/wordpress\/wp-json\/wp\/v2\/posts\/438045","targetHints":{"allow":["GET"]}}],"collection":[{"href":"https:\/\/www.radiopiu.net\/wordpress\/wp-json\/wp\/v2\/posts"}],"about":[{"href":"https:\/\/www.radiopiu.net\/wordpress\/wp-json\/wp\/v2\/types\/post"}],"author":[{"embeddable":true,"href":"https:\/\/www.radiopiu.net\/wordpress\/wp-json\/wp\/v2\/users\/4"}],"replies":[{"embeddable":true,"href":"https:\/\/www.radiopiu.net\/wordpress\/wp-json\/wp\/v2\/comments?post=438045"}],"version-history":[{"count":1,"href":"https:\/\/www.radiopiu.net\/wordpress\/wp-json\/wp\/v2\/posts\/438045\/revisions"}],"predecessor-version":[{"id":438046,"href":"https:\/\/www.radiopiu.net\/wordpress\/wp-json\/wp\/v2\/posts\/438045\/revisions\/438046"}],"wp:featuredmedia":[{"embeddable":true,"href":"https:\/\/www.radiopiu.net\/wordpress\/wp-json\/wp\/v2\/media\/435451"}],"wp:attachment":[{"href":"https:\/\/www.radiopiu.net\/wordpress\/wp-json\/wp\/v2\/media?parent=438045"}],"wp:term":[{"taxonomy":"category","embeddable":true,"href":"https:\/\/www.radiopiu.net\/wordpress\/wp-json\/wp\/v2\/categories?post=438045"},{"taxonomy":"post_tag","embeddable":true,"href":"https:\/\/www.radiopiu.net\/wordpress\/wp-json\/wp\/v2\/tags?post=438045"}],"curies":[{"name":"wp","href":"https:\/\/api.w.org\/{rel}","templated":true}]}}