{"id":438073,"date":"2025-03-05T16:47:40","date_gmt":"2025-03-05T15:47:40","guid":{"rendered":"https:\/\/www.radiopiu.net\/wordpress\/?p=438073"},"modified":"2025-03-06T06:00:02","modified_gmt":"2025-03-06T05:00:02","slug":"monitoraggio-e-tutela-del-patrimonio-arboreo-il-progetto-infrastruttura-verde-nel-comune-di-agordo","status":"publish","type":"post","link":"https:\/\/www.radiopiu.net\/wordpress\/monitoraggio-e-tutela-del-patrimonio-arboreo-il-progetto-infrastruttura-verde-nel-comune-di-agordo\/","title":{"rendered":"MONITORAGGIO E TUTELA DEL PATRIMONIO ARBOREO: IL PROGETTO \u201cINFRASTRUTTURA VERDE\u201d NEL COMUNE DI AGORDO"},"content":{"rendered":"<p>*******<\/p>\n<p>&nbsp;<\/p>\n<p><strong><a class=\"dt-pswp-item\" href=\"https:\/\/www.radiopiu.net\/wordpress\/wp-content\/uploads\/2025\/03\/1625183e-0b9a-49a4-a43f-428c0e2d7e96.jpg\" data-dt-img-description=\"\" data-large_image_width=\"1536\" data-large_image_height=\"2040\"><img loading=\"lazy\" decoding=\"async\" class=\" wp-image-438074 alignleft\" src=\"https:\/\/www.radiopiu.net\/wordpress\/wp-content\/uploads\/2025\/03\/1625183e-0b9a-49a4-a43f-428c0e2d7e96-226x300.jpg\" alt=\"\" width=\"146\" height=\"194\" srcset=\"https:\/\/www.radiopiu.net\/wordpress\/wp-content\/uploads\/2025\/03\/1625183e-0b9a-49a4-a43f-428c0e2d7e96-226x300.jpg 226w, https:\/\/www.radiopiu.net\/wordpress\/wp-content\/uploads\/2025\/03\/1625183e-0b9a-49a4-a43f-428c0e2d7e96-771x1024.jpg 771w, https:\/\/www.radiopiu.net\/wordpress\/wp-content\/uploads\/2025\/03\/1625183e-0b9a-49a4-a43f-428c0e2d7e96-768x1020.jpg 768w, https:\/\/www.radiopiu.net\/wordpress\/wp-content\/uploads\/2025\/03\/1625183e-0b9a-49a4-a43f-428c0e2d7e96-1157x1536.jpg 1157w, https:\/\/www.radiopiu.net\/wordpress\/wp-content\/uploads\/2025\/03\/1625183e-0b9a-49a4-a43f-428c0e2d7e96.jpg 1536w\" sizes=\"auto, (max-width: 146px) 100vw, 146px\" \/><\/a>AGORDO <\/strong>Nell\u2019ambito del Programma di finanziamento UE &#8211; Interreg VI-A Italia-Austria 2021-2027 CLLD Dolomiti Live progetto \u201cInfrastruttura verde\u201d, il Comune di Agordo, la citt\u00e0 di Lienz e la citt\u00e0 di Brunico hanno messo in campo una serie di azioni efficaci per il monitoraggio e la raccolta dati dello stato di salute del patrimonio arboreo esistente nei tre centri abitati. Il Comune di Agordo, in particolare, affiancato da uno studio tecnico forestale, ha iniziato un percorso di formazione per i propri operai addetti alla cura del verde ed ha portato a termine il censimento degli alberi presenti nel Parco del \u201cBroi\u201d (Piazza della Libert\u00e0) e nel parco giochi situato lungo il torrente Rova. Durante tale censimento \u00e8 stata valutata anche la stabilit\u00e0 di tutti i soggetti arborei rilevati, mediante un processo che si concentra sull\u2019osservazione e sull\u2019analisi di diverse parti dell\u2019albero, come il tronco, i rami, la chioma, e la corteccia, per identificare possibili problematiche strutturali o eventuali patologie. La metodologia seguita \u00e8 quella della V.T.A, con approfondimenti strumentali specifici dove necessario, osservando la pianta nel suo insieme, alla ricerca di segni di malattia, danni meccanici o evidenti segnali di debolezza strutturale, segni di difetti nella struttura dell\u2019albero, come cavit\u00e0 nel tronco, rami deboli o danneggiati, e potenziale rottura. Si esaminano possibili malattie, attacchi di parassiti o la presenza di funghi che potrebbero compromettere la vitalit\u00e0 della pianta. Questa valutazione \u00e8 utile per misurare lo \u201cstato di salute\u201d delle piante, individuare eventuali difetti o criticit\u00e0 nel tronco, che potrebbero rappresentare un potenziale pericolo. Tutto questo aiuter\u00e0 l\u2019Amministrazione a prendere decisioni su potature, abbattimenti o altre misure preventive. Il progetto prevede una spesa di euro 24.359,00 e un finanziamento Eu di euro 15.589,76. Contestualmente l\u2019Amministrazione di Agordo sta anche valutando la possibilit\u00e0 di eseguire un miglioramento della composizione verde attualmente presente del parco giochi situato lungo il torrente Rova.<\/p>\n<p>&nbsp;<\/p>\n<p>&nbsp;<\/p>\n<p>*******<\/p>\n","protected":false},"excerpt":{"rendered":"<p>******* &nbsp; AGORDO Nell\u2019ambito del Programma di finanziamento UE &#8211; Interreg VI-A Italia-Austria 2021-2027 CLLD Dolomiti Live progetto \u201cInfrastruttura verde\u201d, il Comune di Agordo, la citt\u00e0 di Lienz e la citt\u00e0 di Brunico hanno messo in campo una serie di azioni efficaci per il monitoraggio e la raccolta dati dello stato di salute del patrimonio&hellip;<\/p>\n","protected":false},"author":4,"featured_media":406589,"comment_status":"closed","ping_status":"closed","sticky":false,"template":"","format":"standard","meta":{"_monsterinsights_skip_tracking":false,"_monsterinsights_sitenote_active":false,"_monsterinsights_sitenote_note":"","_monsterinsights_sitenote_category":0,"footnotes":""},"categories":[104,49],"tags":[],"class_list":["post-438073","post","type-post","status-publish","format-standard","has-post-thumbnail","hentry","category-evidenza_3","category-news-18","category-104","category-49","description-off"],"img_url":"https:\/\/www.radiopiu.net\/wordpress\/wp-content\/uploads\/2024\/08\/BROI-AGORDO.jpg","_links":{"self":[{"href":"https:\/\/www.radiopiu.net\/wordpress\/wp-json\/wp\/v2\/posts\/438073","targetHints":{"allow":["GET"]}}],"collection":[{"href":"https:\/\/www.radiopiu.net\/wordpress\/wp-json\/wp\/v2\/posts"}],"about":[{"href":"https:\/\/www.radiopiu.net\/wordpress\/wp-json\/wp\/v2\/types\/post"}],"author":[{"embeddable":true,"href":"https:\/\/www.radiopiu.net\/wordpress\/wp-json\/wp\/v2\/users\/4"}],"replies":[{"embeddable":true,"href":"https:\/\/www.radiopiu.net\/wordpress\/wp-json\/wp\/v2\/comments?post=438073"}],"version-history":[{"count":2,"href":"https:\/\/www.radiopiu.net\/wordpress\/wp-json\/wp\/v2\/posts\/438073\/revisions"}],"predecessor-version":[{"id":438076,"href":"https:\/\/www.radiopiu.net\/wordpress\/wp-json\/wp\/v2\/posts\/438073\/revisions\/438076"}],"wp:featuredmedia":[{"embeddable":true,"href":"https:\/\/www.radiopiu.net\/wordpress\/wp-json\/wp\/v2\/media\/406589"}],"wp:attachment":[{"href":"https:\/\/www.radiopiu.net\/wordpress\/wp-json\/wp\/v2\/media?parent=438073"}],"wp:term":[{"taxonomy":"category","embeddable":true,"href":"https:\/\/www.radiopiu.net\/wordpress\/wp-json\/wp\/v2\/categories?post=438073"},{"taxonomy":"post_tag","embeddable":true,"href":"https:\/\/www.radiopiu.net\/wordpress\/wp-json\/wp\/v2\/tags?post=438073"}],"curies":[{"name":"wp","href":"https:\/\/api.w.org\/{rel}","templated":true}]}}