{"id":438097,"date":"2025-03-07T05:43:25","date_gmt":"2025-03-07T04:43:25","guid":{"rendered":"https:\/\/www.radiopiu.net\/wordpress\/?p=438097"},"modified":"2025-03-07T10:51:41","modified_gmt":"2025-03-07T09:51:41","slug":"giornaleradiopiu-07-marzo-2025","status":"publish","type":"post","link":"https:\/\/www.radiopiu.net\/wordpress\/giornaleradiopiu-07-marzo-2025\/","title":{"rendered":"GIORNALE RADIOPIU 07 MARZO 2025 DIRETTORE MIRKO MEZZACASA\u2026DA 41 ANNI 25 GIUGNO 1983-25 GIUGNO 2024"},"content":{"rendered":"<p>*********<\/p>\n<p>&nbsp;<\/p>\n<p><em><span style=\"color: #ff0000;\"><a class=\"dt-pswp-item\" href=\"https:\/\/www.radiopiu.net\/wordpress\/wp-content\/uploads\/2024\/10\/Senza-nome-8.png\" data-dt-img-description=\"\" data-large_image_width=\"343\" data-large_image_height=\"303\"><img loading=\"lazy\" decoding=\"async\" class=\"wp-image-412130 alignleft\" src=\"https:\/\/www.radiopiu.net\/wordpress\/wp-content\/uploads\/2024\/10\/Senza-nome-8-300x265.png\" alt=\"\" width=\"105\" height=\"93\" srcset=\"https:\/\/www.radiopiu.net\/wordpress\/wp-content\/uploads\/2024\/10\/Senza-nome-8-300x265.png 300w, https:\/\/www.radiopiu.net\/wordpress\/wp-content\/uploads\/2024\/10\/Senza-nome-8.png 343w\" sizes=\"auto, (max-width: 105px) 100vw, 105px\" \/><\/a><\/span><\/em><strong><em><span style=\"color: #ff0000;\"> LA\u00a0 APP PER IOS-IPHONE di Nicola Vettorello<\/span><\/em><\/strong><\/p>\n<p><strong><span style=\"color: #0000ff;\"><a style=\"color: #0000ff;\" href=\"https:\/\/apps.apple.com\/it\/app\/radio-pi%C3%B9-emittente-agordina\/id1515939845\">https:\/\/apps.apple.com\/it\/app\/radio-pi%C3%B9-emittente-agordina\/id1515939845<\/a><\/span><\/strong><\/p>\n<p><strong><em style=\"color: #ff0000;\">LA\u00a0 APP RADIO\u00a0 PER ANDROID di Nicola Vettorello<\/em><\/strong><\/p>\n<p><strong><span style=\"color: #0000ff;\"><a style=\"color: #0000ff;\" href=\"https:\/\/play.google.com\/store\/apps\/details?id=net.radiopiu.iniko\" target=\"_blank\" rel=\"noopener noreferrer\">https:\/\/<\/a><a style=\"color: #0000ff;\" href=\"https:\/\/play.google.com\/store\/apps\/details?id=net.radiopiu.iniko\" target=\"_blank\" rel=\"noopener noreferrer\">play.google.com\/store\/apps\/details?id=net.radiopiu.iniko\u00a0\u00a0\u00a0\u00a0<\/a><\/span><\/strong><\/p>\n<p>&nbsp;<\/p>\n<p>&nbsp;<\/p>\n<hr \/>\n<p>&nbsp;<\/p>\n<h1 style=\"text-align: center;\"><span style=\"color: #ff0000;\">RADIO PIU&#8217; CAMBIA CANALE IN DAB<\/span><\/h1>\n<p><strong><a class=\"dt-pswp-item\" href=\"https:\/\/www.radiopiu.net\/wordpress\/wp-content\/uploads\/2022\/11\/MyRadioPiu_miaidea.png\" data-dt-img-description=\"\" data-large_image_width=\"483\" data-large_image_height=\"374\"><img loading=\"lazy\" decoding=\"async\" class=\" wp-image-304561 alignleft\" src=\"https:\/\/www.radiopiu.net\/wordpress\/wp-content\/uploads\/2022\/11\/MyRadioPiu_miaidea-300x232.png\" alt=\"\" width=\"175\" height=\"135\" srcset=\"https:\/\/www.radiopiu.net\/wordpress\/wp-content\/uploads\/2022\/11\/MyRadioPiu_miaidea-300x232.png 300w, https:\/\/www.radiopiu.net\/wordpress\/wp-content\/uploads\/2022\/11\/MyRadioPiu_miaidea.png 483w\" sizes=\"auto, (max-width: 175px) 100vw, 175px\" \/><\/a> <\/strong><\/p>\n<p><strong>\u00a0<\/strong><\/p>\n<p><strong>REDAZIONE <\/strong>Novit\u00e0 in vista per gli ascoltatori di Radio Pi\u00f9 in DAB+. E&#8217; iniziato il processo di modifica del canale di trasmissione radiofonica, che passer\u00e0 dalla frequenza 8C alla 12D. Ricordiamo che per continuare ad ascoltare la radio senza interruzioni, basta risintonizzare i propri dispositivi e la risintonizzazione delle autoradio.<\/p>\n<p>&nbsp;<\/p>\n<p>&nbsp;<\/p>\n<h1 style=\"text-align: center;\"><span style=\"color: #ff0000;\">OGGI ALLA RADIO<\/span><\/h1>\n<p><strong> 9.00 PREMIER, LE NOVITA&#8217; MUSICALI CON MARCO GAZ E ALLE 9-40 LA MUSICA ANNI OTTANTA DEL VENERDI, DI MONICA FONTANIVE <\/strong>\u00a0\u00a0<strong>10.30\u00a0 \u00a0OSPITE PAOLO STEFAN, SOLIDARIETA&#8217; VENETO FONDO PENSIONE, APPUNTAMENTOI DEL PRIMO VENERDI DEL MESE<span style=\"color: #ff0000;\">\u00a0<\/span><\/strong><b>13.20 <\/b>COLLAGE OPERAZIONE NOSTALGIA DI LORIS SCUSSEL <strong>14.00<\/strong>\u00a0 MUSIC ABC CON ATHOS E MARINA <strong>15.00 WEEK END MARINA C&#8217;E&#8217;<\/strong>\u00a0\u00a0<b> 1600 <\/b>IL ROCK DI MARCO COSTANTINI<\/p>\n<p>&nbsp;<\/p>\n<p>&nbsp;<\/p>\n<hr \/>\n<p>&nbsp;<\/p>\n<p>&nbsp;<\/p>\n<div class=\"x11i5rnm xat24cr x1mh8g0r x1vvkbs xtlvy1s x126k92a\">\n<div dir=\"auto\">\n<div dir=\"auto\">\n<p><strong><a class=\"dt-pswp-item\" href=\"https:\/\/www.radiopiu.net\/wordpress\/wp-content\/uploads\/2024\/02\/2d44e751-d8a8-461b-8e22-d8e4e853b032.jpg\" data-dt-img-description=\"\" data-large_image_width=\"1600\" data-large_image_height=\"1200\"><img loading=\"lazy\" decoding=\"async\" class=\"wp-image-373307 alignleft\" src=\"https:\/\/www.radiopiu.net\/wordpress\/wp-content\/uploads\/2024\/02\/2d44e751-d8a8-461b-8e22-d8e4e853b032-300x225.jpg\" alt=\"\" width=\"105\" height=\"79\" srcset=\"https:\/\/www.radiopiu.net\/wordpress\/wp-content\/uploads\/2024\/02\/2d44e751-d8a8-461b-8e22-d8e4e853b032-300x225.jpg 300w, https:\/\/www.radiopiu.net\/wordpress\/wp-content\/uploads\/2024\/02\/2d44e751-d8a8-461b-8e22-d8e4e853b032-1024x768.jpg 1024w, https:\/\/www.radiopiu.net\/wordpress\/wp-content\/uploads\/2024\/02\/2d44e751-d8a8-461b-8e22-d8e4e853b032-768x576.jpg 768w, https:\/\/www.radiopiu.net\/wordpress\/wp-content\/uploads\/2024\/02\/2d44e751-d8a8-461b-8e22-d8e4e853b032-1536x1152.jpg 1536w, https:\/\/www.radiopiu.net\/wordpress\/wp-content\/uploads\/2024\/02\/2d44e751-d8a8-461b-8e22-d8e4e853b032.jpg 1600w\" sizes=\"auto, (max-width: 105px) 100vw, 105px\" \/><\/a>EL BAL DEL FIOR, DI GIULIANA DA RONCH, 07 MARZO<\/strong><strong> 2025<\/strong><\/p>\n<p>&nbsp;<\/p>\n<audio class=\"wp-audio-shortcode\" id=\"audio-438097-1\" preload=\"none\" style=\"width: 100%;\" controls=\"controls\"><source type=\"audio\/mpeg\" src=\"https:\/\/www.radiopiu.net\/wordpress\/wp-content\/uploads\/2025\/03\/GVE.mp3?_=1\" \/><a href=\"https:\/\/www.radiopiu.net\/wordpress\/wp-content\/uploads\/2025\/03\/GVE.mp3\">https:\/\/www.radiopiu.net\/wordpress\/wp-content\/uploads\/2025\/03\/GVE.mp3<\/a><\/audio>\n<p>&nbsp;<\/p>\n<hr \/>\n<p>&nbsp;<\/p>\n<p>&nbsp;<\/p>\n<\/div>\n<\/div>\n<\/div>\n<div class=\"x11i5rnm xat24cr x1mh8g0r x1vvkbs xtlvy1s x126k92a\">\n<blockquote>\n<h1><strong><a class=\"dt-pswp-item\" href=\"https:\/\/www.radiopiu.net\/wordpress\/wp-content\/uploads\/2024\/10\/629301fd-708d-4f53-95c2-d28cbefd500f.jpg\" data-dt-img-description=\"\" data-large_image_width=\"1600\" data-large_image_height=\"1322\"><img loading=\"lazy\" decoding=\"async\" class=\"wp-image-413782 alignright\" src=\"https:\/\/www.radiopiu.net\/wordpress\/wp-content\/uploads\/2024\/10\/629301fd-708d-4f53-95c2-d28cbefd500f-300x248.jpg\" alt=\"\" width=\"106\" height=\"88\" srcset=\"https:\/\/www.radiopiu.net\/wordpress\/wp-content\/uploads\/2024\/10\/629301fd-708d-4f53-95c2-d28cbefd500f-300x248.jpg 300w, https:\/\/www.radiopiu.net\/wordpress\/wp-content\/uploads\/2024\/10\/629301fd-708d-4f53-95c2-d28cbefd500f-1024x846.jpg 1024w, https:\/\/www.radiopiu.net\/wordpress\/wp-content\/uploads\/2024\/10\/629301fd-708d-4f53-95c2-d28cbefd500f-768x635.jpg 768w, https:\/\/www.radiopiu.net\/wordpress\/wp-content\/uploads\/2024\/10\/629301fd-708d-4f53-95c2-d28cbefd500f-1536x1269.jpg 1536w, https:\/\/www.radiopiu.net\/wordpress\/wp-content\/uploads\/2024\/10\/629301fd-708d-4f53-95c2-d28cbefd500f.jpg 1600w\" sizes=\"auto, (max-width: 106px) 100vw, 106px\" \/><\/a><\/strong><\/h1>\n<h1><strong><a class=\"dt-pswp-item\" href=\"https:\/\/www.radiopiu.net\/wordpress\/wp-content\/uploads\/2024\/11\/th-18.jpg\" data-dt-img-description=\"\" data-large_image_width=\"156\" data-large_image_height=\"180\"><img loading=\"lazy\" decoding=\"async\" class=\"size-full wp-image-421611 alignleft\" src=\"https:\/\/www.radiopiu.net\/wordpress\/wp-content\/uploads\/2024\/11\/th-18.jpg\" alt=\"\" width=\"156\" height=\"180\" \/><\/a><\/strong><\/h1>\n<h1><strong>N di parom &#8211; L Almanach de la nosta jent<\/strong><\/h1>\n<\/blockquote>\n<p>&nbsp;<\/p>\n<p>Le voci: Davide Conedera, Agordo, Michela Dell&#8217;Osbel, La Valle Agordina Simone Ganz, Falcade Veronica Lezuo, Colle Santa Lucia. La voce nella sigla \u00e8 di Giorgia Taio<\/p>\n<p><strong>LA PUNTATA DI OGGI, 07 MARZO 2025<\/strong><\/p>\n<p>&nbsp;<\/p>\n<audio class=\"wp-audio-shortcode\" id=\"audio-438097-2\" preload=\"none\" style=\"width: 100%;\" controls=\"controls\"><source type=\"audio\/mpeg\" src=\"https:\/\/www.radiopiu.net\/wordpress\/wp-content\/uploads\/2025\/03\/AL5.mp3?_=2\" \/><a href=\"https:\/\/www.radiopiu.net\/wordpress\/wp-content\/uploads\/2025\/03\/AL5.mp3\">https:\/\/www.radiopiu.net\/wordpress\/wp-content\/uploads\/2025\/03\/AL5.mp3<\/a><\/audio>\n<p>&nbsp;<\/p>\n<\/div>\n<div class=\"x11i5rnm xat24cr x1mh8g0r x1vvkbs xtlvy1s x126k92a\">\n<div dir=\"auto\">\n<hr \/>\n<\/div>\n<\/div>\n<blockquote>\n<blockquote>\n<h1><span style=\"color: #ff0000;\">\u00a0<\/span><\/h1>\n<h1><span style=\"color: #ff0000;\">I podcast informativi del mattino &#8211; audio &#8211;\u00a0\u00a0<\/span><\/h1>\n<\/blockquote>\n<p><strong><a class=\"dt-pswp-item\" href=\"https:\/\/www.radiopiu.net\/wordpress\/wp-content\/uploads\/2024\/11\/6.jpg\" data-dt-img-description=\"\" data-large_image_width=\"177\" data-large_image_height=\"180\"><img loading=\"lazy\" decoding=\"async\" class=\"size-full wp-image-417911 alignleft\" src=\"https:\/\/www.radiopiu.net\/wordpress\/wp-content\/uploads\/2024\/11\/6.jpg\" alt=\"\" width=\"177\" height=\"180\" \/><\/a>LA RASSEGNA STAMPA NAZIONALE ALLA RADIO, OGNI GIORNO ALLE 5 E ALLE 6 DEL MATTINO <span style=\"color: #0000ff;\">viene pubblicata alle 6.00 <span style=\"color: #ff0000;\">DIRETTA RADIO\u00a0 \u00a0\u00a0<\/span><\/span><\/strong><\/p><\/blockquote>\n<p>&nbsp;<\/p>\n<p><strong>NOTIZIE DELLA NOTTE<\/strong><\/p>\n<p><strong>Ucraina<\/strong>, Pechino: sia pace giusta e duratura accettata da tutti <strong>Gaza,<\/strong> Pechino a Trump: &#8216;La Striscia \u00e8 dei palestinesi&#8217; <strong>Tennis:<\/strong> Arnaldi e Gigante avanti, fuori 3 azzurri a Indian Wells <strong>Siria:<\/strong> scontri con forze leali ad Assad, &#8216;almeno 70 i morti&#8217; <strong>Bitcoin crolla<\/strong> del 5% su annuncio Usa di &#8216;riserva strategica&#8217; <strong>Borsa: Tokyo,<\/strong> apertura in netto ribasso (-1,31%) <strong>Scossa di terremoto<\/strong> di magnitudo 3.2 ai Campi Flegrei <strong>Rientrato il razzo<\/strong> di Starship, persa la capsula<\/p>\n<h1>AUDIO dalle 6 del mattino<\/h1>\n<audio class=\"wp-audio-shortcode\" id=\"audio-438097-3\" preload=\"none\" style=\"width: 100%;\" controls=\"controls\"><source type=\"audio\/mpeg\" src=\"https:\/\/www.radiopiu.net\/wordpress\/wp-content\/uploads\/2025\/03\/GIORNALEDELLESEI-3.mp3?_=3\" \/><a href=\"https:\/\/www.radiopiu.net\/wordpress\/wp-content\/uploads\/2025\/03\/GIORNALEDELLESEI-3.mp3\">https:\/\/www.radiopiu.net\/wordpress\/wp-content\/uploads\/2025\/03\/GIORNALEDELLESEI-3.mp3<\/a><\/audio>\n<p>&nbsp;<\/p>\n<p>&nbsp;<\/p>\n<hr \/>\n<p>&nbsp;<\/p>\n<h1 style=\"text-align: center;\"><span style=\"color: #ff0000;\"><a class=\"dt-pswp-item\" href=\"https:\/\/www.radiopiu.net\/wordpress\/wp-content\/uploads\/2024\/11\/7.jpg\" data-dt-img-description=\"\" data-large_image_width=\"180\" data-large_image_height=\"180\"><img loading=\"lazy\" decoding=\"async\" class=\"size-full wp-image-417912 alignleft\" src=\"https:\/\/www.radiopiu.net\/wordpress\/wp-content\/uploads\/2024\/11\/7.jpg\" alt=\"\" width=\"180\" height=\"180\" srcset=\"https:\/\/www.radiopiu.net\/wordpress\/wp-content\/uploads\/2024\/11\/7.jpg 180w, https:\/\/www.radiopiu.net\/wordpress\/wp-content\/uploads\/2024\/11\/7-150x150.jpg 150w\" sizes=\"auto, (max-width: 180px) 100vw, 180px\" \/><\/a>I podcast informativi del mattino &#8211; audio &#8211;\u00a0<\/span><\/h1>\n<p><strong>OGNI GIORNO ALLE SETTE DEL MATTINO, LA RASSEGNA STAMPA LOCALE FLASH&#8230; PER CHI VA IN FRETTA. I TITOLI DAI GIORNALI E DAL SITO WWW.RADIOPIU.NET <span style=\"color: #0000ff;\">viene pubblicato alle 7.00<\/span> <span style=\"color: #ff0000;\">DIRETTA RADIO\u00a0<\/span><\/strong><\/p>\n<p><em><span style=\"color: #ff0000;\">per chi va in fretta&#8230; tante notizie in pochi minuti. L&#8217;informazione locale alla radio, ogni ora dalle 7 del mattino alle 19 della sera.\u00a0<\/span><\/em><\/p>\n<p>&nbsp;<\/p>\n<div class=\"flex max-w-full flex-col flex-grow\">\n<div class=\"min-h-8 text-message relative flex w-full flex-col items-end gap-2 whitespace-normal break-words text-start [.text-message+&amp;]:mt-5\" dir=\"auto\" data-message-author-role=\"assistant\" data-message-id=\"dea28b6f-84cf-484d-8614-b7eefa69dc07\" data-message-model-slug=\"gpt-4o-mini\">\n<div class=\"flex w-full flex-col gap-1 empty:hidden first:pt-[3px]\">\n<div class=\"markdown prose w-full break-words dark:prose-invert dark\">\n<ul data-start=\"1071\" data-end=\"1538\">\n<li data-start=\"462\" data-end=\"533\"><strong data-start=\"610\" data-end=\"626\">Livinallongo<\/strong>: Incendio domato grazie all&#8217;intervento dei Vigili del Fuoco.<\/li>\n<li data-start=\"690\" data-end=\"782\"><strong data-start=\"692\" data-end=\"703\">Cortina<\/strong>: Inaugurato il Villaggio Olimpico con la presenza del Ministro Andrea Abodi.<\/li>\n<li data-start=\"783\" data-end=\"874\"><strong data-start=\"785\" data-end=\"796\">Belluno<\/strong>: Rinuncia a 8,5 milioni di euro per finanziamenti a causa di aumento costi.<\/li>\n<li data-start=\"875\" data-end=\"943\"><strong data-start=\"877\" data-end=\"888\">Venezia<\/strong>: Jean Michel Jarre in concerto a San Marco e Pompei.<\/li>\n<li data-start=\"944\" data-end=\"1042\"><strong data-start=\"946\" data-end=\"976\">Lavori Galleria \u201cComelico\u201d<\/strong>: Chiusura temporanea fino al 10 marzo per lavori di manutenzione.<\/li>\n<li data-start=\"1071\" data-end=\"1221\"><strong data-start=\"1073\" data-end=\"1084\">Belluno<\/strong>: Inaugurato il Giardino dei Giusti del Mondo in Via del Piave<\/li>\n<li data-start=\"1222\" data-end=\"1302\"><strong data-start=\"1224\" data-end=\"1240\">Livinallongo<\/strong>: Tre sciatori francesi prosciolti dopo 15 anni di processo.<\/li>\n<li data-start=\"1413\" data-end=\"1538\"><strong data-start=\"1415\" data-end=\"1426\">Lentiai<\/strong>: Domenica 9 marzo inaugurazione della MyCandy Arena, una pista da modellismo<\/li>\n<\/ul>\n<ul data-start=\"1575\" data-end=\"1817\" data-is-last-node=\"\" data-is-only-node=\"\">\n<li data-start=\"1575\" data-end=\"1688\"><strong data-start=\"1577\" data-end=\"1588\">Belluno<\/strong>: 13 marzo L&#8217;Ulss Dolomiti organizza un incontro in occasione della Giornata Mondiale del Rene<\/li>\n<li data-start=\"1689\" data-end=\"1817\" data-is-last-node=\"\"><strong data-start=\"1691\" data-end=\"1702\">Belluno<\/strong>: 09 marzo Convegno sul disagio giovanile con l\u2019Associazione Margherita Fenice, a Palazzo Crepadona.<\/li>\n<\/ul>\n<\/div>\n<\/div>\n<\/div>\n<\/div>\n<div class=\"mb-2 flex gap-3 -ml-2\" tabindex=\"0\">\n<div class=\"items-center justify-start rounded-xl p-1 flex\"><\/div>\n<\/div>\n<h1>AUDIO dalle 7 del mattino<\/h1>\n<audio class=\"wp-audio-shortcode\" id=\"audio-438097-4\" preload=\"none\" style=\"width: 100%;\" controls=\"controls\"><source type=\"audio\/mpeg\" src=\"https:\/\/www.radiopiu.net\/wordpress\/wp-content\/uploads\/2025\/03\/GF07-5.mp3?_=4\" \/><a href=\"https:\/\/www.radiopiu.net\/wordpress\/wp-content\/uploads\/2025\/03\/GF07-5.mp3\">https:\/\/www.radiopiu.net\/wordpress\/wp-content\/uploads\/2025\/03\/GF07-5.mp3<\/a><\/audio>\n<p>&nbsp;<\/p>\n<p>&nbsp;<\/p>\n<hr \/>\n<p>&nbsp;<\/p>\n<h1><\/h1>\n<h1 style=\"text-align: center;\"><span style=\"color: #ff0000;\"><a class=\"dt-pswp-item\" href=\"https:\/\/www.radiopiu.net\/wordpress\/wp-content\/uploads\/2024\/11\/th.jpg\" data-dt-img-description=\"\" data-large_image_width=\"148\" data-large_image_height=\"179\"><img loading=\"lazy\" decoding=\"async\" class=\"size-full wp-image-417913 alignleft\" src=\"https:\/\/www.radiopiu.net\/wordpress\/wp-content\/uploads\/2024\/11\/th.jpg\" alt=\"\" width=\"148\" height=\"179\" \/><\/a>I podcast informativi del mattino &#8211; audio &#8211;\u00a0<\/span><\/h1>\n<blockquote><p><strong>GIORNALE RADIO NAZIONALE, EDIZIONE DELLE SETTE <span style=\"color: #0000ff;\">viene pubblicato alle 7.05 <span style=\"color: #ff0000;\">DIRETTA RADIO\u00a0<\/span><\/span><\/strong><\/p><\/blockquote>\n<p><strong>il giornale radionazionale e&#8217; in onda ogni ora, dalle sette del mattino alle venti della sera\u00a0 \u00a0<\/strong><\/p>\n<p>&nbsp;<\/p>\n<p><strong><a class=\"dt-pswp-item\" href=\"https:\/\/www.radiopiu.net\/wordpress\/wp-content\/uploads\/2025\/02\/download-7.jpg\" data-dt-img-description=\"\" data-large_image_width=\"211\" data-large_image_height=\"239\"><img loading=\"lazy\" decoding=\"async\" class=\"wp-image-435553 alignleft\" src=\"https:\/\/www.radiopiu.net\/wordpress\/wp-content\/uploads\/2025\/02\/download-7.jpg\" alt=\"\" width=\"108\" height=\"122\" \/><\/a>BARI<\/strong> Crollo, una donna di 74 anni salvata dalle macerie dopo 24 ore. Rosalia De Giosa ha parlato con soccorritori, la fase di recupero sar\u00e0 lunga <strong>PADOVA<\/strong> Il corpo di un anziano chiuso in due sacchetti trovati in un armadio Viveva con un 40enne ora ricercato dai carabinieri <strong>\u00a0PALERMO <\/strong>Per omicidio plurimo aggravato La strage ad Altavilla, 12 anni e 8 mesi per la minorenne <strong>BOLOGNA<\/strong> Il processo in Corte d&#8217;Assise Il fratello di Saman Abbas: &#8216;Lo zio la prese, c&#8217;erano i cugini&#8217;<br \/>\n<strong>LODI<\/strong> L&#8217;omicidio di Nataly trovata nell&#8217;Adda, ci sono segni di aggressione sul corpo L&#8217;autopsia riscontra numerose ecchimosi e un probabile soffocamento <strong>ROMA<\/strong> Bonfietti: &#8216;Ustica non va archiviata, domenica manifestiamo&#8217; I familiari: &#8216;Non accettiamo la mancanza di collaborazione dagli alleati&#8217; <strong>MILANO<\/strong> Piazza della Loggia, il pm dei minori chiede 30 anni per Marco Toffaloni All&#8217;epoca l&#8217;imputato aveva 17 anni. \u00c8 ritenuto uno degli esecutori materiali della strage <strong>ROMA<\/strong> Scritte proPal ed escrementi al cantiere del Museo Shoah A Roma, indaga la Digos. L&#8217;Ucei: &#8216;Vandalismo che offende l&#8217;Italia&#8217;<\/p>\n<p>&nbsp;<\/p>\n<p>&nbsp;<\/p>\n<p><strong><a class=\"dt-pswp-item\" href=\"https:\/\/www.radiopiu.net\/wordpress\/wp-content\/uploads\/2025\/02\/download-3.jpg\" data-dt-img-description=\"\" data-large_image_width=\"223\" data-large_image_height=\"226\"><img loading=\"lazy\" decoding=\"async\" class=\"size-full wp-image-434732 alignleft\" src=\"https:\/\/www.radiopiu.net\/wordpress\/wp-content\/uploads\/2025\/02\/download-3.jpg\" alt=\"\" width=\"223\" height=\"226\" \/><\/a>PADOVA<\/strong> Anziano trovato morto in un armadio, si cerca l&#8217;amico La macabra scoperta ieri in un&#8217;abitazione nel Padovano<br \/>\n<strong>PADOVA<\/strong> Arrestato\u00a0 dopo un&#8217;estorsione ad una donna di Trento. L&#8217;uomo, campano di 55 anni, ha precedenti per truffe telefoniche<br \/>\n<strong>VICENZA<\/strong> Trovato con due chili cocaina in auto, arrestato. Straniero incappato in controllo guardia di Finanza<br \/>\n<strong>VERONA<\/strong> Abusi e violenze su figlie minorenni della compagna, arrestatoVittime avevano 10 e 12 anni, denuncia della madre<br \/>\n<strong>VENEZIA<\/strong> Petardo ferisce fonico a Venezia, denunciati 2 giovani. Era stato lanciato da un barchino contro il palco a Rialto<br \/>\n<strong>LIVINALLONGO\u00a0<\/strong> Incidente sula funivia ad Arabba, cabina urta il fine corsa.\u00a0L\u2019incidente non ha coinvolto altri passeggeri, poich\u00e9 l\u2019impianto era gi\u00e0 chiuso al pubblico.<\/p>\n<p><strong>LIVINALLONGO<\/strong> 30 pompieri impegnati per spegnere quattro ettari di bosco, l&#8217;incendio ieri pomeriggio in zona Vallazza, in supporto l&#8217;elicottero della Regione. Incendio domato solo in erata, nessun danno ai fienili e altre strutture in zona.<\/p>\n<p><strong>VICENZA<\/strong> Frana di vaste proporzioni nel Vicentino, chiusa una stradaMassi e roccia caduti nella notte a Valli del Pasubio<br \/>\n<strong>VENEZIA<\/strong> Jean Michel Jarre in concerto in San Marco a Venezia e a Pompei In laguna il 3 luglio, nell&#8217;Anfiteatro degli Scavi il 5<br \/>\n<strong>CORTINA<\/strong> Consegnate le prime casette del Villaggio Olimpico\u00a0 alla presenza del Ministro Andrea Abodi<\/p>\n<h1><span style=\"color: #ff0000;\"><span style=\"color: #0000ff;\">ULTIM&#8217;ORA<\/span> <span style=\"color: #000000;\">AUDIO dalle sette del mattino, ogni ora alla radio EDIZIONE DELLE SETTE<\/span><\/span><\/h1>\n<audio class=\"wp-audio-shortcode\" id=\"audio-438097-5\" preload=\"none\" style=\"width: 100%;\" controls=\"controls\"><source type=\"audio\/mpeg\" src=\"https:\/\/www.radiopiu.net\/wordpress\/wp-content\/uploads\/2025\/03\/giornale07-7.mp3?_=5\" \/><a href=\"https:\/\/www.radiopiu.net\/wordpress\/wp-content\/uploads\/2025\/03\/giornale07-7.mp3\">https:\/\/www.radiopiu.net\/wordpress\/wp-content\/uploads\/2025\/03\/giornale07-7.mp3<\/a><\/audio>\n<p>&nbsp;<\/p>\n<p>&nbsp;<\/p>\n<p>&nbsp;<\/p>\n<p>&nbsp;<\/p>\n<hr \/>\n<p>&nbsp;<\/p>\n<p>&nbsp;<\/p>\n<h1><span style=\"color: #ff0000;\"><a class=\"dt-pswp-item\" href=\"https:\/\/www.radiopiu.net\/wordpress\/wp-content\/uploads\/2024\/11\/8.jpg\" data-dt-img-description=\"\" data-large_image_width=\"180\" data-large_image_height=\"180\"><img loading=\"lazy\" decoding=\"async\" class=\"size-full wp-image-417910 alignleft\" src=\"https:\/\/www.radiopiu.net\/wordpress\/wp-content\/uploads\/2024\/11\/8.jpg\" alt=\"\" width=\"180\" height=\"180\" srcset=\"https:\/\/www.radiopiu.net\/wordpress\/wp-content\/uploads\/2024\/11\/8.jpg 180w, https:\/\/www.radiopiu.net\/wordpress\/wp-content\/uploads\/2024\/11\/8-150x150.jpg 150w\" sizes=\"auto, (max-width: 180px) 100vw, 180px\" \/><\/a>I podcast informativi del mattino &#8211; video &#8211;\u00a0<\/span><\/h1>\n<h2 style=\"text-align: left;\"><strong>RASSEGNA STAMPA LOCALE, ORE OTTO<\/strong><\/h2>\n<h2><strong> <span style=\"color: #0000ff;\">viene\u00a0 <\/span><\/strong><strong><span style=\"color: #0000ff;\">pubblicata alle 8.05 <span style=\"color: #ff0000;\">DIRETTA RADIO\u00a0 \u00a0<\/span><\/span><\/strong><strong>DI MIRKO MEZZACASA<\/strong><\/h2>\n<h2><span style=\"color: #ff0000;\"><strong>\u00a0\u00a0<\/strong><\/span><\/h2>\n<p><iframe loading=\"lazy\" style=\"border: none; overflow: hidden;\" src=\"https:\/\/www.facebook.com\/plugins\/video.php?height=314&amp;href=https%3A%2F%2Fwww.facebook.com%2Fradiopiu%2Fvideos%2F9272109939538157%2F&amp;show_text=false&amp;width=560&amp;t=0\" width=\"560\" height=\"314\" frameborder=\"0\" scrolling=\"no\" allowfullscreen=\"allowfullscreen\"><\/iframe><\/p>\n<p>&nbsp;<\/p>\n<h1><span style=\"color: #ff0000;\"><strong>VIDEO\u00a0 \u00a0in diretta AGGIORNAMENTO\u00a0 dalle 8 del mattino\u00a0<\/strong><\/span><\/h1>\n<h2><\/h2>\n<p><a class=\"dt-pswp-item\" href=\"https:\/\/www.radiopiu.net\/wordpress\/wp-content\/uploads\/2025\/03\/COOP2-4.png\" data-dt-img-description=\"\" data-large_image_width=\"1119\" data-large_image_height=\"386\"><img loading=\"lazy\" decoding=\"async\" class=\"alignnone wp-image-438360 size-full\" src=\"https:\/\/www.radiopiu.net\/wordpress\/wp-content\/uploads\/2025\/03\/COOP2-4.png\" alt=\"\" width=\"1119\" height=\"386\" srcset=\"https:\/\/www.radiopiu.net\/wordpress\/wp-content\/uploads\/2025\/03\/COOP2-4.png 1119w, https:\/\/www.radiopiu.net\/wordpress\/wp-content\/uploads\/2025\/03\/COOP2-4-300x103.png 300w, https:\/\/www.radiopiu.net\/wordpress\/wp-content\/uploads\/2025\/03\/COOP2-4-1024x353.png 1024w, https:\/\/www.radiopiu.net\/wordpress\/wp-content\/uploads\/2025\/03\/COOP2-4-768x265.png 768w\" sizes=\"auto, (max-width: 1119px) 100vw, 1119px\" \/><\/a><\/p>\n<p>&nbsp;<\/p>\n<p>&nbsp;<\/p>\n<hr \/>\n<p>&nbsp;<\/p>\n<p>&nbsp;<\/p>\n<p>&nbsp;<\/p>\n<p><strong><a class=\"dt-pswp-item\" href=\"https:\/\/www.radiopiu.net\/wordpress\/wp-content\/uploads\/2023\/12\/ANTENNA.png\" data-dt-img-description=\"\" data-large_image_width=\"300\" data-large_image_height=\"166\"><img loading=\"lazy\" decoding=\"async\" class=\"wp-image-366306 alignright\" src=\"https:\/\/www.radiopiu.net\/wordpress\/wp-content\/uploads\/2023\/12\/ANTENNA.png\" alt=\"\" width=\"101\" height=\"56\" \/><\/a><a class=\"dt-pswp-item\" href=\"https:\/\/www.radiopiu.net\/wordpress\/wp-content\/uploads\/2024\/11\/th-17.jpg\" data-dt-img-description=\"\" data-large_image_width=\"224\" data-large_image_height=\"180\"><img loading=\"lazy\" decoding=\"async\" class=\" wp-image-421610 alignleft\" src=\"https:\/\/www.radiopiu.net\/wordpress\/wp-content\/uploads\/2024\/11\/th-17.jpg\" alt=\"\" width=\"167\" height=\"134\" \/><\/a>ogni sera alle 19 le anticipazioni alla radio, quello che poi seguirete nel TELEGIORNALE BELLUNESE\u00a0 in onda alle 19.30 sul CANALE 10 del digitale terrestre.\u00a0\u00a0<\/strong><\/p>\n<p><b>\u00a0\u00a0<\/b><\/p>\n<h1><span style=\"color: #ff0000;\"><strong>LE ANTICIPAZIONI DI TIZIANA BOLOGNANI<\/strong><\/span><\/h1>\n<audio class=\"wp-audio-shortcode\" id=\"audio-438097-6\" preload=\"none\" style=\"width: 100%;\" controls=\"controls\"><source type=\"audio\/mpeg\" src=\"https:\/\/www.radiopiu.net\/wordpress\/wp-content\/uploads\/2025\/03\/ANTENNA3-3.mp3?_=6\" \/><a href=\"https:\/\/www.radiopiu.net\/wordpress\/wp-content\/uploads\/2025\/03\/ANTENNA3-3.mp3\">https:\/\/www.radiopiu.net\/wordpress\/wp-content\/uploads\/2025\/03\/ANTENNA3-3.mp3<\/a><\/audio>\n<p>&nbsp;<\/p>\n<p>&nbsp;<\/p>\n<hr \/>\n<p>&nbsp;<\/p>\n<p>&nbsp;<\/p>\n<blockquote>\n<h3>INCIDENTE ALLA FUNIVIA \u201cVA E VIENI\u201d FUNIFOR DI ARABBA: CABINA URTA IL FINE CORSA<\/h3>\n<p><em><span style=\"color: #ff0000;\">L\u2019incidente non ha coinvolto altri passeggeri, poich\u00e9 l\u2019impianto era gi\u00e0 chiuso al pubblico.<\/span><\/em><\/p><\/blockquote>\n<p><strong><a class=\"dt-pswp-item\" href=\"https:\/\/www.radiopiu.net\/wordpress\/wp-content\/uploads\/2025\/03\/Senza-nome-31.png\" data-dt-img-description=\"\" data-large_image_width=\"272\" data-large_image_height=\"206\"><img loading=\"lazy\" decoding=\"async\" class=\" wp-image-438263 alignleft\" src=\"https:\/\/www.radiopiu.net\/wordpress\/wp-content\/uploads\/2025\/03\/Senza-nome-31.png\" alt=\"\" width=\"206\" height=\"156\" \/><\/a>LIVINALLONGO<\/strong> Un incidente si \u00e8 verificato mercoled\u00ec sera a fine turno sulla funivia di Arabba, quando una delle cabine ha urtato il fine corsa della stazione di valle. L\u2019incidente \u00e8 avvenuto intorno alle 17, ad impianto chiuso al pubblico, probabilmente a causa di un\u2019anomalia tecnica. Il violento impatto ha causato danni alla cabina, che \u00e8 stata messa fuori servizio. La societ\u00e0 Funivie Arabba ha comunicato che l\u2019agente di cabina Simone Pra 23 anni presente a bordo \u00e8 stato soccorso tempestivamente e, fortunatamente, non ha corso\u00a0 alcun pericolo, \u00e8 stato portato per accertamenti all&#8217;ospedale di Agordo da dove \u00e8 stato dimesso nel pomeriggio di ieri .<\/p>\n<p>&nbsp;<\/p>\n<p><strong>IERI SERA NEL RADIOGIORNALE DELLE 19, DALLE ANTICIPAZIONI DEL TG DI ANTENNA 3, DI TIZIANA BOLOGNANI\u00a0<\/strong><\/p>\n<audio class=\"wp-audio-shortcode\" id=\"audio-438097-7\" preload=\"none\" style=\"width: 100%;\" controls=\"controls\"><source type=\"audio\/mpeg\" src=\"https:\/\/www.radiopiu.net\/wordpress\/wp-content\/uploads\/2025\/03\/TIZIANA-ARABBA.mp3?_=7\" \/><a href=\"https:\/\/www.radiopiu.net\/wordpress\/wp-content\/uploads\/2025\/03\/TIZIANA-ARABBA.mp3\">https:\/\/www.radiopiu.net\/wordpress\/wp-content\/uploads\/2025\/03\/TIZIANA-ARABBA.mp3<\/a><\/audio>\n<p>&nbsp;<\/p>\n<p>&nbsp;<\/p>\n<blockquote>\n<div class=\"empty:hidden font-merriweather text-lg\/[30px] font-light text-black\" data-sentry-component=\"HtmlField\" data-sentry-source-file=\"HtmlField.tsx\">\n<p><em><a class=\"dt-pswp-item\" href=\"https:\/\/www.radiopiu.net\/wordpress\/wp-content\/uploads\/2025\/03\/Senza-nome-34.png\" data-dt-img-description=\"\" data-large_image_width=\"504\" data-large_image_height=\"368\"><img loading=\"lazy\" decoding=\"async\" class=\"size-medium wp-image-438371 alignleft\" src=\"https:\/\/www.radiopiu.net\/wordpress\/wp-content\/uploads\/2025\/03\/Senza-nome-34-300x219.png\" alt=\"\" width=\"300\" height=\"219\" srcset=\"https:\/\/www.radiopiu.net\/wordpress\/wp-content\/uploads\/2025\/03\/Senza-nome-34-300x219.png 300w, https:\/\/www.radiopiu.net\/wordpress\/wp-content\/uploads\/2025\/03\/Senza-nome-34.png 504w\" sizes=\"auto, (max-width: 300px) 100vw, 300px\" \/><\/a>L&#8217;agente di cabina di 23 anni, che mercoled\u00ec sera era a bordo dell&#8217;abitacolo del Funifor per la corsa di fine turno \u00ab\u00e8 stato immediatamente soccorso e da quanto \u00e8 dato sapere fortunatamente non corre alcun pericolo\u00bb. \u00c8\u00a0 stata la prima preoccupazione che il presidente di Funivie Arabba Diego De Battista, il direttore Marco Grigoletto e i loro collaboratori hanno avuto dopo\u00a0 impatto.\u00a0<\/em><\/p>\n<\/div>\n<div data-sentry-component=\"HtmlField\" data-sentry-source-file=\"HtmlField.tsx\"><\/div>\n<div data-sentry-component=\"HtmlField\" data-sentry-source-file=\"HtmlField.tsx\">A Simone: tanti auguri di pronta e veloce guarigione, ieri sera il ritorno a casa\u00a0 tra coccole e abbracci di mamma Marina Don\u00e0. Certi che entro pochi giorni ti rivedremo di nuovo al posto di lavoro, ne siamo certi conoscendo la tua passione per gli impegni professionali e non solo&#8221;<\/div>\n<div data-sentry-component=\"HtmlField\" data-sentry-source-file=\"HtmlField.tsx\"><\/div>\n<div data-sentry-component=\"HtmlField\" data-sentry-source-file=\"HtmlField.tsx\"><\/div>\n<div data-sentry-component=\"HtmlField\" data-sentry-source-file=\"HtmlField.tsx\">\n<hr \/>\n<\/div>\n<div data-sentry-component=\"HtmlField\" data-sentry-source-file=\"HtmlField.tsx\"><\/div>\n<h3 class=\"_title post-title entry-title\"><a class=\"dt-pswp-item\" href=\"https:\/\/www.radiopiu.net\/wordpress\/wp-content\/uploads\/2023\/12\/ANTENNA.png\" data-dt-img-description=\"\" data-large_image_width=\"300\" data-large_image_height=\"166\"><img loading=\"lazy\" decoding=\"async\" class=\"wp-image-366306 alignleft\" src=\"https:\/\/www.radiopiu.net\/wordpress\/wp-content\/uploads\/2023\/12\/ANTENNA.png\" alt=\"\" width=\"183\" height=\"101\" \/><\/a>LIVINALLONGO DEL COL DI LANA | INCIDENTE ALLA FUNIVIA FUNIFOR DI ARABBA, CABINA SBATTE CONTRO IL FINE CORSA<\/h3>\n<p>Momenti di paura nel tardo pomeriggio di ieri per un incidente alla funivia \u201cva e vieni\u201d Funifor di Arabba. Una cabina \u00e8 andata a sbattere contro il fine corsa della stazione di valle e l\u2019addetto presente a bordo avrebbe riportato contusioni, ma non corre alcun pericolo.<\/p><\/blockquote>\n<p>(Servizio di\u00a0<a href=\"https:\/\/antennatre.medianordest.it\/redazione\/Tiziana-Bolognani\/\">Tiziana Bolognani<\/a>)<\/p>\n<p><iframe loading=\"lazy\" title=\"INCIDENTE ALLA FUNIVIA FUNIFOR DI ARABBA, CABINA SBATTE CONTRO IL FINE CORSA | 06\/03\/2025\" width=\"1200\" height=\"675\" src=\"https:\/\/www.youtube.com\/embed\/JXWDO0i07ms?feature=oembed\" frameborder=\"0\" allow=\"accelerometer; autoplay; clipboard-write; encrypted-media; gyroscope; picture-in-picture; web-share\" referrerpolicy=\"strict-origin-when-cross-origin\" allowfullscreen><\/iframe><\/p>\n<p>&nbsp;<\/p>\n<hr \/>\n<p>&nbsp;<\/p>\n<blockquote>\n<h2>CHIUSURA TEMPORANEA DELLA GALLERIA \u201cCOMELICO\u201d LUNGO LA SS 52 \u201cCARNICA\u201d<\/h2>\n<\/blockquote>\n<p><img loading=\"lazy\" decoding=\"async\" class=\"alignleft\" src=\"https:\/\/www.radiopiu.net\/wordpress\/wp-content\/uploads\/2021\/06\/anas.png\" width=\"182\" height=\"103\" \/>\u00a0 Da oggi\u00a0 ANAS proceder\u00e0 alla chiusura temporanea della galleria \u201cComelico\u201d, situata lungo la strada statale 52 \u201cCarnica\u201d, tra Auronzo e Santo Stefano di Cadore, per consentire l&#8217;avvio di una nuova fase di lavori. La chiusura durer\u00e0 fino al 10 marzo, con una pausa notturna. \u00a0La chiusura totale, necessaria per la rimozione di un soppalco contenente strumentazione tecnologica, avverr\u00e0 <strong>dalle 6:00 di oggi alle 6:00 di luned\u00ec 10 marzo.<\/strong> Durante i lavori, saranno attivati percorsi alternativi per il traffico pesante e leggero. A partire dal 10 marzo, la galleria riaprir\u00e0 con transito diurno e chiusura notturna.<\/p>\n<p>&nbsp;<\/p>\n<p>&nbsp;<\/p>\n<hr \/>\n<blockquote>\n<h1><\/h1>\n<h1>VA PIANO! I TUTOR SONO ACCESI E ARRIVANO LE STANGATE<\/h1>\n<\/blockquote>\n<blockquote>\n<h2><em><img loading=\"lazy\" decoding=\"async\" class=\"alignleft\" src=\"https:\/\/www.radiopiu.net\/wordpress\/wp-content\/uploads\/2025\/02\/hq720.jpg\" width=\"316\" height=\"178\" \/>Lungo l&#8217;autostrada A27&#8230; quella che porta a Cortina e alle Olimpiadi, quella che e&#8217; sempre un cantiere di lavoro con lunghe code e continui disagi. Sono continue le lamentele, dei pendolari quotidiani soprattutto<\/em><\/h2>\n<\/blockquote>\n<div class=\"flex max-w-full flex-col flex-grow\">\n<div class=\"min-h-8 text-message relative flex w-full flex-col items-end gap-2 whitespace-normal break-words text-start [.text-message+&amp;]:mt-5\" dir=\"auto\" data-message-author-role=\"assistant\" data-message-id=\"3ae21f67-1466-47d9-97d9-128d8dec037c\" data-message-model-slug=\"gpt-4o-mini\">\n<div class=\"flex w-full flex-col gap-1 empty:hidden first:pt-[3px]\">\n<div class=\"markdown prose w-full break-words dark:prose-invert dark\">\n<p data-start=\"50\" data-end=\"651\" data-is-last-node=\"\" data-is-only-node=\"\">Da oggi, lungo l&#8217;autostrada A27, entrano in funzione i varchi elettronici per il controllo della velocit\u00e0 media. Posizionati in cinque tratti, faranno scattare sanzioni automatiche per chi superer\u00e0 i 130 km\/h. Il sistema &#8220;tutor 3.0&#8221; monitora la velocit\u00e0 media tra due portali, rilevando il passaggio dei veicoli e calcolando il tempo impiegato per percorrere il tratto. Se il veicolo \u00e8 troppo veloce, scatta l&#8217;infrazione. Questo sistema, introdotto nel 2005, \u00e8 considerato pi\u00f9 preciso rispetto agli autovelox, ed \u00e8 stato installato in risposta all\u2019alto numero di eccessi di velocit\u00e0 registrati in A27. Tra il 2021 e il 2024, fa sapere la polizia stradale di Treviso, sono stati rilevati quasi tremila eccessi di velocit\u00e0 in A27 da parte delle pattuglie con l&#8217;utilizzo del &#8220;trucam&#8221;, telelaser ad alta risoluzione.<\/p>\n<\/div>\n<\/div>\n<div class=\"flex max-w-full flex-col flex-grow\">\n<div class=\"min-h-8 text-message relative flex w-full flex-col items-end gap-2 whitespace-normal break-words text-start [.text-message+&amp;]:mt-5\" dir=\"auto\" data-message-author-role=\"assistant\" data-message-id=\"c78d061d-7de2-46bb-98be-b0d9b14ce960\" data-message-model-slug=\"gpt-4o-mini\">\n<div class=\"flex w-full flex-col gap-1 empty:hidden first:pt-[3px]\">\n<div class=\"markdown prose w-full break-words dark:prose-invert dark\">\n<p data-start=\"0\" data-end=\"670\" data-is-last-node=\"\" data-is-only-node=\"\"><strong>I nuovi tutor per il controllo della velocit\u00e0 media lungo l&#8217;autostrada A27 entreranno in funzione progressivamente a partire da venerd\u00ec. Tre di essi monitoreranno la direzione Nord (da Venezia a Belluno), <span style=\"color: #ff0000;\">rispettivamente tra Treviso Sud e Treviso Nord, tra Treviso Nord e l&#8217;allacciamento con la Pedemontana Veneta, e tra Vittorio Veneto e Fadalto<\/span>. Per chi scende verso Venezia, i tutor si troveranno tra<span style=\"color: #ff0000;\"> Treviso Nord e Treviso Sud, e tra Treviso Sud e l&#8217;autostrada A4.<\/span> I tutor della direzione Nord potrebbero attivarsi gi\u00e0 dal 7 marzo, mentre gli altri saranno attivi entro 10-15 giorni.<\/strong><\/p>\n<\/div>\n<\/div>\n<\/div>\n<\/div>\n<div class=\"mb-2 flex gap-3 -ml-2\" tabindex=\"0\">\n<div class=\"items-center justify-start rounded-xl p-1 flex\">\n<div class=\"flex items-center\">\n<div class=\"flex items-center pb-0\">oggi pagina speciale sul corriere delle alpi di fabio poloni<\/div>\n<\/div>\n<\/div>\n<\/div>\n<\/div>\n<\/div>\n<p><a class=\"dt-pswp-item\" href=\"https:\/\/www.radiopiu.net\/wordpress\/wp-content\/uploads\/2025\/03\/COOP1-4.png\" data-dt-img-description=\"\" data-large_image_width=\"540\" data-large_image_height=\"222\"><img loading=\"lazy\" decoding=\"async\" class=\"size-medium wp-image-438369 aligncenter\" src=\"https:\/\/www.radiopiu.net\/wordpress\/wp-content\/uploads\/2025\/03\/COOP1-4-300x123.png\" alt=\"\" width=\"300\" height=\"123\" srcset=\"https:\/\/www.radiopiu.net\/wordpress\/wp-content\/uploads\/2025\/03\/COOP1-4-300x123.png 300w, https:\/\/www.radiopiu.net\/wordpress\/wp-content\/uploads\/2025\/03\/COOP1-4.png 540w\" sizes=\"auto, (max-width: 300px) 100vw, 300px\" \/><\/a><\/p>\n<hr \/>\n<p>&nbsp;<\/p>\n<blockquote>\n<h3>DUE INTERVENTI IN AGORDINO PER IL SUEM 118<\/h3>\n<\/blockquote>\n<p><strong><a class=\"dt-pswp-item\" href=\"https:\/\/www.radiopiu.net\/wordpress\/wp-content\/uploads\/2024\/03\/salt-croce-verde-val-biois-1.jpg\" data-dt-img-description=\"\" data-large_image_width=\"2048\" data-large_image_height=\"1536\"><img loading=\"lazy\" decoding=\"async\" class=\" wp-image-380539 alignleft\" src=\"https:\/\/www.radiopiu.net\/wordpress\/wp-content\/uploads\/2024\/03\/salt-croce-verde-val-biois-1-300x225.jpg\" alt=\"\" width=\"180\" height=\"135\" srcset=\"https:\/\/www.radiopiu.net\/wordpress\/wp-content\/uploads\/2024\/03\/salt-croce-verde-val-biois-1-300x225.jpg 300w, https:\/\/www.radiopiu.net\/wordpress\/wp-content\/uploads\/2024\/03\/salt-croce-verde-val-biois-1-1024x768.jpg 1024w, https:\/\/www.radiopiu.net\/wordpress\/wp-content\/uploads\/2024\/03\/salt-croce-verde-val-biois-1-768x576.jpg 768w, https:\/\/www.radiopiu.net\/wordpress\/wp-content\/uploads\/2024\/03\/salt-croce-verde-val-biois-1-1536x1152.jpg 1536w, https:\/\/www.radiopiu.net\/wordpress\/wp-content\/uploads\/2024\/03\/salt-croce-verde-val-biois-1.jpg 2048w\" sizes=\"auto, (max-width: 180px) 100vw, 180px\" \/><\/a>REDAZIONE <\/strong>Il personale del Suem 118 al lavoro in tutta la provincia. Non solo interventi sulle piste da sci ma anche emergenze.\u00a0 Tra le operazioni pi\u00f9 rilevanti della giornata di ieri, si segnalano due episodi che hanno richiesto l\u2019intervento dell\u2019elisoccorso \u201cFalco\u201d. Il primo caso si \u00e8 verificato alle 9:50 a Falcade, dove un uomo di 79 anni residente a Belluno ha accusato un\u2019emergenza neurologica. L\u2019intervento tempestivo dei soccorritori ha permesso il trasferimento del paziente all\u2019ospedale di Belluno in codice di media gravit\u00e0. Pi\u00f9 tardi, alle 11:30, un altro intervento ha avuto luogo ad Arabba, dove una sciatrice tedesca di 65 anni ha riportato un trauma agli arti a seguito di una caduta sulle piste. Anche in questo caso, il servizio di elisoccorso ha provveduto al trasporto della donna all\u2019ospedale di Belluno.<\/p>\n<p>&nbsp;<\/p>\n<p>&nbsp;<\/p>\n<p>&nbsp;<\/p>\n<hr \/>\n<p>&nbsp;<\/p>\n<blockquote>\n<h3>INCENDIO A VALLAZZA: VIGLI DEL FUOCO AL LAVORO FINO A SERA<\/h3>\n<\/blockquote>\n<p><strong>LIVINALLONGO <\/strong>Nel pomeriggio di ieri, un incendio \u00e8 divampato nella frazione di Vallazza, nel Comune di Livinallongo del Col di Lana, facendo scattare l&#8217;allarme per i Vigili del Fuoco. Sul posto sono intervenuti i permanenti di Agordo e i volontari di Arabba, Colle Santa Lucia e Caprile. Le operazioni di spegnimento hanno coinvolto circa trenta unit\u00e0, impegnate senza sosta fino alle 20:43, quando l\u2019emergenza \u00e8 stata dichiarata sotto controllo.<\/p>\n<p><strong>IL VIDEO<\/strong><\/p>\n<div style=\"width: 848px;\" class=\"wp-video\"><video class=\"wp-video-shortcode\" id=\"video-438097-1\" width=\"848\" height=\"480\" preload=\"metadata\" controls=\"controls\"><source type=\"video\/mp4\" src=\"https:\/\/www.radiopiu.net\/wordpress\/wp-content\/uploads\/2025\/03\/WhatsApp-Video-2025-03-06-at-17.39.09.mp4?_=1\" \/><a href=\"https:\/\/www.radiopiu.net\/wordpress\/wp-content\/uploads\/2025\/03\/WhatsApp-Video-2025-03-06-at-17.39.09.mp4\">https:\/\/www.radiopiu.net\/wordpress\/wp-content\/uploads\/2025\/03\/WhatsApp-Video-2025-03-06-at-17.39.09.mp4<\/a><\/video><\/div>\n<p><strong>LE FOTO<\/strong><\/p>\n\n\t\t\t<style type='text\/css'>\n\t\t\t\t#gallery-1 {\n\t\t\t\t\tmargin: auto;\n\t\t\t\t}\n\t\t\t\t#gallery-1 .gallery-item {\n\t\t\t\t\tfloat: left;\n\t\t\t\t\tmargin-top: 10px;\n\t\t\t\t\ttext-align: center;\n\t\t\t\t\twidth: 20%;\n\t\t\t\t}\n\t\t\t\t#gallery-1 img {\n\t\t\t\t\tborder: 2px solid #cfcfcf;\n\t\t\t\t}\n\t\t\t\t#gallery-1 .gallery-caption {\n\t\t\t\t\tmargin-left: 0;\n\t\t\t\t}\n\t\t\t\t\/* see gallery_shortcode() in wp-includes\/media.php *\/\n\t\t\t<\/style>\n\t\t<div id='gallery-1' class='dt-gallery-container gallery galleryid-438097 gallery-columns-5 gallery-size-thumbnail'><dl class='gallery-item'>\n\t\t\t\t<dt class='gallery-icon portrait'>\n\t\t\t\t\t<a class=\"rollover rollover-zoom dt-pswp-item\" title=\"6ad8e36e-1be7-4b16-b17c-d894d147ca8a\" data-dt-img-description=\"\" data-large_image_width=\"1200\" data-large_image_height=\"1600\"href='https:\/\/www.radiopiu.net\/wordpress\/wp-content\/uploads\/2025\/03\/6ad8e36e-1be7-4b16-b17c-d894d147ca8a.jpg'><img loading=\"lazy\" decoding=\"async\" width=\"150\" height=\"150\" src=\"https:\/\/www.radiopiu.net\/wordpress\/wp-content\/uploads\/2025\/03\/6ad8e36e-1be7-4b16-b17c-d894d147ca8a-150x150.jpg\" class=\"attachment-thumbnail size-thumbnail\" alt=\"\" \/><\/a>\n\t\t\t\t<\/dt><\/dl><dl class='gallery-item'>\n\t\t\t\t<dt class='gallery-icon landscape'>\n\t\t\t\t\t<a class=\"rollover rollover-zoom dt-pswp-item\" title=\"6e5e08a9-1fc3-4524-9a2d-87e177b1c5d0\" data-dt-img-description=\"\" data-large_image_width=\"1600\" data-large_image_height=\"1200\"href='https:\/\/www.radiopiu.net\/wordpress\/wp-content\/uploads\/2025\/03\/6e5e08a9-1fc3-4524-9a2d-87e177b1c5d0.jpg'><img loading=\"lazy\" decoding=\"async\" width=\"150\" height=\"150\" src=\"https:\/\/www.radiopiu.net\/wordpress\/wp-content\/uploads\/2025\/03\/6e5e08a9-1fc3-4524-9a2d-87e177b1c5d0-150x150.jpg\" class=\"attachment-thumbnail size-thumbnail\" alt=\"\" \/><\/a>\n\t\t\t\t<\/dt><\/dl><dl class='gallery-item'>\n\t\t\t\t<dt class='gallery-icon landscape'>\n\t\t\t\t\t<a class=\"rollover rollover-zoom dt-pswp-item\" title=\"984071ee-8a36-4557-b664-bed4ab03c9d1\" data-dt-img-description=\"\" data-large_image_width=\"1600\" data-large_image_height=\"1200\"href='https:\/\/www.radiopiu.net\/wordpress\/wp-content\/uploads\/2025\/03\/984071ee-8a36-4557-b664-bed4ab03c9d1.jpg'><img loading=\"lazy\" decoding=\"async\" width=\"150\" height=\"150\" src=\"https:\/\/www.radiopiu.net\/wordpress\/wp-content\/uploads\/2025\/03\/984071ee-8a36-4557-b664-bed4ab03c9d1-150x150.jpg\" class=\"attachment-thumbnail size-thumbnail\" alt=\"\" \/><\/a>\n\t\t\t\t<\/dt><\/dl><dl class='gallery-item'>\n\t\t\t\t<dt class='gallery-icon landscape'>\n\t\t\t\t\t<a class=\"rollover rollover-zoom dt-pswp-item\" title=\"Senza nome\" data-dt-img-description=\"\" data-large_image_width=\"620\" data-large_image_height=\"345\"href='https:\/\/www.radiopiu.net\/wordpress\/wp-content\/uploads\/2025\/03\/Senza-nome-33.png'><img loading=\"lazy\" decoding=\"async\" width=\"150\" height=\"150\" src=\"https:\/\/www.radiopiu.net\/wordpress\/wp-content\/uploads\/2025\/03\/Senza-nome-33-150x150.png\" class=\"attachment-thumbnail size-thumbnail\" alt=\"\" \/><\/a>\n\t\t\t\t<\/dt><\/dl><dl class='gallery-item'>\n\t\t\t\t<dt class='gallery-icon portrait'>\n\t\t\t\t\t<a class=\"rollover rollover-zoom dt-pswp-item\" title=\"481714640_1049431820560134_6730324203817819892_n\" data-dt-img-description=\"\" data-large_image_width=\"450\" data-large_image_height=\"600\"href='https:\/\/www.radiopiu.net\/wordpress\/wp-content\/uploads\/2025\/03\/481714640_1049431820560134_6730324203817819892_n.jpg'><img loading=\"lazy\" decoding=\"async\" width=\"150\" height=\"150\" src=\"https:\/\/www.radiopiu.net\/wordpress\/wp-content\/uploads\/2025\/03\/481714640_1049431820560134_6730324203817819892_n-150x150.jpg\" class=\"attachment-thumbnail size-thumbnail\" alt=\"\" \/><\/a>\n\t\t\t\t<\/dt><\/dl><br style=\"clear: both\" \/><dl class='gallery-item'>\n\t\t\t\t<dt class='gallery-icon portrait'>\n\t\t\t\t\t<a class=\"rollover rollover-zoom dt-pswp-item\" title=\"483366577_1049431897226793_7809080128327003920_n\" data-dt-img-description=\"\" data-large_image_width=\"1200\" data-large_image_height=\"1600\"href='https:\/\/www.radiopiu.net\/wordpress\/wp-content\/uploads\/2025\/03\/483366577_1049431897226793_7809080128327003920_n.jpg'><img loading=\"lazy\" decoding=\"async\" width=\"150\" height=\"150\" src=\"https:\/\/www.radiopiu.net\/wordpress\/wp-content\/uploads\/2025\/03\/483366577_1049431897226793_7809080128327003920_n-150x150.jpg\" class=\"attachment-thumbnail size-thumbnail\" alt=\"\" \/><\/a>\n\t\t\t\t<\/dt><\/dl><dl class='gallery-item'>\n\t\t\t\t<dt class='gallery-icon landscape'>\n\t\t\t\t\t<a class=\"rollover rollover-zoom dt-pswp-item\" title=\"f37a4546-14cc-4cf0-951b-ada158c87ae2\" data-dt-img-description=\"\" data-large_image_width=\"1600\" data-large_image_height=\"1200\"href='https:\/\/www.radiopiu.net\/wordpress\/wp-content\/uploads\/2025\/03\/f37a4546-14cc-4cf0-951b-ada158c87ae2.jpg'><img loading=\"lazy\" decoding=\"async\" width=\"150\" height=\"150\" src=\"https:\/\/www.radiopiu.net\/wordpress\/wp-content\/uploads\/2025\/03\/f37a4546-14cc-4cf0-951b-ada158c87ae2-150x150.jpg\" class=\"attachment-thumbnail size-thumbnail\" alt=\"\" \/><\/a>\n\t\t\t\t<\/dt><\/dl><dl class='gallery-item'>\n\t\t\t\t<dt class='gallery-icon landscape'>\n\t\t\t\t\t<a class=\"rollover rollover-zoom dt-pswp-item\" title=\"01593260-c6b1-4868-b3f4-52f3ace110c0\" data-dt-img-description=\"\" data-large_image_width=\"1600\" data-large_image_height=\"1200\"href='https:\/\/www.radiopiu.net\/wordpress\/wp-content\/uploads\/2025\/03\/01593260-c6b1-4868-b3f4-52f3ace110c0.jpg'><img loading=\"lazy\" decoding=\"async\" width=\"150\" height=\"150\" src=\"https:\/\/www.radiopiu.net\/wordpress\/wp-content\/uploads\/2025\/03\/01593260-c6b1-4868-b3f4-52f3ace110c0-150x150.jpg\" class=\"attachment-thumbnail size-thumbnail\" alt=\"\" \/><\/a>\n\t\t\t\t<\/dt><\/dl><dl class='gallery-item'>\n\t\t\t\t<dt class='gallery-icon portrait'>\n\t\t\t\t\t<a class=\"rollover rollover-zoom dt-pswp-item\" title=\"483508588_1049431947226788_2569342479361498626_n\" data-dt-img-description=\"\" data-large_image_width=\"1200\" data-large_image_height=\"1600\"href='https:\/\/www.radiopiu.net\/wordpress\/wp-content\/uploads\/2025\/03\/483508588_1049431947226788_2569342479361498626_n.jpg'><img loading=\"lazy\" decoding=\"async\" width=\"150\" height=\"150\" src=\"https:\/\/www.radiopiu.net\/wordpress\/wp-content\/uploads\/2025\/03\/483508588_1049431947226788_2569342479361498626_n-150x150.jpg\" class=\"attachment-thumbnail size-thumbnail\" alt=\"\" \/><\/a>\n\t\t\t\t<\/dt><\/dl>\n\t\t\t\t<br style='clear: both' \/>\n\t\t\t<\/div>\n\n<p>&nbsp;<\/p>\n<hr \/>\n<p>&nbsp;<\/p>\n<blockquote>\n<h3><a class=\"dt-pswp-item\" href=\"https:\/\/www.radiopiu.net\/wordpress\/wp-content\/uploads\/2025\/03\/image00001-scaled.jpeg\" data-dt-img-description=\"\" data-large_image_width=\"2560\" data-large_image_height=\"1920\"><img loading=\"lazy\" decoding=\"async\" class=\"size-medium wp-image-438211 alignleft\" src=\"https:\/\/www.radiopiu.net\/wordpress\/wp-content\/uploads\/2025\/03\/image00001-300x225.jpeg\" alt=\"\" width=\"300\" height=\"225\" srcset=\"https:\/\/www.radiopiu.net\/wordpress\/wp-content\/uploads\/2025\/03\/image00001-300x225.jpeg 300w, https:\/\/www.radiopiu.net\/wordpress\/wp-content\/uploads\/2025\/03\/image00001-1024x768.jpeg 1024w, https:\/\/www.radiopiu.net\/wordpress\/wp-content\/uploads\/2025\/03\/image00001-768x576.jpeg 768w, https:\/\/www.radiopiu.net\/wordpress\/wp-content\/uploads\/2025\/03\/image00001-1536x1152.jpeg 1536w, https:\/\/www.radiopiu.net\/wordpress\/wp-content\/uploads\/2025\/03\/image00001-2048x1536.jpeg 2048w\" sizes=\"auto, (max-width: 300px) 100vw, 300px\" \/><\/a>INAUGURATO IL GIARDINO DEI GIUSTI A BELLUNO<\/h3>\n<\/blockquote>\n<p><strong>BELLUNO<\/strong> inaugurato a Belluno, in Via del Piave, il Giardino dei Giusti del Mondo. Qui ogni anno verranno ricordate personalit\u00e0 che hanno rischiato o perso la vita per difendere i pi\u00f9 deboli.<\/p>\n<p>&nbsp;<\/p>\n<p><strong>GLI INTERVENTI<\/strong><\/p>\n<p>&nbsp;<\/p>\n<p>&nbsp;<\/p>\n<p><strong>FRANCESCA JACOBELLIS, COMITATO SCIENTIFICO<\/strong><\/p>\n<audio class=\"wp-audio-shortcode\" id=\"audio-438097-8\" preload=\"none\" style=\"width: 100%;\" controls=\"controls\"><source type=\"audio\/mpeg\" src=\"https:\/\/www.radiopiu.net\/wordpress\/wp-content\/uploads\/2025\/03\/Francesca-Jacobellis-referente-Comitato-Scientifico-1.mp3?_=8\" \/><a href=\"https:\/\/www.radiopiu.net\/wordpress\/wp-content\/uploads\/2025\/03\/Francesca-Jacobellis-referente-Comitato-Scientifico-1.mp3\">https:\/\/www.radiopiu.net\/wordpress\/wp-content\/uploads\/2025\/03\/Francesca-Jacobellis-referente-Comitato-Scientifico-1.mp3<\/a><\/audio>\n<p><strong>SINDACO OSCAR DE PELLEGRIN<\/strong><\/p>\n<audio class=\"wp-audio-shortcode\" id=\"audio-438097-9\" preload=\"none\" style=\"width: 100%;\" controls=\"controls\"><source type=\"audio\/mpeg\" src=\"https:\/\/www.radiopiu.net\/wordpress\/wp-content\/uploads\/2025\/03\/Sindaco-su-Giardino-dei-Giusti.mp3?_=9\" \/><a href=\"https:\/\/www.radiopiu.net\/wordpress\/wp-content\/uploads\/2025\/03\/Sindaco-su-Giardino-dei-Giusti.mp3\">https:\/\/www.radiopiu.net\/wordpress\/wp-content\/uploads\/2025\/03\/Sindaco-su-Giardino-dei-Giusti.mp3<\/a><\/audio>\n<p>&nbsp;<\/p>\n<p>&nbsp;<\/p>\n<hr \/>\n<p>&nbsp;<\/p>\n<blockquote>\n<h3>AUMENTO DEI COSTI, LA PROVINCIA RINUNCIA A DUE FINANZIAMENTI DEL FCC<\/h3>\n<\/blockquote>\n<p><strong><a class=\"dt-pswp-item\" href=\"https:\/\/www.radiopiu.net\/wordpress\/wp-content\/uploads\/2020\/06\/palazzo_piloni_belluno.jpg\" data-dt-img-description=\"\" data-large_image_width=\"1000\" data-large_image_height=\"667\"><img loading=\"lazy\" decoding=\"async\" class=\" wp-image-144771 alignleft\" src=\"https:\/\/www.radiopiu.net\/wordpress\/wp-content\/uploads\/2020\/06\/palazzo_piloni_belluno-300x200.jpg\" alt=\"\" width=\"191\" height=\"127\" srcset=\"https:\/\/www.radiopiu.net\/wordpress\/wp-content\/uploads\/2020\/06\/palazzo_piloni_belluno-300x200.jpg 300w, https:\/\/www.radiopiu.net\/wordpress\/wp-content\/uploads\/2020\/06\/palazzo_piloni_belluno-768x512.jpg 768w, https:\/\/www.radiopiu.net\/wordpress\/wp-content\/uploads\/2020\/06\/palazzo_piloni_belluno.jpg 1000w\" sizes=\"auto, (max-width: 191px) 100vw, 191px\" \/><\/a>BELLUNO<\/strong> La Provincia di Belluno rinuncia a 8,5 milioni di euro di finanziamento del Fondo dei Comuni Confinanti per due progetti, a Lamon e a Cortina per l&#8217;aumento dei costi delle opere; intanto, per il 2025 vengono messi a disposizione 2 milioni di euro per le Unioni Montane.<\/p>\n<p><strong>DI DANIELE DALVIT<\/strong><\/p>\n<audio class=\"wp-audio-shortcode\" id=\"audio-438097-10\" preload=\"none\" style=\"width: 100%;\" controls=\"controls\"><source type=\"audio\/mpeg\" src=\"https:\/\/www.radiopiu.net\/wordpress\/wp-content\/uploads\/2025\/03\/Servizio-Consiglio-provinciale-UM-e-rinuncia-FCC.mp3?_=10\" \/><a href=\"https:\/\/www.radiopiu.net\/wordpress\/wp-content\/uploads\/2025\/03\/Servizio-Consiglio-provinciale-UM-e-rinuncia-FCC.mp3\">https:\/\/www.radiopiu.net\/wordpress\/wp-content\/uploads\/2025\/03\/Servizio-Consiglio-provinciale-UM-e-rinuncia-FCC.mp3<\/a><\/audio>\n<p>&nbsp;<\/p>\n<p>&nbsp;<\/p>\n<hr \/>\n<p>&nbsp;<\/p>\n<h1 data-start=\"0\" data-end=\"51\"><strong data-start=\"0\" data-end=\"49\">ILLUMINATO DA UN&#8217;AUTO FUGGE NEL BUIO<\/strong><\/h1>\n<p>&nbsp;<\/p>\n<p><strong><img decoding=\"async\" class=\"alignleft\" src=\"https:\/\/www.radiopiu.net\/wordpress\/wp-content\/uploads\/2025\/03\/download-5.jpg\" \/>LAMON<\/strong>\u00a0 sebbene nel fine settimana non siano stati segnalati furti, resta alta l\u2019attenzione sui movimenti sospetti. Domenica sera, un automobilista ha sorpreso un uomo accovacciato tra una siepe e una staccionata. Illuminato dai fari, il sospetto si \u00e8 dato alla fuga.<\/p>\n<p>I residenti intensificano la videosorveglianza, mentre i carabinieri aumentano i controlli.<\/p>\n<p>&nbsp;<\/p>\n<blockquote>\n<h1 data-start=\"0\" data-end=\"49\"><strong data-start=\"0\" data-end=\"47\">L&#8217;attenzione dei residenti della Cittadella<\/strong><\/h1>\n<\/blockquote>\n<p data-start=\"51\" data-end=\"581\" data-is-last-node=\"\" data-is-only-node=\"\"><strong>FELTRE<\/strong> I residenti della Cittadella mantengono alta l\u2019attenzione, segnalando disservizi e situazioni sospette sia tra loro che agli uffici comunali. Sabato scorso, un cittadino di piazza Odoardi ha denunciato lo sfondamento del portone di casa da parte di ignoti. L\u2019episodio, senza conferme su furti, \u00e8 stato segnalato ai carabinieri di Feltre. Intanto, in via Paradiso, \u00e8 stato rimosso un cestino per deiezioni canine, forse abbattuto accidentalmente da un\u2019auto. La manutenzione comunale \u00e8 intervenuta per la riparazione o sostituzione.<\/p>\n<p>&nbsp;<\/p>\n<p>&nbsp;<\/p>\n<p>&nbsp;<\/p>\n<hr \/>\n<p>&nbsp;<\/p>\n<p>oggi la giudiziaria<br \/>\ndal corriere delle alpi. sintesi gigi sosso<\/p>\n<p>&nbsp;<\/p>\n<blockquote>\n<h2><strong data-start=\"0\" data-end=\"60\">VALANGA: PROSCIOLTI TRE SCIATORI FRANCESI<\/strong><\/h2>\n<\/blockquote>\n<p data-start=\"0\" data-end=\"62\"><strong data-start=\"0\" data-end=\"60\">LIVINALLONGO<br data-start=\"14\" data-end=\"17\" data-is-only-node=\"\" \/><\/strong>Dopo 15 anni, il tribunale ha prosciolto tre sciatori francesi accusati di aver causato una valanga. Il reato \u00e8 ormai prescritto. La condanna iniziale era stata annullata dalla Cassazione. La difesa aveva sostenuto che la slavina non fosse pericolosa. Il procedimento si \u00e8 chiuso senza responsabilit\u00e0 riconosciute.<\/p>\n<p>&nbsp;<\/p>\n<hr \/>\n<p>&nbsp;<\/p>\n<p>&nbsp;<\/p>\n<blockquote>\n<h1 data-start=\"0\" data-end=\"74\"><strong data-start=\"0\" data-end=\"74\">Protocollo d\u2019Intenti sul Tema \u201cAbitare\u201d: La Posizione di SUNIA Belluno<\/strong><\/h1>\n<p data-start=\"76\" data-end=\"400\"><a class=\"dt-pswp-item\" href=\"https:\/\/www.radiopiu.net\/wordpress\/wp-content\/uploads\/2025\/03\/Senza-nome-35.png\" data-dt-img-description=\"\" data-large_image_width=\"194\" data-large_image_height=\"198\"><img loading=\"lazy\" decoding=\"async\" class=\"size-full wp-image-438384 alignleft\" src=\"https:\/\/www.radiopiu.net\/wordpress\/wp-content\/uploads\/2025\/03\/Senza-nome-35.png\" alt=\"\" width=\"194\" height=\"198\" \/><\/a><strong>BELLUNO\u00a0<\/strong> Oggi, il Comune di Belluno, insieme a varie Associazioni e Corporazioni, sottoscriver\u00e0 un Protocollo d\u2019Intenti incentrato sul tema \u201cAbitare\u201d. L\u2019amministrazione comunale, seppur in ritardo, ha deciso di coinvolgere le parti sociali per l\u2019adesione a un documento gi\u00e0 definito, senza alcuna previa discussione inclusiva.<\/p>\n<\/blockquote>\n<p data-start=\"402\" data-end=\"925\">Il SUNIA Belluno, il Sindacato Unitario Nazionale Inquilini e Affidatari, ha espresso il suo disappunto per non essere stato invitato alle discussioni che, per ben due anni, hanno preceduto questa iniziativa. Nonostante ci\u00f2, il sindacato ha sollevato importanti preoccupazioni in merito alla scarsit\u00e0 di abitazioni destinate alla locazione, sollecitando una serie di interventi tra cui l\u2019incentivazione dell\u2019uso di seconde case e la creazione di un fondo di garanzia per giovani e coppie nell\u2019accesso alla prima locazione.<\/p>\n<p data-start=\"927\" data-end=\"1310\" data-is-last-node=\"\" data-is-only-node=\"\">L\u2019incontro del 3 marzo con l\u2019Amministrazione ha visto il SUNIA ribadire il suo impegno a collaborare per trovare soluzioni alla difficile situazione abitativa, pur chiedendo che ogni attore sociale sia partecipe senza precondizioni o esclusioni. In futuro, il sindacato auspica un dialogo aperto con tutti i soggetti coinvolti, al fine di lavorare su proposte concrete per l\u2019abitare. Mauro De Carli del Sunia: &#8221; <span style=\"color: #000000;\"><em>Voglia l\u2019Amministrazione Comunale, da qui in avanti, convocare chiunque abbia rappresentanza e proposte da portare al tavolo e Sunia sar\u00e0 ben contento di esserci e contribuire, senza porre o avere obblighi di \u201cforche caudine\u201d alla partecipazione di altri soggetti titolati alla discussione e al lavoro, modalit\u00e0 di per se\u2019 ostativa al raggiungimento di qualsiasi obiettivo ci si possa porre, poiche\u2019 di ostacolo al confronto paritario tra tutti&#8221;.<\/em><\/span><\/p>\n<p>&nbsp;<\/p>\n<p>&nbsp;<\/p>\n<hr \/>\n<p>&nbsp;<\/p>\n<blockquote>\n<h3>SICUREZZA SUL LAVORO: LA REGIONE APPROVA IL PIANO CON OLTRE 16 MILIONI DI EURO<\/h3>\n<\/blockquote>\n<p><strong><a class=\"dt-pswp-item\" href=\"https:\/\/www.radiopiu.net\/wordpress\/wp-content\/uploads\/2021\/10\/consulenza-formazione-sicurezza-sul-lavoro-4.jpg\" data-dt-img-description=\"\" data-large_image_width=\"600\" data-large_image_height=\"450\"><img loading=\"lazy\" decoding=\"async\" class=\" wp-image-237753 alignleft\" src=\"https:\/\/www.radiopiu.net\/wordpress\/wp-content\/uploads\/2021\/10\/consulenza-formazione-sicurezza-sul-lavoro-4-300x225.jpg\" alt=\"\" width=\"136\" height=\"102\" srcset=\"https:\/\/www.radiopiu.net\/wordpress\/wp-content\/uploads\/2021\/10\/consulenza-formazione-sicurezza-sul-lavoro-4-300x225.jpg 300w, https:\/\/www.radiopiu.net\/wordpress\/wp-content\/uploads\/2021\/10\/consulenza-formazione-sicurezza-sul-lavoro-4.jpg 600w\" sizes=\"auto, (max-width: 136px) 100vw, 136px\" \/><\/a>VENEZIA<\/strong> L\u2019Assessore Manuela Lanzarin smentisce le polemiche sull\u2019approvazione del Piano Strategico per la Salute e Sicurezza sul Lavoro, confermando che \u00e8 stato approvato all\u2019unanimit\u00e0 dalla Giunta. Il Piano 2025-2027 prevede un budget di oltre 16 milioni di euro e introduce l\u2019area \u201cequit\u00e0\u201d tra le nove aree d\u2019intervento. Le azioni previste saranno monitorate periodicamente e valutate per l\u2019impatto sulla sicurezza. \u00c8 previsto un incremento minimo del 10% del personale SPISAL e sono stati indetti concorsi per nuovi assunti. Il Piano include finanziamenti per progetti di sicurezza, il rafforzamento della prevenzione su agenti cancerogeni e sostanze chimiche pericolose, e l\u2019analisi dei rischi legati ai PFAS.<\/p>\n<p>&nbsp;<\/p>\n<p>&nbsp;<\/p>\n<hr \/>\n<p>&nbsp;<\/p>\n<blockquote>\n<h3 data-start=\"0\" data-end=\"160\"><strong data-start=\"0\" data-end=\"160\">LA FAMIGLIA BELLUNESE DEL NORD RENO WESTFALIA ALLA ITB BERLIN: UN SUCCESSO PER IL VENETO E I SUOI &#8220;SPAGHETTI EIS&#8221; CON LA VISITA DELLA MINISTRA ON. SANTANCH\u00c8<\/strong><\/h3>\n<\/blockquote>\n<p data-start=\"162\" data-end=\"728\" data-is-last-node=\"\" data-is-only-node=\"\">La Famiglia Bellunese del Nord Reno Westfalia\u00a0 alla ITB Berlin, fiera turistica mondiale, ha portato il meglio del Veneto. Il protagonista \u00e8 stato lo \u201cspaghetti eis\u201d, gelato tipico, che ha attirato lunghe code e oltre mille porzioni servite. Un momento di rilievo \u00e8 stato l\u2019incontro con la Ministra del Turismo, On. Santanch\u00e8, che ha visitato il laboratorio e apprezzato il gelato. La partecipazione ha rafforzato la visibilit\u00e0 internazionale della gastronomia e cultura veneta, grazie anche all\u2019impegno della squadra, guidata da Riccardo Simonetti.<\/p>\n\n\t\t\t<style type='text\/css'>\n\t\t\t\t#gallery-2 {\n\t\t\t\t\tmargin: auto;\n\t\t\t\t}\n\t\t\t\t#gallery-2 .gallery-item {\n\t\t\t\t\tfloat: left;\n\t\t\t\t\tmargin-top: 10px;\n\t\t\t\t\ttext-align: center;\n\t\t\t\t\twidth: 50%;\n\t\t\t\t}\n\t\t\t\t#gallery-2 img {\n\t\t\t\t\tborder: 2px solid #cfcfcf;\n\t\t\t\t}\n\t\t\t\t#gallery-2 .gallery-caption {\n\t\t\t\t\tmargin-left: 0;\n\t\t\t\t}\n\t\t\t\t\/* see gallery_shortcode() in wp-includes\/media.php *\/\n\t\t\t<\/style>\n\t\t<div id='gallery-2' class='dt-gallery-container gallery galleryid-438097 gallery-columns-2 gallery-size-thumbnail'><dl class='gallery-item'>\n\t\t\t\t<dt class='gallery-icon portrait'>\n\t\t\t\t\t<a class=\"rollover rollover-zoom dt-pswp-item\" title=\"gelatieri_santanche\" data-dt-img-description=\"\" data-large_image_width=\"1536\" data-large_image_height=\"2048\"href='https:\/\/www.radiopiu.net\/wordpress\/wp-content\/uploads\/2025\/03\/gelatieri_santanche.jpg'><img loading=\"lazy\" decoding=\"async\" width=\"150\" height=\"150\" src=\"https:\/\/www.radiopiu.net\/wordpress\/wp-content\/uploads\/2025\/03\/gelatieri_santanche-150x150.jpg\" class=\"attachment-thumbnail size-thumbnail\" alt=\"\" \/><\/a>\n\t\t\t\t<\/dt><\/dl><dl class='gallery-item'>\n\t\t\t\t<dt class='gallery-icon landscape'>\n\t\t\t\t\t<a class=\"rollover rollover-zoom dt-pswp-item\" title=\"gelatieri_berlino_abm\" data-dt-img-description=\"\" data-large_image_width=\"1280\" data-large_image_height=\"640\"href='https:\/\/www.radiopiu.net\/wordpress\/wp-content\/uploads\/2025\/03\/gelatieri_berlino_abm.jpg'><img loading=\"lazy\" decoding=\"async\" width=\"150\" height=\"150\" src=\"https:\/\/www.radiopiu.net\/wordpress\/wp-content\/uploads\/2025\/03\/gelatieri_berlino_abm-150x150.jpg\" class=\"attachment-thumbnail size-thumbnail\" alt=\"\" \/><\/a>\n\t\t\t\t<\/dt><\/dl><br style=\"clear: both\" \/>\n\t\t\t<\/div>\n\n<p>&nbsp;<\/p>\n<hr \/>\n<p>&nbsp;<\/p>\n<blockquote>\n<p data-start=\"0\" data-end=\"99\"><strong data-start=\"0\" data-end=\"99\"><a class=\"dt-pswp-item\" href=\"https:\/\/www.radiopiu.net\/wordpress\/wp-content\/uploads\/2025\/03\/Rui-de-la-Crose-2.jpg\" data-dt-img-description=\"\" data-large_image_width=\"2000\" data-large_image_height=\"1500\"><img loading=\"lazy\" decoding=\"async\" class=\"wp-image-438235 alignleft\" src=\"https:\/\/www.radiopiu.net\/wordpress\/wp-content\/uploads\/2025\/03\/Rui-de-la-Crose-2-300x225.jpg\" alt=\"\" width=\"166\" height=\"124\" srcset=\"https:\/\/www.radiopiu.net\/wordpress\/wp-content\/uploads\/2025\/03\/Rui-de-la-Crose-2-300x225.jpg 300w, https:\/\/www.radiopiu.net\/wordpress\/wp-content\/uploads\/2025\/03\/Rui-de-la-Crose-2-1024x768.jpg 1024w, https:\/\/www.radiopiu.net\/wordpress\/wp-content\/uploads\/2025\/03\/Rui-de-la-Crose-2-768x576.jpg 768w, https:\/\/www.radiopiu.net\/wordpress\/wp-content\/uploads\/2025\/03\/Rui-de-la-Crose-2-1536x1152.jpg 1536w, https:\/\/www.radiopiu.net\/wordpress\/wp-content\/uploads\/2025\/03\/Rui-de-la-Crose-2.jpg 2000w\" sizes=\"auto, (max-width: 166px) 100vw, 166px\" \/><\/a>RIPARTITI I LAVORI SUL RUI DE LA CROSE: COSTRUZIONE DEL NUOVO PONTE E SISTEMAZIONE DEL CANALONE<\/strong><\/p>\n<\/blockquote>\n<div class=\"flex max-w-full flex-col flex-grow\">\n<div class=\"min-h-8 text-message relative flex w-full flex-col items-end gap-2 whitespace-normal break-words text-start [.text-message+&amp;]:mt-5\" dir=\"auto\" data-message-author-role=\"assistant\" data-message-id=\"7b77c76a-4e35-4ff5-9034-bd7d4c346dc5\" data-message-model-slug=\"gpt-4o-mini\">\n<div class=\"flex w-full flex-col gap-1 empty:hidden first:pt-[3px]\">\n<div class=\"markdown prose w-full break-words dark:prose-invert dark\">\n<p data-start=\"101\" data-end=\"444\" data-is-last-node=\"\" data-is-only-node=\"\"><strong>LONGARONE <\/strong>Sono ripartiti i lavori sul Rui de la Crose, a Longarone, per costruire un nuovo ponte e sistemare il canalone, con un investimento di circa 4 milioni di euro finanziato dai fondi Vaia. L&#8217;intervento mira a migliorare la sicurezza viaria, prevenendo il rischio di colate detritiche. I lavori si concluderanno entro la fine dell&#8217;anno<\/p>\n<\/div>\n<\/div>\n<\/div>\n<\/div>\n<div class=\"mb-2 flex gap-3 -ml-2\" tabindex=\"0\">\n<div class=\"items-center justify-start rounded-xl p-1 flex\"><\/div>\n<\/div>\n<p>&nbsp;<\/p>\n<hr \/>\n<p><strong>\u00a0 \u00a0<\/strong><\/p>\n<div class=\"flex max-w-full flex-col flex-grow\">\n<div class=\"min-h-8 text-message relative flex w-full flex-col items-end gap-2 whitespace-normal break-words text-start [.text-message+&amp;]:mt-5\" dir=\"auto\" data-message-author-role=\"assistant\" data-message-id=\"974aaeb0-e4eb-4ca1-9fa9-edfbac8627b5\" data-message-model-slug=\"gpt-4o-mini\">\n<div class=\"flex w-full flex-col gap-1 empty:hidden first:pt-[3px]\">\n<div class=\"markdown prose w-full break-words dark:prose-invert dark\">\n<blockquote>\n<p data-start=\"0\" data-end=\"89\"><strong data-start=\"0\" data-end=\"89\">UIL VENETO PRESENTA IL PROGETTO CONTRO IL BULLISMO: APPUNTAMENTO A BELLUNO\u00a0<\/strong><\/p>\n<\/blockquote>\n<h3 data-start=\"0\" data-end=\"87\"><strong style=\"font-size: 14px;\">BELLUNO<\/strong><span style=\"font-size: 14px; font-weight: normal;\"> Oggi, alle 11.00, la Uil Veneto presenta a Belluno il progetto \u201cGame over al Bullismo\u201d nella sala Luciani del Centro Giovanni XXIII. L&#8217;iniziativa mira a sensibilizzare contro il bullismo, con la partecipazione del segretario Roberto Toigo. <\/span><span style=\"font-size: 14px; font-weight: normal;\">Il progetto \u201c<\/span><i style=\"font-size: 14px; font-weight: normal;\">Game over al Bullismo<\/i><span style=\"font-size: 14px; font-weight: normal;\">\u201d ha l\u2019obiettivo di sensibilizzare e risvegliare le coscienze su un argomento che oggi fa discutere e su cui non si deve abbassare la guardia.<\/span><\/h3>\n<p>&nbsp;<\/p>\n<\/div>\n<\/div>\n<\/div>\n<\/div>\n<hr \/>\n<p>&nbsp;<\/p>\n<blockquote>\n<h3>MENO DI UN ANNO ALLE PARALIMPIADI 2026<\/h3>\n<\/blockquote>\n<p><strong><a class=\"dt-pswp-item\" href=\"https:\/\/www.radiopiu.net\/wordpress\/wp-content\/uploads\/2025\/03\/KLJDGOAYOUY.jpeg\" data-dt-img-description=\"\" data-large_image_width=\"1536\" data-large_image_height=\"934\"><img loading=\"lazy\" decoding=\"async\" class=\" wp-image-438271 alignleft\" src=\"https:\/\/www.radiopiu.net\/wordpress\/wp-content\/uploads\/2025\/03\/KLJDGOAYOUY-300x182.jpeg\" alt=\"\" width=\"168\" height=\"102\" srcset=\"https:\/\/www.radiopiu.net\/wordpress\/wp-content\/uploads\/2025\/03\/KLJDGOAYOUY-300x182.jpeg 300w, https:\/\/www.radiopiu.net\/wordpress\/wp-content\/uploads\/2025\/03\/KLJDGOAYOUY-1024x623.jpeg 1024w, https:\/\/www.radiopiu.net\/wordpress\/wp-content\/uploads\/2025\/03\/KLJDGOAYOUY-768x467.jpeg 768w, https:\/\/www.radiopiu.net\/wordpress\/wp-content\/uploads\/2025\/03\/KLJDGOAYOUY.jpeg 1536w\" sizes=\"auto, (max-width: 168px) 100vw, 168px\" \/><\/a>BELLUNO<\/strong> Il presidente della Provincia di Belluno, Roberto Padrin, vede nelle Paralimpiadi 2026 un\u2019opportunit\u00e0 per migliorare l\u2019accessibilit\u00e0 e promuovere una vera inclusione. Durante un evento a Cortina, insieme al ministro dello sport Andrea Abodi e al presidente del Comitato paralimpico Luca Pancalli, ha sottolineato l\u2019importanza di andare oltre gli stereotipi. Citando il campione paralimpico Ren\u00e9 De Silvestro, Pancalli ha ricordato che una sedia a rotelle \u00e8 solo un mezzo di trasporto, non un limite. Padrin ha ribadito che, oltre ai disagi dei cantieri, \u00e8 essenziale cogliere le opportunit\u00e0 offerte dai Giochi per costruire un futuro pi\u00f9 accessibile.<\/p>\n<p>&nbsp;<\/p>\n<p>&nbsp;<\/p>\n<hr \/>\n<p>&nbsp;<\/p>\n<blockquote>\n<h3>IL PROGETTO GENERAZIONE2026 ARRIVA IN PROVINCIA DI TREVISO<\/h3>\n<\/blockquote>\n<p><strong><a class=\"dt-pswp-item\" href=\"https:\/\/www.radiopiu.net\/wordpress\/wp-content\/uploads\/2025\/03\/GenerAZIONE2026-IcCasteller-POzza.jpg\" data-dt-img-description=\"\" data-large_image_width=\"1280\" data-large_image_height=\"720\"><img loading=\"lazy\" decoding=\"async\" class=\" wp-image-438272 alignleft\" src=\"https:\/\/www.radiopiu.net\/wordpress\/wp-content\/uploads\/2025\/03\/GenerAZIONE2026-IcCasteller-POzza-300x169.jpg\" alt=\"\" width=\"208\" height=\"117\" srcset=\"https:\/\/www.radiopiu.net\/wordpress\/wp-content\/uploads\/2025\/03\/GenerAZIONE2026-IcCasteller-POzza-300x169.jpg 300w, https:\/\/www.radiopiu.net\/wordpress\/wp-content\/uploads\/2025\/03\/GenerAZIONE2026-IcCasteller-POzza-1024x576.jpg 1024w, https:\/\/www.radiopiu.net\/wordpress\/wp-content\/uploads\/2025\/03\/GenerAZIONE2026-IcCasteller-POzza-768x432.jpg 768w, https:\/\/www.radiopiu.net\/wordpress\/wp-content\/uploads\/2025\/03\/GenerAZIONE2026-IcCasteller-POzza.jpg 1280w\" sizes=\"auto, (max-width: 208px) 100vw, 208px\" \/><\/a>PAESE (TV)<\/strong> Il progetto GenerAZIONE2026, attivo da quattro anni, accompagna gli studenti alla scoperta dei valori olimpici e paralimpici, promuovendo comunit\u00e0, etica, sostenibilit\u00e0 e innovazione. Durante le lezioni in classe, alla presenza di importanti rappresentanti istituzionali, \u00e8 stato sottolineato il valore educativo dello sport. Il presidente della Camera di Commercio di Treviso-Belluno, Mario Pozza, ha evidenziato l&#8217;importanza del percorso formativo, che aiuta i giovani a crescere e ad aprirsi a nuove opportunit\u00e0. Il Prof. Franco Ascani ha parlato dello sport come movimento globale, mentre il dirigente Alessandro Petten\u00e0 ha ribadito il suo ruolo educativo. Il progetto, ora esteso a Verona e Milano, mira a lasciare un\u2019eredit\u00e0 duratura, contribuendo a costruire una societ\u00e0 migliore per le future generazioni.<\/p>\n<p>&nbsp;<\/p>\n<p>&nbsp;<\/p>\n<hr \/>\n<p>&nbsp;<\/p>\n<blockquote>\n<h3>UN ESERCITO SILENZIOSO AL SERVIZIO DELL&#8217;OSPEDALE DI AGORDO: LA DITTA EUROPROMOS E LA CURA DEI DETTAGLI<\/h3>\n<\/blockquote>\n<p><strong>AGORDO<\/strong><\/p>\n<p data-start=\"109\" data-end=\"487\">Il loro colore distintivo \u00e8 il rosso bordeaux, e sono sempre presenti nei corridoi, tra i reparti, le scale e gli ascensori dell&#8217;ospedale di Agordo. Si tratta di un gruppo di professionisti, uomini e donne che ogni giorno contribuiscono in modo fondamentale alla pulizia e all&#8217;igiene della struttura, mantenendo alti gli standard di sicurezza e comfort per pazienti e personale. Questi operatori, che da sempre svolgono il loro lavoro con grande impegno, sono diventati un simbolo di efficienza e discrezione. Il loro compito? Garantire che ogni angolo dell&#8217;ospedale Papa Luciani sia pulito e sanificato. E non si tratta solo di una pulizia superficiale, ma di un lavoro che ha raggiunto livelli &#8220;maniacali&#8221; di attenzione, soprattutto nei periodi pi\u00f9 critici come durante l&#8217;emergenza Covid-19. Ogni giorno, con puntualit\u00e0 e dedizione, i membri di questo &#8220;esercito silenzioso&#8221; svolgono il loro lavoro dietro le quinte, senza mai cercare riflettori, ma con l&#8217;obiettivo chiaro di fare in modo che il Papa Luciani continui a essere un luogo sicuro e pulito per chi vi entra. Il ringraziamento va innanzitutto a chi coordina questa importante operazione: la ditta <strong>Euro&amp;Promos<\/strong>, con referente Lorena Destro. Una realt\u00e0 che si \u00e8 distinta non solo per l&#8217;alta qualit\u00e0 dei servizi, ma anche per la cura e la passione con cui ogni giorno contribuisce al buon funzionamento dell&#8217;ospedale di Agordo, un luogo di cura e speranza per molti. In un mondo sempre pi\u00f9 frenetico e spesso distratto, la pulizia e l&#8217;igiene degli ambienti ospedalieri sono aspetti fondamentali che meritano di essere riconosciuti e valorizzati. Un grazie a chi lavora dietro le quinte, con impegno e discrezione, per garantire il benessere di tutti.<br \/>\nmirko mezzacasa<\/p>\n<p><strong>FACEBOOK<span style=\"color: #0000ff;\"><a style=\"color: #0000ff;\" href=\"https:\/\/www.facebook.com\/WeAreEuroPromos\">CLICCA QUI<\/a><\/span><\/strong><\/p>\n\n\t\t\t<style type='text\/css'>\n\t\t\t\t#gallery-3 {\n\t\t\t\t\tmargin: auto;\n\t\t\t\t}\n\t\t\t\t#gallery-3 .gallery-item {\n\t\t\t\t\tfloat: left;\n\t\t\t\t\tmargin-top: 10px;\n\t\t\t\t\ttext-align: center;\n\t\t\t\t\twidth: 20%;\n\t\t\t\t}\n\t\t\t\t#gallery-3 img {\n\t\t\t\t\tborder: 2px solid #cfcfcf;\n\t\t\t\t}\n\t\t\t\t#gallery-3 .gallery-caption {\n\t\t\t\t\tmargin-left: 0;\n\t\t\t\t}\n\t\t\t\t\/* see gallery_shortcode() in wp-includes\/media.php *\/\n\t\t\t<\/style>\n\t\t<div id='gallery-3' class='dt-gallery-container gallery galleryid-438097 gallery-columns-5 gallery-size-thumbnail'><dl class='gallery-item'>\n\t\t\t\t<dt class='gallery-icon portrait'>\n\t\t\t\t\t<a class=\"rollover rollover-zoom dt-pswp-item\" title=\"fe1b405b-fcd4-44dc-abba-82a23d006fc3\" data-dt-img-description=\"\" data-large_image_width=\"1200\" data-large_image_height=\"1600\"href='https:\/\/www.radiopiu.net\/wordpress\/wp-content\/uploads\/2025\/03\/fe1b405b-fcd4-44dc-abba-82a23d006fc3.jpg'><img loading=\"lazy\" decoding=\"async\" width=\"150\" height=\"150\" src=\"https:\/\/www.radiopiu.net\/wordpress\/wp-content\/uploads\/2025\/03\/fe1b405b-fcd4-44dc-abba-82a23d006fc3-150x150.jpg\" class=\"attachment-thumbnail size-thumbnail\" alt=\"\" \/><\/a>\n\t\t\t\t<\/dt><\/dl><dl class='gallery-item'>\n\t\t\t\t<dt class='gallery-icon landscape'>\n\t\t\t\t\t<a class=\"rollover rollover-zoom dt-pswp-item\" title=\"Senza nome\" data-dt-img-description=\"\" data-large_image_width=\"410\" data-large_image_height=\"295\"href='https:\/\/www.radiopiu.net\/wordpress\/wp-content\/uploads\/2025\/03\/Senza-nome-27.png'><img loading=\"lazy\" decoding=\"async\" width=\"150\" height=\"150\" src=\"https:\/\/www.radiopiu.net\/wordpress\/wp-content\/uploads\/2025\/03\/Senza-nome-27-150x150.png\" class=\"attachment-thumbnail size-thumbnail\" alt=\"\" \/><\/a>\n\t\t\t\t<\/dt><\/dl><dl class='gallery-item'>\n\t\t\t\t<dt class='gallery-icon landscape'>\n\t\t\t\t\t<a class=\"rollover rollover-zoom dt-pswp-item\" title=\"40db9eaf-b328-40c7-a68c-cf10b989ffb0\" data-dt-img-description=\"\" data-large_image_width=\"1015\" data-large_image_height=\"597\"href='https:\/\/www.radiopiu.net\/wordpress\/wp-content\/uploads\/2025\/03\/40db9eaf-b328-40c7-a68c-cf10b989ffb0.jpg'><img loading=\"lazy\" decoding=\"async\" width=\"150\" height=\"150\" src=\"https:\/\/www.radiopiu.net\/wordpress\/wp-content\/uploads\/2025\/03\/40db9eaf-b328-40c7-a68c-cf10b989ffb0-150x150.jpg\" class=\"attachment-thumbnail size-thumbnail\" alt=\"\" \/><\/a>\n\t\t\t\t<\/dt><\/dl><dl class='gallery-item'>\n\t\t\t\t<dt class='gallery-icon portrait'>\n\t\t\t\t\t<a class=\"rollover rollover-zoom dt-pswp-item\" title=\"8a5f3a4d-4ba5-447c-92a6-5f46ea98294b\" data-dt-img-description=\"\" data-large_image_width=\"1204\" data-large_image_height=\"1600\"href='https:\/\/www.radiopiu.net\/wordpress\/wp-content\/uploads\/2025\/03\/8a5f3a4d-4ba5-447c-92a6-5f46ea98294b.jpg'><img loading=\"lazy\" decoding=\"async\" width=\"150\" height=\"150\" src=\"https:\/\/www.radiopiu.net\/wordpress\/wp-content\/uploads\/2025\/03\/8a5f3a4d-4ba5-447c-92a6-5f46ea98294b-150x150.jpg\" class=\"attachment-thumbnail size-thumbnail\" alt=\"\" \/><\/a>\n\t\t\t\t<\/dt><\/dl><dl class='gallery-item'>\n\t\t\t\t<dt class='gallery-icon portrait'>\n\t\t\t\t\t<a class=\"rollover rollover-zoom dt-pswp-item\" title=\"32a152af-f97c-480e-8af6-1d8b6ba321bf\" data-dt-img-description=\"\" data-large_image_width=\"899\" data-large_image_height=\"1599\"href='https:\/\/www.radiopiu.net\/wordpress\/wp-content\/uploads\/2025\/03\/32a152af-f97c-480e-8af6-1d8b6ba321bf.jpg'><img loading=\"lazy\" decoding=\"async\" width=\"150\" height=\"150\" src=\"https:\/\/www.radiopiu.net\/wordpress\/wp-content\/uploads\/2025\/03\/32a152af-f97c-480e-8af6-1d8b6ba321bf-150x150.jpg\" class=\"attachment-thumbnail size-thumbnail\" alt=\"\" \/><\/a>\n\t\t\t\t<\/dt><\/dl><br style=\"clear: both\" \/>\n\t\t\t<\/div>\n\n<p>&nbsp;<\/p>\n<p>&nbsp;<\/p>\n<hr \/>\n<p>&nbsp;<\/p>\n<blockquote>\n<h3><a class=\"dt-pswp-item\" href=\"https:\/\/www.radiopiu.net\/wordpress\/wp-content\/uploads\/2025\/03\/Andrea-Grigoletto-Michele-Dalla-Piazza-e-il-Mycandy-team.jpg\" data-dt-img-description=\"\" data-large_image_width=\"1600\" data-large_image_height=\"1067\"><img loading=\"lazy\" decoding=\"async\" class=\" wp-image-438269 alignleft\" src=\"https:\/\/www.radiopiu.net\/wordpress\/wp-content\/uploads\/2025\/03\/Andrea-Grigoletto-Michele-Dalla-Piazza-e-il-Mycandy-team-300x200.jpg\" alt=\"\" width=\"215\" height=\"143\" srcset=\"https:\/\/www.radiopiu.net\/wordpress\/wp-content\/uploads\/2025\/03\/Andrea-Grigoletto-Michele-Dalla-Piazza-e-il-Mycandy-team-300x200.jpg 300w, https:\/\/www.radiopiu.net\/wordpress\/wp-content\/uploads\/2025\/03\/Andrea-Grigoletto-Michele-Dalla-Piazza-e-il-Mycandy-team-1024x683.jpg 1024w, https:\/\/www.radiopiu.net\/wordpress\/wp-content\/uploads\/2025\/03\/Andrea-Grigoletto-Michele-Dalla-Piazza-e-il-Mycandy-team-768x512.jpg 768w, https:\/\/www.radiopiu.net\/wordpress\/wp-content\/uploads\/2025\/03\/Andrea-Grigoletto-Michele-Dalla-Piazza-e-il-Mycandy-team-1536x1024.jpg 1536w, https:\/\/www.radiopiu.net\/wordpress\/wp-content\/uploads\/2025\/03\/Andrea-Grigoletto-Michele-Dalla-Piazza-e-il-Mycandy-team.jpg 1600w\" sizes=\"auto, (max-width: 215px) 100vw, 215px\" \/><\/a>DOMENICA L&#8217;INAUGURAZIONE DELLA MYCANDY ARENA<\/h3>\n<\/blockquote>\n<p><strong>BORGO VALBELLUNA<\/strong> Domenica 9 marzo, dalle 11, verr\u00e0 inaugurata la MyCandy Arena a Lentiai, l\u2019unica pista da modellismo del bellunese adatta a competizioni internazionali. Situata lungo la statale verso Mel, la pista \u00e8 gestita da volontari e appassionati. L\u2019evento, aperto a tutti, offrir\u00e0 dimostrazioni e incontri con esperti del settore. Dopo 4 anni di attesa e lavori iniziati nel 2022, la struttura, con un tracciato di 300 metri, \u00e8 finalmente pronta. L\u2019obiettivo \u00e8 creare un punto di riferimento per il modellismo e uno spazio di crescita per i giovani, con la futura MyCandy Academy. Tra gli organizzatori, Andrea Grigoletto e Michele Dalla Piazza auspicano che l\u2019iniziativa porti nuove opportunit\u00e0 alla comunit\u00e0.<\/p>\n<p>&nbsp;<\/p>\n<p>&nbsp;<\/p>\n<hr \/>\n<p>&nbsp;<\/p>\n<h1><span style=\"color: #ff0000;\">CONSIGLI COMUNALI IN AGORDINO<\/span><\/h1>\n<p><strong>AGORDO<\/strong> Consiglio convocato ad Agordo luned\u00ec alle 17:30. Quattro punti all&#8217;ordine del giorno. Il bilancio di ASCA e di Agordo Servizi, L&#8217;approvazione allo statuto di ASCA e una variazione a bilancio.<\/p>\n<p><strong class=\"photoswipe-wrapper\">VOLTAGO<\/strong>\u00a0 Il Sindaco, Giuseppe Schena, rende noto che il Consiglio Comunale \u00e8 convocato in seduta ordinaria luned\u00ec alle\u00a0 18\u00a0 nella Sala Civica \u201cGianni De Col\u201d. L\u2019ordine del giorno prevede, tra i punti principali, l\u2019approvazione dei verbali della seduta precedente, la sanatoria di un errore materiale relativo alla sede di una precedente convocazione e l\u2019approvazione di un accordo di programma per il ripristino ecologico di torbiere e risorgive. Saranno inoltre discussi il riconoscimento di debiti fuori bilancio per interventi urgenti dovuti a eventi atmosferici e incendi, oltre all\u2019approvazione del bilancio di previsione 2025-2027. Infine, verranno comunicate delibere di Giunta relative a prelevamenti dal fondo di riserva.<\/p>\n<p>&nbsp;<\/p>\n<hr \/>\n<p>&nbsp;<\/p>\n<p>&nbsp;<\/p>\n<blockquote>\n<h3>GIORNATA MONDIALE DEL RENE: L&#8217;INCONTRO CON L&#8217;ULSS 1 DOLOMITI<\/h3>\n<\/blockquote>\n<p><strong><a class=\"dt-pswp-item\" href=\"https:\/\/www.radiopiu.net\/wordpress\/wp-content\/uploads\/2025\/02\/RENE.jpg\" data-dt-img-description=\"\" data-large_image_width=\"940\" data-large_image_height=\"550\"><img loading=\"lazy\" decoding=\"async\" class=\" wp-image-436595 alignleft\" src=\"https:\/\/www.radiopiu.net\/wordpress\/wp-content\/uploads\/2025\/02\/RENE-300x176.jpg\" alt=\"\" width=\"179\" height=\"105\" srcset=\"https:\/\/www.radiopiu.net\/wordpress\/wp-content\/uploads\/2025\/02\/RENE-300x176.jpg 300w, https:\/\/www.radiopiu.net\/wordpress\/wp-content\/uploads\/2025\/02\/RENE-768x449.jpg 768w, https:\/\/www.radiopiu.net\/wordpress\/wp-content\/uploads\/2025\/02\/RENE.jpg 940w\" sizes=\"auto, (max-width: 179px) 100vw, 179px\" \/><\/a>BELLUNO <\/strong>In occasione della giornata mondiale del rene, che ricorre il prossimo 13 marzo, l\u2019Ulss Dolomiti, con le unit\u00e0 operative di Nefrologia, organizza un incontro aperto a tutta la cittadinanza per sensibilizzare sull\u2019importanza della salute dei nostri reni e sul tema del trapianto. L\u2019 incontro dal titolo \u201cIl trapianto di rene da vivente\u201d si terr\u00e0 mercoled\u00ec 12 marzo 2025 alle 17.00 in sala convegni dell\u2019ospedale di Belluno con esperti e testimonianze di donatori e trapiantati.<\/p>\n<p>&nbsp;<\/p>\n<p>&nbsp;<\/p>\n<hr \/>\n<p>&nbsp;<\/p>\n<blockquote>\n<p data-start=\"0\" data-end=\"69\"><a class=\"dt-pswp-item\" href=\"https:\/\/www.radiopiu.net\/wordpress\/wp-content\/uploads\/2025\/03\/1000047680-1.jpg\" data-dt-img-description=\"\" data-large_image_width=\"1536\" data-large_image_height=\"2048\"><img loading=\"lazy\" decoding=\"async\" class=\" wp-image-438192 alignleft\" src=\"https:\/\/www.radiopiu.net\/wordpress\/wp-content\/uploads\/2025\/03\/1000047680-1-225x300.jpg\" alt=\"\" width=\"174\" height=\"232\" srcset=\"https:\/\/www.radiopiu.net\/wordpress\/wp-content\/uploads\/2025\/03\/1000047680-1-225x300.jpg 225w, https:\/\/www.radiopiu.net\/wordpress\/wp-content\/uploads\/2025\/03\/1000047680-1-768x1024.jpg 768w, https:\/\/www.radiopiu.net\/wordpress\/wp-content\/uploads\/2025\/03\/1000047680-1-1152x1536.jpg 1152w, https:\/\/www.radiopiu.net\/wordpress\/wp-content\/uploads\/2025\/03\/1000047680-1.jpg 1536w\" sizes=\"auto, (max-width: 174px) 100vw, 174px\" \/><\/a><strong>MASCHERE ARCAICHE E DOLOMITI LADINE IN MOSTRA A CONEGLIANO: L&#8217;ANTICA TRADIZIONE DELLE MONTAGNE<\/strong><\/p>\n<\/blockquote>\n<p data-start=\"0\" data-end=\"100\"><strong>CONEGLIANO<\/strong><\/p>\n<p data-start=\"102\" data-end=\"464\">Oggi\u00a0 si apre un viaggio affascinante nella cultura e nelle tradizioni delle Dolomiti Ladine con la mostra dedicata alle <strong data-start=\"247\" data-end=\"268\">maschere arcaiche<\/strong>. Un evento che porta alla luce l\u2019antico legame tra uomo, natura e spirito, attraverso l\u2019esposizione di volti intagliati nel legno, simboli di riti e credenze che affondano le radici nei secoli. Tra i protagonisti alla mostra, Paolo Casagrande, noto per la sua interpretazione dell&#8217;<strong data-start=\"554\" data-end=\"570\">Om Salvarech<\/strong>, la figura leggendaria dell\u2019uomo selvatico. Le sue maschere raccontano la storia di un mondo sospeso tra realt\u00e0 e mito, dove l\u2019essenza della montagna si fonde con la spiritualit\u00e0 delle antiche comunit\u00e0. Maschera gi\u00e0 presente a Canale d&#8217;Agordo con la\u00a0 Zinghenesta e al carnevale di Laste di Rocca Pietore, luoghi dove queste tradizioni sono ancora vive e sentite.<\/p>\n<p>&nbsp;<\/p>\n<p>&nbsp;<\/p>\n<p>&nbsp;<\/p>\n<hr \/>\n<blockquote>\n<h3>DISAGIO GIOVANILE, UN INCONTRO A BELLUNO<\/h3>\n<\/blockquote>\n<p><strong>BELLUNO<\/strong> L\u2019Associazione Margherita Fenice di Belluno organizza un convegno sul disagio giovanile e sull\u2019importanza dell\u2019ascolto tra genitori e figli. L\u2019evento, intitolato \u201cGenerazione di silenzi: come ascoltare i nostri figli per affrontare il disagio giovanile\u201d, si terr\u00e0 domani alle 17 presso Palazzo Crepadona a Belluno con esperti in disturbi alimentari.<\/p>\n<p>&nbsp;<\/p>\n<p>&nbsp;<\/p>\n<hr \/>\n<p>&nbsp;<\/p>\n<blockquote>\n<h3>DOMANI IN SALA DON TAMIS AD AGORDO<\/h3>\n<\/blockquote>\n<p><strong>AGORDO <\/strong>Domani alle 20:30, nella sala &#8220;don Tamis&#8221; di Agordo, Carlo Corsini e Simone Carnielli porteranno in scena lo spettacolo &#8220;Tutto inizi\u00f2 con un tremendo botto&#8221;, dedicato alla vita e alle opere di Ronald Dahl. L&#8217;evento, a ingresso gratuito, \u00e8 organizzato dal Circolo Culturale Agordino e dalla Biblioteca Civica.<\/p>\n<p>&nbsp;<\/p>\n<p>&nbsp;<\/p>\n<hr \/>\n<p>&nbsp;<\/p>\n<p>&nbsp;<\/p>\n<p data-start=\"65\" data-end=\"388\" data-is-last-node=\"\" data-is-only-node=\"\"><strong><a class=\"dt-pswp-item\" href=\"https:\/\/www.radiopiu.net\/wordpress\/wp-content\/uploads\/2025\/03\/Senza-nome-15.png\" data-dt-img-description=\"\" data-large_image_width=\"370\" data-large_image_height=\"93\"><img loading=\"lazy\" decoding=\"async\" class=\"alignnone size-medium wp-image-437825\" src=\"https:\/\/www.radiopiu.net\/wordpress\/wp-content\/uploads\/2025\/03\/Senza-nome-15-300x75.png\" alt=\"\" width=\"300\" height=\"75\" srcset=\"https:\/\/www.radiopiu.net\/wordpress\/wp-content\/uploads\/2025\/03\/Senza-nome-15-300x75.png 300w, https:\/\/www.radiopiu.net\/wordpress\/wp-content\/uploads\/2025\/03\/Senza-nome-15.png 370w\" sizes=\"auto, (max-width: 300px) 100vw, 300px\" \/><\/a><\/strong><\/p>\n<p data-start=\"65\" data-end=\"388\" data-is-last-node=\"\" data-is-only-node=\"\"><strong>FELTRE<\/strong> Oggi alle 20.30, alla Libreria Quattro Sass di Rasai, si terr\u00e0 il terzo incontro di \u201cAlpinia\u201d, organizzato dal Centro Studi A.N.A. di Feltre. La dottoressa Antonella Fornari presenter\u00e0 il suo libro <em data-start=\"290\" data-end=\"327\">Le donne e la Prima Guerra Mondiale<\/em>, dedicato al ruolo femminile nel conflitto. Ingresso libero.<\/p>\n<p>&nbsp;<\/p>\n<p>&nbsp;<\/p>\n<hr \/>\n<p>&nbsp;<\/p>\n<blockquote>\n<p data-start=\"0\" data-end=\"65\"><strong data-start=\"0\" data-end=\"65\">RICORDO DI BARTOLOMEO ZANENGA AL CIRCOLO &#8220;LA TERRA DEI PADRI&#8221;<\/strong><\/p>\n<\/blockquote>\n<p data-start=\"67\" data-end=\"498\" data-is-last-node=\"\" data-is-only-node=\"\"><strong>BELLUNO\u00a0<\/strong> domani, alle ore 17.00, il Circolo culturale &#8220;La Terra dei Padri &#8211; Belluno Aps&#8221; organizza un evento in memoria di Bartolomeo Zanenga, patriota, giornalista e studioso di storia locale, a 32 anni dalla sua morte. L\u2019incontro si terr\u00e0 presso la sede del Circolo, in via dei Molini, 10, Belluno. Interverranno Renzo Poloni, Francesco Dematt\u00e9 e Fiammetta Zanenga.<\/p>\n<p>&nbsp;<\/p>\n<hr \/>\n<blockquote>\n<h3 data-start=\"0\" data-end=\"64\"><\/h3>\n<p data-start=\"0\" data-end=\"62\"><strong data-start=\"0\" data-end=\"62\">LO SPORT CHE AIUTA LE DONNE: \u201cPOWER WOMAN DAY\u201d A LONGARONE<\/strong><\/p>\n<\/blockquote>\n<p data-start=\"64\" data-end=\"511\" data-is-last-node=\"\" data-is-only-node=\"\"><strong>LONGARONE<\/strong> Domani al Palasport di Longarone si terr\u00e0 il \u201cPower Woman Day\u201d, una giornata di sport dedicata alle donne con corsi gratuiti e una raccolta fondi per Onda Rosa Aps, associazione che supporta le pazienti con tumore al seno. Info e prenotazioni su palasportlongarone.it.<\/p>\n<blockquote>\n<p data-start=\"64\" data-end=\"511\" data-is-last-node=\"\" data-is-only-node=\"\">\n<\/blockquote>\n<hr \/>\n<blockquote>\n<h3 data-start=\"0\" data-end=\"64\"><strong data-start=\"4\" data-end=\"62\"><a class=\"dt-pswp-item\" href=\"https:\/\/www.radiopiu.net\/wordpress\/wp-content\/uploads\/2025\/03\/Sandi-Renko-scaled.jpg\" data-dt-img-description=\"\" data-large_image_width=\"2068\" data-large_image_height=\"2560\"><img loading=\"lazy\" decoding=\"async\" class=\"wp-image-437621 alignleft\" src=\"https:\/\/www.radiopiu.net\/wordpress\/wp-content\/uploads\/2025\/03\/Sandi-Renko-242x300.jpg\" alt=\"\" width=\"101\" height=\"125\" srcset=\"https:\/\/www.radiopiu.net\/wordpress\/wp-content\/uploads\/2025\/03\/Sandi-Renko-242x300.jpg 242w, https:\/\/www.radiopiu.net\/wordpress\/wp-content\/uploads\/2025\/03\/Sandi-Renko-827x1024.jpg 827w, https:\/\/www.radiopiu.net\/wordpress\/wp-content\/uploads\/2025\/03\/Sandi-Renko-768x951.jpg 768w, https:\/\/www.radiopiu.net\/wordpress\/wp-content\/uploads\/2025\/03\/Sandi-Renko-1241x1536.jpg 1241w, https:\/\/www.radiopiu.net\/wordpress\/wp-content\/uploads\/2025\/03\/Sandi-Renko-1654x2048.jpg 1654w\" sizes=\"auto, (max-width: 101px) 100vw, 101px\" \/><\/a><\/strong><\/h3>\n<p data-start=\"0\" data-end=\"58\"><strong data-start=\"0\" data-end=\"58\">MEL &#8211; BORGO VALBELLUNA: INAUGURA \u201cCINETISMO CROMATICO\u201d<\/strong><\/p>\n<\/blockquote>\n<p data-start=\"0\" data-end=\"58\"><span style=\"font-size: 14px; font-weight: normal;\">Domani, alle 18:00, al Palazzo delle Contesse di Mel apre \u201cCinetismo Cromatico\u201d, omaggio a Celestino Facchin, Ferruccio Gard e Sandi Renko. Novanta opere e installazioni esplorano l\u2019arte cinetica e optical. L\u2019evento include la presentazione del thriller di Gard. Mostra visitabile fino al 4 maggio.\u00a0<\/span><\/p>\n<blockquote>\n<p data-start=\"0\" data-end=\"58\">\n<\/blockquote>\n<hr \/>\n<h3 data-start=\"66\" data-end=\"357\"><\/h3>\n<blockquote>\n<h3 data-start=\"66\" data-end=\"357\">MARZO AL CENTRO ASTRONOMICO<\/h3>\n<\/blockquote>\n<p data-start=\"66\" data-end=\"357\" data-is-last-node=\"\" data-is-only-node=\"\"><strong>FELTRE<\/strong> Domani, il Centro Astronomico anticipa l&#8217;osservazione alle 18 per ammirare Mercurio e Venere, insieme a Marte, Giove e la Luna. In caso di maltempo, conferenze al planetario con Alain Corso. Ingresso 5 euro, gratuito per soci e bambini.<\/p>\n<blockquote><p>&nbsp;<\/p><\/blockquote>\n<hr \/>\n<p>&nbsp;<\/p>\n<blockquote>\n<h3>TORNA A BELLUNO &#8220;IL VENTO TRA I CAPELLI&#8221;, LA PEDONATA NON COMPETITIVA DEL COMITATO PREVENZIONE SALUTE DONNA<\/h3>\n<\/blockquote>\n<p><strong>BELLUNO<\/strong> \u200b<span class=\"relative -mx-px my-[-0.2rem] rounded px-px py-[0.2rem]\">La 19\u00aa edizione della pedonata solidale &#8220;Il Vento tra i Capelli&#8221; si terr\u00e0 il 16 marzo 2025 alle 10 in Piazza dei Martiri a Belluno.<\/span><\/p>\n<p>&nbsp;<\/p>\n<blockquote><p>&nbsp;<\/p><\/blockquote>\n<hr \/>\n<p>&nbsp;<\/p>\n<h1><span style=\"color: #ff6600;\">IERI ALLA RADIO\u00a0<\/span><\/h1>\n<blockquote>\n<h3>CON MARIA RITA GENTILIN, SEGRETARIA SPI BELLUNO<\/h3>\n<\/blockquote>\n<p><img loading=\"lazy\" decoding=\"async\" class=\"alignleft\" src=\"https:\/\/www.radiopiu.net\/wordpress\/wp-content\/uploads\/2024\/11\/th-6.jpg\" width=\"190\" height=\"107\" \/>Ogni 15 giorni alla radio, con Maria Rita Gentilin.<\/p>\n<p>di mirko mezzacasa<\/p>\n<audio class=\"wp-audio-shortcode\" id=\"audio-438097-11\" preload=\"none\" style=\"width: 100%;\" controls=\"controls\"><source type=\"audio\/mpeg\" src=\"https:\/\/www.radiopiu.net\/wordpress\/wp-content\/uploads\/2025\/03\/SPI-MARIA-RITA.mp3?_=11\" \/><a href=\"https:\/\/www.radiopiu.net\/wordpress\/wp-content\/uploads\/2025\/03\/SPI-MARIA-RITA.mp3\">https:\/\/www.radiopiu.net\/wordpress\/wp-content\/uploads\/2025\/03\/SPI-MARIA-RITA.mp3<\/a><\/audio>\n<p>&nbsp;<\/p>\n<blockquote><p>&nbsp;<\/p><\/blockquote>\n<hr \/>\n<p>&nbsp;<\/p>\n<blockquote>\n<h2>ARCADE SHOW..ELIA ALLA RADIO<\/h2>\n<\/blockquote>\n<p align=\"JUSTIFY\"><a class=\"dt-pswp-item\" href=\"https:\/\/www.radiopiu.net\/wordpress\/wp-content\/uploads\/2025\/02\/LOGO-ELIA.png\" data-dt-img-description=\"\" data-large_image_width=\"851\" data-large_image_height=\"774\"><img loading=\"lazy\" decoding=\"async\" class=\"size-medium wp-image-436960 aligncenter\" src=\"https:\/\/www.radiopiu.net\/wordpress\/wp-content\/uploads\/2025\/02\/LOGO-ELIA-300x273.png\" alt=\"\" width=\"300\" height=\"273\" srcset=\"https:\/\/www.radiopiu.net\/wordpress\/wp-content\/uploads\/2025\/02\/LOGO-ELIA-300x273.png 300w, https:\/\/www.radiopiu.net\/wordpress\/wp-content\/uploads\/2025\/02\/LOGO-ELIA-768x699.png 768w, https:\/\/www.radiopiu.net\/wordpress\/wp-content\/uploads\/2025\/02\/LOGO-ELIA.png 851w\" sizes=\"auto, (max-width: 300px) 100vw, 300px\" \/><\/a><\/p>\n<p align=\"JUSTIFY\">Arcade show, Entra nella sala giochi ufficiale di RadioPi\u00f9! Inserisci la moneta e gioca insieme a noi! Attualit\u00e0, cinema, sport, social, spensieratezza e soprattutto musica! Il primo show like a game radiofonico in italia, condotto da Elia.<\/p>\n<p align=\"JUSTIFY\">PUNTATA 01 \/1<\/p>\n<audio class=\"wp-audio-shortcode\" id=\"audio-438097-12\" preload=\"none\" style=\"width: 100%;\" controls=\"controls\"><source type=\"audio\/mpeg\" src=\"https:\/\/www.radiopiu.net\/wordpress\/wp-content\/uploads\/2025\/03\/P1-BLOCCO1_mixdown.mp3?_=12\" \/><a href=\"https:\/\/www.radiopiu.net\/wordpress\/wp-content\/uploads\/2025\/03\/P1-BLOCCO1_mixdown.mp3\">https:\/\/www.radiopiu.net\/wordpress\/wp-content\/uploads\/2025\/03\/P1-BLOCCO1_mixdown.mp3<\/a><\/audio>\n<p>PUNTATA 01\/2<\/p>\n<audio class=\"wp-audio-shortcode\" id=\"audio-438097-13\" preload=\"none\" style=\"width: 100%;\" controls=\"controls\"><source type=\"audio\/mpeg\" src=\"https:\/\/www.radiopiu.net\/wordpress\/wp-content\/uploads\/2025\/03\/P1-BLOCCO2_mixdown.mp3?_=13\" \/><a href=\"https:\/\/www.radiopiu.net\/wordpress\/wp-content\/uploads\/2025\/03\/P1-BLOCCO2_mixdown.mp3\">https:\/\/www.radiopiu.net\/wordpress\/wp-content\/uploads\/2025\/03\/P1-BLOCCO2_mixdown.mp3<\/a><\/audio>\n<p>PUNTATA 01\/3<\/p>\n<audio class=\"wp-audio-shortcode\" id=\"audio-438097-14\" preload=\"none\" style=\"width: 100%;\" controls=\"controls\"><source type=\"audio\/mpeg\" src=\"https:\/\/www.radiopiu.net\/wordpress\/wp-content\/uploads\/2025\/03\/P1-BLOCCO3_mixdown.mp3?_=14\" \/><a href=\"https:\/\/www.radiopiu.net\/wordpress\/wp-content\/uploads\/2025\/03\/P1-BLOCCO3_mixdown.mp3\">https:\/\/www.radiopiu.net\/wordpress\/wp-content\/uploads\/2025\/03\/P1-BLOCCO3_mixdown.mp3<\/a><\/audio>\n<p>&nbsp;<\/p>\n<p>&nbsp;<\/p>\n<hr \/>\n<p>&nbsp;<\/p>\n<p>&nbsp;<\/p>\n<div class=\"flex max-w-full flex-col flex-grow\">\n<div class=\"min-h-8 text-message relative flex w-full flex-col items-end gap-2 whitespace-normal break-words text-start [.text-message+&amp;]:mt-5\" dir=\"auto\" data-message-author-role=\"assistant\" data-message-id=\"1da74e39-f648-4cc3-80a0-74d4833f718b\" data-message-model-slug=\"gpt-4o-mini\">\n<div class=\"flex w-full flex-col gap-1 empty:hidden first:pt-[3px]\">\n<div class=\"markdown prose w-full break-words dark:prose-invert dark\">\n<blockquote>\n<p data-start=\"0\" data-end=\"73\" data-is-last-node=\"\" data-is-only-node=\"\"><strong data-start=\"0\" data-end=\"73\" data-is-last-node=\"\" data-is-only-node=\"\">TIME FOR ME: LA COMUNIT\u00c0 DI RADIO PI\u00d9 SI ALLARGA CON CHRISTIAN BAGGIO<\/strong><\/p>\n<\/blockquote>\n<\/div>\n<\/div>\n<\/div>\n<\/div>\n<p data-start=\"113\" data-end=\"384\"><a class=\"dt-pswp-item\" href=\"https:\/\/www.radiopiu.net\/wordpress\/wp-content\/uploads\/2025\/03\/89e51c09-60f6-4bfa-9d74-2e51d16563a2.jpg\" data-dt-img-description=\"\" data-large_image_width=\"1080\" data-large_image_height=\"886\"><img loading=\"lazy\" decoding=\"async\" class=\" wp-image-438166 alignleft\" src=\"https:\/\/www.radiopiu.net\/wordpress\/wp-content\/uploads\/2025\/03\/89e51c09-60f6-4bfa-9d74-2e51d16563a2-300x246.jpg\" alt=\"\" width=\"191\" height=\"157\" srcset=\"https:\/\/www.radiopiu.net\/wordpress\/wp-content\/uploads\/2025\/03\/89e51c09-60f6-4bfa-9d74-2e51d16563a2-300x246.jpg 300w, https:\/\/www.radiopiu.net\/wordpress\/wp-content\/uploads\/2025\/03\/89e51c09-60f6-4bfa-9d74-2e51d16563a2-1024x840.jpg 1024w, https:\/\/www.radiopiu.net\/wordpress\/wp-content\/uploads\/2025\/03\/89e51c09-60f6-4bfa-9d74-2e51d16563a2-768x630.jpg 768w, https:\/\/www.radiopiu.net\/wordpress\/wp-content\/uploads\/2025\/03\/89e51c09-60f6-4bfa-9d74-2e51d16563a2.jpg 1080w\" sizes=\"auto, (max-width: 191px) 100vw, 191px\" \/><\/a>Oggi, per la 33\u00aa volta, <em data-start=\"137\" data-end=\"150\">Time for Me<\/em>, il programma condotto da Marina Don\u00e0, apre le porte alla comunit\u00e0 di Radio Pi\u00f9, accogliendo un nuovo ospite speciale: Christian Baggio. L\u2019appuntamento \u00e8 fissato per le 15.10, con replica questa sera alle 23.00. Era il 26 aprile quando andava in onda la prima puntata con ospite Laura Ballis, dando il via a un viaggio fatto di incontri, storie e condivisione. Da allora, puntata dopo puntata, il programma ha consolidato il suo spazio all&#8217;interno del palinsesto di Radio Pi\u00f9, offrendo un&#8217;opportunit\u00e0 di dialogo e confronto con personaggi di diversi ambiti. Per chi si fosse perso le precedenti puntate o volesse riascoltarle, \u00e8 possibile trovarle online cercando &#8220;TIME 4 ME RADIO PIU&#8221; sui motori di ricerca. L\u2019appuntamento di oggi si preannuncia ricco di spunti e riflessioni: non resta che sintonizzarsi per scoprire cosa riserver\u00e0 questa nuova chiacchierata con Christian Baggio.<\/p>\n<p data-start=\"113\" data-end=\"384\"><span style=\"color: #ff0000;\">OSPITE CHRISTIAN BAGGIO<\/span><\/p>\n<p data-start=\"113\" data-end=\"384\"><strong>PRIMA PARTE<\/strong><\/p>\n<audio class=\"wp-audio-shortcode\" id=\"audio-438097-15\" preload=\"none\" style=\"width: 100%;\" controls=\"controls\"><source type=\"audio\/mpeg\" src=\"https:\/\/www.radiopiu.net\/wordpress\/wp-content\/uploads\/2025\/03\/TIME-4-ME-CHRISTIAN-BAGGIO-1.mp3?_=15\" \/><a href=\"https:\/\/www.radiopiu.net\/wordpress\/wp-content\/uploads\/2025\/03\/TIME-4-ME-CHRISTIAN-BAGGIO-1.mp3\">https:\/\/www.radiopiu.net\/wordpress\/wp-content\/uploads\/2025\/03\/TIME-4-ME-CHRISTIAN-BAGGIO-1.mp3<\/a><\/audio>\n<p data-start=\"113\" data-end=\"384\"><strong>SECONDA PARTE<\/strong><\/p>\n<audio class=\"wp-audio-shortcode\" id=\"audio-438097-16\" preload=\"none\" style=\"width: 100%;\" controls=\"controls\"><source type=\"audio\/mpeg\" src=\"https:\/\/www.radiopiu.net\/wordpress\/wp-content\/uploads\/2025\/03\/TIME-4-ME-CHRISTIAN-BAGGIO-2.mp3?_=16\" \/><a href=\"https:\/\/www.radiopiu.net\/wordpress\/wp-content\/uploads\/2025\/03\/TIME-4-ME-CHRISTIAN-BAGGIO-2.mp3\">https:\/\/www.radiopiu.net\/wordpress\/wp-content\/uploads\/2025\/03\/TIME-4-ME-CHRISTIAN-BAGGIO-2.mp3<\/a><\/audio>\n<p data-start=\"113\" data-end=\"384\"><strong>TERZA PARTE<\/strong><\/p>\n<audio class=\"wp-audio-shortcode\" id=\"audio-438097-17\" preload=\"none\" style=\"width: 100%;\" controls=\"controls\"><source type=\"audio\/mpeg\" src=\"https:\/\/www.radiopiu.net\/wordpress\/wp-content\/uploads\/2025\/03\/TIME-4-ME-CHRISTIAN-BAGGIO-3.mp3?_=17\" \/><a href=\"https:\/\/www.radiopiu.net\/wordpress\/wp-content\/uploads\/2025\/03\/TIME-4-ME-CHRISTIAN-BAGGIO-3.mp3\">https:\/\/www.radiopiu.net\/wordpress\/wp-content\/uploads\/2025\/03\/TIME-4-ME-CHRISTIAN-BAGGIO-3.mp3<\/a><\/audio>\n<hr \/>\n<p>&nbsp;<\/p>\n<p>&nbsp;<\/p>\n<hr \/>\n<p>&nbsp;<\/p>\n<blockquote class=\"wp-embedded-content\" data-secret=\"XfUFIidWdp\"><p><a href=\"https:\/\/www.radiopiu.net\/wordpress\/la-frana-di-lagunaz-in-valle-di-san-lucano-documenti\/\">LA FRANA DI LAGUNAZ  IN VALLE DI SAN LUCANO &#8211; DOCUMENTI &#8211;<\/a><\/p><\/blockquote>\n<p><iframe loading=\"lazy\" class=\"wp-embedded-content\" sandbox=\"allow-scripts\" security=\"restricted\" style=\"position: absolute; visibility: hidden;\" title=\"&#8220;LA FRANA DI LAGUNAZ  IN VALLE DI SAN LUCANO &#8211; DOCUMENTI &#8211;&#8221; &#8212; Radio Pi\u00f9\" src=\"https:\/\/www.radiopiu.net\/wordpress\/la-frana-di-lagunaz-in-valle-di-san-lucano-documenti\/embed\/#?secret=iXxagJ9wTz#?secret=XfUFIidWdp\" data-secret=\"XfUFIidWdp\" width=\"600\" height=\"338\" frameborder=\"0\" marginwidth=\"0\" marginheight=\"0\" scrolling=\"no\"><\/iframe><\/p>\n<p>&nbsp;<\/p>\n<hr \/>\n<p>&nbsp;<\/p>\n<h2><span style=\"color: #ff0000;\"><a class=\"dt-pswp-item\" href=\"https:\/\/www.radiopiu.net\/wordpress\/wp-content\/uploads\/2018\/09\/appuntamenti.jpeg\" data-dt-img-description=\"\" data-large_image_width=\"800\" data-large_image_height=\"100\"><img loading=\"lazy\" decoding=\"async\" class=\"wp-image-61958 size-full aligncenter\" src=\"https:\/\/www.radiopiu.net\/wordpress\/wp-content\/uploads\/2018\/09\/appuntamenti.jpeg\" alt=\"\" width=\"800\" height=\"100\" srcset=\"https:\/\/www.radiopiu.net\/wordpress\/wp-content\/uploads\/2018\/09\/appuntamenti.jpeg 800w, https:\/\/www.radiopiu.net\/wordpress\/wp-content\/uploads\/2018\/09\/appuntamenti-300x38.jpeg 300w, https:\/\/www.radiopiu.net\/wordpress\/wp-content\/uploads\/2018\/09\/appuntamenti-768x96.jpeg 768w\" sizes=\"auto, (max-width: 800px) 100vw, 800px\" \/><\/a><\/span><\/h2>\n<h3 dir=\"auto\"><\/h3>\n<blockquote>\n<h3>MORGAN &amp; BATTAGLIA I RESIDENT DJ DEL SAVE THE DATE FESTIVAL<\/h3>\n<\/blockquote>\n<p><strong>FALCADE <\/strong>Il palco si accende, le casse vibrano e l\u2019atmosfera si infiamma: Morgan e Battaglia sono pronti a farvi ballare senza sosta! Con selezioni potenti e beat travolgenti, il duo porter\u00e0 un\u2019ondata di pura energia al Rifugio Laresei. Quattro ospiti speciali arricchiranno il festival, ma sar\u00e0 la loro console a tenere il cuore pulsante della serata. L\u2019unica regola? Lasciarsi andare al ritmo e vivere la musica senza freni. Preparati a un\u2019esperienza indimenticabile! L&#8217;appuntamento \u00e8 per il 29 marzo al Rifugio Laresei<\/p>\n\n\t\t\t<style type='text\/css'>\n\t\t\t\t#gallery-4 {\n\t\t\t\t\tmargin: auto;\n\t\t\t\t}\n\t\t\t\t#gallery-4 .gallery-item {\n\t\t\t\t\tfloat: left;\n\t\t\t\t\tmargin-top: 10px;\n\t\t\t\t\ttext-align: center;\n\t\t\t\t\twidth: 20%;\n\t\t\t\t}\n\t\t\t\t#gallery-4 img {\n\t\t\t\t\tborder: 2px solid #cfcfcf;\n\t\t\t\t}\n\t\t\t\t#gallery-4 .gallery-caption {\n\t\t\t\t\tmargin-left: 0;\n\t\t\t\t}\n\t\t\t\t\/* see gallery_shortcode() in wp-includes\/media.php *\/\n\t\t\t<\/style>\n\t\t<div id='gallery-4' class='dt-gallery-container gallery galleryid-438097 gallery-columns-5 gallery-size-medium'><dl class='gallery-item'>\n\t\t\t\t<dt class='gallery-icon portrait'>\n\t\t\t\t\t<a class=\"rollover rollover-zoom dt-pswp-item\" title=\"475351389_122191419572160269_4819090400106529375_n\" data-dt-img-description=\"\" data-large_image_width=\"1024\" data-large_image_height=\"1280\"href='https:\/\/www.radiopiu.net\/wordpress\/wp-content\/uploads\/2025\/02\/475351389_122191419572160269_4819090400106529375_n.jpg'><img loading=\"lazy\" decoding=\"async\" width=\"240\" height=\"300\" src=\"https:\/\/www.radiopiu.net\/wordpress\/wp-content\/uploads\/2025\/02\/475351389_122191419572160269_4819090400106529375_n-240x300.jpg\" class=\"attachment-medium size-medium\" alt=\"\" srcset=\"https:\/\/www.radiopiu.net\/wordpress\/wp-content\/uploads\/2025\/02\/475351389_122191419572160269_4819090400106529375_n-240x300.jpg 240w, https:\/\/www.radiopiu.net\/wordpress\/wp-content\/uploads\/2025\/02\/475351389_122191419572160269_4819090400106529375_n-819x1024.jpg 819w, https:\/\/www.radiopiu.net\/wordpress\/wp-content\/uploads\/2025\/02\/475351389_122191419572160269_4819090400106529375_n-768x960.jpg 768w, https:\/\/www.radiopiu.net\/wordpress\/wp-content\/uploads\/2025\/02\/475351389_122191419572160269_4819090400106529375_n.jpg 1024w\" sizes=\"auto, (max-width: 240px) 100vw, 240px\" \/><\/a>\n\t\t\t\t<\/dt><\/dl><dl class='gallery-item'>\n\t\t\t\t<dt class='gallery-icon portrait'>\n\t\t\t\t\t<a class=\"rollover rollover-zoom dt-pswp-item\" title=\"70222334-5cff-4d4b-9ab9-a2a79305f2f3\" data-dt-img-description=\"\" data-large_image_width=\"1024\" data-large_image_height=\"1280\"href='https:\/\/www.radiopiu.net\/wordpress\/wp-content\/uploads\/2025\/02\/70222334-5cff-4d4b-9ab9-a2a79305f2f3.jpg'><img loading=\"lazy\" decoding=\"async\" width=\"240\" height=\"300\" src=\"https:\/\/www.radiopiu.net\/wordpress\/wp-content\/uploads\/2025\/02\/70222334-5cff-4d4b-9ab9-a2a79305f2f3-240x300.jpg\" class=\"attachment-medium size-medium\" alt=\"\" srcset=\"https:\/\/www.radiopiu.net\/wordpress\/wp-content\/uploads\/2025\/02\/70222334-5cff-4d4b-9ab9-a2a79305f2f3-240x300.jpg 240w, https:\/\/www.radiopiu.net\/wordpress\/wp-content\/uploads\/2025\/02\/70222334-5cff-4d4b-9ab9-a2a79305f2f3-819x1024.jpg 819w, https:\/\/www.radiopiu.net\/wordpress\/wp-content\/uploads\/2025\/02\/70222334-5cff-4d4b-9ab9-a2a79305f2f3-768x960.jpg 768w, https:\/\/www.radiopiu.net\/wordpress\/wp-content\/uploads\/2025\/02\/70222334-5cff-4d4b-9ab9-a2a79305f2f3.jpg 1024w\" sizes=\"auto, (max-width: 240px) 100vw, 240px\" \/><\/a>\n\t\t\t\t<\/dt><\/dl><dl class='gallery-item'>\n\t\t\t\t<dt class='gallery-icon portrait'>\n\t\t\t\t\t<a class=\"rollover rollover-zoom dt-pswp-item\" title=\"480483463_122191800596160269_7748395789965067962_n\" data-dt-img-description=\"\" data-large_image_width=\"1024\" data-large_image_height=\"1280\"href='https:\/\/www.radiopiu.net\/wordpress\/wp-content\/uploads\/2025\/02\/480483463_122191800596160269_7748395789965067962_n.jpg'><img loading=\"lazy\" decoding=\"async\" width=\"240\" height=\"300\" src=\"https:\/\/www.radiopiu.net\/wordpress\/wp-content\/uploads\/2025\/02\/480483463_122191800596160269_7748395789965067962_n-240x300.jpg\" class=\"attachment-medium size-medium\" alt=\"\" srcset=\"https:\/\/www.radiopiu.net\/wordpress\/wp-content\/uploads\/2025\/02\/480483463_122191800596160269_7748395789965067962_n-240x300.jpg 240w, https:\/\/www.radiopiu.net\/wordpress\/wp-content\/uploads\/2025\/02\/480483463_122191800596160269_7748395789965067962_n-819x1024.jpg 819w, https:\/\/www.radiopiu.net\/wordpress\/wp-content\/uploads\/2025\/02\/480483463_122191800596160269_7748395789965067962_n-768x960.jpg 768w, https:\/\/www.radiopiu.net\/wordpress\/wp-content\/uploads\/2025\/02\/480483463_122191800596160269_7748395789965067962_n.jpg 1024w\" sizes=\"auto, (max-width: 240px) 100vw, 240px\" \/><\/a>\n\t\t\t\t<\/dt><\/dl><dl class='gallery-item'>\n\t\t\t\t<dt class='gallery-icon portrait'>\n\t\t\t\t\t<a class=\"rollover rollover-zoom dt-pswp-item\" title=\"480755395_122191974356160269_922264644982884143_n\" data-dt-img-description=\"\" data-large_image_width=\"1024\" data-large_image_height=\"1280\"href='https:\/\/www.radiopiu.net\/wordpress\/wp-content\/uploads\/2025\/02\/480755395_122191974356160269_922264644982884143_n.jpg'><img loading=\"lazy\" decoding=\"async\" width=\"240\" height=\"300\" src=\"https:\/\/www.radiopiu.net\/wordpress\/wp-content\/uploads\/2025\/02\/480755395_122191974356160269_922264644982884143_n-240x300.jpg\" class=\"attachment-medium size-medium\" alt=\"\" srcset=\"https:\/\/www.radiopiu.net\/wordpress\/wp-content\/uploads\/2025\/02\/480755395_122191974356160269_922264644982884143_n-240x300.jpg 240w, https:\/\/www.radiopiu.net\/wordpress\/wp-content\/uploads\/2025\/02\/480755395_122191974356160269_922264644982884143_n-819x1024.jpg 819w, https:\/\/www.radiopiu.net\/wordpress\/wp-content\/uploads\/2025\/02\/480755395_122191974356160269_922264644982884143_n-768x960.jpg 768w, https:\/\/www.radiopiu.net\/wordpress\/wp-content\/uploads\/2025\/02\/480755395_122191974356160269_922264644982884143_n.jpg 1024w\" sizes=\"auto, (max-width: 240px) 100vw, 240px\" \/><\/a>\n\t\t\t\t<\/dt><\/dl><dl class='gallery-item'>\n\t\t\t\t<dt class='gallery-icon portrait'>\n\t\t\t\t\t<a class=\"rollover rollover-zoom dt-pswp-item\" title=\"480946206_122192204450160269_174180551336592227_n\" data-dt-img-description=\"\" data-large_image_width=\"512\" data-large_image_height=\"640\"href='https:\/\/www.radiopiu.net\/wordpress\/wp-content\/uploads\/2025\/02\/480946206_122192204450160269_174180551336592227_n.jpg'><img loading=\"lazy\" decoding=\"async\" width=\"240\" height=\"300\" src=\"https:\/\/www.radiopiu.net\/wordpress\/wp-content\/uploads\/2025\/02\/480946206_122192204450160269_174180551336592227_n-240x300.jpg\" class=\"attachment-medium size-medium\" alt=\"\" srcset=\"https:\/\/www.radiopiu.net\/wordpress\/wp-content\/uploads\/2025\/02\/480946206_122192204450160269_174180551336592227_n-240x300.jpg 240w, https:\/\/www.radiopiu.net\/wordpress\/wp-content\/uploads\/2025\/02\/480946206_122192204450160269_174180551336592227_n.jpg 512w\" sizes=\"auto, (max-width: 240px) 100vw, 240px\" \/><\/a>\n\t\t\t\t<\/dt><\/dl><br style=\"clear: both\" \/>\n\t\t\t<\/div>\n\n<p>&nbsp;<\/p>\n<div>\n<div class=\"\" dir=\"auto\">\n<div id=\":r9h:\" class=\"x1iorvi4 x1pi30zi x1l90r2v x1swvt13\" data-ad-comet-preview=\"message\" data-ad-preview=\"message\">\n<div>\n<div class=\"\" dir=\"auto\">\n<div id=\":r9h:\" class=\"x1iorvi4 x1pi30zi x1l90r2v x1swvt13\" data-ad-comet-preview=\"message\" data-ad-preview=\"message\">\n<div>\n<div class=\"\" dir=\"auto\">\n<div id=\":r9h:\" class=\"x1iorvi4 x1pi30zi x1l90r2v x1swvt13\" data-ad-comet-preview=\"message\" data-ad-preview=\"message\">\n<div>\n<div class=\"\" dir=\"auto\">\n<div id=\":r9h:\" class=\"x1iorvi4 x1pi30zi x1l90r2v x1swvt13\" data-ad-comet-preview=\"message\" data-ad-preview=\"message\">\n<div>\n<div class=\"\" dir=\"auto\">\n<div id=\":r9h:\" class=\"x1iorvi4 x1pi30zi x1l90r2v x1swvt13\" data-ad-comet-preview=\"message\" data-ad-preview=\"message\">\n<div>\n<div class=\"\" dir=\"auto\">\n<div id=\":r9h:\" class=\"x1iorvi4 x1pi30zi x1l90r2v x1swvt13\" data-ad-comet-preview=\"message\" data-ad-preview=\"message\">\n<div class=\"xdj266r x11i5rnm xat24cr x1mh8g0r x1vvkbs x126k92a\">\n<div dir=\"auto\"><\/div>\n<\/div>\n<div>\n<div class=\"\" dir=\"auto\">\n<div id=\":r9h:\" class=\"x1iorvi4 x1pi30zi x1l90r2v x1swvt13\" data-ad-comet-preview=\"message\" data-ad-preview=\"message\">\n<div>\n<div class=\"\" dir=\"auto\">\n<div id=\":r9h:\" class=\"x1iorvi4 x1pi30zi x1l90r2v x1swvt13\" data-ad-comet-preview=\"message\" data-ad-preview=\"message\">\n\n\t\t\t<style type='text\/css'>\n\t\t\t\t#gallery-5 {\n\t\t\t\t\tmargin: auto;\n\t\t\t\t}\n\t\t\t\t#gallery-5 .gallery-item {\n\t\t\t\t\tfloat: left;\n\t\t\t\t\tmargin-top: 10px;\n\t\t\t\t\ttext-align: center;\n\t\t\t\t\twidth: 25%;\n\t\t\t\t}\n\t\t\t\t#gallery-5 img {\n\t\t\t\t\tborder: 2px solid #cfcfcf;\n\t\t\t\t}\n\t\t\t\t#gallery-5 .gallery-caption {\n\t\t\t\t\tmargin-left: 0;\n\t\t\t\t}\n\t\t\t\t\/* see gallery_shortcode() in wp-includes\/media.php *\/\n\t\t\t<\/style>\n\t\t<div id='gallery-5' class='dt-gallery-container gallery galleryid-438097 gallery-columns-4 gallery-size-thumbnail'><dl class='gallery-item'>\n\t\t\t\t<dt class='gallery-icon portrait'>\n\t\t\t\t\t<a class=\"rollover rollover-zoom dt-pswp-item\" title=\"dad1d0d2-12e8-494a-9390-929e17ce5985\" data-dt-img-description=\"\" data-large_image_width=\"900\" data-large_image_height=\"1600\"href='https:\/\/www.radiopiu.net\/wordpress\/wp-content\/uploads\/2025\/01\/dad1d0d2-12e8-494a-9390-929e17ce5985.jpg'><img loading=\"lazy\" decoding=\"async\" width=\"150\" height=\"150\" src=\"https:\/\/www.radiopiu.net\/wordpress\/wp-content\/uploads\/2025\/01\/dad1d0d2-12e8-494a-9390-929e17ce5985-150x150.jpg\" class=\"attachment-thumbnail size-thumbnail\" alt=\"\" \/><\/a>\n\t\t\t\t<\/dt><\/dl><dl class='gallery-item'>\n\t\t\t\t<dt class='gallery-icon portrait'>\n\t\t\t\t\t<a class=\"rollover rollover-zoom dt-pswp-item\" title=\"Marzo (1)\" data-dt-img-description=\"\" data-large_image_width=\"841\" data-large_image_height=\"1190\"href='https:\/\/www.radiopiu.net\/wordpress\/wp-content\/uploads\/2025\/02\/Marzo-1.jpg'><img loading=\"lazy\" decoding=\"async\" width=\"150\" height=\"150\" src=\"https:\/\/www.radiopiu.net\/wordpress\/wp-content\/uploads\/2025\/02\/Marzo-1-150x150.jpg\" class=\"attachment-thumbnail size-thumbnail\" alt=\"\" \/><\/a>\n\t\t\t\t<\/dt><\/dl><dl class='gallery-item'>\n\t\t\t\t<dt class='gallery-icon portrait'>\n\t\t\t\t\t<a class=\"rollover rollover-zoom dt-pswp-item\" title=\"Carnevale 2025\" data-dt-img-description=\"\" data-large_image_width=\"1414\" data-large_image_height=\"2000\"href='https:\/\/www.radiopiu.net\/wordpress\/wp-content\/uploads\/2025\/02\/Carnevale-2025-1.png'><img loading=\"lazy\" decoding=\"async\" width=\"150\" height=\"150\" src=\"https:\/\/www.radiopiu.net\/wordpress\/wp-content\/uploads\/2025\/02\/Carnevale-2025-1-150x150.png\" class=\"attachment-thumbnail size-thumbnail\" alt=\"\" \/><\/a>\n\t\t\t\t<\/dt><\/dl><dl class='gallery-item'>\n\t\t\t\t<dt class='gallery-icon portrait'>\n\t\t\t\t\t<a class=\"rollover rollover-zoom dt-pswp-item\" title=\"Senza nome\" data-dt-img-description=\"\" data-large_image_width=\"569\" data-large_image_height=\"801\"href='https:\/\/www.radiopiu.net\/wordpress\/wp-content\/uploads\/2025\/02\/Senza-nome-23.png'><img loading=\"lazy\" decoding=\"async\" width=\"150\" height=\"150\" src=\"https:\/\/www.radiopiu.net\/wordpress\/wp-content\/uploads\/2025\/02\/Senza-nome-23-150x150.png\" class=\"attachment-thumbnail size-thumbnail\" alt=\"\" \/><\/a>\n\t\t\t\t<\/dt><\/dl><br style=\"clear: both\" \/><dl class='gallery-item'>\n\t\t\t\t<dt class='gallery-icon portrait'>\n\t\t\t\t\t<a class=\"rollover rollover-zoom dt-pswp-item\" title=\"Locandina Zanenga marzo 2025\" data-dt-img-description=\"\" data-large_image_width=\"1447\" data-large_image_height=\"2048\"href='https:\/\/www.radiopiu.net\/wordpress\/wp-content\/uploads\/2025\/02\/Locandina-Zanenga-marzo-2025.jpg'><img loading=\"lazy\" decoding=\"async\" width=\"150\" height=\"150\" src=\"https:\/\/www.radiopiu.net\/wordpress\/wp-content\/uploads\/2025\/02\/Locandina-Zanenga-marzo-2025-150x150.jpg\" class=\"attachment-thumbnail size-thumbnail\" alt=\"\" \/><\/a>\n\t\t\t\t<\/dt><\/dl><dl class='gallery-item'>\n\t\t\t\t<dt class='gallery-icon portrait'>\n\t\t\t\t\t<a class=\"rollover rollover-zoom dt-pswp-item\" title=\"a43f5470-8da9-420a-9a8f-999ac45dfc29\" data-dt-img-description=\"\" data-large_image_width=\"1131\" data-large_image_height=\"1600\"href='https:\/\/www.radiopiu.net\/wordpress\/wp-content\/uploads\/2025\/02\/a43f5470-8da9-420a-9a8f-999ac45dfc29.jpg'><img loading=\"lazy\" decoding=\"async\" width=\"150\" height=\"150\" src=\"https:\/\/www.radiopiu.net\/wordpress\/wp-content\/uploads\/2025\/02\/a43f5470-8da9-420a-9a8f-999ac45dfc29-150x150.jpg\" class=\"attachment-thumbnail size-thumbnail\" alt=\"\" \/><\/a>\n\t\t\t\t<\/dt><\/dl><dl class='gallery-item'>\n\t\t\t\t<dt class='gallery-icon portrait'>\n\t\t\t\t\t<a class=\"rollover rollover-zoom dt-pswp-item\" title=\"85292380-77cf-48a7-ac7a-86c7009204ef\" data-dt-img-description=\"\" data-large_image_width=\"1280\" data-large_image_height=\"1600\"href='https:\/\/www.radiopiu.net\/wordpress\/wp-content\/uploads\/2025\/02\/85292380-77cf-48a7-ac7a-86c7009204ef.jpg'><img loading=\"lazy\" decoding=\"async\" width=\"150\" height=\"150\" src=\"https:\/\/www.radiopiu.net\/wordpress\/wp-content\/uploads\/2025\/02\/85292380-77cf-48a7-ac7a-86c7009204ef-150x150.jpg\" class=\"attachment-thumbnail size-thumbnail\" alt=\"\" \/><\/a>\n\t\t\t\t<\/dt><\/dl><dl class='gallery-item'>\n\t\t\t\t<dt class='gallery-icon portrait'>\n\t\t\t\t\t<a class=\"rollover rollover-zoom dt-pswp-item\" title=\"ba76e127-707c-4a8a-a6ac-6ab71e879690\" data-dt-img-description=\"\" data-large_image_width=\"500\" data-large_image_height=\"696\"href='https:\/\/www.radiopiu.net\/wordpress\/wp-content\/uploads\/2025\/03\/ba76e127-707c-4a8a-a6ac-6ab71e879690.jpg'><img loading=\"lazy\" decoding=\"async\" width=\"150\" height=\"150\" src=\"https:\/\/www.radiopiu.net\/wordpress\/wp-content\/uploads\/2025\/03\/ba76e127-707c-4a8a-a6ac-6ab71e879690-150x150.jpg\" class=\"attachment-thumbnail size-thumbnail\" alt=\"\" aria-describedby=\"gallery-5-437826\" \/><\/a>\n\t\t\t\t<\/dt>\n\t\t\t\t\t<dd class='wp-caption-text gallery-caption' id='gallery-5-437826'>\n\t\t\t\t\tPOSTICIPATO AL 6 APRILE\n\t\t\t\t\t<\/dd><\/dl><br style=\"clear: both\" \/><dl class='gallery-item'>\n\t\t\t\t<dt class='gallery-icon portrait'>\n\t\t\t\t\t<a class=\"rollover rollover-zoom dt-pswp-item\" title=\"terza serata Alpinia\" data-dt-img-description=\"\" data-large_image_width=\"720\" data-large_image_height=\"1280\"href='https:\/\/www.radiopiu.net\/wordpress\/wp-content\/uploads\/2025\/03\/terza-serata-Alpinia.jpg'><img loading=\"lazy\" decoding=\"async\" width=\"150\" height=\"150\" src=\"https:\/\/www.radiopiu.net\/wordpress\/wp-content\/uploads\/2025\/03\/terza-serata-Alpinia-150x150.jpg\" class=\"attachment-thumbnail size-thumbnail\" alt=\"\" \/><\/a>\n\t\t\t\t<\/dt><\/dl><dl class='gallery-item'>\n\t\t\t\t<dt class='gallery-icon portrait'>\n\t\t\t\t\t<a class=\"rollover rollover-zoom dt-pswp-item\" title=\"86913bf1-cfa4-493b-8e26-1aa10ea03f0b\" data-dt-img-description=\"\" data-large_image_width=\"1638\" data-large_image_height=\"2048\"href='https:\/\/www.radiopiu.net\/wordpress\/wp-content\/uploads\/2025\/03\/86913bf1-cfa4-493b-8e26-1aa10ea03f0b.jpg'><img loading=\"lazy\" decoding=\"async\" width=\"150\" height=\"150\" src=\"https:\/\/www.radiopiu.net\/wordpress\/wp-content\/uploads\/2025\/03\/86913bf1-cfa4-493b-8e26-1aa10ea03f0b-150x150.jpg\" class=\"attachment-thumbnail size-thumbnail\" alt=\"\" \/><\/a>\n\t\t\t\t<\/dt><\/dl>\n\t\t\t\t<br style='clear: both' \/>\n\t\t\t<\/div>\n\n<p>&nbsp;<\/p>\n<p>&nbsp;<\/p>\n<\/div>\n<\/div>\n<\/div>\n<\/div>\n<\/div>\n<\/div>\n<\/div>\n<\/div>\n<\/div>\n<\/div>\n<\/div>\n<\/div>\n<p>&nbsp;<\/p>\n<\/div>\n<\/div>\n<\/div>\n<\/div>\n<\/div>\n<\/div>\n<\/div>\n<\/div>\n<\/div>\n<\/div>\n<\/div>\n<\/div>\n<hr \/>\n<p>&nbsp;<\/p>\n<p class=\"mceTemp\"><a class=\"dt-pswp-item\" href=\"https:\/\/www.radiopiu.net\/wordpress\/wp-content\/uploads\/2018\/09\/WhatsApp-Image-2018-09-20-at-16.04.06.jpeg\" data-dt-img-description=\"\" data-large_image_width=\"800\" data-large_image_height=\"100\"><img loading=\"lazy\" decoding=\"async\" class=\"wp-image-61378 size-full aligncenter\" src=\"https:\/\/www.radiopiu.net\/wordpress\/wp-content\/uploads\/2018\/09\/WhatsApp-Image-2018-09-20-at-16.04.06.jpeg\" alt=\"\" width=\"800\" height=\"100\" srcset=\"https:\/\/www.radiopiu.net\/wordpress\/wp-content\/uploads\/2018\/09\/WhatsApp-Image-2018-09-20-at-16.04.06.jpeg 800w, https:\/\/www.radiopiu.net\/wordpress\/wp-content\/uploads\/2018\/09\/WhatsApp-Image-2018-09-20-at-16.04.06-300x38.jpeg 300w, https:\/\/www.radiopiu.net\/wordpress\/wp-content\/uploads\/2018\/09\/WhatsApp-Image-2018-09-20-at-16.04.06-768x96.jpeg 768w\" sizes=\"auto, (max-width: 800px) 100vw, 800px\" \/><\/a><\/p>\n<p><center><\/center><center><\/center>&nbsp;<\/p>\n<p><center><b>OGGI<\/b><\/center>Sole e cielo perlopi\u00f9 sereno salvo transito di qualche temporanee sottile nube alta in grado di velare il cielo da met\u00e0 pomeriggio in poi. Il contesto termico diurno continuer\u00e0 ad essere quasi primaverile nelle valli con grande escursione termica tra la notte ed il giorno. <b>Precipitazioni: <\/b>Assenti\u00a0 <b>Temperature: <\/b>Senza notevoli variazione nelle valli<\/p>\n<p>&nbsp;<\/p>\n<hr \/>\n<p><center><b>DOMANI<\/b><\/center>Al mattino sole e cielo sereno, mentre nubi medio-alte stratiformi potrebbero ridurre leggermente il soleggiamento del pomeriggio, prima che il cielo torni a rasserenarsi alla sera. Come nei giorni precedenti forte escursione termica giornaliera nelle valli dolomitiche e nei fondovalle prealpini con gelo notturno e mitezza diurna. <b>Precipitazioni: <\/b>Assenti<br \/>\n<b>Temperature: <\/b>Senza notevoli variazioni a tutte le quote rispetto a venerd\u00ec, salvo lieve flessione delle massime nelle valli.<\/p>\n<p>&nbsp;<\/p>\n<hr \/>\n<p><center><b>DOMENICA<\/b><\/center>Minore soleggiamento, anche se con ampi tratti soleggiati al mattino, e maggiore presenza di nubi fino a cielo coperto dal pomeriggio in poi. Copertura nuvolosa associata ad un peggioramento del tempo a partire dalle Prealpi occidentali in serata, in estensione al resto dei monti nella notte seguente. Temperature in leggera flessione, salvo aumento delle minime nelle valli.<\/p>\n<p>&nbsp;<\/p>\n<hr \/>\n<p><center><b>LUNEDI<\/b><\/center>Breve fase di maltempo notturno e al primo mattino con precipitazioni diffuse, nevose oltre i 1400-1600 m. Poi per gran parte della giornata tempo variabile con cielo in prevalenza molto nuvoloso, senza escludere del tutto qualche residuo fenomeno. Temperature minime in aumento e massime in ulteriore diminuzione, pi\u00f9 marcata nelle valli.<\/p>\n<p>&nbsp;<\/p>\n<hr \/>\n<p>&nbsp;<\/p>\n<p class=\"mceTemp\"><a class=\"dt-pswp-item\" href=\"https:\/\/www.radiopiu.net\/wordpress\/wp-content\/uploads\/2018\/09\/sport.jpg\" data-dt-img-description=\"\" data-large_image_width=\"800\" data-large_image_height=\"100\"><img loading=\"lazy\" decoding=\"async\" class=\"aligncenter wp-image-60761 size-full\" src=\"https:\/\/www.radiopiu.net\/wordpress\/wp-content\/uploads\/2018\/09\/sport.jpg\" alt=\"\" width=\"800\" height=\"100\" srcset=\"https:\/\/www.radiopiu.net\/wordpress\/wp-content\/uploads\/2018\/09\/sport.jpg 800w, https:\/\/www.radiopiu.net\/wordpress\/wp-content\/uploads\/2018\/09\/sport-300x38.jpg 300w, https:\/\/www.radiopiu.net\/wordpress\/wp-content\/uploads\/2018\/09\/sport-768x96.jpg 768w\" sizes=\"auto, (max-width: 800px) 100vw, 800px\" \/> <\/a><\/p>\n<p class=\"mceTemp\"><span style=\"color: #0000ff;\"><strong>\u00a0 \u00a0 \u00a0 \u00a0<\/strong><\/span><\/p>\n<p><span style=\"color: #0000ff;\"><strong>HOCKEY SU GHIACCIO<\/strong><\/span><\/p>\n<blockquote>\n<h3>TERMINA LA STAGIONE PER L&#8217;ALLEGHE, VARESE IN SEMIFINALE. IL FELTRE VINCE CON L&#8217;APPIANO E SI PORTA IN VANTAGGIO NELLA SERIE<\/h3>\n<\/blockquote>\n<p><strong>DI MARCO GAZ<\/strong><\/p>\n<p><strong>IHL \u2013 GARA 3 QUARTI DI FINALE<\/strong><\/p>\n<p><strong>VARESE \u2013 ALLEGHE 4-1 (VARESE IN SEMIFINALE)<\/strong><\/p>\n<p>PARZIALI: 0-0, 4-0, 0-1<\/p>\n<p>GOL: st. 0\u201942\u201d Kuronen, 3\u201924\u201d e 5\u201932\u201d Perino, 6\u201929\u201d Mazzacane. tt. 10\u201928\u201d Iori<\/p>\n<p>Si chiude in gara 3 dei quarti di finale la stagione dell\u2019Alleghe. Le civette non sono riuscite a tenere il passo del Varese crollando nel secondo tempo e lasciando una prateria agli avversari. I mastini hanno dimostrato di essere superiori vincendo tre gare su tre subendo pochi gol e sapendo colpire al momento giusto. Si chiude la stagione per gli agordini dopo un campionato di alti e bassi ma centrando l\u2019obbiettivo playoff come concordato ad inizio stagione. Ora si inizier\u00e0 a mettere le basi per il prossimo campionato con la consapevolezza che Surenki sar\u00e0 ancora l\u2019allenatore delle civette anche il prossimo anno. Intanto il Varese trappa il pass per le semifinali del campionato. Subito pericolosi i mastini che dopo solo 30\u201d di gioco colpiscono il palo con Ghiglione. Subito un brivido per gli agordini che provano a farsi vivi dalle parti del golie lombardo. Il Varese \u00e8 sornione e aspetta che gli avversari commettano qualche errore per impensierire le Civette. \u00c8 un assedio dei padroni di casa ma De Nardin riesce a mantenere inviolata la porta. Alleghe che prova a rispondere con Martini e Moberg ma senza trovare la porta. I biancorossi passano indenni un\u2019inferiorit\u00e0 numerica e il Varese chiude la prima frazione con una serie di conclusioni che non centrano i pali. Passano pochi secondi dall\u2019inizio del secondo drittel e i mastini passano in vantaggio. Tiro di Kuronen, De Nardin non blocca e il disco oltrepassa la linea di porta. Agordini che provano a rispondere con Iori ma il golie avversario non si fa sorprendere. Arriva subito dopo il raddoppio del Varese. Errore in fase difensiva e disco che arriva a Perino che non sbaglia. Vallazza va in panca puniti e Perino trova la terza marcatura lombarda. Il Varese cala il poker e l\u2019Alleghe spegne definitivamente la luce. Nel terzo tempo le squadre giocano a pieno ritmo con occasioni da entrambi i lati. le civette le provano tutte pur di trovare la rete della bandiera ma la porta sembra stregata. Dopo un\u2019azione insistita, i biancorossi trovano la prima rete della serata in powerplay con Iori. finale di gara nervoso per gli alleghesi con gli arbitri costretti a spedire in panca puniti gli agordini pi\u00f9 volte.<\/p>\n<p><strong>LE FOTO DI ROBERTO MIANA<\/strong><\/p>\n\n\t\t\t<style type='text\/css'>\n\t\t\t\t#gallery-6 {\n\t\t\t\t\tmargin: auto;\n\t\t\t\t}\n\t\t\t\t#gallery-6 .gallery-item {\n\t\t\t\t\tfloat: left;\n\t\t\t\t\tmargin-top: 10px;\n\t\t\t\t\ttext-align: center;\n\t\t\t\t\twidth: 16%;\n\t\t\t\t}\n\t\t\t\t#gallery-6 img {\n\t\t\t\t\tborder: 2px solid #cfcfcf;\n\t\t\t\t}\n\t\t\t\t#gallery-6 .gallery-caption {\n\t\t\t\t\tmargin-left: 0;\n\t\t\t\t}\n\t\t\t\t\/* see gallery_shortcode() in wp-includes\/media.php *\/\n\t\t\t<\/style>\n\t\t<div id='gallery-6' class='dt-gallery-container gallery galleryid-438097 gallery-columns-6 gallery-size-thumbnail'><dl class='gallery-item'>\n\t\t\t\t<dt class='gallery-icon landscape'>\n\t\t\t\t\t<a class=\"rollover rollover-zoom dt-pswp-item\" title=\"23d7a84e-4290-4829-b539-efce99dfce06\" data-dt-img-description=\"\" data-large_image_width=\"1600\" data-large_image_height=\"1200\"href='https:\/\/www.radiopiu.net\/wordpress\/wp-content\/uploads\/2025\/03\/23d7a84e-4290-4829-b539-efce99dfce06.jpg'><img loading=\"lazy\" decoding=\"async\" width=\"150\" height=\"150\" src=\"https:\/\/www.radiopiu.net\/wordpress\/wp-content\/uploads\/2025\/03\/23d7a84e-4290-4829-b539-efce99dfce06-150x150.jpg\" class=\"attachment-thumbnail size-thumbnail\" alt=\"\" \/><\/a>\n\t\t\t\t<\/dt><\/dl><dl class='gallery-item'>\n\t\t\t\t<dt class='gallery-icon landscape'>\n\t\t\t\t\t<a class=\"rollover rollover-zoom dt-pswp-item\" title=\"fae11555-1830-47e3-9771-4d0a955ecc72\" data-dt-img-description=\"\" data-large_image_width=\"1600\" data-large_image_height=\"1200\"href='https:\/\/www.radiopiu.net\/wordpress\/wp-content\/uploads\/2025\/03\/fae11555-1830-47e3-9771-4d0a955ecc72.jpg'><img loading=\"lazy\" decoding=\"async\" width=\"150\" height=\"150\" src=\"https:\/\/www.radiopiu.net\/wordpress\/wp-content\/uploads\/2025\/03\/fae11555-1830-47e3-9771-4d0a955ecc72-150x150.jpg\" class=\"attachment-thumbnail size-thumbnail\" alt=\"\" \/><\/a>\n\t\t\t\t<\/dt><\/dl><dl class='gallery-item'>\n\t\t\t\t<dt class='gallery-icon landscape'>\n\t\t\t\t\t<a class=\"rollover rollover-zoom dt-pswp-item\" title=\"9976f5a7-bd89-40e5-9863-21ad2d4b777d\" data-dt-img-description=\"\" data-large_image_width=\"1600\" data-large_image_height=\"1200\"href='https:\/\/www.radiopiu.net\/wordpress\/wp-content\/uploads\/2025\/03\/9976f5a7-bd89-40e5-9863-21ad2d4b777d.jpg'><img loading=\"lazy\" decoding=\"async\" width=\"150\" height=\"150\" src=\"https:\/\/www.radiopiu.net\/wordpress\/wp-content\/uploads\/2025\/03\/9976f5a7-bd89-40e5-9863-21ad2d4b777d-150x150.jpg\" class=\"attachment-thumbnail size-thumbnail\" alt=\"\" \/><\/a>\n\t\t\t\t<\/dt><\/dl><dl class='gallery-item'>\n\t\t\t\t<dt class='gallery-icon portrait'>\n\t\t\t\t\t<a class=\"rollover rollover-zoom dt-pswp-item\" title=\"9cd1466d-20f2-44b6-84d1-0e734846b946\" data-dt-img-description=\"\" data-large_image_width=\"1200\" data-large_image_height=\"1600\"href='https:\/\/www.radiopiu.net\/wordpress\/wp-content\/uploads\/2025\/03\/9cd1466d-20f2-44b6-84d1-0e734846b946.jpg'><img loading=\"lazy\" decoding=\"async\" width=\"150\" height=\"150\" src=\"https:\/\/www.radiopiu.net\/wordpress\/wp-content\/uploads\/2025\/03\/9cd1466d-20f2-44b6-84d1-0e734846b946-150x150.jpg\" class=\"attachment-thumbnail size-thumbnail\" alt=\"\" \/><\/a>\n\t\t\t\t<\/dt><\/dl><dl class='gallery-item'>\n\t\t\t\t<dt class='gallery-icon landscape'>\n\t\t\t\t\t<a class=\"rollover rollover-zoom dt-pswp-item\" title=\"0d47c44b-cced-410d-bc2d-ac873d7ebd21\" data-dt-img-description=\"\" data-large_image_width=\"1600\" data-large_image_height=\"1200\"href='https:\/\/www.radiopiu.net\/wordpress\/wp-content\/uploads\/2025\/03\/0d47c44b-cced-410d-bc2d-ac873d7ebd21.jpg'><img loading=\"lazy\" decoding=\"async\" width=\"150\" height=\"150\" src=\"https:\/\/www.radiopiu.net\/wordpress\/wp-content\/uploads\/2025\/03\/0d47c44b-cced-410d-bc2d-ac873d7ebd21-150x150.jpg\" class=\"attachment-thumbnail size-thumbnail\" alt=\"\" \/><\/a>\n\t\t\t\t<\/dt><\/dl><dl class='gallery-item'>\n\t\t\t\t<dt class='gallery-icon landscape'>\n\t\t\t\t\t<a class=\"rollover rollover-zoom dt-pswp-item\" title=\"a3627fee-f179-4e88-aa1a-096215fc8da7\" data-dt-img-description=\"\" data-large_image_width=\"1600\" data-large_image_height=\"1200\"href='https:\/\/www.radiopiu.net\/wordpress\/wp-content\/uploads\/2025\/03\/a3627fee-f179-4e88-aa1a-096215fc8da7.jpg'><img loading=\"lazy\" decoding=\"async\" width=\"150\" height=\"150\" src=\"https:\/\/www.radiopiu.net\/wordpress\/wp-content\/uploads\/2025\/03\/a3627fee-f179-4e88-aa1a-096215fc8da7-150x150.jpg\" class=\"attachment-thumbnail size-thumbnail\" alt=\"\" \/><\/a>\n\t\t\t\t<\/dt><\/dl><br style=\"clear: both\" \/>\n\t\t\t<\/div>\n\n<p>&nbsp;<\/p>\n<p><strong>FELTRE \u2013 APPIANO 7-2 (FELTRE IN VATAGGIO NELLA SERIE 2-1)<\/strong><\/p>\n<p>PARZIALI: 0-0, 5-0, 2-2<\/p>\n<p>GOL: st. 1\u201928\u201d Zampieri, 11\u201908\u201d Da Forno, 12\u201924\u201d Korkiakoski, 14\u201957\u201d Gabri, 19\u201942\u201d Dall\u2019Agnol. tt. 2\u201942\u201d Pichensteiner, 3\u201909\u201d Longhini, 4\u201906\u201d Eruzione, 19\u201905\u201d Atamanchuk<\/p>\n<p>Dopo una partita interminabile, il Feltre strappa la vittoria e si porta avanti nella serie dei quarti di finale con l\u2019Appaiano. Bella prestazione dei picchi che ingranano la marcia giusta nella sedonda frazione di gioco mettendo a segno un gol dopo l\u2019altro. I Pirati rimangono in partita per 30&#8242; e poi crolano prima di rinascere nel terzo tempo. Primi minuti di gara con le squadre che si studiano a lungo. Il Feltre prova la conclusione ma non centra i pali. Picchi che tengono in mano la sfida e provano pi\u00f9 volte a bucare la porta altoatesina ma senza riuscirci e si va al riposo a reti inviolate. I feltrini continuano a premere anche nel secondo tempo. La partita si sblocca con Zampieri al 30\u2019. Passa un minuto e Da Forno trova il gol del raddoppio. Il Feltre ci prende gusto e trova la terza marcatura con Korkiakoski e subito dopo cala il poker con Gabri. \u00a0A fine secondo tempo il quinto gol feltrino a firma di Dall\u2019Agnol. Nel terzo periodo i pirati accorciano le distanze ma Longhini ristabilisce le distanze per il Feltre. Risponde di nuovo l\u2019Appiano con Eruzione. Match che si scalda con gli arbitri costretti a punire giocatori da entrambi i lati. Si gioca alla pari e il Feltre incamera la seconda vittoria consecutiva nei quarti di finale con l\u2019ultimo gol a firma di Atamanchuk<\/p>\n<p>&nbsp;<\/p>\n<p><span style=\"color: #0000ff;\"><strong>SKIALP<\/strong><\/span><\/p>\n<blockquote>\n<p data-start=\"0\" data-end=\"75\"><strong data-start=\"0\" data-end=\"75\"><a class=\"dt-pswp-item\" href=\"https:\/\/www.radiopiu.net\/wordpress\/wp-content\/uploads\/2025\/03\/Senza-nome-30.png\" data-dt-img-description=\"\" data-large_image_width=\"363\" data-large_image_height=\"182\"><img loading=\"lazy\" decoding=\"async\" class=\"size-medium wp-image-438230 alignleft\" src=\"https:\/\/www.radiopiu.net\/wordpress\/wp-content\/uploads\/2025\/03\/Senza-nome-30-300x150.png\" alt=\"\" width=\"300\" height=\"150\" srcset=\"https:\/\/www.radiopiu.net\/wordpress\/wp-content\/uploads\/2025\/03\/Senza-nome-30-300x150.png 300w, https:\/\/www.radiopiu.net\/wordpress\/wp-content\/uploads\/2025\/03\/Senza-nome-30.png 363w\" sizes=\"auto, (max-width: 300px) 100vw, 300px\" \/><\/a>FALCADE: CONCLUSIONE DELLA SKI ALP 4 VALLI 2025 CON LA FALCADE-CAVERSON<\/strong><\/p>\n<\/blockquote>\n<p data-start=\"77\" data-end=\"843\" data-is-last-node=\"\" data-is-only-node=\"\"><strong>FALCADE<\/strong> Questa sera, alle 19:30, si terr\u00e0 la tappa conclusiva della Ski Alp 4 Valli 2025 con la Falcade-Caverson, un evento che promette emozioni forti per gli appassionati di sci alpinismo. La gara, interamente in salita, partir\u00e0 da Molino di Falcade e vedr\u00e0 i partecipanti sfidarsi lungo un percorso che li condurr\u00e0 verso la localit\u00e0 Caverson. La partenza sar\u00e0 libera dalle 19:30 alle 20:15, con i partecipanti che partiranno al segnale del cronometrista. La tappa rappresenta un momento clou per la competizione, che ha visto nelle precedenti giornate un grande coinvolgimento e spirito di competizione tra gli atleti. Concludere la Ski Alp 4 Valli con la Falcade-Caverson \u00e8 un appuntamento imperdibile per gli amanti dello sport e della montagna.<\/p>\n<p data-start=\"77\" data-end=\"843\" data-is-last-node=\"\" data-is-only-node=\"\"><span style=\"color: #0000ff;\"><strong>NUOTO<\/strong><\/span><\/p>\n<blockquote>\n<h3 data-start=\"77\" data-end=\"843\">SPORTIVAMENTE BELLUNO: QUANTE SODDISFAZIONI NELLE PISCINE DI ROSA&#8217; E MESTRE<\/h3>\n<\/blockquote>\n<p data-start=\"77\" data-end=\"843\" data-is-last-node=\"\" data-is-only-node=\"\">I nuotatori della Sportivamente Belluno hanno brillato ai Campionati regionali di categoria. A Ros\u00e0, tra i maschi, spicca Mattia Don\u00e0 (2011), che ha ottenuto i primati personali nei 100 e 200 dorso, qualificandosi per i Campionati italiani giovanili. Ottime prove anche per Vincenzo Iuliano, terzo nei 100 rana e record societario nei 200 rana, e per Mattia Brianti, che ha migliorato di 9 secondi il suo tempo negli 800 stile. Matthias De Boni ha mostrato progressi nei 200 rana. A Mestre, tra le ragazze, Anna Simon ha conquistato l\u2019argento nei 50 stile Juniores, mentre Elisa Petten\u00f2 ha ottenuto un argento nei 50 dorso e un bronzo nei 100 dorso Cadette. Minerva Dall\u2019O ha sfiorato il podio nei 50 dorso. I prossimi appuntamenti includono i Campionati regionali assoluti a Verona il 15-16 marzo e un meeting regionale il 23 marzo.<\/p>\n\n\t\t\t<style type='text\/css'>\n\t\t\t\t#gallery-7 {\n\t\t\t\t\tmargin: auto;\n\t\t\t\t}\n\t\t\t\t#gallery-7 .gallery-item {\n\t\t\t\t\tfloat: left;\n\t\t\t\t\tmargin-top: 10px;\n\t\t\t\t\ttext-align: center;\n\t\t\t\t\twidth: 50%;\n\t\t\t\t}\n\t\t\t\t#gallery-7 img {\n\t\t\t\t\tborder: 2px solid #cfcfcf;\n\t\t\t\t}\n\t\t\t\t#gallery-7 .gallery-caption {\n\t\t\t\t\tmargin-left: 0;\n\t\t\t\t}\n\t\t\t\t\/* see gallery_shortcode() in wp-includes\/media.php *\/\n\t\t\t<\/style>\n\t\t<div id='gallery-7' class='dt-gallery-container gallery galleryid-438097 gallery-columns-2 gallery-size-medium'><dl class='gallery-item'>\n\t\t\t\t<dt class='gallery-icon landscape'>\n\t\t\t\t\t<a class=\"rollover rollover-zoom dt-pswp-item\" title=\"Sportivamente_Belluno_a_Mestre\" data-dt-img-description=\"\" data-large_image_width=\"1931\" data-large_image_height=\"1174\"href='https:\/\/www.radiopiu.net\/wordpress\/wp-content\/uploads\/2025\/03\/Sportivamente_Belluno_a_Mestre.jpg'><img loading=\"lazy\" decoding=\"async\" width=\"300\" height=\"182\" src=\"https:\/\/www.radiopiu.net\/wordpress\/wp-content\/uploads\/2025\/03\/Sportivamente_Belluno_a_Mestre-300x182.jpg\" class=\"attachment-medium size-medium\" alt=\"\" srcset=\"https:\/\/www.radiopiu.net\/wordpress\/wp-content\/uploads\/2025\/03\/Sportivamente_Belluno_a_Mestre-300x182.jpg 300w, https:\/\/www.radiopiu.net\/wordpress\/wp-content\/uploads\/2025\/03\/Sportivamente_Belluno_a_Mestre-1024x623.jpg 1024w, https:\/\/www.radiopiu.net\/wordpress\/wp-content\/uploads\/2025\/03\/Sportivamente_Belluno_a_Mestre-768x467.jpg 768w, https:\/\/www.radiopiu.net\/wordpress\/wp-content\/uploads\/2025\/03\/Sportivamente_Belluno_a_Mestre-1536x934.jpg 1536w, https:\/\/www.radiopiu.net\/wordpress\/wp-content\/uploads\/2025\/03\/Sportivamente_Belluno_a_Mestre.jpg 1931w\" sizes=\"auto, (max-width: 300px) 100vw, 300px\" \/><\/a>\n\t\t\t\t<\/dt><\/dl><dl class='gallery-item'>\n\t\t\t\t<dt class='gallery-icon portrait'>\n\t\t\t\t\t<a class=\"rollover rollover-zoom dt-pswp-item\" title=\"Sportivamente_Belluno_a_Rosa\" data-dt-img-description=\"\" data-large_image_width=\"480\" data-large_image_height=\"507\"href='https:\/\/www.radiopiu.net\/wordpress\/wp-content\/uploads\/2025\/03\/Sportivamente_Belluno_a_Rosa.jpg'><img loading=\"lazy\" decoding=\"async\" width=\"284\" height=\"300\" src=\"https:\/\/www.radiopiu.net\/wordpress\/wp-content\/uploads\/2025\/03\/Sportivamente_Belluno_a_Rosa-284x300.jpg\" class=\"attachment-medium size-medium\" alt=\"\" srcset=\"https:\/\/www.radiopiu.net\/wordpress\/wp-content\/uploads\/2025\/03\/Sportivamente_Belluno_a_Rosa-284x300.jpg 284w, https:\/\/www.radiopiu.net\/wordpress\/wp-content\/uploads\/2025\/03\/Sportivamente_Belluno_a_Rosa.jpg 480w\" sizes=\"auto, (max-width: 284px) 100vw, 284px\" \/><\/a>\n\t\t\t\t<\/dt><\/dl><br style=\"clear: both\" \/>\n\t\t\t<\/div>\n\n<p>&nbsp;<\/p>\n<p>&nbsp;<\/p>\n<p>&nbsp;<\/p>\n<p>&nbsp;<\/p>\n<p>&nbsp;<\/p>\n<p>__<\/p>\n","protected":false},"excerpt":{"rendered":"<p>********* &nbsp; LA\u00a0 APP PER IOS-IPHONE di Nicola Vettorello https:\/\/apps.apple.com\/it\/app\/radio-pi%C3%B9-emittente-agordina\/id1515939845 LA\u00a0 APP RADIO\u00a0 PER ANDROID di Nicola Vettorello https:\/\/play.google.com\/store\/apps\/details?id=net.radiopiu.iniko\u00a0\u00a0\u00a0\u00a0 &nbsp; &nbsp; &nbsp; RADIO PIU&#8217; CAMBIA CANALE IN DAB \u00a0 REDAZIONE Novit\u00e0 in vista per gli ascoltatori di Radio Pi\u00f9 in DAB+. E&#8217; iniziato il processo di modifica del canale di trasmissione radiofonica, che passer\u00e0 dalla&hellip;<\/p>\n","protected":false},"author":4,"featured_media":438366,"comment_status":"closed","ping_status":"closed","sticky":false,"template":"","format":"standard","meta":{"_monsterinsights_skip_tracking":false,"_monsterinsights_sitenote_active":false,"_monsterinsights_sitenote_note":"","_monsterinsights_sitenote_category":0,"footnotes":""},"categories":[51,86,49],"tags":[],"class_list":["post-438097","post","type-post","status-publish","format-standard","has-post-thumbnail","hentry","category-evidenza-top","category-gr","category-news-18","category-51","category-86","category-49","description-off"],"img_url":"https:\/\/www.radiopiu.net\/wordpress\/wp-content\/uploads\/2025\/03\/Senza-nome-33.png","_links":{"self":[{"href":"https:\/\/www.radiopiu.net\/wordpress\/wp-json\/wp\/v2\/posts\/438097","targetHints":{"allow":["GET"]}}],"collection":[{"href":"https:\/\/www.radiopiu.net\/wordpress\/wp-json\/wp\/v2\/posts"}],"about":[{"href":"https:\/\/www.radiopiu.net\/wordpress\/wp-json\/wp\/v2\/types\/post"}],"author":[{"embeddable":true,"href":"https:\/\/www.radiopiu.net\/wordpress\/wp-json\/wp\/v2\/users\/4"}],"replies":[{"embeddable":true,"href":"https:\/\/www.radiopiu.net\/wordpress\/wp-json\/wp\/v2\/comments?post=438097"}],"version-history":[{"count":28,"href":"https:\/\/www.radiopiu.net\/wordpress\/wp-json\/wp\/v2\/posts\/438097\/revisions"}],"predecessor-version":[{"id":438404,"href":"https:\/\/www.radiopiu.net\/wordpress\/wp-json\/wp\/v2\/posts\/438097\/revisions\/438404"}],"wp:featuredmedia":[{"embeddable":true,"href":"https:\/\/www.radiopiu.net\/wordpress\/wp-json\/wp\/v2\/media\/438366"}],"wp:attachment":[{"href":"https:\/\/www.radiopiu.net\/wordpress\/wp-json\/wp\/v2\/media?parent=438097"}],"wp:term":[{"taxonomy":"category","embeddable":true,"href":"https:\/\/www.radiopiu.net\/wordpress\/wp-json\/wp\/v2\/categories?post=438097"},{"taxonomy":"post_tag","embeddable":true,"href":"https:\/\/www.radiopiu.net\/wordpress\/wp-json\/wp\/v2\/tags?post=438097"}],"curies":[{"name":"wp","href":"https:\/\/api.w.org\/{rel}","templated":true}]}}