{"id":438168,"date":"2025-03-06T07:39:18","date_gmt":"2025-03-06T06:39:18","guid":{"rendered":"https:\/\/www.radiopiu.net\/wordpress\/?p=438168"},"modified":"2025-03-06T15:09:52","modified_gmt":"2025-03-06T14:09:52","slug":"time-for-me-la-comunita-di-radio-piu-si-allarga-con-christian-baggio","status":"publish","type":"post","link":"https:\/\/www.radiopiu.net\/wordpress\/time-for-me-la-comunita-di-radio-piu-si-allarga-con-christian-baggio\/","title":{"rendered":"TIME FOR ME: LA COMUNIT\u00c0 DI RADIO PI\u00d9 SI ALLARGA CON CHRISTIAN BAGGIO"},"content":{"rendered":"<p>***<\/p>\n<h3 data-start=\"32\" data-end=\"111\"><\/h3>\n<p data-start=\"113\" data-end=\"384\"><a class=\"dt-pswp-item\" href=\"https:\/\/www.radiopiu.net\/wordpress\/wp-content\/uploads\/2025\/03\/89e51c09-60f6-4bfa-9d74-2e51d16563a2.jpg\" data-dt-img-description=\"\" data-large_image_width=\"1080\" data-large_image_height=\"886\"><img loading=\"lazy\" decoding=\"async\" class=\" wp-image-438166 alignleft\" src=\"https:\/\/www.radiopiu.net\/wordpress\/wp-content\/uploads\/2025\/03\/89e51c09-60f6-4bfa-9d74-2e51d16563a2-300x246.jpg\" alt=\"\" width=\"191\" height=\"157\" srcset=\"https:\/\/www.radiopiu.net\/wordpress\/wp-content\/uploads\/2025\/03\/89e51c09-60f6-4bfa-9d74-2e51d16563a2-300x246.jpg 300w, https:\/\/www.radiopiu.net\/wordpress\/wp-content\/uploads\/2025\/03\/89e51c09-60f6-4bfa-9d74-2e51d16563a2-1024x840.jpg 1024w, https:\/\/www.radiopiu.net\/wordpress\/wp-content\/uploads\/2025\/03\/89e51c09-60f6-4bfa-9d74-2e51d16563a2-768x630.jpg 768w, https:\/\/www.radiopiu.net\/wordpress\/wp-content\/uploads\/2025\/03\/89e51c09-60f6-4bfa-9d74-2e51d16563a2.jpg 1080w\" sizes=\"auto, (max-width: 191px) 100vw, 191px\" \/><\/a>Oggi, per la 33\u00aa volta, <em data-start=\"137\" data-end=\"150\">Time for Me<\/em>, il programma condotto da Marina Don\u00e0, apre le porte alla comunit\u00e0 di Radio Pi\u00f9, accogliendo un nuovo ospite speciale: Christian Baggio. L\u2019appuntamento \u00e8 fissato per le 15.10, con replica questa sera alle 23.00. Era il 26 aprile quando andava in onda la prima puntata con ospite Laura Ballis, dando il via a un viaggio fatto di incontri, storie e condivisione. Da allora, puntata dopo puntata, il programma ha consolidato il suo spazio all&#8217;interno del palinsesto di Radio Pi\u00f9, offrendo un&#8217;opportunit\u00e0 di dialogo e confronto con personaggi di diversi ambiti. Per chi si fosse perso le precedenti puntate o volesse riascoltarle, \u00e8 possibile trovarle online cercando &#8220;TIME 4 ME RADIO PIU&#8221; sui motori di ricerca. L\u2019appuntamento di oggi si preannuncia ricco di spunti e riflessioni: non resta che sintonizzarsi per scoprire cosa riserver\u00e0 questa nuova chiacchierata con Christian Baggio.<\/p>\n<p data-start=\"113\" data-end=\"384\"><span style=\"color: #ff0000;\">OSPITE CHRISTIAN BAGGIO<\/span><\/p>\n<p data-start=\"113\" data-end=\"384\"><strong>PRIMA PARTE<\/strong><\/p>\n<audio class=\"wp-audio-shortcode\" id=\"audio-438168-1\" preload=\"none\" style=\"width: 100%;\" controls=\"controls\"><source type=\"audio\/mpeg\" src=\"https:\/\/www.radiopiu.net\/wordpress\/wp-content\/uploads\/2025\/03\/TIME-4-ME-CHRISTIAN-BAGGIO-1.mp3?_=1\" \/><a href=\"https:\/\/www.radiopiu.net\/wordpress\/wp-content\/uploads\/2025\/03\/TIME-4-ME-CHRISTIAN-BAGGIO-1.mp3\">https:\/\/www.radiopiu.net\/wordpress\/wp-content\/uploads\/2025\/03\/TIME-4-ME-CHRISTIAN-BAGGIO-1.mp3<\/a><\/audio>\n<p data-start=\"113\" data-end=\"384\"><strong>SECONDA PARTE<\/strong><\/p>\n<audio class=\"wp-audio-shortcode\" id=\"audio-438168-2\" preload=\"none\" style=\"width: 100%;\" controls=\"controls\"><source type=\"audio\/mpeg\" src=\"https:\/\/www.radiopiu.net\/wordpress\/wp-content\/uploads\/2025\/03\/TIME-4-ME-CHRISTIAN-BAGGIO-2.mp3?_=2\" \/><a href=\"https:\/\/www.radiopiu.net\/wordpress\/wp-content\/uploads\/2025\/03\/TIME-4-ME-CHRISTIAN-BAGGIO-2.mp3\">https:\/\/www.radiopiu.net\/wordpress\/wp-content\/uploads\/2025\/03\/TIME-4-ME-CHRISTIAN-BAGGIO-2.mp3<\/a><\/audio>\n<p data-start=\"113\" data-end=\"384\"><strong>TERZA PARTE<\/strong><\/p>\n<audio class=\"wp-audio-shortcode\" id=\"audio-438168-3\" preload=\"none\" style=\"width: 100%;\" controls=\"controls\"><source type=\"audio\/mpeg\" src=\"https:\/\/www.radiopiu.net\/wordpress\/wp-content\/uploads\/2025\/03\/TIME-4-ME-CHRISTIAN-BAGGIO-3.mp3?_=3\" \/><a href=\"https:\/\/www.radiopiu.net\/wordpress\/wp-content\/uploads\/2025\/03\/TIME-4-ME-CHRISTIAN-BAGGIO-3.mp3\">https:\/\/www.radiopiu.net\/wordpress\/wp-content\/uploads\/2025\/03\/TIME-4-ME-CHRISTIAN-BAGGIO-3.mp3<\/a><\/audio>\n<hr \/>\n<p data-start=\"901\" data-end=\"1080\">\n","protected":false},"excerpt":{"rendered":"<p>*** Oggi, per la 33\u00aa volta, Time for Me, il programma condotto da Marina Don\u00e0, apre le porte alla comunit\u00e0 di Radio Pi\u00f9, accogliendo un nuovo ospite speciale: Christian Baggio. L\u2019appuntamento \u00e8 fissato per le 15.10, con replica questa sera alle 23.00. Era il 26 aprile quando andava in onda la prima puntata con ospite&hellip;<\/p>\n","protected":false},"author":4,"featured_media":438166,"comment_status":"closed","ping_status":"closed","sticky":false,"template":"","format":"standard","meta":{"_monsterinsights_skip_tracking":false,"_monsterinsights_sitenote_active":false,"_monsterinsights_sitenote_note":"","_monsterinsights_sitenote_category":0,"footnotes":""},"categories":[49],"tags":[],"class_list":["post-438168","post","type-post","status-publish","format-standard","has-post-thumbnail","hentry","category-news-18","category-49","description-off"],"img_url":"https:\/\/www.radiopiu.net\/wordpress\/wp-content\/uploads\/2025\/03\/89e51c09-60f6-4bfa-9d74-2e51d16563a2.jpg","_links":{"self":[{"href":"https:\/\/www.radiopiu.net\/wordpress\/wp-json\/wp\/v2\/posts\/438168","targetHints":{"allow":["GET"]}}],"collection":[{"href":"https:\/\/www.radiopiu.net\/wordpress\/wp-json\/wp\/v2\/posts"}],"about":[{"href":"https:\/\/www.radiopiu.net\/wordpress\/wp-json\/wp\/v2\/types\/post"}],"author":[{"embeddable":true,"href":"https:\/\/www.radiopiu.net\/wordpress\/wp-json\/wp\/v2\/users\/4"}],"replies":[{"embeddable":true,"href":"https:\/\/www.radiopiu.net\/wordpress\/wp-json\/wp\/v2\/comments?post=438168"}],"version-history":[{"count":4,"href":"https:\/\/www.radiopiu.net\/wordpress\/wp-json\/wp\/v2\/posts\/438168\/revisions"}],"predecessor-version":[{"id":438259,"href":"https:\/\/www.radiopiu.net\/wordpress\/wp-json\/wp\/v2\/posts\/438168\/revisions\/438259"}],"wp:featuredmedia":[{"embeddable":true,"href":"https:\/\/www.radiopiu.net\/wordpress\/wp-json\/wp\/v2\/media\/438166"}],"wp:attachment":[{"href":"https:\/\/www.radiopiu.net\/wordpress\/wp-json\/wp\/v2\/media?parent=438168"}],"wp:term":[{"taxonomy":"category","embeddable":true,"href":"https:\/\/www.radiopiu.net\/wordpress\/wp-json\/wp\/v2\/categories?post=438168"},{"taxonomy":"post_tag","embeddable":true,"href":"https:\/\/www.radiopiu.net\/wordpress\/wp-json\/wp\/v2\/tags?post=438168"}],"curies":[{"name":"wp","href":"https:\/\/api.w.org\/{rel}","templated":true}]}}