{"id":438189,"date":"2025-03-06T11:02:27","date_gmt":"2025-03-06T10:02:27","guid":{"rendered":"https:\/\/www.radiopiu.net\/wordpress\/?p=438189"},"modified":"2025-03-07T05:55:29","modified_gmt":"2025-03-07T04:55:29","slug":"maschere-arcaiche-e-dolomiti-ladine-in-mostra-a-conegliano-lantica-tradizione-delle-montagne","status":"publish","type":"post","link":"https:\/\/www.radiopiu.net\/wordpress\/maschere-arcaiche-e-dolomiti-ladine-in-mostra-a-conegliano-lantica-tradizione-delle-montagne\/","title":{"rendered":"MASCHERE ARCAICHE E DOLOMITI LADINE IN MOSTRA A CONEGLIANO: L&#8217;ANTICA TRADIZIONE DELLE MONTAGNE"},"content":{"rendered":"<p>***<\/p>\n<p data-start=\"0\" data-end=\"100\"><strong>CONEGLIANO<\/strong><\/p>\n<p data-start=\"102\" data-end=\"464\">Oggi\u00a0 si apre un viaggio affascinante nella cultura e nelle tradizioni delle Dolomiti Ladine con la mostra dedicata alle <strong data-start=\"247\" data-end=\"268\">maschere arcaiche<\/strong>. Un evento che porta alla luce l\u2019antico legame tra uomo, natura e spirito, attraverso l\u2019esposizione di volti intagliati nel legno, simboli di riti e credenze che affondano le radici nei secoli. Tra i protagonisti alla mostra, Paolo Casagrande, noto per la sua interpretazione dell&#8217;<strong data-start=\"554\" data-end=\"570\">Om Salvarech<\/strong>, la figura leggendaria dell\u2019uomo selvatico. Le sue maschere raccontano la storia di un mondo sospeso tra realt\u00e0 e mito, dove l\u2019essenza della montagna si fonde con la spiritualit\u00e0 delle antiche comunit\u00e0. Maschera gi\u00e0 presente a Canale d&#8217;Agordo con la\u00a0 Zinghenesta e al carnevale di Laste di Rocca Pietore, luoghi dove queste tradizioni sono ancora vive e sentite.<\/p>\n<p data-start=\"102\" data-end=\"464\">\n<p data-start=\"102\" data-end=\"464\"><a class=\"dt-pswp-item\" href=\"https:\/\/www.radiopiu.net\/wordpress\/wp-content\/uploads\/2025\/03\/1000047680-1.jpg\" data-dt-img-description=\"\" data-large_image_width=\"1536\" data-large_image_height=\"2048\"><img loading=\"lazy\" decoding=\"async\" class=\"size-medium wp-image-438192 aligncenter\" src=\"https:\/\/www.radiopiu.net\/wordpress\/wp-content\/uploads\/2025\/03\/1000047680-1-225x300.jpg\" alt=\"\" width=\"225\" height=\"300\" srcset=\"https:\/\/www.radiopiu.net\/wordpress\/wp-content\/uploads\/2025\/03\/1000047680-1-225x300.jpg 225w, https:\/\/www.radiopiu.net\/wordpress\/wp-content\/uploads\/2025\/03\/1000047680-1-768x1024.jpg 768w, https:\/\/www.radiopiu.net\/wordpress\/wp-content\/uploads\/2025\/03\/1000047680-1-1152x1536.jpg 1152w, https:\/\/www.radiopiu.net\/wordpress\/wp-content\/uploads\/2025\/03\/1000047680-1.jpg 1536w\" sizes=\"auto, (max-width: 225px) 100vw, 225px\" \/><\/a><\/p>\n<p data-start=\"102\" data-end=\"464\">\n<hr \/>\n<p data-start=\"102\" data-end=\"464\">___<\/p>\n","protected":false},"excerpt":{"rendered":"<p>*** CONEGLIANO Oggi\u00a0 si apre un viaggio affascinante nella cultura e nelle tradizioni delle Dolomiti Ladine con la mostra dedicata alle maschere arcaiche. Un evento che porta alla luce l\u2019antico legame tra uomo, natura e spirito, attraverso l\u2019esposizione di volti intagliati nel legno, simboli di riti e credenze che affondano le radici nei secoli. Tra&hellip;<\/p>\n","protected":false},"author":4,"featured_media":438191,"comment_status":"closed","ping_status":"closed","sticky":false,"template":"","format":"standard","meta":{"_monsterinsights_skip_tracking":false,"_monsterinsights_sitenote_active":false,"_monsterinsights_sitenote_note":"","_monsterinsights_sitenote_category":0,"footnotes":""},"categories":[104,49],"tags":[],"class_list":["post-438189","post","type-post","status-publish","format-standard","has-post-thumbnail","hentry","category-evidenza_3","category-news-18","category-104","category-49","description-off"],"img_url":"https:\/\/www.radiopiu.net\/wordpress\/wp-content\/uploads\/2025\/03\/Senza-nome-29.png","_links":{"self":[{"href":"https:\/\/www.radiopiu.net\/wordpress\/wp-json\/wp\/v2\/posts\/438189","targetHints":{"allow":["GET"]}}],"collection":[{"href":"https:\/\/www.radiopiu.net\/wordpress\/wp-json\/wp\/v2\/posts"}],"about":[{"href":"https:\/\/www.radiopiu.net\/wordpress\/wp-json\/wp\/v2\/types\/post"}],"author":[{"embeddable":true,"href":"https:\/\/www.radiopiu.net\/wordpress\/wp-json\/wp\/v2\/users\/4"}],"replies":[{"embeddable":true,"href":"https:\/\/www.radiopiu.net\/wordpress\/wp-json\/wp\/v2\/comments?post=438189"}],"version-history":[{"count":1,"href":"https:\/\/www.radiopiu.net\/wordpress\/wp-json\/wp\/v2\/posts\/438189\/revisions"}],"predecessor-version":[{"id":438193,"href":"https:\/\/www.radiopiu.net\/wordpress\/wp-json\/wp\/v2\/posts\/438189\/revisions\/438193"}],"wp:featuredmedia":[{"embeddable":true,"href":"https:\/\/www.radiopiu.net\/wordpress\/wp-json\/wp\/v2\/media\/438191"}],"wp:attachment":[{"href":"https:\/\/www.radiopiu.net\/wordpress\/wp-json\/wp\/v2\/media?parent=438189"}],"wp:term":[{"taxonomy":"category","embeddable":true,"href":"https:\/\/www.radiopiu.net\/wordpress\/wp-json\/wp\/v2\/categories?post=438189"},{"taxonomy":"post_tag","embeddable":true,"href":"https:\/\/www.radiopiu.net\/wordpress\/wp-json\/wp\/v2\/tags?post=438189"}],"curies":[{"name":"wp","href":"https:\/\/api.w.org\/{rel}","templated":true}]}}