{"id":438197,"date":"2025-03-06T15:00:45","date_gmt":"2025-03-06T14:00:45","guid":{"rendered":"https:\/\/www.radiopiu.net\/wordpress\/?p=438197"},"modified":"2025-03-07T05:54:55","modified_gmt":"2025-03-07T04:54:55","slug":"la-frana-di-lagunaz-in-valle-di-san-lucano-documenti","status":"publish","type":"post","link":"https:\/\/www.radiopiu.net\/wordpress\/la-frana-di-lagunaz-in-valle-di-san-lucano-documenti\/","title":{"rendered":"LA FRANA DI LAGUNAZ  IN VALLE DI SAN LUCANO &#8211; DOCUMENTI &#8211;"},"content":{"rendered":"<p>**<\/p>\n<p>TAIBON La frana di Lagun\u00e0z si verific\u00f2 nella notte tra il 2 e il 3 dicembre 1908 nella Valle di San Lucano, nel comune di Taibon Agordino, provincia di Belluno. Un consistente distacco di roccia colp\u00ec gli abitati di Pr\u00e0 e Lagun\u00e0z, causando la morte di 28 persone, alcune delle quali non furono mai recuperate e rimasero sepolte sotto i detriti.\u00a0 Le cause della frana furono attribuite a una combinazione di fattori, tra cui cicli di gelo e disgelo (crioclastismo), scosse sismiche e fenomeni di gelivazione, che portarono al crollo di un torrione roccioso strapiombante sulla valle.\u00a0La tragedia ebbe un forte impatto sulla comunit\u00e0 locale e fu ampiamente riportata dai giornali dell&#8217;epoca, come la Domenica del Corriere, che dedic\u00f2 illustrazioni all&#8217;evento. La casa della famiglia Benvegn\u00f9 fu distrutta, seppellendo otto persone, di cui quattro non furono mai recuperate.\u00a0 Oggi, la zona della frana \u00e8 parte di itinerari geologici e naturalistici, come il &#8220;Sentiero della Terra&#8221; del progetto &#8220;The Dolomia Way&#8221;, che attraversa i luoghi colpiti dall&#8217;evento e offre spunti per comprendere la geologia delle Dolomiti.<\/p>\n<p><strong>ARCHIVIO GIULIANO LAVEDER<\/strong><\/p>\n<p><a class=\"dt-pswp-item\" href=\"https:\/\/www.radiopiu.net\/wordpress\/wp-content\/uploads\/2025\/03\/16f9d9dd-0bb4-4328-805f-7f7801ff23ec.jpg\" data-dt-img-description=\"\" data-large_image_width=\"640\" data-large_image_height=\"876\"><img loading=\"lazy\" decoding=\"async\" class=\"wp-image-438198 size-full aligncenter\" src=\"https:\/\/www.radiopiu.net\/wordpress\/wp-content\/uploads\/2025\/03\/16f9d9dd-0bb4-4328-805f-7f7801ff23ec.jpg\" alt=\"\" width=\"640\" height=\"876\" srcset=\"https:\/\/www.radiopiu.net\/wordpress\/wp-content\/uploads\/2025\/03\/16f9d9dd-0bb4-4328-805f-7f7801ff23ec.jpg 640w, https:\/\/www.radiopiu.net\/wordpress\/wp-content\/uploads\/2025\/03\/16f9d9dd-0bb4-4328-805f-7f7801ff23ec-219x300.jpg 219w\" sizes=\"auto, (max-width: 640px) 100vw, 640px\" \/><\/a><\/p>\n<p><a class=\"dt-pswp-item\" href=\"https:\/\/www.radiopiu.net\/wordpress\/wp-content\/uploads\/2025\/03\/6fe208b3-3e72-4b42-9c4b-9c46304b6480.jpg\" data-dt-img-description=\"\" data-large_image_width=\"640\" data-large_image_height=\"876\"><img loading=\"lazy\" decoding=\"async\" class=\"wp-image-438199 size-full aligncenter\" src=\"https:\/\/www.radiopiu.net\/wordpress\/wp-content\/uploads\/2025\/03\/6fe208b3-3e72-4b42-9c4b-9c46304b6480.jpg\" alt=\"\" width=\"640\" height=\"876\" srcset=\"https:\/\/www.radiopiu.net\/wordpress\/wp-content\/uploads\/2025\/03\/6fe208b3-3e72-4b42-9c4b-9c46304b6480.jpg 640w, https:\/\/www.radiopiu.net\/wordpress\/wp-content\/uploads\/2025\/03\/6fe208b3-3e72-4b42-9c4b-9c46304b6480-219x300.jpg 219w\" sizes=\"auto, (max-width: 640px) 100vw, 640px\" \/><\/a><\/p>\n<p><a class=\"dt-pswp-item\" href=\"https:\/\/www.radiopiu.net\/wordpress\/wp-content\/uploads\/2025\/03\/1f1d3beb-f8b4-4567-9359-110aa43cde83.jpg\" data-dt-img-description=\"\" data-large_image_width=\"272\" data-large_image_height=\"283\"><img loading=\"lazy\" decoding=\"async\" class=\"wp-image-438200 size-full aligncenter\" src=\"https:\/\/www.radiopiu.net\/wordpress\/wp-content\/uploads\/2025\/03\/1f1d3beb-f8b4-4567-9359-110aa43cde83.jpg\" alt=\"\" width=\"272\" height=\"283\" \/><\/a><a class=\"dt-pswp-item\" href=\"https:\/\/www.radiopiu.net\/wordpress\/wp-content\/uploads\/2025\/03\/34dc783d-2571-4e03-970d-c46c11f494ad.jpg\" data-dt-img-description=\"\" data-large_image_width=\"640\" data-large_image_height=\"876\"><img loading=\"lazy\" decoding=\"async\" class=\"wp-image-438202 size-full aligncenter\" src=\"https:\/\/www.radiopiu.net\/wordpress\/wp-content\/uploads\/2025\/03\/34dc783d-2571-4e03-970d-c46c11f494ad.jpg\" alt=\"\" width=\"640\" height=\"876\" srcset=\"https:\/\/www.radiopiu.net\/wordpress\/wp-content\/uploads\/2025\/03\/34dc783d-2571-4e03-970d-c46c11f494ad.jpg 640w, https:\/\/www.radiopiu.net\/wordpress\/wp-content\/uploads\/2025\/03\/34dc783d-2571-4e03-970d-c46c11f494ad-219x300.jpg 219w\" sizes=\"auto, (max-width: 640px) 100vw, 640px\" \/><\/a>la raccolta completa<\/p>\n<blockquote class=\"wp-embedded-content\" data-secret=\"4kWctvbqLy\"><p><a href=\"https:\/\/www.radiopiu.net\/wordpress\/storie-fotografiche-dal-passato-archivio-giuliano-laveder\/\">LA RACCOLTA COMPLETA. archivio privato giuliano laveder<\/a><\/p><\/blockquote>\n<p><iframe loading=\"lazy\" class=\"wp-embedded-content\" sandbox=\"allow-scripts\" security=\"restricted\" style=\"position: absolute; visibility: hidden;\" title=\"&#8220;LA RACCOLTA COMPLETA. archivio privato giuliano laveder&#8221; &#8212; Radio Pi\u00f9\" src=\"https:\/\/www.radiopiu.net\/wordpress\/storie-fotografiche-dal-passato-archivio-giuliano-laveder\/embed\/#?secret=65XdX54SyJ#?secret=4kWctvbqLy\" data-secret=\"4kWctvbqLy\" width=\"600\" height=\"338\" frameborder=\"0\" marginwidth=\"0\" marginheight=\"0\" scrolling=\"no\"><\/iframe><\/p>\n","protected":false},"excerpt":{"rendered":"<p>** TAIBON La frana di Lagun\u00e0z si verific\u00f2 nella notte tra il 2 e il 3 dicembre 1908 nella Valle di San Lucano, nel comune di Taibon Agordino, provincia di Belluno. Un consistente distacco di roccia colp\u00ec gli abitati di Pr\u00e0 e Lagun\u00e0z, causando la morte di 28 persone, alcune delle quali non furono mai&hellip;<\/p>\n","protected":false},"author":4,"featured_media":438202,"comment_status":"closed","ping_status":"closed","sticky":false,"template":"","format":"standard","meta":{"_monsterinsights_skip_tracking":false,"_monsterinsights_sitenote_active":false,"_monsterinsights_sitenote_note":"","_monsterinsights_sitenote_category":0,"footnotes":""},"categories":[104,49],"tags":[],"class_list":["post-438197","post","type-post","status-publish","format-standard","has-post-thumbnail","hentry","category-evidenza_3","category-news-18","category-104","category-49","description-off"],"img_url":"https:\/\/www.radiopiu.net\/wordpress\/wp-content\/uploads\/2025\/03\/34dc783d-2571-4e03-970d-c46c11f494ad.jpg","_links":{"self":[{"href":"https:\/\/www.radiopiu.net\/wordpress\/wp-json\/wp\/v2\/posts\/438197","targetHints":{"allow":["GET"]}}],"collection":[{"href":"https:\/\/www.radiopiu.net\/wordpress\/wp-json\/wp\/v2\/posts"}],"about":[{"href":"https:\/\/www.radiopiu.net\/wordpress\/wp-json\/wp\/v2\/types\/post"}],"author":[{"embeddable":true,"href":"https:\/\/www.radiopiu.net\/wordpress\/wp-json\/wp\/v2\/users\/4"}],"replies":[{"embeddable":true,"href":"https:\/\/www.radiopiu.net\/wordpress\/wp-json\/wp\/v2\/comments?post=438197"}],"version-history":[{"count":3,"href":"https:\/\/www.radiopiu.net\/wordpress\/wp-json\/wp\/v2\/posts\/438197\/revisions"}],"predecessor-version":[{"id":438206,"href":"https:\/\/www.radiopiu.net\/wordpress\/wp-json\/wp\/v2\/posts\/438197\/revisions\/438206"}],"wp:featuredmedia":[{"embeddable":true,"href":"https:\/\/www.radiopiu.net\/wordpress\/wp-json\/wp\/v2\/media\/438202"}],"wp:attachment":[{"href":"https:\/\/www.radiopiu.net\/wordpress\/wp-json\/wp\/v2\/media?parent=438197"}],"wp:term":[{"taxonomy":"category","embeddable":true,"href":"https:\/\/www.radiopiu.net\/wordpress\/wp-json\/wp\/v2\/categories?post=438197"},{"taxonomy":"post_tag","embeddable":true,"href":"https:\/\/www.radiopiu.net\/wordpress\/wp-json\/wp\/v2\/tags?post=438197"}],"curies":[{"name":"wp","href":"https:\/\/api.w.org\/{rel}","templated":true}]}}