{"id":438231,"date":"2025-03-06T14:25:40","date_gmt":"2025-03-06T13:25:40","guid":{"rendered":"https:\/\/www.radiopiu.net\/wordpress\/?p=438231"},"modified":"2025-03-06T14:26:05","modified_gmt":"2025-03-06T13:26:05","slug":"falcade-conclusione-della-ski-alp-4-valli-2025-con-la-falcade-caverson","status":"publish","type":"post","link":"https:\/\/www.radiopiu.net\/wordpress\/falcade-conclusione-della-ski-alp-4-valli-2025-con-la-falcade-caverson\/","title":{"rendered":"FALCADE: CONCLUSIONE DELLA SKI ALP 4 VALLI 2025 CON LA FALCADE-CAVERSON"},"content":{"rendered":"<p>**<\/p>\n<blockquote>\n<p data-start=\"0\" data-end=\"75\"><strong data-start=\"0\" data-end=\"75\"><a class=\"dt-pswp-item\" href=\"https:\/\/www.radiopiu.net\/wordpress\/wp-content\/uploads\/2025\/03\/Senza-nome-30.png\" data-dt-img-description=\"\" data-large_image_width=\"363\" data-large_image_height=\"182\"><img loading=\"lazy\" decoding=\"async\" class=\"size-medium wp-image-438230 alignleft\" src=\"https:\/\/www.radiopiu.net\/wordpress\/wp-content\/uploads\/2025\/03\/Senza-nome-30-300x150.png\" alt=\"\" width=\"300\" height=\"150\" srcset=\"https:\/\/www.radiopiu.net\/wordpress\/wp-content\/uploads\/2025\/03\/Senza-nome-30-300x150.png 300w, https:\/\/www.radiopiu.net\/wordpress\/wp-content\/uploads\/2025\/03\/Senza-nome-30.png 363w\" sizes=\"auto, (max-width: 300px) 100vw, 300px\" \/><\/a><\/strong><\/p>\n<\/blockquote>\n<p data-start=\"77\" data-end=\"843\" data-is-last-node=\"\" data-is-only-node=\"\"><strong>FALCADE <\/strong>Domani sera, alle 19:30, si terr\u00e0 la tappa conclusiva della Ski Alp 4 Valli 2025 con la Falcade-Caverson, un evento che promette emozioni forti per gli appassionati di sci alpinismo. La gara, interamente in salita, partir\u00e0 da Molino di Falcade e vedr\u00e0 i partecipanti sfidarsi lungo un percorso che li condurr\u00e0 verso la localit\u00e0 Caverson. La partenza sar\u00e0 libera dalle 19:30 alle 20:15, con i partecipanti che partiranno al segnale del cronometrista. La tappa rappresenta un momento clou per la competizione, che ha visto nelle precedenti giornate un grande coinvolgimento e spirito di competizione tra gli atleti. Concludere la Ski Alp 4 Valli con la Falcade-Caverson \u00e8 un appuntamento imperdibile per gli amanti dello sport e della montagna.<\/p>\n<p>__<\/p>\n","protected":false},"excerpt":{"rendered":"<p>** FALCADE Domani sera, alle 19:30, si terr\u00e0 la tappa conclusiva della Ski Alp 4 Valli 2025 con la Falcade-Caverson, un evento che promette emozioni forti per gli appassionati di sci alpinismo. La gara, interamente in salita, partir\u00e0 da Molino di Falcade e vedr\u00e0 i partecipanti sfidarsi lungo un percorso che li condurr\u00e0 verso la&hellip;<\/p>\n","protected":false},"author":4,"featured_media":438230,"comment_status":"closed","ping_status":"closed","sticky":false,"template":"","format":"standard","meta":{"_monsterinsights_skip_tracking":false,"_monsterinsights_sitenote_active":false,"_monsterinsights_sitenote_note":"","_monsterinsights_sitenote_category":0,"footnotes":""},"categories":[49],"tags":[],"class_list":["post-438231","post","type-post","status-publish","format-standard","has-post-thumbnail","hentry","category-news-18","category-49","description-off"],"img_url":"https:\/\/www.radiopiu.net\/wordpress\/wp-content\/uploads\/2025\/03\/Senza-nome-30.png","_links":{"self":[{"href":"https:\/\/www.radiopiu.net\/wordpress\/wp-json\/wp\/v2\/posts\/438231","targetHints":{"allow":["GET"]}}],"collection":[{"href":"https:\/\/www.radiopiu.net\/wordpress\/wp-json\/wp\/v2\/posts"}],"about":[{"href":"https:\/\/www.radiopiu.net\/wordpress\/wp-json\/wp\/v2\/types\/post"}],"author":[{"embeddable":true,"href":"https:\/\/www.radiopiu.net\/wordpress\/wp-json\/wp\/v2\/users\/4"}],"replies":[{"embeddable":true,"href":"https:\/\/www.radiopiu.net\/wordpress\/wp-json\/wp\/v2\/comments?post=438231"}],"version-history":[{"count":2,"href":"https:\/\/www.radiopiu.net\/wordpress\/wp-json\/wp\/v2\/posts\/438231\/revisions"}],"predecessor-version":[{"id":438233,"href":"https:\/\/www.radiopiu.net\/wordpress\/wp-json\/wp\/v2\/posts\/438231\/revisions\/438233"}],"wp:featuredmedia":[{"embeddable":true,"href":"https:\/\/www.radiopiu.net\/wordpress\/wp-json\/wp\/v2\/media\/438230"}],"wp:attachment":[{"href":"https:\/\/www.radiopiu.net\/wordpress\/wp-json\/wp\/v2\/media?parent=438231"}],"wp:term":[{"taxonomy":"category","embeddable":true,"href":"https:\/\/www.radiopiu.net\/wordpress\/wp-json\/wp\/v2\/categories?post=438231"},{"taxonomy":"post_tag","embeddable":true,"href":"https:\/\/www.radiopiu.net\/wordpress\/wp-json\/wp\/v2\/tags?post=438231"}],"curies":[{"name":"wp","href":"https:\/\/api.w.org\/{rel}","templated":true}]}}