{"id":438260,"date":"2025-03-07T05:42:14","date_gmt":"2025-03-07T04:42:14","guid":{"rendered":"https:\/\/www.radiopiu.net\/wordpress\/?p=438260"},"modified":"2025-03-07T05:56:39","modified_gmt":"2025-03-07T04:56:39","slug":"incidente-alla-funivia-va-e-vieni-funifor-di-arabba-cabina-urta-il-fine-corsa","status":"publish","type":"post","link":"https:\/\/www.radiopiu.net\/wordpress\/incidente-alla-funivia-va-e-vieni-funifor-di-arabba-cabina-urta-il-fine-corsa\/","title":{"rendered":"INCIDENTE ALLA FUNIVIA, SIMONE &#8220;TUTTO OK&#8230;SONO A CASA&#8221;"},"content":{"rendered":"<p>**<\/p>\n<p>&nbsp;<\/p>\n<blockquote>\n<h3><em><span style=\"color: #ff0000;\">L\u2019incidente non ha coinvolto altri passeggeri, poich\u00e9 l\u2019impianto era gi\u00e0 chiuso al pubblico.<\/span><\/em><\/h3>\n<\/blockquote>\n<p><strong><a class=\"dt-pswp-item\" href=\"https:\/\/www.radiopiu.net\/wordpress\/wp-content\/uploads\/2025\/03\/Senza-nome-31.png\" data-dt-img-description=\"\" data-large_image_width=\"272\" data-large_image_height=\"206\"><img loading=\"lazy\" decoding=\"async\" class=\" wp-image-438263 alignleft\" src=\"https:\/\/www.radiopiu.net\/wordpress\/wp-content\/uploads\/2025\/03\/Senza-nome-31.png\" alt=\"\" width=\"206\" height=\"156\" \/><\/a>LIVINALLONGO<\/strong> Un incidente si \u00e8 verificato mercoled\u00ec sera a fine turno sulla funivia di Arabba, quando una delle cabine ha urtato il fine corsa della stazione di valle. L\u2019incidente \u00e8 avvenuto intorno alle 17, ad impianto chiuso al pubblico, probabilmente a causa di un\u2019anomalia tecnica. Il violento impatto ha causato danni alla cabina, che \u00e8 stata messa fuori servizio. La societ\u00e0 Funivie Arabba ha comunicato che l\u2019agente di cabina Simone Pra 23 anni presente a bordo \u00e8 stato soccorso tempestivamente e, fortunatamente, non ha corso\u00a0 alcun pericolo, \u00e8 stato portato per accertamenti all&#8217;ospedale di Agordo da dove \u00e8 stato dimesso nel pomeriggio di ieri .<\/p>\n<p>&nbsp;<\/p>\n<p><strong>IERI SERA NEL RADIOGIORNALE DELLE 19, DALLE ANTICIPAZIONI DEL TG DI ANTENNA 3, DI TIZIANA BOLOGNANI<\/strong><\/p>\n<audio class=\"wp-audio-shortcode\" id=\"audio-438260-1\" preload=\"none\" style=\"width: 100%;\" controls=\"controls\"><source type=\"audio\/mpeg\" src=\"https:\/\/www.radiopiu.net\/wordpress\/wp-content\/uploads\/2025\/03\/TIZIANA-ARABBA.mp3?_=1\" \/><a href=\"https:\/\/www.radiopiu.net\/wordpress\/wp-content\/uploads\/2025\/03\/TIZIANA-ARABBA.mp3\">https:\/\/www.radiopiu.net\/wordpress\/wp-content\/uploads\/2025\/03\/TIZIANA-ARABBA.mp3<\/a><\/audio>\n<p>&nbsp;<\/p>\n<p>&nbsp;<\/p>\n<blockquote>\n<div class=\"empty:hidden font-merriweather text-lg\/[30px] font-light text-black\" data-sentry-component=\"HtmlField\" data-sentry-source-file=\"HtmlField.tsx\">\n<p><em><a class=\"dt-pswp-item\" href=\"https:\/\/www.radiopiu.net\/wordpress\/wp-content\/uploads\/2025\/03\/Senza-nome-34.png\" data-dt-img-description=\"\" data-large_image_width=\"504\" data-large_image_height=\"368\"><img loading=\"lazy\" decoding=\"async\" class=\"size-medium wp-image-438371 alignleft\" src=\"https:\/\/www.radiopiu.net\/wordpress\/wp-content\/uploads\/2025\/03\/Senza-nome-34-300x219.png\" alt=\"\" width=\"300\" height=\"219\" srcset=\"https:\/\/www.radiopiu.net\/wordpress\/wp-content\/uploads\/2025\/03\/Senza-nome-34-300x219.png 300w, https:\/\/www.radiopiu.net\/wordpress\/wp-content\/uploads\/2025\/03\/Senza-nome-34.png 504w\" sizes=\"auto, (max-width: 300px) 100vw, 300px\" \/><\/a>L&#8217;agente di cabina di 23 anni, che mercoled\u00ec sera era a bordo dell&#8217;abitacolo del Funifor per la corsa di fine turno \u00ab\u00e8 stato immediatamente soccorso e da quanto \u00e8 dato sapere fortunatamente non corre alcun pericolo\u00bb. \u00c8 la prima preoccupazione che il presidente di Funivie Arabba Diego De Battista, il direttore Marco Grigoletto e i loro collaboratori hanno avuto dopo\u00a0 impatto. E l&#8217;hanno comunicato ieri pomeriggio per rassicurare.<\/em><\/p>\n<p>&nbsp;<\/p>\n<\/div>\n<div data-sentry-component=\"HtmlField\" data-sentry-source-file=\"HtmlField.tsx\"><\/div>\n<div data-sentry-component=\"HtmlField\" data-sentry-source-file=\"HtmlField.tsx\">A Simone: tanti auguri di pronta e veloce guarigione, ieri sera il ritorno a casa\u00a0 tra coccole e abbracci di mamma Marina Don\u00e0. Certi che entro pochi giorni ti rivedremo di nuovo al posto di lavoro, ne siamo certi conoscendo la tua passione per gli impegni professionali e non solo&#8221;<\/div>\n<div data-sentry-component=\"HtmlField\" data-sentry-source-file=\"HtmlField.tsx\"><\/div>\n<\/blockquote>\n<div class=\"empty:hidden font-merriweather text-lg\/[30px] font-light text-black\" data-sentry-component=\"HtmlField\" data-sentry-source-file=\"HtmlField.tsx\"><\/div>\n<hr \/>\n<p>&nbsp;<\/p>\n","protected":false},"excerpt":{"rendered":"<p>** &nbsp; L\u2019incidente non ha coinvolto altri passeggeri, poich\u00e9 l\u2019impianto era gi\u00e0 chiuso al pubblico. LIVINALLONGO Un incidente si \u00e8 verificato mercoled\u00ec sera a fine turno sulla funivia di Arabba, quando una delle cabine ha urtato il fine corsa della stazione di valle. L\u2019incidente \u00e8 avvenuto intorno alle 17, ad impianto chiuso al pubblico, probabilmente&hellip;<\/p>\n","protected":false},"author":4,"featured_media":438371,"comment_status":"closed","ping_status":"closed","sticky":false,"template":"","format":"standard","meta":{"_monsterinsights_skip_tracking":false,"_monsterinsights_sitenote_active":false,"_monsterinsights_sitenote_note":"","_monsterinsights_sitenote_category":0,"footnotes":""},"categories":[51,49],"tags":[],"class_list":["post-438260","post","type-post","status-publish","format-standard","has-post-thumbnail","hentry","category-evidenza-top","category-news-18","category-51","category-49","description-off"],"img_url":"https:\/\/www.radiopiu.net\/wordpress\/wp-content\/uploads\/2025\/03\/Senza-nome-34.png","_links":{"self":[{"href":"https:\/\/www.radiopiu.net\/wordpress\/wp-json\/wp\/v2\/posts\/438260","targetHints":{"allow":["GET"]}}],"collection":[{"href":"https:\/\/www.radiopiu.net\/wordpress\/wp-json\/wp\/v2\/posts"}],"about":[{"href":"https:\/\/www.radiopiu.net\/wordpress\/wp-json\/wp\/v2\/types\/post"}],"author":[{"embeddable":true,"href":"https:\/\/www.radiopiu.net\/wordpress\/wp-json\/wp\/v2\/users\/4"}],"replies":[{"embeddable":true,"href":"https:\/\/www.radiopiu.net\/wordpress\/wp-json\/wp\/v2\/comments?post=438260"}],"version-history":[{"count":8,"href":"https:\/\/www.radiopiu.net\/wordpress\/wp-json\/wp\/v2\/posts\/438260\/revisions"}],"predecessor-version":[{"id":438377,"href":"https:\/\/www.radiopiu.net\/wordpress\/wp-json\/wp\/v2\/posts\/438260\/revisions\/438377"}],"wp:featuredmedia":[{"embeddable":true,"href":"https:\/\/www.radiopiu.net\/wordpress\/wp-json\/wp\/v2\/media\/438371"}],"wp:attachment":[{"href":"https:\/\/www.radiopiu.net\/wordpress\/wp-json\/wp\/v2\/media?parent=438260"}],"wp:term":[{"taxonomy":"category","embeddable":true,"href":"https:\/\/www.radiopiu.net\/wordpress\/wp-json\/wp\/v2\/categories?post=438260"},{"taxonomy":"post_tag","embeddable":true,"href":"https:\/\/www.radiopiu.net\/wordpress\/wp-json\/wp\/v2\/tags?post=438260"}],"curies":[{"name":"wp","href":"https:\/\/api.w.org\/{rel}","templated":true}]}}