{"id":438281,"date":"2025-03-07T05:33:49","date_gmt":"2025-03-07T04:33:49","guid":{"rendered":"https:\/\/www.radiopiu.net\/wordpress\/?p=438281"},"modified":"2025-03-07T05:54:48","modified_gmt":"2025-03-07T04:54:48","slug":"meno-di-un-anno-alle-paralimpiadi","status":"publish","type":"post","link":"https:\/\/www.radiopiu.net\/wordpress\/meno-di-un-anno-alle-paralimpiadi\/","title":{"rendered":"MENO DI UN ANNO ALLE PARALIMPIADI"},"content":{"rendered":"<p>*******<\/p>\n<p>&nbsp;<\/p>\n<p><strong><a class=\"dt-pswp-item\" href=\"https:\/\/www.radiopiu.net\/wordpress\/wp-content\/uploads\/2025\/03\/KLJDGOAYOUY.jpeg\" data-dt-img-description=\"\" data-large_image_width=\"1536\" data-large_image_height=\"934\"><img loading=\"lazy\" decoding=\"async\" class=\"size-medium wp-image-438271 alignleft\" src=\"https:\/\/www.radiopiu.net\/wordpress\/wp-content\/uploads\/2025\/03\/KLJDGOAYOUY-300x182.jpeg\" alt=\"\" width=\"300\" height=\"182\" srcset=\"https:\/\/www.radiopiu.net\/wordpress\/wp-content\/uploads\/2025\/03\/KLJDGOAYOUY-300x182.jpeg 300w, https:\/\/www.radiopiu.net\/wordpress\/wp-content\/uploads\/2025\/03\/KLJDGOAYOUY-1024x623.jpeg 1024w, https:\/\/www.radiopiu.net\/wordpress\/wp-content\/uploads\/2025\/03\/KLJDGOAYOUY-768x467.jpeg 768w, https:\/\/www.radiopiu.net\/wordpress\/wp-content\/uploads\/2025\/03\/KLJDGOAYOUY.jpeg 1536w\" sizes=\"auto, (max-width: 300px) 100vw, 300px\" \/><\/a>BELLUNO<\/strong> \u00abSe i Giochi invernali 2026 saranno una vetrina incredibile per il territorio, le Paralimpiadi siano l\u2019occasione per coltivare e per realizzare una nuova accessibilit\u00e0. Cos\u00ec potremmo raccogliere inclusione vera\u00bb. Lo dice il presidente della Provincia di Belluno Roberto Padrin, che oggi ha partecipato a Cortina al countdown meno un anno alle Paralimpiadi. In mattinata il presidente ha preso parte a un evento con il ministro dello sport Andrea Abodi, il presidente del Comitato italiano paralimpico Luca Pancalli, e le scuole, a cui \u00e8 intervenuto il campione paralimpico Ren\u00e9 De Silvestro. \u00abVoi vedete Ren\u00e9 sulla carrozzina. Lui \u00e8 uno sciatore, un grande atleta. E la sedia a rotelle \u00e8 solo il mezzo di trasporto che usa per spostarsi. Bisogna andare oltre gli stereotipi\u201d ha detto Pancalli. Penso che questa sia la sintesi perfetta di cosa significano le Paralimpiadi. E anche di cosa sono nel loro complesso i Giochi. Qualcuno vede la sedia a rotelle, come qualcun altro considera solo i cantieri, i disagi\u2026 ma bisogna andare oltre e vedere e cogliere le grandi opportunit\u00e0, che nel caso delle Paralimpiadi significa anche costruire fisicamente i presupposti per accessibilit\u00e0 e inclusione\u00bb.<\/p>\n<p>&nbsp;<\/p>\n<p>&nbsp;<\/p>\n<p>*******<\/p>\n","protected":false},"excerpt":{"rendered":"<p>******* &nbsp; BELLUNO \u00abSe i Giochi invernali 2026 saranno una vetrina incredibile per il territorio, le Paralimpiadi siano l\u2019occasione per coltivare e per realizzare una nuova accessibilit\u00e0. Cos\u00ec potremmo raccogliere inclusione vera\u00bb. Lo dice il presidente della Provincia di Belluno Roberto Padrin, che oggi ha partecipato a Cortina al countdown meno un anno alle Paralimpiadi.&hellip;<\/p>\n","protected":false},"author":4,"featured_media":438271,"comment_status":"closed","ping_status":"closed","sticky":false,"template":"","format":"standard","meta":{"_monsterinsights_skip_tracking":false,"_monsterinsights_sitenote_active":false,"_monsterinsights_sitenote_note":"","_monsterinsights_sitenote_category":0,"footnotes":""},"categories":[51,49],"tags":[],"class_list":["post-438281","post","type-post","status-publish","format-standard","has-post-thumbnail","hentry","category-evidenza-top","category-news-18","category-51","category-49","description-off"],"img_url":"https:\/\/www.radiopiu.net\/wordpress\/wp-content\/uploads\/2025\/03\/KLJDGOAYOUY.jpeg","_links":{"self":[{"href":"https:\/\/www.radiopiu.net\/wordpress\/wp-json\/wp\/v2\/posts\/438281","targetHints":{"allow":["GET"]}}],"collection":[{"href":"https:\/\/www.radiopiu.net\/wordpress\/wp-json\/wp\/v2\/posts"}],"about":[{"href":"https:\/\/www.radiopiu.net\/wordpress\/wp-json\/wp\/v2\/types\/post"}],"author":[{"embeddable":true,"href":"https:\/\/www.radiopiu.net\/wordpress\/wp-json\/wp\/v2\/users\/4"}],"replies":[{"embeddable":true,"href":"https:\/\/www.radiopiu.net\/wordpress\/wp-json\/wp\/v2\/comments?post=438281"}],"version-history":[{"count":1,"href":"https:\/\/www.radiopiu.net\/wordpress\/wp-json\/wp\/v2\/posts\/438281\/revisions"}],"predecessor-version":[{"id":438285,"href":"https:\/\/www.radiopiu.net\/wordpress\/wp-json\/wp\/v2\/posts\/438281\/revisions\/438285"}],"wp:featuredmedia":[{"embeddable":true,"href":"https:\/\/www.radiopiu.net\/wordpress\/wp-json\/wp\/v2\/media\/438271"}],"wp:attachment":[{"href":"https:\/\/www.radiopiu.net\/wordpress\/wp-json\/wp\/v2\/media?parent=438281"}],"wp:term":[{"taxonomy":"category","embeddable":true,"href":"https:\/\/www.radiopiu.net\/wordpress\/wp-json\/wp\/v2\/categories?post=438281"},{"taxonomy":"post_tag","embeddable":true,"href":"https:\/\/www.radiopiu.net\/wordpress\/wp-json\/wp\/v2\/tags?post=438281"}],"curies":[{"name":"wp","href":"https:\/\/api.w.org\/{rel}","templated":true}]}}