{"id":438295,"date":"2025-03-06T16:53:38","date_gmt":"2025-03-06T15:53:38","guid":{"rendered":"https:\/\/www.radiopiu.net\/wordpress\/?p=438295"},"modified":"2025-03-06T16:53:38","modified_gmt":"2025-03-06T15:53:38","slug":"sportivamente-belluno-quante-soddisfazioni-nelle-piscine-di-rosa-e-mestre","status":"publish","type":"post","link":"https:\/\/www.radiopiu.net\/wordpress\/sportivamente-belluno-quante-soddisfazioni-nelle-piscine-di-rosa-e-mestre\/","title":{"rendered":"SPORTIVAMENTE BELLUNO: QUANTE SODDISFAZIONI NELLE PISCINE DI ROSA&#8217; E MESTRE"},"content":{"rendered":"<p>******<\/p>\n<p>&nbsp;<\/p>\n<p><strong>BELLUNO <\/strong>Campionati regionali di categoria ricchi di soddisfazioni per i nuotatori della Sportivamente Belluno. Qualificati grazie alle performance dei mesi precedenti, i giovani atleti hanno gareggiato nelle piscine di Ros\u00e0 e Mestre. In terra vicentina erano impegnati i maschi: eccellenti, in particolare, le prove di Mattia Don\u00e0 (2011), che ha siglato i primati personali nei 100 e 200 dorso e, soprattutto, \u00e8 riuscito a ottenere l\u2019approdo ai Campionati italiani giovanili. A conferma del notevole progresso per il giovane ed eclettico atleta, molto vicino alla qualificazione pure in altri stili. Ottimo, inoltre, il rendimento di Vincenzo Iuliano: basti pensare che, nei 100 rana, si \u00e8 classificato terzo della categoria Ragazzi e ha timbrato il primato societario nei 200 metri. Un altro primato \u00e8 arrivato grazie a Mattia Brianti, capace di limare di ben 9 secondi il personale negli 800 stile. E Matthias De Boni ha confermato la sua crescita nei 200 rana. A Mestre, invece, hanno brillato le ragazze. A cominciare da Anna Simon, medaglia d&#8217;argento nei 50 stile Juniores, con tanto di primato personale, ed Elisa Petten\u00f2, due volte sul podio con un argento nei 50 dorso e un bronzo nei 100 dorso (categoria Cadette). E Minerva Dall\u2019O si \u00e8 confermata nei 50 dorso, in virt\u00f9 di un quarto posto, a pochi centesimi dal podio. Per quanto riguarda i prossimi appuntamenti, sono in calendario il 15 e 16 marzo, nel segno dei Campionati regionali assoluti di Verona. E domenica 23, con il meeting regionale.<\/p>\n\n\t\t\t<style type='text\/css'>\n\t\t\t\t#gallery-1 {\n\t\t\t\t\tmargin: auto;\n\t\t\t\t}\n\t\t\t\t#gallery-1 .gallery-item {\n\t\t\t\t\tfloat: left;\n\t\t\t\t\tmargin-top: 10px;\n\t\t\t\t\ttext-align: center;\n\t\t\t\t\twidth: 50%;\n\t\t\t\t}\n\t\t\t\t#gallery-1 img {\n\t\t\t\t\tborder: 2px solid #cfcfcf;\n\t\t\t\t}\n\t\t\t\t#gallery-1 .gallery-caption {\n\t\t\t\t\tmargin-left: 0;\n\t\t\t\t}\n\t\t\t\t\/* see gallery_shortcode() in wp-includes\/media.php *\/\n\t\t\t<\/style>\n\t\t<div id='gallery-1' class='dt-gallery-container gallery galleryid-438295 gallery-columns-2 gallery-size-medium'><dl class='gallery-item'>\n\t\t\t\t<dt class='gallery-icon landscape'>\n\t\t\t\t\t<a class=\"rollover rollover-zoom dt-pswp-item\" title=\"Sportivamente_Belluno_a_Mestre\" data-dt-img-description=\"\" data-large_image_width=\"1931\" data-large_image_height=\"1174\"href='https:\/\/www.radiopiu.net\/wordpress\/wp-content\/uploads\/2025\/03\/Sportivamente_Belluno_a_Mestre.jpg'><img loading=\"lazy\" decoding=\"async\" width=\"300\" height=\"182\" src=\"https:\/\/www.radiopiu.net\/wordpress\/wp-content\/uploads\/2025\/03\/Sportivamente_Belluno_a_Mestre-300x182.jpg\" class=\"attachment-medium size-medium\" alt=\"\" srcset=\"https:\/\/www.radiopiu.net\/wordpress\/wp-content\/uploads\/2025\/03\/Sportivamente_Belluno_a_Mestre-300x182.jpg 300w, https:\/\/www.radiopiu.net\/wordpress\/wp-content\/uploads\/2025\/03\/Sportivamente_Belluno_a_Mestre-1024x623.jpg 1024w, https:\/\/www.radiopiu.net\/wordpress\/wp-content\/uploads\/2025\/03\/Sportivamente_Belluno_a_Mestre-768x467.jpg 768w, https:\/\/www.radiopiu.net\/wordpress\/wp-content\/uploads\/2025\/03\/Sportivamente_Belluno_a_Mestre-1536x934.jpg 1536w, https:\/\/www.radiopiu.net\/wordpress\/wp-content\/uploads\/2025\/03\/Sportivamente_Belluno_a_Mestre.jpg 1931w\" sizes=\"auto, (max-width: 300px) 100vw, 300px\" \/><\/a>\n\t\t\t\t<\/dt><\/dl><dl class='gallery-item'>\n\t\t\t\t<dt class='gallery-icon portrait'>\n\t\t\t\t\t<a class=\"rollover rollover-zoom dt-pswp-item\" title=\"Sportivamente_Belluno_a_Rosa\" data-dt-img-description=\"\" data-large_image_width=\"480\" data-large_image_height=\"507\"href='https:\/\/www.radiopiu.net\/wordpress\/wp-content\/uploads\/2025\/03\/Sportivamente_Belluno_a_Rosa.jpg'><img loading=\"lazy\" decoding=\"async\" width=\"284\" height=\"300\" src=\"https:\/\/www.radiopiu.net\/wordpress\/wp-content\/uploads\/2025\/03\/Sportivamente_Belluno_a_Rosa-284x300.jpg\" class=\"attachment-medium size-medium\" alt=\"\" srcset=\"https:\/\/www.radiopiu.net\/wordpress\/wp-content\/uploads\/2025\/03\/Sportivamente_Belluno_a_Rosa-284x300.jpg 284w, https:\/\/www.radiopiu.net\/wordpress\/wp-content\/uploads\/2025\/03\/Sportivamente_Belluno_a_Rosa.jpg 480w\" sizes=\"auto, (max-width: 284px) 100vw, 284px\" \/><\/a>\n\t\t\t\t<\/dt><\/dl><br style=\"clear: both\" \/>\n\t\t\t<\/div>\n\n<p>&nbsp;<\/p>\n<p>&nbsp;<\/p>\n<p>******<\/p>\n","protected":false},"excerpt":{"rendered":"<p>****** &nbsp; BELLUNO Campionati regionali di categoria ricchi di soddisfazioni per i nuotatori della Sportivamente Belluno. Qualificati grazie alle performance dei mesi precedenti, i giovani atleti hanno gareggiato nelle piscine di Ros\u00e0 e Mestre. In terra vicentina erano impegnati i maschi: eccellenti, in particolare, le prove di Mattia Don\u00e0 (2011), che ha siglato i primati&hellip;<\/p>\n","protected":false},"author":4,"featured_media":438298,"comment_status":"closed","ping_status":"closed","sticky":false,"template":"","format":"standard","meta":{"_monsterinsights_skip_tracking":false,"_monsterinsights_sitenote_active":false,"_monsterinsights_sitenote_note":"","_monsterinsights_sitenote_category":0,"footnotes":""},"categories":[49],"tags":[],"class_list":["post-438295","post","type-post","status-publish","format-standard","has-post-thumbnail","hentry","category-news-18","category-49","description-off"],"img_url":"https:\/\/www.radiopiu.net\/wordpress\/wp-content\/uploads\/2025\/03\/Sportivamente_Belluno_a_Mestre.jpg","_links":{"self":[{"href":"https:\/\/www.radiopiu.net\/wordpress\/wp-json\/wp\/v2\/posts\/438295","targetHints":{"allow":["GET"]}}],"collection":[{"href":"https:\/\/www.radiopiu.net\/wordpress\/wp-json\/wp\/v2\/posts"}],"about":[{"href":"https:\/\/www.radiopiu.net\/wordpress\/wp-json\/wp\/v2\/types\/post"}],"author":[{"embeddable":true,"href":"https:\/\/www.radiopiu.net\/wordpress\/wp-json\/wp\/v2\/users\/4"}],"replies":[{"embeddable":true,"href":"https:\/\/www.radiopiu.net\/wordpress\/wp-json\/wp\/v2\/comments?post=438295"}],"version-history":[{"count":1,"href":"https:\/\/www.radiopiu.net\/wordpress\/wp-json\/wp\/v2\/posts\/438295\/revisions"}],"predecessor-version":[{"id":438300,"href":"https:\/\/www.radiopiu.net\/wordpress\/wp-json\/wp\/v2\/posts\/438295\/revisions\/438300"}],"wp:featuredmedia":[{"embeddable":true,"href":"https:\/\/www.radiopiu.net\/wordpress\/wp-json\/wp\/v2\/media\/438298"}],"wp:attachment":[{"href":"https:\/\/www.radiopiu.net\/wordpress\/wp-json\/wp\/v2\/media?parent=438295"}],"wp:term":[{"taxonomy":"category","embeddable":true,"href":"https:\/\/www.radiopiu.net\/wordpress\/wp-json\/wp\/v2\/categories?post=438295"},{"taxonomy":"post_tag","embeddable":true,"href":"https:\/\/www.radiopiu.net\/wordpress\/wp-json\/wp\/v2\/tags?post=438295"}],"curies":[{"name":"wp","href":"https:\/\/api.w.org\/{rel}","templated":true}]}}