{"id":438340,"date":"2025-03-08T05:45:38","date_gmt":"2025-03-08T04:45:38","guid":{"rendered":"https:\/\/www.radiopiu.net\/wordpress\/?p=438340"},"modified":"2025-03-08T10:48:26","modified_gmt":"2025-03-08T09:48:26","slug":"giornale-radiopiu-08-marzo-2025-direttore-mirko-mezzacasada-41-anni-25-giugno-1983-25-giugno-2024","status":"publish","type":"post","link":"https:\/\/www.radiopiu.net\/wordpress\/giornale-radiopiu-08-marzo-2025-direttore-mirko-mezzacasada-41-anni-25-giugno-1983-25-giugno-2024\/","title":{"rendered":"GIORNALE RADIOPIU 08 MARZO 2025 DIRETTORE MIRKO MEZZACASA\u2026DA 41 ANNI 25 GIUGNO 1983-25 GIUGNO 2024"},"content":{"rendered":"<p>*********<\/p>\n<p>&nbsp;<\/p>\n<p><strong><em><span style=\"color: #ff0000;\"><a href=\"https:\/\/www.radiopiu.net\/wordpress\/wp-content\/uploads\/2025\/03\/053719c4-f44a-4a5f-ae5c-ca2931d34236.webp\"><img loading=\"lazy\" decoding=\"async\" class=\" wp-image-438532 alignleft\" src=\"https:\/\/www.radiopiu.net\/wordpress\/wp-content\/uploads\/2025\/03\/053719c4-f44a-4a5f-ae5c-ca2931d34236-300x300.webp\" alt=\"\" width=\"156\" height=\"156\" srcset=\"https:\/\/www.radiopiu.net\/wordpress\/wp-content\/uploads\/2025\/03\/053719c4-f44a-4a5f-ae5c-ca2931d34236-300x300.webp 300w, https:\/\/www.radiopiu.net\/wordpress\/wp-content\/uploads\/2025\/03\/053719c4-f44a-4a5f-ae5c-ca2931d34236-150x150.webp 150w, https:\/\/www.radiopiu.net\/wordpress\/wp-content\/uploads\/2025\/03\/053719c4-f44a-4a5f-ae5c-ca2931d34236-768x768.webp 768w, https:\/\/www.radiopiu.net\/wordpress\/wp-content\/uploads\/2025\/03\/053719c4-f44a-4a5f-ae5c-ca2931d34236.webp 1024w\" sizes=\"auto, (max-width: 156px) 100vw, 156px\" \/><\/a>LA\u00a0 APP PER IOS-IPHONE di Nicola Vettorello<\/span><\/em><\/strong><\/p>\n<p><strong><span style=\"color: #0000ff;\"><a style=\"color: #0000ff;\" href=\"https:\/\/apps.apple.com\/it\/app\/radio-pi%C3%B9-emittente-agordina\/id1515939845\">https:\/\/apps.apple.com\/it\/app\/radio-pi%C3%B9-emittente-agordina\/id1515939845<\/a><\/span><\/strong><\/p>\n<p><strong><em style=\"color: #ff0000;\">LA\u00a0 APP RADIO\u00a0 PER ANDROID di Nicola Vettorello<\/em><\/strong><\/p>\n<p><strong><span style=\"color: #0000ff;\"><a style=\"color: #0000ff;\" href=\"https:\/\/play.google.com\/store\/apps\/details?id=net.radiopiu.iniko\" target=\"_blank\" rel=\"noopener noreferrer\">https:\/\/<\/a><a style=\"color: #0000ff;\" href=\"https:\/\/play.google.com\/store\/apps\/details?id=net.radiopiu.iniko\" target=\"_blank\" rel=\"noopener noreferrer\">play.google.com\/store\/apps\/details?id=net.radiopiu.iniko\u00a0\u00a0\u00a0\u00a0<\/a><\/span><\/strong><\/p>\n<p><strong>\u00a0<\/strong><\/p>\n<p><strong>FELICE FESTA DELLA DONNA.. ALLE NOSTRE DONNE DI RADIOPIU<\/strong> Alessia, Tiziana, Brunella,\u00a0 Claudia, Liana, Luisa Manfroi e Alchini, Mariarosa, Marina, Paola,\u00a0 SIlvia, Morena, Giuliana, Monica&#8230;<\/p>\n<p>&nbsp;<\/p>\n<h3><a class=\"dt-pswp-item\" href=\"http:\/\/www.radiopiu.net\/wordpress\/wp-content\/uploads\/2019\/03\/festa-della-donna-mimosa-8-marzo-1024x768.jpg\" data-dt-img-description=\"\" data-large_image_width=\"1024\" data-large_image_height=\"768\"><img loading=\"lazy\" decoding=\"async\" class=\"wp-image-78308 alignleft\" src=\"http:\/\/www.radiopiu.net\/wordpress\/wp-content\/uploads\/2019\/03\/festa-della-donna-mimosa-8-marzo-1024x768-1024x768.jpg\" alt=\"\" width=\"140\" height=\"105\" srcset=\"https:\/\/www.radiopiu.net\/wordpress\/wp-content\/uploads\/2019\/03\/festa-della-donna-mimosa-8-marzo-1024x768.jpg 1024w, https:\/\/www.radiopiu.net\/wordpress\/wp-content\/uploads\/2019\/03\/festa-della-donna-mimosa-8-marzo-1024x768-300x225.jpg 300w, https:\/\/www.radiopiu.net\/wordpress\/wp-content\/uploads\/2019\/03\/festa-della-donna-mimosa-8-marzo-1024x768-768x576.jpg 768w\" sizes=\"auto, (max-width: 140px) 100vw, 140px\" \/><\/a><\/h3>\n<h3>DEDICATO A TUTTE LE DONNE<\/h3>\n<h3>DI JOHN FRANCIS DELLA PIETRA,<\/h3>\n<h3>CANALE D&#8217;AGORDO.<\/h3>\n<audio class=\"wp-audio-shortcode\" id=\"audio-438340-1\" preload=\"none\" style=\"width: 100%;\" controls=\"controls\"><source type=\"audio\/mpeg\" src=\"http:\/\/www.radiopiu.net\/wordpress\/wp-content\/uploads\/2019\/03\/john.mp3?_=1\" \/><a href=\"http:\/\/www.radiopiu.net\/wordpress\/wp-content\/uploads\/2019\/03\/john.mp3\">http:\/\/www.radiopiu.net\/wordpress\/wp-content\/uploads\/2019\/03\/john.mp3<\/a><\/audio>\n<h5><\/h5>\n<p>&nbsp;<\/p>\n<hr \/>\n<p>&nbsp;<\/p>\n<h1 style=\"text-align: center;\"><span style=\"color: #ff0000;\">RADIO PIU&#8217; CAMBIA CANALE IN DAB<\/span><\/h1>\n<p><strong><a class=\"dt-pswp-item\" href=\"https:\/\/www.radiopiu.net\/wordpress\/wp-content\/uploads\/2022\/11\/MyRadioPiu_miaidea.png\" data-dt-img-description=\"\" data-large_image_width=\"483\" data-large_image_height=\"374\"><img loading=\"lazy\" decoding=\"async\" class=\" wp-image-304561 alignleft\" src=\"https:\/\/www.radiopiu.net\/wordpress\/wp-content\/uploads\/2022\/11\/MyRadioPiu_miaidea-300x232.png\" alt=\"\" width=\"175\" height=\"135\" srcset=\"https:\/\/www.radiopiu.net\/wordpress\/wp-content\/uploads\/2022\/11\/MyRadioPiu_miaidea-300x232.png 300w, https:\/\/www.radiopiu.net\/wordpress\/wp-content\/uploads\/2022\/11\/MyRadioPiu_miaidea.png 483w\" sizes=\"auto, (max-width: 175px) 100vw, 175px\" \/><\/a> <\/strong><\/p>\n<p><strong>\u00a0<\/strong><\/p>\n<p><strong>REDAZIONE <\/strong>Novit\u00e0 in vista per gli ascoltatori di Radio Pi\u00f9 in DAB+. E&#8217; iniziato il processo di modifica del canale di trasmissione radiofonica, che passer\u00e0 dalla frequenza 8C alla 12D. Ricordiamo che per continuare ad ascoltare la radio senza interruzioni, basta risintonizzare i propri dispositivi e la risintonizzazione delle autoradio.<\/p>\n<p>&nbsp;<\/p>\n<p>&nbsp;<\/p>\n<hr \/>\n<p>&nbsp;<\/p>\n<p><span style=\"color: #0000ff;\"><strong><a class=\"dt-pswp-item\" href=\"https:\/\/www.radiopiu.net\/wordpress\/wp-content\/uploads\/2025\/03\/241105301_10227783188912287_1197731254382834344_n-e1741097926674.jpg\" data-dt-img-description=\"\" data-large_image_width=\"1078\" data-large_image_height=\"1078\"><img loading=\"lazy\" decoding=\"async\" class=\" wp-image-437873 alignleft\" src=\"https:\/\/www.radiopiu.net\/wordpress\/wp-content\/uploads\/2025\/03\/241105301_10227783188912287_1197731254382834344_n-e1741097926674-300x300.jpg\" alt=\"\" width=\"188\" height=\"188\" srcset=\"https:\/\/www.radiopiu.net\/wordpress\/wp-content\/uploads\/2025\/03\/241105301_10227783188912287_1197731254382834344_n-e1741097926674-300x300.jpg 300w, https:\/\/www.radiopiu.net\/wordpress\/wp-content\/uploads\/2025\/03\/241105301_10227783188912287_1197731254382834344_n-e1741097926674-1024x1024.jpg 1024w, https:\/\/www.radiopiu.net\/wordpress\/wp-content\/uploads\/2025\/03\/241105301_10227783188912287_1197731254382834344_n-e1741097926674-150x150.jpg 150w, https:\/\/www.radiopiu.net\/wordpress\/wp-content\/uploads\/2025\/03\/241105301_10227783188912287_1197731254382834344_n-e1741097926674-768x768.jpg 768w, https:\/\/www.radiopiu.net\/wordpress\/wp-content\/uploads\/2025\/03\/241105301_10227783188912287_1197731254382834344_n-e1741097926674.jpg 1078w\" sizes=\"auto, (max-width: 188px) 100vw, 188px\" \/><\/a>OGGI ALLE<\/strong>\u00a0<\/span>\u00a0<strong> 9.00 PREMIER, LE NOVITA&#8217; MUSICALI CON MARCO GAZ E ALLE\u00a0 <\/strong>\u00a0\u00a0<strong>10.30\u00a0 \u00a0LA RASSEGNA STAMPA DA L&#8217;AMICO DEL POPOLO DI GIANNI SANTOMASO, OSPITE ARNO PAULETTI PRESIDENTE DELL&#8217;AUSER EL BROI DI AGORDO <span style=\"color: #ff0000;\">\u00a0<\/span><\/strong>\u00a0<strong>14.00<\/strong> LA MUSICA CHE BATTE, DI DJ JACK&#8230;ELETTROCHOCH<br \/>\nE DOMANI&#8230; MARINA DONA&#8217; SARA&#8217; LA VOCE DI RADIOPIU AL CARNEVALE DI BELLUNO ORGANIZZATO DALLA PROLOCO PIEVE CASTIONESE.<\/p>\n<p><strong>IL CARNEVALE A BELLUNO, INTERVISTA A MAURIZIO FONTANELLE, PRESIDENTE PROLOCO PIEVE CASTIONESE (FOTO)<\/strong><\/p>\n<p>AUDIO di mirko mezzacasa<\/p>\n<audio class=\"wp-audio-shortcode\" id=\"audio-438340-2\" preload=\"none\" style=\"width: 100%;\" controls=\"controls\"><source type=\"audio\/mpeg\" src=\"https:\/\/www.radiopiu.net\/wordpress\/wp-content\/uploads\/2025\/03\/MAURIZIO-FONTANENELLE.mp3?_=2\" \/><a href=\"https:\/\/www.radiopiu.net\/wordpress\/wp-content\/uploads\/2025\/03\/MAURIZIO-FONTANENELLE.mp3\">https:\/\/www.radiopiu.net\/wordpress\/wp-content\/uploads\/2025\/03\/MAURIZIO-FONTANENELLE.mp3<\/a><\/audio>\n<p>&nbsp;<\/p>\n<p>&nbsp;<\/p>\n<hr \/>\n<p>&nbsp;<\/p>\n<p>&nbsp;<\/p>\n<div class=\"x11i5rnm xat24cr x1mh8g0r x1vvkbs xtlvy1s x126k92a\">\n<div dir=\"auto\">\n<div dir=\"auto\">\n<p><strong><a class=\"dt-pswp-item\" href=\"https:\/\/www.radiopiu.net\/wordpress\/wp-content\/uploads\/2024\/02\/2d44e751-d8a8-461b-8e22-d8e4e853b032.jpg\" data-dt-img-description=\"\" data-large_image_width=\"1600\" data-large_image_height=\"1200\"><img loading=\"lazy\" decoding=\"async\" class=\"wp-image-373307 alignleft\" src=\"https:\/\/www.radiopiu.net\/wordpress\/wp-content\/uploads\/2024\/02\/2d44e751-d8a8-461b-8e22-d8e4e853b032-300x225.jpg\" alt=\"\" width=\"105\" height=\"79\" srcset=\"https:\/\/www.radiopiu.net\/wordpress\/wp-content\/uploads\/2024\/02\/2d44e751-d8a8-461b-8e22-d8e4e853b032-300x225.jpg 300w, https:\/\/www.radiopiu.net\/wordpress\/wp-content\/uploads\/2024\/02\/2d44e751-d8a8-461b-8e22-d8e4e853b032-1024x768.jpg 1024w, https:\/\/www.radiopiu.net\/wordpress\/wp-content\/uploads\/2024\/02\/2d44e751-d8a8-461b-8e22-d8e4e853b032-768x576.jpg 768w, https:\/\/www.radiopiu.net\/wordpress\/wp-content\/uploads\/2024\/02\/2d44e751-d8a8-461b-8e22-d8e4e853b032-1536x1152.jpg 1536w, https:\/\/www.radiopiu.net\/wordpress\/wp-content\/uploads\/2024\/02\/2d44e751-d8a8-461b-8e22-d8e4e853b032.jpg 1600w\" sizes=\"auto, (max-width: 105px) 100vw, 105px\" \/><\/a>EL BAL DEL FIOR, DI GIULIANA DA RONCH, 08 MARZO<\/strong><strong> 2025<\/strong><\/p>\n<p>&nbsp;<\/p>\n<audio class=\"wp-audio-shortcode\" id=\"audio-438340-3\" preload=\"none\" style=\"width: 100%;\" controls=\"controls\"><source type=\"audio\/mpeg\" src=\"https:\/\/www.radiopiu.net\/wordpress\/wp-content\/uploads\/2025\/03\/GSA.mp3?_=3\" \/><a href=\"https:\/\/www.radiopiu.net\/wordpress\/wp-content\/uploads\/2025\/03\/GSA.mp3\">https:\/\/www.radiopiu.net\/wordpress\/wp-content\/uploads\/2025\/03\/GSA.mp3<\/a><\/audio>\n<p>&nbsp;<\/p>\n<hr \/>\n<p>&nbsp;<\/p>\n<p>&nbsp;<\/p>\n<\/div>\n<\/div>\n<\/div>\n<div class=\"x11i5rnm xat24cr x1mh8g0r x1vvkbs xtlvy1s x126k92a\">\n<blockquote>\n<h1><strong><a class=\"dt-pswp-item\" href=\"https:\/\/www.radiopiu.net\/wordpress\/wp-content\/uploads\/2024\/10\/629301fd-708d-4f53-95c2-d28cbefd500f.jpg\" data-dt-img-description=\"\" data-large_image_width=\"1600\" data-large_image_height=\"1322\"><img loading=\"lazy\" decoding=\"async\" class=\"wp-image-413782 alignright\" src=\"https:\/\/www.radiopiu.net\/wordpress\/wp-content\/uploads\/2024\/10\/629301fd-708d-4f53-95c2-d28cbefd500f-300x248.jpg\" alt=\"\" width=\"106\" height=\"88\" srcset=\"https:\/\/www.radiopiu.net\/wordpress\/wp-content\/uploads\/2024\/10\/629301fd-708d-4f53-95c2-d28cbefd500f-300x248.jpg 300w, https:\/\/www.radiopiu.net\/wordpress\/wp-content\/uploads\/2024\/10\/629301fd-708d-4f53-95c2-d28cbefd500f-1024x846.jpg 1024w, https:\/\/www.radiopiu.net\/wordpress\/wp-content\/uploads\/2024\/10\/629301fd-708d-4f53-95c2-d28cbefd500f-768x635.jpg 768w, https:\/\/www.radiopiu.net\/wordpress\/wp-content\/uploads\/2024\/10\/629301fd-708d-4f53-95c2-d28cbefd500f-1536x1269.jpg 1536w, https:\/\/www.radiopiu.net\/wordpress\/wp-content\/uploads\/2024\/10\/629301fd-708d-4f53-95c2-d28cbefd500f.jpg 1600w\" sizes=\"auto, (max-width: 106px) 100vw, 106px\" \/><\/a><\/strong><\/h1>\n<h1><strong><a class=\"dt-pswp-item\" href=\"https:\/\/www.radiopiu.net\/wordpress\/wp-content\/uploads\/2024\/11\/th-18.jpg\" data-dt-img-description=\"\" data-large_image_width=\"156\" data-large_image_height=\"180\"><img loading=\"lazy\" decoding=\"async\" class=\"size-full wp-image-421611 alignleft\" src=\"https:\/\/www.radiopiu.net\/wordpress\/wp-content\/uploads\/2024\/11\/th-18.jpg\" alt=\"\" width=\"156\" height=\"180\" \/><\/a><\/strong><\/h1>\n<h1><strong>N di parom &#8211; L Almanach de la nosta jent<\/strong><\/h1>\n<\/blockquote>\n<p>&nbsp;<\/p>\n<p>Le voci: Davide Conedera, Agordo, Michela Dell&#8217;Osbel, La Valle Agordina Simone Ganz, Falcade Veronica Lezuo, Colle Santa Lucia. La voce nella sigla \u00e8 di Giorgia Taio<\/p>\n<p><strong>LA PUNTATA DI OGGI, 08 MARZO 2025<\/strong><\/p>\n<p>&nbsp;<\/p>\n<audio class=\"wp-audio-shortcode\" id=\"audio-438340-4\" preload=\"none\" style=\"width: 100%;\" controls=\"controls\"><source type=\"audio\/mpeg\" src=\"https:\/\/www.radiopiu.net\/wordpress\/wp-content\/uploads\/2025\/03\/AL6.mp3?_=4\" \/><a href=\"https:\/\/www.radiopiu.net\/wordpress\/wp-content\/uploads\/2025\/03\/AL6.mp3\">https:\/\/www.radiopiu.net\/wordpress\/wp-content\/uploads\/2025\/03\/AL6.mp3<\/a><\/audio>\n<p>&nbsp;<\/p>\n<\/div>\n<div class=\"x11i5rnm xat24cr x1mh8g0r x1vvkbs xtlvy1s x126k92a\">\n<div dir=\"auto\">\n<hr \/>\n<\/div>\n<\/div>\n<blockquote>\n<blockquote>\n<h1><span style=\"color: #ff0000;\">\u00a0<\/span><\/h1>\n<h1><span style=\"color: #ff0000;\">I podcast informativi del mattino &#8211; audio &#8211;\u00a0\u00a0<\/span><\/h1>\n<\/blockquote>\n<p><strong><a class=\"dt-pswp-item\" href=\"https:\/\/www.radiopiu.net\/wordpress\/wp-content\/uploads\/2024\/11\/6.jpg\" data-dt-img-description=\"\" data-large_image_width=\"177\" data-large_image_height=\"180\"><img loading=\"lazy\" decoding=\"async\" class=\"size-full wp-image-417911 alignleft\" src=\"https:\/\/www.radiopiu.net\/wordpress\/wp-content\/uploads\/2024\/11\/6.jpg\" alt=\"\" width=\"177\" height=\"180\" \/><\/a>LA RASSEGNA STAMPA NAZIONALE ALLA RADIO, OGNI GIORNO ALLE 5 E ALLE 6 DEL MATTINO <span style=\"color: #0000ff;\">viene pubblicata alle 6.00 <span style=\"color: #ff0000;\">DIRETTA RADIO\u00a0 \u00a0\u00a0<\/span><\/span><\/strong><\/p><\/blockquote>\n<p>&nbsp;<\/p>\n<p><strong>NOTIZIE DELLA NOTTE<\/strong><\/p>\n<p><strong>Usa: c<\/strong>ondannato ucciso con fucilazione, prima volta in 15 anni <strong>Tennis:<\/strong> Indian Wells, Berrettini accede al terzo turno <strong>Paesi islamici dell&#8217;Oic<\/strong> adottano il piano egiziano su Gaza<br \/>\n<strong>Gene Hackman<\/strong> morto per cause naturali giorni dopo la moglie <strong>Jolani agli alawiti,<\/strong> arrendetevi prima che sia troppo tardi <strong>Cdm,<\/strong> stato di emergenza per sistema ospedaliero in Calabria <strong>Conte,<\/strong> Meloni usa caso Diciotti in modo miserevole <strong>Tennis:<\/strong> Indian Wells, anche Musetti al terzo turno<\/p>\n<h1>AUDIO dalle 6 del mattino<\/h1>\n<audio class=\"wp-audio-shortcode\" id=\"audio-438340-5\" preload=\"none\" style=\"width: 100%;\" controls=\"controls\"><source type=\"audio\/mpeg\" src=\"https:\/\/www.radiopiu.net\/wordpress\/wp-content\/uploads\/2025\/03\/GIORNALEDELLESEI-5.mp3?_=5\" \/><a href=\"https:\/\/www.radiopiu.net\/wordpress\/wp-content\/uploads\/2025\/03\/GIORNALEDELLESEI-5.mp3\">https:\/\/www.radiopiu.net\/wordpress\/wp-content\/uploads\/2025\/03\/GIORNALEDELLESEI-5.mp3<\/a><\/audio>\n<p>&nbsp;<\/p>\n<p>&nbsp;<\/p>\n<hr \/>\n<p>&nbsp;<\/p>\n<h1 style=\"text-align: center;\"><span style=\"color: #ff0000;\"><a class=\"dt-pswp-item\" href=\"https:\/\/www.radiopiu.net\/wordpress\/wp-content\/uploads\/2024\/11\/7.jpg\" data-dt-img-description=\"\" data-large_image_width=\"180\" data-large_image_height=\"180\"><img loading=\"lazy\" decoding=\"async\" class=\"size-full wp-image-417912 alignleft\" src=\"https:\/\/www.radiopiu.net\/wordpress\/wp-content\/uploads\/2024\/11\/7.jpg\" alt=\"\" width=\"180\" height=\"180\" srcset=\"https:\/\/www.radiopiu.net\/wordpress\/wp-content\/uploads\/2024\/11\/7.jpg 180w, https:\/\/www.radiopiu.net\/wordpress\/wp-content\/uploads\/2024\/11\/7-150x150.jpg 150w\" sizes=\"auto, (max-width: 180px) 100vw, 180px\" \/><\/a>I podcast informativi del mattino &#8211; audio &#8211;\u00a0<\/span><\/h1>\n<p><strong>OGNI GIORNO ALLE SETTE DEL MATTINO, LA RASSEGNA STAMPA LOCALE FLASH&#8230; PER CHI VA IN FRETTA. I TITOLI DAI GIORNALI E DAL SITO WWW.RADIOPIU.NET <span style=\"color: #0000ff;\">viene pubblicato alle 7.00<\/span> <span style=\"color: #ff0000;\">DIRETTA RADIO\u00a0<\/span><\/strong><\/p>\n<p><em><span style=\"color: #ff0000;\">per chi va in fretta&#8230; tante notizie in pochi minuti. L&#8217;informazione locale alla radio, ogni ora dalle 7 del mattino alle 19 della sera.\u00a0<\/span><\/em><\/p>\n<p><strong><a class=\"dt-pswp-item\" href=\"https:\/\/www.radiopiu.net\/wordpress\/wp-content\/uploads\/2025\/02\/download-7.jpg\" data-dt-img-description=\"\" data-large_image_width=\"211\" data-large_image_height=\"239\"><img loading=\"lazy\" decoding=\"async\" class=\" wp-image-435553 alignleft\" src=\"https:\/\/www.radiopiu.net\/wordpress\/wp-content\/uploads\/2025\/02\/download-7.jpg\" alt=\"\" width=\"127\" height=\"144\" \/><\/a>TORINO<\/strong> Due indagati. Scomparsa nel Torinese, trovate le sue ossa in Val di Susa <strong>MILANO<\/strong> L&#8217;incidente Pullman con 44 bambini tampona un Tir, gravissimo l&#8217;autista\u00a0 <strong>ORISTANO<\/strong> Maltrattamenti all&#8217;asilo, anziana suora condannata a Oristano <strong>PADOVA<\/strong> Anziano trovato morto in un armadio, arrestato il coinquilino Rintracciato dai carabinieri nel Goriziano <strong>BARI<\/strong> La donna sopravvissuta al crollo: &#8216;Avevo freddo, pensavo di morire&#8221;Mi \u00e8 caduta la porta addosso, mi sono nascosta l\u00ec sotto&#8217; <strong>FIRENZE<\/strong> Abusi e umiliazioni ai figli per anni, genitori condannati Costretti a mangiare cibo per gatti, doccia una volta al mese <strong>POZZUOLI<\/strong> Scossa di terremoto di magnitudo 3.2 ai Campi Flegrei Epicentro a cinque chilometri da Pozzuoli <strong>UDINE<\/strong> Liliana Resinovich uccisa la mattina del 14 dicembre 2021 Entro 4 ore da colazione. L&#8217;ultima traccia \u00e8 un video alle 8.50<\/p>\n<p>&nbsp;<\/p>\n<p><a class=\"dt-pswp-item\" href=\"https:\/\/www.radiopiu.net\/wordpress\/wp-content\/uploads\/2025\/02\/download-3.jpg\" data-dt-img-description=\"\" data-large_image_width=\"223\" data-large_image_height=\"226\"><img loading=\"lazy\" decoding=\"async\" class=\"size-full wp-image-434732 alignleft\" src=\"https:\/\/www.radiopiu.net\/wordpress\/wp-content\/uploads\/2025\/02\/download-3.jpg\" alt=\"\" width=\"223\" height=\"226\" \/><\/a><strong>VICENZA<\/strong> Ciclista travolto e ucciso da un&#8217;automobile a VicenzaL&#8217;incidente lungo la strada Marostica<br \/>\n<strong>PADOVA<\/strong> Operaio muore folgorato nel padovano Stava lavorando in zona rurale, ha colpito cavi alta tensione<br \/>\n<strong>TREVISO<\/strong> L&#8217;autopsia su Alex Marangon, pestato prima di morireLegale familiari: &#8216;Offensivo pensare al suicidio, Procura sia chiara<br \/>\n<strong>PADOVA<\/strong> Danneggia per 2 volte il braccialetto elettronico, va in carcere,Gi\u00e0 12 gli arresti dei carabinieri di Padova da inizio 25<br \/>\n<strong>VERONA<\/strong> I Vinitaly sbarca a New Delhi, un centinaio operatori e buyer. Bricolo, mercato sbocco importante<br \/>\n<strong>VENEZIA<\/strong> Coop Alleanza 3.0 riceve certificazione della parit\u00e0 di genere. Direttrice Carletti: &#8216;Confermata la validit\u00e0 delle scelte&#8221;<br \/>\n<strong>VENEZIA<\/strong> L&#8217;eccellenza del design italiano entra nelle Ville Venete. Nei weekend di marzo e aprile aprono le porte 7 dimore<br \/>\n<strong>VICENZA<\/strong> Musk blocca carte di credito a civili basi Usa di Vicenza. Stop anche ai conti per le spese minori<br \/>\n<strong>CHIOGGIA<\/strong> Sequestrati 470 chilogrammi di vongole irregolari. Scoperti in un furgone, bloccata anche barca da pesca<br \/>\n<strong>VENEZIA<\/strong> A Carnevale a Venezia scoperte 17 attivit\u00e0 ricettive senza Cin. Chiuse cinque societ\u00e0 che gestivano alberghi di fatto<br \/>\n<strong>CORTINA<\/strong> Consegnate le prime casette del Villaggio Olimpico di Cortina. Alla presenza del Ministro Andrea Abodi<\/p>\n<h1>AUDIO dalle 7 del mattino<\/h1>\n<audio class=\"wp-audio-shortcode\" id=\"audio-438340-6\" preload=\"none\" style=\"width: 100%;\" controls=\"controls\"><source type=\"audio\/mpeg\" src=\"https:\/\/www.radiopiu.net\/wordpress\/wp-content\/uploads\/2025\/03\/GF07-6.mp3?_=6\" \/><a href=\"https:\/\/www.radiopiu.net\/wordpress\/wp-content\/uploads\/2025\/03\/GF07-6.mp3\">https:\/\/www.radiopiu.net\/wordpress\/wp-content\/uploads\/2025\/03\/GF07-6.mp3<\/a><\/audio>\n<p>&nbsp;<\/p>\n<p>&nbsp;<\/p>\n<hr \/>\n<p>&nbsp;<\/p>\n<h1><\/h1>\n<h1 style=\"text-align: center;\"><span style=\"color: #ff0000;\"><a class=\"dt-pswp-item\" href=\"https:\/\/www.radiopiu.net\/wordpress\/wp-content\/uploads\/2024\/11\/th.jpg\" data-dt-img-description=\"\" data-large_image_width=\"148\" data-large_image_height=\"179\"><img loading=\"lazy\" decoding=\"async\" class=\"size-full wp-image-417913 alignleft\" src=\"https:\/\/www.radiopiu.net\/wordpress\/wp-content\/uploads\/2024\/11\/th.jpg\" alt=\"\" width=\"148\" height=\"179\" \/><\/a>I podcast informativi del mattino &#8211; audio &#8211;\u00a0<\/span><\/h1>\n<blockquote><p><strong>GIORNALE RADIO NAZIONALE, EDIZIONE DELLE SETTE <span style=\"color: #0000ff;\">viene pubblicato alle 7.05 <span style=\"color: #ff0000;\">DIRETTA RADIO\u00a0<\/span><\/span><\/strong><\/p><\/blockquote>\n<p><strong>il giornale radionazionale e&#8217; in onda ogni ora, dalle sette del mattino alle venti della sera\u00a0 \u00a0<\/strong><\/p>\n<p data-start=\"0\" data-end=\"74\"><strong data-start=\"0\" data-end=\"74\">Chiusura Temporanea della Galleria \u201cComelico\u201d lungo la SS 52 \u201cCarnica\u201d <\/strong>La galleria riaprir\u00e0 il 10 marzo con il transito consentito durante il giorno, ma rester\u00e0 chiusa di notte\u00a0 <strong data-start=\"811\" data-end=\"855\">Luned\u00ec l&#8217;Ultimo Saluto a Elsa De Vallier <\/strong>Rocca Pietore piange la scomparsa di Elsa De Vallier, la &#8220;super nonna&#8221; del paese, che \u00e8 deceduta pochi giorni dopo aver festeggiato il suo 104\u00b0 compleanno. Elsa, una figura emblematica della comunit\u00e0 <strong data-start=\"1331\" data-end=\"1404\">Incidente a Falcade e Guasto alla Funivia: Notizie dall&#8217;Alta Montagna <\/strong>Un grave incidente ha coinvolto un uomo di 55 anni a Falcade, mentre stava sciando sulla pista di Col Margherita. Il ferito, trasportato d&#8217;urgenza all&#8217;ospedale di Treviso, ha riportato un trauma cranico. Inoltre, proseguono le indagini sul guasto elettronico che ha causato l&#8217;incidente della funivia Funifor a Porta Vescovo. I dettagli sulle cause dell&#8217;incidente sono ancora in fase di accertamento.<\/p>\n<p><strong>\u00a0<\/strong><\/p>\n<h1><span style=\"color: #ff0000;\"><span style=\"color: #0000ff;\">ULTIM&#8217;ORA<\/span> <span style=\"color: #000000;\">AUDIO dalle sette del mattino, ogni ora alla radio EDIZIONE DELLE SETTE<\/span><\/span><\/h1>\n<audio class=\"wp-audio-shortcode\" id=\"audio-438340-7\" preload=\"none\" style=\"width: 100%;\" controls=\"controls\"><source type=\"audio\/mpeg\" src=\"https:\/\/www.radiopiu.net\/wordpress\/wp-content\/uploads\/2025\/03\/giornale07-8.mp3?_=7\" \/><a href=\"https:\/\/www.radiopiu.net\/wordpress\/wp-content\/uploads\/2025\/03\/giornale07-8.mp3\">https:\/\/www.radiopiu.net\/wordpress\/wp-content\/uploads\/2025\/03\/giornale07-8.mp3<\/a><\/audio>\n<p>&nbsp;<\/p>\n<hr \/>\n<p>&nbsp;<\/p>\n<p>&nbsp;<\/p>\n<h1><span style=\"color: #ff0000;\"><a class=\"dt-pswp-item\" href=\"https:\/\/www.radiopiu.net\/wordpress\/wp-content\/uploads\/2024\/11\/8.jpg\" data-dt-img-description=\"\" data-large_image_width=\"180\" data-large_image_height=\"180\"><img loading=\"lazy\" decoding=\"async\" class=\"size-full wp-image-417910 alignleft\" src=\"https:\/\/www.radiopiu.net\/wordpress\/wp-content\/uploads\/2024\/11\/8.jpg\" alt=\"\" width=\"180\" height=\"180\" srcset=\"https:\/\/www.radiopiu.net\/wordpress\/wp-content\/uploads\/2024\/11\/8.jpg 180w, https:\/\/www.radiopiu.net\/wordpress\/wp-content\/uploads\/2024\/11\/8-150x150.jpg 150w\" sizes=\"auto, (max-width: 180px) 100vw, 180px\" \/><\/a>I podcast informativi del mattino &#8211; video &#8211;\u00a0<\/span><\/h1>\n<h2 style=\"text-align: left;\"><strong>RASSEGNA STAMPA LOCALE, ORE OTTO<\/strong><\/h2>\n<h2><strong> <span style=\"color: #0000ff;\">viene\u00a0 <\/span><\/strong><strong><span style=\"color: #0000ff;\">pubblicata alle 8.05 <span style=\"color: #ff0000;\">DIRETTA RADIO\u00a0 \u00a0<\/span><\/span><\/strong><\/h2>\n<h2><\/h2>\n<h2><strong>DI MIRKO MEZZACASA<\/strong><span style=\"color: #ff0000;\"><strong>\u00a0 \u00a0\u00a0<\/strong><\/span><\/h2>\n<p>L\u2019impegno femminile, in ogni sua declinazione \u2013 dall\u2019impresa alle istituzioni, dallo sport alla politica \u2013 emerge come un pilastro essenziale per l\u2019innovazione, la competitivit\u00e0 e il progresso sociale. Le iniziative concrete e il supporto offerto da enti e associazioni tracciano la via verso una societ\u00e0 sempre pi\u00f9 inclusiva e paritaria, pronta ad affrontare con resilienza e determinazione le sfide del futuro.<\/p>\n<h3 data-start=\"448\" data-end=\"482\">Donne e Impresa sul Territorio &#8211; Le Olimpiadi di Milano Cortina: Un Evento All\u2019Insegna della Parit\u00e0 &#8211;\u00a0 Le Donne Imprenditrici: Motore di Innovazione Economica &#8211;\u00a0 Il Ruolo delle Donne nelle Istituzioni e nei Servizi &#8211; Dinamiche Politiche ed Economiche sul Territorio<\/h3>\n<p>&nbsp;<\/p>\n<h1><span style=\"color: #ff0000;\"><strong>VIDEO\u00a0 \u00a0in diretta AGGIORNAMENTO\u00a0 dalle 8 del mattino\u00a0<\/strong><\/span><\/h1>\n\n\t\t\t<style type='text\/css'>\n\t\t\t\t#gallery-1 {\n\t\t\t\t\tmargin: auto;\n\t\t\t\t}\n\t\t\t\t#gallery-1 .gallery-item {\n\t\t\t\t\tfloat: left;\n\t\t\t\t\tmargin-top: 10px;\n\t\t\t\t\ttext-align: center;\n\t\t\t\t\twidth: 33%;\n\t\t\t\t}\n\t\t\t\t#gallery-1 img {\n\t\t\t\t\tborder: 2px solid #cfcfcf;\n\t\t\t\t}\n\t\t\t\t#gallery-1 .gallery-caption {\n\t\t\t\t\tmargin-left: 0;\n\t\t\t\t}\n\t\t\t\t\/* see gallery_shortcode() in wp-includes\/media.php *\/\n\t\t\t<\/style>\n\t\t<div id='gallery-1' class='dt-gallery-container gallery galleryid-438340 gallery-columns-3 gallery-size-full'><dl class='gallery-item'>\n\t\t\t\t<dt class='gallery-icon landscape'>\n\t\t\t\t\t<a class=\"rollover rollover-zoom dt-pswp-item\" title=\"coop1\" data-dt-img-description=\"\" data-large_image_width=\"598\" data-large_image_height=\"260\"href='https:\/\/www.radiopiu.net\/wordpress\/wp-content\/uploads\/2025\/03\/coop1-5.png'><img loading=\"lazy\" decoding=\"async\" width=\"598\" height=\"260\" src=\"https:\/\/www.radiopiu.net\/wordpress\/wp-content\/uploads\/2025\/03\/coop1-5.png\" class=\"attachment-full size-full\" alt=\"\" srcset=\"https:\/\/www.radiopiu.net\/wordpress\/wp-content\/uploads\/2025\/03\/coop1-5.png 598w, https:\/\/www.radiopiu.net\/wordpress\/wp-content\/uploads\/2025\/03\/coop1-5-300x130.png 300w\" sizes=\"auto, (max-width: 598px) 100vw, 598px\" \/><\/a>\n\t\t\t\t<\/dt><\/dl><dl class='gallery-item'>\n\t\t\t\t<dt class='gallery-icon landscape'>\n\t\t\t\t\t<a class=\"rollover rollover-zoom dt-pswp-item\" title=\"coop2\" data-dt-img-description=\"\" data-large_image_width=\"605\" data-large_image_height=\"402\"href='https:\/\/www.radiopiu.net\/wordpress\/wp-content\/uploads\/2025\/03\/coop2-5.png'><img loading=\"lazy\" decoding=\"async\" width=\"605\" height=\"402\" src=\"https:\/\/www.radiopiu.net\/wordpress\/wp-content\/uploads\/2025\/03\/coop2-5.png\" class=\"attachment-full size-full\" alt=\"\" srcset=\"https:\/\/www.radiopiu.net\/wordpress\/wp-content\/uploads\/2025\/03\/coop2-5.png 605w, https:\/\/www.radiopiu.net\/wordpress\/wp-content\/uploads\/2025\/03\/coop2-5-300x199.png 300w\" sizes=\"auto, (max-width: 605px) 100vw, 605px\" \/><\/a>\n\t\t\t\t<\/dt><\/dl>\n\t\t\t\t<br style='clear: both' \/>\n\t\t\t<\/div>\n\n<p>&nbsp;<\/p>\n<p>&nbsp;<\/p>\n<hr \/>\n<p>&nbsp;<\/p>\n<p>&nbsp;<\/p>\n<p>&nbsp;<\/p>\n<p><strong><a class=\"dt-pswp-item\" href=\"https:\/\/www.radiopiu.net\/wordpress\/wp-content\/uploads\/2023\/12\/ANTENNA.png\" data-dt-img-description=\"\" data-large_image_width=\"300\" data-large_image_height=\"166\"><img loading=\"lazy\" decoding=\"async\" class=\"wp-image-366306 alignright\" src=\"https:\/\/www.radiopiu.net\/wordpress\/wp-content\/uploads\/2023\/12\/ANTENNA.png\" alt=\"\" width=\"101\" height=\"56\" \/><\/a><a class=\"dt-pswp-item\" href=\"https:\/\/www.radiopiu.net\/wordpress\/wp-content\/uploads\/2024\/11\/th-17.jpg\" data-dt-img-description=\"\" data-large_image_width=\"224\" data-large_image_height=\"180\"><img loading=\"lazy\" decoding=\"async\" class=\" wp-image-421610 alignleft\" src=\"https:\/\/www.radiopiu.net\/wordpress\/wp-content\/uploads\/2024\/11\/th-17.jpg\" alt=\"\" width=\"167\" height=\"134\" \/><\/a>ogni sera alle 19 le anticipazioni alla radio, quello che poi seguirete nel TELEGIORNALE BELLUNESE\u00a0 in onda alle 19.30 sul CANALE 10 del digitale terrestre.\u00a0\u00a0<\/strong><\/p>\n<p><b>\u00a0\u00a0<\/b><\/p>\n<h1><span style=\"color: #ff0000;\"><strong>LE ANTICIPAZIONI DI Tiziana Bolognani<\/strong><\/span><\/h1>\n<audio class=\"wp-audio-shortcode\" id=\"audio-438340-8\" preload=\"none\" style=\"width: 100%;\" controls=\"controls\"><source type=\"audio\/mpeg\" src=\"https:\/\/www.radiopiu.net\/wordpress\/wp-content\/uploads\/2025\/03\/ANTENNA3-5.mp3?_=8\" \/><a href=\"https:\/\/www.radiopiu.net\/wordpress\/wp-content\/uploads\/2025\/03\/ANTENNA3-5.mp3\">https:\/\/www.radiopiu.net\/wordpress\/wp-content\/uploads\/2025\/03\/ANTENNA3-5.mp3<\/a><\/audio>\n<p>&nbsp;<\/p>\n<p>&nbsp;<\/p>\n<p>&nbsp;<\/p>\n<hr \/>\n<p>&nbsp;<\/p>\n<blockquote>\n<h2>CHIUSURA TEMPORANEA DELLA GALLERIA \u201cCOMELICO\u201d LUNGO LA SS 52 \u201cCARNICA\u201d<\/h2>\n<\/blockquote>\n<p><img loading=\"lazy\" decoding=\"async\" class=\"alignleft\" src=\"https:\/\/www.radiopiu.net\/wordpress\/wp-content\/uploads\/2021\/06\/anas.png\" width=\"145\" height=\"82\" \/>Chiusura temporanea della galleria \u201cComelico\u201d, situata lungo la strada statale 52 \u201cCarnica\u201d, tra Auronzo e Santo Stefano di Cadore, per consentire l&#8217;avvio di una nuova fase di lavori. La chiusura durer\u00e0 fino al 10 marzo, con una pausa notturna. \u00a0La chiusura totale, necessaria per la rimozione di un soppalco contenente strumentazione tecnologica, avverr\u00e0 <strong>fino alle 6:00 di luned\u00ec 10 marzo.<\/strong> Durante i lavori, saranno attivati percorsi alternativi per il traffico pesante e leggero. A partire dal 10 marzo, la galleria riaprir\u00e0 con transito diurno e chiusura notturna.<\/p>\n<p>&nbsp;<\/p>\n<p>&nbsp;<\/p>\n<hr \/>\n<p>&nbsp;<\/p>\n<blockquote>\n<h3>LUNEDI&#8217; L&#8217;ULTIMO SALUTO AD ELSA DE VALLIER, AVEVA COMPIUTO 104 ANNI POCHI GIORNI FA<\/h3>\n<\/blockquote>\n<p><strong>REDAZIONE <\/strong>Rocca Pietore piange la scomparsa di Elsa De Vallier, la sua &#8220;super nonna&#8221;, che si \u00e8 spenta pochi giorni dopo aver festeggiato il suo 104\u00b0 compleanno. Un traguardo incredibile, celebrato con affetto e commozione nella struttura Villa San Giuseppe di Livinallongo, dove era ospitata. Circondata dai figli Franca e Alberto con Pia, i nipoti Stefania, Ivan con Barbara e Fabio, Virgilio, Tiziano con Anna, i pronipoti Arianna, Benjamin, Eric, dagli operatori della struttura e dai sindaci di Rocca Pietore e Livinallongo, Elsa ha vissuto un ultimo compleanno ricco di sorrisi e di emozioni. Una donna forte, testimone di un secolo di storia, che con il suo spirito ha lasciato un segno indelebile nella comunit\u00e0. Ora Rocca Pietore la saluta con gratitudine e affetto, conservando nel cuore il suo ricordo e il suo esempio di vita.\u00a0I funerali si svolgeranno luned\u00ec alle 14:30 nella chiesa parrocchiale di Rocca Pietore.<\/p>\n<p><strong>IL SINDACO DI ROCCA PIETORE VALERIO DAVARE<\/strong><\/p>\n<p>Purtroppo \u00e8 venuta a mancare la nostra Elsa de Vallier, la rocchesana meno giovane del nostro comune. Nativa del villaggio di Sofedera, ha gestito per decenni uno dei forni del pane di Rocca Pietore, crescendo una forte famiglia dai grandi valori. Era una lavoratrice tenace e instancabile, dalla forte tempra montanara, sempre pronta a darsi da fare e divenuta negli anni un vero e proprio punto di riferimento per tutta la nostra comunit\u00e0. Bon viaz Elsa, a sarevede!<\/p>\n<p>&nbsp;<\/p>\n<p><span style=\"color: #ff0000;\"><strong>IL 21 FEBBRAIO SCORSO I FESTEGGIAMENTI PER I 104 ANNI<\/strong><\/span><\/p>\n<p><strong>LIVINALLONGO<\/strong> Grande festa a Villa San Giuseppe di Livinallongo per i 104 anni di Elsa De Vallier. All&#8217;appuntamento non mancava nessuno. I figli Franca e Alberto assieme a tutti i parenti. I sindaci di Rocca Pietore e Livinallongo. E tutto il personale della struttura che sta ospitando Elsa. Gli auguri sono arrivati da tutti e poi anche la torta per Elsa, per concludere i festeggiamenti in bellezza.<\/p>\n<p>con il Presidente Denni Dorigo, la direttrice Marina Palpati, i sindaci di Rocca Pietore Valerio Davere e di Livinallongo Oscar Nagler<\/p>\n<p><strong>IL VIDEO<\/strong><\/p>\n<p><iframe loading=\"lazy\" title=\"COMPLEANNO 104 ANNI DI ELSA DE VALLIER\" width=\"1200\" height=\"675\" src=\"https:\/\/www.youtube.com\/embed\/mc9-CnXhnFo?feature=oembed\" frameborder=\"0\" allow=\"accelerometer; autoplay; clipboard-write; encrypted-media; gyroscope; picture-in-picture; web-share\" referrerpolicy=\"strict-origin-when-cross-origin\" allowfullscreen><\/iframe><\/p>\n<p>&nbsp;<\/p>\n<p><strong>LE FOTO<\/strong><\/p>\n\n\t\t\t<style type='text\/css'>\n\t\t\t\t#gallery-2 {\n\t\t\t\t\tmargin: auto;\n\t\t\t\t}\n\t\t\t\t#gallery-2 .gallery-item {\n\t\t\t\t\tfloat: left;\n\t\t\t\t\tmargin-top: 10px;\n\t\t\t\t\ttext-align: center;\n\t\t\t\t\twidth: 16%;\n\t\t\t\t}\n\t\t\t\t#gallery-2 img {\n\t\t\t\t\tborder: 2px solid #cfcfcf;\n\t\t\t\t}\n\t\t\t\t#gallery-2 .gallery-caption {\n\t\t\t\t\tmargin-left: 0;\n\t\t\t\t}\n\t\t\t\t\/* see gallery_shortcode() in wp-includes\/media.php *\/\n\t\t\t<\/style>\n\t\t<div id='gallery-2' class='dt-gallery-container gallery galleryid-438340 gallery-columns-6 gallery-size-thumbnail'><dl class='gallery-item'>\n\t\t\t\t<dt class='gallery-icon landscape'>\n\t\t\t\t\t<a class=\"rollover\" href='https:\/\/www.radiopiu.net\/wordpress\/i-festeggiamenti-per-i-104-anni-di-elsa-de-vallier-a-villa-san-giuseppe-di-livinallongo\/fe35b19f-f20f-49e1-b21e-bebe85b1f124\/'><img loading=\"lazy\" decoding=\"async\" width=\"150\" height=\"150\" src=\"https:\/\/www.radiopiu.net\/wordpress\/wp-content\/uploads\/2025\/02\/fe35b19f-f20f-49e1-b21e-bebe85b1f124-150x150.jpg\" class=\"attachment-thumbnail size-thumbnail\" alt=\"\" \/><\/a>\n\t\t\t\t<\/dt><\/dl><dl class='gallery-item'>\n\t\t\t\t<dt class='gallery-icon landscape'>\n\t\t\t\t\t<a class=\"rollover\" href='https:\/\/www.radiopiu.net\/wordpress\/i-festeggiamenti-per-i-104-anni-di-elsa-de-vallier-a-villa-san-giuseppe-di-livinallongo\/921155da-0d76-4e92-a26c-40882d9fea9b\/'><img loading=\"lazy\" decoding=\"async\" width=\"150\" height=\"150\" src=\"https:\/\/www.radiopiu.net\/wordpress\/wp-content\/uploads\/2025\/02\/921155da-0d76-4e92-a26c-40882d9fea9b-150x150.jpg\" class=\"attachment-thumbnail size-thumbnail\" alt=\"\" \/><\/a>\n\t\t\t\t<\/dt><\/dl><dl class='gallery-item'>\n\t\t\t\t<dt class='gallery-icon landscape'>\n\t\t\t\t\t<a class=\"rollover\" href='https:\/\/www.radiopiu.net\/wordpress\/i-festeggiamenti-per-i-104-anni-di-elsa-de-vallier-a-villa-san-giuseppe-di-livinallongo\/9ec8a161-b28d-4e1b-81c1-8bbb1cc4a7df\/'><img loading=\"lazy\" decoding=\"async\" width=\"150\" height=\"150\" src=\"https:\/\/www.radiopiu.net\/wordpress\/wp-content\/uploads\/2025\/02\/9ec8a161-b28d-4e1b-81c1-8bbb1cc4a7df-150x150.jpg\" class=\"attachment-thumbnail size-thumbnail\" alt=\"\" \/><\/a>\n\t\t\t\t<\/dt><\/dl><dl class='gallery-item'>\n\t\t\t\t<dt class='gallery-icon landscape'>\n\t\t\t\t\t<a class=\"rollover\" href='https:\/\/www.radiopiu.net\/wordpress\/i-festeggiamenti-per-i-104-anni-di-elsa-de-vallier-a-villa-san-giuseppe-di-livinallongo\/d82334cc-7e6b-49ed-8ed3-43947b9df0ca\/'><img loading=\"lazy\" decoding=\"async\" width=\"150\" height=\"150\" src=\"https:\/\/www.radiopiu.net\/wordpress\/wp-content\/uploads\/2025\/02\/d82334cc-7e6b-49ed-8ed3-43947b9df0ca-150x150.jpg\" class=\"attachment-thumbnail size-thumbnail\" alt=\"\" \/><\/a>\n\t\t\t\t<\/dt><\/dl><dl class='gallery-item'>\n\t\t\t\t<dt class='gallery-icon landscape'>\n\t\t\t\t\t<a class=\"rollover\" href='https:\/\/www.radiopiu.net\/wordpress\/i-festeggiamenti-per-i-104-anni-di-elsa-de-vallier-a-villa-san-giuseppe-di-livinallongo\/9ac3875a-33cb-4799-983a-f3667fd6433e\/'><img loading=\"lazy\" decoding=\"async\" width=\"150\" height=\"150\" src=\"https:\/\/www.radiopiu.net\/wordpress\/wp-content\/uploads\/2025\/02\/9ac3875a-33cb-4799-983a-f3667fd6433e-150x150.jpg\" class=\"attachment-thumbnail size-thumbnail\" alt=\"\" \/><\/a>\n\t\t\t\t<\/dt><\/dl><dl class='gallery-item'>\n\t\t\t\t<dt class='gallery-icon landscape'>\n\t\t\t\t\t<a class=\"rollover\" href='https:\/\/www.radiopiu.net\/wordpress\/i-festeggiamenti-per-i-104-anni-di-elsa-de-vallier-a-villa-san-giuseppe-di-livinallongo\/2c3923a9-7fe4-4acb-abe7-293e1cc55d6e\/'><img loading=\"lazy\" decoding=\"async\" width=\"150\" height=\"150\" src=\"https:\/\/www.radiopiu.net\/wordpress\/wp-content\/uploads\/2025\/02\/2c3923a9-7fe4-4acb-abe7-293e1cc55d6e-150x150.jpg\" class=\"attachment-thumbnail size-thumbnail\" alt=\"\" \/><\/a>\n\t\t\t\t<\/dt><\/dl><br style=\"clear: both\" \/><dl class='gallery-item'>\n\t\t\t\t<dt class='gallery-icon landscape'>\n\t\t\t\t\t<a class=\"rollover\" href='https:\/\/www.radiopiu.net\/wordpress\/i-festeggiamenti-per-i-104-anni-di-elsa-de-vallier-a-villa-san-giuseppe-di-livinallongo\/75c00910-decf-4806-ac52-414b870daa15\/'><img loading=\"lazy\" decoding=\"async\" width=\"150\" height=\"150\" src=\"https:\/\/www.radiopiu.net\/wordpress\/wp-content\/uploads\/2025\/02\/75c00910-decf-4806-ac52-414b870daa15-150x150.jpg\" class=\"attachment-thumbnail size-thumbnail\" alt=\"\" \/><\/a>\n\t\t\t\t<\/dt><\/dl><dl class='gallery-item'>\n\t\t\t\t<dt class='gallery-icon landscape'>\n\t\t\t\t\t<a class=\"rollover\" href='https:\/\/www.radiopiu.net\/wordpress\/i-festeggiamenti-per-i-104-anni-di-elsa-de-vallier-a-villa-san-giuseppe-di-livinallongo\/abc18e91-e48f-448f-805e-5bf9ed07cbcb\/'><img loading=\"lazy\" decoding=\"async\" width=\"150\" height=\"150\" src=\"https:\/\/www.radiopiu.net\/wordpress\/wp-content\/uploads\/2025\/02\/abc18e91-e48f-448f-805e-5bf9ed07cbcb-150x150.jpg\" class=\"attachment-thumbnail size-thumbnail\" alt=\"\" \/><\/a>\n\t\t\t\t<\/dt><\/dl><dl class='gallery-item'>\n\t\t\t\t<dt class='gallery-icon landscape'>\n\t\t\t\t\t<a class=\"rollover\" href='https:\/\/www.radiopiu.net\/wordpress\/i-festeggiamenti-per-i-104-anni-di-elsa-de-vallier-a-villa-san-giuseppe-di-livinallongo\/e3345efd-63cc-4125-9c8d-b5b40e48ba72\/'><img loading=\"lazy\" decoding=\"async\" width=\"150\" height=\"150\" src=\"https:\/\/www.radiopiu.net\/wordpress\/wp-content\/uploads\/2025\/02\/e3345efd-63cc-4125-9c8d-b5b40e48ba72-150x150.jpg\" class=\"attachment-thumbnail size-thumbnail\" alt=\"\" \/><\/a>\n\t\t\t\t<\/dt><\/dl><dl class='gallery-item'>\n\t\t\t\t<dt class='gallery-icon landscape'>\n\t\t\t\t\t<a class=\"rollover\" href='https:\/\/www.radiopiu.net\/wordpress\/i-festeggiamenti-per-i-104-anni-di-elsa-de-vallier-a-villa-san-giuseppe-di-livinallongo\/3a27caf4-813d-4a60-afa3-43119e72d4dc\/'><img loading=\"lazy\" decoding=\"async\" width=\"150\" height=\"150\" src=\"https:\/\/www.radiopiu.net\/wordpress\/wp-content\/uploads\/2025\/02\/3a27caf4-813d-4a60-afa3-43119e72d4dc-150x150.jpg\" class=\"attachment-thumbnail size-thumbnail\" alt=\"\" \/><\/a>\n\t\t\t\t<\/dt><\/dl><dl class='gallery-item'>\n\t\t\t\t<dt class='gallery-icon landscape'>\n\t\t\t\t\t<a class=\"rollover\" href='https:\/\/www.radiopiu.net\/wordpress\/i-festeggiamenti-per-i-104-anni-di-elsa-de-vallier-a-villa-san-giuseppe-di-livinallongo\/9e9d93b0-7bb6-4a9f-96ab-b647b0bf2fc7\/'><img loading=\"lazy\" decoding=\"async\" width=\"150\" height=\"150\" src=\"https:\/\/www.radiopiu.net\/wordpress\/wp-content\/uploads\/2025\/02\/9e9d93b0-7bb6-4a9f-96ab-b647b0bf2fc7-150x150.jpg\" class=\"attachment-thumbnail size-thumbnail\" alt=\"\" \/><\/a>\n\t\t\t\t<\/dt><\/dl><dl class='gallery-item'>\n\t\t\t\t<dt class='gallery-icon landscape'>\n\t\t\t\t\t<a class=\"rollover\" href='https:\/\/www.radiopiu.net\/wordpress\/i-festeggiamenti-per-i-104-anni-di-elsa-de-vallier-a-villa-san-giuseppe-di-livinallongo\/0c5934b5-ee55-4778-b06c-51acc04e19b7\/'><img loading=\"lazy\" decoding=\"async\" width=\"150\" height=\"150\" src=\"https:\/\/www.radiopiu.net\/wordpress\/wp-content\/uploads\/2025\/02\/0c5934b5-ee55-4778-b06c-51acc04e19b7-150x150.jpg\" class=\"attachment-thumbnail size-thumbnail\" alt=\"\" \/><\/a>\n\t\t\t\t<\/dt><\/dl><br style=\"clear: both\" \/><dl class='gallery-item'>\n\t\t\t\t<dt class='gallery-icon landscape'>\n\t\t\t\t\t<a class=\"rollover\" href='https:\/\/www.radiopiu.net\/wordpress\/i-festeggiamenti-per-i-104-anni-di-elsa-de-vallier-a-villa-san-giuseppe-di-livinallongo\/6e868c9d-77a1-40d3-989f-26dae8e9d04b\/'><img loading=\"lazy\" decoding=\"async\" width=\"150\" height=\"150\" src=\"https:\/\/www.radiopiu.net\/wordpress\/wp-content\/uploads\/2025\/02\/6e868c9d-77a1-40d3-989f-26dae8e9d04b-150x150.jpg\" class=\"attachment-thumbnail size-thumbnail\" alt=\"\" \/><\/a>\n\t\t\t\t<\/dt><\/dl><dl class='gallery-item'>\n\t\t\t\t<dt class='gallery-icon landscape'>\n\t\t\t\t\t<a class=\"rollover\" href='https:\/\/www.radiopiu.net\/wordpress\/i-festeggiamenti-per-i-104-anni-di-elsa-de-vallier-a-villa-san-giuseppe-di-livinallongo\/f301df02-3dd8-4591-ac18-6726e41a91d1\/'><img loading=\"lazy\" decoding=\"async\" width=\"150\" height=\"150\" src=\"https:\/\/www.radiopiu.net\/wordpress\/wp-content\/uploads\/2025\/02\/f301df02-3dd8-4591-ac18-6726e41a91d1-150x150.jpg\" class=\"attachment-thumbnail size-thumbnail\" alt=\"\" \/><\/a>\n\t\t\t\t<\/dt><\/dl><dl class='gallery-item'>\n\t\t\t\t<dt class='gallery-icon landscape'>\n\t\t\t\t\t<a class=\"rollover\" href='https:\/\/www.radiopiu.net\/wordpress\/i-festeggiamenti-per-i-104-anni-di-elsa-de-vallier-a-villa-san-giuseppe-di-livinallongo\/19a6de33-fb32-4317-94d1-886b7d877d8e\/'><img loading=\"lazy\" decoding=\"async\" width=\"150\" height=\"150\" src=\"https:\/\/www.radiopiu.net\/wordpress\/wp-content\/uploads\/2025\/02\/19a6de33-fb32-4317-94d1-886b7d877d8e-150x150.jpg\" class=\"attachment-thumbnail size-thumbnail\" alt=\"\" \/><\/a>\n\t\t\t\t<\/dt><\/dl><dl class='gallery-item'>\n\t\t\t\t<dt class='gallery-icon landscape'>\n\t\t\t\t\t<a class=\"rollover\" href='https:\/\/www.radiopiu.net\/wordpress\/i-festeggiamenti-per-i-104-anni-di-elsa-de-vallier-a-villa-san-giuseppe-di-livinallongo\/7a837383-53f1-4ea2-91f5-f19a12144f4d\/'><img loading=\"lazy\" decoding=\"async\" width=\"150\" height=\"150\" src=\"https:\/\/www.radiopiu.net\/wordpress\/wp-content\/uploads\/2025\/02\/7a837383-53f1-4ea2-91f5-f19a12144f4d-150x150.jpg\" class=\"attachment-thumbnail size-thumbnail\" alt=\"\" \/><\/a>\n\t\t\t\t<\/dt><\/dl><dl class='gallery-item'>\n\t\t\t\t<dt class='gallery-icon landscape'>\n\t\t\t\t\t<a class=\"rollover\" href='https:\/\/www.radiopiu.net\/wordpress\/i-festeggiamenti-per-i-104-anni-di-elsa-de-vallier-a-villa-san-giuseppe-di-livinallongo\/21c7f3ae-0f90-4fb3-9013-ef06c8a4d853\/'><img loading=\"lazy\" decoding=\"async\" width=\"150\" height=\"150\" src=\"https:\/\/www.radiopiu.net\/wordpress\/wp-content\/uploads\/2025\/02\/21c7f3ae-0f90-4fb3-9013-ef06c8a4d853-150x150.jpg\" class=\"attachment-thumbnail size-thumbnail\" alt=\"\" \/><\/a>\n\t\t\t\t<\/dt><\/dl><dl class='gallery-item'>\n\t\t\t\t<dt class='gallery-icon landscape'>\n\t\t\t\t\t<a class=\"rollover\" href='https:\/\/www.radiopiu.net\/wordpress\/i-festeggiamenti-per-i-104-anni-di-elsa-de-vallier-a-villa-san-giuseppe-di-livinallongo\/9186fcd6-3627-44e8-a2dd-82f62d040582\/'><img loading=\"lazy\" decoding=\"async\" width=\"150\" height=\"150\" src=\"https:\/\/www.radiopiu.net\/wordpress\/wp-content\/uploads\/2025\/02\/9186fcd6-3627-44e8-a2dd-82f62d040582-150x150.jpg\" class=\"attachment-thumbnail size-thumbnail\" alt=\"\" \/><\/a>\n\t\t\t\t<\/dt><\/dl><br style=\"clear: both\" \/><dl class='gallery-item'>\n\t\t\t\t<dt class='gallery-icon landscape'>\n\t\t\t\t\t<a class=\"rollover\" href='https:\/\/www.radiopiu.net\/wordpress\/i-festeggiamenti-per-i-104-anni-di-elsa-de-vallier-a-villa-san-giuseppe-di-livinallongo\/8f560241-a467-42df-bb90-ce1a27e8208d\/'><img loading=\"lazy\" decoding=\"async\" width=\"150\" height=\"150\" src=\"https:\/\/www.radiopiu.net\/wordpress\/wp-content\/uploads\/2025\/02\/8f560241-a467-42df-bb90-ce1a27e8208d-150x150.jpg\" class=\"attachment-thumbnail size-thumbnail\" alt=\"\" \/><\/a>\n\t\t\t\t<\/dt><\/dl><dl class='gallery-item'>\n\t\t\t\t<dt class='gallery-icon landscape'>\n\t\t\t\t\t<a class=\"rollover\" href='https:\/\/www.radiopiu.net\/wordpress\/i-festeggiamenti-per-i-104-anni-di-elsa-de-vallier-a-villa-san-giuseppe-di-livinallongo\/441f36f6-4277-4546-bbc4-70920589c9b9\/'><img loading=\"lazy\" decoding=\"async\" width=\"150\" height=\"150\" src=\"https:\/\/www.radiopiu.net\/wordpress\/wp-content\/uploads\/2025\/02\/441f36f6-4277-4546-bbc4-70920589c9b9-150x150.jpg\" class=\"attachment-thumbnail size-thumbnail\" alt=\"\" \/><\/a>\n\t\t\t\t<\/dt><\/dl><dl class='gallery-item'>\n\t\t\t\t<dt class='gallery-icon landscape'>\n\t\t\t\t\t<a class=\"rollover\" href='https:\/\/www.radiopiu.net\/wordpress\/i-festeggiamenti-per-i-104-anni-di-elsa-de-vallier-a-villa-san-giuseppe-di-livinallongo\/3d129474-6339-46a1-9d4d-14a4365d8599\/'><img loading=\"lazy\" decoding=\"async\" width=\"150\" height=\"150\" src=\"https:\/\/www.radiopiu.net\/wordpress\/wp-content\/uploads\/2025\/02\/3d129474-6339-46a1-9d4d-14a4365d8599-150x150.jpg\" class=\"attachment-thumbnail size-thumbnail\" alt=\"\" \/><\/a>\n\t\t\t\t<\/dt><\/dl><dl class='gallery-item'>\n\t\t\t\t<dt class='gallery-icon landscape'>\n\t\t\t\t\t<a class=\"rollover\" href='https:\/\/www.radiopiu.net\/wordpress\/i-festeggiamenti-per-i-104-anni-di-elsa-de-vallier-a-villa-san-giuseppe-di-livinallongo\/d7a0257f-bd80-427a-97b8-e08773ff702c\/'><img loading=\"lazy\" decoding=\"async\" width=\"150\" height=\"150\" src=\"https:\/\/www.radiopiu.net\/wordpress\/wp-content\/uploads\/2025\/02\/d7a0257f-bd80-427a-97b8-e08773ff702c-150x150.jpg\" class=\"attachment-thumbnail size-thumbnail\" alt=\"\" \/><\/a>\n\t\t\t\t<\/dt><\/dl>\n\t\t\t\t<br style='clear: both' \/>\n\t\t\t<\/div>\n\n<p>&nbsp;<\/p>\n<p>&nbsp;<\/p>\n<hr \/>\n<p>**<\/p>\n<p>&nbsp;<\/p>\n<blockquote>\n<p data-start=\"0\" data-end=\"56\"><strong data-start=\"0\" data-end=\"54\"><a class=\"dt-pswp-item\" href=\"https:\/\/www.radiopiu.net\/wordpress\/wp-content\/uploads\/2025\/03\/Senza-nome-31.png\" data-dt-img-description=\"\" data-large_image_width=\"272\" data-large_image_height=\"206\"><img loading=\"lazy\" decoding=\"async\" class=\"wp-image-438263 alignleft\" src=\"https:\/\/www.radiopiu.net\/wordpress\/wp-content\/uploads\/2025\/03\/Senza-nome-31.png\" alt=\"\" width=\"133\" height=\"101\" \/><\/a>GUASTO ELETTRONICO ALLA FUNIVIA: INDAGINI IN CORSO<\/strong><\/p>\n<\/blockquote>\n<div class=\"flex max-w-full flex-col flex-grow\">\n<div class=\"min-h-8 text-message relative flex w-full flex-col items-end gap-2 whitespace-normal break-words text-start [.text-message+&amp;]:mt-5\" dir=\"auto\" data-message-author-role=\"assistant\" data-message-id=\"a14f7905-694b-4dc7-9246-c0393f2a3135\" data-message-model-slug=\"gpt-4o\">\n<div class=\"flex w-full flex-col gap-1 empty:hidden first:pt-[3px]\">\n<div class=\"markdown prose w-full break-words dark:prose-invert dark\">\n<p data-start=\"58\" data-end=\"341\" data-is-last-node=\"\" data-is-only-node=\"\">Le indagini sulla cabina della funivia Funifor schiantatasi a Porta Vescovo si concentrano sull\u2019apparato elettronico di sicurezza. Qualcosa non ha funzionato nei sensori e nei comandi. Il macchinista, dimesso dall\u2019ospedale, racconta: \u00abHo avuto paura, i colleghi mi hanno confortato\u00bb.<\/p>\n<\/div>\n<\/div>\n<\/div>\n<\/div>\n<div class=\"mb-2 flex gap-3 -ml-2\" tabindex=\"0\">\n<div class=\"items-center justify-start rounded-xl p-1 flex\">\n<div class=\"flex items-center\"><\/div>\n<div><\/div>\n<\/div>\n<\/div>\n<blockquote>\n<h2>LA PASSIONE PER LA MONTAGNA E IL SOSTEGNO DEI COLLEGHI<\/h2>\n<\/blockquote>\n<blockquote><p><em><img loading=\"lazy\" decoding=\"async\" class=\"alignleft\" src=\"https:\/\/www.radiopiu.net\/wordpress\/wp-content\/uploads\/2025\/03\/Senza-nome-37.png\" width=\"304\" height=\"180\" \/>Da sempre appassionato di impianti a fune e alta montagna, ho seguito il cuore nella scelta del mio lavoro. L\u2019incidente che ho vissuto non \u00e8 stato piacevole, ma ci\u00f2 che mi ha colpito profondamente \u00e8 stato il sostegno dei miei colleghi<\/em><\/p><\/blockquote>\n<p><strong>AI MICROFONI DI RADIOPIU, SIMONE PRA<\/strong><\/p>\n<audio class=\"wp-audio-shortcode\" id=\"audio-438340-9\" preload=\"none\" style=\"width: 100%;\" controls=\"controls\"><source type=\"audio\/mpeg\" src=\"https:\/\/www.radiopiu.net\/wordpress\/wp-content\/uploads\/2025\/03\/SIMONE-PER-RADIO-PIU-INCIDENTE-FUNIFOR-ARABBA.mp3?_=9\" \/><a href=\"https:\/\/www.radiopiu.net\/wordpress\/wp-content\/uploads\/2025\/03\/SIMONE-PER-RADIO-PIU-INCIDENTE-FUNIFOR-ARABBA.mp3\">https:\/\/www.radiopiu.net\/wordpress\/wp-content\/uploads\/2025\/03\/SIMONE-PER-RADIO-PIU-INCIDENTE-FUNIFOR-ARABBA.mp3<\/a><\/audio>\n<p>&nbsp;<\/p>\n<p>&nbsp;<\/p>\n<hr \/>\n<p>&nbsp;<\/p>\n<blockquote>\n<h3>INCIDENTE A FELTRE, DUE FERITI. TRAUMA CRANICO SULLE PISTE DI FALCADE<\/h3>\n<\/blockquote>\n<p><strong><a class=\"dt-pswp-item\" href=\"https:\/\/www.radiopiu.net\/wordpress\/wp-content\/uploads\/2021\/10\/a0c568f4-8fef-4e1e-b203-57f1d1d0c1e7.jpg\" data-dt-img-description=\"\" data-large_image_width=\"2000\" data-large_image_height=\"1496\"><img loading=\"lazy\" decoding=\"async\" class=\" wp-image-238247 alignleft\" src=\"https:\/\/www.radiopiu.net\/wordpress\/wp-content\/uploads\/2021\/10\/a0c568f4-8fef-4e1e-b203-57f1d1d0c1e7-300x224.jpg\" alt=\"\" width=\"158\" height=\"118\" srcset=\"https:\/\/www.radiopiu.net\/wordpress\/wp-content\/uploads\/2021\/10\/a0c568f4-8fef-4e1e-b203-57f1d1d0c1e7-300x224.jpg 300w, https:\/\/www.radiopiu.net\/wordpress\/wp-content\/uploads\/2021\/10\/a0c568f4-8fef-4e1e-b203-57f1d1d0c1e7-1024x766.jpg 1024w, https:\/\/www.radiopiu.net\/wordpress\/wp-content\/uploads\/2021\/10\/a0c568f4-8fef-4e1e-b203-57f1d1d0c1e7-768x574.jpg 768w, https:\/\/www.radiopiu.net\/wordpress\/wp-content\/uploads\/2021\/10\/a0c568f4-8fef-4e1e-b203-57f1d1d0c1e7-1536x1149.jpg 1536w, https:\/\/www.radiopiu.net\/wordpress\/wp-content\/uploads\/2021\/10\/a0c568f4-8fef-4e1e-b203-57f1d1d0c1e7.jpg 2000w\" sizes=\"auto, (max-width: 158px) 100vw, 158px\" \/><\/a>REDAZIONE<\/strong> Sono 17 gli interventi sulle piste da sci della provincia da parte del Suem 118 impegnata in pi\u00f9 localit\u00e0nelle ultime 24 ore. Tra gli interventi principali spicca un grave trauma cranico occorso a un uomo di 55 anni residente a Milano sulla pista di Col Margherita a Falcade. Il ferito \u00e8 stato soccorso dall&#8217;elisoccorso FALCO e trasportato d&#8217;urgenza all&#8217;ospedale di Treviso per accertamenti e cure mediche. Non solo interventi in pista ma anche un incidente stradale. Incidente ieri mattina alla Fenadora: un 60enne di Seren del Grappa e una 28enne di Portogruaro sono rimasti feriti in un tamponamento tra una Kia Picanto e una Peugeot 208. Entrambi trasportati all\u2019ospedale di Feltre.<\/p>\n<p>&nbsp;<\/p>\n<p>&nbsp;<\/p>\n<hr \/>\n<p>&nbsp;<\/p>\n<blockquote>\n<h3>PRECIPITA CON IL PARAPENDIO DOPO IL DECOLLO<\/h3>\n<\/blockquote>\n<p><strong><a class=\"dt-pswp-item\" href=\"https:\/\/www.radiopiu.net\/wordpress\/wp-content\/uploads\/2022\/04\/soccorso-alpino-1024x602-1.jpg\" data-dt-img-description=\"\" data-large_image_width=\"1024\" data-large_image_height=\"602\"><img loading=\"lazy\" decoding=\"async\" class=\" wp-image-270917 alignleft\" src=\"https:\/\/www.radiopiu.net\/wordpress\/wp-content\/uploads\/2022\/04\/soccorso-alpino-1024x602-1-300x176.jpg\" alt=\"\" width=\"170\" height=\"100\" srcset=\"https:\/\/www.radiopiu.net\/wordpress\/wp-content\/uploads\/2022\/04\/soccorso-alpino-1024x602-1-300x176.jpg 300w, https:\/\/www.radiopiu.net\/wordpress\/wp-content\/uploads\/2022\/04\/soccorso-alpino-1024x602-1-768x452.jpg 768w, https:\/\/www.radiopiu.net\/wordpress\/wp-content\/uploads\/2022\/04\/soccorso-alpino-1024x602-1.jpg 1024w\" sizes=\"auto, (max-width: 170px) 100vw, 170px\" \/><\/a>FELTRE<\/strong> Subito dopo il lancio con il parapendio dal decollo sud del Monte Avena, a causa di problemi in volo, un pilota di parapendio \u00e8 precipitato tra gli alberi, l&#8217;impatto a terra attutito dalla vegetazione. Lui stesso, un 38enne di Feltre, ha contattato attorno alle 13 di ieri il 118, precisando la sua posizione. Una squadra del Soccorso alpino di Feltre si \u00e8 avvicinata in fuoristrada per poi raggiungere l&#8217;uomo, assistito da altre persone, superando a piedi un centinaio di metri. I soccorritori, sette in tutto, gli hanno quindi prestato le prime cure per un sospetto trauma alla gamba, lo hanno imbarellato e trasportato al loro mezzo, per poi accompagnarlo all&#8217;ospedale di Feltre.<\/p>\n<p>&nbsp;<\/p>\n<hr \/>\n<p>&nbsp;<\/p>\n<div class=\"flex max-w-full flex-col flex-grow\">\n<div class=\"min-h-8 text-message relative flex w-full flex-col items-end gap-2 whitespace-normal break-words text-start [.text-message+&amp;]:mt-5\" dir=\"auto\" data-message-author-role=\"assistant\" data-message-id=\"01f576d5-c669-4989-986e-0dfbc22fff59\" data-message-model-slug=\"gpt-4o\">\n<div class=\"flex w-full flex-col gap-1 empty:hidden first:pt-[3px]\">\n<div class=\"markdown prose w-full break-words dark:prose-invert dark\">\n<blockquote>\n<p data-start=\"0\" data-end=\"61\"><strong data-start=\"0\" data-end=\"59\"><a class=\"dt-pswp-item\" href=\"https:\/\/www.radiopiu.net\/wordpress\/wp-content\/uploads\/2025\/03\/Senza-nome-38.png\" data-dt-img-description=\"\" data-large_image_width=\"185\" data-large_image_height=\"171\"><img loading=\"lazy\" decoding=\"async\" class=\" wp-image-438521 alignleft\" src=\"https:\/\/www.radiopiu.net\/wordpress\/wp-content\/uploads\/2025\/03\/Senza-nome-38.png\" alt=\"\" width=\"104\" height=\"96\" \/><\/a>CAMION BLOCCATO A TOMO: INTERVENGONO I VIGILI DEL FUOCO<\/strong><\/p>\n<\/blockquote>\n<p data-start=\"63\" data-end=\"317\" data-is-last-node=\"\" data-is-only-node=\"\">Ieri pomeriggio a Tomo, un camion con rimorchio si \u00e8 inclinato contro un edificio storico a causa di un cedimento stradale. Intervento di tre ore dei vigili del fuoco di Feltre e Belluno con autogr\u00f9 per rimetterlo in carreggiata. Nessun danno registrato.<\/p>\n<\/div>\n<\/div>\n<\/div>\n<\/div>\n<div class=\"mb-2 flex gap-3 -ml-2\" tabindex=\"0\">\n<div class=\"items-center justify-start rounded-xl p-1 flex\">\n<div class=\"flex items-center\"><\/div>\n<div><\/div>\n<div>\n<hr \/>\n<\/div>\n<div><\/div>\n<blockquote>\n<h2>MULTANO UN RAGAZZINO PERCH\u00c9 PESCAVA: MA DOVE SONO QUANDO SERVONO?<\/h2>\n<\/blockquote>\n<\/div>\n<div>\n<div class=\"flex max-w-full flex-col flex-grow\">\n<div class=\"min-h-8 text-message relative flex w-full flex-col items-end gap-2 whitespace-normal break-words text-start [.text-message+&amp;]:mt-5\" dir=\"auto\" data-message-author-role=\"assistant\" data-message-id=\"d5362ae3-a1ba-46fa-9967-a39dcb5fcf81\" data-message-model-slug=\"gpt-4o\">\n<div class=\"flex w-full flex-col gap-1 empty:hidden first:pt-[3px]\">\n<div class=\"markdown prose w-full break-words dark:prose-invert dark\">\n<div class=\"flex max-w-full flex-col flex-grow\">\n<div class=\"min-h-8 text-message relative flex w-full flex-col items-end gap-2 whitespace-normal break-words text-start [.text-message+&amp;]:mt-5\" dir=\"auto\" data-message-author-role=\"assistant\" data-message-id=\"c2d80208-36d0-47a2-bb68-96fcb1fc21d4\" data-message-model-slug=\"gpt-4o\">\n<div class=\"flex w-full flex-col gap-1 empty:hidden first:pt-[3px]\">\n<div class=\"markdown prose w-full break-words dark:prose-invert dark\">\n<blockquote>\n<p data-start=\"0\" data-end=\"52\" data-is-last-node=\"\" data-is-only-node=\"\"><strong data-start=\"0\" data-end=\"52\" data-is-last-node=\"\" data-is-only-node=\"\">DURA LEX, SED LEX\u2026 soprattutto per i pi\u00f9 deboli<\/strong><\/p>\n<\/blockquote>\n<\/div>\n<\/div>\n<\/div>\n<\/div>\n<div class=\"mb-2 flex gap-3 -ml-2\" tabindex=\"0\">\n<div class=\"items-center justify-start rounded-xl p-1 flex\">\n<div class=\"flex items-center\">\n<div class=\"flex max-w-full flex-col flex-grow\">\n<div class=\"min-h-8 text-message relative flex w-full flex-col items-end gap-2 whitespace-normal break-words text-start [.text-message+&amp;]:mt-5\" dir=\"auto\" data-message-author-role=\"assistant\" data-message-id=\"d5362ae3-a1ba-46fa-9967-a39dcb5fcf81\" data-message-model-slug=\"gpt-4o\">\n<div class=\"flex w-full flex-col gap-1 empty:hidden first:pt-[3px]\">\n<div class=\"markdown prose w-full break-words dark:prose-invert dark\">\n<div class=\"mb-2 flex gap-3 -ml-2\" tabindex=\"0\">\n<div class=\"items-center justify-start rounded-xl p-1 flex\">\n<div class=\"flex items-center\">\n<p>&nbsp;<\/p>\n<div class=\"flex max-w-full flex-col flex-grow\">\n<div class=\"min-h-8 text-message relative flex w-full flex-col items-end gap-2 whitespace-normal break-words text-start [.text-message+&amp;]:mt-5\" dir=\"auto\" data-message-author-role=\"assistant\" data-message-id=\"d5362ae3-a1ba-46fa-9967-a39dcb5fcf81\" data-message-model-slug=\"gpt-4o\">\n<div class=\"flex w-full flex-col gap-1 empty:hidden first:pt-[3px]\">\n<div class=\"markdown prose w-full break-words dark:prose-invert dark\">\n<div class=\"flex max-w-full flex-col flex-grow\">\n<div class=\"min-h-8 text-message relative flex w-full flex-col items-end gap-2 whitespace-normal break-words text-start [.text-message+&amp;]:mt-5\" dir=\"auto\" data-message-author-role=\"assistant\" data-message-id=\"c2d80208-36d0-47a2-bb68-96fcb1fc21d4\" data-message-model-slug=\"gpt-4o\">\n<div class=\"flex w-full flex-col gap-1 empty:hidden first:pt-[3px]\">\n<div class=\"markdown prose w-full break-words dark:prose-invert dark\">\n<blockquote>\n<p data-start=\"0\" data-end=\"52\" data-is-last-node=\"\" data-is-only-node=\"\"><strong data-start=\"0\" data-end=\"52\" data-is-last-node=\"\" data-is-only-node=\"\">DURA LEX, SED LEX<\/strong><\/p>\n<\/blockquote>\n<\/div>\n<\/div>\n<\/div>\n<\/div>\n<div class=\"mb-2 flex gap-3 -ml-2\" tabindex=\"0\">\n<div class=\"items-center justify-start rounded-xl p-1 flex\">\n<div class=\"flex items-center\"><strong><img loading=\"lazy\" decoding=\"async\" class=\"alignleft\" src=\"https:\/\/www.radiopiu.net\/wordpress\/wp-content\/uploads\/2025\/03\/3f0fb00e-1658-4a0f-80b6-7b6e1c5424da-300x300.webp\" width=\"197\" height=\"197\" \/><\/strong><\/div>\n<\/div>\n<\/div>\n<\/div>\n<\/div>\n<\/div>\n<\/div>\n<div class=\"flex max-w-full flex-col flex-grow\">\n<div class=\"min-h-8 text-message relative flex w-full flex-col items-end gap-2 whitespace-normal break-words text-start [.text-message+&amp;]:mt-5\" dir=\"auto\" data-message-author-role=\"assistant\" data-message-id=\"d5362ae3-a1ba-46fa-9967-a39dcb5fcf81\" data-message-model-slug=\"gpt-4o\">\n<div class=\"flex w-full flex-col gap-1 empty:hidden first:pt-[3px]\">\n<div class=\"markdown prose w-full break-words dark:prose-invert dark\">\n<div class=\"flex max-w-full flex-col flex-grow\">\n<div class=\"min-h-8 text-message relative flex w-full flex-col items-end gap-2 whitespace-normal break-words text-start [.text-message+&amp;]:mt-5\" dir=\"auto\" data-message-author-role=\"assistant\" data-message-id=\"c2d80208-36d0-47a2-bb68-96fcb1fc21d4\" data-message-model-slug=\"gpt-4o\">\n<div class=\"flex w-full flex-col gap-1 empty:hidden first:pt-[3px]\">\n<div class=\"markdown prose w-full break-words dark:prose-invert dark\">\n<blockquote>\n<p data-start=\"0\" data-end=\"52\" data-is-last-node=\"\" data-is-only-node=\"\"><strong>TAIBON<\/strong> Una\u00a0 trentina d&#8217;anni fa, a Canale d&#8217;Agordo, multarono un bambino perch\u00e9 era uscito da un Bar (dello zio) con in mano un pacchetto di caramelle&#8230;ma non lo scontrino. Divent\u00f2 un caso nazionale che richiam\u00f2 giornalisti, telecamere, speciali alla radio&#8230;ma se volete qualche particolare in pi\u00f9 chiedetelo a Claudio Costa, il bambino di allora, bis-pap\u00e0 di oggi..<\/p>\n<\/blockquote>\n<\/div>\n<\/div>\n<\/div>\n<\/div>\n<\/div>\n<\/div>\n<\/div>\n<\/div>\n<p>Oggi, la storia si ripete: questa volta, il &#8220;criminale&#8221; \u00e8 un 14enne sorpreso a pescare nel torrente Tegnas, in Valle di San Lucano. Gli agenti della Polizia Provinciale, con solerzia esemplare, gli hanno inflitto una multa da 166 euro. Lo racconta il pap\u00e0 Roberto (sui social),\u00a0 lo hanno infatti &#8220;braccato&#8221; mentre pescava nel\u00a0 laghetto in Valle di San Lucano e lo hanno multato: 166 euro! &#8220;Mio figlio- scrive la mamma sempre sui social &#8211; si pagher\u00e0 la multa lavorando al ristorante&#8221;.<br \/>\nAgli agenti della Polizia Provinciale ora Taibon e l&#8217;Agordino chiedono maggiore presenza e non solo in Valle di San Lucano,\u00a0 e che inizino a multare anche coloro, tanti, che transitano sulle strade bianche (soprattutto verso il laghetto delle Peschiere) senza permesso. Anche lo scorso anno furono i cittadini di Taibon ormai spazientiti a rivolgersi al Sindaco e ai Carabinieri Forestali (quella domenica, introvabili gli agenti della provinciale) chiedendo un immediato intervento sanzionatorio&#8230; e cosi&#8217; fu. Da oggi i cittadini di Taibon sanno che in tutte le altre occasioni non dovranno fare altro che chiamare gli agenti della Provinciale pare proprio che siano sul &#8220;pezzo&#8221;, ma questo ve lo racconteremo nel corso dell&#8217;estate, le occasioni tra fuochi accesi, parcheggi selvaggi, raccolte funghi da record non mancheranno e saremo ben lieti\u00a0 &#8211; come redazione &#8211; di testimoniarlo,\u00a0 come fatto negli anni scorsi e non mancheremo di mettere in rubrica il numero di telefono degli agenti della provinciale perche&#8217;: la legge \u00e8 uguale per tutti, turisti compresi.<\/p>\n<p>illustrazione RADIOPIU<\/p>\n<\/div>\n<\/div>\n<\/div>\n<\/div>\n<\/div>\n<\/div>\n<\/div>\n<\/div>\n<\/div>\n<\/div>\n<\/div>\n<\/div>\n<\/div>\n<\/div>\n<\/div>\n<div>\n<p data-start=\"443\" data-end=\"910\" data-is-last-node=\"\" data-is-only-node=\"\"><strong>RICEVIAMO A PUBBLICHIAMO<\/strong><\/p>\n<p data-start=\"443\" data-end=\"910\" data-is-last-node=\"\" data-is-only-node=\"\"><span class=\"xt0psk2\"><a class=\"x1i10hfl xjbqb8w x1ejq31n xd10rxx x1sy0etr x17r0tee x972fbf xcfux6l x1qhh985 xm0m39n x9f619 x1ypdohk xt0psk2 xe8uvvx xdj266r x11i5rnm xat24cr x1mh8g0r xexx8yu x4uap5 x18d9i69 xkhd6sd x16tdsg8 x1hl2dhg xggy1nq x1a2a7pz x1heor9g xkrqix3 x1sur9pj x1s688f\" tabindex=\"0\" role=\"link\" href=\"https:\/\/www.facebook.com\/tiziana.biscaro?comment_id=Y29tbWVudDoxMDUzOTE4MzUwMDg2NjQ0XzYyNTE2NDU3MDM2NjE5MA%3D%3D&amp;__cft__[0]=AZXHRK4Ty1Up9hkJ1myG3IQBietnNDPC_Mpp8j0E8SeMCKndMW1L4zXtlU_DqHetYhwUXMTL8UhRterhobwhdq8I_Ec5lt5VRcvMR6XCg-6HNfXV76JE-T-KILm5SBuPBfr4fsN9bUPgwt_e8NfX3GYfZpipTh4nM8YQRCOqazYNmenrIAh4_q0HPSGIgEiVbqQ&amp;__tn__=R-R\" aria-hidden=\"false\" aria-describedby=\"\u00abr131\u00bb\"><span class=\"x3nfvp2\"><span class=\"x193iq5w xeuugli x13faqbe x1vvkbs x1xmvt09 x1lliihq x1s928wv xhkezso x1gmr53x x1cpjm7i x1fgarty x1943h6x x4zkp8e x676frb x1nxh6w3 x1sibtaa x1s688f xzsf02u\" dir=\"auto\">Tiziana Biscaro<\/span><\/span><\/a><\/span><\/p>\n<div class=\"x1lliihq xjkvuk6 x1iorvi4\">\n<div class=\"xdj266r x11i5rnm xat24cr x1mh8g0r x1vvkbs\">\n<div dir=\"auto\">\u00c8 capitato anche a mio figlio quest\u2019estate a Cencenighe\u2026pescava con il suo amico (di 12 e 13 anni) muniti di regolare permesso ma in un giorno sbagliato! Non abbiamo divulgato la notizia perch\u00e9 ci dispiaceva per il gestore del bar che, erroneamente, aveva rilasciato il permesso, il quale s\u00ec \u00e9 ripetutamente scusato. Ma La cosa che ci ha fatto arrabbiare tanto \u00e8 stata questa: l\u2019agente \u00e8 stato \u201ccostretto\u201d, una volta uscito, a fare la multa, perch\u00e9 \u00e8 stato chiamato da qualcuno che li aveva visti. Erano alla luce del giorno nel laghetto in centro paese\u2026questa persona (sicuramente del posto) non poteva andare dai due ragazzini e avvisarli? Questo fa male: la poca fiducia nei ragazzini, il puntare il dito contro sempre e comunque\u2026<\/div>\n<div dir=\"auto\"><\/div>\n<\/div>\n<\/div>\n<\/div>\n<\/div>\n<hr \/>\n<p>&nbsp;<\/p>\n<blockquote>\n<h3>QUESTURA DI BELLUNO IN PIAZZA IN OCCASIONE DELLA GIORNATA DELLA DONNA<\/h3>\n<\/blockquote>\n<p><strong><a class=\"dt-pswp-item\" href=\"https:\/\/www.radiopiu.net\/wordpress\/wp-content\/uploads\/2025\/03\/Foto-Questura-Ammonimenti-scaled.jpg\" data-dt-img-description=\"\" data-large_image_width=\"2560\" data-large_image_height=\"1917\"><img loading=\"lazy\" decoding=\"async\" class=\" wp-image-438408 alignleft\" src=\"https:\/\/www.radiopiu.net\/wordpress\/wp-content\/uploads\/2025\/03\/Foto-Questura-Ammonimenti-300x225.jpg\" alt=\"\" width=\"187\" height=\"140\" srcset=\"https:\/\/www.radiopiu.net\/wordpress\/wp-content\/uploads\/2025\/03\/Foto-Questura-Ammonimenti-300x225.jpg 300w, https:\/\/www.radiopiu.net\/wordpress\/wp-content\/uploads\/2025\/03\/Foto-Questura-Ammonimenti-1024x767.jpg 1024w, https:\/\/www.radiopiu.net\/wordpress\/wp-content\/uploads\/2025\/03\/Foto-Questura-Ammonimenti-768x575.jpg 768w, https:\/\/www.radiopiu.net\/wordpress\/wp-content\/uploads\/2025\/03\/Foto-Questura-Ammonimenti-1536x1150.jpg 1536w, https:\/\/www.radiopiu.net\/wordpress\/wp-content\/uploads\/2025\/03\/Foto-Questura-Ammonimenti-2048x1533.jpg 2048w\" sizes=\"auto, (max-width: 187px) 100vw, 187px\" \/><\/a>BELLUNO<\/strong> Questura in piazza domani a Belluno in occasione della Giornata della Donna per \u201cQuesto non \u00e8 Amore\u201d, iniziativa contro la violenza di genere<\/p>\n<p><strong>DI DANIELE DALVIT<\/strong><\/p>\n<audio class=\"wp-audio-shortcode\" id=\"audio-438340-10\" preload=\"none\" style=\"width: 100%;\" controls=\"controls\"><source type=\"audio\/mpeg\" src=\"https:\/\/www.radiopiu.net\/wordpress\/wp-content\/uploads\/2025\/03\/Servizio-Questura-8-marzo.mp3?_=10\" \/><a href=\"https:\/\/www.radiopiu.net\/wordpress\/wp-content\/uploads\/2025\/03\/Servizio-Questura-8-marzo.mp3\">https:\/\/www.radiopiu.net\/wordpress\/wp-content\/uploads\/2025\/03\/Servizio-Questura-8-marzo.mp3<\/a><\/audio>\n<p>&nbsp;<\/p>\n<hr \/>\n<p>&nbsp;<\/p>\n<blockquote>\n<h3>OCCUPAZIONE FEMMINILE IN VENETO: TREND POSITIVO<\/h3>\n<\/blockquote>\n<p><strong><a class=\"dt-pswp-item\" href=\"https:\/\/www.radiopiu.net\/wordpress\/wp-content\/uploads\/2025\/02\/veneto-lavoro-concorso-2022.png\" data-dt-img-description=\"\" data-large_image_width=\"600\" data-large_image_height=\"350\"><img loading=\"lazy\" decoding=\"async\" class=\" wp-image-437138 alignleft\" src=\"https:\/\/www.radiopiu.net\/wordpress\/wp-content\/uploads\/2025\/02\/veneto-lavoro-concorso-2022-300x175.png\" alt=\"\" width=\"177\" height=\"103\" srcset=\"https:\/\/www.radiopiu.net\/wordpress\/wp-content\/uploads\/2025\/02\/veneto-lavoro-concorso-2022-300x175.png 300w, https:\/\/www.radiopiu.net\/wordpress\/wp-content\/uploads\/2025\/02\/veneto-lavoro-concorso-2022.png 600w\" sizes=\"auto, (max-width: 177px) 100vw, 177px\" \/><\/a>VENEZIA<\/strong> Dopo la pandemia, la partecipazione femminile al mercato del lavoro in Veneto \u00e8 cresciuta, raggiungendo il 65,4% nel 2023 e stabilizzandosi al 63% nel 2024. Il gender employment gap, seppur in calo, resta elevato a 15,2 punti percentuali. Tra il 2013 e il 2023, le donne occupate sono aumentate del 20%, arrivando a 974.000 unit\u00e0 (43,8% del totale). Tuttavia, molte donne sono ancora in cerca di lavoro o potrebbero rientrare nel mercato. Il part-time femminile \u00e8 in aumento (36% nel 2023), spesso per esigenze di conciliazione vita-lavoro. Nel 2024, le assunzioni femminili sono state 255.380 (-3% rispetto al 2023), con crescita tra giovanissime (+2%) e over 60 (+13%), mentre calano per le fasce centrali. Il settore terziario domina l\u2019occupazione femminile, mentre l\u2019industria subisce un calo (-10%). Il bilancio occupazionale femminile resta positivo, con 13.100 posti in pi\u00f9 nel 2024 e una crescita di 160.000 posizioni dal 2008.<\/p>\n<p>&nbsp;<\/p>\n<hr \/>\n<p>&nbsp;<\/p>\n<blockquote>\n<h2><a class=\"dt-pswp-item\" href=\"https:\/\/www.radiopiu.net\/wordpress\/wp-content\/uploads\/2023\/12\/ANTENNA.png\" data-dt-img-description=\"\" data-large_image_width=\"300\" data-large_image_height=\"166\"><img loading=\"lazy\" decoding=\"async\" class=\" wp-image-366306 alignleft\" src=\"https:\/\/www.radiopiu.net\/wordpress\/wp-content\/uploads\/2023\/12\/ANTENNA.png\" alt=\"\" width=\"255\" height=\"141\" \/><\/a>BELLUNO | GAME OVER BULLISMO, UIL VENETO IN CAMPO CON UNO SPORTELLO VIRTUALE<\/h2>\n<p>Intervistati ROBERTO TOIGO (SEGRETARIO UIL VENETO) (Servizio di\u00a0Tiziana Bolognani)<\/p><\/blockquote>\n<p><iframe loading=\"lazy\" title=\"GAME OVER BULLISMO, UIL VENETO IN CAMPO CON UNO SPORTELLO VIRTUALE | 07\/03\/2025\" width=\"1200\" height=\"675\" src=\"https:\/\/www.youtube.com\/embed\/RHb0RLFC29s?feature=oembed\" frameborder=\"0\" allow=\"accelerometer; autoplay; clipboard-write; encrypted-media; gyroscope; picture-in-picture; web-share\" referrerpolicy=\"strict-origin-when-cross-origin\" allowfullscreen><\/iframe><\/p>\n<hr \/>\n<p>&nbsp;<\/p>\n<blockquote>\n<h3>CONFARTIGIANATO BELLUNO CHIEDE PARITA&#8217; DI GENERE NEI FATTI, NON NELLE PAROLE<\/h3>\n<\/blockquote>\n<p><strong><a class=\"dt-pswp-item\" href=\"https:\/\/www.radiopiu.net\/wordpress\/wp-content\/uploads\/2024\/12\/scarzanella-dic24-scaled.jpg\" data-dt-img-description=\"\" data-large_image_width=\"1969\" data-large_image_height=\"2560\"><img loading=\"lazy\" decoding=\"async\" class=\" wp-image-427054 alignleft\" src=\"https:\/\/www.radiopiu.net\/wordpress\/wp-content\/uploads\/2024\/12\/scarzanella-dic24-231x300.jpg\" alt=\"\" width=\"140\" height=\"182\" srcset=\"https:\/\/www.radiopiu.net\/wordpress\/wp-content\/uploads\/2024\/12\/scarzanella-dic24-231x300.jpg 231w, https:\/\/www.radiopiu.net\/wordpress\/wp-content\/uploads\/2024\/12\/scarzanella-dic24-787x1024.jpg 787w, https:\/\/www.radiopiu.net\/wordpress\/wp-content\/uploads\/2024\/12\/scarzanella-dic24-768x999.jpg 768w, https:\/\/www.radiopiu.net\/wordpress\/wp-content\/uploads\/2024\/12\/scarzanella-dic24-1181x1536.jpg 1181w, https:\/\/www.radiopiu.net\/wordpress\/wp-content\/uploads\/2024\/12\/scarzanella-dic24-1575x2048.jpg 1575w, https:\/\/www.radiopiu.net\/wordpress\/wp-content\/uploads\/2024\/12\/scarzanella-dic24-scaled.jpg 1969w\" sizes=\"auto, (max-width: 140px) 100vw, 140px\" \/><\/a>BELLUNO <\/strong>Claudia Scarzanella, presidente di Confartigianato Imprese Belluno, sottolinea l\u2019importanza dell\u2019impegno femminile per promuovere equit\u00e0 e cambiamento culturale. La parit\u00e0 di genere non \u00e8 solo una questione di principio, ma un valore che porta innovazione e competitivit\u00e0. Confartigianato Belluno si distingue per il suo impegno concreto, testimoniato dalla certificazione sulla Parit\u00e0 di Genere ottenuta nel 2023. Nel settore artigiano, le imprese femminili bellunesi sono 612, pari al 14,1% del totale, con una presenza superiore alla media nazionale. Il 49,1% opera nei servizi alla persona, il 29,1% nel manifatturiero e il 10,7% nelle costruzioni. Il 43,7% delle donne artigiane \u00e8 titolare, il 38,1% socio e il 13,6% amministratore. Roberta De Salvador, presidente del Gruppo Donne Impresa, evidenzia che le imprenditrici artigiane possono essere motore di cambiamento sociale, promuovendo modelli di business pi\u00f9 inclusivi. Tuttavia, molte di loro si autofinanziano, spesso ignorando le opportunit\u00e0 di credito. Confartigianato Belluno intende rafforzare il supporto alle imprenditrici con percorsi di formazione, finanziamenti agevolati e reti di sostegno. Progetti come &#8220;Creare Ponti&#8221; offrono mentoring e coaching per favorire la crescita professionale e valorizzare il talento femminile.<\/p>\n<p>&nbsp;<\/p>\n<p>&nbsp;<\/p>\n<hr \/>\n<p>&nbsp;<\/p>\n<blockquote>\n<h3><a class=\"dt-pswp-item\" href=\"https:\/\/www.radiopiu.net\/wordpress\/wp-content\/uploads\/2024\/08\/Lorraine_Berton-COPERTINA.jpg\" data-dt-img-description=\"\" data-large_image_width=\"767\" data-large_image_height=\"573\"><img loading=\"lazy\" decoding=\"async\" class=\" wp-image-405420 alignleft\" src=\"https:\/\/www.radiopiu.net\/wordpress\/wp-content\/uploads\/2024\/08\/Lorraine_Berton-COPERTINA-300x224.jpg\" alt=\"\" width=\"188\" height=\"140\" srcset=\"https:\/\/www.radiopiu.net\/wordpress\/wp-content\/uploads\/2024\/08\/Lorraine_Berton-COPERTINA-300x224.jpg 300w, https:\/\/www.radiopiu.net\/wordpress\/wp-content\/uploads\/2024\/08\/Lorraine_Berton-COPERTINA.jpg 767w\" sizes=\"auto, (max-width: 188px) 100vw, 188px\" \/><\/a>LE OLIMPIADI DI MILANO CORTINA SARANNO LE PIU&#8217; ROSA DI SEMPRE<\/h3>\n<\/blockquote>\n<p><strong>BELLUNO<\/strong> Lorraine Berton, presidente di Confindustria Belluno Dolomiti, sottolinea che l\u20198 marzo non \u00e8 solo una festa, ma un\u2019occasione per fissare nuovi obiettivi di parit\u00e0 di genere. Le Olimpiadi di Milano Cortina 2026 saranno le pi\u00f9 equilibrate di sempre, con il 47% di atlete donne su un totale di 2.900 partecipanti e 50 eventi femminili. Berton evidenzia come lo sport sia un motore di sviluppo sociale e culturale. Tuttavia, in Italia persistono ostacoli alla parit\u00e0, come il peso dei carichi familiari. Secondo la Fondazione Nordest, la parit\u00e0 di genere potrebbe far crescere il Pil nazionale di 12 punti. Servono investimenti in formazione e politiche di conciliazione vita-lavoro per un reale cambiamento.<\/p>\n<p>&nbsp;<\/p>\n<p>&nbsp;<\/p>\n<hr \/>\n<p>&nbsp;<\/p>\n<blockquote>\n<h3>LE DONNE IMPRENDITRICI TRACCIANO NUOVE ROTTE PER L\u2019ECONOMIA<\/h3>\n<\/blockquote>\n<p><strong><a class=\"dt-pswp-item\" href=\"https:\/\/www.radiopiu.net\/wordpress\/wp-content\/uploads\/2024\/06\/CAMERA-COMMERCIO.jpg\" data-dt-img-description=\"\" data-large_image_width=\"1107\" data-large_image_height=\"1107\"><img loading=\"lazy\" decoding=\"async\" class=\" wp-image-394657 alignleft\" src=\"https:\/\/www.radiopiu.net\/wordpress\/wp-content\/uploads\/2024\/06\/CAMERA-COMMERCIO-300x300.jpg\" alt=\"\" width=\"138\" height=\"138\" srcset=\"https:\/\/www.radiopiu.net\/wordpress\/wp-content\/uploads\/2024\/06\/CAMERA-COMMERCIO-300x300.jpg 300w, https:\/\/www.radiopiu.net\/wordpress\/wp-content\/uploads\/2024\/06\/CAMERA-COMMERCIO-1024x1024.jpg 1024w, https:\/\/www.radiopiu.net\/wordpress\/wp-content\/uploads\/2024\/06\/CAMERA-COMMERCIO-150x150.jpg 150w, https:\/\/www.radiopiu.net\/wordpress\/wp-content\/uploads\/2024\/06\/CAMERA-COMMERCIO-768x768.jpg 768w, https:\/\/www.radiopiu.net\/wordpress\/wp-content\/uploads\/2024\/06\/CAMERA-COMMERCIO.jpg 1107w\" sizes=\"auto, (max-width: 138px) 100vw, 138px\" \/><\/a>TREVISO <\/strong>L\u2019imprenditoria femminile sta innovando l\u2019economia e la societ\u00e0, puntando non solo sulla crescita economica ma anche sul benessere sociale e familiare. Le imprenditrici, grazie alle loro competenze e soft skills, creano nuove opportunit\u00e0 di lavoro e affrontano le difficolt\u00e0 del mercato con creativit\u00e0. Nonostante il calo generale delle imprese, dovuto a problemi strutturali e alla crescita dell\u2019e-commerce, le donne imprenditrici si dimostrano resilienti, trovando soluzioni innovative. Barbara Barbon, presidente del Comitato Imprenditoria Femminile, sottolinea l\u2019importanza della formazione e del sostegno alle imprenditrici, istituendo un premio dedicato a loro. Mario Pozza, presidente della Camera di Commercio, evidenzia l\u2019impegno dell\u2019ente nel supportare l\u2019imprenditoria femminile, con investimenti e certificazioni per la parit\u00e0 di genere. Inoltre, molte donne stanno emergendo in ruoli istituzionali in Veneto, contribuendo alla crescita del territorio. L\u2019imprenditoria femminile, con il suo spirito innovativo, continua a essere un motore di cambiamento e crescita, affrontando con determinazione le sfide del futuro.<\/p>\n<p>&nbsp;<\/p>\n<p>&nbsp;<\/p>\n<hr \/>\n<p>&nbsp;<\/p>\n<blockquote>\n<h3>NEGLI UFFICI POSTALI DELLA PROVINCIA IL 64% DEL PERSONALE E&#8217; DONNA<\/h3>\n<\/blockquote>\n<p><strong><a class=\"dt-pswp-item\" href=\"https:\/\/www.radiopiu.net\/wordpress\/wp-content\/uploads\/2024\/01\/POSTE-ITALIANE.png\" data-dt-img-description=\"\" data-large_image_width=\"400\" data-large_image_height=\"400\"><img loading=\"lazy\" decoding=\"async\" class=\" wp-image-370478 alignleft\" src=\"https:\/\/www.radiopiu.net\/wordpress\/wp-content\/uploads\/2024\/01\/POSTE-ITALIANE-300x300.png\" alt=\"\" width=\"106\" height=\"106\" srcset=\"https:\/\/www.radiopiu.net\/wordpress\/wp-content\/uploads\/2024\/01\/POSTE-ITALIANE-300x300.png 300w, https:\/\/www.radiopiu.net\/wordpress\/wp-content\/uploads\/2024\/01\/POSTE-ITALIANE-150x150.png 150w, https:\/\/www.radiopiu.net\/wordpress\/wp-content\/uploads\/2024\/01\/POSTE-ITALIANE.png 400w\" sizes=\"auto, (max-width: 106px) 100vw, 106px\" \/><\/a>BELLUNO<\/strong> In provincia di Belluno, Poste Italiane si conferma un\u2019azienda a forte presenza femminile, con il 71% di donne tra sportellisti, consulenti e direttori negli oltre 100 uffici postali. In Veneto, la percentuale media di dipendenti donne negli uffici postali \u00e8 del 66%, mentre nel recapito le portalettere sono il 40% a livello regionale. La componente femminile ha avuto un ruolo chiave nei risultati di sostenibilit\u00e0, inclusione e parit\u00e0 di genere. Per il sesto anno consecutivo, Poste Italiane ha ottenuto la certificazione \u201cTop Employers\u201d, che riconosce le migliori pratiche nella gestione delle risorse umane, dalla selezione alla formazione e al welfare aziendale, favorendo un ambiente di lavoro inclusivo e valorizzando il talento di ogni dipendente.<\/p>\n<p>&nbsp;<\/p>\n<p>&nbsp;<\/p>\n<hr \/>\n<p>&nbsp;<\/p>\n<blockquote>\n<h3>CONFERMATA LA SEGRETERIA PER LA FNP CISL<\/h3>\n<\/blockquote>\n<p><strong><a class=\"dt-pswp-item\" href=\"https:\/\/www.radiopiu.net\/wordpress\/wp-content\/uploads\/2025\/03\/segreteria-ok.jpeg\" data-dt-img-description=\"\" data-large_image_width=\"2048\" data-large_image_height=\"1536\"><img loading=\"lazy\" decoding=\"async\" class=\" wp-image-438452 alignleft\" src=\"https:\/\/www.radiopiu.net\/wordpress\/wp-content\/uploads\/2025\/03\/segreteria-ok-300x225.jpeg\" alt=\"\" width=\"235\" height=\"176\" srcset=\"https:\/\/www.radiopiu.net\/wordpress\/wp-content\/uploads\/2025\/03\/segreteria-ok-300x225.jpeg 300w, https:\/\/www.radiopiu.net\/wordpress\/wp-content\/uploads\/2025\/03\/segreteria-ok-1024x768.jpeg 1024w, https:\/\/www.radiopiu.net\/wordpress\/wp-content\/uploads\/2025\/03\/segreteria-ok-768x576.jpeg 768w, https:\/\/www.radiopiu.net\/wordpress\/wp-content\/uploads\/2025\/03\/segreteria-ok-1536x1152.jpeg 1536w, https:\/\/www.radiopiu.net\/wordpress\/wp-content\/uploads\/2025\/03\/segreteria-ok.jpeg 2048w\" sizes=\"auto, (max-width: 235px) 100vw, 235px\" \/><\/a>TREVISO\/BELLUNO<\/strong> Il Congresso della Cisl Pensionati Belluno Treviso, svoltosi il 6 e 7 marzo a Fanzolo di Vedelago, ha confermato la segreteria guidata da Franco Marcuzzo, gi\u00e0 segretario dal 2021. Il congresso ha affrontato temi cruciali per il futuro dei pensionati, come l&#8217;invecchiamento della popolazione nelle province di Treviso e Belluno, con un aumento degli over 65 e degli over 80. Marcuzzo ha sottolineato l\u2019importanza di adeguare i servizi di assistenza e ha proposto l\u2019istituzione di uno sportello mobile per le zone montane, per contrastare lo spopolamento. Il tema centrale \u00e8 la sanit\u00e0, con criticit\u00e0 evidenti come la carenza di medici, le lunghe liste d\u2019attesa e le difficolt\u00e0 nelle Rsa. Si \u00e8 discusso anche della necessit\u00e0 di riformare le IPAB e le Rsa, poich\u00e9 molte strutture sono sovraffollate, con migliaia di pensionati in lista d&#8217;attesa. Inoltre, Marcuzzo ha chiesto interventi per sostenere le famiglie nei costi delle rette e la tutela dei redditi pensionistici, criticando l\u2019aumento insufficiente delle pensioni e le politiche di bonus che escludono i pensionati. Il Congresso ha visto la partecipazione di rappresentanti nazionali e regionali della Cisl, enfatizzando l&#8217;importanza della contrattazione e dell\u2019impegno sociale. La glaciazione demografica, con il calo delle nascite e l\u2019aumento degli anziani, \u00e8 stata identificata come una delle sfide pi\u00f9 gravi per il sistema socio-sanitario.<\/p>\n<p>&nbsp;<\/p>\n<p>&nbsp;<\/p>\n<hr \/>\n<p>&nbsp;<\/p>\n<blockquote>\n<h3 class=\"entry-title\">LEGA BELLUNO DENUNCIA ATTI VANDALICI CONTRO LA CAMPAGNA D\u2019AFFISSIONE<\/h3>\n<\/blockquote>\n<p><strong class=\"photoswipe-wrapper\"><a class=\"dt-pswp-item pspw-wrap-ready\" href=\"https:\/\/www.radiopiu.net\/wordpress\/wp-content\/uploads\/2025\/03\/Senza-nome-36.png\" data-dt-img-description=\"\" data-large_image_width=\"229\" data-large_image_height=\"229\"><img loading=\"lazy\" decoding=\"async\" class=\"wp-image-438413 alignleft\" src=\"https:\/\/www.radiopiu.net\/wordpress\/wp-content\/uploads\/2025\/03\/Senza-nome-36.png\" sizes=\"auto, (max-width: 136px) 100vw, 136px\" srcset=\"https:\/\/www.radiopiu.net\/wordpress\/wp-content\/uploads\/2025\/03\/Senza-nome-36.png 229w, https:\/\/www.radiopiu.net\/wordpress\/wp-content\/uploads\/2025\/03\/Senza-nome-36-150x150.png 150w\" alt=\"\" width=\"136\" height=\"136\" \/><\/a>BELLUNO<\/strong><\/p>\n<p>La Lega-Liga Veneta di Belluno denuncia atti vandalici contro la propria campagna d\u2019affissione.<em>\u00a0\u201cAssistiamo a continui atti anti-democratici nel silenzio della sinistra\u201d,<\/em>\u00a0afferma Daniele Libralon, responsabile organizzativo. Il movimento segnala affissioni abusive e sabotaggi sui tabelloni pubblicitari.\u00a0<em>\u201cPaghiamo regolarmente, mentre altri scelgono l\u2019illegalit\u00e0\u201d<\/em>, ribadisce il Direttivo Sezionale, accusando la controparte politica di incoerenza. I consiglieri Luciani, Pingitore e Sovilla sottolineano l\u2019impegno per la legalit\u00e0 e invitano i cittadini al gazebo della Lega, sabato 8 marzo, in Piazza dei Martiri dalle 9.30 alle 12.30. , concludono.<\/p>\n<p>&nbsp;<\/p>\n<p>&nbsp;<\/p>\n<hr \/>\n<p>&nbsp;<\/p>\n<blockquote>\n<h3>CAMERA DI COMMERCIO TREVISO\/BELLUNO: MANIFATTURIERO ANCORA DEBOLE<\/h3>\n<\/blockquote>\n<p><strong><a class=\"dt-pswp-item\" href=\"https:\/\/www.radiopiu.net\/wordpress\/wp-content\/uploads\/2018\/05\/lavoro.jpg\" data-dt-img-description=\"\" data-large_image_width=\"1280\" data-large_image_height=\"720\"><img loading=\"lazy\" decoding=\"async\" class=\" wp-image-49672 alignleft\" src=\"https:\/\/www.radiopiu.net\/wordpress\/wp-content\/uploads\/2018\/05\/lavoro-300x169.jpg\" alt=\"\" width=\"209\" height=\"118\" srcset=\"https:\/\/www.radiopiu.net\/wordpress\/wp-content\/uploads\/2018\/05\/lavoro-300x169.jpg 300w, https:\/\/www.radiopiu.net\/wordpress\/wp-content\/uploads\/2018\/05\/lavoro-768x432.jpg 768w, https:\/\/www.radiopiu.net\/wordpress\/wp-content\/uploads\/2018\/05\/lavoro-1024x576.jpg 1024w, https:\/\/www.radiopiu.net\/wordpress\/wp-content\/uploads\/2018\/05\/lavoro.jpg 1280w\" sizes=\"auto, (max-width: 209px) 100vw, 209px\" \/><\/a>TREVISO<\/strong> Nel quarto trimestre 2024, il manifatturiero trevigiano mostra una lieve ripresa della produzione (+1,1%), trainata da settori come il legno-arredo, ma il Presidente della Camera di Commercio, Mario Pozza, teme sia solo temporanea. Il manifatturiero bellunese, invece, resta in difficolt\u00e0 (-1,1%), con calo di fatturato e ordini interni, compensato solo da una crescita temporanea dell\u2019export. Persistono criticit\u00e0 come la crisi tedesca dell\u2019automotive e la stagnazione di moda e macchinari. Preoccupano inoltre le politiche mercantiliste degli USA e la necessit\u00e0 di un maggiore sostegno UE alla transizione ecologica e digitale. Pozza sottolinea l\u2019importanza di nuove strategie produttive e innovazione, prendendo esempio da aziende dell\u2019automotive riconvertite all\u2019aerospaziale. La Camera di Commercio supporta le imprese in questa fase complessa, con opportunit\u00e0 internazionali, come emerso dal tour di Assocamerestero a Singapore. Nel 2024, l\u2019economia globale mantiene il ritmo di crescita dell\u2019anno precedente, ma con forti differenze tra Paesi.<\/p>\n<p>&nbsp;<\/p>\n<p>&nbsp;<\/p>\n<hr \/>\n<p>&nbsp;<\/p>\n<blockquote>\n<h3>LONGARONE FIERE DOLOMITI PER DUE WEEKEND SARA&#8217; LA CAPITALE NAZIONALE DELL\u2019AGRICOLTURA DI MONTAGNA<\/h3>\n<\/blockquote>\n<p><strong><a class=\"dt-pswp-item\" href=\"https:\/\/www.radiopiu.net\/wordpress\/wp-content\/uploads\/2025\/03\/Foto-gruppo-presentazione-Agrimont-2025-scaled.jpg\" data-dt-img-description=\"\" data-large_image_width=\"2560\" data-large_image_height=\"1489\"><img loading=\"lazy\" decoding=\"async\" class=\" wp-image-438449 alignleft\" src=\"https:\/\/www.radiopiu.net\/wordpress\/wp-content\/uploads\/2025\/03\/Foto-gruppo-presentazione-Agrimont-2025-300x175.jpg\" alt=\"\" width=\"201\" height=\"117\" srcset=\"https:\/\/www.radiopiu.net\/wordpress\/wp-content\/uploads\/2025\/03\/Foto-gruppo-presentazione-Agrimont-2025-300x175.jpg 300w, https:\/\/www.radiopiu.net\/wordpress\/wp-content\/uploads\/2025\/03\/Foto-gruppo-presentazione-Agrimont-2025-1024x596.jpg 1024w, https:\/\/www.radiopiu.net\/wordpress\/wp-content\/uploads\/2025\/03\/Foto-gruppo-presentazione-Agrimont-2025-768x447.jpg 768w, https:\/\/www.radiopiu.net\/wordpress\/wp-content\/uploads\/2025\/03\/Foto-gruppo-presentazione-Agrimont-2025-1536x893.jpg 1536w, https:\/\/www.radiopiu.net\/wordpress\/wp-content\/uploads\/2025\/03\/Foto-gruppo-presentazione-Agrimont-2025-2048x1191.jpg 2048w\" sizes=\"auto, (max-width: 201px) 100vw, 201px\" \/><\/a>LONGARONE<\/strong> Agrimont, fiera storica di Longarone, torna per la 44\u00aa edizione il 15-16 e 21-22-23 marzo, con un ampio programma dedicato all&#8217;agricoltura, giardinaggio e florovivaismo. La fiera ospiter\u00e0 248 espositori, tra cui aziende italiane ed estere, presentando macchinari, prodotti per la cura del territorio, e prodotti enogastronomici. Il sindaco Roberto Padrin sottolinea l&#8217;importanza dell&#8217;evento per la valorizzazione delle terre alte e per contrastare lo spopolamento montano. Agrimont mira a 25.000 visitatori, offrendo anche eventi collaterali come la Giornata Europea del Gelato Artigianale. Focus su apicoltura, zootecnia e pratiche green, con una fattoria didattica e attivit\u00e0 pratiche. La fiera rappresenta anche un&#8217;opportunit\u00e0 per promuovere il territorio in vista delle Olimpiadi Milano-Cortina 2026.<\/p>\n<blockquote>\n<h2><\/h2>\n<h2><a class=\"dt-pswp-item\" href=\"https:\/\/www.radiopiu.net\/wordpress\/wp-content\/uploads\/2023\/12\/ANTENNA.png\" data-dt-img-description=\"\" data-large_image_width=\"300\" data-large_image_height=\"166\"><img loading=\"lazy\" decoding=\"async\" class=\"wp-image-366306 alignleft\" src=\"https:\/\/www.radiopiu.net\/wordpress\/wp-content\/uploads\/2023\/12\/ANTENNA.png\" alt=\"\" width=\"177\" height=\"98\" \/><\/a>LONGARONE | AGRIMONT 44, L\u2019AGRICOLTURA DI MONTAGNA INAUGURA LA PRIMAVERA FIERISTICA<\/h2>\n<\/blockquote>\n<p>Intervistati GIOVANNI DE LORENZI (AMMINISTRATORE DELEGATO LONGARONE FIERE DOLOMITI) (Servizio di\u00a0Tiziana Bolognani)<\/p>\n<p><iframe loading=\"lazy\" title=\"AGRIMONT 44, L&#039;AGRICOLTURA DI MONTAGNA INAUGURA LA PRIMAVERA FIERISTICA | 07\/03\/2025\" width=\"1200\" height=\"675\" src=\"https:\/\/www.youtube.com\/embed\/vncY6Qdtvdw?feature=oembed\" frameborder=\"0\" allow=\"accelerometer; autoplay; clipboard-write; encrypted-media; gyroscope; picture-in-picture; web-share\" referrerpolicy=\"strict-origin-when-cross-origin\" allowfullscreen><\/iframe><\/p>\n<hr \/>\n<p>&nbsp;<\/p>\n<h1><span style=\"color: #ff0000;\">CONSIGLI COMUNALI IN AGORDINO<\/span><\/h1>\n<p><strong>AGORDO<\/strong> Consiglio convocato ad Agordo luned\u00ec alle 17:30. Quattro punti all&#8217;ordine del giorno. Il bilancio di ASCA e di Agordo Servizi, L&#8217;approvazione allo statuto di ASCA e una variazione a bilancio.<\/p>\n<p><strong class=\"photoswipe-wrapper\">VOLTAGO<\/strong>\u00a0 Il Sindaco, Giuseppe Schena, rende noto che il Consiglio Comunale \u00e8 convocato in seduta ordinaria luned\u00ec alle\u00a0 18\u00a0 nella Sala Civica \u201cGianni De Col\u201d. L\u2019ordine del giorno prevede, tra i punti principali, l\u2019approvazione dei verbali della seduta precedente, la sanatoria di un errore materiale relativo alla sede di una precedente convocazione e l\u2019approvazione di un accordo di programma per il ripristino ecologico di torbiere e risorgive. Saranno inoltre discussi il riconoscimento di debiti fuori bilancio per interventi urgenti dovuti a eventi atmosferici e incendi, oltre all\u2019approvazione del bilancio di previsione 2025-2027. Infine, verranno comunicate delibere di Giunta relative a prelevamenti dal fondo di riserva.<\/p>\n<p>&nbsp;<\/p>\n<p>&nbsp;<\/p>\n<hr \/>\n<p>&nbsp;<\/p>\n<blockquote>\n<h3>GUARDIA DI FINANZA: CONCORSO PER TITOLI ED ESAMI PER L&#8217;AMMISSIONE DI 1198 ALLIEVI MARESCIALLI<\/h3>\n<\/blockquote>\n<p><strong>BELLUNO <\/strong>Il concorso per l&#8217;anno accademico 2025\/2026 prevede l&#8217;ammissione di 1.198 allievi marescialli alla Scuola Ispettori e Sovrintendenti della Guardia di Finanza. I posti sono suddivisi in: 1.108 per il contingente ordinario, di cui 20 riservati a candidati con attestati specifici e 8 ai familiari di personale delle Forze armate e di polizia deceduto in servizio. 90 per il contingente di mare, suddivisi in specializzazioni come nocchiere, tecnico macchine e tecnico dei sistemi di comunicazione. Possono partecipare cittadini italiani tra i 17 e i 26 anni (entro il 26 marzo 2025), con possibili eccezioni per chi ha gi\u00e0 prestato servizio militare.<\/p>\n<p>&nbsp;<\/p>\n<p>&nbsp;<\/p>\n<hr \/>\n<p>&nbsp;<\/p>\n<blockquote>\n<h3>SIAMO UN&#8217;OPERA D&#8217;ARTE: L&#8217;EVENTO A PIEVE DI CADORE<\/h3>\n<\/blockquote>\n<p><strong>DI BARBARA PAOLAZZI<\/strong><\/p>\n<audio class=\"wp-audio-shortcode\" id=\"audio-438340-11\" preload=\"none\" style=\"width: 100%;\" controls=\"controls\"><source type=\"audio\/mpeg\" src=\"https:\/\/www.radiopiu.net\/wordpress\/wp-content\/uploads\/2025\/03\/PAOLAZZI-SIAMO-UNOPERA-DARTE.mp3?_=11\" \/><a href=\"https:\/\/www.radiopiu.net\/wordpress\/wp-content\/uploads\/2025\/03\/PAOLAZZI-SIAMO-UNOPERA-DARTE.mp3\">https:\/\/www.radiopiu.net\/wordpress\/wp-content\/uploads\/2025\/03\/PAOLAZZI-SIAMO-UNOPERA-DARTE.mp3<\/a><\/audio>\n<p>&nbsp;<\/p>\n\n\t\t\t<style type='text\/css'>\n\t\t\t\t#gallery-3 {\n\t\t\t\t\tmargin: auto;\n\t\t\t\t}\n\t\t\t\t#gallery-3 .gallery-item {\n\t\t\t\t\tfloat: left;\n\t\t\t\t\tmargin-top: 10px;\n\t\t\t\t\ttext-align: center;\n\t\t\t\t\twidth: 33%;\n\t\t\t\t}\n\t\t\t\t#gallery-3 img {\n\t\t\t\t\tborder: 2px solid #cfcfcf;\n\t\t\t\t}\n\t\t\t\t#gallery-3 .gallery-caption {\n\t\t\t\t\tmargin-left: 0;\n\t\t\t\t}\n\t\t\t\t\/* see gallery_shortcode() in wp-includes\/media.php *\/\n\t\t\t<\/style>\n\t\t<div id='gallery-3' class='dt-gallery-container gallery galleryid-438340 gallery-columns-3 gallery-size-thumbnail'><dl class='gallery-item'>\n\t\t\t\t<dt class='gallery-icon landscape'>\n\t\t\t\t\t<a class=\"rollover rollover-zoom dt-pswp-item\" title=\"22e55a60-cafd-4b31-ae82-1c06a5e876db\" data-dt-img-description=\"\" data-large_image_width=\"1600\" data-large_image_height=\"897\"href='https:\/\/www.radiopiu.net\/wordpress\/wp-content\/uploads\/2025\/03\/22e55a60-cafd-4b31-ae82-1c06a5e876db.jpg'><img loading=\"lazy\" decoding=\"async\" width=\"150\" height=\"150\" src=\"https:\/\/www.radiopiu.net\/wordpress\/wp-content\/uploads\/2025\/03\/22e55a60-cafd-4b31-ae82-1c06a5e876db-150x150.jpg\" class=\"attachment-thumbnail size-thumbnail\" alt=\"\" \/><\/a>\n\t\t\t\t<\/dt><\/dl><dl class='gallery-item'>\n\t\t\t\t<dt class='gallery-icon portrait'>\n\t\t\t\t\t<a class=\"rollover rollover-zoom dt-pswp-item\" title=\"f71a81d6-8c00-4dd1-a1e9-29b7615b099c\" data-dt-img-description=\"\" data-large_image_width=\"897\" data-large_image_height=\"1600\"href='https:\/\/www.radiopiu.net\/wordpress\/wp-content\/uploads\/2025\/03\/f71a81d6-8c00-4dd1-a1e9-29b7615b099c.jpg'><img loading=\"lazy\" decoding=\"async\" width=\"150\" height=\"150\" src=\"https:\/\/www.radiopiu.net\/wordpress\/wp-content\/uploads\/2025\/03\/f71a81d6-8c00-4dd1-a1e9-29b7615b099c-150x150.jpg\" class=\"attachment-thumbnail size-thumbnail\" alt=\"\" \/><\/a>\n\t\t\t\t<\/dt><\/dl><dl class='gallery-item'>\n\t\t\t\t<dt class='gallery-icon landscape'>\n\t\t\t\t\t<a class=\"rollover rollover-zoom dt-pswp-item\" title=\"079f9112-6ed7-4d4b-bea4-e486a2d30022\" data-dt-img-description=\"\" data-large_image_width=\"1600\" data-large_image_height=\"897\"href='https:\/\/www.radiopiu.net\/wordpress\/wp-content\/uploads\/2025\/03\/079f9112-6ed7-4d4b-bea4-e486a2d30022.jpg'><img loading=\"lazy\" decoding=\"async\" width=\"150\" height=\"150\" src=\"https:\/\/www.radiopiu.net\/wordpress\/wp-content\/uploads\/2025\/03\/079f9112-6ed7-4d4b-bea4-e486a2d30022-150x150.jpg\" class=\"attachment-thumbnail size-thumbnail\" alt=\"\" \/><\/a>\n\t\t\t\t<\/dt><\/dl><br style=\"clear: both\" \/>\n\t\t\t<\/div>\n\n<p>&nbsp;<\/p>\n<hr \/>\n<p>&nbsp;<\/p>\n<blockquote>\n<h3>GIORNATA MONDIALE DEL RENE: L&#8217;INCONTRO CON L&#8217;ULSS 1 DOLOMITI<\/h3>\n<\/blockquote>\n<p><strong><a class=\"dt-pswp-item\" href=\"https:\/\/www.radiopiu.net\/wordpress\/wp-content\/uploads\/2025\/02\/RENE.jpg\" data-dt-img-description=\"\" data-large_image_width=\"940\" data-large_image_height=\"550\"><img loading=\"lazy\" decoding=\"async\" class=\" wp-image-436595 alignleft\" src=\"https:\/\/www.radiopiu.net\/wordpress\/wp-content\/uploads\/2025\/02\/RENE-300x176.jpg\" alt=\"\" width=\"179\" height=\"105\" srcset=\"https:\/\/www.radiopiu.net\/wordpress\/wp-content\/uploads\/2025\/02\/RENE-300x176.jpg 300w, https:\/\/www.radiopiu.net\/wordpress\/wp-content\/uploads\/2025\/02\/RENE-768x449.jpg 768w, https:\/\/www.radiopiu.net\/wordpress\/wp-content\/uploads\/2025\/02\/RENE.jpg 940w\" sizes=\"auto, (max-width: 179px) 100vw, 179px\" \/><\/a>BELLUNO <\/strong>In occasione della giornata mondiale del rene, che ricorre il prossimo 13 marzo, l\u2019Ulss Dolomiti, con le unit\u00e0 operative di Nefrologia, organizza un incontro aperto a tutta la cittadinanza per sensibilizzare sull\u2019importanza della salute dei nostri reni e sul tema del trapianto. L\u2019 incontro dal titolo \u201cIl trapianto di rene da vivente\u201d si terr\u00e0 mercoled\u00ec 12 marzo 2025 alle 17.00 in sala convegni dell\u2019ospedale di Belluno con esperti e testimonianze di donatori e trapiantati.<\/p>\n<p>&nbsp;<\/p>\n<p>&nbsp;<\/p>\n<hr \/>\n<p>&nbsp;<\/p>\n<blockquote>\n<h3>DISAGIO GIOVANILE, UN INCONTRO A BELLUNO<\/h3>\n<\/blockquote>\n<p><strong>BELLUNO<\/strong> L\u2019Associazione Margherita Fenice di Belluno organizza un convegno sul disagio giovanile e sull\u2019importanza dell\u2019ascolto tra genitori e figli. L\u2019evento, intitolato \u201cGenerazione di silenzi: come ascoltare i nostri figli per affrontare il disagio giovanile\u201d, si terr\u00e0 oggi alle 17 presso Palazzo Crepadona a Belluno con esperti in disturbi alimentari.<\/p>\n<p>&nbsp;<\/p>\n<p>&nbsp;<\/p>\n<hr \/>\n<p>&nbsp;<\/p>\n<blockquote>\n<h3>STASERA IN SALA DON TAMIS AD AGORDO<\/h3>\n<\/blockquote>\n<p><strong>AGORDO <\/strong>Oggi alle 20:30, nella sala &#8220;don Tamis&#8221; di Agordo, Carlo Corsini e Simone Carnielli porteranno in scena lo spettacolo &#8220;Tutto inizi\u00f2 con un tremendo botto&#8221;, dedicato alla vita e alle opere di Ronald Dahl. L&#8217;evento, a ingresso gratuito, \u00e8 organizzato dal Circolo Culturale Agordino e dalla Biblioteca Civica.<\/p>\n<p>&nbsp;<\/p>\n<p>&nbsp;<\/p>\n<hr \/>\n<p>&nbsp;<\/p>\n<blockquote>\n<p data-start=\"0\" data-end=\"65\"><strong data-start=\"0\" data-end=\"65\">RICORDO DI BARTOLOMEO ZANENGA AL CIRCOLO &#8220;LA TERRA DEI PADRI&#8221;<\/strong><\/p>\n<\/blockquote>\n<p data-start=\"67\" data-end=\"498\" data-is-last-node=\"\" data-is-only-node=\"\"><strong>BELLUNO\u00a0<\/strong> Oggi alle ore 17.00, il Circolo culturale &#8220;La Terra dei Padri &#8211; Belluno Aps&#8221; organizza un evento in memoria di Bartolomeo Zanenga, patriota, giornalista e studioso di storia locale, a 32 anni dalla sua morte. L\u2019incontro si terr\u00e0 presso la sede del Circolo, in via dei Molini, 10, Belluno. Interverranno Renzo Poloni, Francesco Dematt\u00e9 e Fiammetta Zanenga.<\/p>\n<p>&nbsp;<\/p>\n<hr \/>\n<blockquote>\n<h3 data-start=\"0\" data-end=\"64\"><\/h3>\n<p data-start=\"0\" data-end=\"62\"><strong data-start=\"0\" data-end=\"62\">LO SPORT CHE AIUTA LE DONNE: \u201cPOWER WOMAN DAY\u201d A LONGARONE<\/strong><\/p>\n<\/blockquote>\n<p data-start=\"0\" data-end=\"62\"><strong>LONGARONE<\/strong> Oggi al Palasport di Longarone si terr\u00e0 il \u201cPower Woman Day\u201d, una giornata di sport dedicata alle donne con corsi gratuiti e una raccolta fondi per Onda Rosa Aps, associazione che supporta le pazienti con tumore al seno. Info e prenotazioni su palasportlongarone.it.<\/p>\n<hr \/>\n<blockquote>\n<h3 data-start=\"0\" data-end=\"64\"><strong data-start=\"4\" data-end=\"62\"><a class=\"dt-pswp-item\" href=\"https:\/\/www.radiopiu.net\/wordpress\/wp-content\/uploads\/2025\/03\/Sandi-Renko-scaled.jpg\" data-dt-img-description=\"\" data-large_image_width=\"2068\" data-large_image_height=\"2560\"><img loading=\"lazy\" decoding=\"async\" class=\"wp-image-437621 alignleft\" src=\"https:\/\/www.radiopiu.net\/wordpress\/wp-content\/uploads\/2025\/03\/Sandi-Renko-242x300.jpg\" alt=\"\" width=\"101\" height=\"125\" srcset=\"https:\/\/www.radiopiu.net\/wordpress\/wp-content\/uploads\/2025\/03\/Sandi-Renko-242x300.jpg 242w, https:\/\/www.radiopiu.net\/wordpress\/wp-content\/uploads\/2025\/03\/Sandi-Renko-827x1024.jpg 827w, https:\/\/www.radiopiu.net\/wordpress\/wp-content\/uploads\/2025\/03\/Sandi-Renko-768x951.jpg 768w, https:\/\/www.radiopiu.net\/wordpress\/wp-content\/uploads\/2025\/03\/Sandi-Renko-1241x1536.jpg 1241w, https:\/\/www.radiopiu.net\/wordpress\/wp-content\/uploads\/2025\/03\/Sandi-Renko-1654x2048.jpg 1654w\" sizes=\"auto, (max-width: 101px) 100vw, 101px\" \/><\/a><\/strong><\/h3>\n<p data-start=\"0\" data-end=\"58\"><strong data-start=\"0\" data-end=\"58\">MEL &#8211; BORGO VALBELLUNA: INAUGURA \u201cCINETISMO CROMATICO\u201d<\/strong><\/p>\n<\/blockquote>\n<p data-start=\"0\" data-end=\"58\">Oggi, alle 18:00, al Palazzo delle Contesse di Mel apre \u201cCinetismo Cromatico\u201d, omaggio a Celestino Facchin, Ferruccio Gard e Sandi Renko. Novanta opere e installazioni esplorano l\u2019arte cinetica e optical. L\u2019evento include la presentazione del thriller di Gard. Mostra visitabile fino al 4 maggio.<\/p>\n<hr \/>\n<h3 data-start=\"66\" data-end=\"357\"><\/h3>\n<blockquote>\n<h3 data-start=\"66\" data-end=\"357\">MARZO AL CENTRO ASTRONOMICO<\/h3>\n<\/blockquote>\n<p data-start=\"66\" data-end=\"357\" data-is-last-node=\"\" data-is-only-node=\"\"><strong>FELTRE<\/strong> Oggi, il Centro Astronomico anticipa l&#8217;osservazione alle 18 per ammirare Mercurio e Venere, insieme a Marte, Giove e la Luna. In caso di maltempo, conferenze al planetario con Alain Corso. Ingresso 5 euro, gratuito per soci e bambini.<\/p>\n<p>&nbsp;<\/p>\n<hr \/>\n<p>&nbsp;<\/p>\n<blockquote>\n<h3>TORNA A BELLUNO &#8220;IL VENTO TRA I CAPELLI&#8221;, LA PEDONATA NON COMPETITIVA DEL COMITATO PREVENZIONE SALUTE DONNA<\/h3>\n<\/blockquote>\n<p><strong>BELLUNO<\/strong> \u200b<span class=\"relative -mx-px my-[-0.2rem] rounded px-px py-[0.2rem]\">La 19\u00aa edizione della pedonata solidale &#8220;Il Vento tra i Capelli&#8221; si terr\u00e0 il 16 marzo 2025 alle 10 in Piazza dei Martiri a Belluno.<\/span><\/p>\n<p>&nbsp;<\/p>\n<p>&nbsp;<\/p>\n<hr \/>\n<p>&nbsp;<\/p>\n<h1><span style=\"color: #ff6600;\">IERI ALLA RADIO\u00a0<\/span><\/h1>\n<h2><span style=\"color: #00ccff;\">&#8220;DINTORN E FORA VIA&#8221;\u00a0 IL PROGRAMMA\u00a0 A CURA DEL MUSLA<\/span><\/h2>\n<p><strong><a class=\"dt-pswp-item\" href=\"https:\/\/www.radiopiu.net\/wordpress\/wp-content\/uploads\/2025\/02\/87d2bc02-f79f-415f-b763-535211b427d5.jpg\" data-dt-img-description=\"\" data-large_image_width=\"970\" data-large_image_height=\"318\"><img loading=\"lazy\" decoding=\"async\" class=\"size-medium wp-image-433551 alignleft\" src=\"https:\/\/www.radiopiu.net\/wordpress\/wp-content\/uploads\/2025\/02\/87d2bc02-f79f-415f-b763-535211b427d5-300x98.jpg\" alt=\"\" width=\"300\" height=\"98\" srcset=\"https:\/\/www.radiopiu.net\/wordpress\/wp-content\/uploads\/2025\/02\/87d2bc02-f79f-415f-b763-535211b427d5-300x98.jpg 300w, https:\/\/www.radiopiu.net\/wordpress\/wp-content\/uploads\/2025\/02\/87d2bc02-f79f-415f-b763-535211b427d5-768x252.jpg 768w, https:\/\/www.radiopiu.net\/wordpress\/wp-content\/uploads\/2025\/02\/87d2bc02-f79f-415f-b763-535211b427d5.jpg 970w\" sizes=\"auto, (max-width: 300px) 100vw, 300px\" \/><\/a>PUNTATA DEL 07 MARZO 2025 <span style=\"color: #ff0000;\"><span style=\"color: #000000;\">LORENZO DE VALLIER<\/span><\/span><\/strong><\/p>\n<audio class=\"wp-audio-shortcode\" id=\"audio-438340-12\" preload=\"none\" style=\"width: 100%;\" controls=\"controls\"><source type=\"audio\/mpeg\" src=\"https:\/\/www.radiopiu.net\/wordpress\/wp-content\/uploads\/2025\/03\/MUSLA-1.mp3?_=12\" \/><a href=\"https:\/\/www.radiopiu.net\/wordpress\/wp-content\/uploads\/2025\/03\/MUSLA-1.mp3\">https:\/\/www.radiopiu.net\/wordpress\/wp-content\/uploads\/2025\/03\/MUSLA-1.mp3<\/a><\/audio>\n<p>&nbsp;<\/p>\n<p><strong>LA RACCOLTA COMPLETA <a href=\"https:\/\/www.radiopiu.net\/wordpress\/musla\/\"><span style=\"color: #3366ff;\">CLICCA QUI<\/span><\/a><\/strong><\/p>\n<p>&nbsp;<\/p>\n<hr \/>\n<p>&nbsp;<\/p>\n<h2><span style=\"color: #008000;\">SPECIALE SOLIDARIETA&#8217; VENETO<\/span><\/h2>\n<p><strong><a class=\"dt-pswp-item\" href=\"https:\/\/www.radiopiu.net\/wordpress\/wp-content\/uploads\/2020\/05\/solidariet\u00e0-veneto.jpg\" data-dt-img-description=\"\" data-large_image_width=\"1373\" data-large_image_height=\"961\"><img loading=\"lazy\" decoding=\"async\" class=\" wp-image-134366 alignleft\" src=\"https:\/\/www.radiopiu.net\/wordpress\/wp-content\/uploads\/2020\/05\/solidariet\u00e0-veneto-300x210.jpg\" alt=\"\" width=\"134\" height=\"94\" srcset=\"https:\/\/www.radiopiu.net\/wordpress\/wp-content\/uploads\/2020\/05\/solidariet\u00e0-veneto-300x210.jpg 300w, https:\/\/www.radiopiu.net\/wordpress\/wp-content\/uploads\/2020\/05\/solidariet\u00e0-veneto-1024x717.jpg 1024w, https:\/\/www.radiopiu.net\/wordpress\/wp-content\/uploads\/2020\/05\/solidariet\u00e0-veneto-768x538.jpg 768w, https:\/\/www.radiopiu.net\/wordpress\/wp-content\/uploads\/2020\/05\/solidariet\u00e0-veneto.jpg 1373w\" sizes=\"auto, (max-width: 134px) 100vw, 134px\" \/><\/a>DI MIRKO MEZZACASA<\/strong><\/p>\n<p>OSPITE: Paolo Stefan, Solidariet\u00e0 Veneto<\/p>\n<audio class=\"wp-audio-shortcode\" id=\"audio-438340-13\" preload=\"none\" style=\"width: 100%;\" controls=\"controls\"><source type=\"audio\/mpeg\" src=\"https:\/\/www.radiopiu.net\/wordpress\/wp-content\/uploads\/2025\/03\/PAOLO-STEFAN-MARZO-2025.mp3?_=13\" \/><a href=\"https:\/\/www.radiopiu.net\/wordpress\/wp-content\/uploads\/2025\/03\/PAOLO-STEFAN-MARZO-2025.mp3\">https:\/\/www.radiopiu.net\/wordpress\/wp-content\/uploads\/2025\/03\/PAOLO-STEFAN-MARZO-2025.mp3<\/a><\/audio>\n<p>&nbsp;<\/p>\n<p><strong>LA RACCOLTA COMPLETA <a href=\"https:\/\/www.radiopiu.net\/wordpress\/solidarieta-veneto\/\"><span style=\"color: #3366ff;\">CLICCA QUI<\/span><\/a><\/strong><\/p>\n<p>&nbsp;<\/p>\n<hr \/>\n<p>&nbsp;<\/p>\n<h2><span style=\"color: #ff00ff;\">MUSIC A B C, IL MONDO DELLA MUSICA UNA LETTERA ALLA VOLTA<\/span><\/h2>\n<p><span style=\"color: #ff0000;\"><strong><a class=\"dt-pswp-item\" href=\"https:\/\/www.radiopiu.net\/wordpress\/wp-content\/uploads\/2021\/07\/microfono-radio-ok-768x448-768x448-1.jpg\" data-dt-img-description=\"\" data-large_image_width=\"768\" data-large_image_height=\"448\"><img loading=\"lazy\" decoding=\"async\" class=\" wp-image-220632 alignleft\" src=\"https:\/\/www.radiopiu.net\/wordpress\/wp-content\/uploads\/2021\/07\/microfono-radio-ok-768x448-768x448-1-300x175.jpg\" alt=\"\" width=\"148\" height=\"86\" srcset=\"https:\/\/www.radiopiu.net\/wordpress\/wp-content\/uploads\/2021\/07\/microfono-radio-ok-768x448-768x448-1-300x175.jpg 300w, https:\/\/www.radiopiu.net\/wordpress\/wp-content\/uploads\/2021\/07\/microfono-radio-ok-768x448-768x448-1.jpg 768w\" sizes=\"auto, (max-width: 148px) 100vw, 148px\" \/><\/a>CON MARINA DONA&#8217; E DAVID &#8220;ATHOS&#8221; BEN<\/strong><\/span><\/p>\n<p><span style=\"color: #0000ff;\"><strong>PUNTATA DEL 07 MARZO 2025<\/strong><\/span><\/p>\n<p><strong>PRIMA PARTE<\/strong><\/p>\n<audio class=\"wp-audio-shortcode\" id=\"audio-438340-14\" preload=\"none\" style=\"width: 100%;\" controls=\"controls\"><source type=\"audio\/mpeg\" src=\"https:\/\/www.radiopiu.net\/wordpress\/wp-content\/uploads\/2025\/02\/GOLD1-3.mp3?_=14\" \/><a href=\"https:\/\/www.radiopiu.net\/wordpress\/wp-content\/uploads\/2025\/02\/GOLD1-3.mp3\">https:\/\/www.radiopiu.net\/wordpress\/wp-content\/uploads\/2025\/02\/GOLD1-3.mp3<\/a><\/audio>\n<p>&nbsp;<\/p>\n<p><strong>SECONDA PARTE<\/strong><\/p>\n<audio class=\"wp-audio-shortcode\" id=\"audio-438340-15\" preload=\"none\" style=\"width: 100%;\" controls=\"controls\"><source type=\"audio\/mpeg\" src=\"https:\/\/www.radiopiu.net\/wordpress\/wp-content\/uploads\/2025\/02\/GOLD2-3.mp3?_=15\" \/><a href=\"https:\/\/www.radiopiu.net\/wordpress\/wp-content\/uploads\/2025\/02\/GOLD2-3.mp3\">https:\/\/www.radiopiu.net\/wordpress\/wp-content\/uploads\/2025\/02\/GOLD2-3.mp3<\/a><\/audio>\n<p>&nbsp;<\/p>\n<p><strong>TERZA PARTE<\/strong><\/p>\n<audio class=\"wp-audio-shortcode\" id=\"audio-438340-16\" preload=\"none\" style=\"width: 100%;\" controls=\"controls\"><source type=\"audio\/mpeg\" src=\"https:\/\/www.radiopiu.net\/wordpress\/wp-content\/uploads\/2025\/02\/GOLD3-3.mp3?_=16\" \/><a href=\"https:\/\/www.radiopiu.net\/wordpress\/wp-content\/uploads\/2025\/02\/GOLD3-3.mp3\">https:\/\/www.radiopiu.net\/wordpress\/wp-content\/uploads\/2025\/02\/GOLD3-3.mp3<\/a><\/audio>\n<p>&nbsp;<\/p>\n<p><strong>LA RACCOLTA COMPLETA <a href=\"https:\/\/www.radiopiu.net\/wordpress\/music-a-b-c-il-mondo-della-musica-una-lettera-alla-volta-la-raccolta\/\"><span style=\"color: #3366ff;\">CLICCA QUI<\/span><\/a><\/strong><\/p>\n<p>&nbsp;<\/p>\n<hr \/>\n<p>&nbsp;<\/p>\n<blockquote>\n<h3>LA FALCE DI VENERE<\/h3>\n<\/blockquote>\n<p><strong><a class=\"dt-pswp-item\" href=\"https:\/\/www.radiopiu.net\/wordpress\/wp-content\/uploads\/2025\/03\/SCR-20250307-rcnz.png\" data-dt-img-description=\"\" data-large_image_width=\"832\" data-large_image_height=\"656\"><img loading=\"lazy\" decoding=\"async\" class=\" wp-image-438486 alignleft\" src=\"https:\/\/www.radiopiu.net\/wordpress\/wp-content\/uploads\/2025\/03\/SCR-20250307-rcnz-300x237.png\" alt=\"\" width=\"203\" height=\"160\" srcset=\"https:\/\/www.radiopiu.net\/wordpress\/wp-content\/uploads\/2025\/03\/SCR-20250307-rcnz-300x237.png 300w, https:\/\/www.radiopiu.net\/wordpress\/wp-content\/uploads\/2025\/03\/SCR-20250307-rcnz-768x606.png 768w, https:\/\/www.radiopiu.net\/wordpress\/wp-content\/uploads\/2025\/03\/SCR-20250307-rcnz.png 832w\" sizes=\"auto, (max-width: 203px) 100vw, 203px\" \/><\/a>DI CLAUDIO PRA<\/strong><\/p>\n<p>Ai profani sembrer\u00e0 impossibile, eppure la &#8220;stella&#8221; luminosissima che si mostra in queste sere ad ovest dopo il tramonto, se osservata al telescopio si trasforma in una sottile falce, svelando la sua vera natura. In effetti quell&#8217;astro luminosissimo \u00e8 il pianeta Venere, uno degli otto del Sistema Solare. In questo periodo si sta avvicinando al Sole al quale passer\u00e0 vicino il 23 marzo, raggiungendo la congiunzione inferiore. In quel momento sar\u00e0 sottilissimo, illuminato solo all&#8217;1%. In seguito si sposter\u00e0 ad ovest della nostra stella aumentando gradualmente di fase, rendendosi visibile all&#8217;alba, prima che il Sole sorga. Gli antichi chiamavano Venere Vespero o Lucifero, a seconda che si mostrasse la sera o la mattina. Essendo pianeta interno rispetto alla Terra, Venere mostra le fasi, come la Luna, rendendo interessantissima la sua osservazione gi\u00e0 in un binocolo. Data la sua grande luminosit\u00e0 occorre per\u00f2 avere l&#8217;accortezza di cercarlo prima del buio, che impasterebbe la sua immagine rendendola poco decifrabile.<\/p>\n<p>&nbsp;<\/p>\n<p>&nbsp;<\/p>\n<hr \/>\n<p>&nbsp;<\/p>\n<h2><span style=\"color: #ff0000;\"><a class=\"dt-pswp-item\" href=\"https:\/\/www.radiopiu.net\/wordpress\/wp-content\/uploads\/2018\/09\/appuntamenti.jpeg\" data-dt-img-description=\"\" data-large_image_width=\"800\" data-large_image_height=\"100\"><img loading=\"lazy\" decoding=\"async\" class=\"wp-image-61958 size-full aligncenter\" src=\"https:\/\/www.radiopiu.net\/wordpress\/wp-content\/uploads\/2018\/09\/appuntamenti.jpeg\" alt=\"\" width=\"800\" height=\"100\" srcset=\"https:\/\/www.radiopiu.net\/wordpress\/wp-content\/uploads\/2018\/09\/appuntamenti.jpeg 800w, https:\/\/www.radiopiu.net\/wordpress\/wp-content\/uploads\/2018\/09\/appuntamenti-300x38.jpeg 300w, https:\/\/www.radiopiu.net\/wordpress\/wp-content\/uploads\/2018\/09\/appuntamenti-768x96.jpeg 768w\" sizes=\"auto, (max-width: 800px) 100vw, 800px\" \/><\/a><\/span><\/h2>\n<h3 dir=\"auto\"><\/h3>\n<blockquote>\n<h3>MORGAN &amp; BATTAGLIA I RESIDENT DJ DEL SAVE THE DATE FESTIVAL<\/h3>\n<\/blockquote>\n<p><strong>FALCADE <\/strong>Il palco si accende, le casse vibrano e l\u2019atmosfera si infiamma: Morgan e Battaglia sono pronti a farvi ballare senza sosta! Con selezioni potenti e beat travolgenti, il duo porter\u00e0 un\u2019ondata di pura energia al Rifugio Laresei. Quattro ospiti speciali arricchiranno il festival, ma sar\u00e0 la loro console a tenere il cuore pulsante della serata. L\u2019unica regola? Lasciarsi andare al ritmo e vivere la musica senza freni. Preparati a un\u2019esperienza indimenticabile! L&#8217;appuntamento \u00e8 per il 29 marzo al Rifugio Laresei<\/p>\n\n\t\t\t<style type='text\/css'>\n\t\t\t\t#gallery-4 {\n\t\t\t\t\tmargin: auto;\n\t\t\t\t}\n\t\t\t\t#gallery-4 .gallery-item {\n\t\t\t\t\tfloat: left;\n\t\t\t\t\tmargin-top: 10px;\n\t\t\t\t\ttext-align: center;\n\t\t\t\t\twidth: 20%;\n\t\t\t\t}\n\t\t\t\t#gallery-4 img {\n\t\t\t\t\tborder: 2px solid #cfcfcf;\n\t\t\t\t}\n\t\t\t\t#gallery-4 .gallery-caption {\n\t\t\t\t\tmargin-left: 0;\n\t\t\t\t}\n\t\t\t\t\/* see gallery_shortcode() in wp-includes\/media.php *\/\n\t\t\t<\/style>\n\t\t<div id='gallery-4' class='dt-gallery-container gallery galleryid-438340 gallery-columns-5 gallery-size-medium'><dl class='gallery-item'>\n\t\t\t\t<dt class='gallery-icon portrait'>\n\t\t\t\t\t<a class=\"rollover rollover-zoom dt-pswp-item\" title=\"475351389_122191419572160269_4819090400106529375_n\" data-dt-img-description=\"\" data-large_image_width=\"1024\" data-large_image_height=\"1280\"href='https:\/\/www.radiopiu.net\/wordpress\/wp-content\/uploads\/2025\/02\/475351389_122191419572160269_4819090400106529375_n.jpg'><img loading=\"lazy\" decoding=\"async\" width=\"240\" height=\"300\" src=\"https:\/\/www.radiopiu.net\/wordpress\/wp-content\/uploads\/2025\/02\/475351389_122191419572160269_4819090400106529375_n-240x300.jpg\" class=\"attachment-medium size-medium\" alt=\"\" srcset=\"https:\/\/www.radiopiu.net\/wordpress\/wp-content\/uploads\/2025\/02\/475351389_122191419572160269_4819090400106529375_n-240x300.jpg 240w, https:\/\/www.radiopiu.net\/wordpress\/wp-content\/uploads\/2025\/02\/475351389_122191419572160269_4819090400106529375_n-819x1024.jpg 819w, https:\/\/www.radiopiu.net\/wordpress\/wp-content\/uploads\/2025\/02\/475351389_122191419572160269_4819090400106529375_n-768x960.jpg 768w, https:\/\/www.radiopiu.net\/wordpress\/wp-content\/uploads\/2025\/02\/475351389_122191419572160269_4819090400106529375_n.jpg 1024w\" sizes=\"auto, (max-width: 240px) 100vw, 240px\" \/><\/a>\n\t\t\t\t<\/dt><\/dl><dl class='gallery-item'>\n\t\t\t\t<dt class='gallery-icon portrait'>\n\t\t\t\t\t<a class=\"rollover rollover-zoom dt-pswp-item\" title=\"70222334-5cff-4d4b-9ab9-a2a79305f2f3\" data-dt-img-description=\"\" data-large_image_width=\"1024\" data-large_image_height=\"1280\"href='https:\/\/www.radiopiu.net\/wordpress\/wp-content\/uploads\/2025\/02\/70222334-5cff-4d4b-9ab9-a2a79305f2f3.jpg'><img loading=\"lazy\" decoding=\"async\" width=\"240\" height=\"300\" src=\"https:\/\/www.radiopiu.net\/wordpress\/wp-content\/uploads\/2025\/02\/70222334-5cff-4d4b-9ab9-a2a79305f2f3-240x300.jpg\" class=\"attachment-medium size-medium\" alt=\"\" srcset=\"https:\/\/www.radiopiu.net\/wordpress\/wp-content\/uploads\/2025\/02\/70222334-5cff-4d4b-9ab9-a2a79305f2f3-240x300.jpg 240w, https:\/\/www.radiopiu.net\/wordpress\/wp-content\/uploads\/2025\/02\/70222334-5cff-4d4b-9ab9-a2a79305f2f3-819x1024.jpg 819w, https:\/\/www.radiopiu.net\/wordpress\/wp-content\/uploads\/2025\/02\/70222334-5cff-4d4b-9ab9-a2a79305f2f3-768x960.jpg 768w, https:\/\/www.radiopiu.net\/wordpress\/wp-content\/uploads\/2025\/02\/70222334-5cff-4d4b-9ab9-a2a79305f2f3.jpg 1024w\" sizes=\"auto, (max-width: 240px) 100vw, 240px\" \/><\/a>\n\t\t\t\t<\/dt><\/dl><dl class='gallery-item'>\n\t\t\t\t<dt class='gallery-icon portrait'>\n\t\t\t\t\t<a class=\"rollover rollover-zoom dt-pswp-item\" title=\"480483463_122191800596160269_7748395789965067962_n\" data-dt-img-description=\"\" data-large_image_width=\"1024\" data-large_image_height=\"1280\"href='https:\/\/www.radiopiu.net\/wordpress\/wp-content\/uploads\/2025\/02\/480483463_122191800596160269_7748395789965067962_n.jpg'><img loading=\"lazy\" decoding=\"async\" width=\"240\" height=\"300\" src=\"https:\/\/www.radiopiu.net\/wordpress\/wp-content\/uploads\/2025\/02\/480483463_122191800596160269_7748395789965067962_n-240x300.jpg\" class=\"attachment-medium size-medium\" alt=\"\" srcset=\"https:\/\/www.radiopiu.net\/wordpress\/wp-content\/uploads\/2025\/02\/480483463_122191800596160269_7748395789965067962_n-240x300.jpg 240w, https:\/\/www.radiopiu.net\/wordpress\/wp-content\/uploads\/2025\/02\/480483463_122191800596160269_7748395789965067962_n-819x1024.jpg 819w, https:\/\/www.radiopiu.net\/wordpress\/wp-content\/uploads\/2025\/02\/480483463_122191800596160269_7748395789965067962_n-768x960.jpg 768w, https:\/\/www.radiopiu.net\/wordpress\/wp-content\/uploads\/2025\/02\/480483463_122191800596160269_7748395789965067962_n.jpg 1024w\" sizes=\"auto, (max-width: 240px) 100vw, 240px\" \/><\/a>\n\t\t\t\t<\/dt><\/dl><dl class='gallery-item'>\n\t\t\t\t<dt class='gallery-icon portrait'>\n\t\t\t\t\t<a class=\"rollover rollover-zoom dt-pswp-item\" title=\"480755395_122191974356160269_922264644982884143_n\" data-dt-img-description=\"\" data-large_image_width=\"1024\" data-large_image_height=\"1280\"href='https:\/\/www.radiopiu.net\/wordpress\/wp-content\/uploads\/2025\/02\/480755395_122191974356160269_922264644982884143_n.jpg'><img loading=\"lazy\" decoding=\"async\" width=\"240\" height=\"300\" src=\"https:\/\/www.radiopiu.net\/wordpress\/wp-content\/uploads\/2025\/02\/480755395_122191974356160269_922264644982884143_n-240x300.jpg\" class=\"attachment-medium size-medium\" alt=\"\" srcset=\"https:\/\/www.radiopiu.net\/wordpress\/wp-content\/uploads\/2025\/02\/480755395_122191974356160269_922264644982884143_n-240x300.jpg 240w, https:\/\/www.radiopiu.net\/wordpress\/wp-content\/uploads\/2025\/02\/480755395_122191974356160269_922264644982884143_n-819x1024.jpg 819w, https:\/\/www.radiopiu.net\/wordpress\/wp-content\/uploads\/2025\/02\/480755395_122191974356160269_922264644982884143_n-768x960.jpg 768w, https:\/\/www.radiopiu.net\/wordpress\/wp-content\/uploads\/2025\/02\/480755395_122191974356160269_922264644982884143_n.jpg 1024w\" sizes=\"auto, (max-width: 240px) 100vw, 240px\" \/><\/a>\n\t\t\t\t<\/dt><\/dl><dl class='gallery-item'>\n\t\t\t\t<dt class='gallery-icon portrait'>\n\t\t\t\t\t<a class=\"rollover rollover-zoom dt-pswp-item\" title=\"480946206_122192204450160269_174180551336592227_n\" data-dt-img-description=\"\" data-large_image_width=\"512\" data-large_image_height=\"640\"href='https:\/\/www.radiopiu.net\/wordpress\/wp-content\/uploads\/2025\/02\/480946206_122192204450160269_174180551336592227_n.jpg'><img loading=\"lazy\" decoding=\"async\" width=\"240\" height=\"300\" src=\"https:\/\/www.radiopiu.net\/wordpress\/wp-content\/uploads\/2025\/02\/480946206_122192204450160269_174180551336592227_n-240x300.jpg\" class=\"attachment-medium size-medium\" alt=\"\" srcset=\"https:\/\/www.radiopiu.net\/wordpress\/wp-content\/uploads\/2025\/02\/480946206_122192204450160269_174180551336592227_n-240x300.jpg 240w, https:\/\/www.radiopiu.net\/wordpress\/wp-content\/uploads\/2025\/02\/480946206_122192204450160269_174180551336592227_n.jpg 512w\" sizes=\"auto, (max-width: 240px) 100vw, 240px\" \/><\/a>\n\t\t\t\t<\/dt><\/dl><br style=\"clear: both\" \/>\n\t\t\t<\/div>\n\n<p>&nbsp;<\/p>\n<div>\n<div class=\"\" dir=\"auto\">\n<div id=\":r9h:\" class=\"x1iorvi4 x1pi30zi x1l90r2v x1swvt13\" data-ad-comet-preview=\"message\" data-ad-preview=\"message\">\n<div>\n<div class=\"\" dir=\"auto\">\n<div id=\":r9h:\" class=\"x1iorvi4 x1pi30zi x1l90r2v x1swvt13\" data-ad-comet-preview=\"message\" data-ad-preview=\"message\">\n<div>\n<div class=\"\" dir=\"auto\">\n<div id=\":r9h:\" class=\"x1iorvi4 x1pi30zi x1l90r2v x1swvt13\" data-ad-comet-preview=\"message\" data-ad-preview=\"message\">\n<div>\n<div class=\"\" dir=\"auto\">\n<div id=\":r9h:\" class=\"x1iorvi4 x1pi30zi x1l90r2v x1swvt13\" data-ad-comet-preview=\"message\" data-ad-preview=\"message\">\n<div>\n<div class=\"\" dir=\"auto\">\n<div id=\":r9h:\" class=\"x1iorvi4 x1pi30zi x1l90r2v x1swvt13\" data-ad-comet-preview=\"message\" data-ad-preview=\"message\">\n<div>\n<div class=\"\" dir=\"auto\">\n<div id=\":r9h:\" class=\"x1iorvi4 x1pi30zi x1l90r2v x1swvt13\" data-ad-comet-preview=\"message\" data-ad-preview=\"message\">\n<div class=\"xdj266r x11i5rnm xat24cr x1mh8g0r x1vvkbs x126k92a\">\n<div dir=\"auto\"><\/div>\n<\/div>\n<div>\n<div class=\"\" dir=\"auto\">\n<div id=\":r9h:\" class=\"x1iorvi4 x1pi30zi x1l90r2v x1swvt13\" data-ad-comet-preview=\"message\" data-ad-preview=\"message\">\n<div>\n<div class=\"\" dir=\"auto\">\n<div id=\":r9h:\" class=\"x1iorvi4 x1pi30zi x1l90r2v x1swvt13\" data-ad-comet-preview=\"message\" data-ad-preview=\"message\">\n\n\t\t\t<style type='text\/css'>\n\t\t\t\t#gallery-5 {\n\t\t\t\t\tmargin: auto;\n\t\t\t\t}\n\t\t\t\t#gallery-5 .gallery-item {\n\t\t\t\t\tfloat: left;\n\t\t\t\t\tmargin-top: 10px;\n\t\t\t\t\ttext-align: center;\n\t\t\t\t\twidth: 25%;\n\t\t\t\t}\n\t\t\t\t#gallery-5 img {\n\t\t\t\t\tborder: 2px solid #cfcfcf;\n\t\t\t\t}\n\t\t\t\t#gallery-5 .gallery-caption {\n\t\t\t\t\tmargin-left: 0;\n\t\t\t\t}\n\t\t\t\t\/* see gallery_shortcode() in wp-includes\/media.php *\/\n\t\t\t<\/style>\n\t\t<div id='gallery-5' class='dt-gallery-container gallery galleryid-438340 gallery-columns-4 gallery-size-thumbnail'><dl class='gallery-item'>\n\t\t\t\t<dt class='gallery-icon portrait'>\n\t\t\t\t\t<a class=\"rollover rollover-zoom dt-pswp-item\" title=\"dad1d0d2-12e8-494a-9390-929e17ce5985\" data-dt-img-description=\"\" data-large_image_width=\"900\" data-large_image_height=\"1600\"href='https:\/\/www.radiopiu.net\/wordpress\/wp-content\/uploads\/2025\/01\/dad1d0d2-12e8-494a-9390-929e17ce5985.jpg'><img loading=\"lazy\" decoding=\"async\" width=\"150\" height=\"150\" src=\"https:\/\/www.radiopiu.net\/wordpress\/wp-content\/uploads\/2025\/01\/dad1d0d2-12e8-494a-9390-929e17ce5985-150x150.jpg\" class=\"attachment-thumbnail size-thumbnail\" alt=\"\" \/><\/a>\n\t\t\t\t<\/dt><\/dl><dl class='gallery-item'>\n\t\t\t\t<dt class='gallery-icon portrait'>\n\t\t\t\t\t<a class=\"rollover rollover-zoom dt-pswp-item\" title=\"Marzo (1)\" data-dt-img-description=\"\" data-large_image_width=\"841\" data-large_image_height=\"1190\"href='https:\/\/www.radiopiu.net\/wordpress\/wp-content\/uploads\/2025\/02\/Marzo-1.jpg'><img loading=\"lazy\" decoding=\"async\" width=\"150\" height=\"150\" src=\"https:\/\/www.radiopiu.net\/wordpress\/wp-content\/uploads\/2025\/02\/Marzo-1-150x150.jpg\" class=\"attachment-thumbnail size-thumbnail\" alt=\"\" \/><\/a>\n\t\t\t\t<\/dt><\/dl><dl class='gallery-item'>\n\t\t\t\t<dt class='gallery-icon portrait'>\n\t\t\t\t\t<a class=\"rollover rollover-zoom dt-pswp-item\" title=\"Carnevale 2025\" data-dt-img-description=\"\" data-large_image_width=\"1414\" data-large_image_height=\"2000\"href='https:\/\/www.radiopiu.net\/wordpress\/wp-content\/uploads\/2025\/02\/Carnevale-2025-1.png'><img loading=\"lazy\" decoding=\"async\" width=\"150\" height=\"150\" src=\"https:\/\/www.radiopiu.net\/wordpress\/wp-content\/uploads\/2025\/02\/Carnevale-2025-1-150x150.png\" class=\"attachment-thumbnail size-thumbnail\" alt=\"\" \/><\/a>\n\t\t\t\t<\/dt><\/dl><dl class='gallery-item'>\n\t\t\t\t<dt class='gallery-icon portrait'>\n\t\t\t\t\t<a class=\"rollover rollover-zoom dt-pswp-item\" title=\"Senza nome\" data-dt-img-description=\"\" data-large_image_width=\"569\" data-large_image_height=\"801\"href='https:\/\/www.radiopiu.net\/wordpress\/wp-content\/uploads\/2025\/02\/Senza-nome-23.png'><img loading=\"lazy\" decoding=\"async\" width=\"150\" height=\"150\" src=\"https:\/\/www.radiopiu.net\/wordpress\/wp-content\/uploads\/2025\/02\/Senza-nome-23-150x150.png\" class=\"attachment-thumbnail size-thumbnail\" alt=\"\" \/><\/a>\n\t\t\t\t<\/dt><\/dl><br style=\"clear: both\" \/><dl class='gallery-item'>\n\t\t\t\t<dt class='gallery-icon portrait'>\n\t\t\t\t\t<a class=\"rollover rollover-zoom dt-pswp-item\" title=\"Locandina Zanenga marzo 2025\" data-dt-img-description=\"\" data-large_image_width=\"1447\" data-large_image_height=\"2048\"href='https:\/\/www.radiopiu.net\/wordpress\/wp-content\/uploads\/2025\/02\/Locandina-Zanenga-marzo-2025.jpg'><img loading=\"lazy\" decoding=\"async\" width=\"150\" height=\"150\" src=\"https:\/\/www.radiopiu.net\/wordpress\/wp-content\/uploads\/2025\/02\/Locandina-Zanenga-marzo-2025-150x150.jpg\" class=\"attachment-thumbnail size-thumbnail\" alt=\"\" \/><\/a>\n\t\t\t\t<\/dt><\/dl><dl class='gallery-item'>\n\t\t\t\t<dt class='gallery-icon portrait'>\n\t\t\t\t\t<a class=\"rollover rollover-zoom dt-pswp-item\" title=\"a43f5470-8da9-420a-9a8f-999ac45dfc29\" data-dt-img-description=\"\" data-large_image_width=\"1131\" data-large_image_height=\"1600\"href='https:\/\/www.radiopiu.net\/wordpress\/wp-content\/uploads\/2025\/02\/a43f5470-8da9-420a-9a8f-999ac45dfc29.jpg'><img loading=\"lazy\" decoding=\"async\" width=\"150\" height=\"150\" src=\"https:\/\/www.radiopiu.net\/wordpress\/wp-content\/uploads\/2025\/02\/a43f5470-8da9-420a-9a8f-999ac45dfc29-150x150.jpg\" class=\"attachment-thumbnail size-thumbnail\" alt=\"\" \/><\/a>\n\t\t\t\t<\/dt><\/dl><dl class='gallery-item'>\n\t\t\t\t<dt class='gallery-icon portrait'>\n\t\t\t\t\t<a class=\"rollover rollover-zoom dt-pswp-item\" title=\"85292380-77cf-48a7-ac7a-86c7009204ef\" data-dt-img-description=\"\" data-large_image_width=\"1280\" data-large_image_height=\"1600\"href='https:\/\/www.radiopiu.net\/wordpress\/wp-content\/uploads\/2025\/02\/85292380-77cf-48a7-ac7a-86c7009204ef.jpg'><img loading=\"lazy\" decoding=\"async\" width=\"150\" height=\"150\" src=\"https:\/\/www.radiopiu.net\/wordpress\/wp-content\/uploads\/2025\/02\/85292380-77cf-48a7-ac7a-86c7009204ef-150x150.jpg\" class=\"attachment-thumbnail size-thumbnail\" alt=\"\" \/><\/a>\n\t\t\t\t<\/dt><\/dl><dl class='gallery-item'>\n\t\t\t\t<dt class='gallery-icon portrait'>\n\t\t\t\t\t<a class=\"rollover rollover-zoom dt-pswp-item\" title=\"ba76e127-707c-4a8a-a6ac-6ab71e879690\" data-dt-img-description=\"\" data-large_image_width=\"500\" data-large_image_height=\"696\"href='https:\/\/www.radiopiu.net\/wordpress\/wp-content\/uploads\/2025\/03\/ba76e127-707c-4a8a-a6ac-6ab71e879690.jpg'><img loading=\"lazy\" decoding=\"async\" width=\"150\" height=\"150\" src=\"https:\/\/www.radiopiu.net\/wordpress\/wp-content\/uploads\/2025\/03\/ba76e127-707c-4a8a-a6ac-6ab71e879690-150x150.jpg\" class=\"attachment-thumbnail size-thumbnail\" alt=\"\" aria-describedby=\"gallery-5-437826\" \/><\/a>\n\t\t\t\t<\/dt>\n\t\t\t\t\t<dd class='wp-caption-text gallery-caption' id='gallery-5-437826'>\n\t\t\t\t\tPOSTICIPATO AL 6 APRILE\n\t\t\t\t\t<\/dd><\/dl><br style=\"clear: both\" \/><dl class='gallery-item'>\n\t\t\t\t<dt class='gallery-icon portrait'>\n\t\t\t\t\t<a class=\"rollover rollover-zoom dt-pswp-item\" title=\"terza serata Alpinia\" data-dt-img-description=\"\" data-large_image_width=\"720\" data-large_image_height=\"1280\"href='https:\/\/www.radiopiu.net\/wordpress\/wp-content\/uploads\/2025\/03\/terza-serata-Alpinia.jpg'><img loading=\"lazy\" decoding=\"async\" width=\"150\" height=\"150\" src=\"https:\/\/www.radiopiu.net\/wordpress\/wp-content\/uploads\/2025\/03\/terza-serata-Alpinia-150x150.jpg\" class=\"attachment-thumbnail size-thumbnail\" alt=\"\" \/><\/a>\n\t\t\t\t<\/dt><\/dl><dl class='gallery-item'>\n\t\t\t\t<dt class='gallery-icon portrait'>\n\t\t\t\t\t<a class=\"rollover rollover-zoom dt-pswp-item\" title=\"86913bf1-cfa4-493b-8e26-1aa10ea03f0b\" data-dt-img-description=\"\" data-large_image_width=\"1638\" data-large_image_height=\"2048\"href='https:\/\/www.radiopiu.net\/wordpress\/wp-content\/uploads\/2025\/03\/86913bf1-cfa4-493b-8e26-1aa10ea03f0b.jpg'><img loading=\"lazy\" decoding=\"async\" width=\"150\" height=\"150\" src=\"https:\/\/www.radiopiu.net\/wordpress\/wp-content\/uploads\/2025\/03\/86913bf1-cfa4-493b-8e26-1aa10ea03f0b-150x150.jpg\" class=\"attachment-thumbnail size-thumbnail\" alt=\"\" \/><\/a>\n\t\t\t\t<\/dt><\/dl>\n\t\t\t\t<br style='clear: both' \/>\n\t\t\t<\/div>\n\n<p>&nbsp;<\/p>\n<p>&nbsp;<\/p>\n<\/div>\n<\/div>\n<\/div>\n<\/div>\n<\/div>\n<\/div>\n<\/div>\n<\/div>\n<\/div>\n<\/div>\n<\/div>\n<\/div>\n<p>&nbsp;<\/p>\n<\/div>\n<\/div>\n<\/div>\n<\/div>\n<\/div>\n<\/div>\n<\/div>\n<\/div>\n<\/div>\n<\/div>\n<\/div>\n<\/div>\n<hr \/>\n<p>&nbsp;<\/p>\n<p class=\"mceTemp\"><a class=\"dt-pswp-item\" href=\"https:\/\/www.radiopiu.net\/wordpress\/wp-content\/uploads\/2018\/09\/WhatsApp-Image-2018-09-20-at-16.04.06.jpeg\" data-dt-img-description=\"\" data-large_image_width=\"800\" data-large_image_height=\"100\"><img loading=\"lazy\" decoding=\"async\" class=\"wp-image-61378 size-full aligncenter\" src=\"https:\/\/www.radiopiu.net\/wordpress\/wp-content\/uploads\/2018\/09\/WhatsApp-Image-2018-09-20-at-16.04.06.jpeg\" alt=\"\" width=\"800\" height=\"100\" srcset=\"https:\/\/www.radiopiu.net\/wordpress\/wp-content\/uploads\/2018\/09\/WhatsApp-Image-2018-09-20-at-16.04.06.jpeg 800w, https:\/\/www.radiopiu.net\/wordpress\/wp-content\/uploads\/2018\/09\/WhatsApp-Image-2018-09-20-at-16.04.06-300x38.jpeg 300w, https:\/\/www.radiopiu.net\/wordpress\/wp-content\/uploads\/2018\/09\/WhatsApp-Image-2018-09-20-at-16.04.06-768x96.jpeg 768w\" sizes=\"auto, (max-width: 800px) 100vw, 800px\" \/><\/a><\/p>\n<p><center><\/center><center><\/center>&nbsp;<\/p>\n<p><center><b>OGGI<\/b><\/center>Al mattino sole e cielo sereno con aria tersa ed ottima visibilit\u00e0, mentre nubi alte e medio-alte stratiformi potrebbero ridurre in parte il soleggiamento pomeridiano, prima che il cielo torni a rasserenarsi alla sera.<br \/>\n<b>Precipitazioni: <\/b>Assenti<br \/>\n<b>Temperature: <\/b>Senza notevoli variazioni a tutte le quote rispetto a venerd\u00ec, salvo lieve flessione delle massime nelle valli. Lieve inversione termica notturna in alcune valli.<\/p>\n<hr \/>\n<p><center><b>DOMANI<\/b><\/center>Minore soleggiamento, anche se con ampi tratti soleggiati al mattino, e maggiore presenza di nubi stratiformi fino a cielo coperto da met\u00e0 pomeriggio in poi; Alla sera non escluso i primi locali e deboli fenomeni, in estensione a tutti i settori montani nella notte seguente. Leggera attenuazione della mitezza diurna.<br \/>\n<b>Precipitazioni: <\/b>Assenti , tuttavia, alla sera probabili primi deboli piogge, specie sulle Prealpi occidentali, assieme a qualche fiocco oltre i 1400-1600 m, Altrove probabilit\u00e0 minore<br \/>\n<b>Temperature: <\/b>Minime in lieve rialzo nelle valli ed in calo in quota, dove saranno osservate alla sera; massime in flessione.<\/p>\n<hr \/>\n<p><center><b>LUNEDI<\/b><\/center>Fase di maltempo tra la notte e il mattino con precipitazioni diffuse, a tratti anche di moderata intensit\u00e0, nevose oltre i 1100-1300 m su Dolomiti e 1400-1500 m su Prealpi nottetempo, mentre il limite si rialzer\u00e0 nel corso della mattinata. Al pomeriggio esaurimento dei fenomeni e lieve attenuazione della nuvolosit\u00e0 con riaffacciarsi di qualche schiarita. Temperature minime in aumento e massime in ulteriore diminuzione.<\/p>\n<hr \/>\n<p><center><b>MARTEDI<\/b><\/center>Cielo in prevalenza nuvoloso con nuovo lieve peggioramento al pomeriggio\/sera, associato a deboli precipitazioni nevose oltre i 1300-1500 m. Temperature in generale ulteriore lieve calo a tutte le quote.<\/p>\n<p>&nbsp;<\/p>\n<hr \/>\n<p>&nbsp;<\/p>\n<p class=\"mceTemp\"><a class=\"dt-pswp-item\" href=\"https:\/\/www.radiopiu.net\/wordpress\/wp-content\/uploads\/2018\/09\/sport.jpg\" data-dt-img-description=\"\" data-large_image_width=\"800\" data-large_image_height=\"100\"><img loading=\"lazy\" decoding=\"async\" class=\"aligncenter wp-image-60761 size-full\" src=\"https:\/\/www.radiopiu.net\/wordpress\/wp-content\/uploads\/2018\/09\/sport.jpg\" alt=\"\" width=\"800\" height=\"100\" srcset=\"https:\/\/www.radiopiu.net\/wordpress\/wp-content\/uploads\/2018\/09\/sport.jpg 800w, https:\/\/www.radiopiu.net\/wordpress\/wp-content\/uploads\/2018\/09\/sport-300x38.jpg 300w, https:\/\/www.radiopiu.net\/wordpress\/wp-content\/uploads\/2018\/09\/sport-768x96.jpg 768w\" sizes=\"auto, (max-width: 800px) 100vw, 800px\" \/> <\/a><\/p>\n<p class=\"mceTemp\"><span style=\"color: #0000ff;\"><strong>\u00a0 \u00a0 \u00a0 \u00a0<\/strong><\/span><\/p>\n<p><span style=\"color: #0000ff;\"><strong>CALCIO<\/strong><\/span><\/p>\n<blockquote>\n<h3>CONTINUA LA STAGIONE PER LE SQUADRE DELL&#8217;AGORDINA CALCIO<\/h3>\n<\/blockquote>\n<p><strong><a class=\"dt-pswp-item\" href=\"https:\/\/www.radiopiu.net\/wordpress\/wp-content\/uploads\/2019\/06\/CALCIO-2019.jpg\" data-dt-img-description=\"\" data-large_image_width=\"624\" data-large_image_height=\"351\"><img loading=\"lazy\" decoding=\"async\" class=\" wp-image-88853 alignleft\" src=\"https:\/\/www.radiopiu.net\/wordpress\/wp-content\/uploads\/2019\/06\/CALCIO-2019-300x169.jpg\" alt=\"\" width=\"220\" height=\"124\" srcset=\"https:\/\/www.radiopiu.net\/wordpress\/wp-content\/uploads\/2019\/06\/CALCIO-2019-300x169.jpg 300w, https:\/\/www.radiopiu.net\/wordpress\/wp-content\/uploads\/2019\/06\/CALCIO-2019.jpg 624w\" sizes=\"auto, (max-width: 220px) 100vw, 220px\" \/><\/a>DI MARCO GAZ<\/strong><\/p>\n<p><strong>REDAZIONE<\/strong> Tornano in campo nel fine settimana le squadre dell\u2019Agordina Calcio. Cinque le partite in programma tra oggi e domani. Ad aprire le danze ci penseranno le due squadre iscritte al campionato Giovanissimi che scenderanno in campo alle 15:30. La squadra A giocher\u00e0 in trasferta contro il San Vittore mentre la squadra B sar\u00e0 all\u2019Ivano Dorigo di Agordo contro il Sois. Sempre oggi alle 18 scenderanno in campo anche i ragazzi della Juniores che giocheranno in trasferta contro il Pedavena. A chiudere le partite del settore giovanile saranno gli Allievi che domani mattina alle 10 affronteranno il Domegge in trasferta. Domani alle 14:30 sar\u00e0 il turno della prima squadra impegnata nel campionato di Terza Categoria. I ragazzi allenati da Davare saranno in trasferta ed affronteranno il Cadore. Sulla carta gli agordini sono favoriti ed escono da due vittorie consecutive. La compagine di Agordo sta racimolando punti per scalare la classifica ed agganciare la zona playoff. Domani alle 20:30 su Radio Pi\u00f9 l\u2019appuntamento settimanale con \u201cAgordina in Prima Linea\u201d, il programma calcistico che racconta il fine settimana calcistico delle squadre di Agordo.<\/p>\n<p>&nbsp;<\/p>\n<p><span style=\"color: #0000ff;\"><strong>L&#8217;INCONTRO A CORTINA<\/strong><\/span><\/p>\n<blockquote>\n<h3>FEDERICO BUFFA A CORTINA PER PARLARE DI PARALIMPIADI<\/h3>\n<\/blockquote>\n<p><strong>CORTINA <\/strong>A Cortina l\u2019evento &amp;quot;Eroi moderni\u201d con il giornalista Federico Buffa e il campione di parabob Flavio Menardi. Premiate le societ\u00e0 vincitrici del concorso \u201cMi piace di cuore\u201d. Il montepremi di 10.000 euro messo in palio da EstEnergy Gruppo Hera alle societ\u00e0 Asd Run &amp;amp; Jump, Asd Baseball Softball Club Rovigo, Asd Nuoto Pinnato Vicenza e Asd Arcieri del Castello<\/p>\n<p><strong>DI BARBARA PAOLAZZI<\/strong><\/p>\n<audio class=\"wp-audio-shortcode\" id=\"audio-438340-17\" preload=\"none\" style=\"width: 100%;\" controls=\"controls\"><source type=\"audio\/mpeg\" src=\"https:\/\/www.radiopiu.net\/wordpress\/wp-content\/uploads\/2025\/03\/PAOLAZZI-FEDERICO-BUFFA-A-CORTINA.mp3?_=17\" \/><a href=\"https:\/\/www.radiopiu.net\/wordpress\/wp-content\/uploads\/2025\/03\/PAOLAZZI-FEDERICO-BUFFA-A-CORTINA.mp3\">https:\/\/www.radiopiu.net\/wordpress\/wp-content\/uploads\/2025\/03\/PAOLAZZI-FEDERICO-BUFFA-A-CORTINA.mp3<\/a><\/audio>\n\n\t\t\t<style type='text\/css'>\n\t\t\t\t#gallery-6 {\n\t\t\t\t\tmargin: auto;\n\t\t\t\t}\n\t\t\t\t#gallery-6 .gallery-item {\n\t\t\t\t\tfloat: left;\n\t\t\t\t\tmargin-top: 10px;\n\t\t\t\t\ttext-align: center;\n\t\t\t\t\twidth: 50%;\n\t\t\t\t}\n\t\t\t\t#gallery-6 img {\n\t\t\t\t\tborder: 2px solid #cfcfcf;\n\t\t\t\t}\n\t\t\t\t#gallery-6 .gallery-caption {\n\t\t\t\t\tmargin-left: 0;\n\t\t\t\t}\n\t\t\t\t\/* see gallery_shortcode() in wp-includes\/media.php *\/\n\t\t\t<\/style>\n\t\t<div id='gallery-6' class='dt-gallery-container gallery galleryid-438340 gallery-columns-2 gallery-size-medium'><dl class='gallery-item'>\n\t\t\t\t<dt class='gallery-icon landscape'>\n\t\t\t\t\t<a class=\"rollover rollover-zoom dt-pswp-item\" title=\"8f6a10f6-e114-49d8-a483-0eef559f8aa3\" data-dt-img-description=\"\" data-large_image_width=\"1600\" data-large_image_height=\"1066\"href='https:\/\/www.radiopiu.net\/wordpress\/wp-content\/uploads\/2025\/03\/8f6a10f6-e114-49d8-a483-0eef559f8aa3.jpg'><img loading=\"lazy\" decoding=\"async\" width=\"300\" height=\"200\" src=\"https:\/\/www.radiopiu.net\/wordpress\/wp-content\/uploads\/2025\/03\/8f6a10f6-e114-49d8-a483-0eef559f8aa3-300x200.jpg\" class=\"attachment-medium size-medium\" alt=\"\" srcset=\"https:\/\/www.radiopiu.net\/wordpress\/wp-content\/uploads\/2025\/03\/8f6a10f6-e114-49d8-a483-0eef559f8aa3-300x200.jpg 300w, https:\/\/www.radiopiu.net\/wordpress\/wp-content\/uploads\/2025\/03\/8f6a10f6-e114-49d8-a483-0eef559f8aa3-1024x682.jpg 1024w, https:\/\/www.radiopiu.net\/wordpress\/wp-content\/uploads\/2025\/03\/8f6a10f6-e114-49d8-a483-0eef559f8aa3-768x512.jpg 768w, https:\/\/www.radiopiu.net\/wordpress\/wp-content\/uploads\/2025\/03\/8f6a10f6-e114-49d8-a483-0eef559f8aa3-1536x1023.jpg 1536w, https:\/\/www.radiopiu.net\/wordpress\/wp-content\/uploads\/2025\/03\/8f6a10f6-e114-49d8-a483-0eef559f8aa3.jpg 1600w\" sizes=\"auto, (max-width: 300px) 100vw, 300px\" \/><\/a>\n\t\t\t\t<\/dt><\/dl><dl class='gallery-item'>\n\t\t\t\t<dt class='gallery-icon landscape'>\n\t\t\t\t\t<a class=\"rollover rollover-zoom dt-pswp-item\" title=\"906f01c3-66f7-4548-adcd-50375714cebc\" data-dt-img-description=\"\" data-large_image_width=\"1600\" data-large_image_height=\"1066\"href='https:\/\/www.radiopiu.net\/wordpress\/wp-content\/uploads\/2025\/03\/906f01c3-66f7-4548-adcd-50375714cebc.jpg'><img loading=\"lazy\" decoding=\"async\" width=\"300\" height=\"200\" src=\"https:\/\/www.radiopiu.net\/wordpress\/wp-content\/uploads\/2025\/03\/906f01c3-66f7-4548-adcd-50375714cebc-300x200.jpg\" class=\"attachment-medium size-medium\" alt=\"\" srcset=\"https:\/\/www.radiopiu.net\/wordpress\/wp-content\/uploads\/2025\/03\/906f01c3-66f7-4548-adcd-50375714cebc-300x200.jpg 300w, https:\/\/www.radiopiu.net\/wordpress\/wp-content\/uploads\/2025\/03\/906f01c3-66f7-4548-adcd-50375714cebc-1024x682.jpg 1024w, https:\/\/www.radiopiu.net\/wordpress\/wp-content\/uploads\/2025\/03\/906f01c3-66f7-4548-adcd-50375714cebc-768x512.jpg 768w, https:\/\/www.radiopiu.net\/wordpress\/wp-content\/uploads\/2025\/03\/906f01c3-66f7-4548-adcd-50375714cebc-1536x1023.jpg 1536w, https:\/\/www.radiopiu.net\/wordpress\/wp-content\/uploads\/2025\/03\/906f01c3-66f7-4548-adcd-50375714cebc.jpg 1600w\" sizes=\"auto, (max-width: 300px) 100vw, 300px\" \/><\/a>\n\t\t\t\t<\/dt><\/dl><br style=\"clear: both\" \/>\n\t\t\t<\/div>\n\n<p>&nbsp;<\/p>\n<p>&nbsp;<\/p>\n<p><span style=\"color: #0000ff;\"><strong>CORSA CAMPESTRE<\/strong><\/span><\/p>\n<blockquote>\n<h3>AD APRILE IL CAMPIONATO NAZIONALE DI CORSA CAMPESTRE<\/h3>\n<\/blockquote>\n<p><a class=\"dt-pswp-item\" href=\"https:\/\/www.radiopiu.net\/wordpress\/wp-content\/uploads\/2025\/03\/mel_campionato_nazionale_csi-campestre_7-aprile-2018.jpg\" data-dt-img-description=\"\" data-large_image_width=\"1400\" data-large_image_height=\"932\"><img loading=\"lazy\" decoding=\"async\" class=\" wp-image-438418 alignleft\" src=\"https:\/\/www.radiopiu.net\/wordpress\/wp-content\/uploads\/2025\/03\/mel_campionato_nazionale_csi-campestre_7-aprile-2018-300x200.jpg\" alt=\"\" width=\"177\" height=\"118\" srcset=\"https:\/\/www.radiopiu.net\/wordpress\/wp-content\/uploads\/2025\/03\/mel_campionato_nazionale_csi-campestre_7-aprile-2018-300x200.jpg 300w, https:\/\/www.radiopiu.net\/wordpress\/wp-content\/uploads\/2025\/03\/mel_campionato_nazionale_csi-campestre_7-aprile-2018-1024x682.jpg 1024w, https:\/\/www.radiopiu.net\/wordpress\/wp-content\/uploads\/2025\/03\/mel_campionato_nazionale_csi-campestre_7-aprile-2018-768x511.jpg 768w, https:\/\/www.radiopiu.net\/wordpress\/wp-content\/uploads\/2025\/03\/mel_campionato_nazionale_csi-campestre_7-aprile-2018.jpg 1400w\" sizes=\"auto, (max-width: 177px) 100vw, 177px\" \/><\/a>Il Campionato nazionale di corsa campestre 2025 del Centro Sportivo Italiano si terr\u00e0 a Mel di Borgo Valbelluna dal 4 al 6 aprile, con oltre 2.000 concorrenti. L\u2019evento \u00e8 organizzato dal Comitato Csi di Belluno e dal Gs La Piave 2000, che festeggia i 25 anni di attivit\u00e0. La manifestazione coinvolger\u00e0 atleti di tutte le et\u00e0, dagli Esordienti ai Veterani. Venerd\u00ec 4 aprile saranno previsti gli arrivi e le operazioni di accredito. Sabato 5 aprile si terranno le gare di corsa campestre presso gli impianti sportivi \u201cLa Lora\u201d, a partire dalle 9:30. Domenica 6 aprile si svolger\u00e0 la Staffetta delle Regioni, con partenza e arrivo in piazza Papa Luciani. L\u2019evento \u00e8 frutto di mesi di preparazione da parte degli organizzatori. Il Campionato torna a Mel dopo sette anni, essendo gi\u00e0 stato ospitato nel 2018.<\/p>\n<p>&nbsp;<\/p>\n<p><span style=\"color: #0000ff;\"><strong>HOCKEY SU GHIACCIO<\/strong><\/span><\/p>\n<h2><span style=\"color: #ff0000;\">DOMENICA AD ALLEGHE LA CIVETTA CUP UNDER 8<\/span><\/h2>\n<p><strong><a class=\"dt-pswp-item\" href=\"https:\/\/www.radiopiu.net\/wordpress\/wp-content\/uploads\/2021\/03\/hockey-giovanile.jpg\" data-dt-img-description=\"\" data-large_image_width=\"1280\" data-large_image_height=\"968\"><img loading=\"lazy\" decoding=\"async\" class=\" wp-image-198307 alignleft\" src=\"https:\/\/www.radiopiu.net\/wordpress\/wp-content\/uploads\/2021\/03\/hockey-giovanile-300x227.jpg\" alt=\"\" width=\"186\" height=\"141\" srcset=\"https:\/\/www.radiopiu.net\/wordpress\/wp-content\/uploads\/2021\/03\/hockey-giovanile-300x227.jpg 300w, https:\/\/www.radiopiu.net\/wordpress\/wp-content\/uploads\/2021\/03\/hockey-giovanile-1024x774.jpg 1024w, https:\/\/www.radiopiu.net\/wordpress\/wp-content\/uploads\/2021\/03\/hockey-giovanile-768x581.jpg 768w, https:\/\/www.radiopiu.net\/wordpress\/wp-content\/uploads\/2021\/03\/hockey-giovanile.jpg 1280w\" sizes=\"auto, (max-width: 186px) 100vw, 186px\" \/><\/a>DI MARCO GAZ<\/strong><\/p>\n<p>OSPITE: Alberto Fontanive<\/p>\n<audio class=\"wp-audio-shortcode\" id=\"audio-438340-18\" preload=\"none\" style=\"width: 100%;\" controls=\"controls\"><source type=\"audio\/mpeg\" src=\"https:\/\/www.radiopiu.net\/wordpress\/wp-content\/uploads\/2025\/03\/ALBERTO-FONTANIVE-TORNEO-UNDER-8-DOMENICA.mp3?_=18\" \/><a href=\"https:\/\/www.radiopiu.net\/wordpress\/wp-content\/uploads\/2025\/03\/ALBERTO-FONTANIVE-TORNEO-UNDER-8-DOMENICA.mp3\">https:\/\/www.radiopiu.net\/wordpress\/wp-content\/uploads\/2025\/03\/ALBERTO-FONTANIVE-TORNEO-UNDER-8-DOMENICA.mp3<\/a><\/audio>\n<p>&nbsp;<\/p>\n<p><span style=\"color: #0000ff;\"><strong>SCI ALPINO<\/strong><\/span><\/p>\n<blockquote>\n<h3>AD ALLEGHE IL TROFEO DEBORA NARDI &#8211; FABRIZIO BASSOT<\/h3>\n<\/blockquote>\n<p><strong>ALLEGHE<\/strong> E&#8217; andato in scena sulle piste di Alleghe il Trofeo Debora Nardi &#8211; Fabrizio Bassot, un gara di gigante a ricordo delle due promesse dello sci alpino scomparse nel 2005 e nel 2011. Lorenzo Salvati si \u00e8 aggiudicato la gara maschile mentre in ambito femminile la vittoria \u00e8 andata a Elena Grumer<\/p>\n<p><span style=\"color: #ff0000;\"><strong>LE CLASSIFICHE\u00a0<\/strong><\/span><\/p>\n<p><strong>MASCHILE (<a href=\"https:\/\/www.radiopiu.net\/wordpress\/wp-content\/uploads\/2025\/03\/Classifica-ufficialeMAS07.03.pdf\"><span style=\"color: #3366ff;\">CLICCA QUI<\/span><\/a>), FEMMINILE (<a href=\"https:\/\/www.radiopiu.net\/wordpress\/wp-content\/uploads\/2025\/03\/Classifica-ufficialeFEM07.03.pdf\"><span style=\"color: #3366ff;\">CLICCA QUI<\/span><\/a>)<\/strong><\/p>\n<p><strong>LE FOTO DI ILARIO RIVA (FOTORIVA)<\/strong><\/p>\n\n\t\t\t<style type='text\/css'>\n\t\t\t\t#gallery-7 {\n\t\t\t\t\tmargin: auto;\n\t\t\t\t}\n\t\t\t\t#gallery-7 .gallery-item {\n\t\t\t\t\tfloat: left;\n\t\t\t\t\tmargin-top: 10px;\n\t\t\t\t\ttext-align: center;\n\t\t\t\t\twidth: 20%;\n\t\t\t\t}\n\t\t\t\t#gallery-7 img {\n\t\t\t\t\tborder: 2px solid #cfcfcf;\n\t\t\t\t}\n\t\t\t\t#gallery-7 .gallery-caption {\n\t\t\t\t\tmargin-left: 0;\n\t\t\t\t}\n\t\t\t\t\/* see gallery_shortcode() in wp-includes\/media.php *\/\n\t\t\t<\/style>\n\t\t<div id='gallery-7' class='dt-gallery-container gallery galleryid-438340 gallery-columns-5 gallery-size-thumbnail'><dl class='gallery-item'>\n\t\t\t\t<dt class='gallery-icon landscape'>\n\t\t\t\t\t<a class=\"rollover rollover-zoom dt-pswp-item\" title=\"2cf3dfaf-4ed9-449b-9b78-ed231d7cc8a0\" data-dt-img-description=\"\" data-large_image_width=\"1600\" data-large_image_height=\"1200\"href='https:\/\/www.radiopiu.net\/wordpress\/wp-content\/uploads\/2025\/03\/2cf3dfaf-4ed9-449b-9b78-ed231d7cc8a0.jpg'><img loading=\"lazy\" decoding=\"async\" width=\"150\" height=\"150\" src=\"https:\/\/www.radiopiu.net\/wordpress\/wp-content\/uploads\/2025\/03\/2cf3dfaf-4ed9-449b-9b78-ed231d7cc8a0-150x150.jpg\" class=\"attachment-thumbnail size-thumbnail\" alt=\"\" \/><\/a>\n\t\t\t\t<\/dt><\/dl><dl class='gallery-item'>\n\t\t\t\t<dt class='gallery-icon landscape'>\n\t\t\t\t\t<a class=\"rollover rollover-zoom dt-pswp-item\" title=\"2d26d396-e490-401f-a4ed-3aa30a040fff\" data-dt-img-description=\"\" data-large_image_width=\"1600\" data-large_image_height=\"1200\"href='https:\/\/www.radiopiu.net\/wordpress\/wp-content\/uploads\/2025\/03\/2d26d396-e490-401f-a4ed-3aa30a040fff.jpg'><img loading=\"lazy\" decoding=\"async\" width=\"150\" height=\"150\" src=\"https:\/\/www.radiopiu.net\/wordpress\/wp-content\/uploads\/2025\/03\/2d26d396-e490-401f-a4ed-3aa30a040fff-150x150.jpg\" class=\"attachment-thumbnail size-thumbnail\" alt=\"\" \/><\/a>\n\t\t\t\t<\/dt><\/dl><dl class='gallery-item'>\n\t\t\t\t<dt class='gallery-icon landscape'>\n\t\t\t\t\t<a class=\"rollover rollover-zoom dt-pswp-item\" title=\"486dcfe4-2d3d-4646-b9da-ae7946dd9529\" data-dt-img-description=\"\" data-large_image_width=\"1600\" data-large_image_height=\"1200\"href='https:\/\/www.radiopiu.net\/wordpress\/wp-content\/uploads\/2025\/03\/486dcfe4-2d3d-4646-b9da-ae7946dd9529.jpg'><img loading=\"lazy\" decoding=\"async\" width=\"150\" height=\"150\" src=\"https:\/\/www.radiopiu.net\/wordpress\/wp-content\/uploads\/2025\/03\/486dcfe4-2d3d-4646-b9da-ae7946dd9529-150x150.jpg\" class=\"attachment-thumbnail size-thumbnail\" alt=\"\" \/><\/a>\n\t\t\t\t<\/dt><\/dl><dl class='gallery-item'>\n\t\t\t\t<dt class='gallery-icon landscape'>\n\t\t\t\t\t<a class=\"rollover rollover-zoom dt-pswp-item\" title=\"566fcc77-bbb3-470f-8e01-a08b834e9ce7\" data-dt-img-description=\"\" data-large_image_width=\"1600\" data-large_image_height=\"1200\"href='https:\/\/www.radiopiu.net\/wordpress\/wp-content\/uploads\/2025\/03\/566fcc77-bbb3-470f-8e01-a08b834e9ce7.jpg'><img loading=\"lazy\" decoding=\"async\" width=\"150\" height=\"150\" src=\"https:\/\/www.radiopiu.net\/wordpress\/wp-content\/uploads\/2025\/03\/566fcc77-bbb3-470f-8e01-a08b834e9ce7-150x150.jpg\" class=\"attachment-thumbnail size-thumbnail\" alt=\"\" \/><\/a>\n\t\t\t\t<\/dt><\/dl><dl class='gallery-item'>\n\t\t\t\t<dt class='gallery-icon portrait'>\n\t\t\t\t\t<a class=\"rollover rollover-zoom dt-pswp-item\" title=\"0737bf9e-5155-4b85-a22b-402a0345845e\" data-dt-img-description=\"\" data-large_image_width=\"1200\" data-large_image_height=\"1600\"href='https:\/\/www.radiopiu.net\/wordpress\/wp-content\/uploads\/2025\/03\/0737bf9e-5155-4b85-a22b-402a0345845e.jpg'><img loading=\"lazy\" decoding=\"async\" width=\"150\" height=\"150\" src=\"https:\/\/www.radiopiu.net\/wordpress\/wp-content\/uploads\/2025\/03\/0737bf9e-5155-4b85-a22b-402a0345845e-150x150.jpg\" class=\"attachment-thumbnail size-thumbnail\" alt=\"\" \/><\/a>\n\t\t\t\t<\/dt><\/dl><br style=\"clear: both\" \/><dl class='gallery-item'>\n\t\t\t\t<dt class='gallery-icon landscape'>\n\t\t\t\t\t<a class=\"rollover rollover-zoom dt-pswp-item\" title=\"1849e4f4-699d-417e-8ca2-c9b4a61bacdc\" data-dt-img-description=\"\" data-large_image_width=\"1600\" data-large_image_height=\"1200\"href='https:\/\/www.radiopiu.net\/wordpress\/wp-content\/uploads\/2025\/03\/1849e4f4-699d-417e-8ca2-c9b4a61bacdc.jpg'><img loading=\"lazy\" decoding=\"async\" width=\"150\" height=\"150\" src=\"https:\/\/www.radiopiu.net\/wordpress\/wp-content\/uploads\/2025\/03\/1849e4f4-699d-417e-8ca2-c9b4a61bacdc-150x150.jpg\" class=\"attachment-thumbnail size-thumbnail\" alt=\"\" \/><\/a>\n\t\t\t\t<\/dt><\/dl><dl class='gallery-item'>\n\t\t\t\t<dt class='gallery-icon portrait'>\n\t\t\t\t\t<a class=\"rollover rollover-zoom dt-pswp-item\" title=\"8475dceb-d4b7-4c04-a9cd-4a94646c6f33\" data-dt-img-description=\"\" data-large_image_width=\"1200\" data-large_image_height=\"1600\"href='https:\/\/www.radiopiu.net\/wordpress\/wp-content\/uploads\/2025\/03\/8475dceb-d4b7-4c04-a9cd-4a94646c6f33.jpg'><img loading=\"lazy\" decoding=\"async\" width=\"150\" height=\"150\" src=\"https:\/\/www.radiopiu.net\/wordpress\/wp-content\/uploads\/2025\/03\/8475dceb-d4b7-4c04-a9cd-4a94646c6f33-150x150.jpg\" class=\"attachment-thumbnail size-thumbnail\" alt=\"\" \/><\/a>\n\t\t\t\t<\/dt><\/dl><dl class='gallery-item'>\n\t\t\t\t<dt class='gallery-icon landscape'>\n\t\t\t\t\t<a class=\"rollover rollover-zoom dt-pswp-item\" title=\"507241f2-207c-4b70-927d-c81a0d0fdb8f\" data-dt-img-description=\"\" data-large_image_width=\"1600\" data-large_image_height=\"1200\"href='https:\/\/www.radiopiu.net\/wordpress\/wp-content\/uploads\/2025\/03\/507241f2-207c-4b70-927d-c81a0d0fdb8f.jpg'><img loading=\"lazy\" decoding=\"async\" width=\"150\" height=\"150\" src=\"https:\/\/www.radiopiu.net\/wordpress\/wp-content\/uploads\/2025\/03\/507241f2-207c-4b70-927d-c81a0d0fdb8f-150x150.jpg\" class=\"attachment-thumbnail size-thumbnail\" alt=\"\" \/><\/a>\n\t\t\t\t<\/dt><\/dl><dl class='gallery-item'>\n\t\t\t\t<dt class='gallery-icon landscape'>\n\t\t\t\t\t<a class=\"rollover rollover-zoom dt-pswp-item\" title=\"c2b29ae4-7b13-4ef1-be0a-01323c347ef1\" data-dt-img-description=\"\" data-large_image_width=\"1600\" data-large_image_height=\"1200\"href='https:\/\/www.radiopiu.net\/wordpress\/wp-content\/uploads\/2025\/03\/c2b29ae4-7b13-4ef1-be0a-01323c347ef1.jpg'><img loading=\"lazy\" decoding=\"async\" width=\"150\" height=\"150\" src=\"https:\/\/www.radiopiu.net\/wordpress\/wp-content\/uploads\/2025\/03\/c2b29ae4-7b13-4ef1-be0a-01323c347ef1-150x150.jpg\" class=\"attachment-thumbnail size-thumbnail\" alt=\"\" \/><\/a>\n\t\t\t\t<\/dt><\/dl><dl class='gallery-item'>\n\t\t\t\t<dt class='gallery-icon landscape'>\n\t\t\t\t\t<a class=\"rollover rollover-zoom dt-pswp-item\" title=\"d32876e1-c900-4ec3-a54a-a1d1bf977ef1\" data-dt-img-description=\"\" data-large_image_width=\"1600\" data-large_image_height=\"1200\"href='https:\/\/www.radiopiu.net\/wordpress\/wp-content\/uploads\/2025\/03\/d32876e1-c900-4ec3-a54a-a1d1bf977ef1.jpg'><img loading=\"lazy\" decoding=\"async\" width=\"150\" height=\"150\" src=\"https:\/\/www.radiopiu.net\/wordpress\/wp-content\/uploads\/2025\/03\/d32876e1-c900-4ec3-a54a-a1d1bf977ef1-150x150.jpg\" class=\"attachment-thumbnail size-thumbnail\" alt=\"\" \/><\/a>\n\t\t\t\t<\/dt><\/dl><br style=\"clear: both\" \/>\n\t\t\t<\/div>\n\n<p>&nbsp;<\/p>\n<p>&nbsp;<\/p>\n<p>&nbsp;<\/p>\n<p>&nbsp;<\/p>\n<p>&nbsp;<\/p>\n","protected":false},"excerpt":{"rendered":"<p>********* &nbsp; LA\u00a0 APP PER IOS-IPHONE di Nicola Vettorello https:\/\/apps.apple.com\/it\/app\/radio-pi%C3%B9-emittente-agordina\/id1515939845 LA\u00a0 APP RADIO\u00a0 PER ANDROID di Nicola Vettorello https:\/\/play.google.com\/store\/apps\/details?id=net.radiopiu.iniko\u00a0\u00a0\u00a0\u00a0 \u00a0 FELICE FESTA DELLA DONNA.. ALLE NOSTRE DONNE DI RADIOPIU Alessia, Tiziana, Brunella,\u00a0 Claudia, Liana, Luisa Manfroi e Alchini, Mariarosa, Marina, Paola,\u00a0 SIlvia, Morena, Giuliana, Monica&#8230; &nbsp; DEDICATO A TUTTE LE DONNE DI JOHN FRANCIS DELLA&hellip;<\/p>\n","protected":false},"author":4,"featured_media":438532,"comment_status":"closed","ping_status":"closed","sticky":false,"template":"","format":"standard","meta":{"_monsterinsights_skip_tracking":false,"_monsterinsights_sitenote_active":false,"_monsterinsights_sitenote_note":"","_monsterinsights_sitenote_category":0,"footnotes":""},"categories":[51,86,49],"tags":[],"class_list":["post-438340","post","type-post","status-publish","format-standard","has-post-thumbnail","hentry","category-evidenza-top","category-gr","category-news-18","category-51","category-86","category-49","description-off"],"img_url":"https:\/\/www.radiopiu.net\/wordpress\/wp-content\/uploads\/2025\/03\/053719c4-f44a-4a5f-ae5c-ca2931d34236.webp","_links":{"self":[{"href":"https:\/\/www.radiopiu.net\/wordpress\/wp-json\/wp\/v2\/posts\/438340","targetHints":{"allow":["GET"]}}],"collection":[{"href":"https:\/\/www.radiopiu.net\/wordpress\/wp-json\/wp\/v2\/posts"}],"about":[{"href":"https:\/\/www.radiopiu.net\/wordpress\/wp-json\/wp\/v2\/types\/post"}],"author":[{"embeddable":true,"href":"https:\/\/www.radiopiu.net\/wordpress\/wp-json\/wp\/v2\/users\/4"}],"replies":[{"embeddable":true,"href":"https:\/\/www.radiopiu.net\/wordpress\/wp-json\/wp\/v2\/comments?post=438340"}],"version-history":[{"count":38,"href":"https:\/\/www.radiopiu.net\/wordpress\/wp-json\/wp\/v2\/posts\/438340\/revisions"}],"predecessor-version":[{"id":438600,"href":"https:\/\/www.radiopiu.net\/wordpress\/wp-json\/wp\/v2\/posts\/438340\/revisions\/438600"}],"wp:featuredmedia":[{"embeddable":true,"href":"https:\/\/www.radiopiu.net\/wordpress\/wp-json\/wp\/v2\/media\/438532"}],"wp:attachment":[{"href":"https:\/\/www.radiopiu.net\/wordpress\/wp-json\/wp\/v2\/media?parent=438340"}],"wp:term":[{"taxonomy":"category","embeddable":true,"href":"https:\/\/www.radiopiu.net\/wordpress\/wp-json\/wp\/v2\/categories?post=438340"},{"taxonomy":"post_tag","embeddable":true,"href":"https:\/\/www.radiopiu.net\/wordpress\/wp-json\/wp\/v2\/tags?post=438340"}],"curies":[{"name":"wp","href":"https:\/\/api.w.org\/{rel}","templated":true}]}}