{"id":438353,"date":"2025-03-07T05:39:00","date_gmt":"2025-03-07T04:39:00","guid":{"rendered":"https:\/\/www.radiopiu.net\/wordpress\/?p=438353"},"modified":"2025-03-07T07:55:45","modified_gmt":"2025-03-07T06:55:45","slug":"vai-piano-il-tutor-ti-osserva-e-ti-stanga","status":"publish","type":"post","link":"https:\/\/www.radiopiu.net\/wordpress\/vai-piano-il-tutor-ti-osserva-e-ti-stanga\/","title":{"rendered":"Vai piano, il tutor ti osserva. E ti stanga."},"content":{"rendered":"<p>**<\/p>\n<blockquote>\n<h2><em><img loading=\"lazy\" decoding=\"async\" class=\"alignleft\" src=\"https:\/\/www.radiopiu.net\/wordpress\/wp-content\/uploads\/2025\/02\/hq720.jpg\" width=\"316\" height=\"178\" \/>Lungo l&#8217;autostrada A27&#8230; quella che porta a Cortina e alle Olimpiadi, quella che e&#8217; sempre un cantiere di lavoro con lunghe code e continui disagi. Sono continue le lamentele, dei pendolari quotidiani soprattutto<\/em><\/h2>\n<\/blockquote>\n<div class=\"flex max-w-full flex-col flex-grow\">\n<div class=\"min-h-8 text-message relative flex w-full flex-col items-end gap-2 whitespace-normal break-words text-start [.text-message+&amp;]:mt-5\" dir=\"auto\" data-message-author-role=\"assistant\" data-message-id=\"3ae21f67-1466-47d9-97d9-128d8dec037c\" data-message-model-slug=\"gpt-4o-mini\">\n<div class=\"flex w-full flex-col gap-1 empty:hidden first:pt-[3px]\">\n<div class=\"markdown prose w-full break-words dark:prose-invert dark\">\n<p data-start=\"50\" data-end=\"651\" data-is-last-node=\"\" data-is-only-node=\"\">Da oggi, lungo l&#8217;autostrada A27, entrano in funzione i varchi elettronici per il controllo della velocit\u00e0 media. Posizionati in cinque tratti, faranno scattare sanzioni automatiche per chi superer\u00e0 i 130 km\/h. Il sistema &#8220;tutor 3.0&#8221; monitora la velocit\u00e0 media tra due portali, rilevando il passaggio dei veicoli e calcolando il tempo impiegato per percorrere il tratto. Se il veicolo \u00e8 troppo veloce, scatta l&#8217;infrazione. Questo sistema, introdotto nel 2005, \u00e8 considerato pi\u00f9 preciso rispetto agli autovelox, ed \u00e8 stato installato in risposta all\u2019alto numero di eccessi di velocit\u00e0 registrati in A27.<\/p>\n<\/div>\n<\/div>\n<\/div>\n<\/div>\n<p data-start=\"50\" data-end=\"651\" data-is-last-node=\"\" data-is-only-node=\"\">Tra il 2021 e il 2024, fa sapere la polizia stradale di Treviso, sono stati rilevati quasi tremila eccessi di velocit\u00e0 in A27 da parte delle pattuglie con l&#8217;utilizzo del &#8220;trucam&#8221;, telelaser ad alta risoluzione.<\/p>\n<p data-start=\"50\" data-end=\"651\" data-is-last-node=\"\" data-is-only-node=\"\"><strong>I nuovi tutor per il controllo della velocit\u00e0 media lungo l&#8217;autostrada A27 entreranno in funzione progressivamente a partire da venerd\u00ec. Tre di essi monitoreranno la direzione Nord (da Venezia a Belluno), rispettivamente tra Treviso Sud e Treviso Nord, tra Treviso Nord e l&#8217;allacciamento con la Pedemontana Veneta, e tra Vittorio Veneto e Fadalto. Per chi scende verso Venezia, i tutor si troveranno tra Treviso Nord e Treviso Sud, e tra Treviso Sud e l&#8217;autostrada A4. I tutor della direzione Nord potrebbero attivarsi gi\u00e0 dal 7 marzo, mentre gli altri saranno attivi entro 10-15 giorni.<\/p>\n<p><span style=\"color: #ff0000;\">SPECIALE OGGI SUL CORRIERE DELLE ALPI, DI FABIO POLONI\u00a0<\/span><\/strong><\/p>\n\n\t\t\t<style type='text\/css'>\n\t\t\t\t#gallery-1 {\n\t\t\t\t\tmargin: auto;\n\t\t\t\t}\n\t\t\t\t#gallery-1 .gallery-item {\n\t\t\t\t\tfloat: left;\n\t\t\t\t\tmargin-top: 10px;\n\t\t\t\t\ttext-align: center;\n\t\t\t\t\twidth: 33%;\n\t\t\t\t}\n\t\t\t\t#gallery-1 img {\n\t\t\t\t\tborder: 2px solid #cfcfcf;\n\t\t\t\t}\n\t\t\t\t#gallery-1 .gallery-caption {\n\t\t\t\t\tmargin-left: 0;\n\t\t\t\t}\n\t\t\t\t\/* see gallery_shortcode() in wp-includes\/media.php *\/\n\t\t\t<\/style>\n\t\t<div id='gallery-1' class='dt-gallery-container gallery galleryid-438353 gallery-columns-3 gallery-size-full'><dl class='gallery-item'>\n\t\t\t\t<dt class='gallery-icon landscape'>\n\t\t\t\t\t<a class=\"rollover rollover-zoom dt-pswp-item\" title=\"Senza nome (1)\" data-dt-img-description=\"\" data-large_image_width=\"966\" data-large_image_height=\"797\"href='https:\/\/www.radiopiu.net\/wordpress\/wp-content\/uploads\/2025\/03\/Senza-nome-1-1.png'><img loading=\"lazy\" decoding=\"async\" width=\"966\" height=\"797\" src=\"https:\/\/www.radiopiu.net\/wordpress\/wp-content\/uploads\/2025\/03\/Senza-nome-1-1.png\" class=\"attachment-full size-full\" alt=\"\" srcset=\"https:\/\/www.radiopiu.net\/wordpress\/wp-content\/uploads\/2025\/03\/Senza-nome-1-1.png 966w, https:\/\/www.radiopiu.net\/wordpress\/wp-content\/uploads\/2025\/03\/Senza-nome-1-1-300x248.png 300w, https:\/\/www.radiopiu.net\/wordpress\/wp-content\/uploads\/2025\/03\/Senza-nome-1-1-768x634.png 768w\" sizes=\"auto, (max-width: 966px) 100vw, 966px\" \/><\/a>\n\t\t\t\t<\/dt><\/dl><dl class='gallery-item'>\n\t\t\t\t<dt class='gallery-icon landscape'>\n\t\t\t\t\t<a class=\"rollover rollover-zoom dt-pswp-item\" title=\"COOP1\" data-dt-img-description=\"\" data-large_image_width=\"540\" data-large_image_height=\"222\"href='https:\/\/www.radiopiu.net\/wordpress\/wp-content\/uploads\/2025\/03\/COOP1-4.png'><img loading=\"lazy\" decoding=\"async\" width=\"540\" height=\"222\" src=\"https:\/\/www.radiopiu.net\/wordpress\/wp-content\/uploads\/2025\/03\/COOP1-4.png\" class=\"attachment-full size-full\" alt=\"\" srcset=\"https:\/\/www.radiopiu.net\/wordpress\/wp-content\/uploads\/2025\/03\/COOP1-4.png 540w, https:\/\/www.radiopiu.net\/wordpress\/wp-content\/uploads\/2025\/03\/COOP1-4-300x123.png 300w\" sizes=\"auto, (max-width: 540px) 100vw, 540px\" \/><\/a>\n\t\t\t\t<\/dt><\/dl>\n\t\t\t\t<br style='clear: both' \/>\n\t\t\t<\/div>\n\n<hr \/>\n<div class=\"mb-2 flex gap-3 -ml-2\" tabindex=\"0\">\n<div class=\"items-center justify-start rounded-xl p-1 flex\">\n<div class=\"flex items-center\">\n<div class=\"flex items-center pb-0\"><\/div>\n<\/div>\n<\/div>\n<\/div>\n","protected":false},"excerpt":{"rendered":"<p>** Lungo l&#8217;autostrada A27&#8230; quella che porta a Cortina e alle Olimpiadi, quella che e&#8217; sempre un cantiere di lavoro con lunghe code e continui disagi. Sono continue le lamentele, dei pendolari quotidiani soprattutto Da oggi, lungo l&#8217;autostrada A27, entrano in funzione i varchi elettronici per il controllo della velocit\u00e0 media. Posizionati in cinque tratti,&hellip;<\/p>\n","protected":false},"author":4,"featured_media":435255,"comment_status":"closed","ping_status":"closed","sticky":false,"template":"","format":"standard","meta":{"_monsterinsights_skip_tracking":false,"_monsterinsights_sitenote_active":false,"_monsterinsights_sitenote_note":"","_monsterinsights_sitenote_category":0,"footnotes":""},"categories":[51,49],"tags":[],"class_list":["post-438353","post","type-post","status-publish","format-standard","has-post-thumbnail","hentry","category-evidenza-top","category-news-18","category-51","category-49","description-off"],"img_url":"https:\/\/www.radiopiu.net\/wordpress\/wp-content\/uploads\/2025\/02\/hq720.jpg","_links":{"self":[{"href":"https:\/\/www.radiopiu.net\/wordpress\/wp-json\/wp\/v2\/posts\/438353","targetHints":{"allow":["GET"]}}],"collection":[{"href":"https:\/\/www.radiopiu.net\/wordpress\/wp-json\/wp\/v2\/posts"}],"about":[{"href":"https:\/\/www.radiopiu.net\/wordpress\/wp-json\/wp\/v2\/types\/post"}],"author":[{"embeddable":true,"href":"https:\/\/www.radiopiu.net\/wordpress\/wp-json\/wp\/v2\/users\/4"}],"replies":[{"embeddable":true,"href":"https:\/\/www.radiopiu.net\/wordpress\/wp-json\/wp\/v2\/comments?post=438353"}],"version-history":[{"count":6,"href":"https:\/\/www.radiopiu.net\/wordpress\/wp-json\/wp\/v2\/posts\/438353\/revisions"}],"predecessor-version":[{"id":438400,"href":"https:\/\/www.radiopiu.net\/wordpress\/wp-json\/wp\/v2\/posts\/438353\/revisions\/438400"}],"wp:featuredmedia":[{"embeddable":true,"href":"https:\/\/www.radiopiu.net\/wordpress\/wp-json\/wp\/v2\/media\/435255"}],"wp:attachment":[{"href":"https:\/\/www.radiopiu.net\/wordpress\/wp-json\/wp\/v2\/media?parent=438353"}],"wp:term":[{"taxonomy":"category","embeddable":true,"href":"https:\/\/www.radiopiu.net\/wordpress\/wp-json\/wp\/v2\/categories?post=438353"},{"taxonomy":"post_tag","embeddable":true,"href":"https:\/\/www.radiopiu.net\/wordpress\/wp-json\/wp\/v2\/tags?post=438353"}],"curies":[{"name":"wp","href":"https:\/\/api.w.org\/{rel}","templated":true}]}}